{"id":14036,"date":"2013-03-09T23:28:38","date_gmt":"2013-03-09T22:28:38","guid":{"rendered":"http:\/\/www.aclanester56.com\/velo\/?p=14036"},"modified":"2013-12-22T00:11:44","modified_gmt":"2013-12-21T22:11:44","slug":"les-cadets-lanesteriens-se-distinguent-sur-la-detection-du-cd-56","status":"publish","type":"post","link":"https:\/\/www.aclanester56.com\/velo\/les-cadets-lanesteriens-se-distinguent-sur-la-detection-du-cd-56\/","title":{"rendered":"Les cadets lanest\u00e9riens se distinguent sur la d\u00e9tection du CD 56 !"},"content":{"rendered":"<p style=\"text-align: justify;\"><!--more--><\/p>\n<p style=\"text-align: justify;\">Cinq coureurs de l&rsquo;AC Lanester 56 \u00e9taient pr\u00e9sents jeudi dernier sur le v\u00e9lodrome de Plouay pour le programme de d\u00e9tection du Comit\u00e9 du Morbihan et ont r\u00e9alis\u00e9 des tests tr\u00e8s int\u00e9ressants.<\/p>\n<p>\u00a0<span style=\"color: #ff6600;\"><strong>D&rsquo;excellents temps sur le 3000 m !<\/strong><\/span><\/p>\n<p style=\"text-align: justify;\">En effet, le Lanest\u00e9rien Thomas Denis s&rsquo;est particuli\u00e8rement illustr\u00e9 en r\u00e9alisant les meilleures performances sur les trois exercices propos\u00e9s : le 60 m, le 200m et le 3000m. Sur cette derni\u00e8re \u00e9preuve, qui repr\u00e9sente l&rsquo;exercice de r\u00e9f\u00e9rence dans ce genre de test, les soci\u00e9taires de l&rsquo;AC Lanester 56 (Thomas Denis, Benjamin Duval, Victor Le Crom, Alexandre Rio et Nathan Andr\u00e9) ont r\u00e9alis\u00e9 de belles performances puisque ils se placent tous les cinq dans le top 15 des meilleurs temps parmi les 41 participants, dont quatre d&rsquo;entre eux parmi les sept meilleurs temps !<\/p>\n<p style=\"text-align: justify;\"><span style=\"color: #ff6600;\"><strong>Le travail hivernal devrait porter ses fruits<\/strong><\/span><\/p>\n<p style=\"text-align: justify;\">A l&rsquo;entame de la saison sur route chez les cadets, ces premiers tests montrent que tout le travail r\u00e9alis\u00e9 par les \u00e9ducateurs cet hiver aupr\u00e8s des jeunes coureurs, dans des conditions climatiques souvent difficiles, porte ses fruits. Jean-Marc Morvan f\u00e9licite l&rsquo;ensemble des\u00a0entra\u00eeneurs\u00a0en pr\u00e9cisant que \u00ab\u00a0<em><strong>cette ann\u00e9e,\u00a0<\/strong><\/em><em><strong>le travail hivernal a <em><strong>encore\u00a0<\/strong><\/em>\u00e9t\u00e9 bien fait et que les r\u00e9sultats devraient suivre<\/strong><\/em>\u00ab\u00a0.<\/p>\n<p style=\"text-align: justify;\"><span style=\"color: #ff6600;\"><strong>Les performances et les classements des Lanest\u00e9riens :<\/strong><\/span><\/p>\n<p><span style=\"text-decoration: underline;\"><strong>60 m :<\/strong><\/span><br \/> DENIS Thomas 7.84 (1er)<br \/> LE CROM Victor 8.32 (14\u00e8me)<br \/> DUVAL Benjamin 8.44 (16\u00e8me)<br \/> ANDRE Nathan 8.78 (31\u00e8me)<br \/> RIO Alexandre 9.28 (38\u00e8me)<\/p>\n<p><span style=\"text-decoration: underline;\"><strong>200 m :<\/strong><\/span><br \/> DENIS Thomas 13.50 (1er)<br \/> DUVAL Benjamin 13.81 (4\u00e8me)<br \/> RIO Alexandre 14.34 (15\u00e8me)<br \/> LE CROM Victor 15.40 (31\u00e8me)<br \/> ANDRE Nathan 16.00 (37\u00e8me)<\/p>\n<p><span style=\"text-decoration: underline;\"><strong>3000 m :<\/strong><\/span><br \/> DENIS Thomas 4&rsquo;25\u00a0\u00bb (1er)<br \/> DUVAL Benjamin 4&rsquo;35\u00a0\u00bb (2\u00e8me)<br \/> LE CROM Victor 4&rsquo;43\u00a0\u00bb (5\u00e8me)<br \/> RIO Alexandre 4&rsquo;45\u00a0\u00bb (6\u00e8me)<br \/> ANDRE Nathan 4&rsquo;55\u00a0\u00bb (15\u00e8me)<\/p>\n<p><em><strong>Remerciements \u00e0 J-M Morvan et M. Denis.<\/strong><\/em><\/p>\n","protected":false},"excerpt":{"rendered":"","protected":false},"author":14,"featured_media":14038,"comment_status":"open","ping_status":"closed","sticky":false,"template":"","format":"standard","meta":{"ngg_post_thumbnail":0,"footnotes":""},"categories":[5,22],"tags":[],"class_list":["post-14036","post","type-post","status-publish","format-standard","has-post-thumbnail","hentry","category-ac-lanester-56","category-resultats-cadets"],"yoast_head":"<!-- This site is optimized with the Yoast SEO plugin v27.5 - https:\/\/yoast.com\/product\/yoast-seo-wordpress\/ -->\n<title>Les cadets lanest\u00e9riens se distinguent sur la d\u00e9tection du CD 56 ! - Avenir Cycliste Lanester 56<\/title>\n<meta name=\"robots\" content=\"index, follow, max-snippet:-1, max-image-preview:large, max-video-preview:-1\" \/>\n<link rel=\"canonical\" href=\"https:\/\/www.aclanester56.com\/velo\/les-cadets-lanesteriens-se-distinguent-sur-la-detection-du-cd-56\/\" \/>\n<meta property=\"og:locale\" content=\"fr_FR\" \/>\n<meta property=\"og:type\" content=\"article\" \/>\n<meta property=\"og:title\" content=\"Les cadets lanest\u00e9riens se distinguent sur la d\u00e9tection du CD 56 ! - Avenir Cycliste Lanester 56\" \/>\n<meta property=\"og:url\" content=\"https:\/\/www.aclanester56.com\/velo\/les-cadets-lanesteriens-se-distinguent-sur-la-detection-du-cd-56\/\" \/>\n<meta property=\"og:site_name\" content=\"Avenir Cycliste Lanester 56\" \/>\n<meta property=\"article:publisher\" content=\"https:\/\/www.facebook.com\/pages\/AC-Lanester-56\/190286300991242?fref=ts\" \/>\n<meta property=\"article:published_time\" content=\"2013-03-09T22:28:38+00:00\" \/>\n<meta property=\"article:modified_time\" content=\"2013-12-21T22:11:44+00:00\" \/>\n<meta property=\"og:image\" content=\"https:\/\/www.aclanester56.com\/velo\/wp-content\/uploads\/2013\/03\/piste-cadets-26-02-2013-35-Copie.jpg\" \/>\n\t<meta property=\"og:image:width\" content=\"650\" \/>\n\t<meta property=\"og:image:height\" content=\"300\" \/>\n\t<meta property=\"og:image:type\" content=\"image\/jpeg\" \/>\n<meta name=\"author\" content=\"Jean-Christophe\" \/>\n<meta name=\"twitter:label1\" content=\"\u00c9crit par\" \/>\n\t<meta name=\"twitter:data1\" content=\"Jean-Christophe\" \/>\n\t<meta name=\"twitter:label2\" content=\"Dur\u00e9e de lecture estim\u00e9e\" \/>\n\t<meta name=\"twitter:data2\" content=\"1 minute\" \/>\n<script type=\"application\/ld+json\" class=\"yoast-schema-graph\">{\"@context\":\"https:\\\/\\\/schema.org\",\"@graph\":[{\"@type\":\"Article\",\"@id\":\"https:\\\/\\\/www.aclanester56.com\\\/velo\\\/les-cadets-lanesteriens-se-distinguent-sur-la-detection-du-cd-56\\\/#article\",\"isPartOf\":{\"@id\":\"https:\\\/\\\/www.aclanester56.com\\\/velo\\\/les-cadets-lanesteriens-se-distinguent-sur-la-detection-du-cd-56\\\/\"},\"author\":{\"name\":\"Jean-Christophe\",\"@id\":\"https:\\\/\\\/www.aclanester56.com\\\/velo\\\/#\\\/schema\\\/person\\\/ca2a44a5fd969e9dd846c72d3b33bc01\"},\"headline\":\"Les cadets lanest\u00e9riens se distinguent sur la d\u00e9tection du CD 56 !\",\"datePublished\":\"2013-03-09T22:28:38+00:00\",\"dateModified\":\"2013-12-21T22:11:44+00:00\",\"mainEntityOfPage\":{\"@id\":\"https:\\\/\\\/www.aclanester56.com\\\/velo\\\/les-cadets-lanesteriens-se-distinguent-sur-la-detection-du-cd-56\\\/\"},\"wordCount\":296,\"commentCount\":0,\"publisher\":{\"@id\":\"https:\\\/\\\/www.aclanester56.com\\\/velo\\\/#organization\"},\"image\":{\"@id\":\"https:\\\/\\\/www.aclanester56.com\\\/velo\\\/les-cadets-lanesteriens-se-distinguent-sur-la-detection-du-cd-56\\\/#primaryimage\"},\"thumbnailUrl\":\"https:\\\/\\\/www.aclanester56.com\\\/velo\\\/wp-content\\\/uploads\\\/2013\\\/03\\\/piste-cadets-26-02-2013-35-Copie.jpg\",\"articleSection\":[\"AC LANESTER 56\",\"R\u00e9sultats Cadets\"],\"inLanguage\":\"fr-FR\",\"potentialAction\":[{\"@type\":\"CommentAction\",\"name\":\"Comment\",\"target\":[\"https:\\\/\\\/www.aclanester56.com\\\/velo\\\/les-cadets-lanesteriens-se-distinguent-sur-la-detection-du-cd-56\\\/#respond\"]}]},{\"@type\":\"WebPage\",\"@id\":\"https:\\\/\\\/www.aclanester56.com\\\/velo\\\/les-cadets-lanesteriens-se-distinguent-sur-la-detection-du-cd-56\\\/\",\"url\":\"https:\\\/\\\/www.aclanester56.com\\\/velo\\\/les-cadets-lanesteriens-se-distinguent-sur-la-detection-du-cd-56\\\/\",\"name\":\"Les cadets lanest\u00e9riens se distinguent sur la d\u00e9tection du CD 56 ! - Avenir Cycliste Lanester 56\",\"isPartOf\":{\"@id\":\"https:\\\/\\\/www.aclanester56.com\\\/velo\\\/#website\"},\"primaryImageOfPage\":{\"@id\":\"https:\\\/\\\/www.aclanester56.com\\\/velo\\\/les-cadets-lanesteriens-se-distinguent-sur-la-detection-du-cd-56\\\/#primaryimage\"},\"image\":{\"@id\":\"https:\\\/\\\/www.aclanester56.com\\\/velo\\\/les-cadets-lanesteriens-se-distinguent-sur-la-detection-du-cd-56\\\/#primaryimage\"},\"thumbnailUrl\":\"https:\\\/\\\/www.aclanester56.com\\\/velo\\\/wp-content\\\/uploads\\\/2013\\\/03\\\/piste-cadets-26-02-2013-35-Copie.jpg\",\"datePublished\":\"2013-03-09T22:28:38+00:00\",\"dateModified\":\"2013-12-21T22:11:44+00:00\",\"inLanguage\":\"fr-FR\",\"potentialAction\":[{\"@type\":\"ReadAction\",\"target\":[\"https:\\\/\\\/www.aclanester56.com\\\/velo\\\/les-cadets-lanesteriens-se-distinguent-sur-la-detection-du-cd-56\\\/\"]}]},{\"@type\":\"ImageObject\",\"inLanguage\":\"fr-FR\",\"@id\":\"https:\\\/\\\/www.aclanester56.com\\\/velo\\\/les-cadets-lanesteriens-se-distinguent-sur-la-detection-du-cd-56\\\/#primaryimage\",\"url\":\"https:\\\/\\\/www.aclanester56.com\\\/velo\\\/wp-content\\\/uploads\\\/2013\\\/03\\\/piste-cadets-26-02-2013-35-Copie.jpg\",\"contentUrl\":\"https:\\\/\\\/www.aclanester56.com\\\/velo\\\/wp-content\\\/uploads\\\/2013\\\/03\\\/piste-cadets-26-02-2013-35-Copie.jpg\",\"width\":650,\"height\":300},{\"@type\":\"WebSite\",\"@id\":\"https:\\\/\\\/www.aclanester56.com\\\/velo\\\/#website\",\"url\":\"https:\\\/\\\/www.aclanester56.com\\\/velo\\\/\",\"name\":\"Avenir Cycliste Lanester 56\",\"description\":\"Club cycliste de l&#039;AC LANESTER 56\",\"publisher\":{\"@id\":\"https:\\\/\\\/www.aclanester56.com\\\/velo\\\/#organization\"},\"potentialAction\":[{\"@type\":\"SearchAction\",\"target\":{\"@type\":\"EntryPoint\",\"urlTemplate\":\"https:\\\/\\\/www.aclanester56.com\\\/velo\\\/?s={search_term_string}\"},\"query-input\":{\"@type\":\"PropertyValueSpecification\",\"valueRequired\":true,\"valueName\":\"search_term_string\"}}],\"inLanguage\":\"fr-FR\"},{\"@type\":\"Organization\",\"@id\":\"https:\\\/\\\/www.aclanester56.com\\\/velo\\\/#organization\",\"name\":\"Avenir Cycliste Lanester 56\",\"url\":\"https:\\\/\\\/www.aclanester56.com\\\/velo\\\/\",\"logo\":{\"@type\":\"ImageObject\",\"inLanguage\":\"fr-FR\",\"@id\":\"https:\\\/\\\/www.aclanester56.com\\\/velo\\\/#\\\/schema\\\/logo\\\/image\\\/\",\"url\":\"https:\\\/\\\/www.aclanester56.com\\\/velo\\\/wp-content\\\/uploads\\\/2013\\\/04\\\/logo-ACL.jpg\",\"contentUrl\":\"https:\\\/\\\/www.aclanester56.com\\\/velo\\\/wp-content\\\/uploads\\\/2013\\\/04\\\/logo-ACL.jpg\",\"width\":400,\"height\":334,\"caption\":\"Avenir Cycliste Lanester 56\"},\"image\":{\"@id\":\"https:\\\/\\\/www.aclanester56.com\\\/velo\\\/#\\\/schema\\\/logo\\\/image\\\/\"},\"sameAs\":[\"https:\\\/\\\/www.facebook.com\\\/pages\\\/AC-Lanester-56\\\/190286300991242?fref=ts\"]},{\"@type\":\"Person\",\"@id\":\"https:\\\/\\\/www.aclanester56.com\\\/velo\\\/#\\\/schema\\\/person\\\/ca2a44a5fd969e9dd846c72d3b33bc01\",\"name\":\"Jean-Christophe\",\"url\":\"https:\\\/\\\/www.aclanester56.com\\\/velo\\\/author\\\/jeanchristophe\\\/\"}]}<\/script>\n<!-- \/ Yoast SEO plugin. -->","yoast_head_json":{"title":"Les cadets lanest\u00e9riens se distinguent sur la d\u00e9tection du CD 56 ! - Avenir Cycliste Lanester 56","robots":{"index":"index","follow":"follow","max-snippet":"max-snippet:-1","max-image-preview":"max-image-preview:large","max-video-preview":"max-video-preview:-1"},"canonical":"https:\/\/www.aclanester56.com\/velo\/les-cadets-lanesteriens-se-distinguent-sur-la-detection-du-cd-56\/","og_locale":"fr_FR","og_type":"article","og_title":"Les cadets lanest\u00e9riens se distinguent sur la d\u00e9tection du CD 56 ! - Avenir Cycliste Lanester 56","og_url":"https:\/\/www.aclanester56.com\/velo\/les-cadets-lanesteriens-se-distinguent-sur-la-detection-du-cd-56\/","og_site_name":"Avenir Cycliste Lanester 56","article_publisher":"https:\/\/www.facebook.com\/pages\/AC-Lanester-56\/190286300991242?fref=ts","article_published_time":"2013-03-09T22:28:38+00:00","article_modified_time":"2013-12-21T22:11:44+00:00","og_image":[{"width":650,"height":300,"url":"https:\/\/www.aclanester56.com\/velo\/wp-content\/uploads\/2013\/03\/piste-cadets-26-02-2013-35-Copie.jpg","type":"image\/jpeg"}],"author":"Jean-Christophe","twitter_misc":{"\u00c9crit par":"Jean-Christophe","Dur\u00e9e de lecture estim\u00e9e":"1 minute"},"schema":{"@context":"https:\/\/schema.org","@graph":[{"@type":"Article","@id":"https:\/\/www.aclanester56.com\/velo\/les-cadets-lanesteriens-se-distinguent-sur-la-detection-du-cd-56\/#article","isPartOf":{"@id":"https:\/\/www.aclanester56.com\/velo\/les-cadets-lanesteriens-se-distinguent-sur-la-detection-du-cd-56\/"},"author":{"name":"Jean-Christophe","@id":"https:\/\/www.aclanester56.com\/velo\/#\/schema\/person\/ca2a44a5fd969e9dd846c72d3b33bc01"},"headline":"Les cadets lanest\u00e9riens se distinguent sur la d\u00e9tection du CD 56 !","datePublished":"2013-03-09T22:28:38+00:00","dateModified":"2013-12-21T22:11:44+00:00","mainEntityOfPage":{"@id":"https:\/\/www.aclanester56.com\/velo\/les-cadets-lanesteriens-se-distinguent-sur-la-detection-du-cd-56\/"},"wordCount":296,"commentCount":0,"publisher":{"@id":"https:\/\/www.aclanester56.com\/velo\/#organization"},"image":{"@id":"https:\/\/www.aclanester56.com\/velo\/les-cadets-lanesteriens-se-distinguent-sur-la-detection-du-cd-56\/#primaryimage"},"thumbnailUrl":"https:\/\/www.aclanester56.com\/velo\/wp-content\/uploads\/2013\/03\/piste-cadets-26-02-2013-35-Copie.jpg","articleSection":["AC LANESTER 56","R\u00e9sultats Cadets"],"inLanguage":"fr-FR","potentialAction":[{"@type":"CommentAction","name":"Comment","target":["https:\/\/www.aclanester56.com\/velo\/les-cadets-lanesteriens-se-distinguent-sur-la-detection-du-cd-56\/#respond"]}]},{"@type":"WebPage","@id":"https:\/\/www.aclanester56.com\/velo\/les-cadets-lanesteriens-se-distinguent-sur-la-detection-du-cd-56\/","url":"https:\/\/www.aclanester56.com\/velo\/les-cadets-lanesteriens-se-distinguent-sur-la-detection-du-cd-56\/","name":"Les cadets lanest\u00e9riens se distinguent sur la d\u00e9tection du CD 56 ! - Avenir Cycliste Lanester 56","isPartOf":{"@id":"https:\/\/www.aclanester56.com\/velo\/#website"},"primaryImageOfPage":{"@id":"https:\/\/www.aclanester56.com\/velo\/les-cadets-lanesteriens-se-distinguent-sur-la-detection-du-cd-56\/#primaryimage"},"image":{"@id":"https:\/\/www.aclanester56.com\/velo\/les-cadets-lanesteriens-se-distinguent-sur-la-detection-du-cd-56\/#primaryimage"},"thumbnailUrl":"https:\/\/www.aclanester56.com\/velo\/wp-content\/uploads\/2013\/03\/piste-cadets-26-02-2013-35-Copie.jpg","datePublished":"2013-03-09T22:28:38+00:00","dateModified":"2013-12-21T22:11:44+00:00","inLanguage":"fr-FR","potentialAction":[{"@type":"ReadAction","target":["https:\/\/www.aclanester56.com\/velo\/les-cadets-lanesteriens-se-distinguent-sur-la-detection-du-cd-56\/"]}]},{"@type":"ImageObject","inLanguage":"fr-FR","@id":"https:\/\/www.aclanester56.com\/velo\/les-cadets-lanesteriens-se-distinguent-sur-la-detection-du-cd-56\/#primaryimage","url":"https:\/\/www.aclanester56.com\/velo\/wp-content\/uploads\/2013\/03\/piste-cadets-26-02-2013-35-Copie.jpg","contentUrl":"https:\/\/www.aclanester56.com\/velo\/wp-content\/uploads\/2013\/03\/piste-cadets-26-02-2013-35-Copie.jpg","width":650,"height":300},{"@type":"WebSite","@id":"https:\/\/www.aclanester56.com\/velo\/#website","url":"https:\/\/www.aclanester56.com\/velo\/","name":"Avenir Cycliste Lanester 56","description":"Club cycliste de l&#039;AC LANESTER 56","publisher":{"@id":"https:\/\/www.aclanester56.com\/velo\/#organization"},"potentialAction":[{"@type":"SearchAction","target":{"@type":"EntryPoint","urlTemplate":"https:\/\/www.aclanester56.com\/velo\/?s={search_term_string}"},"query-input":{"@type":"PropertyValueSpecification","valueRequired":true,"valueName":"search_term_string"}}],"inLanguage":"fr-FR"},{"@type":"Organization","@id":"https:\/\/www.aclanester56.com\/velo\/#organization","name":"Avenir Cycliste Lanester 56","url":"https:\/\/www.aclanester56.com\/velo\/","logo":{"@type":"ImageObject","inLanguage":"fr-FR","@id":"https:\/\/www.aclanester56.com\/velo\/#\/schema\/logo\/image\/","url":"https:\/\/www.aclanester56.com\/velo\/wp-content\/uploads\/2013\/04\/logo-ACL.jpg","contentUrl":"https:\/\/www.aclanester56.com\/velo\/wp-content\/uploads\/2013\/04\/logo-ACL.jpg","width":400,"height":334,"caption":"Avenir Cycliste Lanester 56"},"image":{"@id":"https:\/\/www.aclanester56.com\/velo\/#\/schema\/logo\/image\/"},"sameAs":["https:\/\/www.facebook.com\/pages\/AC-Lanester-56\/190286300991242?fref=ts"]},{"@type":"Person","@id":"https:\/\/www.aclanester56.com\/velo\/#\/schema\/person\/ca2a44a5fd969e9dd846c72d3b33bc01","name":"Jean-Christophe","url":"https:\/\/www.aclanester56.com\/velo\/author\/jeanchristophe\/"}]}},"_links":{"self":[{"href":"https:\/\/www.aclanester56.com\/velo\/wp-json\/wp\/v2\/posts\/14036","targetHints":{"allow":["GET"]}}],"collection":[{"href":"https:\/\/www.aclanester56.com\/velo\/wp-json\/wp\/v2\/posts"}],"about":[{"href":"https:\/\/www.aclanester56.com\/velo\/wp-json\/wp\/v2\/types\/post"}],"author":[{"embeddable":true,"href":"https:\/\/www.aclanester56.com\/velo\/wp-json\/wp\/v2\/users\/14"}],"replies":[{"embeddable":true,"href":"https:\/\/www.aclanester56.com\/velo\/wp-json\/wp\/v2\/comments?post=14036"}],"version-history":[{"count":0,"href":"https:\/\/www.aclanester56.com\/velo\/wp-json\/wp\/v2\/posts\/14036\/revisions"}],"wp:featuredmedia":[{"embeddable":true,"href":"https:\/\/www.aclanester56.com\/velo\/wp-json\/wp\/v2\/media\/14038"}],"wp:attachment":[{"href":"https:\/\/www.aclanester56.com\/velo\/wp-json\/wp\/v2\/media?parent=14036"}],"wp:term":[{"taxonomy":"category","embeddable":true,"href":"https:\/\/www.aclanester56.com\/velo\/wp-json\/wp\/v2\/categories?post=14036"},{"taxonomy":"post_tag","embeddable":true,"href":"https:\/\/www.aclanester56.com\/velo\/wp-json\/wp\/v2\/tags?post=14036"}],"curies":[{"name":"wp","href":"https:\/\/api.w.org\/{rel}","templated":true}]}}