{"id":14062,"date":"2013-03-13T22:39:25","date_gmt":"2013-03-13T21:39:25","guid":{"rendered":"http:\/\/www.aclanester56.com\/velo\/?p=14062"},"modified":"2013-12-22T00:11:06","modified_gmt":"2013-12-21T22:11:06","slug":"les-lanesteriens-malchanceux-sur-le-trophee-louison-bobet","status":"publish","type":"post","link":"https:\/\/www.aclanester56.com\/velo\/les-lanesteriens-malchanceux-sur-le-trophee-louison-bobet\/","title":{"rendered":"Des Lanest\u00e9riens malchanceux sur le Troph\u00e9e Louison Bobet"},"content":{"rendered":"<p style=\"text-align: justify;\"><!--more--><\/p>\n<p style=\"text-align: justify;\">L&rsquo;\u00e9quipe Juniors de l&rsquo;AC Lanester 56 \u00e9tait au d\u00e9part de l&rsquo;\u00e9preuve f\u00e9d\u00e9rale Juniors \u00e0 Noyal-Chatillon, le Troph\u00e9e Louison Bobet, o\u00f9 plusieurs de nos coureurs ont encore jou\u00e9 de malchance.<\/p>\n<p><strong style=\"color: #ff6600; text-align: justify; line-height: 1.5em;\">Huit Lanest\u00e9riens au d\u00e9part de la \u00ab\u00a0Bobet\u00a0\u00bb<\/strong><\/p>\n<p style=\"text-align: justify;\">L&rsquo;AC Lanester 56 \u00e9tait repr\u00e9sent\u00e9e par 8 coureurs parmi le peloton de 200 coureurs au d\u00e9part, avec pratiquement tous les meilleurs Fran\u00e7ais. Le d\u00e9but de course est tr\u00e8s nerveux et beaucoup de chutes \u00e9maillent la course. Le Lanest\u00e9rien Nicolas Primas prend part \u00e0 une des premi\u00e8res \u00e9chapp\u00e9es, qui sera revue.<\/p>\n<div id=\"attachment_14073\" style=\"width: 209px\" class=\"wp-caption alignright\"><a href=\"http:\/\/www.aclanester56.com\/velo\/wp-content\/uploads\/2013\/03\/Thibault-Morvan-398x600.jpg\"><img loading=\"lazy\" decoding=\"async\" aria-describedby=\"caption-attachment-14073\" class=\"size-large wp-image-14073\" alt=\"Thibault Morvan \u00e9tait dans l'allure sur ce Troph\u00e9e Louison Bobet. On le verra aux avants-postes lors des prochains week-ends ! (photo Camille Nicol)\" src=\"http:\/\/www.aclanester56.com\/velo\/wp-content\/uploads\/2013\/03\/Thibault-Morvan-398x600.jpg\" width=\"199\" height=\"300\" srcset=\"https:\/\/www.aclanester56.com\/velo\/wp-content\/uploads\/2013\/03\/Thibault-Morvan-398x600.jpg 398w, https:\/\/www.aclanester56.com\/velo\/wp-content\/uploads\/2013\/03\/Thibault-Morvan-199x300.jpg 199w, https:\/\/www.aclanester56.com\/velo\/wp-content\/uploads\/2013\/03\/Thibault-Morvan.jpg 637w\" sizes=\"auto, (max-width: 199px) 100vw, 199px\" \/><\/a><p id=\"caption-attachment-14073\" class=\"wp-caption-text\">Thibault Morvan \u00e9tait dans l&rsquo;allure sur ce Troph\u00e9e Louison Bobet. On le verra aux avants-postes lors des prochains week-ends ! (photo Camille Nicol)<\/p><\/div>\n<p> \u00a0<br \/> \u00a0<br \/> \u00a0<br \/> \u00a0<\/p>\n<p style=\"text-align: justify;\"><span style=\"color: #ff6600;\"><strong>Beaucoup de chutes !<\/strong><\/span><\/p>\n<p style=\"text-align: justify;\">Lors du passage dans la 2\u00e8me c\u00f4te r\u00e9pertori\u00e9e au classement du meilleur grimpeur, une nouvelle chute intervient au coeur du peloton et trois coureurs de l&rsquo;AC Lanester 56\u00a0 sont ralentis et pris dans la mauvaise cassure. Une \u00e9chapp\u00e9e de 12 coureurs parvient finalement \u00e0 prendre les devants, tandis que le peloton explosait lors de la deuxi\u00e8me grande boucle. Nicolas Primas pointe dans le groupe de contre d&rsquo;une trentaine d&rsquo;unit\u00e9s.<\/p>\n<p style=\"text-align: justify;\"><span style=\"color: #ff6600;\"><strong>Maxime Lannurien et Thibault Morvan, les rescap\u00e9s !<\/strong><\/span><\/p>\n<p style=\"text-align: justify;\">Dans ce qu&rsquo;il reste du peloton, son co\u00e9quipier Maxime Lannurien r\u00e9alise un joli num\u00e9ro en r\u00e9int\u00e9grant son groupe quelques minutes apr\u00e8s avoir \u00e9t\u00e9 victime d&rsquo;une crevaison. Sur le circuit final, alors que les \u00e9carts se r\u00e9duisent significativement avec l&rsquo;\u00e9chapp\u00e9e, une grosse chute met \u00e0 terre notamment trois coureurs de l&rsquo;AC Lanester 56 : Julien Cordroch, Loic Le Barbier et Nicolas Primas. Plus de peur que de mal, les trois Lanest\u00e9riens se relevaient avec quelques\u00a0\u00e9gratignures\u00a0seulement. Maxime Lannurien et Thibault Morvan sont finalement les derniers rescap\u00e9s de l&rsquo;\u00e9quipe et terminent au coeur du peloton.<\/p>\n<div id=\"attachment_14076\" style=\"width: 209px\" class=\"wp-caption alignright\"><a href=\"http:\/\/www.aclanester56.com\/velo\/wp-content\/uploads\/2013\/03\/Maxime-Lannurien-398x600.jpg\"><img loading=\"lazy\" decoding=\"async\" aria-describedby=\"caption-attachment-14076\" class=\"size-large wp-image-14076\" alt=\"Maxime Lannurien, ici lors du contr\u00f4le des braquets, a montr\u00e9 \u00e9galement de belles capacit\u00e9s face \u00e0 une opposition relev\u00e9e (photo Camille Nicol)\" src=\"http:\/\/www.aclanester56.com\/velo\/wp-content\/uploads\/2013\/03\/Maxime-Lannurien-398x600.jpg\" width=\"199\" height=\"300\" srcset=\"https:\/\/www.aclanester56.com\/velo\/wp-content\/uploads\/2013\/03\/Maxime-Lannurien-398x600.jpg 398w, https:\/\/www.aclanester56.com\/velo\/wp-content\/uploads\/2013\/03\/Maxime-Lannurien-199x300.jpg 199w, https:\/\/www.aclanester56.com\/velo\/wp-content\/uploads\/2013\/03\/Maxime-Lannurien.jpg 637w\" sizes=\"auto, (max-width: 199px) 100vw, 199px\" \/><\/a><p id=\"caption-attachment-14076\" class=\"wp-caption-text\">Maxime Lannurien, ici lors du contr\u00f4le des braquets, a montr\u00e9 \u00e9galement de belles capacit\u00e9s face \u00e0 une opposition relev\u00e9e (photo Camille Nicol)<\/p><\/div>\n<p style=\"text-align: justify;\"><span style=\"text-decoration: underline;\"><strong>Classement :<\/strong><\/span><\/p>\n<p>1\u00a0JOURNIAUX Axel\u00a0E.C.RANCE FREMUR\u00a0J2\u00a0les 128 km en 3h16&rsquo;07\u00a0\u00bb\u00a0(moy. 39,160 km\/h)<br \/> 2\u00a0MADOUAS Valentin\u00a0B.I.C.2000\u00a0J1\u00a0\u00e0 00&rsquo;48\u00a0\u00bb<br \/> 3\u00a0BARBEAU Cl\u00e9ment\u00a0POLE France BORDEAUX\u00a0J2\u00a0m.t.<br \/> 4\u00a0LEMOINE Ga\u00ebtan\u00a0E.S.ALNELOISE CYCLISME\u00a0J2\u00a0m.t.<br \/> 5\u00a0LASSAIGNE Thomas\u00a0C.R.4.C.ROANNE\u00a0J2\u00a0m.t.<br \/> 6\u00a0DRIOT Quentin\u00a0M SANTE CYCLISME\u00a0J2\u00a0m.t.<br \/> 7\u00a0KERMAREC Robin\u00a0V.S.PLABENNEC\u00a0J2\u00a0m.t.<br \/> 8\u00a0DESTANG Lucas\u00a0POLE France BORDEAUX\u00a0J2\u00a0m.t.<br \/> 9\u00a0LEPLINGARD Antoine\u00a0POLE ESPOIR PAYS DE LOIRE\u00a0J2\u00a0m.t.<br \/> 10\u00a0MOINE Florian\u00a0C.R.4.C.ROANNE\u00a0J2\u00a0m.t.<br \/> <span style=\"color: #ff6600;\"><strong>41\u00a0LANNURIEN Maxime\u00a0A.C.LANESTER 56 J1\u00a0m.t.<\/strong><\/span><br \/> <span style=\"color: #ff6600;\"><strong> 44\u00a0MORVAN Thibault\u00a0A.C.LANESTER 56 J1\u00a0m.t.<\/strong><\/span><\/p>\n<p><em><strong>Remerciements \u00e0 J\u00e9r\u00f4me Beldent.<\/strong><\/em><\/p>\n","protected":false},"excerpt":{"rendered":"","protected":false},"author":14,"featured_media":14083,"comment_status":"open","ping_status":"closed","sticky":false,"template":"","format":"standard","meta":{"ngg_post_thumbnail":0,"footnotes":""},"categories":[5],"tags":[],"class_list":["post-14062","post","type-post","status-publish","format-standard","has-post-thumbnail","hentry","category-ac-lanester-56"],"yoast_head":"<!-- This site is optimized with the Yoast SEO plugin v27.5 - https:\/\/yoast.com\/product\/yoast-seo-wordpress\/ -->\n<title>Des Lanest\u00e9riens malchanceux sur le Troph\u00e9e Louison Bobet - Avenir Cycliste Lanester 56<\/title>\n<meta name=\"robots\" content=\"index, follow, max-snippet:-1, max-image-preview:large, max-video-preview:-1\" \/>\n<link rel=\"canonical\" href=\"https:\/\/www.aclanester56.com\/velo\/les-lanesteriens-malchanceux-sur-le-trophee-louison-bobet\/\" \/>\n<meta property=\"og:locale\" content=\"fr_FR\" \/>\n<meta property=\"og:type\" content=\"article\" \/>\n<meta property=\"og:title\" content=\"Des Lanest\u00e9riens malchanceux sur le Troph\u00e9e Louison Bobet - Avenir Cycliste Lanester 56\" \/>\n<meta property=\"og:url\" content=\"https:\/\/www.aclanester56.com\/velo\/les-lanesteriens-malchanceux-sur-le-trophee-louison-bobet\/\" \/>\n<meta property=\"og:site_name\" content=\"Avenir Cycliste Lanester 56\" \/>\n<meta property=\"article:publisher\" content=\"https:\/\/www.facebook.com\/pages\/AC-Lanester-56\/190286300991242?fref=ts\" \/>\n<meta property=\"article:published_time\" content=\"2013-03-13T21:39:25+00:00\" \/>\n<meta property=\"article:modified_time\" content=\"2013-12-21T22:11:06+00:00\" \/>\n<meta property=\"og:image\" content=\"https:\/\/www.aclanester56.com\/velo\/wp-content\/uploads\/2013\/03\/Nicolas-Primas-2-Copie.jpg\" \/>\n\t<meta property=\"og:image:width\" content=\"650\" \/>\n\t<meta property=\"og:image:height\" content=\"300\" \/>\n\t<meta property=\"og:image:type\" content=\"image\/jpeg\" \/>\n<meta name=\"author\" content=\"Jean-Christophe\" \/>\n<meta name=\"twitter:label1\" content=\"\u00c9crit par\" \/>\n\t<meta name=\"twitter:data1\" content=\"Jean-Christophe\" \/>\n\t<meta name=\"twitter:label2\" content=\"Dur\u00e9e de lecture estim\u00e9e\" \/>\n\t<meta name=\"twitter:data2\" content=\"2 minutes\" \/>\n<script type=\"application\/ld+json\" class=\"yoast-schema-graph\">{\"@context\":\"https:\\\/\\\/schema.org\",\"@graph\":[{\"@type\":\"Article\",\"@id\":\"https:\\\/\\\/www.aclanester56.com\\\/velo\\\/les-lanesteriens-malchanceux-sur-le-trophee-louison-bobet\\\/#article\",\"isPartOf\":{\"@id\":\"https:\\\/\\\/www.aclanester56.com\\\/velo\\\/les-lanesteriens-malchanceux-sur-le-trophee-louison-bobet\\\/\"},\"author\":{\"name\":\"Jean-Christophe\",\"@id\":\"https:\\\/\\\/www.aclanester56.com\\\/velo\\\/#\\\/schema\\\/person\\\/ca2a44a5fd969e9dd846c72d3b33bc01\"},\"headline\":\"Des Lanest\u00e9riens malchanceux sur le Troph\u00e9e Louison Bobet\",\"datePublished\":\"2013-03-13T21:39:25+00:00\",\"dateModified\":\"2013-12-21T22:11:06+00:00\",\"mainEntityOfPage\":{\"@id\":\"https:\\\/\\\/www.aclanester56.com\\\/velo\\\/les-lanesteriens-malchanceux-sur-le-trophee-louison-bobet\\\/\"},\"wordCount\":471,\"commentCount\":0,\"publisher\":{\"@id\":\"https:\\\/\\\/www.aclanester56.com\\\/velo\\\/#organization\"},\"image\":{\"@id\":\"https:\\\/\\\/www.aclanester56.com\\\/velo\\\/les-lanesteriens-malchanceux-sur-le-trophee-louison-bobet\\\/#primaryimage\"},\"thumbnailUrl\":\"https:\\\/\\\/www.aclanester56.com\\\/velo\\\/wp-content\\\/uploads\\\/2013\\\/03\\\/Nicolas-Primas-2-Copie.jpg\",\"articleSection\":[\"AC LANESTER 56\"],\"inLanguage\":\"fr-FR\",\"potentialAction\":[{\"@type\":\"CommentAction\",\"name\":\"Comment\",\"target\":[\"https:\\\/\\\/www.aclanester56.com\\\/velo\\\/les-lanesteriens-malchanceux-sur-le-trophee-louison-bobet\\\/#respond\"]}]},{\"@type\":\"WebPage\",\"@id\":\"https:\\\/\\\/www.aclanester56.com\\\/velo\\\/les-lanesteriens-malchanceux-sur-le-trophee-louison-bobet\\\/\",\"url\":\"https:\\\/\\\/www.aclanester56.com\\\/velo\\\/les-lanesteriens-malchanceux-sur-le-trophee-louison-bobet\\\/\",\"name\":\"Des Lanest\u00e9riens malchanceux sur le Troph\u00e9e Louison Bobet - Avenir Cycliste Lanester 56\",\"isPartOf\":{\"@id\":\"https:\\\/\\\/www.aclanester56.com\\\/velo\\\/#website\"},\"primaryImageOfPage\":{\"@id\":\"https:\\\/\\\/www.aclanester56.com\\\/velo\\\/les-lanesteriens-malchanceux-sur-le-trophee-louison-bobet\\\/#primaryimage\"},\"image\":{\"@id\":\"https:\\\/\\\/www.aclanester56.com\\\/velo\\\/les-lanesteriens-malchanceux-sur-le-trophee-louison-bobet\\\/#primaryimage\"},\"thumbnailUrl\":\"https:\\\/\\\/www.aclanester56.com\\\/velo\\\/wp-content\\\/uploads\\\/2013\\\/03\\\/Nicolas-Primas-2-Copie.jpg\",\"datePublished\":\"2013-03-13T21:39:25+00:00\",\"dateModified\":\"2013-12-21T22:11:06+00:00\",\"inLanguage\":\"fr-FR\",\"potentialAction\":[{\"@type\":\"ReadAction\",\"target\":[\"https:\\\/\\\/www.aclanester56.com\\\/velo\\\/les-lanesteriens-malchanceux-sur-le-trophee-louison-bobet\\\/\"]}]},{\"@type\":\"ImageObject\",\"inLanguage\":\"fr-FR\",\"@id\":\"https:\\\/\\\/www.aclanester56.com\\\/velo\\\/les-lanesteriens-malchanceux-sur-le-trophee-louison-bobet\\\/#primaryimage\",\"url\":\"https:\\\/\\\/www.aclanester56.com\\\/velo\\\/wp-content\\\/uploads\\\/2013\\\/03\\\/Nicolas-Primas-2-Copie.jpg\",\"contentUrl\":\"https:\\\/\\\/www.aclanester56.com\\\/velo\\\/wp-content\\\/uploads\\\/2013\\\/03\\\/Nicolas-Primas-2-Copie.jpg\",\"width\":650,\"height\":300},{\"@type\":\"WebSite\",\"@id\":\"https:\\\/\\\/www.aclanester56.com\\\/velo\\\/#website\",\"url\":\"https:\\\/\\\/www.aclanester56.com\\\/velo\\\/\",\"name\":\"Avenir Cycliste Lanester 56\",\"description\":\"Club cycliste de l&#039;AC LANESTER 56\",\"publisher\":{\"@id\":\"https:\\\/\\\/www.aclanester56.com\\\/velo\\\/#organization\"},\"potentialAction\":[{\"@type\":\"SearchAction\",\"target\":{\"@type\":\"EntryPoint\",\"urlTemplate\":\"https:\\\/\\\/www.aclanester56.com\\\/velo\\\/?s={search_term_string}\"},\"query-input\":{\"@type\":\"PropertyValueSpecification\",\"valueRequired\":true,\"valueName\":\"search_term_string\"}}],\"inLanguage\":\"fr-FR\"},{\"@type\":\"Organization\",\"@id\":\"https:\\\/\\\/www.aclanester56.com\\\/velo\\\/#organization\",\"name\":\"Avenir Cycliste Lanester 56\",\"url\":\"https:\\\/\\\/www.aclanester56.com\\\/velo\\\/\",\"logo\":{\"@type\":\"ImageObject\",\"inLanguage\":\"fr-FR\",\"@id\":\"https:\\\/\\\/www.aclanester56.com\\\/velo\\\/#\\\/schema\\\/logo\\\/image\\\/\",\"url\":\"https:\\\/\\\/www.aclanester56.com\\\/velo\\\/wp-content\\\/uploads\\\/2013\\\/04\\\/logo-ACL.jpg\",\"contentUrl\":\"https:\\\/\\\/www.aclanester56.com\\\/velo\\\/wp-content\\\/uploads\\\/2013\\\/04\\\/logo-ACL.jpg\",\"width\":400,\"height\":334,\"caption\":\"Avenir Cycliste Lanester 56\"},\"image\":{\"@id\":\"https:\\\/\\\/www.aclanester56.com\\\/velo\\\/#\\\/schema\\\/logo\\\/image\\\/\"},\"sameAs\":[\"https:\\\/\\\/www.facebook.com\\\/pages\\\/AC-Lanester-56\\\/190286300991242?fref=ts\"]},{\"@type\":\"Person\",\"@id\":\"https:\\\/\\\/www.aclanester56.com\\\/velo\\\/#\\\/schema\\\/person\\\/ca2a44a5fd969e9dd846c72d3b33bc01\",\"name\":\"Jean-Christophe\",\"url\":\"https:\\\/\\\/www.aclanester56.com\\\/velo\\\/author\\\/jeanchristophe\\\/\"}]}<\/script>\n<!-- \/ Yoast SEO plugin. -->","yoast_head_json":{"title":"Des Lanest\u00e9riens malchanceux sur le Troph\u00e9e Louison Bobet - Avenir Cycliste Lanester 56","robots":{"index":"index","follow":"follow","max-snippet":"max-snippet:-1","max-image-preview":"max-image-preview:large","max-video-preview":"max-video-preview:-1"},"canonical":"https:\/\/www.aclanester56.com\/velo\/les-lanesteriens-malchanceux-sur-le-trophee-louison-bobet\/","og_locale":"fr_FR","og_type":"article","og_title":"Des Lanest\u00e9riens malchanceux sur le Troph\u00e9e Louison Bobet - Avenir Cycliste Lanester 56","og_url":"https:\/\/www.aclanester56.com\/velo\/les-lanesteriens-malchanceux-sur-le-trophee-louison-bobet\/","og_site_name":"Avenir Cycliste Lanester 56","article_publisher":"https:\/\/www.facebook.com\/pages\/AC-Lanester-56\/190286300991242?fref=ts","article_published_time":"2013-03-13T21:39:25+00:00","article_modified_time":"2013-12-21T22:11:06+00:00","og_image":[{"width":650,"height":300,"url":"https:\/\/www.aclanester56.com\/velo\/wp-content\/uploads\/2013\/03\/Nicolas-Primas-2-Copie.jpg","type":"image\/jpeg"}],"author":"Jean-Christophe","twitter_misc":{"\u00c9crit par":"Jean-Christophe","Dur\u00e9e de lecture estim\u00e9e":"2 minutes"},"schema":{"@context":"https:\/\/schema.org","@graph":[{"@type":"Article","@id":"https:\/\/www.aclanester56.com\/velo\/les-lanesteriens-malchanceux-sur-le-trophee-louison-bobet\/#article","isPartOf":{"@id":"https:\/\/www.aclanester56.com\/velo\/les-lanesteriens-malchanceux-sur-le-trophee-louison-bobet\/"},"author":{"name":"Jean-Christophe","@id":"https:\/\/www.aclanester56.com\/velo\/#\/schema\/person\/ca2a44a5fd969e9dd846c72d3b33bc01"},"headline":"Des Lanest\u00e9riens malchanceux sur le Troph\u00e9e Louison Bobet","datePublished":"2013-03-13T21:39:25+00:00","dateModified":"2013-12-21T22:11:06+00:00","mainEntityOfPage":{"@id":"https:\/\/www.aclanester56.com\/velo\/les-lanesteriens-malchanceux-sur-le-trophee-louison-bobet\/"},"wordCount":471,"commentCount":0,"publisher":{"@id":"https:\/\/www.aclanester56.com\/velo\/#organization"},"image":{"@id":"https:\/\/www.aclanester56.com\/velo\/les-lanesteriens-malchanceux-sur-le-trophee-louison-bobet\/#primaryimage"},"thumbnailUrl":"https:\/\/www.aclanester56.com\/velo\/wp-content\/uploads\/2013\/03\/Nicolas-Primas-2-Copie.jpg","articleSection":["AC LANESTER 56"],"inLanguage":"fr-FR","potentialAction":[{"@type":"CommentAction","name":"Comment","target":["https:\/\/www.aclanester56.com\/velo\/les-lanesteriens-malchanceux-sur-le-trophee-louison-bobet\/#respond"]}]},{"@type":"WebPage","@id":"https:\/\/www.aclanester56.com\/velo\/les-lanesteriens-malchanceux-sur-le-trophee-louison-bobet\/","url":"https:\/\/www.aclanester56.com\/velo\/les-lanesteriens-malchanceux-sur-le-trophee-louison-bobet\/","name":"Des Lanest\u00e9riens malchanceux sur le Troph\u00e9e Louison Bobet - Avenir Cycliste Lanester 56","isPartOf":{"@id":"https:\/\/www.aclanester56.com\/velo\/#website"},"primaryImageOfPage":{"@id":"https:\/\/www.aclanester56.com\/velo\/les-lanesteriens-malchanceux-sur-le-trophee-louison-bobet\/#primaryimage"},"image":{"@id":"https:\/\/www.aclanester56.com\/velo\/les-lanesteriens-malchanceux-sur-le-trophee-louison-bobet\/#primaryimage"},"thumbnailUrl":"https:\/\/www.aclanester56.com\/velo\/wp-content\/uploads\/2013\/03\/Nicolas-Primas-2-Copie.jpg","datePublished":"2013-03-13T21:39:25+00:00","dateModified":"2013-12-21T22:11:06+00:00","inLanguage":"fr-FR","potentialAction":[{"@type":"ReadAction","target":["https:\/\/www.aclanester56.com\/velo\/les-lanesteriens-malchanceux-sur-le-trophee-louison-bobet\/"]}]},{"@type":"ImageObject","inLanguage":"fr-FR","@id":"https:\/\/www.aclanester56.com\/velo\/les-lanesteriens-malchanceux-sur-le-trophee-louison-bobet\/#primaryimage","url":"https:\/\/www.aclanester56.com\/velo\/wp-content\/uploads\/2013\/03\/Nicolas-Primas-2-Copie.jpg","contentUrl":"https:\/\/www.aclanester56.com\/velo\/wp-content\/uploads\/2013\/03\/Nicolas-Primas-2-Copie.jpg","width":650,"height":300},{"@type":"WebSite","@id":"https:\/\/www.aclanester56.com\/velo\/#website","url":"https:\/\/www.aclanester56.com\/velo\/","name":"Avenir Cycliste Lanester 56","description":"Club cycliste de l&#039;AC LANESTER 56","publisher":{"@id":"https:\/\/www.aclanester56.com\/velo\/#organization"},"potentialAction":[{"@type":"SearchAction","target":{"@type":"EntryPoint","urlTemplate":"https:\/\/www.aclanester56.com\/velo\/?s={search_term_string}"},"query-input":{"@type":"PropertyValueSpecification","valueRequired":true,"valueName":"search_term_string"}}],"inLanguage":"fr-FR"},{"@type":"Organization","@id":"https:\/\/www.aclanester56.com\/velo\/#organization","name":"Avenir Cycliste Lanester 56","url":"https:\/\/www.aclanester56.com\/velo\/","logo":{"@type":"ImageObject","inLanguage":"fr-FR","@id":"https:\/\/www.aclanester56.com\/velo\/#\/schema\/logo\/image\/","url":"https:\/\/www.aclanester56.com\/velo\/wp-content\/uploads\/2013\/04\/logo-ACL.jpg","contentUrl":"https:\/\/www.aclanester56.com\/velo\/wp-content\/uploads\/2013\/04\/logo-ACL.jpg","width":400,"height":334,"caption":"Avenir Cycliste Lanester 56"},"image":{"@id":"https:\/\/www.aclanester56.com\/velo\/#\/schema\/logo\/image\/"},"sameAs":["https:\/\/www.facebook.com\/pages\/AC-Lanester-56\/190286300991242?fref=ts"]},{"@type":"Person","@id":"https:\/\/www.aclanester56.com\/velo\/#\/schema\/person\/ca2a44a5fd969e9dd846c72d3b33bc01","name":"Jean-Christophe","url":"https:\/\/www.aclanester56.com\/velo\/author\/jeanchristophe\/"}]}},"_links":{"self":[{"href":"https:\/\/www.aclanester56.com\/velo\/wp-json\/wp\/v2\/posts\/14062","targetHints":{"allow":["GET"]}}],"collection":[{"href":"https:\/\/www.aclanester56.com\/velo\/wp-json\/wp\/v2\/posts"}],"about":[{"href":"https:\/\/www.aclanester56.com\/velo\/wp-json\/wp\/v2\/types\/post"}],"author":[{"embeddable":true,"href":"https:\/\/www.aclanester56.com\/velo\/wp-json\/wp\/v2\/users\/14"}],"replies":[{"embeddable":true,"href":"https:\/\/www.aclanester56.com\/velo\/wp-json\/wp\/v2\/comments?post=14062"}],"version-history":[{"count":0,"href":"https:\/\/www.aclanester56.com\/velo\/wp-json\/wp\/v2\/posts\/14062\/revisions"}],"wp:featuredmedia":[{"embeddable":true,"href":"https:\/\/www.aclanester56.com\/velo\/wp-json\/wp\/v2\/media\/14083"}],"wp:attachment":[{"href":"https:\/\/www.aclanester56.com\/velo\/wp-json\/wp\/v2\/media?parent=14062"}],"wp:term":[{"taxonomy":"category","embeddable":true,"href":"https:\/\/www.aclanester56.com\/velo\/wp-json\/wp\/v2\/categories?post=14062"},{"taxonomy":"post_tag","embeddable":true,"href":"https:\/\/www.aclanester56.com\/velo\/wp-json\/wp\/v2\/tags?post=14062"}],"curies":[{"name":"wp","href":"https:\/\/api.w.org\/{rel}","templated":true}]}}