{"id":14235,"date":"2013-04-10T21:01:30","date_gmt":"2013-04-10T20:01:30","guid":{"rendered":"http:\/\/www.aclanester56.com\/velo\/?p=14235"},"modified":"2013-12-21T23:58:51","modified_gmt":"2013-12-21T21:58:51","slug":"resultats-du-week-end-21","status":"publish","type":"post","link":"https:\/\/www.aclanester56.com\/velo\/resultats-du-week-end-21\/","title":{"rendered":"R\u00e9sultats du week-end"},"content":{"rendered":"<p style=\"text-align: justify;\"><!--more--><\/p>\n<p style=\"text-align: justify;\">Nous vous proposons de d\u00e9couvrir quelques r\u00e9sultats des derni\u00e8res \u00e9preuves auxquelles ont particip\u00e9 les coureurs de l&rsquo;AC Lanester 56 !<\/p>\n<p><strong style=\"line-height: 1.5em;\">Colpo (31\/03\/2013 &#8211; Poussins) :<\/strong><\/p>\n<p>1 LE GUILLANT Mathis UC ALREENNE M<br \/> 2 MORICE Ronan MALESTROIT M<br \/> 3 LE HENANF Hugo OC LOCMINE M<br \/> <strong><span style=\"color: #ff6600;\">5 GUEGAN Enzo AC LANESTER 56 M<\/span><\/strong><\/p>\n<p><span style=\"text-decoration: underline;\"><strong>Colpo (31\/03\/2013 &#8211; Minimes) :<\/strong><\/span><\/p>\n<p>1 JEGAT Jordan ACP BAUD M<br \/> 2 HEMERY EWEN VC BELLE ILE M<br \/> 3 DAVID Louison MALESTROIT M<br \/> <span style=\"color: #ff6600;\"><strong>4 REVOLT LE BOUEDEC Johann AC LANESTER 56 M<\/strong><\/span><br \/> <span style=\"color: #ff6600;\"><strong>8 LE CHENADEC Antoine AC LANESTER 56 M<\/strong><\/span><br \/> <span style=\"color: #ff6600;\"><strong>32 MOREL Benjamin AC LANESTER 56 M<\/strong><\/span><\/p>\n<p><span style=\"text-decoration: underline;\"><strong>Interr\u00e9gions Cadet \u00e0 Challans (07\/04\/2013 &#8211; Cadets) :<\/strong><\/span><\/p>\n<p>1\u00a0PERRET\u00a0KEVIN\u00a0CC CASTELBRIANTAIS\u00a0LOIRE-ATLANTIQUE\u00a0Cadet 2<br \/> 2\u00a0AUDEBRAND\u00a0AXEL\u00a0POC COTE DE LUMIERE\u00a0VEND\u00c9E\u00a0Cadet 2<br \/> 3\u00a0LE HUITOUZE\u00a0Julien\u00a0VC LANGUIDIC\u00a0MORBIHAN\u00a0Cadet 2<br \/> <span style=\"color: #ff6600;\"><strong>59\u00a0RIO\u00a0Alexandre\u00a0AC LANESTER 56\u00a0MORBIHAN\u00a0Cadet 2<\/strong><\/span><\/p>\n<p><span style=\"text-decoration: underline;\"><strong>St Vincent\/Oust &#8211; Redon (07\/04\/2013 &#8211; Cadets en ligne) :<\/strong><\/span><\/p>\n<p>1 BIGOT\u00a0BRICE\u00a0VC DINANNAIS les 60,7 kms en 1h44&rsquo;25\u00a0\u00bb \u00e0 la moyenne de 34,88 km\/h<br \/> 2\u00a0LE MOUEL\u00a0C\u00e9dric\u00a0VC SAINT MALO<br \/> 3\u00a0GUERNALEC\u00a0Thibault\u00a0VC CHATEAULINOIS<br \/> <span style=\"color: #ff6600;\"><strong>35\u00a0ANDRE\u00a0Nathan\u00a0AC LANESTER 56<\/strong><\/span><\/p>\n<p><span style=\"text-decoration: underline;\"><strong>Mor\u00e9ac (07\/04\/2013 &#8211; PC) :<\/strong><\/span><\/p>\n<p>1\u00a0JOLY\u00a0Francis\u00a0AC ST MALO PHILY\u00a0Pass`Cyclisme (D4)<br \/> 2\u00a0LE MOAL\u00a0Franky\u00a0UC CARHAIX\u00a0Pass`Cyclisme (D3)<br \/> 3\u00a0LEBRETON\u00a0Jean Yves\u00a0TEAM ATC 26 DONZERE\u00a0Pass`Cyclisme (D4)<br \/> <span style=\"color: #ff6600;\"><strong>6\u00a0MELEUC\u00a0Richard AC LANESTER 56 Pass&rsquo;Cyclisme (D3)<\/strong><\/span><\/p>\n<p><span style=\"text-decoration: underline;\"><strong>Colpo (31\/03\/2013 &#8211; 2\u00e8me, 3\u00e8me Cat) :<\/strong><\/span><\/p>\n<p>1 POMMELET Eric EC PLOUHA LANVOLLON 2\u00e8me Cat\u00e9gorie 2:25:00 AM<br \/> 2 MOORE George UCL HENNEBONT 2\u00e8me Cat\u00e9gorie<br \/> 3 DAYON Fr\u00e9d\u00e9ric HENNEBONT CYCLISME 2\u00e8me Cat\u00e9gorie<br \/> <span style=\"color: #ff6600;\"><strong>57 LE BOUEDEC REVOLT Corentin AC LANESTER 56 Junior<\/strong><\/span><br \/> <span style=\"color: #ff6600;\"><strong>66 LE GAL K\u00e9vin AC LANESTER 56 Junior<\/strong><\/span><br \/> <span style=\"color: #ff6600;\"><strong>67 LE BRUCHEC Benoit AC LANESTER 56 3\u00e8me Cat\u00e9gorie<\/strong><\/span><\/p>\n<p><span style=\"text-decoration: underline;\"><strong>Mellac (07\/04\/2013 &#8211; 2\u00e8me, 3\u00e8me Cat) :<\/strong><\/span><\/p>\n<p>1\u00a0NOBLET\u00a0Romain\u00a0VC PAYS DE LORIENT\u00a02\u00e8me Cat\u00e9gorie<br \/> 2\u00a0KERJEAN\u00a0Pascal\u00a0CC BOURG BLANC\u00a02\u00e8me Cat\u00e9gorie<br \/> 3\u00a0KERNEIS\u00a0Anthony\u00a0VS SCAEROIS\u00a02\u00e8me Cat\u00e9gorie<br \/> <span style=\"color: #ff6600;\"><strong>13\u00a0SIBY\u00a0Heimrick\u00a0AC LANESTER 56\u00a02\u00e8me Cat\u00e9gorie<\/strong><\/span><\/p>\n<p><em><strong>Remerciements \u00e0 Jean-Marc Morvan.<\/strong><\/em><\/p>\n","protected":false},"excerpt":{"rendered":"","protected":false},"author":14,"featured_media":14237,"comment_status":"open","ping_status":"closed","sticky":false,"template":"","format":"standard","meta":{"ngg_post_thumbnail":0,"footnotes":""},"categories":[5,16,19,18,22,24,23,20],"tags":[],"class_list":["post-14235","post","type-post","status-publish","format-standard","has-post-thumbnail","hentry","category-ac-lanester-56","category-resultats","category-resultats-2eme-categorie","category-resultats-3eme-categorie","category-resultats-cadets","category-resultats-ecole-de-cyclisme","category-resultats-minimes","category-resultats-pass-cyclisme"],"yoast_head":"<!-- This site is optimized with the Yoast SEO plugin v27.5 - https:\/\/yoast.com\/product\/yoast-seo-wordpress\/ -->\n<title>R\u00e9sultats du week-end - Avenir Cycliste Lanester 56<\/title>\n<meta name=\"robots\" content=\"index, follow, max-snippet:-1, max-image-preview:large, max-video-preview:-1\" \/>\n<link rel=\"canonical\" href=\"https:\/\/www.aclanester56.com\/velo\/resultats-du-week-end-21\/\" \/>\n<meta property=\"og:locale\" content=\"fr_FR\" \/>\n<meta property=\"og:type\" content=\"article\" \/>\n<meta property=\"og:title\" content=\"R\u00e9sultats du week-end - Avenir Cycliste Lanester 56\" \/>\n<meta property=\"og:url\" content=\"https:\/\/www.aclanester56.com\/velo\/resultats-du-week-end-21\/\" \/>\n<meta property=\"og:site_name\" content=\"Avenir Cycliste Lanester 56\" \/>\n<meta property=\"article:publisher\" content=\"https:\/\/www.facebook.com\/pages\/AC-Lanester-56\/190286300991242?fref=ts\" \/>\n<meta property=\"article:published_time\" content=\"2013-04-10T20:01:30+00:00\" \/>\n<meta property=\"article:modified_time\" content=\"2013-12-21T21:58:51+00:00\" \/>\n<meta property=\"og:image\" content=\"https:\/\/www.aclanester56.com\/velo\/wp-content\/uploads\/2013\/04\/Yann-Cedric-et-Alexandre-Copie.jpg\" \/>\n\t<meta property=\"og:image:width\" content=\"650\" \/>\n\t<meta property=\"og:image:height\" content=\"300\" \/>\n\t<meta property=\"og:image:type\" content=\"image\/jpeg\" \/>\n<meta name=\"author\" content=\"Jean-Christophe\" \/>\n<meta name=\"twitter:label1\" content=\"\u00c9crit par\" \/>\n\t<meta name=\"twitter:data1\" content=\"Jean-Christophe\" \/>\n\t<meta name=\"twitter:label2\" content=\"Dur\u00e9e de lecture estim\u00e9e\" \/>\n\t<meta name=\"twitter:data2\" content=\"1 minute\" \/>\n<script type=\"application\/ld+json\" class=\"yoast-schema-graph\">{\"@context\":\"https:\\\/\\\/schema.org\",\"@graph\":[{\"@type\":\"Article\",\"@id\":\"https:\\\/\\\/www.aclanester56.com\\\/velo\\\/resultats-du-week-end-21\\\/#article\",\"isPartOf\":{\"@id\":\"https:\\\/\\\/www.aclanester56.com\\\/velo\\\/resultats-du-week-end-21\\\/\"},\"author\":{\"name\":\"Jean-Christophe\",\"@id\":\"https:\\\/\\\/www.aclanester56.com\\\/velo\\\/#\\\/schema\\\/person\\\/ca2a44a5fd969e9dd846c72d3b33bc01\"},\"headline\":\"R\u00e9sultats du week-end\",\"datePublished\":\"2013-04-10T20:01:30+00:00\",\"dateModified\":\"2013-12-21T21:58:51+00:00\",\"mainEntityOfPage\":{\"@id\":\"https:\\\/\\\/www.aclanester56.com\\\/velo\\\/resultats-du-week-end-21\\\/\"},\"wordCount\":284,\"commentCount\":0,\"publisher\":{\"@id\":\"https:\\\/\\\/www.aclanester56.com\\\/velo\\\/#organization\"},\"image\":{\"@id\":\"https:\\\/\\\/www.aclanester56.com\\\/velo\\\/resultats-du-week-end-21\\\/#primaryimage\"},\"thumbnailUrl\":\"https:\\\/\\\/www.aclanester56.com\\\/velo\\\/wp-content\\\/uploads\\\/2013\\\/04\\\/Yann-Cedric-et-Alexandre-Copie.jpg\",\"articleSection\":[\"AC LANESTER 56\",\"R\u00e9sultats\",\"R\u00e9sultats 2eme cat\u00e9gorie\",\"R\u00e9sultats 3eme cat\u00e9gorie\",\"R\u00e9sultats Cadets\",\"R\u00e9sultats Ecole de cyclisme\",\"R\u00e9sultats Minimes\",\"R\u00e9sultats Pass cyclisme\"],\"inLanguage\":\"fr-FR\",\"potentialAction\":[{\"@type\":\"CommentAction\",\"name\":\"Comment\",\"target\":[\"https:\\\/\\\/www.aclanester56.com\\\/velo\\\/resultats-du-week-end-21\\\/#respond\"]}]},{\"@type\":\"WebPage\",\"@id\":\"https:\\\/\\\/www.aclanester56.com\\\/velo\\\/resultats-du-week-end-21\\\/\",\"url\":\"https:\\\/\\\/www.aclanester56.com\\\/velo\\\/resultats-du-week-end-21\\\/\",\"name\":\"R\u00e9sultats du week-end - Avenir Cycliste Lanester 56\",\"isPartOf\":{\"@id\":\"https:\\\/\\\/www.aclanester56.com\\\/velo\\\/#website\"},\"primaryImageOfPage\":{\"@id\":\"https:\\\/\\\/www.aclanester56.com\\\/velo\\\/resultats-du-week-end-21\\\/#primaryimage\"},\"image\":{\"@id\":\"https:\\\/\\\/www.aclanester56.com\\\/velo\\\/resultats-du-week-end-21\\\/#primaryimage\"},\"thumbnailUrl\":\"https:\\\/\\\/www.aclanester56.com\\\/velo\\\/wp-content\\\/uploads\\\/2013\\\/04\\\/Yann-Cedric-et-Alexandre-Copie.jpg\",\"datePublished\":\"2013-04-10T20:01:30+00:00\",\"dateModified\":\"2013-12-21T21:58:51+00:00\",\"inLanguage\":\"fr-FR\",\"potentialAction\":[{\"@type\":\"ReadAction\",\"target\":[\"https:\\\/\\\/www.aclanester56.com\\\/velo\\\/resultats-du-week-end-21\\\/\"]}]},{\"@type\":\"ImageObject\",\"inLanguage\":\"fr-FR\",\"@id\":\"https:\\\/\\\/www.aclanester56.com\\\/velo\\\/resultats-du-week-end-21\\\/#primaryimage\",\"url\":\"https:\\\/\\\/www.aclanester56.com\\\/velo\\\/wp-content\\\/uploads\\\/2013\\\/04\\\/Yann-Cedric-et-Alexandre-Copie.jpg\",\"contentUrl\":\"https:\\\/\\\/www.aclanester56.com\\\/velo\\\/wp-content\\\/uploads\\\/2013\\\/04\\\/Yann-Cedric-et-Alexandre-Copie.jpg\",\"width\":650,\"height\":300},{\"@type\":\"WebSite\",\"@id\":\"https:\\\/\\\/www.aclanester56.com\\\/velo\\\/#website\",\"url\":\"https:\\\/\\\/www.aclanester56.com\\\/velo\\\/\",\"name\":\"Avenir Cycliste Lanester 56\",\"description\":\"Club cycliste de l&#039;AC LANESTER 56\",\"publisher\":{\"@id\":\"https:\\\/\\\/www.aclanester56.com\\\/velo\\\/#organization\"},\"potentialAction\":[{\"@type\":\"SearchAction\",\"target\":{\"@type\":\"EntryPoint\",\"urlTemplate\":\"https:\\\/\\\/www.aclanester56.com\\\/velo\\\/?s={search_term_string}\"},\"query-input\":{\"@type\":\"PropertyValueSpecification\",\"valueRequired\":true,\"valueName\":\"search_term_string\"}}],\"inLanguage\":\"fr-FR\"},{\"@type\":\"Organization\",\"@id\":\"https:\\\/\\\/www.aclanester56.com\\\/velo\\\/#organization\",\"name\":\"Avenir Cycliste Lanester 56\",\"url\":\"https:\\\/\\\/www.aclanester56.com\\\/velo\\\/\",\"logo\":{\"@type\":\"ImageObject\",\"inLanguage\":\"fr-FR\",\"@id\":\"https:\\\/\\\/www.aclanester56.com\\\/velo\\\/#\\\/schema\\\/logo\\\/image\\\/\",\"url\":\"https:\\\/\\\/www.aclanester56.com\\\/velo\\\/wp-content\\\/uploads\\\/2013\\\/04\\\/logo-ACL.jpg\",\"contentUrl\":\"https:\\\/\\\/www.aclanester56.com\\\/velo\\\/wp-content\\\/uploads\\\/2013\\\/04\\\/logo-ACL.jpg\",\"width\":400,\"height\":334,\"caption\":\"Avenir Cycliste Lanester 56\"},\"image\":{\"@id\":\"https:\\\/\\\/www.aclanester56.com\\\/velo\\\/#\\\/schema\\\/logo\\\/image\\\/\"},\"sameAs\":[\"https:\\\/\\\/www.facebook.com\\\/pages\\\/AC-Lanester-56\\\/190286300991242?fref=ts\"]},{\"@type\":\"Person\",\"@id\":\"https:\\\/\\\/www.aclanester56.com\\\/velo\\\/#\\\/schema\\\/person\\\/ca2a44a5fd969e9dd846c72d3b33bc01\",\"name\":\"Jean-Christophe\",\"url\":\"https:\\\/\\\/www.aclanester56.com\\\/velo\\\/author\\\/jeanchristophe\\\/\"}]}<\/script>\n<!-- \/ Yoast SEO plugin. -->","yoast_head_json":{"title":"R\u00e9sultats du week-end - Avenir Cycliste Lanester 56","robots":{"index":"index","follow":"follow","max-snippet":"max-snippet:-1","max-image-preview":"max-image-preview:large","max-video-preview":"max-video-preview:-1"},"canonical":"https:\/\/www.aclanester56.com\/velo\/resultats-du-week-end-21\/","og_locale":"fr_FR","og_type":"article","og_title":"R\u00e9sultats du week-end - Avenir Cycliste Lanester 56","og_url":"https:\/\/www.aclanester56.com\/velo\/resultats-du-week-end-21\/","og_site_name":"Avenir Cycliste Lanester 56","article_publisher":"https:\/\/www.facebook.com\/pages\/AC-Lanester-56\/190286300991242?fref=ts","article_published_time":"2013-04-10T20:01:30+00:00","article_modified_time":"2013-12-21T21:58:51+00:00","og_image":[{"width":650,"height":300,"url":"https:\/\/www.aclanester56.com\/velo\/wp-content\/uploads\/2013\/04\/Yann-Cedric-et-Alexandre-Copie.jpg","type":"image\/jpeg"}],"author":"Jean-Christophe","twitter_misc":{"\u00c9crit par":"Jean-Christophe","Dur\u00e9e de lecture estim\u00e9e":"1 minute"},"schema":{"@context":"https:\/\/schema.org","@graph":[{"@type":"Article","@id":"https:\/\/www.aclanester56.com\/velo\/resultats-du-week-end-21\/#article","isPartOf":{"@id":"https:\/\/www.aclanester56.com\/velo\/resultats-du-week-end-21\/"},"author":{"name":"Jean-Christophe","@id":"https:\/\/www.aclanester56.com\/velo\/#\/schema\/person\/ca2a44a5fd969e9dd846c72d3b33bc01"},"headline":"R\u00e9sultats du week-end","datePublished":"2013-04-10T20:01:30+00:00","dateModified":"2013-12-21T21:58:51+00:00","mainEntityOfPage":{"@id":"https:\/\/www.aclanester56.com\/velo\/resultats-du-week-end-21\/"},"wordCount":284,"commentCount":0,"publisher":{"@id":"https:\/\/www.aclanester56.com\/velo\/#organization"},"image":{"@id":"https:\/\/www.aclanester56.com\/velo\/resultats-du-week-end-21\/#primaryimage"},"thumbnailUrl":"https:\/\/www.aclanester56.com\/velo\/wp-content\/uploads\/2013\/04\/Yann-Cedric-et-Alexandre-Copie.jpg","articleSection":["AC LANESTER 56","R\u00e9sultats","R\u00e9sultats 2eme cat\u00e9gorie","R\u00e9sultats 3eme cat\u00e9gorie","R\u00e9sultats Cadets","R\u00e9sultats Ecole de cyclisme","R\u00e9sultats Minimes","R\u00e9sultats Pass cyclisme"],"inLanguage":"fr-FR","potentialAction":[{"@type":"CommentAction","name":"Comment","target":["https:\/\/www.aclanester56.com\/velo\/resultats-du-week-end-21\/#respond"]}]},{"@type":"WebPage","@id":"https:\/\/www.aclanester56.com\/velo\/resultats-du-week-end-21\/","url":"https:\/\/www.aclanester56.com\/velo\/resultats-du-week-end-21\/","name":"R\u00e9sultats du week-end - Avenir Cycliste Lanester 56","isPartOf":{"@id":"https:\/\/www.aclanester56.com\/velo\/#website"},"primaryImageOfPage":{"@id":"https:\/\/www.aclanester56.com\/velo\/resultats-du-week-end-21\/#primaryimage"},"image":{"@id":"https:\/\/www.aclanester56.com\/velo\/resultats-du-week-end-21\/#primaryimage"},"thumbnailUrl":"https:\/\/www.aclanester56.com\/velo\/wp-content\/uploads\/2013\/04\/Yann-Cedric-et-Alexandre-Copie.jpg","datePublished":"2013-04-10T20:01:30+00:00","dateModified":"2013-12-21T21:58:51+00:00","inLanguage":"fr-FR","potentialAction":[{"@type":"ReadAction","target":["https:\/\/www.aclanester56.com\/velo\/resultats-du-week-end-21\/"]}]},{"@type":"ImageObject","inLanguage":"fr-FR","@id":"https:\/\/www.aclanester56.com\/velo\/resultats-du-week-end-21\/#primaryimage","url":"https:\/\/www.aclanester56.com\/velo\/wp-content\/uploads\/2013\/04\/Yann-Cedric-et-Alexandre-Copie.jpg","contentUrl":"https:\/\/www.aclanester56.com\/velo\/wp-content\/uploads\/2013\/04\/Yann-Cedric-et-Alexandre-Copie.jpg","width":650,"height":300},{"@type":"WebSite","@id":"https:\/\/www.aclanester56.com\/velo\/#website","url":"https:\/\/www.aclanester56.com\/velo\/","name":"Avenir Cycliste Lanester 56","description":"Club cycliste de l&#039;AC LANESTER 56","publisher":{"@id":"https:\/\/www.aclanester56.com\/velo\/#organization"},"potentialAction":[{"@type":"SearchAction","target":{"@type":"EntryPoint","urlTemplate":"https:\/\/www.aclanester56.com\/velo\/?s={search_term_string}"},"query-input":{"@type":"PropertyValueSpecification","valueRequired":true,"valueName":"search_term_string"}}],"inLanguage":"fr-FR"},{"@type":"Organization","@id":"https:\/\/www.aclanester56.com\/velo\/#organization","name":"Avenir Cycliste Lanester 56","url":"https:\/\/www.aclanester56.com\/velo\/","logo":{"@type":"ImageObject","inLanguage":"fr-FR","@id":"https:\/\/www.aclanester56.com\/velo\/#\/schema\/logo\/image\/","url":"https:\/\/www.aclanester56.com\/velo\/wp-content\/uploads\/2013\/04\/logo-ACL.jpg","contentUrl":"https:\/\/www.aclanester56.com\/velo\/wp-content\/uploads\/2013\/04\/logo-ACL.jpg","width":400,"height":334,"caption":"Avenir Cycliste Lanester 56"},"image":{"@id":"https:\/\/www.aclanester56.com\/velo\/#\/schema\/logo\/image\/"},"sameAs":["https:\/\/www.facebook.com\/pages\/AC-Lanester-56\/190286300991242?fref=ts"]},{"@type":"Person","@id":"https:\/\/www.aclanester56.com\/velo\/#\/schema\/person\/ca2a44a5fd969e9dd846c72d3b33bc01","name":"Jean-Christophe","url":"https:\/\/www.aclanester56.com\/velo\/author\/jeanchristophe\/"}]}},"_links":{"self":[{"href":"https:\/\/www.aclanester56.com\/velo\/wp-json\/wp\/v2\/posts\/14235","targetHints":{"allow":["GET"]}}],"collection":[{"href":"https:\/\/www.aclanester56.com\/velo\/wp-json\/wp\/v2\/posts"}],"about":[{"href":"https:\/\/www.aclanester56.com\/velo\/wp-json\/wp\/v2\/types\/post"}],"author":[{"embeddable":true,"href":"https:\/\/www.aclanester56.com\/velo\/wp-json\/wp\/v2\/users\/14"}],"replies":[{"embeddable":true,"href":"https:\/\/www.aclanester56.com\/velo\/wp-json\/wp\/v2\/comments?post=14235"}],"version-history":[{"count":0,"href":"https:\/\/www.aclanester56.com\/velo\/wp-json\/wp\/v2\/posts\/14235\/revisions"}],"wp:featuredmedia":[{"embeddable":true,"href":"https:\/\/www.aclanester56.com\/velo\/wp-json\/wp\/v2\/media\/14237"}],"wp:attachment":[{"href":"https:\/\/www.aclanester56.com\/velo\/wp-json\/wp\/v2\/media?parent=14235"}],"wp:term":[{"taxonomy":"category","embeddable":true,"href":"https:\/\/www.aclanester56.com\/velo\/wp-json\/wp\/v2\/categories?post=14235"},{"taxonomy":"post_tag","embeddable":true,"href":"https:\/\/www.aclanester56.com\/velo\/wp-json\/wp\/v2\/tags?post=14235"}],"curies":[{"name":"wp","href":"https:\/\/api.w.org\/{rel}","templated":true}]}}