{"id":14333,"date":"2013-04-29T22:17:11","date_gmt":"2013-04-29T21:17:11","guid":{"rendered":"http:\/\/www.aclanester56.com\/velo\/?p=14333"},"modified":"2013-12-21T23:55:19","modified_gmt":"2013-12-21T21:55:19","slug":"les-lanesteriens-sur-la-2eme-ronde-des-legendes","status":"publish","type":"post","link":"https:\/\/www.aclanester56.com\/velo\/les-lanesteriens-sur-la-2eme-ronde-des-legendes\/","title":{"rendered":"Les Lanest\u00e9riens sur la 2\u00e8me Ronde des L\u00e9gendes"},"content":{"rendered":"<p style=\"text-align: justify;\"><!--more--><\/p>\n<p style=\"text-align: justify;\">Une \u00e9quipe de cinq coureurs de l&rsquo;AC Lanester 56 \u00e9tait au d\u00e9part ce week-end de la Ronde des L\u00e9gendes, \u00e9preuve en trois \u00e9tapes r\u00e9serv\u00e9e aux 3\u00e8me Cat et Juniors et disput\u00e9e autour de Malestroit.<\/p>\n<p>\u00a0<span style=\"color: #ff6600;\"><strong>1\u00e8re \u00e9tape : Mathieu Le Gal joue plac\u00e9<\/strong><\/span><\/p>\n<p style=\"text-align: justify;\">Sur la 1\u00e8re \u00e9tape autour de St Marcel, le peloton ne laissera jamais filer de coureurs avec un avantage sup\u00e9rieur \u00e0 la minute. Benoit Le Bruchec prend part \u00e0 la principale \u00e9chapp\u00e9e partie au Km 15 et qui sera revue juste avant l&rsquo;entr\u00e9e sur le circuit final. Tandis que Mathieu Le Bruchec \u00e9tait malheureusement \u00e9limin\u00e9 sur chute, son co\u00e9quipier Mathieu Le Gal caracole en t\u00eate avec \u00a0une douzaine de coureurs qui vont se disputer la victoire. Mathieu termine 5\u00e8me, tandis que le junior Maxime Lannurien anticipait le sprint du peloton pour prendre la 16\u00e8me place.<\/p>\n<div id=\"attachment_14337\" style=\"width: 410px\" class=\"wp-caption alignright\"><a href=\"http:\/\/www.aclanester56.com\/velo\/wp-content\/uploads\/2013\/04\/IMG_5597-Copier.jpg\"><img loading=\"lazy\" decoding=\"async\" aria-describedby=\"caption-attachment-14337\" class=\"size-large wp-image-14337\" alt=\"Le junior Maxime Lannurien a \u00e9t\u00e9 tr\u00e8s r\u00e9gulier en rentrant dans le top 15 sur les trois \u00e9tapes (photo Murielle Lhumeau)\" src=\"http:\/\/www.aclanester56.com\/velo\/wp-content\/uploads\/2013\/04\/IMG_5597-Copier-800x533.jpg\" width=\"400\" height=\"266\" srcset=\"https:\/\/www.aclanester56.com\/velo\/wp-content\/uploads\/2013\/04\/IMG_5597-Copier-800x533.jpg 800w, https:\/\/www.aclanester56.com\/velo\/wp-content\/uploads\/2013\/04\/IMG_5597-Copier-300x200.jpg 300w, https:\/\/www.aclanester56.com\/velo\/wp-content\/uploads\/2013\/04\/IMG_5597-Copier-450x300.jpg 450w, https:\/\/www.aclanester56.com\/velo\/wp-content\/uploads\/2013\/04\/IMG_5597-Copier.jpg 1152w\" sizes=\"auto, (max-width: 400px) 100vw, 400px\" \/><\/a><p id=\"caption-attachment-14337\" class=\"wp-caption-text\">Le junior Maxime Lannurien a \u00e9t\u00e9 tr\u00e8s r\u00e9gulier en rentrant dans le top 15 sur les trois \u00e9tapes (photo Murielle Lhumeau)<\/p><\/div>\n<p style=\"text-align: justify;\"><span style=\"color: #ff6600;\"><strong>CLM individuel : la d\u00e9couverte Maxime Lannurien !<\/strong><\/span><\/p>\n<p style=\"text-align: justify;\">Les Lanest\u00e9riens ont r\u00e9alis\u00e9 une belle performance collective sur un exercice chronom\u00e9tr\u00e9 domin\u00e9 par le cyclo-crossman Antoine Jan. Mathieu Le Gal termine 10\u00e8me, juste devant un tr\u00e8s bon Maxime Lannurien 11\u00e8me, qu&rsquo;on d\u00e9couvre dans ce genre d&rsquo;exercice. Benoit Le Bruchec, longtemps meilleur temps provisoire, finit finalement 18\u00e8me, tandis que Florian Mor\u00e9ac termine 39\u00e8me.<\/p>\n<p style=\"text-align: justify;\"><span style=\"color: #ff6600;\"><strong>3\u00e8me \u00e9tape : Peu de changement malgr\u00e9 les barouds de Benoit Le Bruchec<\/strong><\/span><\/p>\n<p style=\"text-align: justify;\">Enfin, sur la 3\u00e8me \u00e9tape, c&rsquo;est encore Benoit Le Bruchec que nous retrouvons dans la premi\u00e8re \u00e9chapp\u00e9e s\u00e9rieuse de six coureurs, partie en d\u00e9but de course. Les hommes de t\u00eate seront revus apr\u00e8s une vingtaine de kilom\u00e8tres d&rsquo;\u00e9chapp\u00e9e, et aussit\u00f4t un nouveau groupe prend les devants, et qui y retrouvons-nous ? L&rsquo;inusable Benoit bien s\u00fbr ! Derri\u00e8re, Mathieu Le Gal tente de sortir \u00e0 plusieurs reprises pour tenter de combler son retard au classement g\u00e9n\u00e9ral, mais m\u00eame s&rsquo;il ne repr\u00e9sente pas un danger imm\u00e9diat, le maillot jaune ne lui laisse pas le champ libre. Le fort vent de face aura finalement raison des \u00e9chapp\u00e9s sur le circuit final et c&rsquo;est un petit groupe qui arrive l\u00e9g\u00e8rement d\u00e9tach\u00e9 au sprint, remport\u00e9 par le Rennais Poli. Au classement g\u00e9n\u00e9ral final, tr\u00e8s peu de changements sont \u00e0 signaler m\u00eame si Mathieu recule \u00e0 la 8\u00e8me place.<\/p>\n<div id=\"attachment_14341\" style=\"width: 410px\" class=\"wp-caption alignright\"><a href=\"http:\/\/www.aclanester56.com\/velo\/wp-content\/uploads\/2013\/04\/IMG_5388-Copier.jpg\"><img loading=\"lazy\" decoding=\"async\" aria-describedby=\"caption-attachment-14341\" class=\"size-large wp-image-14341\" alt=\"Benoit Le Bruchec aura pass\u00e9 beaucoup de temps dans les \u00e9chapp\u00e9es ce week-end ! (photo Murielle Lhumeau)\" src=\"http:\/\/www.aclanester56.com\/velo\/wp-content\/uploads\/2013\/04\/IMG_5388-Copier-800x533.jpg\" width=\"400\" height=\"266\" srcset=\"https:\/\/www.aclanester56.com\/velo\/wp-content\/uploads\/2013\/04\/IMG_5388-Copier-800x533.jpg 800w, https:\/\/www.aclanester56.com\/velo\/wp-content\/uploads\/2013\/04\/IMG_5388-Copier-300x200.jpg 300w, https:\/\/www.aclanester56.com\/velo\/wp-content\/uploads\/2013\/04\/IMG_5388-Copier-450x300.jpg 450w, https:\/\/www.aclanester56.com\/velo\/wp-content\/uploads\/2013\/04\/IMG_5388-Copier.jpg 1152w\" sizes=\"auto, (max-width: 400px) 100vw, 400px\" \/><\/a><p id=\"caption-attachment-14341\" class=\"wp-caption-text\">Benoit Le Bruchec aura pass\u00e9 beaucoup de temps dans les \u00e9chapp\u00e9es ce week-end ! (photo Murielle Lhumeau)<\/p><\/div>\n<p><span style=\"text-decoration: underline;\"><strong>1\u00e8re \u00e9tape St Marcel &#8211; St Marcel (98 Km) :<\/strong><\/span><\/p>\n<p>1 HALOCHE Alban SOJASUN ESPOIR AC NOYAL CHATILLON 2:33:31. 2:33:31. 38.3<br \/> 2 VILLANUEVA Pierre ASPTT RENNES-TEAM SOJASUN CYCL. 2:33:33. 2.<br \/> 3 COLLET Julien EC QUEVEN 2:33:36. 5.<br \/> 4 LUCAS Corentin SOJASUN ESPOIR AC NOYAL CHATILLON 2:33:39. 8.<br \/> <span style=\"color: #ff6600;\"><strong>5 LE GAL Mathieu AC LANESTER 2:33:39. 8.<\/strong><\/span><br \/> <span style=\"color: #ff6600;\"><strong>16 LANNURIEN Maxime AC LANESTER 2:34:41. 1:10.<\/strong><\/span><br \/> <span style=\"color: #ff6600;\"><strong>55 MOREAC Florian AC LANESTER 2:34:59. 1:28.<\/strong><\/span><br \/> <span style=\"color: #ff6600;\"><strong>81 LE BRUCHEC Benoit AC LANESTER 2:37:35. 4:04.<\/strong><\/span><\/p>\n<p><span style=\"text-decoration: underline;\"><strong>2\u00e8me \u00e9tape CLM individuel \u00e0 Carentoir (7.35 Km) :<\/strong><\/span><\/p>\n<p>1 JAN Antoine UCP PLOUAY-HENNEBONT CYCLISME 9:45.66<br \/> 2 LEBRETON Fabien SOJASUN ESPOIR AC NOYAL CHATILLON 10:02.14<br \/> 3 HALOCHE Alban SOJASUN ESPOIR AC NOYAL CHATILLON 10:09.45<br \/> 4 LE CORRE Antoine SC MALESTROIT 10:23.73<br \/> 5 MORICE Alex VELOCE VANNES 10:25.34<br \/> <span style=\"color: #ff6600;\"><strong>10 LE GAL Mathieu AC LANESTER 56 10:34.58<\/strong><\/span><br \/> <span style=\"color: #ff6600;\"><strong>11 LANNURIEN Maxime AC LANESTER 56 10:35.80<\/strong><\/span><br \/> <span style=\"color: #ff6600;\"><strong>18 LE BRUCHEC Benoit AC LANESTER 56 10:44.76<\/strong><\/span><br \/> <span style=\"color: #ff6600;\"><strong>39 MOREAC Florian AC LANESTER 56 11:06.16<\/strong><\/span><\/p>\n<p><span style=\"text-decoration: underline;\"><strong>3\u00e8me \u00e9tape Carentoir &#8211; Mauron (102 Km) :<\/strong><\/span><\/p>\n<p>1 POLI K\u00e9vin ASPTT RENNES-TEAM SOJASUN CYCL. 2:37:17.<br \/> 2 BENNETT Stefan LA ROCHE SUR YON VENDEE CYCLISME<br \/> 3 LE GOFF Arnaud OC LOCMINE<br \/> 4 GRELIER Ludovic LA ROCHE SUR YON VENDEE CYCLISME<br \/> 5 HALOCHE Alban SOJASUN ESPOIR AC NOYAL CHATILLON<br \/> <span style=\"color: #ff6600;\"><strong>15 LANNURIEN Maxime AC LANESTER 56<\/strong><\/span><br \/> <span style=\"color: #ff6600;\"><strong>39 LE GAL Mathieu AC LANESTER 56<\/strong><\/span><br \/> <span style=\"color: #ff6600;\"><strong>43 MOREAC Florian AC LANESTER 56<\/strong><\/span><\/p>\n<p><span style=\"text-decoration: underline;\"><strong>Classement g\u00e9n\u00e9ral final :<\/strong><\/span><\/p>\n<p>1 JAN Antoine UCP PLOUAY-HENNEBONT CYCLISME 3\u00e8me Cat\u00e9gorie 5:20:53.<br \/> 2 HALOCHE Alban SOJASUN ESPOIR AC NOYAL CHATILLON 3\u00e8me Cat\u00e9gorie \u00e0 4.<br \/> 3 VILLANUEVA Pierre ASPTT RENNES-TEAM SOJASUN CYCL. 3\u00e8me Cat\u00e9gorie \u00e0 35.<br \/> 4 LE CORRE Antoine SC MALESTROIT Junior \u00e0 38.<br \/> 5 LUCAS Corentin SOJASUN ESPOIR AC NOYAL CHATILLON Junior \u00e0 41.<br \/> <span style=\"color: #ff6600;\"><strong>8 LE GAL Mathieu AC LANESTER 56 3\u00e8me Cat\u00e9gorie \u00e0 49.<\/strong><\/span><br \/> <span style=\"color: #ff6600;\"><strong>18 LANNURIEN Maxime AC LANESTER 56 Junior \u00e0 1:52.<\/strong><\/span><br \/> <span style=\"color: #ff6600;\"><strong>40 MOREAC Florian AC LANESTER 56 3\u00e8me Cat\u00e9gorie \u00e0 2:41.<\/strong><\/span><\/p>\n<p>&nbsp;<\/p>\n","protected":false},"excerpt":{"rendered":"","protected":false},"author":14,"featured_media":14335,"comment_status":"open","ping_status":"closed","sticky":false,"template":"","format":"standard","meta":{"ngg_post_thumbnail":0,"footnotes":""},"categories":[5,16,18,21],"tags":[],"class_list":["post-14333","post","type-post","status-publish","format-standard","has-post-thumbnail","hentry","category-ac-lanester-56","category-resultats","category-resultats-3eme-categorie","category-resultats-juniors"],"yoast_head":"<!-- This site is optimized with the Yoast SEO plugin v27.5 - https:\/\/yoast.com\/product\/yoast-seo-wordpress\/ -->\n<title>Les Lanest\u00e9riens sur la 2\u00e8me Ronde des L\u00e9gendes - Avenir Cycliste Lanester 56<\/title>\n<meta name=\"robots\" content=\"index, follow, max-snippet:-1, max-image-preview:large, max-video-preview:-1\" \/>\n<link rel=\"canonical\" href=\"https:\/\/www.aclanester56.com\/velo\/les-lanesteriens-sur-la-2eme-ronde-des-legendes\/\" \/>\n<meta property=\"og:locale\" content=\"fr_FR\" \/>\n<meta property=\"og:type\" content=\"article\" \/>\n<meta property=\"og:title\" content=\"Les Lanest\u00e9riens sur la 2\u00e8me Ronde des L\u00e9gendes - Avenir Cycliste Lanester 56\" \/>\n<meta property=\"og:url\" content=\"https:\/\/www.aclanester56.com\/velo\/les-lanesteriens-sur-la-2eme-ronde-des-legendes\/\" \/>\n<meta property=\"og:site_name\" content=\"Avenir Cycliste Lanester 56\" \/>\n<meta property=\"article:publisher\" content=\"https:\/\/www.facebook.com\/pages\/AC-Lanester-56\/190286300991242?fref=ts\" \/>\n<meta property=\"article:published_time\" content=\"2013-04-29T21:17:11+00:00\" \/>\n<meta property=\"article:modified_time\" content=\"2013-12-21T21:55:19+00:00\" \/>\n<meta property=\"og:image\" content=\"https:\/\/www.aclanester56.com\/velo\/wp-content\/uploads\/2013\/04\/IMG_4996-Copier-Copie.jpg\" \/>\n\t<meta property=\"og:image:width\" content=\"650\" \/>\n\t<meta property=\"og:image:height\" content=\"300\" \/>\n\t<meta property=\"og:image:type\" content=\"image\/jpeg\" \/>\n<meta name=\"author\" content=\"Jean-Christophe\" \/>\n<meta name=\"twitter:label1\" content=\"\u00c9crit par\" \/>\n\t<meta name=\"twitter:data1\" content=\"Jean-Christophe\" \/>\n\t<meta name=\"twitter:label2\" content=\"Dur\u00e9e de lecture estim\u00e9e\" \/>\n\t<meta name=\"twitter:data2\" content=\"3 minutes\" \/>\n<script type=\"application\/ld+json\" class=\"yoast-schema-graph\">{\"@context\":\"https:\\\/\\\/schema.org\",\"@graph\":[{\"@type\":\"Article\",\"@id\":\"https:\\\/\\\/www.aclanester56.com\\\/velo\\\/les-lanesteriens-sur-la-2eme-ronde-des-legendes\\\/#article\",\"isPartOf\":{\"@id\":\"https:\\\/\\\/www.aclanester56.com\\\/velo\\\/les-lanesteriens-sur-la-2eme-ronde-des-legendes\\\/\"},\"author\":{\"name\":\"Jean-Christophe\",\"@id\":\"https:\\\/\\\/www.aclanester56.com\\\/velo\\\/#\\\/schema\\\/person\\\/ca2a44a5fd969e9dd846c72d3b33bc01\"},\"headline\":\"Les Lanest\u00e9riens sur la 2\u00e8me Ronde des L\u00e9gendes\",\"datePublished\":\"2013-04-29T21:17:11+00:00\",\"dateModified\":\"2013-12-21T21:55:19+00:00\",\"mainEntityOfPage\":{\"@id\":\"https:\\\/\\\/www.aclanester56.com\\\/velo\\\/les-lanesteriens-sur-la-2eme-ronde-des-legendes\\\/\"},\"wordCount\":669,\"commentCount\":0,\"publisher\":{\"@id\":\"https:\\\/\\\/www.aclanester56.com\\\/velo\\\/#organization\"},\"image\":{\"@id\":\"https:\\\/\\\/www.aclanester56.com\\\/velo\\\/les-lanesteriens-sur-la-2eme-ronde-des-legendes\\\/#primaryimage\"},\"thumbnailUrl\":\"https:\\\/\\\/www.aclanester56.com\\\/velo\\\/wp-content\\\/uploads\\\/2013\\\/04\\\/IMG_4996-Copier-Copie.jpg\",\"articleSection\":[\"AC LANESTER 56\",\"R\u00e9sultats\",\"R\u00e9sultats 3eme cat\u00e9gorie\",\"R\u00e9sultats Juniors\"],\"inLanguage\":\"fr-FR\",\"potentialAction\":[{\"@type\":\"CommentAction\",\"name\":\"Comment\",\"target\":[\"https:\\\/\\\/www.aclanester56.com\\\/velo\\\/les-lanesteriens-sur-la-2eme-ronde-des-legendes\\\/#respond\"]}]},{\"@type\":\"WebPage\",\"@id\":\"https:\\\/\\\/www.aclanester56.com\\\/velo\\\/les-lanesteriens-sur-la-2eme-ronde-des-legendes\\\/\",\"url\":\"https:\\\/\\\/www.aclanester56.com\\\/velo\\\/les-lanesteriens-sur-la-2eme-ronde-des-legendes\\\/\",\"name\":\"Les Lanest\u00e9riens sur la 2\u00e8me Ronde des L\u00e9gendes - Avenir Cycliste Lanester 56\",\"isPartOf\":{\"@id\":\"https:\\\/\\\/www.aclanester56.com\\\/velo\\\/#website\"},\"primaryImageOfPage\":{\"@id\":\"https:\\\/\\\/www.aclanester56.com\\\/velo\\\/les-lanesteriens-sur-la-2eme-ronde-des-legendes\\\/#primaryimage\"},\"image\":{\"@id\":\"https:\\\/\\\/www.aclanester56.com\\\/velo\\\/les-lanesteriens-sur-la-2eme-ronde-des-legendes\\\/#primaryimage\"},\"thumbnailUrl\":\"https:\\\/\\\/www.aclanester56.com\\\/velo\\\/wp-content\\\/uploads\\\/2013\\\/04\\\/IMG_4996-Copier-Copie.jpg\",\"datePublished\":\"2013-04-29T21:17:11+00:00\",\"dateModified\":\"2013-12-21T21:55:19+00:00\",\"inLanguage\":\"fr-FR\",\"potentialAction\":[{\"@type\":\"ReadAction\",\"target\":[\"https:\\\/\\\/www.aclanester56.com\\\/velo\\\/les-lanesteriens-sur-la-2eme-ronde-des-legendes\\\/\"]}]},{\"@type\":\"ImageObject\",\"inLanguage\":\"fr-FR\",\"@id\":\"https:\\\/\\\/www.aclanester56.com\\\/velo\\\/les-lanesteriens-sur-la-2eme-ronde-des-legendes\\\/#primaryimage\",\"url\":\"https:\\\/\\\/www.aclanester56.com\\\/velo\\\/wp-content\\\/uploads\\\/2013\\\/04\\\/IMG_4996-Copier-Copie.jpg\",\"contentUrl\":\"https:\\\/\\\/www.aclanester56.com\\\/velo\\\/wp-content\\\/uploads\\\/2013\\\/04\\\/IMG_4996-Copier-Copie.jpg\",\"width\":650,\"height\":300},{\"@type\":\"WebSite\",\"@id\":\"https:\\\/\\\/www.aclanester56.com\\\/velo\\\/#website\",\"url\":\"https:\\\/\\\/www.aclanester56.com\\\/velo\\\/\",\"name\":\"Avenir Cycliste Lanester 56\",\"description\":\"Club cycliste de l&#039;AC LANESTER 56\",\"publisher\":{\"@id\":\"https:\\\/\\\/www.aclanester56.com\\\/velo\\\/#organization\"},\"potentialAction\":[{\"@type\":\"SearchAction\",\"target\":{\"@type\":\"EntryPoint\",\"urlTemplate\":\"https:\\\/\\\/www.aclanester56.com\\\/velo\\\/?s={search_term_string}\"},\"query-input\":{\"@type\":\"PropertyValueSpecification\",\"valueRequired\":true,\"valueName\":\"search_term_string\"}}],\"inLanguage\":\"fr-FR\"},{\"@type\":\"Organization\",\"@id\":\"https:\\\/\\\/www.aclanester56.com\\\/velo\\\/#organization\",\"name\":\"Avenir Cycliste Lanester 56\",\"url\":\"https:\\\/\\\/www.aclanester56.com\\\/velo\\\/\",\"logo\":{\"@type\":\"ImageObject\",\"inLanguage\":\"fr-FR\",\"@id\":\"https:\\\/\\\/www.aclanester56.com\\\/velo\\\/#\\\/schema\\\/logo\\\/image\\\/\",\"url\":\"https:\\\/\\\/www.aclanester56.com\\\/velo\\\/wp-content\\\/uploads\\\/2013\\\/04\\\/logo-ACL.jpg\",\"contentUrl\":\"https:\\\/\\\/www.aclanester56.com\\\/velo\\\/wp-content\\\/uploads\\\/2013\\\/04\\\/logo-ACL.jpg\",\"width\":400,\"height\":334,\"caption\":\"Avenir Cycliste Lanester 56\"},\"image\":{\"@id\":\"https:\\\/\\\/www.aclanester56.com\\\/velo\\\/#\\\/schema\\\/logo\\\/image\\\/\"},\"sameAs\":[\"https:\\\/\\\/www.facebook.com\\\/pages\\\/AC-Lanester-56\\\/190286300991242?fref=ts\"]},{\"@type\":\"Person\",\"@id\":\"https:\\\/\\\/www.aclanester56.com\\\/velo\\\/#\\\/schema\\\/person\\\/ca2a44a5fd969e9dd846c72d3b33bc01\",\"name\":\"Jean-Christophe\",\"url\":\"https:\\\/\\\/www.aclanester56.com\\\/velo\\\/author\\\/jeanchristophe\\\/\"}]}<\/script>\n<!-- \/ Yoast SEO plugin. -->","yoast_head_json":{"title":"Les Lanest\u00e9riens sur la 2\u00e8me Ronde des L\u00e9gendes - Avenir Cycliste Lanester 56","robots":{"index":"index","follow":"follow","max-snippet":"max-snippet:-1","max-image-preview":"max-image-preview:large","max-video-preview":"max-video-preview:-1"},"canonical":"https:\/\/www.aclanester56.com\/velo\/les-lanesteriens-sur-la-2eme-ronde-des-legendes\/","og_locale":"fr_FR","og_type":"article","og_title":"Les Lanest\u00e9riens sur la 2\u00e8me Ronde des L\u00e9gendes - Avenir Cycliste Lanester 56","og_url":"https:\/\/www.aclanester56.com\/velo\/les-lanesteriens-sur-la-2eme-ronde-des-legendes\/","og_site_name":"Avenir Cycliste Lanester 56","article_publisher":"https:\/\/www.facebook.com\/pages\/AC-Lanester-56\/190286300991242?fref=ts","article_published_time":"2013-04-29T21:17:11+00:00","article_modified_time":"2013-12-21T21:55:19+00:00","og_image":[{"width":650,"height":300,"url":"https:\/\/www.aclanester56.com\/velo\/wp-content\/uploads\/2013\/04\/IMG_4996-Copier-Copie.jpg","type":"image\/jpeg"}],"author":"Jean-Christophe","twitter_misc":{"\u00c9crit par":"Jean-Christophe","Dur\u00e9e de lecture estim\u00e9e":"3 minutes"},"schema":{"@context":"https:\/\/schema.org","@graph":[{"@type":"Article","@id":"https:\/\/www.aclanester56.com\/velo\/les-lanesteriens-sur-la-2eme-ronde-des-legendes\/#article","isPartOf":{"@id":"https:\/\/www.aclanester56.com\/velo\/les-lanesteriens-sur-la-2eme-ronde-des-legendes\/"},"author":{"name":"Jean-Christophe","@id":"https:\/\/www.aclanester56.com\/velo\/#\/schema\/person\/ca2a44a5fd969e9dd846c72d3b33bc01"},"headline":"Les Lanest\u00e9riens sur la 2\u00e8me Ronde des L\u00e9gendes","datePublished":"2013-04-29T21:17:11+00:00","dateModified":"2013-12-21T21:55:19+00:00","mainEntityOfPage":{"@id":"https:\/\/www.aclanester56.com\/velo\/les-lanesteriens-sur-la-2eme-ronde-des-legendes\/"},"wordCount":669,"commentCount":0,"publisher":{"@id":"https:\/\/www.aclanester56.com\/velo\/#organization"},"image":{"@id":"https:\/\/www.aclanester56.com\/velo\/les-lanesteriens-sur-la-2eme-ronde-des-legendes\/#primaryimage"},"thumbnailUrl":"https:\/\/www.aclanester56.com\/velo\/wp-content\/uploads\/2013\/04\/IMG_4996-Copier-Copie.jpg","articleSection":["AC LANESTER 56","R\u00e9sultats","R\u00e9sultats 3eme cat\u00e9gorie","R\u00e9sultats Juniors"],"inLanguage":"fr-FR","potentialAction":[{"@type":"CommentAction","name":"Comment","target":["https:\/\/www.aclanester56.com\/velo\/les-lanesteriens-sur-la-2eme-ronde-des-legendes\/#respond"]}]},{"@type":"WebPage","@id":"https:\/\/www.aclanester56.com\/velo\/les-lanesteriens-sur-la-2eme-ronde-des-legendes\/","url":"https:\/\/www.aclanester56.com\/velo\/les-lanesteriens-sur-la-2eme-ronde-des-legendes\/","name":"Les Lanest\u00e9riens sur la 2\u00e8me Ronde des L\u00e9gendes - Avenir Cycliste Lanester 56","isPartOf":{"@id":"https:\/\/www.aclanester56.com\/velo\/#website"},"primaryImageOfPage":{"@id":"https:\/\/www.aclanester56.com\/velo\/les-lanesteriens-sur-la-2eme-ronde-des-legendes\/#primaryimage"},"image":{"@id":"https:\/\/www.aclanester56.com\/velo\/les-lanesteriens-sur-la-2eme-ronde-des-legendes\/#primaryimage"},"thumbnailUrl":"https:\/\/www.aclanester56.com\/velo\/wp-content\/uploads\/2013\/04\/IMG_4996-Copier-Copie.jpg","datePublished":"2013-04-29T21:17:11+00:00","dateModified":"2013-12-21T21:55:19+00:00","inLanguage":"fr-FR","potentialAction":[{"@type":"ReadAction","target":["https:\/\/www.aclanester56.com\/velo\/les-lanesteriens-sur-la-2eme-ronde-des-legendes\/"]}]},{"@type":"ImageObject","inLanguage":"fr-FR","@id":"https:\/\/www.aclanester56.com\/velo\/les-lanesteriens-sur-la-2eme-ronde-des-legendes\/#primaryimage","url":"https:\/\/www.aclanester56.com\/velo\/wp-content\/uploads\/2013\/04\/IMG_4996-Copier-Copie.jpg","contentUrl":"https:\/\/www.aclanester56.com\/velo\/wp-content\/uploads\/2013\/04\/IMG_4996-Copier-Copie.jpg","width":650,"height":300},{"@type":"WebSite","@id":"https:\/\/www.aclanester56.com\/velo\/#website","url":"https:\/\/www.aclanester56.com\/velo\/","name":"Avenir Cycliste Lanester 56","description":"Club cycliste de l&#039;AC LANESTER 56","publisher":{"@id":"https:\/\/www.aclanester56.com\/velo\/#organization"},"potentialAction":[{"@type":"SearchAction","target":{"@type":"EntryPoint","urlTemplate":"https:\/\/www.aclanester56.com\/velo\/?s={search_term_string}"},"query-input":{"@type":"PropertyValueSpecification","valueRequired":true,"valueName":"search_term_string"}}],"inLanguage":"fr-FR"},{"@type":"Organization","@id":"https:\/\/www.aclanester56.com\/velo\/#organization","name":"Avenir Cycliste Lanester 56","url":"https:\/\/www.aclanester56.com\/velo\/","logo":{"@type":"ImageObject","inLanguage":"fr-FR","@id":"https:\/\/www.aclanester56.com\/velo\/#\/schema\/logo\/image\/","url":"https:\/\/www.aclanester56.com\/velo\/wp-content\/uploads\/2013\/04\/logo-ACL.jpg","contentUrl":"https:\/\/www.aclanester56.com\/velo\/wp-content\/uploads\/2013\/04\/logo-ACL.jpg","width":400,"height":334,"caption":"Avenir Cycliste Lanester 56"},"image":{"@id":"https:\/\/www.aclanester56.com\/velo\/#\/schema\/logo\/image\/"},"sameAs":["https:\/\/www.facebook.com\/pages\/AC-Lanester-56\/190286300991242?fref=ts"]},{"@type":"Person","@id":"https:\/\/www.aclanester56.com\/velo\/#\/schema\/person\/ca2a44a5fd969e9dd846c72d3b33bc01","name":"Jean-Christophe","url":"https:\/\/www.aclanester56.com\/velo\/author\/jeanchristophe\/"}]}},"_links":{"self":[{"href":"https:\/\/www.aclanester56.com\/velo\/wp-json\/wp\/v2\/posts\/14333","targetHints":{"allow":["GET"]}}],"collection":[{"href":"https:\/\/www.aclanester56.com\/velo\/wp-json\/wp\/v2\/posts"}],"about":[{"href":"https:\/\/www.aclanester56.com\/velo\/wp-json\/wp\/v2\/types\/post"}],"author":[{"embeddable":true,"href":"https:\/\/www.aclanester56.com\/velo\/wp-json\/wp\/v2\/users\/14"}],"replies":[{"embeddable":true,"href":"https:\/\/www.aclanester56.com\/velo\/wp-json\/wp\/v2\/comments?post=14333"}],"version-history":[{"count":0,"href":"https:\/\/www.aclanester56.com\/velo\/wp-json\/wp\/v2\/posts\/14333\/revisions"}],"wp:featuredmedia":[{"embeddable":true,"href":"https:\/\/www.aclanester56.com\/velo\/wp-json\/wp\/v2\/media\/14335"}],"wp:attachment":[{"href":"https:\/\/www.aclanester56.com\/velo\/wp-json\/wp\/v2\/media?parent=14333"}],"wp:term":[{"taxonomy":"category","embeddable":true,"href":"https:\/\/www.aclanester56.com\/velo\/wp-json\/wp\/v2\/categories?post=14333"},{"taxonomy":"post_tag","embeddable":true,"href":"https:\/\/www.aclanester56.com\/velo\/wp-json\/wp\/v2\/tags?post=14333"}],"curies":[{"name":"wp","href":"https:\/\/api.w.org\/{rel}","templated":true}]}}