{"id":14558,"date":"2013-05-21T19:13:40","date_gmt":"2013-05-21T18:13:40","guid":{"rendered":"http:\/\/www.aclanester56.com\/velo\/?p=14558"},"modified":"2013-12-21T23:41:53","modified_gmt":"2013-12-21T21:41:53","slug":"les-resultats-de-la-pentecote-du-18-au-20-mai-2013","status":"publish","type":"post","link":"https:\/\/www.aclanester56.com\/velo\/les-resultats-de-la-pentecote-du-18-au-20-mai-2013\/","title":{"rendered":"Les r\u00e9sultats de la Pentec\u00f4te du 18 au 20 Mai 2013"},"content":{"rendered":"<p>\u00a0<!--more--><\/p>\n<p>Ce Week end encore beaucoup de courses et de r\u00e9sultats pour l&rsquo;AC Lanester 56&#8230;<\/p>\n<p><span style=\"text-decoration: underline;\"><strong>\u00a0Land\u00e9vant le 19 Mai 2013 Minimes :<\/strong><\/span><\/p>\n<p>8 LE GUEVEL Am\u00e9lie A.C. Pays de Baud 1\u00e8re cadette<br \/> 9 MOREAU Cl\u00e9ment U.C.K. Vannes<br \/> <span style=\"color: #ff6600;\"><strong>10 REVOLT LE BOUEDEC Johann A.C. Lanester 56<\/strong><\/span><br \/> 11 LE ROUX Axel V.C. Pays de Loud\u00e9ac<br \/> 12 LE PENNEC Gu\u00e9rand A.C. Pays de Baud<br \/> 13 LUCAS Florian Redon O.C.<br \/> 14 PROT Gwenn E.C. Qu\u00e9ven<br \/> 15 LE VIGOUROUX Baptiste V\u00e9loce de Vannes Cyclisme<br \/> <strong><span style=\"color: #ff6600;\">16 LE CHENADEC Antoine A.C. Lanester 56<\/span><\/strong><\/p>\n<p>&nbsp;<\/p>\n<p><span style=\"text-decoration: underline;\"><strong>Noyal Pontyivy Pass Cyclisme le 18 Mai 2013 \u00a0:<\/strong><\/span><\/p>\n<p>D3\/D4<\/p>\n<p>1 TORLAY S\u00e9bastien VS RIEUXOIS 56 D3<br \/> 2 LE TROADEC Nicolas CHASSEURS DE GOURIN CYC. D3<br \/> 3 TABARIC Ronald EC QUEVENOISE D3<br \/> <span style=\"color: #ff6600;\"><strong>4 MELEUC Richard AC LANESTER 56 D3<\/strong><\/span><br \/> 5 CARLAC&rsquo;H Jean Fran\u00e7ois VSP Ploermel D3<br \/> 6 RIOUX Julien VC PONTIVYEN D3<br \/> 7 SELIGOUR Fran\u00e7ois SC MALESTROIT D3<\/p>\n<p>&nbsp;<\/p>\n<p><span style=\"text-decoration: underline;\"><strong>Moelan \/ Mer le 20 Mai 2013 Cadets :<\/strong><\/span><\/p>\n<p>8 GALERNE Dimitri OC LOCMINE<br \/> 9 ANDRIEU BRIANT Tangui VS QUIMPEROIS<br \/> 10 MOYSAN Malo VS QUIMPEROIS<br \/> <span style=\"color: #ff6600;\"><strong>11 RIO Alexandre AC LANESTER 56<\/strong><\/span><br \/> 12 BILLON Ga\u00ebtan VC CHATEAULINOIS<br \/> 13 FLEGEAU Jonathan UC QUIMPERLOISE<br \/> 14 CREN Gwendal LANDIVISIENNE CYCL.<br \/> &#8230;<br \/> 23 LE LEZ Mathias CC BIGOUDEN<br \/> 24 LE BECHENNEC Thibault EC QUEVENOISE<br \/> <span style=\"color: #ff6600;\"><strong>25 LE PROVOST Alexandre AC LANESTER 56<\/strong><\/span><br \/> 26 GICQUEL Valentin EC PLUVIGNOISE<\/p>\n<p>La galerie des Cadets a Moelan sur Mer c&rsquo;est en <a title=\"La galerie Photo des cadets a Moelan sur Mer\" href=\"http:\/\/www.aclanester56.com\/velo\/medias\/photos\/galerie-2013\/?album=11&amp;gallery=147\">cliquant ici<\/a><\/p>\n<p>une Petite\u00a0vid\u00e9o\u00a0avec des s\u00e9quences de passage \u00e0 \u00a02 tours de l&rsquo;arriv\u00e9e \u00a0:<\/p>\n<p><iframe loading=\"lazy\" src=\"http:\/\/www.youtube.com\/embed\/DUfTsNszEgI?rel=0\" height=\"315\" width=\"560\" allowfullscreen=\"\" frameborder=\"0\"><\/iframe><br \/> <span style=\"text-decoration: underline;\"><strong><br \/> <\/strong><\/span><\/p>\n<p><span style=\"text-decoration: underline;\"><strong>Pluvigner le 19 Mai 2013 Junior &amp; 2 cat :\u00a0<\/strong><\/span><\/p>\n<p>31 CHENAIS Fr\u00e9d\u00e9ric REDON OC 2<br \/> 32 ROCHER Ga\u00ebtan VC PAYS DE LORIENT 2<br \/> 33 LE BARBIER Christophe HENNEBONT CYCLISME 2<br \/> <span style=\"color: #ff6600;\"><strong>34 SIBY Heimrick AC LANESTER 56 2<\/strong><\/span><br \/> 35 TREHIN Xavier UCL HENNEBONT 2<br \/> 36 JAN Antoine HENNEBONT CYCLISME 2<br \/> <span style=\"color: #ff6600;\"><strong>37 GUENNEC Maxime AC LANESTER 56 Junior<\/strong><\/span><br \/> 38 FOLLIC David EC PLUVIGNOISE 3<br \/> 39 LE CHENADEC Lo\u00efc UCL HENNEBONT 2<\/p>\n<p>&nbsp;<\/p>\n<p><strong>Tr\u00e9dion le 20 Mai 2013 Junior &amp; 3 cat :<\/strong><\/p>\n<p>3 JUDAIS Dylan REDON OC<br \/> 4 GUIMARD David VC PAYS DE LORIENT<br \/> <span style=\"color: #ff6600;\"><strong>5 LE BRUCHEC Benoit AC LANESTER 56<\/strong><\/span><br \/> 6 DARMONT Maxime VC PORNICHET<br \/> 7 LE PANSE Laurent UCL HENNEBONT<br \/> 8 FOUQUET VALENTIN AC BREVINOIS<br \/> 9 TANGUY Sylvain VC PAYS DE LORIENT<br \/> 10 ROBIC Thomas RUN BIKE CLUB 56<br \/> <span style=\"color: #ff6600;\"><strong>11 LE KER Davy AC LANESTER 56<\/strong><\/span><br \/> 12 GUIL Vincent VELOCE VANNETAIS CYCL.<br \/> 13 HARVIS Maxime OC LOCMINE<\/p>\n<p>&nbsp;<\/p>\n<p><span style=\"text-decoration: underline;\"><strong>Taupont le 19 Mai 2013 3cat :<\/strong><\/span><\/p>\n<p>13 COLLET Julien EC QUEVENOISE 3\u00e8me mt<br \/> <span style=\"color: #ff6600;\"><strong>14 LE GAL Mathieu AC LANESTER 56 3\u00e8me mt<\/strong><\/span><br \/> 15 GUIMARD David VC PAYS DE LORIENT 3\u00e8me mt<br \/> 16 COUGOULAT Simon AC PAYS DE BAUD 3\u00e8me mt<br \/> 17 HAMONIC Gurvan UCL HENNEBONT 3\u00e8me mt<br \/> 18 THERAUD JEAN PHILIPPE HENNEBONT CYCLISME 3\u00e8me mt<br \/> 19 THENAISIE Mathias HENNEBONT CYCLISME 3\u00e8me \u00e0 3mn10<br \/> 20 LE DIVENACH Ludovic UCL HENNEBONT 3\u00e8me \u00e0 3mn30<br \/> 21 LE BOUEDEC David AC PAYS DE BAUD 3\u00e8me<br \/> 22 LE PANSE Laurent UCL HENNEBONT 3\u00e8me<br \/> 23 POTIER St\u00e9phane UCL HENNEBONT 3\u00e8me<br \/> <strong><span style=\"color: #ff6600;\">24 CAZUGUEL Tony AC LANESTER 56 3\u00e8me<\/span><\/strong><br \/> 25 STASKEWITSCH NICOLAS VC BELLILOIS 3\u00e8me<\/p>\n<p>&nbsp;<\/p>\n","protected":false},"excerpt":{"rendered":"<p>\u00a0<\/p>\n","protected":false},"author":2,"featured_media":14575,"comment_status":"open","ping_status":"closed","sticky":false,"template":"","format":"standard","meta":{"ngg_post_thumbnail":0,"footnotes":""},"categories":[5,16,19,18,22,21,23,20],"tags":[],"class_list":["post-14558","post","type-post","status-publish","format-standard","has-post-thumbnail","hentry","category-ac-lanester-56","category-resultats","category-resultats-2eme-categorie","category-resultats-3eme-categorie","category-resultats-cadets","category-resultats-juniors","category-resultats-minimes","category-resultats-pass-cyclisme"],"yoast_head":"<!-- This site is optimized with the Yoast SEO plugin v27.5 - https:\/\/yoast.com\/product\/yoast-seo-wordpress\/ -->\n<title>Les r\u00e9sultats de la Pentec\u00f4te du 18 au 20 Mai 2013 - Avenir Cycliste Lanester 56<\/title>\n<meta name=\"robots\" content=\"index, follow, max-snippet:-1, max-image-preview:large, max-video-preview:-1\" \/>\n<link rel=\"canonical\" href=\"https:\/\/www.aclanester56.com\/velo\/les-resultats-de-la-pentecote-du-18-au-20-mai-2013\/\" \/>\n<meta property=\"og:locale\" content=\"fr_FR\" \/>\n<meta property=\"og:type\" content=\"article\" \/>\n<meta property=\"og:title\" content=\"Les r\u00e9sultats de la Pentec\u00f4te du 18 au 20 Mai 2013 - Avenir Cycliste Lanester 56\" \/>\n<meta property=\"og:description\" content=\"\u00a0\" \/>\n<meta property=\"og:url\" content=\"https:\/\/www.aclanester56.com\/velo\/les-resultats-de-la-pentecote-du-18-au-20-mai-2013\/\" \/>\n<meta property=\"og:site_name\" content=\"Avenir Cycliste Lanester 56\" \/>\n<meta property=\"article:publisher\" content=\"https:\/\/www.facebook.com\/pages\/AC-Lanester-56\/190286300991242?fref=ts\" \/>\n<meta property=\"article:published_time\" content=\"2013-05-21T18:13:40+00:00\" \/>\n<meta property=\"article:modified_time\" content=\"2013-12-21T21:41:53+00:00\" \/>\n<meta property=\"og:image\" content=\"https:\/\/www.aclanester56.com\/velo\/wp-content\/uploads\/2013\/05\/alex-rio-650-300.jpg\" \/>\n\t<meta property=\"og:image:width\" content=\"649\" \/>\n\t<meta property=\"og:image:height\" content=\"300\" \/>\n\t<meta property=\"og:image:type\" content=\"image\/jpeg\" \/>\n<meta name=\"author\" content=\"stephane\" \/>\n<meta name=\"twitter:label1\" content=\"\u00c9crit par\" \/>\n\t<meta name=\"twitter:data1\" content=\"stephane\" \/>\n\t<meta name=\"twitter:label2\" content=\"Dur\u00e9e de lecture estim\u00e9e\" \/>\n\t<meta name=\"twitter:data2\" content=\"2 minutes\" \/>\n<script type=\"application\/ld+json\" class=\"yoast-schema-graph\">{\"@context\":\"https:\\\/\\\/schema.org\",\"@graph\":[{\"@type\":\"Article\",\"@id\":\"https:\\\/\\\/www.aclanester56.com\\\/velo\\\/les-resultats-de-la-pentecote-du-18-au-20-mai-2013\\\/#article\",\"isPartOf\":{\"@id\":\"https:\\\/\\\/www.aclanester56.com\\\/velo\\\/les-resultats-de-la-pentecote-du-18-au-20-mai-2013\\\/\"},\"author\":{\"name\":\"stephane\",\"@id\":\"https:\\\/\\\/www.aclanester56.com\\\/velo\\\/#\\\/schema\\\/person\\\/c844661e64a578ca46639cb0ae764de6\"},\"headline\":\"Les r\u00e9sultats de la Pentec\u00f4te du 18 au 20 Mai 2013\",\"datePublished\":\"2013-05-21T18:13:40+00:00\",\"dateModified\":\"2013-12-21T21:41:53+00:00\",\"mainEntityOfPage\":{\"@id\":\"https:\\\/\\\/www.aclanester56.com\\\/velo\\\/les-resultats-de-la-pentecote-du-18-au-20-mai-2013\\\/\"},\"wordCount\":432,\"commentCount\":0,\"publisher\":{\"@id\":\"https:\\\/\\\/www.aclanester56.com\\\/velo\\\/#organization\"},\"image\":{\"@id\":\"https:\\\/\\\/www.aclanester56.com\\\/velo\\\/les-resultats-de-la-pentecote-du-18-au-20-mai-2013\\\/#primaryimage\"},\"thumbnailUrl\":\"https:\\\/\\\/www.aclanester56.com\\\/velo\\\/wp-content\\\/uploads\\\/2013\\\/05\\\/alex-rio-650-300.jpg\",\"articleSection\":[\"AC LANESTER 56\",\"R\u00e9sultats\",\"R\u00e9sultats 2eme cat\u00e9gorie\",\"R\u00e9sultats 3eme cat\u00e9gorie\",\"R\u00e9sultats Cadets\",\"R\u00e9sultats Juniors\",\"R\u00e9sultats Minimes\",\"R\u00e9sultats Pass cyclisme\"],\"inLanguage\":\"fr-FR\",\"potentialAction\":[{\"@type\":\"CommentAction\",\"name\":\"Comment\",\"target\":[\"https:\\\/\\\/www.aclanester56.com\\\/velo\\\/les-resultats-de-la-pentecote-du-18-au-20-mai-2013\\\/#respond\"]}]},{\"@type\":\"WebPage\",\"@id\":\"https:\\\/\\\/www.aclanester56.com\\\/velo\\\/les-resultats-de-la-pentecote-du-18-au-20-mai-2013\\\/\",\"url\":\"https:\\\/\\\/www.aclanester56.com\\\/velo\\\/les-resultats-de-la-pentecote-du-18-au-20-mai-2013\\\/\",\"name\":\"Les r\u00e9sultats de la Pentec\u00f4te du 18 au 20 Mai 2013 - Avenir Cycliste Lanester 56\",\"isPartOf\":{\"@id\":\"https:\\\/\\\/www.aclanester56.com\\\/velo\\\/#website\"},\"primaryImageOfPage\":{\"@id\":\"https:\\\/\\\/www.aclanester56.com\\\/velo\\\/les-resultats-de-la-pentecote-du-18-au-20-mai-2013\\\/#primaryimage\"},\"image\":{\"@id\":\"https:\\\/\\\/www.aclanester56.com\\\/velo\\\/les-resultats-de-la-pentecote-du-18-au-20-mai-2013\\\/#primaryimage\"},\"thumbnailUrl\":\"https:\\\/\\\/www.aclanester56.com\\\/velo\\\/wp-content\\\/uploads\\\/2013\\\/05\\\/alex-rio-650-300.jpg\",\"datePublished\":\"2013-05-21T18:13:40+00:00\",\"dateModified\":\"2013-12-21T21:41:53+00:00\",\"inLanguage\":\"fr-FR\",\"potentialAction\":[{\"@type\":\"ReadAction\",\"target\":[\"https:\\\/\\\/www.aclanester56.com\\\/velo\\\/les-resultats-de-la-pentecote-du-18-au-20-mai-2013\\\/\"]}]},{\"@type\":\"ImageObject\",\"inLanguage\":\"fr-FR\",\"@id\":\"https:\\\/\\\/www.aclanester56.com\\\/velo\\\/les-resultats-de-la-pentecote-du-18-au-20-mai-2013\\\/#primaryimage\",\"url\":\"https:\\\/\\\/www.aclanester56.com\\\/velo\\\/wp-content\\\/uploads\\\/2013\\\/05\\\/alex-rio-650-300.jpg\",\"contentUrl\":\"https:\\\/\\\/www.aclanester56.com\\\/velo\\\/wp-content\\\/uploads\\\/2013\\\/05\\\/alex-rio-650-300.jpg\",\"width\":649,\"height\":300},{\"@type\":\"WebSite\",\"@id\":\"https:\\\/\\\/www.aclanester56.com\\\/velo\\\/#website\",\"url\":\"https:\\\/\\\/www.aclanester56.com\\\/velo\\\/\",\"name\":\"Avenir Cycliste Lanester 56\",\"description\":\"Club cycliste de l&#039;AC LANESTER 56\",\"publisher\":{\"@id\":\"https:\\\/\\\/www.aclanester56.com\\\/velo\\\/#organization\"},\"potentialAction\":[{\"@type\":\"SearchAction\",\"target\":{\"@type\":\"EntryPoint\",\"urlTemplate\":\"https:\\\/\\\/www.aclanester56.com\\\/velo\\\/?s={search_term_string}\"},\"query-input\":{\"@type\":\"PropertyValueSpecification\",\"valueRequired\":true,\"valueName\":\"search_term_string\"}}],\"inLanguage\":\"fr-FR\"},{\"@type\":\"Organization\",\"@id\":\"https:\\\/\\\/www.aclanester56.com\\\/velo\\\/#organization\",\"name\":\"Avenir Cycliste Lanester 56\",\"url\":\"https:\\\/\\\/www.aclanester56.com\\\/velo\\\/\",\"logo\":{\"@type\":\"ImageObject\",\"inLanguage\":\"fr-FR\",\"@id\":\"https:\\\/\\\/www.aclanester56.com\\\/velo\\\/#\\\/schema\\\/logo\\\/image\\\/\",\"url\":\"https:\\\/\\\/www.aclanester56.com\\\/velo\\\/wp-content\\\/uploads\\\/2013\\\/04\\\/logo-ACL.jpg\",\"contentUrl\":\"https:\\\/\\\/www.aclanester56.com\\\/velo\\\/wp-content\\\/uploads\\\/2013\\\/04\\\/logo-ACL.jpg\",\"width\":400,\"height\":334,\"caption\":\"Avenir Cycliste Lanester 56\"},\"image\":{\"@id\":\"https:\\\/\\\/www.aclanester56.com\\\/velo\\\/#\\\/schema\\\/logo\\\/image\\\/\"},\"sameAs\":[\"https:\\\/\\\/www.facebook.com\\\/pages\\\/AC-Lanester-56\\\/190286300991242?fref=ts\"]},{\"@type\":\"Person\",\"@id\":\"https:\\\/\\\/www.aclanester56.com\\\/velo\\\/#\\\/schema\\\/person\\\/c844661e64a578ca46639cb0ae764de6\",\"name\":\"stephane\",\"url\":\"https:\\\/\\\/www.aclanester56.com\\\/velo\\\/author\\\/stephane\\\/\"}]}<\/script>\n<!-- \/ Yoast SEO plugin. -->","yoast_head_json":{"title":"Les r\u00e9sultats de la Pentec\u00f4te du 18 au 20 Mai 2013 - Avenir Cycliste Lanester 56","robots":{"index":"index","follow":"follow","max-snippet":"max-snippet:-1","max-image-preview":"max-image-preview:large","max-video-preview":"max-video-preview:-1"},"canonical":"https:\/\/www.aclanester56.com\/velo\/les-resultats-de-la-pentecote-du-18-au-20-mai-2013\/","og_locale":"fr_FR","og_type":"article","og_title":"Les r\u00e9sultats de la Pentec\u00f4te du 18 au 20 Mai 2013 - Avenir Cycliste Lanester 56","og_description":"\u00a0","og_url":"https:\/\/www.aclanester56.com\/velo\/les-resultats-de-la-pentecote-du-18-au-20-mai-2013\/","og_site_name":"Avenir Cycliste Lanester 56","article_publisher":"https:\/\/www.facebook.com\/pages\/AC-Lanester-56\/190286300991242?fref=ts","article_published_time":"2013-05-21T18:13:40+00:00","article_modified_time":"2013-12-21T21:41:53+00:00","og_image":[{"width":649,"height":300,"url":"https:\/\/www.aclanester56.com\/velo\/wp-content\/uploads\/2013\/05\/alex-rio-650-300.jpg","type":"image\/jpeg"}],"author":"stephane","twitter_misc":{"\u00c9crit par":"stephane","Dur\u00e9e de lecture estim\u00e9e":"2 minutes"},"schema":{"@context":"https:\/\/schema.org","@graph":[{"@type":"Article","@id":"https:\/\/www.aclanester56.com\/velo\/les-resultats-de-la-pentecote-du-18-au-20-mai-2013\/#article","isPartOf":{"@id":"https:\/\/www.aclanester56.com\/velo\/les-resultats-de-la-pentecote-du-18-au-20-mai-2013\/"},"author":{"name":"stephane","@id":"https:\/\/www.aclanester56.com\/velo\/#\/schema\/person\/c844661e64a578ca46639cb0ae764de6"},"headline":"Les r\u00e9sultats de la Pentec\u00f4te du 18 au 20 Mai 2013","datePublished":"2013-05-21T18:13:40+00:00","dateModified":"2013-12-21T21:41:53+00:00","mainEntityOfPage":{"@id":"https:\/\/www.aclanester56.com\/velo\/les-resultats-de-la-pentecote-du-18-au-20-mai-2013\/"},"wordCount":432,"commentCount":0,"publisher":{"@id":"https:\/\/www.aclanester56.com\/velo\/#organization"},"image":{"@id":"https:\/\/www.aclanester56.com\/velo\/les-resultats-de-la-pentecote-du-18-au-20-mai-2013\/#primaryimage"},"thumbnailUrl":"https:\/\/www.aclanester56.com\/velo\/wp-content\/uploads\/2013\/05\/alex-rio-650-300.jpg","articleSection":["AC LANESTER 56","R\u00e9sultats","R\u00e9sultats 2eme cat\u00e9gorie","R\u00e9sultats 3eme cat\u00e9gorie","R\u00e9sultats Cadets","R\u00e9sultats Juniors","R\u00e9sultats Minimes","R\u00e9sultats Pass cyclisme"],"inLanguage":"fr-FR","potentialAction":[{"@type":"CommentAction","name":"Comment","target":["https:\/\/www.aclanester56.com\/velo\/les-resultats-de-la-pentecote-du-18-au-20-mai-2013\/#respond"]}]},{"@type":"WebPage","@id":"https:\/\/www.aclanester56.com\/velo\/les-resultats-de-la-pentecote-du-18-au-20-mai-2013\/","url":"https:\/\/www.aclanester56.com\/velo\/les-resultats-de-la-pentecote-du-18-au-20-mai-2013\/","name":"Les r\u00e9sultats de la Pentec\u00f4te du 18 au 20 Mai 2013 - Avenir Cycliste Lanester 56","isPartOf":{"@id":"https:\/\/www.aclanester56.com\/velo\/#website"},"primaryImageOfPage":{"@id":"https:\/\/www.aclanester56.com\/velo\/les-resultats-de-la-pentecote-du-18-au-20-mai-2013\/#primaryimage"},"image":{"@id":"https:\/\/www.aclanester56.com\/velo\/les-resultats-de-la-pentecote-du-18-au-20-mai-2013\/#primaryimage"},"thumbnailUrl":"https:\/\/www.aclanester56.com\/velo\/wp-content\/uploads\/2013\/05\/alex-rio-650-300.jpg","datePublished":"2013-05-21T18:13:40+00:00","dateModified":"2013-12-21T21:41:53+00:00","inLanguage":"fr-FR","potentialAction":[{"@type":"ReadAction","target":["https:\/\/www.aclanester56.com\/velo\/les-resultats-de-la-pentecote-du-18-au-20-mai-2013\/"]}]},{"@type":"ImageObject","inLanguage":"fr-FR","@id":"https:\/\/www.aclanester56.com\/velo\/les-resultats-de-la-pentecote-du-18-au-20-mai-2013\/#primaryimage","url":"https:\/\/www.aclanester56.com\/velo\/wp-content\/uploads\/2013\/05\/alex-rio-650-300.jpg","contentUrl":"https:\/\/www.aclanester56.com\/velo\/wp-content\/uploads\/2013\/05\/alex-rio-650-300.jpg","width":649,"height":300},{"@type":"WebSite","@id":"https:\/\/www.aclanester56.com\/velo\/#website","url":"https:\/\/www.aclanester56.com\/velo\/","name":"Avenir Cycliste Lanester 56","description":"Club cycliste de l&#039;AC LANESTER 56","publisher":{"@id":"https:\/\/www.aclanester56.com\/velo\/#organization"},"potentialAction":[{"@type":"SearchAction","target":{"@type":"EntryPoint","urlTemplate":"https:\/\/www.aclanester56.com\/velo\/?s={search_term_string}"},"query-input":{"@type":"PropertyValueSpecification","valueRequired":true,"valueName":"search_term_string"}}],"inLanguage":"fr-FR"},{"@type":"Organization","@id":"https:\/\/www.aclanester56.com\/velo\/#organization","name":"Avenir Cycliste Lanester 56","url":"https:\/\/www.aclanester56.com\/velo\/","logo":{"@type":"ImageObject","inLanguage":"fr-FR","@id":"https:\/\/www.aclanester56.com\/velo\/#\/schema\/logo\/image\/","url":"https:\/\/www.aclanester56.com\/velo\/wp-content\/uploads\/2013\/04\/logo-ACL.jpg","contentUrl":"https:\/\/www.aclanester56.com\/velo\/wp-content\/uploads\/2013\/04\/logo-ACL.jpg","width":400,"height":334,"caption":"Avenir Cycliste Lanester 56"},"image":{"@id":"https:\/\/www.aclanester56.com\/velo\/#\/schema\/logo\/image\/"},"sameAs":["https:\/\/www.facebook.com\/pages\/AC-Lanester-56\/190286300991242?fref=ts"]},{"@type":"Person","@id":"https:\/\/www.aclanester56.com\/velo\/#\/schema\/person\/c844661e64a578ca46639cb0ae764de6","name":"stephane","url":"https:\/\/www.aclanester56.com\/velo\/author\/stephane\/"}]}},"_links":{"self":[{"href":"https:\/\/www.aclanester56.com\/velo\/wp-json\/wp\/v2\/posts\/14558","targetHints":{"allow":["GET"]}}],"collection":[{"href":"https:\/\/www.aclanester56.com\/velo\/wp-json\/wp\/v2\/posts"}],"about":[{"href":"https:\/\/www.aclanester56.com\/velo\/wp-json\/wp\/v2\/types\/post"}],"author":[{"embeddable":true,"href":"https:\/\/www.aclanester56.com\/velo\/wp-json\/wp\/v2\/users\/2"}],"replies":[{"embeddable":true,"href":"https:\/\/www.aclanester56.com\/velo\/wp-json\/wp\/v2\/comments?post=14558"}],"version-history":[{"count":0,"href":"https:\/\/www.aclanester56.com\/velo\/wp-json\/wp\/v2\/posts\/14558\/revisions"}],"wp:featuredmedia":[{"embeddable":true,"href":"https:\/\/www.aclanester56.com\/velo\/wp-json\/wp\/v2\/media\/14575"}],"wp:attachment":[{"href":"https:\/\/www.aclanester56.com\/velo\/wp-json\/wp\/v2\/media?parent=14558"}],"wp:term":[{"taxonomy":"category","embeddable":true,"href":"https:\/\/www.aclanester56.com\/velo\/wp-json\/wp\/v2\/categories?post=14558"},{"taxonomy":"post_tag","embeddable":true,"href":"https:\/\/www.aclanester56.com\/velo\/wp-json\/wp\/v2\/tags?post=14558"}],"curies":[{"name":"wp","href":"https:\/\/api.w.org\/{rel}","templated":true}]}}