{"id":1461,"date":"2010-01-24T09:17:01","date_gmt":"2010-01-24T08:17:01","guid":{"rendered":"http:\/\/www.aclanester56.com\/velo\/?p=1461"},"modified":"2010-01-25T11:20:40","modified_gmt":"2010-01-25T10:20:40","slug":"le-soleil-cloture-notre-stage","status":"publish","type":"post","link":"https:\/\/www.aclanester56.com\/velo\/le-soleil-cloture-notre-stage\/","title":{"rendered":"Le soleil cl\u00f4ture notre stage"},"content":{"rendered":"<p><!-- \t\t@page { margin: 2cm } \t\tP { margin-bottom: 0.21cm } --><\/p>\n<p><br class=\"spacer_\" \/><\/p>\n<p><br class=\"spacer_\" \/><\/p>\n<div id=\"attachment_1463\" style=\"width: 310px\" class=\"wp-caption alignleft\"><a href=\"http:\/\/www.aclanester56.com\/velo\/wp-content\/uploads\/2010\/01\/pr\u00e9sentation-22.01-redim6401.jpg\"><img loading=\"lazy\" decoding=\"async\" aria-describedby=\"caption-attachment-1463\" class=\"size-medium wp-image-1463\" src=\"http:\/\/www.aclanester56.com\/velo\/wp-content\/uploads\/2010\/01\/pr\u00e9sentation-22.01-redim6401-300x200.jpg\" alt=\"\" width=\"300\" height=\"200\" srcset=\"https:\/\/www.aclanester56.com\/velo\/wp-content\/uploads\/2010\/01\/pr\u00e9sentation-22.01-redim6401-300x200.jpg 300w, https:\/\/www.aclanester56.com\/velo\/wp-content\/uploads\/2010\/01\/pr\u00e9sentation-22.01-redim6401.jpg 640w\" sizes=\"auto, (max-width: 300px) 100vw, 300px\" \/><\/a><p id=\"caption-attachment-1463\" class=\"wp-caption-text\">L&#39;ACL56 finit son stage sur la roue arri\u00e8re<\/p><\/div>\n<p><br class=\"spacer_\" \/><\/p>\n<p><br class=\"spacer_\" \/><\/p>\n<p>22 janvier 2010 :<\/p>\n<p>R\u00e9veil sous un beau soleil.<\/p>\n<p>Au programme : toujours ski et v\u00e9lo&#8230;<\/p>\n<p><br class=\"spacer_\" \/><\/p>\n<p><br class=\"spacer_\" \/><\/p>\n<p><br class=\"spacer_\" \/><\/p>\n<p><br class=\"spacer_\" \/><\/p>\n<p><br class=\"spacer_\" \/><\/p>\n<p><!--more--><\/p>\n<p><a href=\"http:\/\/www.aclanester56.com\/velo\/wp-content\/uploads\/2010\/01\/presentation-ski-matin-redim6401.jpg\"><img loading=\"lazy\" decoding=\"async\" class=\"alignleft size-thumbnail wp-image-1465\" src=\"http:\/\/www.aclanester56.com\/velo\/wp-content\/uploads\/2010\/01\/presentation-ski-matin-redim6401-150x150.jpg\" alt=\"\" width=\"150\" height=\"150\" \/><\/a><\/p>\n<p><br class=\"spacer_\" \/><\/p>\n<p><br class=\"spacer_\" \/><\/p>\n<p>Le matin :<\/p>\n<p>L&rsquo;\u00e9quipe a peu ski\u00e9 se r\u00e9servant pour la grosse sortie de l&rsquo;apr\u00e8s midi.<\/p>\n<p><br class=\"spacer_\" \/><\/p>\n<p><br class=\"spacer_\" \/><\/p>\n<p><a href=\"http:\/\/www.aclanester56.com\/velo\/wp-content\/uploads\/2010\/01\/convivialit\u00e9.jpg\"><img loading=\"lazy\" decoding=\"async\" class=\"alignleft size-medium wp-image-1466\" src=\"http:\/\/www.aclanester56.com\/velo\/wp-content\/uploads\/2010\/01\/convivialit\u00e9-300x225.jpg\" alt=\"\" width=\"300\" height=\"225\" srcset=\"https:\/\/www.aclanester56.com\/velo\/wp-content\/uploads\/2010\/01\/convivialit\u00e9-300x225.jpg 300w, https:\/\/www.aclanester56.com\/velo\/wp-content\/uploads\/2010\/01\/convivialit\u00e9.jpg 640w\" sizes=\"auto, (max-width: 300px) 100vw, 300px\" \/><\/a><\/p>\n<p><br class=\"spacer_\" \/><\/p>\n<p><br class=\"spacer_\" \/><\/p>\n<p><br class=\"spacer_\" \/><\/p>\n<p>\u00abConvivialit\u00e9\u00a0\u00bb<\/p>\n<p>Les stagiaires se retrouvent, partageant le repas du midi.<\/p>\n<p><br class=\"spacer_\" \/><\/p>\n<p><br class=\"spacer_\" \/><\/p>\n<p><br class=\"spacer_\" \/><\/p>\n<p><br class=\"spacer_\" \/><\/p>\n<p>L&rsquo;apr\u00e8s-midi :<\/p>\n<p>La derni\u00e8re sortie nous a men\u00e9 sur les pentes de Super bagn\u00e8res et du Portilhon.<\/p>\n<p>Puis la remont\u00e9e de Peyresourde par Luchon cl\u00f4tura ce stage enrichissant.<\/p>\n<p>Nous repartons ce samedi matin retrouver notre ch\u00e8re Bretagne.<\/p>\n<p><a href=\"http:\/\/www.aclanester56.com\/velo\/wp-content\/uploads\/2010\/01\/1-aprm-redim640.jpg\"><img loading=\"lazy\" decoding=\"async\" class=\"alignleft size-medium wp-image-1467\" src=\"http:\/\/www.aclanester56.com\/velo\/wp-content\/uploads\/2010\/01\/1-aprm-redim640-300x200.jpg\" alt=\"\" width=\"300\" height=\"200\" srcset=\"https:\/\/www.aclanester56.com\/velo\/wp-content\/uploads\/2010\/01\/1-aprm-redim640-300x200.jpg 300w, https:\/\/www.aclanester56.com\/velo\/wp-content\/uploads\/2010\/01\/1-aprm-redim640.jpg 640w\" sizes=\"auto, (max-width: 300px) 100vw, 300px\" \/><\/a><a href=\"http:\/\/www.aclanester56.com\/velo\/wp-content\/uploads\/2010\/01\/2aprm-redim6401.jpg\"><img loading=\"lazy\" decoding=\"async\" class=\"alignleft size-medium wp-image-1469\" src=\"http:\/\/www.aclanester56.com\/velo\/wp-content\/uploads\/2010\/01\/2aprm-redim6401-300x200.jpg\" alt=\"\" width=\"300\" height=\"200\" srcset=\"https:\/\/www.aclanester56.com\/velo\/wp-content\/uploads\/2010\/01\/2aprm-redim6401-300x200.jpg 300w, https:\/\/www.aclanester56.com\/velo\/wp-content\/uploads\/2010\/01\/2aprm-redim6401.jpg 640w\" sizes=\"auto, (max-width: 300px) 100vw, 300px\" \/><\/a><\/p>\n<p><br class=\"spacer_\" \/><\/p>\n<p><br class=\"spacer_\" \/><\/p>\n<p><br class=\"spacer_\" \/><\/p>\n<p><br class=\"spacer_\" \/><\/p>\n<p><br class=\"spacer_\" \/><\/p>\n<p><br class=\"spacer_\" \/><\/p>\n<p><br class=\"spacer_\" \/><\/p>\n<p><br class=\"spacer_\" \/><\/p>\n<p><a href=\"http:\/\/www.aclanester56.com\/velo\/wp-content\/uploads\/2010\/01\/skiset-redim640.jpg\"><img loading=\"lazy\" decoding=\"async\" class=\"alignleft size-medium wp-image-1470\" src=\"http:\/\/www.aclanester56.com\/velo\/wp-content\/uploads\/2010\/01\/skiset-redim640-300x225.jpg\" alt=\"\" width=\"300\" height=\"225\" srcset=\"https:\/\/www.aclanester56.com\/velo\/wp-content\/uploads\/2010\/01\/skiset-redim640-300x225.jpg 300w, https:\/\/www.aclanester56.com\/velo\/wp-content\/uploads\/2010\/01\/skiset-redim640.jpg 640w\" sizes=\"auto, (max-width: 300px) 100vw, 300px\" \/><\/a><\/p>\n<p><br class=\"spacer_\" \/><\/p>\n<p><br class=\"spacer_\" \/><\/p>\n<p><br class=\"spacer_\" \/><\/p>\n<p>Nous remercions toute l&rsquo;\u00e9quipe fort sympathique des locations de ski : \u00abSKISET\u00a0\u00bb de Peyragudes, pour ses services et son accueil\u00a0 plus que chaleureux&#8230;<\/p>\n<p><br class=\"spacer_\" \/><\/p>\n<p><br class=\"spacer_\" \/><\/p>\n<p><br class=\"spacer_\" \/><\/p>\n<p><br class=\"spacer_\" \/><\/p>\n<p><span style=\"font-size: medium;\">Toute l&rsquo;\u00e9quipe de la DN Espoirs\u00a0remercie l&rsquo;AC LANESTER\u00a056, du Signaleur au Pr\u00e9sident\u00a0en passant par les partenaires\u00a0priv\u00e9s et publics, de nous avoir donn\u00e9 les moyens d&rsquo;organiser ce formidable stage qui devient incontournable depuis quatre saisons.<\/span><\/p>\n<p>\ufeff<\/p>\n<p><!-- \t\t@page { margin: 2cm } \t\tP { margin-bottom: 0.21cm } --><\/p>\n","protected":false},"excerpt":{"rendered":"<p>22 janvier 2010 : R\u00e9veil sous un beau soleil. Au programme : toujours ski et v\u00e9lo&#8230;<\/p>\n","protected":false},"author":14,"featured_media":1463,"comment_status":"open","ping_status":"open","sticky":false,"template":"","format":"standard","meta":{"ngg_post_thumbnail":0,"footnotes":""},"categories":[14],"tags":[],"class_list":["post-1461","post","type-post","status-publish","format-standard","has-post-thumbnail","hentry","category-actualites-dn"],"yoast_head":"<!-- This site is optimized with the Yoast SEO plugin v27.5 - https:\/\/yoast.com\/product\/yoast-seo-wordpress\/ -->\n<title>Le soleil cl\u00f4ture notre stage - Avenir Cycliste Lanester 56<\/title>\n<meta name=\"robots\" content=\"index, follow, max-snippet:-1, max-image-preview:large, max-video-preview:-1\" \/>\n<link rel=\"canonical\" href=\"https:\/\/www.aclanester56.com\/velo\/le-soleil-cloture-notre-stage\/\" \/>\n<meta property=\"og:locale\" content=\"fr_FR\" \/>\n<meta property=\"og:type\" content=\"article\" \/>\n<meta property=\"og:title\" content=\"Le soleil cl\u00f4ture notre stage - Avenir Cycliste Lanester 56\" \/>\n<meta property=\"og:description\" content=\"22 janvier 2010 : R\u00e9veil sous un beau soleil. Au programme : toujours ski et v\u00e9lo&#8230;\" \/>\n<meta property=\"og:url\" content=\"https:\/\/www.aclanester56.com\/velo\/le-soleil-cloture-notre-stage\/\" \/>\n<meta property=\"og:site_name\" content=\"Avenir Cycliste Lanester 56\" \/>\n<meta property=\"article:publisher\" content=\"https:\/\/www.facebook.com\/pages\/AC-Lanester-56\/190286300991242?fref=ts\" \/>\n<meta property=\"article:published_time\" content=\"2010-01-24T08:17:01+00:00\" \/>\n<meta property=\"article:modified_time\" content=\"2010-01-25T10:20:40+00:00\" \/>\n<meta property=\"og:image\" content=\"https:\/\/www.aclanester56.com\/velo\/wp-content\/uploads\/2010\/01\/pr\u00e9sentation-22.01-redim6401.jpg\" \/>\n\t<meta property=\"og:image:width\" content=\"640\" \/>\n\t<meta property=\"og:image:height\" content=\"428\" \/>\n\t<meta property=\"og:image:type\" content=\"image\/jpeg\" \/>\n<meta name=\"author\" content=\"Jean-Christophe\" \/>\n<meta name=\"twitter:label1\" content=\"\u00c9crit par\" \/>\n\t<meta name=\"twitter:data1\" content=\"Jean-Christophe\" \/>\n\t<meta name=\"twitter:label2\" content=\"Dur\u00e9e de lecture estim\u00e9e\" \/>\n\t<meta name=\"twitter:data2\" content=\"1 minute\" \/>\n<script type=\"application\/ld+json\" class=\"yoast-schema-graph\">{\"@context\":\"https:\\\/\\\/schema.org\",\"@graph\":[{\"@type\":\"Article\",\"@id\":\"https:\\\/\\\/www.aclanester56.com\\\/velo\\\/le-soleil-cloture-notre-stage\\\/#article\",\"isPartOf\":{\"@id\":\"https:\\\/\\\/www.aclanester56.com\\\/velo\\\/le-soleil-cloture-notre-stage\\\/\"},\"author\":{\"name\":\"Jean-Christophe\",\"@id\":\"https:\\\/\\\/www.aclanester56.com\\\/velo\\\/#\\\/schema\\\/person\\\/ca2a44a5fd969e9dd846c72d3b33bc01\"},\"headline\":\"Le soleil cl\u00f4ture notre stage\",\"datePublished\":\"2010-01-24T08:17:01+00:00\",\"dateModified\":\"2010-01-25T10:20:40+00:00\",\"mainEntityOfPage\":{\"@id\":\"https:\\\/\\\/www.aclanester56.com\\\/velo\\\/le-soleil-cloture-notre-stage\\\/\"},\"wordCount\":171,\"commentCount\":0,\"publisher\":{\"@id\":\"https:\\\/\\\/www.aclanester56.com\\\/velo\\\/#organization\"},\"image\":{\"@id\":\"https:\\\/\\\/www.aclanester56.com\\\/velo\\\/le-soleil-cloture-notre-stage\\\/#primaryimage\"},\"thumbnailUrl\":\"https:\\\/\\\/www.aclanester56.com\\\/velo\\\/wp-content\\\/uploads\\\/2010\\\/01\\\/pr\u00e9sentation-22.01-redim6401.jpg\",\"articleSection\":[\"Actualit\u00e9s DN\"],\"inLanguage\":\"fr-FR\",\"potentialAction\":[{\"@type\":\"CommentAction\",\"name\":\"Comment\",\"target\":[\"https:\\\/\\\/www.aclanester56.com\\\/velo\\\/le-soleil-cloture-notre-stage\\\/#respond\"]}]},{\"@type\":\"WebPage\",\"@id\":\"https:\\\/\\\/www.aclanester56.com\\\/velo\\\/le-soleil-cloture-notre-stage\\\/\",\"url\":\"https:\\\/\\\/www.aclanester56.com\\\/velo\\\/le-soleil-cloture-notre-stage\\\/\",\"name\":\"Le soleil cl\u00f4ture notre stage - Avenir Cycliste Lanester 56\",\"isPartOf\":{\"@id\":\"https:\\\/\\\/www.aclanester56.com\\\/velo\\\/#website\"},\"primaryImageOfPage\":{\"@id\":\"https:\\\/\\\/www.aclanester56.com\\\/velo\\\/le-soleil-cloture-notre-stage\\\/#primaryimage\"},\"image\":{\"@id\":\"https:\\\/\\\/www.aclanester56.com\\\/velo\\\/le-soleil-cloture-notre-stage\\\/#primaryimage\"},\"thumbnailUrl\":\"https:\\\/\\\/www.aclanester56.com\\\/velo\\\/wp-content\\\/uploads\\\/2010\\\/01\\\/pr\u00e9sentation-22.01-redim6401.jpg\",\"datePublished\":\"2010-01-24T08:17:01+00:00\",\"dateModified\":\"2010-01-25T10:20:40+00:00\",\"inLanguage\":\"fr-FR\",\"potentialAction\":[{\"@type\":\"ReadAction\",\"target\":[\"https:\\\/\\\/www.aclanester56.com\\\/velo\\\/le-soleil-cloture-notre-stage\\\/\"]}]},{\"@type\":\"ImageObject\",\"inLanguage\":\"fr-FR\",\"@id\":\"https:\\\/\\\/www.aclanester56.com\\\/velo\\\/le-soleil-cloture-notre-stage\\\/#primaryimage\",\"url\":\"https:\\\/\\\/www.aclanester56.com\\\/velo\\\/wp-content\\\/uploads\\\/2010\\\/01\\\/pr\u00e9sentation-22.01-redim6401.jpg\",\"contentUrl\":\"https:\\\/\\\/www.aclanester56.com\\\/velo\\\/wp-content\\\/uploads\\\/2010\\\/01\\\/pr\u00e9sentation-22.01-redim6401.jpg\",\"width\":640,\"height\":428,\"caption\":\"L'ACL56 finie son stage sur la roue arri\u00e8re\"},{\"@type\":\"WebSite\",\"@id\":\"https:\\\/\\\/www.aclanester56.com\\\/velo\\\/#website\",\"url\":\"https:\\\/\\\/www.aclanester56.com\\\/velo\\\/\",\"name\":\"Avenir Cycliste Lanester 56\",\"description\":\"Club cycliste de l&#039;AC LANESTER 56\",\"publisher\":{\"@id\":\"https:\\\/\\\/www.aclanester56.com\\\/velo\\\/#organization\"},\"potentialAction\":[{\"@type\":\"SearchAction\",\"target\":{\"@type\":\"EntryPoint\",\"urlTemplate\":\"https:\\\/\\\/www.aclanester56.com\\\/velo\\\/?s={search_term_string}\"},\"query-input\":{\"@type\":\"PropertyValueSpecification\",\"valueRequired\":true,\"valueName\":\"search_term_string\"}}],\"inLanguage\":\"fr-FR\"},{\"@type\":\"Organization\",\"@id\":\"https:\\\/\\\/www.aclanester56.com\\\/velo\\\/#organization\",\"name\":\"Avenir Cycliste Lanester 56\",\"url\":\"https:\\\/\\\/www.aclanester56.com\\\/velo\\\/\",\"logo\":{\"@type\":\"ImageObject\",\"inLanguage\":\"fr-FR\",\"@id\":\"https:\\\/\\\/www.aclanester56.com\\\/velo\\\/#\\\/schema\\\/logo\\\/image\\\/\",\"url\":\"https:\\\/\\\/www.aclanester56.com\\\/velo\\\/wp-content\\\/uploads\\\/2013\\\/04\\\/logo-ACL.jpg\",\"contentUrl\":\"https:\\\/\\\/www.aclanester56.com\\\/velo\\\/wp-content\\\/uploads\\\/2013\\\/04\\\/logo-ACL.jpg\",\"width\":400,\"height\":334,\"caption\":\"Avenir Cycliste Lanester 56\"},\"image\":{\"@id\":\"https:\\\/\\\/www.aclanester56.com\\\/velo\\\/#\\\/schema\\\/logo\\\/image\\\/\"},\"sameAs\":[\"https:\\\/\\\/www.facebook.com\\\/pages\\\/AC-Lanester-56\\\/190286300991242?fref=ts\"]},{\"@type\":\"Person\",\"@id\":\"https:\\\/\\\/www.aclanester56.com\\\/velo\\\/#\\\/schema\\\/person\\\/ca2a44a5fd969e9dd846c72d3b33bc01\",\"name\":\"Jean-Christophe\",\"url\":\"https:\\\/\\\/www.aclanester56.com\\\/velo\\\/author\\\/jeanchristophe\\\/\"}]}<\/script>\n<!-- \/ Yoast SEO plugin. -->","yoast_head_json":{"title":"Le soleil cl\u00f4ture notre stage - Avenir Cycliste Lanester 56","robots":{"index":"index","follow":"follow","max-snippet":"max-snippet:-1","max-image-preview":"max-image-preview:large","max-video-preview":"max-video-preview:-1"},"canonical":"https:\/\/www.aclanester56.com\/velo\/le-soleil-cloture-notre-stage\/","og_locale":"fr_FR","og_type":"article","og_title":"Le soleil cl\u00f4ture notre stage - Avenir Cycliste Lanester 56","og_description":"22 janvier 2010 : R\u00e9veil sous un beau soleil. Au programme : toujours ski et v\u00e9lo&#8230;","og_url":"https:\/\/www.aclanester56.com\/velo\/le-soleil-cloture-notre-stage\/","og_site_name":"Avenir Cycliste Lanester 56","article_publisher":"https:\/\/www.facebook.com\/pages\/AC-Lanester-56\/190286300991242?fref=ts","article_published_time":"2010-01-24T08:17:01+00:00","article_modified_time":"2010-01-25T10:20:40+00:00","og_image":[{"width":640,"height":428,"url":"https:\/\/www.aclanester56.com\/velo\/wp-content\/uploads\/2010\/01\/pr\u00e9sentation-22.01-redim6401.jpg","type":"image\/jpeg"}],"author":"Jean-Christophe","twitter_misc":{"\u00c9crit par":"Jean-Christophe","Dur\u00e9e de lecture estim\u00e9e":"1 minute"},"schema":{"@context":"https:\/\/schema.org","@graph":[{"@type":"Article","@id":"https:\/\/www.aclanester56.com\/velo\/le-soleil-cloture-notre-stage\/#article","isPartOf":{"@id":"https:\/\/www.aclanester56.com\/velo\/le-soleil-cloture-notre-stage\/"},"author":{"name":"Jean-Christophe","@id":"https:\/\/www.aclanester56.com\/velo\/#\/schema\/person\/ca2a44a5fd969e9dd846c72d3b33bc01"},"headline":"Le soleil cl\u00f4ture notre stage","datePublished":"2010-01-24T08:17:01+00:00","dateModified":"2010-01-25T10:20:40+00:00","mainEntityOfPage":{"@id":"https:\/\/www.aclanester56.com\/velo\/le-soleil-cloture-notre-stage\/"},"wordCount":171,"commentCount":0,"publisher":{"@id":"https:\/\/www.aclanester56.com\/velo\/#organization"},"image":{"@id":"https:\/\/www.aclanester56.com\/velo\/le-soleil-cloture-notre-stage\/#primaryimage"},"thumbnailUrl":"https:\/\/www.aclanester56.com\/velo\/wp-content\/uploads\/2010\/01\/pr\u00e9sentation-22.01-redim6401.jpg","articleSection":["Actualit\u00e9s DN"],"inLanguage":"fr-FR","potentialAction":[{"@type":"CommentAction","name":"Comment","target":["https:\/\/www.aclanester56.com\/velo\/le-soleil-cloture-notre-stage\/#respond"]}]},{"@type":"WebPage","@id":"https:\/\/www.aclanester56.com\/velo\/le-soleil-cloture-notre-stage\/","url":"https:\/\/www.aclanester56.com\/velo\/le-soleil-cloture-notre-stage\/","name":"Le soleil cl\u00f4ture notre stage - Avenir Cycliste Lanester 56","isPartOf":{"@id":"https:\/\/www.aclanester56.com\/velo\/#website"},"primaryImageOfPage":{"@id":"https:\/\/www.aclanester56.com\/velo\/le-soleil-cloture-notre-stage\/#primaryimage"},"image":{"@id":"https:\/\/www.aclanester56.com\/velo\/le-soleil-cloture-notre-stage\/#primaryimage"},"thumbnailUrl":"https:\/\/www.aclanester56.com\/velo\/wp-content\/uploads\/2010\/01\/pr\u00e9sentation-22.01-redim6401.jpg","datePublished":"2010-01-24T08:17:01+00:00","dateModified":"2010-01-25T10:20:40+00:00","inLanguage":"fr-FR","potentialAction":[{"@type":"ReadAction","target":["https:\/\/www.aclanester56.com\/velo\/le-soleil-cloture-notre-stage\/"]}]},{"@type":"ImageObject","inLanguage":"fr-FR","@id":"https:\/\/www.aclanester56.com\/velo\/le-soleil-cloture-notre-stage\/#primaryimage","url":"https:\/\/www.aclanester56.com\/velo\/wp-content\/uploads\/2010\/01\/pr\u00e9sentation-22.01-redim6401.jpg","contentUrl":"https:\/\/www.aclanester56.com\/velo\/wp-content\/uploads\/2010\/01\/pr\u00e9sentation-22.01-redim6401.jpg","width":640,"height":428,"caption":"L'ACL56 finie son stage sur la roue arri\u00e8re"},{"@type":"WebSite","@id":"https:\/\/www.aclanester56.com\/velo\/#website","url":"https:\/\/www.aclanester56.com\/velo\/","name":"Avenir Cycliste Lanester 56","description":"Club cycliste de l&#039;AC LANESTER 56","publisher":{"@id":"https:\/\/www.aclanester56.com\/velo\/#organization"},"potentialAction":[{"@type":"SearchAction","target":{"@type":"EntryPoint","urlTemplate":"https:\/\/www.aclanester56.com\/velo\/?s={search_term_string}"},"query-input":{"@type":"PropertyValueSpecification","valueRequired":true,"valueName":"search_term_string"}}],"inLanguage":"fr-FR"},{"@type":"Organization","@id":"https:\/\/www.aclanester56.com\/velo\/#organization","name":"Avenir Cycliste Lanester 56","url":"https:\/\/www.aclanester56.com\/velo\/","logo":{"@type":"ImageObject","inLanguage":"fr-FR","@id":"https:\/\/www.aclanester56.com\/velo\/#\/schema\/logo\/image\/","url":"https:\/\/www.aclanester56.com\/velo\/wp-content\/uploads\/2013\/04\/logo-ACL.jpg","contentUrl":"https:\/\/www.aclanester56.com\/velo\/wp-content\/uploads\/2013\/04\/logo-ACL.jpg","width":400,"height":334,"caption":"Avenir Cycliste Lanester 56"},"image":{"@id":"https:\/\/www.aclanester56.com\/velo\/#\/schema\/logo\/image\/"},"sameAs":["https:\/\/www.facebook.com\/pages\/AC-Lanester-56\/190286300991242?fref=ts"]},{"@type":"Person","@id":"https:\/\/www.aclanester56.com\/velo\/#\/schema\/person\/ca2a44a5fd969e9dd846c72d3b33bc01","name":"Jean-Christophe","url":"https:\/\/www.aclanester56.com\/velo\/author\/jeanchristophe\/"}]}},"_links":{"self":[{"href":"https:\/\/www.aclanester56.com\/velo\/wp-json\/wp\/v2\/posts\/1461","targetHints":{"allow":["GET"]}}],"collection":[{"href":"https:\/\/www.aclanester56.com\/velo\/wp-json\/wp\/v2\/posts"}],"about":[{"href":"https:\/\/www.aclanester56.com\/velo\/wp-json\/wp\/v2\/types\/post"}],"author":[{"embeddable":true,"href":"https:\/\/www.aclanester56.com\/velo\/wp-json\/wp\/v2\/users\/14"}],"replies":[{"embeddable":true,"href":"https:\/\/www.aclanester56.com\/velo\/wp-json\/wp\/v2\/comments?post=1461"}],"version-history":[{"count":0,"href":"https:\/\/www.aclanester56.com\/velo\/wp-json\/wp\/v2\/posts\/1461\/revisions"}],"wp:featuredmedia":[{"embeddable":true,"href":"https:\/\/www.aclanester56.com\/velo\/wp-json\/wp\/v2\/media\/1463"}],"wp:attachment":[{"href":"https:\/\/www.aclanester56.com\/velo\/wp-json\/wp\/v2\/media?parent=1461"}],"wp:term":[{"taxonomy":"category","embeddable":true,"href":"https:\/\/www.aclanester56.com\/velo\/wp-json\/wp\/v2\/categories?post=1461"},{"taxonomy":"post_tag","embeddable":true,"href":"https:\/\/www.aclanester56.com\/velo\/wp-json\/wp\/v2\/tags?post=1461"}],"curies":[{"name":"wp","href":"https:\/\/api.w.org\/{rel}","templated":true}]}}