{"id":14613,"date":"2013-05-27T22:05:21","date_gmt":"2013-05-27T21:05:21","guid":{"rendered":"http:\/\/www.aclanester56.com\/velo\/?p=14613"},"modified":"2013-12-21T23:39:00","modified_gmt":"2013-12-21T21:39:00","slug":"thomas-denis-double-champion-de-bretagne-sur-piste","status":"publish","type":"post","link":"https:\/\/www.aclanester56.com\/velo\/thomas-denis-double-champion-de-bretagne-sur-piste\/","title":{"rendered":"Thomas Denis double champion de Bretagne sur piste !"},"content":{"rendered":"<p style=\"text-align: justify;\"><!--more--><\/p>\n<p style=\"text-align: justify;\">Le cadet lanest\u00e9rien Thomas Denis a fait tr\u00e8s fort samedi dernier sur le v\u00e9lodrome de Plouay en remportant deux titres de champion de Bretagne (poursuite individuelle et course aux points) !<\/p>\n<p>\u00a0<span style=\"color: #ff6600;\"><strong>Un tr\u00e8s bon temps sur la poursuite individuelle<\/strong><\/span><\/p>\n<p style=\"text-align: justify;\">Le coureur de l&rsquo;AC Lanester 56 Thomas Denis remporte le titre r\u00e9gional de poursuite individuelle en parcourant les 3 Km en 3&rsquo;46&Prime;32, soit pr\u00e8s de 48 Km\/h de moyenne ! Avec ce temps, Thomas aurait termin\u00e9 13\u00e8me du championnat de France l&rsquo;an dernier, en sachant que la piste en bois de Hy\u00e8res est beaucoup plus roulante que celle en bitume de Plouay, ce qui peut donner des ambitions justifi\u00e9es pour le podium national. \u00a0Le jeune Lanest\u00e9rien a pr\u00e9par\u00e9 ce rendez-vous depuis plusieurs semaines avec Karl Chandavoine, sp\u00e9cialiste de la piste \u00e0 l&rsquo;AC Lanester 56 et double champion de France Masters 2012 sur piste, qui n&rsquo;a pas \u00e9t\u00e9 avare de conseils.<\/p>\n<div id=\"attachment_14617\" style=\"width: 410px\" class=\"wp-caption alignright\"><a href=\"http:\/\/www.aclanester56.com\/velo\/wp-content\/uploads\/2013\/05\/Thomas-Denis-poursuite.jpg\"><img loading=\"lazy\" decoding=\"async\" aria-describedby=\"caption-attachment-14617\" class=\"size-large wp-image-14617\" alt=\"Thomas avait bien pr\u00e9par\u00e9 la poursuite individuelle (photo Marion Denis)\" src=\"http:\/\/www.aclanester56.com\/velo\/wp-content\/uploads\/2013\/05\/Thomas-Denis-poursuite-800x530.jpg\" width=\"400\" height=\"265\" srcset=\"https:\/\/www.aclanester56.com\/velo\/wp-content\/uploads\/2013\/05\/Thomas-Denis-poursuite-800x530.jpg 800w, https:\/\/www.aclanester56.com\/velo\/wp-content\/uploads\/2013\/05\/Thomas-Denis-poursuite-300x198.jpg 300w, https:\/\/www.aclanester56.com\/velo\/wp-content\/uploads\/2013\/05\/Thomas-Denis-poursuite-452x300.jpg 452w, https:\/\/www.aclanester56.com\/velo\/wp-content\/uploads\/2013\/05\/Thomas-Denis-poursuite.jpg 960w\" sizes=\"auto, (max-width: 400px) 100vw, 400px\" \/><\/a><p id=\"caption-attachment-14617\" class=\"wp-caption-text\">Thomas avait bien pr\u00e9par\u00e9 la poursuite individuelle (photo Marion Denis)<\/p><\/div>\n<p style=\"text-align: justify;\"><span style=\"color: #ff6600;\"><strong>Un 2\u00e8me maillot \u00e0 hermines sur la course aux points !<\/strong><\/span><\/p>\n<p style=\"text-align: justify;\">Le Lanest\u00e9rien ram\u00e8ne \u00e9galement le maillot \u00e0 hermines sur la course aux points, \u00e0 l&rsquo;issue d&rsquo;une course rondement men\u00e9e. Ces deux titres r\u00e9compensent les efforts accomplis par Thomas depuis plusieurs semaines, sacrifiant quelques rendez-vous sur route pour aborder dans les meilleurs conditions ce championnat de Bretagne. Le vainqueur du scratch lors du championnat de France Cadets 2012 lorgne d\u00e9sormais vers les rendez-vous nationaux pour tenter d&rsquo;imiter son\u00a0entra\u00eeneur\u00a0!<\/p>\n<p><span style=\"text-decoration: underline;\"><strong>COURSE AUX POINTS\u00a0\u00a0<\/strong><\/span><br \/> <span style=\"color: #ff6600;\"><strong>1\u00a0DENIS Thomas\u00a0ACLANESTER 56\u00a017 pts<\/strong><\/span><br \/> 2\u00a0LE HUITOUZE Julien\u00a0VC LANGUIDIC\u00a011 pts<br \/> 3\u00a0LESAGE Pierre\u00a0BIC 2000\u00a06\u00a0pts<br \/> 4\u00a0YVINEC Erwann\u00a0UC CARHAIX\u00a06\u00a0pts<br \/> 5\u00a0VIVIER Ronann\u00a0VC ST MALO\u00a02\u00a0pts<br \/> 6\u00a0MANCHEC Ga\u00ebtan\u00a0UCP MORLAIX\u00a01\u00a0pt<br \/> 7\u00a0TURPIN Mathieu\u00a0TEAM COTE DE GRANIT\u00a01\u00a0pt<\/p>\n<div>\u00a0<\/div>\n<div><span style=\"text-decoration: underline;\"><strong>POURSUITE &#8211; 3 KM<\/strong>\u00a0\u00a0<\/span><br \/> <span style=\"color: #ff6600;\"><strong>1\u00a0DENIS Thomas\u00a0ACLANESTER 56\u00a03,46,32<\/strong><\/span><br \/> 2\u00a0VIVIER Ronan VC ST MALO\u00a03,52,99<br \/> 3\u00a0MANCHEC Ga\u00ebtan\u00a0UCP MORLAIX\u00a03,54,66<br \/> 4\u00a0LE MOUEL C\u00e9dric\u00a0VC ST MALO\u00a03,55,87<br \/> 5\u00a0JACQ L\u00e9o\u00a0VS LESNEVIEN\u00a03,56,51<br \/> 6\u00a0TURPIN Mathieu\u00a0TEAM COTE DE GRANIT\u00a03,58,30<br \/> 7\u00a0PETITJEAN Gwenael\u00a0VC ST MALO\u00a04,01,98<br \/> 8\u00a0YVINEC Erwann\u00a0UC CARHAIX\u00a04,02,24<br \/> 9\u00a0TINTINGER Maxime\u00a0VELOCE VANNETAIS CYCLISME\u00a04,05,22<br \/> 10\u00a0LUCAS Emilien\u00a0REDON OC\u00a04,06,74<\/div>\n","protected":false},"excerpt":{"rendered":"","protected":false},"author":14,"featured_media":14615,"comment_status":"open","ping_status":"closed","sticky":false,"template":"","format":"standard","meta":{"ngg_post_thumbnail":0,"footnotes":""},"categories":[5,16,22],"tags":[],"class_list":["post-14613","post","type-post","status-publish","format-standard","has-post-thumbnail","hentry","category-ac-lanester-56","category-resultats","category-resultats-cadets"],"yoast_head":"<!-- This site is optimized with the Yoast SEO plugin v27.4 - https:\/\/yoast.com\/product\/yoast-seo-wordpress\/ -->\n<title>Thomas Denis double champion de Bretagne sur piste ! - Avenir Cycliste Lanester 56<\/title>\n<meta name=\"robots\" content=\"index, follow, max-snippet:-1, max-image-preview:large, max-video-preview:-1\" \/>\n<link rel=\"canonical\" href=\"https:\/\/www.aclanester56.com\/velo\/thomas-denis-double-champion-de-bretagne-sur-piste\/\" \/>\n<meta property=\"og:locale\" content=\"fr_FR\" \/>\n<meta property=\"og:type\" content=\"article\" \/>\n<meta property=\"og:title\" content=\"Thomas Denis double champion de Bretagne sur piste ! - Avenir Cycliste Lanester 56\" \/>\n<meta property=\"og:url\" content=\"https:\/\/www.aclanester56.com\/velo\/thomas-denis-double-champion-de-bretagne-sur-piste\/\" \/>\n<meta property=\"og:site_name\" content=\"Avenir Cycliste Lanester 56\" \/>\n<meta property=\"article:publisher\" content=\"https:\/\/www.facebook.com\/pages\/AC-Lanester-56\/190286300991242?fref=ts\" \/>\n<meta property=\"article:published_time\" content=\"2013-05-27T21:05:21+00:00\" \/>\n<meta property=\"article:modified_time\" content=\"2013-12-21T21:39:00+00:00\" \/>\n<meta property=\"og:image\" content=\"https:\/\/www.aclanester56.com\/velo\/wp-content\/uploads\/2013\/05\/Thomas-Denis-Copie.jpg\" \/>\n\t<meta property=\"og:image:width\" content=\"650\" \/>\n\t<meta property=\"og:image:height\" content=\"300\" \/>\n\t<meta property=\"og:image:type\" content=\"image\/jpeg\" \/>\n<meta name=\"author\" content=\"Jean-Christophe\" \/>\n<meta name=\"twitter:label1\" content=\"\u00c9crit par\" \/>\n\t<meta name=\"twitter:data1\" content=\"Jean-Christophe\" \/>\n\t<meta name=\"twitter:label2\" content=\"Dur\u00e9e de lecture estim\u00e9e\" \/>\n\t<meta name=\"twitter:data2\" content=\"2 minutes\" \/>\n<script type=\"application\/ld+json\" class=\"yoast-schema-graph\">{\"@context\":\"https:\\\/\\\/schema.org\",\"@graph\":[{\"@type\":\"Article\",\"@id\":\"https:\\\/\\\/www.aclanester56.com\\\/velo\\\/thomas-denis-double-champion-de-bretagne-sur-piste\\\/#article\",\"isPartOf\":{\"@id\":\"https:\\\/\\\/www.aclanester56.com\\\/velo\\\/thomas-denis-double-champion-de-bretagne-sur-piste\\\/\"},\"author\":{\"name\":\"Jean-Christophe\",\"@id\":\"https:\\\/\\\/www.aclanester56.com\\\/velo\\\/#\\\/schema\\\/person\\\/ca2a44a5fd969e9dd846c72d3b33bc01\"},\"headline\":\"Thomas Denis double champion de Bretagne sur piste !\",\"datePublished\":\"2013-05-27T21:05:21+00:00\",\"dateModified\":\"2013-12-21T21:39:00+00:00\",\"mainEntityOfPage\":{\"@id\":\"https:\\\/\\\/www.aclanester56.com\\\/velo\\\/thomas-denis-double-champion-de-bretagne-sur-piste\\\/\"},\"wordCount\":352,\"commentCount\":0,\"publisher\":{\"@id\":\"https:\\\/\\\/www.aclanester56.com\\\/velo\\\/#organization\"},\"image\":{\"@id\":\"https:\\\/\\\/www.aclanester56.com\\\/velo\\\/thomas-denis-double-champion-de-bretagne-sur-piste\\\/#primaryimage\"},\"thumbnailUrl\":\"https:\\\/\\\/www.aclanester56.com\\\/velo\\\/wp-content\\\/uploads\\\/2013\\\/05\\\/Thomas-Denis-Copie.jpg\",\"articleSection\":[\"AC LANESTER 56\",\"R\u00e9sultats\",\"R\u00e9sultats Cadets\"],\"inLanguage\":\"fr-FR\",\"potentialAction\":[{\"@type\":\"CommentAction\",\"name\":\"Comment\",\"target\":[\"https:\\\/\\\/www.aclanester56.com\\\/velo\\\/thomas-denis-double-champion-de-bretagne-sur-piste\\\/#respond\"]}]},{\"@type\":\"WebPage\",\"@id\":\"https:\\\/\\\/www.aclanester56.com\\\/velo\\\/thomas-denis-double-champion-de-bretagne-sur-piste\\\/\",\"url\":\"https:\\\/\\\/www.aclanester56.com\\\/velo\\\/thomas-denis-double-champion-de-bretagne-sur-piste\\\/\",\"name\":\"Thomas Denis double champion de Bretagne sur piste ! - Avenir Cycliste Lanester 56\",\"isPartOf\":{\"@id\":\"https:\\\/\\\/www.aclanester56.com\\\/velo\\\/#website\"},\"primaryImageOfPage\":{\"@id\":\"https:\\\/\\\/www.aclanester56.com\\\/velo\\\/thomas-denis-double-champion-de-bretagne-sur-piste\\\/#primaryimage\"},\"image\":{\"@id\":\"https:\\\/\\\/www.aclanester56.com\\\/velo\\\/thomas-denis-double-champion-de-bretagne-sur-piste\\\/#primaryimage\"},\"thumbnailUrl\":\"https:\\\/\\\/www.aclanester56.com\\\/velo\\\/wp-content\\\/uploads\\\/2013\\\/05\\\/Thomas-Denis-Copie.jpg\",\"datePublished\":\"2013-05-27T21:05:21+00:00\",\"dateModified\":\"2013-12-21T21:39:00+00:00\",\"inLanguage\":\"fr-FR\",\"potentialAction\":[{\"@type\":\"ReadAction\",\"target\":[\"https:\\\/\\\/www.aclanester56.com\\\/velo\\\/thomas-denis-double-champion-de-bretagne-sur-piste\\\/\"]}]},{\"@type\":\"ImageObject\",\"inLanguage\":\"fr-FR\",\"@id\":\"https:\\\/\\\/www.aclanester56.com\\\/velo\\\/thomas-denis-double-champion-de-bretagne-sur-piste\\\/#primaryimage\",\"url\":\"https:\\\/\\\/www.aclanester56.com\\\/velo\\\/wp-content\\\/uploads\\\/2013\\\/05\\\/Thomas-Denis-Copie.jpg\",\"contentUrl\":\"https:\\\/\\\/www.aclanester56.com\\\/velo\\\/wp-content\\\/uploads\\\/2013\\\/05\\\/Thomas-Denis-Copie.jpg\",\"width\":650,\"height\":300},{\"@type\":\"WebSite\",\"@id\":\"https:\\\/\\\/www.aclanester56.com\\\/velo\\\/#website\",\"url\":\"https:\\\/\\\/www.aclanester56.com\\\/velo\\\/\",\"name\":\"Avenir Cycliste Lanester 56\",\"description\":\"Club cycliste de l&#039;AC LANESTER 56\",\"publisher\":{\"@id\":\"https:\\\/\\\/www.aclanester56.com\\\/velo\\\/#organization\"},\"potentialAction\":[{\"@type\":\"SearchAction\",\"target\":{\"@type\":\"EntryPoint\",\"urlTemplate\":\"https:\\\/\\\/www.aclanester56.com\\\/velo\\\/?s={search_term_string}\"},\"query-input\":{\"@type\":\"PropertyValueSpecification\",\"valueRequired\":true,\"valueName\":\"search_term_string\"}}],\"inLanguage\":\"fr-FR\"},{\"@type\":\"Organization\",\"@id\":\"https:\\\/\\\/www.aclanester56.com\\\/velo\\\/#organization\",\"name\":\"Avenir Cycliste Lanester 56\",\"url\":\"https:\\\/\\\/www.aclanester56.com\\\/velo\\\/\",\"logo\":{\"@type\":\"ImageObject\",\"inLanguage\":\"fr-FR\",\"@id\":\"https:\\\/\\\/www.aclanester56.com\\\/velo\\\/#\\\/schema\\\/logo\\\/image\\\/\",\"url\":\"https:\\\/\\\/www.aclanester56.com\\\/velo\\\/wp-content\\\/uploads\\\/2013\\\/04\\\/logo-ACL.jpg\",\"contentUrl\":\"https:\\\/\\\/www.aclanester56.com\\\/velo\\\/wp-content\\\/uploads\\\/2013\\\/04\\\/logo-ACL.jpg\",\"width\":400,\"height\":334,\"caption\":\"Avenir Cycliste Lanester 56\"},\"image\":{\"@id\":\"https:\\\/\\\/www.aclanester56.com\\\/velo\\\/#\\\/schema\\\/logo\\\/image\\\/\"},\"sameAs\":[\"https:\\\/\\\/www.facebook.com\\\/pages\\\/AC-Lanester-56\\\/190286300991242?fref=ts\"]},{\"@type\":\"Person\",\"@id\":\"https:\\\/\\\/www.aclanester56.com\\\/velo\\\/#\\\/schema\\\/person\\\/ca2a44a5fd969e9dd846c72d3b33bc01\",\"name\":\"Jean-Christophe\",\"url\":\"https:\\\/\\\/www.aclanester56.com\\\/velo\\\/author\\\/jeanchristophe\\\/\"}]}<\/script>\n<!-- \/ Yoast SEO plugin. -->","yoast_head_json":{"title":"Thomas Denis double champion de Bretagne sur piste ! - Avenir Cycliste Lanester 56","robots":{"index":"index","follow":"follow","max-snippet":"max-snippet:-1","max-image-preview":"max-image-preview:large","max-video-preview":"max-video-preview:-1"},"canonical":"https:\/\/www.aclanester56.com\/velo\/thomas-denis-double-champion-de-bretagne-sur-piste\/","og_locale":"fr_FR","og_type":"article","og_title":"Thomas Denis double champion de Bretagne sur piste ! - Avenir Cycliste Lanester 56","og_url":"https:\/\/www.aclanester56.com\/velo\/thomas-denis-double-champion-de-bretagne-sur-piste\/","og_site_name":"Avenir Cycliste Lanester 56","article_publisher":"https:\/\/www.facebook.com\/pages\/AC-Lanester-56\/190286300991242?fref=ts","article_published_time":"2013-05-27T21:05:21+00:00","article_modified_time":"2013-12-21T21:39:00+00:00","og_image":[{"width":650,"height":300,"url":"https:\/\/www.aclanester56.com\/velo\/wp-content\/uploads\/2013\/05\/Thomas-Denis-Copie.jpg","type":"image\/jpeg"}],"author":"Jean-Christophe","twitter_misc":{"\u00c9crit par":"Jean-Christophe","Dur\u00e9e de lecture estim\u00e9e":"2 minutes"},"schema":{"@context":"https:\/\/schema.org","@graph":[{"@type":"Article","@id":"https:\/\/www.aclanester56.com\/velo\/thomas-denis-double-champion-de-bretagne-sur-piste\/#article","isPartOf":{"@id":"https:\/\/www.aclanester56.com\/velo\/thomas-denis-double-champion-de-bretagne-sur-piste\/"},"author":{"name":"Jean-Christophe","@id":"https:\/\/www.aclanester56.com\/velo\/#\/schema\/person\/ca2a44a5fd969e9dd846c72d3b33bc01"},"headline":"Thomas Denis double champion de Bretagne sur piste !","datePublished":"2013-05-27T21:05:21+00:00","dateModified":"2013-12-21T21:39:00+00:00","mainEntityOfPage":{"@id":"https:\/\/www.aclanester56.com\/velo\/thomas-denis-double-champion-de-bretagne-sur-piste\/"},"wordCount":352,"commentCount":0,"publisher":{"@id":"https:\/\/www.aclanester56.com\/velo\/#organization"},"image":{"@id":"https:\/\/www.aclanester56.com\/velo\/thomas-denis-double-champion-de-bretagne-sur-piste\/#primaryimage"},"thumbnailUrl":"https:\/\/www.aclanester56.com\/velo\/wp-content\/uploads\/2013\/05\/Thomas-Denis-Copie.jpg","articleSection":["AC LANESTER 56","R\u00e9sultats","R\u00e9sultats Cadets"],"inLanguage":"fr-FR","potentialAction":[{"@type":"CommentAction","name":"Comment","target":["https:\/\/www.aclanester56.com\/velo\/thomas-denis-double-champion-de-bretagne-sur-piste\/#respond"]}]},{"@type":"WebPage","@id":"https:\/\/www.aclanester56.com\/velo\/thomas-denis-double-champion-de-bretagne-sur-piste\/","url":"https:\/\/www.aclanester56.com\/velo\/thomas-denis-double-champion-de-bretagne-sur-piste\/","name":"Thomas Denis double champion de Bretagne sur piste ! - Avenir Cycliste Lanester 56","isPartOf":{"@id":"https:\/\/www.aclanester56.com\/velo\/#website"},"primaryImageOfPage":{"@id":"https:\/\/www.aclanester56.com\/velo\/thomas-denis-double-champion-de-bretagne-sur-piste\/#primaryimage"},"image":{"@id":"https:\/\/www.aclanester56.com\/velo\/thomas-denis-double-champion-de-bretagne-sur-piste\/#primaryimage"},"thumbnailUrl":"https:\/\/www.aclanester56.com\/velo\/wp-content\/uploads\/2013\/05\/Thomas-Denis-Copie.jpg","datePublished":"2013-05-27T21:05:21+00:00","dateModified":"2013-12-21T21:39:00+00:00","inLanguage":"fr-FR","potentialAction":[{"@type":"ReadAction","target":["https:\/\/www.aclanester56.com\/velo\/thomas-denis-double-champion-de-bretagne-sur-piste\/"]}]},{"@type":"ImageObject","inLanguage":"fr-FR","@id":"https:\/\/www.aclanester56.com\/velo\/thomas-denis-double-champion-de-bretagne-sur-piste\/#primaryimage","url":"https:\/\/www.aclanester56.com\/velo\/wp-content\/uploads\/2013\/05\/Thomas-Denis-Copie.jpg","contentUrl":"https:\/\/www.aclanester56.com\/velo\/wp-content\/uploads\/2013\/05\/Thomas-Denis-Copie.jpg","width":650,"height":300},{"@type":"WebSite","@id":"https:\/\/www.aclanester56.com\/velo\/#website","url":"https:\/\/www.aclanester56.com\/velo\/","name":"Avenir Cycliste Lanester 56","description":"Club cycliste de l&#039;AC LANESTER 56","publisher":{"@id":"https:\/\/www.aclanester56.com\/velo\/#organization"},"potentialAction":[{"@type":"SearchAction","target":{"@type":"EntryPoint","urlTemplate":"https:\/\/www.aclanester56.com\/velo\/?s={search_term_string}"},"query-input":{"@type":"PropertyValueSpecification","valueRequired":true,"valueName":"search_term_string"}}],"inLanguage":"fr-FR"},{"@type":"Organization","@id":"https:\/\/www.aclanester56.com\/velo\/#organization","name":"Avenir Cycliste Lanester 56","url":"https:\/\/www.aclanester56.com\/velo\/","logo":{"@type":"ImageObject","inLanguage":"fr-FR","@id":"https:\/\/www.aclanester56.com\/velo\/#\/schema\/logo\/image\/","url":"https:\/\/www.aclanester56.com\/velo\/wp-content\/uploads\/2013\/04\/logo-ACL.jpg","contentUrl":"https:\/\/www.aclanester56.com\/velo\/wp-content\/uploads\/2013\/04\/logo-ACL.jpg","width":400,"height":334,"caption":"Avenir Cycliste Lanester 56"},"image":{"@id":"https:\/\/www.aclanester56.com\/velo\/#\/schema\/logo\/image\/"},"sameAs":["https:\/\/www.facebook.com\/pages\/AC-Lanester-56\/190286300991242?fref=ts"]},{"@type":"Person","@id":"https:\/\/www.aclanester56.com\/velo\/#\/schema\/person\/ca2a44a5fd969e9dd846c72d3b33bc01","name":"Jean-Christophe","url":"https:\/\/www.aclanester56.com\/velo\/author\/jeanchristophe\/"}]}},"_links":{"self":[{"href":"https:\/\/www.aclanester56.com\/velo\/wp-json\/wp\/v2\/posts\/14613","targetHints":{"allow":["GET"]}}],"collection":[{"href":"https:\/\/www.aclanester56.com\/velo\/wp-json\/wp\/v2\/posts"}],"about":[{"href":"https:\/\/www.aclanester56.com\/velo\/wp-json\/wp\/v2\/types\/post"}],"author":[{"embeddable":true,"href":"https:\/\/www.aclanester56.com\/velo\/wp-json\/wp\/v2\/users\/14"}],"replies":[{"embeddable":true,"href":"https:\/\/www.aclanester56.com\/velo\/wp-json\/wp\/v2\/comments?post=14613"}],"version-history":[{"count":0,"href":"https:\/\/www.aclanester56.com\/velo\/wp-json\/wp\/v2\/posts\/14613\/revisions"}],"wp:featuredmedia":[{"embeddable":true,"href":"https:\/\/www.aclanester56.com\/velo\/wp-json\/wp\/v2\/media\/14615"}],"wp:attachment":[{"href":"https:\/\/www.aclanester56.com\/velo\/wp-json\/wp\/v2\/media?parent=14613"}],"wp:term":[{"taxonomy":"category","embeddable":true,"href":"https:\/\/www.aclanester56.com\/velo\/wp-json\/wp\/v2\/categories?post=14613"},{"taxonomy":"post_tag","embeddable":true,"href":"https:\/\/www.aclanester56.com\/velo\/wp-json\/wp\/v2\/tags?post=14613"}],"curies":[{"name":"wp","href":"https:\/\/api.w.org\/{rel}","templated":true}]}}