{"id":14653,"date":"2013-06-04T07:22:54","date_gmt":"2013-06-04T06:22:54","guid":{"rendered":"http:\/\/www.aclanester56.com\/velo\/?p=14653"},"modified":"2013-12-21T23:38:21","modified_gmt":"2013-12-21T21:38:21","slug":"deux-victoires-lanesteriennes-ce-week-end","status":"publish","type":"post","link":"https:\/\/www.aclanester56.com\/velo\/deux-victoires-lanesteriennes-ce-week-end\/","title":{"rendered":"Deux victoires lanest\u00e9riennes ce week-end !"},"content":{"rendered":"<p style=\"text-align: justify;\"><!--more--><\/p>\n<p style=\"text-align: justify;\">Deux coureurs de l&rsquo;AC Lanester 56, qui n&rsquo;avaient pas encore lev\u00e9 les bras dans leur jeune carri\u00e8re, ont eu la joie de remporter leur premier succ\u00e8s dimanche dernier ! Alexandre Rio l&#8217;emporte en effet en solitaire et en costaud \u00e0 St Jean Villenard chez les cadets, tandis que Mathieu Le Gal \u00e9tait victorieux \u00e0 Noyal-Pontivy au terme d&rsquo;une \u00e9preuve rondement men\u00e9e. Antoine Le Chenadec et Richard Meleuc montent \u00e9galement sur le podium respectivement \u00e0 Inguiniel et \u00e0 St Brieuc les Villages.<\/p>\n<p>\u00a0Retrouvez dans notre galerie images quelques photos sign\u00e9es St\u00e9phane Le Provost de l&rsquo;\u00e9preuve cadets d&rsquo;Inguiniel <a href=\"\/\/http:\/\/www.aclanester56.com\/velo\/medias\/photos\/galerie-2013\/?album=11&amp;gallery=149\" target=\"_blank\">en cliquant ici<\/a>.<\/p>\n<p><span style=\"text-decoration: underline;\"><strong>Inguiniel (Pupilles) :<\/strong><\/span><\/p>\n<p>1\u00a0HINAULT Thomas\u00a0V\u00e9loce Vannes<br \/> 2\u00a0LE HUITOUZE \u00a0Eddy\u00a0 \u00a0 EC PLUVIGNIER<br \/> 3\u00a0CUSHWAY Maximilian\u00a0V\u00e9loce Vannes<br \/> 4\u00a0CHOUPAUX Yoann\u00a0CC UZEL<br \/> 5\u00a0LE TUTOUR FRANCOIS\u00a0VC PONTIVY<br \/> <span style=\"color: #ff6600;\"><strong>21\u00a0LE BIDEAU Louis\u00a0AC LANESTER 56<\/strong><\/span><br \/> <span style=\"color: #ff6600;\"><strong>23\u00a0LE SAUSSE Valentin\u00a0AC LANESTER 56<\/strong><\/span><\/p>\n<p><span style=\"text-decoration: underline;\"><strong>Inguiniel (Minimes) :<\/strong><\/span><\/p>\n<p>1\u00a0LE BOULAIRE Quentin\u00a0CC UZEL<br \/> 2\u00a0GUIDECTimoth\u00e9e\u00a0OC LOCMINE<br \/> <span style=\"color: #ff6600;\"><strong>3\u00a0LE CHENADEC Antoine\u00a0AC LANESTER 56<\/strong><\/span><br \/> 4\u00a0AUDO CORENTIN\u00a0vc LANGUIDIC<br \/> <span style=\"color: #ff6600;\"><strong>5\u00a0LE CAM Brendan\u00a0AC LANESTER 56<\/strong><\/span><br \/> <span style=\"color: #ff6600;\"><strong>7\u00a0REVOLT LE BOUEDEC Johann\u00a0AC LANESTER 56<\/strong><\/span><br \/> <span style=\"color: #ff6600;\"><strong>21\u00a0LE CROM Charles\u00a0AC LANESTER 56<\/strong><\/span><\/p>\n<div id=\"attachment_14662\" style=\"width: 330px\" class=\"wp-caption alignright\"><a href=\"http:\/\/www.aclanester56.com\/velo\/wp-content\/uploads\/2013\/06\/Richard-Meleuc-St-Brieuc-les-Villages.jpg\"><img loading=\"lazy\" decoding=\"async\" aria-describedby=\"caption-attachment-14662\" class=\"size-full wp-image-14662\" alt=\"Richard Meleuc est 2\u00e8me \u00e0 St Brieuc les Villages (photo sportbreizh.com)\" src=\"http:\/\/www.aclanester56.com\/velo\/wp-content\/uploads\/2013\/06\/Richard-Meleuc-St-Brieuc-les-Villages.jpg\" width=\"320\" height=\"212\" srcset=\"https:\/\/www.aclanester56.com\/velo\/wp-content\/uploads\/2013\/06\/Richard-Meleuc-St-Brieuc-les-Villages.jpg 640w, https:\/\/www.aclanester56.com\/velo\/wp-content\/uploads\/2013\/06\/Richard-Meleuc-St-Brieuc-les-Villages-300x199.jpg 300w, https:\/\/www.aclanester56.com\/velo\/wp-content\/uploads\/2013\/06\/Richard-Meleuc-St-Brieuc-les-Villages-451x300.jpg 451w\" sizes=\"auto, (max-width: 320px) 100vw, 320px\" \/><\/a><p id=\"caption-attachment-14662\" class=\"wp-caption-text\">Richard Meleuc est 2\u00e8me \u00e0 St Brieuc les Villages (photo sportbreizh.com)<\/p><\/div>\n<p><span style=\"text-decoration: underline;\"><strong>St Jean de Villenard (Cadets) :<\/strong><\/span><\/p>\n<p><span style=\"color: #ff6600;\"><strong>1\u00a0RIO\u00a0Alexandre\u00a0\u00a0AC LANESTER 56\u00a0<\/strong><\/span><br \/> 2\u00a0ETIEMBLE\u00a0\u00a0Fran\u00e7ois\u00a0\u00a0PLAINTEL VS<br \/> 3\u00a0FOUQUET\u00a0\u00a0ALEXY\u00a0\u00a0PEDALE PUCEULOISE<br \/> 4\u00a0URIEN\u00a0Guillaume\u00a0\u00a0SC MALESTROIT<br \/> 5\u00a0MABIT\u00a0JEREMY\u00a0\u00a0US ST HERBLAIN<br \/> <span style=\"color: #ff6600;\"><strong>6\u00a0DENIS\u00a0Thomas\u00a0\u00a0AC LANESTER 56\u00a0<\/strong><\/span><br \/> <span style=\"color: #ff6600;\"><strong>15\u00a0MACE\u00a0Thomas\u00a0\u00a0AC LANESTER 56\u00a0<\/strong><\/span><\/p>\n<p><span style=\"text-decoration: underline;\"><strong>St Brieuc les Villages (PC) :<\/strong><\/span><\/p>\n<p>1 GILLES TOUBLANC ACCRO CYCLES COTE D&rsquo;EMERAUDE<br \/> <span style=\"color: #ff6600;\"><strong>2 RICHARD MELEUC AC LANESTER 56<\/strong><\/span><br \/> 3 SOLENE VINSOT EC PLOUHA LANVOLLON<br \/> 4 SEBASTIEN RIGAUX CC MONCONTOUR<br \/> 5 LAURENT LE BON VCP GUINGAMP<\/p>\n<p>&nbsp;<\/p>\n<div id=\"attachment_14664\" style=\"width: 330px\" class=\"wp-caption alignright\"><a href=\"http:\/\/www.aclanester56.com\/velo\/wp-content\/uploads\/2013\/06\/Mathieu-Le-Gal-Noyal-Pontivy.jpg\"><img loading=\"lazy\" decoding=\"async\" aria-describedby=\"caption-attachment-14664\" class=\"size-full wp-image-14664\" alt=\"Mathieu Le Gal remporte son premier succ\u00e8s \u00e0 Noyal-Pontivy (photo sportbreizh.com)\" src=\"http:\/\/www.aclanester56.com\/velo\/wp-content\/uploads\/2013\/06\/Mathieu-Le-Gal-Noyal-Pontivy.jpg\" width=\"320\" height=\"245\" srcset=\"https:\/\/www.aclanester56.com\/velo\/wp-content\/uploads\/2013\/06\/Mathieu-Le-Gal-Noyal-Pontivy.jpg 640w, https:\/\/www.aclanester56.com\/velo\/wp-content\/uploads\/2013\/06\/Mathieu-Le-Gal-Noyal-Pontivy-300x229.jpg 300w, https:\/\/www.aclanester56.com\/velo\/wp-content\/uploads\/2013\/06\/Mathieu-Le-Gal-Noyal-Pontivy-391x300.jpg 391w\" sizes=\"auto, (max-width: 320px) 100vw, 320px\" \/><\/a><p id=\"caption-attachment-14664\" class=\"wp-caption-text\">Mathieu Le Gal remporte son premier succ\u00e8s \u00e0 Noyal-Pontivy (photo sportbreizh.com)<\/p><\/div>\n<p><span style=\"text-decoration: underline;\"><strong>Noyal-Pontivy (3\u00e8me Cat &amp; Jun) :<\/strong><\/span><\/p>\n<p><span style=\"color: #ff6600;\"><strong>1\u00a0LE GAL Mathieu\u00a0AC LANESTER 56\u00a03\u00e8me Cat<\/strong><\/span><br \/> 2\u00a0CRAVIC Jean Baptiste\u00a0AC PAYS DE BAUD\u00a03\u00e8me Cat<br \/> 3\u00a0BRIAND Titouan\u00a0LANNION CYCLISME\u00a0Junior<br \/> 4\u00a0COUGOULAT Simon\u00a0AC PAYS DE BAUD\u00a03\u00e8me Cat<br \/> 5\u00a0BRIAND Victor\u00a0TEAM COTE DE GRANIT ROSE\u00a03\u00e8me Cat<br \/> <span style=\"color: #ff6600;\"><strong>16\u00a0LE BRUCHEC Benoit\u00a0AC LANESTER 56\u00a03\u00e8me Cat<\/strong><\/span><br \/> <span style=\"color: #ff6600;\"><strong>44\u00a0SEVENO Thibaut\u00a0AC LANESTER 56\u00a0Junior<\/strong><\/span><\/p>\n<p><span style=\"text-decoration: underline;\"><strong>R\u00e9d\u00e9n\u00e9 (3\u00e8me Cat &amp; Jun) :<\/strong><\/span><\/p>\n<p>1 ORVOEN\u00a0Benoit\u00a0VS SCAEROIS\u00a03\u00e8me Cat\u00e9gorie<br \/> 2 LE ROY\u00a0Thomas\u00a0VS SCAEROIS\u00a03\u00e8me Cat\u00e9gorie<br \/> 3 FLEGEO\u00a0Baptiste\u00a0VS QUIMPEROIS\u00a03\u00e8me Cat\u00e9gorie<br \/> 4 LE RAZAVET\u00a0Corentin\u00a0UC QUIMPERLOISE\u00a0Junior<br \/> <strong><span style=\"color: #ff6600;\">5 CORDROCH\u00a0Julien\u00a0AC LANESTER 56\u00a0Junior<\/span><\/strong><br \/> <strong><span style=\"color: #ff6600;\">8 SELO\u00a0Yoann\u00a0AC LANESTER 56\u00a0Junior<\/span><\/strong><\/p>\n<p><span style=\"text-decoration: underline;\"><strong>Inguiniel (3\u00e8me Cat &amp; Jun) :<\/strong><\/span><\/p>\n<p>1\u00a0THILLOY FRANCK\u00a0VS SCAEROIS<br \/> 2\u00a0HAMONIC GURVAN\u00a0UCL HENNEBONT<br \/> 3\u00a0GONNET LANCELOT \u00a0EC QUEVENOISE<br \/> 4\u00a0CAPIN CHRISTOPHE\u00a0LEUCEMIE ESPOIR<br \/> 5\u00a0LE GUENNEC GABRIEL \u00a0BREAL BROCELIANDE CYCLISME<br \/> <span style=\"color: #ff6600;\"><strong>8\u00a0LE BARBIER LOIC\u00a0AC LANESTER 56<\/strong><\/span><br \/> <span style=\"color: #ff6600;\"><strong>9\u00a0PRIMAS NICOLAS\u00a0AC LANESTER 56<\/strong><\/span><br \/> <span style=\"color: #ff6600;\"><strong>16\u00a0MORVAN THIBAULT\u00a0AC LANESTER 56<\/strong><\/span><br \/> <span style=\"color: #ff6600;\"><strong>19\u00a0LANNURIEN MAXIME \u00a0AC LANESTER 56<\/strong><\/span><br \/> <span style=\"color: #ff6600;\"><strong>21\u00a0GUENNEC MAXIME \u00a0AC LANESTER 56<\/strong><\/span><br \/> <span style=\"color: #ff6600;\"><strong>24\u00a0LE BOUEDEC CORENTIN \u00a0AC LANESTER 56<\/strong><\/span><\/p>\n<p>&nbsp;<\/p>\n","protected":false},"excerpt":{"rendered":"","protected":false},"author":14,"featured_media":14654,"comment_status":"open","ping_status":"closed","sticky":false,"template":"","format":"standard","meta":{"ngg_post_thumbnail":0,"footnotes":""},"categories":[5,16,18,22,24,21,23,20],"tags":[],"class_list":["post-14653","post","type-post","status-publish","format-standard","has-post-thumbnail","hentry","category-ac-lanester-56","category-resultats","category-resultats-3eme-categorie","category-resultats-cadets","category-resultats-ecole-de-cyclisme","category-resultats-juniors","category-resultats-minimes","category-resultats-pass-cyclisme"],"yoast_head":"<!-- This site is optimized with the Yoast SEO plugin v27.5 - https:\/\/yoast.com\/product\/yoast-seo-wordpress\/ -->\n<title>Deux victoires lanest\u00e9riennes ce week-end ! - Avenir Cycliste Lanester 56<\/title>\n<meta name=\"robots\" content=\"index, follow, max-snippet:-1, max-image-preview:large, max-video-preview:-1\" \/>\n<link rel=\"canonical\" href=\"https:\/\/www.aclanester56.com\/velo\/deux-victoires-lanesteriennes-ce-week-end\/\" \/>\n<meta property=\"og:locale\" content=\"fr_FR\" \/>\n<meta property=\"og:type\" content=\"article\" \/>\n<meta property=\"og:title\" content=\"Deux victoires lanest\u00e9riennes ce week-end ! - Avenir Cycliste Lanester 56\" \/>\n<meta property=\"og:url\" content=\"https:\/\/www.aclanester56.com\/velo\/deux-victoires-lanesteriennes-ce-week-end\/\" \/>\n<meta property=\"og:site_name\" content=\"Avenir Cycliste Lanester 56\" \/>\n<meta property=\"article:publisher\" content=\"https:\/\/www.facebook.com\/pages\/AC-Lanester-56\/190286300991242?fref=ts\" \/>\n<meta property=\"article:published_time\" content=\"2013-06-04T06:22:54+00:00\" \/>\n<meta property=\"article:modified_time\" content=\"2013-12-21T21:38:21+00:00\" \/>\n<meta property=\"og:image\" content=\"https:\/\/www.aclanester56.com\/velo\/wp-content\/uploads\/2013\/06\/Alexandre-Rio-Copie.jpg\" \/>\n\t<meta property=\"og:image:width\" content=\"650\" \/>\n\t<meta property=\"og:image:height\" content=\"300\" \/>\n\t<meta property=\"og:image:type\" content=\"image\/jpeg\" \/>\n<meta name=\"author\" content=\"Jean-Christophe\" \/>\n<meta name=\"twitter:label1\" content=\"\u00c9crit par\" \/>\n\t<meta name=\"twitter:data1\" content=\"Jean-Christophe\" \/>\n\t<meta name=\"twitter:label2\" content=\"Dur\u00e9e de lecture estim\u00e9e\" \/>\n\t<meta name=\"twitter:data2\" content=\"2 minutes\" \/>\n<script type=\"application\/ld+json\" class=\"yoast-schema-graph\">{\"@context\":\"https:\\\/\\\/schema.org\",\"@graph\":[{\"@type\":\"Article\",\"@id\":\"https:\\\/\\\/www.aclanester56.com\\\/velo\\\/deux-victoires-lanesteriennes-ce-week-end\\\/#article\",\"isPartOf\":{\"@id\":\"https:\\\/\\\/www.aclanester56.com\\\/velo\\\/deux-victoires-lanesteriennes-ce-week-end\\\/\"},\"author\":{\"name\":\"Jean-Christophe\",\"@id\":\"https:\\\/\\\/www.aclanester56.com\\\/velo\\\/#\\\/schema\\\/person\\\/ca2a44a5fd969e9dd846c72d3b33bc01\"},\"headline\":\"Deux victoires lanest\u00e9riennes ce week-end !\",\"datePublished\":\"2013-06-04T06:22:54+00:00\",\"dateModified\":\"2013-12-21T21:38:21+00:00\",\"mainEntityOfPage\":{\"@id\":\"https:\\\/\\\/www.aclanester56.com\\\/velo\\\/deux-victoires-lanesteriennes-ce-week-end\\\/\"},\"wordCount\":433,\"commentCount\":0,\"publisher\":{\"@id\":\"https:\\\/\\\/www.aclanester56.com\\\/velo\\\/#organization\"},\"image\":{\"@id\":\"https:\\\/\\\/www.aclanester56.com\\\/velo\\\/deux-victoires-lanesteriennes-ce-week-end\\\/#primaryimage\"},\"thumbnailUrl\":\"https:\\\/\\\/www.aclanester56.com\\\/velo\\\/wp-content\\\/uploads\\\/2013\\\/06\\\/Alexandre-Rio-Copie.jpg\",\"articleSection\":[\"AC LANESTER 56\",\"R\u00e9sultats\",\"R\u00e9sultats 3eme cat\u00e9gorie\",\"R\u00e9sultats Cadets\",\"R\u00e9sultats Ecole de cyclisme\",\"R\u00e9sultats Juniors\",\"R\u00e9sultats Minimes\",\"R\u00e9sultats Pass cyclisme\"],\"inLanguage\":\"fr-FR\",\"potentialAction\":[{\"@type\":\"CommentAction\",\"name\":\"Comment\",\"target\":[\"https:\\\/\\\/www.aclanester56.com\\\/velo\\\/deux-victoires-lanesteriennes-ce-week-end\\\/#respond\"]}]},{\"@type\":\"WebPage\",\"@id\":\"https:\\\/\\\/www.aclanester56.com\\\/velo\\\/deux-victoires-lanesteriennes-ce-week-end\\\/\",\"url\":\"https:\\\/\\\/www.aclanester56.com\\\/velo\\\/deux-victoires-lanesteriennes-ce-week-end\\\/\",\"name\":\"Deux victoires lanest\u00e9riennes ce week-end ! - Avenir Cycliste Lanester 56\",\"isPartOf\":{\"@id\":\"https:\\\/\\\/www.aclanester56.com\\\/velo\\\/#website\"},\"primaryImageOfPage\":{\"@id\":\"https:\\\/\\\/www.aclanester56.com\\\/velo\\\/deux-victoires-lanesteriennes-ce-week-end\\\/#primaryimage\"},\"image\":{\"@id\":\"https:\\\/\\\/www.aclanester56.com\\\/velo\\\/deux-victoires-lanesteriennes-ce-week-end\\\/#primaryimage\"},\"thumbnailUrl\":\"https:\\\/\\\/www.aclanester56.com\\\/velo\\\/wp-content\\\/uploads\\\/2013\\\/06\\\/Alexandre-Rio-Copie.jpg\",\"datePublished\":\"2013-06-04T06:22:54+00:00\",\"dateModified\":\"2013-12-21T21:38:21+00:00\",\"inLanguage\":\"fr-FR\",\"potentialAction\":[{\"@type\":\"ReadAction\",\"target\":[\"https:\\\/\\\/www.aclanester56.com\\\/velo\\\/deux-victoires-lanesteriennes-ce-week-end\\\/\"]}]},{\"@type\":\"ImageObject\",\"inLanguage\":\"fr-FR\",\"@id\":\"https:\\\/\\\/www.aclanester56.com\\\/velo\\\/deux-victoires-lanesteriennes-ce-week-end\\\/#primaryimage\",\"url\":\"https:\\\/\\\/www.aclanester56.com\\\/velo\\\/wp-content\\\/uploads\\\/2013\\\/06\\\/Alexandre-Rio-Copie.jpg\",\"contentUrl\":\"https:\\\/\\\/www.aclanester56.com\\\/velo\\\/wp-content\\\/uploads\\\/2013\\\/06\\\/Alexandre-Rio-Copie.jpg\",\"width\":650,\"height\":300},{\"@type\":\"WebSite\",\"@id\":\"https:\\\/\\\/www.aclanester56.com\\\/velo\\\/#website\",\"url\":\"https:\\\/\\\/www.aclanester56.com\\\/velo\\\/\",\"name\":\"Avenir Cycliste Lanester 56\",\"description\":\"Club cycliste de l&#039;AC LANESTER 56\",\"publisher\":{\"@id\":\"https:\\\/\\\/www.aclanester56.com\\\/velo\\\/#organization\"},\"potentialAction\":[{\"@type\":\"SearchAction\",\"target\":{\"@type\":\"EntryPoint\",\"urlTemplate\":\"https:\\\/\\\/www.aclanester56.com\\\/velo\\\/?s={search_term_string}\"},\"query-input\":{\"@type\":\"PropertyValueSpecification\",\"valueRequired\":true,\"valueName\":\"search_term_string\"}}],\"inLanguage\":\"fr-FR\"},{\"@type\":\"Organization\",\"@id\":\"https:\\\/\\\/www.aclanester56.com\\\/velo\\\/#organization\",\"name\":\"Avenir Cycliste Lanester 56\",\"url\":\"https:\\\/\\\/www.aclanester56.com\\\/velo\\\/\",\"logo\":{\"@type\":\"ImageObject\",\"inLanguage\":\"fr-FR\",\"@id\":\"https:\\\/\\\/www.aclanester56.com\\\/velo\\\/#\\\/schema\\\/logo\\\/image\\\/\",\"url\":\"https:\\\/\\\/www.aclanester56.com\\\/velo\\\/wp-content\\\/uploads\\\/2013\\\/04\\\/logo-ACL.jpg\",\"contentUrl\":\"https:\\\/\\\/www.aclanester56.com\\\/velo\\\/wp-content\\\/uploads\\\/2013\\\/04\\\/logo-ACL.jpg\",\"width\":400,\"height\":334,\"caption\":\"Avenir Cycliste Lanester 56\"},\"image\":{\"@id\":\"https:\\\/\\\/www.aclanester56.com\\\/velo\\\/#\\\/schema\\\/logo\\\/image\\\/\"},\"sameAs\":[\"https:\\\/\\\/www.facebook.com\\\/pages\\\/AC-Lanester-56\\\/190286300991242?fref=ts\"]},{\"@type\":\"Person\",\"@id\":\"https:\\\/\\\/www.aclanester56.com\\\/velo\\\/#\\\/schema\\\/person\\\/ca2a44a5fd969e9dd846c72d3b33bc01\",\"name\":\"Jean-Christophe\",\"url\":\"https:\\\/\\\/www.aclanester56.com\\\/velo\\\/author\\\/jeanchristophe\\\/\"}]}<\/script>\n<!-- \/ Yoast SEO plugin. -->","yoast_head_json":{"title":"Deux victoires lanest\u00e9riennes ce week-end ! - Avenir Cycliste Lanester 56","robots":{"index":"index","follow":"follow","max-snippet":"max-snippet:-1","max-image-preview":"max-image-preview:large","max-video-preview":"max-video-preview:-1"},"canonical":"https:\/\/www.aclanester56.com\/velo\/deux-victoires-lanesteriennes-ce-week-end\/","og_locale":"fr_FR","og_type":"article","og_title":"Deux victoires lanest\u00e9riennes ce week-end ! - Avenir Cycliste Lanester 56","og_url":"https:\/\/www.aclanester56.com\/velo\/deux-victoires-lanesteriennes-ce-week-end\/","og_site_name":"Avenir Cycliste Lanester 56","article_publisher":"https:\/\/www.facebook.com\/pages\/AC-Lanester-56\/190286300991242?fref=ts","article_published_time":"2013-06-04T06:22:54+00:00","article_modified_time":"2013-12-21T21:38:21+00:00","og_image":[{"width":650,"height":300,"url":"https:\/\/www.aclanester56.com\/velo\/wp-content\/uploads\/2013\/06\/Alexandre-Rio-Copie.jpg","type":"image\/jpeg"}],"author":"Jean-Christophe","twitter_misc":{"\u00c9crit par":"Jean-Christophe","Dur\u00e9e de lecture estim\u00e9e":"2 minutes"},"schema":{"@context":"https:\/\/schema.org","@graph":[{"@type":"Article","@id":"https:\/\/www.aclanester56.com\/velo\/deux-victoires-lanesteriennes-ce-week-end\/#article","isPartOf":{"@id":"https:\/\/www.aclanester56.com\/velo\/deux-victoires-lanesteriennes-ce-week-end\/"},"author":{"name":"Jean-Christophe","@id":"https:\/\/www.aclanester56.com\/velo\/#\/schema\/person\/ca2a44a5fd969e9dd846c72d3b33bc01"},"headline":"Deux victoires lanest\u00e9riennes ce week-end !","datePublished":"2013-06-04T06:22:54+00:00","dateModified":"2013-12-21T21:38:21+00:00","mainEntityOfPage":{"@id":"https:\/\/www.aclanester56.com\/velo\/deux-victoires-lanesteriennes-ce-week-end\/"},"wordCount":433,"commentCount":0,"publisher":{"@id":"https:\/\/www.aclanester56.com\/velo\/#organization"},"image":{"@id":"https:\/\/www.aclanester56.com\/velo\/deux-victoires-lanesteriennes-ce-week-end\/#primaryimage"},"thumbnailUrl":"https:\/\/www.aclanester56.com\/velo\/wp-content\/uploads\/2013\/06\/Alexandre-Rio-Copie.jpg","articleSection":["AC LANESTER 56","R\u00e9sultats","R\u00e9sultats 3eme cat\u00e9gorie","R\u00e9sultats Cadets","R\u00e9sultats Ecole de cyclisme","R\u00e9sultats Juniors","R\u00e9sultats Minimes","R\u00e9sultats Pass cyclisme"],"inLanguage":"fr-FR","potentialAction":[{"@type":"CommentAction","name":"Comment","target":["https:\/\/www.aclanester56.com\/velo\/deux-victoires-lanesteriennes-ce-week-end\/#respond"]}]},{"@type":"WebPage","@id":"https:\/\/www.aclanester56.com\/velo\/deux-victoires-lanesteriennes-ce-week-end\/","url":"https:\/\/www.aclanester56.com\/velo\/deux-victoires-lanesteriennes-ce-week-end\/","name":"Deux victoires lanest\u00e9riennes ce week-end ! - Avenir Cycliste Lanester 56","isPartOf":{"@id":"https:\/\/www.aclanester56.com\/velo\/#website"},"primaryImageOfPage":{"@id":"https:\/\/www.aclanester56.com\/velo\/deux-victoires-lanesteriennes-ce-week-end\/#primaryimage"},"image":{"@id":"https:\/\/www.aclanester56.com\/velo\/deux-victoires-lanesteriennes-ce-week-end\/#primaryimage"},"thumbnailUrl":"https:\/\/www.aclanester56.com\/velo\/wp-content\/uploads\/2013\/06\/Alexandre-Rio-Copie.jpg","datePublished":"2013-06-04T06:22:54+00:00","dateModified":"2013-12-21T21:38:21+00:00","inLanguage":"fr-FR","potentialAction":[{"@type":"ReadAction","target":["https:\/\/www.aclanester56.com\/velo\/deux-victoires-lanesteriennes-ce-week-end\/"]}]},{"@type":"ImageObject","inLanguage":"fr-FR","@id":"https:\/\/www.aclanester56.com\/velo\/deux-victoires-lanesteriennes-ce-week-end\/#primaryimage","url":"https:\/\/www.aclanester56.com\/velo\/wp-content\/uploads\/2013\/06\/Alexandre-Rio-Copie.jpg","contentUrl":"https:\/\/www.aclanester56.com\/velo\/wp-content\/uploads\/2013\/06\/Alexandre-Rio-Copie.jpg","width":650,"height":300},{"@type":"WebSite","@id":"https:\/\/www.aclanester56.com\/velo\/#website","url":"https:\/\/www.aclanester56.com\/velo\/","name":"Avenir Cycliste Lanester 56","description":"Club cycliste de l&#039;AC LANESTER 56","publisher":{"@id":"https:\/\/www.aclanester56.com\/velo\/#organization"},"potentialAction":[{"@type":"SearchAction","target":{"@type":"EntryPoint","urlTemplate":"https:\/\/www.aclanester56.com\/velo\/?s={search_term_string}"},"query-input":{"@type":"PropertyValueSpecification","valueRequired":true,"valueName":"search_term_string"}}],"inLanguage":"fr-FR"},{"@type":"Organization","@id":"https:\/\/www.aclanester56.com\/velo\/#organization","name":"Avenir Cycliste Lanester 56","url":"https:\/\/www.aclanester56.com\/velo\/","logo":{"@type":"ImageObject","inLanguage":"fr-FR","@id":"https:\/\/www.aclanester56.com\/velo\/#\/schema\/logo\/image\/","url":"https:\/\/www.aclanester56.com\/velo\/wp-content\/uploads\/2013\/04\/logo-ACL.jpg","contentUrl":"https:\/\/www.aclanester56.com\/velo\/wp-content\/uploads\/2013\/04\/logo-ACL.jpg","width":400,"height":334,"caption":"Avenir Cycliste Lanester 56"},"image":{"@id":"https:\/\/www.aclanester56.com\/velo\/#\/schema\/logo\/image\/"},"sameAs":["https:\/\/www.facebook.com\/pages\/AC-Lanester-56\/190286300991242?fref=ts"]},{"@type":"Person","@id":"https:\/\/www.aclanester56.com\/velo\/#\/schema\/person\/ca2a44a5fd969e9dd846c72d3b33bc01","name":"Jean-Christophe","url":"https:\/\/www.aclanester56.com\/velo\/author\/jeanchristophe\/"}]}},"_links":{"self":[{"href":"https:\/\/www.aclanester56.com\/velo\/wp-json\/wp\/v2\/posts\/14653","targetHints":{"allow":["GET"]}}],"collection":[{"href":"https:\/\/www.aclanester56.com\/velo\/wp-json\/wp\/v2\/posts"}],"about":[{"href":"https:\/\/www.aclanester56.com\/velo\/wp-json\/wp\/v2\/types\/post"}],"author":[{"embeddable":true,"href":"https:\/\/www.aclanester56.com\/velo\/wp-json\/wp\/v2\/users\/14"}],"replies":[{"embeddable":true,"href":"https:\/\/www.aclanester56.com\/velo\/wp-json\/wp\/v2\/comments?post=14653"}],"version-history":[{"count":0,"href":"https:\/\/www.aclanester56.com\/velo\/wp-json\/wp\/v2\/posts\/14653\/revisions"}],"wp:featuredmedia":[{"embeddable":true,"href":"https:\/\/www.aclanester56.com\/velo\/wp-json\/wp\/v2\/media\/14654"}],"wp:attachment":[{"href":"https:\/\/www.aclanester56.com\/velo\/wp-json\/wp\/v2\/media?parent=14653"}],"wp:term":[{"taxonomy":"category","embeddable":true,"href":"https:\/\/www.aclanester56.com\/velo\/wp-json\/wp\/v2\/categories?post=14653"},{"taxonomy":"post_tag","embeddable":true,"href":"https:\/\/www.aclanester56.com\/velo\/wp-json\/wp\/v2\/tags?post=14653"}],"curies":[{"name":"wp","href":"https:\/\/api.w.org\/{rel}","templated":true}]}}