{"id":14715,"date":"2013-06-10T20:54:43","date_gmt":"2013-06-10T19:54:43","guid":{"rendered":"http:\/\/www.aclanester56.com\/velo\/?p=14715"},"modified":"2013-12-21T23:36:23","modified_gmt":"2013-12-21T21:36:23","slug":"rappel-sur-les-engagements-saison-2013","status":"publish","type":"post","link":"https:\/\/www.aclanester56.com\/velo\/rappel-sur-les-engagements-saison-2013\/","title":{"rendered":"Rappel sur les engagements saison 2013 !"},"content":{"rendered":"<p>\u00a0<!--more--><\/p>\n<p>Rappel sur les proc\u00e9dures des enggements pour les courses du week end.<\/p>\n<p>\u00a0Cathy le Gall, responsable des engagements \u00e0 l&rsquo;AC LANESTER voudrait <span style=\"text-decoration: underline;\"><strong>RE<\/strong><\/span>-pr\u00e9ciser les modalit\u00e9s d&rsquo;engagement aux courses du week end (et de la semaine) :<\/p>\n<p>Les engagements sont \u00a0\u00e0 valider <span style=\"color: #ff0000;\"><strong>le lundi soir au plus tard<\/strong><\/span>.<\/p>\n<ul>\n<li>Si une course se d\u00e9roule en semaine, pr\u00e9venir une semaine \u00e0 l&rsquo;avance<\/li>\n<li>Les engagements peuvent etre faits par mail, , telephone (portable ou fixe) , ou par Facebook (<em>pour une certaine confidentialit\u00e9 \u00a0: aucun N\u00b0 de tel \u00a0, mail, contact n&rsquo;est fourni dans cet article<\/em>)<\/li>\n<\/ul>\n<p>L&rsquo;annulation d&rsquo;un engagement ne peut etre fait au dela du Jeudi soir (<em>les engagements \u00a0\u00e9tant cl\u00f4tur\u00e9s<\/em>)<\/p>\n<p>&nbsp;<\/p>\n<p>Normalement vous avez tous re\u00e7u un email avec en pi\u00e8ce jointe la proc\u00e9dure d&rsquo;engagements pour \u00a02013<\/p>\n<p style=\"text-align: right;\"><strong>Pensez que nous sommes nombreux \u00e0 rouler le week end.<\/strong><\/p>\n<p>&nbsp;<\/p>\n","protected":false},"excerpt":{"rendered":"<p>\u00a0<\/p>\n","protected":false},"author":2,"featured_media":14716,"comment_status":"open","ping_status":"closed","sticky":false,"template":"","format":"standard","meta":{"ngg_post_thumbnail":0,"footnotes":""},"categories":[5],"tags":[],"class_list":["post-14715","post","type-post","status-publish","format-standard","has-post-thumbnail","hentry","category-ac-lanester-56"],"yoast_head":"<!-- This site is optimized with the Yoast SEO plugin v27.5 - https:\/\/yoast.com\/product\/yoast-seo-wordpress\/ -->\n<title>Rappel sur les engagements saison 2013 ! - Avenir Cycliste Lanester 56<\/title>\n<meta name=\"robots\" content=\"index, follow, max-snippet:-1, max-image-preview:large, max-video-preview:-1\" \/>\n<link rel=\"canonical\" href=\"https:\/\/www.aclanester56.com\/velo\/rappel-sur-les-engagements-saison-2013\/\" \/>\n<meta property=\"og:locale\" content=\"fr_FR\" \/>\n<meta property=\"og:type\" content=\"article\" \/>\n<meta property=\"og:title\" content=\"Rappel sur les engagements saison 2013 ! - Avenir Cycliste Lanester 56\" \/>\n<meta property=\"og:description\" content=\"\u00a0\" \/>\n<meta property=\"og:url\" content=\"https:\/\/www.aclanester56.com\/velo\/rappel-sur-les-engagements-saison-2013\/\" \/>\n<meta property=\"og:site_name\" content=\"Avenir Cycliste Lanester 56\" \/>\n<meta property=\"article:publisher\" content=\"https:\/\/www.facebook.com\/pages\/AC-Lanester-56\/190286300991242?fref=ts\" \/>\n<meta property=\"article:published_time\" content=\"2013-06-10T19:54:43+00:00\" \/>\n<meta property=\"article:modified_time\" content=\"2013-12-21T21:36:23+00:00\" \/>\n<meta property=\"og:image\" content=\"https:\/\/www.aclanester56.com\/velo\/wp-content\/uploads\/2013\/06\/engager-ACL.jpg\" \/>\n\t<meta property=\"og:image:width\" content=\"449\" \/>\n\t<meta property=\"og:image:height\" content=\"199\" \/>\n\t<meta property=\"og:image:type\" content=\"image\/jpeg\" \/>\n<meta name=\"author\" content=\"stephane\" \/>\n<meta name=\"twitter:label1\" content=\"\u00c9crit par\" \/>\n\t<meta name=\"twitter:data1\" content=\"stephane\" \/>\n\t<meta name=\"twitter:label2\" content=\"Dur\u00e9e de lecture estim\u00e9e\" \/>\n\t<meta name=\"twitter:data2\" content=\"1 minute\" \/>\n<script type=\"application\/ld+json\" class=\"yoast-schema-graph\">{\"@context\":\"https:\\\/\\\/schema.org\",\"@graph\":[{\"@type\":\"Article\",\"@id\":\"https:\\\/\\\/www.aclanester56.com\\\/velo\\\/rappel-sur-les-engagements-saison-2013\\\/#article\",\"isPartOf\":{\"@id\":\"https:\\\/\\\/www.aclanester56.com\\\/velo\\\/rappel-sur-les-engagements-saison-2013\\\/\"},\"author\":{\"name\":\"stephane\",\"@id\":\"https:\\\/\\\/www.aclanester56.com\\\/velo\\\/#\\\/schema\\\/person\\\/c844661e64a578ca46639cb0ae764de6\"},\"headline\":\"Rappel sur les engagements saison 2013 !\",\"datePublished\":\"2013-06-10T19:54:43+00:00\",\"dateModified\":\"2013-12-21T21:36:23+00:00\",\"mainEntityOfPage\":{\"@id\":\"https:\\\/\\\/www.aclanester56.com\\\/velo\\\/rappel-sur-les-engagements-saison-2013\\\/\"},\"wordCount\":142,\"commentCount\":0,\"publisher\":{\"@id\":\"https:\\\/\\\/www.aclanester56.com\\\/velo\\\/#organization\"},\"image\":{\"@id\":\"https:\\\/\\\/www.aclanester56.com\\\/velo\\\/rappel-sur-les-engagements-saison-2013\\\/#primaryimage\"},\"thumbnailUrl\":\"https:\\\/\\\/www.aclanester56.com\\\/velo\\\/wp-content\\\/uploads\\\/2013\\\/06\\\/engager-ACL.jpg\",\"articleSection\":[\"AC LANESTER 56\"],\"inLanguage\":\"fr-FR\",\"potentialAction\":[{\"@type\":\"CommentAction\",\"name\":\"Comment\",\"target\":[\"https:\\\/\\\/www.aclanester56.com\\\/velo\\\/rappel-sur-les-engagements-saison-2013\\\/#respond\"]}]},{\"@type\":\"WebPage\",\"@id\":\"https:\\\/\\\/www.aclanester56.com\\\/velo\\\/rappel-sur-les-engagements-saison-2013\\\/\",\"url\":\"https:\\\/\\\/www.aclanester56.com\\\/velo\\\/rappel-sur-les-engagements-saison-2013\\\/\",\"name\":\"Rappel sur les engagements saison 2013 ! - Avenir Cycliste Lanester 56\",\"isPartOf\":{\"@id\":\"https:\\\/\\\/www.aclanester56.com\\\/velo\\\/#website\"},\"primaryImageOfPage\":{\"@id\":\"https:\\\/\\\/www.aclanester56.com\\\/velo\\\/rappel-sur-les-engagements-saison-2013\\\/#primaryimage\"},\"image\":{\"@id\":\"https:\\\/\\\/www.aclanester56.com\\\/velo\\\/rappel-sur-les-engagements-saison-2013\\\/#primaryimage\"},\"thumbnailUrl\":\"https:\\\/\\\/www.aclanester56.com\\\/velo\\\/wp-content\\\/uploads\\\/2013\\\/06\\\/engager-ACL.jpg\",\"datePublished\":\"2013-06-10T19:54:43+00:00\",\"dateModified\":\"2013-12-21T21:36:23+00:00\",\"inLanguage\":\"fr-FR\",\"potentialAction\":[{\"@type\":\"ReadAction\",\"target\":[\"https:\\\/\\\/www.aclanester56.com\\\/velo\\\/rappel-sur-les-engagements-saison-2013\\\/\"]}]},{\"@type\":\"ImageObject\",\"inLanguage\":\"fr-FR\",\"@id\":\"https:\\\/\\\/www.aclanester56.com\\\/velo\\\/rappel-sur-les-engagements-saison-2013\\\/#primaryimage\",\"url\":\"https:\\\/\\\/www.aclanester56.com\\\/velo\\\/wp-content\\\/uploads\\\/2013\\\/06\\\/engager-ACL.jpg\",\"contentUrl\":\"https:\\\/\\\/www.aclanester56.com\\\/velo\\\/wp-content\\\/uploads\\\/2013\\\/06\\\/engager-ACL.jpg\",\"width\":449,\"height\":199},{\"@type\":\"WebSite\",\"@id\":\"https:\\\/\\\/www.aclanester56.com\\\/velo\\\/#website\",\"url\":\"https:\\\/\\\/www.aclanester56.com\\\/velo\\\/\",\"name\":\"Avenir Cycliste Lanester 56\",\"description\":\"Club cycliste de l&#039;AC LANESTER 56\",\"publisher\":{\"@id\":\"https:\\\/\\\/www.aclanester56.com\\\/velo\\\/#organization\"},\"potentialAction\":[{\"@type\":\"SearchAction\",\"target\":{\"@type\":\"EntryPoint\",\"urlTemplate\":\"https:\\\/\\\/www.aclanester56.com\\\/velo\\\/?s={search_term_string}\"},\"query-input\":{\"@type\":\"PropertyValueSpecification\",\"valueRequired\":true,\"valueName\":\"search_term_string\"}}],\"inLanguage\":\"fr-FR\"},{\"@type\":\"Organization\",\"@id\":\"https:\\\/\\\/www.aclanester56.com\\\/velo\\\/#organization\",\"name\":\"Avenir Cycliste Lanester 56\",\"url\":\"https:\\\/\\\/www.aclanester56.com\\\/velo\\\/\",\"logo\":{\"@type\":\"ImageObject\",\"inLanguage\":\"fr-FR\",\"@id\":\"https:\\\/\\\/www.aclanester56.com\\\/velo\\\/#\\\/schema\\\/logo\\\/image\\\/\",\"url\":\"https:\\\/\\\/www.aclanester56.com\\\/velo\\\/wp-content\\\/uploads\\\/2013\\\/04\\\/logo-ACL.jpg\",\"contentUrl\":\"https:\\\/\\\/www.aclanester56.com\\\/velo\\\/wp-content\\\/uploads\\\/2013\\\/04\\\/logo-ACL.jpg\",\"width\":400,\"height\":334,\"caption\":\"Avenir Cycliste Lanester 56\"},\"image\":{\"@id\":\"https:\\\/\\\/www.aclanester56.com\\\/velo\\\/#\\\/schema\\\/logo\\\/image\\\/\"},\"sameAs\":[\"https:\\\/\\\/www.facebook.com\\\/pages\\\/AC-Lanester-56\\\/190286300991242?fref=ts\"]},{\"@type\":\"Person\",\"@id\":\"https:\\\/\\\/www.aclanester56.com\\\/velo\\\/#\\\/schema\\\/person\\\/c844661e64a578ca46639cb0ae764de6\",\"name\":\"stephane\",\"url\":\"https:\\\/\\\/www.aclanester56.com\\\/velo\\\/author\\\/stephane\\\/\"}]}<\/script>\n<!-- \/ Yoast SEO plugin. -->","yoast_head_json":{"title":"Rappel sur les engagements saison 2013 ! - Avenir Cycliste Lanester 56","robots":{"index":"index","follow":"follow","max-snippet":"max-snippet:-1","max-image-preview":"max-image-preview:large","max-video-preview":"max-video-preview:-1"},"canonical":"https:\/\/www.aclanester56.com\/velo\/rappel-sur-les-engagements-saison-2013\/","og_locale":"fr_FR","og_type":"article","og_title":"Rappel sur les engagements saison 2013 ! - Avenir Cycliste Lanester 56","og_description":"\u00a0","og_url":"https:\/\/www.aclanester56.com\/velo\/rappel-sur-les-engagements-saison-2013\/","og_site_name":"Avenir Cycliste Lanester 56","article_publisher":"https:\/\/www.facebook.com\/pages\/AC-Lanester-56\/190286300991242?fref=ts","article_published_time":"2013-06-10T19:54:43+00:00","article_modified_time":"2013-12-21T21:36:23+00:00","og_image":[{"width":449,"height":199,"url":"https:\/\/www.aclanester56.com\/velo\/wp-content\/uploads\/2013\/06\/engager-ACL.jpg","type":"image\/jpeg"}],"author":"stephane","twitter_misc":{"\u00c9crit par":"stephane","Dur\u00e9e de lecture estim\u00e9e":"1 minute"},"schema":{"@context":"https:\/\/schema.org","@graph":[{"@type":"Article","@id":"https:\/\/www.aclanester56.com\/velo\/rappel-sur-les-engagements-saison-2013\/#article","isPartOf":{"@id":"https:\/\/www.aclanester56.com\/velo\/rappel-sur-les-engagements-saison-2013\/"},"author":{"name":"stephane","@id":"https:\/\/www.aclanester56.com\/velo\/#\/schema\/person\/c844661e64a578ca46639cb0ae764de6"},"headline":"Rappel sur les engagements saison 2013 !","datePublished":"2013-06-10T19:54:43+00:00","dateModified":"2013-12-21T21:36:23+00:00","mainEntityOfPage":{"@id":"https:\/\/www.aclanester56.com\/velo\/rappel-sur-les-engagements-saison-2013\/"},"wordCount":142,"commentCount":0,"publisher":{"@id":"https:\/\/www.aclanester56.com\/velo\/#organization"},"image":{"@id":"https:\/\/www.aclanester56.com\/velo\/rappel-sur-les-engagements-saison-2013\/#primaryimage"},"thumbnailUrl":"https:\/\/www.aclanester56.com\/velo\/wp-content\/uploads\/2013\/06\/engager-ACL.jpg","articleSection":["AC LANESTER 56"],"inLanguage":"fr-FR","potentialAction":[{"@type":"CommentAction","name":"Comment","target":["https:\/\/www.aclanester56.com\/velo\/rappel-sur-les-engagements-saison-2013\/#respond"]}]},{"@type":"WebPage","@id":"https:\/\/www.aclanester56.com\/velo\/rappel-sur-les-engagements-saison-2013\/","url":"https:\/\/www.aclanester56.com\/velo\/rappel-sur-les-engagements-saison-2013\/","name":"Rappel sur les engagements saison 2013 ! - Avenir Cycliste Lanester 56","isPartOf":{"@id":"https:\/\/www.aclanester56.com\/velo\/#website"},"primaryImageOfPage":{"@id":"https:\/\/www.aclanester56.com\/velo\/rappel-sur-les-engagements-saison-2013\/#primaryimage"},"image":{"@id":"https:\/\/www.aclanester56.com\/velo\/rappel-sur-les-engagements-saison-2013\/#primaryimage"},"thumbnailUrl":"https:\/\/www.aclanester56.com\/velo\/wp-content\/uploads\/2013\/06\/engager-ACL.jpg","datePublished":"2013-06-10T19:54:43+00:00","dateModified":"2013-12-21T21:36:23+00:00","inLanguage":"fr-FR","potentialAction":[{"@type":"ReadAction","target":["https:\/\/www.aclanester56.com\/velo\/rappel-sur-les-engagements-saison-2013\/"]}]},{"@type":"ImageObject","inLanguage":"fr-FR","@id":"https:\/\/www.aclanester56.com\/velo\/rappel-sur-les-engagements-saison-2013\/#primaryimage","url":"https:\/\/www.aclanester56.com\/velo\/wp-content\/uploads\/2013\/06\/engager-ACL.jpg","contentUrl":"https:\/\/www.aclanester56.com\/velo\/wp-content\/uploads\/2013\/06\/engager-ACL.jpg","width":449,"height":199},{"@type":"WebSite","@id":"https:\/\/www.aclanester56.com\/velo\/#website","url":"https:\/\/www.aclanester56.com\/velo\/","name":"Avenir Cycliste Lanester 56","description":"Club cycliste de l&#039;AC LANESTER 56","publisher":{"@id":"https:\/\/www.aclanester56.com\/velo\/#organization"},"potentialAction":[{"@type":"SearchAction","target":{"@type":"EntryPoint","urlTemplate":"https:\/\/www.aclanester56.com\/velo\/?s={search_term_string}"},"query-input":{"@type":"PropertyValueSpecification","valueRequired":true,"valueName":"search_term_string"}}],"inLanguage":"fr-FR"},{"@type":"Organization","@id":"https:\/\/www.aclanester56.com\/velo\/#organization","name":"Avenir Cycliste Lanester 56","url":"https:\/\/www.aclanester56.com\/velo\/","logo":{"@type":"ImageObject","inLanguage":"fr-FR","@id":"https:\/\/www.aclanester56.com\/velo\/#\/schema\/logo\/image\/","url":"https:\/\/www.aclanester56.com\/velo\/wp-content\/uploads\/2013\/04\/logo-ACL.jpg","contentUrl":"https:\/\/www.aclanester56.com\/velo\/wp-content\/uploads\/2013\/04\/logo-ACL.jpg","width":400,"height":334,"caption":"Avenir Cycliste Lanester 56"},"image":{"@id":"https:\/\/www.aclanester56.com\/velo\/#\/schema\/logo\/image\/"},"sameAs":["https:\/\/www.facebook.com\/pages\/AC-Lanester-56\/190286300991242?fref=ts"]},{"@type":"Person","@id":"https:\/\/www.aclanester56.com\/velo\/#\/schema\/person\/c844661e64a578ca46639cb0ae764de6","name":"stephane","url":"https:\/\/www.aclanester56.com\/velo\/author\/stephane\/"}]}},"_links":{"self":[{"href":"https:\/\/www.aclanester56.com\/velo\/wp-json\/wp\/v2\/posts\/14715","targetHints":{"allow":["GET"]}}],"collection":[{"href":"https:\/\/www.aclanester56.com\/velo\/wp-json\/wp\/v2\/posts"}],"about":[{"href":"https:\/\/www.aclanester56.com\/velo\/wp-json\/wp\/v2\/types\/post"}],"author":[{"embeddable":true,"href":"https:\/\/www.aclanester56.com\/velo\/wp-json\/wp\/v2\/users\/2"}],"replies":[{"embeddable":true,"href":"https:\/\/www.aclanester56.com\/velo\/wp-json\/wp\/v2\/comments?post=14715"}],"version-history":[{"count":0,"href":"https:\/\/www.aclanester56.com\/velo\/wp-json\/wp\/v2\/posts\/14715\/revisions"}],"wp:featuredmedia":[{"embeddable":true,"href":"https:\/\/www.aclanester56.com\/velo\/wp-json\/wp\/v2\/media\/14716"}],"wp:attachment":[{"href":"https:\/\/www.aclanester56.com\/velo\/wp-json\/wp\/v2\/media?parent=14715"}],"wp:term":[{"taxonomy":"category","embeddable":true,"href":"https:\/\/www.aclanester56.com\/velo\/wp-json\/wp\/v2\/categories?post=14715"},{"taxonomy":"post_tag","embeddable":true,"href":"https:\/\/www.aclanester56.com\/velo\/wp-json\/wp\/v2\/tags?post=14715"}],"curies":[{"name":"wp","href":"https:\/\/api.w.org\/{rel}","templated":true}]}}