{"id":14759,"date":"2013-06-21T18:47:29","date_gmt":"2013-06-21T17:47:29","guid":{"rendered":"http:\/\/www.aclanester56.com\/velo\/?p=14759"},"modified":"2013-12-21T23:35:36","modified_gmt":"2013-12-21T21:35:36","slug":"resultats-du-week-end-25","status":"publish","type":"post","link":"https:\/\/www.aclanester56.com\/velo\/resultats-du-week-end-25\/","title":{"rendered":"R\u00e9sultats du week-end"},"content":{"rendered":"<p style=\"text-align: justify;\"><!--more--><\/p>\n<p style=\"text-align: justify;\">D\u00e9couvrez quelques r\u00e9sultats du week-end dernier, marqu\u00e9s notamment par la deuxi\u00e8me place de Richard Meleuc \u00e0 Rimaison en Baud !<\/p>\n<p>\u00a0<span style=\"text-decoration: underline;\"><strong>Rimaison (Poussins) :<\/strong><\/span><\/p>\n<p>1\u00a0LE GUILLANT\u00a0Mathis\u00a0UC Auray<br \/> 2\u00a0CAMBAUD-PINON\u00a0Tim\u00e9o\u00a0UCK Vannes<br \/> 3\u00a0LE HENANF\u00a0Hugo\u00a0OC Locmin\u00e9<br \/> 4\u00a0DEMARS\u00a0Emilien\u00a0UC Pontchateau<br \/> 5\u00a0BENOIST\u00a0Tristan\u00a0UC Auray<br \/> <span style=\"color: #ff6600;\"><strong>9\u00a0GUEGAN\u00a0Enzo AC Lanester 56<\/strong><\/span><\/p>\n<p><span style=\"text-decoration: underline;\"><strong>Tr\u00e9al (Minimes) :<\/strong><\/span><\/p>\n<p>1\u00a0GAREL\u00a0\u00a0 MATHIS\u00a0\u00a0\u00a0\u00a0\u00a0OLYMPIC CYCL. NAZAIRIEN<br \/> 2\u00a0GUEZO\u00a0\u00a0 Paul\u00a0\u00a0\u00a0\u00a0\u00a0UCK DE VANNES<br \/> 3\u00a0BESNARD\u00a0\u00a0 Vincent\u00a0\u00a0\u00a0\u00a0\u00a0UC ALREENNE<br \/> 4\u00a0GODIOT\u00a0\u00a0 WILLIAM\u00a0\u00a0\u00a0\u00a0\u00a0CC CASTELBRIANTAIS<br \/> <span style=\"color: #ff6600;\"><strong>5\u00a0REVOLT LE BOUEDEC\u00a0\u00a0 Johann\u00a0\u00a0\u00a0\u00a0\u00a0AC LANESTER 56\u00a0\u00a0<\/strong><\/span><br \/> <span style=\"color: #ff6600;\"><strong>10\u00a0LE CHENADEC\u00a0\u00a0 Antoine\u00a0\u00a0\u00a0\u00a0\u00a0AC LANESTER 56 \u00a0<\/strong><\/span><\/p>\n<p><span style=\"text-decoration: underline;\"><strong>Rimaison (Cadets) :<\/strong><\/span><\/p>\n<p>1\u00a0LE HUITOUZE\u00a0Julien\u00a0VC LANGUIDIC<br \/> 2\u00a0LE CLAIRE\u00a0BRYAN\u00a0US PONTCHATELAINE<br \/> 3\u00a0FOLINAIS\u00a0Thomas\u00a0UC BRIOCHINE<br \/> 4\u00a0ROUZAU\u00a0Thibault\u00a0UC PAYS PLOUAY<br \/> 5\u00a0LE NY\u00a0Jean Louis\u00a0AC PAYS DE BAUD<br \/> <span style=\"color: #ff6600;\"><strong>14\u00a0ANDRE\u00a0Nathan\u00a0AC LANESTER 56<\/strong><\/span><br \/> <span style=\"color: #ff6600;\"><strong>27\u00a0RIO\u00a0Alexandre\u00a0AC LANESTER 56<\/strong><\/span><br \/> <span style=\"color: #ff6600;\"><strong>33\u00a0DUVAL\u00a0Benjamin\u00a0AC LANESTER 56<\/strong><\/span><\/p>\n<p><span style=\"text-decoration: underline;\"><strong>Rimaison en Baud (PC D3\/D4) :<\/strong><\/span><\/p>\n<p>1\u00a0DANIAU\u00a0Alexandre\u00a0ACP PONTIVY\u00a0D3<br \/> <span style=\"color: #ff6600;\"><strong>2\u00a0MELEUC\u00a0Richard\u00a0AC LANESTER 56\u00a0D3<\/strong><\/span><br \/> 3\u00a0GEFFROY\u00a0Nicolas\u00a0EC QUEVENOISE\u00a0D3<br \/> 4\u00a0URVOY\u00a0David\u00a0VC PLOUMAGOAR\u00a0D3<br \/> 5\u00a0HAMON\u00a0Eric\u00a0EC PLESTIN PAYS TREGOR\u00a0D3<\/p>\n<p>&nbsp;<\/p>\n<p><span style=\"text-decoration: underline;\"><strong>Tr\u00e9al (3\u00e8me Cat &amp; Jun) :<\/strong><\/span><\/p>\n<p>1\u00a0LE GUENNEC\u00a0\u00a0 Gabriel\u00a0BREAL BROCELIANDE CYCLISME\u00a03\u00e8me Cat\u00e9gorie<br \/> 2\u00a0MILOUX\u00a0\u00a0 WILLIAM\u00a0LOIRE &amp; SILLON CYCLISME\u00a03\u00e8me Cat\u00e9gorie<br \/> 3\u00a0DANIEL\u00a0\u00a0 MARCEL\u00a0US GUERANDE CYCLISME\u00a03\u00e8me Cat\u00e9gorie<br \/> 4\u00a0LE GAL\u00a0\u00a0 Benjamin\u00a0VC PAYS DE LOUDEAC\u00a03\u00e8me Cat\u00e9gorie<br \/> 5\u00a0NAULEAU\u00a0\u00a0 SYLVAIN\u00a0AC BREVINOIS\u00a03\u00e8me Cat\u00e9gorie<br \/> <span style=\"color: #ff6600;\"><strong>7\u00a0LE GAL\u00a0\u00a0 Mathieu\u00a0AC LANESTER 56\u00a03\u00e8me Cat\u00e9gorie<\/strong><\/span><br \/> <span style=\"color: #ff6600;\"><strong>33\u00a0SEVENO\u00a0\u00a0 Thibaut\u00a0AC LANESTER 56\u00a0Junior<\/strong><\/span><br \/> <span style=\"color: #ff6600;\"><strong>41\u00a0LE BOUEDEC REVOLT\u00a0\u00a0 Corentin\u00a0AC LANESTER 56\u00a0Junior<\/strong><\/span><\/p>\n<p><span style=\"text-decoration: underline;\"><strong>Priziac (2\u00e8me, 3\u00e8me &amp; Jun) :<\/strong><\/span><\/p>\n<p>1 JEGAT Benjamin VC PAYS DE LORIENT\u00a0 2\u00e8me Cat 2h28&rsquo;10<br \/> 2 GAUDE Nicolas CC DU BLAVET 2\u00e8me Cat mt<br \/> 3 GORIN Micka\u00ebl VSP Lamballe 2emeCat mt<br \/> 4 ANDRE Youen UC BRIOCHINE\u00a0 2\u00e8me Cat mt<br \/> 5 NIVINOU Ma\u00ebl VS SCAEROIS\u00a0 2\u00e8me Cat mt<br \/> <span style=\"color: #ff6600;\"><strong>8 LE BARBIER Lo\u00efc AC LANESTER 56 Junior mt<\/strong><\/span><br \/> <span style=\"color: #ff6600;\"><strong>27 PRIMAS Nicolas AC LANESTER 56 Junior \u00e0 15&Prime;<\/strong><\/span><br \/> <span style=\"color: #ff6600;\"><strong>29 LANNURIEN Maxime AC LANESTER 56 Junior mt<\/strong><\/span><br \/> <span style=\"color: #ff6600;\"><strong>35 SELO Yoann AC LANESTER 56 Junior mt<\/strong><\/span><br \/> <span style=\"color: #ff6600;\"><strong>39 LE BRUCHEC Mathieu AC LANESTER 56 3\u00e8me Cat mt<\/strong><\/span><\/p>\n","protected":false},"excerpt":{"rendered":"","protected":false},"author":14,"featured_media":14762,"comment_status":"open","ping_status":"closed","sticky":false,"template":"","format":"standard","meta":{"ngg_post_thumbnail":0,"footnotes":""},"categories":[5],"tags":[],"class_list":["post-14759","post","type-post","status-publish","format-standard","has-post-thumbnail","hentry","category-ac-lanester-56"],"yoast_head":"<!-- This site is optimized with the Yoast SEO plugin v27.5 - https:\/\/yoast.com\/product\/yoast-seo-wordpress\/ -->\n<title>R\u00e9sultats du week-end - Avenir Cycliste Lanester 56<\/title>\n<meta name=\"robots\" content=\"index, follow, max-snippet:-1, max-image-preview:large, max-video-preview:-1\" \/>\n<link rel=\"canonical\" href=\"https:\/\/www.aclanester56.com\/velo\/resultats-du-week-end-25\/\" \/>\n<meta property=\"og:locale\" content=\"fr_FR\" \/>\n<meta property=\"og:type\" content=\"article\" \/>\n<meta property=\"og:title\" content=\"R\u00e9sultats du week-end - Avenir Cycliste Lanester 56\" \/>\n<meta property=\"og:url\" content=\"https:\/\/www.aclanester56.com\/velo\/resultats-du-week-end-25\/\" \/>\n<meta property=\"og:site_name\" content=\"Avenir Cycliste Lanester 56\" \/>\n<meta property=\"article:publisher\" content=\"https:\/\/www.facebook.com\/pages\/AC-Lanester-56\/190286300991242?fref=ts\" \/>\n<meta property=\"article:published_time\" content=\"2013-06-21T17:47:29+00:00\" \/>\n<meta property=\"article:modified_time\" content=\"2013-12-21T21:35:36+00:00\" \/>\n<meta property=\"og:image\" content=\"https:\/\/www.aclanester56.com\/velo\/wp-content\/uploads\/2013\/06\/Loic-Le-Barbier-Copie.jpg\" \/>\n\t<meta property=\"og:image:width\" content=\"650\" \/>\n\t<meta property=\"og:image:height\" content=\"300\" \/>\n\t<meta property=\"og:image:type\" content=\"image\/jpeg\" \/>\n<meta name=\"author\" content=\"Jean-Christophe\" \/>\n<meta name=\"twitter:label1\" content=\"\u00c9crit par\" \/>\n\t<meta name=\"twitter:data1\" content=\"Jean-Christophe\" \/>\n\t<meta name=\"twitter:label2\" content=\"Dur\u00e9e de lecture estim\u00e9e\" \/>\n\t<meta name=\"twitter:data2\" content=\"2 minutes\" \/>\n<script type=\"application\/ld+json\" class=\"yoast-schema-graph\">{\"@context\":\"https:\\\/\\\/schema.org\",\"@graph\":[{\"@type\":\"Article\",\"@id\":\"https:\\\/\\\/www.aclanester56.com\\\/velo\\\/resultats-du-week-end-25\\\/#article\",\"isPartOf\":{\"@id\":\"https:\\\/\\\/www.aclanester56.com\\\/velo\\\/resultats-du-week-end-25\\\/\"},\"author\":{\"name\":\"Jean-Christophe\",\"@id\":\"https:\\\/\\\/www.aclanester56.com\\\/velo\\\/#\\\/schema\\\/person\\\/ca2a44a5fd969e9dd846c72d3b33bc01\"},\"headline\":\"R\u00e9sultats du week-end\",\"datePublished\":\"2013-06-21T17:47:29+00:00\",\"dateModified\":\"2013-12-21T21:35:36+00:00\",\"mainEntityOfPage\":{\"@id\":\"https:\\\/\\\/www.aclanester56.com\\\/velo\\\/resultats-du-week-end-25\\\/\"},\"wordCount\":309,\"commentCount\":0,\"publisher\":{\"@id\":\"https:\\\/\\\/www.aclanester56.com\\\/velo\\\/#organization\"},\"image\":{\"@id\":\"https:\\\/\\\/www.aclanester56.com\\\/velo\\\/resultats-du-week-end-25\\\/#primaryimage\"},\"thumbnailUrl\":\"https:\\\/\\\/www.aclanester56.com\\\/velo\\\/wp-content\\\/uploads\\\/2013\\\/06\\\/Loic-Le-Barbier-Copie.jpg\",\"articleSection\":[\"AC LANESTER 56\"],\"inLanguage\":\"fr-FR\",\"potentialAction\":[{\"@type\":\"CommentAction\",\"name\":\"Comment\",\"target\":[\"https:\\\/\\\/www.aclanester56.com\\\/velo\\\/resultats-du-week-end-25\\\/#respond\"]}]},{\"@type\":\"WebPage\",\"@id\":\"https:\\\/\\\/www.aclanester56.com\\\/velo\\\/resultats-du-week-end-25\\\/\",\"url\":\"https:\\\/\\\/www.aclanester56.com\\\/velo\\\/resultats-du-week-end-25\\\/\",\"name\":\"R\u00e9sultats du week-end - Avenir Cycliste Lanester 56\",\"isPartOf\":{\"@id\":\"https:\\\/\\\/www.aclanester56.com\\\/velo\\\/#website\"},\"primaryImageOfPage\":{\"@id\":\"https:\\\/\\\/www.aclanester56.com\\\/velo\\\/resultats-du-week-end-25\\\/#primaryimage\"},\"image\":{\"@id\":\"https:\\\/\\\/www.aclanester56.com\\\/velo\\\/resultats-du-week-end-25\\\/#primaryimage\"},\"thumbnailUrl\":\"https:\\\/\\\/www.aclanester56.com\\\/velo\\\/wp-content\\\/uploads\\\/2013\\\/06\\\/Loic-Le-Barbier-Copie.jpg\",\"datePublished\":\"2013-06-21T17:47:29+00:00\",\"dateModified\":\"2013-12-21T21:35:36+00:00\",\"inLanguage\":\"fr-FR\",\"potentialAction\":[{\"@type\":\"ReadAction\",\"target\":[\"https:\\\/\\\/www.aclanester56.com\\\/velo\\\/resultats-du-week-end-25\\\/\"]}]},{\"@type\":\"ImageObject\",\"inLanguage\":\"fr-FR\",\"@id\":\"https:\\\/\\\/www.aclanester56.com\\\/velo\\\/resultats-du-week-end-25\\\/#primaryimage\",\"url\":\"https:\\\/\\\/www.aclanester56.com\\\/velo\\\/wp-content\\\/uploads\\\/2013\\\/06\\\/Loic-Le-Barbier-Copie.jpg\",\"contentUrl\":\"https:\\\/\\\/www.aclanester56.com\\\/velo\\\/wp-content\\\/uploads\\\/2013\\\/06\\\/Loic-Le-Barbier-Copie.jpg\",\"width\":650,\"height\":300},{\"@type\":\"WebSite\",\"@id\":\"https:\\\/\\\/www.aclanester56.com\\\/velo\\\/#website\",\"url\":\"https:\\\/\\\/www.aclanester56.com\\\/velo\\\/\",\"name\":\"Avenir Cycliste Lanester 56\",\"description\":\"Club cycliste de l&#039;AC LANESTER 56\",\"publisher\":{\"@id\":\"https:\\\/\\\/www.aclanester56.com\\\/velo\\\/#organization\"},\"potentialAction\":[{\"@type\":\"SearchAction\",\"target\":{\"@type\":\"EntryPoint\",\"urlTemplate\":\"https:\\\/\\\/www.aclanester56.com\\\/velo\\\/?s={search_term_string}\"},\"query-input\":{\"@type\":\"PropertyValueSpecification\",\"valueRequired\":true,\"valueName\":\"search_term_string\"}}],\"inLanguage\":\"fr-FR\"},{\"@type\":\"Organization\",\"@id\":\"https:\\\/\\\/www.aclanester56.com\\\/velo\\\/#organization\",\"name\":\"Avenir Cycliste Lanester 56\",\"url\":\"https:\\\/\\\/www.aclanester56.com\\\/velo\\\/\",\"logo\":{\"@type\":\"ImageObject\",\"inLanguage\":\"fr-FR\",\"@id\":\"https:\\\/\\\/www.aclanester56.com\\\/velo\\\/#\\\/schema\\\/logo\\\/image\\\/\",\"url\":\"https:\\\/\\\/www.aclanester56.com\\\/velo\\\/wp-content\\\/uploads\\\/2013\\\/04\\\/logo-ACL.jpg\",\"contentUrl\":\"https:\\\/\\\/www.aclanester56.com\\\/velo\\\/wp-content\\\/uploads\\\/2013\\\/04\\\/logo-ACL.jpg\",\"width\":400,\"height\":334,\"caption\":\"Avenir Cycliste Lanester 56\"},\"image\":{\"@id\":\"https:\\\/\\\/www.aclanester56.com\\\/velo\\\/#\\\/schema\\\/logo\\\/image\\\/\"},\"sameAs\":[\"https:\\\/\\\/www.facebook.com\\\/pages\\\/AC-Lanester-56\\\/190286300991242?fref=ts\"]},{\"@type\":\"Person\",\"@id\":\"https:\\\/\\\/www.aclanester56.com\\\/velo\\\/#\\\/schema\\\/person\\\/ca2a44a5fd969e9dd846c72d3b33bc01\",\"name\":\"Jean-Christophe\",\"url\":\"https:\\\/\\\/www.aclanester56.com\\\/velo\\\/author\\\/jeanchristophe\\\/\"}]}<\/script>\n<!-- \/ Yoast SEO plugin. -->","yoast_head_json":{"title":"R\u00e9sultats du week-end - Avenir Cycliste Lanester 56","robots":{"index":"index","follow":"follow","max-snippet":"max-snippet:-1","max-image-preview":"max-image-preview:large","max-video-preview":"max-video-preview:-1"},"canonical":"https:\/\/www.aclanester56.com\/velo\/resultats-du-week-end-25\/","og_locale":"fr_FR","og_type":"article","og_title":"R\u00e9sultats du week-end - Avenir Cycliste Lanester 56","og_url":"https:\/\/www.aclanester56.com\/velo\/resultats-du-week-end-25\/","og_site_name":"Avenir Cycliste Lanester 56","article_publisher":"https:\/\/www.facebook.com\/pages\/AC-Lanester-56\/190286300991242?fref=ts","article_published_time":"2013-06-21T17:47:29+00:00","article_modified_time":"2013-12-21T21:35:36+00:00","og_image":[{"width":650,"height":300,"url":"https:\/\/www.aclanester56.com\/velo\/wp-content\/uploads\/2013\/06\/Loic-Le-Barbier-Copie.jpg","type":"image\/jpeg"}],"author":"Jean-Christophe","twitter_misc":{"\u00c9crit par":"Jean-Christophe","Dur\u00e9e de lecture estim\u00e9e":"2 minutes"},"schema":{"@context":"https:\/\/schema.org","@graph":[{"@type":"Article","@id":"https:\/\/www.aclanester56.com\/velo\/resultats-du-week-end-25\/#article","isPartOf":{"@id":"https:\/\/www.aclanester56.com\/velo\/resultats-du-week-end-25\/"},"author":{"name":"Jean-Christophe","@id":"https:\/\/www.aclanester56.com\/velo\/#\/schema\/person\/ca2a44a5fd969e9dd846c72d3b33bc01"},"headline":"R\u00e9sultats du week-end","datePublished":"2013-06-21T17:47:29+00:00","dateModified":"2013-12-21T21:35:36+00:00","mainEntityOfPage":{"@id":"https:\/\/www.aclanester56.com\/velo\/resultats-du-week-end-25\/"},"wordCount":309,"commentCount":0,"publisher":{"@id":"https:\/\/www.aclanester56.com\/velo\/#organization"},"image":{"@id":"https:\/\/www.aclanester56.com\/velo\/resultats-du-week-end-25\/#primaryimage"},"thumbnailUrl":"https:\/\/www.aclanester56.com\/velo\/wp-content\/uploads\/2013\/06\/Loic-Le-Barbier-Copie.jpg","articleSection":["AC LANESTER 56"],"inLanguage":"fr-FR","potentialAction":[{"@type":"CommentAction","name":"Comment","target":["https:\/\/www.aclanester56.com\/velo\/resultats-du-week-end-25\/#respond"]}]},{"@type":"WebPage","@id":"https:\/\/www.aclanester56.com\/velo\/resultats-du-week-end-25\/","url":"https:\/\/www.aclanester56.com\/velo\/resultats-du-week-end-25\/","name":"R\u00e9sultats du week-end - Avenir Cycliste Lanester 56","isPartOf":{"@id":"https:\/\/www.aclanester56.com\/velo\/#website"},"primaryImageOfPage":{"@id":"https:\/\/www.aclanester56.com\/velo\/resultats-du-week-end-25\/#primaryimage"},"image":{"@id":"https:\/\/www.aclanester56.com\/velo\/resultats-du-week-end-25\/#primaryimage"},"thumbnailUrl":"https:\/\/www.aclanester56.com\/velo\/wp-content\/uploads\/2013\/06\/Loic-Le-Barbier-Copie.jpg","datePublished":"2013-06-21T17:47:29+00:00","dateModified":"2013-12-21T21:35:36+00:00","inLanguage":"fr-FR","potentialAction":[{"@type":"ReadAction","target":["https:\/\/www.aclanester56.com\/velo\/resultats-du-week-end-25\/"]}]},{"@type":"ImageObject","inLanguage":"fr-FR","@id":"https:\/\/www.aclanester56.com\/velo\/resultats-du-week-end-25\/#primaryimage","url":"https:\/\/www.aclanester56.com\/velo\/wp-content\/uploads\/2013\/06\/Loic-Le-Barbier-Copie.jpg","contentUrl":"https:\/\/www.aclanester56.com\/velo\/wp-content\/uploads\/2013\/06\/Loic-Le-Barbier-Copie.jpg","width":650,"height":300},{"@type":"WebSite","@id":"https:\/\/www.aclanester56.com\/velo\/#website","url":"https:\/\/www.aclanester56.com\/velo\/","name":"Avenir Cycliste Lanester 56","description":"Club cycliste de l&#039;AC LANESTER 56","publisher":{"@id":"https:\/\/www.aclanester56.com\/velo\/#organization"},"potentialAction":[{"@type":"SearchAction","target":{"@type":"EntryPoint","urlTemplate":"https:\/\/www.aclanester56.com\/velo\/?s={search_term_string}"},"query-input":{"@type":"PropertyValueSpecification","valueRequired":true,"valueName":"search_term_string"}}],"inLanguage":"fr-FR"},{"@type":"Organization","@id":"https:\/\/www.aclanester56.com\/velo\/#organization","name":"Avenir Cycliste Lanester 56","url":"https:\/\/www.aclanester56.com\/velo\/","logo":{"@type":"ImageObject","inLanguage":"fr-FR","@id":"https:\/\/www.aclanester56.com\/velo\/#\/schema\/logo\/image\/","url":"https:\/\/www.aclanester56.com\/velo\/wp-content\/uploads\/2013\/04\/logo-ACL.jpg","contentUrl":"https:\/\/www.aclanester56.com\/velo\/wp-content\/uploads\/2013\/04\/logo-ACL.jpg","width":400,"height":334,"caption":"Avenir Cycliste Lanester 56"},"image":{"@id":"https:\/\/www.aclanester56.com\/velo\/#\/schema\/logo\/image\/"},"sameAs":["https:\/\/www.facebook.com\/pages\/AC-Lanester-56\/190286300991242?fref=ts"]},{"@type":"Person","@id":"https:\/\/www.aclanester56.com\/velo\/#\/schema\/person\/ca2a44a5fd969e9dd846c72d3b33bc01","name":"Jean-Christophe","url":"https:\/\/www.aclanester56.com\/velo\/author\/jeanchristophe\/"}]}},"_links":{"self":[{"href":"https:\/\/www.aclanester56.com\/velo\/wp-json\/wp\/v2\/posts\/14759","targetHints":{"allow":["GET"]}}],"collection":[{"href":"https:\/\/www.aclanester56.com\/velo\/wp-json\/wp\/v2\/posts"}],"about":[{"href":"https:\/\/www.aclanester56.com\/velo\/wp-json\/wp\/v2\/types\/post"}],"author":[{"embeddable":true,"href":"https:\/\/www.aclanester56.com\/velo\/wp-json\/wp\/v2\/users\/14"}],"replies":[{"embeddable":true,"href":"https:\/\/www.aclanester56.com\/velo\/wp-json\/wp\/v2\/comments?post=14759"}],"version-history":[{"count":0,"href":"https:\/\/www.aclanester56.com\/velo\/wp-json\/wp\/v2\/posts\/14759\/revisions"}],"wp:featuredmedia":[{"embeddable":true,"href":"https:\/\/www.aclanester56.com\/velo\/wp-json\/wp\/v2\/media\/14762"}],"wp:attachment":[{"href":"https:\/\/www.aclanester56.com\/velo\/wp-json\/wp\/v2\/media?parent=14759"}],"wp:term":[{"taxonomy":"category","embeddable":true,"href":"https:\/\/www.aclanester56.com\/velo\/wp-json\/wp\/v2\/categories?post=14759"},{"taxonomy":"post_tag","embeddable":true,"href":"https:\/\/www.aclanester56.com\/velo\/wp-json\/wp\/v2\/tags?post=14759"}],"curies":[{"name":"wp","href":"https:\/\/api.w.org\/{rel}","templated":true}]}}