{"id":14796,"date":"2013-06-24T23:34:59","date_gmt":"2013-06-24T22:34:59","guid":{"rendered":"http:\/\/www.aclanester56.com\/velo\/?p=14796"},"modified":"2013-12-21T23:33:41","modified_gmt":"2013-12-21T21:33:41","slug":"nicolas-primas-vainqueur-detape-sur-le-gp-de-la-jeunesse-a-guipry-messac","status":"publish","type":"post","link":"https:\/\/www.aclanester56.com\/velo\/nicolas-primas-vainqueur-detape-sur-le-gp-de-la-jeunesse-a-guipry-messac\/","title":{"rendered":"Nicolas Primas vainqueur d&rsquo;\u00e9tape sur le GP de la Jeunesse \u00e0 Guipry-Messac !"},"content":{"rendered":"<p style=\"text-align: justify;\"><!--more--><\/p>\n<p style=\"text-align: justify;\">L&rsquo;\u00e9quipe Juniors de l&rsquo;AC Lanester 56 \u00e9tait au d\u00e9part du Grand Prix Cycliste de la Jeunesse, \u00e9preuve Juniors disput\u00e9e en 2 \u00e9tapes \u00e0 Guipry-Messac (30 Km au Sud de Rennes). Les jeunes Lanest\u00e9riens ont confirm\u00e9 leurs tr\u00e8s bonnes dispositions entrevues sur leurs derni\u00e8res sorties, avec notamment la superbe victoire de Nicolas Primas sur l&rsquo;\u00e9tape en ligne face aux meilleurs Bretons !<\/p>\n<p>\u00a0<span style=\"color: #ff6600;\"><strong>Les Lanest\u00e9riens se distinguent sur le \u00ab\u00a0chrono\u00a0\u00bb<\/strong><\/span><\/p>\n<p style=\"text-align: justify;\">Cette 2\u00e8me \u00e9dition du Grand Prix Cycliste de la Jeunesse servait de cadre \u00e0 la 4\u00e8me manche du Troph\u00e9e Cr\u00e9dit Agricole Juniors. Neuf \u00a0coureurs de l&rsquo;AC Lanester 56 \u00e9tait au d\u00e9part.\u00a0Ils ont tous r\u00e9alis\u00e9 une belle performance le matin\u00a0sur la 1\u00e8re \u00e9tape, un contre-la-montre \u00a0individuel de 7,2 Km. Thibault Morvan est 10\u00e8me, Lo\u00efc Le Barbier\u00a012\u00e8me, Nicolas Primas 13\u00e8me, Julien Cordroch 21\u00e8me, Yoann Selo\u00a027\u00e8me.<\/p>\n<div id=\"attachment_14800\" style=\"width: 370px\" class=\"wp-caption alignright\"><a href=\"http:\/\/www.aclanester56.com\/velo\/wp-content\/uploads\/2013\/06\/Yoann-Selo.jpg\"><img loading=\"lazy\" decoding=\"async\" aria-describedby=\"caption-attachment-14800\" class=\"size-large wp-image-14800\" alt=\"Yoann Selo retrouve peu \u00e0 peu la condition apr\u00e8s ses ennuis physiques ; il r\u00e9alise un bon temps sur le CLM (photo Adeline Harvis)\" src=\"http:\/\/www.aclanester56.com\/velo\/wp-content\/uploads\/2013\/06\/Yoann-Selo-719x600.jpg\" width=\"360\" height=\"300\" srcset=\"https:\/\/www.aclanester56.com\/velo\/wp-content\/uploads\/2013\/06\/Yoann-Selo-719x600.jpg 719w, https:\/\/www.aclanester56.com\/velo\/wp-content\/uploads\/2013\/06\/Yoann-Selo-300x250.jpg 300w, https:\/\/www.aclanester56.com\/velo\/wp-content\/uploads\/2013\/06\/Yoann-Selo-359x300.jpg 359w, https:\/\/www.aclanester56.com\/velo\/wp-content\/uploads\/2013\/06\/Yoann-Selo.jpg 960w\" sizes=\"auto, (max-width: 360px) 100vw, 360px\" \/><\/a><p id=\"caption-attachment-14800\" class=\"wp-caption-text\">Yoann Selo retrouve peu \u00e0 peu la condition apr\u00e8s ses ennuis physiques ; il r\u00e9alise un bon temps sur le CLM (photo Adeline Harvis)<\/p><\/div>\n<p style=\"text-align: justify;\"><span style=\"color: #ff6600;\"><strong>Les coureurs de l&rsquo;AC Lanester 56 font jeu \u00e9gal avec les meilleurs Bretons<\/strong><\/span><\/p>\n<p style=\"text-align: justify;\">L&rsquo;apr\u00e8s-midi sur l&rsquo;\u00e9preuve en ligne, le Lanest\u00e9rien Nicolas Primas prend les roues de la bonne \u00e9chapp\u00e9e de 9 coureurs aux alentours du 20\u00e8me Km. Derri\u00e8re, ses co\u00e9quipiers de l&rsquo;AC Lanester 56 contr\u00f4lent le peloton. Au Km 50, un groupe de contre sort en costaud dans la mont\u00e9e de St Malo de Phily sous l&rsquo;impulsion du meilleur junior Fran\u00e7ais Elie Gesbert, avec notamment Thibault Morvan, mais ce dernier est rapidement distanc\u00e9 sur chute. A l&rsquo;avant, Nicolas se distingue sur les sprints des points chauds et remporte ce classement au final. Sur le circuit d&rsquo;arriv\u00e9e, le groupe de t\u00eate explose au fil des tours.<\/p>\n<p style=\"text-align: justify;\"><span style=\"color: #ff6600;\"><strong>Nicolas Primas remporte la 2\u00e8me \u00e9tape !<\/strong><\/span><\/p>\n<p style=\"text-align: justify;\">Au dernier tour, ils ne sont plus que 6 en t\u00eate de course. Nicolas perd un moment quelques longueurs sur ce groupe, mais reprend rapidement sa place. La premi\u00e8re place se joue finalement au sprint et Nicolas, lan\u00e7ant de loin dans la c\u00f4te d&rsquo;arriv\u00e9e, remporte ainsi une superbe victoire en devan\u00e7ant Florian Richeux et Gaetan Lemoine ! Le coureur de l&rsquo;AC Lanester 56, seulement junior 1\u00e8re ann\u00e9e, r\u00e9alise ici une sacr\u00e9e performance, car il devance des gar\u00e7ons comme Elie Gesbert ou Franck Bonnamour, pr\u00e9sents dans l&rsquo;\u00e9chapp\u00e9e, qui figurent parmi les meilleurs juniors fran\u00e7ais.<\/p>\n<div id=\"attachment_14802\" style=\"width: 390px\" class=\"wp-caption alignright\"><a href=\"http:\/\/www.aclanester56.com\/velo\/wp-content\/uploads\/2013\/06\/Thibault-Morvan1.jpg\"><img loading=\"lazy\" decoding=\"async\" aria-describedby=\"caption-attachment-14802\" class=\"size-large wp-image-14802\" alt=\"Le Lanest\u00e9rien Thibault Morvan ne cesse de progresser et le prouve en faisant preuve d'une tr\u00e8s belle r\u00e9gularit\u00e9 sur les deux \u00e9tapes (photo Adeline Harvis)\" src=\"http:\/\/www.aclanester56.com\/velo\/wp-content\/uploads\/2013\/06\/Thibault-Morvan1-761x600.jpg\" width=\"380\" height=\"300\" srcset=\"https:\/\/www.aclanester56.com\/velo\/wp-content\/uploads\/2013\/06\/Thibault-Morvan1-761x600.jpg 761w, https:\/\/www.aclanester56.com\/velo\/wp-content\/uploads\/2013\/06\/Thibault-Morvan1-300x236.jpg 300w, https:\/\/www.aclanester56.com\/velo\/wp-content\/uploads\/2013\/06\/Thibault-Morvan1-380x300.jpg 380w, https:\/\/www.aclanester56.com\/velo\/wp-content\/uploads\/2013\/06\/Thibault-Morvan1.jpg 960w\" sizes=\"auto, (max-width: 380px) 100vw, 380px\" \/><\/a><p id=\"caption-attachment-14802\" class=\"wp-caption-text\">Le Lanest\u00e9rien Thibault Morvan ne cesse de progresser et le prouve en faisant preuve d&rsquo;une tr\u00e8s belle r\u00e9gularit\u00e9 sur les deux \u00e9tapes (photo Adeline Harvis)<\/p><\/div>\n<p style=\"text-align: justify;\"><span style=\"color: #ff6600;\"><strong>Mention tr\u00e8s bien aux Lanest\u00e9riens !<\/strong><\/span><\/p>\n<div style=\"text-align: justify;\">\n<p>Au classement g\u00e9n\u00e9ral final de cette \u00e9preuve, Nicolas se classe 3\u00e8me et 1er junior 1. Thibault Morvan se classe 13\u00e8me, Maxime Lannurien 17\u00e8me. L&rsquo;AC Lanester 56 termine \u00e9galement 2\u00e8me au classement par \u00e9quipes avec ces trois coureurs juniors 1\u00e8re ann\u00e9e ! J\u00e9r\u00f4me Beldent, l&rsquo;un des encadrants de l&rsquo;\u00e9quipe, \u00e9voque \u00ab\u00a0<em><strong>une tr\u00e8s belle journ\u00e9e, avec un tr\u00e8s bon \u00e9tat d&rsquo;esprit au niveau de l&rsquo;\u00e9quipe entre nos coureurs qui concr\u00e9tisent leurs progr\u00e8s depuis plusieurs semaines<\/strong><\/em>.\u00a0\u00bb<\/p>\n<p><span style=\"text-decoration: underline;\"><strong>Classement 1\u00e8re \u00e9tape CLM individuel :<\/strong><\/span><\/p>\n<p>1\u00a0LATOUCHE\u00a0NORMANN\u00a0C\u00f4tes d&rsquo;Armor-Marie Morin \u00a0JUNIOR 2\u00a000:09:15,320<br \/> 2\u00a0GESBERT\u00a0ELIE\u00a0ANDEL VELO SPORT\u00a0JUNIOR 2\u00a000:09:16,750<br \/> 3\u00a0JOURNIAUX\u00a0AXEL\u00a0EC RANCE FREMUR\u00a0JUNIOR 2\u00a000:09:19,050<br \/> 4\u00a0BONNAMOUR\u00a0FRANCK\u00a0LANNION CYCLISME\u00a0JUNIOR 2\u00a000:09:24,910<br \/> 5\u00a0LINO\u00a0JULIAN\u00a0VELOCE VANNETAIS\u00a0JUNIOR 2\u00a000:09:30,000<br \/> <span style=\"color: #ff6600;\"><strong>10\u00a0MORVAN\u00a0THIBAULT\u00a0AC LANESTER 56\u00a0JUNIOR 1\u00a000:09:41,770<\/strong><\/span><br \/> <span style=\"color: #ff6600;\"><strong>12\u00a0LE BARBIER\u00a0LOIC\u00a0AC LANESTER 56\u00a0JUNIOR 1\u00a000:09:43,270<\/strong><\/span><br \/> <span style=\"color: #ff6600;\"><strong>13\u00a0PRIMAS\u00a0NICOLAS\u00a0AC LANESTER 56\u00a0JUNIOR 1\u00a000:09:44,700<\/strong><\/span><br \/> <span style=\"color: #ff6600;\"><strong>21\u00a0CORDROCH\u00a0JULIEN\u00a0AC LANESTER 56\u00a0JUNIOR 2\u00a000:09:53,070<\/strong><\/span><br \/> <span style=\"color: #ff6600;\"><strong>27\u00a0SELO\u00a0YOANN\u00a0AC LANESTER 56\u00a0JUNIOR 1\u00a000:09:56,050<\/strong><\/span><br \/> <span style=\"color: #ff6600;\"><strong>37\u00a0GUENNEC\u00a0MAXIME\u00a0AC LANESTER 56\u00a0JUNIOR 1\u00a000:10:04,890<\/strong><\/span><br \/> <span style=\"color: #ff6600;\"><strong>42\u00a0LANNURIEN\u00a0MAXIME\u00a0AC LANESTER 56\u00a0JUNIOR 1\u00a000:10:09,520<\/strong><\/span><br \/> <span style=\"color: #ff6600;\"><strong>54\u00a0SEVENO\u00a0THIBAUT\u00a0AC LANESTER 56\u00a0JUNIOR 1\u00a000:10:21,700<\/strong><\/span><br \/> <span style=\"color: #ff6600;\"><strong>73\u00a0LE GAL\u00a0KEVIN\u00a0AC LANESTER 56\u00a0JUNIOR 1\u00a000:10:50,940<\/strong><\/span><\/p>\n<p><span style=\"text-decoration: underline;\"><strong>Classement 2\u00e8me \u00e9tape en ligne :<\/strong><\/span><\/p>\n<p><span style=\"color: #ff6600;\"><strong>1\u00a0PRIMAS\u00a0NICOLAS\u00a0JUNIOR 1\u00a0AC LANESTER 56<\/strong><\/span><br \/> 2\u00a0RICHEUX\u00a0FLORIAN\u00a0JUNIOR 2\u00a0C\u00f4tes d&rsquo;Armor-Marie Morin<br \/> 3\u00a0LEMOINE\u00a0GAETAN\u00a0JUNIOR 2\u00a0ES ALNELOISE CYCLISME<br \/> 4\u00a0GAUDU\u00a0DAVID\u00a0JUNIOR 1\u00a0UC BRIOCHINE<br \/> 5\u00a0DARMONT\u00a0MAXIME\u00a0JUNIOR 1\u00a0VC PORNICHET<br \/> <span style=\"color: #ff6600;\"><strong>12\u00a0LANNURIEN\u00a0MAXIME\u00a0JUNIOR 1\u00a0AC LANESTER 56<\/strong><\/span><br \/> <span style=\"color: #ff6600;\"><strong>14\u00a0MORVAN\u00a0THIBAULT\u00a0JUNIOR 1\u00a0AC LANESTER 56<\/strong><\/span><br \/> <span style=\"color: #ff6600;\"><strong>29\u00a0CORDROCH\u00a0JULIEN\u00a0JUNIOR 2\u00a0AC LANESTER 56<\/strong><\/span><br \/> <span style=\"color: #ff6600;\"><strong>44\u00a0SEVENO\u00a0THIBAUT\u00a0JUNIOR 1\u00a0AC LANESTER 56<\/strong><\/span><br \/> <span style=\"color: #ff6600;\"><strong>46\u00a0LE BARBIER\u00a0LOIC\u00a0JUNIOR 1\u00a0AC LANESTER 56<\/strong><\/span><br \/> <span style=\"color: #ff6600;\"><strong>50\u00a0GUENNEC\u00a0MAXIME\u00a0JUNIOR 1\u00a0AC LANESTER 56<\/strong><\/span><\/p>\n<p><span style=\"text-decoration: underline;\"><strong>Classement g\u00e9n\u00e9ral final :<\/strong><\/span><\/p>\n<p>1 GESBERT Elie JUNIOR 1 ANDEL VS<br \/> 2\u00a0RICHEUX\u00a0FLORIAN\u00a0JUNIOR 2\u00a0C\u00f4tes d&rsquo;Armor-Marie Morin<br \/> <span style=\"color: #ff6600;\"><strong>3\u00a0PRIMAS\u00a0NICOLAS\u00a0JUNIOR 1\u00a0AC LANESTER 56<\/strong><\/span><br \/> 4\u00a0GAUDU\u00a0DAVID\u00a0JUNIOR 1\u00a0UC BRIOCHINE<br \/> 5\u00a0DARMONT\u00a0MAXIME\u00a0JUNIOR 1\u00a0VC PORNICHET<br \/> <span style=\"color: #ff6600;\"><strong>13\u00a0MORVAN\u00a0THIBAULT\u00a0JUNIOR 1\u00a0AC LANESTER 56<\/strong><\/span><br \/> <span style=\"color: #ff6600;\"><strong>17\u00a0LANNURIEN\u00a0MAXIME\u00a0JUNIOR 1\u00a0AC LANESTER 56<\/strong><\/span><br \/> <span style=\"color: #ff6600;\"><strong>26\u00a0LE BARBIER\u00a0LOIC\u00a0JUNIOR 1\u00a0AC LANESTER 56<\/strong><\/span><br \/> <span style=\"color: #ff6600;\"><strong>28\u00a0CORDROCH\u00a0JULIEN\u00a0JUNIOR 2\u00a0AC LANESTER 56<\/strong><\/span><br \/> <span style=\"color: #ff6600;\"><strong>36\u00a0GUENNEC\u00a0MAXIME\u00a0JUNIOR 1\u00a0AC LANESTER 56<\/strong><\/span><br \/> <span style=\"color: #ff6600;\"><strong>46\u00a0SEVENO\u00a0THIBAUT\u00a0JUNIOR 1\u00a0AC LANESTER 56<\/strong><\/span><\/p>\n<p><em><strong>Remerciements \u00e0 J\u00e9r\u00f4me Beldent.<\/strong><\/em><\/p>\n<\/div>\n","protected":false},"excerpt":{"rendered":"","protected":false},"author":14,"featured_media":14804,"comment_status":"open","ping_status":"closed","sticky":false,"template":"","format":"standard","meta":{"ngg_post_thumbnail":0,"footnotes":""},"categories":[5,16,21],"tags":[],"class_list":["post-14796","post","type-post","status-publish","format-standard","has-post-thumbnail","hentry","category-ac-lanester-56","category-resultats","category-resultats-juniors"],"yoast_head":"<!-- This site is optimized with the Yoast SEO plugin v27.5 - https:\/\/yoast.com\/product\/yoast-seo-wordpress\/ -->\n<title>Nicolas Primas vainqueur d&#039;\u00e9tape sur le GP de la Jeunesse \u00e0 Guipry-Messac ! - Avenir Cycliste Lanester 56<\/title>\n<meta name=\"robots\" content=\"index, follow, max-snippet:-1, max-image-preview:large, max-video-preview:-1\" \/>\n<link rel=\"canonical\" href=\"https:\/\/www.aclanester56.com\/velo\/nicolas-primas-vainqueur-detape-sur-le-gp-de-la-jeunesse-a-guipry-messac\/\" \/>\n<meta property=\"og:locale\" content=\"fr_FR\" \/>\n<meta property=\"og:type\" content=\"article\" \/>\n<meta property=\"og:title\" content=\"Nicolas Primas vainqueur d&#039;\u00e9tape sur le GP de la Jeunesse \u00e0 Guipry-Messac ! - Avenir Cycliste Lanester 56\" \/>\n<meta property=\"og:url\" content=\"https:\/\/www.aclanester56.com\/velo\/nicolas-primas-vainqueur-detape-sur-le-gp-de-la-jeunesse-a-guipry-messac\/\" \/>\n<meta property=\"og:site_name\" content=\"Avenir Cycliste Lanester 56\" \/>\n<meta property=\"article:publisher\" content=\"https:\/\/www.facebook.com\/pages\/AC-Lanester-56\/190286300991242?fref=ts\" \/>\n<meta property=\"article:published_time\" content=\"2013-06-24T22:34:59+00:00\" \/>\n<meta property=\"article:modified_time\" content=\"2013-12-21T21:33:41+00:00\" \/>\n<meta property=\"og:image\" content=\"https:\/\/www.aclanester56.com\/velo\/wp-content\/uploads\/2013\/06\/Nicolas-Primas-Copie.jpg\" \/>\n\t<meta property=\"og:image:width\" content=\"650\" \/>\n\t<meta property=\"og:image:height\" content=\"300\" \/>\n\t<meta property=\"og:image:type\" content=\"image\/jpeg\" \/>\n<meta name=\"author\" content=\"Jean-Christophe\" \/>\n<meta name=\"twitter:label1\" content=\"\u00c9crit par\" \/>\n\t<meta name=\"twitter:data1\" content=\"Jean-Christophe\" \/>\n\t<meta name=\"twitter:label2\" content=\"Dur\u00e9e de lecture estim\u00e9e\" \/>\n\t<meta name=\"twitter:data2\" content=\"4 minutes\" \/>\n<script type=\"application\/ld+json\" class=\"yoast-schema-graph\">{\"@context\":\"https:\\\/\\\/schema.org\",\"@graph\":[{\"@type\":\"Article\",\"@id\":\"https:\\\/\\\/www.aclanester56.com\\\/velo\\\/nicolas-primas-vainqueur-detape-sur-le-gp-de-la-jeunesse-a-guipry-messac\\\/#article\",\"isPartOf\":{\"@id\":\"https:\\\/\\\/www.aclanester56.com\\\/velo\\\/nicolas-primas-vainqueur-detape-sur-le-gp-de-la-jeunesse-a-guipry-messac\\\/\"},\"author\":{\"name\":\"Jean-Christophe\",\"@id\":\"https:\\\/\\\/www.aclanester56.com\\\/velo\\\/#\\\/schema\\\/person\\\/ca2a44a5fd969e9dd846c72d3b33bc01\"},\"headline\":\"Nicolas Primas vainqueur d&rsquo;\u00e9tape sur le GP de la Jeunesse \u00e0 Guipry-Messac !\",\"datePublished\":\"2013-06-24T22:34:59+00:00\",\"dateModified\":\"2013-12-21T21:33:41+00:00\",\"mainEntityOfPage\":{\"@id\":\"https:\\\/\\\/www.aclanester56.com\\\/velo\\\/nicolas-primas-vainqueur-detape-sur-le-gp-de-la-jeunesse-a-guipry-messac\\\/\"},\"wordCount\":752,\"commentCount\":0,\"publisher\":{\"@id\":\"https:\\\/\\\/www.aclanester56.com\\\/velo\\\/#organization\"},\"image\":{\"@id\":\"https:\\\/\\\/www.aclanester56.com\\\/velo\\\/nicolas-primas-vainqueur-detape-sur-le-gp-de-la-jeunesse-a-guipry-messac\\\/#primaryimage\"},\"thumbnailUrl\":\"https:\\\/\\\/www.aclanester56.com\\\/velo\\\/wp-content\\\/uploads\\\/2013\\\/06\\\/Nicolas-Primas-Copie.jpg\",\"articleSection\":[\"AC LANESTER 56\",\"R\u00e9sultats\",\"R\u00e9sultats Juniors\"],\"inLanguage\":\"fr-FR\",\"potentialAction\":[{\"@type\":\"CommentAction\",\"name\":\"Comment\",\"target\":[\"https:\\\/\\\/www.aclanester56.com\\\/velo\\\/nicolas-primas-vainqueur-detape-sur-le-gp-de-la-jeunesse-a-guipry-messac\\\/#respond\"]}]},{\"@type\":\"WebPage\",\"@id\":\"https:\\\/\\\/www.aclanester56.com\\\/velo\\\/nicolas-primas-vainqueur-detape-sur-le-gp-de-la-jeunesse-a-guipry-messac\\\/\",\"url\":\"https:\\\/\\\/www.aclanester56.com\\\/velo\\\/nicolas-primas-vainqueur-detape-sur-le-gp-de-la-jeunesse-a-guipry-messac\\\/\",\"name\":\"Nicolas Primas vainqueur d'\u00e9tape sur le GP de la Jeunesse \u00e0 Guipry-Messac ! - Avenir Cycliste Lanester 56\",\"isPartOf\":{\"@id\":\"https:\\\/\\\/www.aclanester56.com\\\/velo\\\/#website\"},\"primaryImageOfPage\":{\"@id\":\"https:\\\/\\\/www.aclanester56.com\\\/velo\\\/nicolas-primas-vainqueur-detape-sur-le-gp-de-la-jeunesse-a-guipry-messac\\\/#primaryimage\"},\"image\":{\"@id\":\"https:\\\/\\\/www.aclanester56.com\\\/velo\\\/nicolas-primas-vainqueur-detape-sur-le-gp-de-la-jeunesse-a-guipry-messac\\\/#primaryimage\"},\"thumbnailUrl\":\"https:\\\/\\\/www.aclanester56.com\\\/velo\\\/wp-content\\\/uploads\\\/2013\\\/06\\\/Nicolas-Primas-Copie.jpg\",\"datePublished\":\"2013-06-24T22:34:59+00:00\",\"dateModified\":\"2013-12-21T21:33:41+00:00\",\"inLanguage\":\"fr-FR\",\"potentialAction\":[{\"@type\":\"ReadAction\",\"target\":[\"https:\\\/\\\/www.aclanester56.com\\\/velo\\\/nicolas-primas-vainqueur-detape-sur-le-gp-de-la-jeunesse-a-guipry-messac\\\/\"]}]},{\"@type\":\"ImageObject\",\"inLanguage\":\"fr-FR\",\"@id\":\"https:\\\/\\\/www.aclanester56.com\\\/velo\\\/nicolas-primas-vainqueur-detape-sur-le-gp-de-la-jeunesse-a-guipry-messac\\\/#primaryimage\",\"url\":\"https:\\\/\\\/www.aclanester56.com\\\/velo\\\/wp-content\\\/uploads\\\/2013\\\/06\\\/Nicolas-Primas-Copie.jpg\",\"contentUrl\":\"https:\\\/\\\/www.aclanester56.com\\\/velo\\\/wp-content\\\/uploads\\\/2013\\\/06\\\/Nicolas-Primas-Copie.jpg\",\"width\":650,\"height\":300},{\"@type\":\"WebSite\",\"@id\":\"https:\\\/\\\/www.aclanester56.com\\\/velo\\\/#website\",\"url\":\"https:\\\/\\\/www.aclanester56.com\\\/velo\\\/\",\"name\":\"Avenir Cycliste Lanester 56\",\"description\":\"Club cycliste de l&#039;AC LANESTER 56\",\"publisher\":{\"@id\":\"https:\\\/\\\/www.aclanester56.com\\\/velo\\\/#organization\"},\"potentialAction\":[{\"@type\":\"SearchAction\",\"target\":{\"@type\":\"EntryPoint\",\"urlTemplate\":\"https:\\\/\\\/www.aclanester56.com\\\/velo\\\/?s={search_term_string}\"},\"query-input\":{\"@type\":\"PropertyValueSpecification\",\"valueRequired\":true,\"valueName\":\"search_term_string\"}}],\"inLanguage\":\"fr-FR\"},{\"@type\":\"Organization\",\"@id\":\"https:\\\/\\\/www.aclanester56.com\\\/velo\\\/#organization\",\"name\":\"Avenir Cycliste Lanester 56\",\"url\":\"https:\\\/\\\/www.aclanester56.com\\\/velo\\\/\",\"logo\":{\"@type\":\"ImageObject\",\"inLanguage\":\"fr-FR\",\"@id\":\"https:\\\/\\\/www.aclanester56.com\\\/velo\\\/#\\\/schema\\\/logo\\\/image\\\/\",\"url\":\"https:\\\/\\\/www.aclanester56.com\\\/velo\\\/wp-content\\\/uploads\\\/2013\\\/04\\\/logo-ACL.jpg\",\"contentUrl\":\"https:\\\/\\\/www.aclanester56.com\\\/velo\\\/wp-content\\\/uploads\\\/2013\\\/04\\\/logo-ACL.jpg\",\"width\":400,\"height\":334,\"caption\":\"Avenir Cycliste Lanester 56\"},\"image\":{\"@id\":\"https:\\\/\\\/www.aclanester56.com\\\/velo\\\/#\\\/schema\\\/logo\\\/image\\\/\"},\"sameAs\":[\"https:\\\/\\\/www.facebook.com\\\/pages\\\/AC-Lanester-56\\\/190286300991242?fref=ts\"]},{\"@type\":\"Person\",\"@id\":\"https:\\\/\\\/www.aclanester56.com\\\/velo\\\/#\\\/schema\\\/person\\\/ca2a44a5fd969e9dd846c72d3b33bc01\",\"name\":\"Jean-Christophe\",\"url\":\"https:\\\/\\\/www.aclanester56.com\\\/velo\\\/author\\\/jeanchristophe\\\/\"}]}<\/script>\n<!-- \/ Yoast SEO plugin. -->","yoast_head_json":{"title":"Nicolas Primas vainqueur d'\u00e9tape sur le GP de la Jeunesse \u00e0 Guipry-Messac ! - Avenir Cycliste Lanester 56","robots":{"index":"index","follow":"follow","max-snippet":"max-snippet:-1","max-image-preview":"max-image-preview:large","max-video-preview":"max-video-preview:-1"},"canonical":"https:\/\/www.aclanester56.com\/velo\/nicolas-primas-vainqueur-detape-sur-le-gp-de-la-jeunesse-a-guipry-messac\/","og_locale":"fr_FR","og_type":"article","og_title":"Nicolas Primas vainqueur d'\u00e9tape sur le GP de la Jeunesse \u00e0 Guipry-Messac ! - Avenir Cycliste Lanester 56","og_url":"https:\/\/www.aclanester56.com\/velo\/nicolas-primas-vainqueur-detape-sur-le-gp-de-la-jeunesse-a-guipry-messac\/","og_site_name":"Avenir Cycliste Lanester 56","article_publisher":"https:\/\/www.facebook.com\/pages\/AC-Lanester-56\/190286300991242?fref=ts","article_published_time":"2013-06-24T22:34:59+00:00","article_modified_time":"2013-12-21T21:33:41+00:00","og_image":[{"width":650,"height":300,"url":"https:\/\/www.aclanester56.com\/velo\/wp-content\/uploads\/2013\/06\/Nicolas-Primas-Copie.jpg","type":"image\/jpeg"}],"author":"Jean-Christophe","twitter_misc":{"\u00c9crit par":"Jean-Christophe","Dur\u00e9e de lecture estim\u00e9e":"4 minutes"},"schema":{"@context":"https:\/\/schema.org","@graph":[{"@type":"Article","@id":"https:\/\/www.aclanester56.com\/velo\/nicolas-primas-vainqueur-detape-sur-le-gp-de-la-jeunesse-a-guipry-messac\/#article","isPartOf":{"@id":"https:\/\/www.aclanester56.com\/velo\/nicolas-primas-vainqueur-detape-sur-le-gp-de-la-jeunesse-a-guipry-messac\/"},"author":{"name":"Jean-Christophe","@id":"https:\/\/www.aclanester56.com\/velo\/#\/schema\/person\/ca2a44a5fd969e9dd846c72d3b33bc01"},"headline":"Nicolas Primas vainqueur d&rsquo;\u00e9tape sur le GP de la Jeunesse \u00e0 Guipry-Messac !","datePublished":"2013-06-24T22:34:59+00:00","dateModified":"2013-12-21T21:33:41+00:00","mainEntityOfPage":{"@id":"https:\/\/www.aclanester56.com\/velo\/nicolas-primas-vainqueur-detape-sur-le-gp-de-la-jeunesse-a-guipry-messac\/"},"wordCount":752,"commentCount":0,"publisher":{"@id":"https:\/\/www.aclanester56.com\/velo\/#organization"},"image":{"@id":"https:\/\/www.aclanester56.com\/velo\/nicolas-primas-vainqueur-detape-sur-le-gp-de-la-jeunesse-a-guipry-messac\/#primaryimage"},"thumbnailUrl":"https:\/\/www.aclanester56.com\/velo\/wp-content\/uploads\/2013\/06\/Nicolas-Primas-Copie.jpg","articleSection":["AC LANESTER 56","R\u00e9sultats","R\u00e9sultats Juniors"],"inLanguage":"fr-FR","potentialAction":[{"@type":"CommentAction","name":"Comment","target":["https:\/\/www.aclanester56.com\/velo\/nicolas-primas-vainqueur-detape-sur-le-gp-de-la-jeunesse-a-guipry-messac\/#respond"]}]},{"@type":"WebPage","@id":"https:\/\/www.aclanester56.com\/velo\/nicolas-primas-vainqueur-detape-sur-le-gp-de-la-jeunesse-a-guipry-messac\/","url":"https:\/\/www.aclanester56.com\/velo\/nicolas-primas-vainqueur-detape-sur-le-gp-de-la-jeunesse-a-guipry-messac\/","name":"Nicolas Primas vainqueur d'\u00e9tape sur le GP de la Jeunesse \u00e0 Guipry-Messac ! - Avenir Cycliste Lanester 56","isPartOf":{"@id":"https:\/\/www.aclanester56.com\/velo\/#website"},"primaryImageOfPage":{"@id":"https:\/\/www.aclanester56.com\/velo\/nicolas-primas-vainqueur-detape-sur-le-gp-de-la-jeunesse-a-guipry-messac\/#primaryimage"},"image":{"@id":"https:\/\/www.aclanester56.com\/velo\/nicolas-primas-vainqueur-detape-sur-le-gp-de-la-jeunesse-a-guipry-messac\/#primaryimage"},"thumbnailUrl":"https:\/\/www.aclanester56.com\/velo\/wp-content\/uploads\/2013\/06\/Nicolas-Primas-Copie.jpg","datePublished":"2013-06-24T22:34:59+00:00","dateModified":"2013-12-21T21:33:41+00:00","inLanguage":"fr-FR","potentialAction":[{"@type":"ReadAction","target":["https:\/\/www.aclanester56.com\/velo\/nicolas-primas-vainqueur-detape-sur-le-gp-de-la-jeunesse-a-guipry-messac\/"]}]},{"@type":"ImageObject","inLanguage":"fr-FR","@id":"https:\/\/www.aclanester56.com\/velo\/nicolas-primas-vainqueur-detape-sur-le-gp-de-la-jeunesse-a-guipry-messac\/#primaryimage","url":"https:\/\/www.aclanester56.com\/velo\/wp-content\/uploads\/2013\/06\/Nicolas-Primas-Copie.jpg","contentUrl":"https:\/\/www.aclanester56.com\/velo\/wp-content\/uploads\/2013\/06\/Nicolas-Primas-Copie.jpg","width":650,"height":300},{"@type":"WebSite","@id":"https:\/\/www.aclanester56.com\/velo\/#website","url":"https:\/\/www.aclanester56.com\/velo\/","name":"Avenir Cycliste Lanester 56","description":"Club cycliste de l&#039;AC LANESTER 56","publisher":{"@id":"https:\/\/www.aclanester56.com\/velo\/#organization"},"potentialAction":[{"@type":"SearchAction","target":{"@type":"EntryPoint","urlTemplate":"https:\/\/www.aclanester56.com\/velo\/?s={search_term_string}"},"query-input":{"@type":"PropertyValueSpecification","valueRequired":true,"valueName":"search_term_string"}}],"inLanguage":"fr-FR"},{"@type":"Organization","@id":"https:\/\/www.aclanester56.com\/velo\/#organization","name":"Avenir Cycliste Lanester 56","url":"https:\/\/www.aclanester56.com\/velo\/","logo":{"@type":"ImageObject","inLanguage":"fr-FR","@id":"https:\/\/www.aclanester56.com\/velo\/#\/schema\/logo\/image\/","url":"https:\/\/www.aclanester56.com\/velo\/wp-content\/uploads\/2013\/04\/logo-ACL.jpg","contentUrl":"https:\/\/www.aclanester56.com\/velo\/wp-content\/uploads\/2013\/04\/logo-ACL.jpg","width":400,"height":334,"caption":"Avenir Cycliste Lanester 56"},"image":{"@id":"https:\/\/www.aclanester56.com\/velo\/#\/schema\/logo\/image\/"},"sameAs":["https:\/\/www.facebook.com\/pages\/AC-Lanester-56\/190286300991242?fref=ts"]},{"@type":"Person","@id":"https:\/\/www.aclanester56.com\/velo\/#\/schema\/person\/ca2a44a5fd969e9dd846c72d3b33bc01","name":"Jean-Christophe","url":"https:\/\/www.aclanester56.com\/velo\/author\/jeanchristophe\/"}]}},"_links":{"self":[{"href":"https:\/\/www.aclanester56.com\/velo\/wp-json\/wp\/v2\/posts\/14796","targetHints":{"allow":["GET"]}}],"collection":[{"href":"https:\/\/www.aclanester56.com\/velo\/wp-json\/wp\/v2\/posts"}],"about":[{"href":"https:\/\/www.aclanester56.com\/velo\/wp-json\/wp\/v2\/types\/post"}],"author":[{"embeddable":true,"href":"https:\/\/www.aclanester56.com\/velo\/wp-json\/wp\/v2\/users\/14"}],"replies":[{"embeddable":true,"href":"https:\/\/www.aclanester56.com\/velo\/wp-json\/wp\/v2\/comments?post=14796"}],"version-history":[{"count":0,"href":"https:\/\/www.aclanester56.com\/velo\/wp-json\/wp\/v2\/posts\/14796\/revisions"}],"wp:featuredmedia":[{"embeddable":true,"href":"https:\/\/www.aclanester56.com\/velo\/wp-json\/wp\/v2\/media\/14804"}],"wp:attachment":[{"href":"https:\/\/www.aclanester56.com\/velo\/wp-json\/wp\/v2\/media?parent=14796"}],"wp:term":[{"taxonomy":"category","embeddable":true,"href":"https:\/\/www.aclanester56.com\/velo\/wp-json\/wp\/v2\/categories?post=14796"},{"taxonomy":"post_tag","embeddable":true,"href":"https:\/\/www.aclanester56.com\/velo\/wp-json\/wp\/v2\/tags?post=14796"}],"curies":[{"name":"wp","href":"https:\/\/api.w.org\/{rel}","templated":true}]}}