{"id":14904,"date":"2013-07-03T00:14:27","date_gmt":"2013-07-02T22:14:27","guid":{"rendered":"http:\/\/www.aclanester56.com\/velo\/?p=14904"},"modified":"2013-12-21T23:29:35","modified_gmt":"2013-12-21T21:29:35","slug":"les-coureurs-de-lac-lanester-56-places-sur-le-chpt-du-morbihan-de-lavenir","status":"publish","type":"post","link":"https:\/\/www.aclanester56.com\/velo\/les-coureurs-de-lac-lanester-56-places-sur-le-chpt-du-morbihan-de-lavenir\/","title":{"rendered":"Les coureurs de l&rsquo;AC Lanester 56 plac\u00e9s sur le Chpt du Morbihan de l&rsquo;Avenir"},"content":{"rendered":"<p style=\"text-align: justify;\"><!--more--><\/p>\n<p style=\"text-align: justify;\">Les Minimes, Cadets et Juniors de l&rsquo;AC Lanester 56 ont particip\u00e9 dimanche dernier aux championnats du Morbihan de l&rsquo;Avenir \u00e0 Missiriac. Dans ces trois cat\u00e9gories, les jeunes Lanest\u00e9riens ont d\u00fb se contenter des places d&rsquo;honneur !<\/p>\n<p>\u00a0<span style=\"color: #ff6600;\"><strong>Les cadets manquent le coche, malgr\u00e9 leurs efforts<\/strong><\/span><\/p>\n<p style=\"text-align: justify;\">Le championnat du Morbihan Cadets se d\u00e9roulait le matin. Sur un circuit roulant, deux coureurs se sont \u00e9chapp\u00e9s rapidement et ne seront pas rejoints, malgr\u00e9 l&rsquo;effort soutenu des Lanest\u00e9riens qui ont roul\u00e9 pendant un peu plus d&rsquo;un tour pour r\u00e9duire l&rsquo;\u00e9cart, ce dont profite d&rsquo;ailleurs un troisi\u00e8me coureur pour rejoindre la t\u00eate. Le peloton est rest\u00e9 group\u00e9 jusqu&rsquo;\u00e0 l&rsquo;arriv\u00e9e et au sprint, Benjamin Duval termine 6\u00e8me, Thomas Denis 7\u00e8me et Nathan Andr\u00e9 14\u00e8me, ce qui assure leur qualification pour le championnat de Bretagne. Nos huit cadets engag\u00e9s ont termin\u00e9 l&rsquo;\u00e9preuve. Alexandre Rio, 28\u00e8me, s&rsquo;est montr\u00e9 l&rsquo;un des plus actifs pendant l&rsquo;\u00e9preuve et malgr\u00e9 ses tr\u00e8s bons r\u00e9sultats depuis le d\u00e9but de saison, n&rsquo;a \u00e9tonnamment pas \u00e9t\u00e9 rep\u00each\u00e9 pour le championnat r\u00e9gional.<\/p>\n<div id=\"attachment_14910\" style=\"width: 410px\" class=\"wp-caption alignright\"><a href=\"http:\/\/www.aclanester56.com\/velo\/wp-content\/uploads\/2013\/07\/Johan-Le-Bouedec-Revolt.jpg\"><img loading=\"lazy\" decoding=\"async\" aria-describedby=\"caption-attachment-14910\" class=\"size-large wp-image-14910\" alt=\"Johann Le Bou\u00e9dec-Revolt termine dans le top 10 chez les Minimes et a gagn\u00e9 son ticket pour le championnat r\u00e9gional (photo Bruno Perrel)\" src=\"http:\/\/www.aclanester56.com\/velo\/wp-content\/uploads\/2013\/07\/Johan-Le-Bouedec-Revolt-800x533.jpg\" width=\"400\" height=\"266\" srcset=\"https:\/\/www.aclanester56.com\/velo\/wp-content\/uploads\/2013\/07\/Johan-Le-Bouedec-Revolt-800x533.jpg 800w, https:\/\/www.aclanester56.com\/velo\/wp-content\/uploads\/2013\/07\/Johan-Le-Bouedec-Revolt-300x200.jpg 300w, https:\/\/www.aclanester56.com\/velo\/wp-content\/uploads\/2013\/07\/Johan-Le-Bouedec-Revolt-450x300.jpg 450w, https:\/\/www.aclanester56.com\/velo\/wp-content\/uploads\/2013\/07\/Johan-Le-Bouedec-Revolt.jpg 960w\" sizes=\"auto, (max-width: 400px) 100vw, 400px\" \/><\/a><p id=\"caption-attachment-14910\" class=\"wp-caption-text\">Johann Le Bou\u00e9dec-Revolt termine dans le top 10 chez les Minimes et a gagn\u00e9 son ticket pour le championnat r\u00e9gional (photo Bruno Perrel)<\/p><\/div>\n<p style=\"text-align: justify;\"><span style=\"color: #ff6600;\"><strong>Les minimes lanest\u00e9riens plac\u00e9s<\/strong><\/span><\/p>\n<p style=\"text-align: justify;\">Les Minimes se sont \u00e9lanc\u00e9s en d\u00e9but d&rsquo;apr\u00e8s-midi. Ca a malheureusement mal commenc\u00e9 pour l&rsquo;un des outsiders Brendan Le Cam qui a manqu\u00e9 le d\u00e9part et s&rsquo;est \u00e9lanc\u00e9 avec un d\u00e9bours de 3 minutes sur le peloton, retard qui s&rsquo;est logiquement av\u00e9r\u00e9 impossible \u00e0 combler, d&rsquo;autant que l&rsquo;\u00e9preuve a d\u00e9marr\u00e9 sur les chapeaux de roue. Ses co\u00e9quipiers Johann Le Bou\u00e9dec-Revolt et Antoine Le Chenadec sont arriv\u00e9s au sprint pour la victoire au sein du groupe de t\u00eate, et prennent respectivement les 9\u00e8me et 10\u00e8me places et sont donc qualifi\u00e9s pour le championnat de Bretagne. Sous une grosse chaleur, Brendan Le Cam et Mathis Blanchet se sont montr\u00e9s courageux et terminent 43\u00e8me et 48\u00e8me. Victime d&rsquo;un coup de chaud, Charles Le Crom \u00e9tait contraint \u00e0 l&rsquo;abandon.<\/p>\n<div id=\"attachment_14913\" style=\"width: 400px\" class=\"wp-caption alignright\"><a href=\"http:\/\/www.aclanester56.com\/velo\/wp-content\/uploads\/2013\/07\/Loic-Le-Barbier.jpg\"><img loading=\"lazy\" decoding=\"async\" aria-describedby=\"caption-attachment-14913\" class=\"size-large wp-image-14913\" alt=\"Loic Le Barbier a fait la course en t\u00eate sur le championnat du Morbihan Juniors et termine 7\u00e8me (photo Camille Nicol)\" src=\"http:\/\/www.aclanester56.com\/velo\/wp-content\/uploads\/2013\/07\/Loic-Le-Barbier-781x600.jpg\" width=\"390\" height=\"300\" srcset=\"https:\/\/www.aclanester56.com\/velo\/wp-content\/uploads\/2013\/07\/Loic-Le-Barbier-781x600.jpg 781w, https:\/\/www.aclanester56.com\/velo\/wp-content\/uploads\/2013\/07\/Loic-Le-Barbier-300x230.jpg 300w, https:\/\/www.aclanester56.com\/velo\/wp-content\/uploads\/2013\/07\/Loic-Le-Barbier-390x300.jpg 390w, https:\/\/www.aclanester56.com\/velo\/wp-content\/uploads\/2013\/07\/Loic-Le-Barbier.jpg 960w\" sizes=\"auto, (max-width: 390px) 100vw, 390px\" \/><\/a><p id=\"caption-attachment-14913\" class=\"wp-caption-text\">Loic Le Barbier a fait la course en t\u00eate sur le championnat du Morbihan Juniors et termine 7\u00e8me (photo Camille Nicol)<\/p><\/div>\n<p style=\"text-align: justify;\"><span style=\"color: #ff6600;\"><strong>Cinq juniors lanest\u00e9riens au championnat de Bretagne<\/strong><\/span><\/p>\n<p style=\"text-align: justify;\">Enfin, comme souvent sur le d\u00e9partemental Juniors, il fallait \u00eatre attentif d\u00e8s les premiers hectom\u00e8tres puisque la bonne \u00e9chapp\u00e9e de 8 coureurs est partie d\u00e8s le d\u00e9part, avec notamment le Lanest\u00e9rien Loic Le Barbier. La chaleur a rendu la course tr\u00e8s difficile et le peloton s&rsquo;est morcel\u00e9 en plusieurs groupes. On retrouvait dans la 1\u00e8re contre-attaque Maxime Lannurien et Thibault Morvan, dans la 2\u00e8me contre-attaque Nicolas Primas et Thibaut Seveno, et enfin Corentin Le Bou\u00e9dec-Revolt et Ga\u00ebl Le Boudouil, alors que Julien Guiho et Maxime Guennec \u00e9taient victimes d&rsquo;une chute. K\u00e9vin Le Gal, Julien Cordroch et Yoann S\u00e9lo n&rsquo;avaient pas leur rendement habituel, peut-\u00eatre n&rsquo;avaient-ils pas r\u00e9cup\u00e9r\u00e9 du Grand Prix de la Ville de Lanester disput\u00e9 le mercredi soir pr\u00e9c\u00e9dent. Loic Le Barbier, qui progresse au fil des week-end, prend une tr\u00e8s encourageante 7\u00e8me place. Il est qualifi\u00e9, au m\u00eame titre que ses co\u00e9quipiers Maxime Lannurien, Thibault Morvan, Thibaut Seveno et Nicolas Primas, pour le championnat de Bretagne.<\/p>\n<p style=\"text-align: justify;\"><span style=\"color: #ff6600;\"><strong>Rendez-vous le 7 juillet \u00e0 St Gou\u00e9no !<\/strong><\/span><\/p>\n<p style=\"text-align: justify;\">Les Championnats de Bretagne de l&rsquo;Avenir auront lieu \u00e0 St Gou\u00e9no (C\u00f4tes d&rsquo;Armor) le dimanche 7 juillet, et les jeunes coureurs de l&rsquo;AC Lanester 56 auront des ambitions.<\/p>\n<p style=\"text-align: justify;\"><span style=\"text-decoration: underline;\"><strong>Classements Minimes :<\/strong><\/span><\/p>\n<p style=\"text-align: justify;\">1\u00a0LE VIGOUROUX\u00a0Baptiste\u00a0VELOCE VANNETAIS CYCL.<br \/> 2\u00a0GUENNEUGUES\u00a0Erwann\u00a0UC ALREENNE<br \/> 3\u00a0PROT\u00a0Gwenn\u00a0EC QUEVENOISE<br \/> 4\u00a0HEMERY\u00a0Ewen\u00a0VC BELLILOIS<br \/> 5\u00a0GOREL\u00a0Beno\u00eet\u00a0UC PAYS PLOUAY<br \/> <span style=\"color: #ff6600;\"><strong>9\u00a0REVOLT LE BOUEDEC\u00a0Johann\u00a0AC LANESTER 56<\/strong><\/span><br \/> <span style=\"color: #ff6600;\"><strong>10\u00a0LE CHENADEC\u00a0Antoine\u00a0AC LANESTER 56<\/strong><\/span><br \/> <span style=\"color: #ff6600;\"><strong>43\u00a0LE CAM\u00a0Brendan\u00a0AC LANESTER 56<\/strong><\/span><br \/> <span style=\"color: #ff6600;\"><strong>48\u00a0BLANCHET\u00a0MATHIS\u00a0AC LANESTER 56<\/strong><\/span><\/p>\n<p style=\"text-align: justify;\"><span style=\"text-decoration: underline;\"><strong>Classement Cadets :<\/strong><\/span><\/p>\n<p style=\"text-align: justify;\">1\u00a0BALTENWECK\u00a0Mewen\u00a0AC PAYS DE BAUD<br \/> 2\u00a0PERRET\u00a0Gurvan\u00a0UC PAYS PLOUAY<br \/> 3\u00a0URIEN\u00a0Guillaume\u00a0SC MALESTROIT<br \/> 4\u00a0LE HUITOUZE\u00a0Julien\u00a0VC LANGUIDIC<br \/> 5\u00a0LE CAPITAINE\u00a0Alexis\u00a0AC PAYS DE BAUD<br \/> <span style=\"color: #ff6600;\"><strong>6\u00a0DUVAL\u00a0Benjamin\u00a0AC LANESTER 56<\/strong><\/span><br \/> <span style=\"color: #ff6600;\"><strong>7\u00a0DENIS\u00a0Thomas\u00a0AC LANESTER 56<\/strong><\/span><br \/> <span style=\"color: #ff6600;\"><strong>14\u00a0ANDRE\u00a0Nathan\u00a0AC LANESTER 56<\/strong><\/span><br \/> <span style=\"color: #ff6600;\"><strong>27\u00a0MACE\u00a0Thomas\u00a0AC LANESTER 56<\/strong><\/span><br \/> <span style=\"color: #ff6600;\"><strong>28\u00a0RIO\u00a0Alexandre\u00a0AC LANESTER 56<\/strong><\/span><br \/> <span style=\"color: #ff6600;\"><strong>39\u00a0LE PROVOST\u00a0Alexandre\u00a0AC LANESTER 56<\/strong><\/span><br \/> <span style=\"color: #ff6600;\"><strong>43\u00a0LE CROM\u00a0Victor\u00a0AC LANESTER 56<\/strong><\/span><br \/> <span style=\"color: #ff6600;\"><strong>51\u00a0LE CALVE\u00a0Th\u00e9o\u00a0AC LANESTER 56<\/strong><\/span><\/p>\n<p style=\"text-align: justify;\"><span style=\"text-decoration: underline;\"><strong>Classements Juniors :<\/strong><\/span><\/p>\n<p style=\"text-align: justify;\">1\u00a0GUILLO\u00a0Kilian\u00a0VELOCE VANNETAIS CYCL.<br \/> 2\u00a0PROD`HOMME\u00a0Antoine\u00a0OC LOCMINE<br \/> 3\u00a0DANILO\u00a0Florian\u00a0US LA GACILLY CYCL.<br \/> 4\u00a0LE CORRE\u00a0Antoine\u00a0SC MALESTROIT<br \/> 5\u00a0GUIL\u00a0Vincent\u00a0VELOCE VANNETAIS CYCL.<br \/> <span style=\"color: #ff6600;\"><strong>7\u00a0LE BARBIER\u00a0Lo\u00efc\u00a0AC LANESTER 56<\/strong><\/span><br \/> <span style=\"color: #ff6600;\"><strong>9\u00a0LANNURIEN\u00a0Maxime\u00a0AC LANESTER 56<\/strong><\/span><br \/> <span style=\"color: #ff6600;\"><strong>10\u00a0ROBIC\u00a0Thomas\u00a0RUN BIKE CLUB 56<\/strong><\/span><br \/> <span style=\"color: #ff6600;\"><strong>11\u00a0MORVAN\u00a0Thibault\u00a0AC LANESTER 56<\/strong><\/span><br \/> <span style=\"color: #ff6600;\"><strong>18\u00a0SEVENO\u00a0Thibaut\u00a0AC LANESTER 56<\/strong><\/span><br \/> <span style=\"color: #ff6600;\"><strong>19\u00a0PRIMAS\u00a0Nicolas\u00a0AC LANESTER 56<\/strong><\/span><br \/> <span style=\"color: #ff6600;\"><strong>25\u00a0LE BOUEDEC REVOLT\u00a0Corentin\u00a0AC LANESTER 56<\/strong><\/span><br \/> <span style=\"color: #ff6600;\"><strong>28\u00a0LE BOUDOUIL\u00a0Ga\u00ebl\u00a0AC LANESTER 56<\/strong><\/span><\/p>\n<p><em><strong>Remerciements \u00e0 Jean-Marc Morvan.<\/strong><\/em><\/p>\n","protected":false},"excerpt":{"rendered":"","protected":false},"author":14,"featured_media":14908,"comment_status":"open","ping_status":"closed","sticky":false,"template":"","format":"standard","meta":{"ngg_post_thumbnail":0,"footnotes":""},"categories":[5,22,21,23],"tags":[],"class_list":["post-14904","post","type-post","status-publish","format-standard","has-post-thumbnail","hentry","category-ac-lanester-56","category-resultats-cadets","category-resultats-juniors","category-resultats-minimes"],"yoast_head":"<!-- This site is optimized with the Yoast SEO plugin v27.5 - https:\/\/yoast.com\/product\/yoast-seo-wordpress\/ -->\n<title>Les coureurs de l&#039;AC Lanester 56 plac\u00e9s sur le Chpt du Morbihan de l&#039;Avenir - Avenir Cycliste Lanester 56<\/title>\n<meta name=\"robots\" content=\"index, follow, max-snippet:-1, max-image-preview:large, max-video-preview:-1\" \/>\n<link rel=\"canonical\" href=\"https:\/\/www.aclanester56.com\/velo\/les-coureurs-de-lac-lanester-56-places-sur-le-chpt-du-morbihan-de-lavenir\/\" \/>\n<meta property=\"og:locale\" content=\"fr_FR\" \/>\n<meta property=\"og:type\" content=\"article\" \/>\n<meta property=\"og:title\" content=\"Les coureurs de l&#039;AC Lanester 56 plac\u00e9s sur le Chpt du Morbihan de l&#039;Avenir - Avenir Cycliste Lanester 56\" \/>\n<meta property=\"og:url\" content=\"https:\/\/www.aclanester56.com\/velo\/les-coureurs-de-lac-lanester-56-places-sur-le-chpt-du-morbihan-de-lavenir\/\" \/>\n<meta property=\"og:site_name\" content=\"Avenir Cycliste Lanester 56\" \/>\n<meta property=\"article:publisher\" content=\"https:\/\/www.facebook.com\/pages\/AC-Lanester-56\/190286300991242?fref=ts\" \/>\n<meta property=\"article:published_time\" content=\"2013-07-02T22:14:27+00:00\" \/>\n<meta property=\"article:modified_time\" content=\"2013-12-21T21:29:35+00:00\" \/>\n<meta property=\"og:image\" content=\"https:\/\/www.aclanester56.com\/velo\/wp-content\/uploads\/2013\/07\/1707691812_3ca32-Copie.jpg\" \/>\n\t<meta property=\"og:image:width\" content=\"650\" \/>\n\t<meta property=\"og:image:height\" content=\"300\" \/>\n\t<meta property=\"og:image:type\" content=\"image\/jpeg\" \/>\n<meta name=\"author\" content=\"Jean-Christophe\" \/>\n<meta name=\"twitter:label1\" content=\"\u00c9crit par\" \/>\n\t<meta name=\"twitter:data1\" content=\"Jean-Christophe\" \/>\n\t<meta name=\"twitter:label2\" content=\"Dur\u00e9e de lecture estim\u00e9e\" \/>\n\t<meta name=\"twitter:data2\" content=\"4 minutes\" \/>\n<script type=\"application\/ld+json\" class=\"yoast-schema-graph\">{\"@context\":\"https:\\\/\\\/schema.org\",\"@graph\":[{\"@type\":\"Article\",\"@id\":\"https:\\\/\\\/www.aclanester56.com\\\/velo\\\/les-coureurs-de-lac-lanester-56-places-sur-le-chpt-du-morbihan-de-lavenir\\\/#article\",\"isPartOf\":{\"@id\":\"https:\\\/\\\/www.aclanester56.com\\\/velo\\\/les-coureurs-de-lac-lanester-56-places-sur-le-chpt-du-morbihan-de-lavenir\\\/\"},\"author\":{\"name\":\"Jean-Christophe\",\"@id\":\"https:\\\/\\\/www.aclanester56.com\\\/velo\\\/#\\\/schema\\\/person\\\/ca2a44a5fd969e9dd846c72d3b33bc01\"},\"headline\":\"Les coureurs de l&rsquo;AC Lanester 56 plac\u00e9s sur le Chpt du Morbihan de l&rsquo;Avenir\",\"datePublished\":\"2013-07-02T22:14:27+00:00\",\"dateModified\":\"2013-12-21T21:29:35+00:00\",\"mainEntityOfPage\":{\"@id\":\"https:\\\/\\\/www.aclanester56.com\\\/velo\\\/les-coureurs-de-lac-lanester-56-places-sur-le-chpt-du-morbihan-de-lavenir\\\/\"},\"wordCount\":795,\"commentCount\":0,\"publisher\":{\"@id\":\"https:\\\/\\\/www.aclanester56.com\\\/velo\\\/#organization\"},\"image\":{\"@id\":\"https:\\\/\\\/www.aclanester56.com\\\/velo\\\/les-coureurs-de-lac-lanester-56-places-sur-le-chpt-du-morbihan-de-lavenir\\\/#primaryimage\"},\"thumbnailUrl\":\"https:\\\/\\\/www.aclanester56.com\\\/velo\\\/wp-content\\\/uploads\\\/2013\\\/07\\\/1707691812_3ca32-Copie.jpg\",\"articleSection\":[\"AC LANESTER 56\",\"R\u00e9sultats Cadets\",\"R\u00e9sultats Juniors\",\"R\u00e9sultats Minimes\"],\"inLanguage\":\"fr-FR\",\"potentialAction\":[{\"@type\":\"CommentAction\",\"name\":\"Comment\",\"target\":[\"https:\\\/\\\/www.aclanester56.com\\\/velo\\\/les-coureurs-de-lac-lanester-56-places-sur-le-chpt-du-morbihan-de-lavenir\\\/#respond\"]}]},{\"@type\":\"WebPage\",\"@id\":\"https:\\\/\\\/www.aclanester56.com\\\/velo\\\/les-coureurs-de-lac-lanester-56-places-sur-le-chpt-du-morbihan-de-lavenir\\\/\",\"url\":\"https:\\\/\\\/www.aclanester56.com\\\/velo\\\/les-coureurs-de-lac-lanester-56-places-sur-le-chpt-du-morbihan-de-lavenir\\\/\",\"name\":\"Les coureurs de l'AC Lanester 56 plac\u00e9s sur le Chpt du Morbihan de l'Avenir - Avenir Cycliste Lanester 56\",\"isPartOf\":{\"@id\":\"https:\\\/\\\/www.aclanester56.com\\\/velo\\\/#website\"},\"primaryImageOfPage\":{\"@id\":\"https:\\\/\\\/www.aclanester56.com\\\/velo\\\/les-coureurs-de-lac-lanester-56-places-sur-le-chpt-du-morbihan-de-lavenir\\\/#primaryimage\"},\"image\":{\"@id\":\"https:\\\/\\\/www.aclanester56.com\\\/velo\\\/les-coureurs-de-lac-lanester-56-places-sur-le-chpt-du-morbihan-de-lavenir\\\/#primaryimage\"},\"thumbnailUrl\":\"https:\\\/\\\/www.aclanester56.com\\\/velo\\\/wp-content\\\/uploads\\\/2013\\\/07\\\/1707691812_3ca32-Copie.jpg\",\"datePublished\":\"2013-07-02T22:14:27+00:00\",\"dateModified\":\"2013-12-21T21:29:35+00:00\",\"inLanguage\":\"fr-FR\",\"potentialAction\":[{\"@type\":\"ReadAction\",\"target\":[\"https:\\\/\\\/www.aclanester56.com\\\/velo\\\/les-coureurs-de-lac-lanester-56-places-sur-le-chpt-du-morbihan-de-lavenir\\\/\"]}]},{\"@type\":\"ImageObject\",\"inLanguage\":\"fr-FR\",\"@id\":\"https:\\\/\\\/www.aclanester56.com\\\/velo\\\/les-coureurs-de-lac-lanester-56-places-sur-le-chpt-du-morbihan-de-lavenir\\\/#primaryimage\",\"url\":\"https:\\\/\\\/www.aclanester56.com\\\/velo\\\/wp-content\\\/uploads\\\/2013\\\/07\\\/1707691812_3ca32-Copie.jpg\",\"contentUrl\":\"https:\\\/\\\/www.aclanester56.com\\\/velo\\\/wp-content\\\/uploads\\\/2013\\\/07\\\/1707691812_3ca32-Copie.jpg\",\"width\":650,\"height\":300,\"caption\":\"Johann Le Bou\u00e9dec-Revolt termine dans le top 10 chez les Minimes et a gagn\u00e9 son ticket pour le championnat r\u00e9gional (photo Bruno Perrel)\"},{\"@type\":\"WebSite\",\"@id\":\"https:\\\/\\\/www.aclanester56.com\\\/velo\\\/#website\",\"url\":\"https:\\\/\\\/www.aclanester56.com\\\/velo\\\/\",\"name\":\"Avenir Cycliste Lanester 56\",\"description\":\"Club cycliste de l&#039;AC LANESTER 56\",\"publisher\":{\"@id\":\"https:\\\/\\\/www.aclanester56.com\\\/velo\\\/#organization\"},\"potentialAction\":[{\"@type\":\"SearchAction\",\"target\":{\"@type\":\"EntryPoint\",\"urlTemplate\":\"https:\\\/\\\/www.aclanester56.com\\\/velo\\\/?s={search_term_string}\"},\"query-input\":{\"@type\":\"PropertyValueSpecification\",\"valueRequired\":true,\"valueName\":\"search_term_string\"}}],\"inLanguage\":\"fr-FR\"},{\"@type\":\"Organization\",\"@id\":\"https:\\\/\\\/www.aclanester56.com\\\/velo\\\/#organization\",\"name\":\"Avenir Cycliste Lanester 56\",\"url\":\"https:\\\/\\\/www.aclanester56.com\\\/velo\\\/\",\"logo\":{\"@type\":\"ImageObject\",\"inLanguage\":\"fr-FR\",\"@id\":\"https:\\\/\\\/www.aclanester56.com\\\/velo\\\/#\\\/schema\\\/logo\\\/image\\\/\",\"url\":\"https:\\\/\\\/www.aclanester56.com\\\/velo\\\/wp-content\\\/uploads\\\/2013\\\/04\\\/logo-ACL.jpg\",\"contentUrl\":\"https:\\\/\\\/www.aclanester56.com\\\/velo\\\/wp-content\\\/uploads\\\/2013\\\/04\\\/logo-ACL.jpg\",\"width\":400,\"height\":334,\"caption\":\"Avenir Cycliste Lanester 56\"},\"image\":{\"@id\":\"https:\\\/\\\/www.aclanester56.com\\\/velo\\\/#\\\/schema\\\/logo\\\/image\\\/\"},\"sameAs\":[\"https:\\\/\\\/www.facebook.com\\\/pages\\\/AC-Lanester-56\\\/190286300991242?fref=ts\"]},{\"@type\":\"Person\",\"@id\":\"https:\\\/\\\/www.aclanester56.com\\\/velo\\\/#\\\/schema\\\/person\\\/ca2a44a5fd969e9dd846c72d3b33bc01\",\"name\":\"Jean-Christophe\",\"url\":\"https:\\\/\\\/www.aclanester56.com\\\/velo\\\/author\\\/jeanchristophe\\\/\"}]}<\/script>\n<!-- \/ Yoast SEO plugin. -->","yoast_head_json":{"title":"Les coureurs de l'AC Lanester 56 plac\u00e9s sur le Chpt du Morbihan de l'Avenir - Avenir Cycliste Lanester 56","robots":{"index":"index","follow":"follow","max-snippet":"max-snippet:-1","max-image-preview":"max-image-preview:large","max-video-preview":"max-video-preview:-1"},"canonical":"https:\/\/www.aclanester56.com\/velo\/les-coureurs-de-lac-lanester-56-places-sur-le-chpt-du-morbihan-de-lavenir\/","og_locale":"fr_FR","og_type":"article","og_title":"Les coureurs de l'AC Lanester 56 plac\u00e9s sur le Chpt du Morbihan de l'Avenir - Avenir Cycliste Lanester 56","og_url":"https:\/\/www.aclanester56.com\/velo\/les-coureurs-de-lac-lanester-56-places-sur-le-chpt-du-morbihan-de-lavenir\/","og_site_name":"Avenir Cycliste Lanester 56","article_publisher":"https:\/\/www.facebook.com\/pages\/AC-Lanester-56\/190286300991242?fref=ts","article_published_time":"2013-07-02T22:14:27+00:00","article_modified_time":"2013-12-21T21:29:35+00:00","og_image":[{"width":650,"height":300,"url":"https:\/\/www.aclanester56.com\/velo\/wp-content\/uploads\/2013\/07\/1707691812_3ca32-Copie.jpg","type":"image\/jpeg"}],"author":"Jean-Christophe","twitter_misc":{"\u00c9crit par":"Jean-Christophe","Dur\u00e9e de lecture estim\u00e9e":"4 minutes"},"schema":{"@context":"https:\/\/schema.org","@graph":[{"@type":"Article","@id":"https:\/\/www.aclanester56.com\/velo\/les-coureurs-de-lac-lanester-56-places-sur-le-chpt-du-morbihan-de-lavenir\/#article","isPartOf":{"@id":"https:\/\/www.aclanester56.com\/velo\/les-coureurs-de-lac-lanester-56-places-sur-le-chpt-du-morbihan-de-lavenir\/"},"author":{"name":"Jean-Christophe","@id":"https:\/\/www.aclanester56.com\/velo\/#\/schema\/person\/ca2a44a5fd969e9dd846c72d3b33bc01"},"headline":"Les coureurs de l&rsquo;AC Lanester 56 plac\u00e9s sur le Chpt du Morbihan de l&rsquo;Avenir","datePublished":"2013-07-02T22:14:27+00:00","dateModified":"2013-12-21T21:29:35+00:00","mainEntityOfPage":{"@id":"https:\/\/www.aclanester56.com\/velo\/les-coureurs-de-lac-lanester-56-places-sur-le-chpt-du-morbihan-de-lavenir\/"},"wordCount":795,"commentCount":0,"publisher":{"@id":"https:\/\/www.aclanester56.com\/velo\/#organization"},"image":{"@id":"https:\/\/www.aclanester56.com\/velo\/les-coureurs-de-lac-lanester-56-places-sur-le-chpt-du-morbihan-de-lavenir\/#primaryimage"},"thumbnailUrl":"https:\/\/www.aclanester56.com\/velo\/wp-content\/uploads\/2013\/07\/1707691812_3ca32-Copie.jpg","articleSection":["AC LANESTER 56","R\u00e9sultats Cadets","R\u00e9sultats Juniors","R\u00e9sultats Minimes"],"inLanguage":"fr-FR","potentialAction":[{"@type":"CommentAction","name":"Comment","target":["https:\/\/www.aclanester56.com\/velo\/les-coureurs-de-lac-lanester-56-places-sur-le-chpt-du-morbihan-de-lavenir\/#respond"]}]},{"@type":"WebPage","@id":"https:\/\/www.aclanester56.com\/velo\/les-coureurs-de-lac-lanester-56-places-sur-le-chpt-du-morbihan-de-lavenir\/","url":"https:\/\/www.aclanester56.com\/velo\/les-coureurs-de-lac-lanester-56-places-sur-le-chpt-du-morbihan-de-lavenir\/","name":"Les coureurs de l'AC Lanester 56 plac\u00e9s sur le Chpt du Morbihan de l'Avenir - Avenir Cycliste Lanester 56","isPartOf":{"@id":"https:\/\/www.aclanester56.com\/velo\/#website"},"primaryImageOfPage":{"@id":"https:\/\/www.aclanester56.com\/velo\/les-coureurs-de-lac-lanester-56-places-sur-le-chpt-du-morbihan-de-lavenir\/#primaryimage"},"image":{"@id":"https:\/\/www.aclanester56.com\/velo\/les-coureurs-de-lac-lanester-56-places-sur-le-chpt-du-morbihan-de-lavenir\/#primaryimage"},"thumbnailUrl":"https:\/\/www.aclanester56.com\/velo\/wp-content\/uploads\/2013\/07\/1707691812_3ca32-Copie.jpg","datePublished":"2013-07-02T22:14:27+00:00","dateModified":"2013-12-21T21:29:35+00:00","inLanguage":"fr-FR","potentialAction":[{"@type":"ReadAction","target":["https:\/\/www.aclanester56.com\/velo\/les-coureurs-de-lac-lanester-56-places-sur-le-chpt-du-morbihan-de-lavenir\/"]}]},{"@type":"ImageObject","inLanguage":"fr-FR","@id":"https:\/\/www.aclanester56.com\/velo\/les-coureurs-de-lac-lanester-56-places-sur-le-chpt-du-morbihan-de-lavenir\/#primaryimage","url":"https:\/\/www.aclanester56.com\/velo\/wp-content\/uploads\/2013\/07\/1707691812_3ca32-Copie.jpg","contentUrl":"https:\/\/www.aclanester56.com\/velo\/wp-content\/uploads\/2013\/07\/1707691812_3ca32-Copie.jpg","width":650,"height":300,"caption":"Johann Le Bou\u00e9dec-Revolt termine dans le top 10 chez les Minimes et a gagn\u00e9 son ticket pour le championnat r\u00e9gional (photo Bruno Perrel)"},{"@type":"WebSite","@id":"https:\/\/www.aclanester56.com\/velo\/#website","url":"https:\/\/www.aclanester56.com\/velo\/","name":"Avenir Cycliste Lanester 56","description":"Club cycliste de l&#039;AC LANESTER 56","publisher":{"@id":"https:\/\/www.aclanester56.com\/velo\/#organization"},"potentialAction":[{"@type":"SearchAction","target":{"@type":"EntryPoint","urlTemplate":"https:\/\/www.aclanester56.com\/velo\/?s={search_term_string}"},"query-input":{"@type":"PropertyValueSpecification","valueRequired":true,"valueName":"search_term_string"}}],"inLanguage":"fr-FR"},{"@type":"Organization","@id":"https:\/\/www.aclanester56.com\/velo\/#organization","name":"Avenir Cycliste Lanester 56","url":"https:\/\/www.aclanester56.com\/velo\/","logo":{"@type":"ImageObject","inLanguage":"fr-FR","@id":"https:\/\/www.aclanester56.com\/velo\/#\/schema\/logo\/image\/","url":"https:\/\/www.aclanester56.com\/velo\/wp-content\/uploads\/2013\/04\/logo-ACL.jpg","contentUrl":"https:\/\/www.aclanester56.com\/velo\/wp-content\/uploads\/2013\/04\/logo-ACL.jpg","width":400,"height":334,"caption":"Avenir Cycliste Lanester 56"},"image":{"@id":"https:\/\/www.aclanester56.com\/velo\/#\/schema\/logo\/image\/"},"sameAs":["https:\/\/www.facebook.com\/pages\/AC-Lanester-56\/190286300991242?fref=ts"]},{"@type":"Person","@id":"https:\/\/www.aclanester56.com\/velo\/#\/schema\/person\/ca2a44a5fd969e9dd846c72d3b33bc01","name":"Jean-Christophe","url":"https:\/\/www.aclanester56.com\/velo\/author\/jeanchristophe\/"}]}},"_links":{"self":[{"href":"https:\/\/www.aclanester56.com\/velo\/wp-json\/wp\/v2\/posts\/14904","targetHints":{"allow":["GET"]}}],"collection":[{"href":"https:\/\/www.aclanester56.com\/velo\/wp-json\/wp\/v2\/posts"}],"about":[{"href":"https:\/\/www.aclanester56.com\/velo\/wp-json\/wp\/v2\/types\/post"}],"author":[{"embeddable":true,"href":"https:\/\/www.aclanester56.com\/velo\/wp-json\/wp\/v2\/users\/14"}],"replies":[{"embeddable":true,"href":"https:\/\/www.aclanester56.com\/velo\/wp-json\/wp\/v2\/comments?post=14904"}],"version-history":[{"count":0,"href":"https:\/\/www.aclanester56.com\/velo\/wp-json\/wp\/v2\/posts\/14904\/revisions"}],"wp:featuredmedia":[{"embeddable":true,"href":"https:\/\/www.aclanester56.com\/velo\/wp-json\/wp\/v2\/media\/14908"}],"wp:attachment":[{"href":"https:\/\/www.aclanester56.com\/velo\/wp-json\/wp\/v2\/media?parent=14904"}],"wp:term":[{"taxonomy":"category","embeddable":true,"href":"https:\/\/www.aclanester56.com\/velo\/wp-json\/wp\/v2\/categories?post=14904"},{"taxonomy":"post_tag","embeddable":true,"href":"https:\/\/www.aclanester56.com\/velo\/wp-json\/wp\/v2\/tags?post=14904"}],"curies":[{"name":"wp","href":"https:\/\/api.w.org\/{rel}","templated":true}]}}