{"id":1504,"date":"2010-01-25T11:16:15","date_gmt":"2010-01-25T10:16:15","guid":{"rendered":"http:\/\/www.aclanester56.com\/velo\/?p=1504"},"modified":"2013-12-22T00:51:18","modified_gmt":"2013-12-21T22:51:18","slug":"1504","status":"publish","type":"post","link":"https:\/\/www.aclanester56.com\/velo\/1504\/","title":{"rendered":"Les Samedis D\u00e9couverte de la Piste 2010"},"content":{"rendered":"<p><!--more--><\/p>\n<p>La 2\u00e8me\u00a0journ\u00e9e s&rsquo;est d\u00e9roul\u00e9e SAMEDI 23 JANVIER sur le v\u00e9lodrome G\u00e9rard Le Maguer \u00e0 LANESTER.<\/p>\n<p>Les\u00a0Ecoles de Cyclisme de l&rsquo;ACP BAUD, EC PLUVIGNER, UC INGUINIEL, UCP PLOUAY, VC PONTIVY et\u00a0AC LANESTER 56 y \u00e9taient repr\u00e9sent\u00e9es.<\/p>\n<p>Les r\u00e9sultats du jour et le classement g\u00e9n\u00e9ral \u00e0 l&rsquo;issue des 2 premi\u00e8res journ\u00e9es dans chaque cat\u00e9gorie sont les suivants :<\/p>\n<p>&nbsp;<\/p>\n<h1 style=\"text-align: center;\"><em><span style=\"text-decoration: underline;\">RESULTATS DE LA 2\u00e8me JOURNEE DECOUVERTE DE LA PISTE<\/span><\/em><\/h1>\n<table width=\"843\" border=\"0\" cellspacing=\"0\" cellpadding=\"0\">\n<colgroup span=\"1\">\n<col span=\"1\" width=\"45\" \/>\n<col span=\"1\" width=\"139\" \/>\n<col span=\"1\" width=\"118\" \/>\n<col span=\"1\" width=\"48\" \/>\n<col span=\"1\" width=\"20\" \/>\n<col span=\"1\" width=\"82\" \/>\n<col span=\"1\" width=\"140\" \/>\n<col span=\"1\" width=\"117\" \/>\n<col span=\"1\" width=\"52\" \/>\n<col span=\"1\" width=\"82\" \/> <\/colgroup>\n<tbody>\n<tr>\n<td colspan=\"3\" width=\"302\" height=\"30\">\u00a0\u00a0\u00a0\u00a0\u00a0\u00a0\u00a0 GARCONS n\u00e9s en 1996<\/td>\n<td width=\"48\">\u00a0<\/td>\n<td width=\"20\">\u00a0<\/td>\n<td colspan=\"3\" width=\"339\">\u00a0\u00a0\u00a0\u00a0\u00a0\u00a0\u00a0 GARCONS n\u00e9s en 1997<\/td>\n<td width=\"52\">\u00a0<\/td>\n<td width=\"82\">\u00a0<\/td>\n<\/tr>\n<tr>\n<td height=\"17\">\u00a0<\/td>\n<td>\u00a0<\/td>\n<td>\u00a0<\/td>\n<td>\u00a0<\/td>\n<td>\u00a0<\/td>\n<td>\u00a0<\/td>\n<td>\u00a0<\/td>\n<td>\u00a0<\/td>\n<td>\u00a0<\/td>\n<td>\u00a0<\/td>\n<\/tr>\n<tr>\n<td height=\"17\">PLACE<\/td>\n<td>NOM ET PRENOM<\/td>\n<td>CLUB<\/td>\n<td>POINTS<\/td>\n<td>\u00a0<\/td>\n<td>PLACE<\/td>\n<td>NOM ET PRENOM<\/td>\n<td>CLUB<\/td>\n<td>POINTS<\/td>\n<td>\u00a0<\/td>\n<\/tr>\n<tr>\n<td height=\"18\">1<\/td>\n<td width=\"139\">TEIRLINCK Vincent<\/td>\n<td width=\"118\">AC LANESTER 56<\/td>\n<td width=\"48\">12<\/td>\n<td>\u00a0<\/td>\n<td>1<\/td>\n<td>DUVAL Benjamin<\/td>\n<td>AC LANESTER 56<\/td>\n<td>12<\/td>\n<td>\u00a0<\/td>\n<\/tr>\n<tr>\n<td height=\"18\">2<\/td>\n<td width=\"139\">SEVENO Thibault<\/td>\n<td width=\"118\">AC LANESTER 56<\/td>\n<td width=\"48\">10<\/td>\n<td>\u00a0<\/td>\n<td>2<\/td>\n<td>ZANIN Alexandre<\/td>\n<td>ACP BAUD<\/td>\n<td>10<\/td>\n<td>\u00a0<\/td>\n<\/tr>\n<tr>\n<td height=\"18\">3<\/td>\n<td>PRIMA Nicolas<\/td>\n<td width=\"118\">AC LANESTER 56<\/td>\n<td>10<\/td>\n<td>\u00a0<\/td>\n<td>3<\/td>\n<td>BERNARD Nicolas<\/td>\n<td>ACP BAUD<\/td>\n<td>10<\/td>\n<td>\u00a0<\/td>\n<\/tr>\n<tr>\n<td height=\"18\">4<\/td>\n<td>LEWANDJA Edouard<\/td>\n<td width=\"118\">AC LANESTER 56<\/td>\n<td>8<\/td>\n<td>\u00a0<\/td>\n<td>4<\/td>\n<td>CRAVIC Maxime<\/td>\n<td>ACP BAUD<\/td>\n<td>8<\/td>\n<td>\u00a0<\/td>\n<\/tr>\n<tr>\n<td height=\"18\">5<\/td>\n<td>CAINJO Yanis<\/td>\n<td>ACP BAUD<\/td>\n<td>7<\/td>\n<td>\u00a0<\/td>\n<td>5<\/td>\n<td>FORTUNE Guillaume<\/td>\n<td>UC INGUINIEL<\/td>\n<td>7<\/td>\n<td>\u00a0<\/td>\n<\/tr>\n<tr>\n<td height=\"18\">6<\/td>\n<td>CONNANEC Valentin<\/td>\n<td>ACP BAUD<\/td>\n<td>6<\/td>\n<td>\u00a0<\/td>\n<td>6<\/td>\n<td>MACE Thomas<\/td>\n<td>AC LANESTER 56<\/td>\n<td>6<\/td>\n<td>\u00a0<\/td>\n<\/tr>\n<tr>\n<td height=\"18\">7<\/td>\n<td>PASCO Alexandre<\/td>\n<td>UC INGUINIEL<\/td>\n<td>5<\/td>\n<td>\u00a0<\/td>\n<td>7<\/td>\n<td>EVEN Ma\u00ebl<\/td>\n<td>EC PLUVIGNER<\/td>\n<td>5<\/td>\n<td>\u00a0<\/td>\n<\/tr>\n<tr>\n<td height=\"18\">8<\/td>\n<td>LE MOUILLOUR Corentin<\/td>\n<td>EC PLUVIGNER<\/td>\n<td>4<\/td>\n<td>\u00a0<\/td>\n<td>8<\/td>\n<td>OLLIVIER Thibault<\/td>\n<td>AC LANESTER 56<\/td>\n<td>4<\/td>\n<td>\u00a0<\/td>\n<\/tr>\n<tr>\n<td height=\"18\">9<\/td>\n<td>ORVOINE Vincent<\/td>\n<td>AC LANESTER 56<\/td>\n<td>3<\/td>\n<td>\u00a0<\/td>\n<td>\u00a0<\/td>\n<td>\u00a0<\/td>\n<td>\u00a0<\/td>\n<td>\u00a0<\/td>\n<td>\u00a0<\/td>\n<\/tr>\n<tr>\n<td height=\"17\">\u00a0<\/td>\n<td>\u00a0<\/td>\n<td>\u00a0<\/td>\n<td>\u00a0<\/td>\n<td>\u00a0<\/td>\n<td>\u00a0<\/td>\n<td>\u00a0<\/td>\n<td>\u00a0<\/td>\n<td>\u00a0<\/td>\n<td>\u00a0<\/td>\n<\/tr>\n<tr>\n<td colspan=\"3\" height=\"30\">\u00a0\u00a0\u00a0\u00a0\u00a0\u00a0\u00a0 GARCONS n\u00e9s en 1998<\/td>\n<td>\u00a0<\/td>\n<td>\u00a0<\/td>\n<td colspan=\"3\">\u00a0\u00a0\u00a0\u00a0\u00a0\u00a0\u00a0 GARCONS n\u00e9s en 1999<\/td>\n<td>\u00a0<\/td>\n<td>\u00a0<\/td>\n<\/tr>\n<tr>\n<td height=\"17\">\u00a0<\/td>\n<td>\u00a0<\/td>\n<td>\u00a0<\/td>\n<td>\u00a0<\/td>\n<td>\u00a0<\/td>\n<td>\u00a0<\/td>\n<td>\u00a0<\/td>\n<td>\u00a0<\/td>\n<td>\u00a0<\/td>\n<td>\u00a0<\/td>\n<\/tr>\n<tr>\n<td height=\"17\">PLACE<\/td>\n<td>NOM ET PRENOM<\/td>\n<td>CLUB<\/td>\n<td>POINTS<\/td>\n<td>\u00a0<\/td>\n<td>PLACE<\/td>\n<td>NOM ET PRENOM<\/td>\n<td>CLUB<\/td>\n<td>POINTS<\/td>\n<td>\u00a0<\/td>\n<\/tr>\n<tr>\n<td height=\"18\">1<\/td>\n<td>LE BLEIZ Yohan<\/td>\n<td width=\"118\">AC LANESTER 56<\/td>\n<td>12<\/td>\n<td>\u00a0<\/td>\n<td>1<\/td>\n<td>LE CAM Brendan<\/td>\n<td width=\"117\">AC LANESTER 56<\/td>\n<td>12<\/td>\n<td>\u00a0<\/td>\n<\/tr>\n<tr>\n<td height=\"18\">2<\/td>\n<td>GUILLAUME Thomas<\/td>\n<td>ACP BAUD<\/td>\n<td>10<\/td>\n<td>\u00a0<\/td>\n<td>2<\/td>\n<td>LE CARER Eric<\/td>\n<td width=\"117\">AC LANESTER 56<\/td>\n<td>10<\/td>\n<td>\u00a0<\/td>\n<\/tr>\n<tr>\n<td height=\"18\">3<\/td>\n<td>LE NY Jean Louis<\/td>\n<td>ACP BAUD<\/td>\n<td>9<\/td>\n<td>\u00a0<\/td>\n<td>3<\/td>\n<td>AFFREINGUE Nicolas<\/td>\n<td width=\"117\">AC LANESTER 56<\/td>\n<td>9<\/td>\n<td>\u00a0<\/td>\n<\/tr>\n<tr>\n<td height=\"18\">4<\/td>\n<td>LEFEBVRE Quentin<\/td>\n<td width=\"118\">AC LANESTER 56<\/td>\n<td>8<\/td>\n<td>\u00a0<\/td>\n<td>4<\/td>\n<td>COMMUNAL Brendan<\/td>\n<td width=\"117\">AC LANESTER 56<\/td>\n<td>8<\/td>\n<td>\u00a0<\/td>\n<\/tr>\n<tr>\n<td height=\"18\">5<\/td>\n<td>LE CAPITAINE Alexis<\/td>\n<td>ACP BAUD<\/td>\n<td>7<\/td>\n<td>\u00a0<\/td>\n<td>5<\/td>\n<td>ROBINEAU Vincent<\/td>\n<td width=\"117\">AC LANESTER 56<\/td>\n<td>7<\/td>\n<td>\u00a0<\/td>\n<\/tr>\n<tr>\n<td height=\"18\">6<\/td>\n<td>LE FORESTIER Baptiste<\/td>\n<td>ACP BAUD<\/td>\n<td>6<\/td>\n<td>\u00a0<\/td>\n<td>6<\/td>\n<td>GOUPIL Cl\u00e9ment<\/td>\n<td width=\"117\">AC LANESTER 56<\/td>\n<td>7<\/td>\n<td>\u00a0<\/td>\n<\/tr>\n<tr>\n<td height=\"18\">7<\/td>\n<td>LE METAYER Jean R\u00e9my<\/td>\n<td>ACP BAUD<\/td>\n<td>5<\/td>\n<td>\u00a0<\/td>\n<td>7<\/td>\n<td>LE BIHAN Tristan<\/td>\n<td width=\"117\">AC LANESTER 56<\/td>\n<td>5<\/td>\n<td>\u00a0<\/td>\n<\/tr>\n<tr>\n<td height=\"18\">8<\/td>\n<td>CHENAIS Corentin<\/td>\n<td>UC INGUINIEL<\/td>\n<td>4<\/td>\n<td>\u00a0<\/td>\n<td>\u00a0<\/td>\n<td>\u00a0<\/td>\n<td width=\"117\">\u00a0<\/td>\n<td>\u00a0<\/td>\n<td>\u00a0<\/td>\n<\/tr>\n<tr>\n<td height=\"18\">9<\/td>\n<td>BERGER Vincent<\/td>\n<td>UC INGUINIEL<\/td>\n<td>3<\/td>\n<td>\u00a0<\/td>\n<td>\u00a0<\/td>\n<td>\u00a0<\/td>\n<td>\u00a0<\/td>\n<td>\u00a0<\/td>\n<td>\u00a0<\/td>\n<\/tr>\n<tr>\n<td height=\"18\">10<\/td>\n<td>LAYEC Sylvain<\/td>\n<td>EC PLUVIGNER<\/td>\n<td>2<\/td>\n<td>\u00a0<\/td>\n<td>\u00a0<\/td>\n<td>\u00a0<\/td>\n<td>\u00a0<\/td>\n<td>\u00a0<\/td>\n<td>\u00a0<\/td>\n<\/tr>\n<tr>\n<td height=\"18\">11<\/td>\n<td>LE SCOUARNEC Vincent<\/td>\n<td width=\"118\">AC LANESTER 56<\/td>\n<td>1<\/td>\n<td>\u00a0<\/td>\n<td>\u00a0<\/td>\n<td>\u00a0<\/td>\n<td>\u00a0<\/td>\n<td>\u00a0<\/td>\n<td>\u00a0<\/td>\n<\/tr>\n<tr>\n<td height=\"18\">11<\/td>\n<td>BALTENWECK Meven<\/td>\n<td>ACP BAUD<\/td>\n<td>1<\/td>\n<td>\u00a0<\/td>\n<td>\u00a0<\/td>\n<td>\u00a0<\/td>\n<td>\u00a0<\/td>\n<td>\u00a0<\/td>\n<td>\u00a0<\/td>\n<\/tr>\n<tr>\n<td height=\"18\">11<\/td>\n<td>JOSSO Valentin<\/td>\n<td width=\"118\">AC LANESTER 56<\/td>\n<td>1<\/td>\n<td>\u00a0<\/td>\n<td>\u00a0<\/td>\n<td>\u00a0<\/td>\n<td>\u00a0<\/td>\n<td>\u00a0<\/td>\n<td>\u00a0<\/td>\n<\/tr>\n<tr>\n<td height=\"18\">\u00a0<\/td>\n<td>\u00a0<\/td>\n<td width=\"118\">\u00a0<\/td>\n<td>\u00a0<\/td>\n<td>\u00a0<\/td>\n<td>\u00a0<\/td>\n<td>\u00a0<\/td>\n<td>\u00a0<\/td>\n<td>\u00a0<\/td>\n<td>\u00a0<\/td>\n<\/tr>\n<tr>\n<td colspan=\"3\" height=\"30\">\u00a0\u00a0\u00a0\u00a0\u00a0\u00a0\u00a0 FILLES n\u00e9es en 96-97<\/td>\n<td>\u00a0<\/td>\n<td>\u00a0<\/td>\n<td colspan=\"3\">\u00a0\u00a0\u00a0\u00a0\u00a0\u00a0\u00a0 FILLES n\u00e9es en 98-99<\/td>\n<td>\u00a0<\/td>\n<td>\u00a0<\/td>\n<\/tr>\n<tr>\n<td height=\"17\">\u00a0<\/td>\n<td>\u00a0<\/td>\n<td>\u00a0<\/td>\n<td>\u00a0<\/td>\n<td>\u00a0<\/td>\n<td>\u00a0<\/td>\n<td>\u00a0<\/td>\n<td>\u00a0<\/td>\n<td>\u00a0<\/td>\n<td>\u00a0<\/td>\n<\/tr>\n<tr>\n<td height=\"17\">PLACE<\/td>\n<td>NOM ET PRENOM<\/td>\n<td>CLUB<\/td>\n<td>POINTS<\/td>\n<td>\u00a0<\/td>\n<td>PLACE<\/td>\n<td>NOM ET PRENOM<\/td>\n<td>CLUB<\/td>\n<td>POINTS<\/td>\n<td>\u00a0<\/td>\n<\/tr>\n<tr>\n<td height=\"18\">1<\/td>\n<td>LE BRIS C\u00e9cilia<\/td>\n<td>VC PONTIVY<\/td>\n<td>12<\/td>\n<td>\u00a0<\/td>\n<td>1<\/td>\n<td>PASCO Lauranne<\/td>\n<td>UC INGUINIEL<\/td>\n<td>12<\/td>\n<td>\u00a0<\/td>\n<\/tr>\n<tr>\n<td height=\"18\">2<\/td>\n<td>LE GUEVEL Ameline<\/td>\n<td>ACP BAUD<\/td>\n<td>10<\/td>\n<td>\u00a0<\/td>\n<td>\u00a0<\/td>\n<td>\u00a0<\/td>\n<td>\u00a0<\/td>\n<td>\u00a0<\/td>\n<td>\u00a0<\/td>\n<\/tr>\n<tr>\n<td height=\"18\">3<\/td>\n<td>CANO Marion<\/td>\n<td>UC INGUINIEL<\/td>\n<td>9<\/td>\n<td>\u00a0<\/td>\n<td>\u00a0<\/td>\n<td>\u00a0<\/td>\n<td>\u00a0<\/td>\n<td>\u00a0<\/td>\n<td>\u00a0<\/td>\n<\/tr>\n<tr>\n<td height=\"18\">4<\/td>\n<td>LE GENDRE Oc\u00e9ane<\/td>\n<td>UC INGUINIEL<\/td>\n<td>8<\/td>\n<td>\u00a0<\/td>\n<td>\u00a0<\/td>\n<td>\u00a0<\/td>\n<td>\u00a0<\/td>\n<td>\u00a0<\/td>\n<td>\u00a0<\/td>\n<\/tr>\n<tr>\n<td height=\"18\">5<\/td>\n<td>ARHURO Chlo\u00e9<\/td>\n<td>UC INGUINIEL<\/td>\n<td>7<\/td>\n<td>\u00a0<\/td>\n<td>\u00a0<\/td>\n<td>\u00a0<\/td>\n<td>\u00a0<\/td>\n<td>\u00a0<\/td>\n<td>\u00a0<\/td>\n<\/tr>\n<\/tbody>\n<\/table>\n<p style=\"text-align: center;\"><em><span style=\"color: #ffcc00;\"><span style=\"font-size: small;\"><span style=\"text-decoration: underline;\">CLASSEMENT GENERAL APRES\u00a0LA 2\u00e8me JOURNEE DECOUVERTE DE LA PISTE<\/span><\/span><\/span><\/em><\/p>\n<p style=\"text-align: center;\">\u00a0<\/p>\n<table width=\"843\" border=\"0\" cellspacing=\"0\" cellpadding=\"0\">\n<colgroup span=\"1\">\n<col span=\"1\" width=\"45\" \/>\n<col span=\"1\" width=\"139\" \/>\n<col span=\"1\" width=\"118\" \/>\n<col span=\"1\" width=\"48\" \/>\n<col span=\"1\" width=\"20\" \/>\n<col span=\"1\" width=\"82\" \/>\n<col span=\"1\" width=\"140\" \/>\n<col span=\"1\" width=\"117\" \/>\n<col span=\"1\" width=\"52\" \/>\n<col span=\"1\" width=\"82\" \/> <\/colgroup>\n<tbody>\n<tr>\n<td colspan=\"3\" width=\"302\" height=\"30\">\u00a0\u00a0\u00a0\u00a0\u00a0\u00a0\u00a0 GARCONS n\u00e9s en 1996<\/td>\n<td width=\"48\">\u00a0<\/td>\n<td width=\"20\">\u00a0<\/td>\n<td colspan=\"3\" width=\"339\">\u00a0\u00a0\u00a0\u00a0\u00a0\u00a0\u00a0 GARCONS n\u00e9s en 1997<\/td>\n<td width=\"52\">\u00a0<\/td>\n<td width=\"82\">\u00a0<\/td>\n<\/tr>\n<tr>\n<td height=\"17\">\u00a0<\/td>\n<td>\u00a0<\/td>\n<td>\u00a0<\/td>\n<td>\u00a0<\/td>\n<td>\u00a0<\/td>\n<td>\u00a0<\/td>\n<td>\u00a0<\/td>\n<td>\u00a0<\/td>\n<td>\u00a0<\/td>\n<td>\u00a0<\/td>\n<\/tr>\n<tr>\n<td height=\"17\">PLACE<\/td>\n<td>NOM ET PRENOM<\/td>\n<td>CLUB<\/td>\n<td>POINTS<\/td>\n<td>\u00a0<\/td>\n<td>PLACE<\/td>\n<td>NOM ET PRENOM<\/td>\n<td>CLUB<\/td>\n<td>POINTS<\/td>\n<td>\u00a0<\/td>\n<\/tr>\n<tr>\n<td height=\"18\">1<\/td>\n<td width=\"139\">TEIRLINCK Vincent<\/td>\n<td width=\"118\">AC LANESTER 56<\/td>\n<td width=\"48\">24<\/td>\n<td>\u00a0<\/td>\n<td>1<\/td>\n<td>DUVAL Benjamin<\/td>\n<td>AC LANESTER 56<\/td>\n<td>22<\/td>\n<td>\u00a0<\/td>\n<\/tr>\n<tr>\n<td height=\"18\">2<\/td>\n<td width=\"139\">SEVENO Thibault<\/td>\n<td width=\"118\">AC LANESTER 56<\/td>\n<td width=\"48\">20<\/td>\n<td>\u00a0<\/td>\n<td>1<\/td>\n<td>BERNARD Nicolas<\/td>\n<td>ACP BAUD<\/td>\n<td>22<\/td>\n<td>\u00a0<\/td>\n<\/tr>\n<tr>\n<td height=\"18\">3<\/td>\n<td>CAINJO Yanis<\/td>\n<td>ACP BAUD<\/td>\n<td>16<\/td>\n<td>\u00a0<\/td>\n<td>3<\/td>\n<td>ZANIN Alexandre<\/td>\n<td>ACP BAUD<\/td>\n<td>18<\/td>\n<td>\u00a0<\/td>\n<\/tr>\n<tr>\n<td height=\"18\">4<\/td>\n<td>LEWANDJA Edouard<\/td>\n<td width=\"118\">AC LANESTER 56<\/td>\n<td>16<\/td>\n<td>\u00a0<\/td>\n<td>4<\/td>\n<td>CRAVIC Maxime<\/td>\n<td>ACP BAUD<\/td>\n<td>17<\/td>\n<td>\u00a0<\/td>\n<\/tr>\n<tr>\n<td height=\"18\">5<\/td>\n<td>CONNANEC Valentin<\/td>\n<td>ACP BAUD<\/td>\n<td>13<\/td>\n<td>\u00a0<\/td>\n<td>5<\/td>\n<td>FORTUNE Guillaume<\/td>\n<td>UC INGUINIEL<\/td>\n<td>14<\/td>\n<td>\u00a0<\/td>\n<\/tr>\n<tr>\n<td height=\"18\">6<\/td>\n<td>PASCO Alexandre<\/td>\n<td>UC INGUINIEL<\/td>\n<td>11<\/td>\n<td>\u00a0<\/td>\n<td>6<\/td>\n<td>MACE Thomas<\/td>\n<td>AC LANESTER 56<\/td>\n<td>12<\/td>\n<td>\u00a0<\/td>\n<\/tr>\n<tr>\n<td height=\"18\">7<\/td>\n<td>PRIMA Nicolas<\/td>\n<td>AC LANESTER 56<\/td>\n<td>10<\/td>\n<td>\u00a0<\/td>\n<td>7<\/td>\n<td>EVEN Ma\u00ebl<\/td>\n<td>EC PLUVIGNER<\/td>\n<td>10<\/td>\n<td>\u00a0<\/td>\n<\/tr>\n<tr>\n<td height=\"18\">8<\/td>\n<td>LE MOUILLOUR Corentin<\/td>\n<td>EC PLUVIGNER<\/td>\n<td>9<\/td>\n<td>\u00a0<\/td>\n<td>8<\/td>\n<td>OLLIVIER Thibault<\/td>\n<td>AC LANESTER 56<\/td>\n<td>8<\/td>\n<td>\u00a0<\/td>\n<\/tr>\n<tr>\n<td height=\"18\">9<\/td>\n<td>ORVOINE Vincent<\/td>\n<td>AC LANESTER 56<\/td>\n<td>6<\/td>\n<td>\u00a0<\/td>\n<td>\u00a0<\/td>\n<td>\u00a0<\/td>\n<td>\u00a0<\/td>\n<td>\u00a0<\/td>\n<td>\u00a0<\/td>\n<\/tr>\n<tr>\n<td height=\"18\">10<\/td>\n<td>BAUTHAMY Dylan<\/td>\n<td>VC PONTIVY<\/td>\n<td>4<\/td>\n<td>\u00a0<\/td>\n<td>\u00a0<\/td>\n<td>\u00a0<\/td>\n<td>\u00a0<\/td>\n<td>\u00a0<\/td>\n<td>\u00a0<\/td>\n<\/tr>\n<tr>\n<td colspan=\"3\" height=\"30\">\u00a0\u00a0\u00a0\u00a0\u00a0\u00a0\u00a0 GARCONS n\u00e9s en 1998<\/td>\n<td>\u00a0<\/td>\n<td>\u00a0<\/td>\n<td colspan=\"3\">\u00a0\u00a0\u00a0\u00a0\u00a0\u00a0\u00a0 GARCONS n\u00e9s en 1999<\/td>\n<td>\u00a0<\/td>\n<td>\u00a0<\/td>\n<\/tr>\n<tr>\n<td height=\"17\">PLACE<\/td>\n<td>NOM ET PRENOM<\/td>\n<td>CLUB<\/td>\n<td>POINTS<\/td>\n<td>\u00a0<\/td>\n<td>PLACE<\/td>\n<td>NOM ET PRENOM<\/td>\n<td>CLUB<\/td>\n<td>POINTS<\/td>\n<td>\u00a0<\/td>\n<\/tr>\n<tr>\n<td height=\"18\">1<\/td>\n<td>LE BLEIZ Yohan<\/td>\n<td width=\"118\">AC LANESTER 56<\/td>\n<td>24<\/td>\n<td>\u00a0<\/td>\n<td>1<\/td>\n<td>LE CAM Brendan<\/td>\n<td width=\"117\">AC LANESTER 56<\/td>\n<td>24<\/td>\n<td>\u00a0<\/td>\n<\/tr>\n<tr>\n<td height=\"18\">2<\/td>\n<td>GUILLAUME Thomas<\/td>\n<td>ACP BAUD<\/td>\n<td>20<\/td>\n<td>\u00a0<\/td>\n<td>2<\/td>\n<td>LE CARER Eric<\/td>\n<td width=\"117\">AC LANESTER 56<\/td>\n<td>19<\/td>\n<td>\u00a0<\/td>\n<\/tr>\n<tr>\n<td height=\"18\">3<\/td>\n<td>LEFEBVRE Quentin<\/td>\n<td width=\"118\">AC LANESTER 56<\/td>\n<td>17<\/td>\n<td>\u00a0<\/td>\n<td>3<\/td>\n<td>COMMUNAL Brendan<\/td>\n<td width=\"117\">AC LANESTER 56<\/td>\n<td>18<\/td>\n<td>\u00a0<\/td>\n<\/tr>\n<tr>\n<td height=\"18\">4<\/td>\n<td>LE CAPITAINE Alexis<\/td>\n<td>ACP BAUD<\/td>\n<td>15<\/td>\n<td>\u00a0<\/td>\n<td>4<\/td>\n<td>ROBINEAU Vincent<\/td>\n<td width=\"117\">AC LANESTER 56<\/td>\n<td>15<\/td>\n<td>\u00a0<\/td>\n<\/tr>\n<tr>\n<td height=\"18\">5<\/td>\n<td>LE FORESTIER Baptiste<\/td>\n<td>ACP BAUD<\/td>\n<td>13<\/td>\n<td>\u00a0<\/td>\n<td>5<\/td>\n<td>AFFREINGUE Nicolas<\/td>\n<td width=\"117\">AC LANESTER 56<\/td>\n<td>9<\/td>\n<td>\u00a0<\/td>\n<\/tr>\n<tr>\n<td height=\"18\">6<\/td>\n<td>LE NY Jean Louis<\/td>\n<td>ACP BAUD<\/td>\n<td>9<\/td>\n<td>\u00a0<\/td>\n<td>6<\/td>\n<td>GOUPIL Cl\u00e9ment<\/td>\n<td width=\"117\">AC LANESTER 56<\/td>\n<td>7<\/td>\n<td>\u00a0<\/td>\n<\/tr>\n<tr>\n<td height=\"18\">7<\/td>\n<td>CHENAIS Corentin<\/td>\n<td>UC INGUINIEL<\/td>\n<td>8<\/td>\n<td>\u00a0<\/td>\n<td>7<\/td>\n<td>LE BIHAN Tristan<\/td>\n<td width=\"117\">AC LANESTER 56<\/td>\n<td>5<\/td>\n<td>\u00a0<\/td>\n<\/tr>\n<tr>\n<td height=\"18\">7<\/td>\n<td>BERGER Vincent<\/td>\n<td>UC INGUINIEL<\/td>\n<td>8<\/td>\n<td>\u00a0<\/td>\n<td>\u00a0<\/td>\n<td>\u00a0<\/td>\n<td width=\"117\">\u00a0<\/td>\n<td>\u00a0<\/td>\n<td>\u00a0<\/td>\n<\/tr>\n<tr>\n<td height=\"18\">9<\/td>\n<td>BALTENWECK Meven<\/td>\n<td>ACP BAUD<\/td>\n<td>7<\/td>\n<td>\u00a0<\/td>\n<td>\u00a0<\/td>\n<td>\u00a0<\/td>\n<td>\u00a0<\/td>\n<td>\u00a0<\/td>\n<td>\u00a0<\/td>\n<\/tr>\n<tr>\n<td height=\"18\">10<\/td>\n<td>LE METAYER Jean R\u00e9my<\/td>\n<td>ACP BAUD<\/td>\n<td>6<\/td>\n<td>\u00a0<\/td>\n<td>\u00a0<\/td>\n<td>\u00a0<\/td>\n<td>\u00a0<\/td>\n<td>\u00a0<\/td>\n<td>\u00a0<\/td>\n<\/tr>\n<tr>\n<td height=\"18\">11<\/td>\n<td>LAYEC Sylvain<\/td>\n<td>EC PLUVIGNER<\/td>\n<td>4<\/td>\n<td>\u00a0<\/td>\n<td>\u00a0<\/td>\n<td>\u00a0<\/td>\n<td>\u00a0<\/td>\n<td>\u00a0<\/td>\n<td>\u00a0<\/td>\n<\/tr>\n<tr>\n<td height=\"18\">12<\/td>\n<td>PERESSE Tanguy<\/td>\n<td>UCP PLOUAY<\/td>\n<td>3<\/td>\n<td>\u00a0<\/td>\n<td>\u00a0<\/td>\n<td>\u00a0<\/td>\n<td>\u00a0<\/td>\n<td>\u00a0<\/td>\n<td>\u00a0<\/td>\n<\/tr>\n<tr>\n<td height=\"18\">13<\/td>\n<td>JOSSO Valentin<\/td>\n<td width=\"118\">AC LANESTER 56<\/td>\n<td>2<\/td>\n<td>\u00a0<\/td>\n<td>\u00a0<\/td>\n<td>\u00a0<\/td>\n<td>\u00a0<\/td>\n<td>\u00a0<\/td>\n<td>\u00a0<\/td>\n<\/tr>\n<tr>\n<td height=\"18\">14<\/td>\n<td>DEMAGNY Kelyann<\/td>\n<td width=\"118\">UCP PLOUAY<\/td>\n<td>1<\/td>\n<td>\u00a0<\/td>\n<td>\u00a0<\/td>\n<td>\u00a0<\/td>\n<td>\u00a0<\/td>\n<td>\u00a0<\/td>\n<td>\u00a0<\/td>\n<\/tr>\n<tr>\n<td height=\"18\">14<\/td>\n<td>LE SCOUARNEC Vincent<\/td>\n<td width=\"118\">AC LANESTER 56<\/td>\n<td>1<\/td>\n<td>\u00a0<\/td>\n<td>\u00a0<\/td>\n<td>\u00a0<\/td>\n<td>\u00a0<\/td>\n<td>\u00a0<\/td>\n<td>\u00a0<\/td>\n<\/tr>\n<tr>\n<td height=\"18\">\u00a0<\/td>\n<td>\u00a0<\/td>\n<td width=\"118\">\u00a0<\/td>\n<td>\u00a0<\/td>\n<td>\u00a0<\/td>\n<td>\u00a0<\/td>\n<td>\u00a0<\/td>\n<td>\u00a0<\/td>\n<td>\u00a0<\/td>\n<td>\u00a0<\/td>\n<\/tr>\n<tr>\n<td colspan=\"3\" height=\"30\">\u00a0\u00a0\u00a0\u00a0\u00a0\u00a0\u00a0 FILLES n\u00e9es en 96-97<\/td>\n<td>\u00a0<\/td>\n<td>\u00a0<\/td>\n<td colspan=\"3\">\u00a0\u00a0\u00a0\u00a0\u00a0\u00a0\u00a0 FILLES n\u00e9es en 98-99<\/td>\n<td>\u00a0<\/td>\n<td>\u00a0<\/td>\n<\/tr>\n<tr>\n<td height=\"17\">\u00a0<\/td>\n<td>\u00a0<\/td>\n<td>\u00a0<\/td>\n<td>\u00a0<\/td>\n<td>\u00a0<\/td>\n<td>\u00a0<\/td>\n<td>\u00a0<\/td>\n<td>\u00a0<\/td>\n<td>\u00a0<\/td>\n<td>\u00a0<\/td>\n<\/tr>\n<tr>\n<td height=\"17\">PLACE<\/td>\n<td>NOM ET PRENOM<\/td>\n<td>CLUB<\/td>\n<td>POINTS<\/td>\n<td>\u00a0<\/td>\n<td>PLACE<\/td>\n<td>NOM ET PRENOM<\/td>\n<td>CLUB<\/td>\n<td>POINTS<\/td>\n<td>\u00a0<\/td>\n<\/tr>\n<tr>\n<td height=\"18\">1<\/td>\n<td>LE BRIS C\u00e9cilia<\/td>\n<td>VC PONTIVY<\/td>\n<td>22<\/td>\n<td>\u00a0<\/td>\n<td>1<\/td>\n<td>PASCO Lauranne<\/td>\n<td>UC INGUINIEL<\/td>\n<td>24<\/td>\n<td>\u00a0<\/td>\n<\/tr>\n<tr>\n<td height=\"18\">1<\/td>\n<td>LE GUEVEL Ameline<\/td>\n<td>ACP BAUD<\/td>\n<td>22<\/td>\n<td>\u00a0<\/td>\n<td>\u00a0<\/td>\n<td>\u00a0<\/td>\n<td>\u00a0<\/td>\n<td>\u00a0<\/td>\n<td>\u00a0<\/td>\n<\/tr>\n<tr>\n<td height=\"18\">3<\/td>\n<td>CANO Marion<\/td>\n<td>UC INGUINIEL<\/td>\n<td>18<\/td>\n<td>\u00a0<\/td>\n<td>\u00a0<\/td>\n<td>\u00a0<\/td>\n<td>\u00a0<\/td>\n<td>\u00a0<\/td>\n<td>\u00a0<\/td>\n<\/tr>\n<tr>\n<td height=\"18\">4<\/td>\n<td>LE GENDRE Oc\u00e9ane<\/td>\n<td>UC INGUINIEL<\/td>\n<td>16<\/td>\n<td>\u00a0<\/td>\n<td>\u00a0<\/td>\n<td>\u00a0<\/td>\n<td>\u00a0<\/td>\n<td>\u00a0<\/td>\n<td>\u00a0<\/td>\n<\/tr>\n<tr>\n<td height=\"18\">5<\/td>\n<td>ARHURO Chlo\u00e9<\/td>\n<td>UC INGUINIEL<\/td>\n<td>7<\/td>\n<td>\u00a0<\/td>\n<td>\u00a0<\/td>\n<td>\u00a0<\/td>\n<td>\u00a0<\/td>\n<td>\u00a0<\/td>\n<td>\u00a0<\/td>\n<\/tr>\n<\/tbody>\n<\/table>\n<p>La finale se d\u00e9roulera le\u00a0SAMEDI 06 FEVRIER \u00e0 Lanester.\u00a0Elle sera suivie par la remise des r\u00e9compenses.<\/p>\n","protected":false},"excerpt":{"rendered":"","protected":false},"author":14,"featured_media":1503,"comment_status":"open","ping_status":"open","sticky":false,"template":"","format":"standard","meta":{"ngg_post_thumbnail":0,"footnotes":""},"categories":[5,24,37],"tags":[],"class_list":["post-1504","post","type-post","status-publish","format-standard","has-post-thumbnail","hentry","category-ac-lanester-56","category-resultats-ecole-de-cyclisme","category-samedi-decouverte"],"yoast_head":"<!-- This site is optimized with the Yoast SEO plugin v27.5 - https:\/\/yoast.com\/product\/yoast-seo-wordpress\/ -->\n<title>Les Samedis D\u00e9couverte de la Piste 2010 - Avenir Cycliste Lanester 56<\/title>\n<meta name=\"robots\" content=\"index, follow, max-snippet:-1, max-image-preview:large, max-video-preview:-1\" \/>\n<link rel=\"canonical\" href=\"https:\/\/www.aclanester56.com\/velo\/1504\/\" \/>\n<meta property=\"og:locale\" content=\"fr_FR\" \/>\n<meta property=\"og:type\" content=\"article\" \/>\n<meta property=\"og:title\" content=\"Les Samedis D\u00e9couverte de la Piste 2010 - Avenir Cycliste Lanester 56\" \/>\n<meta property=\"og:url\" content=\"https:\/\/www.aclanester56.com\/velo\/1504\/\" \/>\n<meta property=\"og:site_name\" content=\"Avenir Cycliste Lanester 56\" \/>\n<meta property=\"article:publisher\" content=\"https:\/\/www.facebook.com\/pages\/AC-Lanester-56\/190286300991242?fref=ts\" \/>\n<meta property=\"article:published_time\" content=\"2010-01-25T10:16:15+00:00\" \/>\n<meta property=\"article:modified_time\" content=\"2013-12-21T22:51:18+00:00\" \/>\n<meta property=\"og:image\" content=\"https:\/\/www.aclanester56.com\/velo\/wp-content\/uploads\/2010\/01\/Copie-de-Samedis-d\u00e9couverte-du-23-01.jpg\" \/>\n\t<meta property=\"og:image:width\" content=\"800\" \/>\n\t<meta property=\"og:image:height\" content=\"600\" \/>\n\t<meta property=\"og:image:type\" content=\"image\/jpeg\" \/>\n<meta name=\"author\" content=\"Jean-Christophe\" \/>\n<meta name=\"twitter:label1\" content=\"\u00c9crit par\" \/>\n\t<meta name=\"twitter:data1\" content=\"Jean-Christophe\" \/>\n\t<meta name=\"twitter:label2\" content=\"Dur\u00e9e de lecture estim\u00e9e\" \/>\n\t<meta name=\"twitter:data2\" content=\"3 minutes\" \/>\n<script type=\"application\/ld+json\" class=\"yoast-schema-graph\">{\"@context\":\"https:\\\/\\\/schema.org\",\"@graph\":[{\"@type\":\"Article\",\"@id\":\"https:\\\/\\\/www.aclanester56.com\\\/velo\\\/1504\\\/#article\",\"isPartOf\":{\"@id\":\"https:\\\/\\\/www.aclanester56.com\\\/velo\\\/1504\\\/\"},\"author\":{\"name\":\"Jean-Christophe\",\"@id\":\"https:\\\/\\\/www.aclanester56.com\\\/velo\\\/#\\\/schema\\\/person\\\/ca2a44a5fd969e9dd846c72d3b33bc01\"},\"headline\":\"Les Samedis D\u00e9couverte de la Piste 2010\",\"datePublished\":\"2010-01-25T10:16:15+00:00\",\"dateModified\":\"2013-12-21T22:51:18+00:00\",\"mainEntityOfPage\":{\"@id\":\"https:\\\/\\\/www.aclanester56.com\\\/velo\\\/1504\\\/\"},\"wordCount\":631,\"commentCount\":1,\"publisher\":{\"@id\":\"https:\\\/\\\/www.aclanester56.com\\\/velo\\\/#organization\"},\"image\":{\"@id\":\"https:\\\/\\\/www.aclanester56.com\\\/velo\\\/1504\\\/#primaryimage\"},\"thumbnailUrl\":\"https:\\\/\\\/www.aclanester56.com\\\/velo\\\/wp-content\\\/uploads\\\/2010\\\/01\\\/Copie-de-Samedis-d\u00e9couverte-du-23-01.jpg\",\"articleSection\":[\"AC LANESTER 56\",\"R\u00e9sultats Ecole de cyclisme\",\"Samedi d\u00e9couverte\"],\"inLanguage\":\"fr-FR\",\"potentialAction\":[{\"@type\":\"CommentAction\",\"name\":\"Comment\",\"target\":[\"https:\\\/\\\/www.aclanester56.com\\\/velo\\\/1504\\\/#respond\"]}]},{\"@type\":\"WebPage\",\"@id\":\"https:\\\/\\\/www.aclanester56.com\\\/velo\\\/1504\\\/\",\"url\":\"https:\\\/\\\/www.aclanester56.com\\\/velo\\\/1504\\\/\",\"name\":\"Les Samedis D\u00e9couverte de la Piste 2010 - Avenir Cycliste Lanester 56\",\"isPartOf\":{\"@id\":\"https:\\\/\\\/www.aclanester56.com\\\/velo\\\/#website\"},\"primaryImageOfPage\":{\"@id\":\"https:\\\/\\\/www.aclanester56.com\\\/velo\\\/1504\\\/#primaryimage\"},\"image\":{\"@id\":\"https:\\\/\\\/www.aclanester56.com\\\/velo\\\/1504\\\/#primaryimage\"},\"thumbnailUrl\":\"https:\\\/\\\/www.aclanester56.com\\\/velo\\\/wp-content\\\/uploads\\\/2010\\\/01\\\/Copie-de-Samedis-d\u00e9couverte-du-23-01.jpg\",\"datePublished\":\"2010-01-25T10:16:15+00:00\",\"dateModified\":\"2013-12-21T22:51:18+00:00\",\"inLanguage\":\"fr-FR\",\"potentialAction\":[{\"@type\":\"ReadAction\",\"target\":[\"https:\\\/\\\/www.aclanester56.com\\\/velo\\\/1504\\\/\"]}]},{\"@type\":\"ImageObject\",\"inLanguage\":\"fr-FR\",\"@id\":\"https:\\\/\\\/www.aclanester56.com\\\/velo\\\/1504\\\/#primaryimage\",\"url\":\"https:\\\/\\\/www.aclanester56.com\\\/velo\\\/wp-content\\\/uploads\\\/2010\\\/01\\\/Copie-de-Samedis-d\u00e9couverte-du-23-01.jpg\",\"contentUrl\":\"https:\\\/\\\/www.aclanester56.com\\\/velo\\\/wp-content\\\/uploads\\\/2010\\\/01\\\/Copie-de-Samedis-d\u00e9couverte-du-23-01.jpg\",\"width\":800,\"height\":600,\"caption\":\"L'an pass\u00e9, les Samedis D\u00e9couverte de la Piste 2010, disput\u00e9s sur le v\u00e9lodrome G\u00e9rard LE MAGUER \u00e0 Lanester, ont connu un joli succ\u00e8s !\"},{\"@type\":\"WebSite\",\"@id\":\"https:\\\/\\\/www.aclanester56.com\\\/velo\\\/#website\",\"url\":\"https:\\\/\\\/www.aclanester56.com\\\/velo\\\/\",\"name\":\"Avenir Cycliste Lanester 56\",\"description\":\"Club cycliste de l&#039;AC LANESTER 56\",\"publisher\":{\"@id\":\"https:\\\/\\\/www.aclanester56.com\\\/velo\\\/#organization\"},\"potentialAction\":[{\"@type\":\"SearchAction\",\"target\":{\"@type\":\"EntryPoint\",\"urlTemplate\":\"https:\\\/\\\/www.aclanester56.com\\\/velo\\\/?s={search_term_string}\"},\"query-input\":{\"@type\":\"PropertyValueSpecification\",\"valueRequired\":true,\"valueName\":\"search_term_string\"}}],\"inLanguage\":\"fr-FR\"},{\"@type\":\"Organization\",\"@id\":\"https:\\\/\\\/www.aclanester56.com\\\/velo\\\/#organization\",\"name\":\"Avenir Cycliste Lanester 56\",\"url\":\"https:\\\/\\\/www.aclanester56.com\\\/velo\\\/\",\"logo\":{\"@type\":\"ImageObject\",\"inLanguage\":\"fr-FR\",\"@id\":\"https:\\\/\\\/www.aclanester56.com\\\/velo\\\/#\\\/schema\\\/logo\\\/image\\\/\",\"url\":\"https:\\\/\\\/www.aclanester56.com\\\/velo\\\/wp-content\\\/uploads\\\/2013\\\/04\\\/logo-ACL.jpg\",\"contentUrl\":\"https:\\\/\\\/www.aclanester56.com\\\/velo\\\/wp-content\\\/uploads\\\/2013\\\/04\\\/logo-ACL.jpg\",\"width\":400,\"height\":334,\"caption\":\"Avenir Cycliste Lanester 56\"},\"image\":{\"@id\":\"https:\\\/\\\/www.aclanester56.com\\\/velo\\\/#\\\/schema\\\/logo\\\/image\\\/\"},\"sameAs\":[\"https:\\\/\\\/www.facebook.com\\\/pages\\\/AC-Lanester-56\\\/190286300991242?fref=ts\"]},{\"@type\":\"Person\",\"@id\":\"https:\\\/\\\/www.aclanester56.com\\\/velo\\\/#\\\/schema\\\/person\\\/ca2a44a5fd969e9dd846c72d3b33bc01\",\"name\":\"Jean-Christophe\",\"url\":\"https:\\\/\\\/www.aclanester56.com\\\/velo\\\/author\\\/jeanchristophe\\\/\"}]}<\/script>\n<!-- \/ Yoast SEO plugin. -->","yoast_head_json":{"title":"Les Samedis D\u00e9couverte de la Piste 2010 - Avenir Cycliste Lanester 56","robots":{"index":"index","follow":"follow","max-snippet":"max-snippet:-1","max-image-preview":"max-image-preview:large","max-video-preview":"max-video-preview:-1"},"canonical":"https:\/\/www.aclanester56.com\/velo\/1504\/","og_locale":"fr_FR","og_type":"article","og_title":"Les Samedis D\u00e9couverte de la Piste 2010 - Avenir Cycliste Lanester 56","og_url":"https:\/\/www.aclanester56.com\/velo\/1504\/","og_site_name":"Avenir Cycliste Lanester 56","article_publisher":"https:\/\/www.facebook.com\/pages\/AC-Lanester-56\/190286300991242?fref=ts","article_published_time":"2010-01-25T10:16:15+00:00","article_modified_time":"2013-12-21T22:51:18+00:00","og_image":[{"width":800,"height":600,"url":"https:\/\/www.aclanester56.com\/velo\/wp-content\/uploads\/2010\/01\/Copie-de-Samedis-d\u00e9couverte-du-23-01.jpg","type":"image\/jpeg"}],"author":"Jean-Christophe","twitter_misc":{"\u00c9crit par":"Jean-Christophe","Dur\u00e9e de lecture estim\u00e9e":"3 minutes"},"schema":{"@context":"https:\/\/schema.org","@graph":[{"@type":"Article","@id":"https:\/\/www.aclanester56.com\/velo\/1504\/#article","isPartOf":{"@id":"https:\/\/www.aclanester56.com\/velo\/1504\/"},"author":{"name":"Jean-Christophe","@id":"https:\/\/www.aclanester56.com\/velo\/#\/schema\/person\/ca2a44a5fd969e9dd846c72d3b33bc01"},"headline":"Les Samedis D\u00e9couverte de la Piste 2010","datePublished":"2010-01-25T10:16:15+00:00","dateModified":"2013-12-21T22:51:18+00:00","mainEntityOfPage":{"@id":"https:\/\/www.aclanester56.com\/velo\/1504\/"},"wordCount":631,"commentCount":1,"publisher":{"@id":"https:\/\/www.aclanester56.com\/velo\/#organization"},"image":{"@id":"https:\/\/www.aclanester56.com\/velo\/1504\/#primaryimage"},"thumbnailUrl":"https:\/\/www.aclanester56.com\/velo\/wp-content\/uploads\/2010\/01\/Copie-de-Samedis-d\u00e9couverte-du-23-01.jpg","articleSection":["AC LANESTER 56","R\u00e9sultats Ecole de cyclisme","Samedi d\u00e9couverte"],"inLanguage":"fr-FR","potentialAction":[{"@type":"CommentAction","name":"Comment","target":["https:\/\/www.aclanester56.com\/velo\/1504\/#respond"]}]},{"@type":"WebPage","@id":"https:\/\/www.aclanester56.com\/velo\/1504\/","url":"https:\/\/www.aclanester56.com\/velo\/1504\/","name":"Les Samedis D\u00e9couverte de la Piste 2010 - Avenir Cycliste Lanester 56","isPartOf":{"@id":"https:\/\/www.aclanester56.com\/velo\/#website"},"primaryImageOfPage":{"@id":"https:\/\/www.aclanester56.com\/velo\/1504\/#primaryimage"},"image":{"@id":"https:\/\/www.aclanester56.com\/velo\/1504\/#primaryimage"},"thumbnailUrl":"https:\/\/www.aclanester56.com\/velo\/wp-content\/uploads\/2010\/01\/Copie-de-Samedis-d\u00e9couverte-du-23-01.jpg","datePublished":"2010-01-25T10:16:15+00:00","dateModified":"2013-12-21T22:51:18+00:00","inLanguage":"fr-FR","potentialAction":[{"@type":"ReadAction","target":["https:\/\/www.aclanester56.com\/velo\/1504\/"]}]},{"@type":"ImageObject","inLanguage":"fr-FR","@id":"https:\/\/www.aclanester56.com\/velo\/1504\/#primaryimage","url":"https:\/\/www.aclanester56.com\/velo\/wp-content\/uploads\/2010\/01\/Copie-de-Samedis-d\u00e9couverte-du-23-01.jpg","contentUrl":"https:\/\/www.aclanester56.com\/velo\/wp-content\/uploads\/2010\/01\/Copie-de-Samedis-d\u00e9couverte-du-23-01.jpg","width":800,"height":600,"caption":"L'an pass\u00e9, les Samedis D\u00e9couverte de la Piste 2010, disput\u00e9s sur le v\u00e9lodrome G\u00e9rard LE MAGUER \u00e0 Lanester, ont connu un joli succ\u00e8s !"},{"@type":"WebSite","@id":"https:\/\/www.aclanester56.com\/velo\/#website","url":"https:\/\/www.aclanester56.com\/velo\/","name":"Avenir Cycliste Lanester 56","description":"Club cycliste de l&#039;AC LANESTER 56","publisher":{"@id":"https:\/\/www.aclanester56.com\/velo\/#organization"},"potentialAction":[{"@type":"SearchAction","target":{"@type":"EntryPoint","urlTemplate":"https:\/\/www.aclanester56.com\/velo\/?s={search_term_string}"},"query-input":{"@type":"PropertyValueSpecification","valueRequired":true,"valueName":"search_term_string"}}],"inLanguage":"fr-FR"},{"@type":"Organization","@id":"https:\/\/www.aclanester56.com\/velo\/#organization","name":"Avenir Cycliste Lanester 56","url":"https:\/\/www.aclanester56.com\/velo\/","logo":{"@type":"ImageObject","inLanguage":"fr-FR","@id":"https:\/\/www.aclanester56.com\/velo\/#\/schema\/logo\/image\/","url":"https:\/\/www.aclanester56.com\/velo\/wp-content\/uploads\/2013\/04\/logo-ACL.jpg","contentUrl":"https:\/\/www.aclanester56.com\/velo\/wp-content\/uploads\/2013\/04\/logo-ACL.jpg","width":400,"height":334,"caption":"Avenir Cycliste Lanester 56"},"image":{"@id":"https:\/\/www.aclanester56.com\/velo\/#\/schema\/logo\/image\/"},"sameAs":["https:\/\/www.facebook.com\/pages\/AC-Lanester-56\/190286300991242?fref=ts"]},{"@type":"Person","@id":"https:\/\/www.aclanester56.com\/velo\/#\/schema\/person\/ca2a44a5fd969e9dd846c72d3b33bc01","name":"Jean-Christophe","url":"https:\/\/www.aclanester56.com\/velo\/author\/jeanchristophe\/"}]}},"_links":{"self":[{"href":"https:\/\/www.aclanester56.com\/velo\/wp-json\/wp\/v2\/posts\/1504","targetHints":{"allow":["GET"]}}],"collection":[{"href":"https:\/\/www.aclanester56.com\/velo\/wp-json\/wp\/v2\/posts"}],"about":[{"href":"https:\/\/www.aclanester56.com\/velo\/wp-json\/wp\/v2\/types\/post"}],"author":[{"embeddable":true,"href":"https:\/\/www.aclanester56.com\/velo\/wp-json\/wp\/v2\/users\/14"}],"replies":[{"embeddable":true,"href":"https:\/\/www.aclanester56.com\/velo\/wp-json\/wp\/v2\/comments?post=1504"}],"version-history":[{"count":0,"href":"https:\/\/www.aclanester56.com\/velo\/wp-json\/wp\/v2\/posts\/1504\/revisions"}],"wp:featuredmedia":[{"embeddable":true,"href":"https:\/\/www.aclanester56.com\/velo\/wp-json\/wp\/v2\/media\/1503"}],"wp:attachment":[{"href":"https:\/\/www.aclanester56.com\/velo\/wp-json\/wp\/v2\/media?parent=1504"}],"wp:term":[{"taxonomy":"category","embeddable":true,"href":"https:\/\/www.aclanester56.com\/velo\/wp-json\/wp\/v2\/categories?post=1504"},{"taxonomy":"post_tag","embeddable":true,"href":"https:\/\/www.aclanester56.com\/velo\/wp-json\/wp\/v2\/tags?post=1504"}],"curies":[{"name":"wp","href":"https:\/\/api.w.org\/{rel}","templated":true}]}}