{"id":15053,"date":"2013-07-30T22:48:22","date_gmt":"2013-07-30T20:48:22","guid":{"rendered":"http:\/\/www.aclanester56.com\/velo\/?p=15053"},"modified":"2013-12-21T23:22:54","modified_gmt":"2013-12-21T21:22:54","slug":"thomas-denis-3eme-du-championnat-de-france-de-lamericaine","status":"publish","type":"post","link":"https:\/\/www.aclanester56.com\/velo\/thomas-denis-3eme-du-championnat-de-france-de-lamericaine\/","title":{"rendered":"Thomas Denis 3\u00e8me du championnat de France de l&rsquo;Am\u00e9ricaine"},"content":{"rendered":"<p style=\"text-align: justify;\"><!--more--><\/p>\n<p style=\"text-align: justify;\">Champion de France de poursuite individuelle (<a href=\"http:\/\/www.aclanester56.com\/velo\/thomas-denis-champion-de-france-de-poursuite-individuelle-je-ne-realise-pas-encore\/\" target=\"_blank\">relire l&rsquo;article en cliquant ici<\/a>), le Lanest\u00e9rien Thomas Denis a conclut ses tr\u00e8s bons \u00a0championnats nationaux sur piste avec un podium sur l&rsquo;Am\u00e9ricaine, avec son comp\u00e8re Ronan Vivier. Thomas termine \u00e9galement 8\u00e8me de la course aux points.<\/p>\n<p>\u00a0<strong style=\"line-height: 1.5em;\">Am\u00e9ricaine Cadets :<\/strong><\/p>\n<p>1 RHONE ALPES (ENGLAND &#8211; GIROLLET) 13 Pts<br \/> 2 AQUITAINE &#8211; 1 (BETOUIGT &#8211; ELIVERT) 8 Pts<br \/> <span style=\"color: #ff6600;\"><strong>3 BRETAGNE &#8211; 1 (DENIS &#8211; VIVIER) 7 Pts<\/strong><\/span><br \/> 4 PROVENCE &#8211; 2 (MALDONADO &#8211; OUSTRY) 7 Pts<br \/> 5 PAYS DE LA LOIRE (DAVY &#8211; FOURNIER) 5 Pts<br \/> 6 BOURGOGNE (BELAIR &#8211; DEGUEURCE) 2 Pts<br \/> 7 POITOU CHARENTES (ABISROR &#8211; JEZEQUEL) 0 Pt<br \/> 8 PROVENCE &#8211; 1 (AMMENDOLA &#8211; EVENGUE) 0 Pt<br \/> 9 ALSACE (MATMOUR &#8211; WOLFF) 1 Pt<br \/> 10 NORMANDIE &#8211; 1 (VILLAIN &#8211; KERGARAVAT) 1 Pt<\/p>\n<p><span style=\"text-decoration: underline;\"><strong>Course aux points Cadets :<\/strong><\/span><\/p>\n<p>1er COSTEPLANE Aur\u00e9lien MPY 18 Pts les 15,000 km en 18&rsquo;58&Prime;0 \u00e0 la moyenne de 47.452 km\/h<br \/> 2\u00e8me OUSTRY Thomas PRO 8 Pts<br \/> 3\u00e8me BRASSEUR Julien REC 5 Pts<br \/> 4\u00e8me DEGUEURCE Joffrey BOU 5 Pts<br \/> 5\u00e8me ALLIN Antoine POC 5 Pts<br \/> 6\u00e8me MALDONADO Dylan PRO 3 Pts<br \/> 7\u00e8me GRESSIER Maxime NPC 3 Pts<br \/> <span style=\"color: #ff6600;\"><strong>8\u00e8me DENIS Thomas BRE 3 Pts<\/strong><\/span><br \/> 9\u00e8me PERRET Kevin PDL 3 Pts<br \/> 10\u00e8me SELIVERT Tristan AQU 3 Pts<br \/> \u00a0<\/p>\n","protected":false},"excerpt":{"rendered":"","protected":false},"author":14,"featured_media":15055,"comment_status":"open","ping_status":"closed","sticky":false,"template":"","format":"standard","meta":{"ngg_post_thumbnail":0,"footnotes":""},"categories":[5,22],"tags":[],"class_list":["post-15053","post","type-post","status-publish","format-standard","has-post-thumbnail","hentry","category-ac-lanester-56","category-resultats-cadets"],"yoast_head":"<!-- This site is optimized with the Yoast SEO plugin v27.5 - https:\/\/yoast.com\/product\/yoast-seo-wordpress\/ -->\n<title>Thomas Denis 3\u00e8me du championnat de France de l&#039;Am\u00e9ricaine - Avenir Cycliste Lanester 56<\/title>\n<meta name=\"robots\" content=\"index, follow, max-snippet:-1, max-image-preview:large, max-video-preview:-1\" \/>\n<link rel=\"canonical\" href=\"https:\/\/www.aclanester56.com\/velo\/thomas-denis-3eme-du-championnat-de-france-de-lamericaine\/\" \/>\n<meta property=\"og:locale\" content=\"fr_FR\" \/>\n<meta property=\"og:type\" content=\"article\" \/>\n<meta property=\"og:title\" content=\"Thomas Denis 3\u00e8me du championnat de France de l&#039;Am\u00e9ricaine - Avenir Cycliste Lanester 56\" \/>\n<meta property=\"og:url\" content=\"https:\/\/www.aclanester56.com\/velo\/thomas-denis-3eme-du-championnat-de-france-de-lamericaine\/\" \/>\n<meta property=\"og:site_name\" content=\"Avenir Cycliste Lanester 56\" \/>\n<meta property=\"article:publisher\" content=\"https:\/\/www.facebook.com\/pages\/AC-Lanester-56\/190286300991242?fref=ts\" \/>\n<meta property=\"article:published_time\" content=\"2013-07-30T20:48:22+00:00\" \/>\n<meta property=\"article:modified_time\" content=\"2013-12-21T21:22:54+00:00\" \/>\n<meta property=\"og:image\" content=\"https:\/\/www.aclanester56.com\/velo\/wp-content\/uploads\/2013\/07\/AMERICAINE_CADETS_1_RHONE_ALPES_2_AQUITAINE_3_BRETAGNE-Copie.jpg\" \/>\n\t<meta property=\"og:image:width\" content=\"650\" \/>\n\t<meta property=\"og:image:height\" content=\"300\" \/>\n\t<meta property=\"og:image:type\" content=\"image\/jpeg\" \/>\n<meta name=\"author\" content=\"Jean-Christophe\" \/>\n<meta name=\"twitter:label1\" content=\"\u00c9crit par\" \/>\n\t<meta name=\"twitter:data1\" content=\"Jean-Christophe\" \/>\n\t<meta name=\"twitter:label2\" content=\"Dur\u00e9e de lecture estim\u00e9e\" \/>\n\t<meta name=\"twitter:data2\" content=\"1 minute\" \/>\n<script type=\"application\/ld+json\" class=\"yoast-schema-graph\">{\"@context\":\"https:\\\/\\\/schema.org\",\"@graph\":[{\"@type\":\"Article\",\"@id\":\"https:\\\/\\\/www.aclanester56.com\\\/velo\\\/thomas-denis-3eme-du-championnat-de-france-de-lamericaine\\\/#article\",\"isPartOf\":{\"@id\":\"https:\\\/\\\/www.aclanester56.com\\\/velo\\\/thomas-denis-3eme-du-championnat-de-france-de-lamericaine\\\/\"},\"author\":{\"name\":\"Jean-Christophe\",\"@id\":\"https:\\\/\\\/www.aclanester56.com\\\/velo\\\/#\\\/schema\\\/person\\\/ca2a44a5fd969e9dd846c72d3b33bc01\"},\"headline\":\"Thomas Denis 3\u00e8me du championnat de France de l&rsquo;Am\u00e9ricaine\",\"datePublished\":\"2013-07-30T20:48:22+00:00\",\"dateModified\":\"2013-12-21T21:22:54+00:00\",\"mainEntityOfPage\":{\"@id\":\"https:\\\/\\\/www.aclanester56.com\\\/velo\\\/thomas-denis-3eme-du-championnat-de-france-de-lamericaine\\\/\"},\"wordCount\":184,\"commentCount\":0,\"publisher\":{\"@id\":\"https:\\\/\\\/www.aclanester56.com\\\/velo\\\/#organization\"},\"image\":{\"@id\":\"https:\\\/\\\/www.aclanester56.com\\\/velo\\\/thomas-denis-3eme-du-championnat-de-france-de-lamericaine\\\/#primaryimage\"},\"thumbnailUrl\":\"https:\\\/\\\/www.aclanester56.com\\\/velo\\\/wp-content\\\/uploads\\\/2013\\\/07\\\/AMERICAINE_CADETS_1_RHONE_ALPES_2_AQUITAINE_3_BRETAGNE-Copie.jpg\",\"articleSection\":[\"AC LANESTER 56\",\"R\u00e9sultats Cadets\"],\"inLanguage\":\"fr-FR\",\"potentialAction\":[{\"@type\":\"CommentAction\",\"name\":\"Comment\",\"target\":[\"https:\\\/\\\/www.aclanester56.com\\\/velo\\\/thomas-denis-3eme-du-championnat-de-france-de-lamericaine\\\/#respond\"]}]},{\"@type\":\"WebPage\",\"@id\":\"https:\\\/\\\/www.aclanester56.com\\\/velo\\\/thomas-denis-3eme-du-championnat-de-france-de-lamericaine\\\/\",\"url\":\"https:\\\/\\\/www.aclanester56.com\\\/velo\\\/thomas-denis-3eme-du-championnat-de-france-de-lamericaine\\\/\",\"name\":\"Thomas Denis 3\u00e8me du championnat de France de l'Am\u00e9ricaine - Avenir Cycliste Lanester 56\",\"isPartOf\":{\"@id\":\"https:\\\/\\\/www.aclanester56.com\\\/velo\\\/#website\"},\"primaryImageOfPage\":{\"@id\":\"https:\\\/\\\/www.aclanester56.com\\\/velo\\\/thomas-denis-3eme-du-championnat-de-france-de-lamericaine\\\/#primaryimage\"},\"image\":{\"@id\":\"https:\\\/\\\/www.aclanester56.com\\\/velo\\\/thomas-denis-3eme-du-championnat-de-france-de-lamericaine\\\/#primaryimage\"},\"thumbnailUrl\":\"https:\\\/\\\/www.aclanester56.com\\\/velo\\\/wp-content\\\/uploads\\\/2013\\\/07\\\/AMERICAINE_CADETS_1_RHONE_ALPES_2_AQUITAINE_3_BRETAGNE-Copie.jpg\",\"datePublished\":\"2013-07-30T20:48:22+00:00\",\"dateModified\":\"2013-12-21T21:22:54+00:00\",\"inLanguage\":\"fr-FR\",\"potentialAction\":[{\"@type\":\"ReadAction\",\"target\":[\"https:\\\/\\\/www.aclanester56.com\\\/velo\\\/thomas-denis-3eme-du-championnat-de-france-de-lamericaine\\\/\"]}]},{\"@type\":\"ImageObject\",\"inLanguage\":\"fr-FR\",\"@id\":\"https:\\\/\\\/www.aclanester56.com\\\/velo\\\/thomas-denis-3eme-du-championnat-de-france-de-lamericaine\\\/#primaryimage\",\"url\":\"https:\\\/\\\/www.aclanester56.com\\\/velo\\\/wp-content\\\/uploads\\\/2013\\\/07\\\/AMERICAINE_CADETS_1_RHONE_ALPES_2_AQUITAINE_3_BRETAGNE-Copie.jpg\",\"contentUrl\":\"https:\\\/\\\/www.aclanester56.com\\\/velo\\\/wp-content\\\/uploads\\\/2013\\\/07\\\/AMERICAINE_CADETS_1_RHONE_ALPES_2_AQUITAINE_3_BRETAGNE-Copie.jpg\",\"width\":650,\"height\":300},{\"@type\":\"WebSite\",\"@id\":\"https:\\\/\\\/www.aclanester56.com\\\/velo\\\/#website\",\"url\":\"https:\\\/\\\/www.aclanester56.com\\\/velo\\\/\",\"name\":\"Avenir Cycliste Lanester 56\",\"description\":\"Club cycliste de l&#039;AC LANESTER 56\",\"publisher\":{\"@id\":\"https:\\\/\\\/www.aclanester56.com\\\/velo\\\/#organization\"},\"potentialAction\":[{\"@type\":\"SearchAction\",\"target\":{\"@type\":\"EntryPoint\",\"urlTemplate\":\"https:\\\/\\\/www.aclanester56.com\\\/velo\\\/?s={search_term_string}\"},\"query-input\":{\"@type\":\"PropertyValueSpecification\",\"valueRequired\":true,\"valueName\":\"search_term_string\"}}],\"inLanguage\":\"fr-FR\"},{\"@type\":\"Organization\",\"@id\":\"https:\\\/\\\/www.aclanester56.com\\\/velo\\\/#organization\",\"name\":\"Avenir Cycliste Lanester 56\",\"url\":\"https:\\\/\\\/www.aclanester56.com\\\/velo\\\/\",\"logo\":{\"@type\":\"ImageObject\",\"inLanguage\":\"fr-FR\",\"@id\":\"https:\\\/\\\/www.aclanester56.com\\\/velo\\\/#\\\/schema\\\/logo\\\/image\\\/\",\"url\":\"https:\\\/\\\/www.aclanester56.com\\\/velo\\\/wp-content\\\/uploads\\\/2013\\\/04\\\/logo-ACL.jpg\",\"contentUrl\":\"https:\\\/\\\/www.aclanester56.com\\\/velo\\\/wp-content\\\/uploads\\\/2013\\\/04\\\/logo-ACL.jpg\",\"width\":400,\"height\":334,\"caption\":\"Avenir Cycliste Lanester 56\"},\"image\":{\"@id\":\"https:\\\/\\\/www.aclanester56.com\\\/velo\\\/#\\\/schema\\\/logo\\\/image\\\/\"},\"sameAs\":[\"https:\\\/\\\/www.facebook.com\\\/pages\\\/AC-Lanester-56\\\/190286300991242?fref=ts\"]},{\"@type\":\"Person\",\"@id\":\"https:\\\/\\\/www.aclanester56.com\\\/velo\\\/#\\\/schema\\\/person\\\/ca2a44a5fd969e9dd846c72d3b33bc01\",\"name\":\"Jean-Christophe\",\"url\":\"https:\\\/\\\/www.aclanester56.com\\\/velo\\\/author\\\/jeanchristophe\\\/\"}]}<\/script>\n<!-- \/ Yoast SEO plugin. -->","yoast_head_json":{"title":"Thomas Denis 3\u00e8me du championnat de France de l'Am\u00e9ricaine - Avenir Cycliste Lanester 56","robots":{"index":"index","follow":"follow","max-snippet":"max-snippet:-1","max-image-preview":"max-image-preview:large","max-video-preview":"max-video-preview:-1"},"canonical":"https:\/\/www.aclanester56.com\/velo\/thomas-denis-3eme-du-championnat-de-france-de-lamericaine\/","og_locale":"fr_FR","og_type":"article","og_title":"Thomas Denis 3\u00e8me du championnat de France de l'Am\u00e9ricaine - Avenir Cycliste Lanester 56","og_url":"https:\/\/www.aclanester56.com\/velo\/thomas-denis-3eme-du-championnat-de-france-de-lamericaine\/","og_site_name":"Avenir Cycliste Lanester 56","article_publisher":"https:\/\/www.facebook.com\/pages\/AC-Lanester-56\/190286300991242?fref=ts","article_published_time":"2013-07-30T20:48:22+00:00","article_modified_time":"2013-12-21T21:22:54+00:00","og_image":[{"width":650,"height":300,"url":"https:\/\/www.aclanester56.com\/velo\/wp-content\/uploads\/2013\/07\/AMERICAINE_CADETS_1_RHONE_ALPES_2_AQUITAINE_3_BRETAGNE-Copie.jpg","type":"image\/jpeg"}],"author":"Jean-Christophe","twitter_misc":{"\u00c9crit par":"Jean-Christophe","Dur\u00e9e de lecture estim\u00e9e":"1 minute"},"schema":{"@context":"https:\/\/schema.org","@graph":[{"@type":"Article","@id":"https:\/\/www.aclanester56.com\/velo\/thomas-denis-3eme-du-championnat-de-france-de-lamericaine\/#article","isPartOf":{"@id":"https:\/\/www.aclanester56.com\/velo\/thomas-denis-3eme-du-championnat-de-france-de-lamericaine\/"},"author":{"name":"Jean-Christophe","@id":"https:\/\/www.aclanester56.com\/velo\/#\/schema\/person\/ca2a44a5fd969e9dd846c72d3b33bc01"},"headline":"Thomas Denis 3\u00e8me du championnat de France de l&rsquo;Am\u00e9ricaine","datePublished":"2013-07-30T20:48:22+00:00","dateModified":"2013-12-21T21:22:54+00:00","mainEntityOfPage":{"@id":"https:\/\/www.aclanester56.com\/velo\/thomas-denis-3eme-du-championnat-de-france-de-lamericaine\/"},"wordCount":184,"commentCount":0,"publisher":{"@id":"https:\/\/www.aclanester56.com\/velo\/#organization"},"image":{"@id":"https:\/\/www.aclanester56.com\/velo\/thomas-denis-3eme-du-championnat-de-france-de-lamericaine\/#primaryimage"},"thumbnailUrl":"https:\/\/www.aclanester56.com\/velo\/wp-content\/uploads\/2013\/07\/AMERICAINE_CADETS_1_RHONE_ALPES_2_AQUITAINE_3_BRETAGNE-Copie.jpg","articleSection":["AC LANESTER 56","R\u00e9sultats Cadets"],"inLanguage":"fr-FR","potentialAction":[{"@type":"CommentAction","name":"Comment","target":["https:\/\/www.aclanester56.com\/velo\/thomas-denis-3eme-du-championnat-de-france-de-lamericaine\/#respond"]}]},{"@type":"WebPage","@id":"https:\/\/www.aclanester56.com\/velo\/thomas-denis-3eme-du-championnat-de-france-de-lamericaine\/","url":"https:\/\/www.aclanester56.com\/velo\/thomas-denis-3eme-du-championnat-de-france-de-lamericaine\/","name":"Thomas Denis 3\u00e8me du championnat de France de l'Am\u00e9ricaine - Avenir Cycliste Lanester 56","isPartOf":{"@id":"https:\/\/www.aclanester56.com\/velo\/#website"},"primaryImageOfPage":{"@id":"https:\/\/www.aclanester56.com\/velo\/thomas-denis-3eme-du-championnat-de-france-de-lamericaine\/#primaryimage"},"image":{"@id":"https:\/\/www.aclanester56.com\/velo\/thomas-denis-3eme-du-championnat-de-france-de-lamericaine\/#primaryimage"},"thumbnailUrl":"https:\/\/www.aclanester56.com\/velo\/wp-content\/uploads\/2013\/07\/AMERICAINE_CADETS_1_RHONE_ALPES_2_AQUITAINE_3_BRETAGNE-Copie.jpg","datePublished":"2013-07-30T20:48:22+00:00","dateModified":"2013-12-21T21:22:54+00:00","inLanguage":"fr-FR","potentialAction":[{"@type":"ReadAction","target":["https:\/\/www.aclanester56.com\/velo\/thomas-denis-3eme-du-championnat-de-france-de-lamericaine\/"]}]},{"@type":"ImageObject","inLanguage":"fr-FR","@id":"https:\/\/www.aclanester56.com\/velo\/thomas-denis-3eme-du-championnat-de-france-de-lamericaine\/#primaryimage","url":"https:\/\/www.aclanester56.com\/velo\/wp-content\/uploads\/2013\/07\/AMERICAINE_CADETS_1_RHONE_ALPES_2_AQUITAINE_3_BRETAGNE-Copie.jpg","contentUrl":"https:\/\/www.aclanester56.com\/velo\/wp-content\/uploads\/2013\/07\/AMERICAINE_CADETS_1_RHONE_ALPES_2_AQUITAINE_3_BRETAGNE-Copie.jpg","width":650,"height":300},{"@type":"WebSite","@id":"https:\/\/www.aclanester56.com\/velo\/#website","url":"https:\/\/www.aclanester56.com\/velo\/","name":"Avenir Cycliste Lanester 56","description":"Club cycliste de l&#039;AC LANESTER 56","publisher":{"@id":"https:\/\/www.aclanester56.com\/velo\/#organization"},"potentialAction":[{"@type":"SearchAction","target":{"@type":"EntryPoint","urlTemplate":"https:\/\/www.aclanester56.com\/velo\/?s={search_term_string}"},"query-input":{"@type":"PropertyValueSpecification","valueRequired":true,"valueName":"search_term_string"}}],"inLanguage":"fr-FR"},{"@type":"Organization","@id":"https:\/\/www.aclanester56.com\/velo\/#organization","name":"Avenir Cycliste Lanester 56","url":"https:\/\/www.aclanester56.com\/velo\/","logo":{"@type":"ImageObject","inLanguage":"fr-FR","@id":"https:\/\/www.aclanester56.com\/velo\/#\/schema\/logo\/image\/","url":"https:\/\/www.aclanester56.com\/velo\/wp-content\/uploads\/2013\/04\/logo-ACL.jpg","contentUrl":"https:\/\/www.aclanester56.com\/velo\/wp-content\/uploads\/2013\/04\/logo-ACL.jpg","width":400,"height":334,"caption":"Avenir Cycliste Lanester 56"},"image":{"@id":"https:\/\/www.aclanester56.com\/velo\/#\/schema\/logo\/image\/"},"sameAs":["https:\/\/www.facebook.com\/pages\/AC-Lanester-56\/190286300991242?fref=ts"]},{"@type":"Person","@id":"https:\/\/www.aclanester56.com\/velo\/#\/schema\/person\/ca2a44a5fd969e9dd846c72d3b33bc01","name":"Jean-Christophe","url":"https:\/\/www.aclanester56.com\/velo\/author\/jeanchristophe\/"}]}},"_links":{"self":[{"href":"https:\/\/www.aclanester56.com\/velo\/wp-json\/wp\/v2\/posts\/15053","targetHints":{"allow":["GET"]}}],"collection":[{"href":"https:\/\/www.aclanester56.com\/velo\/wp-json\/wp\/v2\/posts"}],"about":[{"href":"https:\/\/www.aclanester56.com\/velo\/wp-json\/wp\/v2\/types\/post"}],"author":[{"embeddable":true,"href":"https:\/\/www.aclanester56.com\/velo\/wp-json\/wp\/v2\/users\/14"}],"replies":[{"embeddable":true,"href":"https:\/\/www.aclanester56.com\/velo\/wp-json\/wp\/v2\/comments?post=15053"}],"version-history":[{"count":0,"href":"https:\/\/www.aclanester56.com\/velo\/wp-json\/wp\/v2\/posts\/15053\/revisions"}],"wp:featuredmedia":[{"embeddable":true,"href":"https:\/\/www.aclanester56.com\/velo\/wp-json\/wp\/v2\/media\/15055"}],"wp:attachment":[{"href":"https:\/\/www.aclanester56.com\/velo\/wp-json\/wp\/v2\/media?parent=15053"}],"wp:term":[{"taxonomy":"category","embeddable":true,"href":"https:\/\/www.aclanester56.com\/velo\/wp-json\/wp\/v2\/categories?post=15053"},{"taxonomy":"post_tag","embeddable":true,"href":"https:\/\/www.aclanester56.com\/velo\/wp-json\/wp\/v2\/tags?post=15053"}],"curies":[{"name":"wp","href":"https:\/\/api.w.org\/{rel}","templated":true}]}}