{"id":15341,"date":"2013-10-03T23:09:23","date_gmt":"2013-10-03T21:09:23","guid":{"rendered":"http:\/\/www.aclanester56.com\/velo\/?p=15341"},"modified":"2013-12-21T22:32:55","modified_gmt":"2013-12-21T20:32:55","slug":"quatre-coureurs-de-lac-lanester-56-au-roch-des-monts-darree","status":"publish","type":"post","link":"https:\/\/www.aclanester56.com\/velo\/quatre-coureurs-de-lac-lanester-56-au-roch-des-monts-darree\/","title":{"rendered":"Quatre coureurs de l&rsquo;AC Lanester 56 au Roc&rsquo;h des Monts d&rsquo;Arr\u00e9e"},"content":{"rendered":"<p style=\"text-align: justify;\"><!--more--><\/p>\n<p style=\"text-align: justify;\">Quatre coureurs de l&rsquo;AC Lanester 56 ont particip\u00e9 le 22 septembre dernier au Roc&rsquo;h des Monts d&rsquo;Arr\u00e9e, un maxi-raid VTT d&rsquo;une distance de 120 Km !<\/p>\n<p>\u00a0Florian Mor\u00e9ac, Mathieu et Benoit Le Bruchec et Davy Le Ker ont particip\u00e9 au Roc&rsquo;h des Monts d&rsquo;Arr\u00e9e, le plus grand rassemblement du genre en Bretagne. Nos quatre Lanest\u00e9riens ont parcouru la difficile boucle de 120 Km autour du Huelgoat, qui passait par les hauteurs du Roc Tr\u00e9dudon et de St Michel de Brasparts, en exactement 7 Heures.<\/p>\n","protected":false},"excerpt":{"rendered":"","protected":false},"author":14,"featured_media":15345,"comment_status":"open","ping_status":"closed","sticky":false,"template":"","format":"standard","meta":{"ngg_post_thumbnail":0,"footnotes":""},"categories":[5],"tags":[],"class_list":["post-15341","post","type-post","status-publish","format-standard","has-post-thumbnail","hentry","category-ac-lanester-56"],"yoast_head":"<!-- This site is optimized with the Yoast SEO plugin v27.5 - https:\/\/yoast.com\/product\/yoast-seo-wordpress\/ -->\n<title>Quatre coureurs de l&#039;AC Lanester 56 au Roc&#039;h des Monts d&#039;Arr\u00e9e - Avenir Cycliste Lanester 56<\/title>\n<meta name=\"robots\" content=\"index, follow, max-snippet:-1, max-image-preview:large, max-video-preview:-1\" \/>\n<link rel=\"canonical\" href=\"https:\/\/www.aclanester56.com\/velo\/quatre-coureurs-de-lac-lanester-56-au-roch-des-monts-darree\/\" \/>\n<meta property=\"og:locale\" content=\"fr_FR\" \/>\n<meta property=\"og:type\" content=\"article\" \/>\n<meta property=\"og:title\" content=\"Quatre coureurs de l&#039;AC Lanester 56 au Roc&#039;h des Monts d&#039;Arr\u00e9e - Avenir Cycliste Lanester 56\" \/>\n<meta property=\"og:url\" content=\"https:\/\/www.aclanester56.com\/velo\/quatre-coureurs-de-lac-lanester-56-au-roch-des-monts-darree\/\" \/>\n<meta property=\"og:site_name\" content=\"Avenir Cycliste Lanester 56\" \/>\n<meta property=\"article:publisher\" content=\"https:\/\/www.facebook.com\/pages\/AC-Lanester-56\/190286300991242?fref=ts\" \/>\n<meta property=\"article:published_time\" content=\"2013-10-03T21:09:23+00:00\" \/>\n<meta property=\"article:modified_time\" content=\"2013-12-21T20:32:55+00:00\" \/>\n<meta property=\"og:image\" content=\"https:\/\/www.aclanester56.com\/velo\/wp-content\/uploads\/2013\/10\/IMG_5212-Copie.jpg\" \/>\n\t<meta property=\"og:image:width\" content=\"650\" \/>\n\t<meta property=\"og:image:height\" content=\"300\" \/>\n\t<meta property=\"og:image:type\" content=\"image\/jpeg\" \/>\n<meta name=\"author\" content=\"Jean-Christophe\" \/>\n<meta name=\"twitter:label1\" content=\"\u00c9crit par\" \/>\n\t<meta name=\"twitter:data1\" content=\"Jean-Christophe\" \/>\n<script type=\"application\/ld+json\" class=\"yoast-schema-graph\">{\"@context\":\"https:\\\/\\\/schema.org\",\"@graph\":[{\"@type\":\"Article\",\"@id\":\"https:\\\/\\\/www.aclanester56.com\\\/velo\\\/quatre-coureurs-de-lac-lanester-56-au-roch-des-monts-darree\\\/#article\",\"isPartOf\":{\"@id\":\"https:\\\/\\\/www.aclanester56.com\\\/velo\\\/quatre-coureurs-de-lac-lanester-56-au-roch-des-monts-darree\\\/\"},\"author\":{\"name\":\"Jean-Christophe\",\"@id\":\"https:\\\/\\\/www.aclanester56.com\\\/velo\\\/#\\\/schema\\\/person\\\/ca2a44a5fd969e9dd846c72d3b33bc01\"},\"headline\":\"Quatre coureurs de l&rsquo;AC Lanester 56 au Roc&rsquo;h des Monts d&rsquo;Arr\u00e9e\",\"datePublished\":\"2013-10-03T21:09:23+00:00\",\"dateModified\":\"2013-12-21T20:32:55+00:00\",\"mainEntityOfPage\":{\"@id\":\"https:\\\/\\\/www.aclanester56.com\\\/velo\\\/quatre-coureurs-de-lac-lanester-56-au-roch-des-monts-darree\\\/\"},\"wordCount\":94,\"commentCount\":0,\"publisher\":{\"@id\":\"https:\\\/\\\/www.aclanester56.com\\\/velo\\\/#organization\"},\"image\":{\"@id\":\"https:\\\/\\\/www.aclanester56.com\\\/velo\\\/quatre-coureurs-de-lac-lanester-56-au-roch-des-monts-darree\\\/#primaryimage\"},\"thumbnailUrl\":\"https:\\\/\\\/www.aclanester56.com\\\/velo\\\/wp-content\\\/uploads\\\/2013\\\/10\\\/IMG_5212-Copie.jpg\",\"articleSection\":[\"AC LANESTER 56\"],\"inLanguage\":\"fr-FR\",\"potentialAction\":[{\"@type\":\"CommentAction\",\"name\":\"Comment\",\"target\":[\"https:\\\/\\\/www.aclanester56.com\\\/velo\\\/quatre-coureurs-de-lac-lanester-56-au-roch-des-monts-darree\\\/#respond\"]}]},{\"@type\":\"WebPage\",\"@id\":\"https:\\\/\\\/www.aclanester56.com\\\/velo\\\/quatre-coureurs-de-lac-lanester-56-au-roch-des-monts-darree\\\/\",\"url\":\"https:\\\/\\\/www.aclanester56.com\\\/velo\\\/quatre-coureurs-de-lac-lanester-56-au-roch-des-monts-darree\\\/\",\"name\":\"Quatre coureurs de l'AC Lanester 56 au Roc'h des Monts d'Arr\u00e9e - Avenir Cycliste Lanester 56\",\"isPartOf\":{\"@id\":\"https:\\\/\\\/www.aclanester56.com\\\/velo\\\/#website\"},\"primaryImageOfPage\":{\"@id\":\"https:\\\/\\\/www.aclanester56.com\\\/velo\\\/quatre-coureurs-de-lac-lanester-56-au-roch-des-monts-darree\\\/#primaryimage\"},\"image\":{\"@id\":\"https:\\\/\\\/www.aclanester56.com\\\/velo\\\/quatre-coureurs-de-lac-lanester-56-au-roch-des-monts-darree\\\/#primaryimage\"},\"thumbnailUrl\":\"https:\\\/\\\/www.aclanester56.com\\\/velo\\\/wp-content\\\/uploads\\\/2013\\\/10\\\/IMG_5212-Copie.jpg\",\"datePublished\":\"2013-10-03T21:09:23+00:00\",\"dateModified\":\"2013-12-21T20:32:55+00:00\",\"inLanguage\":\"fr-FR\",\"potentialAction\":[{\"@type\":\"ReadAction\",\"target\":[\"https:\\\/\\\/www.aclanester56.com\\\/velo\\\/quatre-coureurs-de-lac-lanester-56-au-roch-des-monts-darree\\\/\"]}]},{\"@type\":\"ImageObject\",\"inLanguage\":\"fr-FR\",\"@id\":\"https:\\\/\\\/www.aclanester56.com\\\/velo\\\/quatre-coureurs-de-lac-lanester-56-au-roch-des-monts-darree\\\/#primaryimage\",\"url\":\"https:\\\/\\\/www.aclanester56.com\\\/velo\\\/wp-content\\\/uploads\\\/2013\\\/10\\\/IMG_5212-Copie.jpg\",\"contentUrl\":\"https:\\\/\\\/www.aclanester56.com\\\/velo\\\/wp-content\\\/uploads\\\/2013\\\/10\\\/IMG_5212-Copie.jpg\",\"width\":650,\"height\":300},{\"@type\":\"WebSite\",\"@id\":\"https:\\\/\\\/www.aclanester56.com\\\/velo\\\/#website\",\"url\":\"https:\\\/\\\/www.aclanester56.com\\\/velo\\\/\",\"name\":\"Avenir Cycliste Lanester 56\",\"description\":\"Club cycliste de l&#039;AC LANESTER 56\",\"publisher\":{\"@id\":\"https:\\\/\\\/www.aclanester56.com\\\/velo\\\/#organization\"},\"potentialAction\":[{\"@type\":\"SearchAction\",\"target\":{\"@type\":\"EntryPoint\",\"urlTemplate\":\"https:\\\/\\\/www.aclanester56.com\\\/velo\\\/?s={search_term_string}\"},\"query-input\":{\"@type\":\"PropertyValueSpecification\",\"valueRequired\":true,\"valueName\":\"search_term_string\"}}],\"inLanguage\":\"fr-FR\"},{\"@type\":\"Organization\",\"@id\":\"https:\\\/\\\/www.aclanester56.com\\\/velo\\\/#organization\",\"name\":\"Avenir Cycliste Lanester 56\",\"url\":\"https:\\\/\\\/www.aclanester56.com\\\/velo\\\/\",\"logo\":{\"@type\":\"ImageObject\",\"inLanguage\":\"fr-FR\",\"@id\":\"https:\\\/\\\/www.aclanester56.com\\\/velo\\\/#\\\/schema\\\/logo\\\/image\\\/\",\"url\":\"https:\\\/\\\/www.aclanester56.com\\\/velo\\\/wp-content\\\/uploads\\\/2013\\\/04\\\/logo-ACL.jpg\",\"contentUrl\":\"https:\\\/\\\/www.aclanester56.com\\\/velo\\\/wp-content\\\/uploads\\\/2013\\\/04\\\/logo-ACL.jpg\",\"width\":400,\"height\":334,\"caption\":\"Avenir Cycliste Lanester 56\"},\"image\":{\"@id\":\"https:\\\/\\\/www.aclanester56.com\\\/velo\\\/#\\\/schema\\\/logo\\\/image\\\/\"},\"sameAs\":[\"https:\\\/\\\/www.facebook.com\\\/pages\\\/AC-Lanester-56\\\/190286300991242?fref=ts\"]},{\"@type\":\"Person\",\"@id\":\"https:\\\/\\\/www.aclanester56.com\\\/velo\\\/#\\\/schema\\\/person\\\/ca2a44a5fd969e9dd846c72d3b33bc01\",\"name\":\"Jean-Christophe\",\"url\":\"https:\\\/\\\/www.aclanester56.com\\\/velo\\\/author\\\/jeanchristophe\\\/\"}]}<\/script>\n<!-- \/ Yoast SEO plugin. -->","yoast_head_json":{"title":"Quatre coureurs de l'AC Lanester 56 au Roc'h des Monts d'Arr\u00e9e - Avenir Cycliste Lanester 56","robots":{"index":"index","follow":"follow","max-snippet":"max-snippet:-1","max-image-preview":"max-image-preview:large","max-video-preview":"max-video-preview:-1"},"canonical":"https:\/\/www.aclanester56.com\/velo\/quatre-coureurs-de-lac-lanester-56-au-roch-des-monts-darree\/","og_locale":"fr_FR","og_type":"article","og_title":"Quatre coureurs de l'AC Lanester 56 au Roc'h des Monts d'Arr\u00e9e - Avenir Cycliste Lanester 56","og_url":"https:\/\/www.aclanester56.com\/velo\/quatre-coureurs-de-lac-lanester-56-au-roch-des-monts-darree\/","og_site_name":"Avenir Cycliste Lanester 56","article_publisher":"https:\/\/www.facebook.com\/pages\/AC-Lanester-56\/190286300991242?fref=ts","article_published_time":"2013-10-03T21:09:23+00:00","article_modified_time":"2013-12-21T20:32:55+00:00","og_image":[{"width":650,"height":300,"url":"https:\/\/www.aclanester56.com\/velo\/wp-content\/uploads\/2013\/10\/IMG_5212-Copie.jpg","type":"image\/jpeg"}],"author":"Jean-Christophe","twitter_misc":{"\u00c9crit par":"Jean-Christophe"},"schema":{"@context":"https:\/\/schema.org","@graph":[{"@type":"Article","@id":"https:\/\/www.aclanester56.com\/velo\/quatre-coureurs-de-lac-lanester-56-au-roch-des-monts-darree\/#article","isPartOf":{"@id":"https:\/\/www.aclanester56.com\/velo\/quatre-coureurs-de-lac-lanester-56-au-roch-des-monts-darree\/"},"author":{"name":"Jean-Christophe","@id":"https:\/\/www.aclanester56.com\/velo\/#\/schema\/person\/ca2a44a5fd969e9dd846c72d3b33bc01"},"headline":"Quatre coureurs de l&rsquo;AC Lanester 56 au Roc&rsquo;h des Monts d&rsquo;Arr\u00e9e","datePublished":"2013-10-03T21:09:23+00:00","dateModified":"2013-12-21T20:32:55+00:00","mainEntityOfPage":{"@id":"https:\/\/www.aclanester56.com\/velo\/quatre-coureurs-de-lac-lanester-56-au-roch-des-monts-darree\/"},"wordCount":94,"commentCount":0,"publisher":{"@id":"https:\/\/www.aclanester56.com\/velo\/#organization"},"image":{"@id":"https:\/\/www.aclanester56.com\/velo\/quatre-coureurs-de-lac-lanester-56-au-roch-des-monts-darree\/#primaryimage"},"thumbnailUrl":"https:\/\/www.aclanester56.com\/velo\/wp-content\/uploads\/2013\/10\/IMG_5212-Copie.jpg","articleSection":["AC LANESTER 56"],"inLanguage":"fr-FR","potentialAction":[{"@type":"CommentAction","name":"Comment","target":["https:\/\/www.aclanester56.com\/velo\/quatre-coureurs-de-lac-lanester-56-au-roch-des-monts-darree\/#respond"]}]},{"@type":"WebPage","@id":"https:\/\/www.aclanester56.com\/velo\/quatre-coureurs-de-lac-lanester-56-au-roch-des-monts-darree\/","url":"https:\/\/www.aclanester56.com\/velo\/quatre-coureurs-de-lac-lanester-56-au-roch-des-monts-darree\/","name":"Quatre coureurs de l'AC Lanester 56 au Roc'h des Monts d'Arr\u00e9e - Avenir Cycliste Lanester 56","isPartOf":{"@id":"https:\/\/www.aclanester56.com\/velo\/#website"},"primaryImageOfPage":{"@id":"https:\/\/www.aclanester56.com\/velo\/quatre-coureurs-de-lac-lanester-56-au-roch-des-monts-darree\/#primaryimage"},"image":{"@id":"https:\/\/www.aclanester56.com\/velo\/quatre-coureurs-de-lac-lanester-56-au-roch-des-monts-darree\/#primaryimage"},"thumbnailUrl":"https:\/\/www.aclanester56.com\/velo\/wp-content\/uploads\/2013\/10\/IMG_5212-Copie.jpg","datePublished":"2013-10-03T21:09:23+00:00","dateModified":"2013-12-21T20:32:55+00:00","inLanguage":"fr-FR","potentialAction":[{"@type":"ReadAction","target":["https:\/\/www.aclanester56.com\/velo\/quatre-coureurs-de-lac-lanester-56-au-roch-des-monts-darree\/"]}]},{"@type":"ImageObject","inLanguage":"fr-FR","@id":"https:\/\/www.aclanester56.com\/velo\/quatre-coureurs-de-lac-lanester-56-au-roch-des-monts-darree\/#primaryimage","url":"https:\/\/www.aclanester56.com\/velo\/wp-content\/uploads\/2013\/10\/IMG_5212-Copie.jpg","contentUrl":"https:\/\/www.aclanester56.com\/velo\/wp-content\/uploads\/2013\/10\/IMG_5212-Copie.jpg","width":650,"height":300},{"@type":"WebSite","@id":"https:\/\/www.aclanester56.com\/velo\/#website","url":"https:\/\/www.aclanester56.com\/velo\/","name":"Avenir Cycliste Lanester 56","description":"Club cycliste de l&#039;AC LANESTER 56","publisher":{"@id":"https:\/\/www.aclanester56.com\/velo\/#organization"},"potentialAction":[{"@type":"SearchAction","target":{"@type":"EntryPoint","urlTemplate":"https:\/\/www.aclanester56.com\/velo\/?s={search_term_string}"},"query-input":{"@type":"PropertyValueSpecification","valueRequired":true,"valueName":"search_term_string"}}],"inLanguage":"fr-FR"},{"@type":"Organization","@id":"https:\/\/www.aclanester56.com\/velo\/#organization","name":"Avenir Cycliste Lanester 56","url":"https:\/\/www.aclanester56.com\/velo\/","logo":{"@type":"ImageObject","inLanguage":"fr-FR","@id":"https:\/\/www.aclanester56.com\/velo\/#\/schema\/logo\/image\/","url":"https:\/\/www.aclanester56.com\/velo\/wp-content\/uploads\/2013\/04\/logo-ACL.jpg","contentUrl":"https:\/\/www.aclanester56.com\/velo\/wp-content\/uploads\/2013\/04\/logo-ACL.jpg","width":400,"height":334,"caption":"Avenir Cycliste Lanester 56"},"image":{"@id":"https:\/\/www.aclanester56.com\/velo\/#\/schema\/logo\/image\/"},"sameAs":["https:\/\/www.facebook.com\/pages\/AC-Lanester-56\/190286300991242?fref=ts"]},{"@type":"Person","@id":"https:\/\/www.aclanester56.com\/velo\/#\/schema\/person\/ca2a44a5fd969e9dd846c72d3b33bc01","name":"Jean-Christophe","url":"https:\/\/www.aclanester56.com\/velo\/author\/jeanchristophe\/"}]}},"_links":{"self":[{"href":"https:\/\/www.aclanester56.com\/velo\/wp-json\/wp\/v2\/posts\/15341","targetHints":{"allow":["GET"]}}],"collection":[{"href":"https:\/\/www.aclanester56.com\/velo\/wp-json\/wp\/v2\/posts"}],"about":[{"href":"https:\/\/www.aclanester56.com\/velo\/wp-json\/wp\/v2\/types\/post"}],"author":[{"embeddable":true,"href":"https:\/\/www.aclanester56.com\/velo\/wp-json\/wp\/v2\/users\/14"}],"replies":[{"embeddable":true,"href":"https:\/\/www.aclanester56.com\/velo\/wp-json\/wp\/v2\/comments?post=15341"}],"version-history":[{"count":0,"href":"https:\/\/www.aclanester56.com\/velo\/wp-json\/wp\/v2\/posts\/15341\/revisions"}],"wp:featuredmedia":[{"embeddable":true,"href":"https:\/\/www.aclanester56.com\/velo\/wp-json\/wp\/v2\/media\/15345"}],"wp:attachment":[{"href":"https:\/\/www.aclanester56.com\/velo\/wp-json\/wp\/v2\/media?parent=15341"}],"wp:term":[{"taxonomy":"category","embeddable":true,"href":"https:\/\/www.aclanester56.com\/velo\/wp-json\/wp\/v2\/categories?post=15341"},{"taxonomy":"post_tag","embeddable":true,"href":"https:\/\/www.aclanester56.com\/velo\/wp-json\/wp\/v2\/tags?post=15341"}],"curies":[{"name":"wp","href":"https:\/\/api.w.org\/{rel}","templated":true}]}}