{"id":15362,"date":"2013-10-08T23:52:35","date_gmt":"2013-10-08T21:52:35","guid":{"rendered":"http:\/\/www.aclanester56.com\/velo\/?p=15362"},"modified":"2013-12-21T22:30:23","modified_gmt":"2013-12-21T20:30:23","slug":"le-vice-president-de-lac-lanester-56-pour-la-bonne-cause-avec-la-lorientaise","status":"publish","type":"post","link":"https:\/\/www.aclanester56.com\/velo\/le-vice-president-de-lac-lanester-56-pour-la-bonne-cause-avec-la-lorientaise\/","title":{"rendered":"Le vice-pr\u00e9sident de l&rsquo;AC Lanester 56 pour la bonne cause avec la Lorientaise !"},"content":{"rendered":"<p style=\"text-align: justify;\"><!--more--><\/p>\n<p style=\"text-align: justify;\">Le vice-pr\u00e9sident de l&rsquo;AC Lanester 56 Alain GIROUX est \u00e9galement l&rsquo;organisateur de la Lorientaise, tr\u00e8s grande et belle manifestation au profit de la lutte contre la Cancer qui consiste en une course \u00e0 pied r\u00e9serv\u00e9es aux femmes sans classement final et qui a regroup\u00e9 le 6 octobre dernier 7 000 participantes ! Nous vous proposons de (re)d\u00e9couvrir le tr\u00e8s bel article paru dans le Journal Ouest-France dimanche dernier racontant le parcours d&rsquo;Alain et plus particuli\u00e8rement sur son engagement associatif.<\/p>\n<p>\u00a0\u00a0<\/p>\n<div id=\"attachment_15363\" style=\"width: 526px\" class=\"wp-caption alignnone\"><a href=\"http:\/\/www.aclanester56.com\/velo\/wp-content\/uploads\/2013\/10\/Ouest-France-06-10-2013-2.png\"><img loading=\"lazy\" decoding=\"async\" aria-describedby=\"caption-attachment-15363\" class=\"size-large wp-image-15363 \" alt=\"Article du Ouest-France du 06-10-2013 (Cliquez sur l'article pour l'agrandir)\" src=\"http:\/\/www.aclanester56.com\/velo\/wp-content\/uploads\/2013\/10\/Ouest-France-06-10-2013-2-516x600.png\" width=\"516\" height=\"600\" srcset=\"https:\/\/www.aclanester56.com\/velo\/wp-content\/uploads\/2013\/10\/Ouest-France-06-10-2013-2-516x600.png 516w, https:\/\/www.aclanester56.com\/velo\/wp-content\/uploads\/2013\/10\/Ouest-France-06-10-2013-2-258x300.png 258w, https:\/\/www.aclanester56.com\/velo\/wp-content\/uploads\/2013\/10\/Ouest-France-06-10-2013-2.png 974w\" sizes=\"auto, (max-width: 516px) 100vw, 516px\" \/><\/a><p id=\"caption-attachment-15363\" class=\"wp-caption-text\">Article du Ouest-France du 06-10-2013 (Cliquez sur l&rsquo;article pour l&rsquo;agrandir)<\/p><\/div>\n<p><span style=\"line-height: 1.5em;\">Retrouvez \u00e9galement l&rsquo;interview vid\u00e9o d&rsquo;Alain sur T\u00e9b\u00e9Sud :<\/span><\/p>\n<p><object width=\"640px\" height=\"380px\" classid=\"clsid:d27cdb6e-ae6d-11cf-96b8-444553540000\" codebase=\"http:\/\/download.macromedia.com\/pub\/shockwave\/cabs\/flash\/swflash.cab#version=6,0,40,0\"><param name=\"salign\" value=\"lt\" \/><param name=\"allowFullScreen\" value=\"true\" \/><param name=\"src\" value=\"http:\/\/streaming1.extrazimut.net\/players\/lecteurtytele.swf?video=mp4:20130926_SPORTS_56&amp;lien=%3Fmode=numEmission%26id=50849&amp;titre=%253E%253E%2BSports%2B56%2B%252D%2Bjeudi%2B26%2Bseptembre%2B2013\" \/><param name=\"allowfullscreen\" value=\"true\" \/><embed width=\"640px\" height=\"380px\" type=\"application\/x-shockwave-flash\" src=\"http:\/\/streaming1.extrazimut.net\/players\/lecteurtytele.swf?video=mp4:20130926_SPORTS_56&amp;lien=%3Fmode=numEmission%26id=50849&amp;titre=%253E%253E%2BSports%2B56%2B%252D%2Bjeudi%2B26%2Bseptembre%2B2013\" salign=\"lt\" allowFullScreen=\"true\" allowfullscreen=\"true\" \/><\/object><\/p>\n","protected":false},"excerpt":{"rendered":"","protected":false},"author":14,"featured_media":15364,"comment_status":"open","ping_status":"closed","sticky":false,"template":"","format":"standard","meta":{"ngg_post_thumbnail":0,"footnotes":""},"categories":[5,15],"tags":[],"class_list":["post-15362","post","type-post","status-publish","format-standard","has-post-thumbnail","hentry","category-ac-lanester-56","category-presse-actualites"],"yoast_head":"<!-- This site is optimized with the Yoast SEO plugin v27.5 - https:\/\/yoast.com\/product\/yoast-seo-wordpress\/ -->\n<title>Le vice-pr\u00e9sident de l&#039;AC Lanester 56 pour la bonne cause avec la Lorientaise ! - Avenir Cycliste Lanester 56<\/title>\n<meta name=\"robots\" content=\"index, follow, max-snippet:-1, max-image-preview:large, max-video-preview:-1\" \/>\n<link rel=\"canonical\" href=\"https:\/\/www.aclanester56.com\/velo\/le-vice-president-de-lac-lanester-56-pour-la-bonne-cause-avec-la-lorientaise\/\" \/>\n<meta property=\"og:locale\" content=\"fr_FR\" \/>\n<meta property=\"og:type\" content=\"article\" \/>\n<meta property=\"og:title\" content=\"Le vice-pr\u00e9sident de l&#039;AC Lanester 56 pour la bonne cause avec la Lorientaise ! - Avenir Cycliste Lanester 56\" \/>\n<meta property=\"og:url\" content=\"https:\/\/www.aclanester56.com\/velo\/le-vice-president-de-lac-lanester-56-pour-la-bonne-cause-avec-la-lorientaise\/\" \/>\n<meta property=\"og:site_name\" content=\"Avenir Cycliste Lanester 56\" \/>\n<meta property=\"article:publisher\" content=\"https:\/\/www.facebook.com\/pages\/AC-Lanester-56\/190286300991242?fref=ts\" \/>\n<meta property=\"article:published_time\" content=\"2013-10-08T21:52:35+00:00\" \/>\n<meta property=\"article:modified_time\" content=\"2013-12-21T20:30:23+00:00\" \/>\n<meta property=\"og:image\" content=\"https:\/\/www.aclanester56.com\/velo\/wp-content\/uploads\/2013\/10\/Ouest-France-06-10-2013-Copie.png\" \/>\n\t<meta property=\"og:image:width\" content=\"638\" \/>\n\t<meta property=\"og:image:height\" content=\"300\" \/>\n\t<meta property=\"og:image:type\" content=\"image\/png\" \/>\n<meta name=\"author\" content=\"Jean-Christophe\" \/>\n<meta name=\"twitter:label1\" content=\"\u00c9crit par\" \/>\n\t<meta name=\"twitter:data1\" content=\"Jean-Christophe\" \/>\n\t<meta name=\"twitter:label2\" content=\"Dur\u00e9e de lecture estim\u00e9e\" \/>\n\t<meta name=\"twitter:data2\" content=\"1 minute\" \/>\n<script type=\"application\/ld+json\" class=\"yoast-schema-graph\">{\"@context\":\"https:\\\/\\\/schema.org\",\"@graph\":[{\"@type\":\"Article\",\"@id\":\"https:\\\/\\\/www.aclanester56.com\\\/velo\\\/le-vice-president-de-lac-lanester-56-pour-la-bonne-cause-avec-la-lorientaise\\\/#article\",\"isPartOf\":{\"@id\":\"https:\\\/\\\/www.aclanester56.com\\\/velo\\\/le-vice-president-de-lac-lanester-56-pour-la-bonne-cause-avec-la-lorientaise\\\/\"},\"author\":{\"name\":\"Jean-Christophe\",\"@id\":\"https:\\\/\\\/www.aclanester56.com\\\/velo\\\/#\\\/schema\\\/person\\\/ca2a44a5fd969e9dd846c72d3b33bc01\"},\"headline\":\"Le vice-pr\u00e9sident de l&rsquo;AC Lanester 56 pour la bonne cause avec la Lorientaise !\",\"datePublished\":\"2013-10-08T21:52:35+00:00\",\"dateModified\":\"2013-12-21T20:30:23+00:00\",\"mainEntityOfPage\":{\"@id\":\"https:\\\/\\\/www.aclanester56.com\\\/velo\\\/le-vice-president-de-lac-lanester-56-pour-la-bonne-cause-avec-la-lorientaise\\\/\"},\"wordCount\":122,\"commentCount\":0,\"publisher\":{\"@id\":\"https:\\\/\\\/www.aclanester56.com\\\/velo\\\/#organization\"},\"image\":{\"@id\":\"https:\\\/\\\/www.aclanester56.com\\\/velo\\\/le-vice-president-de-lac-lanester-56-pour-la-bonne-cause-avec-la-lorientaise\\\/#primaryimage\"},\"thumbnailUrl\":\"https:\\\/\\\/www.aclanester56.com\\\/velo\\\/wp-content\\\/uploads\\\/2013\\\/10\\\/Ouest-France-06-10-2013-Copie.png\",\"articleSection\":[\"AC LANESTER 56\",\"Presse-Actualit\u00e9s\"],\"inLanguage\":\"fr-FR\",\"potentialAction\":[{\"@type\":\"CommentAction\",\"name\":\"Comment\",\"target\":[\"https:\\\/\\\/www.aclanester56.com\\\/velo\\\/le-vice-president-de-lac-lanester-56-pour-la-bonne-cause-avec-la-lorientaise\\\/#respond\"]}]},{\"@type\":\"WebPage\",\"@id\":\"https:\\\/\\\/www.aclanester56.com\\\/velo\\\/le-vice-president-de-lac-lanester-56-pour-la-bonne-cause-avec-la-lorientaise\\\/\",\"url\":\"https:\\\/\\\/www.aclanester56.com\\\/velo\\\/le-vice-president-de-lac-lanester-56-pour-la-bonne-cause-avec-la-lorientaise\\\/\",\"name\":\"Le vice-pr\u00e9sident de l'AC Lanester 56 pour la bonne cause avec la Lorientaise ! - Avenir Cycliste Lanester 56\",\"isPartOf\":{\"@id\":\"https:\\\/\\\/www.aclanester56.com\\\/velo\\\/#website\"},\"primaryImageOfPage\":{\"@id\":\"https:\\\/\\\/www.aclanester56.com\\\/velo\\\/le-vice-president-de-lac-lanester-56-pour-la-bonne-cause-avec-la-lorientaise\\\/#primaryimage\"},\"image\":{\"@id\":\"https:\\\/\\\/www.aclanester56.com\\\/velo\\\/le-vice-president-de-lac-lanester-56-pour-la-bonne-cause-avec-la-lorientaise\\\/#primaryimage\"},\"thumbnailUrl\":\"https:\\\/\\\/www.aclanester56.com\\\/velo\\\/wp-content\\\/uploads\\\/2013\\\/10\\\/Ouest-France-06-10-2013-Copie.png\",\"datePublished\":\"2013-10-08T21:52:35+00:00\",\"dateModified\":\"2013-12-21T20:30:23+00:00\",\"inLanguage\":\"fr-FR\",\"potentialAction\":[{\"@type\":\"ReadAction\",\"target\":[\"https:\\\/\\\/www.aclanester56.com\\\/velo\\\/le-vice-president-de-lac-lanester-56-pour-la-bonne-cause-avec-la-lorientaise\\\/\"]}]},{\"@type\":\"ImageObject\",\"inLanguage\":\"fr-FR\",\"@id\":\"https:\\\/\\\/www.aclanester56.com\\\/velo\\\/le-vice-president-de-lac-lanester-56-pour-la-bonne-cause-avec-la-lorientaise\\\/#primaryimage\",\"url\":\"https:\\\/\\\/www.aclanester56.com\\\/velo\\\/wp-content\\\/uploads\\\/2013\\\/10\\\/Ouest-France-06-10-2013-Copie.png\",\"contentUrl\":\"https:\\\/\\\/www.aclanester56.com\\\/velo\\\/wp-content\\\/uploads\\\/2013\\\/10\\\/Ouest-France-06-10-2013-Copie.png\",\"width\":638,\"height\":300},{\"@type\":\"WebSite\",\"@id\":\"https:\\\/\\\/www.aclanester56.com\\\/velo\\\/#website\",\"url\":\"https:\\\/\\\/www.aclanester56.com\\\/velo\\\/\",\"name\":\"Avenir Cycliste Lanester 56\",\"description\":\"Club cycliste de l&#039;AC LANESTER 56\",\"publisher\":{\"@id\":\"https:\\\/\\\/www.aclanester56.com\\\/velo\\\/#organization\"},\"potentialAction\":[{\"@type\":\"SearchAction\",\"target\":{\"@type\":\"EntryPoint\",\"urlTemplate\":\"https:\\\/\\\/www.aclanester56.com\\\/velo\\\/?s={search_term_string}\"},\"query-input\":{\"@type\":\"PropertyValueSpecification\",\"valueRequired\":true,\"valueName\":\"search_term_string\"}}],\"inLanguage\":\"fr-FR\"},{\"@type\":\"Organization\",\"@id\":\"https:\\\/\\\/www.aclanester56.com\\\/velo\\\/#organization\",\"name\":\"Avenir Cycliste Lanester 56\",\"url\":\"https:\\\/\\\/www.aclanester56.com\\\/velo\\\/\",\"logo\":{\"@type\":\"ImageObject\",\"inLanguage\":\"fr-FR\",\"@id\":\"https:\\\/\\\/www.aclanester56.com\\\/velo\\\/#\\\/schema\\\/logo\\\/image\\\/\",\"url\":\"https:\\\/\\\/www.aclanester56.com\\\/velo\\\/wp-content\\\/uploads\\\/2013\\\/04\\\/logo-ACL.jpg\",\"contentUrl\":\"https:\\\/\\\/www.aclanester56.com\\\/velo\\\/wp-content\\\/uploads\\\/2013\\\/04\\\/logo-ACL.jpg\",\"width\":400,\"height\":334,\"caption\":\"Avenir Cycliste Lanester 56\"},\"image\":{\"@id\":\"https:\\\/\\\/www.aclanester56.com\\\/velo\\\/#\\\/schema\\\/logo\\\/image\\\/\"},\"sameAs\":[\"https:\\\/\\\/www.facebook.com\\\/pages\\\/AC-Lanester-56\\\/190286300991242?fref=ts\"]},{\"@type\":\"Person\",\"@id\":\"https:\\\/\\\/www.aclanester56.com\\\/velo\\\/#\\\/schema\\\/person\\\/ca2a44a5fd969e9dd846c72d3b33bc01\",\"name\":\"Jean-Christophe\",\"url\":\"https:\\\/\\\/www.aclanester56.com\\\/velo\\\/author\\\/jeanchristophe\\\/\"}]}<\/script>\n<!-- \/ Yoast SEO plugin. -->","yoast_head_json":{"title":"Le vice-pr\u00e9sident de l'AC Lanester 56 pour la bonne cause avec la Lorientaise ! - Avenir Cycliste Lanester 56","robots":{"index":"index","follow":"follow","max-snippet":"max-snippet:-1","max-image-preview":"max-image-preview:large","max-video-preview":"max-video-preview:-1"},"canonical":"https:\/\/www.aclanester56.com\/velo\/le-vice-president-de-lac-lanester-56-pour-la-bonne-cause-avec-la-lorientaise\/","og_locale":"fr_FR","og_type":"article","og_title":"Le vice-pr\u00e9sident de l'AC Lanester 56 pour la bonne cause avec la Lorientaise ! - Avenir Cycliste Lanester 56","og_url":"https:\/\/www.aclanester56.com\/velo\/le-vice-president-de-lac-lanester-56-pour-la-bonne-cause-avec-la-lorientaise\/","og_site_name":"Avenir Cycliste Lanester 56","article_publisher":"https:\/\/www.facebook.com\/pages\/AC-Lanester-56\/190286300991242?fref=ts","article_published_time":"2013-10-08T21:52:35+00:00","article_modified_time":"2013-12-21T20:30:23+00:00","og_image":[{"width":638,"height":300,"url":"https:\/\/www.aclanester56.com\/velo\/wp-content\/uploads\/2013\/10\/Ouest-France-06-10-2013-Copie.png","type":"image\/png"}],"author":"Jean-Christophe","twitter_misc":{"\u00c9crit par":"Jean-Christophe","Dur\u00e9e de lecture estim\u00e9e":"1 minute"},"schema":{"@context":"https:\/\/schema.org","@graph":[{"@type":"Article","@id":"https:\/\/www.aclanester56.com\/velo\/le-vice-president-de-lac-lanester-56-pour-la-bonne-cause-avec-la-lorientaise\/#article","isPartOf":{"@id":"https:\/\/www.aclanester56.com\/velo\/le-vice-president-de-lac-lanester-56-pour-la-bonne-cause-avec-la-lorientaise\/"},"author":{"name":"Jean-Christophe","@id":"https:\/\/www.aclanester56.com\/velo\/#\/schema\/person\/ca2a44a5fd969e9dd846c72d3b33bc01"},"headline":"Le vice-pr\u00e9sident de l&rsquo;AC Lanester 56 pour la bonne cause avec la Lorientaise !","datePublished":"2013-10-08T21:52:35+00:00","dateModified":"2013-12-21T20:30:23+00:00","mainEntityOfPage":{"@id":"https:\/\/www.aclanester56.com\/velo\/le-vice-president-de-lac-lanester-56-pour-la-bonne-cause-avec-la-lorientaise\/"},"wordCount":122,"commentCount":0,"publisher":{"@id":"https:\/\/www.aclanester56.com\/velo\/#organization"},"image":{"@id":"https:\/\/www.aclanester56.com\/velo\/le-vice-president-de-lac-lanester-56-pour-la-bonne-cause-avec-la-lorientaise\/#primaryimage"},"thumbnailUrl":"https:\/\/www.aclanester56.com\/velo\/wp-content\/uploads\/2013\/10\/Ouest-France-06-10-2013-Copie.png","articleSection":["AC LANESTER 56","Presse-Actualit\u00e9s"],"inLanguage":"fr-FR","potentialAction":[{"@type":"CommentAction","name":"Comment","target":["https:\/\/www.aclanester56.com\/velo\/le-vice-president-de-lac-lanester-56-pour-la-bonne-cause-avec-la-lorientaise\/#respond"]}]},{"@type":"WebPage","@id":"https:\/\/www.aclanester56.com\/velo\/le-vice-president-de-lac-lanester-56-pour-la-bonne-cause-avec-la-lorientaise\/","url":"https:\/\/www.aclanester56.com\/velo\/le-vice-president-de-lac-lanester-56-pour-la-bonne-cause-avec-la-lorientaise\/","name":"Le vice-pr\u00e9sident de l'AC Lanester 56 pour la bonne cause avec la Lorientaise ! - Avenir Cycliste Lanester 56","isPartOf":{"@id":"https:\/\/www.aclanester56.com\/velo\/#website"},"primaryImageOfPage":{"@id":"https:\/\/www.aclanester56.com\/velo\/le-vice-president-de-lac-lanester-56-pour-la-bonne-cause-avec-la-lorientaise\/#primaryimage"},"image":{"@id":"https:\/\/www.aclanester56.com\/velo\/le-vice-president-de-lac-lanester-56-pour-la-bonne-cause-avec-la-lorientaise\/#primaryimage"},"thumbnailUrl":"https:\/\/www.aclanester56.com\/velo\/wp-content\/uploads\/2013\/10\/Ouest-France-06-10-2013-Copie.png","datePublished":"2013-10-08T21:52:35+00:00","dateModified":"2013-12-21T20:30:23+00:00","inLanguage":"fr-FR","potentialAction":[{"@type":"ReadAction","target":["https:\/\/www.aclanester56.com\/velo\/le-vice-president-de-lac-lanester-56-pour-la-bonne-cause-avec-la-lorientaise\/"]}]},{"@type":"ImageObject","inLanguage":"fr-FR","@id":"https:\/\/www.aclanester56.com\/velo\/le-vice-president-de-lac-lanester-56-pour-la-bonne-cause-avec-la-lorientaise\/#primaryimage","url":"https:\/\/www.aclanester56.com\/velo\/wp-content\/uploads\/2013\/10\/Ouest-France-06-10-2013-Copie.png","contentUrl":"https:\/\/www.aclanester56.com\/velo\/wp-content\/uploads\/2013\/10\/Ouest-France-06-10-2013-Copie.png","width":638,"height":300},{"@type":"WebSite","@id":"https:\/\/www.aclanester56.com\/velo\/#website","url":"https:\/\/www.aclanester56.com\/velo\/","name":"Avenir Cycliste Lanester 56","description":"Club cycliste de l&#039;AC LANESTER 56","publisher":{"@id":"https:\/\/www.aclanester56.com\/velo\/#organization"},"potentialAction":[{"@type":"SearchAction","target":{"@type":"EntryPoint","urlTemplate":"https:\/\/www.aclanester56.com\/velo\/?s={search_term_string}"},"query-input":{"@type":"PropertyValueSpecification","valueRequired":true,"valueName":"search_term_string"}}],"inLanguage":"fr-FR"},{"@type":"Organization","@id":"https:\/\/www.aclanester56.com\/velo\/#organization","name":"Avenir Cycliste Lanester 56","url":"https:\/\/www.aclanester56.com\/velo\/","logo":{"@type":"ImageObject","inLanguage":"fr-FR","@id":"https:\/\/www.aclanester56.com\/velo\/#\/schema\/logo\/image\/","url":"https:\/\/www.aclanester56.com\/velo\/wp-content\/uploads\/2013\/04\/logo-ACL.jpg","contentUrl":"https:\/\/www.aclanester56.com\/velo\/wp-content\/uploads\/2013\/04\/logo-ACL.jpg","width":400,"height":334,"caption":"Avenir Cycliste Lanester 56"},"image":{"@id":"https:\/\/www.aclanester56.com\/velo\/#\/schema\/logo\/image\/"},"sameAs":["https:\/\/www.facebook.com\/pages\/AC-Lanester-56\/190286300991242?fref=ts"]},{"@type":"Person","@id":"https:\/\/www.aclanester56.com\/velo\/#\/schema\/person\/ca2a44a5fd969e9dd846c72d3b33bc01","name":"Jean-Christophe","url":"https:\/\/www.aclanester56.com\/velo\/author\/jeanchristophe\/"}]}},"_links":{"self":[{"href":"https:\/\/www.aclanester56.com\/velo\/wp-json\/wp\/v2\/posts\/15362","targetHints":{"allow":["GET"]}}],"collection":[{"href":"https:\/\/www.aclanester56.com\/velo\/wp-json\/wp\/v2\/posts"}],"about":[{"href":"https:\/\/www.aclanester56.com\/velo\/wp-json\/wp\/v2\/types\/post"}],"author":[{"embeddable":true,"href":"https:\/\/www.aclanester56.com\/velo\/wp-json\/wp\/v2\/users\/14"}],"replies":[{"embeddable":true,"href":"https:\/\/www.aclanester56.com\/velo\/wp-json\/wp\/v2\/comments?post=15362"}],"version-history":[{"count":0,"href":"https:\/\/www.aclanester56.com\/velo\/wp-json\/wp\/v2\/posts\/15362\/revisions"}],"wp:featuredmedia":[{"embeddable":true,"href":"https:\/\/www.aclanester56.com\/velo\/wp-json\/wp\/v2\/media\/15364"}],"wp:attachment":[{"href":"https:\/\/www.aclanester56.com\/velo\/wp-json\/wp\/v2\/media?parent=15362"}],"wp:term":[{"taxonomy":"category","embeddable":true,"href":"https:\/\/www.aclanester56.com\/velo\/wp-json\/wp\/v2\/categories?post=15362"},{"taxonomy":"post_tag","embeddable":true,"href":"https:\/\/www.aclanester56.com\/velo\/wp-json\/wp\/v2\/tags?post=15362"}],"curies":[{"name":"wp","href":"https:\/\/api.w.org\/{rel}","templated":true}]}}