{"id":15417,"date":"2013-10-22T19:29:42","date_gmt":"2013-10-22T17:29:42","guid":{"rendered":"http:\/\/www.aclanester56.com\/velo\/?p=15417"},"modified":"2013-12-21T22:20:09","modified_gmt":"2013-12-21T20:20:09","slug":"thomas-denis-et-benjamin-duval-sur-le-gp-de-lhumanite-2013-a-bordeaux","status":"publish","type":"post","link":"https:\/\/www.aclanester56.com\/velo\/thomas-denis-et-benjamin-duval-sur-le-gp-de-lhumanite-2013-a-bordeaux\/","title":{"rendered":"Thomas Denis et Benjamin Duval sur le GP de l&rsquo;Humanit\u00e9 2013 \u00e0 Bordeaux"},"content":{"rendered":"<p style=\"text-align: justify;\"><!--more--><\/p>\n<p style=\"text-align: justify;\">Deux cadets de l&rsquo;AC Lanester 56, Thomas Denis et Benjamin Duval, ont particip\u00e9 samedi dernier au Grand Prix de l&rsquo;Humanit\u00e9 sur le v\u00e9lodrome de Bordeaux-Lac. Thomas, qui participait \u00e0 cette belle \u00e9preuve sous les couleurs du Pole France de Talence qu&rsquo;il a int\u00e9gr\u00e9 \u00e0 la rentr\u00e9e, est mont\u00e9 sur le podium de toutes les \u00e9preuves auxquelles il a particip\u00e9. Benjamin, qui faisait partie de la s\u00e9lection des clubs adh\u00e9rents au v\u00e9lodrome de Plouay, a \u00e9galement d\u00e9couvert la splendide piste en bois couverte qui a d\u00e9j\u00e0 accueilli les championnats du monde !<\/p>\n<p>\u00a0\u00a0<\/p>\n<div id=\"attachment_15424\" style=\"width: 370px\" class=\"wp-caption alignright\"><a href=\"http:\/\/www.aclanester56.com\/velo\/wp-content\/uploads\/2013\/10\/Benjamin-Duval.jpg\"><img loading=\"lazy\" decoding=\"async\" aria-describedby=\"caption-attachment-15424\" class=\"size-full wp-image-15424\" alt=\"Le Lanest\u00e9rien Benjamin Duval termine 9\u00e8me de la Danois et du scratch (photo Marion Denis)\" src=\"http:\/\/www.aclanester56.com\/velo\/wp-content\/uploads\/2013\/10\/Benjamin-Duval.jpg\" width=\"360\" height=\"240\" srcset=\"https:\/\/www.aclanester56.com\/velo\/wp-content\/uploads\/2013\/10\/Benjamin-Duval.jpg 720w, https:\/\/www.aclanester56.com\/velo\/wp-content\/uploads\/2013\/10\/Benjamin-Duval-300x200.jpg 300w, https:\/\/www.aclanester56.com\/velo\/wp-content\/uploads\/2013\/10\/Benjamin-Duval-450x300.jpg 450w\" sizes=\"auto, (max-width: 360px) 100vw, 360px\" \/><\/a><p id=\"caption-attachment-15424\" class=\"wp-caption-text\">Le Lanest\u00e9rien Benjamin Duval termine 9\u00e8me de la Danois et du scratch (photo Marion Denis)<\/p><\/div>\n<p><span style=\"text-decoration: underline;\"><strong>Finale Keirin Cadets :<\/strong><\/span><br \/> 1 COSTEPLANE Aur\u00e9lien P\u00f4le France Bordeaux<br \/> 2 LE CAPITAINE Alexis AC Pays de Baud<br \/> <span style=\"color: #ff6600;\"><strong>3 DENIS Thomas P\u00f4le France Bordeaux<\/strong><\/span><br \/> 4 SELIVERT Tristan CD 40<br \/> 5 SEMBRES Lo\u00efc Tarbes CC<br \/> 6 LE HUITOUZE Julien VC Languidic<\/p>\n<p><span style=\"text-decoration: underline;\"><strong>2\u00e8me s\u00e9rie Danoise Cadets :<\/strong><\/span><br \/> <span style=\"color: #ff6600;\"><strong>1 DENIS Thomas P\u00f4le France Bordeaux<\/strong><\/span><br \/> 2 COSTEPLANE Aur\u00e9lien P\u00f4le France Bordeaux<br \/> 3 SELIVERT Tristan CD 40<br \/> 4 HERITAGE Cameron GSC Blagnac<br \/> 5 FOURNIER Quentin Angers Cyclisme<br \/> <strong><span style=\"color: #ff6600;\">9 DUVAL Benjamin AC Lanester 56<\/span><\/strong><\/p>\n<p><span style=\"text-decoration: underline;\"><strong>1\u00e8re s\u00e9rie Course aux points Cadets :<\/strong><\/span><br \/> 1 COSTEPLANE Aur\u00e9lien P\u00f4le France Bordeaux 20 pts<br \/> 2LE HUITOUZE Julien VC Languidic 10 pts<br \/> <span style=\"color: #ff6600;\"><strong>3 DENIS Thomas P\u00f4le France Bordeaux 7 pts<\/strong><\/span><br \/> 4 SELIVERT Tristan CD 40 5 pts<br \/> 5 SEMBRES Lo\u00efc Tarbes CC 1 pts<br \/> <span style=\"color: #ff6600;\"><strong>17 DUVAL Benjamin AC Lanester 56 -40<\/strong><\/span><\/p>\n<p><span style=\"text-decoration: underline;\"><strong>1\u00e8re s\u00e9rie Scratch Cadets :<\/strong><\/span><br \/> 1 SELIVERT Tristan CD 40<br \/> <span style=\"color: #ff6600;\"><strong>2 DENIS Thomas P\u00f4le France Bordeaux<\/strong><\/span><br \/> 3 COSTEPLANE Aur\u00e9lien P\u00f4le France Bordeaux<br \/> 4 BUISSON Corentin U.V.Limousine<br \/> 5 LE HUITOUZE Julien VC Languidic<br \/> <strong><span style=\"color: #ff6600;\">9 DUVAL Benjamin AC Lanester 56<\/span><\/strong><\/p>\n","protected":false},"excerpt":{"rendered":"","protected":false},"author":14,"featured_media":15423,"comment_status":"open","ping_status":"closed","sticky":false,"template":"","format":"standard","meta":{"ngg_post_thumbnail":0,"footnotes":""},"categories":[5,16,22],"tags":[],"class_list":["post-15417","post","type-post","status-publish","format-standard","has-post-thumbnail","hentry","category-ac-lanester-56","category-resultats","category-resultats-cadets"],"yoast_head":"<!-- This site is optimized with the Yoast SEO plugin v27.5 - https:\/\/yoast.com\/product\/yoast-seo-wordpress\/ -->\n<title>Thomas Denis et Benjamin Duval sur le GP de l&#039;Humanit\u00e9 2013 \u00e0 Bordeaux - Avenir Cycliste Lanester 56<\/title>\n<meta name=\"robots\" content=\"index, follow, max-snippet:-1, max-image-preview:large, max-video-preview:-1\" \/>\n<link rel=\"canonical\" href=\"https:\/\/www.aclanester56.com\/velo\/thomas-denis-et-benjamin-duval-sur-le-gp-de-lhumanite-2013-a-bordeaux\/\" \/>\n<meta property=\"og:locale\" content=\"fr_FR\" \/>\n<meta property=\"og:type\" content=\"article\" \/>\n<meta property=\"og:title\" content=\"Thomas Denis et Benjamin Duval sur le GP de l&#039;Humanit\u00e9 2013 \u00e0 Bordeaux - Avenir Cycliste Lanester 56\" \/>\n<meta property=\"og:url\" content=\"https:\/\/www.aclanester56.com\/velo\/thomas-denis-et-benjamin-duval-sur-le-gp-de-lhumanite-2013-a-bordeaux\/\" \/>\n<meta property=\"og:site_name\" content=\"Avenir Cycliste Lanester 56\" \/>\n<meta property=\"article:publisher\" content=\"https:\/\/www.facebook.com\/pages\/AC-Lanester-56\/190286300991242?fref=ts\" \/>\n<meta property=\"article:published_time\" content=\"2013-10-22T17:29:42+00:00\" \/>\n<meta property=\"article:modified_time\" content=\"2013-12-21T20:20:09+00:00\" \/>\n<meta property=\"og:image\" content=\"https:\/\/www.aclanester56.com\/velo\/wp-content\/uploads\/2013\/10\/Thomas-Denis-podium-Copie.jpg\" \/>\n\t<meta property=\"og:image:width\" content=\"650\" \/>\n\t<meta property=\"og:image:height\" content=\"300\" \/>\n\t<meta property=\"og:image:type\" content=\"image\/jpeg\" \/>\n<meta name=\"author\" content=\"Jean-Christophe\" \/>\n<meta name=\"twitter:label1\" content=\"\u00c9crit par\" \/>\n\t<meta name=\"twitter:data1\" content=\"Jean-Christophe\" \/>\n\t<meta name=\"twitter:label2\" content=\"Dur\u00e9e de lecture estim\u00e9e\" \/>\n\t<meta name=\"twitter:data2\" content=\"1 minute\" \/>\n<script type=\"application\/ld+json\" class=\"yoast-schema-graph\">{\"@context\":\"https:\\\/\\\/schema.org\",\"@graph\":[{\"@type\":\"Article\",\"@id\":\"https:\\\/\\\/www.aclanester56.com\\\/velo\\\/thomas-denis-et-benjamin-duval-sur-le-gp-de-lhumanite-2013-a-bordeaux\\\/#article\",\"isPartOf\":{\"@id\":\"https:\\\/\\\/www.aclanester56.com\\\/velo\\\/thomas-denis-et-benjamin-duval-sur-le-gp-de-lhumanite-2013-a-bordeaux\\\/\"},\"author\":{\"name\":\"Jean-Christophe\",\"@id\":\"https:\\\/\\\/www.aclanester56.com\\\/velo\\\/#\\\/schema\\\/person\\\/ca2a44a5fd969e9dd846c72d3b33bc01\"},\"headline\":\"Thomas Denis et Benjamin Duval sur le GP de l&rsquo;Humanit\u00e9 2013 \u00e0 Bordeaux\",\"datePublished\":\"2013-10-22T17:29:42+00:00\",\"dateModified\":\"2013-12-21T20:20:09+00:00\",\"mainEntityOfPage\":{\"@id\":\"https:\\\/\\\/www.aclanester56.com\\\/velo\\\/thomas-denis-et-benjamin-duval-sur-le-gp-de-lhumanite-2013-a-bordeaux\\\/\"},\"wordCount\":276,\"commentCount\":0,\"publisher\":{\"@id\":\"https:\\\/\\\/www.aclanester56.com\\\/velo\\\/#organization\"},\"image\":{\"@id\":\"https:\\\/\\\/www.aclanester56.com\\\/velo\\\/thomas-denis-et-benjamin-duval-sur-le-gp-de-lhumanite-2013-a-bordeaux\\\/#primaryimage\"},\"thumbnailUrl\":\"https:\\\/\\\/www.aclanester56.com\\\/velo\\\/wp-content\\\/uploads\\\/2013\\\/10\\\/Thomas-Denis-podium-Copie.jpg\",\"articleSection\":[\"AC LANESTER 56\",\"R\u00e9sultats\",\"R\u00e9sultats Cadets\"],\"inLanguage\":\"fr-FR\",\"potentialAction\":[{\"@type\":\"CommentAction\",\"name\":\"Comment\",\"target\":[\"https:\\\/\\\/www.aclanester56.com\\\/velo\\\/thomas-denis-et-benjamin-duval-sur-le-gp-de-lhumanite-2013-a-bordeaux\\\/#respond\"]}]},{\"@type\":\"WebPage\",\"@id\":\"https:\\\/\\\/www.aclanester56.com\\\/velo\\\/thomas-denis-et-benjamin-duval-sur-le-gp-de-lhumanite-2013-a-bordeaux\\\/\",\"url\":\"https:\\\/\\\/www.aclanester56.com\\\/velo\\\/thomas-denis-et-benjamin-duval-sur-le-gp-de-lhumanite-2013-a-bordeaux\\\/\",\"name\":\"Thomas Denis et Benjamin Duval sur le GP de l'Humanit\u00e9 2013 \u00e0 Bordeaux - Avenir Cycliste Lanester 56\",\"isPartOf\":{\"@id\":\"https:\\\/\\\/www.aclanester56.com\\\/velo\\\/#website\"},\"primaryImageOfPage\":{\"@id\":\"https:\\\/\\\/www.aclanester56.com\\\/velo\\\/thomas-denis-et-benjamin-duval-sur-le-gp-de-lhumanite-2013-a-bordeaux\\\/#primaryimage\"},\"image\":{\"@id\":\"https:\\\/\\\/www.aclanester56.com\\\/velo\\\/thomas-denis-et-benjamin-duval-sur-le-gp-de-lhumanite-2013-a-bordeaux\\\/#primaryimage\"},\"thumbnailUrl\":\"https:\\\/\\\/www.aclanester56.com\\\/velo\\\/wp-content\\\/uploads\\\/2013\\\/10\\\/Thomas-Denis-podium-Copie.jpg\",\"datePublished\":\"2013-10-22T17:29:42+00:00\",\"dateModified\":\"2013-12-21T20:20:09+00:00\",\"inLanguage\":\"fr-FR\",\"potentialAction\":[{\"@type\":\"ReadAction\",\"target\":[\"https:\\\/\\\/www.aclanester56.com\\\/velo\\\/thomas-denis-et-benjamin-duval-sur-le-gp-de-lhumanite-2013-a-bordeaux\\\/\"]}]},{\"@type\":\"ImageObject\",\"inLanguage\":\"fr-FR\",\"@id\":\"https:\\\/\\\/www.aclanester56.com\\\/velo\\\/thomas-denis-et-benjamin-duval-sur-le-gp-de-lhumanite-2013-a-bordeaux\\\/#primaryimage\",\"url\":\"https:\\\/\\\/www.aclanester56.com\\\/velo\\\/wp-content\\\/uploads\\\/2013\\\/10\\\/Thomas-Denis-podium-Copie.jpg\",\"contentUrl\":\"https:\\\/\\\/www.aclanester56.com\\\/velo\\\/wp-content\\\/uploads\\\/2013\\\/10\\\/Thomas-Denis-podium-Copie.jpg\",\"width\":650,\"height\":300},{\"@type\":\"WebSite\",\"@id\":\"https:\\\/\\\/www.aclanester56.com\\\/velo\\\/#website\",\"url\":\"https:\\\/\\\/www.aclanester56.com\\\/velo\\\/\",\"name\":\"Avenir Cycliste Lanester 56\",\"description\":\"Club cycliste de l&#039;AC LANESTER 56\",\"publisher\":{\"@id\":\"https:\\\/\\\/www.aclanester56.com\\\/velo\\\/#organization\"},\"potentialAction\":[{\"@type\":\"SearchAction\",\"target\":{\"@type\":\"EntryPoint\",\"urlTemplate\":\"https:\\\/\\\/www.aclanester56.com\\\/velo\\\/?s={search_term_string}\"},\"query-input\":{\"@type\":\"PropertyValueSpecification\",\"valueRequired\":true,\"valueName\":\"search_term_string\"}}],\"inLanguage\":\"fr-FR\"},{\"@type\":\"Organization\",\"@id\":\"https:\\\/\\\/www.aclanester56.com\\\/velo\\\/#organization\",\"name\":\"Avenir Cycliste Lanester 56\",\"url\":\"https:\\\/\\\/www.aclanester56.com\\\/velo\\\/\",\"logo\":{\"@type\":\"ImageObject\",\"inLanguage\":\"fr-FR\",\"@id\":\"https:\\\/\\\/www.aclanester56.com\\\/velo\\\/#\\\/schema\\\/logo\\\/image\\\/\",\"url\":\"https:\\\/\\\/www.aclanester56.com\\\/velo\\\/wp-content\\\/uploads\\\/2013\\\/04\\\/logo-ACL.jpg\",\"contentUrl\":\"https:\\\/\\\/www.aclanester56.com\\\/velo\\\/wp-content\\\/uploads\\\/2013\\\/04\\\/logo-ACL.jpg\",\"width\":400,\"height\":334,\"caption\":\"Avenir Cycliste Lanester 56\"},\"image\":{\"@id\":\"https:\\\/\\\/www.aclanester56.com\\\/velo\\\/#\\\/schema\\\/logo\\\/image\\\/\"},\"sameAs\":[\"https:\\\/\\\/www.facebook.com\\\/pages\\\/AC-Lanester-56\\\/190286300991242?fref=ts\"]},{\"@type\":\"Person\",\"@id\":\"https:\\\/\\\/www.aclanester56.com\\\/velo\\\/#\\\/schema\\\/person\\\/ca2a44a5fd969e9dd846c72d3b33bc01\",\"name\":\"Jean-Christophe\",\"url\":\"https:\\\/\\\/www.aclanester56.com\\\/velo\\\/author\\\/jeanchristophe\\\/\"}]}<\/script>\n<!-- \/ Yoast SEO plugin. -->","yoast_head_json":{"title":"Thomas Denis et Benjamin Duval sur le GP de l'Humanit\u00e9 2013 \u00e0 Bordeaux - Avenir Cycliste Lanester 56","robots":{"index":"index","follow":"follow","max-snippet":"max-snippet:-1","max-image-preview":"max-image-preview:large","max-video-preview":"max-video-preview:-1"},"canonical":"https:\/\/www.aclanester56.com\/velo\/thomas-denis-et-benjamin-duval-sur-le-gp-de-lhumanite-2013-a-bordeaux\/","og_locale":"fr_FR","og_type":"article","og_title":"Thomas Denis et Benjamin Duval sur le GP de l'Humanit\u00e9 2013 \u00e0 Bordeaux - Avenir Cycliste Lanester 56","og_url":"https:\/\/www.aclanester56.com\/velo\/thomas-denis-et-benjamin-duval-sur-le-gp-de-lhumanite-2013-a-bordeaux\/","og_site_name":"Avenir Cycliste Lanester 56","article_publisher":"https:\/\/www.facebook.com\/pages\/AC-Lanester-56\/190286300991242?fref=ts","article_published_time":"2013-10-22T17:29:42+00:00","article_modified_time":"2013-12-21T20:20:09+00:00","og_image":[{"width":650,"height":300,"url":"https:\/\/www.aclanester56.com\/velo\/wp-content\/uploads\/2013\/10\/Thomas-Denis-podium-Copie.jpg","type":"image\/jpeg"}],"author":"Jean-Christophe","twitter_misc":{"\u00c9crit par":"Jean-Christophe","Dur\u00e9e de lecture estim\u00e9e":"1 minute"},"schema":{"@context":"https:\/\/schema.org","@graph":[{"@type":"Article","@id":"https:\/\/www.aclanester56.com\/velo\/thomas-denis-et-benjamin-duval-sur-le-gp-de-lhumanite-2013-a-bordeaux\/#article","isPartOf":{"@id":"https:\/\/www.aclanester56.com\/velo\/thomas-denis-et-benjamin-duval-sur-le-gp-de-lhumanite-2013-a-bordeaux\/"},"author":{"name":"Jean-Christophe","@id":"https:\/\/www.aclanester56.com\/velo\/#\/schema\/person\/ca2a44a5fd969e9dd846c72d3b33bc01"},"headline":"Thomas Denis et Benjamin Duval sur le GP de l&rsquo;Humanit\u00e9 2013 \u00e0 Bordeaux","datePublished":"2013-10-22T17:29:42+00:00","dateModified":"2013-12-21T20:20:09+00:00","mainEntityOfPage":{"@id":"https:\/\/www.aclanester56.com\/velo\/thomas-denis-et-benjamin-duval-sur-le-gp-de-lhumanite-2013-a-bordeaux\/"},"wordCount":276,"commentCount":0,"publisher":{"@id":"https:\/\/www.aclanester56.com\/velo\/#organization"},"image":{"@id":"https:\/\/www.aclanester56.com\/velo\/thomas-denis-et-benjamin-duval-sur-le-gp-de-lhumanite-2013-a-bordeaux\/#primaryimage"},"thumbnailUrl":"https:\/\/www.aclanester56.com\/velo\/wp-content\/uploads\/2013\/10\/Thomas-Denis-podium-Copie.jpg","articleSection":["AC LANESTER 56","R\u00e9sultats","R\u00e9sultats Cadets"],"inLanguage":"fr-FR","potentialAction":[{"@type":"CommentAction","name":"Comment","target":["https:\/\/www.aclanester56.com\/velo\/thomas-denis-et-benjamin-duval-sur-le-gp-de-lhumanite-2013-a-bordeaux\/#respond"]}]},{"@type":"WebPage","@id":"https:\/\/www.aclanester56.com\/velo\/thomas-denis-et-benjamin-duval-sur-le-gp-de-lhumanite-2013-a-bordeaux\/","url":"https:\/\/www.aclanester56.com\/velo\/thomas-denis-et-benjamin-duval-sur-le-gp-de-lhumanite-2013-a-bordeaux\/","name":"Thomas Denis et Benjamin Duval sur le GP de l'Humanit\u00e9 2013 \u00e0 Bordeaux - Avenir Cycliste Lanester 56","isPartOf":{"@id":"https:\/\/www.aclanester56.com\/velo\/#website"},"primaryImageOfPage":{"@id":"https:\/\/www.aclanester56.com\/velo\/thomas-denis-et-benjamin-duval-sur-le-gp-de-lhumanite-2013-a-bordeaux\/#primaryimage"},"image":{"@id":"https:\/\/www.aclanester56.com\/velo\/thomas-denis-et-benjamin-duval-sur-le-gp-de-lhumanite-2013-a-bordeaux\/#primaryimage"},"thumbnailUrl":"https:\/\/www.aclanester56.com\/velo\/wp-content\/uploads\/2013\/10\/Thomas-Denis-podium-Copie.jpg","datePublished":"2013-10-22T17:29:42+00:00","dateModified":"2013-12-21T20:20:09+00:00","inLanguage":"fr-FR","potentialAction":[{"@type":"ReadAction","target":["https:\/\/www.aclanester56.com\/velo\/thomas-denis-et-benjamin-duval-sur-le-gp-de-lhumanite-2013-a-bordeaux\/"]}]},{"@type":"ImageObject","inLanguage":"fr-FR","@id":"https:\/\/www.aclanester56.com\/velo\/thomas-denis-et-benjamin-duval-sur-le-gp-de-lhumanite-2013-a-bordeaux\/#primaryimage","url":"https:\/\/www.aclanester56.com\/velo\/wp-content\/uploads\/2013\/10\/Thomas-Denis-podium-Copie.jpg","contentUrl":"https:\/\/www.aclanester56.com\/velo\/wp-content\/uploads\/2013\/10\/Thomas-Denis-podium-Copie.jpg","width":650,"height":300},{"@type":"WebSite","@id":"https:\/\/www.aclanester56.com\/velo\/#website","url":"https:\/\/www.aclanester56.com\/velo\/","name":"Avenir Cycliste Lanester 56","description":"Club cycliste de l&#039;AC LANESTER 56","publisher":{"@id":"https:\/\/www.aclanester56.com\/velo\/#organization"},"potentialAction":[{"@type":"SearchAction","target":{"@type":"EntryPoint","urlTemplate":"https:\/\/www.aclanester56.com\/velo\/?s={search_term_string}"},"query-input":{"@type":"PropertyValueSpecification","valueRequired":true,"valueName":"search_term_string"}}],"inLanguage":"fr-FR"},{"@type":"Organization","@id":"https:\/\/www.aclanester56.com\/velo\/#organization","name":"Avenir Cycliste Lanester 56","url":"https:\/\/www.aclanester56.com\/velo\/","logo":{"@type":"ImageObject","inLanguage":"fr-FR","@id":"https:\/\/www.aclanester56.com\/velo\/#\/schema\/logo\/image\/","url":"https:\/\/www.aclanester56.com\/velo\/wp-content\/uploads\/2013\/04\/logo-ACL.jpg","contentUrl":"https:\/\/www.aclanester56.com\/velo\/wp-content\/uploads\/2013\/04\/logo-ACL.jpg","width":400,"height":334,"caption":"Avenir Cycliste Lanester 56"},"image":{"@id":"https:\/\/www.aclanester56.com\/velo\/#\/schema\/logo\/image\/"},"sameAs":["https:\/\/www.facebook.com\/pages\/AC-Lanester-56\/190286300991242?fref=ts"]},{"@type":"Person","@id":"https:\/\/www.aclanester56.com\/velo\/#\/schema\/person\/ca2a44a5fd969e9dd846c72d3b33bc01","name":"Jean-Christophe","url":"https:\/\/www.aclanester56.com\/velo\/author\/jeanchristophe\/"}]}},"_links":{"self":[{"href":"https:\/\/www.aclanester56.com\/velo\/wp-json\/wp\/v2\/posts\/15417","targetHints":{"allow":["GET"]}}],"collection":[{"href":"https:\/\/www.aclanester56.com\/velo\/wp-json\/wp\/v2\/posts"}],"about":[{"href":"https:\/\/www.aclanester56.com\/velo\/wp-json\/wp\/v2\/types\/post"}],"author":[{"embeddable":true,"href":"https:\/\/www.aclanester56.com\/velo\/wp-json\/wp\/v2\/users\/14"}],"replies":[{"embeddable":true,"href":"https:\/\/www.aclanester56.com\/velo\/wp-json\/wp\/v2\/comments?post=15417"}],"version-history":[{"count":0,"href":"https:\/\/www.aclanester56.com\/velo\/wp-json\/wp\/v2\/posts\/15417\/revisions"}],"wp:featuredmedia":[{"embeddable":true,"href":"https:\/\/www.aclanester56.com\/velo\/wp-json\/wp\/v2\/media\/15423"}],"wp:attachment":[{"href":"https:\/\/www.aclanester56.com\/velo\/wp-json\/wp\/v2\/media?parent=15417"}],"wp:term":[{"taxonomy":"category","embeddable":true,"href":"https:\/\/www.aclanester56.com\/velo\/wp-json\/wp\/v2\/categories?post=15417"},{"taxonomy":"post_tag","embeddable":true,"href":"https:\/\/www.aclanester56.com\/velo\/wp-json\/wp\/v2\/tags?post=15417"}],"curies":[{"name":"wp","href":"https:\/\/api.w.org\/{rel}","templated":true}]}}