{"id":15427,"date":"2013-10-22T22:56:45","date_gmt":"2013-10-22T20:56:45","guid":{"rendered":"http:\/\/www.aclanester56.com\/velo\/?p=15427"},"modified":"2013-12-21T22:19:48","modified_gmt":"2013-12-21T20:19:48","slug":"reaction-de-karl-chandavoine-de-retour-des-championnats-du-monde-masters-sur-piste","status":"publish","type":"post","link":"https:\/\/www.aclanester56.com\/velo\/reaction-de-karl-chandavoine-de-retour-des-championnats-du-monde-masters-sur-piste\/","title":{"rendered":"R\u00e9action de Karl Chandavoine, de retour des Championnats du Monde Masters sur piste de Manchester"},"content":{"rendered":"<p style=\"text-align: justify;\"><!--more--><\/p>\n<p style=\"text-align: justify;\">Le Lanest\u00e9rien Karl Chandavoine, qui a particip\u00e9 du 7 au 12 octobre 2013 aux Championnats du Monde Masters sur piste \u00e0 Manchester \u00a0(<a href=\"http:\/\/www.aclanester56.com\/velo\/mondiaux-masters-piste-2013-karl-chandavoine-5eme-du-scratch-et-11eme-de-la-course-aux-points\" target=\"_blank\">lire l&rsquo;article correspondant en cliquant ici<\/a>), revient pour nous sur cette aventure. Exigent avec lui-m\u00eame, il est d\u00e9\u00e7u de ses r\u00e9sultats, mais il entend bien profiter de cette exp\u00e9rience pour les am\u00e9liorer !<\/p>\n<p style=\"text-align: justify;\"><strong style=\"color: #ff6600; line-height: 1.5em;\">Beaucoup de sacrifices pour un objectif<\/strong><\/p>\n<p style=\"text-align: justify;\">Aux Championnats du Monde Masters de Manchester, le soci\u00e9taire de l&rsquo;AC Lanester 56 Karl Chandavoine a pris la 5\u00e8me place de la poursuite individuelle et du scratch et la 11\u00e8me place de la course aux points. Avec tous les sacrifices consentis depuis de nombreux mois, il esp\u00e9rait un meilleur r\u00e9sultat : \u00ab\u00a0<em><strong>Il faut l&rsquo;avouer, je ne m&rsquo;\u00e9tais pas autant investi pour terminer 5\u00e8me. L&rsquo;objectif de la victoire n&rsquo;est pas atteint, mais les \u00e9checs font partie de la vie et du sport : c&rsquo;est formateur !<\/strong><\/em>\u00ab\u00a0.<\/p>\n<div id=\"attachment_15432\" style=\"width: 410px\" class=\"wp-caption alignright\"><a href=\"http:\/\/www.aclanester56.com\/velo\/wp-content\/uploads\/2013\/10\/20131008_172604.jpg\"><img loading=\"lazy\" decoding=\"async\" aria-describedby=\"caption-attachment-15432\" class=\"size-large wp-image-15432\" alt=\"Vue ext\u00e9rieure du v\u00e9lodrome de Manchester qui accueillait ces championnats du Monde sur piste (photo Emilie Redondo)\" src=\"http:\/\/www.aclanester56.com\/velo\/wp-content\/uploads\/2013\/10\/20131008_172604-800x600.jpg\" width=\"400\" height=\"300\" srcset=\"https:\/\/www.aclanester56.com\/velo\/wp-content\/uploads\/2013\/10\/20131008_172604-800x600.jpg 800w, https:\/\/www.aclanester56.com\/velo\/wp-content\/uploads\/2013\/10\/20131008_172604-300x225.jpg 300w, https:\/\/www.aclanester56.com\/velo\/wp-content\/uploads\/2013\/10\/20131008_172604-400x300.jpg 400w\" sizes=\"auto, (max-width: 400px) 100vw, 400px\" \/><\/a><p id=\"caption-attachment-15432\" class=\"wp-caption-text\">Vue ext\u00e9rieure du v\u00e9lodrome de Manchester qui accueillait ces championnats du Monde sur piste (photo Emilie Redondo)<\/p><\/div>\n<p style=\"text-align: justify;\"><span style=\"color: #ff6600;\"><strong>Prise de risque non payante sur la poursuite individuelle<\/strong><\/span><\/p>\n<p style=\"text-align: justify;\">Le Lanest\u00e9rien Karl Chandavoine, double champion de France de poursuite individuelle et de scratch au mois de juin dernier, a commenc\u00e9 ses championnats du Monde avec son \u00e9preuve f\u00e9tiche, la poursuite individuelle : \u00ab\u00a0<em><strong>J&rsquo;ai pris un risque\u00a0en testant un braquet plus gros. D\u00e8s le 1er kilom\u00e8tre, j&rsquo;\u00e9tais 3 secondes en retard sur le tableau de marche \u00e0 3&rsquo;35 que j&rsquo;avais programm\u00e9. Je termine ensuite \u00e0 ma vitesse cible mais le mal \u00e9tait fait, je n&rsquo;ai pas pu reprendre le temps perdu au d\u00e9but. Je n&rsquo;ai pas de regret : je termine loin de la victoire mais je connais d\u00e9sormais mon braquet optimal sur une piste en parquet, il me reste \u00e0 retravailler la cadence de p\u00e9dalage<\/strong><\/em>\u00ab\u00a0.<\/p>\n<p style=\"text-align: justify;\"><span style=\"color: #ff6600;\"><strong>Un niveau tr\u00e8s \u00e9lev\u00e9 sur ces Mondiaux<\/strong><\/span><\/p>\n<p style=\"text-align: justify;\">Sur les \u00e9preuves de fond face aux meilleurs coureurs mondiaux de la cat\u00e9gorie, Karl s&rsquo;est confront\u00e9 \u00e0 des configurations de course qu&rsquo;il rencontre rarement dans les \u00e9preuves locales o\u00f9 seulement quelques coureurs lui tiennent la drag\u00e9e haute : \u00ab\u00a0<em><strong>la physionomie de course en finale du scratch et de la course aux points \u00e9tait in\u00e9dite pour moi : on se retrouve avec un peloton de 24 coureurs au niveau tr\u00e8s homog\u00e8ne. Je n&rsquo;\u00e9tais pas assez costaud pour prendre un tour seul \u00e0 un peloton qui ne d\u00e9branche jamais, et il me manque \u00e9galement de l&rsquo;explosivit\u00e9 pour\u00a0gagner des sprints massifs, surtout sur le scratch o\u00f9 40 tours ne suffisent pas pour \u00e9liminer les sprinteurs purs<\/strong><\/em>\u00ab\u00a0. N\u00e9anmoins, le Lanest\u00e9rien se qualifie facilement pour les finales du scratch et de course aux points en remportant la qualification de la 1\u00e8re \u00e9preuve et en terminant 5\u00e8me \u00a0de la 2\u00e8me.<\/p>\n<div id=\"attachment_15434\" style=\"width: 410px\" class=\"wp-caption alignright\"><a href=\"http:\/\/www.aclanester56.com\/velo\/wp-content\/uploads\/2013\/10\/DSCF4832.jpg\"><img loading=\"lazy\" decoding=\"async\" aria-describedby=\"caption-attachment-15434\" class=\"size-large wp-image-15434\" alt=\"Karl Chandavoine (compl\u00e8tement \u00e0 droite de la photo) patiente au d\u00e9part de l'une des \u00e9preuves (photo Emilie Redondo)\" src=\"http:\/\/www.aclanester56.com\/velo\/wp-content\/uploads\/2013\/10\/DSCF4832-800x600.jpg\" width=\"400\" height=\"300\" srcset=\"https:\/\/www.aclanester56.com\/velo\/wp-content\/uploads\/2013\/10\/DSCF4832-800x600.jpg 800w, https:\/\/www.aclanester56.com\/velo\/wp-content\/uploads\/2013\/10\/DSCF4832-300x225.jpg 300w, https:\/\/www.aclanester56.com\/velo\/wp-content\/uploads\/2013\/10\/DSCF4832-400x300.jpg 400w\" sizes=\"auto, (max-width: 400px) 100vw, 400px\" \/><\/a><p id=\"caption-attachment-15434\" class=\"wp-caption-text\">Karl Chandavoine (compl\u00e8tement \u00e0 droite de la photo) patiente au d\u00e9part de l&rsquo;une des \u00e9preuves (photo Emilie Redondo)<\/p><\/div>\n<p style=\"text-align: justify;\"><span style=\"color: #ff6600;\"><strong>Manque de r\u00e9ussite sur le scratch<\/strong><\/span><\/p>\n<p style=\"text-align: justify;\">Sur la finale du scratch, Karl attaque \u00e0 7 tours de l&rsquo;arriv\u00e9e et se fait reprendre \u00e0 3 tours de l&rsquo;arriv\u00e9e : \u00ab\u00a0<em><strong>Avec cet effort aussi pr\u00e8s de l&rsquo;arriv\u00e9e, j&rsquo;\u00e9tais dans une situation d\u00e9licate \u00e0 g\u00e9rer ! Je suis rest\u00e9 devant au maximum pour conserver ma place, mais je me fais largement d\u00e9border dans l&#8217;emballage final<\/strong><\/em>\u00ab\u00a0.<\/p>\n<p style=\"text-align: justify;\"><span style=\"color: #ff6600;\"><strong>\u00ab\u00a0Affiner encore ma strat\u00e9gie de course\u00a0\u00bb<\/strong><\/span><\/p>\n<p style=\"text-align: justify;\">Enfin, la finale de la course aux points\u00a0cl\u00f4turait\u00a0les Championnats du Monde du coureur de l&rsquo;AC Lanester 56 : \u00ab\u00a0<em><strong>Je suis parti seul apr\u00e8s 20 tours et suis rest\u00e9 pendant 12 tours avec un demi tour d&rsquo;avance sur le peloton : aucun groupe n&rsquo;est rentr\u00e9 sur moi et je ne suis pas parvenu \u00e0 prendre un tour&#8230; J&rsquo;y ai\u00a0 laiss\u00e9 toutes mes cartouches (un groupe a contre-attaqu\u00e9 lorsque le peloton m&rsquo;a repris et 7 coureurs prennent un tour). J&rsquo;ai tent\u00e9 de ressortir, en vain &#8230; Je dois encore affiner ma strat\u00e9gie de course !<\/strong><\/em>\u00ab\u00a0<\/p>\n<div id=\"attachment_15436\" style=\"width: 410px\" class=\"wp-caption alignright\"><a href=\"http:\/\/www.aclanester56.com\/velo\/wp-content\/uploads\/2013\/10\/20131008_161530.jpg\"><img loading=\"lazy\" decoding=\"async\" aria-describedby=\"caption-attachment-15436\" class=\"size-large wp-image-15436\" alt=\"Ces championnats du Monde ont \u00e9t\u00e9 une exp\u00e9rience tr\u00e8s enrichissante pour Karl (photo Emilie Redondo)\" src=\"http:\/\/www.aclanester56.com\/velo\/wp-content\/uploads\/2013\/10\/20131008_161530-800x600.jpg\" width=\"400\" height=\"300\" srcset=\"https:\/\/www.aclanester56.com\/velo\/wp-content\/uploads\/2013\/10\/20131008_161530-800x600.jpg 800w, https:\/\/www.aclanester56.com\/velo\/wp-content\/uploads\/2013\/10\/20131008_161530-300x225.jpg 300w, https:\/\/www.aclanester56.com\/velo\/wp-content\/uploads\/2013\/10\/20131008_161530-400x300.jpg 400w\" sizes=\"auto, (max-width: 400px) 100vw, 400px\" \/><\/a><p id=\"caption-attachment-15436\" class=\"wp-caption-text\">Ces championnats du Monde ont \u00e9t\u00e9 une exp\u00e9rience tr\u00e8s enrichissante pour Karl (photo Emilie Redondo)<\/p><\/div>\n<p style=\"text-align: justify;\"><span style=\"color: #ff6600;\"><strong>\u00ab\u00a0Le chemin apporte plus que le but\u00a0\u00bb<\/strong><\/span><\/p>\n<p style=\"text-align: justify;\">A l&rsquo;heure du bilan et m\u00eame s&rsquo;il n&rsquo;a pas atteint ses objectifs de d\u00e9part, Karl dresse un bilan tr\u00e8s positif de ces Mondiaux : \u00ab\u00a0<em><strong>\u00c7a\u00a0a \u00e9t\u00e9 une exp\u00e9rience tr\u00e8s enrichissante, je continue \u00e0 apprendre encore des choses ! Certains disent que le chemin apporte plus que le but, j&rsquo;adh\u00e8re \u00e0 cette id\u00e9e<\/strong><\/em>\u00ab\u00a0. Ces championnats du Monde se sont termin\u00e9s par une belle soir\u00e9e salsa, au plus grand plaisir de Karl, professeur d&rsquo;Espagnol dans la vie : \u00ab\u00a0<em><strong>J&rsquo;ai eu une pens\u00e9e pour les jeunes du club qui s&rsquo;amusaient au m\u00eame moment \u00e0 la soir\u00e9e festive de l&rsquo;assembl\u00e9e g\u00e9n\u00e9rale de l&rsquo;ACL56 (rires).\u00a0Apr\u00e8s quelques jours d&rsquo;immersion dans la langue de Shakespeare, j&rsquo;ai retrouv\u00e9 mon petit monde avec les Latinos. J&rsquo;avais quand m\u00eame entre temps bien sympathis\u00e9 avec mes adversaires argentins du v\u00e9lodrome !<\/strong><\/em>\u00a0\u00bb Maintenant, le Lanest\u00e9rien part en vacances en famille pendant quelques jours,\u00a0\u00a0pour \u00ab\u00a0<em><strong>bien d\u00e9compresser avant de partir pour un nouveau cycle de travail<\/strong><\/em>\u00a0\u00bb !<\/p>\n<p style=\"text-align: justify;\"><em>Remerciements \u00e0 Karl pour sa gentillesse et sa disponibilit\u00e9.<\/em><\/p>\n","protected":false},"excerpt":{"rendered":"","protected":false},"author":14,"featured_media":15439,"comment_status":"open","ping_status":"closed","sticky":false,"template":"","format":"standard","meta":{"ngg_post_thumbnail":0,"footnotes":""},"categories":[5,16],"tags":[],"class_list":["post-15427","post","type-post","status-publish","format-standard","has-post-thumbnail","hentry","category-ac-lanester-56","category-resultats"],"yoast_head":"<!-- This site is optimized with the Yoast SEO plugin v27.5 - https:\/\/yoast.com\/product\/yoast-seo-wordpress\/ -->\n<title>R\u00e9action de Karl Chandavoine, de retour des Championnats du Monde Masters sur piste de Manchester - Avenir Cycliste Lanester 56<\/title>\n<meta name=\"robots\" content=\"index, follow, max-snippet:-1, max-image-preview:large, max-video-preview:-1\" \/>\n<link rel=\"canonical\" href=\"https:\/\/www.aclanester56.com\/velo\/reaction-de-karl-chandavoine-de-retour-des-championnats-du-monde-masters-sur-piste\/\" \/>\n<meta property=\"og:locale\" content=\"fr_FR\" \/>\n<meta property=\"og:type\" content=\"article\" \/>\n<meta property=\"og:title\" content=\"R\u00e9action de Karl Chandavoine, de retour des Championnats du Monde Masters sur piste de Manchester - Avenir Cycliste Lanester 56\" \/>\n<meta property=\"og:url\" content=\"https:\/\/www.aclanester56.com\/velo\/reaction-de-karl-chandavoine-de-retour-des-championnats-du-monde-masters-sur-piste\/\" \/>\n<meta property=\"og:site_name\" content=\"Avenir Cycliste Lanester 56\" \/>\n<meta property=\"article:publisher\" content=\"https:\/\/www.facebook.com\/pages\/AC-Lanester-56\/190286300991242?fref=ts\" \/>\n<meta property=\"article:published_time\" content=\"2013-10-22T20:56:45+00:00\" \/>\n<meta property=\"article:modified_time\" content=\"2013-12-21T20:19:48+00:00\" \/>\n<meta property=\"og:image\" content=\"https:\/\/www.aclanester56.com\/velo\/wp-content\/uploads\/2013\/10\/DSCF4960-Copie.jpg\" \/>\n\t<meta property=\"og:image:width\" content=\"650\" \/>\n\t<meta property=\"og:image:height\" content=\"300\" \/>\n\t<meta property=\"og:image:type\" content=\"image\/jpeg\" \/>\n<meta name=\"author\" content=\"Jean-Christophe\" \/>\n<meta name=\"twitter:label1\" content=\"\u00c9crit par\" \/>\n\t<meta name=\"twitter:data1\" content=\"Jean-Christophe\" \/>\n\t<meta name=\"twitter:label2\" content=\"Dur\u00e9e de lecture estim\u00e9e\" \/>\n\t<meta name=\"twitter:data2\" content=\"4 minutes\" \/>\n<script type=\"application\/ld+json\" class=\"yoast-schema-graph\">{\"@context\":\"https:\\\/\\\/schema.org\",\"@graph\":[{\"@type\":\"Article\",\"@id\":\"https:\\\/\\\/www.aclanester56.com\\\/velo\\\/reaction-de-karl-chandavoine-de-retour-des-championnats-du-monde-masters-sur-piste\\\/#article\",\"isPartOf\":{\"@id\":\"https:\\\/\\\/www.aclanester56.com\\\/velo\\\/reaction-de-karl-chandavoine-de-retour-des-championnats-du-monde-masters-sur-piste\\\/\"},\"author\":{\"name\":\"Jean-Christophe\",\"@id\":\"https:\\\/\\\/www.aclanester56.com\\\/velo\\\/#\\\/schema\\\/person\\\/ca2a44a5fd969e9dd846c72d3b33bc01\"},\"headline\":\"R\u00e9action de Karl Chandavoine, de retour des Championnats du Monde Masters sur piste de Manchester\",\"datePublished\":\"2013-10-22T20:56:45+00:00\",\"dateModified\":\"2013-12-21T20:19:48+00:00\",\"mainEntityOfPage\":{\"@id\":\"https:\\\/\\\/www.aclanester56.com\\\/velo\\\/reaction-de-karl-chandavoine-de-retour-des-championnats-du-monde-masters-sur-piste\\\/\"},\"wordCount\":866,\"commentCount\":0,\"publisher\":{\"@id\":\"https:\\\/\\\/www.aclanester56.com\\\/velo\\\/#organization\"},\"image\":{\"@id\":\"https:\\\/\\\/www.aclanester56.com\\\/velo\\\/reaction-de-karl-chandavoine-de-retour-des-championnats-du-monde-masters-sur-piste\\\/#primaryimage\"},\"thumbnailUrl\":\"https:\\\/\\\/www.aclanester56.com\\\/velo\\\/wp-content\\\/uploads\\\/2013\\\/10\\\/DSCF4960-Copie.jpg\",\"articleSection\":[\"AC LANESTER 56\",\"R\u00e9sultats\"],\"inLanguage\":\"fr-FR\",\"potentialAction\":[{\"@type\":\"CommentAction\",\"name\":\"Comment\",\"target\":[\"https:\\\/\\\/www.aclanester56.com\\\/velo\\\/reaction-de-karl-chandavoine-de-retour-des-championnats-du-monde-masters-sur-piste\\\/#respond\"]}]},{\"@type\":\"WebPage\",\"@id\":\"https:\\\/\\\/www.aclanester56.com\\\/velo\\\/reaction-de-karl-chandavoine-de-retour-des-championnats-du-monde-masters-sur-piste\\\/\",\"url\":\"https:\\\/\\\/www.aclanester56.com\\\/velo\\\/reaction-de-karl-chandavoine-de-retour-des-championnats-du-monde-masters-sur-piste\\\/\",\"name\":\"R\u00e9action de Karl Chandavoine, de retour des Championnats du Monde Masters sur piste de Manchester - Avenir Cycliste Lanester 56\",\"isPartOf\":{\"@id\":\"https:\\\/\\\/www.aclanester56.com\\\/velo\\\/#website\"},\"primaryImageOfPage\":{\"@id\":\"https:\\\/\\\/www.aclanester56.com\\\/velo\\\/reaction-de-karl-chandavoine-de-retour-des-championnats-du-monde-masters-sur-piste\\\/#primaryimage\"},\"image\":{\"@id\":\"https:\\\/\\\/www.aclanester56.com\\\/velo\\\/reaction-de-karl-chandavoine-de-retour-des-championnats-du-monde-masters-sur-piste\\\/#primaryimage\"},\"thumbnailUrl\":\"https:\\\/\\\/www.aclanester56.com\\\/velo\\\/wp-content\\\/uploads\\\/2013\\\/10\\\/DSCF4960-Copie.jpg\",\"datePublished\":\"2013-10-22T20:56:45+00:00\",\"dateModified\":\"2013-12-21T20:19:48+00:00\",\"inLanguage\":\"fr-FR\",\"potentialAction\":[{\"@type\":\"ReadAction\",\"target\":[\"https:\\\/\\\/www.aclanester56.com\\\/velo\\\/reaction-de-karl-chandavoine-de-retour-des-championnats-du-monde-masters-sur-piste\\\/\"]}]},{\"@type\":\"ImageObject\",\"inLanguage\":\"fr-FR\",\"@id\":\"https:\\\/\\\/www.aclanester56.com\\\/velo\\\/reaction-de-karl-chandavoine-de-retour-des-championnats-du-monde-masters-sur-piste\\\/#primaryimage\",\"url\":\"https:\\\/\\\/www.aclanester56.com\\\/velo\\\/wp-content\\\/uploads\\\/2013\\\/10\\\/DSCF4960-Copie.jpg\",\"contentUrl\":\"https:\\\/\\\/www.aclanester56.com\\\/velo\\\/wp-content\\\/uploads\\\/2013\\\/10\\\/DSCF4960-Copie.jpg\",\"width\":650,\"height\":300},{\"@type\":\"WebSite\",\"@id\":\"https:\\\/\\\/www.aclanester56.com\\\/velo\\\/#website\",\"url\":\"https:\\\/\\\/www.aclanester56.com\\\/velo\\\/\",\"name\":\"Avenir Cycliste Lanester 56\",\"description\":\"Club cycliste de l&#039;AC LANESTER 56\",\"publisher\":{\"@id\":\"https:\\\/\\\/www.aclanester56.com\\\/velo\\\/#organization\"},\"potentialAction\":[{\"@type\":\"SearchAction\",\"target\":{\"@type\":\"EntryPoint\",\"urlTemplate\":\"https:\\\/\\\/www.aclanester56.com\\\/velo\\\/?s={search_term_string}\"},\"query-input\":{\"@type\":\"PropertyValueSpecification\",\"valueRequired\":true,\"valueName\":\"search_term_string\"}}],\"inLanguage\":\"fr-FR\"},{\"@type\":\"Organization\",\"@id\":\"https:\\\/\\\/www.aclanester56.com\\\/velo\\\/#organization\",\"name\":\"Avenir Cycliste Lanester 56\",\"url\":\"https:\\\/\\\/www.aclanester56.com\\\/velo\\\/\",\"logo\":{\"@type\":\"ImageObject\",\"inLanguage\":\"fr-FR\",\"@id\":\"https:\\\/\\\/www.aclanester56.com\\\/velo\\\/#\\\/schema\\\/logo\\\/image\\\/\",\"url\":\"https:\\\/\\\/www.aclanester56.com\\\/velo\\\/wp-content\\\/uploads\\\/2013\\\/04\\\/logo-ACL.jpg\",\"contentUrl\":\"https:\\\/\\\/www.aclanester56.com\\\/velo\\\/wp-content\\\/uploads\\\/2013\\\/04\\\/logo-ACL.jpg\",\"width\":400,\"height\":334,\"caption\":\"Avenir Cycliste Lanester 56\"},\"image\":{\"@id\":\"https:\\\/\\\/www.aclanester56.com\\\/velo\\\/#\\\/schema\\\/logo\\\/image\\\/\"},\"sameAs\":[\"https:\\\/\\\/www.facebook.com\\\/pages\\\/AC-Lanester-56\\\/190286300991242?fref=ts\"]},{\"@type\":\"Person\",\"@id\":\"https:\\\/\\\/www.aclanester56.com\\\/velo\\\/#\\\/schema\\\/person\\\/ca2a44a5fd969e9dd846c72d3b33bc01\",\"name\":\"Jean-Christophe\",\"url\":\"https:\\\/\\\/www.aclanester56.com\\\/velo\\\/author\\\/jeanchristophe\\\/\"}]}<\/script>\n<!-- \/ Yoast SEO plugin. -->","yoast_head_json":{"title":"R\u00e9action de Karl Chandavoine, de retour des Championnats du Monde Masters sur piste de Manchester - Avenir Cycliste Lanester 56","robots":{"index":"index","follow":"follow","max-snippet":"max-snippet:-1","max-image-preview":"max-image-preview:large","max-video-preview":"max-video-preview:-1"},"canonical":"https:\/\/www.aclanester56.com\/velo\/reaction-de-karl-chandavoine-de-retour-des-championnats-du-monde-masters-sur-piste\/","og_locale":"fr_FR","og_type":"article","og_title":"R\u00e9action de Karl Chandavoine, de retour des Championnats du Monde Masters sur piste de Manchester - Avenir Cycliste Lanester 56","og_url":"https:\/\/www.aclanester56.com\/velo\/reaction-de-karl-chandavoine-de-retour-des-championnats-du-monde-masters-sur-piste\/","og_site_name":"Avenir Cycliste Lanester 56","article_publisher":"https:\/\/www.facebook.com\/pages\/AC-Lanester-56\/190286300991242?fref=ts","article_published_time":"2013-10-22T20:56:45+00:00","article_modified_time":"2013-12-21T20:19:48+00:00","og_image":[{"width":650,"height":300,"url":"https:\/\/www.aclanester56.com\/velo\/wp-content\/uploads\/2013\/10\/DSCF4960-Copie.jpg","type":"image\/jpeg"}],"author":"Jean-Christophe","twitter_misc":{"\u00c9crit par":"Jean-Christophe","Dur\u00e9e de lecture estim\u00e9e":"4 minutes"},"schema":{"@context":"https:\/\/schema.org","@graph":[{"@type":"Article","@id":"https:\/\/www.aclanester56.com\/velo\/reaction-de-karl-chandavoine-de-retour-des-championnats-du-monde-masters-sur-piste\/#article","isPartOf":{"@id":"https:\/\/www.aclanester56.com\/velo\/reaction-de-karl-chandavoine-de-retour-des-championnats-du-monde-masters-sur-piste\/"},"author":{"name":"Jean-Christophe","@id":"https:\/\/www.aclanester56.com\/velo\/#\/schema\/person\/ca2a44a5fd969e9dd846c72d3b33bc01"},"headline":"R\u00e9action de Karl Chandavoine, de retour des Championnats du Monde Masters sur piste de Manchester","datePublished":"2013-10-22T20:56:45+00:00","dateModified":"2013-12-21T20:19:48+00:00","mainEntityOfPage":{"@id":"https:\/\/www.aclanester56.com\/velo\/reaction-de-karl-chandavoine-de-retour-des-championnats-du-monde-masters-sur-piste\/"},"wordCount":866,"commentCount":0,"publisher":{"@id":"https:\/\/www.aclanester56.com\/velo\/#organization"},"image":{"@id":"https:\/\/www.aclanester56.com\/velo\/reaction-de-karl-chandavoine-de-retour-des-championnats-du-monde-masters-sur-piste\/#primaryimage"},"thumbnailUrl":"https:\/\/www.aclanester56.com\/velo\/wp-content\/uploads\/2013\/10\/DSCF4960-Copie.jpg","articleSection":["AC LANESTER 56","R\u00e9sultats"],"inLanguage":"fr-FR","potentialAction":[{"@type":"CommentAction","name":"Comment","target":["https:\/\/www.aclanester56.com\/velo\/reaction-de-karl-chandavoine-de-retour-des-championnats-du-monde-masters-sur-piste\/#respond"]}]},{"@type":"WebPage","@id":"https:\/\/www.aclanester56.com\/velo\/reaction-de-karl-chandavoine-de-retour-des-championnats-du-monde-masters-sur-piste\/","url":"https:\/\/www.aclanester56.com\/velo\/reaction-de-karl-chandavoine-de-retour-des-championnats-du-monde-masters-sur-piste\/","name":"R\u00e9action de Karl Chandavoine, de retour des Championnats du Monde Masters sur piste de Manchester - Avenir Cycliste Lanester 56","isPartOf":{"@id":"https:\/\/www.aclanester56.com\/velo\/#website"},"primaryImageOfPage":{"@id":"https:\/\/www.aclanester56.com\/velo\/reaction-de-karl-chandavoine-de-retour-des-championnats-du-monde-masters-sur-piste\/#primaryimage"},"image":{"@id":"https:\/\/www.aclanester56.com\/velo\/reaction-de-karl-chandavoine-de-retour-des-championnats-du-monde-masters-sur-piste\/#primaryimage"},"thumbnailUrl":"https:\/\/www.aclanester56.com\/velo\/wp-content\/uploads\/2013\/10\/DSCF4960-Copie.jpg","datePublished":"2013-10-22T20:56:45+00:00","dateModified":"2013-12-21T20:19:48+00:00","inLanguage":"fr-FR","potentialAction":[{"@type":"ReadAction","target":["https:\/\/www.aclanester56.com\/velo\/reaction-de-karl-chandavoine-de-retour-des-championnats-du-monde-masters-sur-piste\/"]}]},{"@type":"ImageObject","inLanguage":"fr-FR","@id":"https:\/\/www.aclanester56.com\/velo\/reaction-de-karl-chandavoine-de-retour-des-championnats-du-monde-masters-sur-piste\/#primaryimage","url":"https:\/\/www.aclanester56.com\/velo\/wp-content\/uploads\/2013\/10\/DSCF4960-Copie.jpg","contentUrl":"https:\/\/www.aclanester56.com\/velo\/wp-content\/uploads\/2013\/10\/DSCF4960-Copie.jpg","width":650,"height":300},{"@type":"WebSite","@id":"https:\/\/www.aclanester56.com\/velo\/#website","url":"https:\/\/www.aclanester56.com\/velo\/","name":"Avenir Cycliste Lanester 56","description":"Club cycliste de l&#039;AC LANESTER 56","publisher":{"@id":"https:\/\/www.aclanester56.com\/velo\/#organization"},"potentialAction":[{"@type":"SearchAction","target":{"@type":"EntryPoint","urlTemplate":"https:\/\/www.aclanester56.com\/velo\/?s={search_term_string}"},"query-input":{"@type":"PropertyValueSpecification","valueRequired":true,"valueName":"search_term_string"}}],"inLanguage":"fr-FR"},{"@type":"Organization","@id":"https:\/\/www.aclanester56.com\/velo\/#organization","name":"Avenir Cycliste Lanester 56","url":"https:\/\/www.aclanester56.com\/velo\/","logo":{"@type":"ImageObject","inLanguage":"fr-FR","@id":"https:\/\/www.aclanester56.com\/velo\/#\/schema\/logo\/image\/","url":"https:\/\/www.aclanester56.com\/velo\/wp-content\/uploads\/2013\/04\/logo-ACL.jpg","contentUrl":"https:\/\/www.aclanester56.com\/velo\/wp-content\/uploads\/2013\/04\/logo-ACL.jpg","width":400,"height":334,"caption":"Avenir Cycliste Lanester 56"},"image":{"@id":"https:\/\/www.aclanester56.com\/velo\/#\/schema\/logo\/image\/"},"sameAs":["https:\/\/www.facebook.com\/pages\/AC-Lanester-56\/190286300991242?fref=ts"]},{"@type":"Person","@id":"https:\/\/www.aclanester56.com\/velo\/#\/schema\/person\/ca2a44a5fd969e9dd846c72d3b33bc01","name":"Jean-Christophe","url":"https:\/\/www.aclanester56.com\/velo\/author\/jeanchristophe\/"}]}},"_links":{"self":[{"href":"https:\/\/www.aclanester56.com\/velo\/wp-json\/wp\/v2\/posts\/15427","targetHints":{"allow":["GET"]}}],"collection":[{"href":"https:\/\/www.aclanester56.com\/velo\/wp-json\/wp\/v2\/posts"}],"about":[{"href":"https:\/\/www.aclanester56.com\/velo\/wp-json\/wp\/v2\/types\/post"}],"author":[{"embeddable":true,"href":"https:\/\/www.aclanester56.com\/velo\/wp-json\/wp\/v2\/users\/14"}],"replies":[{"embeddable":true,"href":"https:\/\/www.aclanester56.com\/velo\/wp-json\/wp\/v2\/comments?post=15427"}],"version-history":[{"count":0,"href":"https:\/\/www.aclanester56.com\/velo\/wp-json\/wp\/v2\/posts\/15427\/revisions"}],"wp:featuredmedia":[{"embeddable":true,"href":"https:\/\/www.aclanester56.com\/velo\/wp-json\/wp\/v2\/media\/15439"}],"wp:attachment":[{"href":"https:\/\/www.aclanester56.com\/velo\/wp-json\/wp\/v2\/media?parent=15427"}],"wp:term":[{"taxonomy":"category","embeddable":true,"href":"https:\/\/www.aclanester56.com\/velo\/wp-json\/wp\/v2\/categories?post=15427"},{"taxonomy":"post_tag","embeddable":true,"href":"https:\/\/www.aclanester56.com\/velo\/wp-json\/wp\/v2\/tags?post=15427"}],"curies":[{"name":"wp","href":"https:\/\/api.w.org\/{rel}","templated":true}]}}