{"id":17071,"date":"2014-01-12T23:40:01","date_gmt":"2014-01-12T21:40:01","guid":{"rendered":"http:\/\/www.aclanester56.com\/velo\/?p=17071"},"modified":"2014-01-18T19:15:13","modified_gmt":"2014-01-18T17:15:13","slug":"les-juniorsseniors-de-lac-lanester-56-reunis-en-stage","status":"publish","type":"post","link":"https:\/\/www.aclanester56.com\/velo\/les-juniorsseniors-de-lac-lanester-56-reunis-en-stage\/","title":{"rendered":"Les Juniors\/Seniors de l&rsquo;AC LANESTER 56 r\u00e9unis en stage"},"content":{"rendered":"<div style=\"text-align: justify;\"><!--more--><\/div>\n<div style=\"text-align: justify;\">L&rsquo;\u00e9quipe des 2\u00e8me, 3\u00e8me Cat\u00e9gorie &amp; Juniors s&rsquo;est r\u00e9unie pendant deux jours pour un stage au centre de Pen-Man\u00e9 \u00e0 Lanester. Il s&rsquo;agissait pour notre nouveau\u00a0titulaire d&rsquo;un brevet d&rsquo;\u00e9tat\u00a0J\u00e9r\u00f4me BELDENT du premier encadrement de stage en tant que salari\u00e9 au club depuis sa prise de fonction au d\u00e9but du mois.<\/div>\n<div style=\"text-align: justify;\">\u00a0<\/div>\n<div style=\"text-align: justify;\"><span style=\"color: #ff6600;\"><strong>1er Jour : une longue sortie avec Cadoudal au menu !<\/strong><\/span><\/div>\n<div style=\"text-align: justify;\">\u00a0<\/div>\n<div style=\"text-align: justify;\">Le stage a d\u00e9but\u00e9 \u00e0 midi par une longue sortie en direction de Plumelec, avec une mont\u00e9e de la c\u00f4te de Cadoudal. L&rsquo;ascension s&rsquo;est effectu\u00e9 sous forme d&rsquo;une petite comp\u00e9tition (avec, pour la petite histoire, une sympathique remise de r\u00e9compense pour le meilleur grimpeur faite le soir avant le repas). La sortie fut longue, avec pr\u00e8s de 125 km en un peu plus de 4H.\u00a0Au retour, la collation consistait en plusieurs g\u00e2teaux r\u00e9alis\u00e9s par les coureurs seniors. Avant le repas, toute l&rsquo;\u00e9quipe s&rsquo;est r\u00e9unie avec les encadrants pour faire le bilan de la sortie, et \u00e9voquer le programme de courses pour la saison 2014.<\/div>\n<div style=\"text-align: justify;\">\u00a0<\/div>\n<div style=\"text-align: justify;\"><span style=\"color: #ff6600;\"><strong>2\u00e8me Jour : Sortie vent\u00e9e sur la C\u00f4te Sauvage !<\/strong><\/span><\/div>\n<div style=\"text-align: justify;\">\u00a0<\/div>\n<div style=\"text-align: justify;\">Dimanche matin,le groupe est reparti pour une sortie de 3h. Ils ont profit\u00e9 d&rsquo;une bonne m\u00e9t\u00e9o pour rouler le long de la c\u00f4te sauvage \u00e0 Quiberon. Cette sortie matinale fut difficile pour les coureurs les moins aguerris, notamment les nouveaux licenci\u00e9s et les juniors 1\u00e8re ann\u00e9e, mais ceux-ci ont fait preuve de courage et confirment \u00e0 chaque sortie leurs gros progr\u00e8s.<\/div>\n<div style=\"text-align: justify;\">\u00a0<\/div>\n<div style=\"text-align: justify;\"><span style=\"color: #ff6600;\"><strong>Merci \u00e0 l&rsquo;\u00e9quipe encadrante !<\/strong><\/span><\/div>\n<div style=\"text-align: justify;\">\u00a0<\/div>\n<div style=\"text-align: justify;\">Au cours de ce week-end, J\u00e9r\u00f4me BELDENT et Davy LE KER ont pu faire un point individuel avec chaque coureur sur leur entra\u00eenement hivernal, et surtout sur leur \u00e9tat physique \u00e0 l&rsquo;issue de la sortie de samedi.\u00a0Lors de ce stage, Fabrice KERMAGORET, Alain RAUDE, Jean Marc MORVAN, Daniel PRIMAS et Patrick DUVAL faisaient \u00e9galement partie de l&rsquo;encadrement.<\/div>\n<div style=\"text-align: justify;\">\u00a0<\/div>\n<div style=\"text-align: justify;\"><span style=\"color: #ff6600;\"><strong>\u00ab\u00a0Bilan tr\u00e8s positif\u00a0\u00bb<\/strong><\/span><\/div>\n<div style=\"text-align: justify;\">\u00a0<\/div>\n<div style=\"text-align: justify;\">Al&rsquo;issue du weekend, J\u00e9r\u00f4me BELDENT \u00e9tait tr\u00e8s satisfait du travail r\u00e9alis\u00e9 : \u00ab\u00a0<em><strong>Le bilan de ce stage a \u00e9t\u00e9 tr\u00e8s positif, au niveau de l&rsquo;esprit d&rsquo;\u00e9quipe. Les nouveaux coureurs et les juniors 1\u00e8re ann\u00e9e se sont bien int\u00e9gr\u00e9s au groupe de la saison pass\u00e9e. En terme de condition physique, il y a d\u00e9j\u00e0 de belles satisfactions, on a pu constater qu&rsquo;un bon travail hivernal a \u00e9t\u00e9 r\u00e9alis\u00e9 par l&rsquo;ensemble de l&rsquo;\u00e9quipe.<\/strong><\/em>\u00a0\u00bb\u00a0Un deuxi\u00e8me stage aura lieu les 15 et 16 f\u00e9vrier prochains.<\/div>\n<div style=\"text-align: justify;\">\u00a0<\/div>\n<div style=\"text-align: justify;\"><span style=\"color: #ff6600;\"><strong>Quelques photos :<\/strong><\/span><\/div>\n<div style=\"text-align: justify;\"><!-- default-view.php -->\n<div\n\tclass=\"ngg-galleryoverview default-view\n\t ngg-ajax-pagination-none\t\"\n\tid=\"ngg-gallery-4cd761b3cf5f41f4f6dbb73d56e52a32-1\"\n\tdata-nextgen-gallery-id=\"161\"\n\tdata-gallery-id=\"161\"\n\t\tdata-gallery-name=\"Stage 11-12 Janvier 2014\"\n\t>\n\n\t\t<!-- Thumbnails -->\n\t\t\t\t<div id=\"ngg-image-0\" class=\"ngg-gallery-thumbnail-box\n\t\t\t\t\t\t\t\t\t\t\t\"\n\t\t\t>\n\t\t\t\t\t\t<div class=\"ngg-gallery-thumbnail\">\n\t\t<a href=\"https:\/\/www.aclanester56.com\/velo\/wp-content\/gallery\/stage-11-12-janvier-2014\/img_0224.jpg?t=1598818813\"\n\t\t\ttitle=\"\"\n\t\t\tdata-src=\"https:\/\/www.aclanester56.com\/velo\/wp-content\/gallery\/stage-11-12-janvier-2014\/img_0224.jpg?t=1598818813\"\n\t\t\tdata-thumbnail=\"https:\/\/www.aclanester56.com\/velo\/wp-content\/gallery\/stage-11-12-janvier-2014\/thumbs\/thumbs_img_0224.jpg?t=1598818813\"\n\t\t\tdata-image-id=\"6033\"\n\t\t\tdata-image-name=\"img_0224.jpg\"\n\t\t\tdata-title=\"img_0224\"\n\t\t\tdata-description=\"\"\n\t\t\tdata-image-slug=\"img_0224\"\n\t\t\t\t\t\t\t\t\t\t\t\t\t\t\t\t\t\t\t\tclass=\"ngg-simplelightbox\" rel=\"4cd761b3cf5f41f4f6dbb73d56e52a32\">\n\t\t\t\t\t\t\t\t<img\n\t\t\t\t\ttitle=\"img_0224\"\n\t\t\t\t\talt=\"img_0224\"\n\t\t\t\t\tsrc=\"https:\/\/www.aclanester56.com\/velo\/wp-content\/gallery\/stage-11-12-janvier-2014\/thumbs\/thumbs_img_0224.jpg?t=1598818813\"\n\t\t\t\t\twidth=\"100\"\n\t\t\t\t\theight=\"100\"\n\t\t\t\t\tstyle=\"max-width:100%;\"\n\t\t\t\t\/>\n\t\t\t<\/a>\n\t\t<\/div>\n\t\t\t\t\t\t\t<\/div>\n\t\t\t\n\t\t\t\t<div id=\"ngg-image-1\" class=\"ngg-gallery-thumbnail-box\n\t\t\t\t\t\t\t\t\t\t\t\"\n\t\t\t>\n\t\t\t\t\t\t<div class=\"ngg-gallery-thumbnail\">\n\t\t<a href=\"https:\/\/www.aclanester56.com\/velo\/wp-content\/gallery\/stage-11-12-janvier-2014\/img_0225.jpg\"\n\t\t\ttitle=\" \"\n\t\t\tdata-src=\"https:\/\/www.aclanester56.com\/velo\/wp-content\/gallery\/stage-11-12-janvier-2014\/img_0225.jpg\"\n\t\t\tdata-thumbnail=\"https:\/\/www.aclanester56.com\/velo\/wp-content\/gallery\/stage-11-12-janvier-2014\/thumbs\/thumbs_img_0225.jpg\"\n\t\t\tdata-image-id=\"6034\"\n\t\t\tdata-image-name=\"img_0225.jpg\"\n\t\t\tdata-title=\"img_0225\"\n\t\t\tdata-description=\" \"\n\t\t\tdata-image-slug=\"img_0225\"\n\t\t\t\t\t\t\t\t\t\t\t\t\t\t\t\t\t\t\t\tclass=\"ngg-simplelightbox\" rel=\"4cd761b3cf5f41f4f6dbb73d56e52a32\">\n\t\t\t\t\t\t\t\t<img\n\t\t\t\t\ttitle=\"img_0225\"\n\t\t\t\t\talt=\"img_0225\"\n\t\t\t\t\tsrc=\"https:\/\/www.aclanester56.com\/velo\/wp-content\/gallery\/stage-11-12-janvier-2014\/thumbs\/thumbs_img_0225.jpg\"\n\t\t\t\t\twidth=\"100\"\n\t\t\t\t\theight=\"100\"\n\t\t\t\t\tstyle=\"max-width:100%;\"\n\t\t\t\t\/>\n\t\t\t<\/a>\n\t\t<\/div>\n\t\t\t\t\t\t\t<\/div>\n\t\t\t\n\t\t\t\t<div id=\"ngg-image-2\" class=\"ngg-gallery-thumbnail-box\n\t\t\t\t\t\t\t\t\t\t\t\"\n\t\t\t>\n\t\t\t\t\t\t<div class=\"ngg-gallery-thumbnail\">\n\t\t<a href=\"https:\/\/www.aclanester56.com\/velo\/wp-content\/gallery\/stage-11-12-janvier-2014\/img_0238.jpg\"\n\t\t\ttitle=\" \"\n\t\t\tdata-src=\"https:\/\/www.aclanester56.com\/velo\/wp-content\/gallery\/stage-11-12-janvier-2014\/img_0238.jpg\"\n\t\t\tdata-thumbnail=\"https:\/\/www.aclanester56.com\/velo\/wp-content\/gallery\/stage-11-12-janvier-2014\/thumbs\/thumbs_img_0238.jpg\"\n\t\t\tdata-image-id=\"6035\"\n\t\t\tdata-image-name=\"img_0238.jpg\"\n\t\t\tdata-title=\"img_0238\"\n\t\t\tdata-description=\" \"\n\t\t\tdata-image-slug=\"img_0238\"\n\t\t\t\t\t\t\t\t\t\t\t\t\t\t\t\t\t\t\t\tclass=\"ngg-simplelightbox\" rel=\"4cd761b3cf5f41f4f6dbb73d56e52a32\">\n\t\t\t\t\t\t\t\t<img\n\t\t\t\t\ttitle=\"img_0238\"\n\t\t\t\t\talt=\"img_0238\"\n\t\t\t\t\tsrc=\"https:\/\/www.aclanester56.com\/velo\/wp-content\/gallery\/stage-11-12-janvier-2014\/thumbs\/thumbs_img_0238.jpg\"\n\t\t\t\t\twidth=\"100\"\n\t\t\t\t\theight=\"100\"\n\t\t\t\t\tstyle=\"max-width:100%;\"\n\t\t\t\t\/>\n\t\t\t<\/a>\n\t\t<\/div>\n\t\t\t\t\t\t\t<\/div>\n\t\t\t\n\t\t\t\t<div id=\"ngg-image-3\" class=\"ngg-gallery-thumbnail-box\n\t\t\t\t\t\t\t\t\t\t\t\"\n\t\t\t>\n\t\t\t\t\t\t<div class=\"ngg-gallery-thumbnail\">\n\t\t<a href=\"https:\/\/www.aclanester56.com\/velo\/wp-content\/gallery\/stage-11-12-janvier-2014\/img_0239.jpg\"\n\t\t\ttitle=\" \"\n\t\t\tdata-src=\"https:\/\/www.aclanester56.com\/velo\/wp-content\/gallery\/stage-11-12-janvier-2014\/img_0239.jpg\"\n\t\t\tdata-thumbnail=\"https:\/\/www.aclanester56.com\/velo\/wp-content\/gallery\/stage-11-12-janvier-2014\/thumbs\/thumbs_img_0239.jpg\"\n\t\t\tdata-image-id=\"6036\"\n\t\t\tdata-image-name=\"img_0239.jpg\"\n\t\t\tdata-title=\"img_0239\"\n\t\t\tdata-description=\" \"\n\t\t\tdata-image-slug=\"img_0239\"\n\t\t\t\t\t\t\t\t\t\t\t\t\t\t\t\t\t\t\t\tclass=\"ngg-simplelightbox\" rel=\"4cd761b3cf5f41f4f6dbb73d56e52a32\">\n\t\t\t\t\t\t\t\t<img\n\t\t\t\t\ttitle=\"img_0239\"\n\t\t\t\t\talt=\"img_0239\"\n\t\t\t\t\tsrc=\"https:\/\/www.aclanester56.com\/velo\/wp-content\/gallery\/stage-11-12-janvier-2014\/thumbs\/thumbs_img_0239.jpg\"\n\t\t\t\t\twidth=\"100\"\n\t\t\t\t\theight=\"100\"\n\t\t\t\t\tstyle=\"max-width:100%;\"\n\t\t\t\t\/>\n\t\t\t<\/a>\n\t\t<\/div>\n\t\t\t\t\t\t\t<\/div>\n\t\t\t\n\t\t\t\t<div id=\"ngg-image-4\" class=\"ngg-gallery-thumbnail-box\n\t\t\t\t\t\t\t\t\t\t\t\"\n\t\t\t>\n\t\t\t\t\t\t<div class=\"ngg-gallery-thumbnail\">\n\t\t<a href=\"https:\/\/www.aclanester56.com\/velo\/wp-content\/gallery\/stage-11-12-janvier-2014\/img_0241.jpg\"\n\t\t\ttitle=\" \"\n\t\t\tdata-src=\"https:\/\/www.aclanester56.com\/velo\/wp-content\/gallery\/stage-11-12-janvier-2014\/img_0241.jpg\"\n\t\t\tdata-thumbnail=\"https:\/\/www.aclanester56.com\/velo\/wp-content\/gallery\/stage-11-12-janvier-2014\/thumbs\/thumbs_img_0241.jpg\"\n\t\t\tdata-image-id=\"6037\"\n\t\t\tdata-image-name=\"img_0241.jpg\"\n\t\t\tdata-title=\"img_0241\"\n\t\t\tdata-description=\" \"\n\t\t\tdata-image-slug=\"img_0241\"\n\t\t\t\t\t\t\t\t\t\t\t\t\t\t\t\t\t\t\t\tclass=\"ngg-simplelightbox\" rel=\"4cd761b3cf5f41f4f6dbb73d56e52a32\">\n\t\t\t\t\t\t\t\t<img\n\t\t\t\t\ttitle=\"img_0241\"\n\t\t\t\t\talt=\"img_0241\"\n\t\t\t\t\tsrc=\"https:\/\/www.aclanester56.com\/velo\/wp-content\/gallery\/stage-11-12-janvier-2014\/thumbs\/thumbs_img_0241.jpg\"\n\t\t\t\t\twidth=\"100\"\n\t\t\t\t\theight=\"100\"\n\t\t\t\t\tstyle=\"max-width:100%;\"\n\t\t\t\t\/>\n\t\t\t<\/a>\n\t\t<\/div>\n\t\t\t\t\t\t\t<\/div>\n\t\t\t\n\t\t\t\t<div id=\"ngg-image-5\" class=\"ngg-gallery-thumbnail-box\n\t\t\t\t\t\t\t\t\t\t\t\"\n\t\t\t>\n\t\t\t\t\t\t<div class=\"ngg-gallery-thumbnail\">\n\t\t<a href=\"https:\/\/www.aclanester56.com\/velo\/wp-content\/gallery\/stage-11-12-janvier-2014\/img_0243.jpg\"\n\t\t\ttitle=\" \"\n\t\t\tdata-src=\"https:\/\/www.aclanester56.com\/velo\/wp-content\/gallery\/stage-11-12-janvier-2014\/img_0243.jpg\"\n\t\t\tdata-thumbnail=\"https:\/\/www.aclanester56.com\/velo\/wp-content\/gallery\/stage-11-12-janvier-2014\/thumbs\/thumbs_img_0243.jpg\"\n\t\t\tdata-image-id=\"6038\"\n\t\t\tdata-image-name=\"img_0243.jpg\"\n\t\t\tdata-title=\"img_0243\"\n\t\t\tdata-description=\" \"\n\t\t\tdata-image-slug=\"img_0243\"\n\t\t\t\t\t\t\t\t\t\t\t\t\t\t\t\t\t\t\t\tclass=\"ngg-simplelightbox\" rel=\"4cd761b3cf5f41f4f6dbb73d56e52a32\">\n\t\t\t\t\t\t\t\t<img\n\t\t\t\t\ttitle=\"img_0243\"\n\t\t\t\t\talt=\"img_0243\"\n\t\t\t\t\tsrc=\"https:\/\/www.aclanester56.com\/velo\/wp-content\/gallery\/stage-11-12-janvier-2014\/thumbs\/thumbs_img_0243.jpg\"\n\t\t\t\t\twidth=\"100\"\n\t\t\t\t\theight=\"100\"\n\t\t\t\t\tstyle=\"max-width:100%;\"\n\t\t\t\t\/>\n\t\t\t<\/a>\n\t\t<\/div>\n\t\t\t\t\t\t\t<\/div>\n\t\t\t\n\t\n\t<br style=\"clear: both\" \/>\n\n\t\n\t\t<div class=\"ngg-clear\"><\/div>\n\t<\/div>\n<\/div>\n","protected":false},"excerpt":{"rendered":"","protected":false},"author":14,"featured_media":17072,"comment_status":"open","ping_status":"closed","sticky":false,"template":"","format":"standard","meta":{"ngg_post_thumbnail":0,"footnotes":""},"categories":[5],"tags":[],"class_list":["post-17071","post","type-post","status-publish","format-standard","has-post-thumbnail","hentry","category-ac-lanester-56"],"yoast_head":"<!-- This site is optimized with the Yoast SEO plugin v27.5 - https:\/\/yoast.com\/product\/yoast-seo-wordpress\/ -->\n<title>Les Juniors\/Seniors de l&#039;AC LANESTER 56 r\u00e9unis en stage - Avenir Cycliste Lanester 56<\/title>\n<meta name=\"robots\" content=\"index, follow, max-snippet:-1, max-image-preview:large, max-video-preview:-1\" \/>\n<link rel=\"canonical\" href=\"https:\/\/www.aclanester56.com\/velo\/les-juniorsseniors-de-lac-lanester-56-reunis-en-stage\/\" \/>\n<meta property=\"og:locale\" content=\"fr_FR\" \/>\n<meta property=\"og:type\" content=\"article\" \/>\n<meta property=\"og:title\" content=\"Les Juniors\/Seniors de l&#039;AC LANESTER 56 r\u00e9unis en stage - Avenir Cycliste Lanester 56\" \/>\n<meta property=\"og:url\" content=\"https:\/\/www.aclanester56.com\/velo\/les-juniorsseniors-de-lac-lanester-56-reunis-en-stage\/\" \/>\n<meta property=\"og:site_name\" content=\"Avenir Cycliste Lanester 56\" \/>\n<meta property=\"article:publisher\" content=\"https:\/\/www.facebook.com\/pages\/AC-Lanester-56\/190286300991242?fref=ts\" \/>\n<meta property=\"article:published_time\" content=\"2014-01-12T21:40:01+00:00\" \/>\n<meta property=\"article:modified_time\" content=\"2014-01-18T17:15:13+00:00\" \/>\n<meta property=\"og:image\" content=\"https:\/\/www.aclanester56.com\/velo\/wp-content\/uploads\/2014\/01\/IMG_0224-Copie.jpg\" \/>\n\t<meta property=\"og:image:width\" content=\"650\" \/>\n\t<meta property=\"og:image:height\" content=\"300\" \/>\n\t<meta property=\"og:image:type\" content=\"image\/jpeg\" \/>\n<meta name=\"author\" content=\"Jean-Christophe\" \/>\n<meta name=\"twitter:label1\" content=\"\u00c9crit par\" \/>\n\t<meta name=\"twitter:data1\" content=\"Jean-Christophe\" \/>\n\t<meta name=\"twitter:label2\" content=\"Dur\u00e9e de lecture estim\u00e9e\" \/>\n\t<meta name=\"twitter:data2\" content=\"2 minutes\" \/>\n<script type=\"application\/ld+json\" class=\"yoast-schema-graph\">{\"@context\":\"https:\\\/\\\/schema.org\",\"@graph\":[{\"@type\":\"Article\",\"@id\":\"https:\\\/\\\/www.aclanester56.com\\\/velo\\\/les-juniorsseniors-de-lac-lanester-56-reunis-en-stage\\\/#article\",\"isPartOf\":{\"@id\":\"https:\\\/\\\/www.aclanester56.com\\\/velo\\\/les-juniorsseniors-de-lac-lanester-56-reunis-en-stage\\\/\"},\"author\":{\"name\":\"Jean-Christophe\",\"@id\":\"https:\\\/\\\/www.aclanester56.com\\\/velo\\\/#\\\/schema\\\/person\\\/ca2a44a5fd969e9dd846c72d3b33bc01\"},\"headline\":\"Les Juniors\\\/Seniors de l&rsquo;AC LANESTER 56 r\u00e9unis en stage\",\"datePublished\":\"2014-01-12T21:40:01+00:00\",\"dateModified\":\"2014-01-18T17:15:13+00:00\",\"mainEntityOfPage\":{\"@id\":\"https:\\\/\\\/www.aclanester56.com\\\/velo\\\/les-juniorsseniors-de-lac-lanester-56-reunis-en-stage\\\/\"},\"wordCount\":430,\"commentCount\":0,\"publisher\":{\"@id\":\"https:\\\/\\\/www.aclanester56.com\\\/velo\\\/#organization\"},\"image\":{\"@id\":\"https:\\\/\\\/www.aclanester56.com\\\/velo\\\/les-juniorsseniors-de-lac-lanester-56-reunis-en-stage\\\/#primaryimage\"},\"thumbnailUrl\":\"https:\\\/\\\/www.aclanester56.com\\\/velo\\\/wp-content\\\/uploads\\\/2014\\\/01\\\/IMG_0224-Copie.jpg\",\"articleSection\":[\"AC LANESTER 56\"],\"inLanguage\":\"fr-FR\",\"potentialAction\":[{\"@type\":\"CommentAction\",\"name\":\"Comment\",\"target\":[\"https:\\\/\\\/www.aclanester56.com\\\/velo\\\/les-juniorsseniors-de-lac-lanester-56-reunis-en-stage\\\/#respond\"]}]},{\"@type\":\"WebPage\",\"@id\":\"https:\\\/\\\/www.aclanester56.com\\\/velo\\\/les-juniorsseniors-de-lac-lanester-56-reunis-en-stage\\\/\",\"url\":\"https:\\\/\\\/www.aclanester56.com\\\/velo\\\/les-juniorsseniors-de-lac-lanester-56-reunis-en-stage\\\/\",\"name\":\"Les Juniors\\\/Seniors de l'AC LANESTER 56 r\u00e9unis en stage - Avenir Cycliste Lanester 56\",\"isPartOf\":{\"@id\":\"https:\\\/\\\/www.aclanester56.com\\\/velo\\\/#website\"},\"primaryImageOfPage\":{\"@id\":\"https:\\\/\\\/www.aclanester56.com\\\/velo\\\/les-juniorsseniors-de-lac-lanester-56-reunis-en-stage\\\/#primaryimage\"},\"image\":{\"@id\":\"https:\\\/\\\/www.aclanester56.com\\\/velo\\\/les-juniorsseniors-de-lac-lanester-56-reunis-en-stage\\\/#primaryimage\"},\"thumbnailUrl\":\"https:\\\/\\\/www.aclanester56.com\\\/velo\\\/wp-content\\\/uploads\\\/2014\\\/01\\\/IMG_0224-Copie.jpg\",\"datePublished\":\"2014-01-12T21:40:01+00:00\",\"dateModified\":\"2014-01-18T17:15:13+00:00\",\"inLanguage\":\"fr-FR\",\"potentialAction\":[{\"@type\":\"ReadAction\",\"target\":[\"https:\\\/\\\/www.aclanester56.com\\\/velo\\\/les-juniorsseniors-de-lac-lanester-56-reunis-en-stage\\\/\"]}]},{\"@type\":\"ImageObject\",\"inLanguage\":\"fr-FR\",\"@id\":\"https:\\\/\\\/www.aclanester56.com\\\/velo\\\/les-juniorsseniors-de-lac-lanester-56-reunis-en-stage\\\/#primaryimage\",\"url\":\"https:\\\/\\\/www.aclanester56.com\\\/velo\\\/wp-content\\\/uploads\\\/2014\\\/01\\\/IMG_0224-Copie.jpg\",\"contentUrl\":\"https:\\\/\\\/www.aclanester56.com\\\/velo\\\/wp-content\\\/uploads\\\/2014\\\/01\\\/IMG_0224-Copie.jpg\",\"width\":650,\"height\":300},{\"@type\":\"WebSite\",\"@id\":\"https:\\\/\\\/www.aclanester56.com\\\/velo\\\/#website\",\"url\":\"https:\\\/\\\/www.aclanester56.com\\\/velo\\\/\",\"name\":\"Avenir Cycliste Lanester 56\",\"description\":\"Club cycliste de l&#039;AC LANESTER 56\",\"publisher\":{\"@id\":\"https:\\\/\\\/www.aclanester56.com\\\/velo\\\/#organization\"},\"potentialAction\":[{\"@type\":\"SearchAction\",\"target\":{\"@type\":\"EntryPoint\",\"urlTemplate\":\"https:\\\/\\\/www.aclanester56.com\\\/velo\\\/?s={search_term_string}\"},\"query-input\":{\"@type\":\"PropertyValueSpecification\",\"valueRequired\":true,\"valueName\":\"search_term_string\"}}],\"inLanguage\":\"fr-FR\"},{\"@type\":\"Organization\",\"@id\":\"https:\\\/\\\/www.aclanester56.com\\\/velo\\\/#organization\",\"name\":\"Avenir Cycliste Lanester 56\",\"url\":\"https:\\\/\\\/www.aclanester56.com\\\/velo\\\/\",\"logo\":{\"@type\":\"ImageObject\",\"inLanguage\":\"fr-FR\",\"@id\":\"https:\\\/\\\/www.aclanester56.com\\\/velo\\\/#\\\/schema\\\/logo\\\/image\\\/\",\"url\":\"https:\\\/\\\/www.aclanester56.com\\\/velo\\\/wp-content\\\/uploads\\\/2013\\\/04\\\/logo-ACL.jpg\",\"contentUrl\":\"https:\\\/\\\/www.aclanester56.com\\\/velo\\\/wp-content\\\/uploads\\\/2013\\\/04\\\/logo-ACL.jpg\",\"width\":400,\"height\":334,\"caption\":\"Avenir Cycliste Lanester 56\"},\"image\":{\"@id\":\"https:\\\/\\\/www.aclanester56.com\\\/velo\\\/#\\\/schema\\\/logo\\\/image\\\/\"},\"sameAs\":[\"https:\\\/\\\/www.facebook.com\\\/pages\\\/AC-Lanester-56\\\/190286300991242?fref=ts\"]},{\"@type\":\"Person\",\"@id\":\"https:\\\/\\\/www.aclanester56.com\\\/velo\\\/#\\\/schema\\\/person\\\/ca2a44a5fd969e9dd846c72d3b33bc01\",\"name\":\"Jean-Christophe\",\"url\":\"https:\\\/\\\/www.aclanester56.com\\\/velo\\\/author\\\/jeanchristophe\\\/\"}]}<\/script>\n<!-- \/ Yoast SEO plugin. -->","yoast_head_json":{"title":"Les Juniors\/Seniors de l'AC LANESTER 56 r\u00e9unis en stage - Avenir Cycliste Lanester 56","robots":{"index":"index","follow":"follow","max-snippet":"max-snippet:-1","max-image-preview":"max-image-preview:large","max-video-preview":"max-video-preview:-1"},"canonical":"https:\/\/www.aclanester56.com\/velo\/les-juniorsseniors-de-lac-lanester-56-reunis-en-stage\/","og_locale":"fr_FR","og_type":"article","og_title":"Les Juniors\/Seniors de l'AC LANESTER 56 r\u00e9unis en stage - Avenir Cycliste Lanester 56","og_url":"https:\/\/www.aclanester56.com\/velo\/les-juniorsseniors-de-lac-lanester-56-reunis-en-stage\/","og_site_name":"Avenir Cycliste Lanester 56","article_publisher":"https:\/\/www.facebook.com\/pages\/AC-Lanester-56\/190286300991242?fref=ts","article_published_time":"2014-01-12T21:40:01+00:00","article_modified_time":"2014-01-18T17:15:13+00:00","og_image":[{"width":650,"height":300,"url":"https:\/\/www.aclanester56.com\/velo\/wp-content\/uploads\/2014\/01\/IMG_0224-Copie.jpg","type":"image\/jpeg"}],"author":"Jean-Christophe","twitter_misc":{"\u00c9crit par":"Jean-Christophe","Dur\u00e9e de lecture estim\u00e9e":"2 minutes"},"schema":{"@context":"https:\/\/schema.org","@graph":[{"@type":"Article","@id":"https:\/\/www.aclanester56.com\/velo\/les-juniorsseniors-de-lac-lanester-56-reunis-en-stage\/#article","isPartOf":{"@id":"https:\/\/www.aclanester56.com\/velo\/les-juniorsseniors-de-lac-lanester-56-reunis-en-stage\/"},"author":{"name":"Jean-Christophe","@id":"https:\/\/www.aclanester56.com\/velo\/#\/schema\/person\/ca2a44a5fd969e9dd846c72d3b33bc01"},"headline":"Les Juniors\/Seniors de l&rsquo;AC LANESTER 56 r\u00e9unis en stage","datePublished":"2014-01-12T21:40:01+00:00","dateModified":"2014-01-18T17:15:13+00:00","mainEntityOfPage":{"@id":"https:\/\/www.aclanester56.com\/velo\/les-juniorsseniors-de-lac-lanester-56-reunis-en-stage\/"},"wordCount":430,"commentCount":0,"publisher":{"@id":"https:\/\/www.aclanester56.com\/velo\/#organization"},"image":{"@id":"https:\/\/www.aclanester56.com\/velo\/les-juniorsseniors-de-lac-lanester-56-reunis-en-stage\/#primaryimage"},"thumbnailUrl":"https:\/\/www.aclanester56.com\/velo\/wp-content\/uploads\/2014\/01\/IMG_0224-Copie.jpg","articleSection":["AC LANESTER 56"],"inLanguage":"fr-FR","potentialAction":[{"@type":"CommentAction","name":"Comment","target":["https:\/\/www.aclanester56.com\/velo\/les-juniorsseniors-de-lac-lanester-56-reunis-en-stage\/#respond"]}]},{"@type":"WebPage","@id":"https:\/\/www.aclanester56.com\/velo\/les-juniorsseniors-de-lac-lanester-56-reunis-en-stage\/","url":"https:\/\/www.aclanester56.com\/velo\/les-juniorsseniors-de-lac-lanester-56-reunis-en-stage\/","name":"Les Juniors\/Seniors de l'AC LANESTER 56 r\u00e9unis en stage - Avenir Cycliste Lanester 56","isPartOf":{"@id":"https:\/\/www.aclanester56.com\/velo\/#website"},"primaryImageOfPage":{"@id":"https:\/\/www.aclanester56.com\/velo\/les-juniorsseniors-de-lac-lanester-56-reunis-en-stage\/#primaryimage"},"image":{"@id":"https:\/\/www.aclanester56.com\/velo\/les-juniorsseniors-de-lac-lanester-56-reunis-en-stage\/#primaryimage"},"thumbnailUrl":"https:\/\/www.aclanester56.com\/velo\/wp-content\/uploads\/2014\/01\/IMG_0224-Copie.jpg","datePublished":"2014-01-12T21:40:01+00:00","dateModified":"2014-01-18T17:15:13+00:00","inLanguage":"fr-FR","potentialAction":[{"@type":"ReadAction","target":["https:\/\/www.aclanester56.com\/velo\/les-juniorsseniors-de-lac-lanester-56-reunis-en-stage\/"]}]},{"@type":"ImageObject","inLanguage":"fr-FR","@id":"https:\/\/www.aclanester56.com\/velo\/les-juniorsseniors-de-lac-lanester-56-reunis-en-stage\/#primaryimage","url":"https:\/\/www.aclanester56.com\/velo\/wp-content\/uploads\/2014\/01\/IMG_0224-Copie.jpg","contentUrl":"https:\/\/www.aclanester56.com\/velo\/wp-content\/uploads\/2014\/01\/IMG_0224-Copie.jpg","width":650,"height":300},{"@type":"WebSite","@id":"https:\/\/www.aclanester56.com\/velo\/#website","url":"https:\/\/www.aclanester56.com\/velo\/","name":"Avenir Cycliste Lanester 56","description":"Club cycliste de l&#039;AC LANESTER 56","publisher":{"@id":"https:\/\/www.aclanester56.com\/velo\/#organization"},"potentialAction":[{"@type":"SearchAction","target":{"@type":"EntryPoint","urlTemplate":"https:\/\/www.aclanester56.com\/velo\/?s={search_term_string}"},"query-input":{"@type":"PropertyValueSpecification","valueRequired":true,"valueName":"search_term_string"}}],"inLanguage":"fr-FR"},{"@type":"Organization","@id":"https:\/\/www.aclanester56.com\/velo\/#organization","name":"Avenir Cycliste Lanester 56","url":"https:\/\/www.aclanester56.com\/velo\/","logo":{"@type":"ImageObject","inLanguage":"fr-FR","@id":"https:\/\/www.aclanester56.com\/velo\/#\/schema\/logo\/image\/","url":"https:\/\/www.aclanester56.com\/velo\/wp-content\/uploads\/2013\/04\/logo-ACL.jpg","contentUrl":"https:\/\/www.aclanester56.com\/velo\/wp-content\/uploads\/2013\/04\/logo-ACL.jpg","width":400,"height":334,"caption":"Avenir Cycliste Lanester 56"},"image":{"@id":"https:\/\/www.aclanester56.com\/velo\/#\/schema\/logo\/image\/"},"sameAs":["https:\/\/www.facebook.com\/pages\/AC-Lanester-56\/190286300991242?fref=ts"]},{"@type":"Person","@id":"https:\/\/www.aclanester56.com\/velo\/#\/schema\/person\/ca2a44a5fd969e9dd846c72d3b33bc01","name":"Jean-Christophe","url":"https:\/\/www.aclanester56.com\/velo\/author\/jeanchristophe\/"}]}},"_links":{"self":[{"href":"https:\/\/www.aclanester56.com\/velo\/wp-json\/wp\/v2\/posts\/17071","targetHints":{"allow":["GET"]}}],"collection":[{"href":"https:\/\/www.aclanester56.com\/velo\/wp-json\/wp\/v2\/posts"}],"about":[{"href":"https:\/\/www.aclanester56.com\/velo\/wp-json\/wp\/v2\/types\/post"}],"author":[{"embeddable":true,"href":"https:\/\/www.aclanester56.com\/velo\/wp-json\/wp\/v2\/users\/14"}],"replies":[{"embeddable":true,"href":"https:\/\/www.aclanester56.com\/velo\/wp-json\/wp\/v2\/comments?post=17071"}],"version-history":[{"count":3,"href":"https:\/\/www.aclanester56.com\/velo\/wp-json\/wp\/v2\/posts\/17071\/revisions"}],"predecessor-version":[{"id":17133,"href":"https:\/\/www.aclanester56.com\/velo\/wp-json\/wp\/v2\/posts\/17071\/revisions\/17133"}],"wp:featuredmedia":[{"embeddable":true,"href":"https:\/\/www.aclanester56.com\/velo\/wp-json\/wp\/v2\/media\/17072"}],"wp:attachment":[{"href":"https:\/\/www.aclanester56.com\/velo\/wp-json\/wp\/v2\/media?parent=17071"}],"wp:term":[{"taxonomy":"category","embeddable":true,"href":"https:\/\/www.aclanester56.com\/velo\/wp-json\/wp\/v2\/categories?post=17071"},{"taxonomy":"post_tag","embeddable":true,"href":"https:\/\/www.aclanester56.com\/velo\/wp-json\/wp\/v2\/tags?post=17071"}],"curies":[{"name":"wp","href":"https:\/\/api.w.org\/{rel}","templated":true}]}}