{"id":17109,"date":"2014-01-18T20:11:39","date_gmt":"2014-01-18T18:11:39","guid":{"rendered":"http:\/\/www.aclanester56.com\/velo\/?p=17109"},"modified":"2014-01-18T20:11:39","modified_gmt":"2014-01-18T18:11:39","slug":"warren-barguil-a-signe-sa-licence-2014-a-lac-lanester-56","status":"publish","type":"post","link":"https:\/\/www.aclanester56.com\/velo\/warren-barguil-a-signe-sa-licence-2014-a-lac-lanester-56\/","title":{"rendered":"Warren Barguil a sign\u00e9 sa licence 2014 \u00e0 l&rsquo;AC LANESTER 56 !"},"content":{"rendered":"<p><!--more--><\/p>\n<p style=\"text-align: justify;\">Entre la r\u00e9cente pr\u00e9sentation de son nouveau maillot et de son nouveau sponsor avec l&rsquo;\u00e9quipe GIANT-SHIMANO aux Pays-Bas et son d\u00e9part vers l&rsquo;Espagne demain pour un stage d&rsquo;entrainement, Warren BARGUIL a profit\u00e9 de quelques jours pour revenir aupr\u00e8s de sa famille et renouveler sa licence pour la saison 2014 \u00e0 l&rsquo;AC LANESTER 56. Et oui, m\u00eame les coureurs professionnels doivent avoir une licence prise dans un club FFC afin de pouvoir courir, y-compris sur les courses internationales du World-Tour.<\/p>\n<p style=\"text-align: justify;\">C&rsquo;est le tr\u00e9sorier de l&rsquo;AC LANESTER 56 Jean-Marc HELIOU qui repr\u00e9sentait le pr\u00e9sident Marc ESVAN, lequel n&rsquo;a pu se lib\u00e9rer de ses obligations. Il a accueilli cet apr\u00e8s-midi Warren et son grand sourire au local de l&rsquo;AC LANESTER 56 pour les formalit\u00e9s administratives. Tout le club souhaite \u00e0 son champion de faire une saison 2014 aussi bien sinon mieux qu&rsquo;en 2013, o\u00f9 il est presque inutile de le rappeler, il a brill\u00e9 sur le Tour d&rsquo;Espagne avec deux victoires d&rsquo;\u00e9tapes ! Vous pouvez \u00e9galement retrouver Warren sur son site internet ( <a href=\"http:\/\/www.warrenbarguil.fr\" target=\"_blank\">http:\/\/www.warrenbarguil.fr<\/a>) et nous ne manquerons pas de le suivre tout au long de cette nouvelle ann\u00e9e !<\/p>\n<p style=\"text-align: justify;\">Bonne route Warren !<\/p>\n<p><!-- default-view.php -->\n<div\n\tclass=\"ngg-galleryoverview default-view\n\t ngg-ajax-pagination-none\t\"\n\tid=\"ngg-gallery-6b654ccf58adc9293e6f1297d0f2a6d6-1\"\n\tdata-nextgen-gallery-id=\"162\"\n\tdata-gallery-id=\"162\"\n\t\tdata-gallery-name=\"signature-WB-2014\"\n\t>\n\n\t\t<!-- Thumbnails -->\n\t\t\t\t<div id=\"ngg-image-0\" class=\"ngg-gallery-thumbnail-box\n\t\t\t\t\t\t\t\t\t\t\t\"\n\t\t\t>\n\t\t\t\t\t\t<div class=\"ngg-gallery-thumbnail\">\n\t\t<a href=\"https:\/\/www.aclanester56.com\/velo\/wp-content\/gallery\/signature-wb-2014\/signature-wb-2014-03.jpg?t=1411757521\"\n\t\t\ttitle=\"\"\n\t\t\tdata-src=\"https:\/\/www.aclanester56.com\/velo\/wp-content\/gallery\/signature-wb-2014\/signature-wb-2014-03.jpg?t=1411757521\"\n\t\t\tdata-thumbnail=\"https:\/\/www.aclanester56.com\/velo\/wp-content\/gallery\/signature-wb-2014\/thumbs\/thumbs_signature-wb-2014-03.jpg?t=1411757521\"\n\t\t\tdata-image-id=\"6042\"\n\t\t\tdata-image-name=\"signature-wb-2014-03.jpg\"\n\t\t\tdata-title=\"signature-wb-2014-03\"\n\t\t\tdata-description=\"\"\n\t\t\tdata-image-slug=\"signature-wb-2014-03\"\n\t\t\t\t\t\t\t\t\t\t\t\t\t\t\t\t\t\t\t\tclass=\"ngg-simplelightbox\" rel=\"6b654ccf58adc9293e6f1297d0f2a6d6\">\n\t\t\t\t\t\t\t\t<img\n\t\t\t\t\ttitle=\"signature-wb-2014-03\"\n\t\t\t\t\talt=\"signature-wb-2014-03\"\n\t\t\t\t\tsrc=\"https:\/\/www.aclanester56.com\/velo\/wp-content\/gallery\/signature-wb-2014\/thumbs\/thumbs_signature-wb-2014-03.jpg?t=1411757521\"\n\t\t\t\t\twidth=\"100\"\n\t\t\t\t\theight=\"100\"\n\t\t\t\t\tstyle=\"max-width:100%;\"\n\t\t\t\t\/>\n\t\t\t<\/a>\n\t\t<\/div>\n\t\t\t\t\t\t\t<\/div>\n\t\t\t\n\t\t\t\t<div id=\"ngg-image-1\" class=\"ngg-gallery-thumbnail-box\n\t\t\t\t\t\t\t\t\t\t\t\"\n\t\t\t>\n\t\t\t\t\t\t<div class=\"ngg-gallery-thumbnail\">\n\t\t<a href=\"https:\/\/www.aclanester56.com\/velo\/wp-content\/gallery\/signature-wb-2014\/signature-wb-2014-07.jpg\"\n\t\t\ttitle=\" \"\n\t\t\tdata-src=\"https:\/\/www.aclanester56.com\/velo\/wp-content\/gallery\/signature-wb-2014\/signature-wb-2014-07.jpg\"\n\t\t\tdata-thumbnail=\"https:\/\/www.aclanester56.com\/velo\/wp-content\/gallery\/signature-wb-2014\/thumbs\/thumbs_signature-wb-2014-07.jpg\"\n\t\t\tdata-image-id=\"6041\"\n\t\t\tdata-image-name=\"signature-wb-2014-07.jpg\"\n\t\t\tdata-title=\"signature-wb-2014-07\"\n\t\t\tdata-description=\" \"\n\t\t\tdata-image-slug=\"signature-wb-2014-07\"\n\t\t\t\t\t\t\t\t\t\t\t\t\t\t\t\t\t\t\t\tclass=\"ngg-simplelightbox\" rel=\"6b654ccf58adc9293e6f1297d0f2a6d6\">\n\t\t\t\t\t\t\t\t<img\n\t\t\t\t\ttitle=\"signature-wb-2014-07\"\n\t\t\t\t\talt=\"signature-wb-2014-07\"\n\t\t\t\t\tsrc=\"https:\/\/www.aclanester56.com\/velo\/wp-content\/gallery\/signature-wb-2014\/thumbs\/thumbs_signature-wb-2014-07.jpg\"\n\t\t\t\t\twidth=\"100\"\n\t\t\t\t\theight=\"100\"\n\t\t\t\t\tstyle=\"max-width:100%;\"\n\t\t\t\t\/>\n\t\t\t<\/a>\n\t\t<\/div>\n\t\t\t\t\t\t\t<\/div>\n\t\t\t\n\t\t\t\t<div id=\"ngg-image-2\" class=\"ngg-gallery-thumbnail-box\n\t\t\t\t\t\t\t\t\t\t\t\"\n\t\t\t>\n\t\t\t\t\t\t<div class=\"ngg-gallery-thumbnail\">\n\t\t<a href=\"https:\/\/www.aclanester56.com\/velo\/wp-content\/gallery\/signature-wb-2014\/signature-wb-2014-04.jpg\"\n\t\t\ttitle=\" \"\n\t\t\tdata-src=\"https:\/\/www.aclanester56.com\/velo\/wp-content\/gallery\/signature-wb-2014\/signature-wb-2014-04.jpg\"\n\t\t\tdata-thumbnail=\"https:\/\/www.aclanester56.com\/velo\/wp-content\/gallery\/signature-wb-2014\/thumbs\/thumbs_signature-wb-2014-04.jpg\"\n\t\t\tdata-image-id=\"6043\"\n\t\t\tdata-image-name=\"signature-wb-2014-04.jpg\"\n\t\t\tdata-title=\"signature-wb-2014-04\"\n\t\t\tdata-description=\" \"\n\t\t\tdata-image-slug=\"signature-wb-2014-04\"\n\t\t\t\t\t\t\t\t\t\t\t\t\t\t\t\t\t\t\t\tclass=\"ngg-simplelightbox\" rel=\"6b654ccf58adc9293e6f1297d0f2a6d6\">\n\t\t\t\t\t\t\t\t<img\n\t\t\t\t\ttitle=\"signature-wb-2014-04\"\n\t\t\t\t\talt=\"signature-wb-2014-04\"\n\t\t\t\t\tsrc=\"https:\/\/www.aclanester56.com\/velo\/wp-content\/gallery\/signature-wb-2014\/thumbs\/thumbs_signature-wb-2014-04.jpg\"\n\t\t\t\t\twidth=\"100\"\n\t\t\t\t\theight=\"100\"\n\t\t\t\t\tstyle=\"max-width:100%;\"\n\t\t\t\t\/>\n\t\t\t<\/a>\n\t\t<\/div>\n\t\t\t\t\t\t\t<\/div>\n\t\t\t\n\t\t\t\t<div id=\"ngg-image-3\" class=\"ngg-gallery-thumbnail-box\n\t\t\t\t\t\t\t\t\t\t\t\"\n\t\t\t>\n\t\t\t\t\t\t<div class=\"ngg-gallery-thumbnail\">\n\t\t<a href=\"https:\/\/www.aclanester56.com\/velo\/wp-content\/gallery\/signature-wb-2014\/signature-wb-2014-06.jpg\"\n\t\t\ttitle=\" \"\n\t\t\tdata-src=\"https:\/\/www.aclanester56.com\/velo\/wp-content\/gallery\/signature-wb-2014\/signature-wb-2014-06.jpg\"\n\t\t\tdata-thumbnail=\"https:\/\/www.aclanester56.com\/velo\/wp-content\/gallery\/signature-wb-2014\/thumbs\/thumbs_signature-wb-2014-06.jpg\"\n\t\t\tdata-image-id=\"6040\"\n\t\t\tdata-image-name=\"signature-wb-2014-06.jpg\"\n\t\t\tdata-title=\"signature-wb-2014-06\"\n\t\t\tdata-description=\" \"\n\t\t\tdata-image-slug=\"signature-wb-2014-06\"\n\t\t\t\t\t\t\t\t\t\t\t\t\t\t\t\t\t\t\t\tclass=\"ngg-simplelightbox\" rel=\"6b654ccf58adc9293e6f1297d0f2a6d6\">\n\t\t\t\t\t\t\t\t<img\n\t\t\t\t\ttitle=\"signature-wb-2014-06\"\n\t\t\t\t\talt=\"signature-wb-2014-06\"\n\t\t\t\t\tsrc=\"https:\/\/www.aclanester56.com\/velo\/wp-content\/gallery\/signature-wb-2014\/thumbs\/thumbs_signature-wb-2014-06.jpg\"\n\t\t\t\t\twidth=\"100\"\n\t\t\t\t\theight=\"100\"\n\t\t\t\t\tstyle=\"max-width:100%;\"\n\t\t\t\t\/>\n\t\t\t<\/a>\n\t\t<\/div>\n\t\t\t\t\t\t\t<\/div>\n\t\t\t\n\t\t\t\t<div id=\"ngg-image-4\" class=\"ngg-gallery-thumbnail-box\n\t\t\t\t\t\t\t\t\t\t\t\"\n\t\t\t>\n\t\t\t\t\t\t<div class=\"ngg-gallery-thumbnail\">\n\t\t<a href=\"https:\/\/www.aclanester56.com\/velo\/wp-content\/gallery\/signature-wb-2014\/signature-wb-2014-05.jpg?t=1598818810\"\n\t\t\ttitle=\"\"\n\t\t\tdata-src=\"https:\/\/www.aclanester56.com\/velo\/wp-content\/gallery\/signature-wb-2014\/signature-wb-2014-05.jpg?t=1598818810\"\n\t\t\tdata-thumbnail=\"https:\/\/www.aclanester56.com\/velo\/wp-content\/gallery\/signature-wb-2014\/thumbs\/thumbs_signature-wb-2014-05.jpg?t=1598818810\"\n\t\t\tdata-image-id=\"6039\"\n\t\t\tdata-image-name=\"signature-wb-2014-05.jpg\"\n\t\t\tdata-title=\"signature-wb-2014-05\"\n\t\t\tdata-description=\"\"\n\t\t\tdata-image-slug=\"signature-wb-2014-05\"\n\t\t\t\t\t\t\t\t\t\t\t\t\t\t\t\t\t\t\t\tclass=\"ngg-simplelightbox\" rel=\"6b654ccf58adc9293e6f1297d0f2a6d6\">\n\t\t\t\t\t\t\t\t<img\n\t\t\t\t\ttitle=\"signature-wb-2014-05\"\n\t\t\t\t\talt=\"signature-wb-2014-05\"\n\t\t\t\t\tsrc=\"https:\/\/www.aclanester56.com\/velo\/wp-content\/gallery\/signature-wb-2014\/thumbs\/thumbs_signature-wb-2014-05.jpg?t=1598818810\"\n\t\t\t\t\twidth=\"100\"\n\t\t\t\t\theight=\"100\"\n\t\t\t\t\tstyle=\"max-width:100%;\"\n\t\t\t\t\/>\n\t\t\t<\/a>\n\t\t<\/div>\n\t\t\t\t\t\t\t<\/div>\n\t\t\t\n\t\n\t<br style=\"clear: both\" \/>\n\n\t\n\t\t<div class=\"ngg-clear\"><\/div>\n\t<\/div>\n<\/p>\n<p>&nbsp;<\/p>\n","protected":false},"excerpt":{"rendered":"","protected":false},"author":2,"featured_media":17135,"comment_status":"open","ping_status":"closed","sticky":false,"template":"","format":"standard","meta":{"ngg_post_thumbnail":0,"footnotes":""},"categories":[5],"tags":[],"class_list":["post-17109","post","type-post","status-publish","format-standard","has-post-thumbnail","hentry","category-ac-lanester-56"],"yoast_head":"<!-- This site is optimized with the Yoast SEO plugin v27.5 - https:\/\/yoast.com\/product\/yoast-seo-wordpress\/ -->\n<title>Warren Barguil a sign\u00e9 sa licence 2014 \u00e0 l&#039;AC LANESTER 56 ! - Avenir Cycliste Lanester 56<\/title>\n<meta name=\"robots\" content=\"index, follow, max-snippet:-1, max-image-preview:large, max-video-preview:-1\" \/>\n<link rel=\"canonical\" href=\"https:\/\/www.aclanester56.com\/velo\/warren-barguil-a-signe-sa-licence-2014-a-lac-lanester-56\/\" \/>\n<meta property=\"og:locale\" content=\"fr_FR\" \/>\n<meta property=\"og:type\" content=\"article\" \/>\n<meta property=\"og:title\" content=\"Warren Barguil a sign\u00e9 sa licence 2014 \u00e0 l&#039;AC LANESTER 56 ! - Avenir Cycliste Lanester 56\" \/>\n<meta property=\"og:url\" content=\"https:\/\/www.aclanester56.com\/velo\/warren-barguil-a-signe-sa-licence-2014-a-lac-lanester-56\/\" \/>\n<meta property=\"og:site_name\" content=\"Avenir Cycliste Lanester 56\" \/>\n<meta property=\"article:publisher\" content=\"https:\/\/www.facebook.com\/pages\/AC-Lanester-56\/190286300991242?fref=ts\" \/>\n<meta property=\"article:published_time\" content=\"2014-01-18T18:11:39+00:00\" \/>\n<meta property=\"og:image\" content=\"https:\/\/www.aclanester56.com\/velo\/wp-content\/uploads\/2014\/01\/signature-WB-2014-041.jpg\" \/>\n\t<meta property=\"og:image:width\" content=\"650\" \/>\n\t<meta property=\"og:image:height\" content=\"300\" \/>\n\t<meta property=\"og:image:type\" content=\"image\/jpeg\" \/>\n<meta name=\"author\" content=\"stephane\" \/>\n<meta name=\"twitter:label1\" content=\"\u00c9crit par\" \/>\n\t<meta name=\"twitter:data1\" content=\"stephane\" \/>\n\t<meta name=\"twitter:label2\" content=\"Dur\u00e9e de lecture estim\u00e9e\" \/>\n\t<meta name=\"twitter:data2\" content=\"1 minute\" \/>\n<script type=\"application\/ld+json\" class=\"yoast-schema-graph\">{\"@context\":\"https:\\\/\\\/schema.org\",\"@graph\":[{\"@type\":\"Article\",\"@id\":\"https:\\\/\\\/www.aclanester56.com\\\/velo\\\/warren-barguil-a-signe-sa-licence-2014-a-lac-lanester-56\\\/#article\",\"isPartOf\":{\"@id\":\"https:\\\/\\\/www.aclanester56.com\\\/velo\\\/warren-barguil-a-signe-sa-licence-2014-a-lac-lanester-56\\\/\"},\"author\":{\"name\":\"stephane\",\"@id\":\"https:\\\/\\\/www.aclanester56.com\\\/velo\\\/#\\\/schema\\\/person\\\/c844661e64a578ca46639cb0ae764de6\"},\"headline\":\"Warren Barguil a sign\u00e9 sa licence 2014 \u00e0 l&rsquo;AC LANESTER 56 !\",\"datePublished\":\"2014-01-18T18:11:39+00:00\",\"mainEntityOfPage\":{\"@id\":\"https:\\\/\\\/www.aclanester56.com\\\/velo\\\/warren-barguil-a-signe-sa-licence-2014-a-lac-lanester-56\\\/\"},\"wordCount\":205,\"commentCount\":0,\"publisher\":{\"@id\":\"https:\\\/\\\/www.aclanester56.com\\\/velo\\\/#organization\"},\"image\":{\"@id\":\"https:\\\/\\\/www.aclanester56.com\\\/velo\\\/warren-barguil-a-signe-sa-licence-2014-a-lac-lanester-56\\\/#primaryimage\"},\"thumbnailUrl\":\"https:\\\/\\\/www.aclanester56.com\\\/velo\\\/wp-content\\\/uploads\\\/2014\\\/01\\\/signature-WB-2014-041.jpg\",\"articleSection\":[\"AC LANESTER 56\"],\"inLanguage\":\"fr-FR\",\"potentialAction\":[{\"@type\":\"CommentAction\",\"name\":\"Comment\",\"target\":[\"https:\\\/\\\/www.aclanester56.com\\\/velo\\\/warren-barguil-a-signe-sa-licence-2014-a-lac-lanester-56\\\/#respond\"]}]},{\"@type\":\"WebPage\",\"@id\":\"https:\\\/\\\/www.aclanester56.com\\\/velo\\\/warren-barguil-a-signe-sa-licence-2014-a-lac-lanester-56\\\/\",\"url\":\"https:\\\/\\\/www.aclanester56.com\\\/velo\\\/warren-barguil-a-signe-sa-licence-2014-a-lac-lanester-56\\\/\",\"name\":\"Warren Barguil a sign\u00e9 sa licence 2014 \u00e0 l'AC LANESTER 56 ! - Avenir Cycliste Lanester 56\",\"isPartOf\":{\"@id\":\"https:\\\/\\\/www.aclanester56.com\\\/velo\\\/#website\"},\"primaryImageOfPage\":{\"@id\":\"https:\\\/\\\/www.aclanester56.com\\\/velo\\\/warren-barguil-a-signe-sa-licence-2014-a-lac-lanester-56\\\/#primaryimage\"},\"image\":{\"@id\":\"https:\\\/\\\/www.aclanester56.com\\\/velo\\\/warren-barguil-a-signe-sa-licence-2014-a-lac-lanester-56\\\/#primaryimage\"},\"thumbnailUrl\":\"https:\\\/\\\/www.aclanester56.com\\\/velo\\\/wp-content\\\/uploads\\\/2014\\\/01\\\/signature-WB-2014-041.jpg\",\"datePublished\":\"2014-01-18T18:11:39+00:00\",\"inLanguage\":\"fr-FR\",\"potentialAction\":[{\"@type\":\"ReadAction\",\"target\":[\"https:\\\/\\\/www.aclanester56.com\\\/velo\\\/warren-barguil-a-signe-sa-licence-2014-a-lac-lanester-56\\\/\"]}]},{\"@type\":\"ImageObject\",\"inLanguage\":\"fr-FR\",\"@id\":\"https:\\\/\\\/www.aclanester56.com\\\/velo\\\/warren-barguil-a-signe-sa-licence-2014-a-lac-lanester-56\\\/#primaryimage\",\"url\":\"https:\\\/\\\/www.aclanester56.com\\\/velo\\\/wp-content\\\/uploads\\\/2014\\\/01\\\/signature-WB-2014-041.jpg\",\"contentUrl\":\"https:\\\/\\\/www.aclanester56.com\\\/velo\\\/wp-content\\\/uploads\\\/2014\\\/01\\\/signature-WB-2014-041.jpg\",\"width\":650,\"height\":300},{\"@type\":\"WebSite\",\"@id\":\"https:\\\/\\\/www.aclanester56.com\\\/velo\\\/#website\",\"url\":\"https:\\\/\\\/www.aclanester56.com\\\/velo\\\/\",\"name\":\"Avenir Cycliste Lanester 56\",\"description\":\"Club cycliste de l&#039;AC LANESTER 56\",\"publisher\":{\"@id\":\"https:\\\/\\\/www.aclanester56.com\\\/velo\\\/#organization\"},\"potentialAction\":[{\"@type\":\"SearchAction\",\"target\":{\"@type\":\"EntryPoint\",\"urlTemplate\":\"https:\\\/\\\/www.aclanester56.com\\\/velo\\\/?s={search_term_string}\"},\"query-input\":{\"@type\":\"PropertyValueSpecification\",\"valueRequired\":true,\"valueName\":\"search_term_string\"}}],\"inLanguage\":\"fr-FR\"},{\"@type\":\"Organization\",\"@id\":\"https:\\\/\\\/www.aclanester56.com\\\/velo\\\/#organization\",\"name\":\"Avenir Cycliste Lanester 56\",\"url\":\"https:\\\/\\\/www.aclanester56.com\\\/velo\\\/\",\"logo\":{\"@type\":\"ImageObject\",\"inLanguage\":\"fr-FR\",\"@id\":\"https:\\\/\\\/www.aclanester56.com\\\/velo\\\/#\\\/schema\\\/logo\\\/image\\\/\",\"url\":\"https:\\\/\\\/www.aclanester56.com\\\/velo\\\/wp-content\\\/uploads\\\/2013\\\/04\\\/logo-ACL.jpg\",\"contentUrl\":\"https:\\\/\\\/www.aclanester56.com\\\/velo\\\/wp-content\\\/uploads\\\/2013\\\/04\\\/logo-ACL.jpg\",\"width\":400,\"height\":334,\"caption\":\"Avenir Cycliste Lanester 56\"},\"image\":{\"@id\":\"https:\\\/\\\/www.aclanester56.com\\\/velo\\\/#\\\/schema\\\/logo\\\/image\\\/\"},\"sameAs\":[\"https:\\\/\\\/www.facebook.com\\\/pages\\\/AC-Lanester-56\\\/190286300991242?fref=ts\"]},{\"@type\":\"Person\",\"@id\":\"https:\\\/\\\/www.aclanester56.com\\\/velo\\\/#\\\/schema\\\/person\\\/c844661e64a578ca46639cb0ae764de6\",\"name\":\"stephane\",\"url\":\"https:\\\/\\\/www.aclanester56.com\\\/velo\\\/author\\\/stephane\\\/\"}]}<\/script>\n<!-- \/ Yoast SEO plugin. -->","yoast_head_json":{"title":"Warren Barguil a sign\u00e9 sa licence 2014 \u00e0 l'AC LANESTER 56 ! - Avenir Cycliste Lanester 56","robots":{"index":"index","follow":"follow","max-snippet":"max-snippet:-1","max-image-preview":"max-image-preview:large","max-video-preview":"max-video-preview:-1"},"canonical":"https:\/\/www.aclanester56.com\/velo\/warren-barguil-a-signe-sa-licence-2014-a-lac-lanester-56\/","og_locale":"fr_FR","og_type":"article","og_title":"Warren Barguil a sign\u00e9 sa licence 2014 \u00e0 l'AC LANESTER 56 ! - Avenir Cycliste Lanester 56","og_url":"https:\/\/www.aclanester56.com\/velo\/warren-barguil-a-signe-sa-licence-2014-a-lac-lanester-56\/","og_site_name":"Avenir Cycliste Lanester 56","article_publisher":"https:\/\/www.facebook.com\/pages\/AC-Lanester-56\/190286300991242?fref=ts","article_published_time":"2014-01-18T18:11:39+00:00","og_image":[{"width":650,"height":300,"url":"https:\/\/www.aclanester56.com\/velo\/wp-content\/uploads\/2014\/01\/signature-WB-2014-041.jpg","type":"image\/jpeg"}],"author":"stephane","twitter_misc":{"\u00c9crit par":"stephane","Dur\u00e9e de lecture estim\u00e9e":"1 minute"},"schema":{"@context":"https:\/\/schema.org","@graph":[{"@type":"Article","@id":"https:\/\/www.aclanester56.com\/velo\/warren-barguil-a-signe-sa-licence-2014-a-lac-lanester-56\/#article","isPartOf":{"@id":"https:\/\/www.aclanester56.com\/velo\/warren-barguil-a-signe-sa-licence-2014-a-lac-lanester-56\/"},"author":{"name":"stephane","@id":"https:\/\/www.aclanester56.com\/velo\/#\/schema\/person\/c844661e64a578ca46639cb0ae764de6"},"headline":"Warren Barguil a sign\u00e9 sa licence 2014 \u00e0 l&rsquo;AC LANESTER 56 !","datePublished":"2014-01-18T18:11:39+00:00","mainEntityOfPage":{"@id":"https:\/\/www.aclanester56.com\/velo\/warren-barguil-a-signe-sa-licence-2014-a-lac-lanester-56\/"},"wordCount":205,"commentCount":0,"publisher":{"@id":"https:\/\/www.aclanester56.com\/velo\/#organization"},"image":{"@id":"https:\/\/www.aclanester56.com\/velo\/warren-barguil-a-signe-sa-licence-2014-a-lac-lanester-56\/#primaryimage"},"thumbnailUrl":"https:\/\/www.aclanester56.com\/velo\/wp-content\/uploads\/2014\/01\/signature-WB-2014-041.jpg","articleSection":["AC LANESTER 56"],"inLanguage":"fr-FR","potentialAction":[{"@type":"CommentAction","name":"Comment","target":["https:\/\/www.aclanester56.com\/velo\/warren-barguil-a-signe-sa-licence-2014-a-lac-lanester-56\/#respond"]}]},{"@type":"WebPage","@id":"https:\/\/www.aclanester56.com\/velo\/warren-barguil-a-signe-sa-licence-2014-a-lac-lanester-56\/","url":"https:\/\/www.aclanester56.com\/velo\/warren-barguil-a-signe-sa-licence-2014-a-lac-lanester-56\/","name":"Warren Barguil a sign\u00e9 sa licence 2014 \u00e0 l'AC LANESTER 56 ! - Avenir Cycliste Lanester 56","isPartOf":{"@id":"https:\/\/www.aclanester56.com\/velo\/#website"},"primaryImageOfPage":{"@id":"https:\/\/www.aclanester56.com\/velo\/warren-barguil-a-signe-sa-licence-2014-a-lac-lanester-56\/#primaryimage"},"image":{"@id":"https:\/\/www.aclanester56.com\/velo\/warren-barguil-a-signe-sa-licence-2014-a-lac-lanester-56\/#primaryimage"},"thumbnailUrl":"https:\/\/www.aclanester56.com\/velo\/wp-content\/uploads\/2014\/01\/signature-WB-2014-041.jpg","datePublished":"2014-01-18T18:11:39+00:00","inLanguage":"fr-FR","potentialAction":[{"@type":"ReadAction","target":["https:\/\/www.aclanester56.com\/velo\/warren-barguil-a-signe-sa-licence-2014-a-lac-lanester-56\/"]}]},{"@type":"ImageObject","inLanguage":"fr-FR","@id":"https:\/\/www.aclanester56.com\/velo\/warren-barguil-a-signe-sa-licence-2014-a-lac-lanester-56\/#primaryimage","url":"https:\/\/www.aclanester56.com\/velo\/wp-content\/uploads\/2014\/01\/signature-WB-2014-041.jpg","contentUrl":"https:\/\/www.aclanester56.com\/velo\/wp-content\/uploads\/2014\/01\/signature-WB-2014-041.jpg","width":650,"height":300},{"@type":"WebSite","@id":"https:\/\/www.aclanester56.com\/velo\/#website","url":"https:\/\/www.aclanester56.com\/velo\/","name":"Avenir Cycliste Lanester 56","description":"Club cycliste de l&#039;AC LANESTER 56","publisher":{"@id":"https:\/\/www.aclanester56.com\/velo\/#organization"},"potentialAction":[{"@type":"SearchAction","target":{"@type":"EntryPoint","urlTemplate":"https:\/\/www.aclanester56.com\/velo\/?s={search_term_string}"},"query-input":{"@type":"PropertyValueSpecification","valueRequired":true,"valueName":"search_term_string"}}],"inLanguage":"fr-FR"},{"@type":"Organization","@id":"https:\/\/www.aclanester56.com\/velo\/#organization","name":"Avenir Cycliste Lanester 56","url":"https:\/\/www.aclanester56.com\/velo\/","logo":{"@type":"ImageObject","inLanguage":"fr-FR","@id":"https:\/\/www.aclanester56.com\/velo\/#\/schema\/logo\/image\/","url":"https:\/\/www.aclanester56.com\/velo\/wp-content\/uploads\/2013\/04\/logo-ACL.jpg","contentUrl":"https:\/\/www.aclanester56.com\/velo\/wp-content\/uploads\/2013\/04\/logo-ACL.jpg","width":400,"height":334,"caption":"Avenir Cycliste Lanester 56"},"image":{"@id":"https:\/\/www.aclanester56.com\/velo\/#\/schema\/logo\/image\/"},"sameAs":["https:\/\/www.facebook.com\/pages\/AC-Lanester-56\/190286300991242?fref=ts"]},{"@type":"Person","@id":"https:\/\/www.aclanester56.com\/velo\/#\/schema\/person\/c844661e64a578ca46639cb0ae764de6","name":"stephane","url":"https:\/\/www.aclanester56.com\/velo\/author\/stephane\/"}]}},"_links":{"self":[{"href":"https:\/\/www.aclanester56.com\/velo\/wp-json\/wp\/v2\/posts\/17109","targetHints":{"allow":["GET"]}}],"collection":[{"href":"https:\/\/www.aclanester56.com\/velo\/wp-json\/wp\/v2\/posts"}],"about":[{"href":"https:\/\/www.aclanester56.com\/velo\/wp-json\/wp\/v2\/types\/post"}],"author":[{"embeddable":true,"href":"https:\/\/www.aclanester56.com\/velo\/wp-json\/wp\/v2\/users\/2"}],"replies":[{"embeddable":true,"href":"https:\/\/www.aclanester56.com\/velo\/wp-json\/wp\/v2\/comments?post=17109"}],"version-history":[{"count":3,"href":"https:\/\/www.aclanester56.com\/velo\/wp-json\/wp\/v2\/posts\/17109\/revisions"}],"predecessor-version":[{"id":17136,"href":"https:\/\/www.aclanester56.com\/velo\/wp-json\/wp\/v2\/posts\/17109\/revisions\/17136"}],"wp:featuredmedia":[{"embeddable":true,"href":"https:\/\/www.aclanester56.com\/velo\/wp-json\/wp\/v2\/media\/17135"}],"wp:attachment":[{"href":"https:\/\/www.aclanester56.com\/velo\/wp-json\/wp\/v2\/media?parent=17109"}],"wp:term":[{"taxonomy":"category","embeddable":true,"href":"https:\/\/www.aclanester56.com\/velo\/wp-json\/wp\/v2\/categories?post=17109"},{"taxonomy":"post_tag","embeddable":true,"href":"https:\/\/www.aclanester56.com\/velo\/wp-json\/wp\/v2\/tags?post=17109"}],"curies":[{"name":"wp","href":"https:\/\/api.w.org\/{rel}","templated":true}]}}