{"id":17144,"date":"2014-01-21T21:16:32","date_gmt":"2014-01-21T19:16:32","guid":{"rendered":"http:\/\/www.aclanester56.com\/velo\/?p=17144"},"modified":"2014-01-21T21:20:56","modified_gmt":"2014-01-21T19:20:56","slug":"trois-juniors-lanesteriens-en-stage-avec-le-cd-56","status":"publish","type":"post","link":"https:\/\/www.aclanester56.com\/velo\/trois-juniors-lanesteriens-en-stage-avec-le-cd-56\/","title":{"rendered":"Trois Juniors lanest\u00e9riens en stage avec le CD 56"},"content":{"rendered":"<div style=\"text-align: justify;\">Dimanche dernier, trois coureurs de l&rsquo;AC LANESTER 56 (Loic LE BARBIER, Thibault MORVAN et Nicolas PRIMAS) participaient au stage du Comit\u00e9 du Morbihan \u00e0 Vannes. Lors de ce stage, tous les coureurs ont re\u00e7u la visite du pr\u00e9sident du Comit\u00e9 du Morbihan, J\u00e9r\u00f4me LAPPARTIENT. Il est venu les f\u00e9liciter pour leur s\u00e9lection au sein de l&rsquo;\u00e9quipe Junior du CD 56. Il a profit\u00e9 de ce stage pour pr\u00e9senter le comit\u00e9 et les membres de l&rsquo;encadrement.\u00a0<\/div>\n<div style=\"text-align: justify;\">\u00a0<\/div>\n<div style=\"text-align: justify;\">Apr\u00e8s avoir partag\u00e9 un repas tous ensemble, les coureurs sont partis pour une s\u00e9ance d&rsquo;entra\u00eenement sur route, o\u00f9 un travail technique a \u00e9t\u00e9 r\u00e9alis\u00e9.\u00a0A l&rsquo;issue de la sortie, le CTD Olivier BOUNIOU leur a donn\u00e9 plusieurs conseils sur la technicit\u00e9.<\/div>\n<div style=\"text-align: justify;\">\u00a0<\/div>\n<div style=\"text-align: justify;\">Le CTS de l&rsquo;AC LANESTER 56 J\u00e9r\u00f4me BELDENT, r\u00e9cent diplom\u00e9 d&rsquo;\u00e9tat et nouveau salari\u00e9 au club, \u00e9tait pr\u00e9sent durant ce stage et a \u00e9t\u00e9 f\u00e9licit\u00e9 par J\u00e9r\u00f4me LAPPARTIENT, lequel s&rsquo;est \u00e9galement r\u00e9joui de la capacit\u00e9 du club \u00e0 assumer un salari\u00e9.\u00a0Les Juniors de l&rsquo;AC LANESTER 56 seront de nouveau en stage avec le Comit\u00e9 du Morbihan le week-end du 7 et 8 f\u00e9vrier prochain. \u00a0<\/div>\n<div style=\"text-align: justify;\">\u00a0<\/div>\n<div style=\"text-align: justify;\"><!-- default-view.php -->\n<div\n\tclass=\"ngg-galleryoverview default-view\n\t ngg-ajax-pagination-none\t\"\n\tid=\"ngg-gallery-e950b3240b2cc4734fbe215f3d2483dd-1\"\n\tdata-nextgen-gallery-id=\"163\"\n\tdata-gallery-id=\"163\"\n\t\tdata-gallery-name=\"Stage CD 56\"\n\t>\n\n\t\t<!-- Thumbnails -->\n\t\t\t\t<div id=\"ngg-image-0\" class=\"ngg-gallery-thumbnail-box\n\t\t\t\t\t\t\t\t\t\t\t\"\n\t\t\t>\n\t\t\t\t\t\t<div class=\"ngg-gallery-thumbnail\">\n\t\t<a href=\"https:\/\/www.aclanester56.com\/velo\/wp-content\/gallery\/stage-cd-56\/dsc_0127.jpg?t=1598818808\"\n\t\t\ttitle=\"\"\n\t\t\tdata-src=\"https:\/\/www.aclanester56.com\/velo\/wp-content\/gallery\/stage-cd-56\/dsc_0127.jpg?t=1598818808\"\n\t\t\tdata-thumbnail=\"https:\/\/www.aclanester56.com\/velo\/wp-content\/gallery\/stage-cd-56\/thumbs\/thumbs_dsc_0127.jpg?t=1598818808\"\n\t\t\tdata-image-id=\"6044\"\n\t\t\tdata-image-name=\"dsc_0127.jpg\"\n\t\t\tdata-title=\"dsc_0127\"\n\t\t\tdata-description=\"\"\n\t\t\tdata-image-slug=\"dsc_0127\"\n\t\t\t\t\t\t\t\t\t\t\t\t\t\t\t\t\t\t\t\tclass=\"ngg-simplelightbox\" rel=\"e950b3240b2cc4734fbe215f3d2483dd\">\n\t\t\t\t\t\t\t\t<img\n\t\t\t\t\ttitle=\"dsc_0127\"\n\t\t\t\t\talt=\"dsc_0127\"\n\t\t\t\t\tsrc=\"https:\/\/www.aclanester56.com\/velo\/wp-content\/gallery\/stage-cd-56\/thumbs\/thumbs_dsc_0127.jpg?t=1598818808\"\n\t\t\t\t\twidth=\"100\"\n\t\t\t\t\theight=\"100\"\n\t\t\t\t\tstyle=\"max-width:100%;\"\n\t\t\t\t\/>\n\t\t\t<\/a>\n\t\t<\/div>\n\t\t\t\t\t\t\t<\/div>\n\t\t\t\n\t\t\t\t<div id=\"ngg-image-1\" class=\"ngg-gallery-thumbnail-box\n\t\t\t\t\t\t\t\t\t\t\t\"\n\t\t\t>\n\t\t\t\t\t\t<div class=\"ngg-gallery-thumbnail\">\n\t\t<a href=\"https:\/\/www.aclanester56.com\/velo\/wp-content\/gallery\/stage-cd-56\/dsc_0129.jpg\"\n\t\t\ttitle=\" \"\n\t\t\tdata-src=\"https:\/\/www.aclanester56.com\/velo\/wp-content\/gallery\/stage-cd-56\/dsc_0129.jpg\"\n\t\t\tdata-thumbnail=\"https:\/\/www.aclanester56.com\/velo\/wp-content\/gallery\/stage-cd-56\/thumbs\/thumbs_dsc_0129.jpg\"\n\t\t\tdata-image-id=\"6045\"\n\t\t\tdata-image-name=\"dsc_0129.jpg\"\n\t\t\tdata-title=\"dsc_0129\"\n\t\t\tdata-description=\" \"\n\t\t\tdata-image-slug=\"dsc_0129\"\n\t\t\t\t\t\t\t\t\t\t\t\t\t\t\t\t\t\t\t\tclass=\"ngg-simplelightbox\" rel=\"e950b3240b2cc4734fbe215f3d2483dd\">\n\t\t\t\t\t\t\t\t<img\n\t\t\t\t\ttitle=\"dsc_0129\"\n\t\t\t\t\talt=\"dsc_0129\"\n\t\t\t\t\tsrc=\"https:\/\/www.aclanester56.com\/velo\/wp-content\/gallery\/stage-cd-56\/thumbs\/thumbs_dsc_0129.jpg\"\n\t\t\t\t\twidth=\"100\"\n\t\t\t\t\theight=\"100\"\n\t\t\t\t\tstyle=\"max-width:100%;\"\n\t\t\t\t\/>\n\t\t\t<\/a>\n\t\t<\/div>\n\t\t\t\t\t\t\t<\/div>\n\t\t\t\n\t\t\t\t<div id=\"ngg-image-2\" class=\"ngg-gallery-thumbnail-box\n\t\t\t\t\t\t\t\t\t\t\t\"\n\t\t\t>\n\t\t\t\t\t\t<div class=\"ngg-gallery-thumbnail\">\n\t\t<a href=\"https:\/\/www.aclanester56.com\/velo\/wp-content\/gallery\/stage-cd-56\/dsc_0136.jpg\"\n\t\t\ttitle=\" \"\n\t\t\tdata-src=\"https:\/\/www.aclanester56.com\/velo\/wp-content\/gallery\/stage-cd-56\/dsc_0136.jpg\"\n\t\t\tdata-thumbnail=\"https:\/\/www.aclanester56.com\/velo\/wp-content\/gallery\/stage-cd-56\/thumbs\/thumbs_dsc_0136.jpg\"\n\t\t\tdata-image-id=\"6046\"\n\t\t\tdata-image-name=\"dsc_0136.jpg\"\n\t\t\tdata-title=\"dsc_0136\"\n\t\t\tdata-description=\" \"\n\t\t\tdata-image-slug=\"dsc_0136\"\n\t\t\t\t\t\t\t\t\t\t\t\t\t\t\t\t\t\t\t\tclass=\"ngg-simplelightbox\" rel=\"e950b3240b2cc4734fbe215f3d2483dd\">\n\t\t\t\t\t\t\t\t<img\n\t\t\t\t\ttitle=\"dsc_0136\"\n\t\t\t\t\talt=\"dsc_0136\"\n\t\t\t\t\tsrc=\"https:\/\/www.aclanester56.com\/velo\/wp-content\/gallery\/stage-cd-56\/thumbs\/thumbs_dsc_0136.jpg\"\n\t\t\t\t\twidth=\"100\"\n\t\t\t\t\theight=\"100\"\n\t\t\t\t\tstyle=\"max-width:100%;\"\n\t\t\t\t\/>\n\t\t\t<\/a>\n\t\t<\/div>\n\t\t\t\t\t\t\t<\/div>\n\t\t\t\n\t\n\t<br style=\"clear: both\" \/>\n\n\t\n\t\t<div class=\"ngg-clear\"><\/div>\n\t<\/div>\n<\/div>\n","protected":false},"excerpt":{"rendered":"<p>Dimanche dernier, trois coureurs de l&rsquo;AC LANESTER 56 (Loic LE BARBIER, Thibault MORVAN et Nicolas PRIMAS) participaient au stage du [&hellip;]<\/p>\n","protected":false},"author":14,"featured_media":17145,"comment_status":"open","ping_status":"closed","sticky":false,"template":"","format":"standard","meta":{"ngg_post_thumbnail":0,"footnotes":""},"categories":[5],"tags":[],"class_list":["post-17144","post","type-post","status-publish","format-standard","has-post-thumbnail","hentry","category-ac-lanester-56"],"yoast_head":"<!-- This site is optimized with the Yoast SEO plugin v27.5 - https:\/\/yoast.com\/product\/yoast-seo-wordpress\/ -->\n<title>Trois Juniors lanest\u00e9riens en stage avec le CD 56 - Avenir Cycliste Lanester 56<\/title>\n<meta name=\"robots\" content=\"index, follow, max-snippet:-1, max-image-preview:large, max-video-preview:-1\" \/>\n<link rel=\"canonical\" href=\"https:\/\/www.aclanester56.com\/velo\/trois-juniors-lanesteriens-en-stage-avec-le-cd-56\/\" \/>\n<meta property=\"og:locale\" content=\"fr_FR\" \/>\n<meta property=\"og:type\" content=\"article\" \/>\n<meta property=\"og:title\" content=\"Trois Juniors lanest\u00e9riens en stage avec le CD 56 - Avenir Cycliste Lanester 56\" \/>\n<meta property=\"og:description\" content=\"Dimanche dernier, trois coureurs de l&rsquo;AC LANESTER 56 (Loic LE BARBIER, Thibault MORVAN et Nicolas PRIMAS) participaient au stage du [&hellip;]\" \/>\n<meta property=\"og:url\" content=\"https:\/\/www.aclanester56.com\/velo\/trois-juniors-lanesteriens-en-stage-avec-le-cd-56\/\" \/>\n<meta property=\"og:site_name\" content=\"Avenir Cycliste Lanester 56\" \/>\n<meta property=\"article:publisher\" content=\"https:\/\/www.facebook.com\/pages\/AC-Lanester-56\/190286300991242?fref=ts\" \/>\n<meta property=\"article:published_time\" content=\"2014-01-21T19:16:32+00:00\" \/>\n<meta property=\"article:modified_time\" content=\"2014-01-21T19:20:56+00:00\" \/>\n<meta property=\"og:image\" content=\"https:\/\/www.aclanester56.com\/velo\/wp-content\/uploads\/2014\/01\/DSC_0136-Copie.jpg\" \/>\n\t<meta property=\"og:image:width\" content=\"650\" \/>\n\t<meta property=\"og:image:height\" content=\"300\" \/>\n\t<meta property=\"og:image:type\" content=\"image\/jpeg\" \/>\n<meta name=\"author\" content=\"Jean-Christophe\" \/>\n<meta name=\"twitter:label1\" content=\"\u00c9crit par\" \/>\n\t<meta name=\"twitter:data1\" content=\"Jean-Christophe\" \/>\n\t<meta name=\"twitter:label2\" content=\"Dur\u00e9e de lecture estim\u00e9e\" \/>\n\t<meta name=\"twitter:data2\" content=\"1 minute\" \/>\n<script type=\"application\/ld+json\" class=\"yoast-schema-graph\">{\"@context\":\"https:\\\/\\\/schema.org\",\"@graph\":[{\"@type\":\"Article\",\"@id\":\"https:\\\/\\\/www.aclanester56.com\\\/velo\\\/trois-juniors-lanesteriens-en-stage-avec-le-cd-56\\\/#article\",\"isPartOf\":{\"@id\":\"https:\\\/\\\/www.aclanester56.com\\\/velo\\\/trois-juniors-lanesteriens-en-stage-avec-le-cd-56\\\/\"},\"author\":{\"name\":\"Jean-Christophe\",\"@id\":\"https:\\\/\\\/www.aclanester56.com\\\/velo\\\/#\\\/schema\\\/person\\\/ca2a44a5fd969e9dd846c72d3b33bc01\"},\"headline\":\"Trois Juniors lanest\u00e9riens en stage avec le CD 56\",\"datePublished\":\"2014-01-21T19:16:32+00:00\",\"dateModified\":\"2014-01-21T19:20:56+00:00\",\"mainEntityOfPage\":{\"@id\":\"https:\\\/\\\/www.aclanester56.com\\\/velo\\\/trois-juniors-lanesteriens-en-stage-avec-le-cd-56\\\/\"},\"wordCount\":204,\"commentCount\":0,\"publisher\":{\"@id\":\"https:\\\/\\\/www.aclanester56.com\\\/velo\\\/#organization\"},\"image\":{\"@id\":\"https:\\\/\\\/www.aclanester56.com\\\/velo\\\/trois-juniors-lanesteriens-en-stage-avec-le-cd-56\\\/#primaryimage\"},\"thumbnailUrl\":\"https:\\\/\\\/www.aclanester56.com\\\/velo\\\/wp-content\\\/uploads\\\/2014\\\/01\\\/DSC_0136-Copie.jpg\",\"articleSection\":[\"AC LANESTER 56\"],\"inLanguage\":\"fr-FR\",\"potentialAction\":[{\"@type\":\"CommentAction\",\"name\":\"Comment\",\"target\":[\"https:\\\/\\\/www.aclanester56.com\\\/velo\\\/trois-juniors-lanesteriens-en-stage-avec-le-cd-56\\\/#respond\"]}]},{\"@type\":\"WebPage\",\"@id\":\"https:\\\/\\\/www.aclanester56.com\\\/velo\\\/trois-juniors-lanesteriens-en-stage-avec-le-cd-56\\\/\",\"url\":\"https:\\\/\\\/www.aclanester56.com\\\/velo\\\/trois-juniors-lanesteriens-en-stage-avec-le-cd-56\\\/\",\"name\":\"Trois Juniors lanest\u00e9riens en stage avec le CD 56 - Avenir Cycliste Lanester 56\",\"isPartOf\":{\"@id\":\"https:\\\/\\\/www.aclanester56.com\\\/velo\\\/#website\"},\"primaryImageOfPage\":{\"@id\":\"https:\\\/\\\/www.aclanester56.com\\\/velo\\\/trois-juniors-lanesteriens-en-stage-avec-le-cd-56\\\/#primaryimage\"},\"image\":{\"@id\":\"https:\\\/\\\/www.aclanester56.com\\\/velo\\\/trois-juniors-lanesteriens-en-stage-avec-le-cd-56\\\/#primaryimage\"},\"thumbnailUrl\":\"https:\\\/\\\/www.aclanester56.com\\\/velo\\\/wp-content\\\/uploads\\\/2014\\\/01\\\/DSC_0136-Copie.jpg\",\"datePublished\":\"2014-01-21T19:16:32+00:00\",\"dateModified\":\"2014-01-21T19:20:56+00:00\",\"inLanguage\":\"fr-FR\",\"potentialAction\":[{\"@type\":\"ReadAction\",\"target\":[\"https:\\\/\\\/www.aclanester56.com\\\/velo\\\/trois-juniors-lanesteriens-en-stage-avec-le-cd-56\\\/\"]}]},{\"@type\":\"ImageObject\",\"inLanguage\":\"fr-FR\",\"@id\":\"https:\\\/\\\/www.aclanester56.com\\\/velo\\\/trois-juniors-lanesteriens-en-stage-avec-le-cd-56\\\/#primaryimage\",\"url\":\"https:\\\/\\\/www.aclanester56.com\\\/velo\\\/wp-content\\\/uploads\\\/2014\\\/01\\\/DSC_0136-Copie.jpg\",\"contentUrl\":\"https:\\\/\\\/www.aclanester56.com\\\/velo\\\/wp-content\\\/uploads\\\/2014\\\/01\\\/DSC_0136-Copie.jpg\",\"width\":650,\"height\":300},{\"@type\":\"WebSite\",\"@id\":\"https:\\\/\\\/www.aclanester56.com\\\/velo\\\/#website\",\"url\":\"https:\\\/\\\/www.aclanester56.com\\\/velo\\\/\",\"name\":\"Avenir Cycliste Lanester 56\",\"description\":\"Club cycliste de l&#039;AC LANESTER 56\",\"publisher\":{\"@id\":\"https:\\\/\\\/www.aclanester56.com\\\/velo\\\/#organization\"},\"potentialAction\":[{\"@type\":\"SearchAction\",\"target\":{\"@type\":\"EntryPoint\",\"urlTemplate\":\"https:\\\/\\\/www.aclanester56.com\\\/velo\\\/?s={search_term_string}\"},\"query-input\":{\"@type\":\"PropertyValueSpecification\",\"valueRequired\":true,\"valueName\":\"search_term_string\"}}],\"inLanguage\":\"fr-FR\"},{\"@type\":\"Organization\",\"@id\":\"https:\\\/\\\/www.aclanester56.com\\\/velo\\\/#organization\",\"name\":\"Avenir Cycliste Lanester 56\",\"url\":\"https:\\\/\\\/www.aclanester56.com\\\/velo\\\/\",\"logo\":{\"@type\":\"ImageObject\",\"inLanguage\":\"fr-FR\",\"@id\":\"https:\\\/\\\/www.aclanester56.com\\\/velo\\\/#\\\/schema\\\/logo\\\/image\\\/\",\"url\":\"https:\\\/\\\/www.aclanester56.com\\\/velo\\\/wp-content\\\/uploads\\\/2013\\\/04\\\/logo-ACL.jpg\",\"contentUrl\":\"https:\\\/\\\/www.aclanester56.com\\\/velo\\\/wp-content\\\/uploads\\\/2013\\\/04\\\/logo-ACL.jpg\",\"width\":400,\"height\":334,\"caption\":\"Avenir Cycliste Lanester 56\"},\"image\":{\"@id\":\"https:\\\/\\\/www.aclanester56.com\\\/velo\\\/#\\\/schema\\\/logo\\\/image\\\/\"},\"sameAs\":[\"https:\\\/\\\/www.facebook.com\\\/pages\\\/AC-Lanester-56\\\/190286300991242?fref=ts\"]},{\"@type\":\"Person\",\"@id\":\"https:\\\/\\\/www.aclanester56.com\\\/velo\\\/#\\\/schema\\\/person\\\/ca2a44a5fd969e9dd846c72d3b33bc01\",\"name\":\"Jean-Christophe\",\"url\":\"https:\\\/\\\/www.aclanester56.com\\\/velo\\\/author\\\/jeanchristophe\\\/\"}]}<\/script>\n<!-- \/ Yoast SEO plugin. -->","yoast_head_json":{"title":"Trois Juniors lanest\u00e9riens en stage avec le CD 56 - Avenir Cycliste Lanester 56","robots":{"index":"index","follow":"follow","max-snippet":"max-snippet:-1","max-image-preview":"max-image-preview:large","max-video-preview":"max-video-preview:-1"},"canonical":"https:\/\/www.aclanester56.com\/velo\/trois-juniors-lanesteriens-en-stage-avec-le-cd-56\/","og_locale":"fr_FR","og_type":"article","og_title":"Trois Juniors lanest\u00e9riens en stage avec le CD 56 - Avenir Cycliste Lanester 56","og_description":"Dimanche dernier, trois coureurs de l&rsquo;AC LANESTER 56 (Loic LE BARBIER, Thibault MORVAN et Nicolas PRIMAS) participaient au stage du [&hellip;]","og_url":"https:\/\/www.aclanester56.com\/velo\/trois-juniors-lanesteriens-en-stage-avec-le-cd-56\/","og_site_name":"Avenir Cycliste Lanester 56","article_publisher":"https:\/\/www.facebook.com\/pages\/AC-Lanester-56\/190286300991242?fref=ts","article_published_time":"2014-01-21T19:16:32+00:00","article_modified_time":"2014-01-21T19:20:56+00:00","og_image":[{"width":650,"height":300,"url":"https:\/\/www.aclanester56.com\/velo\/wp-content\/uploads\/2014\/01\/DSC_0136-Copie.jpg","type":"image\/jpeg"}],"author":"Jean-Christophe","twitter_misc":{"\u00c9crit par":"Jean-Christophe","Dur\u00e9e de lecture estim\u00e9e":"1 minute"},"schema":{"@context":"https:\/\/schema.org","@graph":[{"@type":"Article","@id":"https:\/\/www.aclanester56.com\/velo\/trois-juniors-lanesteriens-en-stage-avec-le-cd-56\/#article","isPartOf":{"@id":"https:\/\/www.aclanester56.com\/velo\/trois-juniors-lanesteriens-en-stage-avec-le-cd-56\/"},"author":{"name":"Jean-Christophe","@id":"https:\/\/www.aclanester56.com\/velo\/#\/schema\/person\/ca2a44a5fd969e9dd846c72d3b33bc01"},"headline":"Trois Juniors lanest\u00e9riens en stage avec le CD 56","datePublished":"2014-01-21T19:16:32+00:00","dateModified":"2014-01-21T19:20:56+00:00","mainEntityOfPage":{"@id":"https:\/\/www.aclanester56.com\/velo\/trois-juniors-lanesteriens-en-stage-avec-le-cd-56\/"},"wordCount":204,"commentCount":0,"publisher":{"@id":"https:\/\/www.aclanester56.com\/velo\/#organization"},"image":{"@id":"https:\/\/www.aclanester56.com\/velo\/trois-juniors-lanesteriens-en-stage-avec-le-cd-56\/#primaryimage"},"thumbnailUrl":"https:\/\/www.aclanester56.com\/velo\/wp-content\/uploads\/2014\/01\/DSC_0136-Copie.jpg","articleSection":["AC LANESTER 56"],"inLanguage":"fr-FR","potentialAction":[{"@type":"CommentAction","name":"Comment","target":["https:\/\/www.aclanester56.com\/velo\/trois-juniors-lanesteriens-en-stage-avec-le-cd-56\/#respond"]}]},{"@type":"WebPage","@id":"https:\/\/www.aclanester56.com\/velo\/trois-juniors-lanesteriens-en-stage-avec-le-cd-56\/","url":"https:\/\/www.aclanester56.com\/velo\/trois-juniors-lanesteriens-en-stage-avec-le-cd-56\/","name":"Trois Juniors lanest\u00e9riens en stage avec le CD 56 - Avenir Cycliste Lanester 56","isPartOf":{"@id":"https:\/\/www.aclanester56.com\/velo\/#website"},"primaryImageOfPage":{"@id":"https:\/\/www.aclanester56.com\/velo\/trois-juniors-lanesteriens-en-stage-avec-le-cd-56\/#primaryimage"},"image":{"@id":"https:\/\/www.aclanester56.com\/velo\/trois-juniors-lanesteriens-en-stage-avec-le-cd-56\/#primaryimage"},"thumbnailUrl":"https:\/\/www.aclanester56.com\/velo\/wp-content\/uploads\/2014\/01\/DSC_0136-Copie.jpg","datePublished":"2014-01-21T19:16:32+00:00","dateModified":"2014-01-21T19:20:56+00:00","inLanguage":"fr-FR","potentialAction":[{"@type":"ReadAction","target":["https:\/\/www.aclanester56.com\/velo\/trois-juniors-lanesteriens-en-stage-avec-le-cd-56\/"]}]},{"@type":"ImageObject","inLanguage":"fr-FR","@id":"https:\/\/www.aclanester56.com\/velo\/trois-juniors-lanesteriens-en-stage-avec-le-cd-56\/#primaryimage","url":"https:\/\/www.aclanester56.com\/velo\/wp-content\/uploads\/2014\/01\/DSC_0136-Copie.jpg","contentUrl":"https:\/\/www.aclanester56.com\/velo\/wp-content\/uploads\/2014\/01\/DSC_0136-Copie.jpg","width":650,"height":300},{"@type":"WebSite","@id":"https:\/\/www.aclanester56.com\/velo\/#website","url":"https:\/\/www.aclanester56.com\/velo\/","name":"Avenir Cycliste Lanester 56","description":"Club cycliste de l&#039;AC LANESTER 56","publisher":{"@id":"https:\/\/www.aclanester56.com\/velo\/#organization"},"potentialAction":[{"@type":"SearchAction","target":{"@type":"EntryPoint","urlTemplate":"https:\/\/www.aclanester56.com\/velo\/?s={search_term_string}"},"query-input":{"@type":"PropertyValueSpecification","valueRequired":true,"valueName":"search_term_string"}}],"inLanguage":"fr-FR"},{"@type":"Organization","@id":"https:\/\/www.aclanester56.com\/velo\/#organization","name":"Avenir Cycliste Lanester 56","url":"https:\/\/www.aclanester56.com\/velo\/","logo":{"@type":"ImageObject","inLanguage":"fr-FR","@id":"https:\/\/www.aclanester56.com\/velo\/#\/schema\/logo\/image\/","url":"https:\/\/www.aclanester56.com\/velo\/wp-content\/uploads\/2013\/04\/logo-ACL.jpg","contentUrl":"https:\/\/www.aclanester56.com\/velo\/wp-content\/uploads\/2013\/04\/logo-ACL.jpg","width":400,"height":334,"caption":"Avenir Cycliste Lanester 56"},"image":{"@id":"https:\/\/www.aclanester56.com\/velo\/#\/schema\/logo\/image\/"},"sameAs":["https:\/\/www.facebook.com\/pages\/AC-Lanester-56\/190286300991242?fref=ts"]},{"@type":"Person","@id":"https:\/\/www.aclanester56.com\/velo\/#\/schema\/person\/ca2a44a5fd969e9dd846c72d3b33bc01","name":"Jean-Christophe","url":"https:\/\/www.aclanester56.com\/velo\/author\/jeanchristophe\/"}]}},"_links":{"self":[{"href":"https:\/\/www.aclanester56.com\/velo\/wp-json\/wp\/v2\/posts\/17144","targetHints":{"allow":["GET"]}}],"collection":[{"href":"https:\/\/www.aclanester56.com\/velo\/wp-json\/wp\/v2\/posts"}],"about":[{"href":"https:\/\/www.aclanester56.com\/velo\/wp-json\/wp\/v2\/types\/post"}],"author":[{"embeddable":true,"href":"https:\/\/www.aclanester56.com\/velo\/wp-json\/wp\/v2\/users\/14"}],"replies":[{"embeddable":true,"href":"https:\/\/www.aclanester56.com\/velo\/wp-json\/wp\/v2\/comments?post=17144"}],"version-history":[{"count":3,"href":"https:\/\/www.aclanester56.com\/velo\/wp-json\/wp\/v2\/posts\/17144\/revisions"}],"predecessor-version":[{"id":17154,"href":"https:\/\/www.aclanester56.com\/velo\/wp-json\/wp\/v2\/posts\/17144\/revisions\/17154"}],"wp:featuredmedia":[{"embeddable":true,"href":"https:\/\/www.aclanester56.com\/velo\/wp-json\/wp\/v2\/media\/17145"}],"wp:attachment":[{"href":"https:\/\/www.aclanester56.com\/velo\/wp-json\/wp\/v2\/media?parent=17144"}],"wp:term":[{"taxonomy":"category","embeddable":true,"href":"https:\/\/www.aclanester56.com\/velo\/wp-json\/wp\/v2\/categories?post=17144"},{"taxonomy":"post_tag","embeddable":true,"href":"https:\/\/www.aclanester56.com\/velo\/wp-json\/wp\/v2\/tags?post=17144"}],"curies":[{"name":"wp","href":"https:\/\/api.w.org\/{rel}","templated":true}]}}