{"id":17174,"date":"2014-01-24T23:02:28","date_gmt":"2014-01-24T21:02:28","guid":{"rendered":"http:\/\/www.aclanester56.com\/velo\/?p=17174"},"modified":"2014-01-24T23:02:28","modified_gmt":"2014-01-24T21:02:28","slug":"revue-de-presse-jerome-warren-sur-les-journaux","status":"publish","type":"post","link":"https:\/\/www.aclanester56.com\/velo\/revue-de-presse-jerome-warren-sur-les-journaux\/","title":{"rendered":"Revue de presse : J\u00e9rome et Warren sur les journaux"},"content":{"rendered":"<p><!--more--><\/p>\n<p><a href=\"http:\/\/www.aclanester56.com\/velo\/wp-content\/uploads\/2014\/01\/Telegramme-JB-23-01-2014.png\"><img loading=\"lazy\" decoding=\"async\" class=\"size-medium wp-image-17176 alignleft\" alt=\"Telegramme-JB-23-01-2014\" src=\"http:\/\/www.aclanester56.com\/velo\/wp-content\/uploads\/2014\/01\/Telegramme-JB-23-01-2014-266x300.png\" width=\"266\" height=\"300\" srcset=\"https:\/\/www.aclanester56.com\/velo\/wp-content\/uploads\/2014\/01\/Telegramme-JB-23-01-2014-266x300.png 266w, https:\/\/www.aclanester56.com\/velo\/wp-content\/uploads\/2014\/01\/Telegramme-JB-23-01-2014-88x100.png 88w, https:\/\/www.aclanester56.com\/velo\/wp-content\/uploads\/2014\/01\/Telegramme-JB-23-01-2014.png 404w\" sizes=\"auto, (max-width: 266px) 100vw, 266px\" \/><\/a><\/p>\n<p>&nbsp;<\/p>\n<p>L&rsquo;Avenir cycliste de Lanester (ACL 56) a engag\u00e9 en d\u00e9but de mois J\u00e9r\u00f4me Beldent, en qualit\u00e9 d&rsquo;entra\u00eeneur sportif. J\u00e9r\u00f4me \u00e9tait entr\u00e9 au club en tant que b\u00e9n\u00e9vole en 2011 et a souhait\u00e9\u00a0<span style=\"line-height: 1.5em;\">se former.<\/span><\/p>\n<p>&nbsp;<\/p>\n<p>\u00ab Il a obtenu fin 2013 son dipl\u00f4me d&rsquo;\u00c9tat d&rsquo;entra\u00eeneur sportif gr\u00e2ce \u00e0 une formation prise en charge par P\u00f4le emploi. Nous sommes aid\u00e9s financi\u00e8rement par la Direction d\u00e9partementale de la coh\u00e9sion sociale, avec une aide de 34.000 \u20ac sur quatre ans \u00bb, explique Marc Esvan, le pr\u00e9sident du club. Avec J\u00e9r\u00f4me, 33 ans, le club envisage de repartir vers le haut niveau, mis de c\u00f4t\u00e9 depuis 2011 apr\u00e8s le d\u00e9part du directeur sportif de l&rsquo;\u00e9poque, Rodolphe Henry.<\/p>\n<p>&nbsp;<\/p>\n<p>&nbsp;<\/p>\n<p>&nbsp;<\/p>\n<p>&nbsp;<\/p>\n<p>&nbsp;<\/p>\n<p><a href=\"http:\/\/www.aclanester56.com\/velo\/wp-content\/uploads\/2014\/01\/Telegramme-WB-23-01-2014.png\"><img loading=\"lazy\" decoding=\"async\" class=\"alignnone size-medium wp-image-17177\" alt=\"Telegramme-WB-23-01-2014\" src=\"http:\/\/www.aclanester56.com\/velo\/wp-content\/uploads\/2014\/01\/Telegramme-WB-23-01-2014-264x300.png\" width=\"264\" height=\"300\" srcset=\"https:\/\/www.aclanester56.com\/velo\/wp-content\/uploads\/2014\/01\/Telegramme-WB-23-01-2014-264x300.png 264w, https:\/\/www.aclanester56.com\/velo\/wp-content\/uploads\/2014\/01\/Telegramme-WB-23-01-2014-88x100.png 88w, https:\/\/www.aclanester56.com\/velo\/wp-content\/uploads\/2014\/01\/Telegramme-WB-23-01-2014.png 408w\" sizes=\"auto, (max-width: 264px) 100vw, 264px\" \/><\/a><\/p>\n<p>&nbsp;<\/p>\n","protected":false},"excerpt":{"rendered":"","protected":false},"author":2,"featured_media":0,"comment_status":"open","ping_status":"closed","sticky":false,"template":"","format":"standard","meta":{"ngg_post_thumbnail":0,"footnotes":""},"categories":[5],"tags":[],"class_list":["post-17174","post","type-post","status-publish","format-standard","hentry","category-ac-lanester-56"],"yoast_head":"<!-- This site is optimized with the Yoast SEO plugin v27.5 - https:\/\/yoast.com\/product\/yoast-seo-wordpress\/ -->\n<title>Revue de presse : J\u00e9rome et Warren sur les journaux - Avenir Cycliste Lanester 56<\/title>\n<meta name=\"robots\" content=\"index, follow, max-snippet:-1, max-image-preview:large, max-video-preview:-1\" \/>\n<link rel=\"canonical\" href=\"https:\/\/www.aclanester56.com\/velo\/revue-de-presse-jerome-warren-sur-les-journaux\/\" \/>\n<meta property=\"og:locale\" content=\"fr_FR\" \/>\n<meta property=\"og:type\" content=\"article\" \/>\n<meta property=\"og:title\" content=\"Revue de presse : J\u00e9rome et Warren sur les journaux - Avenir Cycliste Lanester 56\" \/>\n<meta property=\"og:url\" content=\"https:\/\/www.aclanester56.com\/velo\/revue-de-presse-jerome-warren-sur-les-journaux\/\" \/>\n<meta property=\"og:site_name\" content=\"Avenir Cycliste Lanester 56\" \/>\n<meta property=\"article:publisher\" content=\"https:\/\/www.facebook.com\/pages\/AC-Lanester-56\/190286300991242?fref=ts\" \/>\n<meta property=\"article:published_time\" content=\"2014-01-24T21:02:28+00:00\" \/>\n<meta property=\"og:image\" content=\"https:\/\/www.aclanester56.com\/velo\/wp-content\/uploads\/2014\/01\/Revue-de-presse.png\" \/>\n\t<meta property=\"og:image:width\" content=\"849\" \/>\n\t<meta property=\"og:image:height\" content=\"566\" \/>\n\t<meta property=\"og:image:type\" content=\"image\/png\" \/>\n<meta name=\"author\" content=\"stephane\" \/>\n<meta name=\"twitter:label1\" content=\"\u00c9crit par\" \/>\n\t<meta name=\"twitter:data1\" content=\"stephane\" \/>\n\t<meta name=\"twitter:label2\" content=\"Dur\u00e9e de lecture estim\u00e9e\" \/>\n\t<meta name=\"twitter:data2\" content=\"1 minute\" \/>\n<script type=\"application\/ld+json\" class=\"yoast-schema-graph\">{\"@context\":\"https:\\\/\\\/schema.org\",\"@graph\":[{\"@type\":\"Article\",\"@id\":\"https:\\\/\\\/www.aclanester56.com\\\/velo\\\/revue-de-presse-jerome-warren-sur-les-journaux\\\/#article\",\"isPartOf\":{\"@id\":\"https:\\\/\\\/www.aclanester56.com\\\/velo\\\/revue-de-presse-jerome-warren-sur-les-journaux\\\/\"},\"author\":{\"name\":\"stephane\",\"@id\":\"https:\\\/\\\/www.aclanester56.com\\\/velo\\\/#\\\/schema\\\/person\\\/c844661e64a578ca46639cb0ae764de6\"},\"headline\":\"Revue de presse : J\u00e9rome et Warren sur les journaux\",\"datePublished\":\"2014-01-24T21:02:28+00:00\",\"mainEntityOfPage\":{\"@id\":\"https:\\\/\\\/www.aclanester56.com\\\/velo\\\/revue-de-presse-jerome-warren-sur-les-journaux\\\/\"},\"wordCount\":144,\"commentCount\":0,\"publisher\":{\"@id\":\"https:\\\/\\\/www.aclanester56.com\\\/velo\\\/#organization\"},\"image\":{\"@id\":\"https:\\\/\\\/www.aclanester56.com\\\/velo\\\/revue-de-presse-jerome-warren-sur-les-journaux\\\/#primaryimage\"},\"thumbnailUrl\":\"http:\\\/\\\/www.aclanester56.com\\\/velo\\\/wp-content\\\/uploads\\\/2014\\\/01\\\/Telegramme-JB-23-01-2014-266x300.png\",\"articleSection\":[\"AC LANESTER 56\"],\"inLanguage\":\"fr-FR\",\"potentialAction\":[{\"@type\":\"CommentAction\",\"name\":\"Comment\",\"target\":[\"https:\\\/\\\/www.aclanester56.com\\\/velo\\\/revue-de-presse-jerome-warren-sur-les-journaux\\\/#respond\"]}]},{\"@type\":\"WebPage\",\"@id\":\"https:\\\/\\\/www.aclanester56.com\\\/velo\\\/revue-de-presse-jerome-warren-sur-les-journaux\\\/\",\"url\":\"https:\\\/\\\/www.aclanester56.com\\\/velo\\\/revue-de-presse-jerome-warren-sur-les-journaux\\\/\",\"name\":\"Revue de presse : J\u00e9rome et Warren sur les journaux - Avenir Cycliste Lanester 56\",\"isPartOf\":{\"@id\":\"https:\\\/\\\/www.aclanester56.com\\\/velo\\\/#website\"},\"primaryImageOfPage\":{\"@id\":\"https:\\\/\\\/www.aclanester56.com\\\/velo\\\/revue-de-presse-jerome-warren-sur-les-journaux\\\/#primaryimage\"},\"image\":{\"@id\":\"https:\\\/\\\/www.aclanester56.com\\\/velo\\\/revue-de-presse-jerome-warren-sur-les-journaux\\\/#primaryimage\"},\"thumbnailUrl\":\"http:\\\/\\\/www.aclanester56.com\\\/velo\\\/wp-content\\\/uploads\\\/2014\\\/01\\\/Telegramme-JB-23-01-2014-266x300.png\",\"datePublished\":\"2014-01-24T21:02:28+00:00\",\"inLanguage\":\"fr-FR\",\"potentialAction\":[{\"@type\":\"ReadAction\",\"target\":[\"https:\\\/\\\/www.aclanester56.com\\\/velo\\\/revue-de-presse-jerome-warren-sur-les-journaux\\\/\"]}]},{\"@type\":\"ImageObject\",\"inLanguage\":\"fr-FR\",\"@id\":\"https:\\\/\\\/www.aclanester56.com\\\/velo\\\/revue-de-presse-jerome-warren-sur-les-journaux\\\/#primaryimage\",\"url\":\"http:\\\/\\\/www.aclanester56.com\\\/velo\\\/wp-content\\\/uploads\\\/2014\\\/01\\\/Telegramme-JB-23-01-2014-266x300.png\",\"contentUrl\":\"http:\\\/\\\/www.aclanester56.com\\\/velo\\\/wp-content\\\/uploads\\\/2014\\\/01\\\/Telegramme-JB-23-01-2014-266x300.png\"},{\"@type\":\"WebSite\",\"@id\":\"https:\\\/\\\/www.aclanester56.com\\\/velo\\\/#website\",\"url\":\"https:\\\/\\\/www.aclanester56.com\\\/velo\\\/\",\"name\":\"Avenir Cycliste Lanester 56\",\"description\":\"Club cycliste de l&#039;AC LANESTER 56\",\"publisher\":{\"@id\":\"https:\\\/\\\/www.aclanester56.com\\\/velo\\\/#organization\"},\"potentialAction\":[{\"@type\":\"SearchAction\",\"target\":{\"@type\":\"EntryPoint\",\"urlTemplate\":\"https:\\\/\\\/www.aclanester56.com\\\/velo\\\/?s={search_term_string}\"},\"query-input\":{\"@type\":\"PropertyValueSpecification\",\"valueRequired\":true,\"valueName\":\"search_term_string\"}}],\"inLanguage\":\"fr-FR\"},{\"@type\":\"Organization\",\"@id\":\"https:\\\/\\\/www.aclanester56.com\\\/velo\\\/#organization\",\"name\":\"Avenir Cycliste Lanester 56\",\"url\":\"https:\\\/\\\/www.aclanester56.com\\\/velo\\\/\",\"logo\":{\"@type\":\"ImageObject\",\"inLanguage\":\"fr-FR\",\"@id\":\"https:\\\/\\\/www.aclanester56.com\\\/velo\\\/#\\\/schema\\\/logo\\\/image\\\/\",\"url\":\"https:\\\/\\\/www.aclanester56.com\\\/velo\\\/wp-content\\\/uploads\\\/2013\\\/04\\\/logo-ACL.jpg\",\"contentUrl\":\"https:\\\/\\\/www.aclanester56.com\\\/velo\\\/wp-content\\\/uploads\\\/2013\\\/04\\\/logo-ACL.jpg\",\"width\":400,\"height\":334,\"caption\":\"Avenir Cycliste Lanester 56\"},\"image\":{\"@id\":\"https:\\\/\\\/www.aclanester56.com\\\/velo\\\/#\\\/schema\\\/logo\\\/image\\\/\"},\"sameAs\":[\"https:\\\/\\\/www.facebook.com\\\/pages\\\/AC-Lanester-56\\\/190286300991242?fref=ts\"]},{\"@type\":\"Person\",\"@id\":\"https:\\\/\\\/www.aclanester56.com\\\/velo\\\/#\\\/schema\\\/person\\\/c844661e64a578ca46639cb0ae764de6\",\"name\":\"stephane\",\"url\":\"https:\\\/\\\/www.aclanester56.com\\\/velo\\\/author\\\/stephane\\\/\"}]}<\/script>\n<!-- \/ Yoast SEO plugin. -->","yoast_head_json":{"title":"Revue de presse : J\u00e9rome et Warren sur les journaux - Avenir Cycliste Lanester 56","robots":{"index":"index","follow":"follow","max-snippet":"max-snippet:-1","max-image-preview":"max-image-preview:large","max-video-preview":"max-video-preview:-1"},"canonical":"https:\/\/www.aclanester56.com\/velo\/revue-de-presse-jerome-warren-sur-les-journaux\/","og_locale":"fr_FR","og_type":"article","og_title":"Revue de presse : J\u00e9rome et Warren sur les journaux - Avenir Cycliste Lanester 56","og_url":"https:\/\/www.aclanester56.com\/velo\/revue-de-presse-jerome-warren-sur-les-journaux\/","og_site_name":"Avenir Cycliste Lanester 56","article_publisher":"https:\/\/www.facebook.com\/pages\/AC-Lanester-56\/190286300991242?fref=ts","article_published_time":"2014-01-24T21:02:28+00:00","og_image":[{"width":849,"height":566,"url":"https:\/\/www.aclanester56.com\/velo\/wp-content\/uploads\/2014\/01\/Revue-de-presse.png","type":"image\/png"}],"author":"stephane","twitter_misc":{"\u00c9crit par":"stephane","Dur\u00e9e de lecture estim\u00e9e":"1 minute"},"schema":{"@context":"https:\/\/schema.org","@graph":[{"@type":"Article","@id":"https:\/\/www.aclanester56.com\/velo\/revue-de-presse-jerome-warren-sur-les-journaux\/#article","isPartOf":{"@id":"https:\/\/www.aclanester56.com\/velo\/revue-de-presse-jerome-warren-sur-les-journaux\/"},"author":{"name":"stephane","@id":"https:\/\/www.aclanester56.com\/velo\/#\/schema\/person\/c844661e64a578ca46639cb0ae764de6"},"headline":"Revue de presse : J\u00e9rome et Warren sur les journaux","datePublished":"2014-01-24T21:02:28+00:00","mainEntityOfPage":{"@id":"https:\/\/www.aclanester56.com\/velo\/revue-de-presse-jerome-warren-sur-les-journaux\/"},"wordCount":144,"commentCount":0,"publisher":{"@id":"https:\/\/www.aclanester56.com\/velo\/#organization"},"image":{"@id":"https:\/\/www.aclanester56.com\/velo\/revue-de-presse-jerome-warren-sur-les-journaux\/#primaryimage"},"thumbnailUrl":"http:\/\/www.aclanester56.com\/velo\/wp-content\/uploads\/2014\/01\/Telegramme-JB-23-01-2014-266x300.png","articleSection":["AC LANESTER 56"],"inLanguage":"fr-FR","potentialAction":[{"@type":"CommentAction","name":"Comment","target":["https:\/\/www.aclanester56.com\/velo\/revue-de-presse-jerome-warren-sur-les-journaux\/#respond"]}]},{"@type":"WebPage","@id":"https:\/\/www.aclanester56.com\/velo\/revue-de-presse-jerome-warren-sur-les-journaux\/","url":"https:\/\/www.aclanester56.com\/velo\/revue-de-presse-jerome-warren-sur-les-journaux\/","name":"Revue de presse : J\u00e9rome et Warren sur les journaux - Avenir Cycliste Lanester 56","isPartOf":{"@id":"https:\/\/www.aclanester56.com\/velo\/#website"},"primaryImageOfPage":{"@id":"https:\/\/www.aclanester56.com\/velo\/revue-de-presse-jerome-warren-sur-les-journaux\/#primaryimage"},"image":{"@id":"https:\/\/www.aclanester56.com\/velo\/revue-de-presse-jerome-warren-sur-les-journaux\/#primaryimage"},"thumbnailUrl":"http:\/\/www.aclanester56.com\/velo\/wp-content\/uploads\/2014\/01\/Telegramme-JB-23-01-2014-266x300.png","datePublished":"2014-01-24T21:02:28+00:00","inLanguage":"fr-FR","potentialAction":[{"@type":"ReadAction","target":["https:\/\/www.aclanester56.com\/velo\/revue-de-presse-jerome-warren-sur-les-journaux\/"]}]},{"@type":"ImageObject","inLanguage":"fr-FR","@id":"https:\/\/www.aclanester56.com\/velo\/revue-de-presse-jerome-warren-sur-les-journaux\/#primaryimage","url":"http:\/\/www.aclanester56.com\/velo\/wp-content\/uploads\/2014\/01\/Telegramme-JB-23-01-2014-266x300.png","contentUrl":"http:\/\/www.aclanester56.com\/velo\/wp-content\/uploads\/2014\/01\/Telegramme-JB-23-01-2014-266x300.png"},{"@type":"WebSite","@id":"https:\/\/www.aclanester56.com\/velo\/#website","url":"https:\/\/www.aclanester56.com\/velo\/","name":"Avenir Cycliste Lanester 56","description":"Club cycliste de l&#039;AC LANESTER 56","publisher":{"@id":"https:\/\/www.aclanester56.com\/velo\/#organization"},"potentialAction":[{"@type":"SearchAction","target":{"@type":"EntryPoint","urlTemplate":"https:\/\/www.aclanester56.com\/velo\/?s={search_term_string}"},"query-input":{"@type":"PropertyValueSpecification","valueRequired":true,"valueName":"search_term_string"}}],"inLanguage":"fr-FR"},{"@type":"Organization","@id":"https:\/\/www.aclanester56.com\/velo\/#organization","name":"Avenir Cycliste Lanester 56","url":"https:\/\/www.aclanester56.com\/velo\/","logo":{"@type":"ImageObject","inLanguage":"fr-FR","@id":"https:\/\/www.aclanester56.com\/velo\/#\/schema\/logo\/image\/","url":"https:\/\/www.aclanester56.com\/velo\/wp-content\/uploads\/2013\/04\/logo-ACL.jpg","contentUrl":"https:\/\/www.aclanester56.com\/velo\/wp-content\/uploads\/2013\/04\/logo-ACL.jpg","width":400,"height":334,"caption":"Avenir Cycliste Lanester 56"},"image":{"@id":"https:\/\/www.aclanester56.com\/velo\/#\/schema\/logo\/image\/"},"sameAs":["https:\/\/www.facebook.com\/pages\/AC-Lanester-56\/190286300991242?fref=ts"]},{"@type":"Person","@id":"https:\/\/www.aclanester56.com\/velo\/#\/schema\/person\/c844661e64a578ca46639cb0ae764de6","name":"stephane","url":"https:\/\/www.aclanester56.com\/velo\/author\/stephane\/"}]}},"_links":{"self":[{"href":"https:\/\/www.aclanester56.com\/velo\/wp-json\/wp\/v2\/posts\/17174","targetHints":{"allow":["GET"]}}],"collection":[{"href":"https:\/\/www.aclanester56.com\/velo\/wp-json\/wp\/v2\/posts"}],"about":[{"href":"https:\/\/www.aclanester56.com\/velo\/wp-json\/wp\/v2\/types\/post"}],"author":[{"embeddable":true,"href":"https:\/\/www.aclanester56.com\/velo\/wp-json\/wp\/v2\/users\/2"}],"replies":[{"embeddable":true,"href":"https:\/\/www.aclanester56.com\/velo\/wp-json\/wp\/v2\/comments?post=17174"}],"version-history":[{"count":3,"href":"https:\/\/www.aclanester56.com\/velo\/wp-json\/wp\/v2\/posts\/17174\/revisions"}],"predecessor-version":[{"id":17180,"href":"https:\/\/www.aclanester56.com\/velo\/wp-json\/wp\/v2\/posts\/17174\/revisions\/17180"}],"wp:attachment":[{"href":"https:\/\/www.aclanester56.com\/velo\/wp-json\/wp\/v2\/media?parent=17174"}],"wp:term":[{"taxonomy":"category","embeddable":true,"href":"https:\/\/www.aclanester56.com\/velo\/wp-json\/wp\/v2\/categories?post=17174"},{"taxonomy":"post_tag","embeddable":true,"href":"https:\/\/www.aclanester56.com\/velo\/wp-json\/wp\/v2\/tags?post=17174"}],"curies":[{"name":"wp","href":"https:\/\/api.w.org\/{rel}","templated":true}]}}