{"id":17382,"date":"2014-02-25T23:19:11","date_gmt":"2014-02-25T21:19:11","guid":{"rendered":"http:\/\/www.aclanester56.com\/velo\/?p=17382"},"modified":"2014-02-25T23:19:11","modified_gmt":"2014-02-25T21:19:11","slug":"les-effectifs-2014-lac-lanester","status":"publish","type":"post","link":"https:\/\/www.aclanester56.com\/velo\/les-effectifs-2014-lac-lanester\/","title":{"rendered":"Les effectifs 2014 \u00e0 l&rsquo;AC Lanester 56"},"content":{"rendered":"<p><!--more--><\/p>\n<p>A l&rsquo;occasion de la remise des \u00e9quipements pour la saison 2014, quelques photos de nos coureurs ont pu \u00eatre prises (remerciements \u00e0 St\u00e9phane Le Provost). Retrouvez-les ci-dessous !<\/p>\n<p><!-- default-view.php -->\n<div\n\tclass=\"ngg-galleryoverview default-view\n\t ngg-ajax-pagination-none\t\"\n\tid=\"ngg-gallery-5f282a11974714c76d7021954976ae21-1\"\n\tdata-nextgen-gallery-id=\"167\"\n\tdata-gallery-id=\"167\"\n\t\tdata-gallery-name=\"effectif 2014\"\n\t>\n\n\t\t<!-- Thumbnails -->\n\t\t\t\t<div id=\"ngg-image-0\" class=\"ngg-gallery-thumbnail-box\n\t\t\t\t\t\t\t\t\t\t\t\"\n\t\t\t>\n\t\t\t\t\t\t<div class=\"ngg-gallery-thumbnail\">\n\t\t<a href=\"https:\/\/www.aclanester56.com\/velo\/wp-content\/gallery\/effectif-2014\/equipement-2014-18.jpg?t=1598818814\"\n\t\t\ttitle=\"Effectif 2014 AC LANESTER 56\"\n\t\t\tdata-src=\"https:\/\/www.aclanester56.com\/velo\/wp-content\/gallery\/effectif-2014\/equipement-2014-18.jpg?t=1598818814\"\n\t\t\tdata-thumbnail=\"https:\/\/www.aclanester56.com\/velo\/wp-content\/gallery\/effectif-2014\/thumbs\/thumbs_equipement-2014-18.jpg?t=1598818814\"\n\t\t\tdata-image-id=\"6064\"\n\t\t\tdata-image-name=\"equipement-2014-18.jpg\"\n\t\t\tdata-title=\"Effectif 2014 AC LANESTER 56\"\n\t\t\tdata-description=\"Effectif 2014 AC LANESTER 56\"\n\t\t\tdata-image-slug=\"effectif-2014-ac-lanester-56\"\n\t\t\t\t\t\t\t\t\t\t\t\t\t\t\t\t\t\t\t\tclass=\"ngg-simplelightbox\" rel=\"5f282a11974714c76d7021954976ae21\">\n\t\t\t\t\t\t\t\t<img\n\t\t\t\t\ttitle=\"Effectif 2014 AC LANESTER 56\"\n\t\t\t\t\talt=\"Effectif 2014 AC LANESTER 56\"\n\t\t\t\t\tsrc=\"https:\/\/www.aclanester56.com\/velo\/wp-content\/gallery\/effectif-2014\/thumbs\/thumbs_equipement-2014-18.jpg?t=1598818814\"\n\t\t\t\t\twidth=\"100\"\n\t\t\t\t\theight=\"100\"\n\t\t\t\t\tstyle=\"max-width:100%;\"\n\t\t\t\t\/>\n\t\t\t<\/a>\n\t\t<\/div>\n\t\t\t\t\t\t\t<\/div>\n\t\t\t\n\t\t\t\t<div id=\"ngg-image-1\" class=\"ngg-gallery-thumbnail-box\n\t\t\t\t\t\t\t\t\t\t\t\"\n\t\t\t>\n\t\t\t\t\t\t<div class=\"ngg-gallery-thumbnail\">\n\t\t<a href=\"https:\/\/www.aclanester56.com\/velo\/wp-content\/gallery\/effectif-2014\/equipement-2014-24.jpg\"\n\t\t\ttitle=\"  Groupe Ecole de Cyclisme 2014 AC LANESTER 56\"\n\t\t\tdata-src=\"https:\/\/www.aclanester56.com\/velo\/wp-content\/gallery\/effectif-2014\/equipement-2014-24.jpg\"\n\t\t\tdata-thumbnail=\"https:\/\/www.aclanester56.com\/velo\/wp-content\/gallery\/effectif-2014\/thumbs\/thumbs_equipement-2014-24.jpg\"\n\t\t\tdata-image-id=\"6067\"\n\t\t\tdata-image-name=\"equipement-2014-24.jpg\"\n\t\t\tdata-title=\"Ecole de Cyclisme\"\n\t\t\tdata-description=\"  Groupe Ecole de Cyclisme 2014 AC LANESTER 56\"\n\t\t\tdata-image-slug=\"ecole-de-cyclisme-3\"\n\t\t\t\t\t\t\t\t\t\t\t\t\t\t\t\t\t\t\t\tclass=\"ngg-simplelightbox\" rel=\"5f282a11974714c76d7021954976ae21\">\n\t\t\t\t\t\t\t\t<img\n\t\t\t\t\ttitle=\"Ecole de Cyclisme\"\n\t\t\t\t\talt=\"Ecole de Cyclisme\"\n\t\t\t\t\tsrc=\"https:\/\/www.aclanester56.com\/velo\/wp-content\/gallery\/effectif-2014\/thumbs\/thumbs_equipement-2014-24.jpg\"\n\t\t\t\t\twidth=\"100\"\n\t\t\t\t\theight=\"100\"\n\t\t\t\t\tstyle=\"max-width:100%;\"\n\t\t\t\t\/>\n\t\t\t<\/a>\n\t\t<\/div>\n\t\t\t\t\t\t\t<\/div>\n\t\t\t\n\t\t\t\t<div id=\"ngg-image-2\" class=\"ngg-gallery-thumbnail-box\n\t\t\t\t\t\t\t\t\t\t\t\"\n\t\t\t>\n\t\t\t\t\t\t<div class=\"ngg-gallery-thumbnail\">\n\t\t<a href=\"https:\/\/www.aclanester56.com\/velo\/wp-content\/gallery\/effectif-2014\/equipement-2014-28.jpg\"\n\t\t\ttitle=\"  Groupe minimes 2014 AC LANESTER 56\"\n\t\t\tdata-src=\"https:\/\/www.aclanester56.com\/velo\/wp-content\/gallery\/effectif-2014\/equipement-2014-28.jpg\"\n\t\t\tdata-thumbnail=\"https:\/\/www.aclanester56.com\/velo\/wp-content\/gallery\/effectif-2014\/thumbs\/thumbs_equipement-2014-28.jpg\"\n\t\t\tdata-image-id=\"6069\"\n\t\t\tdata-image-name=\"equipement-2014-28.jpg\"\n\t\t\tdata-title=\"Les Minimes\"\n\t\t\tdata-description=\"  Groupe minimes 2014 AC LANESTER 56\"\n\t\t\tdata-image-slug=\"les-minimes\"\n\t\t\t\t\t\t\t\t\t\t\t\t\t\t\t\t\t\t\t\tclass=\"ngg-simplelightbox\" rel=\"5f282a11974714c76d7021954976ae21\">\n\t\t\t\t\t\t\t\t<img\n\t\t\t\t\ttitle=\"Les Minimes\"\n\t\t\t\t\talt=\"Les Minimes\"\n\t\t\t\t\tsrc=\"https:\/\/www.aclanester56.com\/velo\/wp-content\/gallery\/effectif-2014\/thumbs\/thumbs_equipement-2014-28.jpg\"\n\t\t\t\t\twidth=\"100\"\n\t\t\t\t\theight=\"100\"\n\t\t\t\t\tstyle=\"max-width:100%;\"\n\t\t\t\t\/>\n\t\t\t<\/a>\n\t\t<\/div>\n\t\t\t\t\t\t\t<\/div>\n\t\t\t\n\t\t\t\t<div id=\"ngg-image-3\" class=\"ngg-gallery-thumbnail-box\n\t\t\t\t\t\t\t\t\t\t\t\"\n\t\t\t>\n\t\t\t\t\t\t<div class=\"ngg-gallery-thumbnail\">\n\t\t<a href=\"https:\/\/www.aclanester56.com\/velo\/wp-content\/gallery\/effectif-2014\/equipement-2014-31.jpg\"\n\t\t\ttitle=\"Groupe Cadet  2014 AC LANESTER 56\"\n\t\t\tdata-src=\"https:\/\/www.aclanester56.com\/velo\/wp-content\/gallery\/effectif-2014\/equipement-2014-31.jpg\"\n\t\t\tdata-thumbnail=\"https:\/\/www.aclanester56.com\/velo\/wp-content\/gallery\/effectif-2014\/thumbs\/thumbs_equipement-2014-31.jpg\"\n\t\t\tdata-image-id=\"6065\"\n\t\t\tdata-image-name=\"equipement-2014-31.jpg\"\n\t\t\tdata-title=\"Les cadets\"\n\t\t\tdata-description=\"Groupe Cadet  2014 AC LANESTER 56\"\n\t\t\tdata-image-slug=\"les-cadets\"\n\t\t\t\t\t\t\t\t\t\t\t\t\t\t\t\t\t\t\t\tclass=\"ngg-simplelightbox\" rel=\"5f282a11974714c76d7021954976ae21\">\n\t\t\t\t\t\t\t\t<img\n\t\t\t\t\ttitle=\"Les cadets\"\n\t\t\t\t\talt=\"Les cadets\"\n\t\t\t\t\tsrc=\"https:\/\/www.aclanester56.com\/velo\/wp-content\/gallery\/effectif-2014\/thumbs\/thumbs_equipement-2014-31.jpg\"\n\t\t\t\t\twidth=\"100\"\n\t\t\t\t\theight=\"100\"\n\t\t\t\t\tstyle=\"max-width:100%;\"\n\t\t\t\t\/>\n\t\t\t<\/a>\n\t\t<\/div>\n\t\t\t\t\t\t\t<\/div>\n\t\t\t\n\t\t\t\t<div id=\"ngg-image-4\" class=\"ngg-gallery-thumbnail-box\n\t\t\t\t\t\t\t\t\t\t\t\"\n\t\t\t>\n\t\t\t\t\t\t<div class=\"ngg-gallery-thumbnail\">\n\t\t<a href=\"https:\/\/www.aclanester56.com\/velo\/wp-content\/gallery\/effectif-2014\/equipement-2014-32.jpg\"\n\t\t\ttitle=\"  Groupe Cadet  2014 AC LANESTER 56\"\n\t\t\tdata-src=\"https:\/\/www.aclanester56.com\/velo\/wp-content\/gallery\/effectif-2014\/equipement-2014-32.jpg\"\n\t\t\tdata-thumbnail=\"https:\/\/www.aclanester56.com\/velo\/wp-content\/gallery\/effectif-2014\/thumbs\/thumbs_equipement-2014-32.jpg\"\n\t\t\tdata-image-id=\"6066\"\n\t\t\tdata-image-name=\"equipement-2014-32.jpg\"\n\t\t\tdata-title=\"Les f\u00e9minimes (cadettes)\"\n\t\t\tdata-description=\"  Groupe Cadet  2014 AC LANESTER 56\"\n\t\t\tdata-image-slug=\"les-feminimes-cadettes\"\n\t\t\t\t\t\t\t\t\t\t\t\t\t\t\t\t\t\t\t\tclass=\"ngg-simplelightbox\" rel=\"5f282a11974714c76d7021954976ae21\">\n\t\t\t\t\t\t\t\t<img\n\t\t\t\t\ttitle=\"Les f\u00e9minimes (cadettes)\"\n\t\t\t\t\talt=\"Les f\u00e9minimes (cadettes)\"\n\t\t\t\t\tsrc=\"https:\/\/www.aclanester56.com\/velo\/wp-content\/gallery\/effectif-2014\/thumbs\/thumbs_equipement-2014-32.jpg\"\n\t\t\t\t\twidth=\"100\"\n\t\t\t\t\theight=\"100\"\n\t\t\t\t\tstyle=\"max-width:100%;\"\n\t\t\t\t\/>\n\t\t\t<\/a>\n\t\t<\/div>\n\t\t\t\t\t\t\t<\/div>\n\t\t\t\n\t\t\t\t<div id=\"ngg-image-5\" class=\"ngg-gallery-thumbnail-box\n\t\t\t\t\t\t\t\t\t\t\t\"\n\t\t\t>\n\t\t\t\t\t\t<div class=\"ngg-gallery-thumbnail\">\n\t\t<a href=\"https:\/\/www.aclanester56.com\/velo\/wp-content\/gallery\/effectif-2014\/equipement-2014-34.jpg\"\n\t\t\ttitle=\"  Groupe Juniors 2014 AC LANESTER 56\"\n\t\t\tdata-src=\"https:\/\/www.aclanester56.com\/velo\/wp-content\/gallery\/effectif-2014\/equipement-2014-34.jpg\"\n\t\t\tdata-thumbnail=\"https:\/\/www.aclanester56.com\/velo\/wp-content\/gallery\/effectif-2014\/thumbs\/thumbs_equipement-2014-34.jpg\"\n\t\t\tdata-image-id=\"6068\"\n\t\t\tdata-image-name=\"equipement-2014-34.jpg\"\n\t\t\tdata-title=\"Les Juniors \"\n\t\t\tdata-description=\"  Groupe Juniors 2014 AC LANESTER 56\"\n\t\t\tdata-image-slug=\"les-juniors\"\n\t\t\t\t\t\t\t\t\t\t\t\t\t\t\t\t\t\t\t\tclass=\"ngg-simplelightbox\" rel=\"5f282a11974714c76d7021954976ae21\">\n\t\t\t\t\t\t\t\t<img\n\t\t\t\t\ttitle=\"Les Juniors \"\n\t\t\t\t\talt=\"Les Juniors \"\n\t\t\t\t\tsrc=\"https:\/\/www.aclanester56.com\/velo\/wp-content\/gallery\/effectif-2014\/thumbs\/thumbs_equipement-2014-34.jpg\"\n\t\t\t\t\twidth=\"100\"\n\t\t\t\t\theight=\"100\"\n\t\t\t\t\tstyle=\"max-width:100%;\"\n\t\t\t\t\/>\n\t\t\t<\/a>\n\t\t<\/div>\n\t\t\t\t\t\t\t<\/div>\n\t\t\t\n\t\t\t\t<div id=\"ngg-image-6\" class=\"ngg-gallery-thumbnail-box\n\t\t\t\t\t\t\t\t\t\t\t\"\n\t\t\t>\n\t\t\t\t\t\t<div class=\"ngg-gallery-thumbnail\">\n\t\t<a href=\"https:\/\/www.aclanester56.com\/velo\/wp-content\/gallery\/effectif-2014\/equipement-2014-41.jpg\"\n\t\t\ttitle=\"  Groupe seniors 2014 AC LANESTER 56\"\n\t\t\tdata-src=\"https:\/\/www.aclanester56.com\/velo\/wp-content\/gallery\/effectif-2014\/equipement-2014-41.jpg\"\n\t\t\tdata-thumbnail=\"https:\/\/www.aclanester56.com\/velo\/wp-content\/gallery\/effectif-2014\/thumbs\/thumbs_equipement-2014-41.jpg\"\n\t\t\tdata-image-id=\"6071\"\n\t\t\tdata-image-name=\"equipement-2014-41.jpg\"\n\t\t\tdata-title=\"Les seniors\"\n\t\t\tdata-description=\"  Groupe seniors 2014 AC LANESTER 56\"\n\t\t\tdata-image-slug=\"les-seniors\"\n\t\t\t\t\t\t\t\t\t\t\t\t\t\t\t\t\t\t\t\tclass=\"ngg-simplelightbox\" rel=\"5f282a11974714c76d7021954976ae21\">\n\t\t\t\t\t\t\t\t<img\n\t\t\t\t\ttitle=\"Les seniors\"\n\t\t\t\t\talt=\"Les seniors\"\n\t\t\t\t\tsrc=\"https:\/\/www.aclanester56.com\/velo\/wp-content\/gallery\/effectif-2014\/thumbs\/thumbs_equipement-2014-41.jpg\"\n\t\t\t\t\twidth=\"100\"\n\t\t\t\t\theight=\"100\"\n\t\t\t\t\tstyle=\"max-width:100%;\"\n\t\t\t\t\/>\n\t\t\t<\/a>\n\t\t<\/div>\n\t\t\t\t\t\t\t<\/div>\n\t\t\t\n\t\n\t<br style=\"clear: both\" \/>\n\n\t\n\t\t<div class=\"ngg-clear\"><\/div>\n\t<\/div>\n<\/p>\n<p>&nbsp;<\/p>\n","protected":false},"excerpt":{"rendered":"","protected":false},"author":2,"featured_media":17349,"comment_status":"open","ping_status":"closed","sticky":false,"template":"","format":"standard","meta":{"ngg_post_thumbnail":0,"footnotes":""},"categories":[5],"tags":[],"class_list":["post-17382","post","type-post","status-publish","format-standard","has-post-thumbnail","hentry","category-ac-lanester-56"],"yoast_head":"<!-- This site is optimized with the Yoast SEO plugin v27.5 - https:\/\/yoast.com\/product\/yoast-seo-wordpress\/ -->\n<title>Les effectifs 2014 \u00e0 l&#039;AC Lanester 56 - Avenir Cycliste Lanester 56<\/title>\n<meta name=\"robots\" content=\"index, follow, max-snippet:-1, max-image-preview:large, max-video-preview:-1\" \/>\n<link rel=\"canonical\" href=\"https:\/\/www.aclanester56.com\/velo\/les-effectifs-2014-lac-lanester\/\" \/>\n<meta property=\"og:locale\" content=\"fr_FR\" \/>\n<meta property=\"og:type\" content=\"article\" \/>\n<meta property=\"og:title\" content=\"Les effectifs 2014 \u00e0 l&#039;AC Lanester 56 - Avenir Cycliste Lanester 56\" \/>\n<meta property=\"og:url\" content=\"https:\/\/www.aclanester56.com\/velo\/les-effectifs-2014-lac-lanester\/\" \/>\n<meta property=\"og:site_name\" content=\"Avenir Cycliste Lanester 56\" \/>\n<meta property=\"article:publisher\" content=\"https:\/\/www.facebook.com\/pages\/AC-Lanester-56\/190286300991242?fref=ts\" \/>\n<meta property=\"article:published_time\" content=\"2014-02-25T21:19:11+00:00\" \/>\n<meta property=\"og:image\" content=\"https:\/\/www.aclanester56.com\/velo\/wp-content\/uploads\/2014\/02\/equipement-2014-18.jpg\" \/>\n\t<meta property=\"og:image:width\" content=\"1024\" \/>\n\t<meta property=\"og:image:height\" content=\"683\" \/>\n\t<meta property=\"og:image:type\" content=\"image\/jpeg\" \/>\n<meta name=\"author\" content=\"stephane\" \/>\n<meta name=\"twitter:label1\" content=\"\u00c9crit par\" \/>\n\t<meta name=\"twitter:data1\" content=\"stephane\" \/>\n<script type=\"application\/ld+json\" class=\"yoast-schema-graph\">{\"@context\":\"https:\\\/\\\/schema.org\",\"@graph\":[{\"@type\":\"Article\",\"@id\":\"https:\\\/\\\/www.aclanester56.com\\\/velo\\\/les-effectifs-2014-lac-lanester\\\/#article\",\"isPartOf\":{\"@id\":\"https:\\\/\\\/www.aclanester56.com\\\/velo\\\/les-effectifs-2014-lac-lanester\\\/\"},\"author\":{\"name\":\"stephane\",\"@id\":\"https:\\\/\\\/www.aclanester56.com\\\/velo\\\/#\\\/schema\\\/person\\\/c844661e64a578ca46639cb0ae764de6\"},\"headline\":\"Les effectifs 2014 \u00e0 l&rsquo;AC Lanester 56\",\"datePublished\":\"2014-02-25T21:19:11+00:00\",\"mainEntityOfPage\":{\"@id\":\"https:\\\/\\\/www.aclanester56.com\\\/velo\\\/les-effectifs-2014-lac-lanester\\\/\"},\"wordCount\":31,\"commentCount\":0,\"publisher\":{\"@id\":\"https:\\\/\\\/www.aclanester56.com\\\/velo\\\/#organization\"},\"image\":{\"@id\":\"https:\\\/\\\/www.aclanester56.com\\\/velo\\\/les-effectifs-2014-lac-lanester\\\/#primaryimage\"},\"thumbnailUrl\":\"https:\\\/\\\/www.aclanester56.com\\\/velo\\\/wp-content\\\/uploads\\\/2014\\\/02\\\/equipement-2014-18.jpg\",\"articleSection\":[\"AC LANESTER 56\"],\"inLanguage\":\"fr-FR\",\"potentialAction\":[{\"@type\":\"CommentAction\",\"name\":\"Comment\",\"target\":[\"https:\\\/\\\/www.aclanester56.com\\\/velo\\\/les-effectifs-2014-lac-lanester\\\/#respond\"]}]},{\"@type\":\"WebPage\",\"@id\":\"https:\\\/\\\/www.aclanester56.com\\\/velo\\\/les-effectifs-2014-lac-lanester\\\/\",\"url\":\"https:\\\/\\\/www.aclanester56.com\\\/velo\\\/les-effectifs-2014-lac-lanester\\\/\",\"name\":\"Les effectifs 2014 \u00e0 l'AC Lanester 56 - Avenir Cycliste Lanester 56\",\"isPartOf\":{\"@id\":\"https:\\\/\\\/www.aclanester56.com\\\/velo\\\/#website\"},\"primaryImageOfPage\":{\"@id\":\"https:\\\/\\\/www.aclanester56.com\\\/velo\\\/les-effectifs-2014-lac-lanester\\\/#primaryimage\"},\"image\":{\"@id\":\"https:\\\/\\\/www.aclanester56.com\\\/velo\\\/les-effectifs-2014-lac-lanester\\\/#primaryimage\"},\"thumbnailUrl\":\"https:\\\/\\\/www.aclanester56.com\\\/velo\\\/wp-content\\\/uploads\\\/2014\\\/02\\\/equipement-2014-18.jpg\",\"datePublished\":\"2014-02-25T21:19:11+00:00\",\"inLanguage\":\"fr-FR\",\"potentialAction\":[{\"@type\":\"ReadAction\",\"target\":[\"https:\\\/\\\/www.aclanester56.com\\\/velo\\\/les-effectifs-2014-lac-lanester\\\/\"]}]},{\"@type\":\"ImageObject\",\"inLanguage\":\"fr-FR\",\"@id\":\"https:\\\/\\\/www.aclanester56.com\\\/velo\\\/les-effectifs-2014-lac-lanester\\\/#primaryimage\",\"url\":\"https:\\\/\\\/www.aclanester56.com\\\/velo\\\/wp-content\\\/uploads\\\/2014\\\/02\\\/equipement-2014-18.jpg\",\"contentUrl\":\"https:\\\/\\\/www.aclanester56.com\\\/velo\\\/wp-content\\\/uploads\\\/2014\\\/02\\\/equipement-2014-18.jpg\",\"width\":1024,\"height\":683,\"caption\":\"le club 2014 Ac LAnester 56\"},{\"@type\":\"WebSite\",\"@id\":\"https:\\\/\\\/www.aclanester56.com\\\/velo\\\/#website\",\"url\":\"https:\\\/\\\/www.aclanester56.com\\\/velo\\\/\",\"name\":\"Avenir Cycliste Lanester 56\",\"description\":\"Club cycliste de l&#039;AC LANESTER 56\",\"publisher\":{\"@id\":\"https:\\\/\\\/www.aclanester56.com\\\/velo\\\/#organization\"},\"potentialAction\":[{\"@type\":\"SearchAction\",\"target\":{\"@type\":\"EntryPoint\",\"urlTemplate\":\"https:\\\/\\\/www.aclanester56.com\\\/velo\\\/?s={search_term_string}\"},\"query-input\":{\"@type\":\"PropertyValueSpecification\",\"valueRequired\":true,\"valueName\":\"search_term_string\"}}],\"inLanguage\":\"fr-FR\"},{\"@type\":\"Organization\",\"@id\":\"https:\\\/\\\/www.aclanester56.com\\\/velo\\\/#organization\",\"name\":\"Avenir Cycliste Lanester 56\",\"url\":\"https:\\\/\\\/www.aclanester56.com\\\/velo\\\/\",\"logo\":{\"@type\":\"ImageObject\",\"inLanguage\":\"fr-FR\",\"@id\":\"https:\\\/\\\/www.aclanester56.com\\\/velo\\\/#\\\/schema\\\/logo\\\/image\\\/\",\"url\":\"https:\\\/\\\/www.aclanester56.com\\\/velo\\\/wp-content\\\/uploads\\\/2013\\\/04\\\/logo-ACL.jpg\",\"contentUrl\":\"https:\\\/\\\/www.aclanester56.com\\\/velo\\\/wp-content\\\/uploads\\\/2013\\\/04\\\/logo-ACL.jpg\",\"width\":400,\"height\":334,\"caption\":\"Avenir Cycliste Lanester 56\"},\"image\":{\"@id\":\"https:\\\/\\\/www.aclanester56.com\\\/velo\\\/#\\\/schema\\\/logo\\\/image\\\/\"},\"sameAs\":[\"https:\\\/\\\/www.facebook.com\\\/pages\\\/AC-Lanester-56\\\/190286300991242?fref=ts\"]},{\"@type\":\"Person\",\"@id\":\"https:\\\/\\\/www.aclanester56.com\\\/velo\\\/#\\\/schema\\\/person\\\/c844661e64a578ca46639cb0ae764de6\",\"name\":\"stephane\",\"url\":\"https:\\\/\\\/www.aclanester56.com\\\/velo\\\/author\\\/stephane\\\/\"}]}<\/script>\n<!-- \/ Yoast SEO plugin. -->","yoast_head_json":{"title":"Les effectifs 2014 \u00e0 l'AC Lanester 56 - Avenir Cycliste Lanester 56","robots":{"index":"index","follow":"follow","max-snippet":"max-snippet:-1","max-image-preview":"max-image-preview:large","max-video-preview":"max-video-preview:-1"},"canonical":"https:\/\/www.aclanester56.com\/velo\/les-effectifs-2014-lac-lanester\/","og_locale":"fr_FR","og_type":"article","og_title":"Les effectifs 2014 \u00e0 l'AC Lanester 56 - Avenir Cycliste Lanester 56","og_url":"https:\/\/www.aclanester56.com\/velo\/les-effectifs-2014-lac-lanester\/","og_site_name":"Avenir Cycliste Lanester 56","article_publisher":"https:\/\/www.facebook.com\/pages\/AC-Lanester-56\/190286300991242?fref=ts","article_published_time":"2014-02-25T21:19:11+00:00","og_image":[{"width":1024,"height":683,"url":"https:\/\/www.aclanester56.com\/velo\/wp-content\/uploads\/2014\/02\/equipement-2014-18.jpg","type":"image\/jpeg"}],"author":"stephane","twitter_misc":{"\u00c9crit par":"stephane"},"schema":{"@context":"https:\/\/schema.org","@graph":[{"@type":"Article","@id":"https:\/\/www.aclanester56.com\/velo\/les-effectifs-2014-lac-lanester\/#article","isPartOf":{"@id":"https:\/\/www.aclanester56.com\/velo\/les-effectifs-2014-lac-lanester\/"},"author":{"name":"stephane","@id":"https:\/\/www.aclanester56.com\/velo\/#\/schema\/person\/c844661e64a578ca46639cb0ae764de6"},"headline":"Les effectifs 2014 \u00e0 l&rsquo;AC Lanester 56","datePublished":"2014-02-25T21:19:11+00:00","mainEntityOfPage":{"@id":"https:\/\/www.aclanester56.com\/velo\/les-effectifs-2014-lac-lanester\/"},"wordCount":31,"commentCount":0,"publisher":{"@id":"https:\/\/www.aclanester56.com\/velo\/#organization"},"image":{"@id":"https:\/\/www.aclanester56.com\/velo\/les-effectifs-2014-lac-lanester\/#primaryimage"},"thumbnailUrl":"https:\/\/www.aclanester56.com\/velo\/wp-content\/uploads\/2014\/02\/equipement-2014-18.jpg","articleSection":["AC LANESTER 56"],"inLanguage":"fr-FR","potentialAction":[{"@type":"CommentAction","name":"Comment","target":["https:\/\/www.aclanester56.com\/velo\/les-effectifs-2014-lac-lanester\/#respond"]}]},{"@type":"WebPage","@id":"https:\/\/www.aclanester56.com\/velo\/les-effectifs-2014-lac-lanester\/","url":"https:\/\/www.aclanester56.com\/velo\/les-effectifs-2014-lac-lanester\/","name":"Les effectifs 2014 \u00e0 l'AC Lanester 56 - Avenir Cycliste Lanester 56","isPartOf":{"@id":"https:\/\/www.aclanester56.com\/velo\/#website"},"primaryImageOfPage":{"@id":"https:\/\/www.aclanester56.com\/velo\/les-effectifs-2014-lac-lanester\/#primaryimage"},"image":{"@id":"https:\/\/www.aclanester56.com\/velo\/les-effectifs-2014-lac-lanester\/#primaryimage"},"thumbnailUrl":"https:\/\/www.aclanester56.com\/velo\/wp-content\/uploads\/2014\/02\/equipement-2014-18.jpg","datePublished":"2014-02-25T21:19:11+00:00","inLanguage":"fr-FR","potentialAction":[{"@type":"ReadAction","target":["https:\/\/www.aclanester56.com\/velo\/les-effectifs-2014-lac-lanester\/"]}]},{"@type":"ImageObject","inLanguage":"fr-FR","@id":"https:\/\/www.aclanester56.com\/velo\/les-effectifs-2014-lac-lanester\/#primaryimage","url":"https:\/\/www.aclanester56.com\/velo\/wp-content\/uploads\/2014\/02\/equipement-2014-18.jpg","contentUrl":"https:\/\/www.aclanester56.com\/velo\/wp-content\/uploads\/2014\/02\/equipement-2014-18.jpg","width":1024,"height":683,"caption":"le club 2014 Ac LAnester 56"},{"@type":"WebSite","@id":"https:\/\/www.aclanester56.com\/velo\/#website","url":"https:\/\/www.aclanester56.com\/velo\/","name":"Avenir Cycliste Lanester 56","description":"Club cycliste de l&#039;AC LANESTER 56","publisher":{"@id":"https:\/\/www.aclanester56.com\/velo\/#organization"},"potentialAction":[{"@type":"SearchAction","target":{"@type":"EntryPoint","urlTemplate":"https:\/\/www.aclanester56.com\/velo\/?s={search_term_string}"},"query-input":{"@type":"PropertyValueSpecification","valueRequired":true,"valueName":"search_term_string"}}],"inLanguage":"fr-FR"},{"@type":"Organization","@id":"https:\/\/www.aclanester56.com\/velo\/#organization","name":"Avenir Cycliste Lanester 56","url":"https:\/\/www.aclanester56.com\/velo\/","logo":{"@type":"ImageObject","inLanguage":"fr-FR","@id":"https:\/\/www.aclanester56.com\/velo\/#\/schema\/logo\/image\/","url":"https:\/\/www.aclanester56.com\/velo\/wp-content\/uploads\/2013\/04\/logo-ACL.jpg","contentUrl":"https:\/\/www.aclanester56.com\/velo\/wp-content\/uploads\/2013\/04\/logo-ACL.jpg","width":400,"height":334,"caption":"Avenir Cycliste Lanester 56"},"image":{"@id":"https:\/\/www.aclanester56.com\/velo\/#\/schema\/logo\/image\/"},"sameAs":["https:\/\/www.facebook.com\/pages\/AC-Lanester-56\/190286300991242?fref=ts"]},{"@type":"Person","@id":"https:\/\/www.aclanester56.com\/velo\/#\/schema\/person\/c844661e64a578ca46639cb0ae764de6","name":"stephane","url":"https:\/\/www.aclanester56.com\/velo\/author\/stephane\/"}]}},"_links":{"self":[{"href":"https:\/\/www.aclanester56.com\/velo\/wp-json\/wp\/v2\/posts\/17382","targetHints":{"allow":["GET"]}}],"collection":[{"href":"https:\/\/www.aclanester56.com\/velo\/wp-json\/wp\/v2\/posts"}],"about":[{"href":"https:\/\/www.aclanester56.com\/velo\/wp-json\/wp\/v2\/types\/post"}],"author":[{"embeddable":true,"href":"https:\/\/www.aclanester56.com\/velo\/wp-json\/wp\/v2\/users\/2"}],"replies":[{"embeddable":true,"href":"https:\/\/www.aclanester56.com\/velo\/wp-json\/wp\/v2\/comments?post=17382"}],"version-history":[{"count":3,"href":"https:\/\/www.aclanester56.com\/velo\/wp-json\/wp\/v2\/posts\/17382\/revisions"}],"predecessor-version":[{"id":17424,"href":"https:\/\/www.aclanester56.com\/velo\/wp-json\/wp\/v2\/posts\/17382\/revisions\/17424"}],"wp:featuredmedia":[{"embeddable":true,"href":"https:\/\/www.aclanester56.com\/velo\/wp-json\/wp\/v2\/media\/17349"}],"wp:attachment":[{"href":"https:\/\/www.aclanester56.com\/velo\/wp-json\/wp\/v2\/media?parent=17382"}],"wp:term":[{"taxonomy":"category","embeddable":true,"href":"https:\/\/www.aclanester56.com\/velo\/wp-json\/wp\/v2\/categories?post=17382"},{"taxonomy":"post_tag","embeddable":true,"href":"https:\/\/www.aclanester56.com\/velo\/wp-json\/wp\/v2\/tags?post=17382"}],"curies":[{"name":"wp","href":"https:\/\/api.w.org\/{rel}","templated":true}]}}