{"id":17512,"date":"2014-03-06T23:07:21","date_gmt":"2014-03-06T21:07:21","guid":{"rendered":"http:\/\/www.aclanester56.com\/velo\/?p=17512"},"modified":"2014-03-10T23:32:12","modified_gmt":"2014-03-10T21:32:12","slug":"stage-de-decouverte-de-preparation-piste","status":"publish","type":"post","link":"https:\/\/www.aclanester56.com\/velo\/stage-de-decouverte-de-preparation-piste\/","title":{"rendered":"Stage de d\u00e9couverte et de pr\u00e9paration piste"},"content":{"rendered":"<p><!--more--><\/p>\n<div>Cet apr\u00e8s midi, un stage de d\u00e9couverte et de pr\u00e9paration piste \u00e9tait organis\u00e9 sur le v\u00e9lodrome de Plouay. Le but de ce stage \u00e9tait de d\u00e9couvrir les diff\u00e9rentes \u00e9preuves pistes en vue de constituer une \u00e9quipe pour la coupe du conseil g\u00e9n\u00e9ral 56 et les championnats d\u00e9partementaux.\u00a0<\/div>\n<div>\u00a0<\/div>\n<div>Karl Chandavoine \u00e9tait \u00e9galement pr\u00e9sent \u00e0 ce stage, il a pu transmettre son exp\u00e9rience de la piste \u00e0 nos jeunes coureurs.<\/div>\n<div>\u00a0<\/div>\n<div>La s\u00e9ance a d\u00e9but\u00e9 par une explication sur le protocole d&rsquo;\u00e9chauffement, puis le programme de l&rsquo;apr\u00e8s midi a \u00e9t\u00e9 pr\u00e9sent\u00e9 \u00e0 nos coureurs. Ils ont mis en application les consignes, en compagnie de Karl qui avait apport\u00e9 son v\u00e9lo.<\/div>\n<div>\u00a0<\/div>\n<div>\n<div>Progamme de l&rsquo;apr\u00e8s midi :<\/div>\n<div>\n<ul>\n<li>Poursuite par \u00e9quipe pour les juniors<\/li>\n<li>Poursuite individuelle pour toutes les cat\u00e9gories<\/li>\n<li>Eliminatoire pour les cadets<\/li>\n<li>200 m\u00e8tres d\u00e9part Lanc\u00e9.<\/li>\n<\/ul>\n<\/div>\n<div>\u00a0<\/div>\n<div>Les plus jeunes coureurs avaient une appr\u00e9hension de la piste, surtout dans les virages. En fin de journ\u00e9e, tous les coureurs avaient h\u00e2te de participer aux prochaines \u00e9preuves. Un second stage sera organis\u00e9 au mois d&rsquo;avril, pendant les prochaines vacances scolaires, afin de pr\u00e9parer le championnat d\u00e9partemental.<\/div>\n<div>\u00a0<\/div>\n<div>Lors de ce stage, St\u00e9phane Le Crom, Lo\u00efc Le Chenadec, Armand Le Bouedec et Patrick Duval nous ont accompagn\u00e9 pour ce stage.<\/div>\n<div>\u00a0<\/div>\n<div><!-- default-view.php -->\n<div\n\tclass=\"ngg-galleryoverview default-view\n\t ngg-ajax-pagination-none\t\"\n\tid=\"ngg-gallery-073b049191d59ccc207026c790897b02-1\"\n\tdata-nextgen-gallery-id=\"171\"\n\tdata-gallery-id=\"171\"\n\t\tdata-gallery-name=\"stage piste Mars 2014\"\n\t>\n\n\t\t<!-- Thumbnails -->\n\t\t\t\t<div id=\"ngg-image-0\" class=\"ngg-gallery-thumbnail-box\n\t\t\t\t\t\t\t\t\t\t\t\"\n\t\t\t>\n\t\t\t\t\t\t<div class=\"ngg-gallery-thumbnail\">\n\t\t<a href=\"https:\/\/www.aclanester56.com\/velo\/wp-content\/gallery\/stage-piste-mars-2014\/stage-piste-mars14-06.jpg?t=1413351497\"\n\t\t\ttitle=\"\"\n\t\t\tdata-src=\"https:\/\/www.aclanester56.com\/velo\/wp-content\/gallery\/stage-piste-mars-2014\/stage-piste-mars14-06.jpg?t=1413351497\"\n\t\t\tdata-thumbnail=\"https:\/\/www.aclanester56.com\/velo\/wp-content\/gallery\/stage-piste-mars-2014\/thumbs\/thumbs_stage-piste-mars14-06.jpg?t=1413351497\"\n\t\t\tdata-image-id=\"6113\"\n\t\t\tdata-image-name=\"stage-piste-mars14-06.jpg\"\n\t\t\tdata-title=\"stage-piste-mars14-06\"\n\t\t\tdata-description=\"\"\n\t\t\tdata-image-slug=\"stage-piste-mars14-06\"\n\t\t\t\t\t\t\t\t\t\t\t\t\t\t\t\t\t\t\t\tclass=\"ngg-simplelightbox\" rel=\"073b049191d59ccc207026c790897b02\">\n\t\t\t\t\t\t\t\t<img\n\t\t\t\t\ttitle=\"stage-piste-mars14-06\"\n\t\t\t\t\talt=\"stage-piste-mars14-06\"\n\t\t\t\t\tsrc=\"https:\/\/www.aclanester56.com\/velo\/wp-content\/gallery\/stage-piste-mars-2014\/thumbs\/thumbs_stage-piste-mars14-06.jpg?t=1413351497\"\n\t\t\t\t\twidth=\"100\"\n\t\t\t\t\theight=\"100\"\n\t\t\t\t\tstyle=\"max-width:100%;\"\n\t\t\t\t\/>\n\t\t\t<\/a>\n\t\t<\/div>\n\t\t\t\t\t\t\t<\/div>\n\t\t\t\n\t\t\t\t<div id=\"ngg-image-1\" class=\"ngg-gallery-thumbnail-box\n\t\t\t\t\t\t\t\t\t\t\t\"\n\t\t\t>\n\t\t\t\t\t\t<div class=\"ngg-gallery-thumbnail\">\n\t\t<a href=\"https:\/\/www.aclanester56.com\/velo\/wp-content\/gallery\/stage-piste-mars-2014\/stage-piste-mars14-01.jpg?t=1598818808\"\n\t\t\ttitle=\"\"\n\t\t\tdata-src=\"https:\/\/www.aclanester56.com\/velo\/wp-content\/gallery\/stage-piste-mars-2014\/stage-piste-mars14-01.jpg?t=1598818808\"\n\t\t\tdata-thumbnail=\"https:\/\/www.aclanester56.com\/velo\/wp-content\/gallery\/stage-piste-mars-2014\/thumbs\/thumbs_stage-piste-mars14-01.jpg?t=1598818808\"\n\t\t\tdata-image-id=\"6108\"\n\t\t\tdata-image-name=\"stage-piste-mars14-01.jpg\"\n\t\t\tdata-title=\"stage-piste-mars14-01\"\n\t\t\tdata-description=\"\"\n\t\t\tdata-image-slug=\"stage-piste-mars14-01\"\n\t\t\t\t\t\t\t\t\t\t\t\t\t\t\t\t\t\t\t\tclass=\"ngg-simplelightbox\" rel=\"073b049191d59ccc207026c790897b02\">\n\t\t\t\t\t\t\t\t<img\n\t\t\t\t\ttitle=\"stage-piste-mars14-01\"\n\t\t\t\t\talt=\"stage-piste-mars14-01\"\n\t\t\t\t\tsrc=\"https:\/\/www.aclanester56.com\/velo\/wp-content\/gallery\/stage-piste-mars-2014\/thumbs\/thumbs_stage-piste-mars14-01.jpg?t=1598818808\"\n\t\t\t\t\twidth=\"100\"\n\t\t\t\t\theight=\"100\"\n\t\t\t\t\tstyle=\"max-width:100%;\"\n\t\t\t\t\/>\n\t\t\t<\/a>\n\t\t<\/div>\n\t\t\t\t\t\t\t<\/div>\n\t\t\t\n\t\t\t\t<div id=\"ngg-image-2\" class=\"ngg-gallery-thumbnail-box\n\t\t\t\t\t\t\t\t\t\t\t\"\n\t\t\t>\n\t\t\t\t\t\t<div class=\"ngg-gallery-thumbnail\">\n\t\t<a href=\"https:\/\/www.aclanester56.com\/velo\/wp-content\/gallery\/stage-piste-mars-2014\/stage-piste-mars14-02.jpg?t=1394139819\"\n\t\t\ttitle=\" \"\n\t\t\tdata-src=\"https:\/\/www.aclanester56.com\/velo\/wp-content\/gallery\/stage-piste-mars-2014\/stage-piste-mars14-02.jpg?t=1394139819\"\n\t\t\tdata-thumbnail=\"https:\/\/www.aclanester56.com\/velo\/wp-content\/gallery\/stage-piste-mars-2014\/thumbs\/thumbs_stage-piste-mars14-02.jpg?t=1394139819\"\n\t\t\tdata-image-id=\"6109\"\n\t\t\tdata-image-name=\"stage-piste-mars14-02.jpg\"\n\t\t\tdata-title=\"stage-piste-mars14-02\"\n\t\t\tdata-description=\" \"\n\t\t\tdata-image-slug=\"stage-piste-mars14-02\"\n\t\t\t\t\t\t\t\t\t\t\t\t\t\t\t\t\t\t\t\tclass=\"ngg-simplelightbox\" rel=\"073b049191d59ccc207026c790897b02\">\n\t\t\t\t\t\t\t\t<img\n\t\t\t\t\ttitle=\"stage-piste-mars14-02\"\n\t\t\t\t\talt=\"stage-piste-mars14-02\"\n\t\t\t\t\tsrc=\"https:\/\/www.aclanester56.com\/velo\/wp-content\/gallery\/stage-piste-mars-2014\/thumbs\/thumbs_stage-piste-mars14-02.jpg?t=1394139819\"\n\t\t\t\t\twidth=\"100\"\n\t\t\t\t\theight=\"100\"\n\t\t\t\t\tstyle=\"max-width:100%;\"\n\t\t\t\t\/>\n\t\t\t<\/a>\n\t\t<\/div>\n\t\t\t\t\t\t\t<\/div>\n\t\t\t\n\t\t\t\t<div id=\"ngg-image-3\" class=\"ngg-gallery-thumbnail-box\n\t\t\t\t\t\t\t\t\t\t\t\"\n\t\t\t>\n\t\t\t\t\t\t<div class=\"ngg-gallery-thumbnail\">\n\t\t<a href=\"https:\/\/www.aclanester56.com\/velo\/wp-content\/gallery\/stage-piste-mars-2014\/stage-piste-mars14-03.jpg?t=1394139825\"\n\t\t\ttitle=\" \"\n\t\t\tdata-src=\"https:\/\/www.aclanester56.com\/velo\/wp-content\/gallery\/stage-piste-mars-2014\/stage-piste-mars14-03.jpg?t=1394139825\"\n\t\t\tdata-thumbnail=\"https:\/\/www.aclanester56.com\/velo\/wp-content\/gallery\/stage-piste-mars-2014\/thumbs\/thumbs_stage-piste-mars14-03.jpg?t=1394139825\"\n\t\t\tdata-image-id=\"6110\"\n\t\t\tdata-image-name=\"stage-piste-mars14-03.jpg\"\n\t\t\tdata-title=\"stage-piste-mars14-03\"\n\t\t\tdata-description=\" \"\n\t\t\tdata-image-slug=\"stage-piste-mars14-03\"\n\t\t\t\t\t\t\t\t\t\t\t\t\t\t\t\t\t\t\t\tclass=\"ngg-simplelightbox\" rel=\"073b049191d59ccc207026c790897b02\">\n\t\t\t\t\t\t\t\t<img\n\t\t\t\t\ttitle=\"stage-piste-mars14-03\"\n\t\t\t\t\talt=\"stage-piste-mars14-03\"\n\t\t\t\t\tsrc=\"https:\/\/www.aclanester56.com\/velo\/wp-content\/gallery\/stage-piste-mars-2014\/thumbs\/thumbs_stage-piste-mars14-03.jpg?t=1394139825\"\n\t\t\t\t\twidth=\"100\"\n\t\t\t\t\theight=\"100\"\n\t\t\t\t\tstyle=\"max-width:100%;\"\n\t\t\t\t\/>\n\t\t\t<\/a>\n\t\t<\/div>\n\t\t\t\t\t\t\t<\/div>\n\t\t\t\n\t\t\t\t<div id=\"ngg-image-4\" class=\"ngg-gallery-thumbnail-box\n\t\t\t\t\t\t\t\t\t\t\t\"\n\t\t\t>\n\t\t\t\t\t\t<div class=\"ngg-gallery-thumbnail\">\n\t\t<a href=\"https:\/\/www.aclanester56.com\/velo\/wp-content\/gallery\/stage-piste-mars-2014\/stage-piste-mars14-04.jpg?t=1394139828\"\n\t\t\ttitle=\" \"\n\t\t\tdata-src=\"https:\/\/www.aclanester56.com\/velo\/wp-content\/gallery\/stage-piste-mars-2014\/stage-piste-mars14-04.jpg?t=1394139828\"\n\t\t\tdata-thumbnail=\"https:\/\/www.aclanester56.com\/velo\/wp-content\/gallery\/stage-piste-mars-2014\/thumbs\/thumbs_stage-piste-mars14-04.jpg?t=1394139828\"\n\t\t\tdata-image-id=\"6111\"\n\t\t\tdata-image-name=\"stage-piste-mars14-04.jpg\"\n\t\t\tdata-title=\"stage-piste-mars14-04\"\n\t\t\tdata-description=\" \"\n\t\t\tdata-image-slug=\"stage-piste-mars14-04\"\n\t\t\t\t\t\t\t\t\t\t\t\t\t\t\t\t\t\t\t\tclass=\"ngg-simplelightbox\" rel=\"073b049191d59ccc207026c790897b02\">\n\t\t\t\t\t\t\t\t<img\n\t\t\t\t\ttitle=\"stage-piste-mars14-04\"\n\t\t\t\t\talt=\"stage-piste-mars14-04\"\n\t\t\t\t\tsrc=\"https:\/\/www.aclanester56.com\/velo\/wp-content\/gallery\/stage-piste-mars-2014\/thumbs\/thumbs_stage-piste-mars14-04.jpg?t=1394139828\"\n\t\t\t\t\twidth=\"100\"\n\t\t\t\t\theight=\"100\"\n\t\t\t\t\tstyle=\"max-width:100%;\"\n\t\t\t\t\/>\n\t\t\t<\/a>\n\t\t<\/div>\n\t\t\t\t\t\t\t<\/div>\n\t\t\t\n\t\t\t\t<div id=\"ngg-image-5\" class=\"ngg-gallery-thumbnail-box\n\t\t\t\t\t\t\t\t\t\t\t\"\n\t\t\t>\n\t\t\t\t\t\t<div class=\"ngg-gallery-thumbnail\">\n\t\t<a href=\"https:\/\/www.aclanester56.com\/velo\/wp-content\/gallery\/stage-piste-mars-2014\/stage-piste-mars14-05.jpg?t=1394139832\"\n\t\t\ttitle=\" \"\n\t\t\tdata-src=\"https:\/\/www.aclanester56.com\/velo\/wp-content\/gallery\/stage-piste-mars-2014\/stage-piste-mars14-05.jpg?t=1394139832\"\n\t\t\tdata-thumbnail=\"https:\/\/www.aclanester56.com\/velo\/wp-content\/gallery\/stage-piste-mars-2014\/thumbs\/thumbs_stage-piste-mars14-05.jpg?t=1394139832\"\n\t\t\tdata-image-id=\"6112\"\n\t\t\tdata-image-name=\"stage-piste-mars14-05.jpg\"\n\t\t\tdata-title=\"stage-piste-mars14-05\"\n\t\t\tdata-description=\" \"\n\t\t\tdata-image-slug=\"stage-piste-mars14-05\"\n\t\t\t\t\t\t\t\t\t\t\t\t\t\t\t\t\t\t\t\tclass=\"ngg-simplelightbox\" rel=\"073b049191d59ccc207026c790897b02\">\n\t\t\t\t\t\t\t\t<img\n\t\t\t\t\ttitle=\"stage-piste-mars14-05\"\n\t\t\t\t\talt=\"stage-piste-mars14-05\"\n\t\t\t\t\tsrc=\"https:\/\/www.aclanester56.com\/velo\/wp-content\/gallery\/stage-piste-mars-2014\/thumbs\/thumbs_stage-piste-mars14-05.jpg?t=1394139832\"\n\t\t\t\t\twidth=\"100\"\n\t\t\t\t\theight=\"100\"\n\t\t\t\t\tstyle=\"max-width:100%;\"\n\t\t\t\t\/>\n\t\t\t<\/a>\n\t\t<\/div>\n\t\t\t\t\t\t\t<\/div>\n\t\t\t\n\t\n\t<br style=\"clear: both\" \/>\n\n\t\n\t\t<div class=\"ngg-clear\"><\/div>\n\t<\/div>\n<\/div>\n<\/div>\n","protected":false},"excerpt":{"rendered":"","protected":false},"author":2,"featured_media":17513,"comment_status":"open","ping_status":"closed","sticky":false,"template":"","format":"standard","meta":{"ngg_post_thumbnail":0,"footnotes":""},"categories":[5,74],"tags":[],"class_list":["post-17512","post","type-post","status-publish","format-standard","has-post-thumbnail","hentry","category-ac-lanester-56","category-piste"],"yoast_head":"<!-- This site is optimized with the Yoast SEO plugin v27.5 - https:\/\/yoast.com\/product\/yoast-seo-wordpress\/ -->\n<title>Stage de d\u00e9couverte et de pr\u00e9paration piste - Avenir Cycliste Lanester 56<\/title>\n<meta name=\"robots\" content=\"index, follow, max-snippet:-1, max-image-preview:large, max-video-preview:-1\" \/>\n<link rel=\"canonical\" href=\"https:\/\/www.aclanester56.com\/velo\/stage-de-decouverte-de-preparation-piste\/\" \/>\n<meta property=\"og:locale\" content=\"fr_FR\" \/>\n<meta property=\"og:type\" content=\"article\" \/>\n<meta property=\"og:title\" content=\"Stage de d\u00e9couverte et de pr\u00e9paration piste - Avenir Cycliste Lanester 56\" \/>\n<meta property=\"og:url\" content=\"https:\/\/www.aclanester56.com\/velo\/stage-de-decouverte-de-preparation-piste\/\" \/>\n<meta property=\"og:site_name\" content=\"Avenir Cycliste Lanester 56\" \/>\n<meta property=\"article:publisher\" content=\"https:\/\/www.facebook.com\/pages\/AC-Lanester-56\/190286300991242?fref=ts\" \/>\n<meta property=\"article:published_time\" content=\"2014-03-06T21:07:21+00:00\" \/>\n<meta property=\"article:modified_time\" content=\"2014-03-10T21:32:12+00:00\" \/>\n<meta property=\"og:image\" content=\"https:\/\/www.aclanester56.com\/velo\/wp-content\/uploads\/2014\/03\/stage-piste-mars14-06.jpg\" \/>\n\t<meta property=\"og:image:width\" content=\"1024\" \/>\n\t<meta property=\"og:image:height\" content=\"634\" \/>\n\t<meta property=\"og:image:type\" content=\"image\/jpeg\" \/>\n<meta name=\"author\" content=\"stephane\" \/>\n<meta name=\"twitter:label1\" content=\"\u00c9crit par\" \/>\n\t<meta name=\"twitter:data1\" content=\"stephane\" \/>\n\t<meta name=\"twitter:label2\" content=\"Dur\u00e9e de lecture estim\u00e9e\" \/>\n\t<meta name=\"twitter:data2\" content=\"1 minute\" \/>\n<script type=\"application\/ld+json\" class=\"yoast-schema-graph\">{\"@context\":\"https:\\\/\\\/schema.org\",\"@graph\":[{\"@type\":\"Article\",\"@id\":\"https:\\\/\\\/www.aclanester56.com\\\/velo\\\/stage-de-decouverte-de-preparation-piste\\\/#article\",\"isPartOf\":{\"@id\":\"https:\\\/\\\/www.aclanester56.com\\\/velo\\\/stage-de-decouverte-de-preparation-piste\\\/\"},\"author\":{\"name\":\"stephane\",\"@id\":\"https:\\\/\\\/www.aclanester56.com\\\/velo\\\/#\\\/schema\\\/person\\\/c844661e64a578ca46639cb0ae764de6\"},\"headline\":\"Stage de d\u00e9couverte et de pr\u00e9paration piste\",\"datePublished\":\"2014-03-06T21:07:21+00:00\",\"dateModified\":\"2014-03-10T21:32:12+00:00\",\"mainEntityOfPage\":{\"@id\":\"https:\\\/\\\/www.aclanester56.com\\\/velo\\\/stage-de-decouverte-de-preparation-piste\\\/\"},\"wordCount\":232,\"commentCount\":0,\"publisher\":{\"@id\":\"https:\\\/\\\/www.aclanester56.com\\\/velo\\\/#organization\"},\"image\":{\"@id\":\"https:\\\/\\\/www.aclanester56.com\\\/velo\\\/stage-de-decouverte-de-preparation-piste\\\/#primaryimage\"},\"thumbnailUrl\":\"https:\\\/\\\/www.aclanester56.com\\\/velo\\\/wp-content\\\/uploads\\\/2014\\\/03\\\/stage-piste-mars14-06.jpg\",\"articleSection\":[\"AC LANESTER 56\",\"Piste\"],\"inLanguage\":\"fr-FR\",\"potentialAction\":[{\"@type\":\"CommentAction\",\"name\":\"Comment\",\"target\":[\"https:\\\/\\\/www.aclanester56.com\\\/velo\\\/stage-de-decouverte-de-preparation-piste\\\/#respond\"]}]},{\"@type\":\"WebPage\",\"@id\":\"https:\\\/\\\/www.aclanester56.com\\\/velo\\\/stage-de-decouverte-de-preparation-piste\\\/\",\"url\":\"https:\\\/\\\/www.aclanester56.com\\\/velo\\\/stage-de-decouverte-de-preparation-piste\\\/\",\"name\":\"Stage de d\u00e9couverte et de pr\u00e9paration piste - Avenir Cycliste Lanester 56\",\"isPartOf\":{\"@id\":\"https:\\\/\\\/www.aclanester56.com\\\/velo\\\/#website\"},\"primaryImageOfPage\":{\"@id\":\"https:\\\/\\\/www.aclanester56.com\\\/velo\\\/stage-de-decouverte-de-preparation-piste\\\/#primaryimage\"},\"image\":{\"@id\":\"https:\\\/\\\/www.aclanester56.com\\\/velo\\\/stage-de-decouverte-de-preparation-piste\\\/#primaryimage\"},\"thumbnailUrl\":\"https:\\\/\\\/www.aclanester56.com\\\/velo\\\/wp-content\\\/uploads\\\/2014\\\/03\\\/stage-piste-mars14-06.jpg\",\"datePublished\":\"2014-03-06T21:07:21+00:00\",\"dateModified\":\"2014-03-10T21:32:12+00:00\",\"inLanguage\":\"fr-FR\",\"potentialAction\":[{\"@type\":\"ReadAction\",\"target\":[\"https:\\\/\\\/www.aclanester56.com\\\/velo\\\/stage-de-decouverte-de-preparation-piste\\\/\"]}]},{\"@type\":\"ImageObject\",\"inLanguage\":\"fr-FR\",\"@id\":\"https:\\\/\\\/www.aclanester56.com\\\/velo\\\/stage-de-decouverte-de-preparation-piste\\\/#primaryimage\",\"url\":\"https:\\\/\\\/www.aclanester56.com\\\/velo\\\/wp-content\\\/uploads\\\/2014\\\/03\\\/stage-piste-mars14-06.jpg\",\"contentUrl\":\"https:\\\/\\\/www.aclanester56.com\\\/velo\\\/wp-content\\\/uploads\\\/2014\\\/03\\\/stage-piste-mars14-06.jpg\",\"width\":1024,\"height\":634},{\"@type\":\"WebSite\",\"@id\":\"https:\\\/\\\/www.aclanester56.com\\\/velo\\\/#website\",\"url\":\"https:\\\/\\\/www.aclanester56.com\\\/velo\\\/\",\"name\":\"Avenir Cycliste Lanester 56\",\"description\":\"Club cycliste de l&#039;AC LANESTER 56\",\"publisher\":{\"@id\":\"https:\\\/\\\/www.aclanester56.com\\\/velo\\\/#organization\"},\"potentialAction\":[{\"@type\":\"SearchAction\",\"target\":{\"@type\":\"EntryPoint\",\"urlTemplate\":\"https:\\\/\\\/www.aclanester56.com\\\/velo\\\/?s={search_term_string}\"},\"query-input\":{\"@type\":\"PropertyValueSpecification\",\"valueRequired\":true,\"valueName\":\"search_term_string\"}}],\"inLanguage\":\"fr-FR\"},{\"@type\":\"Organization\",\"@id\":\"https:\\\/\\\/www.aclanester56.com\\\/velo\\\/#organization\",\"name\":\"Avenir Cycliste Lanester 56\",\"url\":\"https:\\\/\\\/www.aclanester56.com\\\/velo\\\/\",\"logo\":{\"@type\":\"ImageObject\",\"inLanguage\":\"fr-FR\",\"@id\":\"https:\\\/\\\/www.aclanester56.com\\\/velo\\\/#\\\/schema\\\/logo\\\/image\\\/\",\"url\":\"https:\\\/\\\/www.aclanester56.com\\\/velo\\\/wp-content\\\/uploads\\\/2013\\\/04\\\/logo-ACL.jpg\",\"contentUrl\":\"https:\\\/\\\/www.aclanester56.com\\\/velo\\\/wp-content\\\/uploads\\\/2013\\\/04\\\/logo-ACL.jpg\",\"width\":400,\"height\":334,\"caption\":\"Avenir Cycliste Lanester 56\"},\"image\":{\"@id\":\"https:\\\/\\\/www.aclanester56.com\\\/velo\\\/#\\\/schema\\\/logo\\\/image\\\/\"},\"sameAs\":[\"https:\\\/\\\/www.facebook.com\\\/pages\\\/AC-Lanester-56\\\/190286300991242?fref=ts\"]},{\"@type\":\"Person\",\"@id\":\"https:\\\/\\\/www.aclanester56.com\\\/velo\\\/#\\\/schema\\\/person\\\/c844661e64a578ca46639cb0ae764de6\",\"name\":\"stephane\",\"url\":\"https:\\\/\\\/www.aclanester56.com\\\/velo\\\/author\\\/stephane\\\/\"}]}<\/script>\n<!-- \/ Yoast SEO plugin. -->","yoast_head_json":{"title":"Stage de d\u00e9couverte et de pr\u00e9paration piste - Avenir Cycliste Lanester 56","robots":{"index":"index","follow":"follow","max-snippet":"max-snippet:-1","max-image-preview":"max-image-preview:large","max-video-preview":"max-video-preview:-1"},"canonical":"https:\/\/www.aclanester56.com\/velo\/stage-de-decouverte-de-preparation-piste\/","og_locale":"fr_FR","og_type":"article","og_title":"Stage de d\u00e9couverte et de pr\u00e9paration piste - Avenir Cycliste Lanester 56","og_url":"https:\/\/www.aclanester56.com\/velo\/stage-de-decouverte-de-preparation-piste\/","og_site_name":"Avenir Cycliste Lanester 56","article_publisher":"https:\/\/www.facebook.com\/pages\/AC-Lanester-56\/190286300991242?fref=ts","article_published_time":"2014-03-06T21:07:21+00:00","article_modified_time":"2014-03-10T21:32:12+00:00","og_image":[{"width":1024,"height":634,"url":"https:\/\/www.aclanester56.com\/velo\/wp-content\/uploads\/2014\/03\/stage-piste-mars14-06.jpg","type":"image\/jpeg"}],"author":"stephane","twitter_misc":{"\u00c9crit par":"stephane","Dur\u00e9e de lecture estim\u00e9e":"1 minute"},"schema":{"@context":"https:\/\/schema.org","@graph":[{"@type":"Article","@id":"https:\/\/www.aclanester56.com\/velo\/stage-de-decouverte-de-preparation-piste\/#article","isPartOf":{"@id":"https:\/\/www.aclanester56.com\/velo\/stage-de-decouverte-de-preparation-piste\/"},"author":{"name":"stephane","@id":"https:\/\/www.aclanester56.com\/velo\/#\/schema\/person\/c844661e64a578ca46639cb0ae764de6"},"headline":"Stage de d\u00e9couverte et de pr\u00e9paration piste","datePublished":"2014-03-06T21:07:21+00:00","dateModified":"2014-03-10T21:32:12+00:00","mainEntityOfPage":{"@id":"https:\/\/www.aclanester56.com\/velo\/stage-de-decouverte-de-preparation-piste\/"},"wordCount":232,"commentCount":0,"publisher":{"@id":"https:\/\/www.aclanester56.com\/velo\/#organization"},"image":{"@id":"https:\/\/www.aclanester56.com\/velo\/stage-de-decouverte-de-preparation-piste\/#primaryimage"},"thumbnailUrl":"https:\/\/www.aclanester56.com\/velo\/wp-content\/uploads\/2014\/03\/stage-piste-mars14-06.jpg","articleSection":["AC LANESTER 56","Piste"],"inLanguage":"fr-FR","potentialAction":[{"@type":"CommentAction","name":"Comment","target":["https:\/\/www.aclanester56.com\/velo\/stage-de-decouverte-de-preparation-piste\/#respond"]}]},{"@type":"WebPage","@id":"https:\/\/www.aclanester56.com\/velo\/stage-de-decouverte-de-preparation-piste\/","url":"https:\/\/www.aclanester56.com\/velo\/stage-de-decouverte-de-preparation-piste\/","name":"Stage de d\u00e9couverte et de pr\u00e9paration piste - Avenir Cycliste Lanester 56","isPartOf":{"@id":"https:\/\/www.aclanester56.com\/velo\/#website"},"primaryImageOfPage":{"@id":"https:\/\/www.aclanester56.com\/velo\/stage-de-decouverte-de-preparation-piste\/#primaryimage"},"image":{"@id":"https:\/\/www.aclanester56.com\/velo\/stage-de-decouverte-de-preparation-piste\/#primaryimage"},"thumbnailUrl":"https:\/\/www.aclanester56.com\/velo\/wp-content\/uploads\/2014\/03\/stage-piste-mars14-06.jpg","datePublished":"2014-03-06T21:07:21+00:00","dateModified":"2014-03-10T21:32:12+00:00","inLanguage":"fr-FR","potentialAction":[{"@type":"ReadAction","target":["https:\/\/www.aclanester56.com\/velo\/stage-de-decouverte-de-preparation-piste\/"]}]},{"@type":"ImageObject","inLanguage":"fr-FR","@id":"https:\/\/www.aclanester56.com\/velo\/stage-de-decouverte-de-preparation-piste\/#primaryimage","url":"https:\/\/www.aclanester56.com\/velo\/wp-content\/uploads\/2014\/03\/stage-piste-mars14-06.jpg","contentUrl":"https:\/\/www.aclanester56.com\/velo\/wp-content\/uploads\/2014\/03\/stage-piste-mars14-06.jpg","width":1024,"height":634},{"@type":"WebSite","@id":"https:\/\/www.aclanester56.com\/velo\/#website","url":"https:\/\/www.aclanester56.com\/velo\/","name":"Avenir Cycliste Lanester 56","description":"Club cycliste de l&#039;AC LANESTER 56","publisher":{"@id":"https:\/\/www.aclanester56.com\/velo\/#organization"},"potentialAction":[{"@type":"SearchAction","target":{"@type":"EntryPoint","urlTemplate":"https:\/\/www.aclanester56.com\/velo\/?s={search_term_string}"},"query-input":{"@type":"PropertyValueSpecification","valueRequired":true,"valueName":"search_term_string"}}],"inLanguage":"fr-FR"},{"@type":"Organization","@id":"https:\/\/www.aclanester56.com\/velo\/#organization","name":"Avenir Cycliste Lanester 56","url":"https:\/\/www.aclanester56.com\/velo\/","logo":{"@type":"ImageObject","inLanguage":"fr-FR","@id":"https:\/\/www.aclanester56.com\/velo\/#\/schema\/logo\/image\/","url":"https:\/\/www.aclanester56.com\/velo\/wp-content\/uploads\/2013\/04\/logo-ACL.jpg","contentUrl":"https:\/\/www.aclanester56.com\/velo\/wp-content\/uploads\/2013\/04\/logo-ACL.jpg","width":400,"height":334,"caption":"Avenir Cycliste Lanester 56"},"image":{"@id":"https:\/\/www.aclanester56.com\/velo\/#\/schema\/logo\/image\/"},"sameAs":["https:\/\/www.facebook.com\/pages\/AC-Lanester-56\/190286300991242?fref=ts"]},{"@type":"Person","@id":"https:\/\/www.aclanester56.com\/velo\/#\/schema\/person\/c844661e64a578ca46639cb0ae764de6","name":"stephane","url":"https:\/\/www.aclanester56.com\/velo\/author\/stephane\/"}]}},"_links":{"self":[{"href":"https:\/\/www.aclanester56.com\/velo\/wp-json\/wp\/v2\/posts\/17512","targetHints":{"allow":["GET"]}}],"collection":[{"href":"https:\/\/www.aclanester56.com\/velo\/wp-json\/wp\/v2\/posts"}],"about":[{"href":"https:\/\/www.aclanester56.com\/velo\/wp-json\/wp\/v2\/types\/post"}],"author":[{"embeddable":true,"href":"https:\/\/www.aclanester56.com\/velo\/wp-json\/wp\/v2\/users\/2"}],"replies":[{"embeddable":true,"href":"https:\/\/www.aclanester56.com\/velo\/wp-json\/wp\/v2\/comments?post=17512"}],"version-history":[{"count":3,"href":"https:\/\/www.aclanester56.com\/velo\/wp-json\/wp\/v2\/posts\/17512\/revisions"}],"predecessor-version":[{"id":17546,"href":"https:\/\/www.aclanester56.com\/velo\/wp-json\/wp\/v2\/posts\/17512\/revisions\/17546"}],"wp:featuredmedia":[{"embeddable":true,"href":"https:\/\/www.aclanester56.com\/velo\/wp-json\/wp\/v2\/media\/17513"}],"wp:attachment":[{"href":"https:\/\/www.aclanester56.com\/velo\/wp-json\/wp\/v2\/media?parent=17512"}],"wp:term":[{"taxonomy":"category","embeddable":true,"href":"https:\/\/www.aclanester56.com\/velo\/wp-json\/wp\/v2\/categories?post=17512"},{"taxonomy":"post_tag","embeddable":true,"href":"https:\/\/www.aclanester56.com\/velo\/wp-json\/wp\/v2\/tags?post=17512"}],"curies":[{"name":"wp","href":"https:\/\/api.w.org\/{rel}","templated":true}]}}