{"id":17623,"date":"2014-03-31T15:02:10","date_gmt":"2014-03-31T13:02:10","guid":{"rendered":"http:\/\/www.aclanester56.com\/velo\/?p=17623"},"modified":"2014-03-31T15:03:04","modified_gmt":"2014-03-31T13:03:04","slug":"rappel-les-entrainements-du-club","status":"publish","type":"post","link":"https:\/\/www.aclanester56.com\/velo\/rappel-les-entrainements-du-club\/","title":{"rendered":"Rappel : les entra\u00eenements du club &#8230;"},"content":{"rendered":"<p><!--more--><\/p>\n<div>Voici pour m\u00e9mo les diff\u00e9rentes horaires\/ lieux \u00a0pour les entra\u00eenements au club&#8230;<\/div>\n<div>\u00a0<\/div>\n<div><b><span style=\"text-decoration: underline;\">\u00c9coles de cyclisme :\u00a0<\/span><\/b><\/div>\n<div>Mercredi apr\u00e8s midi : 14 h 00 \/ 16 h 00 (Rendez vous au v\u00e9lodrome),<b>\u00a0sauf pour les benjamins<\/b>\u00a0entra\u00eenement sur route \u00a0(Rendez vous \u00e0 14 h au local avenueKesler\u00a0Devillers)<\/div>\n<div>Samedi apr\u00e8s midi : 14 h 00 \/ 16 h 00 (Rendez vous au v\u00e9lodrome)<\/div>\n<div>\u00a0<\/div>\n<div><b><span style=\"text-decoration: underline;\">Minimes :<\/span><\/b><\/div>\n<div>Mardi soir : 18 h 30 \/ 20 h 00 entra\u00eenement sur piste (Rendez vous au v\u00e9lodrome)<\/div>\n<div>Mercredi apr\u00e8s midi : D\u00e9part \u00e0 14 h du local (Avenue\u00a0Kesler\u00a0Devillers) entra\u00eenement sur route<\/div>\n<div>Samedi apr\u00e8s midi : 14 h 00 \/ 16 h 00 (Rendez vous au v\u00e9lodrome)<\/div>\n<div>\u00a0<\/div>\n<div><b><span style=\"text-decoration: underline;\">Cadets :<\/span><\/b><\/div>\n<div>Mardi soir : 18 h 30 \/ 20 h 00 entra\u00eenement sur piste (Rendez vous au v\u00e9lodrome)<\/div>\n<div>Mercredi apr\u00e8s midi : D\u00e9part \u00e0 14 h du local (Avenue\u00a0Kesler\u00a0Devillers) entra\u00eenement sur route<\/div>\n<div>\u00a0<\/div>\n<div><b><span style=\"text-decoration: underline;\">Juniors et seniors :<\/span><\/b>\u00a0<\/div>\n<div>Mercredi apr\u00e8s midi : D\u00e9part \u00e0 h du local (Avenue\u00a0Kesler\u00a0Devillers)<\/div>\n<div>Vendredi soir : \u00a018 h 30 \/ 20 h 00 entra\u00eenement sur piste (Rendez vous au v\u00e9lodrome).<\/div>\n<div>\u00a0<\/div>\n<div>N&rsquo;h\u00e9sitez pas \u00e0 contacter J\u00e9r\u00f4me Beldent .<\/div>\n<div>\u00a0<\/div>\n","protected":false},"excerpt":{"rendered":"","protected":false},"author":2,"featured_media":17627,"comment_status":"open","ping_status":"closed","sticky":false,"template":"","format":"standard","meta":{"ngg_post_thumbnail":0,"footnotes":""},"categories":[5],"tags":[],"class_list":["post-17623","post","type-post","status-publish","format-standard","has-post-thumbnail","hentry","category-ac-lanester-56"],"yoast_head":"<!-- This site is optimized with the Yoast SEO plugin v27.5 - https:\/\/yoast.com\/product\/yoast-seo-wordpress\/ -->\n<title>Rappel : les entra\u00eenements du club ... - Avenir Cycliste Lanester 56<\/title>\n<meta name=\"robots\" content=\"index, follow, max-snippet:-1, max-image-preview:large, max-video-preview:-1\" \/>\n<link rel=\"canonical\" href=\"https:\/\/www.aclanester56.com\/velo\/rappel-les-entrainements-du-club\/\" \/>\n<meta property=\"og:locale\" content=\"fr_FR\" \/>\n<meta property=\"og:type\" content=\"article\" \/>\n<meta property=\"og:title\" content=\"Rappel : les entra\u00eenements du club ... - Avenir Cycliste Lanester 56\" \/>\n<meta property=\"og:url\" content=\"https:\/\/www.aclanester56.com\/velo\/rappel-les-entrainements-du-club\/\" \/>\n<meta property=\"og:site_name\" content=\"Avenir Cycliste Lanester 56\" \/>\n<meta property=\"article:publisher\" content=\"https:\/\/www.facebook.com\/pages\/AC-Lanester-56\/190286300991242?fref=ts\" \/>\n<meta property=\"article:published_time\" content=\"2014-03-31T13:02:10+00:00\" \/>\n<meta property=\"article:modified_time\" content=\"2014-03-31T13:03:04+00:00\" \/>\n<meta property=\"og:image\" content=\"https:\/\/www.aclanester56.com\/velo\/wp-content\/uploads\/2014\/03\/cyclisme-cyclographe.jpg\" \/>\n\t<meta property=\"og:image:width\" content=\"800\" \/>\n\t<meta property=\"og:image:height\" content=\"599\" \/>\n\t<meta property=\"og:image:type\" content=\"image\/jpeg\" \/>\n<meta name=\"author\" content=\"stephane\" \/>\n<meta name=\"twitter:label1\" content=\"\u00c9crit par\" \/>\n\t<meta name=\"twitter:data1\" content=\"stephane\" \/>\n\t<meta name=\"twitter:label2\" content=\"Dur\u00e9e de lecture estim\u00e9e\" \/>\n\t<meta name=\"twitter:data2\" content=\"1 minute\" \/>\n<script type=\"application\/ld+json\" class=\"yoast-schema-graph\">{\"@context\":\"https:\\\/\\\/schema.org\",\"@graph\":[{\"@type\":\"Article\",\"@id\":\"https:\\\/\\\/www.aclanester56.com\\\/velo\\\/rappel-les-entrainements-du-club\\\/#article\",\"isPartOf\":{\"@id\":\"https:\\\/\\\/www.aclanester56.com\\\/velo\\\/rappel-les-entrainements-du-club\\\/\"},\"author\":{\"name\":\"stephane\",\"@id\":\"https:\\\/\\\/www.aclanester56.com\\\/velo\\\/#\\\/schema\\\/person\\\/c844661e64a578ca46639cb0ae764de6\"},\"headline\":\"Rappel : les entra\u00eenements du club &#8230;\",\"datePublished\":\"2014-03-31T13:02:10+00:00\",\"dateModified\":\"2014-03-31T13:03:04+00:00\",\"mainEntityOfPage\":{\"@id\":\"https:\\\/\\\/www.aclanester56.com\\\/velo\\\/rappel-les-entrainements-du-club\\\/\"},\"wordCount\":168,\"commentCount\":0,\"publisher\":{\"@id\":\"https:\\\/\\\/www.aclanester56.com\\\/velo\\\/#organization\"},\"image\":{\"@id\":\"https:\\\/\\\/www.aclanester56.com\\\/velo\\\/rappel-les-entrainements-du-club\\\/#primaryimage\"},\"thumbnailUrl\":\"https:\\\/\\\/www.aclanester56.com\\\/velo\\\/wp-content\\\/uploads\\\/2014\\\/03\\\/cyclisme-cyclographe.jpg\",\"articleSection\":[\"AC LANESTER 56\"],\"inLanguage\":\"fr-FR\",\"potentialAction\":[{\"@type\":\"CommentAction\",\"name\":\"Comment\",\"target\":[\"https:\\\/\\\/www.aclanester56.com\\\/velo\\\/rappel-les-entrainements-du-club\\\/#respond\"]}]},{\"@type\":\"WebPage\",\"@id\":\"https:\\\/\\\/www.aclanester56.com\\\/velo\\\/rappel-les-entrainements-du-club\\\/\",\"url\":\"https:\\\/\\\/www.aclanester56.com\\\/velo\\\/rappel-les-entrainements-du-club\\\/\",\"name\":\"Rappel : les entra\u00eenements du club ... - Avenir Cycliste Lanester 56\",\"isPartOf\":{\"@id\":\"https:\\\/\\\/www.aclanester56.com\\\/velo\\\/#website\"},\"primaryImageOfPage\":{\"@id\":\"https:\\\/\\\/www.aclanester56.com\\\/velo\\\/rappel-les-entrainements-du-club\\\/#primaryimage\"},\"image\":{\"@id\":\"https:\\\/\\\/www.aclanester56.com\\\/velo\\\/rappel-les-entrainements-du-club\\\/#primaryimage\"},\"thumbnailUrl\":\"https:\\\/\\\/www.aclanester56.com\\\/velo\\\/wp-content\\\/uploads\\\/2014\\\/03\\\/cyclisme-cyclographe.jpg\",\"datePublished\":\"2014-03-31T13:02:10+00:00\",\"dateModified\":\"2014-03-31T13:03:04+00:00\",\"inLanguage\":\"fr-FR\",\"potentialAction\":[{\"@type\":\"ReadAction\",\"target\":[\"https:\\\/\\\/www.aclanester56.com\\\/velo\\\/rappel-les-entrainements-du-club\\\/\"]}]},{\"@type\":\"ImageObject\",\"inLanguage\":\"fr-FR\",\"@id\":\"https:\\\/\\\/www.aclanester56.com\\\/velo\\\/rappel-les-entrainements-du-club\\\/#primaryimage\",\"url\":\"https:\\\/\\\/www.aclanester56.com\\\/velo\\\/wp-content\\\/uploads\\\/2014\\\/03\\\/cyclisme-cyclographe.jpg\",\"contentUrl\":\"https:\\\/\\\/www.aclanester56.com\\\/velo\\\/wp-content\\\/uploads\\\/2014\\\/03\\\/cyclisme-cyclographe.jpg\",\"width\":800,\"height\":599},{\"@type\":\"WebSite\",\"@id\":\"https:\\\/\\\/www.aclanester56.com\\\/velo\\\/#website\",\"url\":\"https:\\\/\\\/www.aclanester56.com\\\/velo\\\/\",\"name\":\"Avenir Cycliste Lanester 56\",\"description\":\"Club cycliste de l&#039;AC LANESTER 56\",\"publisher\":{\"@id\":\"https:\\\/\\\/www.aclanester56.com\\\/velo\\\/#organization\"},\"potentialAction\":[{\"@type\":\"SearchAction\",\"target\":{\"@type\":\"EntryPoint\",\"urlTemplate\":\"https:\\\/\\\/www.aclanester56.com\\\/velo\\\/?s={search_term_string}\"},\"query-input\":{\"@type\":\"PropertyValueSpecification\",\"valueRequired\":true,\"valueName\":\"search_term_string\"}}],\"inLanguage\":\"fr-FR\"},{\"@type\":\"Organization\",\"@id\":\"https:\\\/\\\/www.aclanester56.com\\\/velo\\\/#organization\",\"name\":\"Avenir Cycliste Lanester 56\",\"url\":\"https:\\\/\\\/www.aclanester56.com\\\/velo\\\/\",\"logo\":{\"@type\":\"ImageObject\",\"inLanguage\":\"fr-FR\",\"@id\":\"https:\\\/\\\/www.aclanester56.com\\\/velo\\\/#\\\/schema\\\/logo\\\/image\\\/\",\"url\":\"https:\\\/\\\/www.aclanester56.com\\\/velo\\\/wp-content\\\/uploads\\\/2013\\\/04\\\/logo-ACL.jpg\",\"contentUrl\":\"https:\\\/\\\/www.aclanester56.com\\\/velo\\\/wp-content\\\/uploads\\\/2013\\\/04\\\/logo-ACL.jpg\",\"width\":400,\"height\":334,\"caption\":\"Avenir Cycliste Lanester 56\"},\"image\":{\"@id\":\"https:\\\/\\\/www.aclanester56.com\\\/velo\\\/#\\\/schema\\\/logo\\\/image\\\/\"},\"sameAs\":[\"https:\\\/\\\/www.facebook.com\\\/pages\\\/AC-Lanester-56\\\/190286300991242?fref=ts\"]},{\"@type\":\"Person\",\"@id\":\"https:\\\/\\\/www.aclanester56.com\\\/velo\\\/#\\\/schema\\\/person\\\/c844661e64a578ca46639cb0ae764de6\",\"name\":\"stephane\",\"url\":\"https:\\\/\\\/www.aclanester56.com\\\/velo\\\/author\\\/stephane\\\/\"}]}<\/script>\n<!-- \/ Yoast SEO plugin. -->","yoast_head_json":{"title":"Rappel : les entra\u00eenements du club ... - Avenir Cycliste Lanester 56","robots":{"index":"index","follow":"follow","max-snippet":"max-snippet:-1","max-image-preview":"max-image-preview:large","max-video-preview":"max-video-preview:-1"},"canonical":"https:\/\/www.aclanester56.com\/velo\/rappel-les-entrainements-du-club\/","og_locale":"fr_FR","og_type":"article","og_title":"Rappel : les entra\u00eenements du club ... - Avenir Cycliste Lanester 56","og_url":"https:\/\/www.aclanester56.com\/velo\/rappel-les-entrainements-du-club\/","og_site_name":"Avenir Cycliste Lanester 56","article_publisher":"https:\/\/www.facebook.com\/pages\/AC-Lanester-56\/190286300991242?fref=ts","article_published_time":"2014-03-31T13:02:10+00:00","article_modified_time":"2014-03-31T13:03:04+00:00","og_image":[{"width":800,"height":599,"url":"https:\/\/www.aclanester56.com\/velo\/wp-content\/uploads\/2014\/03\/cyclisme-cyclographe.jpg","type":"image\/jpeg"}],"author":"stephane","twitter_misc":{"\u00c9crit par":"stephane","Dur\u00e9e de lecture estim\u00e9e":"1 minute"},"schema":{"@context":"https:\/\/schema.org","@graph":[{"@type":"Article","@id":"https:\/\/www.aclanester56.com\/velo\/rappel-les-entrainements-du-club\/#article","isPartOf":{"@id":"https:\/\/www.aclanester56.com\/velo\/rappel-les-entrainements-du-club\/"},"author":{"name":"stephane","@id":"https:\/\/www.aclanester56.com\/velo\/#\/schema\/person\/c844661e64a578ca46639cb0ae764de6"},"headline":"Rappel : les entra\u00eenements du club &#8230;","datePublished":"2014-03-31T13:02:10+00:00","dateModified":"2014-03-31T13:03:04+00:00","mainEntityOfPage":{"@id":"https:\/\/www.aclanester56.com\/velo\/rappel-les-entrainements-du-club\/"},"wordCount":168,"commentCount":0,"publisher":{"@id":"https:\/\/www.aclanester56.com\/velo\/#organization"},"image":{"@id":"https:\/\/www.aclanester56.com\/velo\/rappel-les-entrainements-du-club\/#primaryimage"},"thumbnailUrl":"https:\/\/www.aclanester56.com\/velo\/wp-content\/uploads\/2014\/03\/cyclisme-cyclographe.jpg","articleSection":["AC LANESTER 56"],"inLanguage":"fr-FR","potentialAction":[{"@type":"CommentAction","name":"Comment","target":["https:\/\/www.aclanester56.com\/velo\/rappel-les-entrainements-du-club\/#respond"]}]},{"@type":"WebPage","@id":"https:\/\/www.aclanester56.com\/velo\/rappel-les-entrainements-du-club\/","url":"https:\/\/www.aclanester56.com\/velo\/rappel-les-entrainements-du-club\/","name":"Rappel : les entra\u00eenements du club ... - Avenir Cycliste Lanester 56","isPartOf":{"@id":"https:\/\/www.aclanester56.com\/velo\/#website"},"primaryImageOfPage":{"@id":"https:\/\/www.aclanester56.com\/velo\/rappel-les-entrainements-du-club\/#primaryimage"},"image":{"@id":"https:\/\/www.aclanester56.com\/velo\/rappel-les-entrainements-du-club\/#primaryimage"},"thumbnailUrl":"https:\/\/www.aclanester56.com\/velo\/wp-content\/uploads\/2014\/03\/cyclisme-cyclographe.jpg","datePublished":"2014-03-31T13:02:10+00:00","dateModified":"2014-03-31T13:03:04+00:00","inLanguage":"fr-FR","potentialAction":[{"@type":"ReadAction","target":["https:\/\/www.aclanester56.com\/velo\/rappel-les-entrainements-du-club\/"]}]},{"@type":"ImageObject","inLanguage":"fr-FR","@id":"https:\/\/www.aclanester56.com\/velo\/rappel-les-entrainements-du-club\/#primaryimage","url":"https:\/\/www.aclanester56.com\/velo\/wp-content\/uploads\/2014\/03\/cyclisme-cyclographe.jpg","contentUrl":"https:\/\/www.aclanester56.com\/velo\/wp-content\/uploads\/2014\/03\/cyclisme-cyclographe.jpg","width":800,"height":599},{"@type":"WebSite","@id":"https:\/\/www.aclanester56.com\/velo\/#website","url":"https:\/\/www.aclanester56.com\/velo\/","name":"Avenir Cycliste Lanester 56","description":"Club cycliste de l&#039;AC LANESTER 56","publisher":{"@id":"https:\/\/www.aclanester56.com\/velo\/#organization"},"potentialAction":[{"@type":"SearchAction","target":{"@type":"EntryPoint","urlTemplate":"https:\/\/www.aclanester56.com\/velo\/?s={search_term_string}"},"query-input":{"@type":"PropertyValueSpecification","valueRequired":true,"valueName":"search_term_string"}}],"inLanguage":"fr-FR"},{"@type":"Organization","@id":"https:\/\/www.aclanester56.com\/velo\/#organization","name":"Avenir Cycliste Lanester 56","url":"https:\/\/www.aclanester56.com\/velo\/","logo":{"@type":"ImageObject","inLanguage":"fr-FR","@id":"https:\/\/www.aclanester56.com\/velo\/#\/schema\/logo\/image\/","url":"https:\/\/www.aclanester56.com\/velo\/wp-content\/uploads\/2013\/04\/logo-ACL.jpg","contentUrl":"https:\/\/www.aclanester56.com\/velo\/wp-content\/uploads\/2013\/04\/logo-ACL.jpg","width":400,"height":334,"caption":"Avenir Cycliste Lanester 56"},"image":{"@id":"https:\/\/www.aclanester56.com\/velo\/#\/schema\/logo\/image\/"},"sameAs":["https:\/\/www.facebook.com\/pages\/AC-Lanester-56\/190286300991242?fref=ts"]},{"@type":"Person","@id":"https:\/\/www.aclanester56.com\/velo\/#\/schema\/person\/c844661e64a578ca46639cb0ae764de6","name":"stephane","url":"https:\/\/www.aclanester56.com\/velo\/author\/stephane\/"}]}},"_links":{"self":[{"href":"https:\/\/www.aclanester56.com\/velo\/wp-json\/wp\/v2\/posts\/17623","targetHints":{"allow":["GET"]}}],"collection":[{"href":"https:\/\/www.aclanester56.com\/velo\/wp-json\/wp\/v2\/posts"}],"about":[{"href":"https:\/\/www.aclanester56.com\/velo\/wp-json\/wp\/v2\/types\/post"}],"author":[{"embeddable":true,"href":"https:\/\/www.aclanester56.com\/velo\/wp-json\/wp\/v2\/users\/2"}],"replies":[{"embeddable":true,"href":"https:\/\/www.aclanester56.com\/velo\/wp-json\/wp\/v2\/comments?post=17623"}],"version-history":[{"count":2,"href":"https:\/\/www.aclanester56.com\/velo\/wp-json\/wp\/v2\/posts\/17623\/revisions"}],"predecessor-version":[{"id":17628,"href":"https:\/\/www.aclanester56.com\/velo\/wp-json\/wp\/v2\/posts\/17623\/revisions\/17628"}],"wp:featuredmedia":[{"embeddable":true,"href":"https:\/\/www.aclanester56.com\/velo\/wp-json\/wp\/v2\/media\/17627"}],"wp:attachment":[{"href":"https:\/\/www.aclanester56.com\/velo\/wp-json\/wp\/v2\/media?parent=17623"}],"wp:term":[{"taxonomy":"category","embeddable":true,"href":"https:\/\/www.aclanester56.com\/velo\/wp-json\/wp\/v2\/categories?post=17623"},{"taxonomy":"post_tag","embeddable":true,"href":"https:\/\/www.aclanester56.com\/velo\/wp-json\/wp\/v2\/tags?post=17623"}],"curies":[{"name":"wp","href":"https:\/\/api.w.org\/{rel}","templated":true}]}}