{"id":17661,"date":"2014-04-08T20:44:34","date_gmt":"2014-04-08T18:44:34","guid":{"rendered":"http:\/\/www.aclanester56.com\/velo\/?p=17661"},"modified":"2014-04-08T20:46:13","modified_gmt":"2014-04-08T18:46:13","slug":"nicolas-primas-4eme-du-tour-loire-layon","status":"publish","type":"post","link":"https:\/\/www.aclanester56.com\/velo\/nicolas-primas-4eme-du-tour-loire-layon\/","title":{"rendered":"Nicolas Primas 4\u00e8me du Tour Loire Layon"},"content":{"rendered":"<p><!--more--><\/p>\n<div id=\"attachment_17663\" style=\"width: 410px\" class=\"wp-caption alignright\"><a href=\"http:\/\/www.aclanester56.com\/velo\/wp-content\/uploads\/2014\/04\/Nico-Primas.jpg\"><img loading=\"lazy\" decoding=\"async\" aria-describedby=\"caption-attachment-17663\" src=\"http:\/\/www.aclanester56.com\/velo\/wp-content\/uploads\/2014\/04\/Nico-Primas-800x534.jpg\" alt=\"Le Lanest\u00e9rien Nicolas Primas s&#039;incline de peu pour la 3\u00e8me place !\" width=\"400\" height=\"267\" class=\"size-large wp-image-17663\" srcset=\"https:\/\/www.aclanester56.com\/velo\/wp-content\/uploads\/2014\/04\/Nico-Primas-800x534.jpg 800w, https:\/\/www.aclanester56.com\/velo\/wp-content\/uploads\/2014\/04\/Nico-Primas-300x200.jpg 300w, https:\/\/www.aclanester56.com\/velo\/wp-content\/uploads\/2014\/04\/Nico-Primas-600x400.jpg 600w, https:\/\/www.aclanester56.com\/velo\/wp-content\/uploads\/2014\/04\/Nico-Primas-100x66.jpg 100w, https:\/\/www.aclanester56.com\/velo\/wp-content\/uploads\/2014\/04\/Nico-Primas.jpg 960w\" sizes=\"auto, (max-width: 400px) 100vw, 400px\" \/><\/a><p id=\"caption-attachment-17663\" class=\"wp-caption-text\">Le Lanest\u00e9rien Nicolas Primas s&rsquo;incline de peu pour la 3\u00e8me place !<\/p><\/div>\n<p style=\"text-align: justify;\">Une \u00e9quipe Juniors de l&rsquo;AC Lanester 56 \u00e9tait engag\u00e9e sur la 6\u00e8me \u00e9dition du Tour Loire Layon, une des plus belles \u00e9preuves nationales Juniors du calendrier qui s&rsquo;est disput\u00e9e autour de Challonnes-sur-Loire (Maine-et-Loire). A l&rsquo;issue des 122 Kms de course, le Lanest\u00e9rien Nicolas Primas prend une belle 4\u00e8me place, son co\u00e9quipier Thibault Morvan se montrant \u00e9galement \u00e0 son avantage en terminant 20\u00e8me !<\/p>\n<p style=\"text-align: justify;\"><em>Photos : Marion Denis<\/em><\/p>\n<p><span style=\"text-decoration: underline;\"><strong>Classement :<\/strong><\/span><\/p>\n<p>1 MAUCOURT Jules EV ANGERS DOUTRE Junior 1 les 122,5 km en 3h03&prime;<br \/>2 CHAMAYOU-BRIEN Romain CLUB LIMOUSIN JUNIORS Junior 2<br \/>3 HERBERT Charles VELO CLUB AGESINATE Junior 2<br \/><strong><span style=\"color: #ff6600;\">4 PRIMAS Nicolas AC LANESTER 56 Junior 2<\/span><\/strong><br \/>5 LEPLINGARD Nathan POLE ESPOIRS PAYS DE LOIRE Junior 1<br \/>6 MAHE Youen COMITE DEPARTEMENTAL COTES D&rsquo;ARMOR Junior 2<br \/>7 LHUILIER Simon GSC BLAGNAC VELO SPORT 31 Junior 1<br \/>8 FOUQUET Alexy US ST HERBLAIN Junior 1<br \/>9 SASSIER Corentin COMITE DEPARTEMENTAL INDRE-ET-LOIRE\u00a0 Junior 1<br \/>10 RIOU Alan COMITE DEPARTEMENTAL COTES D&rsquo;ARMOR Junior 1<br \/><span style=\"color: #ff6600;\"><strong>20 MORVAN Thibault AC LANESTER 56 Junior 2<\/strong><\/span><\/p>\n","protected":false},"excerpt":{"rendered":"","protected":false},"author":14,"featured_media":17662,"comment_status":"open","ping_status":"closed","sticky":false,"template":"","format":"standard","meta":{"ngg_post_thumbnail":0,"footnotes":""},"categories":[5,21],"tags":[],"class_list":["post-17661","post","type-post","status-publish","format-standard","has-post-thumbnail","hentry","category-ac-lanester-56","category-resultats-juniors"],"yoast_head":"<!-- This site is optimized with the Yoast SEO plugin v27.5 - https:\/\/yoast.com\/product\/yoast-seo-wordpress\/ -->\n<title>Nicolas Primas 4\u00e8me du Tour Loire Layon - Avenir Cycliste Lanester 56<\/title>\n<meta name=\"robots\" content=\"index, follow, max-snippet:-1, max-image-preview:large, max-video-preview:-1\" \/>\n<link rel=\"canonical\" href=\"https:\/\/www.aclanester56.com\/velo\/nicolas-primas-4eme-du-tour-loire-layon\/\" \/>\n<meta property=\"og:locale\" content=\"fr_FR\" \/>\n<meta property=\"og:type\" content=\"article\" \/>\n<meta property=\"og:title\" content=\"Nicolas Primas 4\u00e8me du Tour Loire Layon - Avenir Cycliste Lanester 56\" \/>\n<meta property=\"og:url\" content=\"https:\/\/www.aclanester56.com\/velo\/nicolas-primas-4eme-du-tour-loire-layon\/\" \/>\n<meta property=\"og:site_name\" content=\"Avenir Cycliste Lanester 56\" \/>\n<meta property=\"article:publisher\" content=\"https:\/\/www.facebook.com\/pages\/AC-Lanester-56\/190286300991242?fref=ts\" \/>\n<meta property=\"article:published_time\" content=\"2014-04-08T18:44:34+00:00\" \/>\n<meta property=\"article:modified_time\" content=\"2014-04-08T18:46:13+00:00\" \/>\n<meta property=\"og:image\" content=\"https:\/\/www.aclanester56.com\/velo\/wp-content\/uploads\/2014\/04\/ACL56-Juniors-Copie.jpg\" \/>\n\t<meta property=\"og:image:width\" content=\"650\" \/>\n\t<meta property=\"og:image:height\" content=\"300\" \/>\n\t<meta property=\"og:image:type\" content=\"image\/jpeg\" \/>\n<meta name=\"author\" content=\"Jean-Christophe\" \/>\n<meta name=\"twitter:label1\" content=\"\u00c9crit par\" \/>\n\t<meta name=\"twitter:data1\" content=\"Jean-Christophe\" \/>\n\t<meta name=\"twitter:label2\" content=\"Dur\u00e9e de lecture estim\u00e9e\" \/>\n\t<meta name=\"twitter:data2\" content=\"1 minute\" \/>\n<script type=\"application\/ld+json\" class=\"yoast-schema-graph\">{\"@context\":\"https:\\\/\\\/schema.org\",\"@graph\":[{\"@type\":\"Article\",\"@id\":\"https:\\\/\\\/www.aclanester56.com\\\/velo\\\/nicolas-primas-4eme-du-tour-loire-layon\\\/#article\",\"isPartOf\":{\"@id\":\"https:\\\/\\\/www.aclanester56.com\\\/velo\\\/nicolas-primas-4eme-du-tour-loire-layon\\\/\"},\"author\":{\"name\":\"Jean-Christophe\",\"@id\":\"https:\\\/\\\/www.aclanester56.com\\\/velo\\\/#\\\/schema\\\/person\\\/ca2a44a5fd969e9dd846c72d3b33bc01\"},\"headline\":\"Nicolas Primas 4\u00e8me du Tour Loire Layon\",\"datePublished\":\"2014-04-08T18:44:34+00:00\",\"dateModified\":\"2014-04-08T18:46:13+00:00\",\"mainEntityOfPage\":{\"@id\":\"https:\\\/\\\/www.aclanester56.com\\\/velo\\\/nicolas-primas-4eme-du-tour-loire-layon\\\/\"},\"wordCount\":167,\"commentCount\":0,\"publisher\":{\"@id\":\"https:\\\/\\\/www.aclanester56.com\\\/velo\\\/#organization\"},\"image\":{\"@id\":\"https:\\\/\\\/www.aclanester56.com\\\/velo\\\/nicolas-primas-4eme-du-tour-loire-layon\\\/#primaryimage\"},\"thumbnailUrl\":\"https:\\\/\\\/www.aclanester56.com\\\/velo\\\/wp-content\\\/uploads\\\/2014\\\/04\\\/ACL56-Juniors-Copie.jpg\",\"articleSection\":[\"AC LANESTER 56\",\"R\u00e9sultats Juniors\"],\"inLanguage\":\"fr-FR\",\"potentialAction\":[{\"@type\":\"CommentAction\",\"name\":\"Comment\",\"target\":[\"https:\\\/\\\/www.aclanester56.com\\\/velo\\\/nicolas-primas-4eme-du-tour-loire-layon\\\/#respond\"]}]},{\"@type\":\"WebPage\",\"@id\":\"https:\\\/\\\/www.aclanester56.com\\\/velo\\\/nicolas-primas-4eme-du-tour-loire-layon\\\/\",\"url\":\"https:\\\/\\\/www.aclanester56.com\\\/velo\\\/nicolas-primas-4eme-du-tour-loire-layon\\\/\",\"name\":\"Nicolas Primas 4\u00e8me du Tour Loire Layon - Avenir Cycliste Lanester 56\",\"isPartOf\":{\"@id\":\"https:\\\/\\\/www.aclanester56.com\\\/velo\\\/#website\"},\"primaryImageOfPage\":{\"@id\":\"https:\\\/\\\/www.aclanester56.com\\\/velo\\\/nicolas-primas-4eme-du-tour-loire-layon\\\/#primaryimage\"},\"image\":{\"@id\":\"https:\\\/\\\/www.aclanester56.com\\\/velo\\\/nicolas-primas-4eme-du-tour-loire-layon\\\/#primaryimage\"},\"thumbnailUrl\":\"https:\\\/\\\/www.aclanester56.com\\\/velo\\\/wp-content\\\/uploads\\\/2014\\\/04\\\/ACL56-Juniors-Copie.jpg\",\"datePublished\":\"2014-04-08T18:44:34+00:00\",\"dateModified\":\"2014-04-08T18:46:13+00:00\",\"inLanguage\":\"fr-FR\",\"potentialAction\":[{\"@type\":\"ReadAction\",\"target\":[\"https:\\\/\\\/www.aclanester56.com\\\/velo\\\/nicolas-primas-4eme-du-tour-loire-layon\\\/\"]}]},{\"@type\":\"ImageObject\",\"inLanguage\":\"fr-FR\",\"@id\":\"https:\\\/\\\/www.aclanester56.com\\\/velo\\\/nicolas-primas-4eme-du-tour-loire-layon\\\/#primaryimage\",\"url\":\"https:\\\/\\\/www.aclanester56.com\\\/velo\\\/wp-content\\\/uploads\\\/2014\\\/04\\\/ACL56-Juniors-Copie.jpg\",\"contentUrl\":\"https:\\\/\\\/www.aclanester56.com\\\/velo\\\/wp-content\\\/uploads\\\/2014\\\/04\\\/ACL56-Juniors-Copie.jpg\",\"width\":650,\"height\":300},{\"@type\":\"WebSite\",\"@id\":\"https:\\\/\\\/www.aclanester56.com\\\/velo\\\/#website\",\"url\":\"https:\\\/\\\/www.aclanester56.com\\\/velo\\\/\",\"name\":\"Avenir Cycliste Lanester 56\",\"description\":\"Club cycliste de l&#039;AC LANESTER 56\",\"publisher\":{\"@id\":\"https:\\\/\\\/www.aclanester56.com\\\/velo\\\/#organization\"},\"potentialAction\":[{\"@type\":\"SearchAction\",\"target\":{\"@type\":\"EntryPoint\",\"urlTemplate\":\"https:\\\/\\\/www.aclanester56.com\\\/velo\\\/?s={search_term_string}\"},\"query-input\":{\"@type\":\"PropertyValueSpecification\",\"valueRequired\":true,\"valueName\":\"search_term_string\"}}],\"inLanguage\":\"fr-FR\"},{\"@type\":\"Organization\",\"@id\":\"https:\\\/\\\/www.aclanester56.com\\\/velo\\\/#organization\",\"name\":\"Avenir Cycliste Lanester 56\",\"url\":\"https:\\\/\\\/www.aclanester56.com\\\/velo\\\/\",\"logo\":{\"@type\":\"ImageObject\",\"inLanguage\":\"fr-FR\",\"@id\":\"https:\\\/\\\/www.aclanester56.com\\\/velo\\\/#\\\/schema\\\/logo\\\/image\\\/\",\"url\":\"https:\\\/\\\/www.aclanester56.com\\\/velo\\\/wp-content\\\/uploads\\\/2013\\\/04\\\/logo-ACL.jpg\",\"contentUrl\":\"https:\\\/\\\/www.aclanester56.com\\\/velo\\\/wp-content\\\/uploads\\\/2013\\\/04\\\/logo-ACL.jpg\",\"width\":400,\"height\":334,\"caption\":\"Avenir Cycliste Lanester 56\"},\"image\":{\"@id\":\"https:\\\/\\\/www.aclanester56.com\\\/velo\\\/#\\\/schema\\\/logo\\\/image\\\/\"},\"sameAs\":[\"https:\\\/\\\/www.facebook.com\\\/pages\\\/AC-Lanester-56\\\/190286300991242?fref=ts\"]},{\"@type\":\"Person\",\"@id\":\"https:\\\/\\\/www.aclanester56.com\\\/velo\\\/#\\\/schema\\\/person\\\/ca2a44a5fd969e9dd846c72d3b33bc01\",\"name\":\"Jean-Christophe\",\"url\":\"https:\\\/\\\/www.aclanester56.com\\\/velo\\\/author\\\/jeanchristophe\\\/\"}]}<\/script>\n<!-- \/ Yoast SEO plugin. -->","yoast_head_json":{"title":"Nicolas Primas 4\u00e8me du Tour Loire Layon - Avenir Cycliste Lanester 56","robots":{"index":"index","follow":"follow","max-snippet":"max-snippet:-1","max-image-preview":"max-image-preview:large","max-video-preview":"max-video-preview:-1"},"canonical":"https:\/\/www.aclanester56.com\/velo\/nicolas-primas-4eme-du-tour-loire-layon\/","og_locale":"fr_FR","og_type":"article","og_title":"Nicolas Primas 4\u00e8me du Tour Loire Layon - Avenir Cycliste Lanester 56","og_url":"https:\/\/www.aclanester56.com\/velo\/nicolas-primas-4eme-du-tour-loire-layon\/","og_site_name":"Avenir Cycliste Lanester 56","article_publisher":"https:\/\/www.facebook.com\/pages\/AC-Lanester-56\/190286300991242?fref=ts","article_published_time":"2014-04-08T18:44:34+00:00","article_modified_time":"2014-04-08T18:46:13+00:00","og_image":[{"width":650,"height":300,"url":"https:\/\/www.aclanester56.com\/velo\/wp-content\/uploads\/2014\/04\/ACL56-Juniors-Copie.jpg","type":"image\/jpeg"}],"author":"Jean-Christophe","twitter_misc":{"\u00c9crit par":"Jean-Christophe","Dur\u00e9e de lecture estim\u00e9e":"1 minute"},"schema":{"@context":"https:\/\/schema.org","@graph":[{"@type":"Article","@id":"https:\/\/www.aclanester56.com\/velo\/nicolas-primas-4eme-du-tour-loire-layon\/#article","isPartOf":{"@id":"https:\/\/www.aclanester56.com\/velo\/nicolas-primas-4eme-du-tour-loire-layon\/"},"author":{"name":"Jean-Christophe","@id":"https:\/\/www.aclanester56.com\/velo\/#\/schema\/person\/ca2a44a5fd969e9dd846c72d3b33bc01"},"headline":"Nicolas Primas 4\u00e8me du Tour Loire Layon","datePublished":"2014-04-08T18:44:34+00:00","dateModified":"2014-04-08T18:46:13+00:00","mainEntityOfPage":{"@id":"https:\/\/www.aclanester56.com\/velo\/nicolas-primas-4eme-du-tour-loire-layon\/"},"wordCount":167,"commentCount":0,"publisher":{"@id":"https:\/\/www.aclanester56.com\/velo\/#organization"},"image":{"@id":"https:\/\/www.aclanester56.com\/velo\/nicolas-primas-4eme-du-tour-loire-layon\/#primaryimage"},"thumbnailUrl":"https:\/\/www.aclanester56.com\/velo\/wp-content\/uploads\/2014\/04\/ACL56-Juniors-Copie.jpg","articleSection":["AC LANESTER 56","R\u00e9sultats Juniors"],"inLanguage":"fr-FR","potentialAction":[{"@type":"CommentAction","name":"Comment","target":["https:\/\/www.aclanester56.com\/velo\/nicolas-primas-4eme-du-tour-loire-layon\/#respond"]}]},{"@type":"WebPage","@id":"https:\/\/www.aclanester56.com\/velo\/nicolas-primas-4eme-du-tour-loire-layon\/","url":"https:\/\/www.aclanester56.com\/velo\/nicolas-primas-4eme-du-tour-loire-layon\/","name":"Nicolas Primas 4\u00e8me du Tour Loire Layon - Avenir Cycliste Lanester 56","isPartOf":{"@id":"https:\/\/www.aclanester56.com\/velo\/#website"},"primaryImageOfPage":{"@id":"https:\/\/www.aclanester56.com\/velo\/nicolas-primas-4eme-du-tour-loire-layon\/#primaryimage"},"image":{"@id":"https:\/\/www.aclanester56.com\/velo\/nicolas-primas-4eme-du-tour-loire-layon\/#primaryimage"},"thumbnailUrl":"https:\/\/www.aclanester56.com\/velo\/wp-content\/uploads\/2014\/04\/ACL56-Juniors-Copie.jpg","datePublished":"2014-04-08T18:44:34+00:00","dateModified":"2014-04-08T18:46:13+00:00","inLanguage":"fr-FR","potentialAction":[{"@type":"ReadAction","target":["https:\/\/www.aclanester56.com\/velo\/nicolas-primas-4eme-du-tour-loire-layon\/"]}]},{"@type":"ImageObject","inLanguage":"fr-FR","@id":"https:\/\/www.aclanester56.com\/velo\/nicolas-primas-4eme-du-tour-loire-layon\/#primaryimage","url":"https:\/\/www.aclanester56.com\/velo\/wp-content\/uploads\/2014\/04\/ACL56-Juniors-Copie.jpg","contentUrl":"https:\/\/www.aclanester56.com\/velo\/wp-content\/uploads\/2014\/04\/ACL56-Juniors-Copie.jpg","width":650,"height":300},{"@type":"WebSite","@id":"https:\/\/www.aclanester56.com\/velo\/#website","url":"https:\/\/www.aclanester56.com\/velo\/","name":"Avenir Cycliste Lanester 56","description":"Club cycliste de l&#039;AC LANESTER 56","publisher":{"@id":"https:\/\/www.aclanester56.com\/velo\/#organization"},"potentialAction":[{"@type":"SearchAction","target":{"@type":"EntryPoint","urlTemplate":"https:\/\/www.aclanester56.com\/velo\/?s={search_term_string}"},"query-input":{"@type":"PropertyValueSpecification","valueRequired":true,"valueName":"search_term_string"}}],"inLanguage":"fr-FR"},{"@type":"Organization","@id":"https:\/\/www.aclanester56.com\/velo\/#organization","name":"Avenir Cycliste Lanester 56","url":"https:\/\/www.aclanester56.com\/velo\/","logo":{"@type":"ImageObject","inLanguage":"fr-FR","@id":"https:\/\/www.aclanester56.com\/velo\/#\/schema\/logo\/image\/","url":"https:\/\/www.aclanester56.com\/velo\/wp-content\/uploads\/2013\/04\/logo-ACL.jpg","contentUrl":"https:\/\/www.aclanester56.com\/velo\/wp-content\/uploads\/2013\/04\/logo-ACL.jpg","width":400,"height":334,"caption":"Avenir Cycliste Lanester 56"},"image":{"@id":"https:\/\/www.aclanester56.com\/velo\/#\/schema\/logo\/image\/"},"sameAs":["https:\/\/www.facebook.com\/pages\/AC-Lanester-56\/190286300991242?fref=ts"]},{"@type":"Person","@id":"https:\/\/www.aclanester56.com\/velo\/#\/schema\/person\/ca2a44a5fd969e9dd846c72d3b33bc01","name":"Jean-Christophe","url":"https:\/\/www.aclanester56.com\/velo\/author\/jeanchristophe\/"}]}},"_links":{"self":[{"href":"https:\/\/www.aclanester56.com\/velo\/wp-json\/wp\/v2\/posts\/17661","targetHints":{"allow":["GET"]}}],"collection":[{"href":"https:\/\/www.aclanester56.com\/velo\/wp-json\/wp\/v2\/posts"}],"about":[{"href":"https:\/\/www.aclanester56.com\/velo\/wp-json\/wp\/v2\/types\/post"}],"author":[{"embeddable":true,"href":"https:\/\/www.aclanester56.com\/velo\/wp-json\/wp\/v2\/users\/14"}],"replies":[{"embeddable":true,"href":"https:\/\/www.aclanester56.com\/velo\/wp-json\/wp\/v2\/comments?post=17661"}],"version-history":[{"count":3,"href":"https:\/\/www.aclanester56.com\/velo\/wp-json\/wp\/v2\/posts\/17661\/revisions"}],"predecessor-version":[{"id":17667,"href":"https:\/\/www.aclanester56.com\/velo\/wp-json\/wp\/v2\/posts\/17661\/revisions\/17667"}],"wp:featuredmedia":[{"embeddable":true,"href":"https:\/\/www.aclanester56.com\/velo\/wp-json\/wp\/v2\/media\/17662"}],"wp:attachment":[{"href":"https:\/\/www.aclanester56.com\/velo\/wp-json\/wp\/v2\/media?parent=17661"}],"wp:term":[{"taxonomy":"category","embeddable":true,"href":"https:\/\/www.aclanester56.com\/velo\/wp-json\/wp\/v2\/categories?post=17661"},{"taxonomy":"post_tag","embeddable":true,"href":"https:\/\/www.aclanester56.com\/velo\/wp-json\/wp\/v2\/tags?post=17661"}],"curies":[{"name":"wp","href":"https:\/\/api.w.org\/{rel}","templated":true}]}}