{"id":17679,"date":"2014-04-13T22:29:40","date_gmt":"2014-04-13T20:29:40","guid":{"rendered":"http:\/\/www.aclanester56.com\/velo\/?p=17679"},"modified":"2014-04-13T22:29:40","modified_gmt":"2014-04-13T20:29:40","slug":"2eme-edition-du-circuit-des-jeunes-a-lanester-le-dimanche-27-avril-2014","status":"publish","type":"post","link":"https:\/\/www.aclanester56.com\/velo\/2eme-edition-du-circuit-des-jeunes-a-lanester-le-dimanche-27-avril-2014\/","title":{"rendered":"2\u00e8me \u00e9dition du Circuit des Jeunes \u00e0 Lanester le dimanche 27 avril 2014"},"content":{"rendered":"<p><!--more--><\/p>\n<p><a href=\"http:\/\/www.aclanester56.com\/velo\/wp-content\/uploads\/2014\/03\/Photo-134.jpg\"><img loading=\"lazy\" decoding=\"async\" src=\"http:\/\/www.aclanester56.com\/velo\/wp-content\/uploads\/2014\/03\/Photo-134-800x600.jpg\" alt=\"Photo 134\" width=\"400\" height=\"300\" class=\"alignright size-large wp-image-17569\" srcset=\"https:\/\/www.aclanester56.com\/velo\/wp-content\/uploads\/2014\/03\/Photo-134-800x600.jpg 800w, https:\/\/www.aclanester56.com\/velo\/wp-content\/uploads\/2014\/03\/Photo-134-300x225.jpg 300w, https:\/\/www.aclanester56.com\/velo\/wp-content\/uploads\/2014\/03\/Photo-134-600x450.jpg 600w, https:\/\/www.aclanester56.com\/velo\/wp-content\/uploads\/2014\/03\/Photo-134-100x75.jpg 100w\" sizes=\"auto, (max-width: 400px) 100vw, 400px\" \/><\/a><\/p>\n<p style=\"text-align: justify;\">L&rsquo;AC Lanester 56 organisera la 2\u00e8me \u00e9dition du Circuit des Jeunes le dimanche 27 avril 2014, avec des \u00e9preuves r\u00e9serv\u00e9es aux Ecoles de Cyclisme, Minimes et Cadets. La manifestation sera parrain\u00e9e par Warren BARGUIL, professionnel de l&rsquo;\u00e9quipe GIANT-SHIMANO et licenci\u00e9 \u00e0 l&rsquo;AC Lanester 56, qui offrira \u00e0 l&rsquo;un des spectateurs la combinaison qu&rsquo;il avait port\u00e9e lors du prologue CLM par \u00e9quipes du Tour d&rsquo;Espagne 2013 sur lequel il a brill\u00e9 en remportant deux \u00e9tapes.<\/p>\n<p style=\"text-align: justify;\">Les \u00e9preuves se disputeront sous le format d&rsquo;un \u00ab\u00a0crit\u00e9rium\u00a0\u00bb sur un circuit court, pour permettre aux spectateurs de profiter davantage du spectacle avec de nombreux passages de coureurs et une attente faible entre chaque tour. Il s&rsquo;agira d&rsquo;un nouveau circuit (correspondant approximativement \u00e0 l&rsquo;ancien circuit du Grand Prix de la Ville de Lanester), et l&rsquo;arriv\u00e9e sera situ\u00e9e sur l&rsquo;Avenue Keslers Devillers \u00e0 Lanester. L&rsquo;entr\u00e9e sera gratuite pour tous.<\/p>\n<p><span style=\"text-decoration: underline;\"><strong>Programme :<\/strong><\/span><br \/><strong>2\u00e8me Circuit des Jeunes \u00e0 Lanester &#8211; Dimanche 27 avril 2014<\/strong><br \/>De 13H \u00e0 14H : Epreuves Pr\u00e9-licenci\u00e9s, Poussins, Pupilles, Benjamins<br \/>14H15 : Minimes (15 tours x 2,1 Km)<br \/>15H30 : Cadets (28 tours x 2,1 Km)<\/p>\n","protected":false},"excerpt":{"rendered":"","protected":false},"author":14,"featured_media":17680,"comment_status":"open","ping_status":"closed","sticky":false,"template":"","format":"standard","meta":{"ngg_post_thumbnail":0,"footnotes":""},"categories":[5,47,7],"tags":[],"class_list":["post-17679","post","type-post","status-publish","format-standard","has-post-thumbnail","hentry","category-ac-lanester-56","category-circuit-des-jeunes","category-organisations"],"yoast_head":"<!-- This site is optimized with the Yoast SEO plugin v27.5 - https:\/\/yoast.com\/product\/yoast-seo-wordpress\/ -->\n<title>2\u00e8me \u00e9dition du Circuit des Jeunes \u00e0 Lanester le dimanche 27 avril 2014 - Avenir Cycliste Lanester 56<\/title>\n<meta name=\"robots\" content=\"index, follow, max-snippet:-1, max-image-preview:large, max-video-preview:-1\" \/>\n<link rel=\"canonical\" href=\"https:\/\/www.aclanester56.com\/velo\/2eme-edition-du-circuit-des-jeunes-a-lanester-le-dimanche-27-avril-2014\/\" \/>\n<meta property=\"og:locale\" content=\"fr_FR\" \/>\n<meta property=\"og:type\" content=\"article\" \/>\n<meta property=\"og:title\" content=\"2\u00e8me \u00e9dition du Circuit des Jeunes \u00e0 Lanester le dimanche 27 avril 2014 - Avenir Cycliste Lanester 56\" \/>\n<meta property=\"og:url\" content=\"https:\/\/www.aclanester56.com\/velo\/2eme-edition-du-circuit-des-jeunes-a-lanester-le-dimanche-27-avril-2014\/\" \/>\n<meta property=\"og:site_name\" content=\"Avenir Cycliste Lanester 56\" \/>\n<meta property=\"article:publisher\" content=\"https:\/\/www.facebook.com\/pages\/AC-Lanester-56\/190286300991242?fref=ts\" \/>\n<meta property=\"article:published_time\" content=\"2014-04-13T20:29:40+00:00\" \/>\n<meta property=\"og:image\" content=\"https:\/\/www.aclanester56.com\/velo\/wp-content\/uploads\/2014\/04\/Johann-Le-Bouedec-Revolt-Copie1.jpg\" \/>\n\t<meta property=\"og:image:width\" content=\"650\" \/>\n\t<meta property=\"og:image:height\" content=\"300\" \/>\n\t<meta property=\"og:image:type\" content=\"image\/jpeg\" \/>\n<meta name=\"author\" content=\"Jean-Christophe\" \/>\n<meta name=\"twitter:label1\" content=\"\u00c9crit par\" \/>\n\t<meta name=\"twitter:data1\" content=\"Jean-Christophe\" \/>\n\t<meta name=\"twitter:label2\" content=\"Dur\u00e9e de lecture estim\u00e9e\" \/>\n\t<meta name=\"twitter:data2\" content=\"1 minute\" \/>\n<script type=\"application\/ld+json\" class=\"yoast-schema-graph\">{\"@context\":\"https:\\\/\\\/schema.org\",\"@graph\":[{\"@type\":\"Article\",\"@id\":\"https:\\\/\\\/www.aclanester56.com\\\/velo\\\/2eme-edition-du-circuit-des-jeunes-a-lanester-le-dimanche-27-avril-2014\\\/#article\",\"isPartOf\":{\"@id\":\"https:\\\/\\\/www.aclanester56.com\\\/velo\\\/2eme-edition-du-circuit-des-jeunes-a-lanester-le-dimanche-27-avril-2014\\\/\"},\"author\":{\"name\":\"Jean-Christophe\",\"@id\":\"https:\\\/\\\/www.aclanester56.com\\\/velo\\\/#\\\/schema\\\/person\\\/ca2a44a5fd969e9dd846c72d3b33bc01\"},\"headline\":\"2\u00e8me \u00e9dition du Circuit des Jeunes \u00e0 Lanester le dimanche 27 avril 2014\",\"datePublished\":\"2014-04-13T20:29:40+00:00\",\"mainEntityOfPage\":{\"@id\":\"https:\\\/\\\/www.aclanester56.com\\\/velo\\\/2eme-edition-du-circuit-des-jeunes-a-lanester-le-dimanche-27-avril-2014\\\/\"},\"wordCount\":181,\"commentCount\":1,\"publisher\":{\"@id\":\"https:\\\/\\\/www.aclanester56.com\\\/velo\\\/#organization\"},\"image\":{\"@id\":\"https:\\\/\\\/www.aclanester56.com\\\/velo\\\/2eme-edition-du-circuit-des-jeunes-a-lanester-le-dimanche-27-avril-2014\\\/#primaryimage\"},\"thumbnailUrl\":\"https:\\\/\\\/www.aclanester56.com\\\/velo\\\/wp-content\\\/uploads\\\/2014\\\/04\\\/Johann-Le-Bouedec-Revolt-Copie1.jpg\",\"articleSection\":[\"AC LANESTER 56\",\"Le circuit des Jeunes\",\"Les organisations\"],\"inLanguage\":\"fr-FR\",\"potentialAction\":[{\"@type\":\"CommentAction\",\"name\":\"Comment\",\"target\":[\"https:\\\/\\\/www.aclanester56.com\\\/velo\\\/2eme-edition-du-circuit-des-jeunes-a-lanester-le-dimanche-27-avril-2014\\\/#respond\"]}]},{\"@type\":\"WebPage\",\"@id\":\"https:\\\/\\\/www.aclanester56.com\\\/velo\\\/2eme-edition-du-circuit-des-jeunes-a-lanester-le-dimanche-27-avril-2014\\\/\",\"url\":\"https:\\\/\\\/www.aclanester56.com\\\/velo\\\/2eme-edition-du-circuit-des-jeunes-a-lanester-le-dimanche-27-avril-2014\\\/\",\"name\":\"2\u00e8me \u00e9dition du Circuit des Jeunes \u00e0 Lanester le dimanche 27 avril 2014 - Avenir Cycliste Lanester 56\",\"isPartOf\":{\"@id\":\"https:\\\/\\\/www.aclanester56.com\\\/velo\\\/#website\"},\"primaryImageOfPage\":{\"@id\":\"https:\\\/\\\/www.aclanester56.com\\\/velo\\\/2eme-edition-du-circuit-des-jeunes-a-lanester-le-dimanche-27-avril-2014\\\/#primaryimage\"},\"image\":{\"@id\":\"https:\\\/\\\/www.aclanester56.com\\\/velo\\\/2eme-edition-du-circuit-des-jeunes-a-lanester-le-dimanche-27-avril-2014\\\/#primaryimage\"},\"thumbnailUrl\":\"https:\\\/\\\/www.aclanester56.com\\\/velo\\\/wp-content\\\/uploads\\\/2014\\\/04\\\/Johann-Le-Bouedec-Revolt-Copie1.jpg\",\"datePublished\":\"2014-04-13T20:29:40+00:00\",\"inLanguage\":\"fr-FR\",\"potentialAction\":[{\"@type\":\"ReadAction\",\"target\":[\"https:\\\/\\\/www.aclanester56.com\\\/velo\\\/2eme-edition-du-circuit-des-jeunes-a-lanester-le-dimanche-27-avril-2014\\\/\"]}]},{\"@type\":\"ImageObject\",\"inLanguage\":\"fr-FR\",\"@id\":\"https:\\\/\\\/www.aclanester56.com\\\/velo\\\/2eme-edition-du-circuit-des-jeunes-a-lanester-le-dimanche-27-avril-2014\\\/#primaryimage\",\"url\":\"https:\\\/\\\/www.aclanester56.com\\\/velo\\\/wp-content\\\/uploads\\\/2014\\\/04\\\/Johann-Le-Bouedec-Revolt-Copie1.jpg\",\"contentUrl\":\"https:\\\/\\\/www.aclanester56.com\\\/velo\\\/wp-content\\\/uploads\\\/2014\\\/04\\\/Johann-Le-Bouedec-Revolt-Copie1.jpg\",\"width\":650,\"height\":300},{\"@type\":\"WebSite\",\"@id\":\"https:\\\/\\\/www.aclanester56.com\\\/velo\\\/#website\",\"url\":\"https:\\\/\\\/www.aclanester56.com\\\/velo\\\/\",\"name\":\"Avenir Cycliste Lanester 56\",\"description\":\"Club cycliste de l&#039;AC LANESTER 56\",\"publisher\":{\"@id\":\"https:\\\/\\\/www.aclanester56.com\\\/velo\\\/#organization\"},\"potentialAction\":[{\"@type\":\"SearchAction\",\"target\":{\"@type\":\"EntryPoint\",\"urlTemplate\":\"https:\\\/\\\/www.aclanester56.com\\\/velo\\\/?s={search_term_string}\"},\"query-input\":{\"@type\":\"PropertyValueSpecification\",\"valueRequired\":true,\"valueName\":\"search_term_string\"}}],\"inLanguage\":\"fr-FR\"},{\"@type\":\"Organization\",\"@id\":\"https:\\\/\\\/www.aclanester56.com\\\/velo\\\/#organization\",\"name\":\"Avenir Cycliste Lanester 56\",\"url\":\"https:\\\/\\\/www.aclanester56.com\\\/velo\\\/\",\"logo\":{\"@type\":\"ImageObject\",\"inLanguage\":\"fr-FR\",\"@id\":\"https:\\\/\\\/www.aclanester56.com\\\/velo\\\/#\\\/schema\\\/logo\\\/image\\\/\",\"url\":\"https:\\\/\\\/www.aclanester56.com\\\/velo\\\/wp-content\\\/uploads\\\/2013\\\/04\\\/logo-ACL.jpg\",\"contentUrl\":\"https:\\\/\\\/www.aclanester56.com\\\/velo\\\/wp-content\\\/uploads\\\/2013\\\/04\\\/logo-ACL.jpg\",\"width\":400,\"height\":334,\"caption\":\"Avenir Cycliste Lanester 56\"},\"image\":{\"@id\":\"https:\\\/\\\/www.aclanester56.com\\\/velo\\\/#\\\/schema\\\/logo\\\/image\\\/\"},\"sameAs\":[\"https:\\\/\\\/www.facebook.com\\\/pages\\\/AC-Lanester-56\\\/190286300991242?fref=ts\"]},{\"@type\":\"Person\",\"@id\":\"https:\\\/\\\/www.aclanester56.com\\\/velo\\\/#\\\/schema\\\/person\\\/ca2a44a5fd969e9dd846c72d3b33bc01\",\"name\":\"Jean-Christophe\",\"url\":\"https:\\\/\\\/www.aclanester56.com\\\/velo\\\/author\\\/jeanchristophe\\\/\"}]}<\/script>\n<!-- \/ Yoast SEO plugin. -->","yoast_head_json":{"title":"2\u00e8me \u00e9dition du Circuit des Jeunes \u00e0 Lanester le dimanche 27 avril 2014 - Avenir Cycliste Lanester 56","robots":{"index":"index","follow":"follow","max-snippet":"max-snippet:-1","max-image-preview":"max-image-preview:large","max-video-preview":"max-video-preview:-1"},"canonical":"https:\/\/www.aclanester56.com\/velo\/2eme-edition-du-circuit-des-jeunes-a-lanester-le-dimanche-27-avril-2014\/","og_locale":"fr_FR","og_type":"article","og_title":"2\u00e8me \u00e9dition du Circuit des Jeunes \u00e0 Lanester le dimanche 27 avril 2014 - Avenir Cycliste Lanester 56","og_url":"https:\/\/www.aclanester56.com\/velo\/2eme-edition-du-circuit-des-jeunes-a-lanester-le-dimanche-27-avril-2014\/","og_site_name":"Avenir Cycliste Lanester 56","article_publisher":"https:\/\/www.facebook.com\/pages\/AC-Lanester-56\/190286300991242?fref=ts","article_published_time":"2014-04-13T20:29:40+00:00","og_image":[{"width":650,"height":300,"url":"https:\/\/www.aclanester56.com\/velo\/wp-content\/uploads\/2014\/04\/Johann-Le-Bouedec-Revolt-Copie1.jpg","type":"image\/jpeg"}],"author":"Jean-Christophe","twitter_misc":{"\u00c9crit par":"Jean-Christophe","Dur\u00e9e de lecture estim\u00e9e":"1 minute"},"schema":{"@context":"https:\/\/schema.org","@graph":[{"@type":"Article","@id":"https:\/\/www.aclanester56.com\/velo\/2eme-edition-du-circuit-des-jeunes-a-lanester-le-dimanche-27-avril-2014\/#article","isPartOf":{"@id":"https:\/\/www.aclanester56.com\/velo\/2eme-edition-du-circuit-des-jeunes-a-lanester-le-dimanche-27-avril-2014\/"},"author":{"name":"Jean-Christophe","@id":"https:\/\/www.aclanester56.com\/velo\/#\/schema\/person\/ca2a44a5fd969e9dd846c72d3b33bc01"},"headline":"2\u00e8me \u00e9dition du Circuit des Jeunes \u00e0 Lanester le dimanche 27 avril 2014","datePublished":"2014-04-13T20:29:40+00:00","mainEntityOfPage":{"@id":"https:\/\/www.aclanester56.com\/velo\/2eme-edition-du-circuit-des-jeunes-a-lanester-le-dimanche-27-avril-2014\/"},"wordCount":181,"commentCount":1,"publisher":{"@id":"https:\/\/www.aclanester56.com\/velo\/#organization"},"image":{"@id":"https:\/\/www.aclanester56.com\/velo\/2eme-edition-du-circuit-des-jeunes-a-lanester-le-dimanche-27-avril-2014\/#primaryimage"},"thumbnailUrl":"https:\/\/www.aclanester56.com\/velo\/wp-content\/uploads\/2014\/04\/Johann-Le-Bouedec-Revolt-Copie1.jpg","articleSection":["AC LANESTER 56","Le circuit des Jeunes","Les organisations"],"inLanguage":"fr-FR","potentialAction":[{"@type":"CommentAction","name":"Comment","target":["https:\/\/www.aclanester56.com\/velo\/2eme-edition-du-circuit-des-jeunes-a-lanester-le-dimanche-27-avril-2014\/#respond"]}]},{"@type":"WebPage","@id":"https:\/\/www.aclanester56.com\/velo\/2eme-edition-du-circuit-des-jeunes-a-lanester-le-dimanche-27-avril-2014\/","url":"https:\/\/www.aclanester56.com\/velo\/2eme-edition-du-circuit-des-jeunes-a-lanester-le-dimanche-27-avril-2014\/","name":"2\u00e8me \u00e9dition du Circuit des Jeunes \u00e0 Lanester le dimanche 27 avril 2014 - Avenir Cycliste Lanester 56","isPartOf":{"@id":"https:\/\/www.aclanester56.com\/velo\/#website"},"primaryImageOfPage":{"@id":"https:\/\/www.aclanester56.com\/velo\/2eme-edition-du-circuit-des-jeunes-a-lanester-le-dimanche-27-avril-2014\/#primaryimage"},"image":{"@id":"https:\/\/www.aclanester56.com\/velo\/2eme-edition-du-circuit-des-jeunes-a-lanester-le-dimanche-27-avril-2014\/#primaryimage"},"thumbnailUrl":"https:\/\/www.aclanester56.com\/velo\/wp-content\/uploads\/2014\/04\/Johann-Le-Bouedec-Revolt-Copie1.jpg","datePublished":"2014-04-13T20:29:40+00:00","inLanguage":"fr-FR","potentialAction":[{"@type":"ReadAction","target":["https:\/\/www.aclanester56.com\/velo\/2eme-edition-du-circuit-des-jeunes-a-lanester-le-dimanche-27-avril-2014\/"]}]},{"@type":"ImageObject","inLanguage":"fr-FR","@id":"https:\/\/www.aclanester56.com\/velo\/2eme-edition-du-circuit-des-jeunes-a-lanester-le-dimanche-27-avril-2014\/#primaryimage","url":"https:\/\/www.aclanester56.com\/velo\/wp-content\/uploads\/2014\/04\/Johann-Le-Bouedec-Revolt-Copie1.jpg","contentUrl":"https:\/\/www.aclanester56.com\/velo\/wp-content\/uploads\/2014\/04\/Johann-Le-Bouedec-Revolt-Copie1.jpg","width":650,"height":300},{"@type":"WebSite","@id":"https:\/\/www.aclanester56.com\/velo\/#website","url":"https:\/\/www.aclanester56.com\/velo\/","name":"Avenir Cycliste Lanester 56","description":"Club cycliste de l&#039;AC LANESTER 56","publisher":{"@id":"https:\/\/www.aclanester56.com\/velo\/#organization"},"potentialAction":[{"@type":"SearchAction","target":{"@type":"EntryPoint","urlTemplate":"https:\/\/www.aclanester56.com\/velo\/?s={search_term_string}"},"query-input":{"@type":"PropertyValueSpecification","valueRequired":true,"valueName":"search_term_string"}}],"inLanguage":"fr-FR"},{"@type":"Organization","@id":"https:\/\/www.aclanester56.com\/velo\/#organization","name":"Avenir Cycliste Lanester 56","url":"https:\/\/www.aclanester56.com\/velo\/","logo":{"@type":"ImageObject","inLanguage":"fr-FR","@id":"https:\/\/www.aclanester56.com\/velo\/#\/schema\/logo\/image\/","url":"https:\/\/www.aclanester56.com\/velo\/wp-content\/uploads\/2013\/04\/logo-ACL.jpg","contentUrl":"https:\/\/www.aclanester56.com\/velo\/wp-content\/uploads\/2013\/04\/logo-ACL.jpg","width":400,"height":334,"caption":"Avenir Cycliste Lanester 56"},"image":{"@id":"https:\/\/www.aclanester56.com\/velo\/#\/schema\/logo\/image\/"},"sameAs":["https:\/\/www.facebook.com\/pages\/AC-Lanester-56\/190286300991242?fref=ts"]},{"@type":"Person","@id":"https:\/\/www.aclanester56.com\/velo\/#\/schema\/person\/ca2a44a5fd969e9dd846c72d3b33bc01","name":"Jean-Christophe","url":"https:\/\/www.aclanester56.com\/velo\/author\/jeanchristophe\/"}]}},"_links":{"self":[{"href":"https:\/\/www.aclanester56.com\/velo\/wp-json\/wp\/v2\/posts\/17679","targetHints":{"allow":["GET"]}}],"collection":[{"href":"https:\/\/www.aclanester56.com\/velo\/wp-json\/wp\/v2\/posts"}],"about":[{"href":"https:\/\/www.aclanester56.com\/velo\/wp-json\/wp\/v2\/types\/post"}],"author":[{"embeddable":true,"href":"https:\/\/www.aclanester56.com\/velo\/wp-json\/wp\/v2\/users\/14"}],"replies":[{"embeddable":true,"href":"https:\/\/www.aclanester56.com\/velo\/wp-json\/wp\/v2\/comments?post=17679"}],"version-history":[{"count":3,"href":"https:\/\/www.aclanester56.com\/velo\/wp-json\/wp\/v2\/posts\/17679\/revisions"}],"predecessor-version":[{"id":17683,"href":"https:\/\/www.aclanester56.com\/velo\/wp-json\/wp\/v2\/posts\/17679\/revisions\/17683"}],"wp:featuredmedia":[{"embeddable":true,"href":"https:\/\/www.aclanester56.com\/velo\/wp-json\/wp\/v2\/media\/17680"}],"wp:attachment":[{"href":"https:\/\/www.aclanester56.com\/velo\/wp-json\/wp\/v2\/media?parent=17679"}],"wp:term":[{"taxonomy":"category","embeddable":true,"href":"https:\/\/www.aclanester56.com\/velo\/wp-json\/wp\/v2\/categories?post=17679"},{"taxonomy":"post_tag","embeddable":true,"href":"https:\/\/www.aclanester56.com\/velo\/wp-json\/wp\/v2\/tags?post=17679"}],"curies":[{"name":"wp","href":"https:\/\/api.w.org\/{rel}","templated":true}]}}