{"id":17725,"date":"2014-05-05T23:59:05","date_gmt":"2014-05-05T21:59:05","guid":{"rendered":"http:\/\/www.aclanester56.com\/velo\/?p=17725"},"modified":"2014-05-06T21:21:53","modified_gmt":"2014-05-06T19:21:53","slug":"2eme-circuit-jeunes-les-classements","status":"publish","type":"post","link":"https:\/\/www.aclanester56.com\/velo\/2eme-circuit-jeunes-les-classements\/","title":{"rendered":"2\u00e8me Circuit des Jeunes : les classements"},"content":{"rendered":"<p><!--more--><\/p>\n<p>Retrouvez les classements du 2\u00e8me Circuit des Jeunes ci-dessous :<\/p>\n<p><strong>Pr\u00e9-Licenci\u00e9s :<\/strong><br \/>\n1 CUSHWAY RAFE VELOCE VANNETAIS<br \/>\n2 EVENO HUGO VELOCE VANNETAIS<br \/>\n3 FALCHIER GWENOLE AC TREGUNCOISE<br \/>\n4 PERENNES THEO\u00a0VS\u00a0QUIMPEROIS<br \/>\n5 GERMAIN STEVANN EC QUEVENOISE<br \/>\n6 ROUAT JESSICA MOELAN CYCLO CLUB<\/p>\n<p><strong>Poussins :<\/strong><br \/>\n1 LE HENANF HUGO OC LOCMINE<br \/>\n2 PARIS THEO UC QUIMPERLOISE<br \/>\n3 LE ROUX ARTHUR AC LANESTER 56<br \/>\n4 LANGLO MAIWENN\u00a0UC INGUINIEL<br \/>\n5 THOMAZO HANRION ESTEBAN AC LANESTER 56<br \/>\n6 HINAULT JULIEN VELOCE VANNETAIS<br \/>\n7 SAMSON BAPTISTE UC CARHAIX<br \/>\n8 ZARAGOZA NOAH AC PAYS DE BAUD<br \/>\n9 CAMBAUD-PINON MARIUS\u00a0UCK VANNES<br \/>\n10 CHARRIER DEWI\u00a0ACP BAUD<br \/>\n11 LE NADAN ARTHUR UC QUIMPERLOISE<br \/>\n12 ROUAT ILONA MOELAN CYCLO CLUB<br \/>\n13 DREANO CLARA OC LOCMINE<br \/>\n14 LOUSSOUAN LUCAS AC LANESTER 56<br \/>\n15 PHILIPPE Eva UC QUIMPERLOISE<br \/>\n16 RIGOUS LOANE AC TREGUNCOISE<br \/>\n17 BETHON OCEANE VS SCAEROIS<\/p>\n<p><strong>Pupilles :<\/strong><br \/>\n1 CUSHWAY MAXIMILIAN VELOCE VANNETAIS<br \/>\n2 SIVIGNON ERWAN UC QUIMPERLOISE<br \/>\n3 CHOUPAUX YOANN CC UZELAIS<br \/>\n4 MOULIN PIERIK VS QUIMPEROIS<br \/>\n5 LE NADAN KENAN UC QUIMPERLOISE<br \/>\n6 TREGOUET MAURENE VELOCE VANNETAIS<br \/>\n7 LE GUILLANT MATHIS UC ALREENNE<br \/>\n8 PERENNES KILIAN VS QUIMPEROIS<br \/>\n9 CONANEC MARTIN\u00a0ACP\u00a0BAUD<br \/>\n10 CIEUTAT JULES VC BELLILOIS<br \/>\n11 BELLANGER ALEXIS\u00a0UCP\u00a0JOSSELIN<br \/>\n12 CAMBAUD-PINON TIMEO\u00a0UCK DE VANNES<br \/>\n13 BENOIST TRISTAN UC ALREENNE<br \/>\n14 LE HENANF MATHEO OC LOCMINE<br \/>\n15 FALCHIER ALEXIS AC TREGUNCOISE<br \/>\n16 CELTON YOANN UC ALREENNE<br \/>\n17 LECLERCQ MELANIE UC QUIMPERLOISE<br \/>\n18 PORTUGAL JORIS VC BELLILOIS<br \/>\n19 DANIEL MELVIN VC BELLILOIS<br \/>\n20 LE FUR CLEMENT EC PLUVIGNOISE<br \/>\n21 LE BIDEAU LOUIS EC QUEVENOISE<br \/>\n22 LE GUEN KYLIAN AC PAYS DE BAUD<br \/>\n23 SAMSON VALENTIN\u00a0UC CARHAIX<br \/>\n24 ROUAT MELISSA MOELAN CYCLO CLUB<br \/>\n25 GUILLAUME VALENTIN UC PAYS DE JOSSELIN<br \/>\n26 LANGLO CORENTIN UC INGUINIEL<br \/>\n27 GUEGAN ENZO AC LANESTER 56<br \/>\n28 CHARRIER HOUARNO ACP\u00a0BAUD<br \/>\n29 LE GALL BAPTISTE AC LANESTER 56<br \/>\n30 UHEL JUHEL KYLIAN AC LANESTER 56<br \/>\n31 HERIQUET NOHAN UC\u00a0QUIMPERLE<br \/>\n32 GIQUEL GWLADYS EC PLUVIGNOISE<br \/>\n33 LE CADRE QUENTIN UCK DE VANNES<br \/>\n34 LE MOINE CLEMENT VELOCE VANNETAIS<br \/>\n35 PHILIPPE ESTEBAN UC QUIMPERLOISE<br \/>\n36 LE CHENADEC JULIAN AC PAYS DE BAUD<br \/>\n37 MAZEYRAT CALVIN UC ALREENNE<br \/>\n38 OLLIVIER ENZO VC PAYS DE LORIENT<br \/>\n39 BAUCHE ELOISE UC PAYS DE JOSSELIN<br \/>\n40 WIDMAIER FLORIAN EC QUEVENOISE<br \/>\n41 PASCO JONATHAN UC\u00a0INGUINIEL<br \/>\n&#8211; GERMAIN ALICIA EC QUEVENOISE<\/p>\n<p><strong>Benjamins :<\/strong><br \/>\n1 LE DEUNFF MARIE MORGANE EC PLESTIN PAYS TREGOR<br \/>\n2 GUYOT JORDAN AC PAYS DE BAUD<br \/>\n3 HINAULT THOMAS VELOCE VANNETAIS<br \/>\n4 LE MAT HUGO EC QUEVENOISE<br \/>\n5 LE HUITOUZE EDDY EC PLUVIGNOISE<br \/>\n6 LE MER QUENTIN EC PLUVIGNOISE<br \/>\n7 STEVANT MALO VELOCE VANNETAIS<br \/>\n8 CONAN GUERLAIN VC BELLILOIS<br \/>\n9 LE MEUT ADRIEN VELOCE VANNETAIS<br \/>\n10 GUILLOME AXEL AC PAYS DE BAUD<br \/>\n11 VACHEY LORELE\u00cf AC PAYS DE BAUD<br \/>\n12 GUIDEC RAPHAEL OC LOCMINE<br \/>\n13 LE BRISSE HUGO UC QUIMPERLOISE<br \/>\n14 BACHIR MEHDI AC LANESTER 56<br \/>\n15 SOUFFOY JULIEN SC MALESTROIT<br \/>\n16 LHUMEAU ELSA VELOCE VANNETAIS<br \/>\n17 LE FRESNE ANTOINE VS QUIMPEROIS<br \/>\n18 CARIOU JULIAN VS QUIMPEROIS<br \/>\n19 LE ROUX AXEL MOELAN CYCLO CLUB<br \/>\n20 JOUY ENZO CC BOURG BLANC<br \/>\n21 LE ROY CHLOE MOELAN CYCLO CLUB<br \/>\n22 BAUCHERON MATHIS REDON OC<br \/>\n23 SABOUREAU NATHANAEL AC TREGUNCOISE<br \/>\n24 THIERRY PIERRE SC MALESTROIT<br \/>\n25 Le Sausse VALENTIN AC LANESTER 56<br \/>\n26 CONANEC NICOLAS AC PAYS DE BAUD<br \/>\n27 GERMAIN KYLIAN EC QUEVENOISE<br \/>\n28 VALLEE CLEMENT VS SCAEROIS<br \/>\n29 HUET GAETAN AC PAYS DE BAUD<br \/>\n30 SCOURZIC YOUENN VC LANGUIDIC<br \/>\n31 HUET NICOLAS EC PLUVIGNER<br \/>\n32 APVRILLE JULIAN UC ALREENNE<br \/>\n33 LE COZ ALEXANDRE AC LANESTER 56<br \/>\n34 GUILLAUME EWEN VELOCE VANNETAIS<br \/>\n35 CADORET THEOTIME AC LANESTER 56<br \/>\n36 LANGLO MORGANE UC INGUINIEL<br \/>\n37 HERVIOU PAUL TEAM CHATOU CYCLISME<br \/>\n38 MORICE HUGO UC ALREENNE<br \/>\n39 MOELO MONTSE MOELAN CYCLO CLUB<br \/>\n40 BOUEDO ANTOINE VELOCE VANNETAIS<br \/>\n41 PELIZZARI ANTOINE VC LANGUIDIC<br \/>\n42 GUIGO YOUWAN UC QUIMPERLOISE<br \/>\n43 CAMENEN MARIE EC QUEVENOISE<br \/>\n44 DREANO VICTOR OC LOCMINE<br \/>\n45 LE TUTOUR GURVAN UC ALREENNE<br \/>\n46 LE ROMANCER ANTOINE UC ALREENNE<br \/>\n47 LE DU ERELL UC PAYS PLOUAY<br \/>\n48 LE GOFF MATHIEU AC PAYS DE BAUD<br \/>\n49 LE PALLEC ENZO EC PLUVIGNOISE<br \/>\n50 QUELARD ANTONIN SC MALESTROIT<br \/>\n51 LE GUYADER TIFENN AC TREGUNCOISE<br \/>\n52 LE DANVIC JEAN VINCENT UC INGUINIEL<br \/>\n53 LE SCOUARNEC CHLOE UC PAYS PLOUAY<br \/>\n54 LE BRIS TRISTAN AC LANESTER 56<br \/>\n55 LE MANOUR EVAN UC ALREENNE<br \/>\n56 PARIS CORALY UC QUIMPERLOISE<br \/>\n57 COSTE GREGORY MOELAN CYCLO CLUB<\/p>\n<p><strong>Minimes :<\/strong><br \/>\n1 FERCOQ MERIL UC CARHAIX<br \/>\n2 LE BIHAN MATHIAS UC CARHAIX<br \/>\n3 LE FALHER BAPTISTE UC ALREENNE<br \/>\n4 MOLINARO BENJAMIN OC LOCMINE<br \/>\n5 JOSSIER CLEMENT VC PAYS DE LOUDEAC<br \/>\n6 SPAGNESI VALENTIN VC PAYS DE LOUDEAC<br \/>\n7 RIBEIRO AXEL UC QUIMPERLOISE<br \/>\n8 RATTI ENZO VELOCE VANNETAIS.<br \/>\n9 LAUNAY BAPTISTE EC QUEVENOISE<br \/>\n10 DANIEL JULES UC QUIMPERLOISE<br \/>\n11 LAURANCE AXEL UC PAYS PLOUAY<br \/>\n12 AUDO CORENTIN VC LANGUIDIC<br \/>\n13 BESNARD RAPHAEL UC PAYS DE JOSSELIN<br \/>\n14 TREGOUET LOUISON VELOCE VANNETAIS<br \/>\n15 DAVID LOUISON SC MALESTROIT<br \/>\n16 VOISIN MAXIME UC PAYS DE JOSSELIN<br \/>\n17 GUIDEC TIMOTHEE OC LOCMINE<br \/>\n18 STEVANT VICTOR VELOCE VANNETAIS<br \/>\n19 GUILLERME KEVIN VC BELLILOIS<br \/>\n20 TOMASSACCI ROMAIN UC ALREENNE<br \/>\n21 TANGUY QUENTIN AC PAYS DE BAUD<br \/>\n22 JEHANNO MARIO OC LOCMINE<br \/>\n23 CUSHWAY CHARLES VELOCE VANNETAIS<br \/>\n24 PECHEUR ROMAIN VC PAYS DE LOUDEAC<br \/>\n25 GUILLEMOT SYLVAIN UC PAYS DE JOSSELIN<br \/>\n26 IKEN BASTIEN UC PAYS PLOUAY<br \/>\n27 MARIE BENJAMIN AC PAYS DE BAUD<br \/>\n28 LE ROUX ALEXIS UC QUIMPERLOISE<br \/>\n29 GOUAULT LAMOUR VICTOR VELOCE VANNETAIS<br \/>\n30 LE CROM CHARLES AC LANESTER 56<br \/>\n31 BALTENWECK ANDREAS AC PAYS DE BAUD<br \/>\n32 CHOUPAUX STEVEN CC UZELAIS<br \/>\n33 LE MOUEL GWENDAL VC LANGUIDIC<br \/>\n34 PASCO VALENTIN UC INGUINIEL<\/p>\n<p><strong>Cadets :<\/strong><br \/>\n1 LECLERCQ JULIEN EC QUEVENOISE<br \/>\n2 LE PENNEC GUERAND AC PAYS DE BAUD<br \/>\n3 LE GLOAHEC ANTHONY UC ALREENNE<br \/>\n4 LE NY JEAN LOUIS VELOCE VANNETAIS<br \/>\n5 LE TALLEC JEREMY MOELAN CYCLO CLUB<br \/>\n6 LE FRESNE Julien CC CONCARNOIS<br \/>\n7 DAUPHIN FLORIAN UC QUIMPERLOISE<br \/>\n8 LE FALHER ERWAN UC ALREENNE<br \/>\n9 LE VIGOUROUX BAPTISTE VELOCE VANNETAIS<br \/>\n10 ANDRE NATHAN AC LANESTER 56<br \/>\n11 HEMERY EWEN VC BELLILOIS<br \/>\n12 ROUZAU THIBAULT AC LANESTER 56<br \/>\n13 CHENAIS CORENTIN UC INGUINIEL<br \/>\n14 MOELO BRANN MOELAN CYCLO CLUB<br \/>\n15 LE CHENADEC ANTOINE AC LANESTER 56<br \/>\n16 GRAVOT BAPTISTE OC LOCMINE<\/p>\n<p>&nbsp;<\/p>\n","protected":false},"excerpt":{"rendered":"","protected":false},"author":14,"featured_media":17727,"comment_status":"open","ping_status":"closed","sticky":false,"template":"","format":"standard","meta":{"ngg_post_thumbnail":0,"footnotes":""},"categories":[5,47,7],"tags":[],"class_list":["post-17725","post","type-post","status-publish","format-standard","has-post-thumbnail","hentry","category-ac-lanester-56","category-circuit-des-jeunes","category-organisations"],"yoast_head":"<!-- This site is optimized with the Yoast SEO plugin v27.5 - https:\/\/yoast.com\/product\/yoast-seo-wordpress\/ -->\n<title>2\u00e8me Circuit des Jeunes : les classements - Avenir Cycliste Lanester 56<\/title>\n<meta name=\"robots\" content=\"index, follow, max-snippet:-1, max-image-preview:large, max-video-preview:-1\" \/>\n<link rel=\"canonical\" href=\"https:\/\/www.aclanester56.com\/velo\/2eme-circuit-jeunes-les-classements\/\" \/>\n<meta property=\"og:locale\" content=\"fr_FR\" \/>\n<meta property=\"og:type\" content=\"article\" \/>\n<meta property=\"og:title\" content=\"2\u00e8me Circuit des Jeunes : les classements - Avenir Cycliste Lanester 56\" \/>\n<meta property=\"og:url\" content=\"https:\/\/www.aclanester56.com\/velo\/2eme-circuit-jeunes-les-classements\/\" \/>\n<meta property=\"og:site_name\" content=\"Avenir Cycliste Lanester 56\" \/>\n<meta property=\"article:publisher\" content=\"https:\/\/www.facebook.com\/pages\/AC-Lanester-56\/190286300991242?fref=ts\" \/>\n<meta property=\"article:published_time\" content=\"2014-05-05T21:59:05+00:00\" \/>\n<meta property=\"article:modified_time\" content=\"2014-05-06T19:21:53+00:00\" \/>\n<meta property=\"og:image\" content=\"https:\/\/www.aclanester56.com\/velo\/wp-content\/uploads\/2014\/04\/Sans-titre.png\" \/>\n\t<meta property=\"og:image:width\" content=\"650\" \/>\n\t<meta property=\"og:image:height\" content=\"300\" \/>\n\t<meta property=\"og:image:type\" content=\"image\/png\" \/>\n<meta name=\"author\" content=\"Jean-Christophe\" \/>\n<meta name=\"twitter:label1\" content=\"\u00c9crit par\" \/>\n\t<meta name=\"twitter:data1\" content=\"Jean-Christophe\" \/>\n\t<meta name=\"twitter:label2\" content=\"Dur\u00e9e de lecture estim\u00e9e\" \/>\n\t<meta name=\"twitter:data2\" content=\"4 minutes\" \/>\n<script type=\"application\/ld+json\" class=\"yoast-schema-graph\">{\"@context\":\"https:\\\/\\\/schema.org\",\"@graph\":[{\"@type\":\"Article\",\"@id\":\"https:\\\/\\\/www.aclanester56.com\\\/velo\\\/2eme-circuit-jeunes-les-classements\\\/#article\",\"isPartOf\":{\"@id\":\"https:\\\/\\\/www.aclanester56.com\\\/velo\\\/2eme-circuit-jeunes-les-classements\\\/\"},\"author\":{\"name\":\"Jean-Christophe\",\"@id\":\"https:\\\/\\\/www.aclanester56.com\\\/velo\\\/#\\\/schema\\\/person\\\/ca2a44a5fd969e9dd846c72d3b33bc01\"},\"headline\":\"2\u00e8me Circuit des Jeunes : les classements\",\"datePublished\":\"2014-05-05T21:59:05+00:00\",\"dateModified\":\"2014-05-06T19:21:53+00:00\",\"mainEntityOfPage\":{\"@id\":\"https:\\\/\\\/www.aclanester56.com\\\/velo\\\/2eme-circuit-jeunes-les-classements\\\/\"},\"wordCount\":829,\"commentCount\":4,\"publisher\":{\"@id\":\"https:\\\/\\\/www.aclanester56.com\\\/velo\\\/#organization\"},\"image\":{\"@id\":\"https:\\\/\\\/www.aclanester56.com\\\/velo\\\/2eme-circuit-jeunes-les-classements\\\/#primaryimage\"},\"thumbnailUrl\":\"https:\\\/\\\/www.aclanester56.com\\\/velo\\\/wp-content\\\/uploads\\\/2014\\\/04\\\/Sans-titre.png\",\"articleSection\":[\"AC LANESTER 56\",\"Le circuit des Jeunes\",\"Les organisations\"],\"inLanguage\":\"fr-FR\",\"potentialAction\":[{\"@type\":\"CommentAction\",\"name\":\"Comment\",\"target\":[\"https:\\\/\\\/www.aclanester56.com\\\/velo\\\/2eme-circuit-jeunes-les-classements\\\/#respond\"]}]},{\"@type\":\"WebPage\",\"@id\":\"https:\\\/\\\/www.aclanester56.com\\\/velo\\\/2eme-circuit-jeunes-les-classements\\\/\",\"url\":\"https:\\\/\\\/www.aclanester56.com\\\/velo\\\/2eme-circuit-jeunes-les-classements\\\/\",\"name\":\"2\u00e8me Circuit des Jeunes : les classements - Avenir Cycliste Lanester 56\",\"isPartOf\":{\"@id\":\"https:\\\/\\\/www.aclanester56.com\\\/velo\\\/#website\"},\"primaryImageOfPage\":{\"@id\":\"https:\\\/\\\/www.aclanester56.com\\\/velo\\\/2eme-circuit-jeunes-les-classements\\\/#primaryimage\"},\"image\":{\"@id\":\"https:\\\/\\\/www.aclanester56.com\\\/velo\\\/2eme-circuit-jeunes-les-classements\\\/#primaryimage\"},\"thumbnailUrl\":\"https:\\\/\\\/www.aclanester56.com\\\/velo\\\/wp-content\\\/uploads\\\/2014\\\/04\\\/Sans-titre.png\",\"datePublished\":\"2014-05-05T21:59:05+00:00\",\"dateModified\":\"2014-05-06T19:21:53+00:00\",\"inLanguage\":\"fr-FR\",\"potentialAction\":[{\"@type\":\"ReadAction\",\"target\":[\"https:\\\/\\\/www.aclanester56.com\\\/velo\\\/2eme-circuit-jeunes-les-classements\\\/\"]}]},{\"@type\":\"ImageObject\",\"inLanguage\":\"fr-FR\",\"@id\":\"https:\\\/\\\/www.aclanester56.com\\\/velo\\\/2eme-circuit-jeunes-les-classements\\\/#primaryimage\",\"url\":\"https:\\\/\\\/www.aclanester56.com\\\/velo\\\/wp-content\\\/uploads\\\/2014\\\/04\\\/Sans-titre.png\",\"contentUrl\":\"https:\\\/\\\/www.aclanester56.com\\\/velo\\\/wp-content\\\/uploads\\\/2014\\\/04\\\/Sans-titre.png\",\"width\":650,\"height\":300},{\"@type\":\"WebSite\",\"@id\":\"https:\\\/\\\/www.aclanester56.com\\\/velo\\\/#website\",\"url\":\"https:\\\/\\\/www.aclanester56.com\\\/velo\\\/\",\"name\":\"Avenir Cycliste Lanester 56\",\"description\":\"Club cycliste de l&#039;AC LANESTER 56\",\"publisher\":{\"@id\":\"https:\\\/\\\/www.aclanester56.com\\\/velo\\\/#organization\"},\"potentialAction\":[{\"@type\":\"SearchAction\",\"target\":{\"@type\":\"EntryPoint\",\"urlTemplate\":\"https:\\\/\\\/www.aclanester56.com\\\/velo\\\/?s={search_term_string}\"},\"query-input\":{\"@type\":\"PropertyValueSpecification\",\"valueRequired\":true,\"valueName\":\"search_term_string\"}}],\"inLanguage\":\"fr-FR\"},{\"@type\":\"Organization\",\"@id\":\"https:\\\/\\\/www.aclanester56.com\\\/velo\\\/#organization\",\"name\":\"Avenir Cycliste Lanester 56\",\"url\":\"https:\\\/\\\/www.aclanester56.com\\\/velo\\\/\",\"logo\":{\"@type\":\"ImageObject\",\"inLanguage\":\"fr-FR\",\"@id\":\"https:\\\/\\\/www.aclanester56.com\\\/velo\\\/#\\\/schema\\\/logo\\\/image\\\/\",\"url\":\"https:\\\/\\\/www.aclanester56.com\\\/velo\\\/wp-content\\\/uploads\\\/2013\\\/04\\\/logo-ACL.jpg\",\"contentUrl\":\"https:\\\/\\\/www.aclanester56.com\\\/velo\\\/wp-content\\\/uploads\\\/2013\\\/04\\\/logo-ACL.jpg\",\"width\":400,\"height\":334,\"caption\":\"Avenir Cycliste Lanester 56\"},\"image\":{\"@id\":\"https:\\\/\\\/www.aclanester56.com\\\/velo\\\/#\\\/schema\\\/logo\\\/image\\\/\"},\"sameAs\":[\"https:\\\/\\\/www.facebook.com\\\/pages\\\/AC-Lanester-56\\\/190286300991242?fref=ts\"]},{\"@type\":\"Person\",\"@id\":\"https:\\\/\\\/www.aclanester56.com\\\/velo\\\/#\\\/schema\\\/person\\\/ca2a44a5fd969e9dd846c72d3b33bc01\",\"name\":\"Jean-Christophe\",\"url\":\"https:\\\/\\\/www.aclanester56.com\\\/velo\\\/author\\\/jeanchristophe\\\/\"}]}<\/script>\n<!-- \/ Yoast SEO plugin. -->","yoast_head_json":{"title":"2\u00e8me Circuit des Jeunes : les classements - Avenir Cycliste Lanester 56","robots":{"index":"index","follow":"follow","max-snippet":"max-snippet:-1","max-image-preview":"max-image-preview:large","max-video-preview":"max-video-preview:-1"},"canonical":"https:\/\/www.aclanester56.com\/velo\/2eme-circuit-jeunes-les-classements\/","og_locale":"fr_FR","og_type":"article","og_title":"2\u00e8me Circuit des Jeunes : les classements - Avenir Cycliste Lanester 56","og_url":"https:\/\/www.aclanester56.com\/velo\/2eme-circuit-jeunes-les-classements\/","og_site_name":"Avenir Cycliste Lanester 56","article_publisher":"https:\/\/www.facebook.com\/pages\/AC-Lanester-56\/190286300991242?fref=ts","article_published_time":"2014-05-05T21:59:05+00:00","article_modified_time":"2014-05-06T19:21:53+00:00","og_image":[{"width":650,"height":300,"url":"https:\/\/www.aclanester56.com\/velo\/wp-content\/uploads\/2014\/04\/Sans-titre.png","type":"image\/png"}],"author":"Jean-Christophe","twitter_misc":{"\u00c9crit par":"Jean-Christophe","Dur\u00e9e de lecture estim\u00e9e":"4 minutes"},"schema":{"@context":"https:\/\/schema.org","@graph":[{"@type":"Article","@id":"https:\/\/www.aclanester56.com\/velo\/2eme-circuit-jeunes-les-classements\/#article","isPartOf":{"@id":"https:\/\/www.aclanester56.com\/velo\/2eme-circuit-jeunes-les-classements\/"},"author":{"name":"Jean-Christophe","@id":"https:\/\/www.aclanester56.com\/velo\/#\/schema\/person\/ca2a44a5fd969e9dd846c72d3b33bc01"},"headline":"2\u00e8me Circuit des Jeunes : les classements","datePublished":"2014-05-05T21:59:05+00:00","dateModified":"2014-05-06T19:21:53+00:00","mainEntityOfPage":{"@id":"https:\/\/www.aclanester56.com\/velo\/2eme-circuit-jeunes-les-classements\/"},"wordCount":829,"commentCount":4,"publisher":{"@id":"https:\/\/www.aclanester56.com\/velo\/#organization"},"image":{"@id":"https:\/\/www.aclanester56.com\/velo\/2eme-circuit-jeunes-les-classements\/#primaryimage"},"thumbnailUrl":"https:\/\/www.aclanester56.com\/velo\/wp-content\/uploads\/2014\/04\/Sans-titre.png","articleSection":["AC LANESTER 56","Le circuit des Jeunes","Les organisations"],"inLanguage":"fr-FR","potentialAction":[{"@type":"CommentAction","name":"Comment","target":["https:\/\/www.aclanester56.com\/velo\/2eme-circuit-jeunes-les-classements\/#respond"]}]},{"@type":"WebPage","@id":"https:\/\/www.aclanester56.com\/velo\/2eme-circuit-jeunes-les-classements\/","url":"https:\/\/www.aclanester56.com\/velo\/2eme-circuit-jeunes-les-classements\/","name":"2\u00e8me Circuit des Jeunes : les classements - Avenir Cycliste Lanester 56","isPartOf":{"@id":"https:\/\/www.aclanester56.com\/velo\/#website"},"primaryImageOfPage":{"@id":"https:\/\/www.aclanester56.com\/velo\/2eme-circuit-jeunes-les-classements\/#primaryimage"},"image":{"@id":"https:\/\/www.aclanester56.com\/velo\/2eme-circuit-jeunes-les-classements\/#primaryimage"},"thumbnailUrl":"https:\/\/www.aclanester56.com\/velo\/wp-content\/uploads\/2014\/04\/Sans-titre.png","datePublished":"2014-05-05T21:59:05+00:00","dateModified":"2014-05-06T19:21:53+00:00","inLanguage":"fr-FR","potentialAction":[{"@type":"ReadAction","target":["https:\/\/www.aclanester56.com\/velo\/2eme-circuit-jeunes-les-classements\/"]}]},{"@type":"ImageObject","inLanguage":"fr-FR","@id":"https:\/\/www.aclanester56.com\/velo\/2eme-circuit-jeunes-les-classements\/#primaryimage","url":"https:\/\/www.aclanester56.com\/velo\/wp-content\/uploads\/2014\/04\/Sans-titre.png","contentUrl":"https:\/\/www.aclanester56.com\/velo\/wp-content\/uploads\/2014\/04\/Sans-titre.png","width":650,"height":300},{"@type":"WebSite","@id":"https:\/\/www.aclanester56.com\/velo\/#website","url":"https:\/\/www.aclanester56.com\/velo\/","name":"Avenir Cycliste Lanester 56","description":"Club cycliste de l&#039;AC LANESTER 56","publisher":{"@id":"https:\/\/www.aclanester56.com\/velo\/#organization"},"potentialAction":[{"@type":"SearchAction","target":{"@type":"EntryPoint","urlTemplate":"https:\/\/www.aclanester56.com\/velo\/?s={search_term_string}"},"query-input":{"@type":"PropertyValueSpecification","valueRequired":true,"valueName":"search_term_string"}}],"inLanguage":"fr-FR"},{"@type":"Organization","@id":"https:\/\/www.aclanester56.com\/velo\/#organization","name":"Avenir Cycliste Lanester 56","url":"https:\/\/www.aclanester56.com\/velo\/","logo":{"@type":"ImageObject","inLanguage":"fr-FR","@id":"https:\/\/www.aclanester56.com\/velo\/#\/schema\/logo\/image\/","url":"https:\/\/www.aclanester56.com\/velo\/wp-content\/uploads\/2013\/04\/logo-ACL.jpg","contentUrl":"https:\/\/www.aclanester56.com\/velo\/wp-content\/uploads\/2013\/04\/logo-ACL.jpg","width":400,"height":334,"caption":"Avenir Cycliste Lanester 56"},"image":{"@id":"https:\/\/www.aclanester56.com\/velo\/#\/schema\/logo\/image\/"},"sameAs":["https:\/\/www.facebook.com\/pages\/AC-Lanester-56\/190286300991242?fref=ts"]},{"@type":"Person","@id":"https:\/\/www.aclanester56.com\/velo\/#\/schema\/person\/ca2a44a5fd969e9dd846c72d3b33bc01","name":"Jean-Christophe","url":"https:\/\/www.aclanester56.com\/velo\/author\/jeanchristophe\/"}]}},"_links":{"self":[{"href":"https:\/\/www.aclanester56.com\/velo\/wp-json\/wp\/v2\/posts\/17725","targetHints":{"allow":["GET"]}}],"collection":[{"href":"https:\/\/www.aclanester56.com\/velo\/wp-json\/wp\/v2\/posts"}],"about":[{"href":"https:\/\/www.aclanester56.com\/velo\/wp-json\/wp\/v2\/types\/post"}],"author":[{"embeddable":true,"href":"https:\/\/www.aclanester56.com\/velo\/wp-json\/wp\/v2\/users\/14"}],"replies":[{"embeddable":true,"href":"https:\/\/www.aclanester56.com\/velo\/wp-json\/wp\/v2\/comments?post=17725"}],"version-history":[{"count":3,"href":"https:\/\/www.aclanester56.com\/velo\/wp-json\/wp\/v2\/posts\/17725\/revisions"}],"predecessor-version":[{"id":18011,"href":"https:\/\/www.aclanester56.com\/velo\/wp-json\/wp\/v2\/posts\/17725\/revisions\/18011"}],"wp:featuredmedia":[{"embeddable":true,"href":"https:\/\/www.aclanester56.com\/velo\/wp-json\/wp\/v2\/media\/17727"}],"wp:attachment":[{"href":"https:\/\/www.aclanester56.com\/velo\/wp-json\/wp\/v2\/media?parent=17725"}],"wp:term":[{"taxonomy":"category","embeddable":true,"href":"https:\/\/www.aclanester56.com\/velo\/wp-json\/wp\/v2\/categories?post=17725"},{"taxonomy":"post_tag","embeddable":true,"href":"https:\/\/www.aclanester56.com\/velo\/wp-json\/wp\/v2\/tags?post=17725"}],"curies":[{"name":"wp","href":"https:\/\/api.w.org\/{rel}","templated":true}]}}