{"id":17982,"date":"2014-05-05T23:42:20","date_gmt":"2014-05-05T21:42:20","guid":{"rendered":"http:\/\/www.aclanester56.com\/velo\/?p=17982"},"modified":"2014-05-05T23:42:20","modified_gmt":"2014-05-05T21:42:20","slug":"maxime-lannurien-podium-au-trevou","status":"publish","type":"post","link":"https:\/\/www.aclanester56.com\/velo\/maxime-lannurien-podium-au-trevou\/","title":{"rendered":"Maxime Lannurien sur le podium au Tr\u00e9vou"},"content":{"rendered":"<p><!--more--><\/p>\n<p style=\"text-align: justify;\">Le junior lanest\u00e9rien Maxime Lannurien a pris la\u00a03\u00e8me place sur l&rsquo;\u00e9preuve du Tr\u00e9vou dimanche dernier au sprint dans son groupe d&rsquo;\u00e9chapp\u00e9e. Son co\u00e9quipier Maxime Guennec prend une belle 9\u00e8me place. Les coureurs de l&rsquo;AC Lanester 56 Tony Cazuguel, Benjamin Duval, Corentin Le Bou\u00e9dec-Revolt, Benoit Le Bruchec et Florian Mor\u00e9ac participaient \u00e9galement \u00e0 l&rsquo;\u00e9preuve finist\u00e9rienne.<\/p>\n<p style=\"text-align: justify;\"><em>Photos ci-dessous de Val\u00e9rie Duval.<\/em><\/p>\n<p><span style=\"text-decoration: underline;\"><strong>Classement :<\/strong><\/span><\/p>\n<p>1 LE QUEAU YANN LEUCEMIE ESPOIR<br \/>\n2 LE GUEN ERIC UC CARHAIX<br \/>\n<strong><span style=\"color: #ff6600;\">3 LANNURIEN MAXIME AC LANESTER 56\u00a0<\/span><\/strong><br \/>\n4 THOMIN ROLAND CC ERGUE GABERIC<br \/>\n5 BARON Romain EC LANDERNEAU<br \/>\n6 BILLON JEAN FRANCOIS MILIZAC VTT LOISIRS<br \/>\n7 KEROUEDAN Yann UC WATTIGNIES<br \/>\n8 ROUE PATRICK BREST IROISE CYCL.2000<br \/>\n<span style=\"color: #ff6600;\"><strong>9 GUENNEC MAXIME AC LANESTER 56\u00a0<\/strong><\/span><br \/>\n10 LE STER FREDERIC VS QUIMPEROIS<\/p>\n<p><!-- default-view.php -->\n<div\n\tclass=\"ngg-galleryoverview default-view\n\t ngg-ajax-pagination-none\t\"\n\tid=\"ngg-gallery-9cee4d0d5ebcb482dfc1f939182c8926-1\"\n\tdata-nextgen-gallery-id=\"175\"\n\tdata-gallery-id=\"175\"\n\t\tdata-gallery-name=\"Le Tr\u00e9vou - 04-05-2014\"\n\t>\n\n\t\t<!-- Thumbnails -->\n\t\t\t\t<div id=\"ngg-image-0\" class=\"ngg-gallery-thumbnail-box\n\t\t\t\t\t\t\t\t\t\t\t\"\n\t\t\t>\n\t\t\t\t\t\t<div class=\"ngg-gallery-thumbnail\">\n\t\t<a href=\"https:\/\/www.aclanester56.com\/velo\/wp-content\/gallery\/le-trevou-04-05-2014\/DSCN3085.jpg?t=1598818810\"\n\t\t\ttitle=\"\"\n\t\t\tdata-src=\"https:\/\/www.aclanester56.com\/velo\/wp-content\/gallery\/le-trevou-04-05-2014\/DSCN3085.jpg?t=1598818810\"\n\t\t\tdata-thumbnail=\"https:\/\/www.aclanester56.com\/velo\/wp-content\/gallery\/le-trevou-04-05-2014\/thumbs\/thumbs_DSCN3085.jpg?t=1598818810\"\n\t\t\tdata-image-id=\"6239\"\n\t\t\tdata-image-name=\"DSCN3085.jpg\"\n\t\t\tdata-title=\"DSCN3085\"\n\t\t\tdata-description=\"\"\n\t\t\tdata-image-slug=\"dscn3085\"\n\t\t\t\t\t\t\t\t\t\t\t\t\t\t\t\t\t\t\t\tclass=\"ngg-simplelightbox\" rel=\"9cee4d0d5ebcb482dfc1f939182c8926\">\n\t\t\t\t\t\t\t\t<img\n\t\t\t\t\ttitle=\"DSCN3085\"\n\t\t\t\t\talt=\"DSCN3085\"\n\t\t\t\t\tsrc=\"https:\/\/www.aclanester56.com\/velo\/wp-content\/gallery\/le-trevou-04-05-2014\/thumbs\/thumbs_DSCN3085.jpg?t=1598818810\"\n\t\t\t\t\twidth=\"100\"\n\t\t\t\t\theight=\"100\"\n\t\t\t\t\tstyle=\"max-width:100%;\"\n\t\t\t\t\/>\n\t\t\t<\/a>\n\t\t<\/div>\n\t\t\t\t\t\t\t<\/div>\n\t\t\t\n\t\t\t\t<div id=\"ngg-image-1\" class=\"ngg-gallery-thumbnail-box\n\t\t\t\t\t\t\t\t\t\t\t\"\n\t\t\t>\n\t\t\t\t\t\t<div class=\"ngg-gallery-thumbnail\">\n\t\t<a href=\"https:\/\/www.aclanester56.com\/velo\/wp-content\/gallery\/le-trevou-04-05-2014\/DSCN3112.jpg?t=1399323909\"\n\t\t\ttitle=\" \"\n\t\t\tdata-src=\"https:\/\/www.aclanester56.com\/velo\/wp-content\/gallery\/le-trevou-04-05-2014\/DSCN3112.jpg?t=1399323909\"\n\t\t\tdata-thumbnail=\"https:\/\/www.aclanester56.com\/velo\/wp-content\/gallery\/le-trevou-04-05-2014\/thumbs\/thumbs_DSCN3112.jpg?t=1399323909\"\n\t\t\tdata-image-id=\"6240\"\n\t\t\tdata-image-name=\"DSCN3112.jpg\"\n\t\t\tdata-title=\"DSCN3112\"\n\t\t\tdata-description=\" \"\n\t\t\tdata-image-slug=\"dscn3112\"\n\t\t\t\t\t\t\t\t\t\t\t\t\t\t\t\t\t\t\t\tclass=\"ngg-simplelightbox\" rel=\"9cee4d0d5ebcb482dfc1f939182c8926\">\n\t\t\t\t\t\t\t\t<img\n\t\t\t\t\ttitle=\"DSCN3112\"\n\t\t\t\t\talt=\"DSCN3112\"\n\t\t\t\t\tsrc=\"https:\/\/www.aclanester56.com\/velo\/wp-content\/gallery\/le-trevou-04-05-2014\/thumbs\/thumbs_DSCN3112.jpg?t=1399323909\"\n\t\t\t\t\twidth=\"100\"\n\t\t\t\t\theight=\"100\"\n\t\t\t\t\tstyle=\"max-width:100%;\"\n\t\t\t\t\/>\n\t\t\t<\/a>\n\t\t<\/div>\n\t\t\t\t\t\t\t<\/div>\n\t\t\t\n\t\t\t\t<div id=\"ngg-image-2\" class=\"ngg-gallery-thumbnail-box\n\t\t\t\t\t\t\t\t\t\t\t\"\n\t\t\t>\n\t\t\t\t\t\t<div class=\"ngg-gallery-thumbnail\">\n\t\t<a href=\"https:\/\/www.aclanester56.com\/velo\/wp-content\/gallery\/le-trevou-04-05-2014\/DSCN3118.jpg?t=1399323962\"\n\t\t\ttitle=\" \"\n\t\t\tdata-src=\"https:\/\/www.aclanester56.com\/velo\/wp-content\/gallery\/le-trevou-04-05-2014\/DSCN3118.jpg?t=1399323962\"\n\t\t\tdata-thumbnail=\"https:\/\/www.aclanester56.com\/velo\/wp-content\/gallery\/le-trevou-04-05-2014\/thumbs\/thumbs_DSCN3118.jpg?t=1399323962\"\n\t\t\tdata-image-id=\"6241\"\n\t\t\tdata-image-name=\"DSCN3118.jpg\"\n\t\t\tdata-title=\"DSCN3118\"\n\t\t\tdata-description=\" \"\n\t\t\tdata-image-slug=\"dscn3118\"\n\t\t\t\t\t\t\t\t\t\t\t\t\t\t\t\t\t\t\t\tclass=\"ngg-simplelightbox\" rel=\"9cee4d0d5ebcb482dfc1f939182c8926\">\n\t\t\t\t\t\t\t\t<img\n\t\t\t\t\ttitle=\"DSCN3118\"\n\t\t\t\t\talt=\"DSCN3118\"\n\t\t\t\t\tsrc=\"https:\/\/www.aclanester56.com\/velo\/wp-content\/gallery\/le-trevou-04-05-2014\/thumbs\/thumbs_DSCN3118.jpg?t=1399323962\"\n\t\t\t\t\twidth=\"100\"\n\t\t\t\t\theight=\"100\"\n\t\t\t\t\tstyle=\"max-width:100%;\"\n\t\t\t\t\/>\n\t\t\t<\/a>\n\t\t<\/div>\n\t\t\t\t\t\t\t<\/div>\n\t\t\t\n\t\t\t\t<div id=\"ngg-image-3\" class=\"ngg-gallery-thumbnail-box\n\t\t\t\t\t\t\t\t\t\t\t\"\n\t\t\t>\n\t\t\t\t\t\t<div class=\"ngg-gallery-thumbnail\">\n\t\t<a href=\"https:\/\/www.aclanester56.com\/velo\/wp-content\/gallery\/le-trevou-04-05-2014\/DSCN3148.jpg?t=1399324015\"\n\t\t\ttitle=\" \"\n\t\t\tdata-src=\"https:\/\/www.aclanester56.com\/velo\/wp-content\/gallery\/le-trevou-04-05-2014\/DSCN3148.jpg?t=1399324015\"\n\t\t\tdata-thumbnail=\"https:\/\/www.aclanester56.com\/velo\/wp-content\/gallery\/le-trevou-04-05-2014\/thumbs\/thumbs_DSCN3148.jpg?t=1399324015\"\n\t\t\tdata-image-id=\"6242\"\n\t\t\tdata-image-name=\"DSCN3148.jpg\"\n\t\t\tdata-title=\"DSCN3148\"\n\t\t\tdata-description=\" \"\n\t\t\tdata-image-slug=\"dscn3148\"\n\t\t\t\t\t\t\t\t\t\t\t\t\t\t\t\t\t\t\t\tclass=\"ngg-simplelightbox\" rel=\"9cee4d0d5ebcb482dfc1f939182c8926\">\n\t\t\t\t\t\t\t\t<img\n\t\t\t\t\ttitle=\"DSCN3148\"\n\t\t\t\t\talt=\"DSCN3148\"\n\t\t\t\t\tsrc=\"https:\/\/www.aclanester56.com\/velo\/wp-content\/gallery\/le-trevou-04-05-2014\/thumbs\/thumbs_DSCN3148.jpg?t=1399324015\"\n\t\t\t\t\twidth=\"100\"\n\t\t\t\t\theight=\"100\"\n\t\t\t\t\tstyle=\"max-width:100%;\"\n\t\t\t\t\/>\n\t\t\t<\/a>\n\t\t<\/div>\n\t\t\t\t\t\t\t<\/div>\n\t\t\t\n\t\t\t\t<div id=\"ngg-image-4\" class=\"ngg-gallery-thumbnail-box\n\t\t\t\t\t\t\t\t\t\t\t\"\n\t\t\t>\n\t\t\t\t\t\t<div class=\"ngg-gallery-thumbnail\">\n\t\t<a href=\"https:\/\/www.aclanester56.com\/velo\/wp-content\/gallery\/le-trevou-04-05-2014\/DSCN3156.jpg?t=1399324061\"\n\t\t\ttitle=\" \"\n\t\t\tdata-src=\"https:\/\/www.aclanester56.com\/velo\/wp-content\/gallery\/le-trevou-04-05-2014\/DSCN3156.jpg?t=1399324061\"\n\t\t\tdata-thumbnail=\"https:\/\/www.aclanester56.com\/velo\/wp-content\/gallery\/le-trevou-04-05-2014\/thumbs\/thumbs_DSCN3156.jpg?t=1399324061\"\n\t\t\tdata-image-id=\"6243\"\n\t\t\tdata-image-name=\"DSCN3156.jpg\"\n\t\t\tdata-title=\"DSCN3156\"\n\t\t\tdata-description=\" \"\n\t\t\tdata-image-slug=\"dscn3156\"\n\t\t\t\t\t\t\t\t\t\t\t\t\t\t\t\t\t\t\t\tclass=\"ngg-simplelightbox\" rel=\"9cee4d0d5ebcb482dfc1f939182c8926\">\n\t\t\t\t\t\t\t\t<img\n\t\t\t\t\ttitle=\"DSCN3156\"\n\t\t\t\t\talt=\"DSCN3156\"\n\t\t\t\t\tsrc=\"https:\/\/www.aclanester56.com\/velo\/wp-content\/gallery\/le-trevou-04-05-2014\/thumbs\/thumbs_DSCN3156.jpg?t=1399324061\"\n\t\t\t\t\twidth=\"100\"\n\t\t\t\t\theight=\"100\"\n\t\t\t\t\tstyle=\"max-width:100%;\"\n\t\t\t\t\/>\n\t\t\t<\/a>\n\t\t<\/div>\n\t\t\t\t\t\t\t<\/div>\n\t\t\t\n\t\n\t<br style=\"clear: both\" \/>\n\n\t\n\t\t<div class=\"ngg-clear\"><\/div>\n\t<\/div>\n<\/p>\n","protected":false},"excerpt":{"rendered":"","protected":false},"author":14,"featured_media":17993,"comment_status":"open","ping_status":"closed","sticky":false,"template":"","format":"standard","meta":{"ngg_post_thumbnail":0,"footnotes":""},"categories":[5,18,21],"tags":[],"class_list":["post-17982","post","type-post","status-publish","format-standard","has-post-thumbnail","hentry","category-ac-lanester-56","category-resultats-3eme-categorie","category-resultats-juniors"],"yoast_head":"<!-- This site is optimized with the Yoast SEO plugin v27.5 - https:\/\/yoast.com\/product\/yoast-seo-wordpress\/ -->\n<title>Maxime Lannurien sur le podium au Tr\u00e9vou - Avenir Cycliste Lanester 56<\/title>\n<meta name=\"robots\" content=\"index, follow, max-snippet:-1, max-image-preview:large, max-video-preview:-1\" \/>\n<link rel=\"canonical\" href=\"https:\/\/www.aclanester56.com\/velo\/maxime-lannurien-podium-au-trevou\/\" \/>\n<meta property=\"og:locale\" content=\"fr_FR\" \/>\n<meta property=\"og:type\" content=\"article\" \/>\n<meta property=\"og:title\" content=\"Maxime Lannurien sur le podium au Tr\u00e9vou - Avenir Cycliste Lanester 56\" \/>\n<meta property=\"og:url\" content=\"https:\/\/www.aclanester56.com\/velo\/maxime-lannurien-podium-au-trevou\/\" \/>\n<meta property=\"og:site_name\" content=\"Avenir Cycliste Lanester 56\" \/>\n<meta property=\"article:publisher\" content=\"https:\/\/www.facebook.com\/pages\/AC-Lanester-56\/190286300991242?fref=ts\" \/>\n<meta property=\"article:published_time\" content=\"2014-05-05T21:42:20+00:00\" \/>\n<meta property=\"og:image\" content=\"https:\/\/www.aclanester56.com\/velo\/wp-content\/uploads\/2014\/05\/DSCN3156-Copie.jpg\" \/>\n\t<meta property=\"og:image:width\" content=\"650\" \/>\n\t<meta property=\"og:image:height\" content=\"300\" \/>\n\t<meta property=\"og:image:type\" content=\"image\/jpeg\" \/>\n<meta name=\"author\" content=\"Jean-Christophe\" \/>\n<meta name=\"twitter:label1\" content=\"\u00c9crit par\" \/>\n\t<meta name=\"twitter:data1\" content=\"Jean-Christophe\" \/>\n\t<meta name=\"twitter:label2\" content=\"Dur\u00e9e de lecture estim\u00e9e\" \/>\n\t<meta name=\"twitter:data2\" content=\"1 minute\" \/>\n<script type=\"application\/ld+json\" class=\"yoast-schema-graph\">{\"@context\":\"https:\\\/\\\/schema.org\",\"@graph\":[{\"@type\":\"Article\",\"@id\":\"https:\\\/\\\/www.aclanester56.com\\\/velo\\\/maxime-lannurien-podium-au-trevou\\\/#article\",\"isPartOf\":{\"@id\":\"https:\\\/\\\/www.aclanester56.com\\\/velo\\\/maxime-lannurien-podium-au-trevou\\\/\"},\"author\":{\"name\":\"Jean-Christophe\",\"@id\":\"https:\\\/\\\/www.aclanester56.com\\\/velo\\\/#\\\/schema\\\/person\\\/ca2a44a5fd969e9dd846c72d3b33bc01\"},\"headline\":\"Maxime Lannurien sur le podium au Tr\u00e9vou\",\"datePublished\":\"2014-05-05T21:42:20+00:00\",\"mainEntityOfPage\":{\"@id\":\"https:\\\/\\\/www.aclanester56.com\\\/velo\\\/maxime-lannurien-podium-au-trevou\\\/\"},\"wordCount\":125,\"commentCount\":0,\"publisher\":{\"@id\":\"https:\\\/\\\/www.aclanester56.com\\\/velo\\\/#organization\"},\"image\":{\"@id\":\"https:\\\/\\\/www.aclanester56.com\\\/velo\\\/maxime-lannurien-podium-au-trevou\\\/#primaryimage\"},\"thumbnailUrl\":\"https:\\\/\\\/www.aclanester56.com\\\/velo\\\/wp-content\\\/uploads\\\/2014\\\/05\\\/DSCN3156-Copie.jpg\",\"articleSection\":[\"AC LANESTER 56\",\"R\u00e9sultats 3eme cat\u00e9gorie\",\"R\u00e9sultats Juniors\"],\"inLanguage\":\"fr-FR\",\"potentialAction\":[{\"@type\":\"CommentAction\",\"name\":\"Comment\",\"target\":[\"https:\\\/\\\/www.aclanester56.com\\\/velo\\\/maxime-lannurien-podium-au-trevou\\\/#respond\"]}]},{\"@type\":\"WebPage\",\"@id\":\"https:\\\/\\\/www.aclanester56.com\\\/velo\\\/maxime-lannurien-podium-au-trevou\\\/\",\"url\":\"https:\\\/\\\/www.aclanester56.com\\\/velo\\\/maxime-lannurien-podium-au-trevou\\\/\",\"name\":\"Maxime Lannurien sur le podium au Tr\u00e9vou - Avenir Cycliste Lanester 56\",\"isPartOf\":{\"@id\":\"https:\\\/\\\/www.aclanester56.com\\\/velo\\\/#website\"},\"primaryImageOfPage\":{\"@id\":\"https:\\\/\\\/www.aclanester56.com\\\/velo\\\/maxime-lannurien-podium-au-trevou\\\/#primaryimage\"},\"image\":{\"@id\":\"https:\\\/\\\/www.aclanester56.com\\\/velo\\\/maxime-lannurien-podium-au-trevou\\\/#primaryimage\"},\"thumbnailUrl\":\"https:\\\/\\\/www.aclanester56.com\\\/velo\\\/wp-content\\\/uploads\\\/2014\\\/05\\\/DSCN3156-Copie.jpg\",\"datePublished\":\"2014-05-05T21:42:20+00:00\",\"inLanguage\":\"fr-FR\",\"potentialAction\":[{\"@type\":\"ReadAction\",\"target\":[\"https:\\\/\\\/www.aclanester56.com\\\/velo\\\/maxime-lannurien-podium-au-trevou\\\/\"]}]},{\"@type\":\"ImageObject\",\"inLanguage\":\"fr-FR\",\"@id\":\"https:\\\/\\\/www.aclanester56.com\\\/velo\\\/maxime-lannurien-podium-au-trevou\\\/#primaryimage\",\"url\":\"https:\\\/\\\/www.aclanester56.com\\\/velo\\\/wp-content\\\/uploads\\\/2014\\\/05\\\/DSCN3156-Copie.jpg\",\"contentUrl\":\"https:\\\/\\\/www.aclanester56.com\\\/velo\\\/wp-content\\\/uploads\\\/2014\\\/05\\\/DSCN3156-Copie.jpg\",\"width\":650,\"height\":300},{\"@type\":\"WebSite\",\"@id\":\"https:\\\/\\\/www.aclanester56.com\\\/velo\\\/#website\",\"url\":\"https:\\\/\\\/www.aclanester56.com\\\/velo\\\/\",\"name\":\"Avenir Cycliste Lanester 56\",\"description\":\"Club cycliste de l&#039;AC LANESTER 56\",\"publisher\":{\"@id\":\"https:\\\/\\\/www.aclanester56.com\\\/velo\\\/#organization\"},\"potentialAction\":[{\"@type\":\"SearchAction\",\"target\":{\"@type\":\"EntryPoint\",\"urlTemplate\":\"https:\\\/\\\/www.aclanester56.com\\\/velo\\\/?s={search_term_string}\"},\"query-input\":{\"@type\":\"PropertyValueSpecification\",\"valueRequired\":true,\"valueName\":\"search_term_string\"}}],\"inLanguage\":\"fr-FR\"},{\"@type\":\"Organization\",\"@id\":\"https:\\\/\\\/www.aclanester56.com\\\/velo\\\/#organization\",\"name\":\"Avenir Cycliste Lanester 56\",\"url\":\"https:\\\/\\\/www.aclanester56.com\\\/velo\\\/\",\"logo\":{\"@type\":\"ImageObject\",\"inLanguage\":\"fr-FR\",\"@id\":\"https:\\\/\\\/www.aclanester56.com\\\/velo\\\/#\\\/schema\\\/logo\\\/image\\\/\",\"url\":\"https:\\\/\\\/www.aclanester56.com\\\/velo\\\/wp-content\\\/uploads\\\/2013\\\/04\\\/logo-ACL.jpg\",\"contentUrl\":\"https:\\\/\\\/www.aclanester56.com\\\/velo\\\/wp-content\\\/uploads\\\/2013\\\/04\\\/logo-ACL.jpg\",\"width\":400,\"height\":334,\"caption\":\"Avenir Cycliste Lanester 56\"},\"image\":{\"@id\":\"https:\\\/\\\/www.aclanester56.com\\\/velo\\\/#\\\/schema\\\/logo\\\/image\\\/\"},\"sameAs\":[\"https:\\\/\\\/www.facebook.com\\\/pages\\\/AC-Lanester-56\\\/190286300991242?fref=ts\"]},{\"@type\":\"Person\",\"@id\":\"https:\\\/\\\/www.aclanester56.com\\\/velo\\\/#\\\/schema\\\/person\\\/ca2a44a5fd969e9dd846c72d3b33bc01\",\"name\":\"Jean-Christophe\",\"url\":\"https:\\\/\\\/www.aclanester56.com\\\/velo\\\/author\\\/jeanchristophe\\\/\"}]}<\/script>\n<!-- \/ Yoast SEO plugin. -->","yoast_head_json":{"title":"Maxime Lannurien sur le podium au Tr\u00e9vou - Avenir Cycliste Lanester 56","robots":{"index":"index","follow":"follow","max-snippet":"max-snippet:-1","max-image-preview":"max-image-preview:large","max-video-preview":"max-video-preview:-1"},"canonical":"https:\/\/www.aclanester56.com\/velo\/maxime-lannurien-podium-au-trevou\/","og_locale":"fr_FR","og_type":"article","og_title":"Maxime Lannurien sur le podium au Tr\u00e9vou - Avenir Cycliste Lanester 56","og_url":"https:\/\/www.aclanester56.com\/velo\/maxime-lannurien-podium-au-trevou\/","og_site_name":"Avenir Cycliste Lanester 56","article_publisher":"https:\/\/www.facebook.com\/pages\/AC-Lanester-56\/190286300991242?fref=ts","article_published_time":"2014-05-05T21:42:20+00:00","og_image":[{"width":650,"height":300,"url":"https:\/\/www.aclanester56.com\/velo\/wp-content\/uploads\/2014\/05\/DSCN3156-Copie.jpg","type":"image\/jpeg"}],"author":"Jean-Christophe","twitter_misc":{"\u00c9crit par":"Jean-Christophe","Dur\u00e9e de lecture estim\u00e9e":"1 minute"},"schema":{"@context":"https:\/\/schema.org","@graph":[{"@type":"Article","@id":"https:\/\/www.aclanester56.com\/velo\/maxime-lannurien-podium-au-trevou\/#article","isPartOf":{"@id":"https:\/\/www.aclanester56.com\/velo\/maxime-lannurien-podium-au-trevou\/"},"author":{"name":"Jean-Christophe","@id":"https:\/\/www.aclanester56.com\/velo\/#\/schema\/person\/ca2a44a5fd969e9dd846c72d3b33bc01"},"headline":"Maxime Lannurien sur le podium au Tr\u00e9vou","datePublished":"2014-05-05T21:42:20+00:00","mainEntityOfPage":{"@id":"https:\/\/www.aclanester56.com\/velo\/maxime-lannurien-podium-au-trevou\/"},"wordCount":125,"commentCount":0,"publisher":{"@id":"https:\/\/www.aclanester56.com\/velo\/#organization"},"image":{"@id":"https:\/\/www.aclanester56.com\/velo\/maxime-lannurien-podium-au-trevou\/#primaryimage"},"thumbnailUrl":"https:\/\/www.aclanester56.com\/velo\/wp-content\/uploads\/2014\/05\/DSCN3156-Copie.jpg","articleSection":["AC LANESTER 56","R\u00e9sultats 3eme cat\u00e9gorie","R\u00e9sultats Juniors"],"inLanguage":"fr-FR","potentialAction":[{"@type":"CommentAction","name":"Comment","target":["https:\/\/www.aclanester56.com\/velo\/maxime-lannurien-podium-au-trevou\/#respond"]}]},{"@type":"WebPage","@id":"https:\/\/www.aclanester56.com\/velo\/maxime-lannurien-podium-au-trevou\/","url":"https:\/\/www.aclanester56.com\/velo\/maxime-lannurien-podium-au-trevou\/","name":"Maxime Lannurien sur le podium au Tr\u00e9vou - Avenir Cycliste Lanester 56","isPartOf":{"@id":"https:\/\/www.aclanester56.com\/velo\/#website"},"primaryImageOfPage":{"@id":"https:\/\/www.aclanester56.com\/velo\/maxime-lannurien-podium-au-trevou\/#primaryimage"},"image":{"@id":"https:\/\/www.aclanester56.com\/velo\/maxime-lannurien-podium-au-trevou\/#primaryimage"},"thumbnailUrl":"https:\/\/www.aclanester56.com\/velo\/wp-content\/uploads\/2014\/05\/DSCN3156-Copie.jpg","datePublished":"2014-05-05T21:42:20+00:00","inLanguage":"fr-FR","potentialAction":[{"@type":"ReadAction","target":["https:\/\/www.aclanester56.com\/velo\/maxime-lannurien-podium-au-trevou\/"]}]},{"@type":"ImageObject","inLanguage":"fr-FR","@id":"https:\/\/www.aclanester56.com\/velo\/maxime-lannurien-podium-au-trevou\/#primaryimage","url":"https:\/\/www.aclanester56.com\/velo\/wp-content\/uploads\/2014\/05\/DSCN3156-Copie.jpg","contentUrl":"https:\/\/www.aclanester56.com\/velo\/wp-content\/uploads\/2014\/05\/DSCN3156-Copie.jpg","width":650,"height":300},{"@type":"WebSite","@id":"https:\/\/www.aclanester56.com\/velo\/#website","url":"https:\/\/www.aclanester56.com\/velo\/","name":"Avenir Cycliste Lanester 56","description":"Club cycliste de l&#039;AC LANESTER 56","publisher":{"@id":"https:\/\/www.aclanester56.com\/velo\/#organization"},"potentialAction":[{"@type":"SearchAction","target":{"@type":"EntryPoint","urlTemplate":"https:\/\/www.aclanester56.com\/velo\/?s={search_term_string}"},"query-input":{"@type":"PropertyValueSpecification","valueRequired":true,"valueName":"search_term_string"}}],"inLanguage":"fr-FR"},{"@type":"Organization","@id":"https:\/\/www.aclanester56.com\/velo\/#organization","name":"Avenir Cycliste Lanester 56","url":"https:\/\/www.aclanester56.com\/velo\/","logo":{"@type":"ImageObject","inLanguage":"fr-FR","@id":"https:\/\/www.aclanester56.com\/velo\/#\/schema\/logo\/image\/","url":"https:\/\/www.aclanester56.com\/velo\/wp-content\/uploads\/2013\/04\/logo-ACL.jpg","contentUrl":"https:\/\/www.aclanester56.com\/velo\/wp-content\/uploads\/2013\/04\/logo-ACL.jpg","width":400,"height":334,"caption":"Avenir Cycliste Lanester 56"},"image":{"@id":"https:\/\/www.aclanester56.com\/velo\/#\/schema\/logo\/image\/"},"sameAs":["https:\/\/www.facebook.com\/pages\/AC-Lanester-56\/190286300991242?fref=ts"]},{"@type":"Person","@id":"https:\/\/www.aclanester56.com\/velo\/#\/schema\/person\/ca2a44a5fd969e9dd846c72d3b33bc01","name":"Jean-Christophe","url":"https:\/\/www.aclanester56.com\/velo\/author\/jeanchristophe\/"}]}},"_links":{"self":[{"href":"https:\/\/www.aclanester56.com\/velo\/wp-json\/wp\/v2\/posts\/17982","targetHints":{"allow":["GET"]}}],"collection":[{"href":"https:\/\/www.aclanester56.com\/velo\/wp-json\/wp\/v2\/posts"}],"about":[{"href":"https:\/\/www.aclanester56.com\/velo\/wp-json\/wp\/v2\/types\/post"}],"author":[{"embeddable":true,"href":"https:\/\/www.aclanester56.com\/velo\/wp-json\/wp\/v2\/users\/14"}],"replies":[{"embeddable":true,"href":"https:\/\/www.aclanester56.com\/velo\/wp-json\/wp\/v2\/comments?post=17982"}],"version-history":[{"count":2,"href":"https:\/\/www.aclanester56.com\/velo\/wp-json\/wp\/v2\/posts\/17982\/revisions"}],"predecessor-version":[{"id":17994,"href":"https:\/\/www.aclanester56.com\/velo\/wp-json\/wp\/v2\/posts\/17982\/revisions\/17994"}],"wp:featuredmedia":[{"embeddable":true,"href":"https:\/\/www.aclanester56.com\/velo\/wp-json\/wp\/v2\/media\/17993"}],"wp:attachment":[{"href":"https:\/\/www.aclanester56.com\/velo\/wp-json\/wp\/v2\/media?parent=17982"}],"wp:term":[{"taxonomy":"category","embeddable":true,"href":"https:\/\/www.aclanester56.com\/velo\/wp-json\/wp\/v2\/categories?post=17982"},{"taxonomy":"post_tag","embeddable":true,"href":"https:\/\/www.aclanester56.com\/velo\/wp-json\/wp\/v2\/tags?post=17982"}],"curies":[{"name":"wp","href":"https:\/\/api.w.org\/{rel}","templated":true}]}}