{"id":1832,"date":"2010-03-01T11:41:04","date_gmt":"2010-03-01T10:41:04","guid":{"rendered":"http:\/\/www.aclanester56.com\/velo\/?p=1832"},"modified":"2010-03-02T16:25:59","modified_gmt":"2010-03-02T15:25:59","slug":"la-route-bretonne","status":"publish","type":"post","link":"https:\/\/www.aclanester56.com\/velo\/la-route-bretonne\/","title":{"rendered":"La Route Bretonne"},"content":{"rendered":"<p><a href=\"http:\/\/www.aclanester56.com\/velo\/wp-content\/uploads\/2010\/03\/sadoudi-camors.jpg\"><img loading=\"lazy\" decoding=\"async\" class=\"alignleft size-medium wp-image-1882\" src=\"http:\/\/www.aclanester56.com\/velo\/wp-content\/uploads\/2010\/03\/sadoudi-camors-300x200.jpg\" alt=\"\" width=\"300\" height=\"200\" srcset=\"https:\/\/www.aclanester56.com\/velo\/wp-content\/uploads\/2010\/03\/sadoudi-camors-300x200.jpg 300w, https:\/\/www.aclanester56.com\/velo\/wp-content\/uploads\/2010\/03\/sadoudi-camors.jpg 720w\" sizes=\"auto, (max-width: 300px) 100vw, 300px\" \/><\/a><\/p>\n<p><br class=\"spacer_\" \/><\/p>\n<p><br class=\"spacer_\" \/><\/p>\n<p><br class=\"spacer_\" \/><\/p>\n<p><br class=\"spacer_\" \/><\/p>\n<p><br class=\"spacer_\" \/><\/p>\n<p>Apr\u00e8s avoir \u00e9t\u00e9 \u00e9limin\u00e9 la veille sur crevaison lors de la Melrandaise, Kevin SADOUDI monte d&rsquo;un cran et passe \u00e0 l&rsquo;offensive sur la Route Bretonne le lendemain&#8230;<\/p>\n<p><br class=\"spacer_\" \/><\/p>\n<p><!--more--><\/p>\n<p><span style=\"background-color: #575757\"><span style=\"color: #ffffff\"><span style=\"font-size: small\"><span style=\"font-family: Arial,sans-serif\">D\u00e8s le d\u00e9but de course,11\u00e8me km, ils \u00e9taient d\u00e9j\u00e0 34 en t\u00eate.<\/span><\/span><\/span><\/span><\/p>\n<p><span style=\"background-color: #575757\"><span style=\"color: #ffffff\"><span style=\"font-size: small\"><span style=\"font-family: Arial,sans-serif\">Comme l&rsquo;an pass\u00e9 la course s&rsquo;est d\u00e9cant\u00e9e d\u00e8s les premiers km et nos 4 Lanest\u00e9riens ne se sont pas laiss\u00e9s prendre au pi\u00e8ge ! <\/span><\/span><\/span><\/span><\/p>\n<p><span style=\"background-color: #575757\"><span style=\"color: #ffffff\"><span style=\"font-size: small\"><span style=\"font-family: Arial,sans-serif\">A l&rsquo;avant : Y. David, K. Sadoudi,  V Gu\u00e9zennec, W. Barguil (AC Lanester 56), J\u00e9gou, Le Bon, Halleguen, Duret, Jouanno, Pichon (Bretagne-Schuller), David, Mallegol, Mah\u00e9, Fons\u00e9ca, Jeann\u00e8s, Sidaner, Schmidt (CDA &#8211; Marie Morin), Cheval, Le Gac, Jeann\u00e8s, Le Bars (BIC 2000), Guyot, Laborie, Mac\u00e9, Seigneur, Poux (Sojasun ACNC 35), Madec, Gou\u00e9dard, Boudard, F. Guimard, Maignan, Cornic (VCPL),  Chopin, Loric (Hennebont Cyclisme), Le Montagner (UCB), Pivois (Oc\u00e9ane Cycle Poitevin), R. Lebreton (VS Chartrain), Brenterch (AVC Aixois), Geffroy (UC Cholet). Jaffrelot (CDA Marie Morin), Le Roch, Le Coguic, Gu\u00e9rin (VCP), Le Marrec (UCB), Le Brun (Oc\u00e9anne Cycle Poitevin) et Allen (UCLH).<\/span><\/span><\/span><\/span><\/p>\n<p><span style=\"background-color: #575757\"><span style=\"color: #ffffff\"><span style=\"font-size: small\"><br class=\"spacer_\" \/><\/span><\/span><\/span><\/p>\n<p><span style=\"background-color: #575757\"><span style=\"color: #ffffff\"><span style=\"font-size: small\"><span style=\"font-family: Arial,sans-serif\">Malheureusement Warren BARGUIL quittait  la course sur chute. <\/span><\/span><\/span><\/span><\/p>\n<p><span style=\"background-color: #575757\"><span style=\"color: #ffffff\"><span style=\"font-size: small\"><span style=\"font-family: Arial,sans-serif\">Des plaies au visage et \u00e0 un genou l&rsquo;ont contraint \u00e0 l&rsquo;abandon malgr\u00e9 sa pr\u00e9sence dans la bonne \u00e9chapp\u00e9e. Nous vous tiendrons inform\u00e9 des nouvelles de Warren.<\/span><\/span><\/span><\/span><\/p>\n<p><span style=\"background-color: #575757\"><span style=\"color: #ffffff\"><span style=\"font-size: small\"><span style=\"font-family: Arial,sans-serif\"><span style=\"font-size: medium\"><a href=\"http:\/\/www.aclanester56.com\/velo\/wp-content\/uploads\/2010\/03\/sadoudi-presentation.jpg\"><img loading=\"lazy\" decoding=\"async\" class=\"alignleft size-thumbnail wp-image-1884\" src=\"http:\/\/www.aclanester56.com\/velo\/wp-content\/uploads\/2010\/03\/sadoudi-presentation-150x150.jpg\" alt=\"\" width=\"150\" height=\"150\" \/><\/a><\/span><\/span><\/span><\/span><\/span><\/p>\n<p><br class=\"spacer_\" \/><\/p>\n<p><br class=\"spacer_\" \/><\/p>\n<p><br class=\"spacer_\" \/><\/p>\n<p><span style=\"background-color: #575757\"><span style=\"color: #ffffff\"><span style=\"font-size: small\"><span style=\"font-family: Arial,sans-serif\"><span style=\"font-size: medium\">Avant m\u00eame le circuit d\u2019arriv\u00e9e, Kevin Sadoudi passe \u00e0 l\u2019attaque, accompagn\u00e9 de Johan Le Bon, Poux, Schmidt<\/span>.<\/span><\/span><\/span><\/span><\/p>\n<p><span style=\"background-color: #575757\"><span style=\"color: #ffffff\"><span style=\"font-size: small\"><span style=\"font-family: Arial,sans-serif\">Ces 4 hommes poss\u00e8dent 35&Prime; d&rsquo;avance sur le groupe de contre attaque au km 104 \u00e0 Elven. Le peloton pointait quand \u00e0 lui \u00e0 3&rsquo;10. Ce quatuor s&rsquo;est fait reprendre sur le circuit. <\/span><\/span><\/span><\/span><\/p>\n<p><span style=\"background-color: #575757\"><span style=\"color: #ffffff\"><span style=\"font-size: small\"><span style=\"font-family: Arial,sans-serif\">Dans le dernier tour, trois Bretagne-Schuller s\u2019envolaient vers la victoire.<\/span><\/span><\/span><\/span><\/p>\n<p><span style=\"background-color: #575757\"><span style=\"color: #ffffff\"><span style=\"font-size: small\"><span style=\"font-family: Arial,sans-serif\">Une quarantaine arrivent ensuite pour la 4 \u00e8me place.<\/span><\/span><\/span><\/span><\/p>\n<p><br class=\"spacer_\" \/><\/p>\n<p><span style=\"background-color: #575757\"><span style=\"font-size: small\"><span style=\"color: #ffffff\"><span style=\"font-family: Arial,sans-serif\">Classement :<\/span><\/span><\/span><\/span><\/p>\n<p><span style=\"background-color: #575757\"><span style=\"font-size: small\"><span style=\"color: #ffffff\"> <\/span><\/span><\/span><\/p>\n<p><span style=\"background-color: #575757\"><span style=\"font-size: small\"><span style=\"color: #ffffff\"><span style=\"font-family: Arial,sans-serif\">1 Johan Le Bon (Bretagne-Schuller)<br \/>\n 2 Mathieu Hall\u00e9guen (Bretagne-Schuller)<br \/>\n 3 Laurent Pichon (Bretagne-Schuller)<br \/>\n 4 Yann Guyot (Sojasun espoir ACNC)<br \/>\n 5 S\u00e9bastien Duret (Bretagne-Schuller)<br \/>\n 6 Lilian J\u00e9gou (Bretagne-Schuller)<br \/>\n 7 Simon Le Brun (Oc\u00e9ane Cycle Poitevin)<br \/>\n 8 Cl\u00e9ment Mah\u00e9 (C\u00f4tes d&rsquo;Armor Marie Morin)<br \/>\n 9 David Chopin (Hennebont Cyclime)<br \/>\n 10 Christophe Laborie (Sojasun espoir ACNC)<br \/>\n 11 Armindo Fonseca (C\u00f4tes d&rsquo;Armor Marie Morin)<br \/>\n 12 Nicolas David (C\u00f4tes d&rsquo;Armor Marie Morin)<br \/>\n 13 Fabien Schmidt (C\u00f4tes d&rsquo;Armor Marie Morin)<br \/>\n 14 R\u00e9gis Geffroy (UC Cholet 49)<br \/>\n 15 Fabien Le Coguic (VC Pontivy)<br \/>\n 16 Romain Lebreton (VS Ch\u00e2rtrain)<br \/>\n 17 Maxime Cornic (VCP Lorient)<br \/>\n 18 Nicolas Jouanno (Bretagne Schuller)<br \/>\n 19 Rudy Lesschaeve (CC Nogent sur Oise)<br \/>\n 20 Erwan Brenterch (AVC Aix en Provence)<br \/>\n 21 Sylvain Cheval (BIC 2000)<br \/>\n 22 Mathieu Jeann\u00ebs (C\u00f4tes d&rsquo;Armor Marie Morin)<br \/>\n 23 Yann Pivois (Oc\u00e9ane Cycle Poitevin)<br \/>\n <span style=\"background-color: #ff9900\">24 Vincent Guezennec (AC Lanester 56)<\/span><br \/>\n 25 Benjamin Le Montagner (UC Briochine)<br \/>\n <span style=\"background-color: #ff9900\">26 K\u00e9vin Sadoudi (AC Lanester 56)<\/span><br \/>\n 27 Thibault Jeann\u00ebs (BIC 2000)<br \/>\n 28 Thibault Mac\u00e9 (Sojasun Espoir ACNC)<br \/>\n 29 Steven Le Vessier (VC Pontivy)<br \/>\n 30 Paul Poux (Sojasun Espoir ACNC)<\/span><\/span><\/span><\/span><\/p>\n","protected":false},"excerpt":{"rendered":"<p>Apr\u00e8s avoir \u00e9t\u00e9 \u00e9limin\u00e9 la veille sur crevaison lors de la Melrandaise, Kevin SADOUDI monte d&rsquo;un cran et passe \u00e0 [&hellip;]<\/p>\n","protected":false},"author":14,"featured_media":1882,"comment_status":"open","ping_status":"open","sticky":false,"template":"","format":"standard","meta":{"ngg_post_thumbnail":0,"footnotes":""},"categories":[5,17],"tags":[],"class_list":["post-1832","post","type-post","status-publish","format-standard","has-post-thumbnail","hentry","category-ac-lanester-56","category-resultats-dn"],"yoast_head":"<!-- This site is optimized with the Yoast SEO plugin v27.5 - https:\/\/yoast.com\/product\/yoast-seo-wordpress\/ -->\n<title>La Route Bretonne - Avenir Cycliste Lanester 56<\/title>\n<meta name=\"robots\" content=\"index, follow, max-snippet:-1, max-image-preview:large, max-video-preview:-1\" \/>\n<link rel=\"canonical\" href=\"https:\/\/www.aclanester56.com\/velo\/la-route-bretonne\/\" \/>\n<meta property=\"og:locale\" content=\"fr_FR\" \/>\n<meta property=\"og:type\" content=\"article\" \/>\n<meta property=\"og:title\" content=\"La Route Bretonne - Avenir Cycliste Lanester 56\" \/>\n<meta property=\"og:description\" content=\"Apr\u00e8s avoir \u00e9t\u00e9 \u00e9limin\u00e9 la veille sur crevaison lors de la Melrandaise, Kevin SADOUDI monte d&rsquo;un cran et passe \u00e0 [&hellip;]\" \/>\n<meta property=\"og:url\" content=\"https:\/\/www.aclanester56.com\/velo\/la-route-bretonne\/\" \/>\n<meta property=\"og:site_name\" content=\"Avenir Cycliste Lanester 56\" \/>\n<meta property=\"article:publisher\" content=\"https:\/\/www.facebook.com\/pages\/AC-Lanester-56\/190286300991242?fref=ts\" \/>\n<meta property=\"article:published_time\" content=\"2010-03-01T10:41:04+00:00\" \/>\n<meta property=\"article:modified_time\" content=\"2010-03-02T15:25:59+00:00\" \/>\n<meta property=\"og:image\" content=\"https:\/\/www.aclanester56.com\/velo\/wp-content\/uploads\/2010\/03\/sadoudi-camors.jpg\" \/>\n\t<meta property=\"og:image:width\" content=\"720\" \/>\n\t<meta property=\"og:image:height\" content=\"480\" \/>\n\t<meta property=\"og:image:type\" content=\"image\/jpeg\" \/>\n<meta name=\"author\" content=\"Jean-Christophe\" \/>\n<meta name=\"twitter:label1\" content=\"\u00c9crit par\" \/>\n\t<meta name=\"twitter:data1\" content=\"Jean-Christophe\" \/>\n\t<meta name=\"twitter:label2\" content=\"Dur\u00e9e de lecture estim\u00e9e\" \/>\n\t<meta name=\"twitter:data2\" content=\"2 minutes\" \/>\n<script type=\"application\/ld+json\" class=\"yoast-schema-graph\">{\"@context\":\"https:\\\/\\\/schema.org\",\"@graph\":[{\"@type\":\"Article\",\"@id\":\"https:\\\/\\\/www.aclanester56.com\\\/velo\\\/la-route-bretonne\\\/#article\",\"isPartOf\":{\"@id\":\"https:\\\/\\\/www.aclanester56.com\\\/velo\\\/la-route-bretonne\\\/\"},\"author\":{\"name\":\"Jean-Christophe\",\"@id\":\"https:\\\/\\\/www.aclanester56.com\\\/velo\\\/#\\\/schema\\\/person\\\/ca2a44a5fd969e9dd846c72d3b33bc01\"},\"headline\":\"La Route Bretonne\",\"datePublished\":\"2010-03-01T10:41:04+00:00\",\"dateModified\":\"2010-03-02T15:25:59+00:00\",\"mainEntityOfPage\":{\"@id\":\"https:\\\/\\\/www.aclanester56.com\\\/velo\\\/la-route-bretonne\\\/\"},\"wordCount\":435,\"commentCount\":1,\"publisher\":{\"@id\":\"https:\\\/\\\/www.aclanester56.com\\\/velo\\\/#organization\"},\"image\":{\"@id\":\"https:\\\/\\\/www.aclanester56.com\\\/velo\\\/la-route-bretonne\\\/#primaryimage\"},\"thumbnailUrl\":\"https:\\\/\\\/www.aclanester56.com\\\/velo\\\/wp-content\\\/uploads\\\/2010\\\/03\\\/sadoudi-camors.jpg\",\"articleSection\":[\"AC LANESTER 56\",\"R\u00e9sultats DN\"],\"inLanguage\":\"fr-FR\",\"potentialAction\":[{\"@type\":\"CommentAction\",\"name\":\"Comment\",\"target\":[\"https:\\\/\\\/www.aclanester56.com\\\/velo\\\/la-route-bretonne\\\/#respond\"]}]},{\"@type\":\"WebPage\",\"@id\":\"https:\\\/\\\/www.aclanester56.com\\\/velo\\\/la-route-bretonne\\\/\",\"url\":\"https:\\\/\\\/www.aclanester56.com\\\/velo\\\/la-route-bretonne\\\/\",\"name\":\"La Route Bretonne - Avenir Cycliste Lanester 56\",\"isPartOf\":{\"@id\":\"https:\\\/\\\/www.aclanester56.com\\\/velo\\\/#website\"},\"primaryImageOfPage\":{\"@id\":\"https:\\\/\\\/www.aclanester56.com\\\/velo\\\/la-route-bretonne\\\/#primaryimage\"},\"image\":{\"@id\":\"https:\\\/\\\/www.aclanester56.com\\\/velo\\\/la-route-bretonne\\\/#primaryimage\"},\"thumbnailUrl\":\"https:\\\/\\\/www.aclanester56.com\\\/velo\\\/wp-content\\\/uploads\\\/2010\\\/03\\\/sadoudi-camors.jpg\",\"datePublished\":\"2010-03-01T10:41:04+00:00\",\"dateModified\":\"2010-03-02T15:25:59+00:00\",\"inLanguage\":\"fr-FR\",\"potentialAction\":[{\"@type\":\"ReadAction\",\"target\":[\"https:\\\/\\\/www.aclanester56.com\\\/velo\\\/la-route-bretonne\\\/\"]}]},{\"@type\":\"ImageObject\",\"inLanguage\":\"fr-FR\",\"@id\":\"https:\\\/\\\/www.aclanester56.com\\\/velo\\\/la-route-bretonne\\\/#primaryimage\",\"url\":\"https:\\\/\\\/www.aclanester56.com\\\/velo\\\/wp-content\\\/uploads\\\/2010\\\/03\\\/sadoudi-camors.jpg\",\"contentUrl\":\"https:\\\/\\\/www.aclanester56.com\\\/velo\\\/wp-content\\\/uploads\\\/2010\\\/03\\\/sadoudi-camors.jpg\",\"width\":720,\"height\":480},{\"@type\":\"WebSite\",\"@id\":\"https:\\\/\\\/www.aclanester56.com\\\/velo\\\/#website\",\"url\":\"https:\\\/\\\/www.aclanester56.com\\\/velo\\\/\",\"name\":\"Avenir Cycliste Lanester 56\",\"description\":\"Club cycliste de l&#039;AC LANESTER 56\",\"publisher\":{\"@id\":\"https:\\\/\\\/www.aclanester56.com\\\/velo\\\/#organization\"},\"potentialAction\":[{\"@type\":\"SearchAction\",\"target\":{\"@type\":\"EntryPoint\",\"urlTemplate\":\"https:\\\/\\\/www.aclanester56.com\\\/velo\\\/?s={search_term_string}\"},\"query-input\":{\"@type\":\"PropertyValueSpecification\",\"valueRequired\":true,\"valueName\":\"search_term_string\"}}],\"inLanguage\":\"fr-FR\"},{\"@type\":\"Organization\",\"@id\":\"https:\\\/\\\/www.aclanester56.com\\\/velo\\\/#organization\",\"name\":\"Avenir Cycliste Lanester 56\",\"url\":\"https:\\\/\\\/www.aclanester56.com\\\/velo\\\/\",\"logo\":{\"@type\":\"ImageObject\",\"inLanguage\":\"fr-FR\",\"@id\":\"https:\\\/\\\/www.aclanester56.com\\\/velo\\\/#\\\/schema\\\/logo\\\/image\\\/\",\"url\":\"https:\\\/\\\/www.aclanester56.com\\\/velo\\\/wp-content\\\/uploads\\\/2013\\\/04\\\/logo-ACL.jpg\",\"contentUrl\":\"https:\\\/\\\/www.aclanester56.com\\\/velo\\\/wp-content\\\/uploads\\\/2013\\\/04\\\/logo-ACL.jpg\",\"width\":400,\"height\":334,\"caption\":\"Avenir Cycliste Lanester 56\"},\"image\":{\"@id\":\"https:\\\/\\\/www.aclanester56.com\\\/velo\\\/#\\\/schema\\\/logo\\\/image\\\/\"},\"sameAs\":[\"https:\\\/\\\/www.facebook.com\\\/pages\\\/AC-Lanester-56\\\/190286300991242?fref=ts\"]},{\"@type\":\"Person\",\"@id\":\"https:\\\/\\\/www.aclanester56.com\\\/velo\\\/#\\\/schema\\\/person\\\/ca2a44a5fd969e9dd846c72d3b33bc01\",\"name\":\"Jean-Christophe\",\"url\":\"https:\\\/\\\/www.aclanester56.com\\\/velo\\\/author\\\/jeanchristophe\\\/\"}]}<\/script>\n<!-- \/ Yoast SEO plugin. -->","yoast_head_json":{"title":"La Route Bretonne - Avenir Cycliste Lanester 56","robots":{"index":"index","follow":"follow","max-snippet":"max-snippet:-1","max-image-preview":"max-image-preview:large","max-video-preview":"max-video-preview:-1"},"canonical":"https:\/\/www.aclanester56.com\/velo\/la-route-bretonne\/","og_locale":"fr_FR","og_type":"article","og_title":"La Route Bretonne - Avenir Cycliste Lanester 56","og_description":"Apr\u00e8s avoir \u00e9t\u00e9 \u00e9limin\u00e9 la veille sur crevaison lors de la Melrandaise, Kevin SADOUDI monte d&rsquo;un cran et passe \u00e0 [&hellip;]","og_url":"https:\/\/www.aclanester56.com\/velo\/la-route-bretonne\/","og_site_name":"Avenir Cycliste Lanester 56","article_publisher":"https:\/\/www.facebook.com\/pages\/AC-Lanester-56\/190286300991242?fref=ts","article_published_time":"2010-03-01T10:41:04+00:00","article_modified_time":"2010-03-02T15:25:59+00:00","og_image":[{"width":720,"height":480,"url":"https:\/\/www.aclanester56.com\/velo\/wp-content\/uploads\/2010\/03\/sadoudi-camors.jpg","type":"image\/jpeg"}],"author":"Jean-Christophe","twitter_misc":{"\u00c9crit par":"Jean-Christophe","Dur\u00e9e de lecture estim\u00e9e":"2 minutes"},"schema":{"@context":"https:\/\/schema.org","@graph":[{"@type":"Article","@id":"https:\/\/www.aclanester56.com\/velo\/la-route-bretonne\/#article","isPartOf":{"@id":"https:\/\/www.aclanester56.com\/velo\/la-route-bretonne\/"},"author":{"name":"Jean-Christophe","@id":"https:\/\/www.aclanester56.com\/velo\/#\/schema\/person\/ca2a44a5fd969e9dd846c72d3b33bc01"},"headline":"La Route Bretonne","datePublished":"2010-03-01T10:41:04+00:00","dateModified":"2010-03-02T15:25:59+00:00","mainEntityOfPage":{"@id":"https:\/\/www.aclanester56.com\/velo\/la-route-bretonne\/"},"wordCount":435,"commentCount":1,"publisher":{"@id":"https:\/\/www.aclanester56.com\/velo\/#organization"},"image":{"@id":"https:\/\/www.aclanester56.com\/velo\/la-route-bretonne\/#primaryimage"},"thumbnailUrl":"https:\/\/www.aclanester56.com\/velo\/wp-content\/uploads\/2010\/03\/sadoudi-camors.jpg","articleSection":["AC LANESTER 56","R\u00e9sultats DN"],"inLanguage":"fr-FR","potentialAction":[{"@type":"CommentAction","name":"Comment","target":["https:\/\/www.aclanester56.com\/velo\/la-route-bretonne\/#respond"]}]},{"@type":"WebPage","@id":"https:\/\/www.aclanester56.com\/velo\/la-route-bretonne\/","url":"https:\/\/www.aclanester56.com\/velo\/la-route-bretonne\/","name":"La Route Bretonne - Avenir Cycliste Lanester 56","isPartOf":{"@id":"https:\/\/www.aclanester56.com\/velo\/#website"},"primaryImageOfPage":{"@id":"https:\/\/www.aclanester56.com\/velo\/la-route-bretonne\/#primaryimage"},"image":{"@id":"https:\/\/www.aclanester56.com\/velo\/la-route-bretonne\/#primaryimage"},"thumbnailUrl":"https:\/\/www.aclanester56.com\/velo\/wp-content\/uploads\/2010\/03\/sadoudi-camors.jpg","datePublished":"2010-03-01T10:41:04+00:00","dateModified":"2010-03-02T15:25:59+00:00","inLanguage":"fr-FR","potentialAction":[{"@type":"ReadAction","target":["https:\/\/www.aclanester56.com\/velo\/la-route-bretonne\/"]}]},{"@type":"ImageObject","inLanguage":"fr-FR","@id":"https:\/\/www.aclanester56.com\/velo\/la-route-bretonne\/#primaryimage","url":"https:\/\/www.aclanester56.com\/velo\/wp-content\/uploads\/2010\/03\/sadoudi-camors.jpg","contentUrl":"https:\/\/www.aclanester56.com\/velo\/wp-content\/uploads\/2010\/03\/sadoudi-camors.jpg","width":720,"height":480},{"@type":"WebSite","@id":"https:\/\/www.aclanester56.com\/velo\/#website","url":"https:\/\/www.aclanester56.com\/velo\/","name":"Avenir Cycliste Lanester 56","description":"Club cycliste de l&#039;AC LANESTER 56","publisher":{"@id":"https:\/\/www.aclanester56.com\/velo\/#organization"},"potentialAction":[{"@type":"SearchAction","target":{"@type":"EntryPoint","urlTemplate":"https:\/\/www.aclanester56.com\/velo\/?s={search_term_string}"},"query-input":{"@type":"PropertyValueSpecification","valueRequired":true,"valueName":"search_term_string"}}],"inLanguage":"fr-FR"},{"@type":"Organization","@id":"https:\/\/www.aclanester56.com\/velo\/#organization","name":"Avenir Cycliste Lanester 56","url":"https:\/\/www.aclanester56.com\/velo\/","logo":{"@type":"ImageObject","inLanguage":"fr-FR","@id":"https:\/\/www.aclanester56.com\/velo\/#\/schema\/logo\/image\/","url":"https:\/\/www.aclanester56.com\/velo\/wp-content\/uploads\/2013\/04\/logo-ACL.jpg","contentUrl":"https:\/\/www.aclanester56.com\/velo\/wp-content\/uploads\/2013\/04\/logo-ACL.jpg","width":400,"height":334,"caption":"Avenir Cycliste Lanester 56"},"image":{"@id":"https:\/\/www.aclanester56.com\/velo\/#\/schema\/logo\/image\/"},"sameAs":["https:\/\/www.facebook.com\/pages\/AC-Lanester-56\/190286300991242?fref=ts"]},{"@type":"Person","@id":"https:\/\/www.aclanester56.com\/velo\/#\/schema\/person\/ca2a44a5fd969e9dd846c72d3b33bc01","name":"Jean-Christophe","url":"https:\/\/www.aclanester56.com\/velo\/author\/jeanchristophe\/"}]}},"_links":{"self":[{"href":"https:\/\/www.aclanester56.com\/velo\/wp-json\/wp\/v2\/posts\/1832","targetHints":{"allow":["GET"]}}],"collection":[{"href":"https:\/\/www.aclanester56.com\/velo\/wp-json\/wp\/v2\/posts"}],"about":[{"href":"https:\/\/www.aclanester56.com\/velo\/wp-json\/wp\/v2\/types\/post"}],"author":[{"embeddable":true,"href":"https:\/\/www.aclanester56.com\/velo\/wp-json\/wp\/v2\/users\/14"}],"replies":[{"embeddable":true,"href":"https:\/\/www.aclanester56.com\/velo\/wp-json\/wp\/v2\/comments?post=1832"}],"version-history":[{"count":0,"href":"https:\/\/www.aclanester56.com\/velo\/wp-json\/wp\/v2\/posts\/1832\/revisions"}],"wp:featuredmedia":[{"embeddable":true,"href":"https:\/\/www.aclanester56.com\/velo\/wp-json\/wp\/v2\/media\/1882"}],"wp:attachment":[{"href":"https:\/\/www.aclanester56.com\/velo\/wp-json\/wp\/v2\/media?parent=1832"}],"wp:term":[{"taxonomy":"category","embeddable":true,"href":"https:\/\/www.aclanester56.com\/velo\/wp-json\/wp\/v2\/categories?post=1832"},{"taxonomy":"post_tag","embeddable":true,"href":"https:\/\/www.aclanester56.com\/velo\/wp-json\/wp\/v2\/tags?post=1832"}],"curies":[{"name":"wp","href":"https:\/\/api.w.org\/{rel}","templated":true}]}}