{"id":18352,"date":"2014-06-11T21:20:17","date_gmt":"2014-06-11T19:20:17","guid":{"rendered":"http:\/\/www.aclanester56.com\/velo\/?p=18352"},"modified":"2014-06-11T21:37:47","modified_gmt":"2014-06-11T19:37:47","slug":"beau-week-end-thibault-morvan","status":"publish","type":"post","link":"https:\/\/www.aclanester56.com\/velo\/beau-week-end-thibault-morvan\/","title":{"rendered":"Un beau week-end de Pentec\u00f4te pour Thibault Morvan !"},"content":{"rendered":"<p style=\"text-align: justify;\"><!--more--><\/p>\n<p style=\"text-align: justify;\">Le junior lanest\u00e9rien Thibault Morvan a r\u00e9alis\u00e9 deux belles performances en ce week-end de Pentec\u00f4te, puisqu&rsquo;il termine 2\u00e8me de l&rsquo;\u00e9preuve 2\u00e8me Cat\u00e9gorie de Tr\u00e9m\u00e9ven samedi avant de terminer \u00e0 nouveau 2\u00e8me lundi \u00e0 Tr\u00e9dion ! Avec Loic Le Barbier, r\u00e9cent 3\u00e8me \u00e0 Taupont et pass\u00e9 de tr\u00e8s pr\u00e8s \u00e0 c\u00f4t\u00e9 de la victoire sur la derni\u00e8re \u00e9tape des Routes du Scorff, ce sont deux Juniors en grande condition \u00e0 quelques semaines des championnats d\u00e9partementaux et r\u00e9gionaux !<\/p>\n<p style=\"text-align: justify;\"><strong>Classement Tr\u00e9m\u00e9ven (2\u00e8me, 3\u00e8me Cat &amp; Jun) :<\/strong><\/p>\n<p style=\"text-align: justify;\">1 TAILLANDIER Ren\u00e9 2 VS Sca\u00ebr<br \/>\n<span style=\"color: #ff6600;\"><strong>2 MORVAN Thibault J AC Lanester 56\u00a0<\/strong><\/span><br \/>\n3 JANVIER Nicolas 2 VCP Lorient<br \/>\n4 LE NAOUR \u00a0 S\u00e9bastien 2 VS Quimper<br \/>\n5 REDOU Pascal 3 UC Brest<\/p>\n<p style=\"text-align: justify;\"><strong>Classement Tr\u00e9dion (3\u00e8me Cat &amp; Jun) :<\/strong><\/p>\n<p>1\u00a0\u00a0 \u00a0GUIL \u00a0 VINCENT\u00a0\u00a0 \u00a0VELOCE VANNETAIS CYCL.<br \/>\n<span style=\"color: #ff6600;\"><strong>2\u00a0\u00a0 \u00a0MORVAN \u00a0 THIBAULT\u00a0\u00a0 \u00a0AC LANESTER 56<\/strong><\/span><br \/>\n3\u00a0\u00a0 \u00a0MEIGNEN \u00a0 MATTHIAS\u00a0\u00a0 \u00a0VELO CLUB PORNICHET<br \/>\n4\u00a0\u00a0 \u00a0LE CAVIL \u00a0 DAVID\u00a0\u00a0 \u00a0UCL HENNEBONT<br \/>\n5\u00a0\u00a0 \u00a0DESHOUX \u00a0 CHRISTOPHER\u00a0\u00a0 \u00a0US LA GACILLY CYCL.<\/p>\n","protected":false},"excerpt":{"rendered":"","protected":false},"author":14,"featured_media":18361,"comment_status":"open","ping_status":"closed","sticky":false,"template":"","format":"standard","meta":{"ngg_post_thumbnail":0,"footnotes":""},"categories":[5,16,19,18,21],"tags":[],"class_list":["post-18352","post","type-post","status-publish","format-standard","has-post-thumbnail","hentry","category-ac-lanester-56","category-resultats","category-resultats-2eme-categorie","category-resultats-3eme-categorie","category-resultats-juniors"],"yoast_head":"<!-- This site is optimized with the Yoast SEO plugin v27.5 - https:\/\/yoast.com\/product\/yoast-seo-wordpress\/ -->\n<title>Un beau week-end de Pentec\u00f4te pour Thibault Morvan ! - Avenir Cycliste Lanester 56<\/title>\n<meta name=\"robots\" content=\"index, follow, max-snippet:-1, max-image-preview:large, max-video-preview:-1\" \/>\n<link rel=\"canonical\" href=\"https:\/\/www.aclanester56.com\/velo\/beau-week-end-thibault-morvan\/\" \/>\n<meta property=\"og:locale\" content=\"fr_FR\" \/>\n<meta property=\"og:type\" content=\"article\" \/>\n<meta property=\"og:title\" content=\"Un beau week-end de Pentec\u00f4te pour Thibault Morvan ! - Avenir Cycliste Lanester 56\" \/>\n<meta property=\"og:url\" content=\"https:\/\/www.aclanester56.com\/velo\/beau-week-end-thibault-morvan\/\" \/>\n<meta property=\"og:site_name\" content=\"Avenir Cycliste Lanester 56\" \/>\n<meta property=\"article:publisher\" content=\"https:\/\/www.facebook.com\/pages\/AC-Lanester-56\/190286300991242?fref=ts\" \/>\n<meta property=\"article:published_time\" content=\"2014-06-11T19:20:17+00:00\" \/>\n<meta property=\"article:modified_time\" content=\"2014-06-11T19:37:47+00:00\" \/>\n<meta property=\"og:image\" content=\"https:\/\/www.aclanester56.com\/velo\/wp-content\/uploads\/2014\/06\/Thibault-Morvan-Tremeven-2-Copie.jpg\" \/>\n\t<meta property=\"og:image:width\" content=\"650\" \/>\n\t<meta property=\"og:image:height\" content=\"300\" \/>\n\t<meta property=\"og:image:type\" content=\"image\/jpeg\" \/>\n<meta name=\"author\" content=\"Jean-Christophe\" \/>\n<meta name=\"twitter:label1\" content=\"\u00c9crit par\" \/>\n\t<meta name=\"twitter:data1\" content=\"Jean-Christophe\" \/>\n\t<meta name=\"twitter:label2\" content=\"Dur\u00e9e de lecture estim\u00e9e\" \/>\n\t<meta name=\"twitter:data2\" content=\"1 minute\" \/>\n<script type=\"application\/ld+json\" class=\"yoast-schema-graph\">{\"@context\":\"https:\\\/\\\/schema.org\",\"@graph\":[{\"@type\":\"Article\",\"@id\":\"https:\\\/\\\/www.aclanester56.com\\\/velo\\\/beau-week-end-thibault-morvan\\\/#article\",\"isPartOf\":{\"@id\":\"https:\\\/\\\/www.aclanester56.com\\\/velo\\\/beau-week-end-thibault-morvan\\\/\"},\"author\":{\"name\":\"Jean-Christophe\",\"@id\":\"https:\\\/\\\/www.aclanester56.com\\\/velo\\\/#\\\/schema\\\/person\\\/ca2a44a5fd969e9dd846c72d3b33bc01\"},\"headline\":\"Un beau week-end de Pentec\u00f4te pour Thibault Morvan !\",\"datePublished\":\"2014-06-11T19:20:17+00:00\",\"dateModified\":\"2014-06-11T19:37:47+00:00\",\"mainEntityOfPage\":{\"@id\":\"https:\\\/\\\/www.aclanester56.com\\\/velo\\\/beau-week-end-thibault-morvan\\\/\"},\"wordCount\":159,\"commentCount\":0,\"publisher\":{\"@id\":\"https:\\\/\\\/www.aclanester56.com\\\/velo\\\/#organization\"},\"image\":{\"@id\":\"https:\\\/\\\/www.aclanester56.com\\\/velo\\\/beau-week-end-thibault-morvan\\\/#primaryimage\"},\"thumbnailUrl\":\"https:\\\/\\\/www.aclanester56.com\\\/velo\\\/wp-content\\\/uploads\\\/2014\\\/06\\\/Thibault-Morvan-Tremeven-2-Copie.jpg\",\"articleSection\":[\"AC LANESTER 56\",\"R\u00e9sultats\",\"R\u00e9sultats 2eme cat\u00e9gorie\",\"R\u00e9sultats 3eme cat\u00e9gorie\",\"R\u00e9sultats Juniors\"],\"inLanguage\":\"fr-FR\",\"potentialAction\":[{\"@type\":\"CommentAction\",\"name\":\"Comment\",\"target\":[\"https:\\\/\\\/www.aclanester56.com\\\/velo\\\/beau-week-end-thibault-morvan\\\/#respond\"]}]},{\"@type\":\"WebPage\",\"@id\":\"https:\\\/\\\/www.aclanester56.com\\\/velo\\\/beau-week-end-thibault-morvan\\\/\",\"url\":\"https:\\\/\\\/www.aclanester56.com\\\/velo\\\/beau-week-end-thibault-morvan\\\/\",\"name\":\"Un beau week-end de Pentec\u00f4te pour Thibault Morvan ! - Avenir Cycliste Lanester 56\",\"isPartOf\":{\"@id\":\"https:\\\/\\\/www.aclanester56.com\\\/velo\\\/#website\"},\"primaryImageOfPage\":{\"@id\":\"https:\\\/\\\/www.aclanester56.com\\\/velo\\\/beau-week-end-thibault-morvan\\\/#primaryimage\"},\"image\":{\"@id\":\"https:\\\/\\\/www.aclanester56.com\\\/velo\\\/beau-week-end-thibault-morvan\\\/#primaryimage\"},\"thumbnailUrl\":\"https:\\\/\\\/www.aclanester56.com\\\/velo\\\/wp-content\\\/uploads\\\/2014\\\/06\\\/Thibault-Morvan-Tremeven-2-Copie.jpg\",\"datePublished\":\"2014-06-11T19:20:17+00:00\",\"dateModified\":\"2014-06-11T19:37:47+00:00\",\"inLanguage\":\"fr-FR\",\"potentialAction\":[{\"@type\":\"ReadAction\",\"target\":[\"https:\\\/\\\/www.aclanester56.com\\\/velo\\\/beau-week-end-thibault-morvan\\\/\"]}]},{\"@type\":\"ImageObject\",\"inLanguage\":\"fr-FR\",\"@id\":\"https:\\\/\\\/www.aclanester56.com\\\/velo\\\/beau-week-end-thibault-morvan\\\/#primaryimage\",\"url\":\"https:\\\/\\\/www.aclanester56.com\\\/velo\\\/wp-content\\\/uploads\\\/2014\\\/06\\\/Thibault-Morvan-Tremeven-2-Copie.jpg\",\"contentUrl\":\"https:\\\/\\\/www.aclanester56.com\\\/velo\\\/wp-content\\\/uploads\\\/2014\\\/06\\\/Thibault-Morvan-Tremeven-2-Copie.jpg\",\"width\":650,\"height\":300},{\"@type\":\"WebSite\",\"@id\":\"https:\\\/\\\/www.aclanester56.com\\\/velo\\\/#website\",\"url\":\"https:\\\/\\\/www.aclanester56.com\\\/velo\\\/\",\"name\":\"Avenir Cycliste Lanester 56\",\"description\":\"Club cycliste de l&#039;AC LANESTER 56\",\"publisher\":{\"@id\":\"https:\\\/\\\/www.aclanester56.com\\\/velo\\\/#organization\"},\"potentialAction\":[{\"@type\":\"SearchAction\",\"target\":{\"@type\":\"EntryPoint\",\"urlTemplate\":\"https:\\\/\\\/www.aclanester56.com\\\/velo\\\/?s={search_term_string}\"},\"query-input\":{\"@type\":\"PropertyValueSpecification\",\"valueRequired\":true,\"valueName\":\"search_term_string\"}}],\"inLanguage\":\"fr-FR\"},{\"@type\":\"Organization\",\"@id\":\"https:\\\/\\\/www.aclanester56.com\\\/velo\\\/#organization\",\"name\":\"Avenir Cycliste Lanester 56\",\"url\":\"https:\\\/\\\/www.aclanester56.com\\\/velo\\\/\",\"logo\":{\"@type\":\"ImageObject\",\"inLanguage\":\"fr-FR\",\"@id\":\"https:\\\/\\\/www.aclanester56.com\\\/velo\\\/#\\\/schema\\\/logo\\\/image\\\/\",\"url\":\"https:\\\/\\\/www.aclanester56.com\\\/velo\\\/wp-content\\\/uploads\\\/2013\\\/04\\\/logo-ACL.jpg\",\"contentUrl\":\"https:\\\/\\\/www.aclanester56.com\\\/velo\\\/wp-content\\\/uploads\\\/2013\\\/04\\\/logo-ACL.jpg\",\"width\":400,\"height\":334,\"caption\":\"Avenir Cycliste Lanester 56\"},\"image\":{\"@id\":\"https:\\\/\\\/www.aclanester56.com\\\/velo\\\/#\\\/schema\\\/logo\\\/image\\\/\"},\"sameAs\":[\"https:\\\/\\\/www.facebook.com\\\/pages\\\/AC-Lanester-56\\\/190286300991242?fref=ts\"]},{\"@type\":\"Person\",\"@id\":\"https:\\\/\\\/www.aclanester56.com\\\/velo\\\/#\\\/schema\\\/person\\\/ca2a44a5fd969e9dd846c72d3b33bc01\",\"name\":\"Jean-Christophe\",\"url\":\"https:\\\/\\\/www.aclanester56.com\\\/velo\\\/author\\\/jeanchristophe\\\/\"}]}<\/script>\n<!-- \/ Yoast SEO plugin. -->","yoast_head_json":{"title":"Un beau week-end de Pentec\u00f4te pour Thibault Morvan ! - Avenir Cycliste Lanester 56","robots":{"index":"index","follow":"follow","max-snippet":"max-snippet:-1","max-image-preview":"max-image-preview:large","max-video-preview":"max-video-preview:-1"},"canonical":"https:\/\/www.aclanester56.com\/velo\/beau-week-end-thibault-morvan\/","og_locale":"fr_FR","og_type":"article","og_title":"Un beau week-end de Pentec\u00f4te pour Thibault Morvan ! - Avenir Cycliste Lanester 56","og_url":"https:\/\/www.aclanester56.com\/velo\/beau-week-end-thibault-morvan\/","og_site_name":"Avenir Cycliste Lanester 56","article_publisher":"https:\/\/www.facebook.com\/pages\/AC-Lanester-56\/190286300991242?fref=ts","article_published_time":"2014-06-11T19:20:17+00:00","article_modified_time":"2014-06-11T19:37:47+00:00","og_image":[{"width":650,"height":300,"url":"https:\/\/www.aclanester56.com\/velo\/wp-content\/uploads\/2014\/06\/Thibault-Morvan-Tremeven-2-Copie.jpg","type":"image\/jpeg"}],"author":"Jean-Christophe","twitter_misc":{"\u00c9crit par":"Jean-Christophe","Dur\u00e9e de lecture estim\u00e9e":"1 minute"},"schema":{"@context":"https:\/\/schema.org","@graph":[{"@type":"Article","@id":"https:\/\/www.aclanester56.com\/velo\/beau-week-end-thibault-morvan\/#article","isPartOf":{"@id":"https:\/\/www.aclanester56.com\/velo\/beau-week-end-thibault-morvan\/"},"author":{"name":"Jean-Christophe","@id":"https:\/\/www.aclanester56.com\/velo\/#\/schema\/person\/ca2a44a5fd969e9dd846c72d3b33bc01"},"headline":"Un beau week-end de Pentec\u00f4te pour Thibault Morvan !","datePublished":"2014-06-11T19:20:17+00:00","dateModified":"2014-06-11T19:37:47+00:00","mainEntityOfPage":{"@id":"https:\/\/www.aclanester56.com\/velo\/beau-week-end-thibault-morvan\/"},"wordCount":159,"commentCount":0,"publisher":{"@id":"https:\/\/www.aclanester56.com\/velo\/#organization"},"image":{"@id":"https:\/\/www.aclanester56.com\/velo\/beau-week-end-thibault-morvan\/#primaryimage"},"thumbnailUrl":"https:\/\/www.aclanester56.com\/velo\/wp-content\/uploads\/2014\/06\/Thibault-Morvan-Tremeven-2-Copie.jpg","articleSection":["AC LANESTER 56","R\u00e9sultats","R\u00e9sultats 2eme cat\u00e9gorie","R\u00e9sultats 3eme cat\u00e9gorie","R\u00e9sultats Juniors"],"inLanguage":"fr-FR","potentialAction":[{"@type":"CommentAction","name":"Comment","target":["https:\/\/www.aclanester56.com\/velo\/beau-week-end-thibault-morvan\/#respond"]}]},{"@type":"WebPage","@id":"https:\/\/www.aclanester56.com\/velo\/beau-week-end-thibault-morvan\/","url":"https:\/\/www.aclanester56.com\/velo\/beau-week-end-thibault-morvan\/","name":"Un beau week-end de Pentec\u00f4te pour Thibault Morvan ! - Avenir Cycliste Lanester 56","isPartOf":{"@id":"https:\/\/www.aclanester56.com\/velo\/#website"},"primaryImageOfPage":{"@id":"https:\/\/www.aclanester56.com\/velo\/beau-week-end-thibault-morvan\/#primaryimage"},"image":{"@id":"https:\/\/www.aclanester56.com\/velo\/beau-week-end-thibault-morvan\/#primaryimage"},"thumbnailUrl":"https:\/\/www.aclanester56.com\/velo\/wp-content\/uploads\/2014\/06\/Thibault-Morvan-Tremeven-2-Copie.jpg","datePublished":"2014-06-11T19:20:17+00:00","dateModified":"2014-06-11T19:37:47+00:00","inLanguage":"fr-FR","potentialAction":[{"@type":"ReadAction","target":["https:\/\/www.aclanester56.com\/velo\/beau-week-end-thibault-morvan\/"]}]},{"@type":"ImageObject","inLanguage":"fr-FR","@id":"https:\/\/www.aclanester56.com\/velo\/beau-week-end-thibault-morvan\/#primaryimage","url":"https:\/\/www.aclanester56.com\/velo\/wp-content\/uploads\/2014\/06\/Thibault-Morvan-Tremeven-2-Copie.jpg","contentUrl":"https:\/\/www.aclanester56.com\/velo\/wp-content\/uploads\/2014\/06\/Thibault-Morvan-Tremeven-2-Copie.jpg","width":650,"height":300},{"@type":"WebSite","@id":"https:\/\/www.aclanester56.com\/velo\/#website","url":"https:\/\/www.aclanester56.com\/velo\/","name":"Avenir Cycliste Lanester 56","description":"Club cycliste de l&#039;AC LANESTER 56","publisher":{"@id":"https:\/\/www.aclanester56.com\/velo\/#organization"},"potentialAction":[{"@type":"SearchAction","target":{"@type":"EntryPoint","urlTemplate":"https:\/\/www.aclanester56.com\/velo\/?s={search_term_string}"},"query-input":{"@type":"PropertyValueSpecification","valueRequired":true,"valueName":"search_term_string"}}],"inLanguage":"fr-FR"},{"@type":"Organization","@id":"https:\/\/www.aclanester56.com\/velo\/#organization","name":"Avenir Cycliste Lanester 56","url":"https:\/\/www.aclanester56.com\/velo\/","logo":{"@type":"ImageObject","inLanguage":"fr-FR","@id":"https:\/\/www.aclanester56.com\/velo\/#\/schema\/logo\/image\/","url":"https:\/\/www.aclanester56.com\/velo\/wp-content\/uploads\/2013\/04\/logo-ACL.jpg","contentUrl":"https:\/\/www.aclanester56.com\/velo\/wp-content\/uploads\/2013\/04\/logo-ACL.jpg","width":400,"height":334,"caption":"Avenir Cycliste Lanester 56"},"image":{"@id":"https:\/\/www.aclanester56.com\/velo\/#\/schema\/logo\/image\/"},"sameAs":["https:\/\/www.facebook.com\/pages\/AC-Lanester-56\/190286300991242?fref=ts"]},{"@type":"Person","@id":"https:\/\/www.aclanester56.com\/velo\/#\/schema\/person\/ca2a44a5fd969e9dd846c72d3b33bc01","name":"Jean-Christophe","url":"https:\/\/www.aclanester56.com\/velo\/author\/jeanchristophe\/"}]}},"_links":{"self":[{"href":"https:\/\/www.aclanester56.com\/velo\/wp-json\/wp\/v2\/posts\/18352","targetHints":{"allow":["GET"]}}],"collection":[{"href":"https:\/\/www.aclanester56.com\/velo\/wp-json\/wp\/v2\/posts"}],"about":[{"href":"https:\/\/www.aclanester56.com\/velo\/wp-json\/wp\/v2\/types\/post"}],"author":[{"embeddable":true,"href":"https:\/\/www.aclanester56.com\/velo\/wp-json\/wp\/v2\/users\/14"}],"replies":[{"embeddable":true,"href":"https:\/\/www.aclanester56.com\/velo\/wp-json\/wp\/v2\/comments?post=18352"}],"version-history":[{"count":2,"href":"https:\/\/www.aclanester56.com\/velo\/wp-json\/wp\/v2\/posts\/18352\/revisions"}],"predecessor-version":[{"id":18363,"href":"https:\/\/www.aclanester56.com\/velo\/wp-json\/wp\/v2\/posts\/18352\/revisions\/18363"}],"wp:featuredmedia":[{"embeddable":true,"href":"https:\/\/www.aclanester56.com\/velo\/wp-json\/wp\/v2\/media\/18361"}],"wp:attachment":[{"href":"https:\/\/www.aclanester56.com\/velo\/wp-json\/wp\/v2\/media?parent=18352"}],"wp:term":[{"taxonomy":"category","embeddable":true,"href":"https:\/\/www.aclanester56.com\/velo\/wp-json\/wp\/v2\/categories?post=18352"},{"taxonomy":"post_tag","embeddable":true,"href":"https:\/\/www.aclanester56.com\/velo\/wp-json\/wp\/v2\/tags?post=18352"}],"curies":[{"name":"wp","href":"https:\/\/api.w.org\/{rel}","templated":true}]}}