{"id":18369,"date":"2014-06-14T10:40:41","date_gmt":"2014-06-14T08:40:41","guid":{"rendered":"http:\/\/www.aclanester56.com\/velo\/?p=18369"},"modified":"2014-06-15T00:34:29","modified_gmt":"2014-06-14T22:34:29","slug":"les-lanesteriens-sur-le-trophee-sebaco-juniors-a-suivre-en-direct-ce-dimanche","status":"publish","type":"post","link":"https:\/\/www.aclanester56.com\/velo\/les-lanesteriens-sur-le-trophee-sebaco-juniors-a-suivre-en-direct-ce-dimanche\/","title":{"rendered":"Les Lanest\u00e9riens sur le Troph\u00e9e Sebaco Juniors \u00e0 suivre en direct ce dimanche !"},"content":{"rendered":"<p><!--more--><\/p>\n<p style=\"text-align: justify;\">Nous vous proposerons demain\u00a0\u00e0 partir du d\u00e9but de matin\u00e9e, de suivre sur notre <a href=\"https:\/\/www.facebook.com\/pages\/AC-Lanester-56\/190286300991242?ref_type=bookmark\" target=\"_blank\">page Facebook<\/a> la prestation de l&rsquo;\u00e9quipe Juniors de l&rsquo;AC Lanester 56 qui sera au d\u00e9part du Troph\u00e9e Sebaco \u00e0 Ergu\u00e9-Gab\u00e9ric, \u00e9preuve f\u00e9d\u00e9rale Juniors qui se dispute en deux \u00e9tapes, avec un contre-la-montre individuel le matin et une course en ligne l&rsquo;apr\u00e8s-midi !<\/p>\n<p style=\"text-align: justify;\">N&rsquo;oubliez pas de cliquez sur \u00ab\u00a0J&rsquo;aime\u00a0\u00bb sur notre page Facebook ! Et pour ceux qui n&rsquo;ont pas de compte Facebook, vous pourrez tout de m\u00eame suivre les informations ci-dessous (pensez \u00e0 r\u00e9actualiser r\u00e9guli\u00e8rement cette page pour avoir les derni\u00e8res informations !), \u00e0 condition que vous utilisiez les navigateurs internet Chrome ou Internet Explorer (ne fonctionne pas avec Firefox).<\/p>\n<p style=\"text-align: center;\"><iframe loading=\"lazy\" style=\"border: none; overflow: hidden; height: 427px;\" src=\"\/\/www.facebook.com\/plugins\/likebox.php?href=https%3A%2F%2Fwww.facebook.com%2Fpages%2FAC-Lanester-56%2F190286300991242&amp;width&amp;height=427&amp;colorscheme=light&amp;show_faces=false&amp;header=true&amp;stream=true&amp;show_border=true\" width=\"600\" height=\"600\" frameborder=\"0\" scrolling=\"no\"><\/iframe><\/p>\n","protected":false},"excerpt":{"rendered":"","protected":false},"author":14,"featured_media":0,"comment_status":"open","ping_status":"closed","sticky":false,"template":"","format":"standard","meta":{"ngg_post_thumbnail":0,"footnotes":""},"categories":[5,21],"tags":[],"class_list":["post-18369","post","type-post","status-publish","format-standard","hentry","category-ac-lanester-56","category-resultats-juniors"],"yoast_head":"<!-- This site is optimized with the Yoast SEO plugin v27.5 - https:\/\/yoast.com\/product\/yoast-seo-wordpress\/ -->\n<title>Les Lanest\u00e9riens sur le Troph\u00e9e Sebaco Juniors \u00e0 suivre en direct ce dimanche ! - Avenir Cycliste Lanester 56<\/title>\n<meta name=\"robots\" content=\"index, follow, max-snippet:-1, max-image-preview:large, max-video-preview:-1\" \/>\n<link rel=\"canonical\" href=\"https:\/\/www.aclanester56.com\/velo\/les-lanesteriens-sur-le-trophee-sebaco-juniors-a-suivre-en-direct-ce-dimanche\/\" \/>\n<meta property=\"og:locale\" content=\"fr_FR\" \/>\n<meta property=\"og:type\" content=\"article\" \/>\n<meta property=\"og:title\" content=\"Les Lanest\u00e9riens sur le Troph\u00e9e Sebaco Juniors \u00e0 suivre en direct ce dimanche ! - Avenir Cycliste Lanester 56\" \/>\n<meta property=\"og:url\" content=\"https:\/\/www.aclanester56.com\/velo\/les-lanesteriens-sur-le-trophee-sebaco-juniors-a-suivre-en-direct-ce-dimanche\/\" \/>\n<meta property=\"og:site_name\" content=\"Avenir Cycliste Lanester 56\" \/>\n<meta property=\"article:publisher\" content=\"https:\/\/www.facebook.com\/pages\/AC-Lanester-56\/190286300991242?fref=ts\" \/>\n<meta property=\"article:published_time\" content=\"2014-06-14T08:40:41+00:00\" \/>\n<meta property=\"article:modified_time\" content=\"2014-06-14T22:34:29+00:00\" \/>\n<meta property=\"og:image\" content=\"https:\/\/www.aclanester56.com\/velo\/wp-content\/uploads\/2014\/06\/voyance-directe-Copie.jpg\" \/>\n\t<meta property=\"og:image:width\" content=\"650\" \/>\n\t<meta property=\"og:image:height\" content=\"300\" \/>\n\t<meta property=\"og:image:type\" content=\"image\/jpeg\" \/>\n<meta name=\"author\" content=\"Jean-Christophe\" \/>\n<meta name=\"twitter:label1\" content=\"\u00c9crit par\" \/>\n\t<meta name=\"twitter:data1\" content=\"Jean-Christophe\" \/>\n\t<meta name=\"twitter:label2\" content=\"Dur\u00e9e de lecture estim\u00e9e\" \/>\n\t<meta name=\"twitter:data2\" content=\"1 minute\" \/>\n<script type=\"application\/ld+json\" class=\"yoast-schema-graph\">{\"@context\":\"https:\\\/\\\/schema.org\",\"@graph\":[{\"@type\":\"Article\",\"@id\":\"https:\\\/\\\/www.aclanester56.com\\\/velo\\\/les-lanesteriens-sur-le-trophee-sebaco-juniors-a-suivre-en-direct-ce-dimanche\\\/#article\",\"isPartOf\":{\"@id\":\"https:\\\/\\\/www.aclanester56.com\\\/velo\\\/les-lanesteriens-sur-le-trophee-sebaco-juniors-a-suivre-en-direct-ce-dimanche\\\/\"},\"author\":{\"name\":\"Jean-Christophe\",\"@id\":\"https:\\\/\\\/www.aclanester56.com\\\/velo\\\/#\\\/schema\\\/person\\\/ca2a44a5fd969e9dd846c72d3b33bc01\"},\"headline\":\"Les Lanest\u00e9riens sur le Troph\u00e9e Sebaco Juniors \u00e0 suivre en direct ce dimanche !\",\"datePublished\":\"2014-06-14T08:40:41+00:00\",\"dateModified\":\"2014-06-14T22:34:29+00:00\",\"mainEntityOfPage\":{\"@id\":\"https:\\\/\\\/www.aclanester56.com\\\/velo\\\/les-lanesteriens-sur-le-trophee-sebaco-juniors-a-suivre-en-direct-ce-dimanche\\\/\"},\"wordCount\":135,\"commentCount\":0,\"publisher\":{\"@id\":\"https:\\\/\\\/www.aclanester56.com\\\/velo\\\/#organization\"},\"articleSection\":[\"AC LANESTER 56\",\"R\u00e9sultats Juniors\"],\"inLanguage\":\"fr-FR\",\"potentialAction\":[{\"@type\":\"CommentAction\",\"name\":\"Comment\",\"target\":[\"https:\\\/\\\/www.aclanester56.com\\\/velo\\\/les-lanesteriens-sur-le-trophee-sebaco-juniors-a-suivre-en-direct-ce-dimanche\\\/#respond\"]}]},{\"@type\":\"WebPage\",\"@id\":\"https:\\\/\\\/www.aclanester56.com\\\/velo\\\/les-lanesteriens-sur-le-trophee-sebaco-juniors-a-suivre-en-direct-ce-dimanche\\\/\",\"url\":\"https:\\\/\\\/www.aclanester56.com\\\/velo\\\/les-lanesteriens-sur-le-trophee-sebaco-juniors-a-suivre-en-direct-ce-dimanche\\\/\",\"name\":\"Les Lanest\u00e9riens sur le Troph\u00e9e Sebaco Juniors \u00e0 suivre en direct ce dimanche ! - Avenir Cycliste Lanester 56\",\"isPartOf\":{\"@id\":\"https:\\\/\\\/www.aclanester56.com\\\/velo\\\/#website\"},\"datePublished\":\"2014-06-14T08:40:41+00:00\",\"dateModified\":\"2014-06-14T22:34:29+00:00\",\"inLanguage\":\"fr-FR\",\"potentialAction\":[{\"@type\":\"ReadAction\",\"target\":[\"https:\\\/\\\/www.aclanester56.com\\\/velo\\\/les-lanesteriens-sur-le-trophee-sebaco-juniors-a-suivre-en-direct-ce-dimanche\\\/\"]}]},{\"@type\":\"WebSite\",\"@id\":\"https:\\\/\\\/www.aclanester56.com\\\/velo\\\/#website\",\"url\":\"https:\\\/\\\/www.aclanester56.com\\\/velo\\\/\",\"name\":\"Avenir Cycliste Lanester 56\",\"description\":\"Club cycliste de l&#039;AC LANESTER 56\",\"publisher\":{\"@id\":\"https:\\\/\\\/www.aclanester56.com\\\/velo\\\/#organization\"},\"potentialAction\":[{\"@type\":\"SearchAction\",\"target\":{\"@type\":\"EntryPoint\",\"urlTemplate\":\"https:\\\/\\\/www.aclanester56.com\\\/velo\\\/?s={search_term_string}\"},\"query-input\":{\"@type\":\"PropertyValueSpecification\",\"valueRequired\":true,\"valueName\":\"search_term_string\"}}],\"inLanguage\":\"fr-FR\"},{\"@type\":\"Organization\",\"@id\":\"https:\\\/\\\/www.aclanester56.com\\\/velo\\\/#organization\",\"name\":\"Avenir Cycliste Lanester 56\",\"url\":\"https:\\\/\\\/www.aclanester56.com\\\/velo\\\/\",\"logo\":{\"@type\":\"ImageObject\",\"inLanguage\":\"fr-FR\",\"@id\":\"https:\\\/\\\/www.aclanester56.com\\\/velo\\\/#\\\/schema\\\/logo\\\/image\\\/\",\"url\":\"https:\\\/\\\/www.aclanester56.com\\\/velo\\\/wp-content\\\/uploads\\\/2013\\\/04\\\/logo-ACL.jpg\",\"contentUrl\":\"https:\\\/\\\/www.aclanester56.com\\\/velo\\\/wp-content\\\/uploads\\\/2013\\\/04\\\/logo-ACL.jpg\",\"width\":400,\"height\":334,\"caption\":\"Avenir Cycliste Lanester 56\"},\"image\":{\"@id\":\"https:\\\/\\\/www.aclanester56.com\\\/velo\\\/#\\\/schema\\\/logo\\\/image\\\/\"},\"sameAs\":[\"https:\\\/\\\/www.facebook.com\\\/pages\\\/AC-Lanester-56\\\/190286300991242?fref=ts\"]},{\"@type\":\"Person\",\"@id\":\"https:\\\/\\\/www.aclanester56.com\\\/velo\\\/#\\\/schema\\\/person\\\/ca2a44a5fd969e9dd846c72d3b33bc01\",\"name\":\"Jean-Christophe\",\"url\":\"https:\\\/\\\/www.aclanester56.com\\\/velo\\\/author\\\/jeanchristophe\\\/\"}]}<\/script>\n<!-- \/ Yoast SEO plugin. -->","yoast_head_json":{"title":"Les Lanest\u00e9riens sur le Troph\u00e9e Sebaco Juniors \u00e0 suivre en direct ce dimanche ! - Avenir Cycliste Lanester 56","robots":{"index":"index","follow":"follow","max-snippet":"max-snippet:-1","max-image-preview":"max-image-preview:large","max-video-preview":"max-video-preview:-1"},"canonical":"https:\/\/www.aclanester56.com\/velo\/les-lanesteriens-sur-le-trophee-sebaco-juniors-a-suivre-en-direct-ce-dimanche\/","og_locale":"fr_FR","og_type":"article","og_title":"Les Lanest\u00e9riens sur le Troph\u00e9e Sebaco Juniors \u00e0 suivre en direct ce dimanche ! - Avenir Cycliste Lanester 56","og_url":"https:\/\/www.aclanester56.com\/velo\/les-lanesteriens-sur-le-trophee-sebaco-juniors-a-suivre-en-direct-ce-dimanche\/","og_site_name":"Avenir Cycliste Lanester 56","article_publisher":"https:\/\/www.facebook.com\/pages\/AC-Lanester-56\/190286300991242?fref=ts","article_published_time":"2014-06-14T08:40:41+00:00","article_modified_time":"2014-06-14T22:34:29+00:00","og_image":[{"width":650,"height":300,"url":"https:\/\/www.aclanester56.com\/velo\/wp-content\/uploads\/2014\/06\/voyance-directe-Copie.jpg","type":"image\/jpeg"}],"author":"Jean-Christophe","twitter_misc":{"\u00c9crit par":"Jean-Christophe","Dur\u00e9e de lecture estim\u00e9e":"1 minute"},"schema":{"@context":"https:\/\/schema.org","@graph":[{"@type":"Article","@id":"https:\/\/www.aclanester56.com\/velo\/les-lanesteriens-sur-le-trophee-sebaco-juniors-a-suivre-en-direct-ce-dimanche\/#article","isPartOf":{"@id":"https:\/\/www.aclanester56.com\/velo\/les-lanesteriens-sur-le-trophee-sebaco-juniors-a-suivre-en-direct-ce-dimanche\/"},"author":{"name":"Jean-Christophe","@id":"https:\/\/www.aclanester56.com\/velo\/#\/schema\/person\/ca2a44a5fd969e9dd846c72d3b33bc01"},"headline":"Les Lanest\u00e9riens sur le Troph\u00e9e Sebaco Juniors \u00e0 suivre en direct ce dimanche !","datePublished":"2014-06-14T08:40:41+00:00","dateModified":"2014-06-14T22:34:29+00:00","mainEntityOfPage":{"@id":"https:\/\/www.aclanester56.com\/velo\/les-lanesteriens-sur-le-trophee-sebaco-juniors-a-suivre-en-direct-ce-dimanche\/"},"wordCount":135,"commentCount":0,"publisher":{"@id":"https:\/\/www.aclanester56.com\/velo\/#organization"},"articleSection":["AC LANESTER 56","R\u00e9sultats Juniors"],"inLanguage":"fr-FR","potentialAction":[{"@type":"CommentAction","name":"Comment","target":["https:\/\/www.aclanester56.com\/velo\/les-lanesteriens-sur-le-trophee-sebaco-juniors-a-suivre-en-direct-ce-dimanche\/#respond"]}]},{"@type":"WebPage","@id":"https:\/\/www.aclanester56.com\/velo\/les-lanesteriens-sur-le-trophee-sebaco-juniors-a-suivre-en-direct-ce-dimanche\/","url":"https:\/\/www.aclanester56.com\/velo\/les-lanesteriens-sur-le-trophee-sebaco-juniors-a-suivre-en-direct-ce-dimanche\/","name":"Les Lanest\u00e9riens sur le Troph\u00e9e Sebaco Juniors \u00e0 suivre en direct ce dimanche ! - Avenir Cycliste Lanester 56","isPartOf":{"@id":"https:\/\/www.aclanester56.com\/velo\/#website"},"datePublished":"2014-06-14T08:40:41+00:00","dateModified":"2014-06-14T22:34:29+00:00","inLanguage":"fr-FR","potentialAction":[{"@type":"ReadAction","target":["https:\/\/www.aclanester56.com\/velo\/les-lanesteriens-sur-le-trophee-sebaco-juniors-a-suivre-en-direct-ce-dimanche\/"]}]},{"@type":"WebSite","@id":"https:\/\/www.aclanester56.com\/velo\/#website","url":"https:\/\/www.aclanester56.com\/velo\/","name":"Avenir Cycliste Lanester 56","description":"Club cycliste de l&#039;AC LANESTER 56","publisher":{"@id":"https:\/\/www.aclanester56.com\/velo\/#organization"},"potentialAction":[{"@type":"SearchAction","target":{"@type":"EntryPoint","urlTemplate":"https:\/\/www.aclanester56.com\/velo\/?s={search_term_string}"},"query-input":{"@type":"PropertyValueSpecification","valueRequired":true,"valueName":"search_term_string"}}],"inLanguage":"fr-FR"},{"@type":"Organization","@id":"https:\/\/www.aclanester56.com\/velo\/#organization","name":"Avenir Cycliste Lanester 56","url":"https:\/\/www.aclanester56.com\/velo\/","logo":{"@type":"ImageObject","inLanguage":"fr-FR","@id":"https:\/\/www.aclanester56.com\/velo\/#\/schema\/logo\/image\/","url":"https:\/\/www.aclanester56.com\/velo\/wp-content\/uploads\/2013\/04\/logo-ACL.jpg","contentUrl":"https:\/\/www.aclanester56.com\/velo\/wp-content\/uploads\/2013\/04\/logo-ACL.jpg","width":400,"height":334,"caption":"Avenir Cycliste Lanester 56"},"image":{"@id":"https:\/\/www.aclanester56.com\/velo\/#\/schema\/logo\/image\/"},"sameAs":["https:\/\/www.facebook.com\/pages\/AC-Lanester-56\/190286300991242?fref=ts"]},{"@type":"Person","@id":"https:\/\/www.aclanester56.com\/velo\/#\/schema\/person\/ca2a44a5fd969e9dd846c72d3b33bc01","name":"Jean-Christophe","url":"https:\/\/www.aclanester56.com\/velo\/author\/jeanchristophe\/"}]}},"_links":{"self":[{"href":"https:\/\/www.aclanester56.com\/velo\/wp-json\/wp\/v2\/posts\/18369","targetHints":{"allow":["GET"]}}],"collection":[{"href":"https:\/\/www.aclanester56.com\/velo\/wp-json\/wp\/v2\/posts"}],"about":[{"href":"https:\/\/www.aclanester56.com\/velo\/wp-json\/wp\/v2\/types\/post"}],"author":[{"embeddable":true,"href":"https:\/\/www.aclanester56.com\/velo\/wp-json\/wp\/v2\/users\/14"}],"replies":[{"embeddable":true,"href":"https:\/\/www.aclanester56.com\/velo\/wp-json\/wp\/v2\/comments?post=18369"}],"version-history":[{"count":3,"href":"https:\/\/www.aclanester56.com\/velo\/wp-json\/wp\/v2\/posts\/18369\/revisions"}],"predecessor-version":[{"id":18401,"href":"https:\/\/www.aclanester56.com\/velo\/wp-json\/wp\/v2\/posts\/18369\/revisions\/18401"}],"wp:attachment":[{"href":"https:\/\/www.aclanester56.com\/velo\/wp-json\/wp\/v2\/media?parent=18369"}],"wp:term":[{"taxonomy":"category","embeddable":true,"href":"https:\/\/www.aclanester56.com\/velo\/wp-json\/wp\/v2\/categories?post=18369"},{"taxonomy":"post_tag","embeddable":true,"href":"https:\/\/www.aclanester56.com\/velo\/wp-json\/wp\/v2\/tags?post=18369"}],"curies":[{"name":"wp","href":"https:\/\/api.w.org\/{rel}","templated":true}]}}