{"id":1967,"date":"2010-03-09T13:27:06","date_gmt":"2010-03-09T12:27:06","guid":{"rendered":"http:\/\/www.aclanester56.com\/velo\/?p=1967"},"modified":"2010-03-10T20:52:08","modified_gmt":"2010-03-10T19:52:08","slug":"des-nouvelles-de-matthieu-boulo","status":"publish","type":"post","link":"https:\/\/www.aclanester56.com\/velo\/des-nouvelles-de-matthieu-boulo\/","title":{"rendered":"Des nouvelles de Matthieu Boulo"},"content":{"rendered":"<p><a href=\"http:\/\/www.aclanester56.com\/velo\/wp-content\/uploads\/2010\/02\/boulo-quelneuc2-redim6401.jpg\"><img loading=\"lazy\" decoding=\"async\" class=\"alignleft size-thumbnail wp-image-1652\" src=\"http:\/\/www.aclanester56.com\/velo\/wp-content\/uploads\/2010\/02\/boulo-quelneuc2-redim6401-150x150.jpg\" alt=\"\" width=\"150\" height=\"150\" \/><\/a><\/p>\n<p><br class=\"spacer_\" \/><\/p>\n<p><br class=\"spacer_\" \/><\/p>\n<p><br class=\"spacer_\" \/><\/p>\n<p>Bonjour \u00e0 tous, bonjour \u00e0 l\u2019AC LANESTER 56\u2026.<\/p>\n<p><!--more--><\/p>\n<p><br class=\"spacer_\" \/><\/p>\n<p><a href=\"http:\/\/www.aclanester56.com\/velo\/wp-content\/uploads\/2010\/02\/boulo-roubaix1.jpg\"><img loading=\"lazy\" decoding=\"async\" class=\"alignleft size-thumbnail wp-image-1653\" src=\"http:\/\/www.aclanester56.com\/velo\/wp-content\/uploads\/2010\/02\/boulo-roubaix1-150x150.jpg\" alt=\"\" width=\"150\" height=\"150\" \/><\/a><\/p>\n<p><br class=\"spacer_\" \/><\/p>\n<p>Me voila projet\u00e9 chez les pros depuis le mois de janvier.<\/p>\n<p>L\u2019objectif de la saison de cyclo-cross a bien \u00e9t\u00e9 rempli avec le titre de Champion de France sous les couleurs de Roubaix Lille M\u00e9tropole. Ensuite deux coupes du monde de cyclo- cross avec le maillot de Champion de France\u00a0: de grosses \u00e9motions, mais malheureusement \u00a0plus de jambes suite \u00e0 une rhinopharyngite et puis un mauvais mondial \u00e0 oublier.<\/p>\n<p><br class=\"spacer_\" \/><\/p>\n<p>Voila le d\u00e9but de saison sur route \u00a0le 10fevrier et \u00a0oui j\u2019ai enchain\u00e9\u2026<\/p>\n<p>Le Tour M\u00e9diterran\u00e9en<\/p>\n<p><strong> 1<sup>er<\/sup> \u00e9tape<\/strong> : 100KM, petite \u00a0\u00e9tape, \u00a0MAIS des BORDURES hehehe\u00a0!!!<\/p>\n<p>Mon petit plaisir que nous prenions avec Rodolphe et l\u2019\u00e9quipe de l\u2019ann\u00e9e derni\u00e8re\u00a0; je finis dans le paquet, il y avait quelques groupes de pi\u00e9g\u00e9s.<\/p>\n<p><strong>2eme \u00e9tape : <\/strong> 170km avec 2 cols de 2\u00e8me cat\u00e9gorie, je termine \u00e0 la 27\u00e8me place.<\/p>\n<p><strong>3eme \u00e9tape :<\/strong> 115 km avec 3 cols 1 de 2\u00e8me cat\u00a0 et 2 de 3\u00e8me cat, dans le paquet. \u00a0\u00a0\u00a0\u00a0\u00a0\u00a0\u00a0\u00a0\u00a0\u00a0\u00a0\u00a0\u00a0\u00a0\u00a0\u00a0\u00a0\u00a0\u00a0\u00a0\u00a0\u00a0\u00a0\u00a0\u00a0 \u00a0\u00a0\u00a0\u00a0\u00a0\u00a0\u00a0\u00a0\u00a0\u00a0\u00a0\u00a0\u00a0\u00a0\u00a0\u00a0\u00a0\u00a0\u00a0\u00a0\u00a0\u00a0\u00a0\u00a0<strong> <\/strong><\/p>\n<p><strong>4eme \u00e9tape<\/strong> : 160 km de pr\u00e9vu mais la course a \u00e9t\u00e9 neutralis\u00e9e car les motards de la gendarmerie n\u2019avaient \u00a0pas le droit de passer dans le d\u00e9partement voisin. Donc nous avons fait 125 km et nous nous somme bien couvert \u00a0pour rentrer en convoi.<\/p>\n<p>5eme \u00e9tape : 4 cols de deuxi\u00e8me cat et 2 de premi\u00e8re cat:\u00a0 journ\u00e9e dur dur, \u00a0j\u2019explose dans le 2 \u00e8me col de 1 cat, nous nous retrouvons \u00e0 une trentaine de coureurs le groupetto et je cr\u00e8ve, donc je b\u00e2che.<\/p>\n<p>Nous sommes rest\u00e9s \u00a0dans le sud la semaine pour disputer le tour du Haut Var.<\/p>\n<p><br class=\"spacer_\" \/><\/p>\n<p>Tour du Haut Var :<\/p>\n<p><strong>1<sup>er<\/sup> \u00e9tape\u00a0:<\/strong> 170 km avec 4 cols au compteur je termine dans le paquet.<\/p>\n<p><strong>2eme \u00e9tape<\/strong> : 200 km dont 1 col hors cat\u00e9gorie \u00e0 40 km de l\u2019arriv\u00e9e Je me fais sortir dans ce col, comme bien d\u2019autres, je termine la cours dans le groupetto \u00e0 plus de 18 min.<\/p>\n<p><br class=\"spacer_\" \/><\/p>\n<p>Boucles\u00a0 Sud Ard\u00e8che :<\/p>\n<p>Course d&rsquo;1 jour de 200 km, pour finir sur un circuit de 20 km, \u00e0 parcourir six fois.<\/p>\n<p>Circuit rendu difficile par un col de 3 km et une cote de 1 km, avec un fort pourcentage.<\/p>\n<p>Un groupe s\u2019\u00e9chappe au bout de 40 km et nous n\u2019avons personne de repr\u00e9sent\u00e9. Le DTS a donc \u00a0d\u00e9cid\u00e9 de me sacrifier. J\u2019ai roul\u00e9 avec les Saxo-Bank et les Skil pendant 90 km et\u00a0 j\u2019ai saut\u00e9 apr\u00e8s avoir fait mon \u00ab\u00a0BOULO\u00a0\u00bb enrichissant\u2026<\/p>\n<p>A plus tard pour d\u2019autres infos.<\/p>\n<p><br class=\"spacer_\" \/><\/p>\n<p><br class=\"spacer_\" \/><\/p>\n<div id=\"attachment_1969\" style=\"width: 490px\" class=\"wp-caption aligncenter\"><a href=\"http:\/\/www.aclanester56.com\/velo\/wp-content\/uploads\/2010\/03\/boulo-manche-atlantiq1.jpg\"><img loading=\"lazy\" decoding=\"async\" aria-describedby=\"caption-attachment-1969\" class=\"size-full wp-image-1969\" src=\"http:\/\/www.aclanester56.com\/velo\/wp-content\/uploads\/2010\/03\/boulo-manche-atlantiq1.jpg\" alt=\"\" width=\"480\" height=\"321\" srcset=\"https:\/\/www.aclanester56.com\/velo\/wp-content\/uploads\/2010\/03\/boulo-manche-atlantiq1.jpg 480w, https:\/\/www.aclanester56.com\/velo\/wp-content\/uploads\/2010\/03\/boulo-manche-atlantiq1-300x200.jpg 300w\" sizes=\"auto, (max-width: 480px) 100vw, 480px\" \/><\/a><p id=\"caption-attachment-1969\" class=\"wp-caption-text\">Matthieu au cot\u00e9 de Vincent Guezennec sur Manche Atlantique<\/p><\/div>\n<p><br class=\"spacer_\" \/><\/p>\n<p><br class=\"spacer_\" \/><\/p>\n<p><br class=\"spacer_\" \/><\/p>\n<div class=\"mceTemp\">\n<dl>\n<dt><\/dt>\n<dd>Matthieu et Vincent Guezennec sur Manche Atlantique<\/dd>\n<\/dl>\n<\/div>\n","protected":false},"excerpt":{"rendered":"<p>Bonjour \u00e0 tous, bonjour \u00e0 l\u2019AC LANESTER 56\u2026.<\/p>\n","protected":false},"author":14,"featured_media":1652,"comment_status":"open","ping_status":"open","sticky":false,"template":"","format":"standard","meta":{"ngg_post_thumbnail":0,"footnotes":""},"categories":[14],"tags":[],"class_list":["post-1967","post","type-post","status-publish","format-standard","has-post-thumbnail","hentry","category-actualites-dn"],"yoast_head":"<!-- This site is optimized with the Yoast SEO plugin v27.5 - https:\/\/yoast.com\/product\/yoast-seo-wordpress\/ -->\n<title>Des nouvelles de Matthieu Boulo - Avenir Cycliste Lanester 56<\/title>\n<meta name=\"robots\" content=\"index, follow, max-snippet:-1, max-image-preview:large, max-video-preview:-1\" \/>\n<link rel=\"canonical\" href=\"https:\/\/www.aclanester56.com\/velo\/des-nouvelles-de-matthieu-boulo\/\" \/>\n<meta property=\"og:locale\" content=\"fr_FR\" \/>\n<meta property=\"og:type\" content=\"article\" \/>\n<meta property=\"og:title\" content=\"Des nouvelles de Matthieu Boulo - Avenir Cycliste Lanester 56\" \/>\n<meta property=\"og:description\" content=\"Bonjour \u00e0 tous, bonjour \u00e0 l\u2019AC LANESTER 56\u2026.\" \/>\n<meta property=\"og:url\" content=\"https:\/\/www.aclanester56.com\/velo\/des-nouvelles-de-matthieu-boulo\/\" \/>\n<meta property=\"og:site_name\" content=\"Avenir Cycliste Lanester 56\" \/>\n<meta property=\"article:publisher\" content=\"https:\/\/www.facebook.com\/pages\/AC-Lanester-56\/190286300991242?fref=ts\" \/>\n<meta property=\"article:published_time\" content=\"2010-03-09T12:27:06+00:00\" \/>\n<meta property=\"article:modified_time\" content=\"2010-03-10T19:52:08+00:00\" \/>\n<meta property=\"og:image\" content=\"https:\/\/www.aclanester56.com\/velo\/wp-content\/uploads\/2010\/02\/boulo-quelneuc2-redim6401.jpg\" \/>\n\t<meta property=\"og:image:width\" content=\"574\" \/>\n\t<meta property=\"og:image:height\" content=\"640\" \/>\n\t<meta property=\"og:image:type\" content=\"image\/jpeg\" \/>\n<meta name=\"author\" content=\"Jean-Christophe\" \/>\n<meta name=\"twitter:label1\" content=\"\u00c9crit par\" \/>\n\t<meta name=\"twitter:data1\" content=\"Jean-Christophe\" \/>\n\t<meta name=\"twitter:label2\" content=\"Dur\u00e9e de lecture estim\u00e9e\" \/>\n\t<meta name=\"twitter:data2\" content=\"2 minutes\" \/>\n<script type=\"application\/ld+json\" class=\"yoast-schema-graph\">{\"@context\":\"https:\\\/\\\/schema.org\",\"@graph\":[{\"@type\":\"Article\",\"@id\":\"https:\\\/\\\/www.aclanester56.com\\\/velo\\\/des-nouvelles-de-matthieu-boulo\\\/#article\",\"isPartOf\":{\"@id\":\"https:\\\/\\\/www.aclanester56.com\\\/velo\\\/des-nouvelles-de-matthieu-boulo\\\/\"},\"author\":{\"name\":\"Jean-Christophe\",\"@id\":\"https:\\\/\\\/www.aclanester56.com\\\/velo\\\/#\\\/schema\\\/person\\\/ca2a44a5fd969e9dd846c72d3b33bc01\"},\"headline\":\"Des nouvelles de Matthieu Boulo\",\"datePublished\":\"2010-03-09T12:27:06+00:00\",\"dateModified\":\"2010-03-10T19:52:08+00:00\",\"mainEntityOfPage\":{\"@id\":\"https:\\\/\\\/www.aclanester56.com\\\/velo\\\/des-nouvelles-de-matthieu-boulo\\\/\"},\"wordCount\":436,\"commentCount\":0,\"publisher\":{\"@id\":\"https:\\\/\\\/www.aclanester56.com\\\/velo\\\/#organization\"},\"image\":{\"@id\":\"https:\\\/\\\/www.aclanester56.com\\\/velo\\\/des-nouvelles-de-matthieu-boulo\\\/#primaryimage\"},\"thumbnailUrl\":\"https:\\\/\\\/www.aclanester56.com\\\/velo\\\/wp-content\\\/uploads\\\/2010\\\/02\\\/boulo-quelneuc2-redim6401.jpg\",\"articleSection\":[\"Actualit\u00e9s DN\"],\"inLanguage\":\"fr-FR\",\"potentialAction\":[{\"@type\":\"CommentAction\",\"name\":\"Comment\",\"target\":[\"https:\\\/\\\/www.aclanester56.com\\\/velo\\\/des-nouvelles-de-matthieu-boulo\\\/#respond\"]}]},{\"@type\":\"WebPage\",\"@id\":\"https:\\\/\\\/www.aclanester56.com\\\/velo\\\/des-nouvelles-de-matthieu-boulo\\\/\",\"url\":\"https:\\\/\\\/www.aclanester56.com\\\/velo\\\/des-nouvelles-de-matthieu-boulo\\\/\",\"name\":\"Des nouvelles de Matthieu Boulo - Avenir Cycliste Lanester 56\",\"isPartOf\":{\"@id\":\"https:\\\/\\\/www.aclanester56.com\\\/velo\\\/#website\"},\"primaryImageOfPage\":{\"@id\":\"https:\\\/\\\/www.aclanester56.com\\\/velo\\\/des-nouvelles-de-matthieu-boulo\\\/#primaryimage\"},\"image\":{\"@id\":\"https:\\\/\\\/www.aclanester56.com\\\/velo\\\/des-nouvelles-de-matthieu-boulo\\\/#primaryimage\"},\"thumbnailUrl\":\"https:\\\/\\\/www.aclanester56.com\\\/velo\\\/wp-content\\\/uploads\\\/2010\\\/02\\\/boulo-quelneuc2-redim6401.jpg\",\"datePublished\":\"2010-03-09T12:27:06+00:00\",\"dateModified\":\"2010-03-10T19:52:08+00:00\",\"inLanguage\":\"fr-FR\",\"potentialAction\":[{\"@type\":\"ReadAction\",\"target\":[\"https:\\\/\\\/www.aclanester56.com\\\/velo\\\/des-nouvelles-de-matthieu-boulo\\\/\"]}]},{\"@type\":\"ImageObject\",\"inLanguage\":\"fr-FR\",\"@id\":\"https:\\\/\\\/www.aclanester56.com\\\/velo\\\/des-nouvelles-de-matthieu-boulo\\\/#primaryimage\",\"url\":\"https:\\\/\\\/www.aclanester56.com\\\/velo\\\/wp-content\\\/uploads\\\/2010\\\/02\\\/boulo-quelneuc2-redim6401.jpg\",\"contentUrl\":\"https:\\\/\\\/www.aclanester56.com\\\/velo\\\/wp-content\\\/uploads\\\/2010\\\/02\\\/boulo-quelneuc2-redim6401.jpg\",\"width\":574,\"height\":640},{\"@type\":\"WebSite\",\"@id\":\"https:\\\/\\\/www.aclanester56.com\\\/velo\\\/#website\",\"url\":\"https:\\\/\\\/www.aclanester56.com\\\/velo\\\/\",\"name\":\"Avenir Cycliste Lanester 56\",\"description\":\"Club cycliste de l&#039;AC LANESTER 56\",\"publisher\":{\"@id\":\"https:\\\/\\\/www.aclanester56.com\\\/velo\\\/#organization\"},\"potentialAction\":[{\"@type\":\"SearchAction\",\"target\":{\"@type\":\"EntryPoint\",\"urlTemplate\":\"https:\\\/\\\/www.aclanester56.com\\\/velo\\\/?s={search_term_string}\"},\"query-input\":{\"@type\":\"PropertyValueSpecification\",\"valueRequired\":true,\"valueName\":\"search_term_string\"}}],\"inLanguage\":\"fr-FR\"},{\"@type\":\"Organization\",\"@id\":\"https:\\\/\\\/www.aclanester56.com\\\/velo\\\/#organization\",\"name\":\"Avenir Cycliste Lanester 56\",\"url\":\"https:\\\/\\\/www.aclanester56.com\\\/velo\\\/\",\"logo\":{\"@type\":\"ImageObject\",\"inLanguage\":\"fr-FR\",\"@id\":\"https:\\\/\\\/www.aclanester56.com\\\/velo\\\/#\\\/schema\\\/logo\\\/image\\\/\",\"url\":\"https:\\\/\\\/www.aclanester56.com\\\/velo\\\/wp-content\\\/uploads\\\/2013\\\/04\\\/logo-ACL.jpg\",\"contentUrl\":\"https:\\\/\\\/www.aclanester56.com\\\/velo\\\/wp-content\\\/uploads\\\/2013\\\/04\\\/logo-ACL.jpg\",\"width\":400,\"height\":334,\"caption\":\"Avenir Cycliste Lanester 56\"},\"image\":{\"@id\":\"https:\\\/\\\/www.aclanester56.com\\\/velo\\\/#\\\/schema\\\/logo\\\/image\\\/\"},\"sameAs\":[\"https:\\\/\\\/www.facebook.com\\\/pages\\\/AC-Lanester-56\\\/190286300991242?fref=ts\"]},{\"@type\":\"Person\",\"@id\":\"https:\\\/\\\/www.aclanester56.com\\\/velo\\\/#\\\/schema\\\/person\\\/ca2a44a5fd969e9dd846c72d3b33bc01\",\"name\":\"Jean-Christophe\",\"url\":\"https:\\\/\\\/www.aclanester56.com\\\/velo\\\/author\\\/jeanchristophe\\\/\"}]}<\/script>\n<!-- \/ Yoast SEO plugin. -->","yoast_head_json":{"title":"Des nouvelles de Matthieu Boulo - Avenir Cycliste Lanester 56","robots":{"index":"index","follow":"follow","max-snippet":"max-snippet:-1","max-image-preview":"max-image-preview:large","max-video-preview":"max-video-preview:-1"},"canonical":"https:\/\/www.aclanester56.com\/velo\/des-nouvelles-de-matthieu-boulo\/","og_locale":"fr_FR","og_type":"article","og_title":"Des nouvelles de Matthieu Boulo - Avenir Cycliste Lanester 56","og_description":"Bonjour \u00e0 tous, bonjour \u00e0 l\u2019AC LANESTER 56\u2026.","og_url":"https:\/\/www.aclanester56.com\/velo\/des-nouvelles-de-matthieu-boulo\/","og_site_name":"Avenir Cycliste Lanester 56","article_publisher":"https:\/\/www.facebook.com\/pages\/AC-Lanester-56\/190286300991242?fref=ts","article_published_time":"2010-03-09T12:27:06+00:00","article_modified_time":"2010-03-10T19:52:08+00:00","og_image":[{"width":574,"height":640,"url":"https:\/\/www.aclanester56.com\/velo\/wp-content\/uploads\/2010\/02\/boulo-quelneuc2-redim6401.jpg","type":"image\/jpeg"}],"author":"Jean-Christophe","twitter_misc":{"\u00c9crit par":"Jean-Christophe","Dur\u00e9e de lecture estim\u00e9e":"2 minutes"},"schema":{"@context":"https:\/\/schema.org","@graph":[{"@type":"Article","@id":"https:\/\/www.aclanester56.com\/velo\/des-nouvelles-de-matthieu-boulo\/#article","isPartOf":{"@id":"https:\/\/www.aclanester56.com\/velo\/des-nouvelles-de-matthieu-boulo\/"},"author":{"name":"Jean-Christophe","@id":"https:\/\/www.aclanester56.com\/velo\/#\/schema\/person\/ca2a44a5fd969e9dd846c72d3b33bc01"},"headline":"Des nouvelles de Matthieu Boulo","datePublished":"2010-03-09T12:27:06+00:00","dateModified":"2010-03-10T19:52:08+00:00","mainEntityOfPage":{"@id":"https:\/\/www.aclanester56.com\/velo\/des-nouvelles-de-matthieu-boulo\/"},"wordCount":436,"commentCount":0,"publisher":{"@id":"https:\/\/www.aclanester56.com\/velo\/#organization"},"image":{"@id":"https:\/\/www.aclanester56.com\/velo\/des-nouvelles-de-matthieu-boulo\/#primaryimage"},"thumbnailUrl":"https:\/\/www.aclanester56.com\/velo\/wp-content\/uploads\/2010\/02\/boulo-quelneuc2-redim6401.jpg","articleSection":["Actualit\u00e9s DN"],"inLanguage":"fr-FR","potentialAction":[{"@type":"CommentAction","name":"Comment","target":["https:\/\/www.aclanester56.com\/velo\/des-nouvelles-de-matthieu-boulo\/#respond"]}]},{"@type":"WebPage","@id":"https:\/\/www.aclanester56.com\/velo\/des-nouvelles-de-matthieu-boulo\/","url":"https:\/\/www.aclanester56.com\/velo\/des-nouvelles-de-matthieu-boulo\/","name":"Des nouvelles de Matthieu Boulo - Avenir Cycliste Lanester 56","isPartOf":{"@id":"https:\/\/www.aclanester56.com\/velo\/#website"},"primaryImageOfPage":{"@id":"https:\/\/www.aclanester56.com\/velo\/des-nouvelles-de-matthieu-boulo\/#primaryimage"},"image":{"@id":"https:\/\/www.aclanester56.com\/velo\/des-nouvelles-de-matthieu-boulo\/#primaryimage"},"thumbnailUrl":"https:\/\/www.aclanester56.com\/velo\/wp-content\/uploads\/2010\/02\/boulo-quelneuc2-redim6401.jpg","datePublished":"2010-03-09T12:27:06+00:00","dateModified":"2010-03-10T19:52:08+00:00","inLanguage":"fr-FR","potentialAction":[{"@type":"ReadAction","target":["https:\/\/www.aclanester56.com\/velo\/des-nouvelles-de-matthieu-boulo\/"]}]},{"@type":"ImageObject","inLanguage":"fr-FR","@id":"https:\/\/www.aclanester56.com\/velo\/des-nouvelles-de-matthieu-boulo\/#primaryimage","url":"https:\/\/www.aclanester56.com\/velo\/wp-content\/uploads\/2010\/02\/boulo-quelneuc2-redim6401.jpg","contentUrl":"https:\/\/www.aclanester56.com\/velo\/wp-content\/uploads\/2010\/02\/boulo-quelneuc2-redim6401.jpg","width":574,"height":640},{"@type":"WebSite","@id":"https:\/\/www.aclanester56.com\/velo\/#website","url":"https:\/\/www.aclanester56.com\/velo\/","name":"Avenir Cycliste Lanester 56","description":"Club cycliste de l&#039;AC LANESTER 56","publisher":{"@id":"https:\/\/www.aclanester56.com\/velo\/#organization"},"potentialAction":[{"@type":"SearchAction","target":{"@type":"EntryPoint","urlTemplate":"https:\/\/www.aclanester56.com\/velo\/?s={search_term_string}"},"query-input":{"@type":"PropertyValueSpecification","valueRequired":true,"valueName":"search_term_string"}}],"inLanguage":"fr-FR"},{"@type":"Organization","@id":"https:\/\/www.aclanester56.com\/velo\/#organization","name":"Avenir Cycliste Lanester 56","url":"https:\/\/www.aclanester56.com\/velo\/","logo":{"@type":"ImageObject","inLanguage":"fr-FR","@id":"https:\/\/www.aclanester56.com\/velo\/#\/schema\/logo\/image\/","url":"https:\/\/www.aclanester56.com\/velo\/wp-content\/uploads\/2013\/04\/logo-ACL.jpg","contentUrl":"https:\/\/www.aclanester56.com\/velo\/wp-content\/uploads\/2013\/04\/logo-ACL.jpg","width":400,"height":334,"caption":"Avenir Cycliste Lanester 56"},"image":{"@id":"https:\/\/www.aclanester56.com\/velo\/#\/schema\/logo\/image\/"},"sameAs":["https:\/\/www.facebook.com\/pages\/AC-Lanester-56\/190286300991242?fref=ts"]},{"@type":"Person","@id":"https:\/\/www.aclanester56.com\/velo\/#\/schema\/person\/ca2a44a5fd969e9dd846c72d3b33bc01","name":"Jean-Christophe","url":"https:\/\/www.aclanester56.com\/velo\/author\/jeanchristophe\/"}]}},"_links":{"self":[{"href":"https:\/\/www.aclanester56.com\/velo\/wp-json\/wp\/v2\/posts\/1967","targetHints":{"allow":["GET"]}}],"collection":[{"href":"https:\/\/www.aclanester56.com\/velo\/wp-json\/wp\/v2\/posts"}],"about":[{"href":"https:\/\/www.aclanester56.com\/velo\/wp-json\/wp\/v2\/types\/post"}],"author":[{"embeddable":true,"href":"https:\/\/www.aclanester56.com\/velo\/wp-json\/wp\/v2\/users\/14"}],"replies":[{"embeddable":true,"href":"https:\/\/www.aclanester56.com\/velo\/wp-json\/wp\/v2\/comments?post=1967"}],"version-history":[{"count":0,"href":"https:\/\/www.aclanester56.com\/velo\/wp-json\/wp\/v2\/posts\/1967\/revisions"}],"wp:featuredmedia":[{"embeddable":true,"href":"https:\/\/www.aclanester56.com\/velo\/wp-json\/wp\/v2\/media\/1652"}],"wp:attachment":[{"href":"https:\/\/www.aclanester56.com\/velo\/wp-json\/wp\/v2\/media?parent=1967"}],"wp:term":[{"taxonomy":"category","embeddable":true,"href":"https:\/\/www.aclanester56.com\/velo\/wp-json\/wp\/v2\/categories?post=1967"},{"taxonomy":"post_tag","embeddable":true,"href":"https:\/\/www.aclanester56.com\/velo\/wp-json\/wp\/v2\/tags?post=1967"}],"curies":[{"name":"wp","href":"https:\/\/api.w.org\/{rel}","templated":true}]}}