{"id":19719,"date":"2014-06-29T18:21:02","date_gmt":"2014-06-29T16:21:02","guid":{"rendered":"http:\/\/www.aclanester56.com\/velo\/?p=19719"},"modified":"2014-06-30T23:21:28","modified_gmt":"2014-06-30T21:21:28","slug":"championnat-du-morbihan-juniors-quadruple-lac-lanester-56","status":"publish","type":"post","link":"https:\/\/www.aclanester56.com\/velo\/championnat-du-morbihan-juniors-quadruple-lac-lanester-56\/","title":{"rendered":"Championnat du Morbihan Juniors : quadrupl\u00e9 de l&rsquo;AC Lanester 56 !"},"content":{"rendered":"<p><!--more--><\/p>\n<div id=\"attachment_19754\" style=\"width: 490px\" class=\"wp-caption alignright\"><a href=\"http:\/\/www.aclanester56.com\/velo\/wp-content\/uploads\/2014\/06\/Arrivee-2.jpg\"><img loading=\"lazy\" decoding=\"async\" aria-describedby=\"caption-attachment-19754\" class=\"size-full wp-image-19754\" src=\"http:\/\/www.aclanester56.com\/velo\/wp-content\/uploads\/2014\/06\/Arrivee-2.jpg\" alt=\"Derri\u00e8re Thomas Denis, ses co\u00e9quipiers Thibault Morvan, Nicolas Primas et Loic Le Barbier (de gauche \u00e0 droite) assurent un formidable quadrupl\u00e9 pour l'AC Lanester 56 ! (photo Marion Denis)\" width=\"480\" height=\"347\" srcset=\"https:\/\/www.aclanester56.com\/velo\/wp-content\/uploads\/2014\/06\/Arrivee-2.jpg 960w, https:\/\/www.aclanester56.com\/velo\/wp-content\/uploads\/2014\/06\/Arrivee-2-300x216.jpg 300w, https:\/\/www.aclanester56.com\/velo\/wp-content\/uploads\/2014\/06\/Arrivee-2-800x578.jpg 800w, https:\/\/www.aclanester56.com\/velo\/wp-content\/uploads\/2014\/06\/Arrivee-2-600x433.jpg 600w, https:\/\/www.aclanester56.com\/velo\/wp-content\/uploads\/2014\/06\/Arrivee-2-100x72.jpg 100w\" sizes=\"auto, (max-width: 480px) 100vw, 480px\" \/><\/a><p id=\"caption-attachment-19754\" class=\"wp-caption-text\">Derri\u00e8re Thomas Denis, ses co\u00e9quipiers Thibault Morvan, Nicolas Primas et Loic Le Barbier (de gauche \u00e0 droite) assurent un formidable quadrupl\u00e9 pour l&rsquo;AC Lanester 56 ! (photo Marion Denis)<\/p><\/div>\n<p style=\"text-align: justify;\">L&rsquo;\u00e9quipe Juniors de l&rsquo;AC Lanester 56 a frapp\u00e9 fort sur le championnat du Morbihan Juniors \u00e0 Languidic (Kergonan), en pla\u00e7ant d\u00e8s les premiers kilom\u00e8tres de course quatre repr\u00e9sentants dans la bonne \u00e9chapp\u00e9e de cinq coureurs. On retrouvait l\u00e0 Thibault Morvan, Nicolas Primas, Thomas Denis et Loic Le Barbier pour l&rsquo;AC Lanester 56, ainsi que Pierre Madec du VC Pontivy.<\/p>\n<p style=\"text-align: justify;\">Si ce dernier se montrait tr\u00e8s combatif, il ne pouvait finalement r\u00e9pondre \u00e0 l&rsquo;attaque s\u00e8che du champion de France de poursuite individuelle Cadets en titre Thomas Denis dans le dernier tour qui s&rsquo;en est all\u00e9 cueillir le titre de champion du Morbihan Junior 2014. Derri\u00e8re, Loic Le Barbier prenait le premier accessit devant Thibault Morvan et Nicolas Primas, soit quatre Lanest\u00e9riens aux quatre premi\u00e8res places ! Leurs co\u00e9quipiers Yoann S\u00e9lo, Maxime Lannurien et Thibaut Seveno, tr\u00e8s actifs pour prot\u00e9ger la fuite de leurs camarades, prennent respectivement les 6\u00e8me, 10\u00e8me et 16\u00e8me places.<\/p>\n<p><span style=\"text-decoration: underline;\"><strong>Classement du championnat du Morbihan Juniors :<\/strong><\/span><\/p>\n<p><span style=\"color: #ff6600;\"><strong>1 Thomas DENIS (AC LANESTER 56)<\/strong><\/span><br \/>\n<span style=\"color: #ff6600;\"><strong>2 Loic LE BARBIER (AC LANESTER 56)<\/strong><\/span><br \/>\n<span style=\"color: #ff6600;\"><strong>3 Thibault MORVAN (AC LANESTER 56)<\/strong><\/span><br \/>\n<span style=\"color: #ff6600;\"><strong>4 Nicolas PRIMAS (AC LANESTER 56)<\/strong><\/span><br \/>\n5 Pierre MADEC (VC PONTIVY)<br \/>\n<span style=\"color: #ff6600;\"><strong>6 Yoann SELO (AC LANESTER 56)<\/strong><\/span><br \/>\n<span style=\"color: #ff6600;\"><strong>10 Maxime LANNURIEN (AC LANESTER 56)<\/strong><\/span><br \/>\n<span style=\"color: #ff6600;\"><strong>16 Thibaut SEVENO (AC LANESTER 56)<\/strong><\/span><\/p>\n<p><em><strong>Quelques photos de Marion Denis :<\/strong><\/em><\/p>\n<p><!-- default-view.php -->\n<div\n\tclass=\"ngg-galleryoverview default-view\n\t ngg-ajax-pagination-none\t\"\n\tid=\"ngg-gallery-3e3f70216b757a93da33b60630293029-1\"\n\tdata-nextgen-gallery-id=\"185\"\n\tdata-gallery-id=\"185\"\n\t\tdata-gallery-name=\"Championnat 56 Juniors - Languidic\"\n\t>\n\n\t\t<!-- Thumbnails -->\n\t\t\t\t<div id=\"ngg-image-0\" class=\"ngg-gallery-thumbnail-box\n\t\t\t\t\t\t\t\t\t\t\t\"\n\t\t\t>\n\t\t\t\t\t\t<div class=\"ngg-gallery-thumbnail\">\n\t\t<a href=\"https:\/\/www.aclanester56.com\/velo\/wp-content\/gallery\/championnat-56-juniors-languidic\/Depart.jpg?t=1404163372\"\n\t\t\ttitle=\"\"\n\t\t\tdata-src=\"https:\/\/www.aclanester56.com\/velo\/wp-content\/gallery\/championnat-56-juniors-languidic\/Depart.jpg?t=1404163372\"\n\t\t\tdata-thumbnail=\"https:\/\/www.aclanester56.com\/velo\/wp-content\/gallery\/championnat-56-juniors-languidic\/thumbs\/thumbs_Depart.jpg?t=1404163372\"\n\t\t\tdata-image-id=\"6919\"\n\t\t\tdata-image-name=\"Depart.jpg\"\n\t\t\tdata-title=\"Depart\"\n\t\t\tdata-description=\"\"\n\t\t\tdata-image-slug=\"depart\"\n\t\t\t\t\t\t\t\t\t\t\t\t\t\t\t\t\t\t\t\tclass=\"ngg-simplelightbox\" rel=\"3e3f70216b757a93da33b60630293029\">\n\t\t\t\t\t\t\t\t<img\n\t\t\t\t\ttitle=\"Depart\"\n\t\t\t\t\talt=\"Depart\"\n\t\t\t\t\tsrc=\"https:\/\/www.aclanester56.com\/velo\/wp-content\/gallery\/championnat-56-juniors-languidic\/thumbs\/thumbs_Depart.jpg?t=1404163372\"\n\t\t\t\t\twidth=\"100\"\n\t\t\t\t\theight=\"100\"\n\t\t\t\t\tstyle=\"max-width:100%;\"\n\t\t\t\t\/>\n\t\t\t<\/a>\n\t\t<\/div>\n\t\t\t\t\t\t\t<\/div>\n\t\t\t\n\t\t\t\t<div id=\"ngg-image-1\" class=\"ngg-gallery-thumbnail-box\n\t\t\t\t\t\t\t\t\t\t\t\"\n\t\t\t>\n\t\t\t\t\t\t<div class=\"ngg-gallery-thumbnail\">\n\t\t<a href=\"https:\/\/www.aclanester56.com\/velo\/wp-content\/gallery\/championnat-56-juniors-languidic\/Thibaut-Seveno.jpg?t=1404156753\"\n\t\t\ttitle=\"\"\n\t\t\tdata-src=\"https:\/\/www.aclanester56.com\/velo\/wp-content\/gallery\/championnat-56-juniors-languidic\/Thibaut-Seveno.jpg?t=1404156753\"\n\t\t\tdata-thumbnail=\"https:\/\/www.aclanester56.com\/velo\/wp-content\/gallery\/championnat-56-juniors-languidic\/thumbs\/thumbs_Thibaut-Seveno.jpg?t=1404156753\"\n\t\t\tdata-image-id=\"6943\"\n\t\t\tdata-image-name=\"Thibaut-Seveno.jpg\"\n\t\t\tdata-title=\"Thibaut Seveno\"\n\t\t\tdata-description=\"\"\n\t\t\tdata-image-slug=\"thibaut-seveno-5\"\n\t\t\t\t\t\t\t\t\t\t\t\t\t\t\t\t\t\t\t\tclass=\"ngg-simplelightbox\" rel=\"3e3f70216b757a93da33b60630293029\">\n\t\t\t\t\t\t\t\t<img\n\t\t\t\t\ttitle=\"Thibaut Seveno\"\n\t\t\t\t\talt=\"Thibaut Seveno\"\n\t\t\t\t\tsrc=\"https:\/\/www.aclanester56.com\/velo\/wp-content\/gallery\/championnat-56-juniors-languidic\/thumbs\/thumbs_Thibaut-Seveno.jpg?t=1404156753\"\n\t\t\t\t\twidth=\"100\"\n\t\t\t\t\theight=\"100\"\n\t\t\t\t\tstyle=\"max-width:100%;\"\n\t\t\t\t\/>\n\t\t\t<\/a>\n\t\t<\/div>\n\t\t\t\t\t\t\t<\/div>\n\t\t\t\n\t\t\t\t<div id=\"ngg-image-2\" class=\"ngg-gallery-thumbnail-box\n\t\t\t\t\t\t\t\t\t\t\t\"\n\t\t\t>\n\t\t\t\t\t\t<div class=\"ngg-gallery-thumbnail\">\n\t\t<a href=\"https:\/\/www.aclanester56.com\/velo\/wp-content\/gallery\/championnat-56-juniors-languidic\/Maxime-Lannurien.jpg?t=1404156753\"\n\t\t\ttitle=\"\"\n\t\t\tdata-src=\"https:\/\/www.aclanester56.com\/velo\/wp-content\/gallery\/championnat-56-juniors-languidic\/Maxime-Lannurien.jpg?t=1404156753\"\n\t\t\tdata-thumbnail=\"https:\/\/www.aclanester56.com\/velo\/wp-content\/gallery\/championnat-56-juniors-languidic\/thumbs\/thumbs_Maxime-Lannurien.jpg?t=1404156753\"\n\t\t\tdata-image-id=\"6935\"\n\t\t\tdata-image-name=\"Maxime-Lannurien.jpg\"\n\t\t\tdata-title=\"Maxime Lannurien\"\n\t\t\tdata-description=\"\"\n\t\t\tdata-image-slug=\"maxime-lannurien-9\"\n\t\t\t\t\t\t\t\t\t\t\t\t\t\t\t\t\t\t\t\tclass=\"ngg-simplelightbox\" rel=\"3e3f70216b757a93da33b60630293029\">\n\t\t\t\t\t\t\t\t<img\n\t\t\t\t\ttitle=\"Maxime Lannurien\"\n\t\t\t\t\talt=\"Maxime Lannurien\"\n\t\t\t\t\tsrc=\"https:\/\/www.aclanester56.com\/velo\/wp-content\/gallery\/championnat-56-juniors-languidic\/thumbs\/thumbs_Maxime-Lannurien.jpg?t=1404156753\"\n\t\t\t\t\twidth=\"100\"\n\t\t\t\t\theight=\"100\"\n\t\t\t\t\tstyle=\"max-width:100%;\"\n\t\t\t\t\/>\n\t\t\t<\/a>\n\t\t<\/div>\n\t\t\t\t\t\t\t<\/div>\n\t\t\t\n\t\t\t\t<div id=\"ngg-image-3\" class=\"ngg-gallery-thumbnail-box\n\t\t\t\t\t\t\t\t\t\t\t\"\n\t\t\t>\n\t\t\t\t\t\t<div class=\"ngg-gallery-thumbnail\">\n\t\t<a href=\"https:\/\/www.aclanester56.com\/velo\/wp-content\/gallery\/championnat-56-juniors-languidic\/Loic-Le-Barbier.jpg?t=1404156753\"\n\t\t\ttitle=\"\"\n\t\t\tdata-src=\"https:\/\/www.aclanester56.com\/velo\/wp-content\/gallery\/championnat-56-juniors-languidic\/Loic-Le-Barbier.jpg?t=1404156753\"\n\t\t\tdata-thumbnail=\"https:\/\/www.aclanester56.com\/velo\/wp-content\/gallery\/championnat-56-juniors-languidic\/thumbs\/thumbs_Loic-Le-Barbier.jpg?t=1404156753\"\n\t\t\tdata-image-id=\"6933\"\n\t\t\tdata-image-name=\"Loic-Le-Barbier.jpg\"\n\t\t\tdata-title=\"Loic Le Barbier\"\n\t\t\tdata-description=\"\"\n\t\t\tdata-image-slug=\"loic-le-barbier-6\"\n\t\t\t\t\t\t\t\t\t\t\t\t\t\t\t\t\t\t\t\tclass=\"ngg-simplelightbox\" rel=\"3e3f70216b757a93da33b60630293029\">\n\t\t\t\t\t\t\t\t<img\n\t\t\t\t\ttitle=\"Loic Le Barbier\"\n\t\t\t\t\talt=\"Loic Le Barbier\"\n\t\t\t\t\tsrc=\"https:\/\/www.aclanester56.com\/velo\/wp-content\/gallery\/championnat-56-juniors-languidic\/thumbs\/thumbs_Loic-Le-Barbier.jpg?t=1404156753\"\n\t\t\t\t\twidth=\"100\"\n\t\t\t\t\theight=\"100\"\n\t\t\t\t\tstyle=\"max-width:100%;\"\n\t\t\t\t\/>\n\t\t\t<\/a>\n\t\t<\/div>\n\t\t\t\t\t\t\t<\/div>\n\t\t\t\n\t\t\t\t<div id=\"ngg-image-4\" class=\"ngg-gallery-thumbnail-box\n\t\t\t\t\t\t\t\t\t\t\t\"\n\t\t\t>\n\t\t\t\t\t\t<div class=\"ngg-gallery-thumbnail\">\n\t\t<a href=\"https:\/\/www.aclanester56.com\/velo\/wp-content\/gallery\/championnat-56-juniors-languidic\/Nicolas-Primas.jpg?t=1404156753\"\n\t\t\ttitle=\"\"\n\t\t\tdata-src=\"https:\/\/www.aclanester56.com\/velo\/wp-content\/gallery\/championnat-56-juniors-languidic\/Nicolas-Primas.jpg?t=1404156753\"\n\t\t\tdata-thumbnail=\"https:\/\/www.aclanester56.com\/velo\/wp-content\/gallery\/championnat-56-juniors-languidic\/thumbs\/thumbs_Nicolas-Primas.jpg?t=1404156753\"\n\t\t\tdata-image-id=\"6936\"\n\t\t\tdata-image-name=\"Nicolas-Primas.jpg\"\n\t\t\tdata-title=\"Nicolas Primas\"\n\t\t\tdata-description=\"\"\n\t\t\tdata-image-slug=\"nicolas-primas-6\"\n\t\t\t\t\t\t\t\t\t\t\t\t\t\t\t\t\t\t\t\tclass=\"ngg-simplelightbox\" rel=\"3e3f70216b757a93da33b60630293029\">\n\t\t\t\t\t\t\t\t<img\n\t\t\t\t\ttitle=\"Nicolas Primas\"\n\t\t\t\t\talt=\"Nicolas Primas\"\n\t\t\t\t\tsrc=\"https:\/\/www.aclanester56.com\/velo\/wp-content\/gallery\/championnat-56-juniors-languidic\/thumbs\/thumbs_Nicolas-Primas.jpg?t=1404156753\"\n\t\t\t\t\twidth=\"100\"\n\t\t\t\t\theight=\"100\"\n\t\t\t\t\tstyle=\"max-width:100%;\"\n\t\t\t\t\/>\n\t\t\t<\/a>\n\t\t<\/div>\n\t\t\t\t\t\t\t<\/div>\n\t\t\t\n\t\t\t\t<div id=\"ngg-image-5\" class=\"ngg-gallery-thumbnail-box\n\t\t\t\t\t\t\t\t\t\t\t\"\n\t\t\t>\n\t\t\t\t\t\t<div class=\"ngg-gallery-thumbnail\">\n\t\t<a href=\"https:\/\/www.aclanester56.com\/velo\/wp-content\/gallery\/championnat-56-juniors-languidic\/Thomas-Denis.jpg?t=1404156753\"\n\t\t\ttitle=\"\"\n\t\t\tdata-src=\"https:\/\/www.aclanester56.com\/velo\/wp-content\/gallery\/championnat-56-juniors-languidic\/Thomas-Denis.jpg?t=1404156753\"\n\t\t\tdata-thumbnail=\"https:\/\/www.aclanester56.com\/velo\/wp-content\/gallery\/championnat-56-juniors-languidic\/thumbs\/thumbs_Thomas-Denis.jpg?t=1404156753\"\n\t\t\tdata-image-id=\"6949\"\n\t\t\tdata-image-name=\"Thomas-Denis.jpg\"\n\t\t\tdata-title=\"Thomas Denis\"\n\t\t\tdata-description=\"\"\n\t\t\tdata-image-slug=\"thomas-denis-10\"\n\t\t\t\t\t\t\t\t\t\t\t\t\t\t\t\t\t\t\t\tclass=\"ngg-simplelightbox\" rel=\"3e3f70216b757a93da33b60630293029\">\n\t\t\t\t\t\t\t\t<img\n\t\t\t\t\ttitle=\"Thomas Denis\"\n\t\t\t\t\talt=\"Thomas Denis\"\n\t\t\t\t\tsrc=\"https:\/\/www.aclanester56.com\/velo\/wp-content\/gallery\/championnat-56-juniors-languidic\/thumbs\/thumbs_Thomas-Denis.jpg?t=1404156753\"\n\t\t\t\t\twidth=\"100\"\n\t\t\t\t\theight=\"100\"\n\t\t\t\t\tstyle=\"max-width:100%;\"\n\t\t\t\t\/>\n\t\t\t<\/a>\n\t\t<\/div>\n\t\t\t\t\t\t\t<\/div>\n\t\t\t\n\t\t\t\t<div id=\"ngg-image-6\" class=\"ngg-gallery-thumbnail-box\n\t\t\t\t\t\t\t\t\t\t\t\"\n\t\t\t>\n\t\t\t\t\t\t<div class=\"ngg-gallery-thumbnail\">\n\t\t<a href=\"https:\/\/www.aclanester56.com\/velo\/wp-content\/gallery\/championnat-56-juniors-languidic\/Attaque.jpg?t=1404156753\"\n\t\t\ttitle=\"\"\n\t\t\tdata-src=\"https:\/\/www.aclanester56.com\/velo\/wp-content\/gallery\/championnat-56-juniors-languidic\/Attaque.jpg?t=1404156753\"\n\t\t\tdata-thumbnail=\"https:\/\/www.aclanester56.com\/velo\/wp-content\/gallery\/championnat-56-juniors-languidic\/thumbs\/thumbs_Attaque.jpg?t=1404156753\"\n\t\t\tdata-image-id=\"6917\"\n\t\t\tdata-image-name=\"Attaque.jpg\"\n\t\t\tdata-title=\"Attaque\"\n\t\t\tdata-description=\"\"\n\t\t\tdata-image-slug=\"attaque-4\"\n\t\t\t\t\t\t\t\t\t\t\t\t\t\t\t\t\t\t\t\tclass=\"ngg-simplelightbox\" rel=\"3e3f70216b757a93da33b60630293029\">\n\t\t\t\t\t\t\t\t<img\n\t\t\t\t\ttitle=\"Attaque\"\n\t\t\t\t\talt=\"Attaque\"\n\t\t\t\t\tsrc=\"https:\/\/www.aclanester56.com\/velo\/wp-content\/gallery\/championnat-56-juniors-languidic\/thumbs\/thumbs_Attaque.jpg?t=1404156753\"\n\t\t\t\t\twidth=\"100\"\n\t\t\t\t\theight=\"100\"\n\t\t\t\t\tstyle=\"max-width:100%;\"\n\t\t\t\t\/>\n\t\t\t<\/a>\n\t\t<\/div>\n\t\t\t\t\t\t\t<\/div>\n\t\t\t\n\t\t\t\t<div id=\"ngg-image-7\" class=\"ngg-gallery-thumbnail-box\n\t\t\t\t\t\t\t\t\t\t\t\"\n\t\t\t>\n\t\t\t\t\t\t<div class=\"ngg-gallery-thumbnail\">\n\t\t<a href=\"https:\/\/www.aclanester56.com\/velo\/wp-content\/gallery\/championnat-56-juniors-languidic\/Attaque-2.jpg?t=1404156753\"\n\t\t\ttitle=\"\"\n\t\t\tdata-src=\"https:\/\/www.aclanester56.com\/velo\/wp-content\/gallery\/championnat-56-juniors-languidic\/Attaque-2.jpg?t=1404156753\"\n\t\t\tdata-thumbnail=\"https:\/\/www.aclanester56.com\/velo\/wp-content\/gallery\/championnat-56-juniors-languidic\/thumbs\/thumbs_Attaque-2.jpg?t=1404156753\"\n\t\t\tdata-image-id=\"6915\"\n\t\t\tdata-image-name=\"Attaque-2.jpg\"\n\t\t\tdata-title=\"Attaque 2\"\n\t\t\tdata-description=\"\"\n\t\t\tdata-image-slug=\"attaque-2\"\n\t\t\t\t\t\t\t\t\t\t\t\t\t\t\t\t\t\t\t\tclass=\"ngg-simplelightbox\" rel=\"3e3f70216b757a93da33b60630293029\">\n\t\t\t\t\t\t\t\t<img\n\t\t\t\t\ttitle=\"Attaque 2\"\n\t\t\t\t\talt=\"Attaque 2\"\n\t\t\t\t\tsrc=\"https:\/\/www.aclanester56.com\/velo\/wp-content\/gallery\/championnat-56-juniors-languidic\/thumbs\/thumbs_Attaque-2.jpg?t=1404156753\"\n\t\t\t\t\twidth=\"100\"\n\t\t\t\t\theight=\"100\"\n\t\t\t\t\tstyle=\"max-width:100%;\"\n\t\t\t\t\/>\n\t\t\t<\/a>\n\t\t<\/div>\n\t\t\t\t\t\t\t<\/div>\n\t\t\t\n\t\t\t\t<div id=\"ngg-image-8\" class=\"ngg-gallery-thumbnail-box\n\t\t\t\t\t\t\t\t\t\t\t\"\n\t\t\t>\n\t\t\t\t\t\t<div class=\"ngg-gallery-thumbnail\">\n\t\t<a href=\"https:\/\/www.aclanester56.com\/velo\/wp-content\/gallery\/championnat-56-juniors-languidic\/Attaque-3.jpg?t=1404156753\"\n\t\t\ttitle=\"\"\n\t\t\tdata-src=\"https:\/\/www.aclanester56.com\/velo\/wp-content\/gallery\/championnat-56-juniors-languidic\/Attaque-3.jpg?t=1404156753\"\n\t\t\tdata-thumbnail=\"https:\/\/www.aclanester56.com\/velo\/wp-content\/gallery\/championnat-56-juniors-languidic\/thumbs\/thumbs_Attaque-3.jpg?t=1404156753\"\n\t\t\tdata-image-id=\"6916\"\n\t\t\tdata-image-name=\"Attaque-3.jpg\"\n\t\t\tdata-title=\"Attaque 3\"\n\t\t\tdata-description=\"\"\n\t\t\tdata-image-slug=\"attaque-3\"\n\t\t\t\t\t\t\t\t\t\t\t\t\t\t\t\t\t\t\t\tclass=\"ngg-simplelightbox\" rel=\"3e3f70216b757a93da33b60630293029\">\n\t\t\t\t\t\t\t\t<img\n\t\t\t\t\ttitle=\"Attaque 3\"\n\t\t\t\t\talt=\"Attaque 3\"\n\t\t\t\t\tsrc=\"https:\/\/www.aclanester56.com\/velo\/wp-content\/gallery\/championnat-56-juniors-languidic\/thumbs\/thumbs_Attaque-3.jpg?t=1404156753\"\n\t\t\t\t\twidth=\"100\"\n\t\t\t\t\theight=\"100\"\n\t\t\t\t\tstyle=\"max-width:100%;\"\n\t\t\t\t\/>\n\t\t\t<\/a>\n\t\t<\/div>\n\t\t\t\t\t\t\t<\/div>\n\t\t\t\n\t\t\t\t<div id=\"ngg-image-9\" class=\"ngg-gallery-thumbnail-box\n\t\t\t\t\t\t\t\t\t\t\t\"\n\t\t\t>\n\t\t\t\t\t\t<div class=\"ngg-gallery-thumbnail\">\n\t\t<a href=\"https:\/\/www.aclanester56.com\/velo\/wp-content\/gallery\/championnat-56-juniors-languidic\/Corentin-Le-Bouedec-Revolt.jpg?t=1404156753\"\n\t\t\ttitle=\"\"\n\t\t\tdata-src=\"https:\/\/www.aclanester56.com\/velo\/wp-content\/gallery\/championnat-56-juniors-languidic\/Corentin-Le-Bouedec-Revolt.jpg?t=1404156753\"\n\t\t\tdata-thumbnail=\"https:\/\/www.aclanester56.com\/velo\/wp-content\/gallery\/championnat-56-juniors-languidic\/thumbs\/thumbs_Corentin-Le-Bouedec-Revolt.jpg?t=1404156753\"\n\t\t\tdata-image-id=\"6918\"\n\t\t\tdata-image-name=\"Corentin-Le-Bouedec-Revolt.jpg\"\n\t\t\tdata-title=\"Corentin Le Bouedec Revolt\"\n\t\t\tdata-description=\"\"\n\t\t\tdata-image-slug=\"corentin-le-bouedec-revolt\"\n\t\t\t\t\t\t\t\t\t\t\t\t\t\t\t\t\t\t\t\tclass=\"ngg-simplelightbox\" rel=\"3e3f70216b757a93da33b60630293029\">\n\t\t\t\t\t\t\t\t<img\n\t\t\t\t\ttitle=\"Corentin Le Bouedec Revolt\"\n\t\t\t\t\talt=\"Corentin Le Bouedec Revolt\"\n\t\t\t\t\tsrc=\"https:\/\/www.aclanester56.com\/velo\/wp-content\/gallery\/championnat-56-juniors-languidic\/thumbs\/thumbs_Corentin-Le-Bouedec-Revolt.jpg?t=1404156753\"\n\t\t\t\t\twidth=\"100\"\n\t\t\t\t\theight=\"100\"\n\t\t\t\t\tstyle=\"max-width:100%;\"\n\t\t\t\t\/>\n\t\t\t<\/a>\n\t\t<\/div>\n\t\t\t\t\t\t\t<\/div>\n\t\t\t\n\t\t\t\t<div id=\"ngg-image-10\" class=\"ngg-gallery-thumbnail-box\n\t\t\t\t\t\t\t\t\t\t\t\"\n\t\t\t>\n\t\t\t\t\t\t<div class=\"ngg-gallery-thumbnail\">\n\t\t<a href=\"https:\/\/www.aclanester56.com\/velo\/wp-content\/gallery\/championnat-56-juniors-languidic\/Echappee.jpg?t=1404156753\"\n\t\t\ttitle=\"\"\n\t\t\tdata-src=\"https:\/\/www.aclanester56.com\/velo\/wp-content\/gallery\/championnat-56-juniors-languidic\/Echappee.jpg?t=1404156753\"\n\t\t\tdata-thumbnail=\"https:\/\/www.aclanester56.com\/velo\/wp-content\/gallery\/championnat-56-juniors-languidic\/thumbs\/thumbs_Echappee.jpg?t=1404156753\"\n\t\t\tdata-image-id=\"6932\"\n\t\t\tdata-image-name=\"Echappee.jpg\"\n\t\t\tdata-title=\"Echappee\"\n\t\t\tdata-description=\"\"\n\t\t\tdata-image-slug=\"echappee-10\"\n\t\t\t\t\t\t\t\t\t\t\t\t\t\t\t\t\t\t\t\tclass=\"ngg-simplelightbox\" rel=\"3e3f70216b757a93da33b60630293029\">\n\t\t\t\t\t\t\t\t<img\n\t\t\t\t\ttitle=\"Echappee\"\n\t\t\t\t\talt=\"Echappee\"\n\t\t\t\t\tsrc=\"https:\/\/www.aclanester56.com\/velo\/wp-content\/gallery\/championnat-56-juniors-languidic\/thumbs\/thumbs_Echappee.jpg?t=1404156753\"\n\t\t\t\t\twidth=\"100\"\n\t\t\t\t\theight=\"100\"\n\t\t\t\t\tstyle=\"max-width:100%;\"\n\t\t\t\t\/>\n\t\t\t<\/a>\n\t\t<\/div>\n\t\t\t\t\t\t\t<\/div>\n\t\t\t\n\t\t\t\t<div id=\"ngg-image-11\" class=\"ngg-gallery-thumbnail-box\n\t\t\t\t\t\t\t\t\t\t\t\"\n\t\t\t>\n\t\t\t\t\t\t<div class=\"ngg-gallery-thumbnail\">\n\t\t<a href=\"https:\/\/www.aclanester56.com\/velo\/wp-content\/gallery\/championnat-56-juniors-languidic\/Echappee-2.jpg?t=1404156753\"\n\t\t\ttitle=\"\"\n\t\t\tdata-src=\"https:\/\/www.aclanester56.com\/velo\/wp-content\/gallery\/championnat-56-juniors-languidic\/Echappee-2.jpg?t=1404156753\"\n\t\t\tdata-thumbnail=\"https:\/\/www.aclanester56.com\/velo\/wp-content\/gallery\/championnat-56-juniors-languidic\/thumbs\/thumbs_Echappee-2.jpg?t=1404156753\"\n\t\t\tdata-image-id=\"6920\"\n\t\t\tdata-image-name=\"Echappee-2.jpg\"\n\t\t\tdata-title=\"Echappee 2\"\n\t\t\tdata-description=\"\"\n\t\t\tdata-image-slug=\"echappee-2\"\n\t\t\t\t\t\t\t\t\t\t\t\t\t\t\t\t\t\t\t\tclass=\"ngg-simplelightbox\" rel=\"3e3f70216b757a93da33b60630293029\">\n\t\t\t\t\t\t\t\t<img\n\t\t\t\t\ttitle=\"Echappee 2\"\n\t\t\t\t\talt=\"Echappee 2\"\n\t\t\t\t\tsrc=\"https:\/\/www.aclanester56.com\/velo\/wp-content\/gallery\/championnat-56-juniors-languidic\/thumbs\/thumbs_Echappee-2.jpg?t=1404156753\"\n\t\t\t\t\twidth=\"100\"\n\t\t\t\t\theight=\"100\"\n\t\t\t\t\tstyle=\"max-width:100%;\"\n\t\t\t\t\/>\n\t\t\t<\/a>\n\t\t<\/div>\n\t\t\t\t\t\t\t<\/div>\n\t\t\t\n\t\t\t\t<div id=\"ngg-image-12\" class=\"ngg-gallery-thumbnail-box\n\t\t\t\t\t\t\t\t\t\t\t\"\n\t\t\t>\n\t\t\t\t\t\t<div class=\"ngg-gallery-thumbnail\">\n\t\t<a href=\"https:\/\/www.aclanester56.com\/velo\/wp-content\/gallery\/championnat-56-juniors-languidic\/Maxime-Lannurien-et-Yoann-Selo.jpg?t=1404156753\"\n\t\t\ttitle=\"\"\n\t\t\tdata-src=\"https:\/\/www.aclanester56.com\/velo\/wp-content\/gallery\/championnat-56-juniors-languidic\/Maxime-Lannurien-et-Yoann-Selo.jpg?t=1404156753\"\n\t\t\tdata-thumbnail=\"https:\/\/www.aclanester56.com\/velo\/wp-content\/gallery\/championnat-56-juniors-languidic\/thumbs\/thumbs_Maxime-Lannurien-et-Yoann-Selo.jpg?t=1404156753\"\n\t\t\tdata-image-id=\"6934\"\n\t\t\tdata-image-name=\"Maxime-Lannurien-et-Yoann-Selo.jpg\"\n\t\t\tdata-title=\"Maxime Lannurien et Yoann Selo\"\n\t\t\tdata-description=\"\"\n\t\t\tdata-image-slug=\"maxime-lannurien-et-yoann-selo\"\n\t\t\t\t\t\t\t\t\t\t\t\t\t\t\t\t\t\t\t\tclass=\"ngg-simplelightbox\" rel=\"3e3f70216b757a93da33b60630293029\">\n\t\t\t\t\t\t\t\t<img\n\t\t\t\t\ttitle=\"Maxime Lannurien et Yoann Selo\"\n\t\t\t\t\talt=\"Maxime Lannurien et Yoann Selo\"\n\t\t\t\t\tsrc=\"https:\/\/www.aclanester56.com\/velo\/wp-content\/gallery\/championnat-56-juniors-languidic\/thumbs\/thumbs_Maxime-Lannurien-et-Yoann-Selo.jpg?t=1404156753\"\n\t\t\t\t\twidth=\"100\"\n\t\t\t\t\theight=\"100\"\n\t\t\t\t\tstyle=\"max-width:100%;\"\n\t\t\t\t\/>\n\t\t\t<\/a>\n\t\t<\/div>\n\t\t\t\t\t\t\t<\/div>\n\t\t\t\n\t\t\t\t<div id=\"ngg-image-13\" class=\"ngg-gallery-thumbnail-box\n\t\t\t\t\t\t\t\t\t\t\t\"\n\t\t\t>\n\t\t\t\t\t\t<div class=\"ngg-gallery-thumbnail\">\n\t\t<a href=\"https:\/\/www.aclanester56.com\/velo\/wp-content\/gallery\/championnat-56-juniors-languidic\/Echappee-3.jpg?t=1404156753\"\n\t\t\ttitle=\"\"\n\t\t\tdata-src=\"https:\/\/www.aclanester56.com\/velo\/wp-content\/gallery\/championnat-56-juniors-languidic\/Echappee-3.jpg?t=1404156753\"\n\t\t\tdata-thumbnail=\"https:\/\/www.aclanester56.com\/velo\/wp-content\/gallery\/championnat-56-juniors-languidic\/thumbs\/thumbs_Echappee-3.jpg?t=1404156753\"\n\t\t\tdata-image-id=\"6921\"\n\t\t\tdata-image-name=\"Echappee-3.jpg\"\n\t\t\tdata-title=\"Echappee 3\"\n\t\t\tdata-description=\"\"\n\t\t\tdata-image-slug=\"echappee-3\"\n\t\t\t\t\t\t\t\t\t\t\t\t\t\t\t\t\t\t\t\tclass=\"ngg-simplelightbox\" rel=\"3e3f70216b757a93da33b60630293029\">\n\t\t\t\t\t\t\t\t<img\n\t\t\t\t\ttitle=\"Echappee 3\"\n\t\t\t\t\talt=\"Echappee 3\"\n\t\t\t\t\tsrc=\"https:\/\/www.aclanester56.com\/velo\/wp-content\/gallery\/championnat-56-juniors-languidic\/thumbs\/thumbs_Echappee-3.jpg?t=1404156753\"\n\t\t\t\t\twidth=\"100\"\n\t\t\t\t\theight=\"100\"\n\t\t\t\t\tstyle=\"max-width:100%;\"\n\t\t\t\t\/>\n\t\t\t<\/a>\n\t\t<\/div>\n\t\t\t\t\t\t\t<\/div>\n\t\t\t\n\t\t\t\t<div id=\"ngg-image-14\" class=\"ngg-gallery-thumbnail-box\n\t\t\t\t\t\t\t\t\t\t\t\"\n\t\t\t>\n\t\t\t\t\t\t<div class=\"ngg-gallery-thumbnail\">\n\t\t<a href=\"https:\/\/www.aclanester56.com\/velo\/wp-content\/gallery\/championnat-56-juniors-languidic\/Echappee-4.jpg?t=1404156753\"\n\t\t\ttitle=\"\"\n\t\t\tdata-src=\"https:\/\/www.aclanester56.com\/velo\/wp-content\/gallery\/championnat-56-juniors-languidic\/Echappee-4.jpg?t=1404156753\"\n\t\t\tdata-thumbnail=\"https:\/\/www.aclanester56.com\/velo\/wp-content\/gallery\/championnat-56-juniors-languidic\/thumbs\/thumbs_Echappee-4.jpg?t=1404156753\"\n\t\t\tdata-image-id=\"6922\"\n\t\t\tdata-image-name=\"Echappee-4.jpg\"\n\t\t\tdata-title=\"Echappee 4\"\n\t\t\tdata-description=\"\"\n\t\t\tdata-image-slug=\"echappee-4\"\n\t\t\t\t\t\t\t\t\t\t\t\t\t\t\t\t\t\t\t\tclass=\"ngg-simplelightbox\" rel=\"3e3f70216b757a93da33b60630293029\">\n\t\t\t\t\t\t\t\t<img\n\t\t\t\t\ttitle=\"Echappee 4\"\n\t\t\t\t\talt=\"Echappee 4\"\n\t\t\t\t\tsrc=\"https:\/\/www.aclanester56.com\/velo\/wp-content\/gallery\/championnat-56-juniors-languidic\/thumbs\/thumbs_Echappee-4.jpg?t=1404156753\"\n\t\t\t\t\twidth=\"100\"\n\t\t\t\t\theight=\"100\"\n\t\t\t\t\tstyle=\"max-width:100%;\"\n\t\t\t\t\/>\n\t\t\t<\/a>\n\t\t<\/div>\n\t\t\t\t\t\t\t<\/div>\n\t\t\t\n\t\t\t\t<div id=\"ngg-image-15\" class=\"ngg-gallery-thumbnail-box\n\t\t\t\t\t\t\t\t\t\t\t\"\n\t\t\t>\n\t\t\t\t\t\t<div class=\"ngg-gallery-thumbnail\">\n\t\t<a href=\"https:\/\/www.aclanester56.com\/velo\/wp-content\/gallery\/championnat-56-juniors-languidic\/Echappee-5.jpg?t=1404156753\"\n\t\t\ttitle=\"\"\n\t\t\tdata-src=\"https:\/\/www.aclanester56.com\/velo\/wp-content\/gallery\/championnat-56-juniors-languidic\/Echappee-5.jpg?t=1404156753\"\n\t\t\tdata-thumbnail=\"https:\/\/www.aclanester56.com\/velo\/wp-content\/gallery\/championnat-56-juniors-languidic\/thumbs\/thumbs_Echappee-5.jpg?t=1404156753\"\n\t\t\tdata-image-id=\"6923\"\n\t\t\tdata-image-name=\"Echappee-5.jpg\"\n\t\t\tdata-title=\"Echappee 5\"\n\t\t\tdata-description=\"\"\n\t\t\tdata-image-slug=\"echappee-5\"\n\t\t\t\t\t\t\t\t\t\t\t\t\t\t\t\t\t\t\t\tclass=\"ngg-simplelightbox\" rel=\"3e3f70216b757a93da33b60630293029\">\n\t\t\t\t\t\t\t\t<img\n\t\t\t\t\ttitle=\"Echappee 5\"\n\t\t\t\t\talt=\"Echappee 5\"\n\t\t\t\t\tsrc=\"https:\/\/www.aclanester56.com\/velo\/wp-content\/gallery\/championnat-56-juniors-languidic\/thumbs\/thumbs_Echappee-5.jpg?t=1404156753\"\n\t\t\t\t\twidth=\"100\"\n\t\t\t\t\theight=\"100\"\n\t\t\t\t\tstyle=\"max-width:100%;\"\n\t\t\t\t\/>\n\t\t\t<\/a>\n\t\t<\/div>\n\t\t\t\t\t\t\t<\/div>\n\t\t\t\n\t\t\t\t<div id=\"ngg-image-16\" class=\"ngg-gallery-thumbnail-box\n\t\t\t\t\t\t\t\t\t\t\t\"\n\t\t\t>\n\t\t\t\t\t\t<div class=\"ngg-gallery-thumbnail\">\n\t\t<a href=\"https:\/\/www.aclanester56.com\/velo\/wp-content\/gallery\/championnat-56-juniors-languidic\/Peloton-2.jpg?t=1404156753\"\n\t\t\ttitle=\"\"\n\t\t\tdata-src=\"https:\/\/www.aclanester56.com\/velo\/wp-content\/gallery\/championnat-56-juniors-languidic\/Peloton-2.jpg?t=1404156753\"\n\t\t\tdata-thumbnail=\"https:\/\/www.aclanester56.com\/velo\/wp-content\/gallery\/championnat-56-juniors-languidic\/thumbs\/thumbs_Peloton-2.jpg?t=1404156753\"\n\t\t\tdata-image-id=\"6937\"\n\t\t\tdata-image-name=\"Peloton-2.jpg\"\n\t\t\tdata-title=\"Peloton 2\"\n\t\t\tdata-description=\"\"\n\t\t\tdata-image-slug=\"peloton-2-4\"\n\t\t\t\t\t\t\t\t\t\t\t\t\t\t\t\t\t\t\t\tclass=\"ngg-simplelightbox\" rel=\"3e3f70216b757a93da33b60630293029\">\n\t\t\t\t\t\t\t\t<img\n\t\t\t\t\ttitle=\"Peloton 2\"\n\t\t\t\t\talt=\"Peloton 2\"\n\t\t\t\t\tsrc=\"https:\/\/www.aclanester56.com\/velo\/wp-content\/gallery\/championnat-56-juniors-languidic\/thumbs\/thumbs_Peloton-2.jpg?t=1404156753\"\n\t\t\t\t\twidth=\"100\"\n\t\t\t\t\theight=\"100\"\n\t\t\t\t\tstyle=\"max-width:100%;\"\n\t\t\t\t\/>\n\t\t\t<\/a>\n\t\t<\/div>\n\t\t\t\t\t\t\t<\/div>\n\t\t\t\n\t\t\t\t<div id=\"ngg-image-17\" class=\"ngg-gallery-thumbnail-box\n\t\t\t\t\t\t\t\t\t\t\t\"\n\t\t\t>\n\t\t\t\t\t\t<div class=\"ngg-gallery-thumbnail\">\n\t\t<a href=\"https:\/\/www.aclanester56.com\/velo\/wp-content\/gallery\/championnat-56-juniors-languidic\/Echappee-6.jpg?t=1404156753\"\n\t\t\ttitle=\"\"\n\t\t\tdata-src=\"https:\/\/www.aclanester56.com\/velo\/wp-content\/gallery\/championnat-56-juniors-languidic\/Echappee-6.jpg?t=1404156753\"\n\t\t\tdata-thumbnail=\"https:\/\/www.aclanester56.com\/velo\/wp-content\/gallery\/championnat-56-juniors-languidic\/thumbs\/thumbs_Echappee-6.jpg?t=1404156753\"\n\t\t\tdata-image-id=\"6924\"\n\t\t\tdata-image-name=\"Echappee-6.jpg\"\n\t\t\tdata-title=\"Echappee 6\"\n\t\t\tdata-description=\"\"\n\t\t\tdata-image-slug=\"echappee-6\"\n\t\t\t\t\t\t\t\t\t\t\t\t\t\t\t\t\t\t\t\tclass=\"ngg-simplelightbox\" rel=\"3e3f70216b757a93da33b60630293029\">\n\t\t\t\t\t\t\t\t<img\n\t\t\t\t\ttitle=\"Echappee 6\"\n\t\t\t\t\talt=\"Echappee 6\"\n\t\t\t\t\tsrc=\"https:\/\/www.aclanester56.com\/velo\/wp-content\/gallery\/championnat-56-juniors-languidic\/thumbs\/thumbs_Echappee-6.jpg?t=1404156753\"\n\t\t\t\t\twidth=\"100\"\n\t\t\t\t\theight=\"100\"\n\t\t\t\t\tstyle=\"max-width:100%;\"\n\t\t\t\t\/>\n\t\t\t<\/a>\n\t\t<\/div>\n\t\t\t\t\t\t\t<\/div>\n\t\t\t\n\t\t\t\t<div id=\"ngg-image-18\" class=\"ngg-gallery-thumbnail-box\n\t\t\t\t\t\t\t\t\t\t\t\"\n\t\t\t>\n\t\t\t\t\t\t<div class=\"ngg-gallery-thumbnail\">\n\t\t<a href=\"https:\/\/www.aclanester56.com\/velo\/wp-content\/gallery\/championnat-56-juniors-languidic\/Echappee-7.jpg?t=1404156753\"\n\t\t\ttitle=\"\"\n\t\t\tdata-src=\"https:\/\/www.aclanester56.com\/velo\/wp-content\/gallery\/championnat-56-juniors-languidic\/Echappee-7.jpg?t=1404156753\"\n\t\t\tdata-thumbnail=\"https:\/\/www.aclanester56.com\/velo\/wp-content\/gallery\/championnat-56-juniors-languidic\/thumbs\/thumbs_Echappee-7.jpg?t=1404156753\"\n\t\t\tdata-image-id=\"6925\"\n\t\t\tdata-image-name=\"Echappee-7.jpg\"\n\t\t\tdata-title=\"Echappee 7\"\n\t\t\tdata-description=\"\"\n\t\t\tdata-image-slug=\"echappee-7\"\n\t\t\t\t\t\t\t\t\t\t\t\t\t\t\t\t\t\t\t\tclass=\"ngg-simplelightbox\" rel=\"3e3f70216b757a93da33b60630293029\">\n\t\t\t\t\t\t\t\t<img\n\t\t\t\t\ttitle=\"Echappee 7\"\n\t\t\t\t\talt=\"Echappee 7\"\n\t\t\t\t\tsrc=\"https:\/\/www.aclanester56.com\/velo\/wp-content\/gallery\/championnat-56-juniors-languidic\/thumbs\/thumbs_Echappee-7.jpg?t=1404156753\"\n\t\t\t\t\twidth=\"100\"\n\t\t\t\t\theight=\"100\"\n\t\t\t\t\tstyle=\"max-width:100%;\"\n\t\t\t\t\/>\n\t\t\t<\/a>\n\t\t<\/div>\n\t\t\t\t\t\t\t<\/div>\n\t\t\t\n\t\t\t\t<div id=\"ngg-image-19\" class=\"ngg-gallery-thumbnail-box\n\t\t\t\t\t\t\t\t\t\t\t\"\n\t\t\t>\n\t\t\t\t\t\t<div class=\"ngg-gallery-thumbnail\">\n\t\t<a href=\"https:\/\/www.aclanester56.com\/velo\/wp-content\/gallery\/championnat-56-juniors-languidic\/Echappee-8.jpg?t=1404156753\"\n\t\t\ttitle=\"\"\n\t\t\tdata-src=\"https:\/\/www.aclanester56.com\/velo\/wp-content\/gallery\/championnat-56-juniors-languidic\/Echappee-8.jpg?t=1404156753\"\n\t\t\tdata-thumbnail=\"https:\/\/www.aclanester56.com\/velo\/wp-content\/gallery\/championnat-56-juniors-languidic\/thumbs\/thumbs_Echappee-8.jpg?t=1404156753\"\n\t\t\tdata-image-id=\"6926\"\n\t\t\tdata-image-name=\"Echappee-8.jpg\"\n\t\t\tdata-title=\"Echappee 8\"\n\t\t\tdata-description=\"\"\n\t\t\tdata-image-slug=\"echappee-8\"\n\t\t\t\t\t\t\t\t\t\t\t\t\t\t\t\t\t\t\t\tclass=\"ngg-simplelightbox\" rel=\"3e3f70216b757a93da33b60630293029\">\n\t\t\t\t\t\t\t\t<img\n\t\t\t\t\ttitle=\"Echappee 8\"\n\t\t\t\t\talt=\"Echappee 8\"\n\t\t\t\t\tsrc=\"https:\/\/www.aclanester56.com\/velo\/wp-content\/gallery\/championnat-56-juniors-languidic\/thumbs\/thumbs_Echappee-8.jpg?t=1404156753\"\n\t\t\t\t\twidth=\"100\"\n\t\t\t\t\theight=\"100\"\n\t\t\t\t\tstyle=\"max-width:100%;\"\n\t\t\t\t\/>\n\t\t\t<\/a>\n\t\t<\/div>\n\t\t\t\t\t\t\t<\/div>\n\t\t\t\n\t\t\t\t<div id=\"ngg-image-20\" class=\"ngg-gallery-thumbnail-box\n\t\t\t\t\t\t\t\t\t\t\t\"\n\t\t\t>\n\t\t\t\t\t\t<div class=\"ngg-gallery-thumbnail\">\n\t\t<a href=\"https:\/\/www.aclanester56.com\/velo\/wp-content\/gallery\/championnat-56-juniors-languidic\/Thomas-Denis-2.jpg?t=1404156753\"\n\t\t\ttitle=\"\"\n\t\t\tdata-src=\"https:\/\/www.aclanester56.com\/velo\/wp-content\/gallery\/championnat-56-juniors-languidic\/Thomas-Denis-2.jpg?t=1404156753\"\n\t\t\tdata-thumbnail=\"https:\/\/www.aclanester56.com\/velo\/wp-content\/gallery\/championnat-56-juniors-languidic\/thumbs\/thumbs_Thomas-Denis-2.jpg?t=1404156753\"\n\t\t\tdata-image-id=\"6944\"\n\t\t\tdata-image-name=\"Thomas-Denis-2.jpg\"\n\t\t\tdata-title=\"Thomas Denis 2\"\n\t\t\tdata-description=\"\"\n\t\t\tdata-image-slug=\"thomas-denis-2-4\"\n\t\t\t\t\t\t\t\t\t\t\t\t\t\t\t\t\t\t\t\tclass=\"ngg-simplelightbox\" rel=\"3e3f70216b757a93da33b60630293029\">\n\t\t\t\t\t\t\t\t<img\n\t\t\t\t\ttitle=\"Thomas Denis 2\"\n\t\t\t\t\talt=\"Thomas Denis 2\"\n\t\t\t\t\tsrc=\"https:\/\/www.aclanester56.com\/velo\/wp-content\/gallery\/championnat-56-juniors-languidic\/thumbs\/thumbs_Thomas-Denis-2.jpg?t=1404156753\"\n\t\t\t\t\twidth=\"100\"\n\t\t\t\t\theight=\"100\"\n\t\t\t\t\tstyle=\"max-width:100%;\"\n\t\t\t\t\/>\n\t\t\t<\/a>\n\t\t<\/div>\n\t\t\t\t\t\t\t<\/div>\n\t\t\t\n\t\t\t\t<div id=\"ngg-image-21\" class=\"ngg-gallery-thumbnail-box\n\t\t\t\t\t\t\t\t\t\t\t\"\n\t\t\t>\n\t\t\t\t\t\t<div class=\"ngg-gallery-thumbnail\">\n\t\t<a href=\"https:\/\/www.aclanester56.com\/velo\/wp-content\/gallery\/championnat-56-juniors-languidic\/Thibault-Morvan.jpg?t=1404156753\"\n\t\t\ttitle=\"\"\n\t\t\tdata-src=\"https:\/\/www.aclanester56.com\/velo\/wp-content\/gallery\/championnat-56-juniors-languidic\/Thibault-Morvan.jpg?t=1404156753\"\n\t\t\tdata-thumbnail=\"https:\/\/www.aclanester56.com\/velo\/wp-content\/gallery\/championnat-56-juniors-languidic\/thumbs\/thumbs_Thibault-Morvan.jpg?t=1404156753\"\n\t\t\tdata-image-id=\"6941\"\n\t\t\tdata-image-name=\"Thibault-Morvan.jpg\"\n\t\t\tdata-title=\"Thibault Morvan\"\n\t\t\tdata-description=\"\"\n\t\t\tdata-image-slug=\"thibault-morvan-3\"\n\t\t\t\t\t\t\t\t\t\t\t\t\t\t\t\t\t\t\t\tclass=\"ngg-simplelightbox\" rel=\"3e3f70216b757a93da33b60630293029\">\n\t\t\t\t\t\t\t\t<img\n\t\t\t\t\ttitle=\"Thibault Morvan\"\n\t\t\t\t\talt=\"Thibault Morvan\"\n\t\t\t\t\tsrc=\"https:\/\/www.aclanester56.com\/velo\/wp-content\/gallery\/championnat-56-juniors-languidic\/thumbs\/thumbs_Thibault-Morvan.jpg?t=1404156753\"\n\t\t\t\t\twidth=\"100\"\n\t\t\t\t\theight=\"100\"\n\t\t\t\t\tstyle=\"max-width:100%;\"\n\t\t\t\t\/>\n\t\t\t<\/a>\n\t\t<\/div>\n\t\t\t\t\t\t\t<\/div>\n\t\t\t\n\t\t\t\t<div id=\"ngg-image-22\" class=\"ngg-gallery-thumbnail-box\n\t\t\t\t\t\t\t\t\t\t\t\"\n\t\t\t>\n\t\t\t\t\t\t<div class=\"ngg-gallery-thumbnail\">\n\t\t<a href=\"https:\/\/www.aclanester56.com\/velo\/wp-content\/gallery\/championnat-56-juniors-languidic\/Thibaut-Seveno-2.jpg?t=1404156753\"\n\t\t\ttitle=\"\"\n\t\t\tdata-src=\"https:\/\/www.aclanester56.com\/velo\/wp-content\/gallery\/championnat-56-juniors-languidic\/Thibaut-Seveno-2.jpg?t=1404156753\"\n\t\t\tdata-thumbnail=\"https:\/\/www.aclanester56.com\/velo\/wp-content\/gallery\/championnat-56-juniors-languidic\/thumbs\/thumbs_Thibaut-Seveno-2.jpg?t=1404156753\"\n\t\t\tdata-image-id=\"6942\"\n\t\t\tdata-image-name=\"Thibaut-Seveno-2.jpg\"\n\t\t\tdata-title=\"Thibaut Seveno 2\"\n\t\t\tdata-description=\"\"\n\t\t\tdata-image-slug=\"thibaut-seveno-2-1\"\n\t\t\t\t\t\t\t\t\t\t\t\t\t\t\t\t\t\t\t\tclass=\"ngg-simplelightbox\" rel=\"3e3f70216b757a93da33b60630293029\">\n\t\t\t\t\t\t\t\t<img\n\t\t\t\t\ttitle=\"Thibaut Seveno 2\"\n\t\t\t\t\talt=\"Thibaut Seveno 2\"\n\t\t\t\t\tsrc=\"https:\/\/www.aclanester56.com\/velo\/wp-content\/gallery\/championnat-56-juniors-languidic\/thumbs\/thumbs_Thibaut-Seveno-2.jpg?t=1404156753\"\n\t\t\t\t\twidth=\"100\"\n\t\t\t\t\theight=\"100\"\n\t\t\t\t\tstyle=\"max-width:100%;\"\n\t\t\t\t\/>\n\t\t\t<\/a>\n\t\t<\/div>\n\t\t\t\t\t\t\t<\/div>\n\t\t\t\n\t\t\t\t<div id=\"ngg-image-23\" class=\"ngg-gallery-thumbnail-box\n\t\t\t\t\t\t\t\t\t\t\t\"\n\t\t\t>\n\t\t\t\t\t\t<div class=\"ngg-gallery-thumbnail\">\n\t\t<a href=\"https:\/\/www.aclanester56.com\/velo\/wp-content\/gallery\/championnat-56-juniors-languidic\/Echappee-9.jpg?t=1404156753\"\n\t\t\ttitle=\"\"\n\t\t\tdata-src=\"https:\/\/www.aclanester56.com\/velo\/wp-content\/gallery\/championnat-56-juniors-languidic\/Echappee-9.jpg?t=1404156753\"\n\t\t\tdata-thumbnail=\"https:\/\/www.aclanester56.com\/velo\/wp-content\/gallery\/championnat-56-juniors-languidic\/thumbs\/thumbs_Echappee-9.jpg?t=1404156753\"\n\t\t\tdata-image-id=\"6927\"\n\t\t\tdata-image-name=\"Echappee-9.jpg\"\n\t\t\tdata-title=\"Echappee 9\"\n\t\t\tdata-description=\"\"\n\t\t\tdata-image-slug=\"echappee-9\"\n\t\t\t\t\t\t\t\t\t\t\t\t\t\t\t\t\t\t\t\tclass=\"ngg-simplelightbox\" rel=\"3e3f70216b757a93da33b60630293029\">\n\t\t\t\t\t\t\t\t<img\n\t\t\t\t\ttitle=\"Echappee 9\"\n\t\t\t\t\talt=\"Echappee 9\"\n\t\t\t\t\tsrc=\"https:\/\/www.aclanester56.com\/velo\/wp-content\/gallery\/championnat-56-juniors-languidic\/thumbs\/thumbs_Echappee-9.jpg?t=1404156753\"\n\t\t\t\t\twidth=\"100\"\n\t\t\t\t\theight=\"100\"\n\t\t\t\t\tstyle=\"max-width:100%;\"\n\t\t\t\t\/>\n\t\t\t<\/a>\n\t\t<\/div>\n\t\t\t\t\t\t\t<\/div>\n\t\t\t\n\t\t\t\t<div id=\"ngg-image-24\" class=\"ngg-gallery-thumbnail-box\n\t\t\t\t\t\t\t\t\t\t\t\"\n\t\t\t>\n\t\t\t\t\t\t<div class=\"ngg-gallery-thumbnail\">\n\t\t<a href=\"https:\/\/www.aclanester56.com\/velo\/wp-content\/gallery\/championnat-56-juniors-languidic\/Echappee-10.jpg?t=1404156753\"\n\t\t\ttitle=\"\"\n\t\t\tdata-src=\"https:\/\/www.aclanester56.com\/velo\/wp-content\/gallery\/championnat-56-juniors-languidic\/Echappee-10.jpg?t=1404156753\"\n\t\t\tdata-thumbnail=\"https:\/\/www.aclanester56.com\/velo\/wp-content\/gallery\/championnat-56-juniors-languidic\/thumbs\/thumbs_Echappee-10.jpg?t=1404156753\"\n\t\t\tdata-image-id=\"6928\"\n\t\t\tdata-image-name=\"Echappee-10.jpg\"\n\t\t\tdata-title=\"Echappee 10\"\n\t\t\tdata-description=\"\"\n\t\t\tdata-image-slug=\"echappee-10\"\n\t\t\t\t\t\t\t\t\t\t\t\t\t\t\t\t\t\t\t\tclass=\"ngg-simplelightbox\" rel=\"3e3f70216b757a93da33b60630293029\">\n\t\t\t\t\t\t\t\t<img\n\t\t\t\t\ttitle=\"Echappee 10\"\n\t\t\t\t\talt=\"Echappee 10\"\n\t\t\t\t\tsrc=\"https:\/\/www.aclanester56.com\/velo\/wp-content\/gallery\/championnat-56-juniors-languidic\/thumbs\/thumbs_Echappee-10.jpg?t=1404156753\"\n\t\t\t\t\twidth=\"100\"\n\t\t\t\t\theight=\"100\"\n\t\t\t\t\tstyle=\"max-width:100%;\"\n\t\t\t\t\/>\n\t\t\t<\/a>\n\t\t<\/div>\n\t\t\t\t\t\t\t<\/div>\n\t\t\t\n\t\t\t\t<div id=\"ngg-image-25\" class=\"ngg-gallery-thumbnail-box\n\t\t\t\t\t\t\t\t\t\t\t\"\n\t\t\t>\n\t\t\t\t\t\t<div class=\"ngg-gallery-thumbnail\">\n\t\t<a href=\"https:\/\/www.aclanester56.com\/velo\/wp-content\/gallery\/championnat-56-juniors-languidic\/Echappee-11.jpg?t=1404156753\"\n\t\t\ttitle=\"\"\n\t\t\tdata-src=\"https:\/\/www.aclanester56.com\/velo\/wp-content\/gallery\/championnat-56-juniors-languidic\/Echappee-11.jpg?t=1404156753\"\n\t\t\tdata-thumbnail=\"https:\/\/www.aclanester56.com\/velo\/wp-content\/gallery\/championnat-56-juniors-languidic\/thumbs\/thumbs_Echappee-11.jpg?t=1404156753\"\n\t\t\tdata-image-id=\"6929\"\n\t\t\tdata-image-name=\"Echappee-11.jpg\"\n\t\t\tdata-title=\"Echappee 11\"\n\t\t\tdata-description=\"\"\n\t\t\tdata-image-slug=\"echappee-11\"\n\t\t\t\t\t\t\t\t\t\t\t\t\t\t\t\t\t\t\t\tclass=\"ngg-simplelightbox\" rel=\"3e3f70216b757a93da33b60630293029\">\n\t\t\t\t\t\t\t\t<img\n\t\t\t\t\ttitle=\"Echappee 11\"\n\t\t\t\t\talt=\"Echappee 11\"\n\t\t\t\t\tsrc=\"https:\/\/www.aclanester56.com\/velo\/wp-content\/gallery\/championnat-56-juniors-languidic\/thumbs\/thumbs_Echappee-11.jpg?t=1404156753\"\n\t\t\t\t\twidth=\"100\"\n\t\t\t\t\theight=\"100\"\n\t\t\t\t\tstyle=\"max-width:100%;\"\n\t\t\t\t\/>\n\t\t\t<\/a>\n\t\t<\/div>\n\t\t\t\t\t\t\t<\/div>\n\t\t\t\n\t\t\t\t<div id=\"ngg-image-26\" class=\"ngg-gallery-thumbnail-box\n\t\t\t\t\t\t\t\t\t\t\t\"\n\t\t\t>\n\t\t\t\t\t\t<div class=\"ngg-gallery-thumbnail\">\n\t\t<a href=\"https:\/\/www.aclanester56.com\/velo\/wp-content\/gallery\/championnat-56-juniors-languidic\/Yoann-et-Thibaut.jpg?t=1404156753\"\n\t\t\ttitle=\"\"\n\t\t\tdata-src=\"https:\/\/www.aclanester56.com\/velo\/wp-content\/gallery\/championnat-56-juniors-languidic\/Yoann-et-Thibaut.jpg?t=1404156753\"\n\t\t\tdata-thumbnail=\"https:\/\/www.aclanester56.com\/velo\/wp-content\/gallery\/championnat-56-juniors-languidic\/thumbs\/thumbs_Yoann-et-Thibaut.jpg?t=1404156753\"\n\t\t\tdata-image-id=\"6950\"\n\t\t\tdata-image-name=\"Yoann-et-Thibaut.jpg\"\n\t\t\tdata-title=\"Yoann et Thibaut\"\n\t\t\tdata-description=\"\"\n\t\t\tdata-image-slug=\"yoann-et-thibaut\"\n\t\t\t\t\t\t\t\t\t\t\t\t\t\t\t\t\t\t\t\tclass=\"ngg-simplelightbox\" rel=\"3e3f70216b757a93da33b60630293029\">\n\t\t\t\t\t\t\t\t<img\n\t\t\t\t\ttitle=\"Yoann et Thibaut\"\n\t\t\t\t\talt=\"Yoann et Thibaut\"\n\t\t\t\t\tsrc=\"https:\/\/www.aclanester56.com\/velo\/wp-content\/gallery\/championnat-56-juniors-languidic\/thumbs\/thumbs_Yoann-et-Thibaut.jpg?t=1404156753\"\n\t\t\t\t\twidth=\"100\"\n\t\t\t\t\theight=\"100\"\n\t\t\t\t\tstyle=\"max-width:100%;\"\n\t\t\t\t\/>\n\t\t\t<\/a>\n\t\t<\/div>\n\t\t\t\t\t\t\t<\/div>\n\t\t\t\n\t\t\t\t<div id=\"ngg-image-27\" class=\"ngg-gallery-thumbnail-box\n\t\t\t\t\t\t\t\t\t\t\t\"\n\t\t\t>\n\t\t\t\t\t\t<div class=\"ngg-gallery-thumbnail\">\n\t\t<a href=\"https:\/\/www.aclanester56.com\/velo\/wp-content\/gallery\/championnat-56-juniors-languidic\/Echappee-12.jpg?t=1404156753\"\n\t\t\ttitle=\"\"\n\t\t\tdata-src=\"https:\/\/www.aclanester56.com\/velo\/wp-content\/gallery\/championnat-56-juniors-languidic\/Echappee-12.jpg?t=1404156753\"\n\t\t\tdata-thumbnail=\"https:\/\/www.aclanester56.com\/velo\/wp-content\/gallery\/championnat-56-juniors-languidic\/thumbs\/thumbs_Echappee-12.jpg?t=1404156753\"\n\t\t\tdata-image-id=\"6930\"\n\t\t\tdata-image-name=\"Echappee-12.jpg\"\n\t\t\tdata-title=\"Echappee 12\"\n\t\t\tdata-description=\"\"\n\t\t\tdata-image-slug=\"echappee-12\"\n\t\t\t\t\t\t\t\t\t\t\t\t\t\t\t\t\t\t\t\tclass=\"ngg-simplelightbox\" rel=\"3e3f70216b757a93da33b60630293029\">\n\t\t\t\t\t\t\t\t<img\n\t\t\t\t\ttitle=\"Echappee 12\"\n\t\t\t\t\talt=\"Echappee 12\"\n\t\t\t\t\tsrc=\"https:\/\/www.aclanester56.com\/velo\/wp-content\/gallery\/championnat-56-juniors-languidic\/thumbs\/thumbs_Echappee-12.jpg?t=1404156753\"\n\t\t\t\t\twidth=\"100\"\n\t\t\t\t\theight=\"100\"\n\t\t\t\t\tstyle=\"max-width:100%;\"\n\t\t\t\t\/>\n\t\t\t<\/a>\n\t\t<\/div>\n\t\t\t\t\t\t\t<\/div>\n\t\t\t\n\t\t\t\t<div id=\"ngg-image-28\" class=\"ngg-gallery-thumbnail-box\n\t\t\t\t\t\t\t\t\t\t\t\"\n\t\t\t>\n\t\t\t\t\t\t<div class=\"ngg-gallery-thumbnail\">\n\t\t<a href=\"https:\/\/www.aclanester56.com\/velo\/wp-content\/gallery\/championnat-56-juniors-languidic\/Peloton.jpg?t=1404156753\"\n\t\t\ttitle=\"\"\n\t\t\tdata-src=\"https:\/\/www.aclanester56.com\/velo\/wp-content\/gallery\/championnat-56-juniors-languidic\/Peloton.jpg?t=1404156753\"\n\t\t\tdata-thumbnail=\"https:\/\/www.aclanester56.com\/velo\/wp-content\/gallery\/championnat-56-juniors-languidic\/thumbs\/thumbs_Peloton.jpg?t=1404156753\"\n\t\t\tdata-image-id=\"6938\"\n\t\t\tdata-image-name=\"Peloton.jpg\"\n\t\t\tdata-title=\"Peloton\"\n\t\t\tdata-description=\"\"\n\t\t\tdata-image-slug=\"peloton-10\"\n\t\t\t\t\t\t\t\t\t\t\t\t\t\t\t\t\t\t\t\tclass=\"ngg-simplelightbox\" rel=\"3e3f70216b757a93da33b60630293029\">\n\t\t\t\t\t\t\t\t<img\n\t\t\t\t\ttitle=\"Peloton\"\n\t\t\t\t\talt=\"Peloton\"\n\t\t\t\t\tsrc=\"https:\/\/www.aclanester56.com\/velo\/wp-content\/gallery\/championnat-56-juniors-languidic\/thumbs\/thumbs_Peloton.jpg?t=1404156753\"\n\t\t\t\t\twidth=\"100\"\n\t\t\t\t\theight=\"100\"\n\t\t\t\t\tstyle=\"max-width:100%;\"\n\t\t\t\t\/>\n\t\t\t<\/a>\n\t\t<\/div>\n\t\t\t\t\t\t\t<\/div>\n\t\t\t\n\t\t\t\t<div id=\"ngg-image-29\" class=\"ngg-gallery-thumbnail-box\n\t\t\t\t\t\t\t\t\t\t\t\"\n\t\t\t>\n\t\t\t\t\t\t<div class=\"ngg-gallery-thumbnail\">\n\t\t<a href=\"https:\/\/www.aclanester56.com\/velo\/wp-content\/gallery\/championnat-56-juniors-languidic\/Yoann-Selo.jpg?t=1404156753\"\n\t\t\ttitle=\"\"\n\t\t\tdata-src=\"https:\/\/www.aclanester56.com\/velo\/wp-content\/gallery\/championnat-56-juniors-languidic\/Yoann-Selo.jpg?t=1404156753\"\n\t\t\tdata-thumbnail=\"https:\/\/www.aclanester56.com\/velo\/wp-content\/gallery\/championnat-56-juniors-languidic\/thumbs\/thumbs_Yoann-Selo.jpg?t=1404156753\"\n\t\t\tdata-image-id=\"6955\"\n\t\t\tdata-image-name=\"Yoann-Selo.jpg\"\n\t\t\tdata-title=\"Yoann Selo\"\n\t\t\tdata-description=\"\"\n\t\t\tdata-image-slug=\"yoann-selo-7\"\n\t\t\t\t\t\t\t\t\t\t\t\t\t\t\t\t\t\t\t\tclass=\"ngg-simplelightbox\" rel=\"3e3f70216b757a93da33b60630293029\">\n\t\t\t\t\t\t\t\t<img\n\t\t\t\t\ttitle=\"Yoann Selo\"\n\t\t\t\t\talt=\"Yoann Selo\"\n\t\t\t\t\tsrc=\"https:\/\/www.aclanester56.com\/velo\/wp-content\/gallery\/championnat-56-juniors-languidic\/thumbs\/thumbs_Yoann-Selo.jpg?t=1404156753\"\n\t\t\t\t\twidth=\"100\"\n\t\t\t\t\theight=\"100\"\n\t\t\t\t\tstyle=\"max-width:100%;\"\n\t\t\t\t\/>\n\t\t\t<\/a>\n\t\t<\/div>\n\t\t\t\t\t\t\t<\/div>\n\t\t\t\n\t\t\t\t<div id=\"ngg-image-30\" class=\"ngg-gallery-thumbnail-box\n\t\t\t\t\t\t\t\t\t\t\t\"\n\t\t\t>\n\t\t\t\t\t\t<div class=\"ngg-gallery-thumbnail\">\n\t\t<a href=\"https:\/\/www.aclanester56.com\/velo\/wp-content\/gallery\/championnat-56-juniors-languidic\/Yoann-Selo-2.jpg?t=1404156753\"\n\t\t\ttitle=\"\"\n\t\t\tdata-src=\"https:\/\/www.aclanester56.com\/velo\/wp-content\/gallery\/championnat-56-juniors-languidic\/Yoann-Selo-2.jpg?t=1404156753\"\n\t\t\tdata-thumbnail=\"https:\/\/www.aclanester56.com\/velo\/wp-content\/gallery\/championnat-56-juniors-languidic\/thumbs\/thumbs_Yoann-Selo-2.jpg?t=1404156753\"\n\t\t\tdata-image-id=\"6951\"\n\t\t\tdata-image-name=\"Yoann-Selo-2.jpg\"\n\t\t\tdata-title=\"Yoann Selo 2\"\n\t\t\tdata-description=\"\"\n\t\t\tdata-image-slug=\"yoann-selo-2-1\"\n\t\t\t\t\t\t\t\t\t\t\t\t\t\t\t\t\t\t\t\tclass=\"ngg-simplelightbox\" rel=\"3e3f70216b757a93da33b60630293029\">\n\t\t\t\t\t\t\t\t<img\n\t\t\t\t\ttitle=\"Yoann Selo 2\"\n\t\t\t\t\talt=\"Yoann Selo 2\"\n\t\t\t\t\tsrc=\"https:\/\/www.aclanester56.com\/velo\/wp-content\/gallery\/championnat-56-juniors-languidic\/thumbs\/thumbs_Yoann-Selo-2.jpg?t=1404156753\"\n\t\t\t\t\twidth=\"100\"\n\t\t\t\t\theight=\"100\"\n\t\t\t\t\tstyle=\"max-width:100%;\"\n\t\t\t\t\/>\n\t\t\t<\/a>\n\t\t<\/div>\n\t\t\t\t\t\t\t<\/div>\n\t\t\t\n\t\t\t\t<div id=\"ngg-image-31\" class=\"ngg-gallery-thumbnail-box\n\t\t\t\t\t\t\t\t\t\t\t\"\n\t\t\t>\n\t\t\t\t\t\t<div class=\"ngg-gallery-thumbnail\">\n\t\t<a href=\"https:\/\/www.aclanester56.com\/velo\/wp-content\/gallery\/championnat-56-juniors-languidic\/Yoann-Selo-3.jpg?t=1404156753\"\n\t\t\ttitle=\"\"\n\t\t\tdata-src=\"https:\/\/www.aclanester56.com\/velo\/wp-content\/gallery\/championnat-56-juniors-languidic\/Yoann-Selo-3.jpg?t=1404156753\"\n\t\t\tdata-thumbnail=\"https:\/\/www.aclanester56.com\/velo\/wp-content\/gallery\/championnat-56-juniors-languidic\/thumbs\/thumbs_Yoann-Selo-3.jpg?t=1404156753\"\n\t\t\tdata-image-id=\"6952\"\n\t\t\tdata-image-name=\"Yoann-Selo-3.jpg\"\n\t\t\tdata-title=\"Yoann Selo 3\"\n\t\t\tdata-description=\"\"\n\t\t\tdata-image-slug=\"yoann-selo-3-1\"\n\t\t\t\t\t\t\t\t\t\t\t\t\t\t\t\t\t\t\t\tclass=\"ngg-simplelightbox\" rel=\"3e3f70216b757a93da33b60630293029\">\n\t\t\t\t\t\t\t\t<img\n\t\t\t\t\ttitle=\"Yoann Selo 3\"\n\t\t\t\t\talt=\"Yoann Selo 3\"\n\t\t\t\t\tsrc=\"https:\/\/www.aclanester56.com\/velo\/wp-content\/gallery\/championnat-56-juniors-languidic\/thumbs\/thumbs_Yoann-Selo-3.jpg?t=1404156753\"\n\t\t\t\t\twidth=\"100\"\n\t\t\t\t\theight=\"100\"\n\t\t\t\t\tstyle=\"max-width:100%;\"\n\t\t\t\t\/>\n\t\t\t<\/a>\n\t\t<\/div>\n\t\t\t\t\t\t\t<\/div>\n\t\t\t\n\t\t\t\t<div id=\"ngg-image-32\" class=\"ngg-gallery-thumbnail-box\n\t\t\t\t\t\t\t\t\t\t\t\"\n\t\t\t>\n\t\t\t\t\t\t<div class=\"ngg-gallery-thumbnail\">\n\t\t<a href=\"https:\/\/www.aclanester56.com\/velo\/wp-content\/gallery\/championnat-56-juniors-languidic\/Yoann-Selo-4.jpg?t=1404156753\"\n\t\t\ttitle=\"\"\n\t\t\tdata-src=\"https:\/\/www.aclanester56.com\/velo\/wp-content\/gallery\/championnat-56-juniors-languidic\/Yoann-Selo-4.jpg?t=1404156753\"\n\t\t\tdata-thumbnail=\"https:\/\/www.aclanester56.com\/velo\/wp-content\/gallery\/championnat-56-juniors-languidic\/thumbs\/thumbs_Yoann-Selo-4.jpg?t=1404156753\"\n\t\t\tdata-image-id=\"6953\"\n\t\t\tdata-image-name=\"Yoann-Selo-4.jpg\"\n\t\t\tdata-title=\"Yoann Selo 4\"\n\t\t\tdata-description=\"\"\n\t\t\tdata-image-slug=\"yoann-selo-4-1\"\n\t\t\t\t\t\t\t\t\t\t\t\t\t\t\t\t\t\t\t\tclass=\"ngg-simplelightbox\" rel=\"3e3f70216b757a93da33b60630293029\">\n\t\t\t\t\t\t\t\t<img\n\t\t\t\t\ttitle=\"Yoann Selo 4\"\n\t\t\t\t\talt=\"Yoann Selo 4\"\n\t\t\t\t\tsrc=\"https:\/\/www.aclanester56.com\/velo\/wp-content\/gallery\/championnat-56-juniors-languidic\/thumbs\/thumbs_Yoann-Selo-4.jpg?t=1404156753\"\n\t\t\t\t\twidth=\"100\"\n\t\t\t\t\theight=\"100\"\n\t\t\t\t\tstyle=\"max-width:100%;\"\n\t\t\t\t\/>\n\t\t\t<\/a>\n\t\t<\/div>\n\t\t\t\t\t\t\t<\/div>\n\t\t\t\n\t\t\t\t<div id=\"ngg-image-33\" class=\"ngg-gallery-thumbnail-box\n\t\t\t\t\t\t\t\t\t\t\t\"\n\t\t\t>\n\t\t\t\t\t\t<div class=\"ngg-gallery-thumbnail\">\n\t\t<a href=\"https:\/\/www.aclanester56.com\/velo\/wp-content\/gallery\/championnat-56-juniors-languidic\/Thomas-Denis-3.jpg?t=1404156753\"\n\t\t\ttitle=\"\"\n\t\t\tdata-src=\"https:\/\/www.aclanester56.com\/velo\/wp-content\/gallery\/championnat-56-juniors-languidic\/Thomas-Denis-3.jpg?t=1404156753\"\n\t\t\tdata-thumbnail=\"https:\/\/www.aclanester56.com\/velo\/wp-content\/gallery\/championnat-56-juniors-languidic\/thumbs\/thumbs_Thomas-Denis-3.jpg?t=1404156753\"\n\t\t\tdata-image-id=\"6945\"\n\t\t\tdata-image-name=\"Thomas-Denis-3.jpg\"\n\t\t\tdata-title=\"Thomas Denis 3\"\n\t\t\tdata-description=\"\"\n\t\t\tdata-image-slug=\"thomas-denis-3-4\"\n\t\t\t\t\t\t\t\t\t\t\t\t\t\t\t\t\t\t\t\tclass=\"ngg-simplelightbox\" rel=\"3e3f70216b757a93da33b60630293029\">\n\t\t\t\t\t\t\t\t<img\n\t\t\t\t\ttitle=\"Thomas Denis 3\"\n\t\t\t\t\talt=\"Thomas Denis 3\"\n\t\t\t\t\tsrc=\"https:\/\/www.aclanester56.com\/velo\/wp-content\/gallery\/championnat-56-juniors-languidic\/thumbs\/thumbs_Thomas-Denis-3.jpg?t=1404156753\"\n\t\t\t\t\twidth=\"100\"\n\t\t\t\t\theight=\"100\"\n\t\t\t\t\tstyle=\"max-width:100%;\"\n\t\t\t\t\/>\n\t\t\t<\/a>\n\t\t<\/div>\n\t\t\t\t\t\t\t<\/div>\n\t\t\t\n\t\t\t\t<div id=\"ngg-image-34\" class=\"ngg-gallery-thumbnail-box\n\t\t\t\t\t\t\t\t\t\t\t\"\n\t\t\t>\n\t\t\t\t\t\t<div class=\"ngg-gallery-thumbnail\">\n\t\t<a href=\"https:\/\/www.aclanester56.com\/velo\/wp-content\/gallery\/championnat-56-juniors-languidic\/Thomas-Denis-4.jpg?t=1404156753\"\n\t\t\ttitle=\"\"\n\t\t\tdata-src=\"https:\/\/www.aclanester56.com\/velo\/wp-content\/gallery\/championnat-56-juniors-languidic\/Thomas-Denis-4.jpg?t=1404156753\"\n\t\t\tdata-thumbnail=\"https:\/\/www.aclanester56.com\/velo\/wp-content\/gallery\/championnat-56-juniors-languidic\/thumbs\/thumbs_Thomas-Denis-4.jpg?t=1404156753\"\n\t\t\tdata-image-id=\"6946\"\n\t\t\tdata-image-name=\"Thomas-Denis-4.jpg\"\n\t\t\tdata-title=\"Thomas Denis 4\"\n\t\t\tdata-description=\"\"\n\t\t\tdata-image-slug=\"thomas-denis-4-3\"\n\t\t\t\t\t\t\t\t\t\t\t\t\t\t\t\t\t\t\t\tclass=\"ngg-simplelightbox\" rel=\"3e3f70216b757a93da33b60630293029\">\n\t\t\t\t\t\t\t\t<img\n\t\t\t\t\ttitle=\"Thomas Denis 4\"\n\t\t\t\t\talt=\"Thomas Denis 4\"\n\t\t\t\t\tsrc=\"https:\/\/www.aclanester56.com\/velo\/wp-content\/gallery\/championnat-56-juniors-languidic\/thumbs\/thumbs_Thomas-Denis-4.jpg?t=1404156753\"\n\t\t\t\t\twidth=\"100\"\n\t\t\t\t\theight=\"100\"\n\t\t\t\t\tstyle=\"max-width:100%;\"\n\t\t\t\t\/>\n\t\t\t<\/a>\n\t\t<\/div>\n\t\t\t\t\t\t\t<\/div>\n\t\t\t\n\t\t\t\t<div id=\"ngg-image-35\" class=\"ngg-gallery-thumbnail-box\n\t\t\t\t\t\t\t\t\t\t\t\"\n\t\t\t>\n\t\t\t\t\t\t<div class=\"ngg-gallery-thumbnail\">\n\t\t<a href=\"https:\/\/www.aclanester56.com\/velo\/wp-content\/gallery\/championnat-56-juniors-languidic\/Thomas-Denis-5.jpg?t=1404156753\"\n\t\t\ttitle=\"\"\n\t\t\tdata-src=\"https:\/\/www.aclanester56.com\/velo\/wp-content\/gallery\/championnat-56-juniors-languidic\/Thomas-Denis-5.jpg?t=1404156753\"\n\t\t\tdata-thumbnail=\"https:\/\/www.aclanester56.com\/velo\/wp-content\/gallery\/championnat-56-juniors-languidic\/thumbs\/thumbs_Thomas-Denis-5.jpg?t=1404156753\"\n\t\t\tdata-image-id=\"6947\"\n\t\t\tdata-image-name=\"Thomas-Denis-5.jpg\"\n\t\t\tdata-title=\"Thomas Denis 5\"\n\t\t\tdata-description=\"\"\n\t\t\tdata-image-slug=\"thomas-denis-5-3\"\n\t\t\t\t\t\t\t\t\t\t\t\t\t\t\t\t\t\t\t\tclass=\"ngg-simplelightbox\" rel=\"3e3f70216b757a93da33b60630293029\">\n\t\t\t\t\t\t\t\t<img\n\t\t\t\t\ttitle=\"Thomas Denis 5\"\n\t\t\t\t\talt=\"Thomas Denis 5\"\n\t\t\t\t\tsrc=\"https:\/\/www.aclanester56.com\/velo\/wp-content\/gallery\/championnat-56-juniors-languidic\/thumbs\/thumbs_Thomas-Denis-5.jpg?t=1404156753\"\n\t\t\t\t\twidth=\"100\"\n\t\t\t\t\theight=\"100\"\n\t\t\t\t\tstyle=\"max-width:100%;\"\n\t\t\t\t\/>\n\t\t\t<\/a>\n\t\t<\/div>\n\t\t\t\t\t\t\t<\/div>\n\t\t\t\n\t\t\t\t<div id=\"ngg-image-36\" class=\"ngg-gallery-thumbnail-box\n\t\t\t\t\t\t\t\t\t\t\t\"\n\t\t\t>\n\t\t\t\t\t\t<div class=\"ngg-gallery-thumbnail\">\n\t\t<a href=\"https:\/\/www.aclanester56.com\/velo\/wp-content\/gallery\/championnat-56-juniors-languidic\/Echappee-13.jpg?t=1404156753\"\n\t\t\ttitle=\"\"\n\t\t\tdata-src=\"https:\/\/www.aclanester56.com\/velo\/wp-content\/gallery\/championnat-56-juniors-languidic\/Echappee-13.jpg?t=1404156753\"\n\t\t\tdata-thumbnail=\"https:\/\/www.aclanester56.com\/velo\/wp-content\/gallery\/championnat-56-juniors-languidic\/thumbs\/thumbs_Echappee-13.jpg?t=1404156753\"\n\t\t\tdata-image-id=\"6931\"\n\t\t\tdata-image-name=\"Echappee-13.jpg\"\n\t\t\tdata-title=\"Echappee 13\"\n\t\t\tdata-description=\"\"\n\t\t\tdata-image-slug=\"echappee-13\"\n\t\t\t\t\t\t\t\t\t\t\t\t\t\t\t\t\t\t\t\tclass=\"ngg-simplelightbox\" rel=\"3e3f70216b757a93da33b60630293029\">\n\t\t\t\t\t\t\t\t<img\n\t\t\t\t\ttitle=\"Echappee 13\"\n\t\t\t\t\talt=\"Echappee 13\"\n\t\t\t\t\tsrc=\"https:\/\/www.aclanester56.com\/velo\/wp-content\/gallery\/championnat-56-juniors-languidic\/thumbs\/thumbs_Echappee-13.jpg?t=1404156753\"\n\t\t\t\t\twidth=\"100\"\n\t\t\t\t\theight=\"100\"\n\t\t\t\t\tstyle=\"max-width:100%;\"\n\t\t\t\t\/>\n\t\t\t<\/a>\n\t\t<\/div>\n\t\t\t\t\t\t\t<\/div>\n\t\t\t\n\t\t\t\t<div id=\"ngg-image-37\" class=\"ngg-gallery-thumbnail-box\n\t\t\t\t\t\t\t\t\t\t\t\"\n\t\t\t>\n\t\t\t\t\t\t<div class=\"ngg-gallery-thumbnail\">\n\t\t<a href=\"https:\/\/www.aclanester56.com\/velo\/wp-content\/gallery\/championnat-56-juniors-languidic\/Arrivee.jpg?t=1404156753\"\n\t\t\ttitle=\"\"\n\t\t\tdata-src=\"https:\/\/www.aclanester56.com\/velo\/wp-content\/gallery\/championnat-56-juniors-languidic\/Arrivee.jpg?t=1404156753\"\n\t\t\tdata-thumbnail=\"https:\/\/www.aclanester56.com\/velo\/wp-content\/gallery\/championnat-56-juniors-languidic\/thumbs\/thumbs_Arrivee.jpg?t=1404156753\"\n\t\t\tdata-image-id=\"6906\"\n\t\t\tdata-image-name=\"Arrivee.jpg\"\n\t\t\tdata-title=\"Arrivee\"\n\t\t\tdata-description=\"\"\n\t\t\tdata-image-slug=\"arrivee-8\"\n\t\t\t\t\t\t\t\t\t\t\t\t\t\t\t\t\t\t\t\tclass=\"ngg-simplelightbox\" rel=\"3e3f70216b757a93da33b60630293029\">\n\t\t\t\t\t\t\t\t<img\n\t\t\t\t\ttitle=\"Arrivee\"\n\t\t\t\t\talt=\"Arrivee\"\n\t\t\t\t\tsrc=\"https:\/\/www.aclanester56.com\/velo\/wp-content\/gallery\/championnat-56-juniors-languidic\/thumbs\/thumbs_Arrivee.jpg?t=1404156753\"\n\t\t\t\t\twidth=\"100\"\n\t\t\t\t\theight=\"100\"\n\t\t\t\t\tstyle=\"max-width:100%;\"\n\t\t\t\t\/>\n\t\t\t<\/a>\n\t\t<\/div>\n\t\t\t\t\t\t\t<\/div>\n\t\t\t\n\t\t\t\t<div id=\"ngg-image-38\" class=\"ngg-gallery-thumbnail-box\n\t\t\t\t\t\t\t\t\t\t\t\"\n\t\t\t>\n\t\t\t\t\t\t<div class=\"ngg-gallery-thumbnail\">\n\t\t<a href=\"https:\/\/www.aclanester56.com\/velo\/wp-content\/gallery\/championnat-56-juniors-languidic\/Thomas-Denis-6.jpg?t=1404156753\"\n\t\t\ttitle=\"\"\n\t\t\tdata-src=\"https:\/\/www.aclanester56.com\/velo\/wp-content\/gallery\/championnat-56-juniors-languidic\/Thomas-Denis-6.jpg?t=1404156753\"\n\t\t\tdata-thumbnail=\"https:\/\/www.aclanester56.com\/velo\/wp-content\/gallery\/championnat-56-juniors-languidic\/thumbs\/thumbs_Thomas-Denis-6.jpg?t=1404156753\"\n\t\t\tdata-image-id=\"6948\"\n\t\t\tdata-image-name=\"Thomas-Denis-6.jpg\"\n\t\t\tdata-title=\"Thomas Denis 6\"\n\t\t\tdata-description=\"\"\n\t\t\tdata-image-slug=\"thomas-denis-6-1\"\n\t\t\t\t\t\t\t\t\t\t\t\t\t\t\t\t\t\t\t\tclass=\"ngg-simplelightbox\" rel=\"3e3f70216b757a93da33b60630293029\">\n\t\t\t\t\t\t\t\t<img\n\t\t\t\t\ttitle=\"Thomas Denis 6\"\n\t\t\t\t\talt=\"Thomas Denis 6\"\n\t\t\t\t\tsrc=\"https:\/\/www.aclanester56.com\/velo\/wp-content\/gallery\/championnat-56-juniors-languidic\/thumbs\/thumbs_Thomas-Denis-6.jpg?t=1404156753\"\n\t\t\t\t\twidth=\"100\"\n\t\t\t\t\theight=\"100\"\n\t\t\t\t\tstyle=\"max-width:100%;\"\n\t\t\t\t\/>\n\t\t\t<\/a>\n\t\t<\/div>\n\t\t\t\t\t\t\t<\/div>\n\t\t\t\n\t\t\t\t<div id=\"ngg-image-39\" class=\"ngg-gallery-thumbnail-box\n\t\t\t\t\t\t\t\t\t\t\t\"\n\t\t\t>\n\t\t\t\t\t\t<div class=\"ngg-gallery-thumbnail\">\n\t\t<a href=\"https:\/\/www.aclanester56.com\/velo\/wp-content\/gallery\/championnat-56-juniors-languidic\/Arriv%C3%A9e-Contre-Attaque.jpg?t=1404156753\"\n\t\t\ttitle=\"\"\n\t\t\tdata-src=\"https:\/\/www.aclanester56.com\/velo\/wp-content\/gallery\/championnat-56-juniors-languidic\/Arriv%C3%A9e-Contre-Attaque.jpg?t=1404156753\"\n\t\t\tdata-thumbnail=\"https:\/\/www.aclanester56.com\/velo\/wp-content\/gallery\/championnat-56-juniors-languidic\/thumbs\/thumbs_Arriv%C3%A9e-Contre-Attaque.jpg?t=1404156753\"\n\t\t\tdata-image-id=\"6914\"\n\t\t\tdata-image-name=\"Arriv\u00e9e-Contre-Attaque.jpg\"\n\t\t\tdata-title=\"Arriv\u00e9e Contre-Attaque\"\n\t\t\tdata-description=\"\"\n\t\t\tdata-image-slug=\"arriv%c3%a9e-contre-attaque-1\"\n\t\t\t\t\t\t\t\t\t\t\t\t\t\t\t\t\t\t\t\tclass=\"ngg-simplelightbox\" rel=\"3e3f70216b757a93da33b60630293029\">\n\t\t\t\t\t\t\t\t<img\n\t\t\t\t\ttitle=\"Arriv\u00e9e Contre-Attaque\"\n\t\t\t\t\talt=\"Arriv\u00e9e Contre-Attaque\"\n\t\t\t\t\tsrc=\"https:\/\/www.aclanester56.com\/velo\/wp-content\/gallery\/championnat-56-juniors-languidic\/thumbs\/thumbs_Arriv%C3%A9e-Contre-Attaque.jpg?t=1404156753\"\n\t\t\t\t\twidth=\"100\"\n\t\t\t\t\theight=\"100\"\n\t\t\t\t\tstyle=\"max-width:100%;\"\n\t\t\t\t\/>\n\t\t\t<\/a>\n\t\t<\/div>\n\t\t\t\t\t\t\t<\/div>\n\t\t\t\n\t\t\t\t<div id=\"ngg-image-40\" class=\"ngg-gallery-thumbnail-box\n\t\t\t\t\t\t\t\t\t\t\t\"\n\t\t\t>\n\t\t\t\t\t\t<div class=\"ngg-gallery-thumbnail\">\n\t\t<a href=\"https:\/\/www.aclanester56.com\/velo\/wp-content\/gallery\/championnat-56-juniors-languidic\/Arrivee-2.jpg?t=1598818806\"\n\t\t\ttitle=\"Derri\u00e8re Thomas Denis, ses co\u00e9quipiers Thibault Morvan, Nicolas Primas et Loic Le Barbier (de gauche \u00e0 droite) assurent un formidable quadrupl\u00e9 pour l&#039;AC Lanester 56 ! (photo Marion Denis)\"\n\t\t\tdata-src=\"https:\/\/www.aclanester56.com\/velo\/wp-content\/gallery\/championnat-56-juniors-languidic\/Arrivee-2.jpg?t=1598818806\"\n\t\t\tdata-thumbnail=\"https:\/\/www.aclanester56.com\/velo\/wp-content\/gallery\/championnat-56-juniors-languidic\/thumbs\/thumbs_Arrivee-2.jpg?t=1598818806\"\n\t\t\tdata-image-id=\"6903\"\n\t\t\tdata-image-name=\"Arrivee-2.jpg\"\n\t\t\tdata-title=\"Arrivee 2\"\n\t\t\tdata-description=\"Derri\u00e8re Thomas Denis, ses co\u00e9quipiers Thibault Morvan, Nicolas Primas et Loic Le Barbier (de gauche \u00e0 droite) assurent un formidable quadrupl\u00e9 pour l&#039;AC Lanester 56 ! (photo Marion Denis)\"\n\t\t\tdata-image-slug=\"arrivee-2-4\"\n\t\t\t\t\t\t\t\t\t\t\t\t\t\t\t\t\t\t\t\tclass=\"ngg-simplelightbox\" rel=\"3e3f70216b757a93da33b60630293029\">\n\t\t\t\t\t\t\t\t<img\n\t\t\t\t\ttitle=\"Arrivee 2\"\n\t\t\t\t\talt=\"Arrivee 2\"\n\t\t\t\t\tsrc=\"https:\/\/www.aclanester56.com\/velo\/wp-content\/gallery\/championnat-56-juniors-languidic\/thumbs\/thumbs_Arrivee-2.jpg?t=1598818806\"\n\t\t\t\t\twidth=\"100\"\n\t\t\t\t\theight=\"100\"\n\t\t\t\t\tstyle=\"max-width:100%;\"\n\t\t\t\t\/>\n\t\t\t<\/a>\n\t\t<\/div>\n\t\t\t\t\t\t\t<\/div>\n\t\t\t\n\t\t\t\t<div id=\"ngg-image-41\" class=\"ngg-gallery-thumbnail-box\n\t\t\t\t\t\t\t\t\t\t\t\"\n\t\t\t>\n\t\t\t\t\t\t<div class=\"ngg-gallery-thumbnail\">\n\t\t<a href=\"https:\/\/www.aclanester56.com\/velo\/wp-content\/gallery\/championnat-56-juniors-languidic\/Arrivee-3.jpg?t=1404156753\"\n\t\t\ttitle=\"\"\n\t\t\tdata-src=\"https:\/\/www.aclanester56.com\/velo\/wp-content\/gallery\/championnat-56-juniors-languidic\/Arrivee-3.jpg?t=1404156753\"\n\t\t\tdata-thumbnail=\"https:\/\/www.aclanester56.com\/velo\/wp-content\/gallery\/championnat-56-juniors-languidic\/thumbs\/thumbs_Arrivee-3.jpg?t=1404156753\"\n\t\t\tdata-image-id=\"6904\"\n\t\t\tdata-image-name=\"Arrivee-3.jpg\"\n\t\t\tdata-title=\"Arrivee 3\"\n\t\t\tdata-description=\"\"\n\t\t\tdata-image-slug=\"arrivee-3-4\"\n\t\t\t\t\t\t\t\t\t\t\t\t\t\t\t\t\t\t\t\tclass=\"ngg-simplelightbox\" rel=\"3e3f70216b757a93da33b60630293029\">\n\t\t\t\t\t\t\t\t<img\n\t\t\t\t\ttitle=\"Arrivee 3\"\n\t\t\t\t\talt=\"Arrivee 3\"\n\t\t\t\t\tsrc=\"https:\/\/www.aclanester56.com\/velo\/wp-content\/gallery\/championnat-56-juniors-languidic\/thumbs\/thumbs_Arrivee-3.jpg?t=1404156753\"\n\t\t\t\t\twidth=\"100\"\n\t\t\t\t\theight=\"100\"\n\t\t\t\t\tstyle=\"max-width:100%;\"\n\t\t\t\t\/>\n\t\t\t<\/a>\n\t\t<\/div>\n\t\t\t\t\t\t\t<\/div>\n\t\t\t\n\t\t\t\t<div id=\"ngg-image-42\" class=\"ngg-gallery-thumbnail-box\n\t\t\t\t\t\t\t\t\t\t\t\"\n\t\t\t>\n\t\t\t\t\t\t<div class=\"ngg-gallery-thumbnail\">\n\t\t<a href=\"https:\/\/www.aclanester56.com\/velo\/wp-content\/gallery\/championnat-56-juniors-languidic\/Yoann-Selo-5.jpg?t=1404156753\"\n\t\t\ttitle=\"\"\n\t\t\tdata-src=\"https:\/\/www.aclanester56.com\/velo\/wp-content\/gallery\/championnat-56-juniors-languidic\/Yoann-Selo-5.jpg?t=1404156753\"\n\t\t\tdata-thumbnail=\"https:\/\/www.aclanester56.com\/velo\/wp-content\/gallery\/championnat-56-juniors-languidic\/thumbs\/thumbs_Yoann-Selo-5.jpg?t=1404156753\"\n\t\t\tdata-image-id=\"6954\"\n\t\t\tdata-image-name=\"Yoann-Selo-5.jpg\"\n\t\t\tdata-title=\"Yoann Selo 5\"\n\t\t\tdata-description=\"\"\n\t\t\tdata-image-slug=\"yoann-selo-5-1\"\n\t\t\t\t\t\t\t\t\t\t\t\t\t\t\t\t\t\t\t\tclass=\"ngg-simplelightbox\" rel=\"3e3f70216b757a93da33b60630293029\">\n\t\t\t\t\t\t\t\t<img\n\t\t\t\t\ttitle=\"Yoann Selo 5\"\n\t\t\t\t\talt=\"Yoann Selo 5\"\n\t\t\t\t\tsrc=\"https:\/\/www.aclanester56.com\/velo\/wp-content\/gallery\/championnat-56-juniors-languidic\/thumbs\/thumbs_Yoann-Selo-5.jpg?t=1404156753\"\n\t\t\t\t\twidth=\"100\"\n\t\t\t\t\theight=\"100\"\n\t\t\t\t\tstyle=\"max-width:100%;\"\n\t\t\t\t\/>\n\t\t\t<\/a>\n\t\t<\/div>\n\t\t\t\t\t\t\t<\/div>\n\t\t\t\n\t\t\t\t<div id=\"ngg-image-43\" class=\"ngg-gallery-thumbnail-box\n\t\t\t\t\t\t\t\t\t\t\t\"\n\t\t\t>\n\t\t\t\t\t\t<div class=\"ngg-gallery-thumbnail\">\n\t\t<a href=\"https:\/\/www.aclanester56.com\/velo\/wp-content\/gallery\/championnat-56-juniors-languidic\/Arrivee-Yoann.jpg?t=1404156753\"\n\t\t\ttitle=\"\"\n\t\t\tdata-src=\"https:\/\/www.aclanester56.com\/velo\/wp-content\/gallery\/championnat-56-juniors-languidic\/Arrivee-Yoann.jpg?t=1404156753\"\n\t\t\tdata-thumbnail=\"https:\/\/www.aclanester56.com\/velo\/wp-content\/gallery\/championnat-56-juniors-languidic\/thumbs\/thumbs_Arrivee-Yoann.jpg?t=1404156753\"\n\t\t\tdata-image-id=\"6905\"\n\t\t\tdata-image-name=\"Arrivee-Yoann.jpg\"\n\t\t\tdata-title=\"Arrivee Yoann\"\n\t\t\tdata-description=\"\"\n\t\t\tdata-image-slug=\"arrivee-yoann-3\"\n\t\t\t\t\t\t\t\t\t\t\t\t\t\t\t\t\t\t\t\tclass=\"ngg-simplelightbox\" rel=\"3e3f70216b757a93da33b60630293029\">\n\t\t\t\t\t\t\t\t<img\n\t\t\t\t\ttitle=\"Arrivee Yoann\"\n\t\t\t\t\talt=\"Arrivee Yoann\"\n\t\t\t\t\tsrc=\"https:\/\/www.aclanester56.com\/velo\/wp-content\/gallery\/championnat-56-juniors-languidic\/thumbs\/thumbs_Arrivee-Yoann.jpg?t=1404156753\"\n\t\t\t\t\twidth=\"100\"\n\t\t\t\t\theight=\"100\"\n\t\t\t\t\tstyle=\"max-width:100%;\"\n\t\t\t\t\/>\n\t\t\t<\/a>\n\t\t<\/div>\n\t\t\t\t\t\t\t<\/div>\n\t\t\t\n\t\t\t\t<div id=\"ngg-image-44\" class=\"ngg-gallery-thumbnail-box\n\t\t\t\t\t\t\t\t\t\t\t\"\n\t\t\t>\n\t\t\t\t\t\t<div class=\"ngg-gallery-thumbnail\">\n\t\t<a href=\"https:\/\/www.aclanester56.com\/velo\/wp-content\/gallery\/championnat-56-juniors-languidic\/Podium.jpg?t=1404156753\"\n\t\t\ttitle=\"\"\n\t\t\tdata-src=\"https:\/\/www.aclanester56.com\/velo\/wp-content\/gallery\/championnat-56-juniors-languidic\/Podium.jpg?t=1404156753\"\n\t\t\tdata-thumbnail=\"https:\/\/www.aclanester56.com\/velo\/wp-content\/gallery\/championnat-56-juniors-languidic\/thumbs\/thumbs_Podium.jpg?t=1404156753\"\n\t\t\tdata-image-id=\"6940\"\n\t\t\tdata-image-name=\"Podium.jpg\"\n\t\t\tdata-title=\"Podium\"\n\t\t\tdata-description=\"\"\n\t\t\tdata-image-slug=\"podium-8\"\n\t\t\t\t\t\t\t\t\t\t\t\t\t\t\t\t\t\t\t\tclass=\"ngg-simplelightbox\" rel=\"3e3f70216b757a93da33b60630293029\">\n\t\t\t\t\t\t\t\t<img\n\t\t\t\t\ttitle=\"Podium\"\n\t\t\t\t\talt=\"Podium\"\n\t\t\t\t\tsrc=\"https:\/\/www.aclanester56.com\/velo\/wp-content\/gallery\/championnat-56-juniors-languidic\/thumbs\/thumbs_Podium.jpg?t=1404156753\"\n\t\t\t\t\twidth=\"100\"\n\t\t\t\t\theight=\"100\"\n\t\t\t\t\tstyle=\"max-width:100%;\"\n\t\t\t\t\/>\n\t\t\t<\/a>\n\t\t<\/div>\n\t\t\t\t\t\t\t<\/div>\n\t\t\t\n\t\t\t\t<div id=\"ngg-image-45\" class=\"ngg-gallery-thumbnail-box\n\t\t\t\t\t\t\t\t\t\t\t\"\n\t\t\t>\n\t\t\t\t\t\t<div class=\"ngg-gallery-thumbnail\">\n\t\t<a href=\"https:\/\/www.aclanester56.com\/velo\/wp-content\/gallery\/championnat-56-juniors-languidic\/Podium-2.jpg?t=1404156753\"\n\t\t\ttitle=\"\"\n\t\t\tdata-src=\"https:\/\/www.aclanester56.com\/velo\/wp-content\/gallery\/championnat-56-juniors-languidic\/Podium-2.jpg?t=1404156753\"\n\t\t\tdata-thumbnail=\"https:\/\/www.aclanester56.com\/velo\/wp-content\/gallery\/championnat-56-juniors-languidic\/thumbs\/thumbs_Podium-2.jpg?t=1404156753\"\n\t\t\tdata-image-id=\"6939\"\n\t\t\tdata-image-name=\"Podium-2.jpg\"\n\t\t\tdata-title=\"Podium 2\"\n\t\t\tdata-description=\"\"\n\t\t\tdata-image-slug=\"podium-2-1\"\n\t\t\t\t\t\t\t\t\t\t\t\t\t\t\t\t\t\t\t\tclass=\"ngg-simplelightbox\" rel=\"3e3f70216b757a93da33b60630293029\">\n\t\t\t\t\t\t\t\t<img\n\t\t\t\t\ttitle=\"Podium 2\"\n\t\t\t\t\talt=\"Podium 2\"\n\t\t\t\t\tsrc=\"https:\/\/www.aclanester56.com\/velo\/wp-content\/gallery\/championnat-56-juniors-languidic\/thumbs\/thumbs_Podium-2.jpg?t=1404156753\"\n\t\t\t\t\twidth=\"100\"\n\t\t\t\t\theight=\"100\"\n\t\t\t\t\tstyle=\"max-width:100%;\"\n\t\t\t\t\/>\n\t\t\t<\/a>\n\t\t<\/div>\n\t\t\t\t\t\t\t<\/div>\n\t\t\t\n\t\t\t\t<div id=\"ngg-image-46\" class=\"ngg-gallery-thumbnail-box\n\t\t\t\t\t\t\t\t\t\t\t\"\n\t\t\t>\n\t\t\t\t\t\t<div class=\"ngg-gallery-thumbnail\">\n\t\t<a href=\"https:\/\/www.aclanester56.com\/velo\/wp-content\/gallery\/championnat-56-juniors-languidic\/Podium-Thomas.jpg?t=1404156753\"\n\t\t\ttitle=\"\"\n\t\t\tdata-src=\"https:\/\/www.aclanester56.com\/velo\/wp-content\/gallery\/championnat-56-juniors-languidic\/Podium-Thomas.jpg?t=1404156753\"\n\t\t\tdata-thumbnail=\"https:\/\/www.aclanester56.com\/velo\/wp-content\/gallery\/championnat-56-juniors-languidic\/thumbs\/thumbs_Podium-Thomas.jpg?t=1404156753\"\n\t\t\tdata-image-id=\"6911\"\n\t\t\tdata-image-name=\"Podium-Thomas.jpg\"\n\t\t\tdata-title=\"Podium Thomas\"\n\t\t\tdata-description=\"\"\n\t\t\tdata-image-slug=\"podium-thomas-3\"\n\t\t\t\t\t\t\t\t\t\t\t\t\t\t\t\t\t\t\t\tclass=\"ngg-simplelightbox\" rel=\"3e3f70216b757a93da33b60630293029\">\n\t\t\t\t\t\t\t\t<img\n\t\t\t\t\ttitle=\"Podium Thomas\"\n\t\t\t\t\talt=\"Podium Thomas\"\n\t\t\t\t\tsrc=\"https:\/\/www.aclanester56.com\/velo\/wp-content\/gallery\/championnat-56-juniors-languidic\/thumbs\/thumbs_Podium-Thomas.jpg?t=1404156753\"\n\t\t\t\t\twidth=\"100\"\n\t\t\t\t\theight=\"100\"\n\t\t\t\t\tstyle=\"max-width:100%;\"\n\t\t\t\t\/>\n\t\t\t<\/a>\n\t\t<\/div>\n\t\t\t\t\t\t\t<\/div>\n\t\t\t\n\t\t\t\t<div id=\"ngg-image-47\" class=\"ngg-gallery-thumbnail-box\n\t\t\t\t\t\t\t\t\t\t\t\"\n\t\t\t>\n\t\t\t\t\t\t<div class=\"ngg-gallery-thumbnail\">\n\t\t<a href=\"https:\/\/www.aclanester56.com\/velo\/wp-content\/gallery\/championnat-56-juniors-languidic\/Podium-Thibault.jpg?t=1404156753\"\n\t\t\ttitle=\"\"\n\t\t\tdata-src=\"https:\/\/www.aclanester56.com\/velo\/wp-content\/gallery\/championnat-56-juniors-languidic\/Podium-Thibault.jpg?t=1404156753\"\n\t\t\tdata-thumbnail=\"https:\/\/www.aclanester56.com\/velo\/wp-content\/gallery\/championnat-56-juniors-languidic\/thumbs\/thumbs_Podium-Thibault.jpg?t=1404156753\"\n\t\t\tdata-image-id=\"6910\"\n\t\t\tdata-image-name=\"Podium-Thibault.jpg\"\n\t\t\tdata-title=\"Podium Thibault\"\n\t\t\tdata-description=\"\"\n\t\t\tdata-image-slug=\"podium-thibault-3\"\n\t\t\t\t\t\t\t\t\t\t\t\t\t\t\t\t\t\t\t\tclass=\"ngg-simplelightbox\" rel=\"3e3f70216b757a93da33b60630293029\">\n\t\t\t\t\t\t\t\t<img\n\t\t\t\t\ttitle=\"Podium Thibault\"\n\t\t\t\t\talt=\"Podium Thibault\"\n\t\t\t\t\tsrc=\"https:\/\/www.aclanester56.com\/velo\/wp-content\/gallery\/championnat-56-juniors-languidic\/thumbs\/thumbs_Podium-Thibault.jpg?t=1404156753\"\n\t\t\t\t\twidth=\"100\"\n\t\t\t\t\theight=\"100\"\n\t\t\t\t\tstyle=\"max-width:100%;\"\n\t\t\t\t\/>\n\t\t\t<\/a>\n\t\t<\/div>\n\t\t\t\t\t\t\t<\/div>\n\t\t\t\n\t\t\t\t<div id=\"ngg-image-48\" class=\"ngg-gallery-thumbnail-box\n\t\t\t\t\t\t\t\t\t\t\t\"\n\t\t\t>\n\t\t\t\t\t\t<div class=\"ngg-gallery-thumbnail\">\n\t\t<a href=\"https:\/\/www.aclanester56.com\/velo\/wp-content\/gallery\/championnat-56-juniors-languidic\/Podium-Loic.jpg?t=1404156753\"\n\t\t\ttitle=\"\"\n\t\t\tdata-src=\"https:\/\/www.aclanester56.com\/velo\/wp-content\/gallery\/championnat-56-juniors-languidic\/Podium-Loic.jpg?t=1404156753\"\n\t\t\tdata-thumbnail=\"https:\/\/www.aclanester56.com\/velo\/wp-content\/gallery\/championnat-56-juniors-languidic\/thumbs\/thumbs_Podium-Loic.jpg?t=1404156753\"\n\t\t\tdata-image-id=\"6909\"\n\t\t\tdata-image-name=\"Podium-Loic.jpg\"\n\t\t\tdata-title=\"Podium Loic\"\n\t\t\tdata-description=\"\"\n\t\t\tdata-image-slug=\"podium-loic-3\"\n\t\t\t\t\t\t\t\t\t\t\t\t\t\t\t\t\t\t\t\tclass=\"ngg-simplelightbox\" rel=\"3e3f70216b757a93da33b60630293029\">\n\t\t\t\t\t\t\t\t<img\n\t\t\t\t\ttitle=\"Podium Loic\"\n\t\t\t\t\talt=\"Podium Loic\"\n\t\t\t\t\tsrc=\"https:\/\/www.aclanester56.com\/velo\/wp-content\/gallery\/championnat-56-juniors-languidic\/thumbs\/thumbs_Podium-Loic.jpg?t=1404156753\"\n\t\t\t\t\twidth=\"100\"\n\t\t\t\t\theight=\"100\"\n\t\t\t\t\tstyle=\"max-width:100%;\"\n\t\t\t\t\/>\n\t\t\t<\/a>\n\t\t<\/div>\n\t\t\t\t\t\t\t<\/div>\n\t\t\t\n\t\t\t\t<div id=\"ngg-image-49\" class=\"ngg-gallery-thumbnail-box\n\t\t\t\t\t\t\t\t\t\t\t\"\n\t\t\t>\n\t\t\t\t\t\t<div class=\"ngg-gallery-thumbnail\">\n\t\t<a href=\"https:\/\/www.aclanester56.com\/velo\/wp-content\/gallery\/championnat-56-juniors-languidic\/ACL-56.jpg?t=1404156753\"\n\t\t\ttitle=\"\"\n\t\t\tdata-src=\"https:\/\/www.aclanester56.com\/velo\/wp-content\/gallery\/championnat-56-juniors-languidic\/ACL-56.jpg?t=1404156753\"\n\t\t\tdata-thumbnail=\"https:\/\/www.aclanester56.com\/velo\/wp-content\/gallery\/championnat-56-juniors-languidic\/thumbs\/thumbs_ACL-56.jpg?t=1404156753\"\n\t\t\tdata-image-id=\"6913\"\n\t\t\tdata-image-name=\"ACL-56.jpg\"\n\t\t\tdata-title=\"ACL 56\"\n\t\t\tdata-description=\"\"\n\t\t\tdata-image-slug=\"acl-56\"\n\t\t\t\t\t\t\t\t\t\t\t\t\t\t\t\t\t\t\t\tclass=\"ngg-simplelightbox\" rel=\"3e3f70216b757a93da33b60630293029\">\n\t\t\t\t\t\t\t\t<img\n\t\t\t\t\ttitle=\"ACL 56\"\n\t\t\t\t\talt=\"ACL 56\"\n\t\t\t\t\tsrc=\"https:\/\/www.aclanester56.com\/velo\/wp-content\/gallery\/championnat-56-juniors-languidic\/thumbs\/thumbs_ACL-56.jpg?t=1404156753\"\n\t\t\t\t\twidth=\"100\"\n\t\t\t\t\theight=\"100\"\n\t\t\t\t\tstyle=\"max-width:100%;\"\n\t\t\t\t\/>\n\t\t\t<\/a>\n\t\t<\/div>\n\t\t\t\t\t\t\t<\/div>\n\t\t\t\n\t\t\t\t<div id=\"ngg-image-50\" class=\"ngg-gallery-thumbnail-box\n\t\t\t\t\t\t\t\t\t\t\t\"\n\t\t\t>\n\t\t\t\t\t\t<div class=\"ngg-gallery-thumbnail\">\n\t\t<a href=\"https:\/\/www.aclanester56.com\/velo\/wp-content\/gallery\/championnat-56-juniors-languidic\/Podium-ACL56.jpg?t=1404070753\"\n\t\t\ttitle=\" \"\n\t\t\tdata-src=\"https:\/\/www.aclanester56.com\/velo\/wp-content\/gallery\/championnat-56-juniors-languidic\/Podium-ACL56.jpg?t=1404070753\"\n\t\t\tdata-thumbnail=\"https:\/\/www.aclanester56.com\/velo\/wp-content\/gallery\/championnat-56-juniors-languidic\/thumbs\/thumbs_Podium-ACL56.jpg?t=1404070753\"\n\t\t\tdata-image-id=\"6908\"\n\t\t\tdata-image-name=\"Podium-ACL56.jpg\"\n\t\t\tdata-title=\"Podium ACL56\"\n\t\t\tdata-description=\" \"\n\t\t\tdata-image-slug=\"podium-acl56-6\"\n\t\t\t\t\t\t\t\t\t\t\t\t\t\t\t\t\t\t\t\tclass=\"ngg-simplelightbox\" rel=\"3e3f70216b757a93da33b60630293029\">\n\t\t\t\t\t\t\t\t<img\n\t\t\t\t\ttitle=\"Podium ACL56\"\n\t\t\t\t\talt=\"Podium ACL56\"\n\t\t\t\t\tsrc=\"https:\/\/www.aclanester56.com\/velo\/wp-content\/gallery\/championnat-56-juniors-languidic\/thumbs\/thumbs_Podium-ACL56.jpg?t=1404070753\"\n\t\t\t\t\twidth=\"100\"\n\t\t\t\t\theight=\"100\"\n\t\t\t\t\tstyle=\"max-width:100%;\"\n\t\t\t\t\/>\n\t\t\t<\/a>\n\t\t<\/div>\n\t\t\t\t\t\t\t<\/div>\n\t\t\t\n\t\t\t\t<div id=\"ngg-image-51\" class=\"ngg-gallery-thumbnail-box\n\t\t\t\t\t\t\t\t\t\t\t\"\n\t\t\t>\n\t\t\t\t\t\t<div class=\"ngg-gallery-thumbnail\">\n\t\t<a href=\"https:\/\/www.aclanester56.com\/velo\/wp-content\/gallery\/championnat-56-juniors-languidic\/Podium-ACL56-2.jpg?t=1404070751\"\n\t\t\ttitle=\" \"\n\t\t\tdata-src=\"https:\/\/www.aclanester56.com\/velo\/wp-content\/gallery\/championnat-56-juniors-languidic\/Podium-ACL56-2.jpg?t=1404070751\"\n\t\t\tdata-thumbnail=\"https:\/\/www.aclanester56.com\/velo\/wp-content\/gallery\/championnat-56-juniors-languidic\/thumbs\/thumbs_Podium-ACL56-2.jpg?t=1404070751\"\n\t\t\tdata-image-id=\"6907\"\n\t\t\tdata-image-name=\"Podium-ACL56-2.jpg\"\n\t\t\tdata-title=\"Podium ACL56 2\"\n\t\t\tdata-description=\" \"\n\t\t\tdata-image-slug=\"podium-acl56-2-3\"\n\t\t\t\t\t\t\t\t\t\t\t\t\t\t\t\t\t\t\t\tclass=\"ngg-simplelightbox\" rel=\"3e3f70216b757a93da33b60630293029\">\n\t\t\t\t\t\t\t\t<img\n\t\t\t\t\ttitle=\"Podium ACL56 2\"\n\t\t\t\t\talt=\"Podium ACL56 2\"\n\t\t\t\t\tsrc=\"https:\/\/www.aclanester56.com\/velo\/wp-content\/gallery\/championnat-56-juniors-languidic\/thumbs\/thumbs_Podium-ACL56-2.jpg?t=1404070751\"\n\t\t\t\t\twidth=\"100\"\n\t\t\t\t\theight=\"100\"\n\t\t\t\t\tstyle=\"max-width:100%;\"\n\t\t\t\t\/>\n\t\t\t<\/a>\n\t\t<\/div>\n\t\t\t\t\t\t\t<\/div>\n\t\t\t\n\t\n\t<br style=\"clear: both\" \/>\n\n\t\n\t\t<div class=\"ngg-clear\"><\/div>\n\t<\/div>\n<\/p>\n","protected":false},"excerpt":{"rendered":"","protected":false},"author":14,"featured_media":19753,"comment_status":"open","ping_status":"closed","sticky":false,"template":"","format":"standard","meta":{"ngg_post_thumbnail":0,"footnotes":""},"categories":[5,21],"tags":[],"class_list":["post-19719","post","type-post","status-publish","format-standard","has-post-thumbnail","hentry","category-ac-lanester-56","category-resultats-juniors"],"yoast_head":"<!-- This site is optimized with the Yoast SEO plugin v27.5 - https:\/\/yoast.com\/product\/yoast-seo-wordpress\/ -->\n<title>Championnat du Morbihan Juniors : quadrupl\u00e9 de l&#039;AC Lanester 56 ! - Avenir Cycliste Lanester 56<\/title>\n<meta name=\"robots\" content=\"index, follow, max-snippet:-1, max-image-preview:large, max-video-preview:-1\" \/>\n<link rel=\"canonical\" href=\"https:\/\/www.aclanester56.com\/velo\/championnat-du-morbihan-juniors-quadruple-lac-lanester-56\/\" \/>\n<meta property=\"og:locale\" content=\"fr_FR\" \/>\n<meta property=\"og:type\" content=\"article\" \/>\n<meta property=\"og:title\" content=\"Championnat du Morbihan Juniors : quadrupl\u00e9 de l&#039;AC Lanester 56 ! - Avenir Cycliste Lanester 56\" \/>\n<meta property=\"og:url\" content=\"https:\/\/www.aclanester56.com\/velo\/championnat-du-morbihan-juniors-quadruple-lac-lanester-56\/\" \/>\n<meta property=\"og:site_name\" content=\"Avenir Cycliste Lanester 56\" \/>\n<meta property=\"article:publisher\" content=\"https:\/\/www.facebook.com\/pages\/AC-Lanester-56\/190286300991242?fref=ts\" \/>\n<meta property=\"article:published_time\" content=\"2014-06-29T16:21:02+00:00\" \/>\n<meta property=\"article:modified_time\" content=\"2014-06-30T21:21:28+00:00\" \/>\n<meta property=\"og:image\" content=\"https:\/\/www.aclanester56.com\/velo\/wp-content\/uploads\/2014\/06\/Arrivee.jpg\" \/>\n\t<meta property=\"og:image:width\" content=\"960\" \/>\n\t<meta property=\"og:image:height\" content=\"693\" \/>\n\t<meta property=\"og:image:type\" content=\"image\/jpeg\" \/>\n<meta name=\"author\" content=\"Jean-Christophe\" \/>\n<meta name=\"twitter:label1\" content=\"\u00c9crit par\" \/>\n\t<meta name=\"twitter:data1\" content=\"Jean-Christophe\" \/>\n\t<meta name=\"twitter:label2\" content=\"Dur\u00e9e de lecture estim\u00e9e\" \/>\n\t<meta name=\"twitter:data2\" content=\"1 minute\" \/>\n<script type=\"application\/ld+json\" class=\"yoast-schema-graph\">{\"@context\":\"https:\\\/\\\/schema.org\",\"@graph\":[{\"@type\":\"Article\",\"@id\":\"https:\\\/\\\/www.aclanester56.com\\\/velo\\\/championnat-du-morbihan-juniors-quadruple-lac-lanester-56\\\/#article\",\"isPartOf\":{\"@id\":\"https:\\\/\\\/www.aclanester56.com\\\/velo\\\/championnat-du-morbihan-juniors-quadruple-lac-lanester-56\\\/\"},\"author\":{\"name\":\"Jean-Christophe\",\"@id\":\"https:\\\/\\\/www.aclanester56.com\\\/velo\\\/#\\\/schema\\\/person\\\/ca2a44a5fd969e9dd846c72d3b33bc01\"},\"headline\":\"Championnat du Morbihan Juniors : quadrupl\u00e9 de l&rsquo;AC Lanester 56 !\",\"datePublished\":\"2014-06-29T16:21:02+00:00\",\"dateModified\":\"2014-06-30T21:21:28+00:00\",\"mainEntityOfPage\":{\"@id\":\"https:\\\/\\\/www.aclanester56.com\\\/velo\\\/championnat-du-morbihan-juniors-quadruple-lac-lanester-56\\\/\"},\"wordCount\":248,\"commentCount\":0,\"publisher\":{\"@id\":\"https:\\\/\\\/www.aclanester56.com\\\/velo\\\/#organization\"},\"image\":{\"@id\":\"https:\\\/\\\/www.aclanester56.com\\\/velo\\\/championnat-du-morbihan-juniors-quadruple-lac-lanester-56\\\/#primaryimage\"},\"thumbnailUrl\":\"https:\\\/\\\/www.aclanester56.com\\\/velo\\\/wp-content\\\/uploads\\\/2014\\\/06\\\/Arrivee.jpg\",\"articleSection\":[\"AC LANESTER 56\",\"R\u00e9sultats Juniors\"],\"inLanguage\":\"fr-FR\",\"potentialAction\":[{\"@type\":\"CommentAction\",\"name\":\"Comment\",\"target\":[\"https:\\\/\\\/www.aclanester56.com\\\/velo\\\/championnat-du-morbihan-juniors-quadruple-lac-lanester-56\\\/#respond\"]}]},{\"@type\":\"WebPage\",\"@id\":\"https:\\\/\\\/www.aclanester56.com\\\/velo\\\/championnat-du-morbihan-juniors-quadruple-lac-lanester-56\\\/\",\"url\":\"https:\\\/\\\/www.aclanester56.com\\\/velo\\\/championnat-du-morbihan-juniors-quadruple-lac-lanester-56\\\/\",\"name\":\"Championnat du Morbihan Juniors : quadrupl\u00e9 de l'AC Lanester 56 ! - Avenir Cycliste Lanester 56\",\"isPartOf\":{\"@id\":\"https:\\\/\\\/www.aclanester56.com\\\/velo\\\/#website\"},\"primaryImageOfPage\":{\"@id\":\"https:\\\/\\\/www.aclanester56.com\\\/velo\\\/championnat-du-morbihan-juniors-quadruple-lac-lanester-56\\\/#primaryimage\"},\"image\":{\"@id\":\"https:\\\/\\\/www.aclanester56.com\\\/velo\\\/championnat-du-morbihan-juniors-quadruple-lac-lanester-56\\\/#primaryimage\"},\"thumbnailUrl\":\"https:\\\/\\\/www.aclanester56.com\\\/velo\\\/wp-content\\\/uploads\\\/2014\\\/06\\\/Arrivee.jpg\",\"datePublished\":\"2014-06-29T16:21:02+00:00\",\"dateModified\":\"2014-06-30T21:21:28+00:00\",\"inLanguage\":\"fr-FR\",\"potentialAction\":[{\"@type\":\"ReadAction\",\"target\":[\"https:\\\/\\\/www.aclanester56.com\\\/velo\\\/championnat-du-morbihan-juniors-quadruple-lac-lanester-56\\\/\"]}]},{\"@type\":\"ImageObject\",\"inLanguage\":\"fr-FR\",\"@id\":\"https:\\\/\\\/www.aclanester56.com\\\/velo\\\/championnat-du-morbihan-juniors-quadruple-lac-lanester-56\\\/#primaryimage\",\"url\":\"https:\\\/\\\/www.aclanester56.com\\\/velo\\\/wp-content\\\/uploads\\\/2014\\\/06\\\/Arrivee.jpg\",\"contentUrl\":\"https:\\\/\\\/www.aclanester56.com\\\/velo\\\/wp-content\\\/uploads\\\/2014\\\/06\\\/Arrivee.jpg\",\"width\":960,\"height\":693,\"caption\":\"Derri\u00e8re Thomas Denis, ses co\u00e9quipiers Thibault Morvan, Nicolas Primas et Loic Le Barbier (de gauche \u00e0 droite) assurent un formidable quadrupl\u00e9 pour l'AC Lanester 56 ! (photo Marion Denis)\"},{\"@type\":\"WebSite\",\"@id\":\"https:\\\/\\\/www.aclanester56.com\\\/velo\\\/#website\",\"url\":\"https:\\\/\\\/www.aclanester56.com\\\/velo\\\/\",\"name\":\"Avenir Cycliste Lanester 56\",\"description\":\"Club cycliste de l&#039;AC LANESTER 56\",\"publisher\":{\"@id\":\"https:\\\/\\\/www.aclanester56.com\\\/velo\\\/#organization\"},\"potentialAction\":[{\"@type\":\"SearchAction\",\"target\":{\"@type\":\"EntryPoint\",\"urlTemplate\":\"https:\\\/\\\/www.aclanester56.com\\\/velo\\\/?s={search_term_string}\"},\"query-input\":{\"@type\":\"PropertyValueSpecification\",\"valueRequired\":true,\"valueName\":\"search_term_string\"}}],\"inLanguage\":\"fr-FR\"},{\"@type\":\"Organization\",\"@id\":\"https:\\\/\\\/www.aclanester56.com\\\/velo\\\/#organization\",\"name\":\"Avenir Cycliste Lanester 56\",\"url\":\"https:\\\/\\\/www.aclanester56.com\\\/velo\\\/\",\"logo\":{\"@type\":\"ImageObject\",\"inLanguage\":\"fr-FR\",\"@id\":\"https:\\\/\\\/www.aclanester56.com\\\/velo\\\/#\\\/schema\\\/logo\\\/image\\\/\",\"url\":\"https:\\\/\\\/www.aclanester56.com\\\/velo\\\/wp-content\\\/uploads\\\/2013\\\/04\\\/logo-ACL.jpg\",\"contentUrl\":\"https:\\\/\\\/www.aclanester56.com\\\/velo\\\/wp-content\\\/uploads\\\/2013\\\/04\\\/logo-ACL.jpg\",\"width\":400,\"height\":334,\"caption\":\"Avenir Cycliste Lanester 56\"},\"image\":{\"@id\":\"https:\\\/\\\/www.aclanester56.com\\\/velo\\\/#\\\/schema\\\/logo\\\/image\\\/\"},\"sameAs\":[\"https:\\\/\\\/www.facebook.com\\\/pages\\\/AC-Lanester-56\\\/190286300991242?fref=ts\"]},{\"@type\":\"Person\",\"@id\":\"https:\\\/\\\/www.aclanester56.com\\\/velo\\\/#\\\/schema\\\/person\\\/ca2a44a5fd969e9dd846c72d3b33bc01\",\"name\":\"Jean-Christophe\",\"url\":\"https:\\\/\\\/www.aclanester56.com\\\/velo\\\/author\\\/jeanchristophe\\\/\"}]}<\/script>\n<!-- \/ Yoast SEO plugin. -->","yoast_head_json":{"title":"Championnat du Morbihan Juniors : quadrupl\u00e9 de l'AC Lanester 56 ! - Avenir Cycliste Lanester 56","robots":{"index":"index","follow":"follow","max-snippet":"max-snippet:-1","max-image-preview":"max-image-preview:large","max-video-preview":"max-video-preview:-1"},"canonical":"https:\/\/www.aclanester56.com\/velo\/championnat-du-morbihan-juniors-quadruple-lac-lanester-56\/","og_locale":"fr_FR","og_type":"article","og_title":"Championnat du Morbihan Juniors : quadrupl\u00e9 de l'AC Lanester 56 ! - Avenir Cycliste Lanester 56","og_url":"https:\/\/www.aclanester56.com\/velo\/championnat-du-morbihan-juniors-quadruple-lac-lanester-56\/","og_site_name":"Avenir Cycliste Lanester 56","article_publisher":"https:\/\/www.facebook.com\/pages\/AC-Lanester-56\/190286300991242?fref=ts","article_published_time":"2014-06-29T16:21:02+00:00","article_modified_time":"2014-06-30T21:21:28+00:00","og_image":[{"width":960,"height":693,"url":"https:\/\/www.aclanester56.com\/velo\/wp-content\/uploads\/2014\/06\/Arrivee.jpg","type":"image\/jpeg"}],"author":"Jean-Christophe","twitter_misc":{"\u00c9crit par":"Jean-Christophe","Dur\u00e9e de lecture estim\u00e9e":"1 minute"},"schema":{"@context":"https:\/\/schema.org","@graph":[{"@type":"Article","@id":"https:\/\/www.aclanester56.com\/velo\/championnat-du-morbihan-juniors-quadruple-lac-lanester-56\/#article","isPartOf":{"@id":"https:\/\/www.aclanester56.com\/velo\/championnat-du-morbihan-juniors-quadruple-lac-lanester-56\/"},"author":{"name":"Jean-Christophe","@id":"https:\/\/www.aclanester56.com\/velo\/#\/schema\/person\/ca2a44a5fd969e9dd846c72d3b33bc01"},"headline":"Championnat du Morbihan Juniors : quadrupl\u00e9 de l&rsquo;AC Lanester 56 !","datePublished":"2014-06-29T16:21:02+00:00","dateModified":"2014-06-30T21:21:28+00:00","mainEntityOfPage":{"@id":"https:\/\/www.aclanester56.com\/velo\/championnat-du-morbihan-juniors-quadruple-lac-lanester-56\/"},"wordCount":248,"commentCount":0,"publisher":{"@id":"https:\/\/www.aclanester56.com\/velo\/#organization"},"image":{"@id":"https:\/\/www.aclanester56.com\/velo\/championnat-du-morbihan-juniors-quadruple-lac-lanester-56\/#primaryimage"},"thumbnailUrl":"https:\/\/www.aclanester56.com\/velo\/wp-content\/uploads\/2014\/06\/Arrivee.jpg","articleSection":["AC LANESTER 56","R\u00e9sultats Juniors"],"inLanguage":"fr-FR","potentialAction":[{"@type":"CommentAction","name":"Comment","target":["https:\/\/www.aclanester56.com\/velo\/championnat-du-morbihan-juniors-quadruple-lac-lanester-56\/#respond"]}]},{"@type":"WebPage","@id":"https:\/\/www.aclanester56.com\/velo\/championnat-du-morbihan-juniors-quadruple-lac-lanester-56\/","url":"https:\/\/www.aclanester56.com\/velo\/championnat-du-morbihan-juniors-quadruple-lac-lanester-56\/","name":"Championnat du Morbihan Juniors : quadrupl\u00e9 de l'AC Lanester 56 ! - Avenir Cycliste Lanester 56","isPartOf":{"@id":"https:\/\/www.aclanester56.com\/velo\/#website"},"primaryImageOfPage":{"@id":"https:\/\/www.aclanester56.com\/velo\/championnat-du-morbihan-juniors-quadruple-lac-lanester-56\/#primaryimage"},"image":{"@id":"https:\/\/www.aclanester56.com\/velo\/championnat-du-morbihan-juniors-quadruple-lac-lanester-56\/#primaryimage"},"thumbnailUrl":"https:\/\/www.aclanester56.com\/velo\/wp-content\/uploads\/2014\/06\/Arrivee.jpg","datePublished":"2014-06-29T16:21:02+00:00","dateModified":"2014-06-30T21:21:28+00:00","inLanguage":"fr-FR","potentialAction":[{"@type":"ReadAction","target":["https:\/\/www.aclanester56.com\/velo\/championnat-du-morbihan-juniors-quadruple-lac-lanester-56\/"]}]},{"@type":"ImageObject","inLanguage":"fr-FR","@id":"https:\/\/www.aclanester56.com\/velo\/championnat-du-morbihan-juniors-quadruple-lac-lanester-56\/#primaryimage","url":"https:\/\/www.aclanester56.com\/velo\/wp-content\/uploads\/2014\/06\/Arrivee.jpg","contentUrl":"https:\/\/www.aclanester56.com\/velo\/wp-content\/uploads\/2014\/06\/Arrivee.jpg","width":960,"height":693,"caption":"Derri\u00e8re Thomas Denis, ses co\u00e9quipiers Thibault Morvan, Nicolas Primas et Loic Le Barbier (de gauche \u00e0 droite) assurent un formidable quadrupl\u00e9 pour l'AC Lanester 56 ! (photo Marion Denis)"},{"@type":"WebSite","@id":"https:\/\/www.aclanester56.com\/velo\/#website","url":"https:\/\/www.aclanester56.com\/velo\/","name":"Avenir Cycliste Lanester 56","description":"Club cycliste de l&#039;AC LANESTER 56","publisher":{"@id":"https:\/\/www.aclanester56.com\/velo\/#organization"},"potentialAction":[{"@type":"SearchAction","target":{"@type":"EntryPoint","urlTemplate":"https:\/\/www.aclanester56.com\/velo\/?s={search_term_string}"},"query-input":{"@type":"PropertyValueSpecification","valueRequired":true,"valueName":"search_term_string"}}],"inLanguage":"fr-FR"},{"@type":"Organization","@id":"https:\/\/www.aclanester56.com\/velo\/#organization","name":"Avenir Cycliste Lanester 56","url":"https:\/\/www.aclanester56.com\/velo\/","logo":{"@type":"ImageObject","inLanguage":"fr-FR","@id":"https:\/\/www.aclanester56.com\/velo\/#\/schema\/logo\/image\/","url":"https:\/\/www.aclanester56.com\/velo\/wp-content\/uploads\/2013\/04\/logo-ACL.jpg","contentUrl":"https:\/\/www.aclanester56.com\/velo\/wp-content\/uploads\/2013\/04\/logo-ACL.jpg","width":400,"height":334,"caption":"Avenir Cycliste Lanester 56"},"image":{"@id":"https:\/\/www.aclanester56.com\/velo\/#\/schema\/logo\/image\/"},"sameAs":["https:\/\/www.facebook.com\/pages\/AC-Lanester-56\/190286300991242?fref=ts"]},{"@type":"Person","@id":"https:\/\/www.aclanester56.com\/velo\/#\/schema\/person\/ca2a44a5fd969e9dd846c72d3b33bc01","name":"Jean-Christophe","url":"https:\/\/www.aclanester56.com\/velo\/author\/jeanchristophe\/"}]}},"_links":{"self":[{"href":"https:\/\/www.aclanester56.com\/velo\/wp-json\/wp\/v2\/posts\/19719","targetHints":{"allow":["GET"]}}],"collection":[{"href":"https:\/\/www.aclanester56.com\/velo\/wp-json\/wp\/v2\/posts"}],"about":[{"href":"https:\/\/www.aclanester56.com\/velo\/wp-json\/wp\/v2\/types\/post"}],"author":[{"embeddable":true,"href":"https:\/\/www.aclanester56.com\/velo\/wp-json\/wp\/v2\/users\/14"}],"replies":[{"embeddable":true,"href":"https:\/\/www.aclanester56.com\/velo\/wp-json\/wp\/v2\/comments?post=19719"}],"version-history":[{"count":3,"href":"https:\/\/www.aclanester56.com\/velo\/wp-json\/wp\/v2\/posts\/19719\/revisions"}],"predecessor-version":[{"id":19761,"href":"https:\/\/www.aclanester56.com\/velo\/wp-json\/wp\/v2\/posts\/19719\/revisions\/19761"}],"wp:featuredmedia":[{"embeddable":true,"href":"https:\/\/www.aclanester56.com\/velo\/wp-json\/wp\/v2\/media\/19753"}],"wp:attachment":[{"href":"https:\/\/www.aclanester56.com\/velo\/wp-json\/wp\/v2\/media?parent=19719"}],"wp:term":[{"taxonomy":"category","embeddable":true,"href":"https:\/\/www.aclanester56.com\/velo\/wp-json\/wp\/v2\/categories?post=19719"},{"taxonomy":"post_tag","embeddable":true,"href":"https:\/\/www.aclanester56.com\/velo\/wp-json\/wp\/v2\/tags?post=19719"}],"curies":[{"name":"wp","href":"https:\/\/api.w.org\/{rel}","templated":true}]}}