{"id":1972,"date":"2010-03-09T14:08:25","date_gmt":"2010-03-09T13:08:25","guid":{"rendered":"http:\/\/www.aclanester56.com\/velo\/?p=1972"},"modified":"2010-04-07T07:47:56","modified_gmt":"2010-04-07T06:47:56","slug":"manche-atlantique","status":"publish","type":"post","link":"https:\/\/www.aclanester56.com\/velo\/manche-atlantique\/","title":{"rendered":"Manche Atlantique"},"content":{"rendered":"<p><a href=\"http:\/\/www.aclanester56.com\/velo\/wp-content\/uploads\/2010\/03\/Barguil-manche-atlantique-2010-018-redim480.jpg\"><img loading=\"lazy\" decoding=\"async\" class=\"alignleft size-thumbnail wp-image-1973\" src=\"http:\/\/www.aclanester56.com\/velo\/wp-content\/uploads\/2010\/03\/Barguil-manche-atlantique-2010-018-redim480-150x150.jpg\" alt=\"\" width=\"150\" height=\"150\" \/><\/a><\/p>\n<p><br class=\"spacer_\" \/><\/p>\n<p><br class=\"spacer_\" \/><\/p>\n<p><br class=\"spacer_\" \/><\/p>\n<p><br class=\"spacer_\" \/><\/p>\n<p>Belle performance de Warren BARGUIL&#8230;<\/p>\n<p><!--more--><\/p>\n<p><br class=\"spacer_\" \/><\/p>\n<p>D\u00e8s le km z\u00e9ro Taillefer (Veranda Rideau) Edouard Louyest (Sojasun Espoir-ACNC) s&rsquo;\u00e9chappent et prennent jusqu&rsquo;\u00e0 deux minutes d&rsquo;avance.<\/p>\n<p>Sur les hauteurs de Cadoudal, Warren Barguil fait \u00e9talage de ses  talents : Attaquant, combatif, grimpeur.<\/p>\n<p>En effet, d\u00e8s le 60eme km, Warren est propuls\u00e9 dans l&rsquo;\u00e9chapp\u00e9e  victorieuse compos\u00e9e de six coureurs.<\/p>\n<p>S&rsquo; ajoutent donc aux deux attaquants de la premi\u00e8re heure: Julien Foisnet (Veranda Rideau), Nicolas  David (C\u00f4tes d&rsquo;Armor), Samuel Boudard(VcPLorient) et bien entendu Warren Barguil ( AC Lanester 56).<\/p>\n<p>Cette \u00e9chapp\u00e9e compte jusqu&rsquo;\u00e0 6 min d&rsquo;avance, avant que l&rsquo;\u00e9quipe professionnelle Bretagne Schuller ne se reveille et \u00ab\u00a0mettent en route\u00a0\u00bb.<\/p>\n<p>Notre jeune n\u00e9o-espoir craque au 130eme km:\u00a0 logique, sachant que ses courses de l&rsquo;ann\u00e9e derni\u00e8re ne d\u00e9passaient ce kilom\u00e9trage.<\/p>\n<p>Gageons que ce beau raid sur la doyenne des classiques bretonnes, n&rsquo;est que le d\u00e9but, en \u00e9lites, d&rsquo;une carri\u00e8re prometteuse.<\/p>\n<p>Julien Foisnet (Veranda Rideau)\u00a0 remporte\u00a0 Manche-Atlantique en  devan\u00e7ant sur la ligne d&rsquo;arriv\u00e9e ses compagnons d&rsquo;\u00e9chapp\u00e9e, Nicolas  David (C\u00f4tes d&rsquo;Armor) et Edouard Louyest (Sojasun Espoir-ACNC).<\/p>\n<p>En action: Yann Rault, Vincent Ragot, Yohann David, Gw\u00e9nol\u00e9 Michel<\/p>\n<p><br class=\"spacer_\" \/><\/p>\n<p><a href=\"http:\/\/www.aclanester56.com\/velo\/wp-content\/uploads\/2010\/03\/Rault-manche-Atl.jpg\"><img loading=\"lazy\" decoding=\"async\" class=\"alignleft size-thumbnail wp-image-1974\" src=\"http:\/\/www.aclanester56.com\/velo\/wp-content\/uploads\/2010\/03\/Rault-manche-Atl-150x150.jpg\" alt=\"\" width=\"150\" height=\"150\" \/><\/a><a href=\"http:\/\/www.aclanester56.com\/velo\/wp-content\/uploads\/2010\/03\/Ragot-manche-atlantique-2010-016-redim480.jpg\"><img loading=\"lazy\" decoding=\"async\" class=\"alignleft size-thumbnail wp-image-1975\" src=\"http:\/\/www.aclanester56.com\/velo\/wp-content\/uploads\/2010\/03\/Ragot-manche-atlantique-2010-016-redim480-150x150.jpg\" alt=\"\" width=\"150\" height=\"150\" \/><\/a><a href=\"http:\/\/www.aclanester56.com\/velo\/wp-content\/uploads\/2010\/03\/David-manche-atlantique-2010-015-redim480.jpg\"><img loading=\"lazy\" decoding=\"async\" class=\"alignleft size-thumbnail wp-image-1976\" src=\"http:\/\/www.aclanester56.com\/velo\/wp-content\/uploads\/2010\/03\/David-manche-atlantique-2010-015-redim480-150x150.jpg\" alt=\"\" width=\"150\" height=\"150\" \/><\/a><a href=\"http:\/\/www.aclanester56.com\/velo\/wp-content\/uploads\/2010\/03\/Gw\u00e9nomanche-atlantique-2010-014-redim480.jpg\"><img loading=\"lazy\" decoding=\"async\" class=\"alignleft size-thumbnail wp-image-1977\" src=\"http:\/\/www.aclanester56.com\/velo\/wp-content\/uploads\/2010\/03\/Gw\u00e9nomanche-atlantique-2010-014-redim480-150x150.jpg\" alt=\"\" width=\"150\" height=\"150\" \/><\/a><\/p>\n","protected":false},"excerpt":{"rendered":"<p>Belle performance de Warren BARGUIL&#8230;<\/p>\n","protected":false},"author":14,"featured_media":1973,"comment_status":"open","ping_status":"open","sticky":false,"template":"","format":"standard","meta":{"ngg_post_thumbnail":0,"footnotes":""},"categories":[14,17],"tags":[],"class_list":["post-1972","post","type-post","status-publish","format-standard","has-post-thumbnail","hentry","category-actualites-dn","category-resultats-dn"],"yoast_head":"<!-- This site is optimized with the Yoast SEO plugin v27.5 - https:\/\/yoast.com\/product\/yoast-seo-wordpress\/ -->\n<title>Manche Atlantique - Avenir Cycliste Lanester 56<\/title>\n<meta name=\"robots\" content=\"index, follow, max-snippet:-1, max-image-preview:large, max-video-preview:-1\" \/>\n<link rel=\"canonical\" href=\"https:\/\/www.aclanester56.com\/velo\/manche-atlantique\/\" \/>\n<meta property=\"og:locale\" content=\"fr_FR\" \/>\n<meta property=\"og:type\" content=\"article\" \/>\n<meta property=\"og:title\" content=\"Manche Atlantique - Avenir Cycliste Lanester 56\" \/>\n<meta property=\"og:description\" content=\"Belle performance de Warren BARGUIL&#8230;\" \/>\n<meta property=\"og:url\" content=\"https:\/\/www.aclanester56.com\/velo\/manche-atlantique\/\" \/>\n<meta property=\"og:site_name\" content=\"Avenir Cycliste Lanester 56\" \/>\n<meta property=\"article:publisher\" content=\"https:\/\/www.facebook.com\/pages\/AC-Lanester-56\/190286300991242?fref=ts\" \/>\n<meta property=\"article:published_time\" content=\"2010-03-09T13:08:25+00:00\" \/>\n<meta property=\"article:modified_time\" content=\"2010-04-07T06:47:56+00:00\" \/>\n<meta property=\"og:image\" content=\"https:\/\/www.aclanester56.com\/velo\/wp-content\/uploads\/2010\/03\/Barguil-manche-atlantique-2010-018-redim480.jpg\" \/>\n\t<meta property=\"og:image:width\" content=\"480\" \/>\n\t<meta property=\"og:image:height\" content=\"321\" \/>\n\t<meta property=\"og:image:type\" content=\"image\/jpeg\" \/>\n<meta name=\"author\" content=\"Jean-Christophe\" \/>\n<meta name=\"twitter:label1\" content=\"\u00c9crit par\" \/>\n\t<meta name=\"twitter:data1\" content=\"Jean-Christophe\" \/>\n\t<meta name=\"twitter:label2\" content=\"Dur\u00e9e de lecture estim\u00e9e\" \/>\n\t<meta name=\"twitter:data2\" content=\"1 minute\" \/>\n<script type=\"application\/ld+json\" class=\"yoast-schema-graph\">{\"@context\":\"https:\\\/\\\/schema.org\",\"@graph\":[{\"@type\":\"Article\",\"@id\":\"https:\\\/\\\/www.aclanester56.com\\\/velo\\\/manche-atlantique\\\/#article\",\"isPartOf\":{\"@id\":\"https:\\\/\\\/www.aclanester56.com\\\/velo\\\/manche-atlantique\\\/\"},\"author\":{\"name\":\"Jean-Christophe\",\"@id\":\"https:\\\/\\\/www.aclanester56.com\\\/velo\\\/#\\\/schema\\\/person\\\/ca2a44a5fd969e9dd846c72d3b33bc01\"},\"headline\":\"Manche Atlantique\",\"datePublished\":\"2010-03-09T13:08:25+00:00\",\"dateModified\":\"2010-04-07T06:47:56+00:00\",\"mainEntityOfPage\":{\"@id\":\"https:\\\/\\\/www.aclanester56.com\\\/velo\\\/manche-atlantique\\\/\"},\"wordCount\":200,\"commentCount\":0,\"publisher\":{\"@id\":\"https:\\\/\\\/www.aclanester56.com\\\/velo\\\/#organization\"},\"image\":{\"@id\":\"https:\\\/\\\/www.aclanester56.com\\\/velo\\\/manche-atlantique\\\/#primaryimage\"},\"thumbnailUrl\":\"https:\\\/\\\/www.aclanester56.com\\\/velo\\\/wp-content\\\/uploads\\\/2010\\\/03\\\/Barguil-manche-atlantique-2010-018-redim480.jpg\",\"articleSection\":[\"Actualit\u00e9s DN\",\"R\u00e9sultats DN\"],\"inLanguage\":\"fr-FR\",\"potentialAction\":[{\"@type\":\"CommentAction\",\"name\":\"Comment\",\"target\":[\"https:\\\/\\\/www.aclanester56.com\\\/velo\\\/manche-atlantique\\\/#respond\"]}]},{\"@type\":\"WebPage\",\"@id\":\"https:\\\/\\\/www.aclanester56.com\\\/velo\\\/manche-atlantique\\\/\",\"url\":\"https:\\\/\\\/www.aclanester56.com\\\/velo\\\/manche-atlantique\\\/\",\"name\":\"Manche Atlantique - Avenir Cycliste Lanester 56\",\"isPartOf\":{\"@id\":\"https:\\\/\\\/www.aclanester56.com\\\/velo\\\/#website\"},\"primaryImageOfPage\":{\"@id\":\"https:\\\/\\\/www.aclanester56.com\\\/velo\\\/manche-atlantique\\\/#primaryimage\"},\"image\":{\"@id\":\"https:\\\/\\\/www.aclanester56.com\\\/velo\\\/manche-atlantique\\\/#primaryimage\"},\"thumbnailUrl\":\"https:\\\/\\\/www.aclanester56.com\\\/velo\\\/wp-content\\\/uploads\\\/2010\\\/03\\\/Barguil-manche-atlantique-2010-018-redim480.jpg\",\"datePublished\":\"2010-03-09T13:08:25+00:00\",\"dateModified\":\"2010-04-07T06:47:56+00:00\",\"inLanguage\":\"fr-FR\",\"potentialAction\":[{\"@type\":\"ReadAction\",\"target\":[\"https:\\\/\\\/www.aclanester56.com\\\/velo\\\/manche-atlantique\\\/\"]}]},{\"@type\":\"ImageObject\",\"inLanguage\":\"fr-FR\",\"@id\":\"https:\\\/\\\/www.aclanester56.com\\\/velo\\\/manche-atlantique\\\/#primaryimage\",\"url\":\"https:\\\/\\\/www.aclanester56.com\\\/velo\\\/wp-content\\\/uploads\\\/2010\\\/03\\\/Barguil-manche-atlantique-2010-018-redim480.jpg\",\"contentUrl\":\"https:\\\/\\\/www.aclanester56.com\\\/velo\\\/wp-content\\\/uploads\\\/2010\\\/03\\\/Barguil-manche-atlantique-2010-018-redim480.jpg\",\"width\":480,\"height\":321},{\"@type\":\"WebSite\",\"@id\":\"https:\\\/\\\/www.aclanester56.com\\\/velo\\\/#website\",\"url\":\"https:\\\/\\\/www.aclanester56.com\\\/velo\\\/\",\"name\":\"Avenir Cycliste Lanester 56\",\"description\":\"Club cycliste de l&#039;AC LANESTER 56\",\"publisher\":{\"@id\":\"https:\\\/\\\/www.aclanester56.com\\\/velo\\\/#organization\"},\"potentialAction\":[{\"@type\":\"SearchAction\",\"target\":{\"@type\":\"EntryPoint\",\"urlTemplate\":\"https:\\\/\\\/www.aclanester56.com\\\/velo\\\/?s={search_term_string}\"},\"query-input\":{\"@type\":\"PropertyValueSpecification\",\"valueRequired\":true,\"valueName\":\"search_term_string\"}}],\"inLanguage\":\"fr-FR\"},{\"@type\":\"Organization\",\"@id\":\"https:\\\/\\\/www.aclanester56.com\\\/velo\\\/#organization\",\"name\":\"Avenir Cycliste Lanester 56\",\"url\":\"https:\\\/\\\/www.aclanester56.com\\\/velo\\\/\",\"logo\":{\"@type\":\"ImageObject\",\"inLanguage\":\"fr-FR\",\"@id\":\"https:\\\/\\\/www.aclanester56.com\\\/velo\\\/#\\\/schema\\\/logo\\\/image\\\/\",\"url\":\"https:\\\/\\\/www.aclanester56.com\\\/velo\\\/wp-content\\\/uploads\\\/2013\\\/04\\\/logo-ACL.jpg\",\"contentUrl\":\"https:\\\/\\\/www.aclanester56.com\\\/velo\\\/wp-content\\\/uploads\\\/2013\\\/04\\\/logo-ACL.jpg\",\"width\":400,\"height\":334,\"caption\":\"Avenir Cycliste Lanester 56\"},\"image\":{\"@id\":\"https:\\\/\\\/www.aclanester56.com\\\/velo\\\/#\\\/schema\\\/logo\\\/image\\\/\"},\"sameAs\":[\"https:\\\/\\\/www.facebook.com\\\/pages\\\/AC-Lanester-56\\\/190286300991242?fref=ts\"]},{\"@type\":\"Person\",\"@id\":\"https:\\\/\\\/www.aclanester56.com\\\/velo\\\/#\\\/schema\\\/person\\\/ca2a44a5fd969e9dd846c72d3b33bc01\",\"name\":\"Jean-Christophe\",\"url\":\"https:\\\/\\\/www.aclanester56.com\\\/velo\\\/author\\\/jeanchristophe\\\/\"}]}<\/script>\n<!-- \/ Yoast SEO plugin. -->","yoast_head_json":{"title":"Manche Atlantique - Avenir Cycliste Lanester 56","robots":{"index":"index","follow":"follow","max-snippet":"max-snippet:-1","max-image-preview":"max-image-preview:large","max-video-preview":"max-video-preview:-1"},"canonical":"https:\/\/www.aclanester56.com\/velo\/manche-atlantique\/","og_locale":"fr_FR","og_type":"article","og_title":"Manche Atlantique - Avenir Cycliste Lanester 56","og_description":"Belle performance de Warren BARGUIL&#8230;","og_url":"https:\/\/www.aclanester56.com\/velo\/manche-atlantique\/","og_site_name":"Avenir Cycliste Lanester 56","article_publisher":"https:\/\/www.facebook.com\/pages\/AC-Lanester-56\/190286300991242?fref=ts","article_published_time":"2010-03-09T13:08:25+00:00","article_modified_time":"2010-04-07T06:47:56+00:00","og_image":[{"width":480,"height":321,"url":"https:\/\/www.aclanester56.com\/velo\/wp-content\/uploads\/2010\/03\/Barguil-manche-atlantique-2010-018-redim480.jpg","type":"image\/jpeg"}],"author":"Jean-Christophe","twitter_misc":{"\u00c9crit par":"Jean-Christophe","Dur\u00e9e de lecture estim\u00e9e":"1 minute"},"schema":{"@context":"https:\/\/schema.org","@graph":[{"@type":"Article","@id":"https:\/\/www.aclanester56.com\/velo\/manche-atlantique\/#article","isPartOf":{"@id":"https:\/\/www.aclanester56.com\/velo\/manche-atlantique\/"},"author":{"name":"Jean-Christophe","@id":"https:\/\/www.aclanester56.com\/velo\/#\/schema\/person\/ca2a44a5fd969e9dd846c72d3b33bc01"},"headline":"Manche Atlantique","datePublished":"2010-03-09T13:08:25+00:00","dateModified":"2010-04-07T06:47:56+00:00","mainEntityOfPage":{"@id":"https:\/\/www.aclanester56.com\/velo\/manche-atlantique\/"},"wordCount":200,"commentCount":0,"publisher":{"@id":"https:\/\/www.aclanester56.com\/velo\/#organization"},"image":{"@id":"https:\/\/www.aclanester56.com\/velo\/manche-atlantique\/#primaryimage"},"thumbnailUrl":"https:\/\/www.aclanester56.com\/velo\/wp-content\/uploads\/2010\/03\/Barguil-manche-atlantique-2010-018-redim480.jpg","articleSection":["Actualit\u00e9s DN","R\u00e9sultats DN"],"inLanguage":"fr-FR","potentialAction":[{"@type":"CommentAction","name":"Comment","target":["https:\/\/www.aclanester56.com\/velo\/manche-atlantique\/#respond"]}]},{"@type":"WebPage","@id":"https:\/\/www.aclanester56.com\/velo\/manche-atlantique\/","url":"https:\/\/www.aclanester56.com\/velo\/manche-atlantique\/","name":"Manche Atlantique - Avenir Cycliste Lanester 56","isPartOf":{"@id":"https:\/\/www.aclanester56.com\/velo\/#website"},"primaryImageOfPage":{"@id":"https:\/\/www.aclanester56.com\/velo\/manche-atlantique\/#primaryimage"},"image":{"@id":"https:\/\/www.aclanester56.com\/velo\/manche-atlantique\/#primaryimage"},"thumbnailUrl":"https:\/\/www.aclanester56.com\/velo\/wp-content\/uploads\/2010\/03\/Barguil-manche-atlantique-2010-018-redim480.jpg","datePublished":"2010-03-09T13:08:25+00:00","dateModified":"2010-04-07T06:47:56+00:00","inLanguage":"fr-FR","potentialAction":[{"@type":"ReadAction","target":["https:\/\/www.aclanester56.com\/velo\/manche-atlantique\/"]}]},{"@type":"ImageObject","inLanguage":"fr-FR","@id":"https:\/\/www.aclanester56.com\/velo\/manche-atlantique\/#primaryimage","url":"https:\/\/www.aclanester56.com\/velo\/wp-content\/uploads\/2010\/03\/Barguil-manche-atlantique-2010-018-redim480.jpg","contentUrl":"https:\/\/www.aclanester56.com\/velo\/wp-content\/uploads\/2010\/03\/Barguil-manche-atlantique-2010-018-redim480.jpg","width":480,"height":321},{"@type":"WebSite","@id":"https:\/\/www.aclanester56.com\/velo\/#website","url":"https:\/\/www.aclanester56.com\/velo\/","name":"Avenir Cycliste Lanester 56","description":"Club cycliste de l&#039;AC LANESTER 56","publisher":{"@id":"https:\/\/www.aclanester56.com\/velo\/#organization"},"potentialAction":[{"@type":"SearchAction","target":{"@type":"EntryPoint","urlTemplate":"https:\/\/www.aclanester56.com\/velo\/?s={search_term_string}"},"query-input":{"@type":"PropertyValueSpecification","valueRequired":true,"valueName":"search_term_string"}}],"inLanguage":"fr-FR"},{"@type":"Organization","@id":"https:\/\/www.aclanester56.com\/velo\/#organization","name":"Avenir Cycliste Lanester 56","url":"https:\/\/www.aclanester56.com\/velo\/","logo":{"@type":"ImageObject","inLanguage":"fr-FR","@id":"https:\/\/www.aclanester56.com\/velo\/#\/schema\/logo\/image\/","url":"https:\/\/www.aclanester56.com\/velo\/wp-content\/uploads\/2013\/04\/logo-ACL.jpg","contentUrl":"https:\/\/www.aclanester56.com\/velo\/wp-content\/uploads\/2013\/04\/logo-ACL.jpg","width":400,"height":334,"caption":"Avenir Cycliste Lanester 56"},"image":{"@id":"https:\/\/www.aclanester56.com\/velo\/#\/schema\/logo\/image\/"},"sameAs":["https:\/\/www.facebook.com\/pages\/AC-Lanester-56\/190286300991242?fref=ts"]},{"@type":"Person","@id":"https:\/\/www.aclanester56.com\/velo\/#\/schema\/person\/ca2a44a5fd969e9dd846c72d3b33bc01","name":"Jean-Christophe","url":"https:\/\/www.aclanester56.com\/velo\/author\/jeanchristophe\/"}]}},"_links":{"self":[{"href":"https:\/\/www.aclanester56.com\/velo\/wp-json\/wp\/v2\/posts\/1972","targetHints":{"allow":["GET"]}}],"collection":[{"href":"https:\/\/www.aclanester56.com\/velo\/wp-json\/wp\/v2\/posts"}],"about":[{"href":"https:\/\/www.aclanester56.com\/velo\/wp-json\/wp\/v2\/types\/post"}],"author":[{"embeddable":true,"href":"https:\/\/www.aclanester56.com\/velo\/wp-json\/wp\/v2\/users\/14"}],"replies":[{"embeddable":true,"href":"https:\/\/www.aclanester56.com\/velo\/wp-json\/wp\/v2\/comments?post=1972"}],"version-history":[{"count":0,"href":"https:\/\/www.aclanester56.com\/velo\/wp-json\/wp\/v2\/posts\/1972\/revisions"}],"wp:featuredmedia":[{"embeddable":true,"href":"https:\/\/www.aclanester56.com\/velo\/wp-json\/wp\/v2\/media\/1973"}],"wp:attachment":[{"href":"https:\/\/www.aclanester56.com\/velo\/wp-json\/wp\/v2\/media?parent=1972"}],"wp:term":[{"taxonomy":"category","embeddable":true,"href":"https:\/\/www.aclanester56.com\/velo\/wp-json\/wp\/v2\/categories?post=1972"},{"taxonomy":"post_tag","embeddable":true,"href":"https:\/\/www.aclanester56.com\/velo\/wp-json\/wp\/v2\/tags?post=1972"}],"curies":[{"name":"wp","href":"https:\/\/api.w.org\/{rel}","templated":true}]}}