{"id":19763,"date":"2014-06-30T18:29:56","date_gmt":"2014-06-30T16:29:56","guid":{"rendered":"http:\/\/www.aclanester56.com\/velo\/?p=19763"},"modified":"2014-07-01T07:53:44","modified_gmt":"2014-07-01T05:53:44","slug":"championnats-bretagne-lavenir-baille-les-lanesteriens-qualifies","status":"publish","type":"post","link":"https:\/\/www.aclanester56.com\/velo\/championnats-bretagne-lavenir-baille-les-lanesteriens-qualifies\/","title":{"rendered":"Championnats de Bretagne de l&rsquo;Avenir \u00e0 Baill\u00e9 : les Lanest\u00e9riens qualifi\u00e9s"},"content":{"rendered":"<p><!--more--><\/p>\n<p style=\"text-align: justify;\">Les Championnats de Bretagne de l&rsquo;Avenir (Minimes, Cadets et Juniors) se disputeront ce dimanche 6 juillet 2014 \u00e0 Baill\u00e9 (Ile-et-Vilaine). Le Comit\u00e9 du Morbihan\u00a0vient de communiquer la liste des coureurs qualifi\u00e9s dans les diff\u00e9rentes cat\u00e9gories, dans laquelle on retrouve plusieurs coureurs de l&rsquo;AC Lanester 56.<\/p>\n<p style=\"text-align: justify;\">Les coureurs s\u00e9lectionn\u00e9s doivent s&rsquo;inscrire selon la proc\u00e9dure habituelle ou\u00a0pr\u00e9venir rapidement de leur absence le cas \u00e9ch\u00e9ant, pour permettre aux rempla\u00e7ants de participer. Pour rappel, les coureurs s\u00e9lectionn\u00e9s sont tenus de participer au championnat de Bretagne : en cas de non participation, ils ne peuvent participer \u00e0 aucune autre \u00e9preuve les 5, 6 et 7 juillet 2014.<\/p>\n<p style=\"text-align: justify;\"><em>Photo : Marion Denis<\/em><\/p>\n<p style=\"text-align: justify;\"><span style=\"text-decoration: underline;\"><strong>Les s\u00e9lectionn\u00e9s\u00a0Cadets :<\/strong><\/span><\/p>\n<p><span style=\"text-decoration: underline;\"><strong>Titulaires<\/strong><\/span><\/p>\n<p><span style=\"color: #ff6600;\"><strong>1) ANDRE Nathan (AC LANESTER 56);<\/strong><\/span> 2) HEMERY Ewen (VC BELLILOIS); 3) CHENAIS Corentin (UC INGUINIEL)\u00a0; 4) GUENNEUGUES Erwann (UC ALREENNE)\u00a0; <span style=\"color: #ff6600;\"><strong>5) ROUZAU Thibault (AC LANESTER 56);<\/strong><\/span> 6) BALTENWECK Mewen (AC PAYS DE BAUD); 7) LE JOSSEC Adrien (VELOCE VANNETAIS); <span style=\"color: #ff6600;\"><strong>8) LE CHENADEC Antoine (AC LANESTER 56)<\/strong><\/span>; 9) FERNAL MAXIME (EC QUEVENOISE); 10) JEGAT Jordan (OC LOCMINE); 11) GALERNE Dimitri (OC LOCMINE); 12) GLO L\u00e9onard (US LA GACILLY); 13) OLIVIERO Antoine (US LA GACILLY); 14) GOREL Benoit (UC PAYS PLOUAY); 15) LE SANG Mathieu (VC PONTIVYEN); 16) RIVALLAIN Hugo (UC INGUINIEL); 17) LE GUILLANT \u00a0Alan (UC ALREENNE); 18) LE GLOAHEC Anthony (UC ALREENNE); 19) CHARLES\u00a0\u00a0\u00a0\u00a0\u00a0\u00a0\u00a0\u00a0\u00a0\u00a0 Etienne (VELOCE VANNETAIS); 20) MARIA DO NASCIMENTO William (UC PAYS DE JOSSELIN)<\/p>\n<p><span style=\"text-decoration: underline;\"><strong>Rempla\u00e7ants<\/strong><\/span><\/p>\n<p>1) JARNO Jean R\u00e9my (VC PONTIVYEN)\u00a0; <span style=\"color: #ff6600;\"><strong>2)<\/strong> <strong>REVOLT LE BOUEDEC Johann (AC LANESTER 56)\u00a0<\/strong><\/span>; 3) VINCE Alexis (VELOCE VANNETAIS)\u00a0; 4) CORBIHAN Elouan (VC LANGUIDIC)\u00a0; 5) LE GENDRE Emilien (US LA GACILLY)<\/p>\n<p><span style=\"text-decoration: underline;\"><strong>Les s\u00e9lectionn\u00e9s\u00a0Juniors :<\/strong><\/span><\/p>\n<p><span style=\"text-decoration: underline;\"><strong>Hors-Quotas :<\/strong><\/span><\/p>\n<p>1) BARKET Florian (EC Rennaise); 2) RIOU Alan (TC Granit Rose); 3) GAUDU David (UC Briochine);\u00a04) MADOUAS Valentin (BIC 2000); 5) TORTELIER Valentin (ASPTT Rennes Cyclisme);\u00a0<span style=\"color: #ff6600;\"><strong>7) LE BARBIER Lo\u00efc (AC Lanester 56); 13) PRIMAS Nicolas (AC Lanester 56); 15) MORVAN Thibault (AC Lanester 56);<\/strong><\/span><\/p>\n<p><span style=\"text-decoration: underline;\"><strong>Titulaires\u00a0:<\/strong><\/span><\/p>\n<p><span style=\"color: #ff6600;\"><strong>1)\u00a0 DENIS THOMAS (AC LANESTER 56)<\/strong><\/span>\u00a0; 2) MADEC PIERRE (VC PONTIVYEN)\u00a0; <span style=\"color: #ff6600;\"><strong>3) SELO YOANN (AC LANESTER 56)<\/strong><\/span>\u00a0;4) ETESSE ALAN ( UC PAYS PLOUAY)\u00a0; 5) TOUZE ALEXIS (SC MALESTROIT)\u00a0; 6) JEGAT JASON (OC LOCMINE)\u00a0; <span style=\"color: #ff6600;\"><strong>7) LANNURIEN MAXIME ( AC LANESTER 56)<\/strong><\/span>\u00a0;8) FONTAINE SIMON (US LA GACILLY CYCL.)\u00a0;9) ROBIC \u00a0THOMAS (RUN BIKE 56)\u00a0; 10) BRIEND ANTOINE (VELOCE VANNETAIS)\u00a0; 11) LUCAS EMILIEN (VELOCE VANNETAIS)\u00a0;12) GUILLANIC SYLVANO (VC PONTIVIEN)\u00a0;13) PASCO BASTIAN (OUST LANVAUX VTT)\u00a0;14) SIMON \u00a0ANTOINE (US LA GACILLY CYCL.)\u00a0;15) GEORGES PIERRE (EC PLUVIGNOISE)\u00a0;16) DESBOIS AXEL (UCK VANNES)\u00a0;17) URIEN GUILLAUME (SC MALESTROIT)\u00a0;18) YVEN KEVIN (UC PAYS PLOUAY)\u00a0;19) LE BAIL JEREMY (EC PLUVIGNOISE)\u00a0; 20) BAUTHAMY DYLAN (VC PONTIVYEN)<\/p>\n<p><span style=\"text-decoration: underline;\"><strong>Rempla\u00e7ants<\/strong><\/span><\/p>\n<p>1) CAINJO YANIS (AC PAYS DE BAUD)<\/p>\n<p><em><span style=\"text-decoration: underline;\"><strong>Source<\/strong> <\/span>: <a href=\"http:\/\/bretagnevelo.com\/les-actualites\/au-coeur-de-l-actualite\/2020-liste-des-coureurs-selectionnes-par-le-cd56-pour-le-championnat-de-bretagne-de-l-avenir-a-baille-coc-fougeres-le-dimanche-6-juillet-2014.html\" target=\"_blank\">Comit\u00e9 de Bretagne<\/a><\/em><\/p>\n","protected":false},"excerpt":{"rendered":"","protected":false},"author":14,"featured_media":19855,"comment_status":"open","ping_status":"closed","sticky":false,"template":"","format":"standard","meta":{"ngg_post_thumbnail":0,"footnotes":""},"categories":[5],"tags":[],"class_list":["post-19763","post","type-post","status-publish","format-standard","has-post-thumbnail","hentry","category-ac-lanester-56"],"yoast_head":"<!-- This site is optimized with the Yoast SEO plugin v27.4 - https:\/\/yoast.com\/product\/yoast-seo-wordpress\/ -->\n<title>Championnats de Bretagne de l&#039;Avenir \u00e0 Baill\u00e9 : les Lanest\u00e9riens qualifi\u00e9s - Avenir Cycliste Lanester 56<\/title>\n<meta name=\"robots\" content=\"index, follow, max-snippet:-1, max-image-preview:large, max-video-preview:-1\" \/>\n<link rel=\"canonical\" href=\"https:\/\/www.aclanester56.com\/velo\/championnats-bretagne-lavenir-baille-les-lanesteriens-qualifies\/\" \/>\n<meta property=\"og:locale\" content=\"fr_FR\" \/>\n<meta property=\"og:type\" content=\"article\" \/>\n<meta property=\"og:title\" content=\"Championnats de Bretagne de l&#039;Avenir \u00e0 Baill\u00e9 : les Lanest\u00e9riens qualifi\u00e9s - Avenir Cycliste Lanester 56\" \/>\n<meta property=\"og:url\" content=\"https:\/\/www.aclanester56.com\/velo\/championnats-bretagne-lavenir-baille-les-lanesteriens-qualifies\/\" \/>\n<meta property=\"og:site_name\" content=\"Avenir Cycliste Lanester 56\" \/>\n<meta property=\"article:publisher\" content=\"https:\/\/www.facebook.com\/pages\/AC-Lanester-56\/190286300991242?fref=ts\" \/>\n<meta property=\"article:published_time\" content=\"2014-06-30T16:29:56+00:00\" \/>\n<meta property=\"article:modified_time\" content=\"2014-07-01T05:53:44+00:00\" \/>\n<meta property=\"og:image\" content=\"https:\/\/www.aclanester56.com\/velo\/wp-content\/uploads\/2014\/06\/Arrivee-Yoann-Copie1.jpg\" \/>\n\t<meta property=\"og:image:width\" content=\"880\" \/>\n\t<meta property=\"og:image:height\" content=\"400\" \/>\n\t<meta property=\"og:image:type\" content=\"image\/jpeg\" \/>\n<meta name=\"author\" content=\"Jean-Christophe\" \/>\n<meta name=\"twitter:label1\" content=\"\u00c9crit par\" \/>\n\t<meta name=\"twitter:data1\" content=\"Jean-Christophe\" \/>\n\t<meta name=\"twitter:label2\" content=\"Dur\u00e9e de lecture estim\u00e9e\" \/>\n\t<meta name=\"twitter:data2\" content=\"2 minutes\" \/>\n<script type=\"application\/ld+json\" class=\"yoast-schema-graph\">{\"@context\":\"https:\\\/\\\/schema.org\",\"@graph\":[{\"@type\":\"Article\",\"@id\":\"https:\\\/\\\/www.aclanester56.com\\\/velo\\\/championnats-bretagne-lavenir-baille-les-lanesteriens-qualifies\\\/#article\",\"isPartOf\":{\"@id\":\"https:\\\/\\\/www.aclanester56.com\\\/velo\\\/championnats-bretagne-lavenir-baille-les-lanesteriens-qualifies\\\/\"},\"author\":{\"name\":\"Jean-Christophe\",\"@id\":\"https:\\\/\\\/www.aclanester56.com\\\/velo\\\/#\\\/schema\\\/person\\\/ca2a44a5fd969e9dd846c72d3b33bc01\"},\"headline\":\"Championnats de Bretagne de l&rsquo;Avenir \u00e0 Baill\u00e9 : les Lanest\u00e9riens qualifi\u00e9s\",\"datePublished\":\"2014-06-30T16:29:56+00:00\",\"dateModified\":\"2014-07-01T05:53:44+00:00\",\"mainEntityOfPage\":{\"@id\":\"https:\\\/\\\/www.aclanester56.com\\\/velo\\\/championnats-bretagne-lavenir-baille-les-lanesteriens-qualifies\\\/\"},\"wordCount\":390,\"commentCount\":0,\"publisher\":{\"@id\":\"https:\\\/\\\/www.aclanester56.com\\\/velo\\\/#organization\"},\"image\":{\"@id\":\"https:\\\/\\\/www.aclanester56.com\\\/velo\\\/championnats-bretagne-lavenir-baille-les-lanesteriens-qualifies\\\/#primaryimage\"},\"thumbnailUrl\":\"https:\\\/\\\/www.aclanester56.com\\\/velo\\\/wp-content\\\/uploads\\\/2014\\\/06\\\/Arrivee-Yoann-Copie1.jpg\",\"articleSection\":[\"AC LANESTER 56\"],\"inLanguage\":\"fr-FR\",\"potentialAction\":[{\"@type\":\"CommentAction\",\"name\":\"Comment\",\"target\":[\"https:\\\/\\\/www.aclanester56.com\\\/velo\\\/championnats-bretagne-lavenir-baille-les-lanesteriens-qualifies\\\/#respond\"]}]},{\"@type\":\"WebPage\",\"@id\":\"https:\\\/\\\/www.aclanester56.com\\\/velo\\\/championnats-bretagne-lavenir-baille-les-lanesteriens-qualifies\\\/\",\"url\":\"https:\\\/\\\/www.aclanester56.com\\\/velo\\\/championnats-bretagne-lavenir-baille-les-lanesteriens-qualifies\\\/\",\"name\":\"Championnats de Bretagne de l'Avenir \u00e0 Baill\u00e9 : les Lanest\u00e9riens qualifi\u00e9s - Avenir Cycliste Lanester 56\",\"isPartOf\":{\"@id\":\"https:\\\/\\\/www.aclanester56.com\\\/velo\\\/#website\"},\"primaryImageOfPage\":{\"@id\":\"https:\\\/\\\/www.aclanester56.com\\\/velo\\\/championnats-bretagne-lavenir-baille-les-lanesteriens-qualifies\\\/#primaryimage\"},\"image\":{\"@id\":\"https:\\\/\\\/www.aclanester56.com\\\/velo\\\/championnats-bretagne-lavenir-baille-les-lanesteriens-qualifies\\\/#primaryimage\"},\"thumbnailUrl\":\"https:\\\/\\\/www.aclanester56.com\\\/velo\\\/wp-content\\\/uploads\\\/2014\\\/06\\\/Arrivee-Yoann-Copie1.jpg\",\"datePublished\":\"2014-06-30T16:29:56+00:00\",\"dateModified\":\"2014-07-01T05:53:44+00:00\",\"inLanguage\":\"fr-FR\",\"potentialAction\":[{\"@type\":\"ReadAction\",\"target\":[\"https:\\\/\\\/www.aclanester56.com\\\/velo\\\/championnats-bretagne-lavenir-baille-les-lanesteriens-qualifies\\\/\"]}]},{\"@type\":\"ImageObject\",\"inLanguage\":\"fr-FR\",\"@id\":\"https:\\\/\\\/www.aclanester56.com\\\/velo\\\/championnats-bretagne-lavenir-baille-les-lanesteriens-qualifies\\\/#primaryimage\",\"url\":\"https:\\\/\\\/www.aclanester56.com\\\/velo\\\/wp-content\\\/uploads\\\/2014\\\/06\\\/Arrivee-Yoann-Copie1.jpg\",\"contentUrl\":\"https:\\\/\\\/www.aclanester56.com\\\/velo\\\/wp-content\\\/uploads\\\/2014\\\/06\\\/Arrivee-Yoann-Copie1.jpg\",\"width\":880,\"height\":400},{\"@type\":\"WebSite\",\"@id\":\"https:\\\/\\\/www.aclanester56.com\\\/velo\\\/#website\",\"url\":\"https:\\\/\\\/www.aclanester56.com\\\/velo\\\/\",\"name\":\"Avenir Cycliste Lanester 56\",\"description\":\"Club cycliste de l&#039;AC LANESTER 56\",\"publisher\":{\"@id\":\"https:\\\/\\\/www.aclanester56.com\\\/velo\\\/#organization\"},\"potentialAction\":[{\"@type\":\"SearchAction\",\"target\":{\"@type\":\"EntryPoint\",\"urlTemplate\":\"https:\\\/\\\/www.aclanester56.com\\\/velo\\\/?s={search_term_string}\"},\"query-input\":{\"@type\":\"PropertyValueSpecification\",\"valueRequired\":true,\"valueName\":\"search_term_string\"}}],\"inLanguage\":\"fr-FR\"},{\"@type\":\"Organization\",\"@id\":\"https:\\\/\\\/www.aclanester56.com\\\/velo\\\/#organization\",\"name\":\"Avenir Cycliste Lanester 56\",\"url\":\"https:\\\/\\\/www.aclanester56.com\\\/velo\\\/\",\"logo\":{\"@type\":\"ImageObject\",\"inLanguage\":\"fr-FR\",\"@id\":\"https:\\\/\\\/www.aclanester56.com\\\/velo\\\/#\\\/schema\\\/logo\\\/image\\\/\",\"url\":\"https:\\\/\\\/www.aclanester56.com\\\/velo\\\/wp-content\\\/uploads\\\/2013\\\/04\\\/logo-ACL.jpg\",\"contentUrl\":\"https:\\\/\\\/www.aclanester56.com\\\/velo\\\/wp-content\\\/uploads\\\/2013\\\/04\\\/logo-ACL.jpg\",\"width\":400,\"height\":334,\"caption\":\"Avenir Cycliste Lanester 56\"},\"image\":{\"@id\":\"https:\\\/\\\/www.aclanester56.com\\\/velo\\\/#\\\/schema\\\/logo\\\/image\\\/\"},\"sameAs\":[\"https:\\\/\\\/www.facebook.com\\\/pages\\\/AC-Lanester-56\\\/190286300991242?fref=ts\"]},{\"@type\":\"Person\",\"@id\":\"https:\\\/\\\/www.aclanester56.com\\\/velo\\\/#\\\/schema\\\/person\\\/ca2a44a5fd969e9dd846c72d3b33bc01\",\"name\":\"Jean-Christophe\",\"url\":\"https:\\\/\\\/www.aclanester56.com\\\/velo\\\/author\\\/jeanchristophe\\\/\"}]}<\/script>\n<!-- \/ Yoast SEO plugin. -->","yoast_head_json":{"title":"Championnats de Bretagne de l'Avenir \u00e0 Baill\u00e9 : les Lanest\u00e9riens qualifi\u00e9s - Avenir Cycliste Lanester 56","robots":{"index":"index","follow":"follow","max-snippet":"max-snippet:-1","max-image-preview":"max-image-preview:large","max-video-preview":"max-video-preview:-1"},"canonical":"https:\/\/www.aclanester56.com\/velo\/championnats-bretagne-lavenir-baille-les-lanesteriens-qualifies\/","og_locale":"fr_FR","og_type":"article","og_title":"Championnats de Bretagne de l'Avenir \u00e0 Baill\u00e9 : les Lanest\u00e9riens qualifi\u00e9s - Avenir Cycliste Lanester 56","og_url":"https:\/\/www.aclanester56.com\/velo\/championnats-bretagne-lavenir-baille-les-lanesteriens-qualifies\/","og_site_name":"Avenir Cycliste Lanester 56","article_publisher":"https:\/\/www.facebook.com\/pages\/AC-Lanester-56\/190286300991242?fref=ts","article_published_time":"2014-06-30T16:29:56+00:00","article_modified_time":"2014-07-01T05:53:44+00:00","og_image":[{"width":880,"height":400,"url":"https:\/\/www.aclanester56.com\/velo\/wp-content\/uploads\/2014\/06\/Arrivee-Yoann-Copie1.jpg","type":"image\/jpeg"}],"author":"Jean-Christophe","twitter_misc":{"\u00c9crit par":"Jean-Christophe","Dur\u00e9e de lecture estim\u00e9e":"2 minutes"},"schema":{"@context":"https:\/\/schema.org","@graph":[{"@type":"Article","@id":"https:\/\/www.aclanester56.com\/velo\/championnats-bretagne-lavenir-baille-les-lanesteriens-qualifies\/#article","isPartOf":{"@id":"https:\/\/www.aclanester56.com\/velo\/championnats-bretagne-lavenir-baille-les-lanesteriens-qualifies\/"},"author":{"name":"Jean-Christophe","@id":"https:\/\/www.aclanester56.com\/velo\/#\/schema\/person\/ca2a44a5fd969e9dd846c72d3b33bc01"},"headline":"Championnats de Bretagne de l&rsquo;Avenir \u00e0 Baill\u00e9 : les Lanest\u00e9riens qualifi\u00e9s","datePublished":"2014-06-30T16:29:56+00:00","dateModified":"2014-07-01T05:53:44+00:00","mainEntityOfPage":{"@id":"https:\/\/www.aclanester56.com\/velo\/championnats-bretagne-lavenir-baille-les-lanesteriens-qualifies\/"},"wordCount":390,"commentCount":0,"publisher":{"@id":"https:\/\/www.aclanester56.com\/velo\/#organization"},"image":{"@id":"https:\/\/www.aclanester56.com\/velo\/championnats-bretagne-lavenir-baille-les-lanesteriens-qualifies\/#primaryimage"},"thumbnailUrl":"https:\/\/www.aclanester56.com\/velo\/wp-content\/uploads\/2014\/06\/Arrivee-Yoann-Copie1.jpg","articleSection":["AC LANESTER 56"],"inLanguage":"fr-FR","potentialAction":[{"@type":"CommentAction","name":"Comment","target":["https:\/\/www.aclanester56.com\/velo\/championnats-bretagne-lavenir-baille-les-lanesteriens-qualifies\/#respond"]}]},{"@type":"WebPage","@id":"https:\/\/www.aclanester56.com\/velo\/championnats-bretagne-lavenir-baille-les-lanesteriens-qualifies\/","url":"https:\/\/www.aclanester56.com\/velo\/championnats-bretagne-lavenir-baille-les-lanesteriens-qualifies\/","name":"Championnats de Bretagne de l'Avenir \u00e0 Baill\u00e9 : les Lanest\u00e9riens qualifi\u00e9s - Avenir Cycliste Lanester 56","isPartOf":{"@id":"https:\/\/www.aclanester56.com\/velo\/#website"},"primaryImageOfPage":{"@id":"https:\/\/www.aclanester56.com\/velo\/championnats-bretagne-lavenir-baille-les-lanesteriens-qualifies\/#primaryimage"},"image":{"@id":"https:\/\/www.aclanester56.com\/velo\/championnats-bretagne-lavenir-baille-les-lanesteriens-qualifies\/#primaryimage"},"thumbnailUrl":"https:\/\/www.aclanester56.com\/velo\/wp-content\/uploads\/2014\/06\/Arrivee-Yoann-Copie1.jpg","datePublished":"2014-06-30T16:29:56+00:00","dateModified":"2014-07-01T05:53:44+00:00","inLanguage":"fr-FR","potentialAction":[{"@type":"ReadAction","target":["https:\/\/www.aclanester56.com\/velo\/championnats-bretagne-lavenir-baille-les-lanesteriens-qualifies\/"]}]},{"@type":"ImageObject","inLanguage":"fr-FR","@id":"https:\/\/www.aclanester56.com\/velo\/championnats-bretagne-lavenir-baille-les-lanesteriens-qualifies\/#primaryimage","url":"https:\/\/www.aclanester56.com\/velo\/wp-content\/uploads\/2014\/06\/Arrivee-Yoann-Copie1.jpg","contentUrl":"https:\/\/www.aclanester56.com\/velo\/wp-content\/uploads\/2014\/06\/Arrivee-Yoann-Copie1.jpg","width":880,"height":400},{"@type":"WebSite","@id":"https:\/\/www.aclanester56.com\/velo\/#website","url":"https:\/\/www.aclanester56.com\/velo\/","name":"Avenir Cycliste Lanester 56","description":"Club cycliste de l&#039;AC LANESTER 56","publisher":{"@id":"https:\/\/www.aclanester56.com\/velo\/#organization"},"potentialAction":[{"@type":"SearchAction","target":{"@type":"EntryPoint","urlTemplate":"https:\/\/www.aclanester56.com\/velo\/?s={search_term_string}"},"query-input":{"@type":"PropertyValueSpecification","valueRequired":true,"valueName":"search_term_string"}}],"inLanguage":"fr-FR"},{"@type":"Organization","@id":"https:\/\/www.aclanester56.com\/velo\/#organization","name":"Avenir Cycliste Lanester 56","url":"https:\/\/www.aclanester56.com\/velo\/","logo":{"@type":"ImageObject","inLanguage":"fr-FR","@id":"https:\/\/www.aclanester56.com\/velo\/#\/schema\/logo\/image\/","url":"https:\/\/www.aclanester56.com\/velo\/wp-content\/uploads\/2013\/04\/logo-ACL.jpg","contentUrl":"https:\/\/www.aclanester56.com\/velo\/wp-content\/uploads\/2013\/04\/logo-ACL.jpg","width":400,"height":334,"caption":"Avenir Cycliste Lanester 56"},"image":{"@id":"https:\/\/www.aclanester56.com\/velo\/#\/schema\/logo\/image\/"},"sameAs":["https:\/\/www.facebook.com\/pages\/AC-Lanester-56\/190286300991242?fref=ts"]},{"@type":"Person","@id":"https:\/\/www.aclanester56.com\/velo\/#\/schema\/person\/ca2a44a5fd969e9dd846c72d3b33bc01","name":"Jean-Christophe","url":"https:\/\/www.aclanester56.com\/velo\/author\/jeanchristophe\/"}]}},"_links":{"self":[{"href":"https:\/\/www.aclanester56.com\/velo\/wp-json\/wp\/v2\/posts\/19763","targetHints":{"allow":["GET"]}}],"collection":[{"href":"https:\/\/www.aclanester56.com\/velo\/wp-json\/wp\/v2\/posts"}],"about":[{"href":"https:\/\/www.aclanester56.com\/velo\/wp-json\/wp\/v2\/types\/post"}],"author":[{"embeddable":true,"href":"https:\/\/www.aclanester56.com\/velo\/wp-json\/wp\/v2\/users\/14"}],"replies":[{"embeddable":true,"href":"https:\/\/www.aclanester56.com\/velo\/wp-json\/wp\/v2\/comments?post=19763"}],"version-history":[{"count":2,"href":"https:\/\/www.aclanester56.com\/velo\/wp-json\/wp\/v2\/posts\/19763\/revisions"}],"predecessor-version":[{"id":19853,"href":"https:\/\/www.aclanester56.com\/velo\/wp-json\/wp\/v2\/posts\/19763\/revisions\/19853"}],"wp:featuredmedia":[{"embeddable":true,"href":"https:\/\/www.aclanester56.com\/velo\/wp-json\/wp\/v2\/media\/19855"}],"wp:attachment":[{"href":"https:\/\/www.aclanester56.com\/velo\/wp-json\/wp\/v2\/media?parent=19763"}],"wp:term":[{"taxonomy":"category","embeddable":true,"href":"https:\/\/www.aclanester56.com\/velo\/wp-json\/wp\/v2\/categories?post=19763"},{"taxonomy":"post_tag","embeddable":true,"href":"https:\/\/www.aclanester56.com\/velo\/wp-json\/wp\/v2\/tags?post=19763"}],"curies":[{"name":"wp","href":"https:\/\/api.w.org\/{rel}","templated":true}]}}