{"id":19990,"date":"2014-07-25T19:59:38","date_gmt":"2014-07-25T17:59:38","guid":{"rendered":"http:\/\/www.aclanester56.com\/velo\/?p=19990"},"modified":"2014-07-28T08:24:20","modified_gmt":"2014-07-28T06:24:20","slug":"europe-piste-thomas-denis-10eme-apres-les-3-premieres-manches","status":"publish","type":"post","link":"https:\/\/www.aclanester56.com\/velo\/europe-piste-thomas-denis-10eme-apres-les-3-premieres-manches\/","title":{"rendered":"Europe Piste : Thomas Denis 7\u00e8me de l&rsquo;Omnium !"},"content":{"rendered":"<p><!--more--><\/p>\n<p style=\"text-align: justify;\">Le junior 1\u00e8re ann\u00e9e de l&rsquo;AC Lanester 56 Thomas DENIS participe cette semaine avec l&rsquo;\u00e9quipe de France aux championnats d&rsquo;Europe sur piste \u00e0 Anadia (Portugal). <a href=\"http:\/\/www.aclanester56.com\/velo\/thomas-denis-les-bleus-championnat-deurope-piste\/\" target=\"_blank\">Il est au d\u00e9part de l&rsquo;\u00e9preuve de l&rsquo;Omnium<\/a>, \u00e9preuve olympique de combin\u00e9 regroupant six disciplines (scratch, poursuite individuelle, \u00e9liminatoire, kilom\u00e8tre, tour lanc\u00e9 et course aux points)\u00a0qui consacre un coureur complet.<\/p>\n<p style=\"text-align: justify;\">Lors du\u00a0premier jour de comp\u00e9tition, Thomas termine 11\u00e8me du scratch, 4\u00e8me de la poursuite individuelle et 11\u00e8me de l&rsquo;\u00e9liminatoire. Le 2\u00e8me jour, Thomas termine\u00a03\u00e8me sur le Kilom\u00e8tre, 6\u00e8me sur le tour lanc\u00e9 et 8\u00e8me sur la course aux points. Au classement g\u00e9n\u00e9ral final de l&rsquo;Omnium, Thomas termine donc 7\u00e8me !<\/p>\n<p style=\"text-align: justify;\"><span style=\"text-decoration: underline;\"><strong>Epreuve 1 &#8211; Scratch (10 Km) :<\/strong><\/span><br \/>\n1 KARALIOK Yauheni BELARUS<br \/>\n2 GHYS Robbe BELGIUM<br \/>\n3 KOHOUT Michal CZECH REPUBLIC<br \/>\n4 SHEVCHUK Taras UKRAINE<br \/>\n5 ROSTOVTSEV Sergey RUSSIA + 1 tour<br \/>\n<span style=\"color: #ff6600;\"><strong>11 DENIS Thomas FRANCE\u00a0+1 tour<\/strong><\/span><\/p>\n<p style=\"text-align: justify;\"><span style=\"text-decoration: underline;\"><strong>Epreuve 2\u00a0&#8211; Poursuite individuelle\u00a0(3\u00a0Km) :<\/strong><\/span><br \/>\n1 GIBSON Matthew GREAT BRITAIN\u00a03:22.562 (moy :\u00a053.317 kmh<br \/>\n2 OLIVEIRA Ivo PORTUGAL 3:24.866 (moy :\u00a052.717 kmh)<br \/>\n3 MADER Gino SWITZERLAND 3:27.002\u00a0(moy :\u00a052.173 kmh)<br \/>\n<span style=\"color: #ff6600;\"><strong>4 DENIS Thomas FRANCE 3:27.559 (moy : 52.033 kmh &#8211; Temps 1er Km : 1:11.734\u00a0\/ Temps 2\u00e8me Km :\u00a02:19.708)<\/strong><\/span><br \/>\n5 GHYS Robbe BELGIUM 3:28.272\u00a0(moy :\u00a051.855 kmh)<\/p>\n<p style=\"text-align: justify;\"><span style=\"text-decoration: underline;\"><strong>Epreuve 3 &#8211; Eliminatoire :<\/strong><\/span><br \/>\n1 ROSTOVTSEV Sergey RUSSIA<br \/>\n2 GHYS Robbe BELGIUM<br \/>\n3 MADER Gino SWITZERLAND<br \/>\n4 XAVIER Canellas Sanchez SPAIN<br \/>\n5 OLIVEIRA Ivo PORTUGAL<br \/>\n<span style=\"color: #ff6600;\"><strong>11 DENIS Thomas FRANCE<\/strong><\/span><\/p>\n<p style=\"text-align: justify;\"><span><strong>Epreuve4 &#8211; Kilom\u00e8tre:<\/strong><\/span><br \/>\n1 OLIVEIRA Ivo PORTUGAL\u00a01:03.699\u00a0(moy :\u00a056.516 kmh)<br \/>\n2 ANTONOPOULOS Anastasios\u00a0GREECE 1:04.954 (moy :\u00a055.424 kmh)<br \/>\n<span style=\"color: rgb(255, 102, 0);\"><strong>3 DENIS Thomas FRANCE 1:06.083 (moy : 54.477 kmh &#8211; Tps 250m : 19.973(4) \/ Tps 500m :34.720 \/ Tps 750m :\u00a049.916)<\/strong><\/span><br \/>\n4 ROSTOVTSEV Sergey RUSSIA 1:06.256 (moy :\u00a054.335 kmh)<br \/>\n5 GIBSON Matthew GREAT BRITAIN 1:06.676 (moy :\u00a053.992 kmh)<\/p>\n<p style=\"text-align: justify;\"><span style=\"text-decoration: underline;\"><strong>Classement g\u00e9n\u00e9ral final\u00a0:<\/strong><\/span><\/p>\n<div style=\"color: #000000;\">1 CANELLAS SANCHEZ Xavier ESP 191<\/div>\n<div style=\"color: #000000;\">2 MADER Gino SUI 189<\/div>\n<div style=\"color: #000000;\">3 OLIVEIRA Ivo POR 180<\/div>\n<div style=\"color: #000000;\">4 SHEVCHUK Taras UKR 177<\/div>\n<div style=\"color: #000000;\">5 GIBSON Matthew GBR 174<\/div>\n<div style=\"color: #000000;\">6 SOLINSKI Patryk POL 173<\/div>\n<div style=\"color: #000000;\"><span style=\"color: rgb(255, 102, 0);\"><strong>7 DENIS Thomas FRA 168<\/strong><\/span><\/div>\n<div style=\"color: #000000;\">8 ROSTOVTSEV Sergey RUS 167<\/div>\n<div style=\"color: #000000;\">9 GHYS Robbe BELGIUM BEL 165<\/div>\n<div style=\"color: #000000;\">10 KARALIOK Yauheni BLR 159<\/div>\n<div style=\"color: #000000;\">11 KOHOUT Michal CZE 158<\/div>\n<div style=\"color: #000000;\">12 DOWNEY Mark IRL 123<\/div>\n<div style=\"color: #000000;\">13 MORO Stefano ITA 85<\/div>\n<div style=\"color: #000000;\">14 ANTONOPOULOS Anastasios GRE 57<\/div>\n<div style=\"color: #000000;\">15 VAN DER POEL Tim NED 16<\/div>\n<p style=\"text-align: justify;\"><em>A suivre.<\/em><\/p>\n","protected":false},"excerpt":{"rendered":"","protected":false},"author":14,"featured_media":19992,"comment_status":"open","ping_status":"open","sticky":false,"template":"","format":"standard","meta":{"ngg_post_thumbnail":0,"footnotes":""},"categories":[5,74,21],"tags":[],"class_list":["post-19990","post","type-post","status-publish","format-standard","has-post-thumbnail","hentry","category-ac-lanester-56","category-piste","category-resultats-juniors"],"yoast_head":"<!-- This site is optimized with the Yoast SEO plugin v27.5 - https:\/\/yoast.com\/product\/yoast-seo-wordpress\/ -->\n<title>Europe Piste : Thomas Denis 7\u00e8me de l&#039;Omnium ! - Avenir Cycliste Lanester 56<\/title>\n<meta name=\"robots\" content=\"index, follow, max-snippet:-1, max-image-preview:large, max-video-preview:-1\" \/>\n<link rel=\"canonical\" href=\"https:\/\/www.aclanester56.com\/velo\/europe-piste-thomas-denis-10eme-apres-les-3-premieres-manches\/\" \/>\n<meta property=\"og:locale\" content=\"fr_FR\" \/>\n<meta property=\"og:type\" content=\"article\" \/>\n<meta property=\"og:title\" content=\"Europe Piste : Thomas Denis 7\u00e8me de l&#039;Omnium ! - Avenir Cycliste Lanester 56\" \/>\n<meta property=\"og:url\" content=\"https:\/\/www.aclanester56.com\/velo\/europe-piste-thomas-denis-10eme-apres-les-3-premieres-manches\/\" \/>\n<meta property=\"og:site_name\" content=\"Avenir Cycliste Lanester 56\" \/>\n<meta property=\"article:publisher\" content=\"https:\/\/www.facebook.com\/pages\/AC-Lanester-56\/190286300991242?fref=ts\" \/>\n<meta property=\"article:published_time\" content=\"2014-07-25T17:59:38+00:00\" \/>\n<meta property=\"article:modified_time\" content=\"2014-07-28T06:24:20+00:00\" \/>\n<meta property=\"og:image\" content=\"https:\/\/www.aclanester56.com\/velo\/wp-content\/uploads\/2014\/07\/10300430_1513715802184594_5959337504927889093_n-Copie.jpg\" \/>\n\t<meta property=\"og:image:width\" content=\"880\" \/>\n\t<meta property=\"og:image:height\" content=\"450\" \/>\n\t<meta property=\"og:image:type\" content=\"image\/jpeg\" \/>\n<meta name=\"author\" content=\"Jean-Christophe\" \/>\n<meta name=\"twitter:label1\" content=\"\u00c9crit par\" \/>\n\t<meta name=\"twitter:data1\" content=\"Jean-Christophe\" \/>\n\t<meta name=\"twitter:label2\" content=\"Dur\u00e9e de lecture estim\u00e9e\" \/>\n\t<meta name=\"twitter:data2\" content=\"1 minute\" \/>\n<script type=\"application\/ld+json\" class=\"yoast-schema-graph\">{\"@context\":\"https:\\\/\\\/schema.org\",\"@graph\":[{\"@type\":\"Article\",\"@id\":\"https:\\\/\\\/www.aclanester56.com\\\/velo\\\/europe-piste-thomas-denis-10eme-apres-les-3-premieres-manches\\\/#article\",\"isPartOf\":{\"@id\":\"https:\\\/\\\/www.aclanester56.com\\\/velo\\\/europe-piste-thomas-denis-10eme-apres-les-3-premieres-manches\\\/\"},\"author\":{\"name\":\"Jean-Christophe\",\"@id\":\"https:\\\/\\\/www.aclanester56.com\\\/velo\\\/#\\\/schema\\\/person\\\/ca2a44a5fd969e9dd846c72d3b33bc01\"},\"headline\":\"Europe Piste : Thomas Denis 7\u00e8me de l&rsquo;Omnium !\",\"datePublished\":\"2014-07-25T17:59:38+00:00\",\"dateModified\":\"2014-07-28T06:24:20+00:00\",\"mainEntityOfPage\":{\"@id\":\"https:\\\/\\\/www.aclanester56.com\\\/velo\\\/europe-piste-thomas-denis-10eme-apres-les-3-premieres-manches\\\/\"},\"wordCount\":300,\"commentCount\":0,\"publisher\":{\"@id\":\"https:\\\/\\\/www.aclanester56.com\\\/velo\\\/#organization\"},\"image\":{\"@id\":\"https:\\\/\\\/www.aclanester56.com\\\/velo\\\/europe-piste-thomas-denis-10eme-apres-les-3-premieres-manches\\\/#primaryimage\"},\"thumbnailUrl\":\"https:\\\/\\\/www.aclanester56.com\\\/velo\\\/wp-content\\\/uploads\\\/2014\\\/07\\\/10300430_1513715802184594_5959337504927889093_n-Copie.jpg\",\"articleSection\":[\"AC LANESTER 56\",\"Piste\",\"R\u00e9sultats Juniors\"],\"inLanguage\":\"fr-FR\",\"potentialAction\":[{\"@type\":\"CommentAction\",\"name\":\"Comment\",\"target\":[\"https:\\\/\\\/www.aclanester56.com\\\/velo\\\/europe-piste-thomas-denis-10eme-apres-les-3-premieres-manches\\\/#respond\"]}]},{\"@type\":\"WebPage\",\"@id\":\"https:\\\/\\\/www.aclanester56.com\\\/velo\\\/europe-piste-thomas-denis-10eme-apres-les-3-premieres-manches\\\/\",\"url\":\"https:\\\/\\\/www.aclanester56.com\\\/velo\\\/europe-piste-thomas-denis-10eme-apres-les-3-premieres-manches\\\/\",\"name\":\"Europe Piste : Thomas Denis 7\u00e8me de l'Omnium ! - Avenir Cycliste Lanester 56\",\"isPartOf\":{\"@id\":\"https:\\\/\\\/www.aclanester56.com\\\/velo\\\/#website\"},\"primaryImageOfPage\":{\"@id\":\"https:\\\/\\\/www.aclanester56.com\\\/velo\\\/europe-piste-thomas-denis-10eme-apres-les-3-premieres-manches\\\/#primaryimage\"},\"image\":{\"@id\":\"https:\\\/\\\/www.aclanester56.com\\\/velo\\\/europe-piste-thomas-denis-10eme-apres-les-3-premieres-manches\\\/#primaryimage\"},\"thumbnailUrl\":\"https:\\\/\\\/www.aclanester56.com\\\/velo\\\/wp-content\\\/uploads\\\/2014\\\/07\\\/10300430_1513715802184594_5959337504927889093_n-Copie.jpg\",\"datePublished\":\"2014-07-25T17:59:38+00:00\",\"dateModified\":\"2014-07-28T06:24:20+00:00\",\"inLanguage\":\"fr-FR\",\"potentialAction\":[{\"@type\":\"ReadAction\",\"target\":[\"https:\\\/\\\/www.aclanester56.com\\\/velo\\\/europe-piste-thomas-denis-10eme-apres-les-3-premieres-manches\\\/\"]}]},{\"@type\":\"ImageObject\",\"inLanguage\":\"fr-FR\",\"@id\":\"https:\\\/\\\/www.aclanester56.com\\\/velo\\\/europe-piste-thomas-denis-10eme-apres-les-3-premieres-manches\\\/#primaryimage\",\"url\":\"https:\\\/\\\/www.aclanester56.com\\\/velo\\\/wp-content\\\/uploads\\\/2014\\\/07\\\/10300430_1513715802184594_5959337504927889093_n-Copie.jpg\",\"contentUrl\":\"https:\\\/\\\/www.aclanester56.com\\\/velo\\\/wp-content\\\/uploads\\\/2014\\\/07\\\/10300430_1513715802184594_5959337504927889093_n-Copie.jpg\",\"width\":880,\"height\":450},{\"@type\":\"WebSite\",\"@id\":\"https:\\\/\\\/www.aclanester56.com\\\/velo\\\/#website\",\"url\":\"https:\\\/\\\/www.aclanester56.com\\\/velo\\\/\",\"name\":\"Avenir Cycliste Lanester 56\",\"description\":\"Club cycliste de l&#039;AC LANESTER 56\",\"publisher\":{\"@id\":\"https:\\\/\\\/www.aclanester56.com\\\/velo\\\/#organization\"},\"potentialAction\":[{\"@type\":\"SearchAction\",\"target\":{\"@type\":\"EntryPoint\",\"urlTemplate\":\"https:\\\/\\\/www.aclanester56.com\\\/velo\\\/?s={search_term_string}\"},\"query-input\":{\"@type\":\"PropertyValueSpecification\",\"valueRequired\":true,\"valueName\":\"search_term_string\"}}],\"inLanguage\":\"fr-FR\"},{\"@type\":\"Organization\",\"@id\":\"https:\\\/\\\/www.aclanester56.com\\\/velo\\\/#organization\",\"name\":\"Avenir Cycliste Lanester 56\",\"url\":\"https:\\\/\\\/www.aclanester56.com\\\/velo\\\/\",\"logo\":{\"@type\":\"ImageObject\",\"inLanguage\":\"fr-FR\",\"@id\":\"https:\\\/\\\/www.aclanester56.com\\\/velo\\\/#\\\/schema\\\/logo\\\/image\\\/\",\"url\":\"https:\\\/\\\/www.aclanester56.com\\\/velo\\\/wp-content\\\/uploads\\\/2013\\\/04\\\/logo-ACL.jpg\",\"contentUrl\":\"https:\\\/\\\/www.aclanester56.com\\\/velo\\\/wp-content\\\/uploads\\\/2013\\\/04\\\/logo-ACL.jpg\",\"width\":400,\"height\":334,\"caption\":\"Avenir Cycliste Lanester 56\"},\"image\":{\"@id\":\"https:\\\/\\\/www.aclanester56.com\\\/velo\\\/#\\\/schema\\\/logo\\\/image\\\/\"},\"sameAs\":[\"https:\\\/\\\/www.facebook.com\\\/pages\\\/AC-Lanester-56\\\/190286300991242?fref=ts\"]},{\"@type\":\"Person\",\"@id\":\"https:\\\/\\\/www.aclanester56.com\\\/velo\\\/#\\\/schema\\\/person\\\/ca2a44a5fd969e9dd846c72d3b33bc01\",\"name\":\"Jean-Christophe\",\"url\":\"https:\\\/\\\/www.aclanester56.com\\\/velo\\\/author\\\/jeanchristophe\\\/\"}]}<\/script>\n<!-- \/ Yoast SEO plugin. -->","yoast_head_json":{"title":"Europe Piste : Thomas Denis 7\u00e8me de l'Omnium ! - Avenir Cycliste Lanester 56","robots":{"index":"index","follow":"follow","max-snippet":"max-snippet:-1","max-image-preview":"max-image-preview:large","max-video-preview":"max-video-preview:-1"},"canonical":"https:\/\/www.aclanester56.com\/velo\/europe-piste-thomas-denis-10eme-apres-les-3-premieres-manches\/","og_locale":"fr_FR","og_type":"article","og_title":"Europe Piste : Thomas Denis 7\u00e8me de l'Omnium ! - Avenir Cycliste Lanester 56","og_url":"https:\/\/www.aclanester56.com\/velo\/europe-piste-thomas-denis-10eme-apres-les-3-premieres-manches\/","og_site_name":"Avenir Cycliste Lanester 56","article_publisher":"https:\/\/www.facebook.com\/pages\/AC-Lanester-56\/190286300991242?fref=ts","article_published_time":"2014-07-25T17:59:38+00:00","article_modified_time":"2014-07-28T06:24:20+00:00","og_image":[{"width":880,"height":450,"url":"https:\/\/www.aclanester56.com\/velo\/wp-content\/uploads\/2014\/07\/10300430_1513715802184594_5959337504927889093_n-Copie.jpg","type":"image\/jpeg"}],"author":"Jean-Christophe","twitter_misc":{"\u00c9crit par":"Jean-Christophe","Dur\u00e9e de lecture estim\u00e9e":"1 minute"},"schema":{"@context":"https:\/\/schema.org","@graph":[{"@type":"Article","@id":"https:\/\/www.aclanester56.com\/velo\/europe-piste-thomas-denis-10eme-apres-les-3-premieres-manches\/#article","isPartOf":{"@id":"https:\/\/www.aclanester56.com\/velo\/europe-piste-thomas-denis-10eme-apres-les-3-premieres-manches\/"},"author":{"name":"Jean-Christophe","@id":"https:\/\/www.aclanester56.com\/velo\/#\/schema\/person\/ca2a44a5fd969e9dd846c72d3b33bc01"},"headline":"Europe Piste : Thomas Denis 7\u00e8me de l&rsquo;Omnium !","datePublished":"2014-07-25T17:59:38+00:00","dateModified":"2014-07-28T06:24:20+00:00","mainEntityOfPage":{"@id":"https:\/\/www.aclanester56.com\/velo\/europe-piste-thomas-denis-10eme-apres-les-3-premieres-manches\/"},"wordCount":300,"commentCount":0,"publisher":{"@id":"https:\/\/www.aclanester56.com\/velo\/#organization"},"image":{"@id":"https:\/\/www.aclanester56.com\/velo\/europe-piste-thomas-denis-10eme-apres-les-3-premieres-manches\/#primaryimage"},"thumbnailUrl":"https:\/\/www.aclanester56.com\/velo\/wp-content\/uploads\/2014\/07\/10300430_1513715802184594_5959337504927889093_n-Copie.jpg","articleSection":["AC LANESTER 56","Piste","R\u00e9sultats Juniors"],"inLanguage":"fr-FR","potentialAction":[{"@type":"CommentAction","name":"Comment","target":["https:\/\/www.aclanester56.com\/velo\/europe-piste-thomas-denis-10eme-apres-les-3-premieres-manches\/#respond"]}]},{"@type":"WebPage","@id":"https:\/\/www.aclanester56.com\/velo\/europe-piste-thomas-denis-10eme-apres-les-3-premieres-manches\/","url":"https:\/\/www.aclanester56.com\/velo\/europe-piste-thomas-denis-10eme-apres-les-3-premieres-manches\/","name":"Europe Piste : Thomas Denis 7\u00e8me de l'Omnium ! - Avenir Cycliste Lanester 56","isPartOf":{"@id":"https:\/\/www.aclanester56.com\/velo\/#website"},"primaryImageOfPage":{"@id":"https:\/\/www.aclanester56.com\/velo\/europe-piste-thomas-denis-10eme-apres-les-3-premieres-manches\/#primaryimage"},"image":{"@id":"https:\/\/www.aclanester56.com\/velo\/europe-piste-thomas-denis-10eme-apres-les-3-premieres-manches\/#primaryimage"},"thumbnailUrl":"https:\/\/www.aclanester56.com\/velo\/wp-content\/uploads\/2014\/07\/10300430_1513715802184594_5959337504927889093_n-Copie.jpg","datePublished":"2014-07-25T17:59:38+00:00","dateModified":"2014-07-28T06:24:20+00:00","inLanguage":"fr-FR","potentialAction":[{"@type":"ReadAction","target":["https:\/\/www.aclanester56.com\/velo\/europe-piste-thomas-denis-10eme-apres-les-3-premieres-manches\/"]}]},{"@type":"ImageObject","inLanguage":"fr-FR","@id":"https:\/\/www.aclanester56.com\/velo\/europe-piste-thomas-denis-10eme-apres-les-3-premieres-manches\/#primaryimage","url":"https:\/\/www.aclanester56.com\/velo\/wp-content\/uploads\/2014\/07\/10300430_1513715802184594_5959337504927889093_n-Copie.jpg","contentUrl":"https:\/\/www.aclanester56.com\/velo\/wp-content\/uploads\/2014\/07\/10300430_1513715802184594_5959337504927889093_n-Copie.jpg","width":880,"height":450},{"@type":"WebSite","@id":"https:\/\/www.aclanester56.com\/velo\/#website","url":"https:\/\/www.aclanester56.com\/velo\/","name":"Avenir Cycliste Lanester 56","description":"Club cycliste de l&#039;AC LANESTER 56","publisher":{"@id":"https:\/\/www.aclanester56.com\/velo\/#organization"},"potentialAction":[{"@type":"SearchAction","target":{"@type":"EntryPoint","urlTemplate":"https:\/\/www.aclanester56.com\/velo\/?s={search_term_string}"},"query-input":{"@type":"PropertyValueSpecification","valueRequired":true,"valueName":"search_term_string"}}],"inLanguage":"fr-FR"},{"@type":"Organization","@id":"https:\/\/www.aclanester56.com\/velo\/#organization","name":"Avenir Cycliste Lanester 56","url":"https:\/\/www.aclanester56.com\/velo\/","logo":{"@type":"ImageObject","inLanguage":"fr-FR","@id":"https:\/\/www.aclanester56.com\/velo\/#\/schema\/logo\/image\/","url":"https:\/\/www.aclanester56.com\/velo\/wp-content\/uploads\/2013\/04\/logo-ACL.jpg","contentUrl":"https:\/\/www.aclanester56.com\/velo\/wp-content\/uploads\/2013\/04\/logo-ACL.jpg","width":400,"height":334,"caption":"Avenir Cycliste Lanester 56"},"image":{"@id":"https:\/\/www.aclanester56.com\/velo\/#\/schema\/logo\/image\/"},"sameAs":["https:\/\/www.facebook.com\/pages\/AC-Lanester-56\/190286300991242?fref=ts"]},{"@type":"Person","@id":"https:\/\/www.aclanester56.com\/velo\/#\/schema\/person\/ca2a44a5fd969e9dd846c72d3b33bc01","name":"Jean-Christophe","url":"https:\/\/www.aclanester56.com\/velo\/author\/jeanchristophe\/"}]}},"_links":{"self":[{"href":"https:\/\/www.aclanester56.com\/velo\/wp-json\/wp\/v2\/posts\/19990","targetHints":{"allow":["GET"]}}],"collection":[{"href":"https:\/\/www.aclanester56.com\/velo\/wp-json\/wp\/v2\/posts"}],"about":[{"href":"https:\/\/www.aclanester56.com\/velo\/wp-json\/wp\/v2\/types\/post"}],"author":[{"embeddable":true,"href":"https:\/\/www.aclanester56.com\/velo\/wp-json\/wp\/v2\/users\/14"}],"replies":[{"embeddable":true,"href":"https:\/\/www.aclanester56.com\/velo\/wp-json\/wp\/v2\/comments?post=19990"}],"version-history":[{"count":3,"href":"https:\/\/www.aclanester56.com\/velo\/wp-json\/wp\/v2\/posts\/19990\/revisions"}],"predecessor-version":[{"id":20002,"href":"https:\/\/www.aclanester56.com\/velo\/wp-json\/wp\/v2\/posts\/19990\/revisions\/20002"}],"wp:featuredmedia":[{"embeddable":true,"href":"https:\/\/www.aclanester56.com\/velo\/wp-json\/wp\/v2\/media\/19992"}],"wp:attachment":[{"href":"https:\/\/www.aclanester56.com\/velo\/wp-json\/wp\/v2\/media?parent=19990"}],"wp:term":[{"taxonomy":"category","embeddable":true,"href":"https:\/\/www.aclanester56.com\/velo\/wp-json\/wp\/v2\/categories?post=19990"},{"taxonomy":"post_tag","embeddable":true,"href":"https:\/\/www.aclanester56.com\/velo\/wp-json\/wp\/v2\/tags?post=19990"}],"curies":[{"name":"wp","href":"https:\/\/api.w.org\/{rel}","templated":true}]}}