{"id":20062,"date":"2014-08-10T15:18:48","date_gmt":"2014-08-10T13:18:48","guid":{"rendered":"http:\/\/www.aclanester56.com\/velo\/?p=20062"},"modified":"2014-08-10T15:18:57","modified_gmt":"2014-08-10T13:18:57","slug":"petite-sortie-pays-manosque","status":"publish","type":"post","link":"https:\/\/www.aclanester56.com\/velo\/petite-sortie-pays-manosque\/","title":{"rendered":"Petite sortie dans le pays de Manosque"},"content":{"rendered":"<p><!--more--><\/p>\n<p>il y a quelques temps nous faisions r\u00e9f\u00e9rence <a title=\"Les entra\u00eenements continuent pendant l\u2019\u00e9t\u00e9 !\" href=\"http:\/\/www.aclanester56.com\/velo\/les-entrainements-continuent-lete\/\">aux entra\u00eenements du club pendant l&rsquo;\u00e9t\u00e9<\/a>. le club ne s\u2019arr\u00eate jamais.<\/p>\n<p>Mais \u00e9galement pendant leurs vacances les coureurs de l&rsquo;AC Lanester continuent leur sortie mais dans des contr\u00e9es plus lointaines.<\/p>\n<p>Au mois de juillet, nous sommes all\u00e9s dans le sud de la France \u00e0 la rencontre d&rsquo;une \u00e9cole de cyclisme\u00a0et plus exactement \u00e0 \u00a0Manosque dans le club de l&rsquo;UC Manosque 04 que pr\u00e9side Jos\u00e9 Olmedillas (un ami) entra\u00eeneur de l&rsquo;\u00e9cole qui lui aussi a\u00a0<span style=\"color: #414042;\">couru au plus niveau amateur r\u00e9gional dans les ann\u00e9es 70. Il a m\u00eame remport\u00e9 quelques belles courses de l&rsquo;\u00e9poque.\u00a0<\/span><\/p>\n<p>Nous \u00e9tions \u00e9galement accompagn\u00e9 de Richard Podesta ( un ami \u00e9galement) un sacr\u00e9 grimpeur,lui aussi, qui a fait aussi parl\u00e9 de lui dans les ann\u00e9es 1970-1975, au plus au niveau.<\/p>\n<p>Donc en cette belle matin\u00e9e de Juillet ( 30 degr\u00e9s environ) , petite sortie de \u00a070 kilom\u00e8tres environs avant que le club ne coupe pour 2 semaines. Au programme quelques petite bosses et surtout une belle ballade dans ce beau pays de Jean Gionno.<\/p>\n<p>Nous \u00a0sommes donc all\u00e9s \u00ab\u00a0visiter\u00a0\u00bb les routes de la r\u00e9gion de Pierrevert et Manosque et des petits villages comme Vitrolles en Luberon , La Bastide des Jourdans, Grambois, Peypin D&rsquo;Aygues entre autres , une belle matin\u00e9e en somme.<\/p>\n<p>Remerciement \u00e0 Jos\u00e9, Richard pour leur gentillesse et surtout a nos cyclistes qui ont pu ainsi \u00e9changer !<\/p>\n<p style=\"text-align: right;\"><strong>St\u00e9phane<\/strong><\/p>\n<p><iframe loading=\"lazy\" style=\"border: 0;\" src=\"https:\/\/www.google.com\/maps\/embed?pb=!1m18!1m12!1m3!1d92148.47482539191!2d5.594545650048379!3d43.80108598828191!2m3!1f0!2f0!3f0!3m2!1i1024!2i768!4f13.1!3m3!1m2!1s0x12ca2e07e79182a3%3A0x40819a5fd8fc690!2sLa+Bastide-des-Jourdans!5e0!3m2!1sfr!2sfr!4v1407676642966\" width=\"750\" height=\"430\" frameborder=\"0\"><\/iframe><\/p>\n<p><!-- default-view.php -->\n<div\n\tclass=\"ngg-galleryoverview default-view\n\t ngg-ajax-pagination-none\t\"\n\tid=\"ngg-gallery-5d2e58b7e361981d9630da8a3075e149-1\"\n\tdata-nextgen-gallery-id=\"186\"\n\tdata-gallery-id=\"186\"\n\t\tdata-gallery-name=\"manosque-2014\"\n\t>\n\n\t\t<!-- Thumbnails -->\n\t\t\t\t<div id=\"ngg-image-0\" class=\"ngg-gallery-thumbnail-box\n\t\t\t\t\t\t\t\t\t\t\t\"\n\t\t\t>\n\t\t\t\t\t\t<div class=\"ngg-gallery-thumbnail\">\n\t\t<a href=\"https:\/\/www.aclanester56.com\/velo\/wp-content\/gallery\/manosque-2014\/vacances-manosque-02.JPG?t=1407676772\"\n\t\t\ttitle=\"\"\n\t\t\tdata-src=\"https:\/\/www.aclanester56.com\/velo\/wp-content\/gallery\/manosque-2014\/vacances-manosque-02.JPG?t=1407676772\"\n\t\t\tdata-thumbnail=\"https:\/\/www.aclanester56.com\/velo\/wp-content\/gallery\/manosque-2014\/thumbs\/thumbs_vacances-manosque-02.JPG?t=1407676772\"\n\t\t\tdata-image-id=\"6965\"\n\t\t\tdata-image-name=\"vacances-manosque-02.JPG\"\n\t\t\tdata-title=\"vacances-manosque-02\"\n\t\t\tdata-description=\"\"\n\t\t\tdata-image-slug=\"vacances-manosque-02\"\n\t\t\t\t\t\t\t\t\t\t\t\t\t\t\t\t\t\t\t\tclass=\"ngg-simplelightbox\" rel=\"5d2e58b7e361981d9630da8a3075e149\">\n\t\t\t\t\t\t\t\t<img\n\t\t\t\t\ttitle=\"vacances-manosque-02\"\n\t\t\t\t\talt=\"vacances-manosque-02\"\n\t\t\t\t\tsrc=\"https:\/\/www.aclanester56.com\/velo\/wp-content\/gallery\/manosque-2014\/thumbs\/thumbs_vacances-manosque-02.JPG?t=1407676772\"\n\t\t\t\t\twidth=\"100\"\n\t\t\t\t\theight=\"100\"\n\t\t\t\t\tstyle=\"max-width:100%;\"\n\t\t\t\t\/>\n\t\t\t<\/a>\n\t\t<\/div>\n\t\t\t\t\t\t\t<\/div>\n\t\t\t\n\t\t\t\t<div id=\"ngg-image-1\" class=\"ngg-gallery-thumbnail-box\n\t\t\t\t\t\t\t\t\t\t\t\"\n\t\t\t>\n\t\t\t\t\t\t<div class=\"ngg-gallery-thumbnail\">\n\t\t<a href=\"https:\/\/www.aclanester56.com\/velo\/wp-content\/gallery\/manosque-2014\/vacances-manosque-03.JPG?t=1407676230\"\n\t\t\ttitle=\" \"\n\t\t\tdata-src=\"https:\/\/www.aclanester56.com\/velo\/wp-content\/gallery\/manosque-2014\/vacances-manosque-03.JPG?t=1407676230\"\n\t\t\tdata-thumbnail=\"https:\/\/www.aclanester56.com\/velo\/wp-content\/gallery\/manosque-2014\/thumbs\/thumbs_vacances-manosque-03.JPG?t=1407676230\"\n\t\t\tdata-image-id=\"6966\"\n\t\t\tdata-image-name=\"vacances-manosque-03.JPG\"\n\t\t\tdata-title=\"vacances-manosque-03\"\n\t\t\tdata-description=\" \"\n\t\t\tdata-image-slug=\"vacances-manosque-03\"\n\t\t\t\t\t\t\t\t\t\t\t\t\t\t\t\t\t\t\t\tclass=\"ngg-simplelightbox\" rel=\"5d2e58b7e361981d9630da8a3075e149\">\n\t\t\t\t\t\t\t\t<img\n\t\t\t\t\ttitle=\"vacances-manosque-03\"\n\t\t\t\t\talt=\"vacances-manosque-03\"\n\t\t\t\t\tsrc=\"https:\/\/www.aclanester56.com\/velo\/wp-content\/gallery\/manosque-2014\/thumbs\/thumbs_vacances-manosque-03.JPG?t=1407676230\"\n\t\t\t\t\twidth=\"100\"\n\t\t\t\t\theight=\"100\"\n\t\t\t\t\tstyle=\"max-width:100%;\"\n\t\t\t\t\/>\n\t\t\t<\/a>\n\t\t<\/div>\n\t\t\t\t\t\t\t<\/div>\n\t\t\t\n\t\t\t\t<div id=\"ngg-image-2\" class=\"ngg-gallery-thumbnail-box\n\t\t\t\t\t\t\t\t\t\t\t\"\n\t\t\t>\n\t\t\t\t\t\t<div class=\"ngg-gallery-thumbnail\">\n\t\t<a href=\"https:\/\/www.aclanester56.com\/velo\/wp-content\/gallery\/manosque-2014\/vacances-manosque-01.JPG?t=1598818809\"\n\t\t\ttitle=\"\"\n\t\t\tdata-src=\"https:\/\/www.aclanester56.com\/velo\/wp-content\/gallery\/manosque-2014\/vacances-manosque-01.JPG?t=1598818809\"\n\t\t\tdata-thumbnail=\"https:\/\/www.aclanester56.com\/velo\/wp-content\/gallery\/manosque-2014\/thumbs\/thumbs_vacances-manosque-01.JPG?t=1598818809\"\n\t\t\tdata-image-id=\"6964\"\n\t\t\tdata-image-name=\"vacances-manosque-01.JPG\"\n\t\t\tdata-title=\"vacances-manosque-01\"\n\t\t\tdata-description=\"\"\n\t\t\tdata-image-slug=\"vacances-manosque-01\"\n\t\t\t\t\t\t\t\t\t\t\t\t\t\t\t\t\t\t\t\tclass=\"ngg-simplelightbox\" rel=\"5d2e58b7e361981d9630da8a3075e149\">\n\t\t\t\t\t\t\t\t<img\n\t\t\t\t\ttitle=\"vacances-manosque-01\"\n\t\t\t\t\talt=\"vacances-manosque-01\"\n\t\t\t\t\tsrc=\"https:\/\/www.aclanester56.com\/velo\/wp-content\/gallery\/manosque-2014\/thumbs\/thumbs_vacances-manosque-01.JPG?t=1598818809\"\n\t\t\t\t\twidth=\"100\"\n\t\t\t\t\theight=\"100\"\n\t\t\t\t\tstyle=\"max-width:100%;\"\n\t\t\t\t\/>\n\t\t\t<\/a>\n\t\t<\/div>\n\t\t\t\t\t\t\t<\/div>\n\t\t\t\n\t\t\t\t<div id=\"ngg-image-3\" class=\"ngg-gallery-thumbnail-box\n\t\t\t\t\t\t\t\t\t\t\t\"\n\t\t\t>\n\t\t\t\t\t\t<div class=\"ngg-gallery-thumbnail\">\n\t\t<a href=\"https:\/\/www.aclanester56.com\/velo\/wp-content\/gallery\/manosque-2014\/vacances-manosque-04.JPG?t=1407676232\"\n\t\t\ttitle=\" \"\n\t\t\tdata-src=\"https:\/\/www.aclanester56.com\/velo\/wp-content\/gallery\/manosque-2014\/vacances-manosque-04.JPG?t=1407676232\"\n\t\t\tdata-thumbnail=\"https:\/\/www.aclanester56.com\/velo\/wp-content\/gallery\/manosque-2014\/thumbs\/thumbs_vacances-manosque-04.JPG?t=1407676232\"\n\t\t\tdata-image-id=\"6967\"\n\t\t\tdata-image-name=\"vacances-manosque-04.JPG\"\n\t\t\tdata-title=\"vacances-manosque-04\"\n\t\t\tdata-description=\" \"\n\t\t\tdata-image-slug=\"vacances-manosque-04\"\n\t\t\t\t\t\t\t\t\t\t\t\t\t\t\t\t\t\t\t\tclass=\"ngg-simplelightbox\" rel=\"5d2e58b7e361981d9630da8a3075e149\">\n\t\t\t\t\t\t\t\t<img\n\t\t\t\t\ttitle=\"vacances-manosque-04\"\n\t\t\t\t\talt=\"vacances-manosque-04\"\n\t\t\t\t\tsrc=\"https:\/\/www.aclanester56.com\/velo\/wp-content\/gallery\/manosque-2014\/thumbs\/thumbs_vacances-manosque-04.JPG?t=1407676232\"\n\t\t\t\t\twidth=\"100\"\n\t\t\t\t\theight=\"100\"\n\t\t\t\t\tstyle=\"max-width:100%;\"\n\t\t\t\t\/>\n\t\t\t<\/a>\n\t\t<\/div>\n\t\t\t\t\t\t\t<\/div>\n\t\t\t\n\t\t\t\t<div id=\"ngg-image-4\" class=\"ngg-gallery-thumbnail-box\n\t\t\t\t\t\t\t\t\t\t\t\"\n\t\t\t>\n\t\t\t\t\t\t<div class=\"ngg-gallery-thumbnail\">\n\t\t<a href=\"https:\/\/www.aclanester56.com\/velo\/wp-content\/gallery\/manosque-2014\/vacances-manosque-05.JPG?t=1407676235\"\n\t\t\ttitle=\" \"\n\t\t\tdata-src=\"https:\/\/www.aclanester56.com\/velo\/wp-content\/gallery\/manosque-2014\/vacances-manosque-05.JPG?t=1407676235\"\n\t\t\tdata-thumbnail=\"https:\/\/www.aclanester56.com\/velo\/wp-content\/gallery\/manosque-2014\/thumbs\/thumbs_vacances-manosque-05.JPG?t=1407676235\"\n\t\t\tdata-image-id=\"6968\"\n\t\t\tdata-image-name=\"vacances-manosque-05.JPG\"\n\t\t\tdata-title=\"vacances-manosque-05\"\n\t\t\tdata-description=\" \"\n\t\t\tdata-image-slug=\"vacances-manosque-05\"\n\t\t\t\t\t\t\t\t\t\t\t\t\t\t\t\t\t\t\t\tclass=\"ngg-simplelightbox\" rel=\"5d2e58b7e361981d9630da8a3075e149\">\n\t\t\t\t\t\t\t\t<img\n\t\t\t\t\ttitle=\"vacances-manosque-05\"\n\t\t\t\t\talt=\"vacances-manosque-05\"\n\t\t\t\t\tsrc=\"https:\/\/www.aclanester56.com\/velo\/wp-content\/gallery\/manosque-2014\/thumbs\/thumbs_vacances-manosque-05.JPG?t=1407676235\"\n\t\t\t\t\twidth=\"100\"\n\t\t\t\t\theight=\"100\"\n\t\t\t\t\tstyle=\"max-width:100%;\"\n\t\t\t\t\/>\n\t\t\t<\/a>\n\t\t<\/div>\n\t\t\t\t\t\t\t<\/div>\n\t\t\t\n\t\t\t\t<div id=\"ngg-image-5\" class=\"ngg-gallery-thumbnail-box\n\t\t\t\t\t\t\t\t\t\t\t\"\n\t\t\t>\n\t\t\t\t\t\t<div class=\"ngg-gallery-thumbnail\">\n\t\t<a href=\"https:\/\/www.aclanester56.com\/velo\/wp-content\/gallery\/manosque-2014\/vacances-manosque-06.JPG?t=1407676237\"\n\t\t\ttitle=\" \"\n\t\t\tdata-src=\"https:\/\/www.aclanester56.com\/velo\/wp-content\/gallery\/manosque-2014\/vacances-manosque-06.JPG?t=1407676237\"\n\t\t\tdata-thumbnail=\"https:\/\/www.aclanester56.com\/velo\/wp-content\/gallery\/manosque-2014\/thumbs\/thumbs_vacances-manosque-06.JPG?t=1407676237\"\n\t\t\tdata-image-id=\"6969\"\n\t\t\tdata-image-name=\"vacances-manosque-06.JPG\"\n\t\t\tdata-title=\"vacances-manosque-06\"\n\t\t\tdata-description=\" \"\n\t\t\tdata-image-slug=\"vacances-manosque-06\"\n\t\t\t\t\t\t\t\t\t\t\t\t\t\t\t\t\t\t\t\tclass=\"ngg-simplelightbox\" rel=\"5d2e58b7e361981d9630da8a3075e149\">\n\t\t\t\t\t\t\t\t<img\n\t\t\t\t\ttitle=\"vacances-manosque-06\"\n\t\t\t\t\talt=\"vacances-manosque-06\"\n\t\t\t\t\tsrc=\"https:\/\/www.aclanester56.com\/velo\/wp-content\/gallery\/manosque-2014\/thumbs\/thumbs_vacances-manosque-06.JPG?t=1407676237\"\n\t\t\t\t\twidth=\"100\"\n\t\t\t\t\theight=\"100\"\n\t\t\t\t\tstyle=\"max-width:100%;\"\n\t\t\t\t\/>\n\t\t\t<\/a>\n\t\t<\/div>\n\t\t\t\t\t\t\t<\/div>\n\t\t\t\n\t\t\t\t<div id=\"ngg-image-6\" class=\"ngg-gallery-thumbnail-box\n\t\t\t\t\t\t\t\t\t\t\t\"\n\t\t\t>\n\t\t\t\t\t\t<div class=\"ngg-gallery-thumbnail\">\n\t\t<a href=\"https:\/\/www.aclanester56.com\/velo\/wp-content\/gallery\/manosque-2014\/vacances-manosque-07.JPG?t=1407676239\"\n\t\t\ttitle=\" \"\n\t\t\tdata-src=\"https:\/\/www.aclanester56.com\/velo\/wp-content\/gallery\/manosque-2014\/vacances-manosque-07.JPG?t=1407676239\"\n\t\t\tdata-thumbnail=\"https:\/\/www.aclanester56.com\/velo\/wp-content\/gallery\/manosque-2014\/thumbs\/thumbs_vacances-manosque-07.JPG?t=1407676239\"\n\t\t\tdata-image-id=\"6970\"\n\t\t\tdata-image-name=\"vacances-manosque-07.JPG\"\n\t\t\tdata-title=\"vacances-manosque-07\"\n\t\t\tdata-description=\" \"\n\t\t\tdata-image-slug=\"vacances-manosque-07\"\n\t\t\t\t\t\t\t\t\t\t\t\t\t\t\t\t\t\t\t\tclass=\"ngg-simplelightbox\" rel=\"5d2e58b7e361981d9630da8a3075e149\">\n\t\t\t\t\t\t\t\t<img\n\t\t\t\t\ttitle=\"vacances-manosque-07\"\n\t\t\t\t\talt=\"vacances-manosque-07\"\n\t\t\t\t\tsrc=\"https:\/\/www.aclanester56.com\/velo\/wp-content\/gallery\/manosque-2014\/thumbs\/thumbs_vacances-manosque-07.JPG?t=1407676239\"\n\t\t\t\t\twidth=\"100\"\n\t\t\t\t\theight=\"100\"\n\t\t\t\t\tstyle=\"max-width:100%;\"\n\t\t\t\t\/>\n\t\t\t<\/a>\n\t\t<\/div>\n\t\t\t\t\t\t\t<\/div>\n\t\t\t\n\t\t\t\t<div id=\"ngg-image-7\" class=\"ngg-gallery-thumbnail-box\n\t\t\t\t\t\t\t\t\t\t\t\"\n\t\t\t>\n\t\t\t\t\t\t<div class=\"ngg-gallery-thumbnail\">\n\t\t<a href=\"https:\/\/www.aclanester56.com\/velo\/wp-content\/gallery\/manosque-2014\/vacances-manosque-08.JPG?t=1407676241\"\n\t\t\ttitle=\" \"\n\t\t\tdata-src=\"https:\/\/www.aclanester56.com\/velo\/wp-content\/gallery\/manosque-2014\/vacances-manosque-08.JPG?t=1407676241\"\n\t\t\tdata-thumbnail=\"https:\/\/www.aclanester56.com\/velo\/wp-content\/gallery\/manosque-2014\/thumbs\/thumbs_vacances-manosque-08.JPG?t=1407676241\"\n\t\t\tdata-image-id=\"6971\"\n\t\t\tdata-image-name=\"vacances-manosque-08.JPG\"\n\t\t\tdata-title=\"vacances-manosque-08\"\n\t\t\tdata-description=\" \"\n\t\t\tdata-image-slug=\"vacances-manosque-08\"\n\t\t\t\t\t\t\t\t\t\t\t\t\t\t\t\t\t\t\t\tclass=\"ngg-simplelightbox\" rel=\"5d2e58b7e361981d9630da8a3075e149\">\n\t\t\t\t\t\t\t\t<img\n\t\t\t\t\ttitle=\"vacances-manosque-08\"\n\t\t\t\t\talt=\"vacances-manosque-08\"\n\t\t\t\t\tsrc=\"https:\/\/www.aclanester56.com\/velo\/wp-content\/gallery\/manosque-2014\/thumbs\/thumbs_vacances-manosque-08.JPG?t=1407676241\"\n\t\t\t\t\twidth=\"100\"\n\t\t\t\t\theight=\"100\"\n\t\t\t\t\tstyle=\"max-width:100%;\"\n\t\t\t\t\/>\n\t\t\t<\/a>\n\t\t<\/div>\n\t\t\t\t\t\t\t<\/div>\n\t\t\t\n\t\t\t\t<div id=\"ngg-image-8\" class=\"ngg-gallery-thumbnail-box\n\t\t\t\t\t\t\t\t\t\t\t\"\n\t\t\t>\n\t\t\t\t\t\t<div class=\"ngg-gallery-thumbnail\">\n\t\t<a href=\"https:\/\/www.aclanester56.com\/velo\/wp-content\/gallery\/manosque-2014\/vacances-manosque-09.JPG?t=1407676243\"\n\t\t\ttitle=\" \"\n\t\t\tdata-src=\"https:\/\/www.aclanester56.com\/velo\/wp-content\/gallery\/manosque-2014\/vacances-manosque-09.JPG?t=1407676243\"\n\t\t\tdata-thumbnail=\"https:\/\/www.aclanester56.com\/velo\/wp-content\/gallery\/manosque-2014\/thumbs\/thumbs_vacances-manosque-09.JPG?t=1407676243\"\n\t\t\tdata-image-id=\"6972\"\n\t\t\tdata-image-name=\"vacances-manosque-09.JPG\"\n\t\t\tdata-title=\"vacances-manosque-09\"\n\t\t\tdata-description=\" \"\n\t\t\tdata-image-slug=\"vacances-manosque-09\"\n\t\t\t\t\t\t\t\t\t\t\t\t\t\t\t\t\t\t\t\tclass=\"ngg-simplelightbox\" rel=\"5d2e58b7e361981d9630da8a3075e149\">\n\t\t\t\t\t\t\t\t<img\n\t\t\t\t\ttitle=\"vacances-manosque-09\"\n\t\t\t\t\talt=\"vacances-manosque-09\"\n\t\t\t\t\tsrc=\"https:\/\/www.aclanester56.com\/velo\/wp-content\/gallery\/manosque-2014\/thumbs\/thumbs_vacances-manosque-09.JPG?t=1407676243\"\n\t\t\t\t\twidth=\"100\"\n\t\t\t\t\theight=\"100\"\n\t\t\t\t\tstyle=\"max-width:100%;\"\n\t\t\t\t\/>\n\t\t\t<\/a>\n\t\t<\/div>\n\t\t\t\t\t\t\t<\/div>\n\t\t\t\n\t\t\t\t<div id=\"ngg-image-9\" class=\"ngg-gallery-thumbnail-box\n\t\t\t\t\t\t\t\t\t\t\t\"\n\t\t\t>\n\t\t\t\t\t\t<div class=\"ngg-gallery-thumbnail\">\n\t\t<a href=\"https:\/\/www.aclanester56.com\/velo\/wp-content\/gallery\/manosque-2014\/vacances-manosque-14.JPG?t=1407676246\"\n\t\t\ttitle=\" \"\n\t\t\tdata-src=\"https:\/\/www.aclanester56.com\/velo\/wp-content\/gallery\/manosque-2014\/vacances-manosque-14.JPG?t=1407676246\"\n\t\t\tdata-thumbnail=\"https:\/\/www.aclanester56.com\/velo\/wp-content\/gallery\/manosque-2014\/thumbs\/thumbs_vacances-manosque-14.JPG?t=1407676246\"\n\t\t\tdata-image-id=\"6973\"\n\t\t\tdata-image-name=\"vacances-manosque-14.JPG\"\n\t\t\tdata-title=\"vacances-manosque-14\"\n\t\t\tdata-description=\" \"\n\t\t\tdata-image-slug=\"vacances-manosque-14\"\n\t\t\t\t\t\t\t\t\t\t\t\t\t\t\t\t\t\t\t\tclass=\"ngg-simplelightbox\" rel=\"5d2e58b7e361981d9630da8a3075e149\">\n\t\t\t\t\t\t\t\t<img\n\t\t\t\t\ttitle=\"vacances-manosque-14\"\n\t\t\t\t\talt=\"vacances-manosque-14\"\n\t\t\t\t\tsrc=\"https:\/\/www.aclanester56.com\/velo\/wp-content\/gallery\/manosque-2014\/thumbs\/thumbs_vacances-manosque-14.JPG?t=1407676246\"\n\t\t\t\t\twidth=\"100\"\n\t\t\t\t\theight=\"100\"\n\t\t\t\t\tstyle=\"max-width:100%;\"\n\t\t\t\t\/>\n\t\t\t<\/a>\n\t\t<\/div>\n\t\t\t\t\t\t\t<\/div>\n\t\t\t\n\t\t\t\t<div id=\"ngg-image-10\" class=\"ngg-gallery-thumbnail-box\n\t\t\t\t\t\t\t\t\t\t\t\"\n\t\t\t>\n\t\t\t\t\t\t<div class=\"ngg-gallery-thumbnail\">\n\t\t<a href=\"https:\/\/www.aclanester56.com\/velo\/wp-content\/gallery\/manosque-2014\/vacances-manosque-15.JPG?t=1407676249\"\n\t\t\ttitle=\" \"\n\t\t\tdata-src=\"https:\/\/www.aclanester56.com\/velo\/wp-content\/gallery\/manosque-2014\/vacances-manosque-15.JPG?t=1407676249\"\n\t\t\tdata-thumbnail=\"https:\/\/www.aclanester56.com\/velo\/wp-content\/gallery\/manosque-2014\/thumbs\/thumbs_vacances-manosque-15.JPG?t=1407676249\"\n\t\t\tdata-image-id=\"6974\"\n\t\t\tdata-image-name=\"vacances-manosque-15.JPG\"\n\t\t\tdata-title=\"vacances-manosque-15\"\n\t\t\tdata-description=\" \"\n\t\t\tdata-image-slug=\"vacances-manosque-15\"\n\t\t\t\t\t\t\t\t\t\t\t\t\t\t\t\t\t\t\t\tclass=\"ngg-simplelightbox\" rel=\"5d2e58b7e361981d9630da8a3075e149\">\n\t\t\t\t\t\t\t\t<img\n\t\t\t\t\ttitle=\"vacances-manosque-15\"\n\t\t\t\t\talt=\"vacances-manosque-15\"\n\t\t\t\t\tsrc=\"https:\/\/www.aclanester56.com\/velo\/wp-content\/gallery\/manosque-2014\/thumbs\/thumbs_vacances-manosque-15.JPG?t=1407676249\"\n\t\t\t\t\twidth=\"100\"\n\t\t\t\t\theight=\"100\"\n\t\t\t\t\tstyle=\"max-width:100%;\"\n\t\t\t\t\/>\n\t\t\t<\/a>\n\t\t<\/div>\n\t\t\t\t\t\t\t<\/div>\n\t\t\t\n\t\t\t\t<div id=\"ngg-image-11\" class=\"ngg-gallery-thumbnail-box\n\t\t\t\t\t\t\t\t\t\t\t\"\n\t\t\t>\n\t\t\t\t\t\t<div class=\"ngg-gallery-thumbnail\">\n\t\t<a href=\"https:\/\/www.aclanester56.com\/velo\/wp-content\/gallery\/manosque-2014\/vacances-manosque-16.JPG?t=1407676251\"\n\t\t\ttitle=\" \"\n\t\t\tdata-src=\"https:\/\/www.aclanester56.com\/velo\/wp-content\/gallery\/manosque-2014\/vacances-manosque-16.JPG?t=1407676251\"\n\t\t\tdata-thumbnail=\"https:\/\/www.aclanester56.com\/velo\/wp-content\/gallery\/manosque-2014\/thumbs\/thumbs_vacances-manosque-16.JPG?t=1407676251\"\n\t\t\tdata-image-id=\"6975\"\n\t\t\tdata-image-name=\"vacances-manosque-16.JPG\"\n\t\t\tdata-title=\"vacances-manosque-16\"\n\t\t\tdata-description=\" \"\n\t\t\tdata-image-slug=\"vacances-manosque-16\"\n\t\t\t\t\t\t\t\t\t\t\t\t\t\t\t\t\t\t\t\tclass=\"ngg-simplelightbox\" rel=\"5d2e58b7e361981d9630da8a3075e149\">\n\t\t\t\t\t\t\t\t<img\n\t\t\t\t\ttitle=\"vacances-manosque-16\"\n\t\t\t\t\talt=\"vacances-manosque-16\"\n\t\t\t\t\tsrc=\"https:\/\/www.aclanester56.com\/velo\/wp-content\/gallery\/manosque-2014\/thumbs\/thumbs_vacances-manosque-16.JPG?t=1407676251\"\n\t\t\t\t\twidth=\"100\"\n\t\t\t\t\theight=\"100\"\n\t\t\t\t\tstyle=\"max-width:100%;\"\n\t\t\t\t\/>\n\t\t\t<\/a>\n\t\t<\/div>\n\t\t\t\t\t\t\t<\/div>\n\t\t\t\n\t\t\t\t<div id=\"ngg-image-12\" class=\"ngg-gallery-thumbnail-box\n\t\t\t\t\t\t\t\t\t\t\t\"\n\t\t\t>\n\t\t\t\t\t\t<div class=\"ngg-gallery-thumbnail\">\n\t\t<a href=\"https:\/\/www.aclanester56.com\/velo\/wp-content\/gallery\/manosque-2014\/vacances-manosque-17.JPG?t=1407676255\"\n\t\t\ttitle=\" \"\n\t\t\tdata-src=\"https:\/\/www.aclanester56.com\/velo\/wp-content\/gallery\/manosque-2014\/vacances-manosque-17.JPG?t=1407676255\"\n\t\t\tdata-thumbnail=\"https:\/\/www.aclanester56.com\/velo\/wp-content\/gallery\/manosque-2014\/thumbs\/thumbs_vacances-manosque-17.JPG?t=1407676255\"\n\t\t\tdata-image-id=\"6976\"\n\t\t\tdata-image-name=\"vacances-manosque-17.JPG\"\n\t\t\tdata-title=\"vacances-manosque-17\"\n\t\t\tdata-description=\" \"\n\t\t\tdata-image-slug=\"vacances-manosque-17\"\n\t\t\t\t\t\t\t\t\t\t\t\t\t\t\t\t\t\t\t\tclass=\"ngg-simplelightbox\" rel=\"5d2e58b7e361981d9630da8a3075e149\">\n\t\t\t\t\t\t\t\t<img\n\t\t\t\t\ttitle=\"vacances-manosque-17\"\n\t\t\t\t\talt=\"vacances-manosque-17\"\n\t\t\t\t\tsrc=\"https:\/\/www.aclanester56.com\/velo\/wp-content\/gallery\/manosque-2014\/thumbs\/thumbs_vacances-manosque-17.JPG?t=1407676255\"\n\t\t\t\t\twidth=\"100\"\n\t\t\t\t\theight=\"100\"\n\t\t\t\t\tstyle=\"max-width:100%;\"\n\t\t\t\t\/>\n\t\t\t<\/a>\n\t\t<\/div>\n\t\t\t\t\t\t\t<\/div>\n\t\t\t\n\t\t\t\t<div id=\"ngg-image-13\" class=\"ngg-gallery-thumbnail-box\n\t\t\t\t\t\t\t\t\t\t\t\"\n\t\t\t>\n\t\t\t\t\t\t<div class=\"ngg-gallery-thumbnail\">\n\t\t<a href=\"https:\/\/www.aclanester56.com\/velo\/wp-content\/gallery\/manosque-2014\/vacances-manosque-18.JPG?t=1407676258\"\n\t\t\ttitle=\" \"\n\t\t\tdata-src=\"https:\/\/www.aclanester56.com\/velo\/wp-content\/gallery\/manosque-2014\/vacances-manosque-18.JPG?t=1407676258\"\n\t\t\tdata-thumbnail=\"https:\/\/www.aclanester56.com\/velo\/wp-content\/gallery\/manosque-2014\/thumbs\/thumbs_vacances-manosque-18.JPG?t=1407676258\"\n\t\t\tdata-image-id=\"6977\"\n\t\t\tdata-image-name=\"vacances-manosque-18.JPG\"\n\t\t\tdata-title=\"vacances-manosque-18\"\n\t\t\tdata-description=\" \"\n\t\t\tdata-image-slug=\"vacances-manosque-18\"\n\t\t\t\t\t\t\t\t\t\t\t\t\t\t\t\t\t\t\t\tclass=\"ngg-simplelightbox\" rel=\"5d2e58b7e361981d9630da8a3075e149\">\n\t\t\t\t\t\t\t\t<img\n\t\t\t\t\ttitle=\"vacances-manosque-18\"\n\t\t\t\t\talt=\"vacances-manosque-18\"\n\t\t\t\t\tsrc=\"https:\/\/www.aclanester56.com\/velo\/wp-content\/gallery\/manosque-2014\/thumbs\/thumbs_vacances-manosque-18.JPG?t=1407676258\"\n\t\t\t\t\twidth=\"100\"\n\t\t\t\t\theight=\"100\"\n\t\t\t\t\tstyle=\"max-width:100%;\"\n\t\t\t\t\/>\n\t\t\t<\/a>\n\t\t<\/div>\n\t\t\t\t\t\t\t<\/div>\n\t\t\t\n\t\t\t\t<div id=\"ngg-image-14\" class=\"ngg-gallery-thumbnail-box\n\t\t\t\t\t\t\t\t\t\t\t\"\n\t\t\t>\n\t\t\t\t\t\t<div class=\"ngg-gallery-thumbnail\">\n\t\t<a href=\"https:\/\/www.aclanester56.com\/velo\/wp-content\/gallery\/manosque-2014\/vacances-manosque-20.JPG?t=1407676261\"\n\t\t\ttitle=\" \"\n\t\t\tdata-src=\"https:\/\/www.aclanester56.com\/velo\/wp-content\/gallery\/manosque-2014\/vacances-manosque-20.JPG?t=1407676261\"\n\t\t\tdata-thumbnail=\"https:\/\/www.aclanester56.com\/velo\/wp-content\/gallery\/manosque-2014\/thumbs\/thumbs_vacances-manosque-20.JPG?t=1407676261\"\n\t\t\tdata-image-id=\"6978\"\n\t\t\tdata-image-name=\"vacances-manosque-20.JPG\"\n\t\t\tdata-title=\"vacances-manosque-20\"\n\t\t\tdata-description=\" \"\n\t\t\tdata-image-slug=\"vacances-manosque-20\"\n\t\t\t\t\t\t\t\t\t\t\t\t\t\t\t\t\t\t\t\tclass=\"ngg-simplelightbox\" rel=\"5d2e58b7e361981d9630da8a3075e149\">\n\t\t\t\t\t\t\t\t<img\n\t\t\t\t\ttitle=\"vacances-manosque-20\"\n\t\t\t\t\talt=\"vacances-manosque-20\"\n\t\t\t\t\tsrc=\"https:\/\/www.aclanester56.com\/velo\/wp-content\/gallery\/manosque-2014\/thumbs\/thumbs_vacances-manosque-20.JPG?t=1407676261\"\n\t\t\t\t\twidth=\"100\"\n\t\t\t\t\theight=\"100\"\n\t\t\t\t\tstyle=\"max-width:100%;\"\n\t\t\t\t\/>\n\t\t\t<\/a>\n\t\t<\/div>\n\t\t\t\t\t\t\t<\/div>\n\t\t\t\n\t\t\t\t<div id=\"ngg-image-15\" class=\"ngg-gallery-thumbnail-box\n\t\t\t\t\t\t\t\t\t\t\t\"\n\t\t\t>\n\t\t\t\t\t\t<div class=\"ngg-gallery-thumbnail\">\n\t\t<a href=\"https:\/\/www.aclanester56.com\/velo\/wp-content\/gallery\/manosque-2014\/vacances-manosque-21.JPG?t=1407676265\"\n\t\t\ttitle=\" \"\n\t\t\tdata-src=\"https:\/\/www.aclanester56.com\/velo\/wp-content\/gallery\/manosque-2014\/vacances-manosque-21.JPG?t=1407676265\"\n\t\t\tdata-thumbnail=\"https:\/\/www.aclanester56.com\/velo\/wp-content\/gallery\/manosque-2014\/thumbs\/thumbs_vacances-manosque-21.JPG?t=1407676265\"\n\t\t\tdata-image-id=\"6979\"\n\t\t\tdata-image-name=\"vacances-manosque-21.JPG\"\n\t\t\tdata-title=\"vacances-manosque-21\"\n\t\t\tdata-description=\" \"\n\t\t\tdata-image-slug=\"vacances-manosque-21\"\n\t\t\t\t\t\t\t\t\t\t\t\t\t\t\t\t\t\t\t\tclass=\"ngg-simplelightbox\" rel=\"5d2e58b7e361981d9630da8a3075e149\">\n\t\t\t\t\t\t\t\t<img\n\t\t\t\t\ttitle=\"vacances-manosque-21\"\n\t\t\t\t\talt=\"vacances-manosque-21\"\n\t\t\t\t\tsrc=\"https:\/\/www.aclanester56.com\/velo\/wp-content\/gallery\/manosque-2014\/thumbs\/thumbs_vacances-manosque-21.JPG?t=1407676265\"\n\t\t\t\t\twidth=\"100\"\n\t\t\t\t\theight=\"100\"\n\t\t\t\t\tstyle=\"max-width:100%;\"\n\t\t\t\t\/>\n\t\t\t<\/a>\n\t\t<\/div>\n\t\t\t\t\t\t\t<\/div>\n\t\t\t\n\t\t\t\t<div id=\"ngg-image-16\" class=\"ngg-gallery-thumbnail-box\n\t\t\t\t\t\t\t\t\t\t\t\"\n\t\t\t>\n\t\t\t\t\t\t<div class=\"ngg-gallery-thumbnail\">\n\t\t<a href=\"https:\/\/www.aclanester56.com\/velo\/wp-content\/gallery\/manosque-2014\/vacances-manosque-22.JPG?t=1407676268\"\n\t\t\ttitle=\" \"\n\t\t\tdata-src=\"https:\/\/www.aclanester56.com\/velo\/wp-content\/gallery\/manosque-2014\/vacances-manosque-22.JPG?t=1407676268\"\n\t\t\tdata-thumbnail=\"https:\/\/www.aclanester56.com\/velo\/wp-content\/gallery\/manosque-2014\/thumbs\/thumbs_vacances-manosque-22.JPG?t=1407676268\"\n\t\t\tdata-image-id=\"6980\"\n\t\t\tdata-image-name=\"vacances-manosque-22.JPG\"\n\t\t\tdata-title=\"vacances-manosque-22\"\n\t\t\tdata-description=\" \"\n\t\t\tdata-image-slug=\"vacances-manosque-22\"\n\t\t\t\t\t\t\t\t\t\t\t\t\t\t\t\t\t\t\t\tclass=\"ngg-simplelightbox\" rel=\"5d2e58b7e361981d9630da8a3075e149\">\n\t\t\t\t\t\t\t\t<img\n\t\t\t\t\ttitle=\"vacances-manosque-22\"\n\t\t\t\t\talt=\"vacances-manosque-22\"\n\t\t\t\t\tsrc=\"https:\/\/www.aclanester56.com\/velo\/wp-content\/gallery\/manosque-2014\/thumbs\/thumbs_vacances-manosque-22.JPG?t=1407676268\"\n\t\t\t\t\twidth=\"100\"\n\t\t\t\t\theight=\"100\"\n\t\t\t\t\tstyle=\"max-width:100%;\"\n\t\t\t\t\/>\n\t\t\t<\/a>\n\t\t<\/div>\n\t\t\t\t\t\t\t<\/div>\n\t\t\t\n\t\t\t\t<div id=\"ngg-image-17\" class=\"ngg-gallery-thumbnail-box\n\t\t\t\t\t\t\t\t\t\t\t\"\n\t\t\t>\n\t\t\t\t\t\t<div class=\"ngg-gallery-thumbnail\">\n\t\t<a href=\"https:\/\/www.aclanester56.com\/velo\/wp-content\/gallery\/manosque-2014\/vacances-manosque-23.JPG?t=1407676271\"\n\t\t\ttitle=\" \"\n\t\t\tdata-src=\"https:\/\/www.aclanester56.com\/velo\/wp-content\/gallery\/manosque-2014\/vacances-manosque-23.JPG?t=1407676271\"\n\t\t\tdata-thumbnail=\"https:\/\/www.aclanester56.com\/velo\/wp-content\/gallery\/manosque-2014\/thumbs\/thumbs_vacances-manosque-23.JPG?t=1407676271\"\n\t\t\tdata-image-id=\"6981\"\n\t\t\tdata-image-name=\"vacances-manosque-23.JPG\"\n\t\t\tdata-title=\"vacances-manosque-23\"\n\t\t\tdata-description=\" \"\n\t\t\tdata-image-slug=\"vacances-manosque-23\"\n\t\t\t\t\t\t\t\t\t\t\t\t\t\t\t\t\t\t\t\tclass=\"ngg-simplelightbox\" rel=\"5d2e58b7e361981d9630da8a3075e149\">\n\t\t\t\t\t\t\t\t<img\n\t\t\t\t\ttitle=\"vacances-manosque-23\"\n\t\t\t\t\talt=\"vacances-manosque-23\"\n\t\t\t\t\tsrc=\"https:\/\/www.aclanester56.com\/velo\/wp-content\/gallery\/manosque-2014\/thumbs\/thumbs_vacances-manosque-23.JPG?t=1407676271\"\n\t\t\t\t\twidth=\"100\"\n\t\t\t\t\theight=\"100\"\n\t\t\t\t\tstyle=\"max-width:100%;\"\n\t\t\t\t\/>\n\t\t\t<\/a>\n\t\t<\/div>\n\t\t\t\t\t\t\t<\/div>\n\t\t\t\n\t\t\t\t<div id=\"ngg-image-18\" class=\"ngg-gallery-thumbnail-box\n\t\t\t\t\t\t\t\t\t\t\t\"\n\t\t\t>\n\t\t\t\t\t\t<div class=\"ngg-gallery-thumbnail\">\n\t\t<a href=\"https:\/\/www.aclanester56.com\/velo\/wp-content\/gallery\/manosque-2014\/vacances-manosque-24.JPG?t=1407676273\"\n\t\t\ttitle=\" \"\n\t\t\tdata-src=\"https:\/\/www.aclanester56.com\/velo\/wp-content\/gallery\/manosque-2014\/vacances-manosque-24.JPG?t=1407676273\"\n\t\t\tdata-thumbnail=\"https:\/\/www.aclanester56.com\/velo\/wp-content\/gallery\/manosque-2014\/thumbs\/thumbs_vacances-manosque-24.JPG?t=1407676273\"\n\t\t\tdata-image-id=\"6982\"\n\t\t\tdata-image-name=\"vacances-manosque-24.JPG\"\n\t\t\tdata-title=\"vacances-manosque-24\"\n\t\t\tdata-description=\" \"\n\t\t\tdata-image-slug=\"vacances-manosque-24\"\n\t\t\t\t\t\t\t\t\t\t\t\t\t\t\t\t\t\t\t\tclass=\"ngg-simplelightbox\" rel=\"5d2e58b7e361981d9630da8a3075e149\">\n\t\t\t\t\t\t\t\t<img\n\t\t\t\t\ttitle=\"vacances-manosque-24\"\n\t\t\t\t\talt=\"vacances-manosque-24\"\n\t\t\t\t\tsrc=\"https:\/\/www.aclanester56.com\/velo\/wp-content\/gallery\/manosque-2014\/thumbs\/thumbs_vacances-manosque-24.JPG?t=1407676273\"\n\t\t\t\t\twidth=\"100\"\n\t\t\t\t\theight=\"100\"\n\t\t\t\t\tstyle=\"max-width:100%;\"\n\t\t\t\t\/>\n\t\t\t<\/a>\n\t\t<\/div>\n\t\t\t\t\t\t\t<\/div>\n\t\t\t\n\t\t\t\t<div id=\"ngg-image-19\" class=\"ngg-gallery-thumbnail-box\n\t\t\t\t\t\t\t\t\t\t\t\"\n\t\t\t>\n\t\t\t\t\t\t<div class=\"ngg-gallery-thumbnail\">\n\t\t<a href=\"https:\/\/www.aclanester56.com\/velo\/wp-content\/gallery\/manosque-2014\/vacances-manosque-26.JPG?t=1407676276\"\n\t\t\ttitle=\" \"\n\t\t\tdata-src=\"https:\/\/www.aclanester56.com\/velo\/wp-content\/gallery\/manosque-2014\/vacances-manosque-26.JPG?t=1407676276\"\n\t\t\tdata-thumbnail=\"https:\/\/www.aclanester56.com\/velo\/wp-content\/gallery\/manosque-2014\/thumbs\/thumbs_vacances-manosque-26.JPG?t=1407676276\"\n\t\t\tdata-image-id=\"6983\"\n\t\t\tdata-image-name=\"vacances-manosque-26.JPG\"\n\t\t\tdata-title=\"vacances-manosque-26\"\n\t\t\tdata-description=\" \"\n\t\t\tdata-image-slug=\"vacances-manosque-26\"\n\t\t\t\t\t\t\t\t\t\t\t\t\t\t\t\t\t\t\t\tclass=\"ngg-simplelightbox\" rel=\"5d2e58b7e361981d9630da8a3075e149\">\n\t\t\t\t\t\t\t\t<img\n\t\t\t\t\ttitle=\"vacances-manosque-26\"\n\t\t\t\t\talt=\"vacances-manosque-26\"\n\t\t\t\t\tsrc=\"https:\/\/www.aclanester56.com\/velo\/wp-content\/gallery\/manosque-2014\/thumbs\/thumbs_vacances-manosque-26.JPG?t=1407676276\"\n\t\t\t\t\twidth=\"100\"\n\t\t\t\t\theight=\"100\"\n\t\t\t\t\tstyle=\"max-width:100%;\"\n\t\t\t\t\/>\n\t\t\t<\/a>\n\t\t<\/div>\n\t\t\t\t\t\t\t<\/div>\n\t\t\t\n\t\t\t\t<div id=\"ngg-image-20\" class=\"ngg-gallery-thumbnail-box\n\t\t\t\t\t\t\t\t\t\t\t\"\n\t\t\t>\n\t\t\t\t\t\t<div class=\"ngg-gallery-thumbnail\">\n\t\t<a href=\"https:\/\/www.aclanester56.com\/velo\/wp-content\/gallery\/manosque-2014\/vacances-manosque-27.JPG?t=1407676278\"\n\t\t\ttitle=\" \"\n\t\t\tdata-src=\"https:\/\/www.aclanester56.com\/velo\/wp-content\/gallery\/manosque-2014\/vacances-manosque-27.JPG?t=1407676278\"\n\t\t\tdata-thumbnail=\"https:\/\/www.aclanester56.com\/velo\/wp-content\/gallery\/manosque-2014\/thumbs\/thumbs_vacances-manosque-27.JPG?t=1407676278\"\n\t\t\tdata-image-id=\"6984\"\n\t\t\tdata-image-name=\"vacances-manosque-27.JPG\"\n\t\t\tdata-title=\"vacances-manosque-27\"\n\t\t\tdata-description=\" \"\n\t\t\tdata-image-slug=\"vacances-manosque-27\"\n\t\t\t\t\t\t\t\t\t\t\t\t\t\t\t\t\t\t\t\tclass=\"ngg-simplelightbox\" rel=\"5d2e58b7e361981d9630da8a3075e149\">\n\t\t\t\t\t\t\t\t<img\n\t\t\t\t\ttitle=\"vacances-manosque-27\"\n\t\t\t\t\talt=\"vacances-manosque-27\"\n\t\t\t\t\tsrc=\"https:\/\/www.aclanester56.com\/velo\/wp-content\/gallery\/manosque-2014\/thumbs\/thumbs_vacances-manosque-27.JPG?t=1407676278\"\n\t\t\t\t\twidth=\"100\"\n\t\t\t\t\theight=\"100\"\n\t\t\t\t\tstyle=\"max-width:100%;\"\n\t\t\t\t\/>\n\t\t\t<\/a>\n\t\t<\/div>\n\t\t\t\t\t\t\t<\/div>\n\t\t\t\n\t\t\t\t<div id=\"ngg-image-21\" class=\"ngg-gallery-thumbnail-box\n\t\t\t\t\t\t\t\t\t\t\t\"\n\t\t\t>\n\t\t\t\t\t\t<div class=\"ngg-gallery-thumbnail\">\n\t\t<a href=\"https:\/\/www.aclanester56.com\/velo\/wp-content\/gallery\/manosque-2014\/vacances-manosque-28.JPG?t=1407676280\"\n\t\t\ttitle=\" \"\n\t\t\tdata-src=\"https:\/\/www.aclanester56.com\/velo\/wp-content\/gallery\/manosque-2014\/vacances-manosque-28.JPG?t=1407676280\"\n\t\t\tdata-thumbnail=\"https:\/\/www.aclanester56.com\/velo\/wp-content\/gallery\/manosque-2014\/thumbs\/thumbs_vacances-manosque-28.JPG?t=1407676280\"\n\t\t\tdata-image-id=\"6985\"\n\t\t\tdata-image-name=\"vacances-manosque-28.JPG\"\n\t\t\tdata-title=\"vacances-manosque-28\"\n\t\t\tdata-description=\" \"\n\t\t\tdata-image-slug=\"vacances-manosque-28\"\n\t\t\t\t\t\t\t\t\t\t\t\t\t\t\t\t\t\t\t\tclass=\"ngg-simplelightbox\" rel=\"5d2e58b7e361981d9630da8a3075e149\">\n\t\t\t\t\t\t\t\t<img\n\t\t\t\t\ttitle=\"vacances-manosque-28\"\n\t\t\t\t\talt=\"vacances-manosque-28\"\n\t\t\t\t\tsrc=\"https:\/\/www.aclanester56.com\/velo\/wp-content\/gallery\/manosque-2014\/thumbs\/thumbs_vacances-manosque-28.JPG?t=1407676280\"\n\t\t\t\t\twidth=\"100\"\n\t\t\t\t\theight=\"100\"\n\t\t\t\t\tstyle=\"max-width:100%;\"\n\t\t\t\t\/>\n\t\t\t<\/a>\n\t\t<\/div>\n\t\t\t\t\t\t\t<\/div>\n\t\t\t\n\t\t\t\t<div id=\"ngg-image-22\" class=\"ngg-gallery-thumbnail-box\n\t\t\t\t\t\t\t\t\t\t\t\"\n\t\t\t>\n\t\t\t\t\t\t<div class=\"ngg-gallery-thumbnail\">\n\t\t<a href=\"https:\/\/www.aclanester56.com\/velo\/wp-content\/gallery\/manosque-2014\/vacances-manosque-29.JPG?t=1407676282\"\n\t\t\ttitle=\" \"\n\t\t\tdata-src=\"https:\/\/www.aclanester56.com\/velo\/wp-content\/gallery\/manosque-2014\/vacances-manosque-29.JPG?t=1407676282\"\n\t\t\tdata-thumbnail=\"https:\/\/www.aclanester56.com\/velo\/wp-content\/gallery\/manosque-2014\/thumbs\/thumbs_vacances-manosque-29.JPG?t=1407676282\"\n\t\t\tdata-image-id=\"6986\"\n\t\t\tdata-image-name=\"vacances-manosque-29.JPG\"\n\t\t\tdata-title=\"vacances-manosque-29\"\n\t\t\tdata-description=\" \"\n\t\t\tdata-image-slug=\"vacances-manosque-29\"\n\t\t\t\t\t\t\t\t\t\t\t\t\t\t\t\t\t\t\t\tclass=\"ngg-simplelightbox\" rel=\"5d2e58b7e361981d9630da8a3075e149\">\n\t\t\t\t\t\t\t\t<img\n\t\t\t\t\ttitle=\"vacances-manosque-29\"\n\t\t\t\t\talt=\"vacances-manosque-29\"\n\t\t\t\t\tsrc=\"https:\/\/www.aclanester56.com\/velo\/wp-content\/gallery\/manosque-2014\/thumbs\/thumbs_vacances-manosque-29.JPG?t=1407676282\"\n\t\t\t\t\twidth=\"100\"\n\t\t\t\t\theight=\"100\"\n\t\t\t\t\tstyle=\"max-width:100%;\"\n\t\t\t\t\/>\n\t\t\t<\/a>\n\t\t<\/div>\n\t\t\t\t\t\t\t<\/div>\n\t\t\t\n\t\t\t\t<div id=\"ngg-image-23\" class=\"ngg-gallery-thumbnail-box\n\t\t\t\t\t\t\t\t\t\t\t\"\n\t\t\t>\n\t\t\t\t\t\t<div class=\"ngg-gallery-thumbnail\">\n\t\t<a href=\"https:\/\/www.aclanester56.com\/velo\/wp-content\/gallery\/manosque-2014\/vacances-manosque-30.JPG?t=1407676284\"\n\t\t\ttitle=\" \"\n\t\t\tdata-src=\"https:\/\/www.aclanester56.com\/velo\/wp-content\/gallery\/manosque-2014\/vacances-manosque-30.JPG?t=1407676284\"\n\t\t\tdata-thumbnail=\"https:\/\/www.aclanester56.com\/velo\/wp-content\/gallery\/manosque-2014\/thumbs\/thumbs_vacances-manosque-30.JPG?t=1407676284\"\n\t\t\tdata-image-id=\"6987\"\n\t\t\tdata-image-name=\"vacances-manosque-30.JPG\"\n\t\t\tdata-title=\"vacances-manosque-30\"\n\t\t\tdata-description=\" \"\n\t\t\tdata-image-slug=\"vacances-manosque-30\"\n\t\t\t\t\t\t\t\t\t\t\t\t\t\t\t\t\t\t\t\tclass=\"ngg-simplelightbox\" rel=\"5d2e58b7e361981d9630da8a3075e149\">\n\t\t\t\t\t\t\t\t<img\n\t\t\t\t\ttitle=\"vacances-manosque-30\"\n\t\t\t\t\talt=\"vacances-manosque-30\"\n\t\t\t\t\tsrc=\"https:\/\/www.aclanester56.com\/velo\/wp-content\/gallery\/manosque-2014\/thumbs\/thumbs_vacances-manosque-30.JPG?t=1407676284\"\n\t\t\t\t\twidth=\"100\"\n\t\t\t\t\theight=\"100\"\n\t\t\t\t\tstyle=\"max-width:100%;\"\n\t\t\t\t\/>\n\t\t\t<\/a>\n\t\t<\/div>\n\t\t\t\t\t\t\t<\/div>\n\t\t\t\n\t\t\t\t<div id=\"ngg-image-24\" class=\"ngg-gallery-thumbnail-box\n\t\t\t\t\t\t\t\t\t\t\t\"\n\t\t\t>\n\t\t\t\t\t\t<div class=\"ngg-gallery-thumbnail\">\n\t\t<a href=\"https:\/\/www.aclanester56.com\/velo\/wp-content\/gallery\/manosque-2014\/vacances-manosque-31.JPG?t=1407676287\"\n\t\t\ttitle=\" \"\n\t\t\tdata-src=\"https:\/\/www.aclanester56.com\/velo\/wp-content\/gallery\/manosque-2014\/vacances-manosque-31.JPG?t=1407676287\"\n\t\t\tdata-thumbnail=\"https:\/\/www.aclanester56.com\/velo\/wp-content\/gallery\/manosque-2014\/thumbs\/thumbs_vacances-manosque-31.JPG?t=1407676287\"\n\t\t\tdata-image-id=\"6988\"\n\t\t\tdata-image-name=\"vacances-manosque-31.JPG\"\n\t\t\tdata-title=\"vacances-manosque-31\"\n\t\t\tdata-description=\" \"\n\t\t\tdata-image-slug=\"vacances-manosque-31\"\n\t\t\t\t\t\t\t\t\t\t\t\t\t\t\t\t\t\t\t\tclass=\"ngg-simplelightbox\" rel=\"5d2e58b7e361981d9630da8a3075e149\">\n\t\t\t\t\t\t\t\t<img\n\t\t\t\t\ttitle=\"vacances-manosque-31\"\n\t\t\t\t\talt=\"vacances-manosque-31\"\n\t\t\t\t\tsrc=\"https:\/\/www.aclanester56.com\/velo\/wp-content\/gallery\/manosque-2014\/thumbs\/thumbs_vacances-manosque-31.JPG?t=1407676287\"\n\t\t\t\t\twidth=\"100\"\n\t\t\t\t\theight=\"100\"\n\t\t\t\t\tstyle=\"max-width:100%;\"\n\t\t\t\t\/>\n\t\t\t<\/a>\n\t\t<\/div>\n\t\t\t\t\t\t\t<\/div>\n\t\t\t\n\t\t\t\t<div id=\"ngg-image-25\" class=\"ngg-gallery-thumbnail-box\n\t\t\t\t\t\t\t\t\t\t\t\"\n\t\t\t>\n\t\t\t\t\t\t<div class=\"ngg-gallery-thumbnail\">\n\t\t<a href=\"https:\/\/www.aclanester56.com\/velo\/wp-content\/gallery\/manosque-2014\/vacances-manosque-32.JPG?t=1407676290\"\n\t\t\ttitle=\" \"\n\t\t\tdata-src=\"https:\/\/www.aclanester56.com\/velo\/wp-content\/gallery\/manosque-2014\/vacances-manosque-32.JPG?t=1407676290\"\n\t\t\tdata-thumbnail=\"https:\/\/www.aclanester56.com\/velo\/wp-content\/gallery\/manosque-2014\/thumbs\/thumbs_vacances-manosque-32.JPG?t=1407676290\"\n\t\t\tdata-image-id=\"6989\"\n\t\t\tdata-image-name=\"vacances-manosque-32.JPG\"\n\t\t\tdata-title=\"vacances-manosque-32\"\n\t\t\tdata-description=\" \"\n\t\t\tdata-image-slug=\"vacances-manosque-32\"\n\t\t\t\t\t\t\t\t\t\t\t\t\t\t\t\t\t\t\t\tclass=\"ngg-simplelightbox\" rel=\"5d2e58b7e361981d9630da8a3075e149\">\n\t\t\t\t\t\t\t\t<img\n\t\t\t\t\ttitle=\"vacances-manosque-32\"\n\t\t\t\t\talt=\"vacances-manosque-32\"\n\t\t\t\t\tsrc=\"https:\/\/www.aclanester56.com\/velo\/wp-content\/gallery\/manosque-2014\/thumbs\/thumbs_vacances-manosque-32.JPG?t=1407676290\"\n\t\t\t\t\twidth=\"100\"\n\t\t\t\t\theight=\"100\"\n\t\t\t\t\tstyle=\"max-width:100%;\"\n\t\t\t\t\/>\n\t\t\t<\/a>\n\t\t<\/div>\n\t\t\t\t\t\t\t<\/div>\n\t\t\t\n\t\t\t\t<div id=\"ngg-image-26\" class=\"ngg-gallery-thumbnail-box\n\t\t\t\t\t\t\t\t\t\t\t\"\n\t\t\t>\n\t\t\t\t\t\t<div class=\"ngg-gallery-thumbnail\">\n\t\t<a href=\"https:\/\/www.aclanester56.com\/velo\/wp-content\/gallery\/manosque-2014\/vacances-manosque-33.JPG?t=1407676292\"\n\t\t\ttitle=\" \"\n\t\t\tdata-src=\"https:\/\/www.aclanester56.com\/velo\/wp-content\/gallery\/manosque-2014\/vacances-manosque-33.JPG?t=1407676292\"\n\t\t\tdata-thumbnail=\"https:\/\/www.aclanester56.com\/velo\/wp-content\/gallery\/manosque-2014\/thumbs\/thumbs_vacances-manosque-33.JPG?t=1407676292\"\n\t\t\tdata-image-id=\"6990\"\n\t\t\tdata-image-name=\"vacances-manosque-33.JPG\"\n\t\t\tdata-title=\"vacances-manosque-33\"\n\t\t\tdata-description=\" \"\n\t\t\tdata-image-slug=\"vacances-manosque-33\"\n\t\t\t\t\t\t\t\t\t\t\t\t\t\t\t\t\t\t\t\tclass=\"ngg-simplelightbox\" rel=\"5d2e58b7e361981d9630da8a3075e149\">\n\t\t\t\t\t\t\t\t<img\n\t\t\t\t\ttitle=\"vacances-manosque-33\"\n\t\t\t\t\talt=\"vacances-manosque-33\"\n\t\t\t\t\tsrc=\"https:\/\/www.aclanester56.com\/velo\/wp-content\/gallery\/manosque-2014\/thumbs\/thumbs_vacances-manosque-33.JPG?t=1407676292\"\n\t\t\t\t\twidth=\"100\"\n\t\t\t\t\theight=\"100\"\n\t\t\t\t\tstyle=\"max-width:100%;\"\n\t\t\t\t\/>\n\t\t\t<\/a>\n\t\t<\/div>\n\t\t\t\t\t\t\t<\/div>\n\t\t\t\n\t\t\t\t<div id=\"ngg-image-27\" class=\"ngg-gallery-thumbnail-box\n\t\t\t\t\t\t\t\t\t\t\t\"\n\t\t\t>\n\t\t\t\t\t\t<div class=\"ngg-gallery-thumbnail\">\n\t\t<a href=\"https:\/\/www.aclanester56.com\/velo\/wp-content\/gallery\/manosque-2014\/vacances-manosque-34.JPG?t=1407676295\"\n\t\t\ttitle=\" \"\n\t\t\tdata-src=\"https:\/\/www.aclanester56.com\/velo\/wp-content\/gallery\/manosque-2014\/vacances-manosque-34.JPG?t=1407676295\"\n\t\t\tdata-thumbnail=\"https:\/\/www.aclanester56.com\/velo\/wp-content\/gallery\/manosque-2014\/thumbs\/thumbs_vacances-manosque-34.JPG?t=1407676295\"\n\t\t\tdata-image-id=\"6991\"\n\t\t\tdata-image-name=\"vacances-manosque-34.JPG\"\n\t\t\tdata-title=\"vacances-manosque-34\"\n\t\t\tdata-description=\" \"\n\t\t\tdata-image-slug=\"vacances-manosque-34\"\n\t\t\t\t\t\t\t\t\t\t\t\t\t\t\t\t\t\t\t\tclass=\"ngg-simplelightbox\" rel=\"5d2e58b7e361981d9630da8a3075e149\">\n\t\t\t\t\t\t\t\t<img\n\t\t\t\t\ttitle=\"vacances-manosque-34\"\n\t\t\t\t\talt=\"vacances-manosque-34\"\n\t\t\t\t\tsrc=\"https:\/\/www.aclanester56.com\/velo\/wp-content\/gallery\/manosque-2014\/thumbs\/thumbs_vacances-manosque-34.JPG?t=1407676295\"\n\t\t\t\t\twidth=\"100\"\n\t\t\t\t\theight=\"100\"\n\t\t\t\t\tstyle=\"max-width:100%;\"\n\t\t\t\t\/>\n\t\t\t<\/a>\n\t\t<\/div>\n\t\t\t\t\t\t\t<\/div>\n\t\t\t\n\t\t\t\t<div id=\"ngg-image-28\" class=\"ngg-gallery-thumbnail-box\n\t\t\t\t\t\t\t\t\t\t\t\"\n\t\t\t>\n\t\t\t\t\t\t<div class=\"ngg-gallery-thumbnail\">\n\t\t<a href=\"https:\/\/www.aclanester56.com\/velo\/wp-content\/gallery\/manosque-2014\/vacances-manosque-35.JPG?t=1407676297\"\n\t\t\ttitle=\" \"\n\t\t\tdata-src=\"https:\/\/www.aclanester56.com\/velo\/wp-content\/gallery\/manosque-2014\/vacances-manosque-35.JPG?t=1407676297\"\n\t\t\tdata-thumbnail=\"https:\/\/www.aclanester56.com\/velo\/wp-content\/gallery\/manosque-2014\/thumbs\/thumbs_vacances-manosque-35.JPG?t=1407676297\"\n\t\t\tdata-image-id=\"6992\"\n\t\t\tdata-image-name=\"vacances-manosque-35.JPG\"\n\t\t\tdata-title=\"vacances-manosque-35\"\n\t\t\tdata-description=\" \"\n\t\t\tdata-image-slug=\"vacances-manosque-35\"\n\t\t\t\t\t\t\t\t\t\t\t\t\t\t\t\t\t\t\t\tclass=\"ngg-simplelightbox\" rel=\"5d2e58b7e361981d9630da8a3075e149\">\n\t\t\t\t\t\t\t\t<img\n\t\t\t\t\ttitle=\"vacances-manosque-35\"\n\t\t\t\t\talt=\"vacances-manosque-35\"\n\t\t\t\t\tsrc=\"https:\/\/www.aclanester56.com\/velo\/wp-content\/gallery\/manosque-2014\/thumbs\/thumbs_vacances-manosque-35.JPG?t=1407676297\"\n\t\t\t\t\twidth=\"100\"\n\t\t\t\t\theight=\"100\"\n\t\t\t\t\tstyle=\"max-width:100%;\"\n\t\t\t\t\/>\n\t\t\t<\/a>\n\t\t<\/div>\n\t\t\t\t\t\t\t<\/div>\n\t\t\t\n\t\t\t\t<div id=\"ngg-image-29\" class=\"ngg-gallery-thumbnail-box\n\t\t\t\t\t\t\t\t\t\t\t\"\n\t\t\t>\n\t\t\t\t\t\t<div class=\"ngg-gallery-thumbnail\">\n\t\t<a href=\"https:\/\/www.aclanester56.com\/velo\/wp-content\/gallery\/manosque-2014\/vacances-manosque-36.JPG?t=1407676300\"\n\t\t\ttitle=\" \"\n\t\t\tdata-src=\"https:\/\/www.aclanester56.com\/velo\/wp-content\/gallery\/manosque-2014\/vacances-manosque-36.JPG?t=1407676300\"\n\t\t\tdata-thumbnail=\"https:\/\/www.aclanester56.com\/velo\/wp-content\/gallery\/manosque-2014\/thumbs\/thumbs_vacances-manosque-36.JPG?t=1407676300\"\n\t\t\tdata-image-id=\"6993\"\n\t\t\tdata-image-name=\"vacances-manosque-36.JPG\"\n\t\t\tdata-title=\"vacances-manosque-36\"\n\t\t\tdata-description=\" \"\n\t\t\tdata-image-slug=\"vacances-manosque-36\"\n\t\t\t\t\t\t\t\t\t\t\t\t\t\t\t\t\t\t\t\tclass=\"ngg-simplelightbox\" rel=\"5d2e58b7e361981d9630da8a3075e149\">\n\t\t\t\t\t\t\t\t<img\n\t\t\t\t\ttitle=\"vacances-manosque-36\"\n\t\t\t\t\talt=\"vacances-manosque-36\"\n\t\t\t\t\tsrc=\"https:\/\/www.aclanester56.com\/velo\/wp-content\/gallery\/manosque-2014\/thumbs\/thumbs_vacances-manosque-36.JPG?t=1407676300\"\n\t\t\t\t\twidth=\"100\"\n\t\t\t\t\theight=\"100\"\n\t\t\t\t\tstyle=\"max-width:100%;\"\n\t\t\t\t\/>\n\t\t\t<\/a>\n\t\t<\/div>\n\t\t\t\t\t\t\t<\/div>\n\t\t\t\n\t\t\t\t<div id=\"ngg-image-30\" class=\"ngg-gallery-thumbnail-box\n\t\t\t\t\t\t\t\t\t\t\t\"\n\t\t\t>\n\t\t\t\t\t\t<div class=\"ngg-gallery-thumbnail\">\n\t\t<a href=\"https:\/\/www.aclanester56.com\/velo\/wp-content\/gallery\/manosque-2014\/vacances-manosque-37.JPG?t=1407676302\"\n\t\t\ttitle=\" \"\n\t\t\tdata-src=\"https:\/\/www.aclanester56.com\/velo\/wp-content\/gallery\/manosque-2014\/vacances-manosque-37.JPG?t=1407676302\"\n\t\t\tdata-thumbnail=\"https:\/\/www.aclanester56.com\/velo\/wp-content\/gallery\/manosque-2014\/thumbs\/thumbs_vacances-manosque-37.JPG?t=1407676302\"\n\t\t\tdata-image-id=\"6994\"\n\t\t\tdata-image-name=\"vacances-manosque-37.JPG\"\n\t\t\tdata-title=\"vacances-manosque-37\"\n\t\t\tdata-description=\" \"\n\t\t\tdata-image-slug=\"vacances-manosque-37\"\n\t\t\t\t\t\t\t\t\t\t\t\t\t\t\t\t\t\t\t\tclass=\"ngg-simplelightbox\" rel=\"5d2e58b7e361981d9630da8a3075e149\">\n\t\t\t\t\t\t\t\t<img\n\t\t\t\t\ttitle=\"vacances-manosque-37\"\n\t\t\t\t\talt=\"vacances-manosque-37\"\n\t\t\t\t\tsrc=\"https:\/\/www.aclanester56.com\/velo\/wp-content\/gallery\/manosque-2014\/thumbs\/thumbs_vacances-manosque-37.JPG?t=1407676302\"\n\t\t\t\t\twidth=\"100\"\n\t\t\t\t\theight=\"100\"\n\t\t\t\t\tstyle=\"max-width:100%;\"\n\t\t\t\t\/>\n\t\t\t<\/a>\n\t\t<\/div>\n\t\t\t\t\t\t\t<\/div>\n\t\t\t\n\t\t\t\t<div id=\"ngg-image-31\" class=\"ngg-gallery-thumbnail-box\n\t\t\t\t\t\t\t\t\t\t\t\"\n\t\t\t>\n\t\t\t\t\t\t<div class=\"ngg-gallery-thumbnail\">\n\t\t<a href=\"https:\/\/www.aclanester56.com\/velo\/wp-content\/gallery\/manosque-2014\/vacances-manosque-38.JPG?t=1407676304\"\n\t\t\ttitle=\" \"\n\t\t\tdata-src=\"https:\/\/www.aclanester56.com\/velo\/wp-content\/gallery\/manosque-2014\/vacances-manosque-38.JPG?t=1407676304\"\n\t\t\tdata-thumbnail=\"https:\/\/www.aclanester56.com\/velo\/wp-content\/gallery\/manosque-2014\/thumbs\/thumbs_vacances-manosque-38.JPG?t=1407676304\"\n\t\t\tdata-image-id=\"6995\"\n\t\t\tdata-image-name=\"vacances-manosque-38.JPG\"\n\t\t\tdata-title=\"vacances-manosque-38\"\n\t\t\tdata-description=\" \"\n\t\t\tdata-image-slug=\"vacances-manosque-38\"\n\t\t\t\t\t\t\t\t\t\t\t\t\t\t\t\t\t\t\t\tclass=\"ngg-simplelightbox\" rel=\"5d2e58b7e361981d9630da8a3075e149\">\n\t\t\t\t\t\t\t\t<img\n\t\t\t\t\ttitle=\"vacances-manosque-38\"\n\t\t\t\t\talt=\"vacances-manosque-38\"\n\t\t\t\t\tsrc=\"https:\/\/www.aclanester56.com\/velo\/wp-content\/gallery\/manosque-2014\/thumbs\/thumbs_vacances-manosque-38.JPG?t=1407676304\"\n\t\t\t\t\twidth=\"100\"\n\t\t\t\t\theight=\"100\"\n\t\t\t\t\tstyle=\"max-width:100%;\"\n\t\t\t\t\/>\n\t\t\t<\/a>\n\t\t<\/div>\n\t\t\t\t\t\t\t<\/div>\n\t\t\t\n\t\t\t\t<div id=\"ngg-image-32\" class=\"ngg-gallery-thumbnail-box\n\t\t\t\t\t\t\t\t\t\t\t\"\n\t\t\t>\n\t\t\t\t\t\t<div class=\"ngg-gallery-thumbnail\">\n\t\t<a href=\"https:\/\/www.aclanester56.com\/velo\/wp-content\/gallery\/manosque-2014\/vacances-manosque-39.JPG?t=1407676305\"\n\t\t\ttitle=\" \"\n\t\t\tdata-src=\"https:\/\/www.aclanester56.com\/velo\/wp-content\/gallery\/manosque-2014\/vacances-manosque-39.JPG?t=1407676305\"\n\t\t\tdata-thumbnail=\"https:\/\/www.aclanester56.com\/velo\/wp-content\/gallery\/manosque-2014\/thumbs\/thumbs_vacances-manosque-39.JPG?t=1407676305\"\n\t\t\tdata-image-id=\"6996\"\n\t\t\tdata-image-name=\"vacances-manosque-39.JPG\"\n\t\t\tdata-title=\"vacances-manosque-39\"\n\t\t\tdata-description=\" \"\n\t\t\tdata-image-slug=\"vacances-manosque-39\"\n\t\t\t\t\t\t\t\t\t\t\t\t\t\t\t\t\t\t\t\tclass=\"ngg-simplelightbox\" rel=\"5d2e58b7e361981d9630da8a3075e149\">\n\t\t\t\t\t\t\t\t<img\n\t\t\t\t\ttitle=\"vacances-manosque-39\"\n\t\t\t\t\talt=\"vacances-manosque-39\"\n\t\t\t\t\tsrc=\"https:\/\/www.aclanester56.com\/velo\/wp-content\/gallery\/manosque-2014\/thumbs\/thumbs_vacances-manosque-39.JPG?t=1407676305\"\n\t\t\t\t\twidth=\"100\"\n\t\t\t\t\theight=\"100\"\n\t\t\t\t\tstyle=\"max-width:100%;\"\n\t\t\t\t\/>\n\t\t\t<\/a>\n\t\t<\/div>\n\t\t\t\t\t\t\t<\/div>\n\t\t\t\n\t\t\t\t<div id=\"ngg-image-33\" class=\"ngg-gallery-thumbnail-box\n\t\t\t\t\t\t\t\t\t\t\t\"\n\t\t\t>\n\t\t\t\t\t\t<div class=\"ngg-gallery-thumbnail\">\n\t\t<a href=\"https:\/\/www.aclanester56.com\/velo\/wp-content\/gallery\/manosque-2014\/vacances-manosque-40.JPG?t=1407676308\"\n\t\t\ttitle=\" \"\n\t\t\tdata-src=\"https:\/\/www.aclanester56.com\/velo\/wp-content\/gallery\/manosque-2014\/vacances-manosque-40.JPG?t=1407676308\"\n\t\t\tdata-thumbnail=\"https:\/\/www.aclanester56.com\/velo\/wp-content\/gallery\/manosque-2014\/thumbs\/thumbs_vacances-manosque-40.JPG?t=1407676308\"\n\t\t\tdata-image-id=\"6997\"\n\t\t\tdata-image-name=\"vacances-manosque-40.JPG\"\n\t\t\tdata-title=\"vacances-manosque-40\"\n\t\t\tdata-description=\" \"\n\t\t\tdata-image-slug=\"vacances-manosque-40\"\n\t\t\t\t\t\t\t\t\t\t\t\t\t\t\t\t\t\t\t\tclass=\"ngg-simplelightbox\" rel=\"5d2e58b7e361981d9630da8a3075e149\">\n\t\t\t\t\t\t\t\t<img\n\t\t\t\t\ttitle=\"vacances-manosque-40\"\n\t\t\t\t\talt=\"vacances-manosque-40\"\n\t\t\t\t\tsrc=\"https:\/\/www.aclanester56.com\/velo\/wp-content\/gallery\/manosque-2014\/thumbs\/thumbs_vacances-manosque-40.JPG?t=1407676308\"\n\t\t\t\t\twidth=\"100\"\n\t\t\t\t\theight=\"100\"\n\t\t\t\t\tstyle=\"max-width:100%;\"\n\t\t\t\t\/>\n\t\t\t<\/a>\n\t\t<\/div>\n\t\t\t\t\t\t\t<\/div>\n\t\t\t\n\t\t\t\t<div id=\"ngg-image-34\" class=\"ngg-gallery-thumbnail-box\n\t\t\t\t\t\t\t\t\t\t\t\"\n\t\t\t>\n\t\t\t\t\t\t<div class=\"ngg-gallery-thumbnail\">\n\t\t<a href=\"https:\/\/www.aclanester56.com\/velo\/wp-content\/gallery\/manosque-2014\/vacances-manosque-41.JPG?t=1407676311\"\n\t\t\ttitle=\" \"\n\t\t\tdata-src=\"https:\/\/www.aclanester56.com\/velo\/wp-content\/gallery\/manosque-2014\/vacances-manosque-41.JPG?t=1407676311\"\n\t\t\tdata-thumbnail=\"https:\/\/www.aclanester56.com\/velo\/wp-content\/gallery\/manosque-2014\/thumbs\/thumbs_vacances-manosque-41.JPG?t=1407676311\"\n\t\t\tdata-image-id=\"6998\"\n\t\t\tdata-image-name=\"vacances-manosque-41.JPG\"\n\t\t\tdata-title=\"vacances-manosque-41\"\n\t\t\tdata-description=\" \"\n\t\t\tdata-image-slug=\"vacances-manosque-41\"\n\t\t\t\t\t\t\t\t\t\t\t\t\t\t\t\t\t\t\t\tclass=\"ngg-simplelightbox\" rel=\"5d2e58b7e361981d9630da8a3075e149\">\n\t\t\t\t\t\t\t\t<img\n\t\t\t\t\ttitle=\"vacances-manosque-41\"\n\t\t\t\t\talt=\"vacances-manosque-41\"\n\t\t\t\t\tsrc=\"https:\/\/www.aclanester56.com\/velo\/wp-content\/gallery\/manosque-2014\/thumbs\/thumbs_vacances-manosque-41.JPG?t=1407676311\"\n\t\t\t\t\twidth=\"100\"\n\t\t\t\t\theight=\"100\"\n\t\t\t\t\tstyle=\"max-width:100%;\"\n\t\t\t\t\/>\n\t\t\t<\/a>\n\t\t<\/div>\n\t\t\t\t\t\t\t<\/div>\n\t\t\t\n\t\t\t\t<div id=\"ngg-image-35\" class=\"ngg-gallery-thumbnail-box\n\t\t\t\t\t\t\t\t\t\t\t\"\n\t\t\t>\n\t\t\t\t\t\t<div class=\"ngg-gallery-thumbnail\">\n\t\t<a href=\"https:\/\/www.aclanester56.com\/velo\/wp-content\/gallery\/manosque-2014\/vacances-manosque-42.JPG?t=1407676313\"\n\t\t\ttitle=\" \"\n\t\t\tdata-src=\"https:\/\/www.aclanester56.com\/velo\/wp-content\/gallery\/manosque-2014\/vacances-manosque-42.JPG?t=1407676313\"\n\t\t\tdata-thumbnail=\"https:\/\/www.aclanester56.com\/velo\/wp-content\/gallery\/manosque-2014\/thumbs\/thumbs_vacances-manosque-42.JPG?t=1407676313\"\n\t\t\tdata-image-id=\"6999\"\n\t\t\tdata-image-name=\"vacances-manosque-42.JPG\"\n\t\t\tdata-title=\"vacances-manosque-42\"\n\t\t\tdata-description=\" \"\n\t\t\tdata-image-slug=\"vacances-manosque-42\"\n\t\t\t\t\t\t\t\t\t\t\t\t\t\t\t\t\t\t\t\tclass=\"ngg-simplelightbox\" rel=\"5d2e58b7e361981d9630da8a3075e149\">\n\t\t\t\t\t\t\t\t<img\n\t\t\t\t\ttitle=\"vacances-manosque-42\"\n\t\t\t\t\talt=\"vacances-manosque-42\"\n\t\t\t\t\tsrc=\"https:\/\/www.aclanester56.com\/velo\/wp-content\/gallery\/manosque-2014\/thumbs\/thumbs_vacances-manosque-42.JPG?t=1407676313\"\n\t\t\t\t\twidth=\"100\"\n\t\t\t\t\theight=\"100\"\n\t\t\t\t\tstyle=\"max-width:100%;\"\n\t\t\t\t\/>\n\t\t\t<\/a>\n\t\t<\/div>\n\t\t\t\t\t\t\t<\/div>\n\t\t\t\n\t\t\t\t<div id=\"ngg-image-36\" class=\"ngg-gallery-thumbnail-box\n\t\t\t\t\t\t\t\t\t\t\t\"\n\t\t\t>\n\t\t\t\t\t\t<div class=\"ngg-gallery-thumbnail\">\n\t\t<a href=\"https:\/\/www.aclanester56.com\/velo\/wp-content\/gallery\/manosque-2014\/vacances-manosque-43.JPG?t=1407676315\"\n\t\t\ttitle=\" \"\n\t\t\tdata-src=\"https:\/\/www.aclanester56.com\/velo\/wp-content\/gallery\/manosque-2014\/vacances-manosque-43.JPG?t=1407676315\"\n\t\t\tdata-thumbnail=\"https:\/\/www.aclanester56.com\/velo\/wp-content\/gallery\/manosque-2014\/thumbs\/thumbs_vacances-manosque-43.JPG?t=1407676315\"\n\t\t\tdata-image-id=\"7000\"\n\t\t\tdata-image-name=\"vacances-manosque-43.JPG\"\n\t\t\tdata-title=\"vacances-manosque-43\"\n\t\t\tdata-description=\" \"\n\t\t\tdata-image-slug=\"vacances-manosque-43\"\n\t\t\t\t\t\t\t\t\t\t\t\t\t\t\t\t\t\t\t\tclass=\"ngg-simplelightbox\" rel=\"5d2e58b7e361981d9630da8a3075e149\">\n\t\t\t\t\t\t\t\t<img\n\t\t\t\t\ttitle=\"vacances-manosque-43\"\n\t\t\t\t\talt=\"vacances-manosque-43\"\n\t\t\t\t\tsrc=\"https:\/\/www.aclanester56.com\/velo\/wp-content\/gallery\/manosque-2014\/thumbs\/thumbs_vacances-manosque-43.JPG?t=1407676315\"\n\t\t\t\t\twidth=\"100\"\n\t\t\t\t\theight=\"100\"\n\t\t\t\t\tstyle=\"max-width:100%;\"\n\t\t\t\t\/>\n\t\t\t<\/a>\n\t\t<\/div>\n\t\t\t\t\t\t\t<\/div>\n\t\t\t\n\t\t\t\t<div id=\"ngg-image-37\" class=\"ngg-gallery-thumbnail-box\n\t\t\t\t\t\t\t\t\t\t\t\"\n\t\t\t>\n\t\t\t\t\t\t<div class=\"ngg-gallery-thumbnail\">\n\t\t<a href=\"https:\/\/www.aclanester56.com\/velo\/wp-content\/gallery\/manosque-2014\/vacances-manosque-45.JPG?t=1407676317\"\n\t\t\ttitle=\" \"\n\t\t\tdata-src=\"https:\/\/www.aclanester56.com\/velo\/wp-content\/gallery\/manosque-2014\/vacances-manosque-45.JPG?t=1407676317\"\n\t\t\tdata-thumbnail=\"https:\/\/www.aclanester56.com\/velo\/wp-content\/gallery\/manosque-2014\/thumbs\/thumbs_vacances-manosque-45.JPG?t=1407676317\"\n\t\t\tdata-image-id=\"7001\"\n\t\t\tdata-image-name=\"vacances-manosque-45.JPG\"\n\t\t\tdata-title=\"vacances-manosque-45\"\n\t\t\tdata-description=\" \"\n\t\t\tdata-image-slug=\"vacances-manosque-45\"\n\t\t\t\t\t\t\t\t\t\t\t\t\t\t\t\t\t\t\t\tclass=\"ngg-simplelightbox\" rel=\"5d2e58b7e361981d9630da8a3075e149\">\n\t\t\t\t\t\t\t\t<img\n\t\t\t\t\ttitle=\"vacances-manosque-45\"\n\t\t\t\t\talt=\"vacances-manosque-45\"\n\t\t\t\t\tsrc=\"https:\/\/www.aclanester56.com\/velo\/wp-content\/gallery\/manosque-2014\/thumbs\/thumbs_vacances-manosque-45.JPG?t=1407676317\"\n\t\t\t\t\twidth=\"100\"\n\t\t\t\t\theight=\"100\"\n\t\t\t\t\tstyle=\"max-width:100%;\"\n\t\t\t\t\/>\n\t\t\t<\/a>\n\t\t<\/div>\n\t\t\t\t\t\t\t<\/div>\n\t\t\t\n\t\t\t\t<div id=\"ngg-image-38\" class=\"ngg-gallery-thumbnail-box\n\t\t\t\t\t\t\t\t\t\t\t\"\n\t\t\t>\n\t\t\t\t\t\t<div class=\"ngg-gallery-thumbnail\">\n\t\t<a href=\"https:\/\/www.aclanester56.com\/velo\/wp-content\/gallery\/manosque-2014\/vacances-manosque-46.JPG?t=1407676320\"\n\t\t\ttitle=\" \"\n\t\t\tdata-src=\"https:\/\/www.aclanester56.com\/velo\/wp-content\/gallery\/manosque-2014\/vacances-manosque-46.JPG?t=1407676320\"\n\t\t\tdata-thumbnail=\"https:\/\/www.aclanester56.com\/velo\/wp-content\/gallery\/manosque-2014\/thumbs\/thumbs_vacances-manosque-46.JPG?t=1407676320\"\n\t\t\tdata-image-id=\"7002\"\n\t\t\tdata-image-name=\"vacances-manosque-46.JPG\"\n\t\t\tdata-title=\"vacances-manosque-46\"\n\t\t\tdata-description=\" \"\n\t\t\tdata-image-slug=\"vacances-manosque-46\"\n\t\t\t\t\t\t\t\t\t\t\t\t\t\t\t\t\t\t\t\tclass=\"ngg-simplelightbox\" rel=\"5d2e58b7e361981d9630da8a3075e149\">\n\t\t\t\t\t\t\t\t<img\n\t\t\t\t\ttitle=\"vacances-manosque-46\"\n\t\t\t\t\talt=\"vacances-manosque-46\"\n\t\t\t\t\tsrc=\"https:\/\/www.aclanester56.com\/velo\/wp-content\/gallery\/manosque-2014\/thumbs\/thumbs_vacances-manosque-46.JPG?t=1407676320\"\n\t\t\t\t\twidth=\"100\"\n\t\t\t\t\theight=\"100\"\n\t\t\t\t\tstyle=\"max-width:100%;\"\n\t\t\t\t\/>\n\t\t\t<\/a>\n\t\t<\/div>\n\t\t\t\t\t\t\t<\/div>\n\t\t\t\n\t\t\t\t<div id=\"ngg-image-39\" class=\"ngg-gallery-thumbnail-box\n\t\t\t\t\t\t\t\t\t\t\t\"\n\t\t\t>\n\t\t\t\t\t\t<div class=\"ngg-gallery-thumbnail\">\n\t\t<a href=\"https:\/\/www.aclanester56.com\/velo\/wp-content\/gallery\/manosque-2014\/vacances-manosque-47.JPG?t=1407676323\"\n\t\t\ttitle=\" \"\n\t\t\tdata-src=\"https:\/\/www.aclanester56.com\/velo\/wp-content\/gallery\/manosque-2014\/vacances-manosque-47.JPG?t=1407676323\"\n\t\t\tdata-thumbnail=\"https:\/\/www.aclanester56.com\/velo\/wp-content\/gallery\/manosque-2014\/thumbs\/thumbs_vacances-manosque-47.JPG?t=1407676323\"\n\t\t\tdata-image-id=\"7003\"\n\t\t\tdata-image-name=\"vacances-manosque-47.JPG\"\n\t\t\tdata-title=\"vacances-manosque-47\"\n\t\t\tdata-description=\" \"\n\t\t\tdata-image-slug=\"vacances-manosque-47\"\n\t\t\t\t\t\t\t\t\t\t\t\t\t\t\t\t\t\t\t\tclass=\"ngg-simplelightbox\" rel=\"5d2e58b7e361981d9630da8a3075e149\">\n\t\t\t\t\t\t\t\t<img\n\t\t\t\t\ttitle=\"vacances-manosque-47\"\n\t\t\t\t\talt=\"vacances-manosque-47\"\n\t\t\t\t\tsrc=\"https:\/\/www.aclanester56.com\/velo\/wp-content\/gallery\/manosque-2014\/thumbs\/thumbs_vacances-manosque-47.JPG?t=1407676323\"\n\t\t\t\t\twidth=\"100\"\n\t\t\t\t\theight=\"100\"\n\t\t\t\t\tstyle=\"max-width:100%;\"\n\t\t\t\t\/>\n\t\t\t<\/a>\n\t\t<\/div>\n\t\t\t\t\t\t\t<\/div>\n\t\t\t\n\t\n\t<br style=\"clear: both\" \/>\n\n\t\n\t\t<div class=\"ngg-clear\"><\/div>\n\t<\/div>\n<\/p>\n<p>&nbsp;<\/p>\n<p>&nbsp;<\/p>\n","protected":false},"excerpt":{"rendered":"","protected":false},"author":2,"featured_media":20063,"comment_status":"open","ping_status":"open","sticky":false,"template":"","format":"standard","meta":{"ngg_post_thumbnail":0,"footnotes":""},"categories":[5],"tags":[],"class_list":["post-20062","post","type-post","status-publish","format-standard","has-post-thumbnail","hentry","category-ac-lanester-56"],"yoast_head":"<!-- This site is optimized with the Yoast SEO plugin v27.5 - https:\/\/yoast.com\/product\/yoast-seo-wordpress\/ -->\n<title>Petite sortie dans le pays de Manosque - Avenir Cycliste Lanester 56<\/title>\n<meta name=\"robots\" content=\"index, follow, max-snippet:-1, max-image-preview:large, max-video-preview:-1\" \/>\n<link rel=\"canonical\" href=\"https:\/\/www.aclanester56.com\/velo\/petite-sortie-pays-manosque\/\" \/>\n<meta property=\"og:locale\" content=\"fr_FR\" \/>\n<meta property=\"og:type\" content=\"article\" \/>\n<meta property=\"og:title\" content=\"Petite sortie dans le pays de Manosque - Avenir Cycliste Lanester 56\" \/>\n<meta property=\"og:url\" content=\"https:\/\/www.aclanester56.com\/velo\/petite-sortie-pays-manosque\/\" \/>\n<meta property=\"og:site_name\" content=\"Avenir Cycliste Lanester 56\" \/>\n<meta property=\"article:publisher\" content=\"https:\/\/www.facebook.com\/pages\/AC-Lanester-56\/190286300991242?fref=ts\" \/>\n<meta property=\"article:published_time\" content=\"2014-08-10T13:18:48+00:00\" \/>\n<meta property=\"article:modified_time\" content=\"2014-08-10T13:18:57+00:00\" \/>\n<meta property=\"og:image\" content=\"https:\/\/www.aclanester56.com\/velo\/wp-content\/uploads\/2014\/08\/vacances-manosque-02.jpg\" \/>\n\t<meta property=\"og:image:width\" content=\"1024\" \/>\n\t<meta property=\"og:image:height\" content=\"683\" \/>\n\t<meta property=\"og:image:type\" content=\"image\/jpeg\" \/>\n<meta name=\"author\" content=\"stephane\" \/>\n<meta name=\"twitter:label1\" content=\"\u00c9crit par\" \/>\n\t<meta name=\"twitter:data1\" content=\"stephane\" \/>\n\t<meta name=\"twitter:label2\" content=\"Dur\u00e9e de lecture estim\u00e9e\" \/>\n\t<meta name=\"twitter:data2\" content=\"1 minute\" \/>\n<script type=\"application\/ld+json\" class=\"yoast-schema-graph\">{\"@context\":\"https:\\\/\\\/schema.org\",\"@graph\":[{\"@type\":\"Article\",\"@id\":\"https:\\\/\\\/www.aclanester56.com\\\/velo\\\/petite-sortie-pays-manosque\\\/#article\",\"isPartOf\":{\"@id\":\"https:\\\/\\\/www.aclanester56.com\\\/velo\\\/petite-sortie-pays-manosque\\\/\"},\"author\":{\"name\":\"stephane\",\"@id\":\"https:\\\/\\\/www.aclanester56.com\\\/velo\\\/#\\\/schema\\\/person\\\/c844661e64a578ca46639cb0ae764de6\"},\"headline\":\"Petite sortie dans le pays de Manosque\",\"datePublished\":\"2014-08-10T13:18:48+00:00\",\"dateModified\":\"2014-08-10T13:18:57+00:00\",\"mainEntityOfPage\":{\"@id\":\"https:\\\/\\\/www.aclanester56.com\\\/velo\\\/petite-sortie-pays-manosque\\\/\"},\"wordCount\":252,\"commentCount\":0,\"publisher\":{\"@id\":\"https:\\\/\\\/www.aclanester56.com\\\/velo\\\/#organization\"},\"image\":{\"@id\":\"https:\\\/\\\/www.aclanester56.com\\\/velo\\\/petite-sortie-pays-manosque\\\/#primaryimage\"},\"thumbnailUrl\":\"https:\\\/\\\/www.aclanester56.com\\\/velo\\\/wp-content\\\/uploads\\\/2014\\\/08\\\/vacances-manosque-02.jpg\",\"articleSection\":[\"AC LANESTER 56\"],\"inLanguage\":\"fr-FR\",\"potentialAction\":[{\"@type\":\"CommentAction\",\"name\":\"Comment\",\"target\":[\"https:\\\/\\\/www.aclanester56.com\\\/velo\\\/petite-sortie-pays-manosque\\\/#respond\"]}]},{\"@type\":\"WebPage\",\"@id\":\"https:\\\/\\\/www.aclanester56.com\\\/velo\\\/petite-sortie-pays-manosque\\\/\",\"url\":\"https:\\\/\\\/www.aclanester56.com\\\/velo\\\/petite-sortie-pays-manosque\\\/\",\"name\":\"Petite sortie dans le pays de Manosque - Avenir Cycliste Lanester 56\",\"isPartOf\":{\"@id\":\"https:\\\/\\\/www.aclanester56.com\\\/velo\\\/#website\"},\"primaryImageOfPage\":{\"@id\":\"https:\\\/\\\/www.aclanester56.com\\\/velo\\\/petite-sortie-pays-manosque\\\/#primaryimage\"},\"image\":{\"@id\":\"https:\\\/\\\/www.aclanester56.com\\\/velo\\\/petite-sortie-pays-manosque\\\/#primaryimage\"},\"thumbnailUrl\":\"https:\\\/\\\/www.aclanester56.com\\\/velo\\\/wp-content\\\/uploads\\\/2014\\\/08\\\/vacances-manosque-02.jpg\",\"datePublished\":\"2014-08-10T13:18:48+00:00\",\"dateModified\":\"2014-08-10T13:18:57+00:00\",\"inLanguage\":\"fr-FR\",\"potentialAction\":[{\"@type\":\"ReadAction\",\"target\":[\"https:\\\/\\\/www.aclanester56.com\\\/velo\\\/petite-sortie-pays-manosque\\\/\"]}]},{\"@type\":\"ImageObject\",\"inLanguage\":\"fr-FR\",\"@id\":\"https:\\\/\\\/www.aclanester56.com\\\/velo\\\/petite-sortie-pays-manosque\\\/#primaryimage\",\"url\":\"https:\\\/\\\/www.aclanester56.com\\\/velo\\\/wp-content\\\/uploads\\\/2014\\\/08\\\/vacances-manosque-02.jpg\",\"contentUrl\":\"https:\\\/\\\/www.aclanester56.com\\\/velo\\\/wp-content\\\/uploads\\\/2014\\\/08\\\/vacances-manosque-02.jpg\",\"width\":1024,\"height\":683},{\"@type\":\"WebSite\",\"@id\":\"https:\\\/\\\/www.aclanester56.com\\\/velo\\\/#website\",\"url\":\"https:\\\/\\\/www.aclanester56.com\\\/velo\\\/\",\"name\":\"Avenir Cycliste Lanester 56\",\"description\":\"Club cycliste de l&#039;AC LANESTER 56\",\"publisher\":{\"@id\":\"https:\\\/\\\/www.aclanester56.com\\\/velo\\\/#organization\"},\"potentialAction\":[{\"@type\":\"SearchAction\",\"target\":{\"@type\":\"EntryPoint\",\"urlTemplate\":\"https:\\\/\\\/www.aclanester56.com\\\/velo\\\/?s={search_term_string}\"},\"query-input\":{\"@type\":\"PropertyValueSpecification\",\"valueRequired\":true,\"valueName\":\"search_term_string\"}}],\"inLanguage\":\"fr-FR\"},{\"@type\":\"Organization\",\"@id\":\"https:\\\/\\\/www.aclanester56.com\\\/velo\\\/#organization\",\"name\":\"Avenir Cycliste Lanester 56\",\"url\":\"https:\\\/\\\/www.aclanester56.com\\\/velo\\\/\",\"logo\":{\"@type\":\"ImageObject\",\"inLanguage\":\"fr-FR\",\"@id\":\"https:\\\/\\\/www.aclanester56.com\\\/velo\\\/#\\\/schema\\\/logo\\\/image\\\/\",\"url\":\"https:\\\/\\\/www.aclanester56.com\\\/velo\\\/wp-content\\\/uploads\\\/2013\\\/04\\\/logo-ACL.jpg\",\"contentUrl\":\"https:\\\/\\\/www.aclanester56.com\\\/velo\\\/wp-content\\\/uploads\\\/2013\\\/04\\\/logo-ACL.jpg\",\"width\":400,\"height\":334,\"caption\":\"Avenir Cycliste Lanester 56\"},\"image\":{\"@id\":\"https:\\\/\\\/www.aclanester56.com\\\/velo\\\/#\\\/schema\\\/logo\\\/image\\\/\"},\"sameAs\":[\"https:\\\/\\\/www.facebook.com\\\/pages\\\/AC-Lanester-56\\\/190286300991242?fref=ts\"]},{\"@type\":\"Person\",\"@id\":\"https:\\\/\\\/www.aclanester56.com\\\/velo\\\/#\\\/schema\\\/person\\\/c844661e64a578ca46639cb0ae764de6\",\"name\":\"stephane\",\"url\":\"https:\\\/\\\/www.aclanester56.com\\\/velo\\\/author\\\/stephane\\\/\"}]}<\/script>\n<!-- \/ Yoast SEO plugin. -->","yoast_head_json":{"title":"Petite sortie dans le pays de Manosque - Avenir Cycliste Lanester 56","robots":{"index":"index","follow":"follow","max-snippet":"max-snippet:-1","max-image-preview":"max-image-preview:large","max-video-preview":"max-video-preview:-1"},"canonical":"https:\/\/www.aclanester56.com\/velo\/petite-sortie-pays-manosque\/","og_locale":"fr_FR","og_type":"article","og_title":"Petite sortie dans le pays de Manosque - Avenir Cycliste Lanester 56","og_url":"https:\/\/www.aclanester56.com\/velo\/petite-sortie-pays-manosque\/","og_site_name":"Avenir Cycliste Lanester 56","article_publisher":"https:\/\/www.facebook.com\/pages\/AC-Lanester-56\/190286300991242?fref=ts","article_published_time":"2014-08-10T13:18:48+00:00","article_modified_time":"2014-08-10T13:18:57+00:00","og_image":[{"width":1024,"height":683,"url":"https:\/\/www.aclanester56.com\/velo\/wp-content\/uploads\/2014\/08\/vacances-manosque-02.jpg","type":"image\/jpeg"}],"author":"stephane","twitter_misc":{"\u00c9crit par":"stephane","Dur\u00e9e de lecture estim\u00e9e":"1 minute"},"schema":{"@context":"https:\/\/schema.org","@graph":[{"@type":"Article","@id":"https:\/\/www.aclanester56.com\/velo\/petite-sortie-pays-manosque\/#article","isPartOf":{"@id":"https:\/\/www.aclanester56.com\/velo\/petite-sortie-pays-manosque\/"},"author":{"name":"stephane","@id":"https:\/\/www.aclanester56.com\/velo\/#\/schema\/person\/c844661e64a578ca46639cb0ae764de6"},"headline":"Petite sortie dans le pays de Manosque","datePublished":"2014-08-10T13:18:48+00:00","dateModified":"2014-08-10T13:18:57+00:00","mainEntityOfPage":{"@id":"https:\/\/www.aclanester56.com\/velo\/petite-sortie-pays-manosque\/"},"wordCount":252,"commentCount":0,"publisher":{"@id":"https:\/\/www.aclanester56.com\/velo\/#organization"},"image":{"@id":"https:\/\/www.aclanester56.com\/velo\/petite-sortie-pays-manosque\/#primaryimage"},"thumbnailUrl":"https:\/\/www.aclanester56.com\/velo\/wp-content\/uploads\/2014\/08\/vacances-manosque-02.jpg","articleSection":["AC LANESTER 56"],"inLanguage":"fr-FR","potentialAction":[{"@type":"CommentAction","name":"Comment","target":["https:\/\/www.aclanester56.com\/velo\/petite-sortie-pays-manosque\/#respond"]}]},{"@type":"WebPage","@id":"https:\/\/www.aclanester56.com\/velo\/petite-sortie-pays-manosque\/","url":"https:\/\/www.aclanester56.com\/velo\/petite-sortie-pays-manosque\/","name":"Petite sortie dans le pays de Manosque - Avenir Cycliste Lanester 56","isPartOf":{"@id":"https:\/\/www.aclanester56.com\/velo\/#website"},"primaryImageOfPage":{"@id":"https:\/\/www.aclanester56.com\/velo\/petite-sortie-pays-manosque\/#primaryimage"},"image":{"@id":"https:\/\/www.aclanester56.com\/velo\/petite-sortie-pays-manosque\/#primaryimage"},"thumbnailUrl":"https:\/\/www.aclanester56.com\/velo\/wp-content\/uploads\/2014\/08\/vacances-manosque-02.jpg","datePublished":"2014-08-10T13:18:48+00:00","dateModified":"2014-08-10T13:18:57+00:00","inLanguage":"fr-FR","potentialAction":[{"@type":"ReadAction","target":["https:\/\/www.aclanester56.com\/velo\/petite-sortie-pays-manosque\/"]}]},{"@type":"ImageObject","inLanguage":"fr-FR","@id":"https:\/\/www.aclanester56.com\/velo\/petite-sortie-pays-manosque\/#primaryimage","url":"https:\/\/www.aclanester56.com\/velo\/wp-content\/uploads\/2014\/08\/vacances-manosque-02.jpg","contentUrl":"https:\/\/www.aclanester56.com\/velo\/wp-content\/uploads\/2014\/08\/vacances-manosque-02.jpg","width":1024,"height":683},{"@type":"WebSite","@id":"https:\/\/www.aclanester56.com\/velo\/#website","url":"https:\/\/www.aclanester56.com\/velo\/","name":"Avenir Cycliste Lanester 56","description":"Club cycliste de l&#039;AC LANESTER 56","publisher":{"@id":"https:\/\/www.aclanester56.com\/velo\/#organization"},"potentialAction":[{"@type":"SearchAction","target":{"@type":"EntryPoint","urlTemplate":"https:\/\/www.aclanester56.com\/velo\/?s={search_term_string}"},"query-input":{"@type":"PropertyValueSpecification","valueRequired":true,"valueName":"search_term_string"}}],"inLanguage":"fr-FR"},{"@type":"Organization","@id":"https:\/\/www.aclanester56.com\/velo\/#organization","name":"Avenir Cycliste Lanester 56","url":"https:\/\/www.aclanester56.com\/velo\/","logo":{"@type":"ImageObject","inLanguage":"fr-FR","@id":"https:\/\/www.aclanester56.com\/velo\/#\/schema\/logo\/image\/","url":"https:\/\/www.aclanester56.com\/velo\/wp-content\/uploads\/2013\/04\/logo-ACL.jpg","contentUrl":"https:\/\/www.aclanester56.com\/velo\/wp-content\/uploads\/2013\/04\/logo-ACL.jpg","width":400,"height":334,"caption":"Avenir Cycliste Lanester 56"},"image":{"@id":"https:\/\/www.aclanester56.com\/velo\/#\/schema\/logo\/image\/"},"sameAs":["https:\/\/www.facebook.com\/pages\/AC-Lanester-56\/190286300991242?fref=ts"]},{"@type":"Person","@id":"https:\/\/www.aclanester56.com\/velo\/#\/schema\/person\/c844661e64a578ca46639cb0ae764de6","name":"stephane","url":"https:\/\/www.aclanester56.com\/velo\/author\/stephane\/"}]}},"_links":{"self":[{"href":"https:\/\/www.aclanester56.com\/velo\/wp-json\/wp\/v2\/posts\/20062","targetHints":{"allow":["GET"]}}],"collection":[{"href":"https:\/\/www.aclanester56.com\/velo\/wp-json\/wp\/v2\/posts"}],"about":[{"href":"https:\/\/www.aclanester56.com\/velo\/wp-json\/wp\/v2\/types\/post"}],"author":[{"embeddable":true,"href":"https:\/\/www.aclanester56.com\/velo\/wp-json\/wp\/v2\/users\/2"}],"replies":[{"embeddable":true,"href":"https:\/\/www.aclanester56.com\/velo\/wp-json\/wp\/v2\/comments?post=20062"}],"version-history":[{"count":3,"href":"https:\/\/www.aclanester56.com\/velo\/wp-json\/wp\/v2\/posts\/20062\/revisions"}],"predecessor-version":[{"id":20151,"href":"https:\/\/www.aclanester56.com\/velo\/wp-json\/wp\/v2\/posts\/20062\/revisions\/20151"}],"wp:featuredmedia":[{"embeddable":true,"href":"https:\/\/www.aclanester56.com\/velo\/wp-json\/wp\/v2\/media\/20063"}],"wp:attachment":[{"href":"https:\/\/www.aclanester56.com\/velo\/wp-json\/wp\/v2\/media?parent=20062"}],"wp:term":[{"taxonomy":"category","embeddable":true,"href":"https:\/\/www.aclanester56.com\/velo\/wp-json\/wp\/v2\/categories?post=20062"},{"taxonomy":"post_tag","embeddable":true,"href":"https:\/\/www.aclanester56.com\/velo\/wp-json\/wp\/v2\/tags?post=20062"}],"curies":[{"name":"wp","href":"https:\/\/api.w.org\/{rel}","templated":true}]}}