{"id":20211,"date":"2014-08-26T00:20:47","date_gmt":"2014-08-25T22:20:47","guid":{"rendered":"http:\/\/www.aclanester56.com\/velo\/?p=20211"},"modified":"2014-08-26T00:21:18","modified_gmt":"2014-08-25T22:21:18","slug":"v-crom-b-duval-finale-du-challenge-29-piste-cleden-poher","status":"publish","type":"post","link":"https:\/\/www.aclanester56.com\/velo\/v-crom-b-duval-finale-du-challenge-29-piste-cleden-poher\/","title":{"rendered":"Victor Le Crom et Benjamin Duval sur la finale du Challenge 29 Piste \u00e0 Cl\u00e9den-Poher"},"content":{"rendered":"<p><!--more--><\/p>\n<p style=\"text-align: justify;\">Les jeunes Lanest\u00e9riens Victor Le Crom et Benjamin Duval ont particip\u00e9 vendredi soir \u00e0 la finale du challenge du Finist\u00e8re sur piste sur le beau v\u00e9lodrome de Cl\u00e9den-Poher. Chez les Cadets, Victor termine 7\u00e8me de la course aux points et 8\u00e8me de l&rsquo;\u00e9liminatoire, En Juniors, Benjamin termine 4\u00e8me du scratch et 5\u00e8me de l&rsquo;\u00e9liminatoire.<\/p>\n<p><em>Remerciements \u00e0 Val\u00e9rie Duval.<\/em><\/p>\n<p>\n<div class=\"ngg-galleryoverview ngg-slideshow\"\n\tid=\"ngg-slideshow-6f06bd66bcbb720ba23345d98b6c145b-6231729320\"\n\tdata-nextgen-gallery-id=\"188\"\n\tdata-gallery-id=\"6f06bd66bcbb720ba23345d98b6c145b\"\n\t\tdata-gallery-name=\"Finale Challenge 29 Piste Cleden-Poher\"\n\t\tstyle=\"max-width: 150px;\n\t\t\tmax-height: 150px;\n\t\t\tdisplay: none;\">\n\n\t\n\t\t<a href=\"https:\/\/www.aclanester56.com\/velo\/wp-content\/gallery\/finale-challenge-29-piste-cleden-poher\/DSCN6028.jpg?t=1598818808\"\n\t\t\ttitle=\"\"\n\t\t\tdata-src=\"https:\/\/www.aclanester56.com\/velo\/wp-content\/gallery\/finale-challenge-29-piste-cleden-poher\/DSCN6028.jpg?t=1598818808\"\n\t\t\tdata-thumbnail=\"https:\/\/www.aclanester56.com\/velo\/wp-content\/gallery\/finale-challenge-29-piste-cleden-poher\/thumbs\/thumbs_DSCN6028.jpg?t=1598818808\"\n\t\t\tdata-image-id=\"7016\"\n\t\t\tdata-image-name=\"DSCN6028.jpg\"\n\t\t\tdata-title=\"DSCN6028\"\n\t\t\tdata-description=\"\"\n\t\t\t\t\t\t\t\t\t\t\t\t\t\t\tclass=\"ngg-simplelightbox\" rel=\"6f06bd66bcbb720ba23345d98b6c145b\">\n\t\t\t\n\t\t\t<img data-image-id='7016'\n\t\t\t\ttitle=\"\"\n\t\t\t\talt=\"DSCN6028\"\n\t\t\t\tsrc=\"https:\/\/www.aclanester56.com\/velo\/wp-content\/gallery\/finale-challenge-29-piste-cleden-poher\/DSCN6028.jpg?t=1598818808\"\n\t\t\t\tstyle=\"max-height: 130px;\"\/>\n\t\t<\/a>\n\n\t\t\n\t\t<a href=\"https:\/\/www.aclanester56.com\/velo\/wp-content\/gallery\/finale-challenge-29-piste-cleden-poher\/DSCN6072.jpg?t=1409004867\"\n\t\t\ttitle=\" \"\n\t\t\tdata-src=\"https:\/\/www.aclanester56.com\/velo\/wp-content\/gallery\/finale-challenge-29-piste-cleden-poher\/DSCN6072.jpg?t=1409004867\"\n\t\t\tdata-thumbnail=\"https:\/\/www.aclanester56.com\/velo\/wp-content\/gallery\/finale-challenge-29-piste-cleden-poher\/thumbs\/thumbs_DSCN6072.jpg?t=1409004867\"\n\t\t\tdata-image-id=\"7017\"\n\t\t\tdata-image-name=\"DSCN6072.jpg\"\n\t\t\tdata-title=\"DSCN6072\"\n\t\t\tdata-description=\" \"\n\t\t\t\t\t\t\t\t\t\t\t\t\t\t\tclass=\"ngg-simplelightbox\" rel=\"6f06bd66bcbb720ba23345d98b6c145b\">\n\t\t\t\n\t\t\t<img data-image-id='7017'\n\t\t\t\ttitle=\" \"\n\t\t\t\talt=\"DSCN6072\"\n\t\t\t\tsrc=\"https:\/\/www.aclanester56.com\/velo\/wp-content\/gallery\/finale-challenge-29-piste-cleden-poher\/DSCN6072.jpg?t=1409004867\"\n\t\t\t\tstyle=\"max-height: 130px;\"\/>\n\t\t<\/a>\n\n\t\t\n\t\t<a href=\"https:\/\/www.aclanester56.com\/velo\/wp-content\/gallery\/finale-challenge-29-piste-cleden-poher\/DSCN6077.jpg?t=1409004912\"\n\t\t\ttitle=\" \"\n\t\t\tdata-src=\"https:\/\/www.aclanester56.com\/velo\/wp-content\/gallery\/finale-challenge-29-piste-cleden-poher\/DSCN6077.jpg?t=1409004912\"\n\t\t\tdata-thumbnail=\"https:\/\/www.aclanester56.com\/velo\/wp-content\/gallery\/finale-challenge-29-piste-cleden-poher\/thumbs\/thumbs_DSCN6077.jpg?t=1409004912\"\n\t\t\tdata-image-id=\"7018\"\n\t\t\tdata-image-name=\"DSCN6077.jpg\"\n\t\t\tdata-title=\"DSCN6077\"\n\t\t\tdata-description=\" \"\n\t\t\t\t\t\t\t\t\t\t\t\t\t\t\tclass=\"ngg-simplelightbox\" rel=\"6f06bd66bcbb720ba23345d98b6c145b\">\n\t\t\t\n\t\t\t<img data-image-id='7018'\n\t\t\t\ttitle=\" \"\n\t\t\t\talt=\"DSCN6077\"\n\t\t\t\tsrc=\"https:\/\/www.aclanester56.com\/velo\/wp-content\/gallery\/finale-challenge-29-piste-cleden-poher\/DSCN6077.jpg?t=1409004912\"\n\t\t\t\tstyle=\"max-height: 130px;\"\/>\n\t\t<\/a>\n\n\t\t\n\t\t<a href=\"https:\/\/www.aclanester56.com\/velo\/wp-content\/gallery\/finale-challenge-29-piste-cleden-poher\/DSCN6126.jpg?t=1409004953\"\n\t\t\ttitle=\" \"\n\t\t\tdata-src=\"https:\/\/www.aclanester56.com\/velo\/wp-content\/gallery\/finale-challenge-29-piste-cleden-poher\/DSCN6126.jpg?t=1409004953\"\n\t\t\tdata-thumbnail=\"https:\/\/www.aclanester56.com\/velo\/wp-content\/gallery\/finale-challenge-29-piste-cleden-poher\/thumbs\/thumbs_DSCN6126.jpg?t=1409004953\"\n\t\t\tdata-image-id=\"7019\"\n\t\t\tdata-image-name=\"DSCN6126.jpg\"\n\t\t\tdata-title=\"DSCN6126\"\n\t\t\tdata-description=\" \"\n\t\t\t\t\t\t\t\t\t\t\t\t\t\t\tclass=\"ngg-simplelightbox\" rel=\"6f06bd66bcbb720ba23345d98b6c145b\">\n\t\t\t\n\t\t\t<img data-image-id='7019'\n\t\t\t\ttitle=\" \"\n\t\t\t\talt=\"DSCN6126\"\n\t\t\t\tsrc=\"https:\/\/www.aclanester56.com\/velo\/wp-content\/gallery\/finale-challenge-29-piste-cleden-poher\/DSCN6126.jpg?t=1409004953\"\n\t\t\t\tstyle=\"max-height: 130px;\"\/>\n\t\t<\/a>\n\n\t\t<\/div>\n\n\n<\/p>\n","protected":false},"excerpt":{"rendered":"","protected":false},"author":14,"featured_media":20223,"comment_status":"open","ping_status":"open","sticky":false,"template":"","format":"standard","meta":{"ngg_post_thumbnail":0,"footnotes":""},"categories":[5,22,21],"tags":[],"class_list":["post-20211","post","type-post","status-publish","format-standard","has-post-thumbnail","hentry","category-ac-lanester-56","category-resultats-cadets","category-resultats-juniors"],"yoast_head":"<!-- This site is optimized with the Yoast SEO plugin v27.5 - https:\/\/yoast.com\/product\/yoast-seo-wordpress\/ -->\n<title>Victor Le Crom et Benjamin Duval sur la finale du Challenge 29 Piste \u00e0 Cl\u00e9den-Poher - Avenir Cycliste Lanester 56<\/title>\n<meta name=\"robots\" content=\"index, follow, max-snippet:-1, max-image-preview:large, max-video-preview:-1\" \/>\n<link rel=\"canonical\" href=\"https:\/\/www.aclanester56.com\/velo\/v-crom-b-duval-finale-du-challenge-29-piste-cleden-poher\/\" \/>\n<meta property=\"og:locale\" content=\"fr_FR\" \/>\n<meta property=\"og:type\" content=\"article\" \/>\n<meta property=\"og:title\" content=\"Victor Le Crom et Benjamin Duval sur la finale du Challenge 29 Piste \u00e0 Cl\u00e9den-Poher - Avenir Cycliste Lanester 56\" \/>\n<meta property=\"og:url\" content=\"https:\/\/www.aclanester56.com\/velo\/v-crom-b-duval-finale-du-challenge-29-piste-cleden-poher\/\" \/>\n<meta property=\"og:site_name\" content=\"Avenir Cycliste Lanester 56\" \/>\n<meta property=\"article:publisher\" content=\"https:\/\/www.facebook.com\/pages\/AC-Lanester-56\/190286300991242?fref=ts\" \/>\n<meta property=\"article:published_time\" content=\"2014-08-25T22:20:47+00:00\" \/>\n<meta property=\"article:modified_time\" content=\"2014-08-25T22:21:18+00:00\" \/>\n<meta property=\"og:image\" content=\"https:\/\/www.aclanester56.com\/velo\/wp-content\/uploads\/2014\/08\/DSCN6028-Copie.jpg\" \/>\n\t<meta property=\"og:image:width\" content=\"880\" \/>\n\t<meta property=\"og:image:height\" content=\"450\" \/>\n\t<meta property=\"og:image:type\" content=\"image\/jpeg\" \/>\n<meta name=\"author\" content=\"Jean-Christophe\" \/>\n<meta name=\"twitter:label1\" content=\"\u00c9crit par\" \/>\n\t<meta name=\"twitter:data1\" content=\"Jean-Christophe\" \/>\n<script type=\"application\/ld+json\" class=\"yoast-schema-graph\">{\"@context\":\"https:\\\/\\\/schema.org\",\"@graph\":[{\"@type\":\"Article\",\"@id\":\"https:\\\/\\\/www.aclanester56.com\\\/velo\\\/v-crom-b-duval-finale-du-challenge-29-piste-cleden-poher\\\/#article\",\"isPartOf\":{\"@id\":\"https:\\\/\\\/www.aclanester56.com\\\/velo\\\/v-crom-b-duval-finale-du-challenge-29-piste-cleden-poher\\\/\"},\"author\":{\"name\":\"Jean-Christophe\",\"@id\":\"https:\\\/\\\/www.aclanester56.com\\\/velo\\\/#\\\/schema\\\/person\\\/ca2a44a5fd969e9dd846c72d3b33bc01\"},\"headline\":\"Victor Le Crom et Benjamin Duval sur la finale du Challenge 29 Piste \u00e0 Cl\u00e9den-Poher\",\"datePublished\":\"2014-08-25T22:20:47+00:00\",\"dateModified\":\"2014-08-25T22:21:18+00:00\",\"mainEntityOfPage\":{\"@id\":\"https:\\\/\\\/www.aclanester56.com\\\/velo\\\/v-crom-b-duval-finale-du-challenge-29-piste-cleden-poher\\\/\"},\"wordCount\":77,\"commentCount\":0,\"publisher\":{\"@id\":\"https:\\\/\\\/www.aclanester56.com\\\/velo\\\/#organization\"},\"image\":{\"@id\":\"https:\\\/\\\/www.aclanester56.com\\\/velo\\\/v-crom-b-duval-finale-du-challenge-29-piste-cleden-poher\\\/#primaryimage\"},\"thumbnailUrl\":\"https:\\\/\\\/www.aclanester56.com\\\/velo\\\/wp-content\\\/uploads\\\/2014\\\/08\\\/DSCN6028-Copie.jpg\",\"articleSection\":[\"AC LANESTER 56\",\"R\u00e9sultats Cadets\",\"R\u00e9sultats Juniors\"],\"inLanguage\":\"fr-FR\",\"potentialAction\":[{\"@type\":\"CommentAction\",\"name\":\"Comment\",\"target\":[\"https:\\\/\\\/www.aclanester56.com\\\/velo\\\/v-crom-b-duval-finale-du-challenge-29-piste-cleden-poher\\\/#respond\"]}]},{\"@type\":\"WebPage\",\"@id\":\"https:\\\/\\\/www.aclanester56.com\\\/velo\\\/v-crom-b-duval-finale-du-challenge-29-piste-cleden-poher\\\/\",\"url\":\"https:\\\/\\\/www.aclanester56.com\\\/velo\\\/v-crom-b-duval-finale-du-challenge-29-piste-cleden-poher\\\/\",\"name\":\"Victor Le Crom et Benjamin Duval sur la finale du Challenge 29 Piste \u00e0 Cl\u00e9den-Poher - Avenir Cycliste Lanester 56\",\"isPartOf\":{\"@id\":\"https:\\\/\\\/www.aclanester56.com\\\/velo\\\/#website\"},\"primaryImageOfPage\":{\"@id\":\"https:\\\/\\\/www.aclanester56.com\\\/velo\\\/v-crom-b-duval-finale-du-challenge-29-piste-cleden-poher\\\/#primaryimage\"},\"image\":{\"@id\":\"https:\\\/\\\/www.aclanester56.com\\\/velo\\\/v-crom-b-duval-finale-du-challenge-29-piste-cleden-poher\\\/#primaryimage\"},\"thumbnailUrl\":\"https:\\\/\\\/www.aclanester56.com\\\/velo\\\/wp-content\\\/uploads\\\/2014\\\/08\\\/DSCN6028-Copie.jpg\",\"datePublished\":\"2014-08-25T22:20:47+00:00\",\"dateModified\":\"2014-08-25T22:21:18+00:00\",\"inLanguage\":\"fr-FR\",\"potentialAction\":[{\"@type\":\"ReadAction\",\"target\":[\"https:\\\/\\\/www.aclanester56.com\\\/velo\\\/v-crom-b-duval-finale-du-challenge-29-piste-cleden-poher\\\/\"]}]},{\"@type\":\"ImageObject\",\"inLanguage\":\"fr-FR\",\"@id\":\"https:\\\/\\\/www.aclanester56.com\\\/velo\\\/v-crom-b-duval-finale-du-challenge-29-piste-cleden-poher\\\/#primaryimage\",\"url\":\"https:\\\/\\\/www.aclanester56.com\\\/velo\\\/wp-content\\\/uploads\\\/2014\\\/08\\\/DSCN6028-Copie.jpg\",\"contentUrl\":\"https:\\\/\\\/www.aclanester56.com\\\/velo\\\/wp-content\\\/uploads\\\/2014\\\/08\\\/DSCN6028-Copie.jpg\",\"width\":880,\"height\":450},{\"@type\":\"WebSite\",\"@id\":\"https:\\\/\\\/www.aclanester56.com\\\/velo\\\/#website\",\"url\":\"https:\\\/\\\/www.aclanester56.com\\\/velo\\\/\",\"name\":\"Avenir Cycliste Lanester 56\",\"description\":\"Club cycliste de l&#039;AC LANESTER 56\",\"publisher\":{\"@id\":\"https:\\\/\\\/www.aclanester56.com\\\/velo\\\/#organization\"},\"potentialAction\":[{\"@type\":\"SearchAction\",\"target\":{\"@type\":\"EntryPoint\",\"urlTemplate\":\"https:\\\/\\\/www.aclanester56.com\\\/velo\\\/?s={search_term_string}\"},\"query-input\":{\"@type\":\"PropertyValueSpecification\",\"valueRequired\":true,\"valueName\":\"search_term_string\"}}],\"inLanguage\":\"fr-FR\"},{\"@type\":\"Organization\",\"@id\":\"https:\\\/\\\/www.aclanester56.com\\\/velo\\\/#organization\",\"name\":\"Avenir Cycliste Lanester 56\",\"url\":\"https:\\\/\\\/www.aclanester56.com\\\/velo\\\/\",\"logo\":{\"@type\":\"ImageObject\",\"inLanguage\":\"fr-FR\",\"@id\":\"https:\\\/\\\/www.aclanester56.com\\\/velo\\\/#\\\/schema\\\/logo\\\/image\\\/\",\"url\":\"https:\\\/\\\/www.aclanester56.com\\\/velo\\\/wp-content\\\/uploads\\\/2013\\\/04\\\/logo-ACL.jpg\",\"contentUrl\":\"https:\\\/\\\/www.aclanester56.com\\\/velo\\\/wp-content\\\/uploads\\\/2013\\\/04\\\/logo-ACL.jpg\",\"width\":400,\"height\":334,\"caption\":\"Avenir Cycliste Lanester 56\"},\"image\":{\"@id\":\"https:\\\/\\\/www.aclanester56.com\\\/velo\\\/#\\\/schema\\\/logo\\\/image\\\/\"},\"sameAs\":[\"https:\\\/\\\/www.facebook.com\\\/pages\\\/AC-Lanester-56\\\/190286300991242?fref=ts\"]},{\"@type\":\"Person\",\"@id\":\"https:\\\/\\\/www.aclanester56.com\\\/velo\\\/#\\\/schema\\\/person\\\/ca2a44a5fd969e9dd846c72d3b33bc01\",\"name\":\"Jean-Christophe\",\"url\":\"https:\\\/\\\/www.aclanester56.com\\\/velo\\\/author\\\/jeanchristophe\\\/\"}]}<\/script>\n<!-- \/ Yoast SEO plugin. -->","yoast_head_json":{"title":"Victor Le Crom et Benjamin Duval sur la finale du Challenge 29 Piste \u00e0 Cl\u00e9den-Poher - Avenir Cycliste Lanester 56","robots":{"index":"index","follow":"follow","max-snippet":"max-snippet:-1","max-image-preview":"max-image-preview:large","max-video-preview":"max-video-preview:-1"},"canonical":"https:\/\/www.aclanester56.com\/velo\/v-crom-b-duval-finale-du-challenge-29-piste-cleden-poher\/","og_locale":"fr_FR","og_type":"article","og_title":"Victor Le Crom et Benjamin Duval sur la finale du Challenge 29 Piste \u00e0 Cl\u00e9den-Poher - Avenir Cycliste Lanester 56","og_url":"https:\/\/www.aclanester56.com\/velo\/v-crom-b-duval-finale-du-challenge-29-piste-cleden-poher\/","og_site_name":"Avenir Cycliste Lanester 56","article_publisher":"https:\/\/www.facebook.com\/pages\/AC-Lanester-56\/190286300991242?fref=ts","article_published_time":"2014-08-25T22:20:47+00:00","article_modified_time":"2014-08-25T22:21:18+00:00","og_image":[{"width":880,"height":450,"url":"https:\/\/www.aclanester56.com\/velo\/wp-content\/uploads\/2014\/08\/DSCN6028-Copie.jpg","type":"image\/jpeg"}],"author":"Jean-Christophe","twitter_misc":{"\u00c9crit par":"Jean-Christophe"},"schema":{"@context":"https:\/\/schema.org","@graph":[{"@type":"Article","@id":"https:\/\/www.aclanester56.com\/velo\/v-crom-b-duval-finale-du-challenge-29-piste-cleden-poher\/#article","isPartOf":{"@id":"https:\/\/www.aclanester56.com\/velo\/v-crom-b-duval-finale-du-challenge-29-piste-cleden-poher\/"},"author":{"name":"Jean-Christophe","@id":"https:\/\/www.aclanester56.com\/velo\/#\/schema\/person\/ca2a44a5fd969e9dd846c72d3b33bc01"},"headline":"Victor Le Crom et Benjamin Duval sur la finale du Challenge 29 Piste \u00e0 Cl\u00e9den-Poher","datePublished":"2014-08-25T22:20:47+00:00","dateModified":"2014-08-25T22:21:18+00:00","mainEntityOfPage":{"@id":"https:\/\/www.aclanester56.com\/velo\/v-crom-b-duval-finale-du-challenge-29-piste-cleden-poher\/"},"wordCount":77,"commentCount":0,"publisher":{"@id":"https:\/\/www.aclanester56.com\/velo\/#organization"},"image":{"@id":"https:\/\/www.aclanester56.com\/velo\/v-crom-b-duval-finale-du-challenge-29-piste-cleden-poher\/#primaryimage"},"thumbnailUrl":"https:\/\/www.aclanester56.com\/velo\/wp-content\/uploads\/2014\/08\/DSCN6028-Copie.jpg","articleSection":["AC LANESTER 56","R\u00e9sultats Cadets","R\u00e9sultats Juniors"],"inLanguage":"fr-FR","potentialAction":[{"@type":"CommentAction","name":"Comment","target":["https:\/\/www.aclanester56.com\/velo\/v-crom-b-duval-finale-du-challenge-29-piste-cleden-poher\/#respond"]}]},{"@type":"WebPage","@id":"https:\/\/www.aclanester56.com\/velo\/v-crom-b-duval-finale-du-challenge-29-piste-cleden-poher\/","url":"https:\/\/www.aclanester56.com\/velo\/v-crom-b-duval-finale-du-challenge-29-piste-cleden-poher\/","name":"Victor Le Crom et Benjamin Duval sur la finale du Challenge 29 Piste \u00e0 Cl\u00e9den-Poher - Avenir Cycliste Lanester 56","isPartOf":{"@id":"https:\/\/www.aclanester56.com\/velo\/#website"},"primaryImageOfPage":{"@id":"https:\/\/www.aclanester56.com\/velo\/v-crom-b-duval-finale-du-challenge-29-piste-cleden-poher\/#primaryimage"},"image":{"@id":"https:\/\/www.aclanester56.com\/velo\/v-crom-b-duval-finale-du-challenge-29-piste-cleden-poher\/#primaryimage"},"thumbnailUrl":"https:\/\/www.aclanester56.com\/velo\/wp-content\/uploads\/2014\/08\/DSCN6028-Copie.jpg","datePublished":"2014-08-25T22:20:47+00:00","dateModified":"2014-08-25T22:21:18+00:00","inLanguage":"fr-FR","potentialAction":[{"@type":"ReadAction","target":["https:\/\/www.aclanester56.com\/velo\/v-crom-b-duval-finale-du-challenge-29-piste-cleden-poher\/"]}]},{"@type":"ImageObject","inLanguage":"fr-FR","@id":"https:\/\/www.aclanester56.com\/velo\/v-crom-b-duval-finale-du-challenge-29-piste-cleden-poher\/#primaryimage","url":"https:\/\/www.aclanester56.com\/velo\/wp-content\/uploads\/2014\/08\/DSCN6028-Copie.jpg","contentUrl":"https:\/\/www.aclanester56.com\/velo\/wp-content\/uploads\/2014\/08\/DSCN6028-Copie.jpg","width":880,"height":450},{"@type":"WebSite","@id":"https:\/\/www.aclanester56.com\/velo\/#website","url":"https:\/\/www.aclanester56.com\/velo\/","name":"Avenir Cycliste Lanester 56","description":"Club cycliste de l&#039;AC LANESTER 56","publisher":{"@id":"https:\/\/www.aclanester56.com\/velo\/#organization"},"potentialAction":[{"@type":"SearchAction","target":{"@type":"EntryPoint","urlTemplate":"https:\/\/www.aclanester56.com\/velo\/?s={search_term_string}"},"query-input":{"@type":"PropertyValueSpecification","valueRequired":true,"valueName":"search_term_string"}}],"inLanguage":"fr-FR"},{"@type":"Organization","@id":"https:\/\/www.aclanester56.com\/velo\/#organization","name":"Avenir Cycliste Lanester 56","url":"https:\/\/www.aclanester56.com\/velo\/","logo":{"@type":"ImageObject","inLanguage":"fr-FR","@id":"https:\/\/www.aclanester56.com\/velo\/#\/schema\/logo\/image\/","url":"https:\/\/www.aclanester56.com\/velo\/wp-content\/uploads\/2013\/04\/logo-ACL.jpg","contentUrl":"https:\/\/www.aclanester56.com\/velo\/wp-content\/uploads\/2013\/04\/logo-ACL.jpg","width":400,"height":334,"caption":"Avenir Cycliste Lanester 56"},"image":{"@id":"https:\/\/www.aclanester56.com\/velo\/#\/schema\/logo\/image\/"},"sameAs":["https:\/\/www.facebook.com\/pages\/AC-Lanester-56\/190286300991242?fref=ts"]},{"@type":"Person","@id":"https:\/\/www.aclanester56.com\/velo\/#\/schema\/person\/ca2a44a5fd969e9dd846c72d3b33bc01","name":"Jean-Christophe","url":"https:\/\/www.aclanester56.com\/velo\/author\/jeanchristophe\/"}]}},"_links":{"self":[{"href":"https:\/\/www.aclanester56.com\/velo\/wp-json\/wp\/v2\/posts\/20211","targetHints":{"allow":["GET"]}}],"collection":[{"href":"https:\/\/www.aclanester56.com\/velo\/wp-json\/wp\/v2\/posts"}],"about":[{"href":"https:\/\/www.aclanester56.com\/velo\/wp-json\/wp\/v2\/types\/post"}],"author":[{"embeddable":true,"href":"https:\/\/www.aclanester56.com\/velo\/wp-json\/wp\/v2\/users\/14"}],"replies":[{"embeddable":true,"href":"https:\/\/www.aclanester56.com\/velo\/wp-json\/wp\/v2\/comments?post=20211"}],"version-history":[{"count":2,"href":"https:\/\/www.aclanester56.com\/velo\/wp-json\/wp\/v2\/posts\/20211\/revisions"}],"predecessor-version":[{"id":20225,"href":"https:\/\/www.aclanester56.com\/velo\/wp-json\/wp\/v2\/posts\/20211\/revisions\/20225"}],"wp:featuredmedia":[{"embeddable":true,"href":"https:\/\/www.aclanester56.com\/velo\/wp-json\/wp\/v2\/media\/20223"}],"wp:attachment":[{"href":"https:\/\/www.aclanester56.com\/velo\/wp-json\/wp\/v2\/media?parent=20211"}],"wp:term":[{"taxonomy":"category","embeddable":true,"href":"https:\/\/www.aclanester56.com\/velo\/wp-json\/wp\/v2\/categories?post=20211"},{"taxonomy":"post_tag","embeddable":true,"href":"https:\/\/www.aclanester56.com\/velo\/wp-json\/wp\/v2\/tags?post=20211"}],"curies":[{"name":"wp","href":"https:\/\/api.w.org\/{rel}","templated":true}]}}