{"id":20330,"date":"2014-09-02T08:23:58","date_gmt":"2014-09-02T06:23:58","guid":{"rendered":"http:\/\/www.aclanester56.com\/velo\/?p=20330"},"modified":"2014-09-05T08:24:28","modified_gmt":"2014-09-05T06:24:28","slug":"denis-barguil-vuelta-warren","status":"publish","type":"post","link":"https:\/\/www.aclanester56.com\/velo\/denis-barguil-vuelta-warren\/","title":{"rendered":"Denis Barguil sur la Vuelta avec Warren !"},"content":{"rendered":"<p><!--more--><\/p>\n<p style=\"text-align: justify;\">Lors de la 1\u00e8re journ\u00e9e de repos du Tour d&rsquo;Espagne lundi dernier dans la r\u00e9gion de Saragosse, les locaux ont pu apercevoir le maillot de l&rsquo;AC Lanester 56 dans la roue de Warren Barguil, professionnel de l&rsquo;\u00e9quipe GIANT-SHIMANO et licenci\u00e9 au club. C&rsquo;\u00e9tait bien \u00e9videmment son p\u00e8re Denis, dirigeant et encadrant au club, qui \u00e9tait all\u00e9 rendre visite \u00e0\u00a0Warren avec toute la famille !<\/p>\n<p style=\"text-align: justify;\">Denis a sorti le v\u00e9lo pour accompagner Warren pour la reconnaissance de la 1\u00e8re \u00e9tape de contre-la-montre individuel, qui avait lieu le lendemain. Retrouvez le bilan de Warren \u00e0 cette 1\u00e8re journ\u00e9e de repos <a href=\"http:\/\/www.warrenbarguil.fr\/vuelta-2014-premier-jour-repos-bien-merite-premier-bilan\/\" target=\"_blank\">en cliquant ici<\/a>. A ce jour, le jeune coureur de 22 ans\u00a0tient son objectif de top 15 au classement g\u00e9n\u00e9ral, et les jambes allant de mieux en mieux, il\u00a0pourrait m\u00eame remonter quelques places sur la 3\u00e8me semaine difficile de ce Tour d&rsquo;Espagne 2014 !<\/p>\n<p style=\"text-align: justify;\"><!-- default-view.php -->\n<div\n\tclass=\"ngg-galleryoverview default-view\n\t ngg-ajax-pagination-none\t\"\n\tid=\"ngg-gallery-851b2a87b9fa81c73a8698468f208f55-1\"\n\tdata-nextgen-gallery-id=\"191\"\n\tdata-gallery-id=\"191\"\n\t\tdata-gallery-name=\"Vuelta 2014 - Journ\u00e9e de repos\"\n\t>\n\n\t\t<!-- Thumbnails -->\n\t\t\t\t<div id=\"ngg-image-0\" class=\"ngg-gallery-thumbnail-box\n\t\t\t\t\t\t\t\t\t\t\t\"\n\t\t\t>\n\t\t\t\t\t\t<div class=\"ngg-gallery-thumbnail\">\n\t\t<a href=\"https:\/\/www.aclanester56.com\/velo\/wp-content\/gallery\/vuelta-2014-journee-de-repos\/repos-1-WB-01.jpg?t=1598818805\"\n\t\t\ttitle=\"\"\n\t\t\tdata-src=\"https:\/\/www.aclanester56.com\/velo\/wp-content\/gallery\/vuelta-2014-journee-de-repos\/repos-1-WB-01.jpg?t=1598818805\"\n\t\t\tdata-thumbnail=\"https:\/\/www.aclanester56.com\/velo\/wp-content\/gallery\/vuelta-2014-journee-de-repos\/thumbs\/thumbs_repos-1-WB-01.jpg?t=1598818805\"\n\t\t\tdata-image-id=\"7055\"\n\t\t\tdata-image-name=\"repos-1-WB-01.jpg\"\n\t\t\tdata-title=\"repos-1-WB-01\"\n\t\t\tdata-description=\"\"\n\t\t\tdata-image-slug=\"repos-1-wb-01\"\n\t\t\t\t\t\t\t\t\t\t\t\t\t\t\t\t\t\t\t\tclass=\"ngg-simplelightbox\" rel=\"851b2a87b9fa81c73a8698468f208f55\">\n\t\t\t\t\t\t\t\t<img\n\t\t\t\t\ttitle=\"repos-1-WB-01\"\n\t\t\t\t\talt=\"repos-1-WB-01\"\n\t\t\t\t\tsrc=\"https:\/\/www.aclanester56.com\/velo\/wp-content\/gallery\/vuelta-2014-journee-de-repos\/thumbs\/thumbs_repos-1-WB-01.jpg?t=1598818805\"\n\t\t\t\t\twidth=\"100\"\n\t\t\t\t\theight=\"100\"\n\t\t\t\t\tstyle=\"max-width:100%;\"\n\t\t\t\t\/>\n\t\t\t<\/a>\n\t\t<\/div>\n\t\t\t\t\t\t\t<\/div>\n\t\t\t\n\t\t\t\t<div id=\"ngg-image-1\" class=\"ngg-gallery-thumbnail-box\n\t\t\t\t\t\t\t\t\t\t\t\"\n\t\t\t>\n\t\t\t\t\t\t<div class=\"ngg-gallery-thumbnail\">\n\t\t<a href=\"https:\/\/www.aclanester56.com\/velo\/wp-content\/gallery\/vuelta-2014-journee-de-repos\/repos-1-WB-04.jpg?t=1409897922\"\n\t\t\ttitle=\" \"\n\t\t\tdata-src=\"https:\/\/www.aclanester56.com\/velo\/wp-content\/gallery\/vuelta-2014-journee-de-repos\/repos-1-WB-04.jpg?t=1409897922\"\n\t\t\tdata-thumbnail=\"https:\/\/www.aclanester56.com\/velo\/wp-content\/gallery\/vuelta-2014-journee-de-repos\/thumbs\/thumbs_repos-1-WB-04.jpg?t=1409897922\"\n\t\t\tdata-image-id=\"7056\"\n\t\t\tdata-image-name=\"repos-1-WB-04.jpg\"\n\t\t\tdata-title=\"repos-1-WB-04\"\n\t\t\tdata-description=\" \"\n\t\t\tdata-image-slug=\"repos-1-wb-04\"\n\t\t\t\t\t\t\t\t\t\t\t\t\t\t\t\t\t\t\t\tclass=\"ngg-simplelightbox\" rel=\"851b2a87b9fa81c73a8698468f208f55\">\n\t\t\t\t\t\t\t\t<img\n\t\t\t\t\ttitle=\"repos-1-WB-04\"\n\t\t\t\t\talt=\"repos-1-WB-04\"\n\t\t\t\t\tsrc=\"https:\/\/www.aclanester56.com\/velo\/wp-content\/gallery\/vuelta-2014-journee-de-repos\/thumbs\/thumbs_repos-1-WB-04.jpg?t=1409897922\"\n\t\t\t\t\twidth=\"100\"\n\t\t\t\t\theight=\"100\"\n\t\t\t\t\tstyle=\"max-width:100%;\"\n\t\t\t\t\/>\n\t\t\t<\/a>\n\t\t<\/div>\n\t\t\t\t\t\t\t<\/div>\n\t\t\t\n\t\t\t\t<div id=\"ngg-image-2\" class=\"ngg-gallery-thumbnail-box\n\t\t\t\t\t\t\t\t\t\t\t\"\n\t\t\t>\n\t\t\t\t\t\t<div class=\"ngg-gallery-thumbnail\">\n\t\t<a href=\"https:\/\/www.aclanester56.com\/velo\/wp-content\/gallery\/vuelta-2014-journee-de-repos\/repos-1-WB-08.jpg?t=1409897924\"\n\t\t\ttitle=\" \"\n\t\t\tdata-src=\"https:\/\/www.aclanester56.com\/velo\/wp-content\/gallery\/vuelta-2014-journee-de-repos\/repos-1-WB-08.jpg?t=1409897924\"\n\t\t\tdata-thumbnail=\"https:\/\/www.aclanester56.com\/velo\/wp-content\/gallery\/vuelta-2014-journee-de-repos\/thumbs\/thumbs_repos-1-WB-08.jpg?t=1409897924\"\n\t\t\tdata-image-id=\"7057\"\n\t\t\tdata-image-name=\"repos-1-WB-08.jpg\"\n\t\t\tdata-title=\"repos-1-WB-08\"\n\t\t\tdata-description=\" \"\n\t\t\tdata-image-slug=\"repos-1-wb-08\"\n\t\t\t\t\t\t\t\t\t\t\t\t\t\t\t\t\t\t\t\tclass=\"ngg-simplelightbox\" rel=\"851b2a87b9fa81c73a8698468f208f55\">\n\t\t\t\t\t\t\t\t<img\n\t\t\t\t\ttitle=\"repos-1-WB-08\"\n\t\t\t\t\talt=\"repos-1-WB-08\"\n\t\t\t\t\tsrc=\"https:\/\/www.aclanester56.com\/velo\/wp-content\/gallery\/vuelta-2014-journee-de-repos\/thumbs\/thumbs_repos-1-WB-08.jpg?t=1409897924\"\n\t\t\t\t\twidth=\"100\"\n\t\t\t\t\theight=\"100\"\n\t\t\t\t\tstyle=\"max-width:100%;\"\n\t\t\t\t\/>\n\t\t\t<\/a>\n\t\t<\/div>\n\t\t\t\t\t\t\t<\/div>\n\t\t\t\n\t\t\t\t<div id=\"ngg-image-3\" class=\"ngg-gallery-thumbnail-box\n\t\t\t\t\t\t\t\t\t\t\t\"\n\t\t\t>\n\t\t\t\t\t\t<div class=\"ngg-gallery-thumbnail\">\n\t\t<a href=\"https:\/\/www.aclanester56.com\/velo\/wp-content\/gallery\/vuelta-2014-journee-de-repos\/repos-1-WB-11.jpg?t=1409897926\"\n\t\t\ttitle=\" \"\n\t\t\tdata-src=\"https:\/\/www.aclanester56.com\/velo\/wp-content\/gallery\/vuelta-2014-journee-de-repos\/repos-1-WB-11.jpg?t=1409897926\"\n\t\t\tdata-thumbnail=\"https:\/\/www.aclanester56.com\/velo\/wp-content\/gallery\/vuelta-2014-journee-de-repos\/thumbs\/thumbs_repos-1-WB-11.jpg?t=1409897926\"\n\t\t\tdata-image-id=\"7058\"\n\t\t\tdata-image-name=\"repos-1-WB-11.jpg\"\n\t\t\tdata-title=\"repos-1-WB-11\"\n\t\t\tdata-description=\" \"\n\t\t\tdata-image-slug=\"repos-1-wb-11\"\n\t\t\t\t\t\t\t\t\t\t\t\t\t\t\t\t\t\t\t\tclass=\"ngg-simplelightbox\" rel=\"851b2a87b9fa81c73a8698468f208f55\">\n\t\t\t\t\t\t\t\t<img\n\t\t\t\t\ttitle=\"repos-1-WB-11\"\n\t\t\t\t\talt=\"repos-1-WB-11\"\n\t\t\t\t\tsrc=\"https:\/\/www.aclanester56.com\/velo\/wp-content\/gallery\/vuelta-2014-journee-de-repos\/thumbs\/thumbs_repos-1-WB-11.jpg?t=1409897926\"\n\t\t\t\t\twidth=\"100\"\n\t\t\t\t\theight=\"100\"\n\t\t\t\t\tstyle=\"max-width:100%;\"\n\t\t\t\t\/>\n\t\t\t<\/a>\n\t\t<\/div>\n\t\t\t\t\t\t\t<\/div>\n\t\t\t\n\t\t\t\t<div id=\"ngg-image-4\" class=\"ngg-gallery-thumbnail-box\n\t\t\t\t\t\t\t\t\t\t\t\"\n\t\t\t>\n\t\t\t\t\t\t<div class=\"ngg-gallery-thumbnail\">\n\t\t<a href=\"https:\/\/www.aclanester56.com\/velo\/wp-content\/gallery\/vuelta-2014-journee-de-repos\/repos-1-WB-13.jpg?t=1409897928\"\n\t\t\ttitle=\" \"\n\t\t\tdata-src=\"https:\/\/www.aclanester56.com\/velo\/wp-content\/gallery\/vuelta-2014-journee-de-repos\/repos-1-WB-13.jpg?t=1409897928\"\n\t\t\tdata-thumbnail=\"https:\/\/www.aclanester56.com\/velo\/wp-content\/gallery\/vuelta-2014-journee-de-repos\/thumbs\/thumbs_repos-1-WB-13.jpg?t=1409897928\"\n\t\t\tdata-image-id=\"7059\"\n\t\t\tdata-image-name=\"repos-1-WB-13.jpg\"\n\t\t\tdata-title=\"repos-1-WB-13\"\n\t\t\tdata-description=\" \"\n\t\t\tdata-image-slug=\"repos-1-wb-13\"\n\t\t\t\t\t\t\t\t\t\t\t\t\t\t\t\t\t\t\t\tclass=\"ngg-simplelightbox\" rel=\"851b2a87b9fa81c73a8698468f208f55\">\n\t\t\t\t\t\t\t\t<img\n\t\t\t\t\ttitle=\"repos-1-WB-13\"\n\t\t\t\t\talt=\"repos-1-WB-13\"\n\t\t\t\t\tsrc=\"https:\/\/www.aclanester56.com\/velo\/wp-content\/gallery\/vuelta-2014-journee-de-repos\/thumbs\/thumbs_repos-1-WB-13.jpg?t=1409897928\"\n\t\t\t\t\twidth=\"100\"\n\t\t\t\t\theight=\"100\"\n\t\t\t\t\tstyle=\"max-width:100%;\"\n\t\t\t\t\/>\n\t\t\t<\/a>\n\t\t<\/div>\n\t\t\t\t\t\t\t<\/div>\n\t\t\t\n\t\n\t<br style=\"clear: both\" \/>\n\n\t\n\t\t<div class=\"ngg-clear\"><\/div>\n\t<\/div>\n<\/p>\n","protected":false},"excerpt":{"rendered":"","protected":false},"author":14,"featured_media":20344,"comment_status":"open","ping_status":"open","sticky":false,"template":"","format":"standard","meta":{"ngg_post_thumbnail":0,"footnotes":""},"categories":[5],"tags":[],"class_list":["post-20330","post","type-post","status-publish","format-standard","has-post-thumbnail","hentry","category-ac-lanester-56"],"yoast_head":"<!-- This site is optimized with the Yoast SEO plugin v27.5 - https:\/\/yoast.com\/product\/yoast-seo-wordpress\/ -->\n<title>Denis Barguil sur la Vuelta avec Warren ! - Avenir Cycliste Lanester 56<\/title>\n<meta name=\"robots\" content=\"index, follow, max-snippet:-1, max-image-preview:large, max-video-preview:-1\" \/>\n<link rel=\"canonical\" href=\"https:\/\/www.aclanester56.com\/velo\/denis-barguil-vuelta-warren\/\" \/>\n<meta property=\"og:locale\" content=\"fr_FR\" \/>\n<meta property=\"og:type\" content=\"article\" \/>\n<meta property=\"og:title\" content=\"Denis Barguil sur la Vuelta avec Warren ! - Avenir Cycliste Lanester 56\" \/>\n<meta property=\"og:url\" content=\"https:\/\/www.aclanester56.com\/velo\/denis-barguil-vuelta-warren\/\" \/>\n<meta property=\"og:site_name\" content=\"Avenir Cycliste Lanester 56\" \/>\n<meta property=\"article:publisher\" content=\"https:\/\/www.facebook.com\/pages\/AC-Lanester-56\/190286300991242?fref=ts\" \/>\n<meta property=\"article:published_time\" content=\"2014-09-02T06:23:58+00:00\" \/>\n<meta property=\"article:modified_time\" content=\"2014-09-05T06:24:28+00:00\" \/>\n<meta property=\"og:image\" content=\"https:\/\/www.aclanester56.com\/velo\/wp-content\/uploads\/2014\/09\/repos-1-WB-11-Copie.jpg\" \/>\n\t<meta property=\"og:image:width\" content=\"880\" \/>\n\t<meta property=\"og:image:height\" content=\"450\" \/>\n\t<meta property=\"og:image:type\" content=\"image\/jpeg\" \/>\n<meta name=\"author\" content=\"Jean-Christophe\" \/>\n<meta name=\"twitter:label1\" content=\"\u00c9crit par\" \/>\n\t<meta name=\"twitter:data1\" content=\"Jean-Christophe\" \/>\n\t<meta name=\"twitter:label2\" content=\"Dur\u00e9e de lecture estim\u00e9e\" \/>\n\t<meta name=\"twitter:data2\" content=\"1 minute\" \/>\n<script type=\"application\/ld+json\" class=\"yoast-schema-graph\">{\"@context\":\"https:\\\/\\\/schema.org\",\"@graph\":[{\"@type\":\"Article\",\"@id\":\"https:\\\/\\\/www.aclanester56.com\\\/velo\\\/denis-barguil-vuelta-warren\\\/#article\",\"isPartOf\":{\"@id\":\"https:\\\/\\\/www.aclanester56.com\\\/velo\\\/denis-barguil-vuelta-warren\\\/\"},\"author\":{\"name\":\"Jean-Christophe\",\"@id\":\"https:\\\/\\\/www.aclanester56.com\\\/velo\\\/#\\\/schema\\\/person\\\/ca2a44a5fd969e9dd846c72d3b33bc01\"},\"headline\":\"Denis Barguil sur la Vuelta avec Warren !\",\"datePublished\":\"2014-09-02T06:23:58+00:00\",\"dateModified\":\"2014-09-05T06:24:28+00:00\",\"mainEntityOfPage\":{\"@id\":\"https:\\\/\\\/www.aclanester56.com\\\/velo\\\/denis-barguil-vuelta-warren\\\/\"},\"wordCount\":154,\"commentCount\":0,\"publisher\":{\"@id\":\"https:\\\/\\\/www.aclanester56.com\\\/velo\\\/#organization\"},\"image\":{\"@id\":\"https:\\\/\\\/www.aclanester56.com\\\/velo\\\/denis-barguil-vuelta-warren\\\/#primaryimage\"},\"thumbnailUrl\":\"https:\\\/\\\/www.aclanester56.com\\\/velo\\\/wp-content\\\/uploads\\\/2014\\\/09\\\/repos-1-WB-11-Copie.jpg\",\"articleSection\":[\"AC LANESTER 56\"],\"inLanguage\":\"fr-FR\",\"potentialAction\":[{\"@type\":\"CommentAction\",\"name\":\"Comment\",\"target\":[\"https:\\\/\\\/www.aclanester56.com\\\/velo\\\/denis-barguil-vuelta-warren\\\/#respond\"]}]},{\"@type\":\"WebPage\",\"@id\":\"https:\\\/\\\/www.aclanester56.com\\\/velo\\\/denis-barguil-vuelta-warren\\\/\",\"url\":\"https:\\\/\\\/www.aclanester56.com\\\/velo\\\/denis-barguil-vuelta-warren\\\/\",\"name\":\"Denis Barguil sur la Vuelta avec Warren ! - Avenir Cycliste Lanester 56\",\"isPartOf\":{\"@id\":\"https:\\\/\\\/www.aclanester56.com\\\/velo\\\/#website\"},\"primaryImageOfPage\":{\"@id\":\"https:\\\/\\\/www.aclanester56.com\\\/velo\\\/denis-barguil-vuelta-warren\\\/#primaryimage\"},\"image\":{\"@id\":\"https:\\\/\\\/www.aclanester56.com\\\/velo\\\/denis-barguil-vuelta-warren\\\/#primaryimage\"},\"thumbnailUrl\":\"https:\\\/\\\/www.aclanester56.com\\\/velo\\\/wp-content\\\/uploads\\\/2014\\\/09\\\/repos-1-WB-11-Copie.jpg\",\"datePublished\":\"2014-09-02T06:23:58+00:00\",\"dateModified\":\"2014-09-05T06:24:28+00:00\",\"inLanguage\":\"fr-FR\",\"potentialAction\":[{\"@type\":\"ReadAction\",\"target\":[\"https:\\\/\\\/www.aclanester56.com\\\/velo\\\/denis-barguil-vuelta-warren\\\/\"]}]},{\"@type\":\"ImageObject\",\"inLanguage\":\"fr-FR\",\"@id\":\"https:\\\/\\\/www.aclanester56.com\\\/velo\\\/denis-barguil-vuelta-warren\\\/#primaryimage\",\"url\":\"https:\\\/\\\/www.aclanester56.com\\\/velo\\\/wp-content\\\/uploads\\\/2014\\\/09\\\/repos-1-WB-11-Copie.jpg\",\"contentUrl\":\"https:\\\/\\\/www.aclanester56.com\\\/velo\\\/wp-content\\\/uploads\\\/2014\\\/09\\\/repos-1-WB-11-Copie.jpg\",\"width\":880,\"height\":450},{\"@type\":\"WebSite\",\"@id\":\"https:\\\/\\\/www.aclanester56.com\\\/velo\\\/#website\",\"url\":\"https:\\\/\\\/www.aclanester56.com\\\/velo\\\/\",\"name\":\"Avenir Cycliste Lanester 56\",\"description\":\"Club cycliste de l&#039;AC LANESTER 56\",\"publisher\":{\"@id\":\"https:\\\/\\\/www.aclanester56.com\\\/velo\\\/#organization\"},\"potentialAction\":[{\"@type\":\"SearchAction\",\"target\":{\"@type\":\"EntryPoint\",\"urlTemplate\":\"https:\\\/\\\/www.aclanester56.com\\\/velo\\\/?s={search_term_string}\"},\"query-input\":{\"@type\":\"PropertyValueSpecification\",\"valueRequired\":true,\"valueName\":\"search_term_string\"}}],\"inLanguage\":\"fr-FR\"},{\"@type\":\"Organization\",\"@id\":\"https:\\\/\\\/www.aclanester56.com\\\/velo\\\/#organization\",\"name\":\"Avenir Cycliste Lanester 56\",\"url\":\"https:\\\/\\\/www.aclanester56.com\\\/velo\\\/\",\"logo\":{\"@type\":\"ImageObject\",\"inLanguage\":\"fr-FR\",\"@id\":\"https:\\\/\\\/www.aclanester56.com\\\/velo\\\/#\\\/schema\\\/logo\\\/image\\\/\",\"url\":\"https:\\\/\\\/www.aclanester56.com\\\/velo\\\/wp-content\\\/uploads\\\/2013\\\/04\\\/logo-ACL.jpg\",\"contentUrl\":\"https:\\\/\\\/www.aclanester56.com\\\/velo\\\/wp-content\\\/uploads\\\/2013\\\/04\\\/logo-ACL.jpg\",\"width\":400,\"height\":334,\"caption\":\"Avenir Cycliste Lanester 56\"},\"image\":{\"@id\":\"https:\\\/\\\/www.aclanester56.com\\\/velo\\\/#\\\/schema\\\/logo\\\/image\\\/\"},\"sameAs\":[\"https:\\\/\\\/www.facebook.com\\\/pages\\\/AC-Lanester-56\\\/190286300991242?fref=ts\"]},{\"@type\":\"Person\",\"@id\":\"https:\\\/\\\/www.aclanester56.com\\\/velo\\\/#\\\/schema\\\/person\\\/ca2a44a5fd969e9dd846c72d3b33bc01\",\"name\":\"Jean-Christophe\",\"url\":\"https:\\\/\\\/www.aclanester56.com\\\/velo\\\/author\\\/jeanchristophe\\\/\"}]}<\/script>\n<!-- \/ Yoast SEO plugin. -->","yoast_head_json":{"title":"Denis Barguil sur la Vuelta avec Warren ! - Avenir Cycliste Lanester 56","robots":{"index":"index","follow":"follow","max-snippet":"max-snippet:-1","max-image-preview":"max-image-preview:large","max-video-preview":"max-video-preview:-1"},"canonical":"https:\/\/www.aclanester56.com\/velo\/denis-barguil-vuelta-warren\/","og_locale":"fr_FR","og_type":"article","og_title":"Denis Barguil sur la Vuelta avec Warren ! - Avenir Cycliste Lanester 56","og_url":"https:\/\/www.aclanester56.com\/velo\/denis-barguil-vuelta-warren\/","og_site_name":"Avenir Cycliste Lanester 56","article_publisher":"https:\/\/www.facebook.com\/pages\/AC-Lanester-56\/190286300991242?fref=ts","article_published_time":"2014-09-02T06:23:58+00:00","article_modified_time":"2014-09-05T06:24:28+00:00","og_image":[{"width":880,"height":450,"url":"https:\/\/www.aclanester56.com\/velo\/wp-content\/uploads\/2014\/09\/repos-1-WB-11-Copie.jpg","type":"image\/jpeg"}],"author":"Jean-Christophe","twitter_misc":{"\u00c9crit par":"Jean-Christophe","Dur\u00e9e de lecture estim\u00e9e":"1 minute"},"schema":{"@context":"https:\/\/schema.org","@graph":[{"@type":"Article","@id":"https:\/\/www.aclanester56.com\/velo\/denis-barguil-vuelta-warren\/#article","isPartOf":{"@id":"https:\/\/www.aclanester56.com\/velo\/denis-barguil-vuelta-warren\/"},"author":{"name":"Jean-Christophe","@id":"https:\/\/www.aclanester56.com\/velo\/#\/schema\/person\/ca2a44a5fd969e9dd846c72d3b33bc01"},"headline":"Denis Barguil sur la Vuelta avec Warren !","datePublished":"2014-09-02T06:23:58+00:00","dateModified":"2014-09-05T06:24:28+00:00","mainEntityOfPage":{"@id":"https:\/\/www.aclanester56.com\/velo\/denis-barguil-vuelta-warren\/"},"wordCount":154,"commentCount":0,"publisher":{"@id":"https:\/\/www.aclanester56.com\/velo\/#organization"},"image":{"@id":"https:\/\/www.aclanester56.com\/velo\/denis-barguil-vuelta-warren\/#primaryimage"},"thumbnailUrl":"https:\/\/www.aclanester56.com\/velo\/wp-content\/uploads\/2014\/09\/repos-1-WB-11-Copie.jpg","articleSection":["AC LANESTER 56"],"inLanguage":"fr-FR","potentialAction":[{"@type":"CommentAction","name":"Comment","target":["https:\/\/www.aclanester56.com\/velo\/denis-barguil-vuelta-warren\/#respond"]}]},{"@type":"WebPage","@id":"https:\/\/www.aclanester56.com\/velo\/denis-barguil-vuelta-warren\/","url":"https:\/\/www.aclanester56.com\/velo\/denis-barguil-vuelta-warren\/","name":"Denis Barguil sur la Vuelta avec Warren ! - Avenir Cycliste Lanester 56","isPartOf":{"@id":"https:\/\/www.aclanester56.com\/velo\/#website"},"primaryImageOfPage":{"@id":"https:\/\/www.aclanester56.com\/velo\/denis-barguil-vuelta-warren\/#primaryimage"},"image":{"@id":"https:\/\/www.aclanester56.com\/velo\/denis-barguil-vuelta-warren\/#primaryimage"},"thumbnailUrl":"https:\/\/www.aclanester56.com\/velo\/wp-content\/uploads\/2014\/09\/repos-1-WB-11-Copie.jpg","datePublished":"2014-09-02T06:23:58+00:00","dateModified":"2014-09-05T06:24:28+00:00","inLanguage":"fr-FR","potentialAction":[{"@type":"ReadAction","target":["https:\/\/www.aclanester56.com\/velo\/denis-barguil-vuelta-warren\/"]}]},{"@type":"ImageObject","inLanguage":"fr-FR","@id":"https:\/\/www.aclanester56.com\/velo\/denis-barguil-vuelta-warren\/#primaryimage","url":"https:\/\/www.aclanester56.com\/velo\/wp-content\/uploads\/2014\/09\/repos-1-WB-11-Copie.jpg","contentUrl":"https:\/\/www.aclanester56.com\/velo\/wp-content\/uploads\/2014\/09\/repos-1-WB-11-Copie.jpg","width":880,"height":450},{"@type":"WebSite","@id":"https:\/\/www.aclanester56.com\/velo\/#website","url":"https:\/\/www.aclanester56.com\/velo\/","name":"Avenir Cycliste Lanester 56","description":"Club cycliste de l&#039;AC LANESTER 56","publisher":{"@id":"https:\/\/www.aclanester56.com\/velo\/#organization"},"potentialAction":[{"@type":"SearchAction","target":{"@type":"EntryPoint","urlTemplate":"https:\/\/www.aclanester56.com\/velo\/?s={search_term_string}"},"query-input":{"@type":"PropertyValueSpecification","valueRequired":true,"valueName":"search_term_string"}}],"inLanguage":"fr-FR"},{"@type":"Organization","@id":"https:\/\/www.aclanester56.com\/velo\/#organization","name":"Avenir Cycliste Lanester 56","url":"https:\/\/www.aclanester56.com\/velo\/","logo":{"@type":"ImageObject","inLanguage":"fr-FR","@id":"https:\/\/www.aclanester56.com\/velo\/#\/schema\/logo\/image\/","url":"https:\/\/www.aclanester56.com\/velo\/wp-content\/uploads\/2013\/04\/logo-ACL.jpg","contentUrl":"https:\/\/www.aclanester56.com\/velo\/wp-content\/uploads\/2013\/04\/logo-ACL.jpg","width":400,"height":334,"caption":"Avenir Cycliste Lanester 56"},"image":{"@id":"https:\/\/www.aclanester56.com\/velo\/#\/schema\/logo\/image\/"},"sameAs":["https:\/\/www.facebook.com\/pages\/AC-Lanester-56\/190286300991242?fref=ts"]},{"@type":"Person","@id":"https:\/\/www.aclanester56.com\/velo\/#\/schema\/person\/ca2a44a5fd969e9dd846c72d3b33bc01","name":"Jean-Christophe","url":"https:\/\/www.aclanester56.com\/velo\/author\/jeanchristophe\/"}]}},"_links":{"self":[{"href":"https:\/\/www.aclanester56.com\/velo\/wp-json\/wp\/v2\/posts\/20330","targetHints":{"allow":["GET"]}}],"collection":[{"href":"https:\/\/www.aclanester56.com\/velo\/wp-json\/wp\/v2\/posts"}],"about":[{"href":"https:\/\/www.aclanester56.com\/velo\/wp-json\/wp\/v2\/types\/post"}],"author":[{"embeddable":true,"href":"https:\/\/www.aclanester56.com\/velo\/wp-json\/wp\/v2\/users\/14"}],"replies":[{"embeddable":true,"href":"https:\/\/www.aclanester56.com\/velo\/wp-json\/wp\/v2\/comments?post=20330"}],"version-history":[{"count":1,"href":"https:\/\/www.aclanester56.com\/velo\/wp-json\/wp\/v2\/posts\/20330\/revisions"}],"predecessor-version":[{"id":20345,"href":"https:\/\/www.aclanester56.com\/velo\/wp-json\/wp\/v2\/posts\/20330\/revisions\/20345"}],"wp:featuredmedia":[{"embeddable":true,"href":"https:\/\/www.aclanester56.com\/velo\/wp-json\/wp\/v2\/media\/20344"}],"wp:attachment":[{"href":"https:\/\/www.aclanester56.com\/velo\/wp-json\/wp\/v2\/media?parent=20330"}],"wp:term":[{"taxonomy":"category","embeddable":true,"href":"https:\/\/www.aclanester56.com\/velo\/wp-json\/wp\/v2\/categories?post=20330"},{"taxonomy":"post_tag","embeddable":true,"href":"https:\/\/www.aclanester56.com\/velo\/wp-json\/wp\/v2\/tags?post=20330"}],"curies":[{"name":"wp","href":"https:\/\/api.w.org\/{rel}","templated":true}]}}