{"id":20758,"date":"2014-11-26T09:04:52","date_gmt":"2014-11-26T07:04:52","guid":{"rendered":"http:\/\/www.aclanester56.com\/velo\/?p=20758"},"modified":"2014-11-26T09:07:57","modified_gmt":"2014-11-26T07:07:57","slug":"premier-stage-chez-les-juniors-et-seniors-de-lac-lanester-56","status":"publish","type":"post","link":"https:\/\/www.aclanester56.com\/velo\/premier-stage-chez-les-juniors-et-seniors-de-lac-lanester-56\/","title":{"rendered":"Premier stage chez les Juniors et Seniors de l&rsquo;AC Lanester 56"},"content":{"rendered":"<p><!--more--><\/p>\n<p style=\"text-align: justify;\">Depuis quelques jours, les coureurs Juniors et Seniors, de l&rsquo;Avenir cycliste de Lanester 56\u00a0ont repris le chemin de l&rsquo;entra\u00eenement sur route. Les cyclistes b\u00e9n\u00e9ficient de deux entra\u00eenements encadr\u00e9s, le mercredi et le samedi apr\u00e8s-midi. Samedi, ils \u00e9taient r\u00e9unis au centre de loisirs de Pen-Man\u00e9 pour un stage\u00a0de coh\u00e9sion\u00a0pendant deux jours. Au programme : pr\u00e9paration musculaire, course \u00e0 pied, moment de d\u00e9tente en allant voir le match Lorient-Lens et sortie v\u00e9lo !<\/p>\n<p><em>Photos de Val\u00e9rie Duval.<\/em><\/p>\n<p><!-- default-view.php -->\n<div\n\tclass=\"ngg-galleryoverview default-view\n\t ngg-ajax-pagination-none\t\"\n\tid=\"ngg-gallery-4a6ad41218f5a2af61a3e8f2f3a4a5e3-1\"\n\tdata-nextgen-gallery-id=\"200\"\n\tdata-gallery-id=\"200\"\n\t\tdata-gallery-name=\"Sage ACL Nov. 2014\"\n\t>\n\n\t\t<!-- Thumbnails -->\n\t\t\t\t<div id=\"ngg-image-0\" class=\"ngg-gallery-thumbnail-box\n\t\t\t\t\t\t\t\t\t\t\t\"\n\t\t\t>\n\t\t\t\t\t\t<div class=\"ngg-gallery-thumbnail\">\n\t\t<a href=\"https:\/\/www.aclanester56.com\/velo\/wp-content\/gallery\/sage-acl-nov-2014\/DSCN8569.jpg?t=1602159448\"\n\t\t\ttitle=\"\"\n\t\t\tdata-src=\"https:\/\/www.aclanester56.com\/velo\/wp-content\/gallery\/sage-acl-nov-2014\/DSCN8569.jpg?t=1602159448\"\n\t\t\tdata-thumbnail=\"https:\/\/www.aclanester56.com\/velo\/wp-content\/gallery\/sage-acl-nov-2014\/thumbs\/thumbs_DSCN8569.jpg?t=1602159448\"\n\t\t\tdata-image-id=\"7195\"\n\t\t\tdata-image-name=\"DSCN8569.jpg\"\n\t\t\tdata-title=\"DSCN8569\"\n\t\t\tdata-description=\"\"\n\t\t\tdata-image-slug=\"dscn8569\"\n\t\t\t\t\t\t\t\t\t\t\t\t\t\t\t\t\t\t\t\tclass=\"ngg-simplelightbox\" rel=\"4a6ad41218f5a2af61a3e8f2f3a4a5e3\">\n\t\t\t\t\t\t\t\t<img\n\t\t\t\t\ttitle=\"DSCN8569\"\n\t\t\t\t\talt=\"DSCN8569\"\n\t\t\t\t\tsrc=\"https:\/\/www.aclanester56.com\/velo\/wp-content\/gallery\/sage-acl-nov-2014\/thumbs\/thumbs_DSCN8569.jpg?t=1602159448\"\n\t\t\t\t\twidth=\"100\"\n\t\t\t\t\theight=\"100\"\n\t\t\t\t\tstyle=\"max-width:100%;\"\n\t\t\t\t\/>\n\t\t\t<\/a>\n\t\t<\/div>\n\t\t\t\t\t\t\t<\/div>\n\t\t\t\n\t\t\t\t<div id=\"ngg-image-1\" class=\"ngg-gallery-thumbnail-box\n\t\t\t\t\t\t\t\t\t\t\t\"\n\t\t\t>\n\t\t\t\t\t\t<div class=\"ngg-gallery-thumbnail\">\n\t\t<a href=\"https:\/\/www.aclanester56.com\/velo\/wp-content\/gallery\/sage-acl-nov-2014\/DSCN8570.jpg?t=1416985447\"\n\t\t\ttitle=\" \"\n\t\t\tdata-src=\"https:\/\/www.aclanester56.com\/velo\/wp-content\/gallery\/sage-acl-nov-2014\/DSCN8570.jpg?t=1416985447\"\n\t\t\tdata-thumbnail=\"https:\/\/www.aclanester56.com\/velo\/wp-content\/gallery\/sage-acl-nov-2014\/thumbs\/thumbs_DSCN8570.jpg?t=1416985447\"\n\t\t\tdata-image-id=\"7196\"\n\t\t\tdata-image-name=\"DSCN8570.jpg\"\n\t\t\tdata-title=\"DSCN8570\"\n\t\t\tdata-description=\" \"\n\t\t\tdata-image-slug=\"dscn8570\"\n\t\t\t\t\t\t\t\t\t\t\t\t\t\t\t\t\t\t\t\tclass=\"ngg-simplelightbox\" rel=\"4a6ad41218f5a2af61a3e8f2f3a4a5e3\">\n\t\t\t\t\t\t\t\t<img\n\t\t\t\t\ttitle=\"DSCN8570\"\n\t\t\t\t\talt=\"DSCN8570\"\n\t\t\t\t\tsrc=\"https:\/\/www.aclanester56.com\/velo\/wp-content\/gallery\/sage-acl-nov-2014\/thumbs\/thumbs_DSCN8570.jpg?t=1416985447\"\n\t\t\t\t\twidth=\"100\"\n\t\t\t\t\theight=\"100\"\n\t\t\t\t\tstyle=\"max-width:100%;\"\n\t\t\t\t\/>\n\t\t\t<\/a>\n\t\t<\/div>\n\t\t\t\t\t\t\t<\/div>\n\t\t\t\n\t\t\t\t<div id=\"ngg-image-2\" class=\"ngg-gallery-thumbnail-box\n\t\t\t\t\t\t\t\t\t\t\t\"\n\t\t\t>\n\t\t\t\t\t\t<div class=\"ngg-gallery-thumbnail\">\n\t\t<a href=\"https:\/\/www.aclanester56.com\/velo\/wp-content\/gallery\/sage-acl-nov-2014\/DSCN8571.jpg?t=1416985497\"\n\t\t\ttitle=\" \"\n\t\t\tdata-src=\"https:\/\/www.aclanester56.com\/velo\/wp-content\/gallery\/sage-acl-nov-2014\/DSCN8571.jpg?t=1416985497\"\n\t\t\tdata-thumbnail=\"https:\/\/www.aclanester56.com\/velo\/wp-content\/gallery\/sage-acl-nov-2014\/thumbs\/thumbs_DSCN8571.jpg?t=1416985497\"\n\t\t\tdata-image-id=\"7197\"\n\t\t\tdata-image-name=\"DSCN8571.jpg\"\n\t\t\tdata-title=\"DSCN8571\"\n\t\t\tdata-description=\" \"\n\t\t\tdata-image-slug=\"dscn8571\"\n\t\t\t\t\t\t\t\t\t\t\t\t\t\t\t\t\t\t\t\tclass=\"ngg-simplelightbox\" rel=\"4a6ad41218f5a2af61a3e8f2f3a4a5e3\">\n\t\t\t\t\t\t\t\t<img\n\t\t\t\t\ttitle=\"DSCN8571\"\n\t\t\t\t\talt=\"DSCN8571\"\n\t\t\t\t\tsrc=\"https:\/\/www.aclanester56.com\/velo\/wp-content\/gallery\/sage-acl-nov-2014\/thumbs\/thumbs_DSCN8571.jpg?t=1416985497\"\n\t\t\t\t\twidth=\"100\"\n\t\t\t\t\theight=\"100\"\n\t\t\t\t\tstyle=\"max-width:100%;\"\n\t\t\t\t\/>\n\t\t\t<\/a>\n\t\t<\/div>\n\t\t\t\t\t\t\t<\/div>\n\t\t\t\n\t\t\t\t<div id=\"ngg-image-3\" class=\"ngg-gallery-thumbnail-box\n\t\t\t\t\t\t\t\t\t\t\t\"\n\t\t\t>\n\t\t\t\t\t\t<div class=\"ngg-gallery-thumbnail\">\n\t\t<a href=\"https:\/\/www.aclanester56.com\/velo\/wp-content\/gallery\/sage-acl-nov-2014\/DSCN8572.jpg?t=1416985553\"\n\t\t\ttitle=\" \"\n\t\t\tdata-src=\"https:\/\/www.aclanester56.com\/velo\/wp-content\/gallery\/sage-acl-nov-2014\/DSCN8572.jpg?t=1416985553\"\n\t\t\tdata-thumbnail=\"https:\/\/www.aclanester56.com\/velo\/wp-content\/gallery\/sage-acl-nov-2014\/thumbs\/thumbs_DSCN8572.jpg?t=1416985553\"\n\t\t\tdata-image-id=\"7198\"\n\t\t\tdata-image-name=\"DSCN8572.jpg\"\n\t\t\tdata-title=\"DSCN8572\"\n\t\t\tdata-description=\" \"\n\t\t\tdata-image-slug=\"dscn8572\"\n\t\t\t\t\t\t\t\t\t\t\t\t\t\t\t\t\t\t\t\tclass=\"ngg-simplelightbox\" rel=\"4a6ad41218f5a2af61a3e8f2f3a4a5e3\">\n\t\t\t\t\t\t\t\t<img\n\t\t\t\t\ttitle=\"DSCN8572\"\n\t\t\t\t\talt=\"DSCN8572\"\n\t\t\t\t\tsrc=\"https:\/\/www.aclanester56.com\/velo\/wp-content\/gallery\/sage-acl-nov-2014\/thumbs\/thumbs_DSCN8572.jpg?t=1416985553\"\n\t\t\t\t\twidth=\"100\"\n\t\t\t\t\theight=\"100\"\n\t\t\t\t\tstyle=\"max-width:100%;\"\n\t\t\t\t\/>\n\t\t\t<\/a>\n\t\t<\/div>\n\t\t\t\t\t\t\t<\/div>\n\t\t\t\n\t\t\t\t<div id=\"ngg-image-4\" class=\"ngg-gallery-thumbnail-box\n\t\t\t\t\t\t\t\t\t\t\t\"\n\t\t\t>\n\t\t\t\t\t\t<div class=\"ngg-gallery-thumbnail\">\n\t\t<a href=\"https:\/\/www.aclanester56.com\/velo\/wp-content\/gallery\/sage-acl-nov-2014\/DSCN8573.jpg?t=1416985604\"\n\t\t\ttitle=\" \"\n\t\t\tdata-src=\"https:\/\/www.aclanester56.com\/velo\/wp-content\/gallery\/sage-acl-nov-2014\/DSCN8573.jpg?t=1416985604\"\n\t\t\tdata-thumbnail=\"https:\/\/www.aclanester56.com\/velo\/wp-content\/gallery\/sage-acl-nov-2014\/thumbs\/thumbs_DSCN8573.jpg?t=1416985604\"\n\t\t\tdata-image-id=\"7199\"\n\t\t\tdata-image-name=\"DSCN8573.jpg\"\n\t\t\tdata-title=\"DSCN8573\"\n\t\t\tdata-description=\" \"\n\t\t\tdata-image-slug=\"dscn8573\"\n\t\t\t\t\t\t\t\t\t\t\t\t\t\t\t\t\t\t\t\tclass=\"ngg-simplelightbox\" rel=\"4a6ad41218f5a2af61a3e8f2f3a4a5e3\">\n\t\t\t\t\t\t\t\t<img\n\t\t\t\t\ttitle=\"DSCN8573\"\n\t\t\t\t\talt=\"DSCN8573\"\n\t\t\t\t\tsrc=\"https:\/\/www.aclanester56.com\/velo\/wp-content\/gallery\/sage-acl-nov-2014\/thumbs\/thumbs_DSCN8573.jpg?t=1416985604\"\n\t\t\t\t\twidth=\"100\"\n\t\t\t\t\theight=\"100\"\n\t\t\t\t\tstyle=\"max-width:100%;\"\n\t\t\t\t\/>\n\t\t\t<\/a>\n\t\t<\/div>\n\t\t\t\t\t\t\t<\/div>\n\t\t\t\n\t\t\t\t<div id=\"ngg-image-5\" class=\"ngg-gallery-thumbnail-box\n\t\t\t\t\t\t\t\t\t\t\t\"\n\t\t\t>\n\t\t\t\t\t\t<div class=\"ngg-gallery-thumbnail\">\n\t\t<a href=\"https:\/\/www.aclanester56.com\/velo\/wp-content\/gallery\/sage-acl-nov-2014\/DSCN8575.jpg?t=1416985649\"\n\t\t\ttitle=\" \"\n\t\t\tdata-src=\"https:\/\/www.aclanester56.com\/velo\/wp-content\/gallery\/sage-acl-nov-2014\/DSCN8575.jpg?t=1416985649\"\n\t\t\tdata-thumbnail=\"https:\/\/www.aclanester56.com\/velo\/wp-content\/gallery\/sage-acl-nov-2014\/thumbs\/thumbs_DSCN8575.jpg?t=1416985649\"\n\t\t\tdata-image-id=\"7200\"\n\t\t\tdata-image-name=\"DSCN8575.jpg\"\n\t\t\tdata-title=\"DSCN8575\"\n\t\t\tdata-description=\" \"\n\t\t\tdata-image-slug=\"dscn8575\"\n\t\t\t\t\t\t\t\t\t\t\t\t\t\t\t\t\t\t\t\tclass=\"ngg-simplelightbox\" rel=\"4a6ad41218f5a2af61a3e8f2f3a4a5e3\">\n\t\t\t\t\t\t\t\t<img\n\t\t\t\t\ttitle=\"DSCN8575\"\n\t\t\t\t\talt=\"DSCN8575\"\n\t\t\t\t\tsrc=\"https:\/\/www.aclanester56.com\/velo\/wp-content\/gallery\/sage-acl-nov-2014\/thumbs\/thumbs_DSCN8575.jpg?t=1416985649\"\n\t\t\t\t\twidth=\"100\"\n\t\t\t\t\theight=\"100\"\n\t\t\t\t\tstyle=\"max-width:100%;\"\n\t\t\t\t\/>\n\t\t\t<\/a>\n\t\t<\/div>\n\t\t\t\t\t\t\t<\/div>\n\t\t\t\n\t\t\t\t<div id=\"ngg-image-6\" class=\"ngg-gallery-thumbnail-box\n\t\t\t\t\t\t\t\t\t\t\t\"\n\t\t\t>\n\t\t\t\t\t\t<div class=\"ngg-gallery-thumbnail\">\n\t\t<a href=\"https:\/\/www.aclanester56.com\/velo\/wp-content\/gallery\/sage-acl-nov-2014\/DSCN8578.jpg?t=1416985699\"\n\t\t\ttitle=\" \"\n\t\t\tdata-src=\"https:\/\/www.aclanester56.com\/velo\/wp-content\/gallery\/sage-acl-nov-2014\/DSCN8578.jpg?t=1416985699\"\n\t\t\tdata-thumbnail=\"https:\/\/www.aclanester56.com\/velo\/wp-content\/gallery\/sage-acl-nov-2014\/thumbs\/thumbs_DSCN8578.jpg?t=1416985699\"\n\t\t\tdata-image-id=\"7201\"\n\t\t\tdata-image-name=\"DSCN8578.jpg\"\n\t\t\tdata-title=\"DSCN8578\"\n\t\t\tdata-description=\" \"\n\t\t\tdata-image-slug=\"dscn8578\"\n\t\t\t\t\t\t\t\t\t\t\t\t\t\t\t\t\t\t\t\tclass=\"ngg-simplelightbox\" rel=\"4a6ad41218f5a2af61a3e8f2f3a4a5e3\">\n\t\t\t\t\t\t\t\t<img\n\t\t\t\t\ttitle=\"DSCN8578\"\n\t\t\t\t\talt=\"DSCN8578\"\n\t\t\t\t\tsrc=\"https:\/\/www.aclanester56.com\/velo\/wp-content\/gallery\/sage-acl-nov-2014\/thumbs\/thumbs_DSCN8578.jpg?t=1416985699\"\n\t\t\t\t\twidth=\"100\"\n\t\t\t\t\theight=\"100\"\n\t\t\t\t\tstyle=\"max-width:100%;\"\n\t\t\t\t\/>\n\t\t\t<\/a>\n\t\t<\/div>\n\t\t\t\t\t\t\t<\/div>\n\t\t\t\n\t\t\t\t<div id=\"ngg-image-7\" class=\"ngg-gallery-thumbnail-box\n\t\t\t\t\t\t\t\t\t\t\t\"\n\t\t\t>\n\t\t\t\t\t\t<div class=\"ngg-gallery-thumbnail\">\n\t\t<a href=\"https:\/\/www.aclanester56.com\/velo\/wp-content\/gallery\/sage-acl-nov-2014\/DSCN8582.jpg?t=1416985743\"\n\t\t\ttitle=\" \"\n\t\t\tdata-src=\"https:\/\/www.aclanester56.com\/velo\/wp-content\/gallery\/sage-acl-nov-2014\/DSCN8582.jpg?t=1416985743\"\n\t\t\tdata-thumbnail=\"https:\/\/www.aclanester56.com\/velo\/wp-content\/gallery\/sage-acl-nov-2014\/thumbs\/thumbs_DSCN8582.jpg?t=1416985743\"\n\t\t\tdata-image-id=\"7202\"\n\t\t\tdata-image-name=\"DSCN8582.jpg\"\n\t\t\tdata-title=\"DSCN8582\"\n\t\t\tdata-description=\" \"\n\t\t\tdata-image-slug=\"dscn8582\"\n\t\t\t\t\t\t\t\t\t\t\t\t\t\t\t\t\t\t\t\tclass=\"ngg-simplelightbox\" rel=\"4a6ad41218f5a2af61a3e8f2f3a4a5e3\">\n\t\t\t\t\t\t\t\t<img\n\t\t\t\t\ttitle=\"DSCN8582\"\n\t\t\t\t\talt=\"DSCN8582\"\n\t\t\t\t\tsrc=\"https:\/\/www.aclanester56.com\/velo\/wp-content\/gallery\/sage-acl-nov-2014\/thumbs\/thumbs_DSCN8582.jpg?t=1416985743\"\n\t\t\t\t\twidth=\"100\"\n\t\t\t\t\theight=\"100\"\n\t\t\t\t\tstyle=\"max-width:100%;\"\n\t\t\t\t\/>\n\t\t\t<\/a>\n\t\t<\/div>\n\t\t\t\t\t\t\t<\/div>\n\t\t\t\n\t\t\t\t<div id=\"ngg-image-8\" class=\"ngg-gallery-thumbnail-box\n\t\t\t\t\t\t\t\t\t\t\t\"\n\t\t\t>\n\t\t\t\t\t\t<div class=\"ngg-gallery-thumbnail\">\n\t\t<a href=\"https:\/\/www.aclanester56.com\/velo\/wp-content\/gallery\/sage-acl-nov-2014\/DSCN8583.jpg?t=1416985785\"\n\t\t\ttitle=\" \"\n\t\t\tdata-src=\"https:\/\/www.aclanester56.com\/velo\/wp-content\/gallery\/sage-acl-nov-2014\/DSCN8583.jpg?t=1416985785\"\n\t\t\tdata-thumbnail=\"https:\/\/www.aclanester56.com\/velo\/wp-content\/gallery\/sage-acl-nov-2014\/thumbs\/thumbs_DSCN8583.jpg?t=1416985785\"\n\t\t\tdata-image-id=\"7203\"\n\t\t\tdata-image-name=\"DSCN8583.jpg\"\n\t\t\tdata-title=\"DSCN8583\"\n\t\t\tdata-description=\" \"\n\t\t\tdata-image-slug=\"dscn8583\"\n\t\t\t\t\t\t\t\t\t\t\t\t\t\t\t\t\t\t\t\tclass=\"ngg-simplelightbox\" rel=\"4a6ad41218f5a2af61a3e8f2f3a4a5e3\">\n\t\t\t\t\t\t\t\t<img\n\t\t\t\t\ttitle=\"DSCN8583\"\n\t\t\t\t\talt=\"DSCN8583\"\n\t\t\t\t\tsrc=\"https:\/\/www.aclanester56.com\/velo\/wp-content\/gallery\/sage-acl-nov-2014\/thumbs\/thumbs_DSCN8583.jpg?t=1416985785\"\n\t\t\t\t\twidth=\"100\"\n\t\t\t\t\theight=\"100\"\n\t\t\t\t\tstyle=\"max-width:100%;\"\n\t\t\t\t\/>\n\t\t\t<\/a>\n\t\t<\/div>\n\t\t\t\t\t\t\t<\/div>\n\t\t\t\n\t\t\t\t<div id=\"ngg-image-9\" class=\"ngg-gallery-thumbnail-box\n\t\t\t\t\t\t\t\t\t\t\t\"\n\t\t\t>\n\t\t\t\t\t\t<div class=\"ngg-gallery-thumbnail\">\n\t\t<a href=\"https:\/\/www.aclanester56.com\/velo\/wp-content\/gallery\/sage-acl-nov-2014\/DSCN8584.jpg?t=1416985828\"\n\t\t\ttitle=\" \"\n\t\t\tdata-src=\"https:\/\/www.aclanester56.com\/velo\/wp-content\/gallery\/sage-acl-nov-2014\/DSCN8584.jpg?t=1416985828\"\n\t\t\tdata-thumbnail=\"https:\/\/www.aclanester56.com\/velo\/wp-content\/gallery\/sage-acl-nov-2014\/thumbs\/thumbs_DSCN8584.jpg?t=1416985828\"\n\t\t\tdata-image-id=\"7204\"\n\t\t\tdata-image-name=\"DSCN8584.jpg\"\n\t\t\tdata-title=\"DSCN8584\"\n\t\t\tdata-description=\" \"\n\t\t\tdata-image-slug=\"dscn8584\"\n\t\t\t\t\t\t\t\t\t\t\t\t\t\t\t\t\t\t\t\tclass=\"ngg-simplelightbox\" rel=\"4a6ad41218f5a2af61a3e8f2f3a4a5e3\">\n\t\t\t\t\t\t\t\t<img\n\t\t\t\t\ttitle=\"DSCN8584\"\n\t\t\t\t\talt=\"DSCN8584\"\n\t\t\t\t\tsrc=\"https:\/\/www.aclanester56.com\/velo\/wp-content\/gallery\/sage-acl-nov-2014\/thumbs\/thumbs_DSCN8584.jpg?t=1416985828\"\n\t\t\t\t\twidth=\"100\"\n\t\t\t\t\theight=\"100\"\n\t\t\t\t\tstyle=\"max-width:100%;\"\n\t\t\t\t\/>\n\t\t\t<\/a>\n\t\t<\/div>\n\t\t\t\t\t\t\t<\/div>\n\t\t\t\n\t\t\t\t<div id=\"ngg-image-10\" class=\"ngg-gallery-thumbnail-box\n\t\t\t\t\t\t\t\t\t\t\t\"\n\t\t\t>\n\t\t\t\t\t\t<div class=\"ngg-gallery-thumbnail\">\n\t\t<a href=\"https:\/\/www.aclanester56.com\/velo\/wp-content\/gallery\/sage-acl-nov-2014\/DSCN8585.jpg?t=1416985865\"\n\t\t\ttitle=\" \"\n\t\t\tdata-src=\"https:\/\/www.aclanester56.com\/velo\/wp-content\/gallery\/sage-acl-nov-2014\/DSCN8585.jpg?t=1416985865\"\n\t\t\tdata-thumbnail=\"https:\/\/www.aclanester56.com\/velo\/wp-content\/gallery\/sage-acl-nov-2014\/thumbs\/thumbs_DSCN8585.jpg?t=1416985865\"\n\t\t\tdata-image-id=\"7205\"\n\t\t\tdata-image-name=\"DSCN8585.jpg\"\n\t\t\tdata-title=\"DSCN8585\"\n\t\t\tdata-description=\" \"\n\t\t\tdata-image-slug=\"dscn8585\"\n\t\t\t\t\t\t\t\t\t\t\t\t\t\t\t\t\t\t\t\tclass=\"ngg-simplelightbox\" rel=\"4a6ad41218f5a2af61a3e8f2f3a4a5e3\">\n\t\t\t\t\t\t\t\t<img\n\t\t\t\t\ttitle=\"DSCN8585\"\n\t\t\t\t\talt=\"DSCN8585\"\n\t\t\t\t\tsrc=\"https:\/\/www.aclanester56.com\/velo\/wp-content\/gallery\/sage-acl-nov-2014\/thumbs\/thumbs_DSCN8585.jpg?t=1416985865\"\n\t\t\t\t\twidth=\"100\"\n\t\t\t\t\theight=\"100\"\n\t\t\t\t\tstyle=\"max-width:100%;\"\n\t\t\t\t\/>\n\t\t\t<\/a>\n\t\t<\/div>\n\t\t\t\t\t\t\t<\/div>\n\t\t\t\n\t\n\t<br style=\"clear: both\" \/>\n\n\t\n\t\t<div class=\"ngg-clear\"><\/div>\n\t<\/div>\n<\/p>\n","protected":false},"excerpt":{"rendered":"","protected":false},"author":2,"featured_media":20780,"comment_status":"open","ping_status":"open","sticky":false,"template":"","format":"standard","meta":{"ngg_post_thumbnail":0,"footnotes":""},"categories":[5],"tags":[],"class_list":["post-20758","post","type-post","status-publish","format-standard","has-post-thumbnail","hentry","category-ac-lanester-56"],"yoast_head":"<!-- This site is optimized with the Yoast SEO plugin v27.5 - https:\/\/yoast.com\/product\/yoast-seo-wordpress\/ -->\n<title>Premier stage chez les Juniors et Seniors de l&#039;AC Lanester 56 - Avenir Cycliste Lanester 56<\/title>\n<meta name=\"robots\" content=\"index, follow, max-snippet:-1, max-image-preview:large, max-video-preview:-1\" \/>\n<link rel=\"canonical\" href=\"https:\/\/www.aclanester56.com\/velo\/premier-stage-chez-les-juniors-et-seniors-de-lac-lanester-56\/\" \/>\n<meta property=\"og:locale\" content=\"fr_FR\" \/>\n<meta property=\"og:type\" content=\"article\" \/>\n<meta property=\"og:title\" content=\"Premier stage chez les Juniors et Seniors de l&#039;AC Lanester 56 - Avenir Cycliste Lanester 56\" \/>\n<meta property=\"og:url\" content=\"https:\/\/www.aclanester56.com\/velo\/premier-stage-chez-les-juniors-et-seniors-de-lac-lanester-56\/\" \/>\n<meta property=\"og:site_name\" content=\"Avenir Cycliste Lanester 56\" \/>\n<meta property=\"article:publisher\" content=\"https:\/\/www.facebook.com\/pages\/AC-Lanester-56\/190286300991242?fref=ts\" \/>\n<meta property=\"article:published_time\" content=\"2014-11-26T07:04:52+00:00\" \/>\n<meta property=\"article:modified_time\" content=\"2014-11-26T07:07:57+00:00\" \/>\n<meta property=\"og:image\" content=\"https:\/\/www.aclanester56.com\/velo\/wp-content\/uploads\/2014\/11\/DSCN8571-Copie.jpg\" \/>\n\t<meta property=\"og:image:width\" content=\"880\" \/>\n\t<meta property=\"og:image:height\" content=\"450\" \/>\n\t<meta property=\"og:image:type\" content=\"image\/jpeg\" \/>\n<meta name=\"author\" content=\"stephane\" \/>\n<meta name=\"twitter:label1\" content=\"\u00c9crit par\" \/>\n\t<meta name=\"twitter:data1\" content=\"stephane\" \/>\n<script type=\"application\/ld+json\" class=\"yoast-schema-graph\">{\"@context\":\"https:\\\/\\\/schema.org\",\"@graph\":[{\"@type\":\"Article\",\"@id\":\"https:\\\/\\\/www.aclanester56.com\\\/velo\\\/premier-stage-chez-les-juniors-et-seniors-de-lac-lanester-56\\\/#article\",\"isPartOf\":{\"@id\":\"https:\\\/\\\/www.aclanester56.com\\\/velo\\\/premier-stage-chez-les-juniors-et-seniors-de-lac-lanester-56\\\/\"},\"author\":{\"name\":\"stephane\",\"@id\":\"https:\\\/\\\/www.aclanester56.com\\\/velo\\\/#\\\/schema\\\/person\\\/c844661e64a578ca46639cb0ae764de6\"},\"headline\":\"Premier stage chez les Juniors et Seniors de l&rsquo;AC Lanester 56\",\"datePublished\":\"2014-11-26T07:04:52+00:00\",\"dateModified\":\"2014-11-26T07:07:57+00:00\",\"mainEntityOfPage\":{\"@id\":\"https:\\\/\\\/www.aclanester56.com\\\/velo\\\/premier-stage-chez-les-juniors-et-seniors-de-lac-lanester-56\\\/\"},\"wordCount\":96,\"commentCount\":0,\"publisher\":{\"@id\":\"https:\\\/\\\/www.aclanester56.com\\\/velo\\\/#organization\"},\"image\":{\"@id\":\"https:\\\/\\\/www.aclanester56.com\\\/velo\\\/premier-stage-chez-les-juniors-et-seniors-de-lac-lanester-56\\\/#primaryimage\"},\"thumbnailUrl\":\"https:\\\/\\\/www.aclanester56.com\\\/velo\\\/wp-content\\\/uploads\\\/2014\\\/11\\\/DSCN8571-Copie.jpg\",\"articleSection\":[\"AC LANESTER 56\"],\"inLanguage\":\"fr-FR\",\"potentialAction\":[{\"@type\":\"CommentAction\",\"name\":\"Comment\",\"target\":[\"https:\\\/\\\/www.aclanester56.com\\\/velo\\\/premier-stage-chez-les-juniors-et-seniors-de-lac-lanester-56\\\/#respond\"]}]},{\"@type\":\"WebPage\",\"@id\":\"https:\\\/\\\/www.aclanester56.com\\\/velo\\\/premier-stage-chez-les-juniors-et-seniors-de-lac-lanester-56\\\/\",\"url\":\"https:\\\/\\\/www.aclanester56.com\\\/velo\\\/premier-stage-chez-les-juniors-et-seniors-de-lac-lanester-56\\\/\",\"name\":\"Premier stage chez les Juniors et Seniors de l'AC Lanester 56 - Avenir Cycliste Lanester 56\",\"isPartOf\":{\"@id\":\"https:\\\/\\\/www.aclanester56.com\\\/velo\\\/#website\"},\"primaryImageOfPage\":{\"@id\":\"https:\\\/\\\/www.aclanester56.com\\\/velo\\\/premier-stage-chez-les-juniors-et-seniors-de-lac-lanester-56\\\/#primaryimage\"},\"image\":{\"@id\":\"https:\\\/\\\/www.aclanester56.com\\\/velo\\\/premier-stage-chez-les-juniors-et-seniors-de-lac-lanester-56\\\/#primaryimage\"},\"thumbnailUrl\":\"https:\\\/\\\/www.aclanester56.com\\\/velo\\\/wp-content\\\/uploads\\\/2014\\\/11\\\/DSCN8571-Copie.jpg\",\"datePublished\":\"2014-11-26T07:04:52+00:00\",\"dateModified\":\"2014-11-26T07:07:57+00:00\",\"inLanguage\":\"fr-FR\",\"potentialAction\":[{\"@type\":\"ReadAction\",\"target\":[\"https:\\\/\\\/www.aclanester56.com\\\/velo\\\/premier-stage-chez-les-juniors-et-seniors-de-lac-lanester-56\\\/\"]}]},{\"@type\":\"ImageObject\",\"inLanguage\":\"fr-FR\",\"@id\":\"https:\\\/\\\/www.aclanester56.com\\\/velo\\\/premier-stage-chez-les-juniors-et-seniors-de-lac-lanester-56\\\/#primaryimage\",\"url\":\"https:\\\/\\\/www.aclanester56.com\\\/velo\\\/wp-content\\\/uploads\\\/2014\\\/11\\\/DSCN8571-Copie.jpg\",\"contentUrl\":\"https:\\\/\\\/www.aclanester56.com\\\/velo\\\/wp-content\\\/uploads\\\/2014\\\/11\\\/DSCN8571-Copie.jpg\",\"width\":880,\"height\":450},{\"@type\":\"WebSite\",\"@id\":\"https:\\\/\\\/www.aclanester56.com\\\/velo\\\/#website\",\"url\":\"https:\\\/\\\/www.aclanester56.com\\\/velo\\\/\",\"name\":\"Avenir Cycliste Lanester 56\",\"description\":\"Club cycliste de l&#039;AC LANESTER 56\",\"publisher\":{\"@id\":\"https:\\\/\\\/www.aclanester56.com\\\/velo\\\/#organization\"},\"potentialAction\":[{\"@type\":\"SearchAction\",\"target\":{\"@type\":\"EntryPoint\",\"urlTemplate\":\"https:\\\/\\\/www.aclanester56.com\\\/velo\\\/?s={search_term_string}\"},\"query-input\":{\"@type\":\"PropertyValueSpecification\",\"valueRequired\":true,\"valueName\":\"search_term_string\"}}],\"inLanguage\":\"fr-FR\"},{\"@type\":\"Organization\",\"@id\":\"https:\\\/\\\/www.aclanester56.com\\\/velo\\\/#organization\",\"name\":\"Avenir Cycliste Lanester 56\",\"url\":\"https:\\\/\\\/www.aclanester56.com\\\/velo\\\/\",\"logo\":{\"@type\":\"ImageObject\",\"inLanguage\":\"fr-FR\",\"@id\":\"https:\\\/\\\/www.aclanester56.com\\\/velo\\\/#\\\/schema\\\/logo\\\/image\\\/\",\"url\":\"https:\\\/\\\/www.aclanester56.com\\\/velo\\\/wp-content\\\/uploads\\\/2013\\\/04\\\/logo-ACL.jpg\",\"contentUrl\":\"https:\\\/\\\/www.aclanester56.com\\\/velo\\\/wp-content\\\/uploads\\\/2013\\\/04\\\/logo-ACL.jpg\",\"width\":400,\"height\":334,\"caption\":\"Avenir Cycliste Lanester 56\"},\"image\":{\"@id\":\"https:\\\/\\\/www.aclanester56.com\\\/velo\\\/#\\\/schema\\\/logo\\\/image\\\/\"},\"sameAs\":[\"https:\\\/\\\/www.facebook.com\\\/pages\\\/AC-Lanester-56\\\/190286300991242?fref=ts\"]},{\"@type\":\"Person\",\"@id\":\"https:\\\/\\\/www.aclanester56.com\\\/velo\\\/#\\\/schema\\\/person\\\/c844661e64a578ca46639cb0ae764de6\",\"name\":\"stephane\",\"url\":\"https:\\\/\\\/www.aclanester56.com\\\/velo\\\/author\\\/stephane\\\/\"}]}<\/script>\n<!-- \/ Yoast SEO plugin. -->","yoast_head_json":{"title":"Premier stage chez les Juniors et Seniors de l'AC Lanester 56 - Avenir Cycliste Lanester 56","robots":{"index":"index","follow":"follow","max-snippet":"max-snippet:-1","max-image-preview":"max-image-preview:large","max-video-preview":"max-video-preview:-1"},"canonical":"https:\/\/www.aclanester56.com\/velo\/premier-stage-chez-les-juniors-et-seniors-de-lac-lanester-56\/","og_locale":"fr_FR","og_type":"article","og_title":"Premier stage chez les Juniors et Seniors de l'AC Lanester 56 - Avenir Cycliste Lanester 56","og_url":"https:\/\/www.aclanester56.com\/velo\/premier-stage-chez-les-juniors-et-seniors-de-lac-lanester-56\/","og_site_name":"Avenir Cycliste Lanester 56","article_publisher":"https:\/\/www.facebook.com\/pages\/AC-Lanester-56\/190286300991242?fref=ts","article_published_time":"2014-11-26T07:04:52+00:00","article_modified_time":"2014-11-26T07:07:57+00:00","og_image":[{"width":880,"height":450,"url":"https:\/\/www.aclanester56.com\/velo\/wp-content\/uploads\/2014\/11\/DSCN8571-Copie.jpg","type":"image\/jpeg"}],"author":"stephane","twitter_misc":{"\u00c9crit par":"stephane"},"schema":{"@context":"https:\/\/schema.org","@graph":[{"@type":"Article","@id":"https:\/\/www.aclanester56.com\/velo\/premier-stage-chez-les-juniors-et-seniors-de-lac-lanester-56\/#article","isPartOf":{"@id":"https:\/\/www.aclanester56.com\/velo\/premier-stage-chez-les-juniors-et-seniors-de-lac-lanester-56\/"},"author":{"name":"stephane","@id":"https:\/\/www.aclanester56.com\/velo\/#\/schema\/person\/c844661e64a578ca46639cb0ae764de6"},"headline":"Premier stage chez les Juniors et Seniors de l&rsquo;AC Lanester 56","datePublished":"2014-11-26T07:04:52+00:00","dateModified":"2014-11-26T07:07:57+00:00","mainEntityOfPage":{"@id":"https:\/\/www.aclanester56.com\/velo\/premier-stage-chez-les-juniors-et-seniors-de-lac-lanester-56\/"},"wordCount":96,"commentCount":0,"publisher":{"@id":"https:\/\/www.aclanester56.com\/velo\/#organization"},"image":{"@id":"https:\/\/www.aclanester56.com\/velo\/premier-stage-chez-les-juniors-et-seniors-de-lac-lanester-56\/#primaryimage"},"thumbnailUrl":"https:\/\/www.aclanester56.com\/velo\/wp-content\/uploads\/2014\/11\/DSCN8571-Copie.jpg","articleSection":["AC LANESTER 56"],"inLanguage":"fr-FR","potentialAction":[{"@type":"CommentAction","name":"Comment","target":["https:\/\/www.aclanester56.com\/velo\/premier-stage-chez-les-juniors-et-seniors-de-lac-lanester-56\/#respond"]}]},{"@type":"WebPage","@id":"https:\/\/www.aclanester56.com\/velo\/premier-stage-chez-les-juniors-et-seniors-de-lac-lanester-56\/","url":"https:\/\/www.aclanester56.com\/velo\/premier-stage-chez-les-juniors-et-seniors-de-lac-lanester-56\/","name":"Premier stage chez les Juniors et Seniors de l'AC Lanester 56 - Avenir Cycliste Lanester 56","isPartOf":{"@id":"https:\/\/www.aclanester56.com\/velo\/#website"},"primaryImageOfPage":{"@id":"https:\/\/www.aclanester56.com\/velo\/premier-stage-chez-les-juniors-et-seniors-de-lac-lanester-56\/#primaryimage"},"image":{"@id":"https:\/\/www.aclanester56.com\/velo\/premier-stage-chez-les-juniors-et-seniors-de-lac-lanester-56\/#primaryimage"},"thumbnailUrl":"https:\/\/www.aclanester56.com\/velo\/wp-content\/uploads\/2014\/11\/DSCN8571-Copie.jpg","datePublished":"2014-11-26T07:04:52+00:00","dateModified":"2014-11-26T07:07:57+00:00","inLanguage":"fr-FR","potentialAction":[{"@type":"ReadAction","target":["https:\/\/www.aclanester56.com\/velo\/premier-stage-chez-les-juniors-et-seniors-de-lac-lanester-56\/"]}]},{"@type":"ImageObject","inLanguage":"fr-FR","@id":"https:\/\/www.aclanester56.com\/velo\/premier-stage-chez-les-juniors-et-seniors-de-lac-lanester-56\/#primaryimage","url":"https:\/\/www.aclanester56.com\/velo\/wp-content\/uploads\/2014\/11\/DSCN8571-Copie.jpg","contentUrl":"https:\/\/www.aclanester56.com\/velo\/wp-content\/uploads\/2014\/11\/DSCN8571-Copie.jpg","width":880,"height":450},{"@type":"WebSite","@id":"https:\/\/www.aclanester56.com\/velo\/#website","url":"https:\/\/www.aclanester56.com\/velo\/","name":"Avenir Cycliste Lanester 56","description":"Club cycliste de l&#039;AC LANESTER 56","publisher":{"@id":"https:\/\/www.aclanester56.com\/velo\/#organization"},"potentialAction":[{"@type":"SearchAction","target":{"@type":"EntryPoint","urlTemplate":"https:\/\/www.aclanester56.com\/velo\/?s={search_term_string}"},"query-input":{"@type":"PropertyValueSpecification","valueRequired":true,"valueName":"search_term_string"}}],"inLanguage":"fr-FR"},{"@type":"Organization","@id":"https:\/\/www.aclanester56.com\/velo\/#organization","name":"Avenir Cycliste Lanester 56","url":"https:\/\/www.aclanester56.com\/velo\/","logo":{"@type":"ImageObject","inLanguage":"fr-FR","@id":"https:\/\/www.aclanester56.com\/velo\/#\/schema\/logo\/image\/","url":"https:\/\/www.aclanester56.com\/velo\/wp-content\/uploads\/2013\/04\/logo-ACL.jpg","contentUrl":"https:\/\/www.aclanester56.com\/velo\/wp-content\/uploads\/2013\/04\/logo-ACL.jpg","width":400,"height":334,"caption":"Avenir Cycliste Lanester 56"},"image":{"@id":"https:\/\/www.aclanester56.com\/velo\/#\/schema\/logo\/image\/"},"sameAs":["https:\/\/www.facebook.com\/pages\/AC-Lanester-56\/190286300991242?fref=ts"]},{"@type":"Person","@id":"https:\/\/www.aclanester56.com\/velo\/#\/schema\/person\/c844661e64a578ca46639cb0ae764de6","name":"stephane","url":"https:\/\/www.aclanester56.com\/velo\/author\/stephane\/"}]}},"_links":{"self":[{"href":"https:\/\/www.aclanester56.com\/velo\/wp-json\/wp\/v2\/posts\/20758","targetHints":{"allow":["GET"]}}],"collection":[{"href":"https:\/\/www.aclanester56.com\/velo\/wp-json\/wp\/v2\/posts"}],"about":[{"href":"https:\/\/www.aclanester56.com\/velo\/wp-json\/wp\/v2\/types\/post"}],"author":[{"embeddable":true,"href":"https:\/\/www.aclanester56.com\/velo\/wp-json\/wp\/v2\/users\/2"}],"replies":[{"embeddable":true,"href":"https:\/\/www.aclanester56.com\/velo\/wp-json\/wp\/v2\/comments?post=20758"}],"version-history":[{"count":3,"href":"https:\/\/www.aclanester56.com\/velo\/wp-json\/wp\/v2\/posts\/20758\/revisions"}],"predecessor-version":[{"id":20771,"href":"https:\/\/www.aclanester56.com\/velo\/wp-json\/wp\/v2\/posts\/20758\/revisions\/20771"}],"wp:featuredmedia":[{"embeddable":true,"href":"https:\/\/www.aclanester56.com\/velo\/wp-json\/wp\/v2\/media\/20780"}],"wp:attachment":[{"href":"https:\/\/www.aclanester56.com\/velo\/wp-json\/wp\/v2\/media?parent=20758"}],"wp:term":[{"taxonomy":"category","embeddable":true,"href":"https:\/\/www.aclanester56.com\/velo\/wp-json\/wp\/v2\/categories?post=20758"},{"taxonomy":"post_tag","embeddable":true,"href":"https:\/\/www.aclanester56.com\/velo\/wp-json\/wp\/v2\/tags?post=20758"}],"curies":[{"name":"wp","href":"https:\/\/api.w.org\/{rel}","templated":true}]}}