{"id":20857,"date":"2015-01-18T00:24:07","date_gmt":"2015-01-17T22:24:07","guid":{"rendered":"http:\/\/www.aclanester56.com\/velo\/?p=20857"},"modified":"2015-01-18T00:24:07","modified_gmt":"2015-01-17T22:24:07","slug":"1ere-manche-des-samedis-decouverte-de-la-piste-2015-tous-les-classements","status":"publish","type":"post","link":"https:\/\/www.aclanester56.com\/velo\/1ere-manche-des-samedis-decouverte-de-la-piste-2015-tous-les-classements\/","title":{"rendered":"1\u00e8re Manche des Samedis D\u00e9couverte de la Piste 2015 : Tous les classements !"},"content":{"rendered":"<p><!--more--><\/p>\n<p>La 1\u00e8re Manche des Samedis D\u00e9couverte de la Piste 2015 se sont d\u00e9roul\u00e9s ce samedi apr\u00e8s-midi sur l\u2019anneau cycliste G\u00e9rard Le Maguer \u00e0 Lanester. Ils \u00e9taient 72\u00a0filles et gar\u00e7ons n\u00e9s entre 2001 et 2004 \u00e0 s\u2019affronter sur des \u00e9preuves de scratch. Les clubs locaux de l\u2019AC LANESTER 56, l\u2019UCP PLOUAY, l\u2019UC INGUINIEL, l\u2019EC QUEVEN, l\u2019ACP BAUD, le VC BELLE-ILE, l\u2019UC AURAY, le VELOCE VANNETAIS, le VC LANGUIDIC, le VC PONTIVY, l&rsquo;EC PLUVIGNOISE et pour la premi\u00e8re fois l&rsquo;UC QUIMPERLE \u00a0\u00e9taient repr\u00e9sent\u00e9s. Cette premi\u00e8re manche ayant d\u00fb \u00eatre report\u00e9e samedi dernier \u00e0 cause des mauvaises conditions climatiques, les diff\u00e9rentes \u00e9preuves ont cette fois heureusement pu se tenir (entre deux averses !&#8230;).<\/p>\n<p>Depuis l\u2019arr\u00eat des anciens \u00ab\u00a0Samedis Populaires d\u2019Hiver de la Piste\u00a0\u00bb, l\u2019AC LANESTER 56 continue, sous l\u2019impulsion de Jean-Claude SAGOT,\u00a0d\u2019organiser ces \u00e9preuves en partenariat avec les clubs voisins, pour permettre aux plus jeunes de d\u00e9couvrir la piste. La 2\u00e8me manche aura lieu le\u00a0samedi 24 janvier avec des courses aux points, tandis que la finale se d\u00e9roulera sous forme d\u2019\u00e9liminatoires le samedi 7\u00a0f\u00e9vrier. Un classement g\u00e9n\u00e9ral sera \u00e9tabli \u00e0 l\u2019issue des trois manches et les vainqueurs seront r\u00e9compens\u00e9s. Comme l\u2019essentiel est avant tout de participer, les jeunes coureurs d\u00e9sireux de prendre part aux \u00e9preuves suivantes pourront bien entendu s\u2019y inscrire, m\u00eame s\u2019ils n\u2019\u00e9taient pas au d\u00e9part de cette 1\u00e8re manche !<\/p>\n<p><!-- default-view.php -->\n<div\n\tclass=\"ngg-galleryoverview default-view\n\t ngg-ajax-pagination-none\t\"\n\tid=\"ngg-gallery-a8e8e6119ad88fd21ae367d5a1a74042-1\"\n\tdata-nextgen-gallery-id=\"203\"\n\tdata-gallery-id=\"203\"\n\t\tdata-gallery-name=\"Samedis D\u00e9couverte Piste 2015 #1\"\n\t>\n\n\t\t<!-- Thumbnails -->\n\t\t\t\t<div id=\"ngg-image-0\" class=\"ngg-gallery-thumbnail-box\n\t\t\t\t\t\t\t\t\t\t\t\"\n\t\t\t>\n\t\t\t\t\t\t<div class=\"ngg-gallery-thumbnail\">\n\t\t<a href=\"https:\/\/www.aclanester56.com\/velo\/wp-content\/gallery\/samedis-decouverte-piste-2015-1\/Echauff.jpg?t=1598624375\"\n\t\t\ttitle=\"\"\n\t\t\tdata-src=\"https:\/\/www.aclanester56.com\/velo\/wp-content\/gallery\/samedis-decouverte-piste-2015-1\/Echauff.jpg?t=1598624375\"\n\t\t\tdata-thumbnail=\"https:\/\/www.aclanester56.com\/velo\/wp-content\/gallery\/samedis-decouverte-piste-2015-1\/thumbs\/thumbs_Echauff.jpg?t=1598624375\"\n\t\t\tdata-image-id=\"7218\"\n\t\t\tdata-image-name=\"Echauff.jpg\"\n\t\t\tdata-title=\"Echauff\"\n\t\t\tdata-description=\"\"\n\t\t\tdata-image-slug=\"echauff\"\n\t\t\t\t\t\t\t\t\t\t\t\t\t\t\t\t\t\t\t\tclass=\"ngg-simplelightbox\" rel=\"a8e8e6119ad88fd21ae367d5a1a74042\">\n\t\t\t\t\t\t\t\t<img\n\t\t\t\t\ttitle=\"Echauff\"\n\t\t\t\t\talt=\"Echauff\"\n\t\t\t\t\tsrc=\"https:\/\/www.aclanester56.com\/velo\/wp-content\/gallery\/samedis-decouverte-piste-2015-1\/thumbs\/thumbs_Echauff.jpg?t=1598624375\"\n\t\t\t\t\twidth=\"100\"\n\t\t\t\t\theight=\"100\"\n\t\t\t\t\tstyle=\"max-width:100%;\"\n\t\t\t\t\/>\n\t\t\t<\/a>\n\t\t<\/div>\n\t\t\t\t\t\t\t<\/div>\n\t\t\t\n\t\t\t\t<div id=\"ngg-image-1\" class=\"ngg-gallery-thumbnail-box\n\t\t\t\t\t\t\t\t\t\t\t\"\n\t\t\t>\n\t\t\t\t\t\t<div class=\"ngg-gallery-thumbnail\">\n\t\t<a href=\"https:\/\/www.aclanester56.com\/velo\/wp-content\/gallery\/samedis-decouverte-piste-2015-1\/Feminines.jpg?t=1421533368\"\n\t\t\ttitle=\" \"\n\t\t\tdata-src=\"https:\/\/www.aclanester56.com\/velo\/wp-content\/gallery\/samedis-decouverte-piste-2015-1\/Feminines.jpg?t=1421533368\"\n\t\t\tdata-thumbnail=\"https:\/\/www.aclanester56.com\/velo\/wp-content\/gallery\/samedis-decouverte-piste-2015-1\/thumbs\/thumbs_Feminines.jpg?t=1421533368\"\n\t\t\tdata-image-id=\"7219\"\n\t\t\tdata-image-name=\"Feminines.jpg\"\n\t\t\tdata-title=\"Feminines\"\n\t\t\tdata-description=\" \"\n\t\t\tdata-image-slug=\"feminines\"\n\t\t\t\t\t\t\t\t\t\t\t\t\t\t\t\t\t\t\t\tclass=\"ngg-simplelightbox\" rel=\"a8e8e6119ad88fd21ae367d5a1a74042\">\n\t\t\t\t\t\t\t\t<img\n\t\t\t\t\ttitle=\"Feminines\"\n\t\t\t\t\talt=\"Feminines\"\n\t\t\t\t\tsrc=\"https:\/\/www.aclanester56.com\/velo\/wp-content\/gallery\/samedis-decouverte-piste-2015-1\/thumbs\/thumbs_Feminines.jpg?t=1421533368\"\n\t\t\t\t\twidth=\"100\"\n\t\t\t\t\theight=\"100\"\n\t\t\t\t\tstyle=\"max-width:100%;\"\n\t\t\t\t\/>\n\t\t\t<\/a>\n\t\t<\/div>\n\t\t\t\t\t\t\t<\/div>\n\t\t\t\n\t\t\t\t<div id=\"ngg-image-2\" class=\"ngg-gallery-thumbnail-box\n\t\t\t\t\t\t\t\t\t\t\t\"\n\t\t\t>\n\t\t\t\t\t\t<div class=\"ngg-gallery-thumbnail\">\n\t\t<a href=\"https:\/\/www.aclanester56.com\/velo\/wp-content\/gallery\/samedis-decouverte-piste-2015-1\/Gars2002.jpg?t=1421533371\"\n\t\t\ttitle=\" \"\n\t\t\tdata-src=\"https:\/\/www.aclanester56.com\/velo\/wp-content\/gallery\/samedis-decouverte-piste-2015-1\/Gars2002.jpg?t=1421533371\"\n\t\t\tdata-thumbnail=\"https:\/\/www.aclanester56.com\/velo\/wp-content\/gallery\/samedis-decouverte-piste-2015-1\/thumbs\/thumbs_Gars2002.jpg?t=1421533371\"\n\t\t\tdata-image-id=\"7220\"\n\t\t\tdata-image-name=\"Gars2002.jpg\"\n\t\t\tdata-title=\"Gars2002\"\n\t\t\tdata-description=\" \"\n\t\t\tdata-image-slug=\"gars2002\"\n\t\t\t\t\t\t\t\t\t\t\t\t\t\t\t\t\t\t\t\tclass=\"ngg-simplelightbox\" rel=\"a8e8e6119ad88fd21ae367d5a1a74042\">\n\t\t\t\t\t\t\t\t<img\n\t\t\t\t\ttitle=\"Gars2002\"\n\t\t\t\t\talt=\"Gars2002\"\n\t\t\t\t\tsrc=\"https:\/\/www.aclanester56.com\/velo\/wp-content\/gallery\/samedis-decouverte-piste-2015-1\/thumbs\/thumbs_Gars2002.jpg?t=1421533371\"\n\t\t\t\t\twidth=\"100\"\n\t\t\t\t\theight=\"100\"\n\t\t\t\t\tstyle=\"max-width:100%;\"\n\t\t\t\t\/>\n\t\t\t<\/a>\n\t\t<\/div>\n\t\t\t\t\t\t\t<\/div>\n\t\t\t\n\t\t\t\t<div id=\"ngg-image-3\" class=\"ngg-gallery-thumbnail-box\n\t\t\t\t\t\t\t\t\t\t\t\"\n\t\t\t>\n\t\t\t\t\t\t<div class=\"ngg-gallery-thumbnail\">\n\t\t<a href=\"https:\/\/www.aclanester56.com\/velo\/wp-content\/gallery\/samedis-decouverte-piste-2015-1\/Gars2003.jpg?t=1421533375\"\n\t\t\ttitle=\" \"\n\t\t\tdata-src=\"https:\/\/www.aclanester56.com\/velo\/wp-content\/gallery\/samedis-decouverte-piste-2015-1\/Gars2003.jpg?t=1421533375\"\n\t\t\tdata-thumbnail=\"https:\/\/www.aclanester56.com\/velo\/wp-content\/gallery\/samedis-decouverte-piste-2015-1\/thumbs\/thumbs_Gars2003.jpg?t=1421533375\"\n\t\t\tdata-image-id=\"7221\"\n\t\t\tdata-image-name=\"Gars2003.jpg\"\n\t\t\tdata-title=\"Gars2003\"\n\t\t\tdata-description=\" \"\n\t\t\tdata-image-slug=\"gars2003\"\n\t\t\t\t\t\t\t\t\t\t\t\t\t\t\t\t\t\t\t\tclass=\"ngg-simplelightbox\" rel=\"a8e8e6119ad88fd21ae367d5a1a74042\">\n\t\t\t\t\t\t\t\t<img\n\t\t\t\t\ttitle=\"Gars2003\"\n\t\t\t\t\talt=\"Gars2003\"\n\t\t\t\t\tsrc=\"https:\/\/www.aclanester56.com\/velo\/wp-content\/gallery\/samedis-decouverte-piste-2015-1\/thumbs\/thumbs_Gars2003.jpg?t=1421533375\"\n\t\t\t\t\twidth=\"100\"\n\t\t\t\t\theight=\"100\"\n\t\t\t\t\tstyle=\"max-width:100%;\"\n\t\t\t\t\/>\n\t\t\t<\/a>\n\t\t<\/div>\n\t\t\t\t\t\t\t<\/div>\n\t\t\t\n\t\t\t\t<div id=\"ngg-image-4\" class=\"ngg-gallery-thumbnail-box\n\t\t\t\t\t\t\t\t\t\t\t\"\n\t\t\t>\n\t\t\t\t\t\t<div class=\"ngg-gallery-thumbnail\">\n\t\t<a href=\"https:\/\/www.aclanester56.com\/velo\/wp-content\/gallery\/samedis-decouverte-piste-2015-1\/gars2004.jpg?t=1421533379\"\n\t\t\ttitle=\" \"\n\t\t\tdata-src=\"https:\/\/www.aclanester56.com\/velo\/wp-content\/gallery\/samedis-decouverte-piste-2015-1\/gars2004.jpg?t=1421533379\"\n\t\t\tdata-thumbnail=\"https:\/\/www.aclanester56.com\/velo\/wp-content\/gallery\/samedis-decouverte-piste-2015-1\/thumbs\/thumbs_gars2004.jpg?t=1421533379\"\n\t\t\tdata-image-id=\"7222\"\n\t\t\tdata-image-name=\"gars2004.jpg\"\n\t\t\tdata-title=\"gars2004\"\n\t\t\tdata-description=\" \"\n\t\t\tdata-image-slug=\"gars2004\"\n\t\t\t\t\t\t\t\t\t\t\t\t\t\t\t\t\t\t\t\tclass=\"ngg-simplelightbox\" rel=\"a8e8e6119ad88fd21ae367d5a1a74042\">\n\t\t\t\t\t\t\t\t<img\n\t\t\t\t\ttitle=\"gars2004\"\n\t\t\t\t\talt=\"gars2004\"\n\t\t\t\t\tsrc=\"https:\/\/www.aclanester56.com\/velo\/wp-content\/gallery\/samedis-decouverte-piste-2015-1\/thumbs\/thumbs_gars2004.jpg?t=1421533379\"\n\t\t\t\t\twidth=\"100\"\n\t\t\t\t\theight=\"100\"\n\t\t\t\t\tstyle=\"max-width:100%;\"\n\t\t\t\t\/>\n\t\t\t<\/a>\n\t\t<\/div>\n\t\t\t\t\t\t\t<\/div>\n\t\t\t\n\t\n\t<br style=\"clear: both\" \/>\n\n\t\n\t\t<div class=\"ngg-clear\"><\/div>\n\t<\/div>\n<\/p>\n<p><span style=\"color: #ff6600;\"><strong>Classements :<\/strong><\/span><\/p>\n<p><span style=\"text-decoration: underline;\"><strong>Filles n\u00e9es en 2003-2004 :<\/strong><\/span><br \/>\n1 TREGOUET Maurene VELOCE VANNES 12 pts<br \/>\n2 JOUET Meriane VELOCE VANNES 10 pts<br \/>\n3 LANGLO Morgane UC INGUINIEL 8 pts<br \/>\n4 GEGOUREL Elise ACP BAUD 7 pts<br \/>\n5 ESVAN Manuela UC QUIMPERLE 6 pts<br \/>\n6 PERRON Aur\u00e9lia UC QUIMPERLE 5 pts<\/p>\n<p><span style=\"text-decoration: underline;\"><strong>Filles n\u00e9es en 2001-2002 :<\/strong><\/span><br \/>\n1 VACHEY Lorelei ACP BAUD 12 pts<br \/>\n2 CAMENEN Marie EC QUEVEN 10 pts<br \/>\n3 LE DU Erel UCP PLOUAY 8 pts<br \/>\n4 LE TUTOUR Lauraline VELOCE VANNES 7 pts<\/p>\n<p><span style=\"text-decoration: underline;\"><strong>Gar\u00e7ons n\u00e9s en 2004 :<\/strong><\/span><br \/>\n1 LE TUTOUR Fran\u00e7ois VELOCE VANNES 12 pts<br \/>\n2 LAFOSSE Dorian UCP PLOUAY 10 pts<br \/>\n3 MOYOU Nathanael VC LANGUIDIC 8 pts<br \/>\n4 ZIMMERMAN Ryan ACP BAUD 7 pts<br \/>\n5 LE BIDEAU Louis EC QUEVEN 6 pts<br \/>\n6 LE COSSEC Raphael VC LANGUIDIC 5 pts<br \/>\n7 BERRET William VC LANGUIDIC 4 pts<br \/>\n8 DIVAL Elouan AC LANESTER 56 3 pts<br \/>\n9 LE BRIZE Davy AC LANESTER 56 2 pts<br \/>\n10 BIHAN Ethan UC QUIMPERLE 1 pt<br \/>\n10 CANDAHL Paul AC LANESTER 56 1 pt<br \/>\n10 LANGLO Corentin UC INGUINIEL 1 pt<br \/>\n10 LE BELLER Mathis VC LANGUIDIC 1 pt<br \/>\n10 VALER Gabin VC LANGUIDIC 1 pt<\/p>\n<p><span style=\"text-decoration: underline;\"><strong>Gar\u00e7ons n\u00e9s en 2003 :<\/strong><\/span><br \/>\n1 LE HUITOUZE Eddy EC PLUVIGNOISE 12 pts<br \/>\n2 CADORET Theotime AC LANESTER 56 10 pts<br \/>\n3 PELIZZARI Antoine VC LANGUIDIC 8 pts<br \/>\n4 LE METAYER BRARD Corentin VC PONTIVY 7 pts<br \/>\n5 GICQUEL Thibault UCP PLOUAY 6 pts<br \/>\n6 NICOLAS Lucas UC QUIMPERLE 5 pts<br \/>\n7 JOYEUX Evan VC LANGUIDIC 4 pts<br \/>\n8 LE COZ Alexandre AC LANESTER 56 3 pts<br \/>\n9 GUILLOME Axel ACP BAUD 2 pts<br \/>\n10 BONNEC Corentin VC LANGUIDIC 1 pt<br \/>\n10 BUQUEN Jimi-Lou VC LANGUIDIC 1 pt<br \/>\n10 HAYES Max UCP PLOUAY 1 pt<br \/>\n10 LE MER Quentin EC PLUVIGNOISE 1 pt<br \/>\n10 LE SAUSSE Valentin AC LANESTER 56 1 pt<br \/>\n10 SCOUARNEC Adrien UC QUIMPERLE 1 pt<\/p>\n<p><span style=\"text-decoration: underline;\"><strong>Gar\u00e7ons n\u00e9s en 2002 :<\/strong><\/span><br \/>\n1 STEVAN Malo VELOCE VANNES 12 pts<br \/>\n2 CONAN Guerlain VC BELLE-ILE 10 pts<br \/>\n3 BACHIR Mehdi AC LANESTER 56 8 pts<br \/>\n4 SCOURZIC Youenn VC LANGUIDIC 7 pts<br \/>\n5 FABRE Adrien VC LANGUIDIC 6 pts<br \/>\n6 BOUEDO Antoine VELOCE VANNES 5 pts<br \/>\n7 LE GOFF Mathieu ACP BAUD 4 pts<br \/>\n8 GUYOT Jordan ACP BAUD 3 pts<br \/>\n9 PUREN Vincent ACP BAUD 2 pts<br \/>\n10 PASCO Florian UC INGUINIEL 1 pt<br \/>\n10 TOUABI Redwane UCP PLOUAY 1 pt<\/p>\n<p><span style=\"text-decoration: underline;\"><strong>Gar\u00e7ons n\u00e9s en 2001 (Liste des 10 qualifi\u00e9s pour la finale du scratch qui aura lieu le 24 janvier par tri alphab\u00e9tique) :<\/strong><\/span><\/p>\n<p>COZIC Florian UCP PLOUAY<br \/>\nETIENNE Alan ACP BAUD<br \/>\nHOUEIX Tristan UC AURAY<br \/>\nLE CHENADEC Ewen AC LANESTER 56<br \/>\nLE GUEVEL Alexis ACP BAUD<br \/>\nLE LESLE Nicolas VC LANGUIDIC<br \/>\nMICHELIN Antoine VC LANGUIDIC<br \/>\nPASCO Maxime UC INGUINIEL<br \/>\nTOMASSACCI Romain UC AURAY<br \/>\nTREGOUET Louison VELOCE VANNES<\/p>\n<p>* Le classement complet des 20 participants gar\u00e7ons n\u00e9s en 2001 du scratch sera publi\u00e9 apr\u00e8s la 2\u00e8me manche<\/p>\n","protected":false},"excerpt":{"rendered":"","protected":false},"author":14,"featured_media":20858,"comment_status":"open","ping_status":"open","sticky":false,"template":"","format":"standard","meta":{"ngg_post_thumbnail":0,"footnotes":""},"categories":[5,7,37],"tags":[],"class_list":["post-20857","post","type-post","status-publish","format-standard","has-post-thumbnail","hentry","category-ac-lanester-56","category-organisations","category-samedi-decouverte"],"yoast_head":"<!-- This site is optimized with the Yoast SEO plugin v27.5 - https:\/\/yoast.com\/product\/yoast-seo-wordpress\/ -->\n<title>1\u00e8re Manche des Samedis D\u00e9couverte de la Piste 2015 : Tous les classements ! - Avenir Cycliste Lanester 56<\/title>\n<meta name=\"robots\" content=\"index, follow, max-snippet:-1, max-image-preview:large, max-video-preview:-1\" \/>\n<link rel=\"canonical\" href=\"https:\/\/www.aclanester56.com\/velo\/1ere-manche-des-samedis-decouverte-de-la-piste-2015-tous-les-classements\/\" \/>\n<meta property=\"og:locale\" content=\"fr_FR\" \/>\n<meta property=\"og:type\" content=\"article\" \/>\n<meta property=\"og:title\" content=\"1\u00e8re Manche des Samedis D\u00e9couverte de la Piste 2015 : Tous les classements ! - Avenir Cycliste Lanester 56\" \/>\n<meta property=\"og:url\" content=\"https:\/\/www.aclanester56.com\/velo\/1ere-manche-des-samedis-decouverte-de-la-piste-2015-tous-les-classements\/\" \/>\n<meta property=\"og:site_name\" content=\"Avenir Cycliste Lanester 56\" \/>\n<meta property=\"article:publisher\" content=\"https:\/\/www.facebook.com\/pages\/AC-Lanester-56\/190286300991242?fref=ts\" \/>\n<meta property=\"article:published_time\" content=\"2015-01-17T22:24:07+00:00\" \/>\n<meta property=\"og:image\" content=\"https:\/\/www.aclanester56.com\/velo\/wp-content\/uploads\/2015\/01\/Feminines-Copie.jpg\" \/>\n\t<meta property=\"og:image:width\" content=\"880\" \/>\n\t<meta property=\"og:image:height\" content=\"450\" \/>\n\t<meta property=\"og:image:type\" content=\"image\/jpeg\" \/>\n<meta name=\"author\" content=\"Jean-Christophe\" \/>\n<meta name=\"twitter:label1\" content=\"\u00c9crit par\" \/>\n\t<meta name=\"twitter:data1\" content=\"Jean-Christophe\" \/>\n\t<meta name=\"twitter:label2\" content=\"Dur\u00e9e de lecture estim\u00e9e\" \/>\n\t<meta name=\"twitter:data2\" content=\"3 minutes\" \/>\n<script type=\"application\/ld+json\" class=\"yoast-schema-graph\">{\"@context\":\"https:\\\/\\\/schema.org\",\"@graph\":[{\"@type\":\"Article\",\"@id\":\"https:\\\/\\\/www.aclanester56.com\\\/velo\\\/1ere-manche-des-samedis-decouverte-de-la-piste-2015-tous-les-classements\\\/#article\",\"isPartOf\":{\"@id\":\"https:\\\/\\\/www.aclanester56.com\\\/velo\\\/1ere-manche-des-samedis-decouverte-de-la-piste-2015-tous-les-classements\\\/\"},\"author\":{\"name\":\"Jean-Christophe\",\"@id\":\"https:\\\/\\\/www.aclanester56.com\\\/velo\\\/#\\\/schema\\\/person\\\/ca2a44a5fd969e9dd846c72d3b33bc01\"},\"headline\":\"1\u00e8re Manche des Samedis D\u00e9couverte de la Piste 2015 : Tous les classements !\",\"datePublished\":\"2015-01-17T22:24:07+00:00\",\"mainEntityOfPage\":{\"@id\":\"https:\\\/\\\/www.aclanester56.com\\\/velo\\\/1ere-manche-des-samedis-decouverte-de-la-piste-2015-tous-les-classements\\\/\"},\"wordCount\":641,\"commentCount\":0,\"publisher\":{\"@id\":\"https:\\\/\\\/www.aclanester56.com\\\/velo\\\/#organization\"},\"image\":{\"@id\":\"https:\\\/\\\/www.aclanester56.com\\\/velo\\\/1ere-manche-des-samedis-decouverte-de-la-piste-2015-tous-les-classements\\\/#primaryimage\"},\"thumbnailUrl\":\"https:\\\/\\\/www.aclanester56.com\\\/velo\\\/wp-content\\\/uploads\\\/2015\\\/01\\\/Feminines-Copie.jpg\",\"articleSection\":[\"AC LANESTER 56\",\"Les organisations\",\"Samedi d\u00e9couverte\"],\"inLanguage\":\"fr-FR\",\"potentialAction\":[{\"@type\":\"CommentAction\",\"name\":\"Comment\",\"target\":[\"https:\\\/\\\/www.aclanester56.com\\\/velo\\\/1ere-manche-des-samedis-decouverte-de-la-piste-2015-tous-les-classements\\\/#respond\"]}]},{\"@type\":\"WebPage\",\"@id\":\"https:\\\/\\\/www.aclanester56.com\\\/velo\\\/1ere-manche-des-samedis-decouverte-de-la-piste-2015-tous-les-classements\\\/\",\"url\":\"https:\\\/\\\/www.aclanester56.com\\\/velo\\\/1ere-manche-des-samedis-decouverte-de-la-piste-2015-tous-les-classements\\\/\",\"name\":\"1\u00e8re Manche des Samedis D\u00e9couverte de la Piste 2015 : Tous les classements ! - Avenir Cycliste Lanester 56\",\"isPartOf\":{\"@id\":\"https:\\\/\\\/www.aclanester56.com\\\/velo\\\/#website\"},\"primaryImageOfPage\":{\"@id\":\"https:\\\/\\\/www.aclanester56.com\\\/velo\\\/1ere-manche-des-samedis-decouverte-de-la-piste-2015-tous-les-classements\\\/#primaryimage\"},\"image\":{\"@id\":\"https:\\\/\\\/www.aclanester56.com\\\/velo\\\/1ere-manche-des-samedis-decouverte-de-la-piste-2015-tous-les-classements\\\/#primaryimage\"},\"thumbnailUrl\":\"https:\\\/\\\/www.aclanester56.com\\\/velo\\\/wp-content\\\/uploads\\\/2015\\\/01\\\/Feminines-Copie.jpg\",\"datePublished\":\"2015-01-17T22:24:07+00:00\",\"inLanguage\":\"fr-FR\",\"potentialAction\":[{\"@type\":\"ReadAction\",\"target\":[\"https:\\\/\\\/www.aclanester56.com\\\/velo\\\/1ere-manche-des-samedis-decouverte-de-la-piste-2015-tous-les-classements\\\/\"]}]},{\"@type\":\"ImageObject\",\"inLanguage\":\"fr-FR\",\"@id\":\"https:\\\/\\\/www.aclanester56.com\\\/velo\\\/1ere-manche-des-samedis-decouverte-de-la-piste-2015-tous-les-classements\\\/#primaryimage\",\"url\":\"https:\\\/\\\/www.aclanester56.com\\\/velo\\\/wp-content\\\/uploads\\\/2015\\\/01\\\/Feminines-Copie.jpg\",\"contentUrl\":\"https:\\\/\\\/www.aclanester56.com\\\/velo\\\/wp-content\\\/uploads\\\/2015\\\/01\\\/Feminines-Copie.jpg\",\"width\":880,\"height\":450},{\"@type\":\"WebSite\",\"@id\":\"https:\\\/\\\/www.aclanester56.com\\\/velo\\\/#website\",\"url\":\"https:\\\/\\\/www.aclanester56.com\\\/velo\\\/\",\"name\":\"Avenir Cycliste Lanester 56\",\"description\":\"Club cycliste de l&#039;AC LANESTER 56\",\"publisher\":{\"@id\":\"https:\\\/\\\/www.aclanester56.com\\\/velo\\\/#organization\"},\"potentialAction\":[{\"@type\":\"SearchAction\",\"target\":{\"@type\":\"EntryPoint\",\"urlTemplate\":\"https:\\\/\\\/www.aclanester56.com\\\/velo\\\/?s={search_term_string}\"},\"query-input\":{\"@type\":\"PropertyValueSpecification\",\"valueRequired\":true,\"valueName\":\"search_term_string\"}}],\"inLanguage\":\"fr-FR\"},{\"@type\":\"Organization\",\"@id\":\"https:\\\/\\\/www.aclanester56.com\\\/velo\\\/#organization\",\"name\":\"Avenir Cycliste Lanester 56\",\"url\":\"https:\\\/\\\/www.aclanester56.com\\\/velo\\\/\",\"logo\":{\"@type\":\"ImageObject\",\"inLanguage\":\"fr-FR\",\"@id\":\"https:\\\/\\\/www.aclanester56.com\\\/velo\\\/#\\\/schema\\\/logo\\\/image\\\/\",\"url\":\"https:\\\/\\\/www.aclanester56.com\\\/velo\\\/wp-content\\\/uploads\\\/2013\\\/04\\\/logo-ACL.jpg\",\"contentUrl\":\"https:\\\/\\\/www.aclanester56.com\\\/velo\\\/wp-content\\\/uploads\\\/2013\\\/04\\\/logo-ACL.jpg\",\"width\":400,\"height\":334,\"caption\":\"Avenir Cycliste Lanester 56\"},\"image\":{\"@id\":\"https:\\\/\\\/www.aclanester56.com\\\/velo\\\/#\\\/schema\\\/logo\\\/image\\\/\"},\"sameAs\":[\"https:\\\/\\\/www.facebook.com\\\/pages\\\/AC-Lanester-56\\\/190286300991242?fref=ts\"]},{\"@type\":\"Person\",\"@id\":\"https:\\\/\\\/www.aclanester56.com\\\/velo\\\/#\\\/schema\\\/person\\\/ca2a44a5fd969e9dd846c72d3b33bc01\",\"name\":\"Jean-Christophe\",\"url\":\"https:\\\/\\\/www.aclanester56.com\\\/velo\\\/author\\\/jeanchristophe\\\/\"}]}<\/script>\n<!-- \/ Yoast SEO plugin. -->","yoast_head_json":{"title":"1\u00e8re Manche des Samedis D\u00e9couverte de la Piste 2015 : Tous les classements ! - Avenir Cycliste Lanester 56","robots":{"index":"index","follow":"follow","max-snippet":"max-snippet:-1","max-image-preview":"max-image-preview:large","max-video-preview":"max-video-preview:-1"},"canonical":"https:\/\/www.aclanester56.com\/velo\/1ere-manche-des-samedis-decouverte-de-la-piste-2015-tous-les-classements\/","og_locale":"fr_FR","og_type":"article","og_title":"1\u00e8re Manche des Samedis D\u00e9couverte de la Piste 2015 : Tous les classements ! - Avenir Cycliste Lanester 56","og_url":"https:\/\/www.aclanester56.com\/velo\/1ere-manche-des-samedis-decouverte-de-la-piste-2015-tous-les-classements\/","og_site_name":"Avenir Cycliste Lanester 56","article_publisher":"https:\/\/www.facebook.com\/pages\/AC-Lanester-56\/190286300991242?fref=ts","article_published_time":"2015-01-17T22:24:07+00:00","og_image":[{"width":880,"height":450,"url":"https:\/\/www.aclanester56.com\/velo\/wp-content\/uploads\/2015\/01\/Feminines-Copie.jpg","type":"image\/jpeg"}],"author":"Jean-Christophe","twitter_misc":{"\u00c9crit par":"Jean-Christophe","Dur\u00e9e de lecture estim\u00e9e":"3 minutes"},"schema":{"@context":"https:\/\/schema.org","@graph":[{"@type":"Article","@id":"https:\/\/www.aclanester56.com\/velo\/1ere-manche-des-samedis-decouverte-de-la-piste-2015-tous-les-classements\/#article","isPartOf":{"@id":"https:\/\/www.aclanester56.com\/velo\/1ere-manche-des-samedis-decouverte-de-la-piste-2015-tous-les-classements\/"},"author":{"name":"Jean-Christophe","@id":"https:\/\/www.aclanester56.com\/velo\/#\/schema\/person\/ca2a44a5fd969e9dd846c72d3b33bc01"},"headline":"1\u00e8re Manche des Samedis D\u00e9couverte de la Piste 2015 : Tous les classements !","datePublished":"2015-01-17T22:24:07+00:00","mainEntityOfPage":{"@id":"https:\/\/www.aclanester56.com\/velo\/1ere-manche-des-samedis-decouverte-de-la-piste-2015-tous-les-classements\/"},"wordCount":641,"commentCount":0,"publisher":{"@id":"https:\/\/www.aclanester56.com\/velo\/#organization"},"image":{"@id":"https:\/\/www.aclanester56.com\/velo\/1ere-manche-des-samedis-decouverte-de-la-piste-2015-tous-les-classements\/#primaryimage"},"thumbnailUrl":"https:\/\/www.aclanester56.com\/velo\/wp-content\/uploads\/2015\/01\/Feminines-Copie.jpg","articleSection":["AC LANESTER 56","Les organisations","Samedi d\u00e9couverte"],"inLanguage":"fr-FR","potentialAction":[{"@type":"CommentAction","name":"Comment","target":["https:\/\/www.aclanester56.com\/velo\/1ere-manche-des-samedis-decouverte-de-la-piste-2015-tous-les-classements\/#respond"]}]},{"@type":"WebPage","@id":"https:\/\/www.aclanester56.com\/velo\/1ere-manche-des-samedis-decouverte-de-la-piste-2015-tous-les-classements\/","url":"https:\/\/www.aclanester56.com\/velo\/1ere-manche-des-samedis-decouverte-de-la-piste-2015-tous-les-classements\/","name":"1\u00e8re Manche des Samedis D\u00e9couverte de la Piste 2015 : Tous les classements ! - Avenir Cycliste Lanester 56","isPartOf":{"@id":"https:\/\/www.aclanester56.com\/velo\/#website"},"primaryImageOfPage":{"@id":"https:\/\/www.aclanester56.com\/velo\/1ere-manche-des-samedis-decouverte-de-la-piste-2015-tous-les-classements\/#primaryimage"},"image":{"@id":"https:\/\/www.aclanester56.com\/velo\/1ere-manche-des-samedis-decouverte-de-la-piste-2015-tous-les-classements\/#primaryimage"},"thumbnailUrl":"https:\/\/www.aclanester56.com\/velo\/wp-content\/uploads\/2015\/01\/Feminines-Copie.jpg","datePublished":"2015-01-17T22:24:07+00:00","inLanguage":"fr-FR","potentialAction":[{"@type":"ReadAction","target":["https:\/\/www.aclanester56.com\/velo\/1ere-manche-des-samedis-decouverte-de-la-piste-2015-tous-les-classements\/"]}]},{"@type":"ImageObject","inLanguage":"fr-FR","@id":"https:\/\/www.aclanester56.com\/velo\/1ere-manche-des-samedis-decouverte-de-la-piste-2015-tous-les-classements\/#primaryimage","url":"https:\/\/www.aclanester56.com\/velo\/wp-content\/uploads\/2015\/01\/Feminines-Copie.jpg","contentUrl":"https:\/\/www.aclanester56.com\/velo\/wp-content\/uploads\/2015\/01\/Feminines-Copie.jpg","width":880,"height":450},{"@type":"WebSite","@id":"https:\/\/www.aclanester56.com\/velo\/#website","url":"https:\/\/www.aclanester56.com\/velo\/","name":"Avenir Cycliste Lanester 56","description":"Club cycliste de l&#039;AC LANESTER 56","publisher":{"@id":"https:\/\/www.aclanester56.com\/velo\/#organization"},"potentialAction":[{"@type":"SearchAction","target":{"@type":"EntryPoint","urlTemplate":"https:\/\/www.aclanester56.com\/velo\/?s={search_term_string}"},"query-input":{"@type":"PropertyValueSpecification","valueRequired":true,"valueName":"search_term_string"}}],"inLanguage":"fr-FR"},{"@type":"Organization","@id":"https:\/\/www.aclanester56.com\/velo\/#organization","name":"Avenir Cycliste Lanester 56","url":"https:\/\/www.aclanester56.com\/velo\/","logo":{"@type":"ImageObject","inLanguage":"fr-FR","@id":"https:\/\/www.aclanester56.com\/velo\/#\/schema\/logo\/image\/","url":"https:\/\/www.aclanester56.com\/velo\/wp-content\/uploads\/2013\/04\/logo-ACL.jpg","contentUrl":"https:\/\/www.aclanester56.com\/velo\/wp-content\/uploads\/2013\/04\/logo-ACL.jpg","width":400,"height":334,"caption":"Avenir Cycliste Lanester 56"},"image":{"@id":"https:\/\/www.aclanester56.com\/velo\/#\/schema\/logo\/image\/"},"sameAs":["https:\/\/www.facebook.com\/pages\/AC-Lanester-56\/190286300991242?fref=ts"]},{"@type":"Person","@id":"https:\/\/www.aclanester56.com\/velo\/#\/schema\/person\/ca2a44a5fd969e9dd846c72d3b33bc01","name":"Jean-Christophe","url":"https:\/\/www.aclanester56.com\/velo\/author\/jeanchristophe\/"}]}},"_links":{"self":[{"href":"https:\/\/www.aclanester56.com\/velo\/wp-json\/wp\/v2\/posts\/20857","targetHints":{"allow":["GET"]}}],"collection":[{"href":"https:\/\/www.aclanester56.com\/velo\/wp-json\/wp\/v2\/posts"}],"about":[{"href":"https:\/\/www.aclanester56.com\/velo\/wp-json\/wp\/v2\/types\/post"}],"author":[{"embeddable":true,"href":"https:\/\/www.aclanester56.com\/velo\/wp-json\/wp\/v2\/users\/14"}],"replies":[{"embeddable":true,"href":"https:\/\/www.aclanester56.com\/velo\/wp-json\/wp\/v2\/comments?post=20857"}],"version-history":[{"count":2,"href":"https:\/\/www.aclanester56.com\/velo\/wp-json\/wp\/v2\/posts\/20857\/revisions"}],"predecessor-version":[{"id":20873,"href":"https:\/\/www.aclanester56.com\/velo\/wp-json\/wp\/v2\/posts\/20857\/revisions\/20873"}],"wp:featuredmedia":[{"embeddable":true,"href":"https:\/\/www.aclanester56.com\/velo\/wp-json\/wp\/v2\/media\/20858"}],"wp:attachment":[{"href":"https:\/\/www.aclanester56.com\/velo\/wp-json\/wp\/v2\/media?parent=20857"}],"wp:term":[{"taxonomy":"category","embeddable":true,"href":"https:\/\/www.aclanester56.com\/velo\/wp-json\/wp\/v2\/categories?post=20857"},{"taxonomy":"post_tag","embeddable":true,"href":"https:\/\/www.aclanester56.com\/velo\/wp-json\/wp\/v2\/tags?post=20857"}],"curies":[{"name":"wp","href":"https:\/\/api.w.org\/{rel}","templated":true}]}}