{"id":21198,"date":"2015-02-12T22:27:48","date_gmt":"2015-02-12T20:27:48","guid":{"rendered":"http:\/\/www.aclanester56.com\/velo\/?p=21198"},"modified":"2015-02-12T22:30:36","modified_gmt":"2015-02-12T20:30:36","slug":"retour-en-images-sur-la-finale-des-samedi-decouverte-de-la-piste-2015","status":"publish","type":"post","link":"https:\/\/www.aclanester56.com\/velo\/retour-en-images-sur-la-finale-des-samedi-decouverte-de-la-piste-2015\/","title":{"rendered":"Retour en images sur la finale des Samedi D\u00e9couverte de la Piste 2015 !"},"content":{"rendered":"<p><!--more--><\/p>\n<p>&nbsp;<\/p>\n<div id=\"attachment_21322\" style=\"width: 522px\" class=\"wp-caption alignleft\"><a href=\"http:\/\/www.aclanester56.com\/velo\/wp-content\/uploads\/2015\/02\/finale-piste-WB-2015-02.jpg\"><img loading=\"lazy\" decoding=\"async\" aria-describedby=\"caption-attachment-21322\" class=\"size-full wp-image-21322\" src=\"http:\/\/www.aclanester56.com\/velo\/wp-content\/uploads\/2015\/02\/finale-piste-WB-2015-02.jpg\" alt=\"Cette finale des Samedis D\u00e9couverte de la Piste 2015 a \u00e9t\u00e9 le cadre de tr\u00e8s belles parties de manivelles offertes par les jeunes participants !\" width=\"512\" height=\"341\" srcset=\"https:\/\/www.aclanester56.com\/velo\/wp-content\/uploads\/2015\/02\/finale-piste-WB-2015-02.jpg 1024w, https:\/\/www.aclanester56.com\/velo\/wp-content\/uploads\/2015\/02\/finale-piste-WB-2015-02-300x200.jpg 300w, https:\/\/www.aclanester56.com\/velo\/wp-content\/uploads\/2015\/02\/finale-piste-WB-2015-02-800x534.jpg 800w, https:\/\/www.aclanester56.com\/velo\/wp-content\/uploads\/2015\/02\/finale-piste-WB-2015-02-675x450.jpg 675w, https:\/\/www.aclanester56.com\/velo\/wp-content\/uploads\/2015\/02\/finale-piste-WB-2015-02-600x400.jpg 600w, https:\/\/www.aclanester56.com\/velo\/wp-content\/uploads\/2015\/02\/finale-piste-WB-2015-02-100x67.jpg 100w\" sizes=\"auto, (max-width: 512px) 100vw, 512px\" \/><\/a><p id=\"caption-attachment-21322\" class=\"wp-caption-text\">Cette finale des Samedis D\u00e9couverte de la Piste 2015 a \u00e9t\u00e9 le cadre de tr\u00e8s belles parties de manivelles offertes par les jeunes participants !<\/p><\/div>\n<div id=\"attachment_21323\" style=\"width: 522px\" class=\"wp-caption alignright\"><a href=\"http:\/\/www.aclanester56.com\/velo\/wp-content\/uploads\/2015\/02\/finale-piste-WB-2015-39.jpg\"><img loading=\"lazy\" decoding=\"async\" aria-describedby=\"caption-attachment-21323\" class=\"size-full wp-image-21323\" src=\"http:\/\/www.aclanester56.com\/velo\/wp-content\/uploads\/2015\/02\/finale-piste-WB-2015-39.jpg\" alt=\"Warren Barguil a remis les r\u00e9compenses aux laur\u00e9ates et laur\u00e9ats, ici les jeunes filles n\u00e9es en 2003-2004 !\" width=\"512\" height=\"341\" srcset=\"https:\/\/www.aclanester56.com\/velo\/wp-content\/uploads\/2015\/02\/finale-piste-WB-2015-39.jpg 1024w, https:\/\/www.aclanester56.com\/velo\/wp-content\/uploads\/2015\/02\/finale-piste-WB-2015-39-300x200.jpg 300w, https:\/\/www.aclanester56.com\/velo\/wp-content\/uploads\/2015\/02\/finale-piste-WB-2015-39-800x534.jpg 800w, https:\/\/www.aclanester56.com\/velo\/wp-content\/uploads\/2015\/02\/finale-piste-WB-2015-39-675x450.jpg 675w, https:\/\/www.aclanester56.com\/velo\/wp-content\/uploads\/2015\/02\/finale-piste-WB-2015-39-600x400.jpg 600w, https:\/\/www.aclanester56.com\/velo\/wp-content\/uploads\/2015\/02\/finale-piste-WB-2015-39-100x67.jpg 100w\" sizes=\"auto, (max-width: 512px) 100vw, 512px\" \/><\/a><p id=\"caption-attachment-21323\" class=\"wp-caption-text\">Warren Barguil a remis les r\u00e9compenses aux laur\u00e9ates et laur\u00e9ats, ici les jeunes filles n\u00e9es en 2003-2004 !<\/p><\/div>\n<div id=\"attachment_21324\" style=\"width: 522px\" class=\"wp-caption alignleft\"><a href=\"http:\/\/www.aclanester56.com\/velo\/wp-content\/uploads\/2015\/02\/finale-piste-WB-2015-78.jpg\"><img loading=\"lazy\" decoding=\"async\" aria-describedby=\"caption-attachment-21324\" class=\"size-full wp-image-21324\" src=\"http:\/\/www.aclanester56.com\/velo\/wp-content\/uploads\/2015\/02\/finale-piste-WB-2015-78.jpg\" alt=\"Le Plouaysien Thierry Le Garrec a gratifi\u00e9 les spectateurs de ses commentaires valorisant la performance de tous les participants !\" width=\"512\" height=\"341\" srcset=\"https:\/\/www.aclanester56.com\/velo\/wp-content\/uploads\/2015\/02\/finale-piste-WB-2015-78.jpg 1024w, https:\/\/www.aclanester56.com\/velo\/wp-content\/uploads\/2015\/02\/finale-piste-WB-2015-78-300x200.jpg 300w, https:\/\/www.aclanester56.com\/velo\/wp-content\/uploads\/2015\/02\/finale-piste-WB-2015-78-800x534.jpg 800w, https:\/\/www.aclanester56.com\/velo\/wp-content\/uploads\/2015\/02\/finale-piste-WB-2015-78-675x450.jpg 675w, https:\/\/www.aclanester56.com\/velo\/wp-content\/uploads\/2015\/02\/finale-piste-WB-2015-78-600x400.jpg 600w, https:\/\/www.aclanester56.com\/velo\/wp-content\/uploads\/2015\/02\/finale-piste-WB-2015-78-100x67.jpg 100w\" sizes=\"auto, (max-width: 512px) 100vw, 512px\" \/><\/a><p id=\"caption-attachment-21324\" class=\"wp-caption-text\">Le Plouaysien Thierry Le Garrec a gratifi\u00e9 les spectateurs de ses commentaires valorisant la performance de tous les participants !<\/p><\/div>\n<div id=\"attachment_21325\" style=\"width: 522px\" class=\"wp-caption alignright\"><a href=\"http:\/\/www.aclanester56.com\/velo\/wp-content\/uploads\/2015\/02\/finale-piste-WB-2015-101.jpg\"><img loading=\"lazy\" decoding=\"async\" aria-describedby=\"caption-attachment-21325\" class=\"size-full wp-image-21325\" src=\"http:\/\/www.aclanester56.com\/velo\/wp-content\/uploads\/2015\/02\/finale-piste-WB-2015-101.jpg\" alt=\"Une fois n'est pas coutume, c'est Warren Barguil qui a interview\u00e9 Jean-Claude Sagot, cheville ouvri\u00e8re de l'organisation des Samedis D\u00e9couverte de la Piste, offrant aux spectateurs un moment de bonne humeur !\" width=\"512\" height=\"341\" srcset=\"https:\/\/www.aclanester56.com\/velo\/wp-content\/uploads\/2015\/02\/finale-piste-WB-2015-101.jpg 1024w, https:\/\/www.aclanester56.com\/velo\/wp-content\/uploads\/2015\/02\/finale-piste-WB-2015-101-300x200.jpg 300w, https:\/\/www.aclanester56.com\/velo\/wp-content\/uploads\/2015\/02\/finale-piste-WB-2015-101-800x534.jpg 800w, https:\/\/www.aclanester56.com\/velo\/wp-content\/uploads\/2015\/02\/finale-piste-WB-2015-101-675x450.jpg 675w, https:\/\/www.aclanester56.com\/velo\/wp-content\/uploads\/2015\/02\/finale-piste-WB-2015-101-600x400.jpg 600w, https:\/\/www.aclanester56.com\/velo\/wp-content\/uploads\/2015\/02\/finale-piste-WB-2015-101-100x67.jpg 100w\" sizes=\"auto, (max-width: 512px) 100vw, 512px\" \/><\/a><p id=\"caption-attachment-21325\" class=\"wp-caption-text\">Une fois n&rsquo;est pas coutume, c&rsquo;est Warren Barguil qui a interview\u00e9 Jean-Claude Sagot, cheville ouvri\u00e8re de l&rsquo;organisation des Samedis D\u00e9couverte de la Piste, offrant aux spectateurs un moment de bonne humeur !<\/p><\/div>\n<div id=\"attachment_21326\" style=\"width: 522px\" class=\"wp-caption alignleft\"><a href=\"http:\/\/www.aclanester56.com\/velo\/wp-content\/uploads\/2015\/02\/finale-piste-WB-2015-110.jpg\"><img loading=\"lazy\" decoding=\"async\" aria-describedby=\"caption-attachment-21326\" class=\"size-full wp-image-21326\" src=\"http:\/\/www.aclanester56.com\/velo\/wp-content\/uploads\/2015\/02\/finale-piste-WB-2015-110.jpg\" alt=\"Tous les laur\u00e9ats de l'\u00e9dition 2015 des Samedis D\u00e9couverte de la Piste !\" width=\"512\" height=\"341\" srcset=\"https:\/\/www.aclanester56.com\/velo\/wp-content\/uploads\/2015\/02\/finale-piste-WB-2015-110.jpg 1024w, https:\/\/www.aclanester56.com\/velo\/wp-content\/uploads\/2015\/02\/finale-piste-WB-2015-110-300x200.jpg 300w, https:\/\/www.aclanester56.com\/velo\/wp-content\/uploads\/2015\/02\/finale-piste-WB-2015-110-800x534.jpg 800w, https:\/\/www.aclanester56.com\/velo\/wp-content\/uploads\/2015\/02\/finale-piste-WB-2015-110-675x450.jpg 675w, https:\/\/www.aclanester56.com\/velo\/wp-content\/uploads\/2015\/02\/finale-piste-WB-2015-110-600x400.jpg 600w, https:\/\/www.aclanester56.com\/velo\/wp-content\/uploads\/2015\/02\/finale-piste-WB-2015-110-100x67.jpg 100w\" sizes=\"auto, (max-width: 512px) 100vw, 512px\" \/><\/a><p id=\"caption-attachment-21326\" class=\"wp-caption-text\">Tous les laur\u00e9ats de l&rsquo;\u00e9dition 2015 des Samedis D\u00e9couverte de la Piste !<\/p><\/div>\n<div id=\"attachment_21327\" style=\"width: 266px\" class=\"wp-caption alignright\"><a href=\"http:\/\/www.aclanester56.com\/velo\/wp-content\/uploads\/2015\/02\/finale-piste-WB-2015-117.jpg\"><img loading=\"lazy\" decoding=\"async\" aria-describedby=\"caption-attachment-21327\" class=\"size-full wp-image-21327\" src=\"http:\/\/www.aclanester56.com\/velo\/wp-content\/uploads\/2015\/02\/finale-piste-WB-2015-117.jpg\" alt=\"Le jeune Lanest\u00e9rien Mehdi Bachir, excellent 3\u00e8me dans une cat\u00e9gorie des gar\u00e7ons n\u00e9s en 2002 tr\u00e8s relev\u00e9e, a \u00e9t\u00e9 f\u00e9licit\u00e9 par Warren Barguil !\" width=\"256\" height=\"384\" srcset=\"https:\/\/www.aclanester56.com\/velo\/wp-content\/uploads\/2015\/02\/finale-piste-WB-2015-117.jpg 512w, https:\/\/www.aclanester56.com\/velo\/wp-content\/uploads\/2015\/02\/finale-piste-WB-2015-117-200x300.jpg 200w, https:\/\/www.aclanester56.com\/velo\/wp-content\/uploads\/2015\/02\/finale-piste-WB-2015-117-400x600.jpg 400w, https:\/\/www.aclanester56.com\/velo\/wp-content\/uploads\/2015\/02\/finale-piste-WB-2015-117-300x450.jpg 300w, https:\/\/www.aclanester56.com\/velo\/wp-content\/uploads\/2015\/02\/finale-piste-WB-2015-117-67x100.jpg 67w\" sizes=\"auto, (max-width: 256px) 100vw, 256px\" \/><\/a><p id=\"caption-attachment-21327\" class=\"wp-caption-text\">Le jeune Lanest\u00e9rien Mehdi Bachir, excellent 3\u00e8me dans une cat\u00e9gorie des gar\u00e7ons n\u00e9s en 2002 tr\u00e8s relev\u00e9e, a \u00e9t\u00e9 f\u00e9licit\u00e9 par Warren Barguil !<\/p><\/div>\n<div id=\"attachment_21328\" style=\"width: 522px\" class=\"wp-caption alignleft\"><a href=\"http:\/\/www.aclanester56.com\/velo\/wp-content\/uploads\/2015\/02\/finale-piste-WB-2015-120.jpg\"><img loading=\"lazy\" decoding=\"async\" aria-describedby=\"caption-attachment-21328\" class=\"size-full wp-image-21328\" src=\"http:\/\/www.aclanester56.com\/velo\/wp-content\/uploads\/2015\/02\/finale-piste-WB-2015-120.jpg\" alt=\"Warren Barguil sera le parrain de la 3\u00e8me \u00e9dition du Circuit des Jeunes, qui aura lieu le dimanche 26 avril 2015 \u00e0 Lanester !\" width=\"512\" height=\"341\" srcset=\"https:\/\/www.aclanester56.com\/velo\/wp-content\/uploads\/2015\/02\/finale-piste-WB-2015-120.jpg 1024w, https:\/\/www.aclanester56.com\/velo\/wp-content\/uploads\/2015\/02\/finale-piste-WB-2015-120-300x200.jpg 300w, https:\/\/www.aclanester56.com\/velo\/wp-content\/uploads\/2015\/02\/finale-piste-WB-2015-120-800x534.jpg 800w, https:\/\/www.aclanester56.com\/velo\/wp-content\/uploads\/2015\/02\/finale-piste-WB-2015-120-675x450.jpg 675w, https:\/\/www.aclanester56.com\/velo\/wp-content\/uploads\/2015\/02\/finale-piste-WB-2015-120-600x400.jpg 600w, https:\/\/www.aclanester56.com\/velo\/wp-content\/uploads\/2015\/02\/finale-piste-WB-2015-120-100x67.jpg 100w\" sizes=\"auto, (max-width: 512px) 100vw, 512px\" \/><\/a><p id=\"caption-attachment-21328\" class=\"wp-caption-text\">Warren Barguil sera le parrain de la 3\u00e8me \u00e9dition du Circuit des Jeunes, qui aura lieu le dimanche 26 avril 2015 \u00e0 Lanester !<\/p><\/div>\n<p>&nbsp;<\/p>\n<p>Retrouvez toutes les photos de St\u00e9phane Le Provost ci-dessous :<\/p>\n<p><!-- default-view.php -->\n<div\n\tclass=\"ngg-galleryoverview default-view\n\t ngg-ajax-pagination-none\t\"\n\tid=\"ngg-gallery-bdf6db47e65f14f9a93819e5f9f3755b-1\"\n\tdata-nextgen-gallery-id=\"206\"\n\tdata-gallery-id=\"206\"\n\t\tdata-gallery-name=\"finale-samedi-2015\"\n\t>\n\n\t\t<!-- Thumbnails -->\n\t\t\t\t<div id=\"ngg-image-0\" class=\"ngg-gallery-thumbnail-box\n\t\t\t\t\t\t\t\t\t\t\t\"\n\t\t\t>\n\t\t\t\t\t\t<div class=\"ngg-gallery-thumbnail\">\n\t\t<a href=\"https:\/\/www.aclanester56.com\/velo\/wp-content\/gallery\/finale-samedi-2015\/finale-piste-WB-2015-01.jpg?t=1598624376\"\n\t\t\ttitle=\"\"\n\t\t\tdata-src=\"https:\/\/www.aclanester56.com\/velo\/wp-content\/gallery\/finale-samedi-2015\/finale-piste-WB-2015-01.jpg?t=1598624376\"\n\t\t\tdata-thumbnail=\"https:\/\/www.aclanester56.com\/velo\/wp-content\/gallery\/finale-samedi-2015\/thumbs\/thumbs_finale-piste-WB-2015-01.jpg?t=1598624376\"\n\t\t\tdata-image-id=\"7243\"\n\t\t\tdata-image-name=\"finale-piste-WB-2015-01.jpg\"\n\t\t\tdata-title=\"finale-piste-WB-2015-01\"\n\t\t\tdata-description=\"\"\n\t\t\tdata-image-slug=\"finale-piste-wb-2015-01\"\n\t\t\t\t\t\t\t\t\t\t\t\t\t\t\t\t\t\t\t\tclass=\"ngg-simplelightbox\" rel=\"bdf6db47e65f14f9a93819e5f9f3755b\">\n\t\t\t\t\t\t\t\t<img\n\t\t\t\t\ttitle=\"finale-piste-WB-2015-01\"\n\t\t\t\t\talt=\"finale-piste-WB-2015-01\"\n\t\t\t\t\tsrc=\"https:\/\/www.aclanester56.com\/velo\/wp-content\/gallery\/finale-samedi-2015\/thumbs\/thumbs_finale-piste-WB-2015-01.jpg?t=1598624376\"\n\t\t\t\t\twidth=\"100\"\n\t\t\t\t\theight=\"100\"\n\t\t\t\t\tstyle=\"max-width:100%;\"\n\t\t\t\t\/>\n\t\t\t<\/a>\n\t\t<\/div>\n\t\t\t\t\t\t\t<\/div>\n\t\t\t\n\t\t\t\t<div id=\"ngg-image-1\" class=\"ngg-gallery-thumbnail-box\n\t\t\t\t\t\t\t\t\t\t\t\"\n\t\t\t>\n\t\t\t\t\t\t<div class=\"ngg-gallery-thumbnail\">\n\t\t<a href=\"https:\/\/www.aclanester56.com\/velo\/wp-content\/gallery\/finale-samedi-2015\/finale-piste-WB-2015-02.jpg?t=1423344663\"\n\t\t\ttitle=\" \"\n\t\t\tdata-src=\"https:\/\/www.aclanester56.com\/velo\/wp-content\/gallery\/finale-samedi-2015\/finale-piste-WB-2015-02.jpg?t=1423344663\"\n\t\t\tdata-thumbnail=\"https:\/\/www.aclanester56.com\/velo\/wp-content\/gallery\/finale-samedi-2015\/thumbs\/thumbs_finale-piste-WB-2015-02.jpg?t=1423344663\"\n\t\t\tdata-image-id=\"7244\"\n\t\t\tdata-image-name=\"finale-piste-WB-2015-02.jpg\"\n\t\t\tdata-title=\"finale-piste-WB-2015-02\"\n\t\t\tdata-description=\" \"\n\t\t\tdata-image-slug=\"finale-piste-wb-2015-02\"\n\t\t\t\t\t\t\t\t\t\t\t\t\t\t\t\t\t\t\t\tclass=\"ngg-simplelightbox\" rel=\"bdf6db47e65f14f9a93819e5f9f3755b\">\n\t\t\t\t\t\t\t\t<img\n\t\t\t\t\ttitle=\"finale-piste-WB-2015-02\"\n\t\t\t\t\talt=\"finale-piste-WB-2015-02\"\n\t\t\t\t\tsrc=\"https:\/\/www.aclanester56.com\/velo\/wp-content\/gallery\/finale-samedi-2015\/thumbs\/thumbs_finale-piste-WB-2015-02.jpg?t=1423344663\"\n\t\t\t\t\twidth=\"100\"\n\t\t\t\t\theight=\"100\"\n\t\t\t\t\tstyle=\"max-width:100%;\"\n\t\t\t\t\/>\n\t\t\t<\/a>\n\t\t<\/div>\n\t\t\t\t\t\t\t<\/div>\n\t\t\t\n\t\t\t\t<div id=\"ngg-image-2\" class=\"ngg-gallery-thumbnail-box\n\t\t\t\t\t\t\t\t\t\t\t\"\n\t\t\t>\n\t\t\t\t\t\t<div class=\"ngg-gallery-thumbnail\">\n\t\t<a href=\"https:\/\/www.aclanester56.com\/velo\/wp-content\/gallery\/finale-samedi-2015\/finale-piste-WB-2015-03.jpg?t=1423344665\"\n\t\t\ttitle=\" \"\n\t\t\tdata-src=\"https:\/\/www.aclanester56.com\/velo\/wp-content\/gallery\/finale-samedi-2015\/finale-piste-WB-2015-03.jpg?t=1423344665\"\n\t\t\tdata-thumbnail=\"https:\/\/www.aclanester56.com\/velo\/wp-content\/gallery\/finale-samedi-2015\/thumbs\/thumbs_finale-piste-WB-2015-03.jpg?t=1423344665\"\n\t\t\tdata-image-id=\"7245\"\n\t\t\tdata-image-name=\"finale-piste-WB-2015-03.jpg\"\n\t\t\tdata-title=\"finale-piste-WB-2015-03\"\n\t\t\tdata-description=\" \"\n\t\t\tdata-image-slug=\"finale-piste-wb-2015-03\"\n\t\t\t\t\t\t\t\t\t\t\t\t\t\t\t\t\t\t\t\tclass=\"ngg-simplelightbox\" rel=\"bdf6db47e65f14f9a93819e5f9f3755b\">\n\t\t\t\t\t\t\t\t<img\n\t\t\t\t\ttitle=\"finale-piste-WB-2015-03\"\n\t\t\t\t\talt=\"finale-piste-WB-2015-03\"\n\t\t\t\t\tsrc=\"https:\/\/www.aclanester56.com\/velo\/wp-content\/gallery\/finale-samedi-2015\/thumbs\/thumbs_finale-piste-WB-2015-03.jpg?t=1423344665\"\n\t\t\t\t\twidth=\"100\"\n\t\t\t\t\theight=\"100\"\n\t\t\t\t\tstyle=\"max-width:100%;\"\n\t\t\t\t\/>\n\t\t\t<\/a>\n\t\t<\/div>\n\t\t\t\t\t\t\t<\/div>\n\t\t\t\n\t\t\t\t<div id=\"ngg-image-3\" class=\"ngg-gallery-thumbnail-box\n\t\t\t\t\t\t\t\t\t\t\t\"\n\t\t\t>\n\t\t\t\t\t\t<div class=\"ngg-gallery-thumbnail\">\n\t\t<a href=\"https:\/\/www.aclanester56.com\/velo\/wp-content\/gallery\/finale-samedi-2015\/finale-piste-WB-2015-04.jpg?t=1423344668\"\n\t\t\ttitle=\" \"\n\t\t\tdata-src=\"https:\/\/www.aclanester56.com\/velo\/wp-content\/gallery\/finale-samedi-2015\/finale-piste-WB-2015-04.jpg?t=1423344668\"\n\t\t\tdata-thumbnail=\"https:\/\/www.aclanester56.com\/velo\/wp-content\/gallery\/finale-samedi-2015\/thumbs\/thumbs_finale-piste-WB-2015-04.jpg?t=1423344668\"\n\t\t\tdata-image-id=\"7246\"\n\t\t\tdata-image-name=\"finale-piste-WB-2015-04.jpg\"\n\t\t\tdata-title=\"finale-piste-WB-2015-04\"\n\t\t\tdata-description=\" \"\n\t\t\tdata-image-slug=\"finale-piste-wb-2015-04\"\n\t\t\t\t\t\t\t\t\t\t\t\t\t\t\t\t\t\t\t\tclass=\"ngg-simplelightbox\" rel=\"bdf6db47e65f14f9a93819e5f9f3755b\">\n\t\t\t\t\t\t\t\t<img\n\t\t\t\t\ttitle=\"finale-piste-WB-2015-04\"\n\t\t\t\t\talt=\"finale-piste-WB-2015-04\"\n\t\t\t\t\tsrc=\"https:\/\/www.aclanester56.com\/velo\/wp-content\/gallery\/finale-samedi-2015\/thumbs\/thumbs_finale-piste-WB-2015-04.jpg?t=1423344668\"\n\t\t\t\t\twidth=\"100\"\n\t\t\t\t\theight=\"100\"\n\t\t\t\t\tstyle=\"max-width:100%;\"\n\t\t\t\t\/>\n\t\t\t<\/a>\n\t\t<\/div>\n\t\t\t\t\t\t\t<\/div>\n\t\t\t\n\t\t\t\t<div id=\"ngg-image-4\" class=\"ngg-gallery-thumbnail-box\n\t\t\t\t\t\t\t\t\t\t\t\"\n\t\t\t>\n\t\t\t\t\t\t<div class=\"ngg-gallery-thumbnail\">\n\t\t<a href=\"https:\/\/www.aclanester56.com\/velo\/wp-content\/gallery\/finale-samedi-2015\/finale-piste-WB-2015-05.jpg?t=1423344670\"\n\t\t\ttitle=\" \"\n\t\t\tdata-src=\"https:\/\/www.aclanester56.com\/velo\/wp-content\/gallery\/finale-samedi-2015\/finale-piste-WB-2015-05.jpg?t=1423344670\"\n\t\t\tdata-thumbnail=\"https:\/\/www.aclanester56.com\/velo\/wp-content\/gallery\/finale-samedi-2015\/thumbs\/thumbs_finale-piste-WB-2015-05.jpg?t=1423344670\"\n\t\t\tdata-image-id=\"7247\"\n\t\t\tdata-image-name=\"finale-piste-WB-2015-05.jpg\"\n\t\t\tdata-title=\"finale-piste-WB-2015-05\"\n\t\t\tdata-description=\" \"\n\t\t\tdata-image-slug=\"finale-piste-wb-2015-05\"\n\t\t\t\t\t\t\t\t\t\t\t\t\t\t\t\t\t\t\t\tclass=\"ngg-simplelightbox\" rel=\"bdf6db47e65f14f9a93819e5f9f3755b\">\n\t\t\t\t\t\t\t\t<img\n\t\t\t\t\ttitle=\"finale-piste-WB-2015-05\"\n\t\t\t\t\talt=\"finale-piste-WB-2015-05\"\n\t\t\t\t\tsrc=\"https:\/\/www.aclanester56.com\/velo\/wp-content\/gallery\/finale-samedi-2015\/thumbs\/thumbs_finale-piste-WB-2015-05.jpg?t=1423344670\"\n\t\t\t\t\twidth=\"100\"\n\t\t\t\t\theight=\"100\"\n\t\t\t\t\tstyle=\"max-width:100%;\"\n\t\t\t\t\/>\n\t\t\t<\/a>\n\t\t<\/div>\n\t\t\t\t\t\t\t<\/div>\n\t\t\t\n\t\t\t\t<div id=\"ngg-image-5\" class=\"ngg-gallery-thumbnail-box\n\t\t\t\t\t\t\t\t\t\t\t\"\n\t\t\t>\n\t\t\t\t\t\t<div class=\"ngg-gallery-thumbnail\">\n\t\t<a href=\"https:\/\/www.aclanester56.com\/velo\/wp-content\/gallery\/finale-samedi-2015\/finale-piste-WB-2015-06.jpg?t=1423344672\"\n\t\t\ttitle=\" \"\n\t\t\tdata-src=\"https:\/\/www.aclanester56.com\/velo\/wp-content\/gallery\/finale-samedi-2015\/finale-piste-WB-2015-06.jpg?t=1423344672\"\n\t\t\tdata-thumbnail=\"https:\/\/www.aclanester56.com\/velo\/wp-content\/gallery\/finale-samedi-2015\/thumbs\/thumbs_finale-piste-WB-2015-06.jpg?t=1423344672\"\n\t\t\tdata-image-id=\"7248\"\n\t\t\tdata-image-name=\"finale-piste-WB-2015-06.jpg\"\n\t\t\tdata-title=\"finale-piste-WB-2015-06\"\n\t\t\tdata-description=\" \"\n\t\t\tdata-image-slug=\"finale-piste-wb-2015-06\"\n\t\t\t\t\t\t\t\t\t\t\t\t\t\t\t\t\t\t\t\tclass=\"ngg-simplelightbox\" rel=\"bdf6db47e65f14f9a93819e5f9f3755b\">\n\t\t\t\t\t\t\t\t<img\n\t\t\t\t\ttitle=\"finale-piste-WB-2015-06\"\n\t\t\t\t\talt=\"finale-piste-WB-2015-06\"\n\t\t\t\t\tsrc=\"https:\/\/www.aclanester56.com\/velo\/wp-content\/gallery\/finale-samedi-2015\/thumbs\/thumbs_finale-piste-WB-2015-06.jpg?t=1423344672\"\n\t\t\t\t\twidth=\"100\"\n\t\t\t\t\theight=\"100\"\n\t\t\t\t\tstyle=\"max-width:100%;\"\n\t\t\t\t\/>\n\t\t\t<\/a>\n\t\t<\/div>\n\t\t\t\t\t\t\t<\/div>\n\t\t\t\n\t\t\t\t<div id=\"ngg-image-6\" class=\"ngg-gallery-thumbnail-box\n\t\t\t\t\t\t\t\t\t\t\t\"\n\t\t\t>\n\t\t\t\t\t\t<div class=\"ngg-gallery-thumbnail\">\n\t\t<a href=\"https:\/\/www.aclanester56.com\/velo\/wp-content\/gallery\/finale-samedi-2015\/finale-piste-WB-2015-07.jpg?t=1423344674\"\n\t\t\ttitle=\" \"\n\t\t\tdata-src=\"https:\/\/www.aclanester56.com\/velo\/wp-content\/gallery\/finale-samedi-2015\/finale-piste-WB-2015-07.jpg?t=1423344674\"\n\t\t\tdata-thumbnail=\"https:\/\/www.aclanester56.com\/velo\/wp-content\/gallery\/finale-samedi-2015\/thumbs\/thumbs_finale-piste-WB-2015-07.jpg?t=1423344674\"\n\t\t\tdata-image-id=\"7249\"\n\t\t\tdata-image-name=\"finale-piste-WB-2015-07.jpg\"\n\t\t\tdata-title=\"finale-piste-WB-2015-07\"\n\t\t\tdata-description=\" \"\n\t\t\tdata-image-slug=\"finale-piste-wb-2015-07\"\n\t\t\t\t\t\t\t\t\t\t\t\t\t\t\t\t\t\t\t\tclass=\"ngg-simplelightbox\" rel=\"bdf6db47e65f14f9a93819e5f9f3755b\">\n\t\t\t\t\t\t\t\t<img\n\t\t\t\t\ttitle=\"finale-piste-WB-2015-07\"\n\t\t\t\t\talt=\"finale-piste-WB-2015-07\"\n\t\t\t\t\tsrc=\"https:\/\/www.aclanester56.com\/velo\/wp-content\/gallery\/finale-samedi-2015\/thumbs\/thumbs_finale-piste-WB-2015-07.jpg?t=1423344674\"\n\t\t\t\t\twidth=\"100\"\n\t\t\t\t\theight=\"100\"\n\t\t\t\t\tstyle=\"max-width:100%;\"\n\t\t\t\t\/>\n\t\t\t<\/a>\n\t\t<\/div>\n\t\t\t\t\t\t\t<\/div>\n\t\t\t\n\t\t\t\t<div id=\"ngg-image-7\" class=\"ngg-gallery-thumbnail-box\n\t\t\t\t\t\t\t\t\t\t\t\"\n\t\t\t>\n\t\t\t\t\t\t<div class=\"ngg-gallery-thumbnail\">\n\t\t<a href=\"https:\/\/www.aclanester56.com\/velo\/wp-content\/gallery\/finale-samedi-2015\/finale-piste-WB-2015-08.jpg?t=1423344676\"\n\t\t\ttitle=\" \"\n\t\t\tdata-src=\"https:\/\/www.aclanester56.com\/velo\/wp-content\/gallery\/finale-samedi-2015\/finale-piste-WB-2015-08.jpg?t=1423344676\"\n\t\t\tdata-thumbnail=\"https:\/\/www.aclanester56.com\/velo\/wp-content\/gallery\/finale-samedi-2015\/thumbs\/thumbs_finale-piste-WB-2015-08.jpg?t=1423344676\"\n\t\t\tdata-image-id=\"7250\"\n\t\t\tdata-image-name=\"finale-piste-WB-2015-08.jpg\"\n\t\t\tdata-title=\"finale-piste-WB-2015-08\"\n\t\t\tdata-description=\" \"\n\t\t\tdata-image-slug=\"finale-piste-wb-2015-08\"\n\t\t\t\t\t\t\t\t\t\t\t\t\t\t\t\t\t\t\t\tclass=\"ngg-simplelightbox\" rel=\"bdf6db47e65f14f9a93819e5f9f3755b\">\n\t\t\t\t\t\t\t\t<img\n\t\t\t\t\ttitle=\"finale-piste-WB-2015-08\"\n\t\t\t\t\talt=\"finale-piste-WB-2015-08\"\n\t\t\t\t\tsrc=\"https:\/\/www.aclanester56.com\/velo\/wp-content\/gallery\/finale-samedi-2015\/thumbs\/thumbs_finale-piste-WB-2015-08.jpg?t=1423344676\"\n\t\t\t\t\twidth=\"100\"\n\t\t\t\t\theight=\"100\"\n\t\t\t\t\tstyle=\"max-width:100%;\"\n\t\t\t\t\/>\n\t\t\t<\/a>\n\t\t<\/div>\n\t\t\t\t\t\t\t<\/div>\n\t\t\t\n\t\t\t\t<div id=\"ngg-image-8\" class=\"ngg-gallery-thumbnail-box\n\t\t\t\t\t\t\t\t\t\t\t\"\n\t\t\t>\n\t\t\t\t\t\t<div class=\"ngg-gallery-thumbnail\">\n\t\t<a href=\"https:\/\/www.aclanester56.com\/velo\/wp-content\/gallery\/finale-samedi-2015\/finale-piste-WB-2015-09.jpg?t=1423344679\"\n\t\t\ttitle=\" \"\n\t\t\tdata-src=\"https:\/\/www.aclanester56.com\/velo\/wp-content\/gallery\/finale-samedi-2015\/finale-piste-WB-2015-09.jpg?t=1423344679\"\n\t\t\tdata-thumbnail=\"https:\/\/www.aclanester56.com\/velo\/wp-content\/gallery\/finale-samedi-2015\/thumbs\/thumbs_finale-piste-WB-2015-09.jpg?t=1423344679\"\n\t\t\tdata-image-id=\"7251\"\n\t\t\tdata-image-name=\"finale-piste-WB-2015-09.jpg\"\n\t\t\tdata-title=\"finale-piste-WB-2015-09\"\n\t\t\tdata-description=\" \"\n\t\t\tdata-image-slug=\"finale-piste-wb-2015-09\"\n\t\t\t\t\t\t\t\t\t\t\t\t\t\t\t\t\t\t\t\tclass=\"ngg-simplelightbox\" rel=\"bdf6db47e65f14f9a93819e5f9f3755b\">\n\t\t\t\t\t\t\t\t<img\n\t\t\t\t\ttitle=\"finale-piste-WB-2015-09\"\n\t\t\t\t\talt=\"finale-piste-WB-2015-09\"\n\t\t\t\t\tsrc=\"https:\/\/www.aclanester56.com\/velo\/wp-content\/gallery\/finale-samedi-2015\/thumbs\/thumbs_finale-piste-WB-2015-09.jpg?t=1423344679\"\n\t\t\t\t\twidth=\"100\"\n\t\t\t\t\theight=\"100\"\n\t\t\t\t\tstyle=\"max-width:100%;\"\n\t\t\t\t\/>\n\t\t\t<\/a>\n\t\t<\/div>\n\t\t\t\t\t\t\t<\/div>\n\t\t\t\n\t\t\t\t<div id=\"ngg-image-9\" class=\"ngg-gallery-thumbnail-box\n\t\t\t\t\t\t\t\t\t\t\t\"\n\t\t\t>\n\t\t\t\t\t\t<div class=\"ngg-gallery-thumbnail\">\n\t\t<a href=\"https:\/\/www.aclanester56.com\/velo\/wp-content\/gallery\/finale-samedi-2015\/finale-piste-WB-2015-10.jpg?t=1423344682\"\n\t\t\ttitle=\" \"\n\t\t\tdata-src=\"https:\/\/www.aclanester56.com\/velo\/wp-content\/gallery\/finale-samedi-2015\/finale-piste-WB-2015-10.jpg?t=1423344682\"\n\t\t\tdata-thumbnail=\"https:\/\/www.aclanester56.com\/velo\/wp-content\/gallery\/finale-samedi-2015\/thumbs\/thumbs_finale-piste-WB-2015-10.jpg?t=1423344682\"\n\t\t\tdata-image-id=\"7252\"\n\t\t\tdata-image-name=\"finale-piste-WB-2015-10.jpg\"\n\t\t\tdata-title=\"finale-piste-WB-2015-10\"\n\t\t\tdata-description=\" \"\n\t\t\tdata-image-slug=\"finale-piste-wb-2015-10\"\n\t\t\t\t\t\t\t\t\t\t\t\t\t\t\t\t\t\t\t\tclass=\"ngg-simplelightbox\" rel=\"bdf6db47e65f14f9a93819e5f9f3755b\">\n\t\t\t\t\t\t\t\t<img\n\t\t\t\t\ttitle=\"finale-piste-WB-2015-10\"\n\t\t\t\t\talt=\"finale-piste-WB-2015-10\"\n\t\t\t\t\tsrc=\"https:\/\/www.aclanester56.com\/velo\/wp-content\/gallery\/finale-samedi-2015\/thumbs\/thumbs_finale-piste-WB-2015-10.jpg?t=1423344682\"\n\t\t\t\t\twidth=\"100\"\n\t\t\t\t\theight=\"100\"\n\t\t\t\t\tstyle=\"max-width:100%;\"\n\t\t\t\t\/>\n\t\t\t<\/a>\n\t\t<\/div>\n\t\t\t\t\t\t\t<\/div>\n\t\t\t\n\t\t\t\t<div id=\"ngg-image-10\" class=\"ngg-gallery-thumbnail-box\n\t\t\t\t\t\t\t\t\t\t\t\"\n\t\t\t>\n\t\t\t\t\t\t<div class=\"ngg-gallery-thumbnail\">\n\t\t<a href=\"https:\/\/www.aclanester56.com\/velo\/wp-content\/gallery\/finale-samedi-2015\/finale-piste-WB-2015-11.jpg?t=1423344684\"\n\t\t\ttitle=\" \"\n\t\t\tdata-src=\"https:\/\/www.aclanester56.com\/velo\/wp-content\/gallery\/finale-samedi-2015\/finale-piste-WB-2015-11.jpg?t=1423344684\"\n\t\t\tdata-thumbnail=\"https:\/\/www.aclanester56.com\/velo\/wp-content\/gallery\/finale-samedi-2015\/thumbs\/thumbs_finale-piste-WB-2015-11.jpg?t=1423344684\"\n\t\t\tdata-image-id=\"7253\"\n\t\t\tdata-image-name=\"finale-piste-WB-2015-11.jpg\"\n\t\t\tdata-title=\"finale-piste-WB-2015-11\"\n\t\t\tdata-description=\" \"\n\t\t\tdata-image-slug=\"finale-piste-wb-2015-11\"\n\t\t\t\t\t\t\t\t\t\t\t\t\t\t\t\t\t\t\t\tclass=\"ngg-simplelightbox\" rel=\"bdf6db47e65f14f9a93819e5f9f3755b\">\n\t\t\t\t\t\t\t\t<img\n\t\t\t\t\ttitle=\"finale-piste-WB-2015-11\"\n\t\t\t\t\talt=\"finale-piste-WB-2015-11\"\n\t\t\t\t\tsrc=\"https:\/\/www.aclanester56.com\/velo\/wp-content\/gallery\/finale-samedi-2015\/thumbs\/thumbs_finale-piste-WB-2015-11.jpg?t=1423344684\"\n\t\t\t\t\twidth=\"100\"\n\t\t\t\t\theight=\"100\"\n\t\t\t\t\tstyle=\"max-width:100%;\"\n\t\t\t\t\/>\n\t\t\t<\/a>\n\t\t<\/div>\n\t\t\t\t\t\t\t<\/div>\n\t\t\t\n\t\t\t\t<div id=\"ngg-image-11\" class=\"ngg-gallery-thumbnail-box\n\t\t\t\t\t\t\t\t\t\t\t\"\n\t\t\t>\n\t\t\t\t\t\t<div class=\"ngg-gallery-thumbnail\">\n\t\t<a href=\"https:\/\/www.aclanester56.com\/velo\/wp-content\/gallery\/finale-samedi-2015\/finale-piste-WB-2015-12.jpg?t=1423344687\"\n\t\t\ttitle=\" \"\n\t\t\tdata-src=\"https:\/\/www.aclanester56.com\/velo\/wp-content\/gallery\/finale-samedi-2015\/finale-piste-WB-2015-12.jpg?t=1423344687\"\n\t\t\tdata-thumbnail=\"https:\/\/www.aclanester56.com\/velo\/wp-content\/gallery\/finale-samedi-2015\/thumbs\/thumbs_finale-piste-WB-2015-12.jpg?t=1423344687\"\n\t\t\tdata-image-id=\"7254\"\n\t\t\tdata-image-name=\"finale-piste-WB-2015-12.jpg\"\n\t\t\tdata-title=\"finale-piste-WB-2015-12\"\n\t\t\tdata-description=\" \"\n\t\t\tdata-image-slug=\"finale-piste-wb-2015-12\"\n\t\t\t\t\t\t\t\t\t\t\t\t\t\t\t\t\t\t\t\tclass=\"ngg-simplelightbox\" rel=\"bdf6db47e65f14f9a93819e5f9f3755b\">\n\t\t\t\t\t\t\t\t<img\n\t\t\t\t\ttitle=\"finale-piste-WB-2015-12\"\n\t\t\t\t\talt=\"finale-piste-WB-2015-12\"\n\t\t\t\t\tsrc=\"https:\/\/www.aclanester56.com\/velo\/wp-content\/gallery\/finale-samedi-2015\/thumbs\/thumbs_finale-piste-WB-2015-12.jpg?t=1423344687\"\n\t\t\t\t\twidth=\"100\"\n\t\t\t\t\theight=\"100\"\n\t\t\t\t\tstyle=\"max-width:100%;\"\n\t\t\t\t\/>\n\t\t\t<\/a>\n\t\t<\/div>\n\t\t\t\t\t\t\t<\/div>\n\t\t\t\n\t\t\t\t<div id=\"ngg-image-12\" class=\"ngg-gallery-thumbnail-box\n\t\t\t\t\t\t\t\t\t\t\t\"\n\t\t\t>\n\t\t\t\t\t\t<div class=\"ngg-gallery-thumbnail\">\n\t\t<a href=\"https:\/\/www.aclanester56.com\/velo\/wp-content\/gallery\/finale-samedi-2015\/finale-piste-WB-2015-13.jpg?t=1423344690\"\n\t\t\ttitle=\" \"\n\t\t\tdata-src=\"https:\/\/www.aclanester56.com\/velo\/wp-content\/gallery\/finale-samedi-2015\/finale-piste-WB-2015-13.jpg?t=1423344690\"\n\t\t\tdata-thumbnail=\"https:\/\/www.aclanester56.com\/velo\/wp-content\/gallery\/finale-samedi-2015\/thumbs\/thumbs_finale-piste-WB-2015-13.jpg?t=1423344690\"\n\t\t\tdata-image-id=\"7255\"\n\t\t\tdata-image-name=\"finale-piste-WB-2015-13.jpg\"\n\t\t\tdata-title=\"finale-piste-WB-2015-13\"\n\t\t\tdata-description=\" \"\n\t\t\tdata-image-slug=\"finale-piste-wb-2015-13\"\n\t\t\t\t\t\t\t\t\t\t\t\t\t\t\t\t\t\t\t\tclass=\"ngg-simplelightbox\" rel=\"bdf6db47e65f14f9a93819e5f9f3755b\">\n\t\t\t\t\t\t\t\t<img\n\t\t\t\t\ttitle=\"finale-piste-WB-2015-13\"\n\t\t\t\t\talt=\"finale-piste-WB-2015-13\"\n\t\t\t\t\tsrc=\"https:\/\/www.aclanester56.com\/velo\/wp-content\/gallery\/finale-samedi-2015\/thumbs\/thumbs_finale-piste-WB-2015-13.jpg?t=1423344690\"\n\t\t\t\t\twidth=\"100\"\n\t\t\t\t\theight=\"100\"\n\t\t\t\t\tstyle=\"max-width:100%;\"\n\t\t\t\t\/>\n\t\t\t<\/a>\n\t\t<\/div>\n\t\t\t\t\t\t\t<\/div>\n\t\t\t\n\t\t\t\t<div id=\"ngg-image-13\" class=\"ngg-gallery-thumbnail-box\n\t\t\t\t\t\t\t\t\t\t\t\"\n\t\t\t>\n\t\t\t\t\t\t<div class=\"ngg-gallery-thumbnail\">\n\t\t<a href=\"https:\/\/www.aclanester56.com\/velo\/wp-content\/gallery\/finale-samedi-2015\/finale-piste-WB-2015-14.jpg?t=1423344693\"\n\t\t\ttitle=\" \"\n\t\t\tdata-src=\"https:\/\/www.aclanester56.com\/velo\/wp-content\/gallery\/finale-samedi-2015\/finale-piste-WB-2015-14.jpg?t=1423344693\"\n\t\t\tdata-thumbnail=\"https:\/\/www.aclanester56.com\/velo\/wp-content\/gallery\/finale-samedi-2015\/thumbs\/thumbs_finale-piste-WB-2015-14.jpg?t=1423344693\"\n\t\t\tdata-image-id=\"7256\"\n\t\t\tdata-image-name=\"finale-piste-WB-2015-14.jpg\"\n\t\t\tdata-title=\"finale-piste-WB-2015-14\"\n\t\t\tdata-description=\" \"\n\t\t\tdata-image-slug=\"finale-piste-wb-2015-14\"\n\t\t\t\t\t\t\t\t\t\t\t\t\t\t\t\t\t\t\t\tclass=\"ngg-simplelightbox\" rel=\"bdf6db47e65f14f9a93819e5f9f3755b\">\n\t\t\t\t\t\t\t\t<img\n\t\t\t\t\ttitle=\"finale-piste-WB-2015-14\"\n\t\t\t\t\talt=\"finale-piste-WB-2015-14\"\n\t\t\t\t\tsrc=\"https:\/\/www.aclanester56.com\/velo\/wp-content\/gallery\/finale-samedi-2015\/thumbs\/thumbs_finale-piste-WB-2015-14.jpg?t=1423344693\"\n\t\t\t\t\twidth=\"100\"\n\t\t\t\t\theight=\"100\"\n\t\t\t\t\tstyle=\"max-width:100%;\"\n\t\t\t\t\/>\n\t\t\t<\/a>\n\t\t<\/div>\n\t\t\t\t\t\t\t<\/div>\n\t\t\t\n\t\t\t\t<div id=\"ngg-image-14\" class=\"ngg-gallery-thumbnail-box\n\t\t\t\t\t\t\t\t\t\t\t\"\n\t\t\t>\n\t\t\t\t\t\t<div class=\"ngg-gallery-thumbnail\">\n\t\t<a href=\"https:\/\/www.aclanester56.com\/velo\/wp-content\/gallery\/finale-samedi-2015\/finale-piste-WB-2015-15.jpg?t=1423344695\"\n\t\t\ttitle=\" \"\n\t\t\tdata-src=\"https:\/\/www.aclanester56.com\/velo\/wp-content\/gallery\/finale-samedi-2015\/finale-piste-WB-2015-15.jpg?t=1423344695\"\n\t\t\tdata-thumbnail=\"https:\/\/www.aclanester56.com\/velo\/wp-content\/gallery\/finale-samedi-2015\/thumbs\/thumbs_finale-piste-WB-2015-15.jpg?t=1423344695\"\n\t\t\tdata-image-id=\"7257\"\n\t\t\tdata-image-name=\"finale-piste-WB-2015-15.jpg\"\n\t\t\tdata-title=\"finale-piste-WB-2015-15\"\n\t\t\tdata-description=\" \"\n\t\t\tdata-image-slug=\"finale-piste-wb-2015-15\"\n\t\t\t\t\t\t\t\t\t\t\t\t\t\t\t\t\t\t\t\tclass=\"ngg-simplelightbox\" rel=\"bdf6db47e65f14f9a93819e5f9f3755b\">\n\t\t\t\t\t\t\t\t<img\n\t\t\t\t\ttitle=\"finale-piste-WB-2015-15\"\n\t\t\t\t\talt=\"finale-piste-WB-2015-15\"\n\t\t\t\t\tsrc=\"https:\/\/www.aclanester56.com\/velo\/wp-content\/gallery\/finale-samedi-2015\/thumbs\/thumbs_finale-piste-WB-2015-15.jpg?t=1423344695\"\n\t\t\t\t\twidth=\"100\"\n\t\t\t\t\theight=\"100\"\n\t\t\t\t\tstyle=\"max-width:100%;\"\n\t\t\t\t\/>\n\t\t\t<\/a>\n\t\t<\/div>\n\t\t\t\t\t\t\t<\/div>\n\t\t\t\n\t\t\t\t<div id=\"ngg-image-15\" class=\"ngg-gallery-thumbnail-box\n\t\t\t\t\t\t\t\t\t\t\t\"\n\t\t\t>\n\t\t\t\t\t\t<div class=\"ngg-gallery-thumbnail\">\n\t\t<a href=\"https:\/\/www.aclanester56.com\/velo\/wp-content\/gallery\/finale-samedi-2015\/finale-piste-WB-2015-16.jpg?t=1423344697\"\n\t\t\ttitle=\" \"\n\t\t\tdata-src=\"https:\/\/www.aclanester56.com\/velo\/wp-content\/gallery\/finale-samedi-2015\/finale-piste-WB-2015-16.jpg?t=1423344697\"\n\t\t\tdata-thumbnail=\"https:\/\/www.aclanester56.com\/velo\/wp-content\/gallery\/finale-samedi-2015\/thumbs\/thumbs_finale-piste-WB-2015-16.jpg?t=1423344697\"\n\t\t\tdata-image-id=\"7258\"\n\t\t\tdata-image-name=\"finale-piste-WB-2015-16.jpg\"\n\t\t\tdata-title=\"finale-piste-WB-2015-16\"\n\t\t\tdata-description=\" \"\n\t\t\tdata-image-slug=\"finale-piste-wb-2015-16\"\n\t\t\t\t\t\t\t\t\t\t\t\t\t\t\t\t\t\t\t\tclass=\"ngg-simplelightbox\" rel=\"bdf6db47e65f14f9a93819e5f9f3755b\">\n\t\t\t\t\t\t\t\t<img\n\t\t\t\t\ttitle=\"finale-piste-WB-2015-16\"\n\t\t\t\t\talt=\"finale-piste-WB-2015-16\"\n\t\t\t\t\tsrc=\"https:\/\/www.aclanester56.com\/velo\/wp-content\/gallery\/finale-samedi-2015\/thumbs\/thumbs_finale-piste-WB-2015-16.jpg?t=1423344697\"\n\t\t\t\t\twidth=\"100\"\n\t\t\t\t\theight=\"100\"\n\t\t\t\t\tstyle=\"max-width:100%;\"\n\t\t\t\t\/>\n\t\t\t<\/a>\n\t\t<\/div>\n\t\t\t\t\t\t\t<\/div>\n\t\t\t\n\t\t\t\t<div id=\"ngg-image-16\" class=\"ngg-gallery-thumbnail-box\n\t\t\t\t\t\t\t\t\t\t\t\"\n\t\t\t>\n\t\t\t\t\t\t<div class=\"ngg-gallery-thumbnail\">\n\t\t<a href=\"https:\/\/www.aclanester56.com\/velo\/wp-content\/gallery\/finale-samedi-2015\/finale-piste-WB-2015-17.jpg?t=1423344699\"\n\t\t\ttitle=\" \"\n\t\t\tdata-src=\"https:\/\/www.aclanester56.com\/velo\/wp-content\/gallery\/finale-samedi-2015\/finale-piste-WB-2015-17.jpg?t=1423344699\"\n\t\t\tdata-thumbnail=\"https:\/\/www.aclanester56.com\/velo\/wp-content\/gallery\/finale-samedi-2015\/thumbs\/thumbs_finale-piste-WB-2015-17.jpg?t=1423344699\"\n\t\t\tdata-image-id=\"7259\"\n\t\t\tdata-image-name=\"finale-piste-WB-2015-17.jpg\"\n\t\t\tdata-title=\"finale-piste-WB-2015-17\"\n\t\t\tdata-description=\" \"\n\t\t\tdata-image-slug=\"finale-piste-wb-2015-17\"\n\t\t\t\t\t\t\t\t\t\t\t\t\t\t\t\t\t\t\t\tclass=\"ngg-simplelightbox\" rel=\"bdf6db47e65f14f9a93819e5f9f3755b\">\n\t\t\t\t\t\t\t\t<img\n\t\t\t\t\ttitle=\"finale-piste-WB-2015-17\"\n\t\t\t\t\talt=\"finale-piste-WB-2015-17\"\n\t\t\t\t\tsrc=\"https:\/\/www.aclanester56.com\/velo\/wp-content\/gallery\/finale-samedi-2015\/thumbs\/thumbs_finale-piste-WB-2015-17.jpg?t=1423344699\"\n\t\t\t\t\twidth=\"100\"\n\t\t\t\t\theight=\"100\"\n\t\t\t\t\tstyle=\"max-width:100%;\"\n\t\t\t\t\/>\n\t\t\t<\/a>\n\t\t<\/div>\n\t\t\t\t\t\t\t<\/div>\n\t\t\t\n\t\t\t\t<div id=\"ngg-image-17\" class=\"ngg-gallery-thumbnail-box\n\t\t\t\t\t\t\t\t\t\t\t\"\n\t\t\t>\n\t\t\t\t\t\t<div class=\"ngg-gallery-thumbnail\">\n\t\t<a href=\"https:\/\/www.aclanester56.com\/velo\/wp-content\/gallery\/finale-samedi-2015\/finale-piste-WB-2015-18.jpg?t=1423344702\"\n\t\t\ttitle=\" \"\n\t\t\tdata-src=\"https:\/\/www.aclanester56.com\/velo\/wp-content\/gallery\/finale-samedi-2015\/finale-piste-WB-2015-18.jpg?t=1423344702\"\n\t\t\tdata-thumbnail=\"https:\/\/www.aclanester56.com\/velo\/wp-content\/gallery\/finale-samedi-2015\/thumbs\/thumbs_finale-piste-WB-2015-18.jpg?t=1423344702\"\n\t\t\tdata-image-id=\"7260\"\n\t\t\tdata-image-name=\"finale-piste-WB-2015-18.jpg\"\n\t\t\tdata-title=\"finale-piste-WB-2015-18\"\n\t\t\tdata-description=\" \"\n\t\t\tdata-image-slug=\"finale-piste-wb-2015-18\"\n\t\t\t\t\t\t\t\t\t\t\t\t\t\t\t\t\t\t\t\tclass=\"ngg-simplelightbox\" rel=\"bdf6db47e65f14f9a93819e5f9f3755b\">\n\t\t\t\t\t\t\t\t<img\n\t\t\t\t\ttitle=\"finale-piste-WB-2015-18\"\n\t\t\t\t\talt=\"finale-piste-WB-2015-18\"\n\t\t\t\t\tsrc=\"https:\/\/www.aclanester56.com\/velo\/wp-content\/gallery\/finale-samedi-2015\/thumbs\/thumbs_finale-piste-WB-2015-18.jpg?t=1423344702\"\n\t\t\t\t\twidth=\"100\"\n\t\t\t\t\theight=\"100\"\n\t\t\t\t\tstyle=\"max-width:100%;\"\n\t\t\t\t\/>\n\t\t\t<\/a>\n\t\t<\/div>\n\t\t\t\t\t\t\t<\/div>\n\t\t\t\n\t\t\t\t<div id=\"ngg-image-18\" class=\"ngg-gallery-thumbnail-box\n\t\t\t\t\t\t\t\t\t\t\t\"\n\t\t\t>\n\t\t\t\t\t\t<div class=\"ngg-gallery-thumbnail\">\n\t\t<a href=\"https:\/\/www.aclanester56.com\/velo\/wp-content\/gallery\/finale-samedi-2015\/finale-piste-WB-2015-19.jpg?t=1423344705\"\n\t\t\ttitle=\" \"\n\t\t\tdata-src=\"https:\/\/www.aclanester56.com\/velo\/wp-content\/gallery\/finale-samedi-2015\/finale-piste-WB-2015-19.jpg?t=1423344705\"\n\t\t\tdata-thumbnail=\"https:\/\/www.aclanester56.com\/velo\/wp-content\/gallery\/finale-samedi-2015\/thumbs\/thumbs_finale-piste-WB-2015-19.jpg?t=1423344705\"\n\t\t\tdata-image-id=\"7261\"\n\t\t\tdata-image-name=\"finale-piste-WB-2015-19.jpg\"\n\t\t\tdata-title=\"finale-piste-WB-2015-19\"\n\t\t\tdata-description=\" \"\n\t\t\tdata-image-slug=\"finale-piste-wb-2015-19\"\n\t\t\t\t\t\t\t\t\t\t\t\t\t\t\t\t\t\t\t\tclass=\"ngg-simplelightbox\" rel=\"bdf6db47e65f14f9a93819e5f9f3755b\">\n\t\t\t\t\t\t\t\t<img\n\t\t\t\t\ttitle=\"finale-piste-WB-2015-19\"\n\t\t\t\t\talt=\"finale-piste-WB-2015-19\"\n\t\t\t\t\tsrc=\"https:\/\/www.aclanester56.com\/velo\/wp-content\/gallery\/finale-samedi-2015\/thumbs\/thumbs_finale-piste-WB-2015-19.jpg?t=1423344705\"\n\t\t\t\t\twidth=\"100\"\n\t\t\t\t\theight=\"100\"\n\t\t\t\t\tstyle=\"max-width:100%;\"\n\t\t\t\t\/>\n\t\t\t<\/a>\n\t\t<\/div>\n\t\t\t\t\t\t\t<\/div>\n\t\t\t\n\t\t\t\t<div id=\"ngg-image-19\" class=\"ngg-gallery-thumbnail-box\n\t\t\t\t\t\t\t\t\t\t\t\"\n\t\t\t>\n\t\t\t\t\t\t<div class=\"ngg-gallery-thumbnail\">\n\t\t<a href=\"https:\/\/www.aclanester56.com\/velo\/wp-content\/gallery\/finale-samedi-2015\/finale-piste-WB-2015-20.jpg?t=1423344709\"\n\t\t\ttitle=\" \"\n\t\t\tdata-src=\"https:\/\/www.aclanester56.com\/velo\/wp-content\/gallery\/finale-samedi-2015\/finale-piste-WB-2015-20.jpg?t=1423344709\"\n\t\t\tdata-thumbnail=\"https:\/\/www.aclanester56.com\/velo\/wp-content\/gallery\/finale-samedi-2015\/thumbs\/thumbs_finale-piste-WB-2015-20.jpg?t=1423344709\"\n\t\t\tdata-image-id=\"7262\"\n\t\t\tdata-image-name=\"finale-piste-WB-2015-20.jpg\"\n\t\t\tdata-title=\"finale-piste-WB-2015-20\"\n\t\t\tdata-description=\" \"\n\t\t\tdata-image-slug=\"finale-piste-wb-2015-20\"\n\t\t\t\t\t\t\t\t\t\t\t\t\t\t\t\t\t\t\t\tclass=\"ngg-simplelightbox\" rel=\"bdf6db47e65f14f9a93819e5f9f3755b\">\n\t\t\t\t\t\t\t\t<img\n\t\t\t\t\ttitle=\"finale-piste-WB-2015-20\"\n\t\t\t\t\talt=\"finale-piste-WB-2015-20\"\n\t\t\t\t\tsrc=\"https:\/\/www.aclanester56.com\/velo\/wp-content\/gallery\/finale-samedi-2015\/thumbs\/thumbs_finale-piste-WB-2015-20.jpg?t=1423344709\"\n\t\t\t\t\twidth=\"100\"\n\t\t\t\t\theight=\"100\"\n\t\t\t\t\tstyle=\"max-width:100%;\"\n\t\t\t\t\/>\n\t\t\t<\/a>\n\t\t<\/div>\n\t\t\t\t\t\t\t<\/div>\n\t\t\t\n\t\t\t\t<div id=\"ngg-image-20\" class=\"ngg-gallery-thumbnail-box\n\t\t\t\t\t\t\t\t\t\t\t\"\n\t\t\t>\n\t\t\t\t\t\t<div class=\"ngg-gallery-thumbnail\">\n\t\t<a href=\"https:\/\/www.aclanester56.com\/velo\/wp-content\/gallery\/finale-samedi-2015\/finale-piste-WB-2015-21.jpg?t=1423344711\"\n\t\t\ttitle=\" \"\n\t\t\tdata-src=\"https:\/\/www.aclanester56.com\/velo\/wp-content\/gallery\/finale-samedi-2015\/finale-piste-WB-2015-21.jpg?t=1423344711\"\n\t\t\tdata-thumbnail=\"https:\/\/www.aclanester56.com\/velo\/wp-content\/gallery\/finale-samedi-2015\/thumbs\/thumbs_finale-piste-WB-2015-21.jpg?t=1423344711\"\n\t\t\tdata-image-id=\"7263\"\n\t\t\tdata-image-name=\"finale-piste-WB-2015-21.jpg\"\n\t\t\tdata-title=\"finale-piste-WB-2015-21\"\n\t\t\tdata-description=\" \"\n\t\t\tdata-image-slug=\"finale-piste-wb-2015-21\"\n\t\t\t\t\t\t\t\t\t\t\t\t\t\t\t\t\t\t\t\tclass=\"ngg-simplelightbox\" rel=\"bdf6db47e65f14f9a93819e5f9f3755b\">\n\t\t\t\t\t\t\t\t<img\n\t\t\t\t\ttitle=\"finale-piste-WB-2015-21\"\n\t\t\t\t\talt=\"finale-piste-WB-2015-21\"\n\t\t\t\t\tsrc=\"https:\/\/www.aclanester56.com\/velo\/wp-content\/gallery\/finale-samedi-2015\/thumbs\/thumbs_finale-piste-WB-2015-21.jpg?t=1423344711\"\n\t\t\t\t\twidth=\"100\"\n\t\t\t\t\theight=\"100\"\n\t\t\t\t\tstyle=\"max-width:100%;\"\n\t\t\t\t\/>\n\t\t\t<\/a>\n\t\t<\/div>\n\t\t\t\t\t\t\t<\/div>\n\t\t\t\n\t\t\t\t<div id=\"ngg-image-21\" class=\"ngg-gallery-thumbnail-box\n\t\t\t\t\t\t\t\t\t\t\t\"\n\t\t\t>\n\t\t\t\t\t\t<div class=\"ngg-gallery-thumbnail\">\n\t\t<a href=\"https:\/\/www.aclanester56.com\/velo\/wp-content\/gallery\/finale-samedi-2015\/finale-piste-WB-2015-22.jpg?t=1423344714\"\n\t\t\ttitle=\" \"\n\t\t\tdata-src=\"https:\/\/www.aclanester56.com\/velo\/wp-content\/gallery\/finale-samedi-2015\/finale-piste-WB-2015-22.jpg?t=1423344714\"\n\t\t\tdata-thumbnail=\"https:\/\/www.aclanester56.com\/velo\/wp-content\/gallery\/finale-samedi-2015\/thumbs\/thumbs_finale-piste-WB-2015-22.jpg?t=1423344714\"\n\t\t\tdata-image-id=\"7264\"\n\t\t\tdata-image-name=\"finale-piste-WB-2015-22.jpg\"\n\t\t\tdata-title=\"finale-piste-WB-2015-22\"\n\t\t\tdata-description=\" \"\n\t\t\tdata-image-slug=\"finale-piste-wb-2015-22\"\n\t\t\t\t\t\t\t\t\t\t\t\t\t\t\t\t\t\t\t\tclass=\"ngg-simplelightbox\" rel=\"bdf6db47e65f14f9a93819e5f9f3755b\">\n\t\t\t\t\t\t\t\t<img\n\t\t\t\t\ttitle=\"finale-piste-WB-2015-22\"\n\t\t\t\t\talt=\"finale-piste-WB-2015-22\"\n\t\t\t\t\tsrc=\"https:\/\/www.aclanester56.com\/velo\/wp-content\/gallery\/finale-samedi-2015\/thumbs\/thumbs_finale-piste-WB-2015-22.jpg?t=1423344714\"\n\t\t\t\t\twidth=\"100\"\n\t\t\t\t\theight=\"100\"\n\t\t\t\t\tstyle=\"max-width:100%;\"\n\t\t\t\t\/>\n\t\t\t<\/a>\n\t\t<\/div>\n\t\t\t\t\t\t\t<\/div>\n\t\t\t\n\t\t\t\t<div id=\"ngg-image-22\" class=\"ngg-gallery-thumbnail-box\n\t\t\t\t\t\t\t\t\t\t\t\"\n\t\t\t>\n\t\t\t\t\t\t<div class=\"ngg-gallery-thumbnail\">\n\t\t<a href=\"https:\/\/www.aclanester56.com\/velo\/wp-content\/gallery\/finale-samedi-2015\/finale-piste-WB-2015-23.jpg?t=1423344717\"\n\t\t\ttitle=\" \"\n\t\t\tdata-src=\"https:\/\/www.aclanester56.com\/velo\/wp-content\/gallery\/finale-samedi-2015\/finale-piste-WB-2015-23.jpg?t=1423344717\"\n\t\t\tdata-thumbnail=\"https:\/\/www.aclanester56.com\/velo\/wp-content\/gallery\/finale-samedi-2015\/thumbs\/thumbs_finale-piste-WB-2015-23.jpg?t=1423344717\"\n\t\t\tdata-image-id=\"7265\"\n\t\t\tdata-image-name=\"finale-piste-WB-2015-23.jpg\"\n\t\t\tdata-title=\"finale-piste-WB-2015-23\"\n\t\t\tdata-description=\" \"\n\t\t\tdata-image-slug=\"finale-piste-wb-2015-23\"\n\t\t\t\t\t\t\t\t\t\t\t\t\t\t\t\t\t\t\t\tclass=\"ngg-simplelightbox\" rel=\"bdf6db47e65f14f9a93819e5f9f3755b\">\n\t\t\t\t\t\t\t\t<img\n\t\t\t\t\ttitle=\"finale-piste-WB-2015-23\"\n\t\t\t\t\talt=\"finale-piste-WB-2015-23\"\n\t\t\t\t\tsrc=\"https:\/\/www.aclanester56.com\/velo\/wp-content\/gallery\/finale-samedi-2015\/thumbs\/thumbs_finale-piste-WB-2015-23.jpg?t=1423344717\"\n\t\t\t\t\twidth=\"100\"\n\t\t\t\t\theight=\"100\"\n\t\t\t\t\tstyle=\"max-width:100%;\"\n\t\t\t\t\/>\n\t\t\t<\/a>\n\t\t<\/div>\n\t\t\t\t\t\t\t<\/div>\n\t\t\t\n\t\t\t\t<div id=\"ngg-image-23\" class=\"ngg-gallery-thumbnail-box\n\t\t\t\t\t\t\t\t\t\t\t\"\n\t\t\t>\n\t\t\t\t\t\t<div class=\"ngg-gallery-thumbnail\">\n\t\t<a href=\"https:\/\/www.aclanester56.com\/velo\/wp-content\/gallery\/finale-samedi-2015\/finale-piste-WB-2015-24.jpg?t=1423344719\"\n\t\t\ttitle=\" \"\n\t\t\tdata-src=\"https:\/\/www.aclanester56.com\/velo\/wp-content\/gallery\/finale-samedi-2015\/finale-piste-WB-2015-24.jpg?t=1423344719\"\n\t\t\tdata-thumbnail=\"https:\/\/www.aclanester56.com\/velo\/wp-content\/gallery\/finale-samedi-2015\/thumbs\/thumbs_finale-piste-WB-2015-24.jpg?t=1423344719\"\n\t\t\tdata-image-id=\"7266\"\n\t\t\tdata-image-name=\"finale-piste-WB-2015-24.jpg\"\n\t\t\tdata-title=\"finale-piste-WB-2015-24\"\n\t\t\tdata-description=\" \"\n\t\t\tdata-image-slug=\"finale-piste-wb-2015-24\"\n\t\t\t\t\t\t\t\t\t\t\t\t\t\t\t\t\t\t\t\tclass=\"ngg-simplelightbox\" rel=\"bdf6db47e65f14f9a93819e5f9f3755b\">\n\t\t\t\t\t\t\t\t<img\n\t\t\t\t\ttitle=\"finale-piste-WB-2015-24\"\n\t\t\t\t\talt=\"finale-piste-WB-2015-24\"\n\t\t\t\t\tsrc=\"https:\/\/www.aclanester56.com\/velo\/wp-content\/gallery\/finale-samedi-2015\/thumbs\/thumbs_finale-piste-WB-2015-24.jpg?t=1423344719\"\n\t\t\t\t\twidth=\"100\"\n\t\t\t\t\theight=\"100\"\n\t\t\t\t\tstyle=\"max-width:100%;\"\n\t\t\t\t\/>\n\t\t\t<\/a>\n\t\t<\/div>\n\t\t\t\t\t\t\t<\/div>\n\t\t\t\n\t\t\t\t<div id=\"ngg-image-24\" class=\"ngg-gallery-thumbnail-box\n\t\t\t\t\t\t\t\t\t\t\t\"\n\t\t\t>\n\t\t\t\t\t\t<div class=\"ngg-gallery-thumbnail\">\n\t\t<a href=\"https:\/\/www.aclanester56.com\/velo\/wp-content\/gallery\/finale-samedi-2015\/finale-piste-WB-2015-25.jpg?t=1423344722\"\n\t\t\ttitle=\" \"\n\t\t\tdata-src=\"https:\/\/www.aclanester56.com\/velo\/wp-content\/gallery\/finale-samedi-2015\/finale-piste-WB-2015-25.jpg?t=1423344722\"\n\t\t\tdata-thumbnail=\"https:\/\/www.aclanester56.com\/velo\/wp-content\/gallery\/finale-samedi-2015\/thumbs\/thumbs_finale-piste-WB-2015-25.jpg?t=1423344722\"\n\t\t\tdata-image-id=\"7267\"\n\t\t\tdata-image-name=\"finale-piste-WB-2015-25.jpg\"\n\t\t\tdata-title=\"finale-piste-WB-2015-25\"\n\t\t\tdata-description=\" \"\n\t\t\tdata-image-slug=\"finale-piste-wb-2015-25\"\n\t\t\t\t\t\t\t\t\t\t\t\t\t\t\t\t\t\t\t\tclass=\"ngg-simplelightbox\" rel=\"bdf6db47e65f14f9a93819e5f9f3755b\">\n\t\t\t\t\t\t\t\t<img\n\t\t\t\t\ttitle=\"finale-piste-WB-2015-25\"\n\t\t\t\t\talt=\"finale-piste-WB-2015-25\"\n\t\t\t\t\tsrc=\"https:\/\/www.aclanester56.com\/velo\/wp-content\/gallery\/finale-samedi-2015\/thumbs\/thumbs_finale-piste-WB-2015-25.jpg?t=1423344722\"\n\t\t\t\t\twidth=\"100\"\n\t\t\t\t\theight=\"100\"\n\t\t\t\t\tstyle=\"max-width:100%;\"\n\t\t\t\t\/>\n\t\t\t<\/a>\n\t\t<\/div>\n\t\t\t\t\t\t\t<\/div>\n\t\t\t\n\t\t\t\t<div id=\"ngg-image-25\" class=\"ngg-gallery-thumbnail-box\n\t\t\t\t\t\t\t\t\t\t\t\"\n\t\t\t>\n\t\t\t\t\t\t<div class=\"ngg-gallery-thumbnail\">\n\t\t<a href=\"https:\/\/www.aclanester56.com\/velo\/wp-content\/gallery\/finale-samedi-2015\/finale-piste-WB-2015-26.jpg?t=1423344724\"\n\t\t\ttitle=\" \"\n\t\t\tdata-src=\"https:\/\/www.aclanester56.com\/velo\/wp-content\/gallery\/finale-samedi-2015\/finale-piste-WB-2015-26.jpg?t=1423344724\"\n\t\t\tdata-thumbnail=\"https:\/\/www.aclanester56.com\/velo\/wp-content\/gallery\/finale-samedi-2015\/thumbs\/thumbs_finale-piste-WB-2015-26.jpg?t=1423344724\"\n\t\t\tdata-image-id=\"7268\"\n\t\t\tdata-image-name=\"finale-piste-WB-2015-26.jpg\"\n\t\t\tdata-title=\"finale-piste-WB-2015-26\"\n\t\t\tdata-description=\" \"\n\t\t\tdata-image-slug=\"finale-piste-wb-2015-26\"\n\t\t\t\t\t\t\t\t\t\t\t\t\t\t\t\t\t\t\t\tclass=\"ngg-simplelightbox\" rel=\"bdf6db47e65f14f9a93819e5f9f3755b\">\n\t\t\t\t\t\t\t\t<img\n\t\t\t\t\ttitle=\"finale-piste-WB-2015-26\"\n\t\t\t\t\talt=\"finale-piste-WB-2015-26\"\n\t\t\t\t\tsrc=\"https:\/\/www.aclanester56.com\/velo\/wp-content\/gallery\/finale-samedi-2015\/thumbs\/thumbs_finale-piste-WB-2015-26.jpg?t=1423344724\"\n\t\t\t\t\twidth=\"100\"\n\t\t\t\t\theight=\"100\"\n\t\t\t\t\tstyle=\"max-width:100%;\"\n\t\t\t\t\/>\n\t\t\t<\/a>\n\t\t<\/div>\n\t\t\t\t\t\t\t<\/div>\n\t\t\t\n\t\t\t\t<div id=\"ngg-image-26\" class=\"ngg-gallery-thumbnail-box\n\t\t\t\t\t\t\t\t\t\t\t\"\n\t\t\t>\n\t\t\t\t\t\t<div class=\"ngg-gallery-thumbnail\">\n\t\t<a href=\"https:\/\/www.aclanester56.com\/velo\/wp-content\/gallery\/finale-samedi-2015\/finale-piste-WB-2015-27.jpg?t=1423344726\"\n\t\t\ttitle=\" \"\n\t\t\tdata-src=\"https:\/\/www.aclanester56.com\/velo\/wp-content\/gallery\/finale-samedi-2015\/finale-piste-WB-2015-27.jpg?t=1423344726\"\n\t\t\tdata-thumbnail=\"https:\/\/www.aclanester56.com\/velo\/wp-content\/gallery\/finale-samedi-2015\/thumbs\/thumbs_finale-piste-WB-2015-27.jpg?t=1423344726\"\n\t\t\tdata-image-id=\"7269\"\n\t\t\tdata-image-name=\"finale-piste-WB-2015-27.jpg\"\n\t\t\tdata-title=\"finale-piste-WB-2015-27\"\n\t\t\tdata-description=\" \"\n\t\t\tdata-image-slug=\"finale-piste-wb-2015-27\"\n\t\t\t\t\t\t\t\t\t\t\t\t\t\t\t\t\t\t\t\tclass=\"ngg-simplelightbox\" rel=\"bdf6db47e65f14f9a93819e5f9f3755b\">\n\t\t\t\t\t\t\t\t<img\n\t\t\t\t\ttitle=\"finale-piste-WB-2015-27\"\n\t\t\t\t\talt=\"finale-piste-WB-2015-27\"\n\t\t\t\t\tsrc=\"https:\/\/www.aclanester56.com\/velo\/wp-content\/gallery\/finale-samedi-2015\/thumbs\/thumbs_finale-piste-WB-2015-27.jpg?t=1423344726\"\n\t\t\t\t\twidth=\"100\"\n\t\t\t\t\theight=\"100\"\n\t\t\t\t\tstyle=\"max-width:100%;\"\n\t\t\t\t\/>\n\t\t\t<\/a>\n\t\t<\/div>\n\t\t\t\t\t\t\t<\/div>\n\t\t\t\n\t\t\t\t<div id=\"ngg-image-27\" class=\"ngg-gallery-thumbnail-box\n\t\t\t\t\t\t\t\t\t\t\t\"\n\t\t\t>\n\t\t\t\t\t\t<div class=\"ngg-gallery-thumbnail\">\n\t\t<a href=\"https:\/\/www.aclanester56.com\/velo\/wp-content\/gallery\/finale-samedi-2015\/finale-piste-WB-2015-28.jpg?t=1423344728\"\n\t\t\ttitle=\" \"\n\t\t\tdata-src=\"https:\/\/www.aclanester56.com\/velo\/wp-content\/gallery\/finale-samedi-2015\/finale-piste-WB-2015-28.jpg?t=1423344728\"\n\t\t\tdata-thumbnail=\"https:\/\/www.aclanester56.com\/velo\/wp-content\/gallery\/finale-samedi-2015\/thumbs\/thumbs_finale-piste-WB-2015-28.jpg?t=1423344728\"\n\t\t\tdata-image-id=\"7270\"\n\t\t\tdata-image-name=\"finale-piste-WB-2015-28.jpg\"\n\t\t\tdata-title=\"finale-piste-WB-2015-28\"\n\t\t\tdata-description=\" \"\n\t\t\tdata-image-slug=\"finale-piste-wb-2015-28\"\n\t\t\t\t\t\t\t\t\t\t\t\t\t\t\t\t\t\t\t\tclass=\"ngg-simplelightbox\" rel=\"bdf6db47e65f14f9a93819e5f9f3755b\">\n\t\t\t\t\t\t\t\t<img\n\t\t\t\t\ttitle=\"finale-piste-WB-2015-28\"\n\t\t\t\t\talt=\"finale-piste-WB-2015-28\"\n\t\t\t\t\tsrc=\"https:\/\/www.aclanester56.com\/velo\/wp-content\/gallery\/finale-samedi-2015\/thumbs\/thumbs_finale-piste-WB-2015-28.jpg?t=1423344728\"\n\t\t\t\t\twidth=\"100\"\n\t\t\t\t\theight=\"100\"\n\t\t\t\t\tstyle=\"max-width:100%;\"\n\t\t\t\t\/>\n\t\t\t<\/a>\n\t\t<\/div>\n\t\t\t\t\t\t\t<\/div>\n\t\t\t\n\t\t\t\t<div id=\"ngg-image-28\" class=\"ngg-gallery-thumbnail-box\n\t\t\t\t\t\t\t\t\t\t\t\"\n\t\t\t>\n\t\t\t\t\t\t<div class=\"ngg-gallery-thumbnail\">\n\t\t<a href=\"https:\/\/www.aclanester56.com\/velo\/wp-content\/gallery\/finale-samedi-2015\/finale-piste-WB-2015-29.jpg?t=1423344731\"\n\t\t\ttitle=\" \"\n\t\t\tdata-src=\"https:\/\/www.aclanester56.com\/velo\/wp-content\/gallery\/finale-samedi-2015\/finale-piste-WB-2015-29.jpg?t=1423344731\"\n\t\t\tdata-thumbnail=\"https:\/\/www.aclanester56.com\/velo\/wp-content\/gallery\/finale-samedi-2015\/thumbs\/thumbs_finale-piste-WB-2015-29.jpg?t=1423344731\"\n\t\t\tdata-image-id=\"7271\"\n\t\t\tdata-image-name=\"finale-piste-WB-2015-29.jpg\"\n\t\t\tdata-title=\"finale-piste-WB-2015-29\"\n\t\t\tdata-description=\" \"\n\t\t\tdata-image-slug=\"finale-piste-wb-2015-29\"\n\t\t\t\t\t\t\t\t\t\t\t\t\t\t\t\t\t\t\t\tclass=\"ngg-simplelightbox\" rel=\"bdf6db47e65f14f9a93819e5f9f3755b\">\n\t\t\t\t\t\t\t\t<img\n\t\t\t\t\ttitle=\"finale-piste-WB-2015-29\"\n\t\t\t\t\talt=\"finale-piste-WB-2015-29\"\n\t\t\t\t\tsrc=\"https:\/\/www.aclanester56.com\/velo\/wp-content\/gallery\/finale-samedi-2015\/thumbs\/thumbs_finale-piste-WB-2015-29.jpg?t=1423344731\"\n\t\t\t\t\twidth=\"100\"\n\t\t\t\t\theight=\"100\"\n\t\t\t\t\tstyle=\"max-width:100%;\"\n\t\t\t\t\/>\n\t\t\t<\/a>\n\t\t<\/div>\n\t\t\t\t\t\t\t<\/div>\n\t\t\t\n\t\t\t\t<div id=\"ngg-image-29\" class=\"ngg-gallery-thumbnail-box\n\t\t\t\t\t\t\t\t\t\t\t\"\n\t\t\t>\n\t\t\t\t\t\t<div class=\"ngg-gallery-thumbnail\">\n\t\t<a href=\"https:\/\/www.aclanester56.com\/velo\/wp-content\/gallery\/finale-samedi-2015\/finale-piste-WB-2015-30.jpg?t=1423344734\"\n\t\t\ttitle=\" \"\n\t\t\tdata-src=\"https:\/\/www.aclanester56.com\/velo\/wp-content\/gallery\/finale-samedi-2015\/finale-piste-WB-2015-30.jpg?t=1423344734\"\n\t\t\tdata-thumbnail=\"https:\/\/www.aclanester56.com\/velo\/wp-content\/gallery\/finale-samedi-2015\/thumbs\/thumbs_finale-piste-WB-2015-30.jpg?t=1423344734\"\n\t\t\tdata-image-id=\"7272\"\n\t\t\tdata-image-name=\"finale-piste-WB-2015-30.jpg\"\n\t\t\tdata-title=\"finale-piste-WB-2015-30\"\n\t\t\tdata-description=\" \"\n\t\t\tdata-image-slug=\"finale-piste-wb-2015-30\"\n\t\t\t\t\t\t\t\t\t\t\t\t\t\t\t\t\t\t\t\tclass=\"ngg-simplelightbox\" rel=\"bdf6db47e65f14f9a93819e5f9f3755b\">\n\t\t\t\t\t\t\t\t<img\n\t\t\t\t\ttitle=\"finale-piste-WB-2015-30\"\n\t\t\t\t\talt=\"finale-piste-WB-2015-30\"\n\t\t\t\t\tsrc=\"https:\/\/www.aclanester56.com\/velo\/wp-content\/gallery\/finale-samedi-2015\/thumbs\/thumbs_finale-piste-WB-2015-30.jpg?t=1423344734\"\n\t\t\t\t\twidth=\"100\"\n\t\t\t\t\theight=\"100\"\n\t\t\t\t\tstyle=\"max-width:100%;\"\n\t\t\t\t\/>\n\t\t\t<\/a>\n\t\t<\/div>\n\t\t\t\t\t\t\t<\/div>\n\t\t\t\n\t\t\t\t<div id=\"ngg-image-30\" class=\"ngg-gallery-thumbnail-box\n\t\t\t\t\t\t\t\t\t\t\t\"\n\t\t\t>\n\t\t\t\t\t\t<div class=\"ngg-gallery-thumbnail\">\n\t\t<a href=\"https:\/\/www.aclanester56.com\/velo\/wp-content\/gallery\/finale-samedi-2015\/finale-piste-WB-2015-31.jpg?t=1423344737\"\n\t\t\ttitle=\" \"\n\t\t\tdata-src=\"https:\/\/www.aclanester56.com\/velo\/wp-content\/gallery\/finale-samedi-2015\/finale-piste-WB-2015-31.jpg?t=1423344737\"\n\t\t\tdata-thumbnail=\"https:\/\/www.aclanester56.com\/velo\/wp-content\/gallery\/finale-samedi-2015\/thumbs\/thumbs_finale-piste-WB-2015-31.jpg?t=1423344737\"\n\t\t\tdata-image-id=\"7273\"\n\t\t\tdata-image-name=\"finale-piste-WB-2015-31.jpg\"\n\t\t\tdata-title=\"finale-piste-WB-2015-31\"\n\t\t\tdata-description=\" \"\n\t\t\tdata-image-slug=\"finale-piste-wb-2015-31\"\n\t\t\t\t\t\t\t\t\t\t\t\t\t\t\t\t\t\t\t\tclass=\"ngg-simplelightbox\" rel=\"bdf6db47e65f14f9a93819e5f9f3755b\">\n\t\t\t\t\t\t\t\t<img\n\t\t\t\t\ttitle=\"finale-piste-WB-2015-31\"\n\t\t\t\t\talt=\"finale-piste-WB-2015-31\"\n\t\t\t\t\tsrc=\"https:\/\/www.aclanester56.com\/velo\/wp-content\/gallery\/finale-samedi-2015\/thumbs\/thumbs_finale-piste-WB-2015-31.jpg?t=1423344737\"\n\t\t\t\t\twidth=\"100\"\n\t\t\t\t\theight=\"100\"\n\t\t\t\t\tstyle=\"max-width:100%;\"\n\t\t\t\t\/>\n\t\t\t<\/a>\n\t\t<\/div>\n\t\t\t\t\t\t\t<\/div>\n\t\t\t\n\t\t\t\t<div id=\"ngg-image-31\" class=\"ngg-gallery-thumbnail-box\n\t\t\t\t\t\t\t\t\t\t\t\"\n\t\t\t>\n\t\t\t\t\t\t<div class=\"ngg-gallery-thumbnail\">\n\t\t<a href=\"https:\/\/www.aclanester56.com\/velo\/wp-content\/gallery\/finale-samedi-2015\/finale-piste-WB-2015-32.jpg?t=1423344740\"\n\t\t\ttitle=\" \"\n\t\t\tdata-src=\"https:\/\/www.aclanester56.com\/velo\/wp-content\/gallery\/finale-samedi-2015\/finale-piste-WB-2015-32.jpg?t=1423344740\"\n\t\t\tdata-thumbnail=\"https:\/\/www.aclanester56.com\/velo\/wp-content\/gallery\/finale-samedi-2015\/thumbs\/thumbs_finale-piste-WB-2015-32.jpg?t=1423344740\"\n\t\t\tdata-image-id=\"7274\"\n\t\t\tdata-image-name=\"finale-piste-WB-2015-32.jpg\"\n\t\t\tdata-title=\"finale-piste-WB-2015-32\"\n\t\t\tdata-description=\" \"\n\t\t\tdata-image-slug=\"finale-piste-wb-2015-32\"\n\t\t\t\t\t\t\t\t\t\t\t\t\t\t\t\t\t\t\t\tclass=\"ngg-simplelightbox\" rel=\"bdf6db47e65f14f9a93819e5f9f3755b\">\n\t\t\t\t\t\t\t\t<img\n\t\t\t\t\ttitle=\"finale-piste-WB-2015-32\"\n\t\t\t\t\talt=\"finale-piste-WB-2015-32\"\n\t\t\t\t\tsrc=\"https:\/\/www.aclanester56.com\/velo\/wp-content\/gallery\/finale-samedi-2015\/thumbs\/thumbs_finale-piste-WB-2015-32.jpg?t=1423344740\"\n\t\t\t\t\twidth=\"100\"\n\t\t\t\t\theight=\"100\"\n\t\t\t\t\tstyle=\"max-width:100%;\"\n\t\t\t\t\/>\n\t\t\t<\/a>\n\t\t<\/div>\n\t\t\t\t\t\t\t<\/div>\n\t\t\t\n\t\t\t\t<div id=\"ngg-image-32\" class=\"ngg-gallery-thumbnail-box\n\t\t\t\t\t\t\t\t\t\t\t\"\n\t\t\t>\n\t\t\t\t\t\t<div class=\"ngg-gallery-thumbnail\">\n\t\t<a href=\"https:\/\/www.aclanester56.com\/velo\/wp-content\/gallery\/finale-samedi-2015\/finale-piste-WB-2015-33.jpg?t=1423344742\"\n\t\t\ttitle=\" \"\n\t\t\tdata-src=\"https:\/\/www.aclanester56.com\/velo\/wp-content\/gallery\/finale-samedi-2015\/finale-piste-WB-2015-33.jpg?t=1423344742\"\n\t\t\tdata-thumbnail=\"https:\/\/www.aclanester56.com\/velo\/wp-content\/gallery\/finale-samedi-2015\/thumbs\/thumbs_finale-piste-WB-2015-33.jpg?t=1423344742\"\n\t\t\tdata-image-id=\"7275\"\n\t\t\tdata-image-name=\"finale-piste-WB-2015-33.jpg\"\n\t\t\tdata-title=\"finale-piste-WB-2015-33\"\n\t\t\tdata-description=\" \"\n\t\t\tdata-image-slug=\"finale-piste-wb-2015-33\"\n\t\t\t\t\t\t\t\t\t\t\t\t\t\t\t\t\t\t\t\tclass=\"ngg-simplelightbox\" rel=\"bdf6db47e65f14f9a93819e5f9f3755b\">\n\t\t\t\t\t\t\t\t<img\n\t\t\t\t\ttitle=\"finale-piste-WB-2015-33\"\n\t\t\t\t\talt=\"finale-piste-WB-2015-33\"\n\t\t\t\t\tsrc=\"https:\/\/www.aclanester56.com\/velo\/wp-content\/gallery\/finale-samedi-2015\/thumbs\/thumbs_finale-piste-WB-2015-33.jpg?t=1423344742\"\n\t\t\t\t\twidth=\"100\"\n\t\t\t\t\theight=\"100\"\n\t\t\t\t\tstyle=\"max-width:100%;\"\n\t\t\t\t\/>\n\t\t\t<\/a>\n\t\t<\/div>\n\t\t\t\t\t\t\t<\/div>\n\t\t\t\n\t\t\t\t<div id=\"ngg-image-33\" class=\"ngg-gallery-thumbnail-box\n\t\t\t\t\t\t\t\t\t\t\t\"\n\t\t\t>\n\t\t\t\t\t\t<div class=\"ngg-gallery-thumbnail\">\n\t\t<a href=\"https:\/\/www.aclanester56.com\/velo\/wp-content\/gallery\/finale-samedi-2015\/finale-piste-WB-2015-34.jpg?t=1423344745\"\n\t\t\ttitle=\" \"\n\t\t\tdata-src=\"https:\/\/www.aclanester56.com\/velo\/wp-content\/gallery\/finale-samedi-2015\/finale-piste-WB-2015-34.jpg?t=1423344745\"\n\t\t\tdata-thumbnail=\"https:\/\/www.aclanester56.com\/velo\/wp-content\/gallery\/finale-samedi-2015\/thumbs\/thumbs_finale-piste-WB-2015-34.jpg?t=1423344745\"\n\t\t\tdata-image-id=\"7276\"\n\t\t\tdata-image-name=\"finale-piste-WB-2015-34.jpg\"\n\t\t\tdata-title=\"finale-piste-WB-2015-34\"\n\t\t\tdata-description=\" \"\n\t\t\tdata-image-slug=\"finale-piste-wb-2015-34\"\n\t\t\t\t\t\t\t\t\t\t\t\t\t\t\t\t\t\t\t\tclass=\"ngg-simplelightbox\" rel=\"bdf6db47e65f14f9a93819e5f9f3755b\">\n\t\t\t\t\t\t\t\t<img\n\t\t\t\t\ttitle=\"finale-piste-WB-2015-34\"\n\t\t\t\t\talt=\"finale-piste-WB-2015-34\"\n\t\t\t\t\tsrc=\"https:\/\/www.aclanester56.com\/velo\/wp-content\/gallery\/finale-samedi-2015\/thumbs\/thumbs_finale-piste-WB-2015-34.jpg?t=1423344745\"\n\t\t\t\t\twidth=\"100\"\n\t\t\t\t\theight=\"100\"\n\t\t\t\t\tstyle=\"max-width:100%;\"\n\t\t\t\t\/>\n\t\t\t<\/a>\n\t\t<\/div>\n\t\t\t\t\t\t\t<\/div>\n\t\t\t\n\t\t\t\t<div id=\"ngg-image-34\" class=\"ngg-gallery-thumbnail-box\n\t\t\t\t\t\t\t\t\t\t\t\"\n\t\t\t>\n\t\t\t\t\t\t<div class=\"ngg-gallery-thumbnail\">\n\t\t<a href=\"https:\/\/www.aclanester56.com\/velo\/wp-content\/gallery\/finale-samedi-2015\/finale-piste-WB-2015-37.jpg?t=1423344748\"\n\t\t\ttitle=\" \"\n\t\t\tdata-src=\"https:\/\/www.aclanester56.com\/velo\/wp-content\/gallery\/finale-samedi-2015\/finale-piste-WB-2015-37.jpg?t=1423344748\"\n\t\t\tdata-thumbnail=\"https:\/\/www.aclanester56.com\/velo\/wp-content\/gallery\/finale-samedi-2015\/thumbs\/thumbs_finale-piste-WB-2015-37.jpg?t=1423344748\"\n\t\t\tdata-image-id=\"7277\"\n\t\t\tdata-image-name=\"finale-piste-WB-2015-37.jpg\"\n\t\t\tdata-title=\"finale-piste-WB-2015-37\"\n\t\t\tdata-description=\" \"\n\t\t\tdata-image-slug=\"finale-piste-wb-2015-37\"\n\t\t\t\t\t\t\t\t\t\t\t\t\t\t\t\t\t\t\t\tclass=\"ngg-simplelightbox\" rel=\"bdf6db47e65f14f9a93819e5f9f3755b\">\n\t\t\t\t\t\t\t\t<img\n\t\t\t\t\ttitle=\"finale-piste-WB-2015-37\"\n\t\t\t\t\talt=\"finale-piste-WB-2015-37\"\n\t\t\t\t\tsrc=\"https:\/\/www.aclanester56.com\/velo\/wp-content\/gallery\/finale-samedi-2015\/thumbs\/thumbs_finale-piste-WB-2015-37.jpg?t=1423344748\"\n\t\t\t\t\twidth=\"100\"\n\t\t\t\t\theight=\"100\"\n\t\t\t\t\tstyle=\"max-width:100%;\"\n\t\t\t\t\/>\n\t\t\t<\/a>\n\t\t<\/div>\n\t\t\t\t\t\t\t<\/div>\n\t\t\t\n\t\t\t\t<div id=\"ngg-image-35\" class=\"ngg-gallery-thumbnail-box\n\t\t\t\t\t\t\t\t\t\t\t\"\n\t\t\t>\n\t\t\t\t\t\t<div class=\"ngg-gallery-thumbnail\">\n\t\t<a href=\"https:\/\/www.aclanester56.com\/velo\/wp-content\/gallery\/finale-samedi-2015\/finale-piste-WB-2015-38.jpg?t=1423344750\"\n\t\t\ttitle=\" \"\n\t\t\tdata-src=\"https:\/\/www.aclanester56.com\/velo\/wp-content\/gallery\/finale-samedi-2015\/finale-piste-WB-2015-38.jpg?t=1423344750\"\n\t\t\tdata-thumbnail=\"https:\/\/www.aclanester56.com\/velo\/wp-content\/gallery\/finale-samedi-2015\/thumbs\/thumbs_finale-piste-WB-2015-38.jpg?t=1423344750\"\n\t\t\tdata-image-id=\"7278\"\n\t\t\tdata-image-name=\"finale-piste-WB-2015-38.jpg\"\n\t\t\tdata-title=\"finale-piste-WB-2015-38\"\n\t\t\tdata-description=\" \"\n\t\t\tdata-image-slug=\"finale-piste-wb-2015-38\"\n\t\t\t\t\t\t\t\t\t\t\t\t\t\t\t\t\t\t\t\tclass=\"ngg-simplelightbox\" rel=\"bdf6db47e65f14f9a93819e5f9f3755b\">\n\t\t\t\t\t\t\t\t<img\n\t\t\t\t\ttitle=\"finale-piste-WB-2015-38\"\n\t\t\t\t\talt=\"finale-piste-WB-2015-38\"\n\t\t\t\t\tsrc=\"https:\/\/www.aclanester56.com\/velo\/wp-content\/gallery\/finale-samedi-2015\/thumbs\/thumbs_finale-piste-WB-2015-38.jpg?t=1423344750\"\n\t\t\t\t\twidth=\"100\"\n\t\t\t\t\theight=\"100\"\n\t\t\t\t\tstyle=\"max-width:100%;\"\n\t\t\t\t\/>\n\t\t\t<\/a>\n\t\t<\/div>\n\t\t\t\t\t\t\t<\/div>\n\t\t\t\n\t\t\t\t<div id=\"ngg-image-36\" class=\"ngg-gallery-thumbnail-box\n\t\t\t\t\t\t\t\t\t\t\t\"\n\t\t\t>\n\t\t\t\t\t\t<div class=\"ngg-gallery-thumbnail\">\n\t\t<a href=\"https:\/\/www.aclanester56.com\/velo\/wp-content\/gallery\/finale-samedi-2015\/finale-piste-WB-2015-39.jpg?t=1423344754\"\n\t\t\ttitle=\" \"\n\t\t\tdata-src=\"https:\/\/www.aclanester56.com\/velo\/wp-content\/gallery\/finale-samedi-2015\/finale-piste-WB-2015-39.jpg?t=1423344754\"\n\t\t\tdata-thumbnail=\"https:\/\/www.aclanester56.com\/velo\/wp-content\/gallery\/finale-samedi-2015\/thumbs\/thumbs_finale-piste-WB-2015-39.jpg?t=1423344754\"\n\t\t\tdata-image-id=\"7279\"\n\t\t\tdata-image-name=\"finale-piste-WB-2015-39.jpg\"\n\t\t\tdata-title=\"finale-piste-WB-2015-39\"\n\t\t\tdata-description=\" \"\n\t\t\tdata-image-slug=\"finale-piste-wb-2015-39\"\n\t\t\t\t\t\t\t\t\t\t\t\t\t\t\t\t\t\t\t\tclass=\"ngg-simplelightbox\" rel=\"bdf6db47e65f14f9a93819e5f9f3755b\">\n\t\t\t\t\t\t\t\t<img\n\t\t\t\t\ttitle=\"finale-piste-WB-2015-39\"\n\t\t\t\t\talt=\"finale-piste-WB-2015-39\"\n\t\t\t\t\tsrc=\"https:\/\/www.aclanester56.com\/velo\/wp-content\/gallery\/finale-samedi-2015\/thumbs\/thumbs_finale-piste-WB-2015-39.jpg?t=1423344754\"\n\t\t\t\t\twidth=\"100\"\n\t\t\t\t\theight=\"100\"\n\t\t\t\t\tstyle=\"max-width:100%;\"\n\t\t\t\t\/>\n\t\t\t<\/a>\n\t\t<\/div>\n\t\t\t\t\t\t\t<\/div>\n\t\t\t\n\t\t\t\t<div id=\"ngg-image-37\" class=\"ngg-gallery-thumbnail-box\n\t\t\t\t\t\t\t\t\t\t\t\"\n\t\t\t>\n\t\t\t\t\t\t<div class=\"ngg-gallery-thumbnail\">\n\t\t<a href=\"https:\/\/www.aclanester56.com\/velo\/wp-content\/gallery\/finale-samedi-2015\/finale-piste-WB-2015-40.jpg?t=1423344756\"\n\t\t\ttitle=\" \"\n\t\t\tdata-src=\"https:\/\/www.aclanester56.com\/velo\/wp-content\/gallery\/finale-samedi-2015\/finale-piste-WB-2015-40.jpg?t=1423344756\"\n\t\t\tdata-thumbnail=\"https:\/\/www.aclanester56.com\/velo\/wp-content\/gallery\/finale-samedi-2015\/thumbs\/thumbs_finale-piste-WB-2015-40.jpg?t=1423344756\"\n\t\t\tdata-image-id=\"7280\"\n\t\t\tdata-image-name=\"finale-piste-WB-2015-40.jpg\"\n\t\t\tdata-title=\"finale-piste-WB-2015-40\"\n\t\t\tdata-description=\" \"\n\t\t\tdata-image-slug=\"finale-piste-wb-2015-40\"\n\t\t\t\t\t\t\t\t\t\t\t\t\t\t\t\t\t\t\t\tclass=\"ngg-simplelightbox\" rel=\"bdf6db47e65f14f9a93819e5f9f3755b\">\n\t\t\t\t\t\t\t\t<img\n\t\t\t\t\ttitle=\"finale-piste-WB-2015-40\"\n\t\t\t\t\talt=\"finale-piste-WB-2015-40\"\n\t\t\t\t\tsrc=\"https:\/\/www.aclanester56.com\/velo\/wp-content\/gallery\/finale-samedi-2015\/thumbs\/thumbs_finale-piste-WB-2015-40.jpg?t=1423344756\"\n\t\t\t\t\twidth=\"100\"\n\t\t\t\t\theight=\"100\"\n\t\t\t\t\tstyle=\"max-width:100%;\"\n\t\t\t\t\/>\n\t\t\t<\/a>\n\t\t<\/div>\n\t\t\t\t\t\t\t<\/div>\n\t\t\t\n\t\t\t\t<div id=\"ngg-image-38\" class=\"ngg-gallery-thumbnail-box\n\t\t\t\t\t\t\t\t\t\t\t\"\n\t\t\t>\n\t\t\t\t\t\t<div class=\"ngg-gallery-thumbnail\">\n\t\t<a href=\"https:\/\/www.aclanester56.com\/velo\/wp-content\/gallery\/finale-samedi-2015\/finale-piste-WB-2015-41.jpg?t=1423344758\"\n\t\t\ttitle=\" \"\n\t\t\tdata-src=\"https:\/\/www.aclanester56.com\/velo\/wp-content\/gallery\/finale-samedi-2015\/finale-piste-WB-2015-41.jpg?t=1423344758\"\n\t\t\tdata-thumbnail=\"https:\/\/www.aclanester56.com\/velo\/wp-content\/gallery\/finale-samedi-2015\/thumbs\/thumbs_finale-piste-WB-2015-41.jpg?t=1423344758\"\n\t\t\tdata-image-id=\"7281\"\n\t\t\tdata-image-name=\"finale-piste-WB-2015-41.jpg\"\n\t\t\tdata-title=\"finale-piste-WB-2015-41\"\n\t\t\tdata-description=\" \"\n\t\t\tdata-image-slug=\"finale-piste-wb-2015-41\"\n\t\t\t\t\t\t\t\t\t\t\t\t\t\t\t\t\t\t\t\tclass=\"ngg-simplelightbox\" rel=\"bdf6db47e65f14f9a93819e5f9f3755b\">\n\t\t\t\t\t\t\t\t<img\n\t\t\t\t\ttitle=\"finale-piste-WB-2015-41\"\n\t\t\t\t\talt=\"finale-piste-WB-2015-41\"\n\t\t\t\t\tsrc=\"https:\/\/www.aclanester56.com\/velo\/wp-content\/gallery\/finale-samedi-2015\/thumbs\/thumbs_finale-piste-WB-2015-41.jpg?t=1423344758\"\n\t\t\t\t\twidth=\"100\"\n\t\t\t\t\theight=\"100\"\n\t\t\t\t\tstyle=\"max-width:100%;\"\n\t\t\t\t\/>\n\t\t\t<\/a>\n\t\t<\/div>\n\t\t\t\t\t\t\t<\/div>\n\t\t\t\n\t\t\t\t<div id=\"ngg-image-39\" class=\"ngg-gallery-thumbnail-box\n\t\t\t\t\t\t\t\t\t\t\t\"\n\t\t\t>\n\t\t\t\t\t\t<div class=\"ngg-gallery-thumbnail\">\n\t\t<a href=\"https:\/\/www.aclanester56.com\/velo\/wp-content\/gallery\/finale-samedi-2015\/finale-piste-WB-2015-42.jpg?t=1423344761\"\n\t\t\ttitle=\" \"\n\t\t\tdata-src=\"https:\/\/www.aclanester56.com\/velo\/wp-content\/gallery\/finale-samedi-2015\/finale-piste-WB-2015-42.jpg?t=1423344761\"\n\t\t\tdata-thumbnail=\"https:\/\/www.aclanester56.com\/velo\/wp-content\/gallery\/finale-samedi-2015\/thumbs\/thumbs_finale-piste-WB-2015-42.jpg?t=1423344761\"\n\t\t\tdata-image-id=\"7282\"\n\t\t\tdata-image-name=\"finale-piste-WB-2015-42.jpg\"\n\t\t\tdata-title=\"finale-piste-WB-2015-42\"\n\t\t\tdata-description=\" \"\n\t\t\tdata-image-slug=\"finale-piste-wb-2015-42\"\n\t\t\t\t\t\t\t\t\t\t\t\t\t\t\t\t\t\t\t\tclass=\"ngg-simplelightbox\" rel=\"bdf6db47e65f14f9a93819e5f9f3755b\">\n\t\t\t\t\t\t\t\t<img\n\t\t\t\t\ttitle=\"finale-piste-WB-2015-42\"\n\t\t\t\t\talt=\"finale-piste-WB-2015-42\"\n\t\t\t\t\tsrc=\"https:\/\/www.aclanester56.com\/velo\/wp-content\/gallery\/finale-samedi-2015\/thumbs\/thumbs_finale-piste-WB-2015-42.jpg?t=1423344761\"\n\t\t\t\t\twidth=\"100\"\n\t\t\t\t\theight=\"100\"\n\t\t\t\t\tstyle=\"max-width:100%;\"\n\t\t\t\t\/>\n\t\t\t<\/a>\n\t\t<\/div>\n\t\t\t\t\t\t\t<\/div>\n\t\t\t\n\t\t\t\t<div id=\"ngg-image-40\" class=\"ngg-gallery-thumbnail-box\n\t\t\t\t\t\t\t\t\t\t\t\"\n\t\t\t>\n\t\t\t\t\t\t<div class=\"ngg-gallery-thumbnail\">\n\t\t<a href=\"https:\/\/www.aclanester56.com\/velo\/wp-content\/gallery\/finale-samedi-2015\/finale-piste-WB-2015-43.jpg?t=1423344764\"\n\t\t\ttitle=\" \"\n\t\t\tdata-src=\"https:\/\/www.aclanester56.com\/velo\/wp-content\/gallery\/finale-samedi-2015\/finale-piste-WB-2015-43.jpg?t=1423344764\"\n\t\t\tdata-thumbnail=\"https:\/\/www.aclanester56.com\/velo\/wp-content\/gallery\/finale-samedi-2015\/thumbs\/thumbs_finale-piste-WB-2015-43.jpg?t=1423344764\"\n\t\t\tdata-image-id=\"7283\"\n\t\t\tdata-image-name=\"finale-piste-WB-2015-43.jpg\"\n\t\t\tdata-title=\"finale-piste-WB-2015-43\"\n\t\t\tdata-description=\" \"\n\t\t\tdata-image-slug=\"finale-piste-wb-2015-43\"\n\t\t\t\t\t\t\t\t\t\t\t\t\t\t\t\t\t\t\t\tclass=\"ngg-simplelightbox\" rel=\"bdf6db47e65f14f9a93819e5f9f3755b\">\n\t\t\t\t\t\t\t\t<img\n\t\t\t\t\ttitle=\"finale-piste-WB-2015-43\"\n\t\t\t\t\talt=\"finale-piste-WB-2015-43\"\n\t\t\t\t\tsrc=\"https:\/\/www.aclanester56.com\/velo\/wp-content\/gallery\/finale-samedi-2015\/thumbs\/thumbs_finale-piste-WB-2015-43.jpg?t=1423344764\"\n\t\t\t\t\twidth=\"100\"\n\t\t\t\t\theight=\"100\"\n\t\t\t\t\tstyle=\"max-width:100%;\"\n\t\t\t\t\/>\n\t\t\t<\/a>\n\t\t<\/div>\n\t\t\t\t\t\t\t<\/div>\n\t\t\t\n\t\t\t\t<div id=\"ngg-image-41\" class=\"ngg-gallery-thumbnail-box\n\t\t\t\t\t\t\t\t\t\t\t\"\n\t\t\t>\n\t\t\t\t\t\t<div class=\"ngg-gallery-thumbnail\">\n\t\t<a href=\"https:\/\/www.aclanester56.com\/velo\/wp-content\/gallery\/finale-samedi-2015\/finale-piste-WB-2015-44.jpg?t=1423344767\"\n\t\t\ttitle=\" \"\n\t\t\tdata-src=\"https:\/\/www.aclanester56.com\/velo\/wp-content\/gallery\/finale-samedi-2015\/finale-piste-WB-2015-44.jpg?t=1423344767\"\n\t\t\tdata-thumbnail=\"https:\/\/www.aclanester56.com\/velo\/wp-content\/gallery\/finale-samedi-2015\/thumbs\/thumbs_finale-piste-WB-2015-44.jpg?t=1423344767\"\n\t\t\tdata-image-id=\"7284\"\n\t\t\tdata-image-name=\"finale-piste-WB-2015-44.jpg\"\n\t\t\tdata-title=\"finale-piste-WB-2015-44\"\n\t\t\tdata-description=\" \"\n\t\t\tdata-image-slug=\"finale-piste-wb-2015-44\"\n\t\t\t\t\t\t\t\t\t\t\t\t\t\t\t\t\t\t\t\tclass=\"ngg-simplelightbox\" rel=\"bdf6db47e65f14f9a93819e5f9f3755b\">\n\t\t\t\t\t\t\t\t<img\n\t\t\t\t\ttitle=\"finale-piste-WB-2015-44\"\n\t\t\t\t\talt=\"finale-piste-WB-2015-44\"\n\t\t\t\t\tsrc=\"https:\/\/www.aclanester56.com\/velo\/wp-content\/gallery\/finale-samedi-2015\/thumbs\/thumbs_finale-piste-WB-2015-44.jpg?t=1423344767\"\n\t\t\t\t\twidth=\"100\"\n\t\t\t\t\theight=\"100\"\n\t\t\t\t\tstyle=\"max-width:100%;\"\n\t\t\t\t\/>\n\t\t\t<\/a>\n\t\t<\/div>\n\t\t\t\t\t\t\t<\/div>\n\t\t\t\n\t\t\t\t<div id=\"ngg-image-42\" class=\"ngg-gallery-thumbnail-box\n\t\t\t\t\t\t\t\t\t\t\t\"\n\t\t\t>\n\t\t\t\t\t\t<div class=\"ngg-gallery-thumbnail\">\n\t\t<a href=\"https:\/\/www.aclanester56.com\/velo\/wp-content\/gallery\/finale-samedi-2015\/finale-piste-WB-2015-45.jpg?t=1423344769\"\n\t\t\ttitle=\" \"\n\t\t\tdata-src=\"https:\/\/www.aclanester56.com\/velo\/wp-content\/gallery\/finale-samedi-2015\/finale-piste-WB-2015-45.jpg?t=1423344769\"\n\t\t\tdata-thumbnail=\"https:\/\/www.aclanester56.com\/velo\/wp-content\/gallery\/finale-samedi-2015\/thumbs\/thumbs_finale-piste-WB-2015-45.jpg?t=1423344769\"\n\t\t\tdata-image-id=\"7285\"\n\t\t\tdata-image-name=\"finale-piste-WB-2015-45.jpg\"\n\t\t\tdata-title=\"finale-piste-WB-2015-45\"\n\t\t\tdata-description=\" \"\n\t\t\tdata-image-slug=\"finale-piste-wb-2015-45\"\n\t\t\t\t\t\t\t\t\t\t\t\t\t\t\t\t\t\t\t\tclass=\"ngg-simplelightbox\" rel=\"bdf6db47e65f14f9a93819e5f9f3755b\">\n\t\t\t\t\t\t\t\t<img\n\t\t\t\t\ttitle=\"finale-piste-WB-2015-45\"\n\t\t\t\t\talt=\"finale-piste-WB-2015-45\"\n\t\t\t\t\tsrc=\"https:\/\/www.aclanester56.com\/velo\/wp-content\/gallery\/finale-samedi-2015\/thumbs\/thumbs_finale-piste-WB-2015-45.jpg?t=1423344769\"\n\t\t\t\t\twidth=\"100\"\n\t\t\t\t\theight=\"100\"\n\t\t\t\t\tstyle=\"max-width:100%;\"\n\t\t\t\t\/>\n\t\t\t<\/a>\n\t\t<\/div>\n\t\t\t\t\t\t\t<\/div>\n\t\t\t\n\t\t\t\t<div id=\"ngg-image-43\" class=\"ngg-gallery-thumbnail-box\n\t\t\t\t\t\t\t\t\t\t\t\"\n\t\t\t>\n\t\t\t\t\t\t<div class=\"ngg-gallery-thumbnail\">\n\t\t<a href=\"https:\/\/www.aclanester56.com\/velo\/wp-content\/gallery\/finale-samedi-2015\/finale-piste-WB-2015-46.jpg?t=1423344772\"\n\t\t\ttitle=\" \"\n\t\t\tdata-src=\"https:\/\/www.aclanester56.com\/velo\/wp-content\/gallery\/finale-samedi-2015\/finale-piste-WB-2015-46.jpg?t=1423344772\"\n\t\t\tdata-thumbnail=\"https:\/\/www.aclanester56.com\/velo\/wp-content\/gallery\/finale-samedi-2015\/thumbs\/thumbs_finale-piste-WB-2015-46.jpg?t=1423344772\"\n\t\t\tdata-image-id=\"7286\"\n\t\t\tdata-image-name=\"finale-piste-WB-2015-46.jpg\"\n\t\t\tdata-title=\"finale-piste-WB-2015-46\"\n\t\t\tdata-description=\" \"\n\t\t\tdata-image-slug=\"finale-piste-wb-2015-46\"\n\t\t\t\t\t\t\t\t\t\t\t\t\t\t\t\t\t\t\t\tclass=\"ngg-simplelightbox\" rel=\"bdf6db47e65f14f9a93819e5f9f3755b\">\n\t\t\t\t\t\t\t\t<img\n\t\t\t\t\ttitle=\"finale-piste-WB-2015-46\"\n\t\t\t\t\talt=\"finale-piste-WB-2015-46\"\n\t\t\t\t\tsrc=\"https:\/\/www.aclanester56.com\/velo\/wp-content\/gallery\/finale-samedi-2015\/thumbs\/thumbs_finale-piste-WB-2015-46.jpg?t=1423344772\"\n\t\t\t\t\twidth=\"100\"\n\t\t\t\t\theight=\"100\"\n\t\t\t\t\tstyle=\"max-width:100%;\"\n\t\t\t\t\/>\n\t\t\t<\/a>\n\t\t<\/div>\n\t\t\t\t\t\t\t<\/div>\n\t\t\t\n\t\t\t\t<div id=\"ngg-image-44\" class=\"ngg-gallery-thumbnail-box\n\t\t\t\t\t\t\t\t\t\t\t\"\n\t\t\t>\n\t\t\t\t\t\t<div class=\"ngg-gallery-thumbnail\">\n\t\t<a href=\"https:\/\/www.aclanester56.com\/velo\/wp-content\/gallery\/finale-samedi-2015\/finale-piste-WB-2015-47.jpg?t=1423344774\"\n\t\t\ttitle=\" \"\n\t\t\tdata-src=\"https:\/\/www.aclanester56.com\/velo\/wp-content\/gallery\/finale-samedi-2015\/finale-piste-WB-2015-47.jpg?t=1423344774\"\n\t\t\tdata-thumbnail=\"https:\/\/www.aclanester56.com\/velo\/wp-content\/gallery\/finale-samedi-2015\/thumbs\/thumbs_finale-piste-WB-2015-47.jpg?t=1423344774\"\n\t\t\tdata-image-id=\"7287\"\n\t\t\tdata-image-name=\"finale-piste-WB-2015-47.jpg\"\n\t\t\tdata-title=\"finale-piste-WB-2015-47\"\n\t\t\tdata-description=\" \"\n\t\t\tdata-image-slug=\"finale-piste-wb-2015-47\"\n\t\t\t\t\t\t\t\t\t\t\t\t\t\t\t\t\t\t\t\tclass=\"ngg-simplelightbox\" rel=\"bdf6db47e65f14f9a93819e5f9f3755b\">\n\t\t\t\t\t\t\t\t<img\n\t\t\t\t\ttitle=\"finale-piste-WB-2015-47\"\n\t\t\t\t\talt=\"finale-piste-WB-2015-47\"\n\t\t\t\t\tsrc=\"https:\/\/www.aclanester56.com\/velo\/wp-content\/gallery\/finale-samedi-2015\/thumbs\/thumbs_finale-piste-WB-2015-47.jpg?t=1423344774\"\n\t\t\t\t\twidth=\"100\"\n\t\t\t\t\theight=\"100\"\n\t\t\t\t\tstyle=\"max-width:100%;\"\n\t\t\t\t\/>\n\t\t\t<\/a>\n\t\t<\/div>\n\t\t\t\t\t\t\t<\/div>\n\t\t\t\n\t\t\t\t<div id=\"ngg-image-45\" class=\"ngg-gallery-thumbnail-box\n\t\t\t\t\t\t\t\t\t\t\t\"\n\t\t\t>\n\t\t\t\t\t\t<div class=\"ngg-gallery-thumbnail\">\n\t\t<a href=\"https:\/\/www.aclanester56.com\/velo\/wp-content\/gallery\/finale-samedi-2015\/finale-piste-WB-2015-48.jpg?t=1423344777\"\n\t\t\ttitle=\" \"\n\t\t\tdata-src=\"https:\/\/www.aclanester56.com\/velo\/wp-content\/gallery\/finale-samedi-2015\/finale-piste-WB-2015-48.jpg?t=1423344777\"\n\t\t\tdata-thumbnail=\"https:\/\/www.aclanester56.com\/velo\/wp-content\/gallery\/finale-samedi-2015\/thumbs\/thumbs_finale-piste-WB-2015-48.jpg?t=1423344777\"\n\t\t\tdata-image-id=\"7288\"\n\t\t\tdata-image-name=\"finale-piste-WB-2015-48.jpg\"\n\t\t\tdata-title=\"finale-piste-WB-2015-48\"\n\t\t\tdata-description=\" \"\n\t\t\tdata-image-slug=\"finale-piste-wb-2015-48\"\n\t\t\t\t\t\t\t\t\t\t\t\t\t\t\t\t\t\t\t\tclass=\"ngg-simplelightbox\" rel=\"bdf6db47e65f14f9a93819e5f9f3755b\">\n\t\t\t\t\t\t\t\t<img\n\t\t\t\t\ttitle=\"finale-piste-WB-2015-48\"\n\t\t\t\t\talt=\"finale-piste-WB-2015-48\"\n\t\t\t\t\tsrc=\"https:\/\/www.aclanester56.com\/velo\/wp-content\/gallery\/finale-samedi-2015\/thumbs\/thumbs_finale-piste-WB-2015-48.jpg?t=1423344777\"\n\t\t\t\t\twidth=\"100\"\n\t\t\t\t\theight=\"100\"\n\t\t\t\t\tstyle=\"max-width:100%;\"\n\t\t\t\t\/>\n\t\t\t<\/a>\n\t\t<\/div>\n\t\t\t\t\t\t\t<\/div>\n\t\t\t\n\t\t\t\t<div id=\"ngg-image-46\" class=\"ngg-gallery-thumbnail-box\n\t\t\t\t\t\t\t\t\t\t\t\"\n\t\t\t>\n\t\t\t\t\t\t<div class=\"ngg-gallery-thumbnail\">\n\t\t<a href=\"https:\/\/www.aclanester56.com\/velo\/wp-content\/gallery\/finale-samedi-2015\/finale-piste-WB-2015-49.jpg?t=1423344780\"\n\t\t\ttitle=\" \"\n\t\t\tdata-src=\"https:\/\/www.aclanester56.com\/velo\/wp-content\/gallery\/finale-samedi-2015\/finale-piste-WB-2015-49.jpg?t=1423344780\"\n\t\t\tdata-thumbnail=\"https:\/\/www.aclanester56.com\/velo\/wp-content\/gallery\/finale-samedi-2015\/thumbs\/thumbs_finale-piste-WB-2015-49.jpg?t=1423344780\"\n\t\t\tdata-image-id=\"7289\"\n\t\t\tdata-image-name=\"finale-piste-WB-2015-49.jpg\"\n\t\t\tdata-title=\"finale-piste-WB-2015-49\"\n\t\t\tdata-description=\" \"\n\t\t\tdata-image-slug=\"finale-piste-wb-2015-49\"\n\t\t\t\t\t\t\t\t\t\t\t\t\t\t\t\t\t\t\t\tclass=\"ngg-simplelightbox\" rel=\"bdf6db47e65f14f9a93819e5f9f3755b\">\n\t\t\t\t\t\t\t\t<img\n\t\t\t\t\ttitle=\"finale-piste-WB-2015-49\"\n\t\t\t\t\talt=\"finale-piste-WB-2015-49\"\n\t\t\t\t\tsrc=\"https:\/\/www.aclanester56.com\/velo\/wp-content\/gallery\/finale-samedi-2015\/thumbs\/thumbs_finale-piste-WB-2015-49.jpg?t=1423344780\"\n\t\t\t\t\twidth=\"100\"\n\t\t\t\t\theight=\"100\"\n\t\t\t\t\tstyle=\"max-width:100%;\"\n\t\t\t\t\/>\n\t\t\t<\/a>\n\t\t<\/div>\n\t\t\t\t\t\t\t<\/div>\n\t\t\t\n\t\t\t\t<div id=\"ngg-image-47\" class=\"ngg-gallery-thumbnail-box\n\t\t\t\t\t\t\t\t\t\t\t\"\n\t\t\t>\n\t\t\t\t\t\t<div class=\"ngg-gallery-thumbnail\">\n\t\t<a href=\"https:\/\/www.aclanester56.com\/velo\/wp-content\/gallery\/finale-samedi-2015\/finale-piste-WB-2015-50.jpg?t=1423344783\"\n\t\t\ttitle=\" \"\n\t\t\tdata-src=\"https:\/\/www.aclanester56.com\/velo\/wp-content\/gallery\/finale-samedi-2015\/finale-piste-WB-2015-50.jpg?t=1423344783\"\n\t\t\tdata-thumbnail=\"https:\/\/www.aclanester56.com\/velo\/wp-content\/gallery\/finale-samedi-2015\/thumbs\/thumbs_finale-piste-WB-2015-50.jpg?t=1423344783\"\n\t\t\tdata-image-id=\"7290\"\n\t\t\tdata-image-name=\"finale-piste-WB-2015-50.jpg\"\n\t\t\tdata-title=\"finale-piste-WB-2015-50\"\n\t\t\tdata-description=\" \"\n\t\t\tdata-image-slug=\"finale-piste-wb-2015-50\"\n\t\t\t\t\t\t\t\t\t\t\t\t\t\t\t\t\t\t\t\tclass=\"ngg-simplelightbox\" rel=\"bdf6db47e65f14f9a93819e5f9f3755b\">\n\t\t\t\t\t\t\t\t<img\n\t\t\t\t\ttitle=\"finale-piste-WB-2015-50\"\n\t\t\t\t\talt=\"finale-piste-WB-2015-50\"\n\t\t\t\t\tsrc=\"https:\/\/www.aclanester56.com\/velo\/wp-content\/gallery\/finale-samedi-2015\/thumbs\/thumbs_finale-piste-WB-2015-50.jpg?t=1423344783\"\n\t\t\t\t\twidth=\"100\"\n\t\t\t\t\theight=\"100\"\n\t\t\t\t\tstyle=\"max-width:100%;\"\n\t\t\t\t\/>\n\t\t\t<\/a>\n\t\t<\/div>\n\t\t\t\t\t\t\t<\/div>\n\t\t\t\n\t\t\t\t<div id=\"ngg-image-48\" class=\"ngg-gallery-thumbnail-box\n\t\t\t\t\t\t\t\t\t\t\t\"\n\t\t\t>\n\t\t\t\t\t\t<div class=\"ngg-gallery-thumbnail\">\n\t\t<a href=\"https:\/\/www.aclanester56.com\/velo\/wp-content\/gallery\/finale-samedi-2015\/finale-piste-WB-2015-52.jpg?t=1423344785\"\n\t\t\ttitle=\" \"\n\t\t\tdata-src=\"https:\/\/www.aclanester56.com\/velo\/wp-content\/gallery\/finale-samedi-2015\/finale-piste-WB-2015-52.jpg?t=1423344785\"\n\t\t\tdata-thumbnail=\"https:\/\/www.aclanester56.com\/velo\/wp-content\/gallery\/finale-samedi-2015\/thumbs\/thumbs_finale-piste-WB-2015-52.jpg?t=1423344785\"\n\t\t\tdata-image-id=\"7291\"\n\t\t\tdata-image-name=\"finale-piste-WB-2015-52.jpg\"\n\t\t\tdata-title=\"finale-piste-WB-2015-52\"\n\t\t\tdata-description=\" \"\n\t\t\tdata-image-slug=\"finale-piste-wb-2015-52\"\n\t\t\t\t\t\t\t\t\t\t\t\t\t\t\t\t\t\t\t\tclass=\"ngg-simplelightbox\" rel=\"bdf6db47e65f14f9a93819e5f9f3755b\">\n\t\t\t\t\t\t\t\t<img\n\t\t\t\t\ttitle=\"finale-piste-WB-2015-52\"\n\t\t\t\t\talt=\"finale-piste-WB-2015-52\"\n\t\t\t\t\tsrc=\"https:\/\/www.aclanester56.com\/velo\/wp-content\/gallery\/finale-samedi-2015\/thumbs\/thumbs_finale-piste-WB-2015-52.jpg?t=1423344785\"\n\t\t\t\t\twidth=\"100\"\n\t\t\t\t\theight=\"100\"\n\t\t\t\t\tstyle=\"max-width:100%;\"\n\t\t\t\t\/>\n\t\t\t<\/a>\n\t\t<\/div>\n\t\t\t\t\t\t\t<\/div>\n\t\t\t\n\t\t\t\t<div id=\"ngg-image-49\" class=\"ngg-gallery-thumbnail-box\n\t\t\t\t\t\t\t\t\t\t\t\"\n\t\t\t>\n\t\t\t\t\t\t<div class=\"ngg-gallery-thumbnail\">\n\t\t<a href=\"https:\/\/www.aclanester56.com\/velo\/wp-content\/gallery\/finale-samedi-2015\/finale-piste-WB-2015-53.jpg?t=1423344788\"\n\t\t\ttitle=\" \"\n\t\t\tdata-src=\"https:\/\/www.aclanester56.com\/velo\/wp-content\/gallery\/finale-samedi-2015\/finale-piste-WB-2015-53.jpg?t=1423344788\"\n\t\t\tdata-thumbnail=\"https:\/\/www.aclanester56.com\/velo\/wp-content\/gallery\/finale-samedi-2015\/thumbs\/thumbs_finale-piste-WB-2015-53.jpg?t=1423344788\"\n\t\t\tdata-image-id=\"7292\"\n\t\t\tdata-image-name=\"finale-piste-WB-2015-53.jpg\"\n\t\t\tdata-title=\"finale-piste-WB-2015-53\"\n\t\t\tdata-description=\" \"\n\t\t\tdata-image-slug=\"finale-piste-wb-2015-53\"\n\t\t\t\t\t\t\t\t\t\t\t\t\t\t\t\t\t\t\t\tclass=\"ngg-simplelightbox\" rel=\"bdf6db47e65f14f9a93819e5f9f3755b\">\n\t\t\t\t\t\t\t\t<img\n\t\t\t\t\ttitle=\"finale-piste-WB-2015-53\"\n\t\t\t\t\talt=\"finale-piste-WB-2015-53\"\n\t\t\t\t\tsrc=\"https:\/\/www.aclanester56.com\/velo\/wp-content\/gallery\/finale-samedi-2015\/thumbs\/thumbs_finale-piste-WB-2015-53.jpg?t=1423344788\"\n\t\t\t\t\twidth=\"100\"\n\t\t\t\t\theight=\"100\"\n\t\t\t\t\tstyle=\"max-width:100%;\"\n\t\t\t\t\/>\n\t\t\t<\/a>\n\t\t<\/div>\n\t\t\t\t\t\t\t<\/div>\n\t\t\t\n\t\t\t\t<div id=\"ngg-image-50\" class=\"ngg-gallery-thumbnail-box\n\t\t\t\t\t\t\t\t\t\t\t\"\n\t\t\t>\n\t\t\t\t\t\t<div class=\"ngg-gallery-thumbnail\">\n\t\t<a href=\"https:\/\/www.aclanester56.com\/velo\/wp-content\/gallery\/finale-samedi-2015\/finale-piste-WB-2015-54.jpg?t=1423344791\"\n\t\t\ttitle=\" \"\n\t\t\tdata-src=\"https:\/\/www.aclanester56.com\/velo\/wp-content\/gallery\/finale-samedi-2015\/finale-piste-WB-2015-54.jpg?t=1423344791\"\n\t\t\tdata-thumbnail=\"https:\/\/www.aclanester56.com\/velo\/wp-content\/gallery\/finale-samedi-2015\/thumbs\/thumbs_finale-piste-WB-2015-54.jpg?t=1423344791\"\n\t\t\tdata-image-id=\"7293\"\n\t\t\tdata-image-name=\"finale-piste-WB-2015-54.jpg\"\n\t\t\tdata-title=\"finale-piste-WB-2015-54\"\n\t\t\tdata-description=\" \"\n\t\t\tdata-image-slug=\"finale-piste-wb-2015-54\"\n\t\t\t\t\t\t\t\t\t\t\t\t\t\t\t\t\t\t\t\tclass=\"ngg-simplelightbox\" rel=\"bdf6db47e65f14f9a93819e5f9f3755b\">\n\t\t\t\t\t\t\t\t<img\n\t\t\t\t\ttitle=\"finale-piste-WB-2015-54\"\n\t\t\t\t\talt=\"finale-piste-WB-2015-54\"\n\t\t\t\t\tsrc=\"https:\/\/www.aclanester56.com\/velo\/wp-content\/gallery\/finale-samedi-2015\/thumbs\/thumbs_finale-piste-WB-2015-54.jpg?t=1423344791\"\n\t\t\t\t\twidth=\"100\"\n\t\t\t\t\theight=\"100\"\n\t\t\t\t\tstyle=\"max-width:100%;\"\n\t\t\t\t\/>\n\t\t\t<\/a>\n\t\t<\/div>\n\t\t\t\t\t\t\t<\/div>\n\t\t\t\n\t\t\t\t<div id=\"ngg-image-51\" class=\"ngg-gallery-thumbnail-box\n\t\t\t\t\t\t\t\t\t\t\t\"\n\t\t\t>\n\t\t\t\t\t\t<div class=\"ngg-gallery-thumbnail\">\n\t\t<a href=\"https:\/\/www.aclanester56.com\/velo\/wp-content\/gallery\/finale-samedi-2015\/finale-piste-WB-2015-55.jpg?t=1423344793\"\n\t\t\ttitle=\" \"\n\t\t\tdata-src=\"https:\/\/www.aclanester56.com\/velo\/wp-content\/gallery\/finale-samedi-2015\/finale-piste-WB-2015-55.jpg?t=1423344793\"\n\t\t\tdata-thumbnail=\"https:\/\/www.aclanester56.com\/velo\/wp-content\/gallery\/finale-samedi-2015\/thumbs\/thumbs_finale-piste-WB-2015-55.jpg?t=1423344793\"\n\t\t\tdata-image-id=\"7294\"\n\t\t\tdata-image-name=\"finale-piste-WB-2015-55.jpg\"\n\t\t\tdata-title=\"finale-piste-WB-2015-55\"\n\t\t\tdata-description=\" \"\n\t\t\tdata-image-slug=\"finale-piste-wb-2015-55\"\n\t\t\t\t\t\t\t\t\t\t\t\t\t\t\t\t\t\t\t\tclass=\"ngg-simplelightbox\" rel=\"bdf6db47e65f14f9a93819e5f9f3755b\">\n\t\t\t\t\t\t\t\t<img\n\t\t\t\t\ttitle=\"finale-piste-WB-2015-55\"\n\t\t\t\t\talt=\"finale-piste-WB-2015-55\"\n\t\t\t\t\tsrc=\"https:\/\/www.aclanester56.com\/velo\/wp-content\/gallery\/finale-samedi-2015\/thumbs\/thumbs_finale-piste-WB-2015-55.jpg?t=1423344793\"\n\t\t\t\t\twidth=\"100\"\n\t\t\t\t\theight=\"100\"\n\t\t\t\t\tstyle=\"max-width:100%;\"\n\t\t\t\t\/>\n\t\t\t<\/a>\n\t\t<\/div>\n\t\t\t\t\t\t\t<\/div>\n\t\t\t\n\t\t\t\t<div id=\"ngg-image-52\" class=\"ngg-gallery-thumbnail-box\n\t\t\t\t\t\t\t\t\t\t\t\"\n\t\t\t>\n\t\t\t\t\t\t<div class=\"ngg-gallery-thumbnail\">\n\t\t<a href=\"https:\/\/www.aclanester56.com\/velo\/wp-content\/gallery\/finale-samedi-2015\/finale-piste-WB-2015-56.jpg?t=1423344796\"\n\t\t\ttitle=\" \"\n\t\t\tdata-src=\"https:\/\/www.aclanester56.com\/velo\/wp-content\/gallery\/finale-samedi-2015\/finale-piste-WB-2015-56.jpg?t=1423344796\"\n\t\t\tdata-thumbnail=\"https:\/\/www.aclanester56.com\/velo\/wp-content\/gallery\/finale-samedi-2015\/thumbs\/thumbs_finale-piste-WB-2015-56.jpg?t=1423344796\"\n\t\t\tdata-image-id=\"7295\"\n\t\t\tdata-image-name=\"finale-piste-WB-2015-56.jpg\"\n\t\t\tdata-title=\"finale-piste-WB-2015-56\"\n\t\t\tdata-description=\" \"\n\t\t\tdata-image-slug=\"finale-piste-wb-2015-56\"\n\t\t\t\t\t\t\t\t\t\t\t\t\t\t\t\t\t\t\t\tclass=\"ngg-simplelightbox\" rel=\"bdf6db47e65f14f9a93819e5f9f3755b\">\n\t\t\t\t\t\t\t\t<img\n\t\t\t\t\ttitle=\"finale-piste-WB-2015-56\"\n\t\t\t\t\talt=\"finale-piste-WB-2015-56\"\n\t\t\t\t\tsrc=\"https:\/\/www.aclanester56.com\/velo\/wp-content\/gallery\/finale-samedi-2015\/thumbs\/thumbs_finale-piste-WB-2015-56.jpg?t=1423344796\"\n\t\t\t\t\twidth=\"100\"\n\t\t\t\t\theight=\"100\"\n\t\t\t\t\tstyle=\"max-width:100%;\"\n\t\t\t\t\/>\n\t\t\t<\/a>\n\t\t<\/div>\n\t\t\t\t\t\t\t<\/div>\n\t\t\t\n\t\t\t\t<div id=\"ngg-image-53\" class=\"ngg-gallery-thumbnail-box\n\t\t\t\t\t\t\t\t\t\t\t\"\n\t\t\t>\n\t\t\t\t\t\t<div class=\"ngg-gallery-thumbnail\">\n\t\t<a href=\"https:\/\/www.aclanester56.com\/velo\/wp-content\/gallery\/finale-samedi-2015\/finale-piste-WB-2015-57.jpg?t=1423344797\"\n\t\t\ttitle=\" \"\n\t\t\tdata-src=\"https:\/\/www.aclanester56.com\/velo\/wp-content\/gallery\/finale-samedi-2015\/finale-piste-WB-2015-57.jpg?t=1423344797\"\n\t\t\tdata-thumbnail=\"https:\/\/www.aclanester56.com\/velo\/wp-content\/gallery\/finale-samedi-2015\/thumbs\/thumbs_finale-piste-WB-2015-57.jpg?t=1423344797\"\n\t\t\tdata-image-id=\"7296\"\n\t\t\tdata-image-name=\"finale-piste-WB-2015-57.jpg\"\n\t\t\tdata-title=\"finale-piste-WB-2015-57\"\n\t\t\tdata-description=\" \"\n\t\t\tdata-image-slug=\"finale-piste-wb-2015-57\"\n\t\t\t\t\t\t\t\t\t\t\t\t\t\t\t\t\t\t\t\tclass=\"ngg-simplelightbox\" rel=\"bdf6db47e65f14f9a93819e5f9f3755b\">\n\t\t\t\t\t\t\t\t<img\n\t\t\t\t\ttitle=\"finale-piste-WB-2015-57\"\n\t\t\t\t\talt=\"finale-piste-WB-2015-57\"\n\t\t\t\t\tsrc=\"https:\/\/www.aclanester56.com\/velo\/wp-content\/gallery\/finale-samedi-2015\/thumbs\/thumbs_finale-piste-WB-2015-57.jpg?t=1423344797\"\n\t\t\t\t\twidth=\"100\"\n\t\t\t\t\theight=\"100\"\n\t\t\t\t\tstyle=\"max-width:100%;\"\n\t\t\t\t\/>\n\t\t\t<\/a>\n\t\t<\/div>\n\t\t\t\t\t\t\t<\/div>\n\t\t\t\n\t\t\t\t<div id=\"ngg-image-54\" class=\"ngg-gallery-thumbnail-box\n\t\t\t\t\t\t\t\t\t\t\t\"\n\t\t\t>\n\t\t\t\t\t\t<div class=\"ngg-gallery-thumbnail\">\n\t\t<a href=\"https:\/\/www.aclanester56.com\/velo\/wp-content\/gallery\/finale-samedi-2015\/finale-piste-WB-2015-58.jpg?t=1423344799\"\n\t\t\ttitle=\" \"\n\t\t\tdata-src=\"https:\/\/www.aclanester56.com\/velo\/wp-content\/gallery\/finale-samedi-2015\/finale-piste-WB-2015-58.jpg?t=1423344799\"\n\t\t\tdata-thumbnail=\"https:\/\/www.aclanester56.com\/velo\/wp-content\/gallery\/finale-samedi-2015\/thumbs\/thumbs_finale-piste-WB-2015-58.jpg?t=1423344799\"\n\t\t\tdata-image-id=\"7297\"\n\t\t\tdata-image-name=\"finale-piste-WB-2015-58.jpg\"\n\t\t\tdata-title=\"finale-piste-WB-2015-58\"\n\t\t\tdata-description=\" \"\n\t\t\tdata-image-slug=\"finale-piste-wb-2015-58\"\n\t\t\t\t\t\t\t\t\t\t\t\t\t\t\t\t\t\t\t\tclass=\"ngg-simplelightbox\" rel=\"bdf6db47e65f14f9a93819e5f9f3755b\">\n\t\t\t\t\t\t\t\t<img\n\t\t\t\t\ttitle=\"finale-piste-WB-2015-58\"\n\t\t\t\t\talt=\"finale-piste-WB-2015-58\"\n\t\t\t\t\tsrc=\"https:\/\/www.aclanester56.com\/velo\/wp-content\/gallery\/finale-samedi-2015\/thumbs\/thumbs_finale-piste-WB-2015-58.jpg?t=1423344799\"\n\t\t\t\t\twidth=\"100\"\n\t\t\t\t\theight=\"100\"\n\t\t\t\t\tstyle=\"max-width:100%;\"\n\t\t\t\t\/>\n\t\t\t<\/a>\n\t\t<\/div>\n\t\t\t\t\t\t\t<\/div>\n\t\t\t\n\t\t\t\t<div id=\"ngg-image-55\" class=\"ngg-gallery-thumbnail-box\n\t\t\t\t\t\t\t\t\t\t\t\"\n\t\t\t>\n\t\t\t\t\t\t<div class=\"ngg-gallery-thumbnail\">\n\t\t<a href=\"https:\/\/www.aclanester56.com\/velo\/wp-content\/gallery\/finale-samedi-2015\/finale-piste-WB-2015-59.jpg?t=1423344802\"\n\t\t\ttitle=\" \"\n\t\t\tdata-src=\"https:\/\/www.aclanester56.com\/velo\/wp-content\/gallery\/finale-samedi-2015\/finale-piste-WB-2015-59.jpg?t=1423344802\"\n\t\t\tdata-thumbnail=\"https:\/\/www.aclanester56.com\/velo\/wp-content\/gallery\/finale-samedi-2015\/thumbs\/thumbs_finale-piste-WB-2015-59.jpg?t=1423344802\"\n\t\t\tdata-image-id=\"7298\"\n\t\t\tdata-image-name=\"finale-piste-WB-2015-59.jpg\"\n\t\t\tdata-title=\"finale-piste-WB-2015-59\"\n\t\t\tdata-description=\" \"\n\t\t\tdata-image-slug=\"finale-piste-wb-2015-59\"\n\t\t\t\t\t\t\t\t\t\t\t\t\t\t\t\t\t\t\t\tclass=\"ngg-simplelightbox\" rel=\"bdf6db47e65f14f9a93819e5f9f3755b\">\n\t\t\t\t\t\t\t\t<img\n\t\t\t\t\ttitle=\"finale-piste-WB-2015-59\"\n\t\t\t\t\talt=\"finale-piste-WB-2015-59\"\n\t\t\t\t\tsrc=\"https:\/\/www.aclanester56.com\/velo\/wp-content\/gallery\/finale-samedi-2015\/thumbs\/thumbs_finale-piste-WB-2015-59.jpg?t=1423344802\"\n\t\t\t\t\twidth=\"100\"\n\t\t\t\t\theight=\"100\"\n\t\t\t\t\tstyle=\"max-width:100%;\"\n\t\t\t\t\/>\n\t\t\t<\/a>\n\t\t<\/div>\n\t\t\t\t\t\t\t<\/div>\n\t\t\t\n\t\t\t\t<div id=\"ngg-image-56\" class=\"ngg-gallery-thumbnail-box\n\t\t\t\t\t\t\t\t\t\t\t\"\n\t\t\t>\n\t\t\t\t\t\t<div class=\"ngg-gallery-thumbnail\">\n\t\t<a href=\"https:\/\/www.aclanester56.com\/velo\/wp-content\/gallery\/finale-samedi-2015\/finale-piste-WB-2015-60.jpg?t=1423344805\"\n\t\t\ttitle=\" \"\n\t\t\tdata-src=\"https:\/\/www.aclanester56.com\/velo\/wp-content\/gallery\/finale-samedi-2015\/finale-piste-WB-2015-60.jpg?t=1423344805\"\n\t\t\tdata-thumbnail=\"https:\/\/www.aclanester56.com\/velo\/wp-content\/gallery\/finale-samedi-2015\/thumbs\/thumbs_finale-piste-WB-2015-60.jpg?t=1423344805\"\n\t\t\tdata-image-id=\"7299\"\n\t\t\tdata-image-name=\"finale-piste-WB-2015-60.jpg\"\n\t\t\tdata-title=\"finale-piste-WB-2015-60\"\n\t\t\tdata-description=\" \"\n\t\t\tdata-image-slug=\"finale-piste-wb-2015-60\"\n\t\t\t\t\t\t\t\t\t\t\t\t\t\t\t\t\t\t\t\tclass=\"ngg-simplelightbox\" rel=\"bdf6db47e65f14f9a93819e5f9f3755b\">\n\t\t\t\t\t\t\t\t<img\n\t\t\t\t\ttitle=\"finale-piste-WB-2015-60\"\n\t\t\t\t\talt=\"finale-piste-WB-2015-60\"\n\t\t\t\t\tsrc=\"https:\/\/www.aclanester56.com\/velo\/wp-content\/gallery\/finale-samedi-2015\/thumbs\/thumbs_finale-piste-WB-2015-60.jpg?t=1423344805\"\n\t\t\t\t\twidth=\"100\"\n\t\t\t\t\theight=\"100\"\n\t\t\t\t\tstyle=\"max-width:100%;\"\n\t\t\t\t\/>\n\t\t\t<\/a>\n\t\t<\/div>\n\t\t\t\t\t\t\t<\/div>\n\t\t\t\n\t\t\t\t<div id=\"ngg-image-57\" class=\"ngg-gallery-thumbnail-box\n\t\t\t\t\t\t\t\t\t\t\t\"\n\t\t\t>\n\t\t\t\t\t\t<div class=\"ngg-gallery-thumbnail\">\n\t\t<a href=\"https:\/\/www.aclanester56.com\/velo\/wp-content\/gallery\/finale-samedi-2015\/finale-piste-WB-2015-61.jpg?t=1423344808\"\n\t\t\ttitle=\" \"\n\t\t\tdata-src=\"https:\/\/www.aclanester56.com\/velo\/wp-content\/gallery\/finale-samedi-2015\/finale-piste-WB-2015-61.jpg?t=1423344808\"\n\t\t\tdata-thumbnail=\"https:\/\/www.aclanester56.com\/velo\/wp-content\/gallery\/finale-samedi-2015\/thumbs\/thumbs_finale-piste-WB-2015-61.jpg?t=1423344808\"\n\t\t\tdata-image-id=\"7300\"\n\t\t\tdata-image-name=\"finale-piste-WB-2015-61.jpg\"\n\t\t\tdata-title=\"finale-piste-WB-2015-61\"\n\t\t\tdata-description=\" \"\n\t\t\tdata-image-slug=\"finale-piste-wb-2015-61\"\n\t\t\t\t\t\t\t\t\t\t\t\t\t\t\t\t\t\t\t\tclass=\"ngg-simplelightbox\" rel=\"bdf6db47e65f14f9a93819e5f9f3755b\">\n\t\t\t\t\t\t\t\t<img\n\t\t\t\t\ttitle=\"finale-piste-WB-2015-61\"\n\t\t\t\t\talt=\"finale-piste-WB-2015-61\"\n\t\t\t\t\tsrc=\"https:\/\/www.aclanester56.com\/velo\/wp-content\/gallery\/finale-samedi-2015\/thumbs\/thumbs_finale-piste-WB-2015-61.jpg?t=1423344808\"\n\t\t\t\t\twidth=\"100\"\n\t\t\t\t\theight=\"100\"\n\t\t\t\t\tstyle=\"max-width:100%;\"\n\t\t\t\t\/>\n\t\t\t<\/a>\n\t\t<\/div>\n\t\t\t\t\t\t\t<\/div>\n\t\t\t\n\t\t\t\t<div id=\"ngg-image-58\" class=\"ngg-gallery-thumbnail-box\n\t\t\t\t\t\t\t\t\t\t\t\"\n\t\t\t>\n\t\t\t\t\t\t<div class=\"ngg-gallery-thumbnail\">\n\t\t<a href=\"https:\/\/www.aclanester56.com\/velo\/wp-content\/gallery\/finale-samedi-2015\/finale-piste-WB-2015-62.jpg?t=1423344810\"\n\t\t\ttitle=\" \"\n\t\t\tdata-src=\"https:\/\/www.aclanester56.com\/velo\/wp-content\/gallery\/finale-samedi-2015\/finale-piste-WB-2015-62.jpg?t=1423344810\"\n\t\t\tdata-thumbnail=\"https:\/\/www.aclanester56.com\/velo\/wp-content\/gallery\/finale-samedi-2015\/thumbs\/thumbs_finale-piste-WB-2015-62.jpg?t=1423344810\"\n\t\t\tdata-image-id=\"7301\"\n\t\t\tdata-image-name=\"finale-piste-WB-2015-62.jpg\"\n\t\t\tdata-title=\"finale-piste-WB-2015-62\"\n\t\t\tdata-description=\" \"\n\t\t\tdata-image-slug=\"finale-piste-wb-2015-62\"\n\t\t\t\t\t\t\t\t\t\t\t\t\t\t\t\t\t\t\t\tclass=\"ngg-simplelightbox\" rel=\"bdf6db47e65f14f9a93819e5f9f3755b\">\n\t\t\t\t\t\t\t\t<img\n\t\t\t\t\ttitle=\"finale-piste-WB-2015-62\"\n\t\t\t\t\talt=\"finale-piste-WB-2015-62\"\n\t\t\t\t\tsrc=\"https:\/\/www.aclanester56.com\/velo\/wp-content\/gallery\/finale-samedi-2015\/thumbs\/thumbs_finale-piste-WB-2015-62.jpg?t=1423344810\"\n\t\t\t\t\twidth=\"100\"\n\t\t\t\t\theight=\"100\"\n\t\t\t\t\tstyle=\"max-width:100%;\"\n\t\t\t\t\/>\n\t\t\t<\/a>\n\t\t<\/div>\n\t\t\t\t\t\t\t<\/div>\n\t\t\t\n\t\t\t\t<div id=\"ngg-image-59\" class=\"ngg-gallery-thumbnail-box\n\t\t\t\t\t\t\t\t\t\t\t\"\n\t\t\t>\n\t\t\t\t\t\t<div class=\"ngg-gallery-thumbnail\">\n\t\t<a href=\"https:\/\/www.aclanester56.com\/velo\/wp-content\/gallery\/finale-samedi-2015\/finale-piste-WB-2015-63.jpg?t=1423344813\"\n\t\t\ttitle=\" \"\n\t\t\tdata-src=\"https:\/\/www.aclanester56.com\/velo\/wp-content\/gallery\/finale-samedi-2015\/finale-piste-WB-2015-63.jpg?t=1423344813\"\n\t\t\tdata-thumbnail=\"https:\/\/www.aclanester56.com\/velo\/wp-content\/gallery\/finale-samedi-2015\/thumbs\/thumbs_finale-piste-WB-2015-63.jpg?t=1423344813\"\n\t\t\tdata-image-id=\"7302\"\n\t\t\tdata-image-name=\"finale-piste-WB-2015-63.jpg\"\n\t\t\tdata-title=\"finale-piste-WB-2015-63\"\n\t\t\tdata-description=\" \"\n\t\t\tdata-image-slug=\"finale-piste-wb-2015-63-2\"\n\t\t\t\t\t\t\t\t\t\t\t\t\t\t\t\t\t\t\t\tclass=\"ngg-simplelightbox\" rel=\"bdf6db47e65f14f9a93819e5f9f3755b\">\n\t\t\t\t\t\t\t\t<img\n\t\t\t\t\ttitle=\"finale-piste-WB-2015-63\"\n\t\t\t\t\talt=\"finale-piste-WB-2015-63\"\n\t\t\t\t\tsrc=\"https:\/\/www.aclanester56.com\/velo\/wp-content\/gallery\/finale-samedi-2015\/thumbs\/thumbs_finale-piste-WB-2015-63.jpg?t=1423344813\"\n\t\t\t\t\twidth=\"100\"\n\t\t\t\t\theight=\"100\"\n\t\t\t\t\tstyle=\"max-width:100%;\"\n\t\t\t\t\/>\n\t\t\t<\/a>\n\t\t<\/div>\n\t\t\t\t\t\t\t<\/div>\n\t\t\t\n\t\t\t\t<div id=\"ngg-image-60\" class=\"ngg-gallery-thumbnail-box\n\t\t\t\t\t\t\t\t\t\t\t\"\n\t\t\t>\n\t\t\t\t\t\t<div class=\"ngg-gallery-thumbnail\">\n\t\t<a href=\"https:\/\/www.aclanester56.com\/velo\/wp-content\/gallery\/finale-samedi-2015\/finale-piste-WB-2015-64.jpg?t=1423344815\"\n\t\t\ttitle=\" \"\n\t\t\tdata-src=\"https:\/\/www.aclanester56.com\/velo\/wp-content\/gallery\/finale-samedi-2015\/finale-piste-WB-2015-64.jpg?t=1423344815\"\n\t\t\tdata-thumbnail=\"https:\/\/www.aclanester56.com\/velo\/wp-content\/gallery\/finale-samedi-2015\/thumbs\/thumbs_finale-piste-WB-2015-64.jpg?t=1423344815\"\n\t\t\tdata-image-id=\"7303\"\n\t\t\tdata-image-name=\"finale-piste-WB-2015-64.jpg\"\n\t\t\tdata-title=\"finale-piste-WB-2015-64\"\n\t\t\tdata-description=\" \"\n\t\t\tdata-image-slug=\"finale-piste-wb-2015-64\"\n\t\t\t\t\t\t\t\t\t\t\t\t\t\t\t\t\t\t\t\tclass=\"ngg-simplelightbox\" rel=\"bdf6db47e65f14f9a93819e5f9f3755b\">\n\t\t\t\t\t\t\t\t<img\n\t\t\t\t\ttitle=\"finale-piste-WB-2015-64\"\n\t\t\t\t\talt=\"finale-piste-WB-2015-64\"\n\t\t\t\t\tsrc=\"https:\/\/www.aclanester56.com\/velo\/wp-content\/gallery\/finale-samedi-2015\/thumbs\/thumbs_finale-piste-WB-2015-64.jpg?t=1423344815\"\n\t\t\t\t\twidth=\"100\"\n\t\t\t\t\theight=\"100\"\n\t\t\t\t\tstyle=\"max-width:100%;\"\n\t\t\t\t\/>\n\t\t\t<\/a>\n\t\t<\/div>\n\t\t\t\t\t\t\t<\/div>\n\t\t\t\n\t\t\t\t<div id=\"ngg-image-61\" class=\"ngg-gallery-thumbnail-box\n\t\t\t\t\t\t\t\t\t\t\t\"\n\t\t\t>\n\t\t\t\t\t\t<div class=\"ngg-gallery-thumbnail\">\n\t\t<a href=\"https:\/\/www.aclanester56.com\/velo\/wp-content\/gallery\/finale-samedi-2015\/finale-piste-WB-2015-65.jpg?t=1423344817\"\n\t\t\ttitle=\" \"\n\t\t\tdata-src=\"https:\/\/www.aclanester56.com\/velo\/wp-content\/gallery\/finale-samedi-2015\/finale-piste-WB-2015-65.jpg?t=1423344817\"\n\t\t\tdata-thumbnail=\"https:\/\/www.aclanester56.com\/velo\/wp-content\/gallery\/finale-samedi-2015\/thumbs\/thumbs_finale-piste-WB-2015-65.jpg?t=1423344817\"\n\t\t\tdata-image-id=\"7304\"\n\t\t\tdata-image-name=\"finale-piste-WB-2015-65.jpg\"\n\t\t\tdata-title=\"finale-piste-WB-2015-65\"\n\t\t\tdata-description=\" \"\n\t\t\tdata-image-slug=\"finale-piste-wb-2015-65\"\n\t\t\t\t\t\t\t\t\t\t\t\t\t\t\t\t\t\t\t\tclass=\"ngg-simplelightbox\" rel=\"bdf6db47e65f14f9a93819e5f9f3755b\">\n\t\t\t\t\t\t\t\t<img\n\t\t\t\t\ttitle=\"finale-piste-WB-2015-65\"\n\t\t\t\t\talt=\"finale-piste-WB-2015-65\"\n\t\t\t\t\tsrc=\"https:\/\/www.aclanester56.com\/velo\/wp-content\/gallery\/finale-samedi-2015\/thumbs\/thumbs_finale-piste-WB-2015-65.jpg?t=1423344817\"\n\t\t\t\t\twidth=\"100\"\n\t\t\t\t\theight=\"100\"\n\t\t\t\t\tstyle=\"max-width:100%;\"\n\t\t\t\t\/>\n\t\t\t<\/a>\n\t\t<\/div>\n\t\t\t\t\t\t\t<\/div>\n\t\t\t\n\t\t\t\t<div id=\"ngg-image-62\" class=\"ngg-gallery-thumbnail-box\n\t\t\t\t\t\t\t\t\t\t\t\"\n\t\t\t>\n\t\t\t\t\t\t<div class=\"ngg-gallery-thumbnail\">\n\t\t<a href=\"https:\/\/www.aclanester56.com\/velo\/wp-content\/gallery\/finale-samedi-2015\/finale-piste-WB-2015-66.jpg?t=1423344819\"\n\t\t\ttitle=\" \"\n\t\t\tdata-src=\"https:\/\/www.aclanester56.com\/velo\/wp-content\/gallery\/finale-samedi-2015\/finale-piste-WB-2015-66.jpg?t=1423344819\"\n\t\t\tdata-thumbnail=\"https:\/\/www.aclanester56.com\/velo\/wp-content\/gallery\/finale-samedi-2015\/thumbs\/thumbs_finale-piste-WB-2015-66.jpg?t=1423344819\"\n\t\t\tdata-image-id=\"7305\"\n\t\t\tdata-image-name=\"finale-piste-WB-2015-66.jpg\"\n\t\t\tdata-title=\"finale-piste-WB-2015-66\"\n\t\t\tdata-description=\" \"\n\t\t\tdata-image-slug=\"finale-piste-wb-2015-66\"\n\t\t\t\t\t\t\t\t\t\t\t\t\t\t\t\t\t\t\t\tclass=\"ngg-simplelightbox\" rel=\"bdf6db47e65f14f9a93819e5f9f3755b\">\n\t\t\t\t\t\t\t\t<img\n\t\t\t\t\ttitle=\"finale-piste-WB-2015-66\"\n\t\t\t\t\talt=\"finale-piste-WB-2015-66\"\n\t\t\t\t\tsrc=\"https:\/\/www.aclanester56.com\/velo\/wp-content\/gallery\/finale-samedi-2015\/thumbs\/thumbs_finale-piste-WB-2015-66.jpg?t=1423344819\"\n\t\t\t\t\twidth=\"100\"\n\t\t\t\t\theight=\"100\"\n\t\t\t\t\tstyle=\"max-width:100%;\"\n\t\t\t\t\/>\n\t\t\t<\/a>\n\t\t<\/div>\n\t\t\t\t\t\t\t<\/div>\n\t\t\t\n\t\t\t\t<div id=\"ngg-image-63\" class=\"ngg-gallery-thumbnail-box\n\t\t\t\t\t\t\t\t\t\t\t\"\n\t\t\t>\n\t\t\t\t\t\t<div class=\"ngg-gallery-thumbnail\">\n\t\t<a href=\"https:\/\/www.aclanester56.com\/velo\/wp-content\/gallery\/finale-samedi-2015\/finale-piste-WB-2015-67.jpg?t=1423344821\"\n\t\t\ttitle=\" \"\n\t\t\tdata-src=\"https:\/\/www.aclanester56.com\/velo\/wp-content\/gallery\/finale-samedi-2015\/finale-piste-WB-2015-67.jpg?t=1423344821\"\n\t\t\tdata-thumbnail=\"https:\/\/www.aclanester56.com\/velo\/wp-content\/gallery\/finale-samedi-2015\/thumbs\/thumbs_finale-piste-WB-2015-67.jpg?t=1423344821\"\n\t\t\tdata-image-id=\"7306\"\n\t\t\tdata-image-name=\"finale-piste-WB-2015-67.jpg\"\n\t\t\tdata-title=\"finale-piste-WB-2015-67\"\n\t\t\tdata-description=\" \"\n\t\t\tdata-image-slug=\"finale-piste-wb-2015-67\"\n\t\t\t\t\t\t\t\t\t\t\t\t\t\t\t\t\t\t\t\tclass=\"ngg-simplelightbox\" rel=\"bdf6db47e65f14f9a93819e5f9f3755b\">\n\t\t\t\t\t\t\t\t<img\n\t\t\t\t\ttitle=\"finale-piste-WB-2015-67\"\n\t\t\t\t\talt=\"finale-piste-WB-2015-67\"\n\t\t\t\t\tsrc=\"https:\/\/www.aclanester56.com\/velo\/wp-content\/gallery\/finale-samedi-2015\/thumbs\/thumbs_finale-piste-WB-2015-67.jpg?t=1423344821\"\n\t\t\t\t\twidth=\"100\"\n\t\t\t\t\theight=\"100\"\n\t\t\t\t\tstyle=\"max-width:100%;\"\n\t\t\t\t\/>\n\t\t\t<\/a>\n\t\t<\/div>\n\t\t\t\t\t\t\t<\/div>\n\t\t\t\n\t\t\t\t<div id=\"ngg-image-64\" class=\"ngg-gallery-thumbnail-box\n\t\t\t\t\t\t\t\t\t\t\t\"\n\t\t\t>\n\t\t\t\t\t\t<div class=\"ngg-gallery-thumbnail\">\n\t\t<a href=\"https:\/\/www.aclanester56.com\/velo\/wp-content\/gallery\/finale-samedi-2015\/finale-piste-WB-2015-68.jpg?t=1423344823\"\n\t\t\ttitle=\" \"\n\t\t\tdata-src=\"https:\/\/www.aclanester56.com\/velo\/wp-content\/gallery\/finale-samedi-2015\/finale-piste-WB-2015-68.jpg?t=1423344823\"\n\t\t\tdata-thumbnail=\"https:\/\/www.aclanester56.com\/velo\/wp-content\/gallery\/finale-samedi-2015\/thumbs\/thumbs_finale-piste-WB-2015-68.jpg?t=1423344823\"\n\t\t\tdata-image-id=\"7307\"\n\t\t\tdata-image-name=\"finale-piste-WB-2015-68.jpg\"\n\t\t\tdata-title=\"finale-piste-WB-2015-68\"\n\t\t\tdata-description=\" \"\n\t\t\tdata-image-slug=\"finale-piste-wb-2015-68\"\n\t\t\t\t\t\t\t\t\t\t\t\t\t\t\t\t\t\t\t\tclass=\"ngg-simplelightbox\" rel=\"bdf6db47e65f14f9a93819e5f9f3755b\">\n\t\t\t\t\t\t\t\t<img\n\t\t\t\t\ttitle=\"finale-piste-WB-2015-68\"\n\t\t\t\t\talt=\"finale-piste-WB-2015-68\"\n\t\t\t\t\tsrc=\"https:\/\/www.aclanester56.com\/velo\/wp-content\/gallery\/finale-samedi-2015\/thumbs\/thumbs_finale-piste-WB-2015-68.jpg?t=1423344823\"\n\t\t\t\t\twidth=\"100\"\n\t\t\t\t\theight=\"100\"\n\t\t\t\t\tstyle=\"max-width:100%;\"\n\t\t\t\t\/>\n\t\t\t<\/a>\n\t\t<\/div>\n\t\t\t\t\t\t\t<\/div>\n\t\t\t\n\t\t\t\t<div id=\"ngg-image-65\" class=\"ngg-gallery-thumbnail-box\n\t\t\t\t\t\t\t\t\t\t\t\"\n\t\t\t>\n\t\t\t\t\t\t<div class=\"ngg-gallery-thumbnail\">\n\t\t<a href=\"https:\/\/www.aclanester56.com\/velo\/wp-content\/gallery\/finale-samedi-2015\/finale-piste-WB-2015-69.jpg?t=1423344825\"\n\t\t\ttitle=\" \"\n\t\t\tdata-src=\"https:\/\/www.aclanester56.com\/velo\/wp-content\/gallery\/finale-samedi-2015\/finale-piste-WB-2015-69.jpg?t=1423344825\"\n\t\t\tdata-thumbnail=\"https:\/\/www.aclanester56.com\/velo\/wp-content\/gallery\/finale-samedi-2015\/thumbs\/thumbs_finale-piste-WB-2015-69.jpg?t=1423344825\"\n\t\t\tdata-image-id=\"7308\"\n\t\t\tdata-image-name=\"finale-piste-WB-2015-69.jpg\"\n\t\t\tdata-title=\"finale-piste-WB-2015-69\"\n\t\t\tdata-description=\" \"\n\t\t\tdata-image-slug=\"finale-piste-wb-2015-69\"\n\t\t\t\t\t\t\t\t\t\t\t\t\t\t\t\t\t\t\t\tclass=\"ngg-simplelightbox\" rel=\"bdf6db47e65f14f9a93819e5f9f3755b\">\n\t\t\t\t\t\t\t\t<img\n\t\t\t\t\ttitle=\"finale-piste-WB-2015-69\"\n\t\t\t\t\talt=\"finale-piste-WB-2015-69\"\n\t\t\t\t\tsrc=\"https:\/\/www.aclanester56.com\/velo\/wp-content\/gallery\/finale-samedi-2015\/thumbs\/thumbs_finale-piste-WB-2015-69.jpg?t=1423344825\"\n\t\t\t\t\twidth=\"100\"\n\t\t\t\t\theight=\"100\"\n\t\t\t\t\tstyle=\"max-width:100%;\"\n\t\t\t\t\/>\n\t\t\t<\/a>\n\t\t<\/div>\n\t\t\t\t\t\t\t<\/div>\n\t\t\t\n\t\t\t\t<div id=\"ngg-image-66\" class=\"ngg-gallery-thumbnail-box\n\t\t\t\t\t\t\t\t\t\t\t\"\n\t\t\t>\n\t\t\t\t\t\t<div class=\"ngg-gallery-thumbnail\">\n\t\t<a href=\"https:\/\/www.aclanester56.com\/velo\/wp-content\/gallery\/finale-samedi-2015\/finale-piste-WB-2015-70.jpg?t=1423344828\"\n\t\t\ttitle=\" \"\n\t\t\tdata-src=\"https:\/\/www.aclanester56.com\/velo\/wp-content\/gallery\/finale-samedi-2015\/finale-piste-WB-2015-70.jpg?t=1423344828\"\n\t\t\tdata-thumbnail=\"https:\/\/www.aclanester56.com\/velo\/wp-content\/gallery\/finale-samedi-2015\/thumbs\/thumbs_finale-piste-WB-2015-70.jpg?t=1423344828\"\n\t\t\tdata-image-id=\"7309\"\n\t\t\tdata-image-name=\"finale-piste-WB-2015-70.jpg\"\n\t\t\tdata-title=\"finale-piste-WB-2015-70\"\n\t\t\tdata-description=\" \"\n\t\t\tdata-image-slug=\"finale-piste-wb-2015-70\"\n\t\t\t\t\t\t\t\t\t\t\t\t\t\t\t\t\t\t\t\tclass=\"ngg-simplelightbox\" rel=\"bdf6db47e65f14f9a93819e5f9f3755b\">\n\t\t\t\t\t\t\t\t<img\n\t\t\t\t\ttitle=\"finale-piste-WB-2015-70\"\n\t\t\t\t\talt=\"finale-piste-WB-2015-70\"\n\t\t\t\t\tsrc=\"https:\/\/www.aclanester56.com\/velo\/wp-content\/gallery\/finale-samedi-2015\/thumbs\/thumbs_finale-piste-WB-2015-70.jpg?t=1423344828\"\n\t\t\t\t\twidth=\"100\"\n\t\t\t\t\theight=\"100\"\n\t\t\t\t\tstyle=\"max-width:100%;\"\n\t\t\t\t\/>\n\t\t\t<\/a>\n\t\t<\/div>\n\t\t\t\t\t\t\t<\/div>\n\t\t\t\n\t\t\t\t<div id=\"ngg-image-67\" class=\"ngg-gallery-thumbnail-box\n\t\t\t\t\t\t\t\t\t\t\t\"\n\t\t\t>\n\t\t\t\t\t\t<div class=\"ngg-gallery-thumbnail\">\n\t\t<a href=\"https:\/\/www.aclanester56.com\/velo\/wp-content\/gallery\/finale-samedi-2015\/finale-piste-WB-2015-71.jpg?t=1423344830\"\n\t\t\ttitle=\" \"\n\t\t\tdata-src=\"https:\/\/www.aclanester56.com\/velo\/wp-content\/gallery\/finale-samedi-2015\/finale-piste-WB-2015-71.jpg?t=1423344830\"\n\t\t\tdata-thumbnail=\"https:\/\/www.aclanester56.com\/velo\/wp-content\/gallery\/finale-samedi-2015\/thumbs\/thumbs_finale-piste-WB-2015-71.jpg?t=1423344830\"\n\t\t\tdata-image-id=\"7310\"\n\t\t\tdata-image-name=\"finale-piste-WB-2015-71.jpg\"\n\t\t\tdata-title=\"finale-piste-WB-2015-71\"\n\t\t\tdata-description=\" \"\n\t\t\tdata-image-slug=\"finale-piste-wb-2015-71\"\n\t\t\t\t\t\t\t\t\t\t\t\t\t\t\t\t\t\t\t\tclass=\"ngg-simplelightbox\" rel=\"bdf6db47e65f14f9a93819e5f9f3755b\">\n\t\t\t\t\t\t\t\t<img\n\t\t\t\t\ttitle=\"finale-piste-WB-2015-71\"\n\t\t\t\t\talt=\"finale-piste-WB-2015-71\"\n\t\t\t\t\tsrc=\"https:\/\/www.aclanester56.com\/velo\/wp-content\/gallery\/finale-samedi-2015\/thumbs\/thumbs_finale-piste-WB-2015-71.jpg?t=1423344830\"\n\t\t\t\t\twidth=\"100\"\n\t\t\t\t\theight=\"100\"\n\t\t\t\t\tstyle=\"max-width:100%;\"\n\t\t\t\t\/>\n\t\t\t<\/a>\n\t\t<\/div>\n\t\t\t\t\t\t\t<\/div>\n\t\t\t\n\t\t\t\t<div id=\"ngg-image-68\" class=\"ngg-gallery-thumbnail-box\n\t\t\t\t\t\t\t\t\t\t\t\"\n\t\t\t>\n\t\t\t\t\t\t<div class=\"ngg-gallery-thumbnail\">\n\t\t<a href=\"https:\/\/www.aclanester56.com\/velo\/wp-content\/gallery\/finale-samedi-2015\/finale-piste-WB-2015-72.jpg?t=1423344832\"\n\t\t\ttitle=\" \"\n\t\t\tdata-src=\"https:\/\/www.aclanester56.com\/velo\/wp-content\/gallery\/finale-samedi-2015\/finale-piste-WB-2015-72.jpg?t=1423344832\"\n\t\t\tdata-thumbnail=\"https:\/\/www.aclanester56.com\/velo\/wp-content\/gallery\/finale-samedi-2015\/thumbs\/thumbs_finale-piste-WB-2015-72.jpg?t=1423344832\"\n\t\t\tdata-image-id=\"7311\"\n\t\t\tdata-image-name=\"finale-piste-WB-2015-72.jpg\"\n\t\t\tdata-title=\"finale-piste-WB-2015-72\"\n\t\t\tdata-description=\" \"\n\t\t\tdata-image-slug=\"finale-piste-wb-2015-72\"\n\t\t\t\t\t\t\t\t\t\t\t\t\t\t\t\t\t\t\t\tclass=\"ngg-simplelightbox\" rel=\"bdf6db47e65f14f9a93819e5f9f3755b\">\n\t\t\t\t\t\t\t\t<img\n\t\t\t\t\ttitle=\"finale-piste-WB-2015-72\"\n\t\t\t\t\talt=\"finale-piste-WB-2015-72\"\n\t\t\t\t\tsrc=\"https:\/\/www.aclanester56.com\/velo\/wp-content\/gallery\/finale-samedi-2015\/thumbs\/thumbs_finale-piste-WB-2015-72.jpg?t=1423344832\"\n\t\t\t\t\twidth=\"100\"\n\t\t\t\t\theight=\"100\"\n\t\t\t\t\tstyle=\"max-width:100%;\"\n\t\t\t\t\/>\n\t\t\t<\/a>\n\t\t<\/div>\n\t\t\t\t\t\t\t<\/div>\n\t\t\t\n\t\t\t\t<div id=\"ngg-image-69\" class=\"ngg-gallery-thumbnail-box\n\t\t\t\t\t\t\t\t\t\t\t\"\n\t\t\t>\n\t\t\t\t\t\t<div class=\"ngg-gallery-thumbnail\">\n\t\t<a href=\"https:\/\/www.aclanester56.com\/velo\/wp-content\/gallery\/finale-samedi-2015\/finale-piste-WB-2015-73.jpg?t=1423344835\"\n\t\t\ttitle=\" \"\n\t\t\tdata-src=\"https:\/\/www.aclanester56.com\/velo\/wp-content\/gallery\/finale-samedi-2015\/finale-piste-WB-2015-73.jpg?t=1423344835\"\n\t\t\tdata-thumbnail=\"https:\/\/www.aclanester56.com\/velo\/wp-content\/gallery\/finale-samedi-2015\/thumbs\/thumbs_finale-piste-WB-2015-73.jpg?t=1423344835\"\n\t\t\tdata-image-id=\"7312\"\n\t\t\tdata-image-name=\"finale-piste-WB-2015-73.jpg\"\n\t\t\tdata-title=\"finale-piste-WB-2015-73\"\n\t\t\tdata-description=\" \"\n\t\t\tdata-image-slug=\"finale-piste-wb-2015-73\"\n\t\t\t\t\t\t\t\t\t\t\t\t\t\t\t\t\t\t\t\tclass=\"ngg-simplelightbox\" rel=\"bdf6db47e65f14f9a93819e5f9f3755b\">\n\t\t\t\t\t\t\t\t<img\n\t\t\t\t\ttitle=\"finale-piste-WB-2015-73\"\n\t\t\t\t\talt=\"finale-piste-WB-2015-73\"\n\t\t\t\t\tsrc=\"https:\/\/www.aclanester56.com\/velo\/wp-content\/gallery\/finale-samedi-2015\/thumbs\/thumbs_finale-piste-WB-2015-73.jpg?t=1423344835\"\n\t\t\t\t\twidth=\"100\"\n\t\t\t\t\theight=\"100\"\n\t\t\t\t\tstyle=\"max-width:100%;\"\n\t\t\t\t\/>\n\t\t\t<\/a>\n\t\t<\/div>\n\t\t\t\t\t\t\t<\/div>\n\t\t\t\n\t\t\t\t<div id=\"ngg-image-70\" class=\"ngg-gallery-thumbnail-box\n\t\t\t\t\t\t\t\t\t\t\t\"\n\t\t\t>\n\t\t\t\t\t\t<div class=\"ngg-gallery-thumbnail\">\n\t\t<a href=\"https:\/\/www.aclanester56.com\/velo\/wp-content\/gallery\/finale-samedi-2015\/finale-piste-WB-2015-74.jpg?t=1423344838\"\n\t\t\ttitle=\" \"\n\t\t\tdata-src=\"https:\/\/www.aclanester56.com\/velo\/wp-content\/gallery\/finale-samedi-2015\/finale-piste-WB-2015-74.jpg?t=1423344838\"\n\t\t\tdata-thumbnail=\"https:\/\/www.aclanester56.com\/velo\/wp-content\/gallery\/finale-samedi-2015\/thumbs\/thumbs_finale-piste-WB-2015-74.jpg?t=1423344838\"\n\t\t\tdata-image-id=\"7313\"\n\t\t\tdata-image-name=\"finale-piste-WB-2015-74.jpg\"\n\t\t\tdata-title=\"finale-piste-WB-2015-74\"\n\t\t\tdata-description=\" \"\n\t\t\tdata-image-slug=\"finale-piste-wb-2015-74\"\n\t\t\t\t\t\t\t\t\t\t\t\t\t\t\t\t\t\t\t\tclass=\"ngg-simplelightbox\" rel=\"bdf6db47e65f14f9a93819e5f9f3755b\">\n\t\t\t\t\t\t\t\t<img\n\t\t\t\t\ttitle=\"finale-piste-WB-2015-74\"\n\t\t\t\t\talt=\"finale-piste-WB-2015-74\"\n\t\t\t\t\tsrc=\"https:\/\/www.aclanester56.com\/velo\/wp-content\/gallery\/finale-samedi-2015\/thumbs\/thumbs_finale-piste-WB-2015-74.jpg?t=1423344838\"\n\t\t\t\t\twidth=\"100\"\n\t\t\t\t\theight=\"100\"\n\t\t\t\t\tstyle=\"max-width:100%;\"\n\t\t\t\t\/>\n\t\t\t<\/a>\n\t\t<\/div>\n\t\t\t\t\t\t\t<\/div>\n\t\t\t\n\t\t\t\t<div id=\"ngg-image-71\" class=\"ngg-gallery-thumbnail-box\n\t\t\t\t\t\t\t\t\t\t\t\"\n\t\t\t>\n\t\t\t\t\t\t<div class=\"ngg-gallery-thumbnail\">\n\t\t<a href=\"https:\/\/www.aclanester56.com\/velo\/wp-content\/gallery\/finale-samedi-2015\/finale-piste-WB-2015-76.jpg?t=1423344840\"\n\t\t\ttitle=\" \"\n\t\t\tdata-src=\"https:\/\/www.aclanester56.com\/velo\/wp-content\/gallery\/finale-samedi-2015\/finale-piste-WB-2015-76.jpg?t=1423344840\"\n\t\t\tdata-thumbnail=\"https:\/\/www.aclanester56.com\/velo\/wp-content\/gallery\/finale-samedi-2015\/thumbs\/thumbs_finale-piste-WB-2015-76.jpg?t=1423344840\"\n\t\t\tdata-image-id=\"7314\"\n\t\t\tdata-image-name=\"finale-piste-WB-2015-76.jpg\"\n\t\t\tdata-title=\"finale-piste-WB-2015-76\"\n\t\t\tdata-description=\" \"\n\t\t\tdata-image-slug=\"finale-piste-wb-2015-76\"\n\t\t\t\t\t\t\t\t\t\t\t\t\t\t\t\t\t\t\t\tclass=\"ngg-simplelightbox\" rel=\"bdf6db47e65f14f9a93819e5f9f3755b\">\n\t\t\t\t\t\t\t\t<img\n\t\t\t\t\ttitle=\"finale-piste-WB-2015-76\"\n\t\t\t\t\talt=\"finale-piste-WB-2015-76\"\n\t\t\t\t\tsrc=\"https:\/\/www.aclanester56.com\/velo\/wp-content\/gallery\/finale-samedi-2015\/thumbs\/thumbs_finale-piste-WB-2015-76.jpg?t=1423344840\"\n\t\t\t\t\twidth=\"100\"\n\t\t\t\t\theight=\"100\"\n\t\t\t\t\tstyle=\"max-width:100%;\"\n\t\t\t\t\/>\n\t\t\t<\/a>\n\t\t<\/div>\n\t\t\t\t\t\t\t<\/div>\n\t\t\t\n\t\t\t\t<div id=\"ngg-image-72\" class=\"ngg-gallery-thumbnail-box\n\t\t\t\t\t\t\t\t\t\t\t\"\n\t\t\t>\n\t\t\t\t\t\t<div class=\"ngg-gallery-thumbnail\">\n\t\t<a href=\"https:\/\/www.aclanester56.com\/velo\/wp-content\/gallery\/finale-samedi-2015\/finale-piste-WB-2015-77.jpg?t=1423344843\"\n\t\t\ttitle=\" \"\n\t\t\tdata-src=\"https:\/\/www.aclanester56.com\/velo\/wp-content\/gallery\/finale-samedi-2015\/finale-piste-WB-2015-77.jpg?t=1423344843\"\n\t\t\tdata-thumbnail=\"https:\/\/www.aclanester56.com\/velo\/wp-content\/gallery\/finale-samedi-2015\/thumbs\/thumbs_finale-piste-WB-2015-77.jpg?t=1423344843\"\n\t\t\tdata-image-id=\"7315\"\n\t\t\tdata-image-name=\"finale-piste-WB-2015-77.jpg\"\n\t\t\tdata-title=\"finale-piste-WB-2015-77\"\n\t\t\tdata-description=\" \"\n\t\t\tdata-image-slug=\"finale-piste-wb-2015-77\"\n\t\t\t\t\t\t\t\t\t\t\t\t\t\t\t\t\t\t\t\tclass=\"ngg-simplelightbox\" rel=\"bdf6db47e65f14f9a93819e5f9f3755b\">\n\t\t\t\t\t\t\t\t<img\n\t\t\t\t\ttitle=\"finale-piste-WB-2015-77\"\n\t\t\t\t\talt=\"finale-piste-WB-2015-77\"\n\t\t\t\t\tsrc=\"https:\/\/www.aclanester56.com\/velo\/wp-content\/gallery\/finale-samedi-2015\/thumbs\/thumbs_finale-piste-WB-2015-77.jpg?t=1423344843\"\n\t\t\t\t\twidth=\"100\"\n\t\t\t\t\theight=\"100\"\n\t\t\t\t\tstyle=\"max-width:100%;\"\n\t\t\t\t\/>\n\t\t\t<\/a>\n\t\t<\/div>\n\t\t\t\t\t\t\t<\/div>\n\t\t\t\n\t\t\t\t<div id=\"ngg-image-73\" class=\"ngg-gallery-thumbnail-box\n\t\t\t\t\t\t\t\t\t\t\t\"\n\t\t\t>\n\t\t\t\t\t\t<div class=\"ngg-gallery-thumbnail\">\n\t\t<a href=\"https:\/\/www.aclanester56.com\/velo\/wp-content\/gallery\/finale-samedi-2015\/finale-piste-WB-2015-78.jpg?t=1423344846\"\n\t\t\ttitle=\" \"\n\t\t\tdata-src=\"https:\/\/www.aclanester56.com\/velo\/wp-content\/gallery\/finale-samedi-2015\/finale-piste-WB-2015-78.jpg?t=1423344846\"\n\t\t\tdata-thumbnail=\"https:\/\/www.aclanester56.com\/velo\/wp-content\/gallery\/finale-samedi-2015\/thumbs\/thumbs_finale-piste-WB-2015-78.jpg?t=1423344846\"\n\t\t\tdata-image-id=\"7316\"\n\t\t\tdata-image-name=\"finale-piste-WB-2015-78.jpg\"\n\t\t\tdata-title=\"finale-piste-WB-2015-78\"\n\t\t\tdata-description=\" \"\n\t\t\tdata-image-slug=\"finale-piste-wb-2015-78\"\n\t\t\t\t\t\t\t\t\t\t\t\t\t\t\t\t\t\t\t\tclass=\"ngg-simplelightbox\" rel=\"bdf6db47e65f14f9a93819e5f9f3755b\">\n\t\t\t\t\t\t\t\t<img\n\t\t\t\t\ttitle=\"finale-piste-WB-2015-78\"\n\t\t\t\t\talt=\"finale-piste-WB-2015-78\"\n\t\t\t\t\tsrc=\"https:\/\/www.aclanester56.com\/velo\/wp-content\/gallery\/finale-samedi-2015\/thumbs\/thumbs_finale-piste-WB-2015-78.jpg?t=1423344846\"\n\t\t\t\t\twidth=\"100\"\n\t\t\t\t\theight=\"100\"\n\t\t\t\t\tstyle=\"max-width:100%;\"\n\t\t\t\t\/>\n\t\t\t<\/a>\n\t\t<\/div>\n\t\t\t\t\t\t\t<\/div>\n\t\t\t\n\t\t\t\t<div id=\"ngg-image-74\" class=\"ngg-gallery-thumbnail-box\n\t\t\t\t\t\t\t\t\t\t\t\"\n\t\t\t>\n\t\t\t\t\t\t<div class=\"ngg-gallery-thumbnail\">\n\t\t<a href=\"https:\/\/www.aclanester56.com\/velo\/wp-content\/gallery\/finale-samedi-2015\/finale-piste-WB-2015-79.jpg?t=1423344848\"\n\t\t\ttitle=\" \"\n\t\t\tdata-src=\"https:\/\/www.aclanester56.com\/velo\/wp-content\/gallery\/finale-samedi-2015\/finale-piste-WB-2015-79.jpg?t=1423344848\"\n\t\t\tdata-thumbnail=\"https:\/\/www.aclanester56.com\/velo\/wp-content\/gallery\/finale-samedi-2015\/thumbs\/thumbs_finale-piste-WB-2015-79.jpg?t=1423344848\"\n\t\t\tdata-image-id=\"7317\"\n\t\t\tdata-image-name=\"finale-piste-WB-2015-79.jpg\"\n\t\t\tdata-title=\"finale-piste-WB-2015-79\"\n\t\t\tdata-description=\" \"\n\t\t\tdata-image-slug=\"finale-piste-wb-2015-79\"\n\t\t\t\t\t\t\t\t\t\t\t\t\t\t\t\t\t\t\t\tclass=\"ngg-simplelightbox\" rel=\"bdf6db47e65f14f9a93819e5f9f3755b\">\n\t\t\t\t\t\t\t\t<img\n\t\t\t\t\ttitle=\"finale-piste-WB-2015-79\"\n\t\t\t\t\talt=\"finale-piste-WB-2015-79\"\n\t\t\t\t\tsrc=\"https:\/\/www.aclanester56.com\/velo\/wp-content\/gallery\/finale-samedi-2015\/thumbs\/thumbs_finale-piste-WB-2015-79.jpg?t=1423344848\"\n\t\t\t\t\twidth=\"100\"\n\t\t\t\t\theight=\"100\"\n\t\t\t\t\tstyle=\"max-width:100%;\"\n\t\t\t\t\/>\n\t\t\t<\/a>\n\t\t<\/div>\n\t\t\t\t\t\t\t<\/div>\n\t\t\t\n\t\t\t\t<div id=\"ngg-image-75\" class=\"ngg-gallery-thumbnail-box\n\t\t\t\t\t\t\t\t\t\t\t\"\n\t\t\t>\n\t\t\t\t\t\t<div class=\"ngg-gallery-thumbnail\">\n\t\t<a href=\"https:\/\/www.aclanester56.com\/velo\/wp-content\/gallery\/finale-samedi-2015\/finale-piste-WB-2015-80.jpg?t=1423344849\"\n\t\t\ttitle=\" \"\n\t\t\tdata-src=\"https:\/\/www.aclanester56.com\/velo\/wp-content\/gallery\/finale-samedi-2015\/finale-piste-WB-2015-80.jpg?t=1423344849\"\n\t\t\tdata-thumbnail=\"https:\/\/www.aclanester56.com\/velo\/wp-content\/gallery\/finale-samedi-2015\/thumbs\/thumbs_finale-piste-WB-2015-80.jpg?t=1423344849\"\n\t\t\tdata-image-id=\"7318\"\n\t\t\tdata-image-name=\"finale-piste-WB-2015-80.jpg\"\n\t\t\tdata-title=\"finale-piste-WB-2015-80\"\n\t\t\tdata-description=\" \"\n\t\t\tdata-image-slug=\"finale-piste-wb-2015-80-2\"\n\t\t\t\t\t\t\t\t\t\t\t\t\t\t\t\t\t\t\t\tclass=\"ngg-simplelightbox\" rel=\"bdf6db47e65f14f9a93819e5f9f3755b\">\n\t\t\t\t\t\t\t\t<img\n\t\t\t\t\ttitle=\"finale-piste-WB-2015-80\"\n\t\t\t\t\talt=\"finale-piste-WB-2015-80\"\n\t\t\t\t\tsrc=\"https:\/\/www.aclanester56.com\/velo\/wp-content\/gallery\/finale-samedi-2015\/thumbs\/thumbs_finale-piste-WB-2015-80.jpg?t=1423344849\"\n\t\t\t\t\twidth=\"100\"\n\t\t\t\t\theight=\"100\"\n\t\t\t\t\tstyle=\"max-width:100%;\"\n\t\t\t\t\/>\n\t\t\t<\/a>\n\t\t<\/div>\n\t\t\t\t\t\t\t<\/div>\n\t\t\t\n\t\t\t\t<div id=\"ngg-image-76\" class=\"ngg-gallery-thumbnail-box\n\t\t\t\t\t\t\t\t\t\t\t\"\n\t\t\t>\n\t\t\t\t\t\t<div class=\"ngg-gallery-thumbnail\">\n\t\t<a href=\"https:\/\/www.aclanester56.com\/velo\/wp-content\/gallery\/finale-samedi-2015\/finale-piste-WB-2015-81.jpg?t=1423344851\"\n\t\t\ttitle=\" \"\n\t\t\tdata-src=\"https:\/\/www.aclanester56.com\/velo\/wp-content\/gallery\/finale-samedi-2015\/finale-piste-WB-2015-81.jpg?t=1423344851\"\n\t\t\tdata-thumbnail=\"https:\/\/www.aclanester56.com\/velo\/wp-content\/gallery\/finale-samedi-2015\/thumbs\/thumbs_finale-piste-WB-2015-81.jpg?t=1423344851\"\n\t\t\tdata-image-id=\"7319\"\n\t\t\tdata-image-name=\"finale-piste-WB-2015-81.jpg\"\n\t\t\tdata-title=\"finale-piste-WB-2015-81\"\n\t\t\tdata-description=\" \"\n\t\t\tdata-image-slug=\"finale-piste-wb-2015-81-2\"\n\t\t\t\t\t\t\t\t\t\t\t\t\t\t\t\t\t\t\t\tclass=\"ngg-simplelightbox\" rel=\"bdf6db47e65f14f9a93819e5f9f3755b\">\n\t\t\t\t\t\t\t\t<img\n\t\t\t\t\ttitle=\"finale-piste-WB-2015-81\"\n\t\t\t\t\talt=\"finale-piste-WB-2015-81\"\n\t\t\t\t\tsrc=\"https:\/\/www.aclanester56.com\/velo\/wp-content\/gallery\/finale-samedi-2015\/thumbs\/thumbs_finale-piste-WB-2015-81.jpg?t=1423344851\"\n\t\t\t\t\twidth=\"100\"\n\t\t\t\t\theight=\"100\"\n\t\t\t\t\tstyle=\"max-width:100%;\"\n\t\t\t\t\/>\n\t\t\t<\/a>\n\t\t<\/div>\n\t\t\t\t\t\t\t<\/div>\n\t\t\t\n\t\t\t\t<div id=\"ngg-image-77\" class=\"ngg-gallery-thumbnail-box\n\t\t\t\t\t\t\t\t\t\t\t\"\n\t\t\t>\n\t\t\t\t\t\t<div class=\"ngg-gallery-thumbnail\">\n\t\t<a href=\"https:\/\/www.aclanester56.com\/velo\/wp-content\/gallery\/finale-samedi-2015\/finale-piste-WB-2015-82.jpg?t=1423344853\"\n\t\t\ttitle=\" \"\n\t\t\tdata-src=\"https:\/\/www.aclanester56.com\/velo\/wp-content\/gallery\/finale-samedi-2015\/finale-piste-WB-2015-82.jpg?t=1423344853\"\n\t\t\tdata-thumbnail=\"https:\/\/www.aclanester56.com\/velo\/wp-content\/gallery\/finale-samedi-2015\/thumbs\/thumbs_finale-piste-WB-2015-82.jpg?t=1423344853\"\n\t\t\tdata-image-id=\"7320\"\n\t\t\tdata-image-name=\"finale-piste-WB-2015-82.jpg\"\n\t\t\tdata-title=\"finale-piste-WB-2015-82\"\n\t\t\tdata-description=\" \"\n\t\t\tdata-image-slug=\"finale-piste-wb-2015-82-2\"\n\t\t\t\t\t\t\t\t\t\t\t\t\t\t\t\t\t\t\t\tclass=\"ngg-simplelightbox\" rel=\"bdf6db47e65f14f9a93819e5f9f3755b\">\n\t\t\t\t\t\t\t\t<img\n\t\t\t\t\ttitle=\"finale-piste-WB-2015-82\"\n\t\t\t\t\talt=\"finale-piste-WB-2015-82\"\n\t\t\t\t\tsrc=\"https:\/\/www.aclanester56.com\/velo\/wp-content\/gallery\/finale-samedi-2015\/thumbs\/thumbs_finale-piste-WB-2015-82.jpg?t=1423344853\"\n\t\t\t\t\twidth=\"100\"\n\t\t\t\t\theight=\"100\"\n\t\t\t\t\tstyle=\"max-width:100%;\"\n\t\t\t\t\/>\n\t\t\t<\/a>\n\t\t<\/div>\n\t\t\t\t\t\t\t<\/div>\n\t\t\t\n\t\t\t\t<div id=\"ngg-image-78\" class=\"ngg-gallery-thumbnail-box\n\t\t\t\t\t\t\t\t\t\t\t\"\n\t\t\t>\n\t\t\t\t\t\t<div class=\"ngg-gallery-thumbnail\">\n\t\t<a href=\"https:\/\/www.aclanester56.com\/velo\/wp-content\/gallery\/finale-samedi-2015\/finale-piste-WB-2015-83.jpg?t=1423344855\"\n\t\t\ttitle=\" \"\n\t\t\tdata-src=\"https:\/\/www.aclanester56.com\/velo\/wp-content\/gallery\/finale-samedi-2015\/finale-piste-WB-2015-83.jpg?t=1423344855\"\n\t\t\tdata-thumbnail=\"https:\/\/www.aclanester56.com\/velo\/wp-content\/gallery\/finale-samedi-2015\/thumbs\/thumbs_finale-piste-WB-2015-83.jpg?t=1423344855\"\n\t\t\tdata-image-id=\"7321\"\n\t\t\tdata-image-name=\"finale-piste-WB-2015-83.jpg\"\n\t\t\tdata-title=\"finale-piste-WB-2015-83\"\n\t\t\tdata-description=\" \"\n\t\t\tdata-image-slug=\"finale-piste-wb-2015-83-2\"\n\t\t\t\t\t\t\t\t\t\t\t\t\t\t\t\t\t\t\t\tclass=\"ngg-simplelightbox\" rel=\"bdf6db47e65f14f9a93819e5f9f3755b\">\n\t\t\t\t\t\t\t\t<img\n\t\t\t\t\ttitle=\"finale-piste-WB-2015-83\"\n\t\t\t\t\talt=\"finale-piste-WB-2015-83\"\n\t\t\t\t\tsrc=\"https:\/\/www.aclanester56.com\/velo\/wp-content\/gallery\/finale-samedi-2015\/thumbs\/thumbs_finale-piste-WB-2015-83.jpg?t=1423344855\"\n\t\t\t\t\twidth=\"100\"\n\t\t\t\t\theight=\"100\"\n\t\t\t\t\tstyle=\"max-width:100%;\"\n\t\t\t\t\/>\n\t\t\t<\/a>\n\t\t<\/div>\n\t\t\t\t\t\t\t<\/div>\n\t\t\t\n\t\t\t\t<div id=\"ngg-image-79\" class=\"ngg-gallery-thumbnail-box\n\t\t\t\t\t\t\t\t\t\t\t\"\n\t\t\t>\n\t\t\t\t\t\t<div class=\"ngg-gallery-thumbnail\">\n\t\t<a href=\"https:\/\/www.aclanester56.com\/velo\/wp-content\/gallery\/finale-samedi-2015\/finale-piste-WB-2015-84.jpg?t=1423344857\"\n\t\t\ttitle=\" \"\n\t\t\tdata-src=\"https:\/\/www.aclanester56.com\/velo\/wp-content\/gallery\/finale-samedi-2015\/finale-piste-WB-2015-84.jpg?t=1423344857\"\n\t\t\tdata-thumbnail=\"https:\/\/www.aclanester56.com\/velo\/wp-content\/gallery\/finale-samedi-2015\/thumbs\/thumbs_finale-piste-WB-2015-84.jpg?t=1423344857\"\n\t\t\tdata-image-id=\"7322\"\n\t\t\tdata-image-name=\"finale-piste-WB-2015-84.jpg\"\n\t\t\tdata-title=\"finale-piste-WB-2015-84\"\n\t\t\tdata-description=\" \"\n\t\t\tdata-image-slug=\"finale-piste-wb-2015-84-2\"\n\t\t\t\t\t\t\t\t\t\t\t\t\t\t\t\t\t\t\t\tclass=\"ngg-simplelightbox\" rel=\"bdf6db47e65f14f9a93819e5f9f3755b\">\n\t\t\t\t\t\t\t\t<img\n\t\t\t\t\ttitle=\"finale-piste-WB-2015-84\"\n\t\t\t\t\talt=\"finale-piste-WB-2015-84\"\n\t\t\t\t\tsrc=\"https:\/\/www.aclanester56.com\/velo\/wp-content\/gallery\/finale-samedi-2015\/thumbs\/thumbs_finale-piste-WB-2015-84.jpg?t=1423344857\"\n\t\t\t\t\twidth=\"100\"\n\t\t\t\t\theight=\"100\"\n\t\t\t\t\tstyle=\"max-width:100%;\"\n\t\t\t\t\/>\n\t\t\t<\/a>\n\t\t<\/div>\n\t\t\t\t\t\t\t<\/div>\n\t\t\t\n\t\t\t\t<div id=\"ngg-image-80\" class=\"ngg-gallery-thumbnail-box\n\t\t\t\t\t\t\t\t\t\t\t\"\n\t\t\t>\n\t\t\t\t\t\t<div class=\"ngg-gallery-thumbnail\">\n\t\t<a href=\"https:\/\/www.aclanester56.com\/velo\/wp-content\/gallery\/finale-samedi-2015\/finale-piste-WB-2015-85.jpg?t=1423344859\"\n\t\t\ttitle=\" \"\n\t\t\tdata-src=\"https:\/\/www.aclanester56.com\/velo\/wp-content\/gallery\/finale-samedi-2015\/finale-piste-WB-2015-85.jpg?t=1423344859\"\n\t\t\tdata-thumbnail=\"https:\/\/www.aclanester56.com\/velo\/wp-content\/gallery\/finale-samedi-2015\/thumbs\/thumbs_finale-piste-WB-2015-85.jpg?t=1423344859\"\n\t\t\tdata-image-id=\"7323\"\n\t\t\tdata-image-name=\"finale-piste-WB-2015-85.jpg\"\n\t\t\tdata-title=\"finale-piste-WB-2015-85\"\n\t\t\tdata-description=\" \"\n\t\t\tdata-image-slug=\"finale-piste-wb-2015-85-2\"\n\t\t\t\t\t\t\t\t\t\t\t\t\t\t\t\t\t\t\t\tclass=\"ngg-simplelightbox\" rel=\"bdf6db47e65f14f9a93819e5f9f3755b\">\n\t\t\t\t\t\t\t\t<img\n\t\t\t\t\ttitle=\"finale-piste-WB-2015-85\"\n\t\t\t\t\talt=\"finale-piste-WB-2015-85\"\n\t\t\t\t\tsrc=\"https:\/\/www.aclanester56.com\/velo\/wp-content\/gallery\/finale-samedi-2015\/thumbs\/thumbs_finale-piste-WB-2015-85.jpg?t=1423344859\"\n\t\t\t\t\twidth=\"100\"\n\t\t\t\t\theight=\"100\"\n\t\t\t\t\tstyle=\"max-width:100%;\"\n\t\t\t\t\/>\n\t\t\t<\/a>\n\t\t<\/div>\n\t\t\t\t\t\t\t<\/div>\n\t\t\t\n\t\t\t\t<div id=\"ngg-image-81\" class=\"ngg-gallery-thumbnail-box\n\t\t\t\t\t\t\t\t\t\t\t\"\n\t\t\t>\n\t\t\t\t\t\t<div class=\"ngg-gallery-thumbnail\">\n\t\t<a href=\"https:\/\/www.aclanester56.com\/velo\/wp-content\/gallery\/finale-samedi-2015\/finale-piste-WB-2015-86.jpg?t=1423344862\"\n\t\t\ttitle=\" \"\n\t\t\tdata-src=\"https:\/\/www.aclanester56.com\/velo\/wp-content\/gallery\/finale-samedi-2015\/finale-piste-WB-2015-86.jpg?t=1423344862\"\n\t\t\tdata-thumbnail=\"https:\/\/www.aclanester56.com\/velo\/wp-content\/gallery\/finale-samedi-2015\/thumbs\/thumbs_finale-piste-WB-2015-86.jpg?t=1423344862\"\n\t\t\tdata-image-id=\"7324\"\n\t\t\tdata-image-name=\"finale-piste-WB-2015-86.jpg\"\n\t\t\tdata-title=\"finale-piste-WB-2015-86\"\n\t\t\tdata-description=\" \"\n\t\t\tdata-image-slug=\"finale-piste-wb-2015-86-2\"\n\t\t\t\t\t\t\t\t\t\t\t\t\t\t\t\t\t\t\t\tclass=\"ngg-simplelightbox\" rel=\"bdf6db47e65f14f9a93819e5f9f3755b\">\n\t\t\t\t\t\t\t\t<img\n\t\t\t\t\ttitle=\"finale-piste-WB-2015-86\"\n\t\t\t\t\talt=\"finale-piste-WB-2015-86\"\n\t\t\t\t\tsrc=\"https:\/\/www.aclanester56.com\/velo\/wp-content\/gallery\/finale-samedi-2015\/thumbs\/thumbs_finale-piste-WB-2015-86.jpg?t=1423344862\"\n\t\t\t\t\twidth=\"100\"\n\t\t\t\t\theight=\"100\"\n\t\t\t\t\tstyle=\"max-width:100%;\"\n\t\t\t\t\/>\n\t\t\t<\/a>\n\t\t<\/div>\n\t\t\t\t\t\t\t<\/div>\n\t\t\t\n\t\t\t\t<div id=\"ngg-image-82\" class=\"ngg-gallery-thumbnail-box\n\t\t\t\t\t\t\t\t\t\t\t\"\n\t\t\t>\n\t\t\t\t\t\t<div class=\"ngg-gallery-thumbnail\">\n\t\t<a href=\"https:\/\/www.aclanester56.com\/velo\/wp-content\/gallery\/finale-samedi-2015\/finale-piste-WB-2015-88.jpg?t=1423344864\"\n\t\t\ttitle=\" \"\n\t\t\tdata-src=\"https:\/\/www.aclanester56.com\/velo\/wp-content\/gallery\/finale-samedi-2015\/finale-piste-WB-2015-88.jpg?t=1423344864\"\n\t\t\tdata-thumbnail=\"https:\/\/www.aclanester56.com\/velo\/wp-content\/gallery\/finale-samedi-2015\/thumbs\/thumbs_finale-piste-WB-2015-88.jpg?t=1423344864\"\n\t\t\tdata-image-id=\"7325\"\n\t\t\tdata-image-name=\"finale-piste-WB-2015-88.jpg\"\n\t\t\tdata-title=\"finale-piste-WB-2015-88\"\n\t\t\tdata-description=\" \"\n\t\t\tdata-image-slug=\"finale-piste-wb-2015-88-2\"\n\t\t\t\t\t\t\t\t\t\t\t\t\t\t\t\t\t\t\t\tclass=\"ngg-simplelightbox\" rel=\"bdf6db47e65f14f9a93819e5f9f3755b\">\n\t\t\t\t\t\t\t\t<img\n\t\t\t\t\ttitle=\"finale-piste-WB-2015-88\"\n\t\t\t\t\talt=\"finale-piste-WB-2015-88\"\n\t\t\t\t\tsrc=\"https:\/\/www.aclanester56.com\/velo\/wp-content\/gallery\/finale-samedi-2015\/thumbs\/thumbs_finale-piste-WB-2015-88.jpg?t=1423344864\"\n\t\t\t\t\twidth=\"100\"\n\t\t\t\t\theight=\"100\"\n\t\t\t\t\tstyle=\"max-width:100%;\"\n\t\t\t\t\/>\n\t\t\t<\/a>\n\t\t<\/div>\n\t\t\t\t\t\t\t<\/div>\n\t\t\t\n\t\t\t\t<div id=\"ngg-image-83\" class=\"ngg-gallery-thumbnail-box\n\t\t\t\t\t\t\t\t\t\t\t\"\n\t\t\t>\n\t\t\t\t\t\t<div class=\"ngg-gallery-thumbnail\">\n\t\t<a href=\"https:\/\/www.aclanester56.com\/velo\/wp-content\/gallery\/finale-samedi-2015\/finale-piste-WB-2015-89.jpg?t=1423344867\"\n\t\t\ttitle=\" \"\n\t\t\tdata-src=\"https:\/\/www.aclanester56.com\/velo\/wp-content\/gallery\/finale-samedi-2015\/finale-piste-WB-2015-89.jpg?t=1423344867\"\n\t\t\tdata-thumbnail=\"https:\/\/www.aclanester56.com\/velo\/wp-content\/gallery\/finale-samedi-2015\/thumbs\/thumbs_finale-piste-WB-2015-89.jpg?t=1423344867\"\n\t\t\tdata-image-id=\"7326\"\n\t\t\tdata-image-name=\"finale-piste-WB-2015-89.jpg\"\n\t\t\tdata-title=\"finale-piste-WB-2015-89\"\n\t\t\tdata-description=\" \"\n\t\t\tdata-image-slug=\"finale-piste-wb-2015-89-2\"\n\t\t\t\t\t\t\t\t\t\t\t\t\t\t\t\t\t\t\t\tclass=\"ngg-simplelightbox\" rel=\"bdf6db47e65f14f9a93819e5f9f3755b\">\n\t\t\t\t\t\t\t\t<img\n\t\t\t\t\ttitle=\"finale-piste-WB-2015-89\"\n\t\t\t\t\talt=\"finale-piste-WB-2015-89\"\n\t\t\t\t\tsrc=\"https:\/\/www.aclanester56.com\/velo\/wp-content\/gallery\/finale-samedi-2015\/thumbs\/thumbs_finale-piste-WB-2015-89.jpg?t=1423344867\"\n\t\t\t\t\twidth=\"100\"\n\t\t\t\t\theight=\"100\"\n\t\t\t\t\tstyle=\"max-width:100%;\"\n\t\t\t\t\/>\n\t\t\t<\/a>\n\t\t<\/div>\n\t\t\t\t\t\t\t<\/div>\n\t\t\t\n\t\t\t\t<div id=\"ngg-image-84\" class=\"ngg-gallery-thumbnail-box\n\t\t\t\t\t\t\t\t\t\t\t\"\n\t\t\t>\n\t\t\t\t\t\t<div class=\"ngg-gallery-thumbnail\">\n\t\t<a href=\"https:\/\/www.aclanester56.com\/velo\/wp-content\/gallery\/finale-samedi-2015\/finale-piste-WB-2015-90.jpg?t=1423344868\"\n\t\t\ttitle=\" \"\n\t\t\tdata-src=\"https:\/\/www.aclanester56.com\/velo\/wp-content\/gallery\/finale-samedi-2015\/finale-piste-WB-2015-90.jpg?t=1423344868\"\n\t\t\tdata-thumbnail=\"https:\/\/www.aclanester56.com\/velo\/wp-content\/gallery\/finale-samedi-2015\/thumbs\/thumbs_finale-piste-WB-2015-90.jpg?t=1423344868\"\n\t\t\tdata-image-id=\"7327\"\n\t\t\tdata-image-name=\"finale-piste-WB-2015-90.jpg\"\n\t\t\tdata-title=\"finale-piste-WB-2015-90\"\n\t\t\tdata-description=\" \"\n\t\t\tdata-image-slug=\"finale-piste-wb-2015-90\"\n\t\t\t\t\t\t\t\t\t\t\t\t\t\t\t\t\t\t\t\tclass=\"ngg-simplelightbox\" rel=\"bdf6db47e65f14f9a93819e5f9f3755b\">\n\t\t\t\t\t\t\t\t<img\n\t\t\t\t\ttitle=\"finale-piste-WB-2015-90\"\n\t\t\t\t\talt=\"finale-piste-WB-2015-90\"\n\t\t\t\t\tsrc=\"https:\/\/www.aclanester56.com\/velo\/wp-content\/gallery\/finale-samedi-2015\/thumbs\/thumbs_finale-piste-WB-2015-90.jpg?t=1423344868\"\n\t\t\t\t\twidth=\"100\"\n\t\t\t\t\theight=\"100\"\n\t\t\t\t\tstyle=\"max-width:100%;\"\n\t\t\t\t\/>\n\t\t\t<\/a>\n\t\t<\/div>\n\t\t\t\t\t\t\t<\/div>\n\t\t\t\n\t\t\t\t<div id=\"ngg-image-85\" class=\"ngg-gallery-thumbnail-box\n\t\t\t\t\t\t\t\t\t\t\t\"\n\t\t\t>\n\t\t\t\t\t\t<div class=\"ngg-gallery-thumbnail\">\n\t\t<a href=\"https:\/\/www.aclanester56.com\/velo\/wp-content\/gallery\/finale-samedi-2015\/finale-piste-WB-2015-91.jpg?t=1423344871\"\n\t\t\ttitle=\" \"\n\t\t\tdata-src=\"https:\/\/www.aclanester56.com\/velo\/wp-content\/gallery\/finale-samedi-2015\/finale-piste-WB-2015-91.jpg?t=1423344871\"\n\t\t\tdata-thumbnail=\"https:\/\/www.aclanester56.com\/velo\/wp-content\/gallery\/finale-samedi-2015\/thumbs\/thumbs_finale-piste-WB-2015-91.jpg?t=1423344871\"\n\t\t\tdata-image-id=\"7328\"\n\t\t\tdata-image-name=\"finale-piste-WB-2015-91.jpg\"\n\t\t\tdata-title=\"finale-piste-WB-2015-91\"\n\t\t\tdata-description=\" \"\n\t\t\tdata-image-slug=\"finale-piste-wb-2015-91\"\n\t\t\t\t\t\t\t\t\t\t\t\t\t\t\t\t\t\t\t\tclass=\"ngg-simplelightbox\" rel=\"bdf6db47e65f14f9a93819e5f9f3755b\">\n\t\t\t\t\t\t\t\t<img\n\t\t\t\t\ttitle=\"finale-piste-WB-2015-91\"\n\t\t\t\t\talt=\"finale-piste-WB-2015-91\"\n\t\t\t\t\tsrc=\"https:\/\/www.aclanester56.com\/velo\/wp-content\/gallery\/finale-samedi-2015\/thumbs\/thumbs_finale-piste-WB-2015-91.jpg?t=1423344871\"\n\t\t\t\t\twidth=\"100\"\n\t\t\t\t\theight=\"100\"\n\t\t\t\t\tstyle=\"max-width:100%;\"\n\t\t\t\t\/>\n\t\t\t<\/a>\n\t\t<\/div>\n\t\t\t\t\t\t\t<\/div>\n\t\t\t\n\t\t\t\t<div id=\"ngg-image-86\" class=\"ngg-gallery-thumbnail-box\n\t\t\t\t\t\t\t\t\t\t\t\"\n\t\t\t>\n\t\t\t\t\t\t<div class=\"ngg-gallery-thumbnail\">\n\t\t<a href=\"https:\/\/www.aclanester56.com\/velo\/wp-content\/gallery\/finale-samedi-2015\/finale-piste-WB-2015-92.jpg?t=1423344874\"\n\t\t\ttitle=\" \"\n\t\t\tdata-src=\"https:\/\/www.aclanester56.com\/velo\/wp-content\/gallery\/finale-samedi-2015\/finale-piste-WB-2015-92.jpg?t=1423344874\"\n\t\t\tdata-thumbnail=\"https:\/\/www.aclanester56.com\/velo\/wp-content\/gallery\/finale-samedi-2015\/thumbs\/thumbs_finale-piste-WB-2015-92.jpg?t=1423344874\"\n\t\t\tdata-image-id=\"7329\"\n\t\t\tdata-image-name=\"finale-piste-WB-2015-92.jpg\"\n\t\t\tdata-title=\"finale-piste-WB-2015-92\"\n\t\t\tdata-description=\" \"\n\t\t\tdata-image-slug=\"finale-piste-wb-2015-92\"\n\t\t\t\t\t\t\t\t\t\t\t\t\t\t\t\t\t\t\t\tclass=\"ngg-simplelightbox\" rel=\"bdf6db47e65f14f9a93819e5f9f3755b\">\n\t\t\t\t\t\t\t\t<img\n\t\t\t\t\ttitle=\"finale-piste-WB-2015-92\"\n\t\t\t\t\talt=\"finale-piste-WB-2015-92\"\n\t\t\t\t\tsrc=\"https:\/\/www.aclanester56.com\/velo\/wp-content\/gallery\/finale-samedi-2015\/thumbs\/thumbs_finale-piste-WB-2015-92.jpg?t=1423344874\"\n\t\t\t\t\twidth=\"100\"\n\t\t\t\t\theight=\"100\"\n\t\t\t\t\tstyle=\"max-width:100%;\"\n\t\t\t\t\/>\n\t\t\t<\/a>\n\t\t<\/div>\n\t\t\t\t\t\t\t<\/div>\n\t\t\t\n\t\t\t\t<div id=\"ngg-image-87\" class=\"ngg-gallery-thumbnail-box\n\t\t\t\t\t\t\t\t\t\t\t\"\n\t\t\t>\n\t\t\t\t\t\t<div class=\"ngg-gallery-thumbnail\">\n\t\t<a href=\"https:\/\/www.aclanester56.com\/velo\/wp-content\/gallery\/finale-samedi-2015\/finale-piste-WB-2015-93.jpg?t=1423344877\"\n\t\t\ttitle=\" \"\n\t\t\tdata-src=\"https:\/\/www.aclanester56.com\/velo\/wp-content\/gallery\/finale-samedi-2015\/finale-piste-WB-2015-93.jpg?t=1423344877\"\n\t\t\tdata-thumbnail=\"https:\/\/www.aclanester56.com\/velo\/wp-content\/gallery\/finale-samedi-2015\/thumbs\/thumbs_finale-piste-WB-2015-93.jpg?t=1423344877\"\n\t\t\tdata-image-id=\"7330\"\n\t\t\tdata-image-name=\"finale-piste-WB-2015-93.jpg\"\n\t\t\tdata-title=\"finale-piste-WB-2015-93\"\n\t\t\tdata-description=\" \"\n\t\t\tdata-image-slug=\"finale-piste-wb-2015-93\"\n\t\t\t\t\t\t\t\t\t\t\t\t\t\t\t\t\t\t\t\tclass=\"ngg-simplelightbox\" rel=\"bdf6db47e65f14f9a93819e5f9f3755b\">\n\t\t\t\t\t\t\t\t<img\n\t\t\t\t\ttitle=\"finale-piste-WB-2015-93\"\n\t\t\t\t\talt=\"finale-piste-WB-2015-93\"\n\t\t\t\t\tsrc=\"https:\/\/www.aclanester56.com\/velo\/wp-content\/gallery\/finale-samedi-2015\/thumbs\/thumbs_finale-piste-WB-2015-93.jpg?t=1423344877\"\n\t\t\t\t\twidth=\"100\"\n\t\t\t\t\theight=\"100\"\n\t\t\t\t\tstyle=\"max-width:100%;\"\n\t\t\t\t\/>\n\t\t\t<\/a>\n\t\t<\/div>\n\t\t\t\t\t\t\t<\/div>\n\t\t\t\n\t\t\t\t<div id=\"ngg-image-88\" class=\"ngg-gallery-thumbnail-box\n\t\t\t\t\t\t\t\t\t\t\t\"\n\t\t\t>\n\t\t\t\t\t\t<div class=\"ngg-gallery-thumbnail\">\n\t\t<a href=\"https:\/\/www.aclanester56.com\/velo\/wp-content\/gallery\/finale-samedi-2015\/finale-piste-WB-2015-94.jpg?t=1423344880\"\n\t\t\ttitle=\" \"\n\t\t\tdata-src=\"https:\/\/www.aclanester56.com\/velo\/wp-content\/gallery\/finale-samedi-2015\/finale-piste-WB-2015-94.jpg?t=1423344880\"\n\t\t\tdata-thumbnail=\"https:\/\/www.aclanester56.com\/velo\/wp-content\/gallery\/finale-samedi-2015\/thumbs\/thumbs_finale-piste-WB-2015-94.jpg?t=1423344880\"\n\t\t\tdata-image-id=\"7331\"\n\t\t\tdata-image-name=\"finale-piste-WB-2015-94.jpg\"\n\t\t\tdata-title=\"finale-piste-WB-2015-94\"\n\t\t\tdata-description=\" \"\n\t\t\tdata-image-slug=\"finale-piste-wb-2015-94\"\n\t\t\t\t\t\t\t\t\t\t\t\t\t\t\t\t\t\t\t\tclass=\"ngg-simplelightbox\" rel=\"bdf6db47e65f14f9a93819e5f9f3755b\">\n\t\t\t\t\t\t\t\t<img\n\t\t\t\t\ttitle=\"finale-piste-WB-2015-94\"\n\t\t\t\t\talt=\"finale-piste-WB-2015-94\"\n\t\t\t\t\tsrc=\"https:\/\/www.aclanester56.com\/velo\/wp-content\/gallery\/finale-samedi-2015\/thumbs\/thumbs_finale-piste-WB-2015-94.jpg?t=1423344880\"\n\t\t\t\t\twidth=\"100\"\n\t\t\t\t\theight=\"100\"\n\t\t\t\t\tstyle=\"max-width:100%;\"\n\t\t\t\t\/>\n\t\t\t<\/a>\n\t\t<\/div>\n\t\t\t\t\t\t\t<\/div>\n\t\t\t\n\t\t\t\t<div id=\"ngg-image-89\" class=\"ngg-gallery-thumbnail-box\n\t\t\t\t\t\t\t\t\t\t\t\"\n\t\t\t>\n\t\t\t\t\t\t<div class=\"ngg-gallery-thumbnail\">\n\t\t<a href=\"https:\/\/www.aclanester56.com\/velo\/wp-content\/gallery\/finale-samedi-2015\/finale-piste-WB-2015-95.jpg?t=1423344883\"\n\t\t\ttitle=\" \"\n\t\t\tdata-src=\"https:\/\/www.aclanester56.com\/velo\/wp-content\/gallery\/finale-samedi-2015\/finale-piste-WB-2015-95.jpg?t=1423344883\"\n\t\t\tdata-thumbnail=\"https:\/\/www.aclanester56.com\/velo\/wp-content\/gallery\/finale-samedi-2015\/thumbs\/thumbs_finale-piste-WB-2015-95.jpg?t=1423344883\"\n\t\t\tdata-image-id=\"7332\"\n\t\t\tdata-image-name=\"finale-piste-WB-2015-95.jpg\"\n\t\t\tdata-title=\"finale-piste-WB-2015-95\"\n\t\t\tdata-description=\" \"\n\t\t\tdata-image-slug=\"finale-piste-wb-2015-95\"\n\t\t\t\t\t\t\t\t\t\t\t\t\t\t\t\t\t\t\t\tclass=\"ngg-simplelightbox\" rel=\"bdf6db47e65f14f9a93819e5f9f3755b\">\n\t\t\t\t\t\t\t\t<img\n\t\t\t\t\ttitle=\"finale-piste-WB-2015-95\"\n\t\t\t\t\talt=\"finale-piste-WB-2015-95\"\n\t\t\t\t\tsrc=\"https:\/\/www.aclanester56.com\/velo\/wp-content\/gallery\/finale-samedi-2015\/thumbs\/thumbs_finale-piste-WB-2015-95.jpg?t=1423344883\"\n\t\t\t\t\twidth=\"100\"\n\t\t\t\t\theight=\"100\"\n\t\t\t\t\tstyle=\"max-width:100%;\"\n\t\t\t\t\/>\n\t\t\t<\/a>\n\t\t<\/div>\n\t\t\t\t\t\t\t<\/div>\n\t\t\t\n\t\t\t\t<div id=\"ngg-image-90\" class=\"ngg-gallery-thumbnail-box\n\t\t\t\t\t\t\t\t\t\t\t\"\n\t\t\t>\n\t\t\t\t\t\t<div class=\"ngg-gallery-thumbnail\">\n\t\t<a href=\"https:\/\/www.aclanester56.com\/velo\/wp-content\/gallery\/finale-samedi-2015\/finale-piste-WB-2015-96.jpg?t=1423344886\"\n\t\t\ttitle=\" \"\n\t\t\tdata-src=\"https:\/\/www.aclanester56.com\/velo\/wp-content\/gallery\/finale-samedi-2015\/finale-piste-WB-2015-96.jpg?t=1423344886\"\n\t\t\tdata-thumbnail=\"https:\/\/www.aclanester56.com\/velo\/wp-content\/gallery\/finale-samedi-2015\/thumbs\/thumbs_finale-piste-WB-2015-96.jpg?t=1423344886\"\n\t\t\tdata-image-id=\"7333\"\n\t\t\tdata-image-name=\"finale-piste-WB-2015-96.jpg\"\n\t\t\tdata-title=\"finale-piste-WB-2015-96\"\n\t\t\tdata-description=\" \"\n\t\t\tdata-image-slug=\"finale-piste-wb-2015-96\"\n\t\t\t\t\t\t\t\t\t\t\t\t\t\t\t\t\t\t\t\tclass=\"ngg-simplelightbox\" rel=\"bdf6db47e65f14f9a93819e5f9f3755b\">\n\t\t\t\t\t\t\t\t<img\n\t\t\t\t\ttitle=\"finale-piste-WB-2015-96\"\n\t\t\t\t\talt=\"finale-piste-WB-2015-96\"\n\t\t\t\t\tsrc=\"https:\/\/www.aclanester56.com\/velo\/wp-content\/gallery\/finale-samedi-2015\/thumbs\/thumbs_finale-piste-WB-2015-96.jpg?t=1423344886\"\n\t\t\t\t\twidth=\"100\"\n\t\t\t\t\theight=\"100\"\n\t\t\t\t\tstyle=\"max-width:100%;\"\n\t\t\t\t\/>\n\t\t\t<\/a>\n\t\t<\/div>\n\t\t\t\t\t\t\t<\/div>\n\t\t\t\n\t\t\t\t<div id=\"ngg-image-91\" class=\"ngg-gallery-thumbnail-box\n\t\t\t\t\t\t\t\t\t\t\t\"\n\t\t\t>\n\t\t\t\t\t\t<div class=\"ngg-gallery-thumbnail\">\n\t\t<a href=\"https:\/\/www.aclanester56.com\/velo\/wp-content\/gallery\/finale-samedi-2015\/finale-piste-WB-2015-97.jpg?t=1423344888\"\n\t\t\ttitle=\" \"\n\t\t\tdata-src=\"https:\/\/www.aclanester56.com\/velo\/wp-content\/gallery\/finale-samedi-2015\/finale-piste-WB-2015-97.jpg?t=1423344888\"\n\t\t\tdata-thumbnail=\"https:\/\/www.aclanester56.com\/velo\/wp-content\/gallery\/finale-samedi-2015\/thumbs\/thumbs_finale-piste-WB-2015-97.jpg?t=1423344888\"\n\t\t\tdata-image-id=\"7334\"\n\t\t\tdata-image-name=\"finale-piste-WB-2015-97.jpg\"\n\t\t\tdata-title=\"finale-piste-WB-2015-97\"\n\t\t\tdata-description=\" \"\n\t\t\tdata-image-slug=\"finale-piste-wb-2015-97\"\n\t\t\t\t\t\t\t\t\t\t\t\t\t\t\t\t\t\t\t\tclass=\"ngg-simplelightbox\" rel=\"bdf6db47e65f14f9a93819e5f9f3755b\">\n\t\t\t\t\t\t\t\t<img\n\t\t\t\t\ttitle=\"finale-piste-WB-2015-97\"\n\t\t\t\t\talt=\"finale-piste-WB-2015-97\"\n\t\t\t\t\tsrc=\"https:\/\/www.aclanester56.com\/velo\/wp-content\/gallery\/finale-samedi-2015\/thumbs\/thumbs_finale-piste-WB-2015-97.jpg?t=1423344888\"\n\t\t\t\t\twidth=\"100\"\n\t\t\t\t\theight=\"100\"\n\t\t\t\t\tstyle=\"max-width:100%;\"\n\t\t\t\t\/>\n\t\t\t<\/a>\n\t\t<\/div>\n\t\t\t\t\t\t\t<\/div>\n\t\t\t\n\t\t\t\t<div id=\"ngg-image-92\" class=\"ngg-gallery-thumbnail-box\n\t\t\t\t\t\t\t\t\t\t\t\"\n\t\t\t>\n\t\t\t\t\t\t<div class=\"ngg-gallery-thumbnail\">\n\t\t<a href=\"https:\/\/www.aclanester56.com\/velo\/wp-content\/gallery\/finale-samedi-2015\/finale-piste-WB-2015-98.jpg?t=1423344891\"\n\t\t\ttitle=\" \"\n\t\t\tdata-src=\"https:\/\/www.aclanester56.com\/velo\/wp-content\/gallery\/finale-samedi-2015\/finale-piste-WB-2015-98.jpg?t=1423344891\"\n\t\t\tdata-thumbnail=\"https:\/\/www.aclanester56.com\/velo\/wp-content\/gallery\/finale-samedi-2015\/thumbs\/thumbs_finale-piste-WB-2015-98.jpg?t=1423344891\"\n\t\t\tdata-image-id=\"7335\"\n\t\t\tdata-image-name=\"finale-piste-WB-2015-98.jpg\"\n\t\t\tdata-title=\"finale-piste-WB-2015-98\"\n\t\t\tdata-description=\" \"\n\t\t\tdata-image-slug=\"finale-piste-wb-2015-98\"\n\t\t\t\t\t\t\t\t\t\t\t\t\t\t\t\t\t\t\t\tclass=\"ngg-simplelightbox\" rel=\"bdf6db47e65f14f9a93819e5f9f3755b\">\n\t\t\t\t\t\t\t\t<img\n\t\t\t\t\ttitle=\"finale-piste-WB-2015-98\"\n\t\t\t\t\talt=\"finale-piste-WB-2015-98\"\n\t\t\t\t\tsrc=\"https:\/\/www.aclanester56.com\/velo\/wp-content\/gallery\/finale-samedi-2015\/thumbs\/thumbs_finale-piste-WB-2015-98.jpg?t=1423344891\"\n\t\t\t\t\twidth=\"100\"\n\t\t\t\t\theight=\"100\"\n\t\t\t\t\tstyle=\"max-width:100%;\"\n\t\t\t\t\/>\n\t\t\t<\/a>\n\t\t<\/div>\n\t\t\t\t\t\t\t<\/div>\n\t\t\t\n\t\t\t\t<div id=\"ngg-image-93\" class=\"ngg-gallery-thumbnail-box\n\t\t\t\t\t\t\t\t\t\t\t\"\n\t\t\t>\n\t\t\t\t\t\t<div class=\"ngg-gallery-thumbnail\">\n\t\t<a href=\"https:\/\/www.aclanester56.com\/velo\/wp-content\/gallery\/finale-samedi-2015\/finale-piste-WB-2015-99.jpg?t=1423344895\"\n\t\t\ttitle=\" \"\n\t\t\tdata-src=\"https:\/\/www.aclanester56.com\/velo\/wp-content\/gallery\/finale-samedi-2015\/finale-piste-WB-2015-99.jpg?t=1423344895\"\n\t\t\tdata-thumbnail=\"https:\/\/www.aclanester56.com\/velo\/wp-content\/gallery\/finale-samedi-2015\/thumbs\/thumbs_finale-piste-WB-2015-99.jpg?t=1423344895\"\n\t\t\tdata-image-id=\"7336\"\n\t\t\tdata-image-name=\"finale-piste-WB-2015-99.jpg\"\n\t\t\tdata-title=\"finale-piste-WB-2015-99\"\n\t\t\tdata-description=\" \"\n\t\t\tdata-image-slug=\"finale-piste-wb-2015-99\"\n\t\t\t\t\t\t\t\t\t\t\t\t\t\t\t\t\t\t\t\tclass=\"ngg-simplelightbox\" rel=\"bdf6db47e65f14f9a93819e5f9f3755b\">\n\t\t\t\t\t\t\t\t<img\n\t\t\t\t\ttitle=\"finale-piste-WB-2015-99\"\n\t\t\t\t\talt=\"finale-piste-WB-2015-99\"\n\t\t\t\t\tsrc=\"https:\/\/www.aclanester56.com\/velo\/wp-content\/gallery\/finale-samedi-2015\/thumbs\/thumbs_finale-piste-WB-2015-99.jpg?t=1423344895\"\n\t\t\t\t\twidth=\"100\"\n\t\t\t\t\theight=\"100\"\n\t\t\t\t\tstyle=\"max-width:100%;\"\n\t\t\t\t\/>\n\t\t\t<\/a>\n\t\t<\/div>\n\t\t\t\t\t\t\t<\/div>\n\t\t\t\n\t\t\t\t<div id=\"ngg-image-94\" class=\"ngg-gallery-thumbnail-box\n\t\t\t\t\t\t\t\t\t\t\t\"\n\t\t\t>\n\t\t\t\t\t\t<div class=\"ngg-gallery-thumbnail\">\n\t\t<a href=\"https:\/\/www.aclanester56.com\/velo\/wp-content\/gallery\/finale-samedi-2015\/finale-piste-WB-2015-100.jpg?t=1423344897\"\n\t\t\ttitle=\" \"\n\t\t\tdata-src=\"https:\/\/www.aclanester56.com\/velo\/wp-content\/gallery\/finale-samedi-2015\/finale-piste-WB-2015-100.jpg?t=1423344897\"\n\t\t\tdata-thumbnail=\"https:\/\/www.aclanester56.com\/velo\/wp-content\/gallery\/finale-samedi-2015\/thumbs\/thumbs_finale-piste-WB-2015-100.jpg?t=1423344897\"\n\t\t\tdata-image-id=\"7337\"\n\t\t\tdata-image-name=\"finale-piste-WB-2015-100.jpg\"\n\t\t\tdata-title=\"finale-piste-WB-2015-100\"\n\t\t\tdata-description=\" \"\n\t\t\tdata-image-slug=\"finale-piste-wb-2015-100\"\n\t\t\t\t\t\t\t\t\t\t\t\t\t\t\t\t\t\t\t\tclass=\"ngg-simplelightbox\" rel=\"bdf6db47e65f14f9a93819e5f9f3755b\">\n\t\t\t\t\t\t\t\t<img\n\t\t\t\t\ttitle=\"finale-piste-WB-2015-100\"\n\t\t\t\t\talt=\"finale-piste-WB-2015-100\"\n\t\t\t\t\tsrc=\"https:\/\/www.aclanester56.com\/velo\/wp-content\/gallery\/finale-samedi-2015\/thumbs\/thumbs_finale-piste-WB-2015-100.jpg?t=1423344897\"\n\t\t\t\t\twidth=\"100\"\n\t\t\t\t\theight=\"100\"\n\t\t\t\t\tstyle=\"max-width:100%;\"\n\t\t\t\t\/>\n\t\t\t<\/a>\n\t\t<\/div>\n\t\t\t\t\t\t\t<\/div>\n\t\t\t\n\t\t\t\t<div id=\"ngg-image-95\" class=\"ngg-gallery-thumbnail-box\n\t\t\t\t\t\t\t\t\t\t\t\"\n\t\t\t>\n\t\t\t\t\t\t<div class=\"ngg-gallery-thumbnail\">\n\t\t<a href=\"https:\/\/www.aclanester56.com\/velo\/wp-content\/gallery\/finale-samedi-2015\/finale-piste-WB-2015-101.jpg?t=1423344899\"\n\t\t\ttitle=\" \"\n\t\t\tdata-src=\"https:\/\/www.aclanester56.com\/velo\/wp-content\/gallery\/finale-samedi-2015\/finale-piste-WB-2015-101.jpg?t=1423344899\"\n\t\t\tdata-thumbnail=\"https:\/\/www.aclanester56.com\/velo\/wp-content\/gallery\/finale-samedi-2015\/thumbs\/thumbs_finale-piste-WB-2015-101.jpg?t=1423344899\"\n\t\t\tdata-image-id=\"7338\"\n\t\t\tdata-image-name=\"finale-piste-WB-2015-101.jpg\"\n\t\t\tdata-title=\"finale-piste-WB-2015-101\"\n\t\t\tdata-description=\" \"\n\t\t\tdata-image-slug=\"finale-piste-wb-2015-101\"\n\t\t\t\t\t\t\t\t\t\t\t\t\t\t\t\t\t\t\t\tclass=\"ngg-simplelightbox\" rel=\"bdf6db47e65f14f9a93819e5f9f3755b\">\n\t\t\t\t\t\t\t\t<img\n\t\t\t\t\ttitle=\"finale-piste-WB-2015-101\"\n\t\t\t\t\talt=\"finale-piste-WB-2015-101\"\n\t\t\t\t\tsrc=\"https:\/\/www.aclanester56.com\/velo\/wp-content\/gallery\/finale-samedi-2015\/thumbs\/thumbs_finale-piste-WB-2015-101.jpg?t=1423344899\"\n\t\t\t\t\twidth=\"100\"\n\t\t\t\t\theight=\"100\"\n\t\t\t\t\tstyle=\"max-width:100%;\"\n\t\t\t\t\/>\n\t\t\t<\/a>\n\t\t<\/div>\n\t\t\t\t\t\t\t<\/div>\n\t\t\t\n\t\t\t\t<div id=\"ngg-image-96\" class=\"ngg-gallery-thumbnail-box\n\t\t\t\t\t\t\t\t\t\t\t\"\n\t\t\t>\n\t\t\t\t\t\t<div class=\"ngg-gallery-thumbnail\">\n\t\t<a href=\"https:\/\/www.aclanester56.com\/velo\/wp-content\/gallery\/finale-samedi-2015\/finale-piste-WB-2015-102.jpg?t=1423344901\"\n\t\t\ttitle=\" \"\n\t\t\tdata-src=\"https:\/\/www.aclanester56.com\/velo\/wp-content\/gallery\/finale-samedi-2015\/finale-piste-WB-2015-102.jpg?t=1423344901\"\n\t\t\tdata-thumbnail=\"https:\/\/www.aclanester56.com\/velo\/wp-content\/gallery\/finale-samedi-2015\/thumbs\/thumbs_finale-piste-WB-2015-102.jpg?t=1423344901\"\n\t\t\tdata-image-id=\"7339\"\n\t\t\tdata-image-name=\"finale-piste-WB-2015-102.jpg\"\n\t\t\tdata-title=\"finale-piste-WB-2015-102\"\n\t\t\tdata-description=\" \"\n\t\t\tdata-image-slug=\"finale-piste-wb-2015-102\"\n\t\t\t\t\t\t\t\t\t\t\t\t\t\t\t\t\t\t\t\tclass=\"ngg-simplelightbox\" rel=\"bdf6db47e65f14f9a93819e5f9f3755b\">\n\t\t\t\t\t\t\t\t<img\n\t\t\t\t\ttitle=\"finale-piste-WB-2015-102\"\n\t\t\t\t\talt=\"finale-piste-WB-2015-102\"\n\t\t\t\t\tsrc=\"https:\/\/www.aclanester56.com\/velo\/wp-content\/gallery\/finale-samedi-2015\/thumbs\/thumbs_finale-piste-WB-2015-102.jpg?t=1423344901\"\n\t\t\t\t\twidth=\"100\"\n\t\t\t\t\theight=\"100\"\n\t\t\t\t\tstyle=\"max-width:100%;\"\n\t\t\t\t\/>\n\t\t\t<\/a>\n\t\t<\/div>\n\t\t\t\t\t\t\t<\/div>\n\t\t\t\n\t\t\t\t<div id=\"ngg-image-97\" class=\"ngg-gallery-thumbnail-box\n\t\t\t\t\t\t\t\t\t\t\t\"\n\t\t\t>\n\t\t\t\t\t\t<div class=\"ngg-gallery-thumbnail\">\n\t\t<a href=\"https:\/\/www.aclanester56.com\/velo\/wp-content\/gallery\/finale-samedi-2015\/finale-piste-WB-2015-103.jpg?t=1423344903\"\n\t\t\ttitle=\" \"\n\t\t\tdata-src=\"https:\/\/www.aclanester56.com\/velo\/wp-content\/gallery\/finale-samedi-2015\/finale-piste-WB-2015-103.jpg?t=1423344903\"\n\t\t\tdata-thumbnail=\"https:\/\/www.aclanester56.com\/velo\/wp-content\/gallery\/finale-samedi-2015\/thumbs\/thumbs_finale-piste-WB-2015-103.jpg?t=1423344903\"\n\t\t\tdata-image-id=\"7340\"\n\t\t\tdata-image-name=\"finale-piste-WB-2015-103.jpg\"\n\t\t\tdata-title=\"finale-piste-WB-2015-103\"\n\t\t\tdata-description=\" \"\n\t\t\tdata-image-slug=\"finale-piste-wb-2015-103\"\n\t\t\t\t\t\t\t\t\t\t\t\t\t\t\t\t\t\t\t\tclass=\"ngg-simplelightbox\" rel=\"bdf6db47e65f14f9a93819e5f9f3755b\">\n\t\t\t\t\t\t\t\t<img\n\t\t\t\t\ttitle=\"finale-piste-WB-2015-103\"\n\t\t\t\t\talt=\"finale-piste-WB-2015-103\"\n\t\t\t\t\tsrc=\"https:\/\/www.aclanester56.com\/velo\/wp-content\/gallery\/finale-samedi-2015\/thumbs\/thumbs_finale-piste-WB-2015-103.jpg?t=1423344903\"\n\t\t\t\t\twidth=\"100\"\n\t\t\t\t\theight=\"100\"\n\t\t\t\t\tstyle=\"max-width:100%;\"\n\t\t\t\t\/>\n\t\t\t<\/a>\n\t\t<\/div>\n\t\t\t\t\t\t\t<\/div>\n\t\t\t\n\t\t\t\t<div id=\"ngg-image-98\" class=\"ngg-gallery-thumbnail-box\n\t\t\t\t\t\t\t\t\t\t\t\"\n\t\t\t>\n\t\t\t\t\t\t<div class=\"ngg-gallery-thumbnail\">\n\t\t<a href=\"https:\/\/www.aclanester56.com\/velo\/wp-content\/gallery\/finale-samedi-2015\/finale-piste-WB-2015-104.jpg?t=1423344906\"\n\t\t\ttitle=\" \"\n\t\t\tdata-src=\"https:\/\/www.aclanester56.com\/velo\/wp-content\/gallery\/finale-samedi-2015\/finale-piste-WB-2015-104.jpg?t=1423344906\"\n\t\t\tdata-thumbnail=\"https:\/\/www.aclanester56.com\/velo\/wp-content\/gallery\/finale-samedi-2015\/thumbs\/thumbs_finale-piste-WB-2015-104.jpg?t=1423344906\"\n\t\t\tdata-image-id=\"7341\"\n\t\t\tdata-image-name=\"finale-piste-WB-2015-104.jpg\"\n\t\t\tdata-title=\"finale-piste-WB-2015-104\"\n\t\t\tdata-description=\" \"\n\t\t\tdata-image-slug=\"finale-piste-wb-2015-104\"\n\t\t\t\t\t\t\t\t\t\t\t\t\t\t\t\t\t\t\t\tclass=\"ngg-simplelightbox\" rel=\"bdf6db47e65f14f9a93819e5f9f3755b\">\n\t\t\t\t\t\t\t\t<img\n\t\t\t\t\ttitle=\"finale-piste-WB-2015-104\"\n\t\t\t\t\talt=\"finale-piste-WB-2015-104\"\n\t\t\t\t\tsrc=\"https:\/\/www.aclanester56.com\/velo\/wp-content\/gallery\/finale-samedi-2015\/thumbs\/thumbs_finale-piste-WB-2015-104.jpg?t=1423344906\"\n\t\t\t\t\twidth=\"100\"\n\t\t\t\t\theight=\"100\"\n\t\t\t\t\tstyle=\"max-width:100%;\"\n\t\t\t\t\/>\n\t\t\t<\/a>\n\t\t<\/div>\n\t\t\t\t\t\t\t<\/div>\n\t\t\t\n\t\t\t\t<div id=\"ngg-image-99\" class=\"ngg-gallery-thumbnail-box\n\t\t\t\t\t\t\t\t\t\t\t\"\n\t\t\t>\n\t\t\t\t\t\t<div class=\"ngg-gallery-thumbnail\">\n\t\t<a href=\"https:\/\/www.aclanester56.com\/velo\/wp-content\/gallery\/finale-samedi-2015\/finale-piste-WB-2015-105.jpg?t=1423344908\"\n\t\t\ttitle=\" \"\n\t\t\tdata-src=\"https:\/\/www.aclanester56.com\/velo\/wp-content\/gallery\/finale-samedi-2015\/finale-piste-WB-2015-105.jpg?t=1423344908\"\n\t\t\tdata-thumbnail=\"https:\/\/www.aclanester56.com\/velo\/wp-content\/gallery\/finale-samedi-2015\/thumbs\/thumbs_finale-piste-WB-2015-105.jpg?t=1423344908\"\n\t\t\tdata-image-id=\"7342\"\n\t\t\tdata-image-name=\"finale-piste-WB-2015-105.jpg\"\n\t\t\tdata-title=\"finale-piste-WB-2015-105\"\n\t\t\tdata-description=\" \"\n\t\t\tdata-image-slug=\"finale-piste-wb-2015-105\"\n\t\t\t\t\t\t\t\t\t\t\t\t\t\t\t\t\t\t\t\tclass=\"ngg-simplelightbox\" rel=\"bdf6db47e65f14f9a93819e5f9f3755b\">\n\t\t\t\t\t\t\t\t<img\n\t\t\t\t\ttitle=\"finale-piste-WB-2015-105\"\n\t\t\t\t\talt=\"finale-piste-WB-2015-105\"\n\t\t\t\t\tsrc=\"https:\/\/www.aclanester56.com\/velo\/wp-content\/gallery\/finale-samedi-2015\/thumbs\/thumbs_finale-piste-WB-2015-105.jpg?t=1423344908\"\n\t\t\t\t\twidth=\"100\"\n\t\t\t\t\theight=\"100\"\n\t\t\t\t\tstyle=\"max-width:100%;\"\n\t\t\t\t\/>\n\t\t\t<\/a>\n\t\t<\/div>\n\t\t\t\t\t\t\t<\/div>\n\t\t\t\n\t\t\t\t<div id=\"ngg-image-100\" class=\"ngg-gallery-thumbnail-box\n\t\t\t\t\t\t\t\t\t\t\t\"\n\t\t\t>\n\t\t\t\t\t\t<div class=\"ngg-gallery-thumbnail\">\n\t\t<a href=\"https:\/\/www.aclanester56.com\/velo\/wp-content\/gallery\/finale-samedi-2015\/finale-piste-WB-2015-106.jpg?t=1423344911\"\n\t\t\ttitle=\" \"\n\t\t\tdata-src=\"https:\/\/www.aclanester56.com\/velo\/wp-content\/gallery\/finale-samedi-2015\/finale-piste-WB-2015-106.jpg?t=1423344911\"\n\t\t\tdata-thumbnail=\"https:\/\/www.aclanester56.com\/velo\/wp-content\/gallery\/finale-samedi-2015\/thumbs\/thumbs_finale-piste-WB-2015-106.jpg?t=1423344911\"\n\t\t\tdata-image-id=\"7343\"\n\t\t\tdata-image-name=\"finale-piste-WB-2015-106.jpg\"\n\t\t\tdata-title=\"finale-piste-WB-2015-106\"\n\t\t\tdata-description=\" \"\n\t\t\tdata-image-slug=\"finale-piste-wb-2015-106\"\n\t\t\t\t\t\t\t\t\t\t\t\t\t\t\t\t\t\t\t\tclass=\"ngg-simplelightbox\" rel=\"bdf6db47e65f14f9a93819e5f9f3755b\">\n\t\t\t\t\t\t\t\t<img\n\t\t\t\t\ttitle=\"finale-piste-WB-2015-106\"\n\t\t\t\t\talt=\"finale-piste-WB-2015-106\"\n\t\t\t\t\tsrc=\"https:\/\/www.aclanester56.com\/velo\/wp-content\/gallery\/finale-samedi-2015\/thumbs\/thumbs_finale-piste-WB-2015-106.jpg?t=1423344911\"\n\t\t\t\t\twidth=\"100\"\n\t\t\t\t\theight=\"100\"\n\t\t\t\t\tstyle=\"max-width:100%;\"\n\t\t\t\t\/>\n\t\t\t<\/a>\n\t\t<\/div>\n\t\t\t\t\t\t\t<\/div>\n\t\t\t\n\t\t\t\t<div id=\"ngg-image-101\" class=\"ngg-gallery-thumbnail-box\n\t\t\t\t\t\t\t\t\t\t\t\"\n\t\t\t>\n\t\t\t\t\t\t<div class=\"ngg-gallery-thumbnail\">\n\t\t<a href=\"https:\/\/www.aclanester56.com\/velo\/wp-content\/gallery\/finale-samedi-2015\/finale-piste-WB-2015-107.jpg?t=1423344914\"\n\t\t\ttitle=\" \"\n\t\t\tdata-src=\"https:\/\/www.aclanester56.com\/velo\/wp-content\/gallery\/finale-samedi-2015\/finale-piste-WB-2015-107.jpg?t=1423344914\"\n\t\t\tdata-thumbnail=\"https:\/\/www.aclanester56.com\/velo\/wp-content\/gallery\/finale-samedi-2015\/thumbs\/thumbs_finale-piste-WB-2015-107.jpg?t=1423344914\"\n\t\t\tdata-image-id=\"7344\"\n\t\t\tdata-image-name=\"finale-piste-WB-2015-107.jpg\"\n\t\t\tdata-title=\"finale-piste-WB-2015-107\"\n\t\t\tdata-description=\" \"\n\t\t\tdata-image-slug=\"finale-piste-wb-2015-107\"\n\t\t\t\t\t\t\t\t\t\t\t\t\t\t\t\t\t\t\t\tclass=\"ngg-simplelightbox\" rel=\"bdf6db47e65f14f9a93819e5f9f3755b\">\n\t\t\t\t\t\t\t\t<img\n\t\t\t\t\ttitle=\"finale-piste-WB-2015-107\"\n\t\t\t\t\talt=\"finale-piste-WB-2015-107\"\n\t\t\t\t\tsrc=\"https:\/\/www.aclanester56.com\/velo\/wp-content\/gallery\/finale-samedi-2015\/thumbs\/thumbs_finale-piste-WB-2015-107.jpg?t=1423344914\"\n\t\t\t\t\twidth=\"100\"\n\t\t\t\t\theight=\"100\"\n\t\t\t\t\tstyle=\"max-width:100%;\"\n\t\t\t\t\/>\n\t\t\t<\/a>\n\t\t<\/div>\n\t\t\t\t\t\t\t<\/div>\n\t\t\t\n\t\t\t\t<div id=\"ngg-image-102\" class=\"ngg-gallery-thumbnail-box\n\t\t\t\t\t\t\t\t\t\t\t\"\n\t\t\t>\n\t\t\t\t\t\t<div class=\"ngg-gallery-thumbnail\">\n\t\t<a href=\"https:\/\/www.aclanester56.com\/velo\/wp-content\/gallery\/finale-samedi-2015\/finale-piste-WB-2015-108.jpg?t=1423344917\"\n\t\t\ttitle=\" \"\n\t\t\tdata-src=\"https:\/\/www.aclanester56.com\/velo\/wp-content\/gallery\/finale-samedi-2015\/finale-piste-WB-2015-108.jpg?t=1423344917\"\n\t\t\tdata-thumbnail=\"https:\/\/www.aclanester56.com\/velo\/wp-content\/gallery\/finale-samedi-2015\/thumbs\/thumbs_finale-piste-WB-2015-108.jpg?t=1423344917\"\n\t\t\tdata-image-id=\"7345\"\n\t\t\tdata-image-name=\"finale-piste-WB-2015-108.jpg\"\n\t\t\tdata-title=\"finale-piste-WB-2015-108\"\n\t\t\tdata-description=\" \"\n\t\t\tdata-image-slug=\"finale-piste-wb-2015-108\"\n\t\t\t\t\t\t\t\t\t\t\t\t\t\t\t\t\t\t\t\tclass=\"ngg-simplelightbox\" rel=\"bdf6db47e65f14f9a93819e5f9f3755b\">\n\t\t\t\t\t\t\t\t<img\n\t\t\t\t\ttitle=\"finale-piste-WB-2015-108\"\n\t\t\t\t\talt=\"finale-piste-WB-2015-108\"\n\t\t\t\t\tsrc=\"https:\/\/www.aclanester56.com\/velo\/wp-content\/gallery\/finale-samedi-2015\/thumbs\/thumbs_finale-piste-WB-2015-108.jpg?t=1423344917\"\n\t\t\t\t\twidth=\"100\"\n\t\t\t\t\theight=\"100\"\n\t\t\t\t\tstyle=\"max-width:100%;\"\n\t\t\t\t\/>\n\t\t\t<\/a>\n\t\t<\/div>\n\t\t\t\t\t\t\t<\/div>\n\t\t\t\n\t\t\t\t<div id=\"ngg-image-103\" class=\"ngg-gallery-thumbnail-box\n\t\t\t\t\t\t\t\t\t\t\t\"\n\t\t\t>\n\t\t\t\t\t\t<div class=\"ngg-gallery-thumbnail\">\n\t\t<a href=\"https:\/\/www.aclanester56.com\/velo\/wp-content\/gallery\/finale-samedi-2015\/finale-piste-WB-2015-109.jpg?t=1423344920\"\n\t\t\ttitle=\" \"\n\t\t\tdata-src=\"https:\/\/www.aclanester56.com\/velo\/wp-content\/gallery\/finale-samedi-2015\/finale-piste-WB-2015-109.jpg?t=1423344920\"\n\t\t\tdata-thumbnail=\"https:\/\/www.aclanester56.com\/velo\/wp-content\/gallery\/finale-samedi-2015\/thumbs\/thumbs_finale-piste-WB-2015-109.jpg?t=1423344920\"\n\t\t\tdata-image-id=\"7346\"\n\t\t\tdata-image-name=\"finale-piste-WB-2015-109.jpg\"\n\t\t\tdata-title=\"finale-piste-WB-2015-109\"\n\t\t\tdata-description=\" \"\n\t\t\tdata-image-slug=\"finale-piste-wb-2015-109\"\n\t\t\t\t\t\t\t\t\t\t\t\t\t\t\t\t\t\t\t\tclass=\"ngg-simplelightbox\" rel=\"bdf6db47e65f14f9a93819e5f9f3755b\">\n\t\t\t\t\t\t\t\t<img\n\t\t\t\t\ttitle=\"finale-piste-WB-2015-109\"\n\t\t\t\t\talt=\"finale-piste-WB-2015-109\"\n\t\t\t\t\tsrc=\"https:\/\/www.aclanester56.com\/velo\/wp-content\/gallery\/finale-samedi-2015\/thumbs\/thumbs_finale-piste-WB-2015-109.jpg?t=1423344920\"\n\t\t\t\t\twidth=\"100\"\n\t\t\t\t\theight=\"100\"\n\t\t\t\t\tstyle=\"max-width:100%;\"\n\t\t\t\t\/>\n\t\t\t<\/a>\n\t\t<\/div>\n\t\t\t\t\t\t\t<\/div>\n\t\t\t\n\t\t\t\t<div id=\"ngg-image-104\" class=\"ngg-gallery-thumbnail-box\n\t\t\t\t\t\t\t\t\t\t\t\"\n\t\t\t>\n\t\t\t\t\t\t<div class=\"ngg-gallery-thumbnail\">\n\t\t<a href=\"https:\/\/www.aclanester56.com\/velo\/wp-content\/gallery\/finale-samedi-2015\/finale-piste-WB-2015-110.jpg?t=1423344923\"\n\t\t\ttitle=\" \"\n\t\t\tdata-src=\"https:\/\/www.aclanester56.com\/velo\/wp-content\/gallery\/finale-samedi-2015\/finale-piste-WB-2015-110.jpg?t=1423344923\"\n\t\t\tdata-thumbnail=\"https:\/\/www.aclanester56.com\/velo\/wp-content\/gallery\/finale-samedi-2015\/thumbs\/thumbs_finale-piste-WB-2015-110.jpg?t=1423344923\"\n\t\t\tdata-image-id=\"7347\"\n\t\t\tdata-image-name=\"finale-piste-WB-2015-110.jpg\"\n\t\t\tdata-title=\"finale-piste-WB-2015-110\"\n\t\t\tdata-description=\" \"\n\t\t\tdata-image-slug=\"finale-piste-wb-2015-110\"\n\t\t\t\t\t\t\t\t\t\t\t\t\t\t\t\t\t\t\t\tclass=\"ngg-simplelightbox\" rel=\"bdf6db47e65f14f9a93819e5f9f3755b\">\n\t\t\t\t\t\t\t\t<img\n\t\t\t\t\ttitle=\"finale-piste-WB-2015-110\"\n\t\t\t\t\talt=\"finale-piste-WB-2015-110\"\n\t\t\t\t\tsrc=\"https:\/\/www.aclanester56.com\/velo\/wp-content\/gallery\/finale-samedi-2015\/thumbs\/thumbs_finale-piste-WB-2015-110.jpg?t=1423344923\"\n\t\t\t\t\twidth=\"100\"\n\t\t\t\t\theight=\"100\"\n\t\t\t\t\tstyle=\"max-width:100%;\"\n\t\t\t\t\/>\n\t\t\t<\/a>\n\t\t<\/div>\n\t\t\t\t\t\t\t<\/div>\n\t\t\t\n\t\t\t\t<div id=\"ngg-image-105\" class=\"ngg-gallery-thumbnail-box\n\t\t\t\t\t\t\t\t\t\t\t\"\n\t\t\t>\n\t\t\t\t\t\t<div class=\"ngg-gallery-thumbnail\">\n\t\t<a href=\"https:\/\/www.aclanester56.com\/velo\/wp-content\/gallery\/finale-samedi-2015\/finale-piste-WB-2015-111.jpg?t=1423344926\"\n\t\t\ttitle=\" \"\n\t\t\tdata-src=\"https:\/\/www.aclanester56.com\/velo\/wp-content\/gallery\/finale-samedi-2015\/finale-piste-WB-2015-111.jpg?t=1423344926\"\n\t\t\tdata-thumbnail=\"https:\/\/www.aclanester56.com\/velo\/wp-content\/gallery\/finale-samedi-2015\/thumbs\/thumbs_finale-piste-WB-2015-111.jpg?t=1423344926\"\n\t\t\tdata-image-id=\"7348\"\n\t\t\tdata-image-name=\"finale-piste-WB-2015-111.jpg\"\n\t\t\tdata-title=\"finale-piste-WB-2015-111\"\n\t\t\tdata-description=\" \"\n\t\t\tdata-image-slug=\"finale-piste-wb-2015-111\"\n\t\t\t\t\t\t\t\t\t\t\t\t\t\t\t\t\t\t\t\tclass=\"ngg-simplelightbox\" rel=\"bdf6db47e65f14f9a93819e5f9f3755b\">\n\t\t\t\t\t\t\t\t<img\n\t\t\t\t\ttitle=\"finale-piste-WB-2015-111\"\n\t\t\t\t\talt=\"finale-piste-WB-2015-111\"\n\t\t\t\t\tsrc=\"https:\/\/www.aclanester56.com\/velo\/wp-content\/gallery\/finale-samedi-2015\/thumbs\/thumbs_finale-piste-WB-2015-111.jpg?t=1423344926\"\n\t\t\t\t\twidth=\"100\"\n\t\t\t\t\theight=\"100\"\n\t\t\t\t\tstyle=\"max-width:100%;\"\n\t\t\t\t\/>\n\t\t\t<\/a>\n\t\t<\/div>\n\t\t\t\t\t\t\t<\/div>\n\t\t\t\n\t\t\t\t<div id=\"ngg-image-106\" class=\"ngg-gallery-thumbnail-box\n\t\t\t\t\t\t\t\t\t\t\t\"\n\t\t\t>\n\t\t\t\t\t\t<div class=\"ngg-gallery-thumbnail\">\n\t\t<a href=\"https:\/\/www.aclanester56.com\/velo\/wp-content\/gallery\/finale-samedi-2015\/finale-piste-WB-2015-112.jpg?t=1423344928\"\n\t\t\ttitle=\" \"\n\t\t\tdata-src=\"https:\/\/www.aclanester56.com\/velo\/wp-content\/gallery\/finale-samedi-2015\/finale-piste-WB-2015-112.jpg?t=1423344928\"\n\t\t\tdata-thumbnail=\"https:\/\/www.aclanester56.com\/velo\/wp-content\/gallery\/finale-samedi-2015\/thumbs\/thumbs_finale-piste-WB-2015-112.jpg?t=1423344928\"\n\t\t\tdata-image-id=\"7349\"\n\t\t\tdata-image-name=\"finale-piste-WB-2015-112.jpg\"\n\t\t\tdata-title=\"finale-piste-WB-2015-112\"\n\t\t\tdata-description=\" \"\n\t\t\tdata-image-slug=\"finale-piste-wb-2015-112\"\n\t\t\t\t\t\t\t\t\t\t\t\t\t\t\t\t\t\t\t\tclass=\"ngg-simplelightbox\" rel=\"bdf6db47e65f14f9a93819e5f9f3755b\">\n\t\t\t\t\t\t\t\t<img\n\t\t\t\t\ttitle=\"finale-piste-WB-2015-112\"\n\t\t\t\t\talt=\"finale-piste-WB-2015-112\"\n\t\t\t\t\tsrc=\"https:\/\/www.aclanester56.com\/velo\/wp-content\/gallery\/finale-samedi-2015\/thumbs\/thumbs_finale-piste-WB-2015-112.jpg?t=1423344928\"\n\t\t\t\t\twidth=\"100\"\n\t\t\t\t\theight=\"100\"\n\t\t\t\t\tstyle=\"max-width:100%;\"\n\t\t\t\t\/>\n\t\t\t<\/a>\n\t\t<\/div>\n\t\t\t\t\t\t\t<\/div>\n\t\t\t\n\t\t\t\t<div id=\"ngg-image-107\" class=\"ngg-gallery-thumbnail-box\n\t\t\t\t\t\t\t\t\t\t\t\"\n\t\t\t>\n\t\t\t\t\t\t<div class=\"ngg-gallery-thumbnail\">\n\t\t<a href=\"https:\/\/www.aclanester56.com\/velo\/wp-content\/gallery\/finale-samedi-2015\/finale-piste-WB-2015-113.jpg?t=1423344931\"\n\t\t\ttitle=\" \"\n\t\t\tdata-src=\"https:\/\/www.aclanester56.com\/velo\/wp-content\/gallery\/finale-samedi-2015\/finale-piste-WB-2015-113.jpg?t=1423344931\"\n\t\t\tdata-thumbnail=\"https:\/\/www.aclanester56.com\/velo\/wp-content\/gallery\/finale-samedi-2015\/thumbs\/thumbs_finale-piste-WB-2015-113.jpg?t=1423344931\"\n\t\t\tdata-image-id=\"7350\"\n\t\t\tdata-image-name=\"finale-piste-WB-2015-113.jpg\"\n\t\t\tdata-title=\"finale-piste-WB-2015-113\"\n\t\t\tdata-description=\" \"\n\t\t\tdata-image-slug=\"finale-piste-wb-2015-113\"\n\t\t\t\t\t\t\t\t\t\t\t\t\t\t\t\t\t\t\t\tclass=\"ngg-simplelightbox\" rel=\"bdf6db47e65f14f9a93819e5f9f3755b\">\n\t\t\t\t\t\t\t\t<img\n\t\t\t\t\ttitle=\"finale-piste-WB-2015-113\"\n\t\t\t\t\talt=\"finale-piste-WB-2015-113\"\n\t\t\t\t\tsrc=\"https:\/\/www.aclanester56.com\/velo\/wp-content\/gallery\/finale-samedi-2015\/thumbs\/thumbs_finale-piste-WB-2015-113.jpg?t=1423344931\"\n\t\t\t\t\twidth=\"100\"\n\t\t\t\t\theight=\"100\"\n\t\t\t\t\tstyle=\"max-width:100%;\"\n\t\t\t\t\/>\n\t\t\t<\/a>\n\t\t<\/div>\n\t\t\t\t\t\t\t<\/div>\n\t\t\t\n\t\t\t\t<div id=\"ngg-image-108\" class=\"ngg-gallery-thumbnail-box\n\t\t\t\t\t\t\t\t\t\t\t\"\n\t\t\t>\n\t\t\t\t\t\t<div class=\"ngg-gallery-thumbnail\">\n\t\t<a href=\"https:\/\/www.aclanester56.com\/velo\/wp-content\/gallery\/finale-samedi-2015\/finale-piste-WB-2015-114.jpg?t=1423344933\"\n\t\t\ttitle=\" \"\n\t\t\tdata-src=\"https:\/\/www.aclanester56.com\/velo\/wp-content\/gallery\/finale-samedi-2015\/finale-piste-WB-2015-114.jpg?t=1423344933\"\n\t\t\tdata-thumbnail=\"https:\/\/www.aclanester56.com\/velo\/wp-content\/gallery\/finale-samedi-2015\/thumbs\/thumbs_finale-piste-WB-2015-114.jpg?t=1423344933\"\n\t\t\tdata-image-id=\"7351\"\n\t\t\tdata-image-name=\"finale-piste-WB-2015-114.jpg\"\n\t\t\tdata-title=\"finale-piste-WB-2015-114\"\n\t\t\tdata-description=\" \"\n\t\t\tdata-image-slug=\"finale-piste-wb-2015-114\"\n\t\t\t\t\t\t\t\t\t\t\t\t\t\t\t\t\t\t\t\tclass=\"ngg-simplelightbox\" rel=\"bdf6db47e65f14f9a93819e5f9f3755b\">\n\t\t\t\t\t\t\t\t<img\n\t\t\t\t\ttitle=\"finale-piste-WB-2015-114\"\n\t\t\t\t\talt=\"finale-piste-WB-2015-114\"\n\t\t\t\t\tsrc=\"https:\/\/www.aclanester56.com\/velo\/wp-content\/gallery\/finale-samedi-2015\/thumbs\/thumbs_finale-piste-WB-2015-114.jpg?t=1423344933\"\n\t\t\t\t\twidth=\"100\"\n\t\t\t\t\theight=\"100\"\n\t\t\t\t\tstyle=\"max-width:100%;\"\n\t\t\t\t\/>\n\t\t\t<\/a>\n\t\t<\/div>\n\t\t\t\t\t\t\t<\/div>\n\t\t\t\n\t\t\t\t<div id=\"ngg-image-109\" class=\"ngg-gallery-thumbnail-box\n\t\t\t\t\t\t\t\t\t\t\t\"\n\t\t\t>\n\t\t\t\t\t\t<div class=\"ngg-gallery-thumbnail\">\n\t\t<a href=\"https:\/\/www.aclanester56.com\/velo\/wp-content\/gallery\/finale-samedi-2015\/finale-piste-WB-2015-115.jpg?t=1423344936\"\n\t\t\ttitle=\" \"\n\t\t\tdata-src=\"https:\/\/www.aclanester56.com\/velo\/wp-content\/gallery\/finale-samedi-2015\/finale-piste-WB-2015-115.jpg?t=1423344936\"\n\t\t\tdata-thumbnail=\"https:\/\/www.aclanester56.com\/velo\/wp-content\/gallery\/finale-samedi-2015\/thumbs\/thumbs_finale-piste-WB-2015-115.jpg?t=1423344936\"\n\t\t\tdata-image-id=\"7352\"\n\t\t\tdata-image-name=\"finale-piste-WB-2015-115.jpg\"\n\t\t\tdata-title=\"finale-piste-WB-2015-115\"\n\t\t\tdata-description=\" \"\n\t\t\tdata-image-slug=\"finale-piste-wb-2015-115\"\n\t\t\t\t\t\t\t\t\t\t\t\t\t\t\t\t\t\t\t\tclass=\"ngg-simplelightbox\" rel=\"bdf6db47e65f14f9a93819e5f9f3755b\">\n\t\t\t\t\t\t\t\t<img\n\t\t\t\t\ttitle=\"finale-piste-WB-2015-115\"\n\t\t\t\t\talt=\"finale-piste-WB-2015-115\"\n\t\t\t\t\tsrc=\"https:\/\/www.aclanester56.com\/velo\/wp-content\/gallery\/finale-samedi-2015\/thumbs\/thumbs_finale-piste-WB-2015-115.jpg?t=1423344936\"\n\t\t\t\t\twidth=\"100\"\n\t\t\t\t\theight=\"100\"\n\t\t\t\t\tstyle=\"max-width:100%;\"\n\t\t\t\t\/>\n\t\t\t<\/a>\n\t\t<\/div>\n\t\t\t\t\t\t\t<\/div>\n\t\t\t\n\t\t\t\t<div id=\"ngg-image-110\" class=\"ngg-gallery-thumbnail-box\n\t\t\t\t\t\t\t\t\t\t\t\"\n\t\t\t>\n\t\t\t\t\t\t<div class=\"ngg-gallery-thumbnail\">\n\t\t<a href=\"https:\/\/www.aclanester56.com\/velo\/wp-content\/gallery\/finale-samedi-2015\/finale-piste-WB-2015-116.jpg?t=1423344940\"\n\t\t\ttitle=\" \"\n\t\t\tdata-src=\"https:\/\/www.aclanester56.com\/velo\/wp-content\/gallery\/finale-samedi-2015\/finale-piste-WB-2015-116.jpg?t=1423344940\"\n\t\t\tdata-thumbnail=\"https:\/\/www.aclanester56.com\/velo\/wp-content\/gallery\/finale-samedi-2015\/thumbs\/thumbs_finale-piste-WB-2015-116.jpg?t=1423344940\"\n\t\t\tdata-image-id=\"7353\"\n\t\t\tdata-image-name=\"finale-piste-WB-2015-116.jpg\"\n\t\t\tdata-title=\"finale-piste-WB-2015-116\"\n\t\t\tdata-description=\" \"\n\t\t\tdata-image-slug=\"finale-piste-wb-2015-116\"\n\t\t\t\t\t\t\t\t\t\t\t\t\t\t\t\t\t\t\t\tclass=\"ngg-simplelightbox\" rel=\"bdf6db47e65f14f9a93819e5f9f3755b\">\n\t\t\t\t\t\t\t\t<img\n\t\t\t\t\ttitle=\"finale-piste-WB-2015-116\"\n\t\t\t\t\talt=\"finale-piste-WB-2015-116\"\n\t\t\t\t\tsrc=\"https:\/\/www.aclanester56.com\/velo\/wp-content\/gallery\/finale-samedi-2015\/thumbs\/thumbs_finale-piste-WB-2015-116.jpg?t=1423344940\"\n\t\t\t\t\twidth=\"100\"\n\t\t\t\t\theight=\"100\"\n\t\t\t\t\tstyle=\"max-width:100%;\"\n\t\t\t\t\/>\n\t\t\t<\/a>\n\t\t<\/div>\n\t\t\t\t\t\t\t<\/div>\n\t\t\t\n\t\t\t\t<div id=\"ngg-image-111\" class=\"ngg-gallery-thumbnail-box\n\t\t\t\t\t\t\t\t\t\t\t\"\n\t\t\t>\n\t\t\t\t\t\t<div class=\"ngg-gallery-thumbnail\">\n\t\t<a href=\"https:\/\/www.aclanester56.com\/velo\/wp-content\/gallery\/finale-samedi-2015\/finale-piste-WB-2015-117.jpg?t=1423344942\"\n\t\t\ttitle=\" \"\n\t\t\tdata-src=\"https:\/\/www.aclanester56.com\/velo\/wp-content\/gallery\/finale-samedi-2015\/finale-piste-WB-2015-117.jpg?t=1423344942\"\n\t\t\tdata-thumbnail=\"https:\/\/www.aclanester56.com\/velo\/wp-content\/gallery\/finale-samedi-2015\/thumbs\/thumbs_finale-piste-WB-2015-117.jpg?t=1423344942\"\n\t\t\tdata-image-id=\"7354\"\n\t\t\tdata-image-name=\"finale-piste-WB-2015-117.jpg\"\n\t\t\tdata-title=\"finale-piste-WB-2015-117\"\n\t\t\tdata-description=\" \"\n\t\t\tdata-image-slug=\"finale-piste-wb-2015-117\"\n\t\t\t\t\t\t\t\t\t\t\t\t\t\t\t\t\t\t\t\tclass=\"ngg-simplelightbox\" rel=\"bdf6db47e65f14f9a93819e5f9f3755b\">\n\t\t\t\t\t\t\t\t<img\n\t\t\t\t\ttitle=\"finale-piste-WB-2015-117\"\n\t\t\t\t\talt=\"finale-piste-WB-2015-117\"\n\t\t\t\t\tsrc=\"https:\/\/www.aclanester56.com\/velo\/wp-content\/gallery\/finale-samedi-2015\/thumbs\/thumbs_finale-piste-WB-2015-117.jpg?t=1423344942\"\n\t\t\t\t\twidth=\"100\"\n\t\t\t\t\theight=\"100\"\n\t\t\t\t\tstyle=\"max-width:100%;\"\n\t\t\t\t\/>\n\t\t\t<\/a>\n\t\t<\/div>\n\t\t\t\t\t\t\t<\/div>\n\t\t\t\n\t\t\t\t<div id=\"ngg-image-112\" class=\"ngg-gallery-thumbnail-box\n\t\t\t\t\t\t\t\t\t\t\t\"\n\t\t\t>\n\t\t\t\t\t\t<div class=\"ngg-gallery-thumbnail\">\n\t\t<a href=\"https:\/\/www.aclanester56.com\/velo\/wp-content\/gallery\/finale-samedi-2015\/finale-piste-WB-2015-118.jpg?t=1423344944\"\n\t\t\ttitle=\" \"\n\t\t\tdata-src=\"https:\/\/www.aclanester56.com\/velo\/wp-content\/gallery\/finale-samedi-2015\/finale-piste-WB-2015-118.jpg?t=1423344944\"\n\t\t\tdata-thumbnail=\"https:\/\/www.aclanester56.com\/velo\/wp-content\/gallery\/finale-samedi-2015\/thumbs\/thumbs_finale-piste-WB-2015-118.jpg?t=1423344944\"\n\t\t\tdata-image-id=\"7355\"\n\t\t\tdata-image-name=\"finale-piste-WB-2015-118.jpg\"\n\t\t\tdata-title=\"finale-piste-WB-2015-118\"\n\t\t\tdata-description=\" \"\n\t\t\tdata-image-slug=\"finale-piste-wb-2015-118\"\n\t\t\t\t\t\t\t\t\t\t\t\t\t\t\t\t\t\t\t\tclass=\"ngg-simplelightbox\" rel=\"bdf6db47e65f14f9a93819e5f9f3755b\">\n\t\t\t\t\t\t\t\t<img\n\t\t\t\t\ttitle=\"finale-piste-WB-2015-118\"\n\t\t\t\t\talt=\"finale-piste-WB-2015-118\"\n\t\t\t\t\tsrc=\"https:\/\/www.aclanester56.com\/velo\/wp-content\/gallery\/finale-samedi-2015\/thumbs\/thumbs_finale-piste-WB-2015-118.jpg?t=1423344944\"\n\t\t\t\t\twidth=\"100\"\n\t\t\t\t\theight=\"100\"\n\t\t\t\t\tstyle=\"max-width:100%;\"\n\t\t\t\t\/>\n\t\t\t<\/a>\n\t\t<\/div>\n\t\t\t\t\t\t\t<\/div>\n\t\t\t\n\t\t\t\t<div id=\"ngg-image-113\" class=\"ngg-gallery-thumbnail-box\n\t\t\t\t\t\t\t\t\t\t\t\"\n\t\t\t>\n\t\t\t\t\t\t<div class=\"ngg-gallery-thumbnail\">\n\t\t<a href=\"https:\/\/www.aclanester56.com\/velo\/wp-content\/gallery\/finale-samedi-2015\/finale-piste-WB-2015-119.jpg?t=1423344946\"\n\t\t\ttitle=\" \"\n\t\t\tdata-src=\"https:\/\/www.aclanester56.com\/velo\/wp-content\/gallery\/finale-samedi-2015\/finale-piste-WB-2015-119.jpg?t=1423344946\"\n\t\t\tdata-thumbnail=\"https:\/\/www.aclanester56.com\/velo\/wp-content\/gallery\/finale-samedi-2015\/thumbs\/thumbs_finale-piste-WB-2015-119.jpg?t=1423344946\"\n\t\t\tdata-image-id=\"7356\"\n\t\t\tdata-image-name=\"finale-piste-WB-2015-119.jpg\"\n\t\t\tdata-title=\"finale-piste-WB-2015-119\"\n\t\t\tdata-description=\" \"\n\t\t\tdata-image-slug=\"finale-piste-wb-2015-119\"\n\t\t\t\t\t\t\t\t\t\t\t\t\t\t\t\t\t\t\t\tclass=\"ngg-simplelightbox\" rel=\"bdf6db47e65f14f9a93819e5f9f3755b\">\n\t\t\t\t\t\t\t\t<img\n\t\t\t\t\ttitle=\"finale-piste-WB-2015-119\"\n\t\t\t\t\talt=\"finale-piste-WB-2015-119\"\n\t\t\t\t\tsrc=\"https:\/\/www.aclanester56.com\/velo\/wp-content\/gallery\/finale-samedi-2015\/thumbs\/thumbs_finale-piste-WB-2015-119.jpg?t=1423344946\"\n\t\t\t\t\twidth=\"100\"\n\t\t\t\t\theight=\"100\"\n\t\t\t\t\tstyle=\"max-width:100%;\"\n\t\t\t\t\/>\n\t\t\t<\/a>\n\t\t<\/div>\n\t\t\t\t\t\t\t<\/div>\n\t\t\t\n\t\t\t\t<div id=\"ngg-image-114\" class=\"ngg-gallery-thumbnail-box\n\t\t\t\t\t\t\t\t\t\t\t\"\n\t\t\t>\n\t\t\t\t\t\t<div class=\"ngg-gallery-thumbnail\">\n\t\t<a href=\"https:\/\/www.aclanester56.com\/velo\/wp-content\/gallery\/finale-samedi-2015\/finale-piste-WB-2015-120.jpg?t=1423344948\"\n\t\t\ttitle=\" \"\n\t\t\tdata-src=\"https:\/\/www.aclanester56.com\/velo\/wp-content\/gallery\/finale-samedi-2015\/finale-piste-WB-2015-120.jpg?t=1423344948\"\n\t\t\tdata-thumbnail=\"https:\/\/www.aclanester56.com\/velo\/wp-content\/gallery\/finale-samedi-2015\/thumbs\/thumbs_finale-piste-WB-2015-120.jpg?t=1423344948\"\n\t\t\tdata-image-id=\"7357\"\n\t\t\tdata-image-name=\"finale-piste-WB-2015-120.jpg\"\n\t\t\tdata-title=\"finale-piste-WB-2015-120\"\n\t\t\tdata-description=\" \"\n\t\t\tdata-image-slug=\"finale-piste-wb-2015-120\"\n\t\t\t\t\t\t\t\t\t\t\t\t\t\t\t\t\t\t\t\tclass=\"ngg-simplelightbox\" rel=\"bdf6db47e65f14f9a93819e5f9f3755b\">\n\t\t\t\t\t\t\t\t<img\n\t\t\t\t\ttitle=\"finale-piste-WB-2015-120\"\n\t\t\t\t\talt=\"finale-piste-WB-2015-120\"\n\t\t\t\t\tsrc=\"https:\/\/www.aclanester56.com\/velo\/wp-content\/gallery\/finale-samedi-2015\/thumbs\/thumbs_finale-piste-WB-2015-120.jpg?t=1423344948\"\n\t\t\t\t\twidth=\"100\"\n\t\t\t\t\theight=\"100\"\n\t\t\t\t\tstyle=\"max-width:100%;\"\n\t\t\t\t\/>\n\t\t\t<\/a>\n\t\t<\/div>\n\t\t\t\t\t\t\t<\/div>\n\t\t\t\n\t\t\t\t<div id=\"ngg-image-115\" class=\"ngg-gallery-thumbnail-box\n\t\t\t\t\t\t\t\t\t\t\t\"\n\t\t\t>\n\t\t\t\t\t\t<div class=\"ngg-gallery-thumbnail\">\n\t\t<a href=\"https:\/\/www.aclanester56.com\/velo\/wp-content\/gallery\/finale-samedi-2015\/finale-piste-WB-2015-121.jpg?t=1423344950\"\n\t\t\ttitle=\" \"\n\t\t\tdata-src=\"https:\/\/www.aclanester56.com\/velo\/wp-content\/gallery\/finale-samedi-2015\/finale-piste-WB-2015-121.jpg?t=1423344950\"\n\t\t\tdata-thumbnail=\"https:\/\/www.aclanester56.com\/velo\/wp-content\/gallery\/finale-samedi-2015\/thumbs\/thumbs_finale-piste-WB-2015-121.jpg?t=1423344950\"\n\t\t\tdata-image-id=\"7358\"\n\t\t\tdata-image-name=\"finale-piste-WB-2015-121.jpg\"\n\t\t\tdata-title=\"finale-piste-WB-2015-121\"\n\t\t\tdata-description=\" \"\n\t\t\tdata-image-slug=\"finale-piste-wb-2015-121\"\n\t\t\t\t\t\t\t\t\t\t\t\t\t\t\t\t\t\t\t\tclass=\"ngg-simplelightbox\" rel=\"bdf6db47e65f14f9a93819e5f9f3755b\">\n\t\t\t\t\t\t\t\t<img\n\t\t\t\t\ttitle=\"finale-piste-WB-2015-121\"\n\t\t\t\t\talt=\"finale-piste-WB-2015-121\"\n\t\t\t\t\tsrc=\"https:\/\/www.aclanester56.com\/velo\/wp-content\/gallery\/finale-samedi-2015\/thumbs\/thumbs_finale-piste-WB-2015-121.jpg?t=1423344950\"\n\t\t\t\t\twidth=\"100\"\n\t\t\t\t\theight=\"100\"\n\t\t\t\t\tstyle=\"max-width:100%;\"\n\t\t\t\t\/>\n\t\t\t<\/a>\n\t\t<\/div>\n\t\t\t\t\t\t\t<\/div>\n\t\t\t\n\t\t\t\t<div id=\"ngg-image-116\" class=\"ngg-gallery-thumbnail-box\n\t\t\t\t\t\t\t\t\t\t\t\"\n\t\t\t>\n\t\t\t\t\t\t<div class=\"ngg-gallery-thumbnail\">\n\t\t<a href=\"https:\/\/www.aclanester56.com\/velo\/wp-content\/gallery\/finale-samedi-2015\/finale-piste-WB-2015-122.jpg?t=1423344952\"\n\t\t\ttitle=\" \"\n\t\t\tdata-src=\"https:\/\/www.aclanester56.com\/velo\/wp-content\/gallery\/finale-samedi-2015\/finale-piste-WB-2015-122.jpg?t=1423344952\"\n\t\t\tdata-thumbnail=\"https:\/\/www.aclanester56.com\/velo\/wp-content\/gallery\/finale-samedi-2015\/thumbs\/thumbs_finale-piste-WB-2015-122.jpg?t=1423344952\"\n\t\t\tdata-image-id=\"7359\"\n\t\t\tdata-image-name=\"finale-piste-WB-2015-122.jpg\"\n\t\t\tdata-title=\"finale-piste-WB-2015-122\"\n\t\t\tdata-description=\" \"\n\t\t\tdata-image-slug=\"finale-piste-wb-2015-122\"\n\t\t\t\t\t\t\t\t\t\t\t\t\t\t\t\t\t\t\t\tclass=\"ngg-simplelightbox\" rel=\"bdf6db47e65f14f9a93819e5f9f3755b\">\n\t\t\t\t\t\t\t\t<img\n\t\t\t\t\ttitle=\"finale-piste-WB-2015-122\"\n\t\t\t\t\talt=\"finale-piste-WB-2015-122\"\n\t\t\t\t\tsrc=\"https:\/\/www.aclanester56.com\/velo\/wp-content\/gallery\/finale-samedi-2015\/thumbs\/thumbs_finale-piste-WB-2015-122.jpg?t=1423344952\"\n\t\t\t\t\twidth=\"100\"\n\t\t\t\t\theight=\"100\"\n\t\t\t\t\tstyle=\"max-width:100%;\"\n\t\t\t\t\/>\n\t\t\t<\/a>\n\t\t<\/div>\n\t\t\t\t\t\t\t<\/div>\n\t\t\t\n\t\t\t\t<div id=\"ngg-image-117\" class=\"ngg-gallery-thumbnail-box\n\t\t\t\t\t\t\t\t\t\t\t\"\n\t\t\t>\n\t\t\t\t\t\t<div class=\"ngg-gallery-thumbnail\">\n\t\t<a href=\"https:\/\/www.aclanester56.com\/velo\/wp-content\/gallery\/finale-samedi-2015\/finale-piste-WB-2015-123.jpg?t=1423344954\"\n\t\t\ttitle=\" \"\n\t\t\tdata-src=\"https:\/\/www.aclanester56.com\/velo\/wp-content\/gallery\/finale-samedi-2015\/finale-piste-WB-2015-123.jpg?t=1423344954\"\n\t\t\tdata-thumbnail=\"https:\/\/www.aclanester56.com\/velo\/wp-content\/gallery\/finale-samedi-2015\/thumbs\/thumbs_finale-piste-WB-2015-123.jpg?t=1423344954\"\n\t\t\tdata-image-id=\"7360\"\n\t\t\tdata-image-name=\"finale-piste-WB-2015-123.jpg\"\n\t\t\tdata-title=\"finale-piste-WB-2015-123\"\n\t\t\tdata-description=\" \"\n\t\t\tdata-image-slug=\"finale-piste-wb-2015-123\"\n\t\t\t\t\t\t\t\t\t\t\t\t\t\t\t\t\t\t\t\tclass=\"ngg-simplelightbox\" rel=\"bdf6db47e65f14f9a93819e5f9f3755b\">\n\t\t\t\t\t\t\t\t<img\n\t\t\t\t\ttitle=\"finale-piste-WB-2015-123\"\n\t\t\t\t\talt=\"finale-piste-WB-2015-123\"\n\t\t\t\t\tsrc=\"https:\/\/www.aclanester56.com\/velo\/wp-content\/gallery\/finale-samedi-2015\/thumbs\/thumbs_finale-piste-WB-2015-123.jpg?t=1423344954\"\n\t\t\t\t\twidth=\"100\"\n\t\t\t\t\theight=\"100\"\n\t\t\t\t\tstyle=\"max-width:100%;\"\n\t\t\t\t\/>\n\t\t\t<\/a>\n\t\t<\/div>\n\t\t\t\t\t\t\t<\/div>\n\t\t\t\n\t\n\t<br style=\"clear: both\" \/>\n\n\t\n\t\t<div class=\"ngg-clear\"><\/div>\n\t<\/div>\n<\/p>\n<p>&nbsp;<\/p>\n<p>&nbsp;<\/p>\n","protected":false},"excerpt":{"rendered":"","protected":false},"author":2,"featured_media":21330,"comment_status":"open","ping_status":"open","sticky":false,"template":"","format":"standard","meta":{"ngg_post_thumbnail":0,"footnotes":""},"categories":[5,4,74,16,24],"tags":[],"class_list":["post-21198","post","type-post","status-publish","format-standard","has-post-thumbnail","hentry","category-ac-lanester-56","category-competitions","category-piste","category-resultats","category-resultats-ecole-de-cyclisme"],"yoast_head":"<!-- This site is optimized with the Yoast SEO plugin v27.5 - https:\/\/yoast.com\/product\/yoast-seo-wordpress\/ -->\n<title>Retour en images sur la finale des Samedi D\u00e9couverte de la Piste 2015 ! - Avenir Cycliste Lanester 56<\/title>\n<meta name=\"robots\" content=\"index, follow, max-snippet:-1, max-image-preview:large, max-video-preview:-1\" \/>\n<link rel=\"canonical\" href=\"https:\/\/www.aclanester56.com\/velo\/retour-en-images-sur-la-finale-des-samedi-decouverte-de-la-piste-2015\/\" \/>\n<meta property=\"og:locale\" content=\"fr_FR\" \/>\n<meta property=\"og:type\" content=\"article\" \/>\n<meta property=\"og:title\" content=\"Retour en images sur la finale des Samedi D\u00e9couverte de la Piste 2015 ! - Avenir Cycliste Lanester 56\" \/>\n<meta property=\"og:url\" content=\"https:\/\/www.aclanester56.com\/velo\/retour-en-images-sur-la-finale-des-samedi-decouverte-de-la-piste-2015\/\" \/>\n<meta property=\"og:site_name\" content=\"Avenir Cycliste Lanester 56\" \/>\n<meta property=\"article:publisher\" content=\"https:\/\/www.facebook.com\/pages\/AC-Lanester-56\/190286300991242?fref=ts\" \/>\n<meta property=\"article:published_time\" content=\"2015-02-12T20:27:48+00:00\" \/>\n<meta property=\"article:modified_time\" content=\"2015-02-12T20:30:36+00:00\" \/>\n<meta property=\"og:image\" content=\"https:\/\/www.aclanester56.com\/velo\/wp-content\/uploads\/2015\/02\/finale-piste-WB-2015-110-Copie.jpg\" \/>\n\t<meta property=\"og:image:width\" content=\"880\" \/>\n\t<meta property=\"og:image:height\" content=\"450\" \/>\n\t<meta property=\"og:image:type\" content=\"image\/jpeg\" \/>\n<meta name=\"author\" content=\"stephane\" \/>\n<meta name=\"twitter:label1\" content=\"\u00c9crit par\" \/>\n\t<meta name=\"twitter:data1\" content=\"stephane\" \/>\n\t<meta name=\"twitter:label2\" content=\"Dur\u00e9e de lecture estim\u00e9e\" \/>\n\t<meta name=\"twitter:data2\" content=\"1 minute\" \/>\n<script type=\"application\/ld+json\" class=\"yoast-schema-graph\">{\"@context\":\"https:\\\/\\\/schema.org\",\"@graph\":[{\"@type\":\"Article\",\"@id\":\"https:\\\/\\\/www.aclanester56.com\\\/velo\\\/retour-en-images-sur-la-finale-des-samedi-decouverte-de-la-piste-2015\\\/#article\",\"isPartOf\":{\"@id\":\"https:\\\/\\\/www.aclanester56.com\\\/velo\\\/retour-en-images-sur-la-finale-des-samedi-decouverte-de-la-piste-2015\\\/\"},\"author\":{\"name\":\"stephane\",\"@id\":\"https:\\\/\\\/www.aclanester56.com\\\/velo\\\/#\\\/schema\\\/person\\\/c844661e64a578ca46639cb0ae764de6\"},\"headline\":\"Retour en images sur la finale des Samedi D\u00e9couverte de la Piste 2015 !\",\"datePublished\":\"2015-02-12T20:27:48+00:00\",\"dateModified\":\"2015-02-12T20:30:36+00:00\",\"mainEntityOfPage\":{\"@id\":\"https:\\\/\\\/www.aclanester56.com\\\/velo\\\/retour-en-images-sur-la-finale-des-samedi-decouverte-de-la-piste-2015\\\/\"},\"wordCount\":237,\"commentCount\":0,\"publisher\":{\"@id\":\"https:\\\/\\\/www.aclanester56.com\\\/velo\\\/#organization\"},\"image\":{\"@id\":\"https:\\\/\\\/www.aclanester56.com\\\/velo\\\/retour-en-images-sur-la-finale-des-samedi-decouverte-de-la-piste-2015\\\/#primaryimage\"},\"thumbnailUrl\":\"https:\\\/\\\/www.aclanester56.com\\\/velo\\\/wp-content\\\/uploads\\\/2015\\\/02\\\/finale-piste-WB-2015-110-Copie.jpg\",\"articleSection\":[\"AC LANESTER 56\",\"Les comp\u00e9titions\",\"Piste\",\"R\u00e9sultats\",\"R\u00e9sultats Ecole de cyclisme\"],\"inLanguage\":\"fr-FR\",\"potentialAction\":[{\"@type\":\"CommentAction\",\"name\":\"Comment\",\"target\":[\"https:\\\/\\\/www.aclanester56.com\\\/velo\\\/retour-en-images-sur-la-finale-des-samedi-decouverte-de-la-piste-2015\\\/#respond\"]}]},{\"@type\":\"WebPage\",\"@id\":\"https:\\\/\\\/www.aclanester56.com\\\/velo\\\/retour-en-images-sur-la-finale-des-samedi-decouverte-de-la-piste-2015\\\/\",\"url\":\"https:\\\/\\\/www.aclanester56.com\\\/velo\\\/retour-en-images-sur-la-finale-des-samedi-decouverte-de-la-piste-2015\\\/\",\"name\":\"Retour en images sur la finale des Samedi D\u00e9couverte de la Piste 2015 ! - Avenir Cycliste Lanester 56\",\"isPartOf\":{\"@id\":\"https:\\\/\\\/www.aclanester56.com\\\/velo\\\/#website\"},\"primaryImageOfPage\":{\"@id\":\"https:\\\/\\\/www.aclanester56.com\\\/velo\\\/retour-en-images-sur-la-finale-des-samedi-decouverte-de-la-piste-2015\\\/#primaryimage\"},\"image\":{\"@id\":\"https:\\\/\\\/www.aclanester56.com\\\/velo\\\/retour-en-images-sur-la-finale-des-samedi-decouverte-de-la-piste-2015\\\/#primaryimage\"},\"thumbnailUrl\":\"https:\\\/\\\/www.aclanester56.com\\\/velo\\\/wp-content\\\/uploads\\\/2015\\\/02\\\/finale-piste-WB-2015-110-Copie.jpg\",\"datePublished\":\"2015-02-12T20:27:48+00:00\",\"dateModified\":\"2015-02-12T20:30:36+00:00\",\"inLanguage\":\"fr-FR\",\"potentialAction\":[{\"@type\":\"ReadAction\",\"target\":[\"https:\\\/\\\/www.aclanester56.com\\\/velo\\\/retour-en-images-sur-la-finale-des-samedi-decouverte-de-la-piste-2015\\\/\"]}]},{\"@type\":\"ImageObject\",\"inLanguage\":\"fr-FR\",\"@id\":\"https:\\\/\\\/www.aclanester56.com\\\/velo\\\/retour-en-images-sur-la-finale-des-samedi-decouverte-de-la-piste-2015\\\/#primaryimage\",\"url\":\"https:\\\/\\\/www.aclanester56.com\\\/velo\\\/wp-content\\\/uploads\\\/2015\\\/02\\\/finale-piste-WB-2015-110-Copie.jpg\",\"contentUrl\":\"https:\\\/\\\/www.aclanester56.com\\\/velo\\\/wp-content\\\/uploads\\\/2015\\\/02\\\/finale-piste-WB-2015-110-Copie.jpg\",\"width\":880,\"height\":450},{\"@type\":\"WebSite\",\"@id\":\"https:\\\/\\\/www.aclanester56.com\\\/velo\\\/#website\",\"url\":\"https:\\\/\\\/www.aclanester56.com\\\/velo\\\/\",\"name\":\"Avenir Cycliste Lanester 56\",\"description\":\"Club cycliste de l&#039;AC LANESTER 56\",\"publisher\":{\"@id\":\"https:\\\/\\\/www.aclanester56.com\\\/velo\\\/#organization\"},\"potentialAction\":[{\"@type\":\"SearchAction\",\"target\":{\"@type\":\"EntryPoint\",\"urlTemplate\":\"https:\\\/\\\/www.aclanester56.com\\\/velo\\\/?s={search_term_string}\"},\"query-input\":{\"@type\":\"PropertyValueSpecification\",\"valueRequired\":true,\"valueName\":\"search_term_string\"}}],\"inLanguage\":\"fr-FR\"},{\"@type\":\"Organization\",\"@id\":\"https:\\\/\\\/www.aclanester56.com\\\/velo\\\/#organization\",\"name\":\"Avenir Cycliste Lanester 56\",\"url\":\"https:\\\/\\\/www.aclanester56.com\\\/velo\\\/\",\"logo\":{\"@type\":\"ImageObject\",\"inLanguage\":\"fr-FR\",\"@id\":\"https:\\\/\\\/www.aclanester56.com\\\/velo\\\/#\\\/schema\\\/logo\\\/image\\\/\",\"url\":\"https:\\\/\\\/www.aclanester56.com\\\/velo\\\/wp-content\\\/uploads\\\/2013\\\/04\\\/logo-ACL.jpg\",\"contentUrl\":\"https:\\\/\\\/www.aclanester56.com\\\/velo\\\/wp-content\\\/uploads\\\/2013\\\/04\\\/logo-ACL.jpg\",\"width\":400,\"height\":334,\"caption\":\"Avenir Cycliste Lanester 56\"},\"image\":{\"@id\":\"https:\\\/\\\/www.aclanester56.com\\\/velo\\\/#\\\/schema\\\/logo\\\/image\\\/\"},\"sameAs\":[\"https:\\\/\\\/www.facebook.com\\\/pages\\\/AC-Lanester-56\\\/190286300991242?fref=ts\"]},{\"@type\":\"Person\",\"@id\":\"https:\\\/\\\/www.aclanester56.com\\\/velo\\\/#\\\/schema\\\/person\\\/c844661e64a578ca46639cb0ae764de6\",\"name\":\"stephane\",\"url\":\"https:\\\/\\\/www.aclanester56.com\\\/velo\\\/author\\\/stephane\\\/\"}]}<\/script>\n<!-- \/ Yoast SEO plugin. -->","yoast_head_json":{"title":"Retour en images sur la finale des Samedi D\u00e9couverte de la Piste 2015 ! - Avenir Cycliste Lanester 56","robots":{"index":"index","follow":"follow","max-snippet":"max-snippet:-1","max-image-preview":"max-image-preview:large","max-video-preview":"max-video-preview:-1"},"canonical":"https:\/\/www.aclanester56.com\/velo\/retour-en-images-sur-la-finale-des-samedi-decouverte-de-la-piste-2015\/","og_locale":"fr_FR","og_type":"article","og_title":"Retour en images sur la finale des Samedi D\u00e9couverte de la Piste 2015 ! - Avenir Cycliste Lanester 56","og_url":"https:\/\/www.aclanester56.com\/velo\/retour-en-images-sur-la-finale-des-samedi-decouverte-de-la-piste-2015\/","og_site_name":"Avenir Cycliste Lanester 56","article_publisher":"https:\/\/www.facebook.com\/pages\/AC-Lanester-56\/190286300991242?fref=ts","article_published_time":"2015-02-12T20:27:48+00:00","article_modified_time":"2015-02-12T20:30:36+00:00","og_image":[{"width":880,"height":450,"url":"https:\/\/www.aclanester56.com\/velo\/wp-content\/uploads\/2015\/02\/finale-piste-WB-2015-110-Copie.jpg","type":"image\/jpeg"}],"author":"stephane","twitter_misc":{"\u00c9crit par":"stephane","Dur\u00e9e de lecture estim\u00e9e":"1 minute"},"schema":{"@context":"https:\/\/schema.org","@graph":[{"@type":"Article","@id":"https:\/\/www.aclanester56.com\/velo\/retour-en-images-sur-la-finale-des-samedi-decouverte-de-la-piste-2015\/#article","isPartOf":{"@id":"https:\/\/www.aclanester56.com\/velo\/retour-en-images-sur-la-finale-des-samedi-decouverte-de-la-piste-2015\/"},"author":{"name":"stephane","@id":"https:\/\/www.aclanester56.com\/velo\/#\/schema\/person\/c844661e64a578ca46639cb0ae764de6"},"headline":"Retour en images sur la finale des Samedi D\u00e9couverte de la Piste 2015 !","datePublished":"2015-02-12T20:27:48+00:00","dateModified":"2015-02-12T20:30:36+00:00","mainEntityOfPage":{"@id":"https:\/\/www.aclanester56.com\/velo\/retour-en-images-sur-la-finale-des-samedi-decouverte-de-la-piste-2015\/"},"wordCount":237,"commentCount":0,"publisher":{"@id":"https:\/\/www.aclanester56.com\/velo\/#organization"},"image":{"@id":"https:\/\/www.aclanester56.com\/velo\/retour-en-images-sur-la-finale-des-samedi-decouverte-de-la-piste-2015\/#primaryimage"},"thumbnailUrl":"https:\/\/www.aclanester56.com\/velo\/wp-content\/uploads\/2015\/02\/finale-piste-WB-2015-110-Copie.jpg","articleSection":["AC LANESTER 56","Les comp\u00e9titions","Piste","R\u00e9sultats","R\u00e9sultats Ecole de cyclisme"],"inLanguage":"fr-FR","potentialAction":[{"@type":"CommentAction","name":"Comment","target":["https:\/\/www.aclanester56.com\/velo\/retour-en-images-sur-la-finale-des-samedi-decouverte-de-la-piste-2015\/#respond"]}]},{"@type":"WebPage","@id":"https:\/\/www.aclanester56.com\/velo\/retour-en-images-sur-la-finale-des-samedi-decouverte-de-la-piste-2015\/","url":"https:\/\/www.aclanester56.com\/velo\/retour-en-images-sur-la-finale-des-samedi-decouverte-de-la-piste-2015\/","name":"Retour en images sur la finale des Samedi D\u00e9couverte de la Piste 2015 ! - Avenir Cycliste Lanester 56","isPartOf":{"@id":"https:\/\/www.aclanester56.com\/velo\/#website"},"primaryImageOfPage":{"@id":"https:\/\/www.aclanester56.com\/velo\/retour-en-images-sur-la-finale-des-samedi-decouverte-de-la-piste-2015\/#primaryimage"},"image":{"@id":"https:\/\/www.aclanester56.com\/velo\/retour-en-images-sur-la-finale-des-samedi-decouverte-de-la-piste-2015\/#primaryimage"},"thumbnailUrl":"https:\/\/www.aclanester56.com\/velo\/wp-content\/uploads\/2015\/02\/finale-piste-WB-2015-110-Copie.jpg","datePublished":"2015-02-12T20:27:48+00:00","dateModified":"2015-02-12T20:30:36+00:00","inLanguage":"fr-FR","potentialAction":[{"@type":"ReadAction","target":["https:\/\/www.aclanester56.com\/velo\/retour-en-images-sur-la-finale-des-samedi-decouverte-de-la-piste-2015\/"]}]},{"@type":"ImageObject","inLanguage":"fr-FR","@id":"https:\/\/www.aclanester56.com\/velo\/retour-en-images-sur-la-finale-des-samedi-decouverte-de-la-piste-2015\/#primaryimage","url":"https:\/\/www.aclanester56.com\/velo\/wp-content\/uploads\/2015\/02\/finale-piste-WB-2015-110-Copie.jpg","contentUrl":"https:\/\/www.aclanester56.com\/velo\/wp-content\/uploads\/2015\/02\/finale-piste-WB-2015-110-Copie.jpg","width":880,"height":450},{"@type":"WebSite","@id":"https:\/\/www.aclanester56.com\/velo\/#website","url":"https:\/\/www.aclanester56.com\/velo\/","name":"Avenir Cycliste Lanester 56","description":"Club cycliste de l&#039;AC LANESTER 56","publisher":{"@id":"https:\/\/www.aclanester56.com\/velo\/#organization"},"potentialAction":[{"@type":"SearchAction","target":{"@type":"EntryPoint","urlTemplate":"https:\/\/www.aclanester56.com\/velo\/?s={search_term_string}"},"query-input":{"@type":"PropertyValueSpecification","valueRequired":true,"valueName":"search_term_string"}}],"inLanguage":"fr-FR"},{"@type":"Organization","@id":"https:\/\/www.aclanester56.com\/velo\/#organization","name":"Avenir Cycliste Lanester 56","url":"https:\/\/www.aclanester56.com\/velo\/","logo":{"@type":"ImageObject","inLanguage":"fr-FR","@id":"https:\/\/www.aclanester56.com\/velo\/#\/schema\/logo\/image\/","url":"https:\/\/www.aclanester56.com\/velo\/wp-content\/uploads\/2013\/04\/logo-ACL.jpg","contentUrl":"https:\/\/www.aclanester56.com\/velo\/wp-content\/uploads\/2013\/04\/logo-ACL.jpg","width":400,"height":334,"caption":"Avenir Cycliste Lanester 56"},"image":{"@id":"https:\/\/www.aclanester56.com\/velo\/#\/schema\/logo\/image\/"},"sameAs":["https:\/\/www.facebook.com\/pages\/AC-Lanester-56\/190286300991242?fref=ts"]},{"@type":"Person","@id":"https:\/\/www.aclanester56.com\/velo\/#\/schema\/person\/c844661e64a578ca46639cb0ae764de6","name":"stephane","url":"https:\/\/www.aclanester56.com\/velo\/author\/stephane\/"}]}},"_links":{"self":[{"href":"https:\/\/www.aclanester56.com\/velo\/wp-json\/wp\/v2\/posts\/21198","targetHints":{"allow":["GET"]}}],"collection":[{"href":"https:\/\/www.aclanester56.com\/velo\/wp-json\/wp\/v2\/posts"}],"about":[{"href":"https:\/\/www.aclanester56.com\/velo\/wp-json\/wp\/v2\/types\/post"}],"author":[{"embeddable":true,"href":"https:\/\/www.aclanester56.com\/velo\/wp-json\/wp\/v2\/users\/2"}],"replies":[{"embeddable":true,"href":"https:\/\/www.aclanester56.com\/velo\/wp-json\/wp\/v2\/comments?post=21198"}],"version-history":[{"count":3,"href":"https:\/\/www.aclanester56.com\/velo\/wp-json\/wp\/v2\/posts\/21198\/revisions"}],"predecessor-version":[{"id":21329,"href":"https:\/\/www.aclanester56.com\/velo\/wp-json\/wp\/v2\/posts\/21198\/revisions\/21329"}],"wp:featuredmedia":[{"embeddable":true,"href":"https:\/\/www.aclanester56.com\/velo\/wp-json\/wp\/v2\/media\/21330"}],"wp:attachment":[{"href":"https:\/\/www.aclanester56.com\/velo\/wp-json\/wp\/v2\/media?parent=21198"}],"wp:term":[{"taxonomy":"category","embeddable":true,"href":"https:\/\/www.aclanester56.com\/velo\/wp-json\/wp\/v2\/categories?post=21198"},{"taxonomy":"post_tag","embeddable":true,"href":"https:\/\/www.aclanester56.com\/velo\/wp-json\/wp\/v2\/tags?post=21198"}],"curies":[{"name":"wp","href":"https:\/\/api.w.org\/{rel}","templated":true}]}}