{"id":21201,"date":"2015-02-08T00:03:31","date_gmt":"2015-02-07T22:03:31","guid":{"rendered":"http:\/\/www.aclanester56.com\/velo\/?p=21201"},"modified":"2015-02-08T00:07:24","modified_gmt":"2015-02-07T22:07:24","slug":"finale-des-samedis-decouverte-de-la-piste-les-classements","status":"publish","type":"post","link":"https:\/\/www.aclanester56.com\/velo\/finale-des-samedis-decouverte-de-la-piste-les-classements\/","title":{"rendered":"Finale des Samedis D\u00e9couverte de la Piste 2015 : les classements !"},"content":{"rendered":"<p><!--more--><\/p>\n<p style=\"text-align: justify;\">\u00a0La finale des Samedis D\u00e9couverte de la Piste s\u2019est d\u00e9roul\u00e9e ce samedi sur l\u2019anneau G\u00e9rard Le Maguer \u00e0 Lanester. Apr\u00e8s les \u00e9preuves de scratch le 17\u00a0janvier et les \u00e9preuves de courses aux points le 24\u00a0janvier, 62 jeunes coureurs (filles et gar\u00e7ons n\u00e9s entre 2001\u00a0et 2004) se sont affront\u00e9s sur \u00e9preuves par \u00e9limination (tous les deux tours, le dernier concurrent passant la ligne est \u00e9limin\u00e9, jusqu&rsquo;\u00e0 ce qu&rsquo;il ne reste plus qu&rsquo;un coureur). Le professionnel de l&rsquo;\u00e9quipe GIANT-ALPECIN Warren BARGUIL, qui a sign\u00e9 sa licence ce matin m\u00eame dans le club de ses d\u00e9buts l&rsquo;AC LANESTER 56, a remis les r\u00e9compenses aux diff\u00e9rents laur\u00e9ats, pour leur plus grand plaisir.<\/p>\n<p style=\"text-align: justify;\">Malgr\u00e9 deux chutes (heureusement sans gravit\u00e9), le spectacle a \u00e9t\u00e9 au rendez-vous avec de belles courses propos\u00e9es par les \u00a0futurs champions.<\/p>\n<p style=\"text-align: justify;\">Les Samedis D\u00e9couverte de la Piste ont rencontr\u00e9 un joli succ\u00e8s populaire avec plus de 60 jeunes participants sur chacune des trois manches. L\u2019AC LANESTER 56 organise traditionnellement ce rendez-vous avec la collaboration des clubs locaux : on retrouve par exemple r\u00e9guli\u00e8rement\u00a0Marcel Guianvarc\u2019h (dirigeant de l\u2019UCP PLOUAY) et Didier Graignic (dirigeant de l\u2019UC INGUINIEL) \u00e0 l\u2019arbitrage ou encore Thierry Le Garrec (dirigeant de l\u2019UCP PLOUAY) \u00e0 l\u2019animation, commentant avec beaucoup de verve les \u00e9preuves du jour, pour le plus grand plaisir des spectateurs.<\/p>\n<p style=\"text-align: justify;\">D\u00e9couvrez ci-dessous tous les r\u00e9sultats de cette finale ! Plusieurs photos de cette belle journ\u00e9e vont suivre !<\/p>\n<div id=\"attachment_21203\" style=\"width: 370px\" class=\"wp-caption alignright\"><a href=\"http:\/\/www.aclanester56.com\/velo\/wp-content\/uploads\/2015\/02\/Laureats.jpg\"><img loading=\"lazy\" decoding=\"async\" aria-describedby=\"caption-attachment-21203\" class=\"size-full wp-image-21203\" src=\"http:\/\/www.aclanester56.com\/velo\/wp-content\/uploads\/2015\/02\/Laureats.jpg\" alt=\"Warren Barguil a r\u00e9compens\u00e9 tous les laur\u00e9ats ! (photo Michel Le Douairon)\" width=\"360\" height=\"249\" srcset=\"https:\/\/www.aclanester56.com\/velo\/wp-content\/uploads\/2015\/02\/Laureats.jpg 720w, https:\/\/www.aclanester56.com\/velo\/wp-content\/uploads\/2015\/02\/Laureats-300x207.jpg 300w, https:\/\/www.aclanester56.com\/velo\/wp-content\/uploads\/2015\/02\/Laureats-652x450.jpg 652w, https:\/\/www.aclanester56.com\/velo\/wp-content\/uploads\/2015\/02\/Laureats-600x414.jpg 600w, https:\/\/www.aclanester56.com\/velo\/wp-content\/uploads\/2015\/02\/Laureats-100x69.jpg 100w\" sizes=\"auto, (max-width: 360px) 100vw, 360px\" \/><\/a><p id=\"caption-attachment-21203\" class=\"wp-caption-text\">Warren Barguil a r\u00e9compens\u00e9 tous les laur\u00e9ats ! (photo Michel Le Douairon)<\/p><\/div>\n<p><em>Photo : Michel Le Douairon<\/em><\/p>\n<p><span style=\"text-decoration: underline;\"><span style=\"color: #ff6600;\"><strong>Les classements :<\/strong><\/span><\/span><\/p>\n<p><span style=\"text-decoration: underline;\"><strong>Filles n\u00e9es en 2003-2004 :<\/strong><\/span><br \/>\n1 TREGOUET Maurene VELOCE VANNES 12 pts<br \/>\n2 JOUET Meriane VELOCE VANNES 10 pts<br \/>\n3 LANGLO Morgane UC INGUINIEL 8 pts<br \/>\n4 GEGOUREL Elise ACP BAUD 7 pts<br \/>\n5 ESVAN Manuela UC QUIMPERLE 6 pts<\/p>\n<p><span style=\"text-decoration: underline;\"><strong>Filles n\u00e9es en 2001-2002 :<\/strong><\/span><br \/>\n1 VACHEY Lorelei ACP BAUD 12 pts<br \/>\n2 CAMENEN Marie EC QUEVEN 10 pts<br \/>\n3 LE TUTOUR Lauraline VELOCE VANNES 8 pts<br \/>\n4 LE DU Erell UCP PLOUAY 7 pts<br \/>\n5 LE GOURRIEREC Pauline UCP PLOUAY 6 pts<\/p>\n<p><span style=\"text-decoration: underline;\"><strong>Gar\u00e7ons n\u00e9s en 2004 :<\/strong><\/span><br \/>\n1 LAFOSSE Dorian UCP PLOUAY 12 pts<br \/>\n2 LE TUTOUR Fran\u00e7ois VELOCE VANNES 10 pts<br \/>\n3 ZIMMERMAN Ryan ACP BAUD 8 pts<br \/>\n4 MC KAY Shane AC LANESTER 56 7 pts<br \/>\n5 LE COSSEC Raphael VC LANGUIDIC 6 pts<br \/>\n6 LE BIDEAU Louis EC QUEVEN 5 pts<br \/>\n7 LE BRIZE Davy AC LANESTER 56 4 pts<br \/>\n8 DIVAL Elouan AC LANESTER 56 3 pts<br \/>\n9 LUCAS Evan VC BELLE-ILE 2 pts<br \/>\n10 CANDAHL Paul AC LANESTER 56 1 pts<br \/>\n10 LANGLO Corentin UC INGUINIEL 1 pts<br \/>\n10 LE BELLER Mathis VC LANGUIDIC 1 pts<br \/>\n10 VALER Gabin VC LANGUIDIC 1 pts<\/p>\n<p><span style=\"text-decoration: underline;\"><strong>Gar\u00e7ons n\u00e9s en 2003 :<\/strong><\/span><br \/>\n1 LE HUITOUZE Eddy EC PLUVIGNOISE 12 pts<br \/>\n2 LE MER Quentin EC PLUVIGNOISE 10 pts<br \/>\n3 PELIZZARI Antoine VC LANGUIDIC 8 pts<br \/>\n4 GICQUEL Thibault UCP PLOUAY 7 pts<br \/>\n5 GUILLOME Axel ACP BAUD 6 pts<br \/>\n6 JOYEUX Evan VC LANGUIDIC 5 pts<br \/>\n7 ETESSE Fran\u00e7ois UCP PLOUAY 4 pts<br \/>\n8 LE METAYER BRARD Corentin VC PONTIVY 3 pts<br \/>\n9 BUQUEN Jimi-Lou VC LANGUIDIC 2 pts<br \/>\n10 HAYES Max UCP PLOUAY 1 pts<br \/>\n10 LE COZ Alexandre AC LANESTER 56 1 pts<br \/>\n10 NICOLAS Lucas UC QUIMPERLE 1 pts<\/p>\n<p><span style=\"text-decoration: underline;\"><strong>Gar\u00e7ons n\u00e9s en 2002 :<\/strong><\/span><br \/>\n1 CONAN Guerlain VC BELLE-ILE 12 pts<br \/>\n2 STEVAN Malo VELOCE VANNES 10 pts<br \/>\n3 GUYOT Jordan ACP BAUD 8 pts<br \/>\n4 SCOURZIC Youenn VC LANGUIDIC 7 pts<br \/>\n5 BACHIR Mehdi AC LANESTER 56 6 pts<br \/>\n6 LE GOFF Mathieu ACP BAUD 5 pts<br \/>\n7 PASCO Florian UC INGUINIEL 4 pts<br \/>\n8 FABRE Adrien VC LANGUIDIC 3 pts<br \/>\n9 PUREN Vincent ACP BAUD 2 pts<br \/>\n10 TOUABI Redwane UCP PLOUAY 1 pts<\/p>\n<p><span style=\"text-decoration: underline;\"><strong>Gar\u00e7ons n\u00e9s en 2001 :<\/strong><\/span><br \/>\n1 LE LESLE Nicolas VC LANGUIDIC 12 pts<br \/>\n2 TOMASSACCI Romain UC AURAY 10 pts<br \/>\n3 MICHELIN Antoine VC LANGUIDIC 8 pts<br \/>\n4 MADELAINE Viktor UCP PLOUAY 7 pts<br \/>\n5 TREGOUET Louison VELOCE VANNES 6 pts<br \/>\n6 LE GUEVEL Alexis ACP BAUD 5 pts<br \/>\n7 LE CHENADEC Ewen AC LANESTER 56 4 pts<br \/>\n8 PASCO Maxime UC INGUINIEL 3 pts<br \/>\n9 THOMAS Enzo AC LANESTER 56 2 pts<br \/>\n10 HOUEIX Tristan UC AURAY 1 pt<br \/>\n10 LE COZ Pierre AC LANESTER 56 1 pt<br \/>\n10 LE STUM Colin AC LANESTER 56 1 pt<br \/>\n10 MOREL Julian AC LANESTER 56 1 pt<br \/>\n10 ROYE Corentin AC LANESTER 56 1 pt<br \/>\n10 STANGUENNEC Dylan EC QUEVEN 1 pt<\/p>\n<p><span style=\"text-decoration: underline;\"><span style=\"color: #ff6600;\"><strong>Classements g\u00e9n\u00e9raux finaux :<\/strong><\/span><\/span><\/p>\n<p><span style=\"text-decoration: underline;\"><strong>Filles n\u00e9es en 2003-2004 :<\/strong><\/span><br \/>\n1 TREGOUET Maurene VELOCE VANNES 36 pts (12 + 12 + 12)<br \/>\n2 JOUET Meriane VELOCE VANNES 30 pts (10 + 10 + 10)<br \/>\n3 LANGLO Morgane UC INGUINIEL 23 pts (8 + 7 + 8)<br \/>\n4 GEGOUREL Elise ACP BAUD 22 pts (7 + 8 + 7)<br \/>\n5 ESVAN Manuela UC QUIMPERLE 18 pts (6 + 6 + 6)<br \/>\n6 PERRON Aur\u00e9lia UC QUIMPERLE 10 pts (5 + 5 + 0)<\/p>\n<p><span style=\"text-decoration: underline;\"><strong>Filles n\u00e9es en 2001-2002 :<\/strong><\/span><br \/>\n1 VACHEY Lorelei ACP BAUD 36 pts (12 + 12 + 12)<br \/>\n2 CAMENEN Marie EC QUEVEN 30 pts (10 + 10 + 10)<br \/>\n3 LE TUTOUR Lauraline VELOCE VANNES 23 pts (7 + 8 + 8)<br \/>\n4 LE DU Erell UCP PLOUAY 21 pts (8 + 6 + 7)<br \/>\n5 LE GOURRIEREC Pauline UCP PLOUAY 13 pts (0 + 7 + 6)<\/p>\n<p><span style=\"text-decoration: underline;\"><strong>Gar\u00e7ons n\u00e9s en 2004 :<\/strong><\/span><br \/>\n1 LE TUTOUR Fran\u00e7ois VELOCE VANNES 34 pts (12 + 12 + 10)<br \/>\n2 LAFOSSE Dorian UCP PLOUAY 32 pts (10 + 10 + 12)<br \/>\n3 ZIMMERMAN Ryan ACP BAUD 22 pts (7 + 7 + 8)<br \/>\n4 LE COSSEC Raphael VC LANGUIDIC 17 pts (5 + 6 + 6)<br \/>\n5 BERRET William VC LANGUIDIC 12 pts (4 + 8 + 0)<br \/>\n5 LE BIDEAU Louis EC QUEVEN 12 pts (6 + 1 + 5)<br \/>\n5 MC KAY Shane AC LANESTER 56 12 pts (0 + 5 + 7)<br \/>\n5 MOYOU Nathanael VC LANGUIDIC 12 pts (8 + 4 + 0)<br \/>\n9 LE BRIZE Davy AC LANESTER 56 9 pts (2 + 3 + 4)<br \/>\n10 DIVAL Elouan AC LANESTER 56 8 pts (3 + 2 + 3)<br \/>\n11 CANDAHL Paul AC LANESTER 56 3 pts (1 + 1 + 1)<br \/>\n11 LANGLO Corentin UC INGUINIEL 3 pts (1 + 1 + 1)<br \/>\n11 LE BELLER Mathis VC LANGUIDIC 3 pts (1 + 1 + 1)<br \/>\n11 LUCAS Evan VC BELLE-ILE 3 pts (0 + 1 + 2)<br \/>\n15 VALER Gabin VC LANGUIDIC 2 pts (1 + 0 + 1)<br \/>\n16 BIHAN Ethan UC QUIMPERLE 1 pts (1 + 0 + 0)<\/p>\n<p><span style=\"text-decoration: underline;\"><strong>Gar\u00e7ons n\u00e9s en 2003 :<\/strong><\/span><br \/>\n1 LE HUITOUZE Eddy EC PLUVIGNOISE 36 pts (12 + 12 + 12)<br \/>\n2 PELIZZARI Antoine VC LANGUIDIC 26 pts (8 + 10 + 8)<br \/>\n3 GICQUEL Thibault UCP PLOUAY 20 pts (6 + 7 + 7)<br \/>\n4 CADORET Theotime AC LANESTER 56 18 pts (10 + 8 + 0)<br \/>\n4 LE MER Quentin EC PLUVIGNOISE 18 pts (1 + 7 + 10)<br \/>\n6 GUILLOME Axel ACP BAUD 12 pts (2 + 4 + 6)<br \/>\n7 JOYEUX Evan VC LANGUIDIC 11 pts (4 + 2 + 5)<br \/>\n7 LE METAYER BRARD Corentin VC PONTIVY 11 pts (7 + 1 + 3)<br \/>\n9 ETESSE Fran\u00e7ois UCP PLOUAY 7 pts (0 + 3 + 4)<br \/>\n9 NICOLAS Lucas UC QUIMPERLE 7 pts (5 + 1 + 1)<br \/>\n11 HOUDU Leo VC PONTIVY 5 pts (0 + 5 + 0)<br \/>\n11 LE COZ Alexandre AC LANESTER 56 5 pts (3 + 1 + 1)<br \/>\n13 BUQUEN Jimi-Lou VC LANGUIDIC 4 pts (1 + 1 + 2)<br \/>\n14 HAYES Max UCP PLOUAY 3 pts (1 + 1 + 1)<br \/>\n15 BONNEC Corentin VC LANGUIDIC 2 pts (1 + 1 + 0)<br \/>\n16 LE SAUSSE Valentin AC LANESTER 56 1 pts (1 + 0 + 0)<br \/>\n16 SCOUARNEC Adrien UC QUIMPERLE 1 pts (1 + 0 + 0)<\/p>\n<p><span style=\"text-decoration: underline;\"><strong>Gar\u00e7ons n\u00e9s en 2002 :<\/strong><\/span><br \/>\n1 CONAN Guerlain VC BELLE-ILE 34 pts (10 + 12 + 12)<br \/>\n2 STEVAN Malo VELOCE VANNES 30 pts (12 + 8 + 10)<br \/>\n3 BACHIR Mehdi AC LANESTER 56 24 pts (8 + 10 + 6)<br \/>\n4 SCOURZIC Youenn VC LANGUIDIC 20 pts (7 + 6 + 7)<br \/>\n5 GUYOT Jordan ACP BAUD 18 pts (3 + 7 + 8)<br \/>\n6 LE GOFF Mathieu ACP BAUD 15 pts (4 + 6 + 5)<br \/>\n7 FABRE Adrien VC LANGUIDIC 10 pts (6 + 1 + 3)<br \/>\n8 BOUEDO Antoine VELOCE VANNES 9 pts (5 + 4 + 0)<br \/>\n9 PASCO Florian UC INGUINIEL 7 pts (1 + 2 + 4)<br \/>\n10 PUREN Vincent ACP BAUD 5 pts (2 + 1 + 2)<br \/>\n11 HUET Nicolas UC INGUINIEL 3 pts (0 + 3 + 0)<br \/>\n12 TOUABI Redwane UCP PLOUAY 2 pts (1 + 0 + 1)<br \/>\n13 FLAGEUL Alexis VC PONTIVY 1 pts (0 + 1 + 0)<\/p>\n<p><span style=\"text-decoration: underline;\"><strong>Gar\u00e7ons n\u00e9s en 2001 :<\/strong><\/span><br \/>\n1 TOMASSACCI Romain UC AURAY 34 pts (12 + 12 + 10)<br \/>\n2 LE LESLE Nicolas VC LANGUIDIC 32 pts (10 + 10 + 12)<br \/>\n3 MICHELIN Antoine VC LANGUIDIC 22 pts (6 + 8 + 8)<br \/>\n4 LE GUEVEL Alexis ACP BAUD 20 pts (8 + 7 + 5)<br \/>\n5 TREGOUET Louison VELOCE VANNES 18 pts (7 + 5 + 6)<br \/>\n6 LE CHENADEC Ewen AC LANESTER 56 14 pts (5 + 5 + 4)<br \/>\n7 PASCO Maxime UC INGUINIEL 13 pts (4 + 6 + 3)<br \/>\n8 MADELAINE Viktor UCP PLOUAY 11 pts (1 + 3 + 7)<br \/>\n9 COZIC Florian UCP PLOUAY 5 pts (3 + 2 + 0)<br \/>\n10 HOUEIX Tristan UC AURAY 4 pts (2 + 1 + 1)<br \/>\n11 LE COZ Pierre AC LANESTER 56 3 pts (1 + 1 + 1)<br \/>\n11 LE STUM Colin AC LANESTER 56 3 pts (1 + 1 + 1)<br \/>\n11 MOREL Julian AC LANESTER 56 3 pts (1 + 1 + 1)<br \/>\n11 ROYE Corentin AC LANESTER 56 3 pts (1 + 1 + 1)<br \/>\n11 STANGUENNEC Dylan EC QUEVEN 3 pts (1 + 1 + 1)<br \/>\n11 THOMAS Enzo AC LANESTER 56 3 pts (0 + 1 + 2)<br \/>\n17 BOULEAUX Th\u00e9o UCP PLOUAY 2 pts (1 + 1 + 0)<br \/>\n17 CHENAIS Cl\u00e9ment UC INGUINIEL 2 pts (1 + 1 + 0)<br \/>\n17 CUSHWAY Charles VELOCE VANNES 2 pts (1 + 1 + 0)<br \/>\n17 DOS SANTOS Quentin UC INGUINIEL 2 pts (1 + 1 + 0)<br \/>\n17 ETIENNE Alan ACP BAUD 2 pts (1 + 1 + 0)<br \/>\n22 LE HIRESS Mathieu EC QUEVEN 1 pts (1 + 0 + 0)<\/p>\n","protected":false},"excerpt":{"rendered":"","protected":false},"author":14,"featured_media":21202,"comment_status":"open","ping_status":"open","sticky":false,"template":"","format":"standard","meta":{"ngg_post_thumbnail":0,"footnotes":""},"categories":[5],"tags":[],"class_list":["post-21201","post","type-post","status-publish","format-standard","has-post-thumbnail","hentry","category-ac-lanester-56"],"yoast_head":"<!-- This site is optimized with the Yoast SEO plugin v27.5 - https:\/\/yoast.com\/product\/yoast-seo-wordpress\/ -->\n<title>Finale des Samedis D\u00e9couverte de la Piste 2015 : les classements ! - Avenir Cycliste Lanester 56<\/title>\n<meta name=\"robots\" content=\"index, follow, max-snippet:-1, max-image-preview:large, max-video-preview:-1\" \/>\n<link rel=\"canonical\" href=\"https:\/\/www.aclanester56.com\/velo\/finale-des-samedis-decouverte-de-la-piste-les-classements\/\" \/>\n<meta property=\"og:locale\" content=\"fr_FR\" \/>\n<meta property=\"og:type\" content=\"article\" \/>\n<meta property=\"og:title\" content=\"Finale des Samedis D\u00e9couverte de la Piste 2015 : les classements ! - Avenir Cycliste Lanester 56\" \/>\n<meta property=\"og:url\" content=\"https:\/\/www.aclanester56.com\/velo\/finale-des-samedis-decouverte-de-la-piste-les-classements\/\" \/>\n<meta property=\"og:site_name\" content=\"Avenir Cycliste Lanester 56\" \/>\n<meta property=\"article:publisher\" content=\"https:\/\/www.facebook.com\/pages\/AC-Lanester-56\/190286300991242?fref=ts\" \/>\n<meta property=\"article:published_time\" content=\"2015-02-07T22:03:31+00:00\" \/>\n<meta property=\"article:modified_time\" content=\"2015-02-07T22:07:24+00:00\" \/>\n<meta property=\"og:image\" content=\"https:\/\/www.aclanester56.com\/velo\/wp-content\/uploads\/2015\/02\/Photo-groupe-Copie.jpg\" \/>\n\t<meta property=\"og:image:width\" content=\"880\" \/>\n\t<meta property=\"og:image:height\" content=\"450\" \/>\n\t<meta property=\"og:image:type\" content=\"image\/jpeg\" \/>\n<meta name=\"author\" content=\"Jean-Christophe\" \/>\n<meta name=\"twitter:label1\" content=\"\u00c9crit par\" \/>\n\t<meta name=\"twitter:data1\" content=\"Jean-Christophe\" \/>\n\t<meta name=\"twitter:label2\" content=\"Dur\u00e9e de lecture estim\u00e9e\" \/>\n\t<meta name=\"twitter:data2\" content=\"5 minutes\" \/>\n<script type=\"application\/ld+json\" class=\"yoast-schema-graph\">{\"@context\":\"https:\\\/\\\/schema.org\",\"@graph\":[{\"@type\":\"Article\",\"@id\":\"https:\\\/\\\/www.aclanester56.com\\\/velo\\\/finale-des-samedis-decouverte-de-la-piste-les-classements\\\/#article\",\"isPartOf\":{\"@id\":\"https:\\\/\\\/www.aclanester56.com\\\/velo\\\/finale-des-samedis-decouverte-de-la-piste-les-classements\\\/\"},\"author\":{\"name\":\"Jean-Christophe\",\"@id\":\"https:\\\/\\\/www.aclanester56.com\\\/velo\\\/#\\\/schema\\\/person\\\/ca2a44a5fd969e9dd846c72d3b33bc01\"},\"headline\":\"Finale des Samedis D\u00e9couverte de la Piste 2015 : les classements !\",\"datePublished\":\"2015-02-07T22:03:31+00:00\",\"dateModified\":\"2015-02-07T22:07:24+00:00\",\"mainEntityOfPage\":{\"@id\":\"https:\\\/\\\/www.aclanester56.com\\\/velo\\\/finale-des-samedis-decouverte-de-la-piste-les-classements\\\/\"},\"wordCount\":1097,\"commentCount\":0,\"publisher\":{\"@id\":\"https:\\\/\\\/www.aclanester56.com\\\/velo\\\/#organization\"},\"image\":{\"@id\":\"https:\\\/\\\/www.aclanester56.com\\\/velo\\\/finale-des-samedis-decouverte-de-la-piste-les-classements\\\/#primaryimage\"},\"thumbnailUrl\":\"https:\\\/\\\/www.aclanester56.com\\\/velo\\\/wp-content\\\/uploads\\\/2015\\\/02\\\/Photo-groupe-Copie.jpg\",\"articleSection\":[\"AC LANESTER 56\"],\"inLanguage\":\"fr-FR\",\"potentialAction\":[{\"@type\":\"CommentAction\",\"name\":\"Comment\",\"target\":[\"https:\\\/\\\/www.aclanester56.com\\\/velo\\\/finale-des-samedis-decouverte-de-la-piste-les-classements\\\/#respond\"]}]},{\"@type\":\"WebPage\",\"@id\":\"https:\\\/\\\/www.aclanester56.com\\\/velo\\\/finale-des-samedis-decouverte-de-la-piste-les-classements\\\/\",\"url\":\"https:\\\/\\\/www.aclanester56.com\\\/velo\\\/finale-des-samedis-decouverte-de-la-piste-les-classements\\\/\",\"name\":\"Finale des Samedis D\u00e9couverte de la Piste 2015 : les classements ! - Avenir Cycliste Lanester 56\",\"isPartOf\":{\"@id\":\"https:\\\/\\\/www.aclanester56.com\\\/velo\\\/#website\"},\"primaryImageOfPage\":{\"@id\":\"https:\\\/\\\/www.aclanester56.com\\\/velo\\\/finale-des-samedis-decouverte-de-la-piste-les-classements\\\/#primaryimage\"},\"image\":{\"@id\":\"https:\\\/\\\/www.aclanester56.com\\\/velo\\\/finale-des-samedis-decouverte-de-la-piste-les-classements\\\/#primaryimage\"},\"thumbnailUrl\":\"https:\\\/\\\/www.aclanester56.com\\\/velo\\\/wp-content\\\/uploads\\\/2015\\\/02\\\/Photo-groupe-Copie.jpg\",\"datePublished\":\"2015-02-07T22:03:31+00:00\",\"dateModified\":\"2015-02-07T22:07:24+00:00\",\"inLanguage\":\"fr-FR\",\"potentialAction\":[{\"@type\":\"ReadAction\",\"target\":[\"https:\\\/\\\/www.aclanester56.com\\\/velo\\\/finale-des-samedis-decouverte-de-la-piste-les-classements\\\/\"]}]},{\"@type\":\"ImageObject\",\"inLanguage\":\"fr-FR\",\"@id\":\"https:\\\/\\\/www.aclanester56.com\\\/velo\\\/finale-des-samedis-decouverte-de-la-piste-les-classements\\\/#primaryimage\",\"url\":\"https:\\\/\\\/www.aclanester56.com\\\/velo\\\/wp-content\\\/uploads\\\/2015\\\/02\\\/Photo-groupe-Copie.jpg\",\"contentUrl\":\"https:\\\/\\\/www.aclanester56.com\\\/velo\\\/wp-content\\\/uploads\\\/2015\\\/02\\\/Photo-groupe-Copie.jpg\",\"width\":880,\"height\":450},{\"@type\":\"WebSite\",\"@id\":\"https:\\\/\\\/www.aclanester56.com\\\/velo\\\/#website\",\"url\":\"https:\\\/\\\/www.aclanester56.com\\\/velo\\\/\",\"name\":\"Avenir Cycliste Lanester 56\",\"description\":\"Club cycliste de l&#039;AC LANESTER 56\",\"publisher\":{\"@id\":\"https:\\\/\\\/www.aclanester56.com\\\/velo\\\/#organization\"},\"potentialAction\":[{\"@type\":\"SearchAction\",\"target\":{\"@type\":\"EntryPoint\",\"urlTemplate\":\"https:\\\/\\\/www.aclanester56.com\\\/velo\\\/?s={search_term_string}\"},\"query-input\":{\"@type\":\"PropertyValueSpecification\",\"valueRequired\":true,\"valueName\":\"search_term_string\"}}],\"inLanguage\":\"fr-FR\"},{\"@type\":\"Organization\",\"@id\":\"https:\\\/\\\/www.aclanester56.com\\\/velo\\\/#organization\",\"name\":\"Avenir Cycliste Lanester 56\",\"url\":\"https:\\\/\\\/www.aclanester56.com\\\/velo\\\/\",\"logo\":{\"@type\":\"ImageObject\",\"inLanguage\":\"fr-FR\",\"@id\":\"https:\\\/\\\/www.aclanester56.com\\\/velo\\\/#\\\/schema\\\/logo\\\/image\\\/\",\"url\":\"https:\\\/\\\/www.aclanester56.com\\\/velo\\\/wp-content\\\/uploads\\\/2013\\\/04\\\/logo-ACL.jpg\",\"contentUrl\":\"https:\\\/\\\/www.aclanester56.com\\\/velo\\\/wp-content\\\/uploads\\\/2013\\\/04\\\/logo-ACL.jpg\",\"width\":400,\"height\":334,\"caption\":\"Avenir Cycliste Lanester 56\"},\"image\":{\"@id\":\"https:\\\/\\\/www.aclanester56.com\\\/velo\\\/#\\\/schema\\\/logo\\\/image\\\/\"},\"sameAs\":[\"https:\\\/\\\/www.facebook.com\\\/pages\\\/AC-Lanester-56\\\/190286300991242?fref=ts\"]},{\"@type\":\"Person\",\"@id\":\"https:\\\/\\\/www.aclanester56.com\\\/velo\\\/#\\\/schema\\\/person\\\/ca2a44a5fd969e9dd846c72d3b33bc01\",\"name\":\"Jean-Christophe\",\"url\":\"https:\\\/\\\/www.aclanester56.com\\\/velo\\\/author\\\/jeanchristophe\\\/\"}]}<\/script>\n<!-- \/ Yoast SEO plugin. -->","yoast_head_json":{"title":"Finale des Samedis D\u00e9couverte de la Piste 2015 : les classements ! - Avenir Cycliste Lanester 56","robots":{"index":"index","follow":"follow","max-snippet":"max-snippet:-1","max-image-preview":"max-image-preview:large","max-video-preview":"max-video-preview:-1"},"canonical":"https:\/\/www.aclanester56.com\/velo\/finale-des-samedis-decouverte-de-la-piste-les-classements\/","og_locale":"fr_FR","og_type":"article","og_title":"Finale des Samedis D\u00e9couverte de la Piste 2015 : les classements ! - Avenir Cycliste Lanester 56","og_url":"https:\/\/www.aclanester56.com\/velo\/finale-des-samedis-decouverte-de-la-piste-les-classements\/","og_site_name":"Avenir Cycliste Lanester 56","article_publisher":"https:\/\/www.facebook.com\/pages\/AC-Lanester-56\/190286300991242?fref=ts","article_published_time":"2015-02-07T22:03:31+00:00","article_modified_time":"2015-02-07T22:07:24+00:00","og_image":[{"width":880,"height":450,"url":"https:\/\/www.aclanester56.com\/velo\/wp-content\/uploads\/2015\/02\/Photo-groupe-Copie.jpg","type":"image\/jpeg"}],"author":"Jean-Christophe","twitter_misc":{"\u00c9crit par":"Jean-Christophe","Dur\u00e9e de lecture estim\u00e9e":"5 minutes"},"schema":{"@context":"https:\/\/schema.org","@graph":[{"@type":"Article","@id":"https:\/\/www.aclanester56.com\/velo\/finale-des-samedis-decouverte-de-la-piste-les-classements\/#article","isPartOf":{"@id":"https:\/\/www.aclanester56.com\/velo\/finale-des-samedis-decouverte-de-la-piste-les-classements\/"},"author":{"name":"Jean-Christophe","@id":"https:\/\/www.aclanester56.com\/velo\/#\/schema\/person\/ca2a44a5fd969e9dd846c72d3b33bc01"},"headline":"Finale des Samedis D\u00e9couverte de la Piste 2015 : les classements !","datePublished":"2015-02-07T22:03:31+00:00","dateModified":"2015-02-07T22:07:24+00:00","mainEntityOfPage":{"@id":"https:\/\/www.aclanester56.com\/velo\/finale-des-samedis-decouverte-de-la-piste-les-classements\/"},"wordCount":1097,"commentCount":0,"publisher":{"@id":"https:\/\/www.aclanester56.com\/velo\/#organization"},"image":{"@id":"https:\/\/www.aclanester56.com\/velo\/finale-des-samedis-decouverte-de-la-piste-les-classements\/#primaryimage"},"thumbnailUrl":"https:\/\/www.aclanester56.com\/velo\/wp-content\/uploads\/2015\/02\/Photo-groupe-Copie.jpg","articleSection":["AC LANESTER 56"],"inLanguage":"fr-FR","potentialAction":[{"@type":"CommentAction","name":"Comment","target":["https:\/\/www.aclanester56.com\/velo\/finale-des-samedis-decouverte-de-la-piste-les-classements\/#respond"]}]},{"@type":"WebPage","@id":"https:\/\/www.aclanester56.com\/velo\/finale-des-samedis-decouverte-de-la-piste-les-classements\/","url":"https:\/\/www.aclanester56.com\/velo\/finale-des-samedis-decouverte-de-la-piste-les-classements\/","name":"Finale des Samedis D\u00e9couverte de la Piste 2015 : les classements ! - Avenir Cycliste Lanester 56","isPartOf":{"@id":"https:\/\/www.aclanester56.com\/velo\/#website"},"primaryImageOfPage":{"@id":"https:\/\/www.aclanester56.com\/velo\/finale-des-samedis-decouverte-de-la-piste-les-classements\/#primaryimage"},"image":{"@id":"https:\/\/www.aclanester56.com\/velo\/finale-des-samedis-decouverte-de-la-piste-les-classements\/#primaryimage"},"thumbnailUrl":"https:\/\/www.aclanester56.com\/velo\/wp-content\/uploads\/2015\/02\/Photo-groupe-Copie.jpg","datePublished":"2015-02-07T22:03:31+00:00","dateModified":"2015-02-07T22:07:24+00:00","inLanguage":"fr-FR","potentialAction":[{"@type":"ReadAction","target":["https:\/\/www.aclanester56.com\/velo\/finale-des-samedis-decouverte-de-la-piste-les-classements\/"]}]},{"@type":"ImageObject","inLanguage":"fr-FR","@id":"https:\/\/www.aclanester56.com\/velo\/finale-des-samedis-decouverte-de-la-piste-les-classements\/#primaryimage","url":"https:\/\/www.aclanester56.com\/velo\/wp-content\/uploads\/2015\/02\/Photo-groupe-Copie.jpg","contentUrl":"https:\/\/www.aclanester56.com\/velo\/wp-content\/uploads\/2015\/02\/Photo-groupe-Copie.jpg","width":880,"height":450},{"@type":"WebSite","@id":"https:\/\/www.aclanester56.com\/velo\/#website","url":"https:\/\/www.aclanester56.com\/velo\/","name":"Avenir Cycliste Lanester 56","description":"Club cycliste de l&#039;AC LANESTER 56","publisher":{"@id":"https:\/\/www.aclanester56.com\/velo\/#organization"},"potentialAction":[{"@type":"SearchAction","target":{"@type":"EntryPoint","urlTemplate":"https:\/\/www.aclanester56.com\/velo\/?s={search_term_string}"},"query-input":{"@type":"PropertyValueSpecification","valueRequired":true,"valueName":"search_term_string"}}],"inLanguage":"fr-FR"},{"@type":"Organization","@id":"https:\/\/www.aclanester56.com\/velo\/#organization","name":"Avenir Cycliste Lanester 56","url":"https:\/\/www.aclanester56.com\/velo\/","logo":{"@type":"ImageObject","inLanguage":"fr-FR","@id":"https:\/\/www.aclanester56.com\/velo\/#\/schema\/logo\/image\/","url":"https:\/\/www.aclanester56.com\/velo\/wp-content\/uploads\/2013\/04\/logo-ACL.jpg","contentUrl":"https:\/\/www.aclanester56.com\/velo\/wp-content\/uploads\/2013\/04\/logo-ACL.jpg","width":400,"height":334,"caption":"Avenir Cycliste Lanester 56"},"image":{"@id":"https:\/\/www.aclanester56.com\/velo\/#\/schema\/logo\/image\/"},"sameAs":["https:\/\/www.facebook.com\/pages\/AC-Lanester-56\/190286300991242?fref=ts"]},{"@type":"Person","@id":"https:\/\/www.aclanester56.com\/velo\/#\/schema\/person\/ca2a44a5fd969e9dd846c72d3b33bc01","name":"Jean-Christophe","url":"https:\/\/www.aclanester56.com\/velo\/author\/jeanchristophe\/"}]}},"_links":{"self":[{"href":"https:\/\/www.aclanester56.com\/velo\/wp-json\/wp\/v2\/posts\/21201","targetHints":{"allow":["GET"]}}],"collection":[{"href":"https:\/\/www.aclanester56.com\/velo\/wp-json\/wp\/v2\/posts"}],"about":[{"href":"https:\/\/www.aclanester56.com\/velo\/wp-json\/wp\/v2\/types\/post"}],"author":[{"embeddable":true,"href":"https:\/\/www.aclanester56.com\/velo\/wp-json\/wp\/v2\/users\/14"}],"replies":[{"embeddable":true,"href":"https:\/\/www.aclanester56.com\/velo\/wp-json\/wp\/v2\/comments?post=21201"}],"version-history":[{"count":3,"href":"https:\/\/www.aclanester56.com\/velo\/wp-json\/wp\/v2\/posts\/21201\/revisions"}],"predecessor-version":[{"id":21208,"href":"https:\/\/www.aclanester56.com\/velo\/wp-json\/wp\/v2\/posts\/21201\/revisions\/21208"}],"wp:featuredmedia":[{"embeddable":true,"href":"https:\/\/www.aclanester56.com\/velo\/wp-json\/wp\/v2\/media\/21202"}],"wp:attachment":[{"href":"https:\/\/www.aclanester56.com\/velo\/wp-json\/wp\/v2\/media?parent=21201"}],"wp:term":[{"taxonomy":"category","embeddable":true,"href":"https:\/\/www.aclanester56.com\/velo\/wp-json\/wp\/v2\/categories?post=21201"},{"taxonomy":"post_tag","embeddable":true,"href":"https:\/\/www.aclanester56.com\/velo\/wp-json\/wp\/v2\/tags?post=21201"}],"curies":[{"name":"wp","href":"https:\/\/api.w.org\/{rel}","templated":true}]}}