{"id":21575,"date":"2015-03-07T19:41:02","date_gmt":"2015-03-07T17:41:02","guid":{"rendered":"http:\/\/www.aclanester56.com\/velo\/?p=21575"},"modified":"2015-03-07T19:42:58","modified_gmt":"2015-03-07T17:42:58","slug":"presentation-des-equipes-pour-la-saison-2015-de-lecole-de-cyclisme-a-lequipe-1","status":"publish","type":"post","link":"https:\/\/www.aclanester56.com\/velo\/presentation-des-equipes-pour-la-saison-2015-de-lecole-de-cyclisme-a-lequipe-1\/","title":{"rendered":"Pr\u00e9sentation des Equipes pour la saison  2015 : De l&rsquo;Ecole de cyclisme \u00e0 l&rsquo;equipe 1"},"content":{"rendered":"<p><!--more--><\/p>\n<p>Venez d\u00e9couvrier les photos de la soir\u00e9e de pr\u00e9sentation des \u00e9quipes de l&rsquo;Avenir Cycliste de Lanester 56 : De l&rsquo;\u00e9cole de cyclisme en passant par les cadets jusqu&rsquo;a l&rsquo;\u00e9quipe premi\u00e8re.<\/p>\n<p>1\u00e8ere partie :<\/p>\n<p><!-- default-view.php -->\n<div\n\tclass=\"ngg-galleryoverview default-view\n\t ngg-ajax-pagination-none\t\"\n\tid=\"ngg-gallery-620e57878281e447834218d43f044ad0-1\"\n\tdata-nextgen-gallery-id=\"208\"\n\tdata-gallery-id=\"208\"\n\t\tdata-gallery-name=\"presentation ACL 2015 1ere partie\"\n\t>\n\n\t\t<!-- Thumbnails -->\n\t\t\t\t<div id=\"ngg-image-0\" class=\"ngg-gallery-thumbnail-box\n\t\t\t\t\t\t\t\t\t\t\t\"\n\t\t\t>\n\t\t\t\t\t\t<div class=\"ngg-gallery-thumbnail\">\n\t\t<a href=\"https:\/\/www.aclanester56.com\/velo\/wp-content\/gallery\/presentation-acl-2015-1ere-partie\/ACL-2015-83.JPG?t=1425749521\"\n\t\t\ttitle=\"\"\n\t\t\tdata-src=\"https:\/\/www.aclanester56.com\/velo\/wp-content\/gallery\/presentation-acl-2015-1ere-partie\/ACL-2015-83.JPG?t=1425749521\"\n\t\t\tdata-thumbnail=\"https:\/\/www.aclanester56.com\/velo\/wp-content\/gallery\/presentation-acl-2015-1ere-partie\/thumbs\/thumbs_ACL-2015-83.JPG?t=1425749521\"\n\t\t\tdata-image-id=\"7459\"\n\t\t\tdata-image-name=\"ACL-2015-83.JPG\"\n\t\t\tdata-title=\"ACL-2015-83.JPG\"\n\t\t\tdata-description=\"\"\n\t\t\tdata-image-slug=\"acl-2015-83-jpg\"\n\t\t\t\t\t\t\t\t\t\t\t\t\t\t\t\t\t\t\t\tclass=\"ngg-simplelightbox\" rel=\"620e57878281e447834218d43f044ad0\">\n\t\t\t\t\t\t\t\t<img\n\t\t\t\t\ttitle=\"ACL-2015-83.JPG\"\n\t\t\t\t\talt=\"ACL-2015-83.JPG\"\n\t\t\t\t\tsrc=\"https:\/\/www.aclanester56.com\/velo\/wp-content\/gallery\/presentation-acl-2015-1ere-partie\/thumbs\/thumbs_ACL-2015-83.JPG?t=1425749521\"\n\t\t\t\t\twidth=\"100\"\n\t\t\t\t\theight=\"100\"\n\t\t\t\t\tstyle=\"max-width:100%;\"\n\t\t\t\t\/>\n\t\t\t<\/a>\n\t\t<\/div>\n\t\t\t\t\t\t\t<\/div>\n\t\t\t\n\t\t\t\t<div id=\"ngg-image-1\" class=\"ngg-gallery-thumbnail-box\n\t\t\t\t\t\t\t\t\t\t\t\"\n\t\t\t>\n\t\t\t\t\t\t<div class=\"ngg-gallery-thumbnail\">\n\t\t<a href=\"https:\/\/www.aclanester56.com\/velo\/wp-content\/gallery\/presentation-acl-2015-1ere-partie\/ACL-2015-67.JPG?t=1425749492\"\n\t\t\ttitle=\"\"\n\t\t\tdata-src=\"https:\/\/www.aclanester56.com\/velo\/wp-content\/gallery\/presentation-acl-2015-1ere-partie\/ACL-2015-67.JPG?t=1425749492\"\n\t\t\tdata-thumbnail=\"https:\/\/www.aclanester56.com\/velo\/wp-content\/gallery\/presentation-acl-2015-1ere-partie\/thumbs\/thumbs_ACL-2015-67.JPG?t=1425749492\"\n\t\t\tdata-image-id=\"7444\"\n\t\t\tdata-image-name=\"ACL-2015-67.JPG\"\n\t\t\tdata-title=\"ACL-2015-67.JPG\"\n\t\t\tdata-description=\"\"\n\t\t\tdata-image-slug=\"acl-2015-67-jpg\"\n\t\t\t\t\t\t\t\t\t\t\t\t\t\t\t\t\t\t\t\tclass=\"ngg-simplelightbox\" rel=\"620e57878281e447834218d43f044ad0\">\n\t\t\t\t\t\t\t\t<img\n\t\t\t\t\ttitle=\"ACL-2015-67.JPG\"\n\t\t\t\t\talt=\"ACL-2015-67.JPG\"\n\t\t\t\t\tsrc=\"https:\/\/www.aclanester56.com\/velo\/wp-content\/gallery\/presentation-acl-2015-1ere-partie\/thumbs\/thumbs_ACL-2015-67.JPG?t=1425749492\"\n\t\t\t\t\twidth=\"100\"\n\t\t\t\t\theight=\"100\"\n\t\t\t\t\tstyle=\"max-width:100%;\"\n\t\t\t\t\/>\n\t\t\t<\/a>\n\t\t<\/div>\n\t\t\t\t\t\t\t<\/div>\n\t\t\t\n\t\t\t\t<div id=\"ngg-image-2\" class=\"ngg-gallery-thumbnail-box\n\t\t\t\t\t\t\t\t\t\t\t\"\n\t\t\t>\n\t\t\t\t\t\t<div class=\"ngg-gallery-thumbnail\">\n\t\t<a href=\"https:\/\/www.aclanester56.com\/velo\/wp-content\/gallery\/presentation-acl-2015-1ere-partie\/ACL-2015-68.JPG?t=1425749494\"\n\t\t\ttitle=\"\"\n\t\t\tdata-src=\"https:\/\/www.aclanester56.com\/velo\/wp-content\/gallery\/presentation-acl-2015-1ere-partie\/ACL-2015-68.JPG?t=1425749494\"\n\t\t\tdata-thumbnail=\"https:\/\/www.aclanester56.com\/velo\/wp-content\/gallery\/presentation-acl-2015-1ere-partie\/thumbs\/thumbs_ACL-2015-68.JPG?t=1425749494\"\n\t\t\tdata-image-id=\"7445\"\n\t\t\tdata-image-name=\"ACL-2015-68.JPG\"\n\t\t\tdata-title=\"ACL-2015-68.JPG\"\n\t\t\tdata-description=\"\"\n\t\t\tdata-image-slug=\"acl-2015-68-jpg\"\n\t\t\t\t\t\t\t\t\t\t\t\t\t\t\t\t\t\t\t\tclass=\"ngg-simplelightbox\" rel=\"620e57878281e447834218d43f044ad0\">\n\t\t\t\t\t\t\t\t<img\n\t\t\t\t\ttitle=\"ACL-2015-68.JPG\"\n\t\t\t\t\talt=\"ACL-2015-68.JPG\"\n\t\t\t\t\tsrc=\"https:\/\/www.aclanester56.com\/velo\/wp-content\/gallery\/presentation-acl-2015-1ere-partie\/thumbs\/thumbs_ACL-2015-68.JPG?t=1425749494\"\n\t\t\t\t\twidth=\"100\"\n\t\t\t\t\theight=\"100\"\n\t\t\t\t\tstyle=\"max-width:100%;\"\n\t\t\t\t\/>\n\t\t\t<\/a>\n\t\t<\/div>\n\t\t\t\t\t\t\t<\/div>\n\t\t\t\n\t\t\t\t<div id=\"ngg-image-3\" class=\"ngg-gallery-thumbnail-box\n\t\t\t\t\t\t\t\t\t\t\t\"\n\t\t\t>\n\t\t\t\t\t\t<div class=\"ngg-gallery-thumbnail\">\n\t\t<a href=\"https:\/\/www.aclanester56.com\/velo\/wp-content\/gallery\/presentation-acl-2015-1ere-partie\/ACL-2015-69.JPG?t=1425749496\"\n\t\t\ttitle=\"\"\n\t\t\tdata-src=\"https:\/\/www.aclanester56.com\/velo\/wp-content\/gallery\/presentation-acl-2015-1ere-partie\/ACL-2015-69.JPG?t=1425749496\"\n\t\t\tdata-thumbnail=\"https:\/\/www.aclanester56.com\/velo\/wp-content\/gallery\/presentation-acl-2015-1ere-partie\/thumbs\/thumbs_ACL-2015-69.JPG?t=1425749496\"\n\t\t\tdata-image-id=\"7446\"\n\t\t\tdata-image-name=\"ACL-2015-69.JPG\"\n\t\t\tdata-title=\"ACL-2015-69.JPG\"\n\t\t\tdata-description=\"\"\n\t\t\tdata-image-slug=\"acl-2015-69-jpg\"\n\t\t\t\t\t\t\t\t\t\t\t\t\t\t\t\t\t\t\t\tclass=\"ngg-simplelightbox\" rel=\"620e57878281e447834218d43f044ad0\">\n\t\t\t\t\t\t\t\t<img\n\t\t\t\t\ttitle=\"ACL-2015-69.JPG\"\n\t\t\t\t\talt=\"ACL-2015-69.JPG\"\n\t\t\t\t\tsrc=\"https:\/\/www.aclanester56.com\/velo\/wp-content\/gallery\/presentation-acl-2015-1ere-partie\/thumbs\/thumbs_ACL-2015-69.JPG?t=1425749496\"\n\t\t\t\t\twidth=\"100\"\n\t\t\t\t\theight=\"100\"\n\t\t\t\t\tstyle=\"max-width:100%;\"\n\t\t\t\t\/>\n\t\t\t<\/a>\n\t\t<\/div>\n\t\t\t\t\t\t\t<\/div>\n\t\t\t\n\t\t\t\t<div id=\"ngg-image-4\" class=\"ngg-gallery-thumbnail-box\n\t\t\t\t\t\t\t\t\t\t\t\"\n\t\t\t>\n\t\t\t\t\t\t<div class=\"ngg-gallery-thumbnail\">\n\t\t<a href=\"https:\/\/www.aclanester56.com\/velo\/wp-content\/gallery\/presentation-acl-2015-1ere-partie\/ACL-2015-70.JPG?t=1425749498\"\n\t\t\ttitle=\"\"\n\t\t\tdata-src=\"https:\/\/www.aclanester56.com\/velo\/wp-content\/gallery\/presentation-acl-2015-1ere-partie\/ACL-2015-70.JPG?t=1425749498\"\n\t\t\tdata-thumbnail=\"https:\/\/www.aclanester56.com\/velo\/wp-content\/gallery\/presentation-acl-2015-1ere-partie\/thumbs\/thumbs_ACL-2015-70.JPG?t=1425749498\"\n\t\t\tdata-image-id=\"7447\"\n\t\t\tdata-image-name=\"ACL-2015-70.JPG\"\n\t\t\tdata-title=\"ACL-2015-70.JPG\"\n\t\t\tdata-description=\"\"\n\t\t\tdata-image-slug=\"acl-2015-70-jpg\"\n\t\t\t\t\t\t\t\t\t\t\t\t\t\t\t\t\t\t\t\tclass=\"ngg-simplelightbox\" rel=\"620e57878281e447834218d43f044ad0\">\n\t\t\t\t\t\t\t\t<img\n\t\t\t\t\ttitle=\"ACL-2015-70.JPG\"\n\t\t\t\t\talt=\"ACL-2015-70.JPG\"\n\t\t\t\t\tsrc=\"https:\/\/www.aclanester56.com\/velo\/wp-content\/gallery\/presentation-acl-2015-1ere-partie\/thumbs\/thumbs_ACL-2015-70.JPG?t=1425749498\"\n\t\t\t\t\twidth=\"100\"\n\t\t\t\t\theight=\"100\"\n\t\t\t\t\tstyle=\"max-width:100%;\"\n\t\t\t\t\/>\n\t\t\t<\/a>\n\t\t<\/div>\n\t\t\t\t\t\t\t<\/div>\n\t\t\t\n\t\t\t\t<div id=\"ngg-image-5\" class=\"ngg-gallery-thumbnail-box\n\t\t\t\t\t\t\t\t\t\t\t\"\n\t\t\t>\n\t\t\t\t\t\t<div class=\"ngg-gallery-thumbnail\">\n\t\t<a href=\"https:\/\/www.aclanester56.com\/velo\/wp-content\/gallery\/presentation-acl-2015-1ere-partie\/ACL-2015-71.JPG?t=1425749499\"\n\t\t\ttitle=\"\"\n\t\t\tdata-src=\"https:\/\/www.aclanester56.com\/velo\/wp-content\/gallery\/presentation-acl-2015-1ere-partie\/ACL-2015-71.JPG?t=1425749499\"\n\t\t\tdata-thumbnail=\"https:\/\/www.aclanester56.com\/velo\/wp-content\/gallery\/presentation-acl-2015-1ere-partie\/thumbs\/thumbs_ACL-2015-71.JPG?t=1425749499\"\n\t\t\tdata-image-id=\"7448\"\n\t\t\tdata-image-name=\"ACL-2015-71.JPG\"\n\t\t\tdata-title=\"ACL-2015-71.JPG\"\n\t\t\tdata-description=\"\"\n\t\t\tdata-image-slug=\"acl-2015-71-jpg\"\n\t\t\t\t\t\t\t\t\t\t\t\t\t\t\t\t\t\t\t\tclass=\"ngg-simplelightbox\" rel=\"620e57878281e447834218d43f044ad0\">\n\t\t\t\t\t\t\t\t<img\n\t\t\t\t\ttitle=\"ACL-2015-71.JPG\"\n\t\t\t\t\talt=\"ACL-2015-71.JPG\"\n\t\t\t\t\tsrc=\"https:\/\/www.aclanester56.com\/velo\/wp-content\/gallery\/presentation-acl-2015-1ere-partie\/thumbs\/thumbs_ACL-2015-71.JPG?t=1425749499\"\n\t\t\t\t\twidth=\"100\"\n\t\t\t\t\theight=\"100\"\n\t\t\t\t\tstyle=\"max-width:100%;\"\n\t\t\t\t\/>\n\t\t\t<\/a>\n\t\t<\/div>\n\t\t\t\t\t\t\t<\/div>\n\t\t\t\n\t\t\t\t<div id=\"ngg-image-6\" class=\"ngg-gallery-thumbnail-box\n\t\t\t\t\t\t\t\t\t\t\t\"\n\t\t\t>\n\t\t\t\t\t\t<div class=\"ngg-gallery-thumbnail\">\n\t\t<a href=\"https:\/\/www.aclanester56.com\/velo\/wp-content\/gallery\/presentation-acl-2015-1ere-partie\/ACL-2015-72.JPG?t=1425749501\"\n\t\t\ttitle=\"\"\n\t\t\tdata-src=\"https:\/\/www.aclanester56.com\/velo\/wp-content\/gallery\/presentation-acl-2015-1ere-partie\/ACL-2015-72.JPG?t=1425749501\"\n\t\t\tdata-thumbnail=\"https:\/\/www.aclanester56.com\/velo\/wp-content\/gallery\/presentation-acl-2015-1ere-partie\/thumbs\/thumbs_ACL-2015-72.JPG?t=1425749501\"\n\t\t\tdata-image-id=\"7449\"\n\t\t\tdata-image-name=\"ACL-2015-72.JPG\"\n\t\t\tdata-title=\"ACL-2015-72.JPG\"\n\t\t\tdata-description=\"\"\n\t\t\tdata-image-slug=\"acl-2015-72-jpg\"\n\t\t\t\t\t\t\t\t\t\t\t\t\t\t\t\t\t\t\t\tclass=\"ngg-simplelightbox\" rel=\"620e57878281e447834218d43f044ad0\">\n\t\t\t\t\t\t\t\t<img\n\t\t\t\t\ttitle=\"ACL-2015-72.JPG\"\n\t\t\t\t\talt=\"ACL-2015-72.JPG\"\n\t\t\t\t\tsrc=\"https:\/\/www.aclanester56.com\/velo\/wp-content\/gallery\/presentation-acl-2015-1ere-partie\/thumbs\/thumbs_ACL-2015-72.JPG?t=1425749501\"\n\t\t\t\t\twidth=\"100\"\n\t\t\t\t\theight=\"100\"\n\t\t\t\t\tstyle=\"max-width:100%;\"\n\t\t\t\t\/>\n\t\t\t<\/a>\n\t\t<\/div>\n\t\t\t\t\t\t\t<\/div>\n\t\t\t\n\t\t\t\t<div id=\"ngg-image-7\" class=\"ngg-gallery-thumbnail-box\n\t\t\t\t\t\t\t\t\t\t\t\"\n\t\t\t>\n\t\t\t\t\t\t<div class=\"ngg-gallery-thumbnail\">\n\t\t<a href=\"https:\/\/www.aclanester56.com\/velo\/wp-content\/gallery\/presentation-acl-2015-1ere-partie\/ACL-2015-73.JPG?t=1425749502\"\n\t\t\ttitle=\"\"\n\t\t\tdata-src=\"https:\/\/www.aclanester56.com\/velo\/wp-content\/gallery\/presentation-acl-2015-1ere-partie\/ACL-2015-73.JPG?t=1425749502\"\n\t\t\tdata-thumbnail=\"https:\/\/www.aclanester56.com\/velo\/wp-content\/gallery\/presentation-acl-2015-1ere-partie\/thumbs\/thumbs_ACL-2015-73.JPG?t=1425749502\"\n\t\t\tdata-image-id=\"7450\"\n\t\t\tdata-image-name=\"ACL-2015-73.JPG\"\n\t\t\tdata-title=\"ACL-2015-73.JPG\"\n\t\t\tdata-description=\"\"\n\t\t\tdata-image-slug=\"acl-2015-73-jpg\"\n\t\t\t\t\t\t\t\t\t\t\t\t\t\t\t\t\t\t\t\tclass=\"ngg-simplelightbox\" rel=\"620e57878281e447834218d43f044ad0\">\n\t\t\t\t\t\t\t\t<img\n\t\t\t\t\ttitle=\"ACL-2015-73.JPG\"\n\t\t\t\t\talt=\"ACL-2015-73.JPG\"\n\t\t\t\t\tsrc=\"https:\/\/www.aclanester56.com\/velo\/wp-content\/gallery\/presentation-acl-2015-1ere-partie\/thumbs\/thumbs_ACL-2015-73.JPG?t=1425749502\"\n\t\t\t\t\twidth=\"100\"\n\t\t\t\t\theight=\"100\"\n\t\t\t\t\tstyle=\"max-width:100%;\"\n\t\t\t\t\/>\n\t\t\t<\/a>\n\t\t<\/div>\n\t\t\t\t\t\t\t<\/div>\n\t\t\t\n\t\t\t\t<div id=\"ngg-image-8\" class=\"ngg-gallery-thumbnail-box\n\t\t\t\t\t\t\t\t\t\t\t\"\n\t\t\t>\n\t\t\t\t\t\t<div class=\"ngg-gallery-thumbnail\">\n\t\t<a href=\"https:\/\/www.aclanester56.com\/velo\/wp-content\/gallery\/presentation-acl-2015-1ere-partie\/ACL-2015-74.JPG?t=1425749504\"\n\t\t\ttitle=\"\"\n\t\t\tdata-src=\"https:\/\/www.aclanester56.com\/velo\/wp-content\/gallery\/presentation-acl-2015-1ere-partie\/ACL-2015-74.JPG?t=1425749504\"\n\t\t\tdata-thumbnail=\"https:\/\/www.aclanester56.com\/velo\/wp-content\/gallery\/presentation-acl-2015-1ere-partie\/thumbs\/thumbs_ACL-2015-74.JPG?t=1425749504\"\n\t\t\tdata-image-id=\"7451\"\n\t\t\tdata-image-name=\"ACL-2015-74.JPG\"\n\t\t\tdata-title=\"ACL-2015-74.JPG\"\n\t\t\tdata-description=\"\"\n\t\t\tdata-image-slug=\"acl-2015-74-jpg\"\n\t\t\t\t\t\t\t\t\t\t\t\t\t\t\t\t\t\t\t\tclass=\"ngg-simplelightbox\" rel=\"620e57878281e447834218d43f044ad0\">\n\t\t\t\t\t\t\t\t<img\n\t\t\t\t\ttitle=\"ACL-2015-74.JPG\"\n\t\t\t\t\talt=\"ACL-2015-74.JPG\"\n\t\t\t\t\tsrc=\"https:\/\/www.aclanester56.com\/velo\/wp-content\/gallery\/presentation-acl-2015-1ere-partie\/thumbs\/thumbs_ACL-2015-74.JPG?t=1425749504\"\n\t\t\t\t\twidth=\"100\"\n\t\t\t\t\theight=\"100\"\n\t\t\t\t\tstyle=\"max-width:100%;\"\n\t\t\t\t\/>\n\t\t\t<\/a>\n\t\t<\/div>\n\t\t\t\t\t\t\t<\/div>\n\t\t\t\n\t\t\t\t<div id=\"ngg-image-9\" class=\"ngg-gallery-thumbnail-box\n\t\t\t\t\t\t\t\t\t\t\t\"\n\t\t\t>\n\t\t\t\t\t\t<div class=\"ngg-gallery-thumbnail\">\n\t\t<a href=\"https:\/\/www.aclanester56.com\/velo\/wp-content\/gallery\/presentation-acl-2015-1ere-partie\/ACL-2015-75.JPG?t=1425749507\"\n\t\t\ttitle=\"\"\n\t\t\tdata-src=\"https:\/\/www.aclanester56.com\/velo\/wp-content\/gallery\/presentation-acl-2015-1ere-partie\/ACL-2015-75.JPG?t=1425749507\"\n\t\t\tdata-thumbnail=\"https:\/\/www.aclanester56.com\/velo\/wp-content\/gallery\/presentation-acl-2015-1ere-partie\/thumbs\/thumbs_ACL-2015-75.JPG?t=1425749507\"\n\t\t\tdata-image-id=\"7452\"\n\t\t\tdata-image-name=\"ACL-2015-75.JPG\"\n\t\t\tdata-title=\"ACL-2015-75.JPG\"\n\t\t\tdata-description=\"\"\n\t\t\tdata-image-slug=\"acl-2015-75-jpg\"\n\t\t\t\t\t\t\t\t\t\t\t\t\t\t\t\t\t\t\t\tclass=\"ngg-simplelightbox\" rel=\"620e57878281e447834218d43f044ad0\">\n\t\t\t\t\t\t\t\t<img\n\t\t\t\t\ttitle=\"ACL-2015-75.JPG\"\n\t\t\t\t\talt=\"ACL-2015-75.JPG\"\n\t\t\t\t\tsrc=\"https:\/\/www.aclanester56.com\/velo\/wp-content\/gallery\/presentation-acl-2015-1ere-partie\/thumbs\/thumbs_ACL-2015-75.JPG?t=1425749507\"\n\t\t\t\t\twidth=\"100\"\n\t\t\t\t\theight=\"100\"\n\t\t\t\t\tstyle=\"max-width:100%;\"\n\t\t\t\t\/>\n\t\t\t<\/a>\n\t\t<\/div>\n\t\t\t\t\t\t\t<\/div>\n\t\t\t\n\t\t\t\t<div id=\"ngg-image-10\" class=\"ngg-gallery-thumbnail-box\n\t\t\t\t\t\t\t\t\t\t\t\"\n\t\t\t>\n\t\t\t\t\t\t<div class=\"ngg-gallery-thumbnail\">\n\t\t<a href=\"https:\/\/www.aclanester56.com\/velo\/wp-content\/gallery\/presentation-acl-2015-1ere-partie\/ACL-2015-76.JPG?t=1425749509\"\n\t\t\ttitle=\"\"\n\t\t\tdata-src=\"https:\/\/www.aclanester56.com\/velo\/wp-content\/gallery\/presentation-acl-2015-1ere-partie\/ACL-2015-76.JPG?t=1425749509\"\n\t\t\tdata-thumbnail=\"https:\/\/www.aclanester56.com\/velo\/wp-content\/gallery\/presentation-acl-2015-1ere-partie\/thumbs\/thumbs_ACL-2015-76.JPG?t=1425749509\"\n\t\t\tdata-image-id=\"7453\"\n\t\t\tdata-image-name=\"ACL-2015-76.JPG\"\n\t\t\tdata-title=\"ACL-2015-76.JPG\"\n\t\t\tdata-description=\"\"\n\t\t\tdata-image-slug=\"acl-2015-76-jpg\"\n\t\t\t\t\t\t\t\t\t\t\t\t\t\t\t\t\t\t\t\tclass=\"ngg-simplelightbox\" rel=\"620e57878281e447834218d43f044ad0\">\n\t\t\t\t\t\t\t\t<img\n\t\t\t\t\ttitle=\"ACL-2015-76.JPG\"\n\t\t\t\t\talt=\"ACL-2015-76.JPG\"\n\t\t\t\t\tsrc=\"https:\/\/www.aclanester56.com\/velo\/wp-content\/gallery\/presentation-acl-2015-1ere-partie\/thumbs\/thumbs_ACL-2015-76.JPG?t=1425749509\"\n\t\t\t\t\twidth=\"100\"\n\t\t\t\t\theight=\"100\"\n\t\t\t\t\tstyle=\"max-width:100%;\"\n\t\t\t\t\/>\n\t\t\t<\/a>\n\t\t<\/div>\n\t\t\t\t\t\t\t<\/div>\n\t\t\t\n\t\t\t\t<div id=\"ngg-image-11\" class=\"ngg-gallery-thumbnail-box\n\t\t\t\t\t\t\t\t\t\t\t\"\n\t\t\t>\n\t\t\t\t\t\t<div class=\"ngg-gallery-thumbnail\">\n\t\t<a href=\"https:\/\/www.aclanester56.com\/velo\/wp-content\/gallery\/presentation-acl-2015-1ere-partie\/ACL-2015-78.JPG?t=1425749511\"\n\t\t\ttitle=\"\"\n\t\t\tdata-src=\"https:\/\/www.aclanester56.com\/velo\/wp-content\/gallery\/presentation-acl-2015-1ere-partie\/ACL-2015-78.JPG?t=1425749511\"\n\t\t\tdata-thumbnail=\"https:\/\/www.aclanester56.com\/velo\/wp-content\/gallery\/presentation-acl-2015-1ere-partie\/thumbs\/thumbs_ACL-2015-78.JPG?t=1425749511\"\n\t\t\tdata-image-id=\"7454\"\n\t\t\tdata-image-name=\"ACL-2015-78.JPG\"\n\t\t\tdata-title=\"ACL-2015-78.JPG\"\n\t\t\tdata-description=\"\"\n\t\t\tdata-image-slug=\"acl-2015-78-jpg\"\n\t\t\t\t\t\t\t\t\t\t\t\t\t\t\t\t\t\t\t\tclass=\"ngg-simplelightbox\" rel=\"620e57878281e447834218d43f044ad0\">\n\t\t\t\t\t\t\t\t<img\n\t\t\t\t\ttitle=\"ACL-2015-78.JPG\"\n\t\t\t\t\talt=\"ACL-2015-78.JPG\"\n\t\t\t\t\tsrc=\"https:\/\/www.aclanester56.com\/velo\/wp-content\/gallery\/presentation-acl-2015-1ere-partie\/thumbs\/thumbs_ACL-2015-78.JPG?t=1425749511\"\n\t\t\t\t\twidth=\"100\"\n\t\t\t\t\theight=\"100\"\n\t\t\t\t\tstyle=\"max-width:100%;\"\n\t\t\t\t\/>\n\t\t\t<\/a>\n\t\t<\/div>\n\t\t\t\t\t\t\t<\/div>\n\t\t\t\n\t\t\t\t<div id=\"ngg-image-12\" class=\"ngg-gallery-thumbnail-box\n\t\t\t\t\t\t\t\t\t\t\t\"\n\t\t\t>\n\t\t\t\t\t\t<div class=\"ngg-gallery-thumbnail\">\n\t\t<a href=\"https:\/\/www.aclanester56.com\/velo\/wp-content\/gallery\/presentation-acl-2015-1ere-partie\/ACL-2015-79.JPG?t=1425749513\"\n\t\t\ttitle=\"\"\n\t\t\tdata-src=\"https:\/\/www.aclanester56.com\/velo\/wp-content\/gallery\/presentation-acl-2015-1ere-partie\/ACL-2015-79.JPG?t=1425749513\"\n\t\t\tdata-thumbnail=\"https:\/\/www.aclanester56.com\/velo\/wp-content\/gallery\/presentation-acl-2015-1ere-partie\/thumbs\/thumbs_ACL-2015-79.JPG?t=1425749513\"\n\t\t\tdata-image-id=\"7455\"\n\t\t\tdata-image-name=\"ACL-2015-79.JPG\"\n\t\t\tdata-title=\"ACL-2015-79.JPG\"\n\t\t\tdata-description=\"\"\n\t\t\tdata-image-slug=\"acl-2015-79-jpg\"\n\t\t\t\t\t\t\t\t\t\t\t\t\t\t\t\t\t\t\t\tclass=\"ngg-simplelightbox\" rel=\"620e57878281e447834218d43f044ad0\">\n\t\t\t\t\t\t\t\t<img\n\t\t\t\t\ttitle=\"ACL-2015-79.JPG\"\n\t\t\t\t\talt=\"ACL-2015-79.JPG\"\n\t\t\t\t\tsrc=\"https:\/\/www.aclanester56.com\/velo\/wp-content\/gallery\/presentation-acl-2015-1ere-partie\/thumbs\/thumbs_ACL-2015-79.JPG?t=1425749513\"\n\t\t\t\t\twidth=\"100\"\n\t\t\t\t\theight=\"100\"\n\t\t\t\t\tstyle=\"max-width:100%;\"\n\t\t\t\t\/>\n\t\t\t<\/a>\n\t\t<\/div>\n\t\t\t\t\t\t\t<\/div>\n\t\t\t\n\t\t\t\t<div id=\"ngg-image-13\" class=\"ngg-gallery-thumbnail-box\n\t\t\t\t\t\t\t\t\t\t\t\"\n\t\t\t>\n\t\t\t\t\t\t<div class=\"ngg-gallery-thumbnail\">\n\t\t<a href=\"https:\/\/www.aclanester56.com\/velo\/wp-content\/gallery\/presentation-acl-2015-1ere-partie\/ACL-2015-80.JPG?t=1425749515\"\n\t\t\ttitle=\"\"\n\t\t\tdata-src=\"https:\/\/www.aclanester56.com\/velo\/wp-content\/gallery\/presentation-acl-2015-1ere-partie\/ACL-2015-80.JPG?t=1425749515\"\n\t\t\tdata-thumbnail=\"https:\/\/www.aclanester56.com\/velo\/wp-content\/gallery\/presentation-acl-2015-1ere-partie\/thumbs\/thumbs_ACL-2015-80.JPG?t=1425749515\"\n\t\t\tdata-image-id=\"7456\"\n\t\t\tdata-image-name=\"ACL-2015-80.JPG\"\n\t\t\tdata-title=\"ACL-2015-80.JPG\"\n\t\t\tdata-description=\"\"\n\t\t\tdata-image-slug=\"acl-2015-80-jpg\"\n\t\t\t\t\t\t\t\t\t\t\t\t\t\t\t\t\t\t\t\tclass=\"ngg-simplelightbox\" rel=\"620e57878281e447834218d43f044ad0\">\n\t\t\t\t\t\t\t\t<img\n\t\t\t\t\ttitle=\"ACL-2015-80.JPG\"\n\t\t\t\t\talt=\"ACL-2015-80.JPG\"\n\t\t\t\t\tsrc=\"https:\/\/www.aclanester56.com\/velo\/wp-content\/gallery\/presentation-acl-2015-1ere-partie\/thumbs\/thumbs_ACL-2015-80.JPG?t=1425749515\"\n\t\t\t\t\twidth=\"100\"\n\t\t\t\t\theight=\"100\"\n\t\t\t\t\tstyle=\"max-width:100%;\"\n\t\t\t\t\/>\n\t\t\t<\/a>\n\t\t<\/div>\n\t\t\t\t\t\t\t<\/div>\n\t\t\t\n\t\t\t\t<div id=\"ngg-image-14\" class=\"ngg-gallery-thumbnail-box\n\t\t\t\t\t\t\t\t\t\t\t\"\n\t\t\t>\n\t\t\t\t\t\t<div class=\"ngg-gallery-thumbnail\">\n\t\t<a href=\"https:\/\/www.aclanester56.com\/velo\/wp-content\/gallery\/presentation-acl-2015-1ere-partie\/ACL-2015-81.JPG?t=1425749517\"\n\t\t\ttitle=\"\"\n\t\t\tdata-src=\"https:\/\/www.aclanester56.com\/velo\/wp-content\/gallery\/presentation-acl-2015-1ere-partie\/ACL-2015-81.JPG?t=1425749517\"\n\t\t\tdata-thumbnail=\"https:\/\/www.aclanester56.com\/velo\/wp-content\/gallery\/presentation-acl-2015-1ere-partie\/thumbs\/thumbs_ACL-2015-81.JPG?t=1425749517\"\n\t\t\tdata-image-id=\"7457\"\n\t\t\tdata-image-name=\"ACL-2015-81.JPG\"\n\t\t\tdata-title=\"ACL-2015-81.JPG\"\n\t\t\tdata-description=\"\"\n\t\t\tdata-image-slug=\"acl-2015-81-jpg\"\n\t\t\t\t\t\t\t\t\t\t\t\t\t\t\t\t\t\t\t\tclass=\"ngg-simplelightbox\" rel=\"620e57878281e447834218d43f044ad0\">\n\t\t\t\t\t\t\t\t<img\n\t\t\t\t\ttitle=\"ACL-2015-81.JPG\"\n\t\t\t\t\talt=\"ACL-2015-81.JPG\"\n\t\t\t\t\tsrc=\"https:\/\/www.aclanester56.com\/velo\/wp-content\/gallery\/presentation-acl-2015-1ere-partie\/thumbs\/thumbs_ACL-2015-81.JPG?t=1425749517\"\n\t\t\t\t\twidth=\"100\"\n\t\t\t\t\theight=\"100\"\n\t\t\t\t\tstyle=\"max-width:100%;\"\n\t\t\t\t\/>\n\t\t\t<\/a>\n\t\t<\/div>\n\t\t\t\t\t\t\t<\/div>\n\t\t\t\n\t\t\t\t<div id=\"ngg-image-15\" class=\"ngg-gallery-thumbnail-box\n\t\t\t\t\t\t\t\t\t\t\t\"\n\t\t\t>\n\t\t\t\t\t\t<div class=\"ngg-gallery-thumbnail\">\n\t\t<a href=\"https:\/\/www.aclanester56.com\/velo\/wp-content\/gallery\/presentation-acl-2015-1ere-partie\/ACL-2015-82.JPG?t=1425749519\"\n\t\t\ttitle=\"\"\n\t\t\tdata-src=\"https:\/\/www.aclanester56.com\/velo\/wp-content\/gallery\/presentation-acl-2015-1ere-partie\/ACL-2015-82.JPG?t=1425749519\"\n\t\t\tdata-thumbnail=\"https:\/\/www.aclanester56.com\/velo\/wp-content\/gallery\/presentation-acl-2015-1ere-partie\/thumbs\/thumbs_ACL-2015-82.JPG?t=1425749519\"\n\t\t\tdata-image-id=\"7458\"\n\t\t\tdata-image-name=\"ACL-2015-82.JPG\"\n\t\t\tdata-title=\"ACL-2015-82.JPG\"\n\t\t\tdata-description=\"\"\n\t\t\tdata-image-slug=\"acl-2015-82-jpg\"\n\t\t\t\t\t\t\t\t\t\t\t\t\t\t\t\t\t\t\t\tclass=\"ngg-simplelightbox\" rel=\"620e57878281e447834218d43f044ad0\">\n\t\t\t\t\t\t\t\t<img\n\t\t\t\t\ttitle=\"ACL-2015-82.JPG\"\n\t\t\t\t\talt=\"ACL-2015-82.JPG\"\n\t\t\t\t\tsrc=\"https:\/\/www.aclanester56.com\/velo\/wp-content\/gallery\/presentation-acl-2015-1ere-partie\/thumbs\/thumbs_ACL-2015-82.JPG?t=1425749519\"\n\t\t\t\t\twidth=\"100\"\n\t\t\t\t\theight=\"100\"\n\t\t\t\t\tstyle=\"max-width:100%;\"\n\t\t\t\t\/>\n\t\t\t<\/a>\n\t\t<\/div>\n\t\t\t\t\t\t\t<\/div>\n\t\t\t\n\t\t\t\t<div id=\"ngg-image-16\" class=\"ngg-gallery-thumbnail-box\n\t\t\t\t\t\t\t\t\t\t\t\"\n\t\t\t>\n\t\t\t\t\t\t<div class=\"ngg-gallery-thumbnail\">\n\t\t<a href=\"https:\/\/www.aclanester56.com\/velo\/wp-content\/gallery\/presentation-acl-2015-1ere-partie\/ACL-2015-62.JPG?t=1425749490\"\n\t\t\ttitle=\"\"\n\t\t\tdata-src=\"https:\/\/www.aclanester56.com\/velo\/wp-content\/gallery\/presentation-acl-2015-1ere-partie\/ACL-2015-62.JPG?t=1425749490\"\n\t\t\tdata-thumbnail=\"https:\/\/www.aclanester56.com\/velo\/wp-content\/gallery\/presentation-acl-2015-1ere-partie\/thumbs\/thumbs_ACL-2015-62.JPG?t=1425749490\"\n\t\t\tdata-image-id=\"7443\"\n\t\t\tdata-image-name=\"ACL-2015-62.JPG\"\n\t\t\tdata-title=\"ACL-2015-62.JPG\"\n\t\t\tdata-description=\"\"\n\t\t\tdata-image-slug=\"acl-2015-62-jpg\"\n\t\t\t\t\t\t\t\t\t\t\t\t\t\t\t\t\t\t\t\tclass=\"ngg-simplelightbox\" rel=\"620e57878281e447834218d43f044ad0\">\n\t\t\t\t\t\t\t\t<img\n\t\t\t\t\ttitle=\"ACL-2015-62.JPG\"\n\t\t\t\t\talt=\"ACL-2015-62.JPG\"\n\t\t\t\t\tsrc=\"https:\/\/www.aclanester56.com\/velo\/wp-content\/gallery\/presentation-acl-2015-1ere-partie\/thumbs\/thumbs_ACL-2015-62.JPG?t=1425749490\"\n\t\t\t\t\twidth=\"100\"\n\t\t\t\t\theight=\"100\"\n\t\t\t\t\tstyle=\"max-width:100%;\"\n\t\t\t\t\/>\n\t\t\t<\/a>\n\t\t<\/div>\n\t\t\t\t\t\t\t<\/div>\n\t\t\t\n\t\t\t\t<div id=\"ngg-image-17\" class=\"ngg-gallery-thumbnail-box\n\t\t\t\t\t\t\t\t\t\t\t\"\n\t\t\t>\n\t\t\t\t\t\t<div class=\"ngg-gallery-thumbnail\">\n\t\t<a href=\"https:\/\/www.aclanester56.com\/velo\/wp-content\/gallery\/presentation-acl-2015-1ere-partie\/ACL-2015-84.JPG?t=1425749523\"\n\t\t\ttitle=\"\"\n\t\t\tdata-src=\"https:\/\/www.aclanester56.com\/velo\/wp-content\/gallery\/presentation-acl-2015-1ere-partie\/ACL-2015-84.JPG?t=1425749523\"\n\t\t\tdata-thumbnail=\"https:\/\/www.aclanester56.com\/velo\/wp-content\/gallery\/presentation-acl-2015-1ere-partie\/thumbs\/thumbs_ACL-2015-84.JPG?t=1425749523\"\n\t\t\tdata-image-id=\"7460\"\n\t\t\tdata-image-name=\"ACL-2015-84.JPG\"\n\t\t\tdata-title=\"ACL-2015-84.JPG\"\n\t\t\tdata-description=\"\"\n\t\t\tdata-image-slug=\"acl-2015-84-jpg\"\n\t\t\t\t\t\t\t\t\t\t\t\t\t\t\t\t\t\t\t\tclass=\"ngg-simplelightbox\" rel=\"620e57878281e447834218d43f044ad0\">\n\t\t\t\t\t\t\t\t<img\n\t\t\t\t\ttitle=\"ACL-2015-84.JPG\"\n\t\t\t\t\talt=\"ACL-2015-84.JPG\"\n\t\t\t\t\tsrc=\"https:\/\/www.aclanester56.com\/velo\/wp-content\/gallery\/presentation-acl-2015-1ere-partie\/thumbs\/thumbs_ACL-2015-84.JPG?t=1425749523\"\n\t\t\t\t\twidth=\"100\"\n\t\t\t\t\theight=\"100\"\n\t\t\t\t\tstyle=\"max-width:100%;\"\n\t\t\t\t\/>\n\t\t\t<\/a>\n\t\t<\/div>\n\t\t\t\t\t\t\t<\/div>\n\t\t\t\n\t\t\t\t<div id=\"ngg-image-18\" class=\"ngg-gallery-thumbnail-box\n\t\t\t\t\t\t\t\t\t\t\t\"\n\t\t\t>\n\t\t\t\t\t\t<div class=\"ngg-gallery-thumbnail\">\n\t\t<a href=\"https:\/\/www.aclanester56.com\/velo\/wp-content\/gallery\/presentation-acl-2015-1ere-partie\/ACL-2015-85.JPG?t=1425749526\"\n\t\t\ttitle=\"\"\n\t\t\tdata-src=\"https:\/\/www.aclanester56.com\/velo\/wp-content\/gallery\/presentation-acl-2015-1ere-partie\/ACL-2015-85.JPG?t=1425749526\"\n\t\t\tdata-thumbnail=\"https:\/\/www.aclanester56.com\/velo\/wp-content\/gallery\/presentation-acl-2015-1ere-partie\/thumbs\/thumbs_ACL-2015-85.JPG?t=1425749526\"\n\t\t\tdata-image-id=\"7461\"\n\t\t\tdata-image-name=\"ACL-2015-85.JPG\"\n\t\t\tdata-title=\"ACL-2015-85.JPG\"\n\t\t\tdata-description=\"\"\n\t\t\tdata-image-slug=\"acl-2015-85-jpg\"\n\t\t\t\t\t\t\t\t\t\t\t\t\t\t\t\t\t\t\t\tclass=\"ngg-simplelightbox\" rel=\"620e57878281e447834218d43f044ad0\">\n\t\t\t\t\t\t\t\t<img\n\t\t\t\t\ttitle=\"ACL-2015-85.JPG\"\n\t\t\t\t\talt=\"ACL-2015-85.JPG\"\n\t\t\t\t\tsrc=\"https:\/\/www.aclanester56.com\/velo\/wp-content\/gallery\/presentation-acl-2015-1ere-partie\/thumbs\/thumbs_ACL-2015-85.JPG?t=1425749526\"\n\t\t\t\t\twidth=\"100\"\n\t\t\t\t\theight=\"100\"\n\t\t\t\t\tstyle=\"max-width:100%;\"\n\t\t\t\t\/>\n\t\t\t<\/a>\n\t\t<\/div>\n\t\t\t\t\t\t\t<\/div>\n\t\t\t\n\t\t\t\t<div id=\"ngg-image-19\" class=\"ngg-gallery-thumbnail-box\n\t\t\t\t\t\t\t\t\t\t\t\"\n\t\t\t>\n\t\t\t\t\t\t<div class=\"ngg-gallery-thumbnail\">\n\t\t<a href=\"https:\/\/www.aclanester56.com\/velo\/wp-content\/gallery\/presentation-acl-2015-1ere-partie\/ACL-2015-89.JPG?t=1425749528\"\n\t\t\ttitle=\"\"\n\t\t\tdata-src=\"https:\/\/www.aclanester56.com\/velo\/wp-content\/gallery\/presentation-acl-2015-1ere-partie\/ACL-2015-89.JPG?t=1425749528\"\n\t\t\tdata-thumbnail=\"https:\/\/www.aclanester56.com\/velo\/wp-content\/gallery\/presentation-acl-2015-1ere-partie\/thumbs\/thumbs_ACL-2015-89.JPG?t=1425749528\"\n\t\t\tdata-image-id=\"7462\"\n\t\t\tdata-image-name=\"ACL-2015-89.JPG\"\n\t\t\tdata-title=\"ACL-2015-89.JPG\"\n\t\t\tdata-description=\"\"\n\t\t\tdata-image-slug=\"acl-2015-89-jpg\"\n\t\t\t\t\t\t\t\t\t\t\t\t\t\t\t\t\t\t\t\tclass=\"ngg-simplelightbox\" rel=\"620e57878281e447834218d43f044ad0\">\n\t\t\t\t\t\t\t\t<img\n\t\t\t\t\ttitle=\"ACL-2015-89.JPG\"\n\t\t\t\t\talt=\"ACL-2015-89.JPG\"\n\t\t\t\t\tsrc=\"https:\/\/www.aclanester56.com\/velo\/wp-content\/gallery\/presentation-acl-2015-1ere-partie\/thumbs\/thumbs_ACL-2015-89.JPG?t=1425749528\"\n\t\t\t\t\twidth=\"100\"\n\t\t\t\t\theight=\"100\"\n\t\t\t\t\tstyle=\"max-width:100%;\"\n\t\t\t\t\/>\n\t\t\t<\/a>\n\t\t<\/div>\n\t\t\t\t\t\t\t<\/div>\n\t\t\t\n\t\t\t\t<div id=\"ngg-image-20\" class=\"ngg-gallery-thumbnail-box\n\t\t\t\t\t\t\t\t\t\t\t\"\n\t\t\t>\n\t\t\t\t\t\t<div class=\"ngg-gallery-thumbnail\">\n\t\t<a href=\"https:\/\/www.aclanester56.com\/velo\/wp-content\/gallery\/presentation-acl-2015-1ere-partie\/ACL-2015-91.JPG?t=1425749530\"\n\t\t\ttitle=\"\"\n\t\t\tdata-src=\"https:\/\/www.aclanester56.com\/velo\/wp-content\/gallery\/presentation-acl-2015-1ere-partie\/ACL-2015-91.JPG?t=1425749530\"\n\t\t\tdata-thumbnail=\"https:\/\/www.aclanester56.com\/velo\/wp-content\/gallery\/presentation-acl-2015-1ere-partie\/thumbs\/thumbs_ACL-2015-91.JPG?t=1425749530\"\n\t\t\tdata-image-id=\"7463\"\n\t\t\tdata-image-name=\"ACL-2015-91.JPG\"\n\t\t\tdata-title=\"ACL-2015-91.JPG\"\n\t\t\tdata-description=\"\"\n\t\t\tdata-image-slug=\"acl-2015-91-jpg\"\n\t\t\t\t\t\t\t\t\t\t\t\t\t\t\t\t\t\t\t\tclass=\"ngg-simplelightbox\" rel=\"620e57878281e447834218d43f044ad0\">\n\t\t\t\t\t\t\t\t<img\n\t\t\t\t\ttitle=\"ACL-2015-91.JPG\"\n\t\t\t\t\talt=\"ACL-2015-91.JPG\"\n\t\t\t\t\tsrc=\"https:\/\/www.aclanester56.com\/velo\/wp-content\/gallery\/presentation-acl-2015-1ere-partie\/thumbs\/thumbs_ACL-2015-91.JPG?t=1425749530\"\n\t\t\t\t\twidth=\"100\"\n\t\t\t\t\theight=\"100\"\n\t\t\t\t\tstyle=\"max-width:100%;\"\n\t\t\t\t\/>\n\t\t\t<\/a>\n\t\t<\/div>\n\t\t\t\t\t\t\t<\/div>\n\t\t\t\n\t\t\t\t<div id=\"ngg-image-21\" class=\"ngg-gallery-thumbnail-box\n\t\t\t\t\t\t\t\t\t\t\t\"\n\t\t\t>\n\t\t\t\t\t\t<div class=\"ngg-gallery-thumbnail\">\n\t\t<a href=\"https:\/\/www.aclanester56.com\/velo\/wp-content\/gallery\/presentation-acl-2015-1ere-partie\/ACL-2015-94.JPG?t=1425749534\"\n\t\t\ttitle=\"\"\n\t\t\tdata-src=\"https:\/\/www.aclanester56.com\/velo\/wp-content\/gallery\/presentation-acl-2015-1ere-partie\/ACL-2015-94.JPG?t=1425749534\"\n\t\t\tdata-thumbnail=\"https:\/\/www.aclanester56.com\/velo\/wp-content\/gallery\/presentation-acl-2015-1ere-partie\/thumbs\/thumbs_ACL-2015-94.JPG?t=1425749534\"\n\t\t\tdata-image-id=\"7464\"\n\t\t\tdata-image-name=\"ACL-2015-94.JPG\"\n\t\t\tdata-title=\"ACL-2015-94.JPG\"\n\t\t\tdata-description=\"\"\n\t\t\tdata-image-slug=\"acl-2015-94-jpg\"\n\t\t\t\t\t\t\t\t\t\t\t\t\t\t\t\t\t\t\t\tclass=\"ngg-simplelightbox\" rel=\"620e57878281e447834218d43f044ad0\">\n\t\t\t\t\t\t\t\t<img\n\t\t\t\t\ttitle=\"ACL-2015-94.JPG\"\n\t\t\t\t\talt=\"ACL-2015-94.JPG\"\n\t\t\t\t\tsrc=\"https:\/\/www.aclanester56.com\/velo\/wp-content\/gallery\/presentation-acl-2015-1ere-partie\/thumbs\/thumbs_ACL-2015-94.JPG?t=1425749534\"\n\t\t\t\t\twidth=\"100\"\n\t\t\t\t\theight=\"100\"\n\t\t\t\t\tstyle=\"max-width:100%;\"\n\t\t\t\t\/>\n\t\t\t<\/a>\n\t\t<\/div>\n\t\t\t\t\t\t\t<\/div>\n\t\t\t\n\t\t\t\t<div id=\"ngg-image-22\" class=\"ngg-gallery-thumbnail-box\n\t\t\t\t\t\t\t\t\t\t\t\"\n\t\t\t>\n\t\t\t\t\t\t<div class=\"ngg-gallery-thumbnail\">\n\t\t<a href=\"https:\/\/www.aclanester56.com\/velo\/wp-content\/gallery\/presentation-acl-2015-1ere-partie\/ACL-2015-97.JPG?t=1425749536\"\n\t\t\ttitle=\"\"\n\t\t\tdata-src=\"https:\/\/www.aclanester56.com\/velo\/wp-content\/gallery\/presentation-acl-2015-1ere-partie\/ACL-2015-97.JPG?t=1425749536\"\n\t\t\tdata-thumbnail=\"https:\/\/www.aclanester56.com\/velo\/wp-content\/gallery\/presentation-acl-2015-1ere-partie\/thumbs\/thumbs_ACL-2015-97.JPG?t=1425749536\"\n\t\t\tdata-image-id=\"7465\"\n\t\t\tdata-image-name=\"ACL-2015-97.JPG\"\n\t\t\tdata-title=\"ACL-2015-97.JPG\"\n\t\t\tdata-description=\"\"\n\t\t\tdata-image-slug=\"acl-2015-97-jpg\"\n\t\t\t\t\t\t\t\t\t\t\t\t\t\t\t\t\t\t\t\tclass=\"ngg-simplelightbox\" rel=\"620e57878281e447834218d43f044ad0\">\n\t\t\t\t\t\t\t\t<img\n\t\t\t\t\ttitle=\"ACL-2015-97.JPG\"\n\t\t\t\t\talt=\"ACL-2015-97.JPG\"\n\t\t\t\t\tsrc=\"https:\/\/www.aclanester56.com\/velo\/wp-content\/gallery\/presentation-acl-2015-1ere-partie\/thumbs\/thumbs_ACL-2015-97.JPG?t=1425749536\"\n\t\t\t\t\twidth=\"100\"\n\t\t\t\t\theight=\"100\"\n\t\t\t\t\tstyle=\"max-width:100%;\"\n\t\t\t\t\/>\n\t\t\t<\/a>\n\t\t<\/div>\n\t\t\t\t\t\t\t<\/div>\n\t\t\t\n\t\t\t\t<div id=\"ngg-image-23\" class=\"ngg-gallery-thumbnail-box\n\t\t\t\t\t\t\t\t\t\t\t\"\n\t\t\t>\n\t\t\t\t\t\t<div class=\"ngg-gallery-thumbnail\">\n\t\t<a href=\"https:\/\/www.aclanester56.com\/velo\/wp-content\/gallery\/presentation-acl-2015-1ere-partie\/ACL-2015-98.JPG?t=1425749538\"\n\t\t\ttitle=\"\"\n\t\t\tdata-src=\"https:\/\/www.aclanester56.com\/velo\/wp-content\/gallery\/presentation-acl-2015-1ere-partie\/ACL-2015-98.JPG?t=1425749538\"\n\t\t\tdata-thumbnail=\"https:\/\/www.aclanester56.com\/velo\/wp-content\/gallery\/presentation-acl-2015-1ere-partie\/thumbs\/thumbs_ACL-2015-98.JPG?t=1425749538\"\n\t\t\tdata-image-id=\"7466\"\n\t\t\tdata-image-name=\"ACL-2015-98.JPG\"\n\t\t\tdata-title=\"ACL-2015-98.JPG\"\n\t\t\tdata-description=\"\"\n\t\t\tdata-image-slug=\"acl-2015-98-jpg\"\n\t\t\t\t\t\t\t\t\t\t\t\t\t\t\t\t\t\t\t\tclass=\"ngg-simplelightbox\" rel=\"620e57878281e447834218d43f044ad0\">\n\t\t\t\t\t\t\t\t<img\n\t\t\t\t\ttitle=\"ACL-2015-98.JPG\"\n\t\t\t\t\talt=\"ACL-2015-98.JPG\"\n\t\t\t\t\tsrc=\"https:\/\/www.aclanester56.com\/velo\/wp-content\/gallery\/presentation-acl-2015-1ere-partie\/thumbs\/thumbs_ACL-2015-98.JPG?t=1425749538\"\n\t\t\t\t\twidth=\"100\"\n\t\t\t\t\theight=\"100\"\n\t\t\t\t\tstyle=\"max-width:100%;\"\n\t\t\t\t\/>\n\t\t\t<\/a>\n\t\t<\/div>\n\t\t\t\t\t\t\t<\/div>\n\t\t\t\n\t\t\t\t<div id=\"ngg-image-24\" class=\"ngg-gallery-thumbnail-box\n\t\t\t\t\t\t\t\t\t\t\t\"\n\t\t\t>\n\t\t\t\t\t\t<div class=\"ngg-gallery-thumbnail\">\n\t\t<a href=\"https:\/\/www.aclanester56.com\/velo\/wp-content\/gallery\/presentation-acl-2015-1ere-partie\/ACL-2015-99.JPG?t=1425749540\"\n\t\t\ttitle=\"\"\n\t\t\tdata-src=\"https:\/\/www.aclanester56.com\/velo\/wp-content\/gallery\/presentation-acl-2015-1ere-partie\/ACL-2015-99.JPG?t=1425749540\"\n\t\t\tdata-thumbnail=\"https:\/\/www.aclanester56.com\/velo\/wp-content\/gallery\/presentation-acl-2015-1ere-partie\/thumbs\/thumbs_ACL-2015-99.JPG?t=1425749540\"\n\t\t\tdata-image-id=\"7467\"\n\t\t\tdata-image-name=\"ACL-2015-99.JPG\"\n\t\t\tdata-title=\"ACL-2015-99.JPG\"\n\t\t\tdata-description=\"\"\n\t\t\tdata-image-slug=\"acl-2015-99-jpg\"\n\t\t\t\t\t\t\t\t\t\t\t\t\t\t\t\t\t\t\t\tclass=\"ngg-simplelightbox\" rel=\"620e57878281e447834218d43f044ad0\">\n\t\t\t\t\t\t\t\t<img\n\t\t\t\t\ttitle=\"ACL-2015-99.JPG\"\n\t\t\t\t\talt=\"ACL-2015-99.JPG\"\n\t\t\t\t\tsrc=\"https:\/\/www.aclanester56.com\/velo\/wp-content\/gallery\/presentation-acl-2015-1ere-partie\/thumbs\/thumbs_ACL-2015-99.JPG?t=1425749540\"\n\t\t\t\t\twidth=\"100\"\n\t\t\t\t\theight=\"100\"\n\t\t\t\t\tstyle=\"max-width:100%;\"\n\t\t\t\t\/>\n\t\t\t<\/a>\n\t\t<\/div>\n\t\t\t\t\t\t\t<\/div>\n\t\t\t\n\t\t\t\t<div id=\"ngg-image-25\" class=\"ngg-gallery-thumbnail-box\n\t\t\t\t\t\t\t\t\t\t\t\"\n\t\t\t>\n\t\t\t\t\t\t<div class=\"ngg-gallery-thumbnail\">\n\t\t<a href=\"https:\/\/www.aclanester56.com\/velo\/wp-content\/gallery\/presentation-acl-2015-1ere-partie\/ACL-2015-100.JPG?t=1425749542\"\n\t\t\ttitle=\"\"\n\t\t\tdata-src=\"https:\/\/www.aclanester56.com\/velo\/wp-content\/gallery\/presentation-acl-2015-1ere-partie\/ACL-2015-100.JPG?t=1425749542\"\n\t\t\tdata-thumbnail=\"https:\/\/www.aclanester56.com\/velo\/wp-content\/gallery\/presentation-acl-2015-1ere-partie\/thumbs\/thumbs_ACL-2015-100.JPG?t=1425749542\"\n\t\t\tdata-image-id=\"7468\"\n\t\t\tdata-image-name=\"ACL-2015-100.JPG\"\n\t\t\tdata-title=\"ACL-2015-100.JPG\"\n\t\t\tdata-description=\"\"\n\t\t\tdata-image-slug=\"acl-2015-100-jpg\"\n\t\t\t\t\t\t\t\t\t\t\t\t\t\t\t\t\t\t\t\tclass=\"ngg-simplelightbox\" rel=\"620e57878281e447834218d43f044ad0\">\n\t\t\t\t\t\t\t\t<img\n\t\t\t\t\ttitle=\"ACL-2015-100.JPG\"\n\t\t\t\t\talt=\"ACL-2015-100.JPG\"\n\t\t\t\t\tsrc=\"https:\/\/www.aclanester56.com\/velo\/wp-content\/gallery\/presentation-acl-2015-1ere-partie\/thumbs\/thumbs_ACL-2015-100.JPG?t=1425749542\"\n\t\t\t\t\twidth=\"100\"\n\t\t\t\t\theight=\"100\"\n\t\t\t\t\tstyle=\"max-width:100%;\"\n\t\t\t\t\/>\n\t\t\t<\/a>\n\t\t<\/div>\n\t\t\t\t\t\t\t<\/div>\n\t\t\t\n\t\t\t\t<div id=\"ngg-image-26\" class=\"ngg-gallery-thumbnail-box\n\t\t\t\t\t\t\t\t\t\t\t\"\n\t\t\t>\n\t\t\t\t\t\t<div class=\"ngg-gallery-thumbnail\">\n\t\t<a href=\"https:\/\/www.aclanester56.com\/velo\/wp-content\/gallery\/presentation-acl-2015-1ere-partie\/ACL-2015-101.JPG?t=1425749544\"\n\t\t\ttitle=\"\"\n\t\t\tdata-src=\"https:\/\/www.aclanester56.com\/velo\/wp-content\/gallery\/presentation-acl-2015-1ere-partie\/ACL-2015-101.JPG?t=1425749544\"\n\t\t\tdata-thumbnail=\"https:\/\/www.aclanester56.com\/velo\/wp-content\/gallery\/presentation-acl-2015-1ere-partie\/thumbs\/thumbs_ACL-2015-101.JPG?t=1425749544\"\n\t\t\tdata-image-id=\"7469\"\n\t\t\tdata-image-name=\"ACL-2015-101.JPG\"\n\t\t\tdata-title=\"ACL-2015-101.JPG\"\n\t\t\tdata-description=\"\"\n\t\t\tdata-image-slug=\"acl-2015-101-jpg\"\n\t\t\t\t\t\t\t\t\t\t\t\t\t\t\t\t\t\t\t\tclass=\"ngg-simplelightbox\" rel=\"620e57878281e447834218d43f044ad0\">\n\t\t\t\t\t\t\t\t<img\n\t\t\t\t\ttitle=\"ACL-2015-101.JPG\"\n\t\t\t\t\talt=\"ACL-2015-101.JPG\"\n\t\t\t\t\tsrc=\"https:\/\/www.aclanester56.com\/velo\/wp-content\/gallery\/presentation-acl-2015-1ere-partie\/thumbs\/thumbs_ACL-2015-101.JPG?t=1425749544\"\n\t\t\t\t\twidth=\"100\"\n\t\t\t\t\theight=\"100\"\n\t\t\t\t\tstyle=\"max-width:100%;\"\n\t\t\t\t\/>\n\t\t\t<\/a>\n\t\t<\/div>\n\t\t\t\t\t\t\t<\/div>\n\t\t\t\n\t\t\t\t<div id=\"ngg-image-27\" class=\"ngg-gallery-thumbnail-box\n\t\t\t\t\t\t\t\t\t\t\t\"\n\t\t\t>\n\t\t\t\t\t\t<div class=\"ngg-gallery-thumbnail\">\n\t\t<a href=\"https:\/\/www.aclanester56.com\/velo\/wp-content\/gallery\/presentation-acl-2015-1ere-partie\/ACL-2015-103.JPG?t=1425749547\"\n\t\t\ttitle=\"\"\n\t\t\tdata-src=\"https:\/\/www.aclanester56.com\/velo\/wp-content\/gallery\/presentation-acl-2015-1ere-partie\/ACL-2015-103.JPG?t=1425749547\"\n\t\t\tdata-thumbnail=\"https:\/\/www.aclanester56.com\/velo\/wp-content\/gallery\/presentation-acl-2015-1ere-partie\/thumbs\/thumbs_ACL-2015-103.JPG?t=1425749547\"\n\t\t\tdata-image-id=\"7470\"\n\t\t\tdata-image-name=\"ACL-2015-103.JPG\"\n\t\t\tdata-title=\"ACL-2015-103.JPG\"\n\t\t\tdata-description=\"\"\n\t\t\tdata-image-slug=\"acl-2015-103-jpg\"\n\t\t\t\t\t\t\t\t\t\t\t\t\t\t\t\t\t\t\t\tclass=\"ngg-simplelightbox\" rel=\"620e57878281e447834218d43f044ad0\">\n\t\t\t\t\t\t\t\t<img\n\t\t\t\t\ttitle=\"ACL-2015-103.JPG\"\n\t\t\t\t\talt=\"ACL-2015-103.JPG\"\n\t\t\t\t\tsrc=\"https:\/\/www.aclanester56.com\/velo\/wp-content\/gallery\/presentation-acl-2015-1ere-partie\/thumbs\/thumbs_ACL-2015-103.JPG?t=1425749547\"\n\t\t\t\t\twidth=\"100\"\n\t\t\t\t\theight=\"100\"\n\t\t\t\t\tstyle=\"max-width:100%;\"\n\t\t\t\t\/>\n\t\t\t<\/a>\n\t\t<\/div>\n\t\t\t\t\t\t\t<\/div>\n\t\t\t\n\t\t\t\t<div id=\"ngg-image-28\" class=\"ngg-gallery-thumbnail-box\n\t\t\t\t\t\t\t\t\t\t\t\"\n\t\t\t>\n\t\t\t\t\t\t<div class=\"ngg-gallery-thumbnail\">\n\t\t<a href=\"https:\/\/www.aclanester56.com\/velo\/wp-content\/gallery\/presentation-acl-2015-1ere-partie\/ACL-2015-105.JPG?t=1425749551\"\n\t\t\ttitle=\"\"\n\t\t\tdata-src=\"https:\/\/www.aclanester56.com\/velo\/wp-content\/gallery\/presentation-acl-2015-1ere-partie\/ACL-2015-105.JPG?t=1425749551\"\n\t\t\tdata-thumbnail=\"https:\/\/www.aclanester56.com\/velo\/wp-content\/gallery\/presentation-acl-2015-1ere-partie\/thumbs\/thumbs_ACL-2015-105.JPG?t=1425749551\"\n\t\t\tdata-image-id=\"7471\"\n\t\t\tdata-image-name=\"ACL-2015-105.JPG\"\n\t\t\tdata-title=\"ACL-2015-105.JPG\"\n\t\t\tdata-description=\"\"\n\t\t\tdata-image-slug=\"acl-2015-105-jpg\"\n\t\t\t\t\t\t\t\t\t\t\t\t\t\t\t\t\t\t\t\tclass=\"ngg-simplelightbox\" rel=\"620e57878281e447834218d43f044ad0\">\n\t\t\t\t\t\t\t\t<img\n\t\t\t\t\ttitle=\"ACL-2015-105.JPG\"\n\t\t\t\t\talt=\"ACL-2015-105.JPG\"\n\t\t\t\t\tsrc=\"https:\/\/www.aclanester56.com\/velo\/wp-content\/gallery\/presentation-acl-2015-1ere-partie\/thumbs\/thumbs_ACL-2015-105.JPG?t=1425749551\"\n\t\t\t\t\twidth=\"100\"\n\t\t\t\t\theight=\"100\"\n\t\t\t\t\tstyle=\"max-width:100%;\"\n\t\t\t\t\/>\n\t\t\t<\/a>\n\t\t<\/div>\n\t\t\t\t\t\t\t<\/div>\n\t\t\t\n\t\t\t\t<div id=\"ngg-image-29\" class=\"ngg-gallery-thumbnail-box\n\t\t\t\t\t\t\t\t\t\t\t\"\n\t\t\t>\n\t\t\t\t\t\t<div class=\"ngg-gallery-thumbnail\">\n\t\t<a href=\"https:\/\/www.aclanester56.com\/velo\/wp-content\/gallery\/presentation-acl-2015-1ere-partie\/ACL-2015-106.JPG?t=1425749553\"\n\t\t\ttitle=\"\"\n\t\t\tdata-src=\"https:\/\/www.aclanester56.com\/velo\/wp-content\/gallery\/presentation-acl-2015-1ere-partie\/ACL-2015-106.JPG?t=1425749553\"\n\t\t\tdata-thumbnail=\"https:\/\/www.aclanester56.com\/velo\/wp-content\/gallery\/presentation-acl-2015-1ere-partie\/thumbs\/thumbs_ACL-2015-106.JPG?t=1425749553\"\n\t\t\tdata-image-id=\"7472\"\n\t\t\tdata-image-name=\"ACL-2015-106.JPG\"\n\t\t\tdata-title=\"ACL-2015-106.JPG\"\n\t\t\tdata-description=\"\"\n\t\t\tdata-image-slug=\"acl-2015-106-jpg\"\n\t\t\t\t\t\t\t\t\t\t\t\t\t\t\t\t\t\t\t\tclass=\"ngg-simplelightbox\" rel=\"620e57878281e447834218d43f044ad0\">\n\t\t\t\t\t\t\t\t<img\n\t\t\t\t\ttitle=\"ACL-2015-106.JPG\"\n\t\t\t\t\talt=\"ACL-2015-106.JPG\"\n\t\t\t\t\tsrc=\"https:\/\/www.aclanester56.com\/velo\/wp-content\/gallery\/presentation-acl-2015-1ere-partie\/thumbs\/thumbs_ACL-2015-106.JPG?t=1425749553\"\n\t\t\t\t\twidth=\"100\"\n\t\t\t\t\theight=\"100\"\n\t\t\t\t\tstyle=\"max-width:100%;\"\n\t\t\t\t\/>\n\t\t\t<\/a>\n\t\t<\/div>\n\t\t\t\t\t\t\t<\/div>\n\t\t\t\n\t\t\t\t<div id=\"ngg-image-30\" class=\"ngg-gallery-thumbnail-box\n\t\t\t\t\t\t\t\t\t\t\t\"\n\t\t\t>\n\t\t\t\t\t\t<div class=\"ngg-gallery-thumbnail\">\n\t\t<a href=\"https:\/\/www.aclanester56.com\/velo\/wp-content\/gallery\/presentation-acl-2015-1ere-partie\/ACL-2015-107.JPG?t=1425749557\"\n\t\t\ttitle=\"\"\n\t\t\tdata-src=\"https:\/\/www.aclanester56.com\/velo\/wp-content\/gallery\/presentation-acl-2015-1ere-partie\/ACL-2015-107.JPG?t=1425749557\"\n\t\t\tdata-thumbnail=\"https:\/\/www.aclanester56.com\/velo\/wp-content\/gallery\/presentation-acl-2015-1ere-partie\/thumbs\/thumbs_ACL-2015-107.JPG?t=1425749557\"\n\t\t\tdata-image-id=\"7473\"\n\t\t\tdata-image-name=\"ACL-2015-107.JPG\"\n\t\t\tdata-title=\"ACL-2015-107.JPG\"\n\t\t\tdata-description=\"\"\n\t\t\tdata-image-slug=\"acl-2015-107-jpg\"\n\t\t\t\t\t\t\t\t\t\t\t\t\t\t\t\t\t\t\t\tclass=\"ngg-simplelightbox\" rel=\"620e57878281e447834218d43f044ad0\">\n\t\t\t\t\t\t\t\t<img\n\t\t\t\t\ttitle=\"ACL-2015-107.JPG\"\n\t\t\t\t\talt=\"ACL-2015-107.JPG\"\n\t\t\t\t\tsrc=\"https:\/\/www.aclanester56.com\/velo\/wp-content\/gallery\/presentation-acl-2015-1ere-partie\/thumbs\/thumbs_ACL-2015-107.JPG?t=1425749557\"\n\t\t\t\t\twidth=\"100\"\n\t\t\t\t\theight=\"100\"\n\t\t\t\t\tstyle=\"max-width:100%;\"\n\t\t\t\t\/>\n\t\t\t<\/a>\n\t\t<\/div>\n\t\t\t\t\t\t\t<\/div>\n\t\t\t\n\t\t\t\t<div id=\"ngg-image-31\" class=\"ngg-gallery-thumbnail-box\n\t\t\t\t\t\t\t\t\t\t\t\"\n\t\t\t>\n\t\t\t\t\t\t<div class=\"ngg-gallery-thumbnail\">\n\t\t<a href=\"https:\/\/www.aclanester56.com\/velo\/wp-content\/gallery\/presentation-acl-2015-1ere-partie\/ACL-2015-38.JPG?t=1425749460\"\n\t\t\ttitle=\"\"\n\t\t\tdata-src=\"https:\/\/www.aclanester56.com\/velo\/wp-content\/gallery\/presentation-acl-2015-1ere-partie\/ACL-2015-38.JPG?t=1425749460\"\n\t\t\tdata-thumbnail=\"https:\/\/www.aclanester56.com\/velo\/wp-content\/gallery\/presentation-acl-2015-1ere-partie\/thumbs\/thumbs_ACL-2015-38.JPG?t=1425749460\"\n\t\t\tdata-image-id=\"7428\"\n\t\t\tdata-image-name=\"ACL-2015-38.JPG\"\n\t\t\tdata-title=\"ACL-2015-38.JPG\"\n\t\t\tdata-description=\"\"\n\t\t\tdata-image-slug=\"acl-2015-38-jpg\"\n\t\t\t\t\t\t\t\t\t\t\t\t\t\t\t\t\t\t\t\tclass=\"ngg-simplelightbox\" rel=\"620e57878281e447834218d43f044ad0\">\n\t\t\t\t\t\t\t\t<img\n\t\t\t\t\ttitle=\"ACL-2015-38.JPG\"\n\t\t\t\t\talt=\"ACL-2015-38.JPG\"\n\t\t\t\t\tsrc=\"https:\/\/www.aclanester56.com\/velo\/wp-content\/gallery\/presentation-acl-2015-1ere-partie\/thumbs\/thumbs_ACL-2015-38.JPG?t=1425749460\"\n\t\t\t\t\twidth=\"100\"\n\t\t\t\t\theight=\"100\"\n\t\t\t\t\tstyle=\"max-width:100%;\"\n\t\t\t\t\/>\n\t\t\t<\/a>\n\t\t<\/div>\n\t\t\t\t\t\t\t<\/div>\n\t\t\t\n\t\t\t\t<div id=\"ngg-image-32\" class=\"ngg-gallery-thumbnail-box\n\t\t\t\t\t\t\t\t\t\t\t\"\n\t\t\t>\n\t\t\t\t\t\t<div class=\"ngg-gallery-thumbnail\">\n\t\t<a href=\"https:\/\/www.aclanester56.com\/velo\/wp-content\/gallery\/presentation-acl-2015-1ere-partie\/ACL-2015-04.JPG?t=1425749426\"\n\t\t\ttitle=\"\"\n\t\t\tdata-src=\"https:\/\/www.aclanester56.com\/velo\/wp-content\/gallery\/presentation-acl-2015-1ere-partie\/ACL-2015-04.JPG?t=1425749426\"\n\t\t\tdata-thumbnail=\"https:\/\/www.aclanester56.com\/velo\/wp-content\/gallery\/presentation-acl-2015-1ere-partie\/thumbs\/thumbs_ACL-2015-04.JPG?t=1425749426\"\n\t\t\tdata-image-id=\"7413\"\n\t\t\tdata-image-name=\"ACL-2015-04.JPG\"\n\t\t\tdata-title=\"ACL-2015-04.JPG\"\n\t\t\tdata-description=\"\"\n\t\t\tdata-image-slug=\"acl-2015-04-jpg\"\n\t\t\t\t\t\t\t\t\t\t\t\t\t\t\t\t\t\t\t\tclass=\"ngg-simplelightbox\" rel=\"620e57878281e447834218d43f044ad0\">\n\t\t\t\t\t\t\t\t<img\n\t\t\t\t\ttitle=\"ACL-2015-04.JPG\"\n\t\t\t\t\talt=\"ACL-2015-04.JPG\"\n\t\t\t\t\tsrc=\"https:\/\/www.aclanester56.com\/velo\/wp-content\/gallery\/presentation-acl-2015-1ere-partie\/thumbs\/thumbs_ACL-2015-04.JPG?t=1425749426\"\n\t\t\t\t\twidth=\"100\"\n\t\t\t\t\theight=\"100\"\n\t\t\t\t\tstyle=\"max-width:100%;\"\n\t\t\t\t\/>\n\t\t\t<\/a>\n\t\t<\/div>\n\t\t\t\t\t\t\t<\/div>\n\t\t\t\n\t\t\t\t<div id=\"ngg-image-33\" class=\"ngg-gallery-thumbnail-box\n\t\t\t\t\t\t\t\t\t\t\t\"\n\t\t\t>\n\t\t\t\t\t\t<div class=\"ngg-gallery-thumbnail\">\n\t\t<a href=\"https:\/\/www.aclanester56.com\/velo\/wp-content\/gallery\/presentation-acl-2015-1ere-partie\/ACL-2015-08.JPG?t=1425749427\"\n\t\t\ttitle=\"\"\n\t\t\tdata-src=\"https:\/\/www.aclanester56.com\/velo\/wp-content\/gallery\/presentation-acl-2015-1ere-partie\/ACL-2015-08.JPG?t=1425749427\"\n\t\t\tdata-thumbnail=\"https:\/\/www.aclanester56.com\/velo\/wp-content\/gallery\/presentation-acl-2015-1ere-partie\/thumbs\/thumbs_ACL-2015-08.JPG?t=1425749427\"\n\t\t\tdata-image-id=\"7414\"\n\t\t\tdata-image-name=\"ACL-2015-08.JPG\"\n\t\t\tdata-title=\"ACL-2015-08.JPG\"\n\t\t\tdata-description=\"\"\n\t\t\tdata-image-slug=\"acl-2015-08-jpg\"\n\t\t\t\t\t\t\t\t\t\t\t\t\t\t\t\t\t\t\t\tclass=\"ngg-simplelightbox\" rel=\"620e57878281e447834218d43f044ad0\">\n\t\t\t\t\t\t\t\t<img\n\t\t\t\t\ttitle=\"ACL-2015-08.JPG\"\n\t\t\t\t\talt=\"ACL-2015-08.JPG\"\n\t\t\t\t\tsrc=\"https:\/\/www.aclanester56.com\/velo\/wp-content\/gallery\/presentation-acl-2015-1ere-partie\/thumbs\/thumbs_ACL-2015-08.JPG?t=1425749427\"\n\t\t\t\t\twidth=\"100\"\n\t\t\t\t\theight=\"100\"\n\t\t\t\t\tstyle=\"max-width:100%;\"\n\t\t\t\t\/>\n\t\t\t<\/a>\n\t\t<\/div>\n\t\t\t\t\t\t\t<\/div>\n\t\t\t\n\t\t\t\t<div id=\"ngg-image-34\" class=\"ngg-gallery-thumbnail-box\n\t\t\t\t\t\t\t\t\t\t\t\"\n\t\t\t>\n\t\t\t\t\t\t<div class=\"ngg-gallery-thumbnail\">\n\t\t<a href=\"https:\/\/www.aclanester56.com\/velo\/wp-content\/gallery\/presentation-acl-2015-1ere-partie\/ACL-2015-10.JPG?t=1425749430\"\n\t\t\ttitle=\"\"\n\t\t\tdata-src=\"https:\/\/www.aclanester56.com\/velo\/wp-content\/gallery\/presentation-acl-2015-1ere-partie\/ACL-2015-10.JPG?t=1425749430\"\n\t\t\tdata-thumbnail=\"https:\/\/www.aclanester56.com\/velo\/wp-content\/gallery\/presentation-acl-2015-1ere-partie\/thumbs\/thumbs_ACL-2015-10.JPG?t=1425749430\"\n\t\t\tdata-image-id=\"7415\"\n\t\t\tdata-image-name=\"ACL-2015-10.JPG\"\n\t\t\tdata-title=\"ACL-2015-10.JPG\"\n\t\t\tdata-description=\"\"\n\t\t\tdata-image-slug=\"acl-2015-10-jpg\"\n\t\t\t\t\t\t\t\t\t\t\t\t\t\t\t\t\t\t\t\tclass=\"ngg-simplelightbox\" rel=\"620e57878281e447834218d43f044ad0\">\n\t\t\t\t\t\t\t\t<img\n\t\t\t\t\ttitle=\"ACL-2015-10.JPG\"\n\t\t\t\t\talt=\"ACL-2015-10.JPG\"\n\t\t\t\t\tsrc=\"https:\/\/www.aclanester56.com\/velo\/wp-content\/gallery\/presentation-acl-2015-1ere-partie\/thumbs\/thumbs_ACL-2015-10.JPG?t=1425749430\"\n\t\t\t\t\twidth=\"100\"\n\t\t\t\t\theight=\"100\"\n\t\t\t\t\tstyle=\"max-width:100%;\"\n\t\t\t\t\/>\n\t\t\t<\/a>\n\t\t<\/div>\n\t\t\t\t\t\t\t<\/div>\n\t\t\t\n\t\t\t\t<div id=\"ngg-image-35\" class=\"ngg-gallery-thumbnail-box\n\t\t\t\t\t\t\t\t\t\t\t\"\n\t\t\t>\n\t\t\t\t\t\t<div class=\"ngg-gallery-thumbnail\">\n\t\t<a href=\"https:\/\/www.aclanester56.com\/velo\/wp-content\/gallery\/presentation-acl-2015-1ere-partie\/ACL-2015-14.JPG?t=1425749433\"\n\t\t\ttitle=\"\"\n\t\t\tdata-src=\"https:\/\/www.aclanester56.com\/velo\/wp-content\/gallery\/presentation-acl-2015-1ere-partie\/ACL-2015-14.JPG?t=1425749433\"\n\t\t\tdata-thumbnail=\"https:\/\/www.aclanester56.com\/velo\/wp-content\/gallery\/presentation-acl-2015-1ere-partie\/thumbs\/thumbs_ACL-2015-14.JPG?t=1425749433\"\n\t\t\tdata-image-id=\"7416\"\n\t\t\tdata-image-name=\"ACL-2015-14.JPG\"\n\t\t\tdata-title=\"ACL-2015-14.JPG\"\n\t\t\tdata-description=\"\"\n\t\t\tdata-image-slug=\"acl-2015-14-jpg\"\n\t\t\t\t\t\t\t\t\t\t\t\t\t\t\t\t\t\t\t\tclass=\"ngg-simplelightbox\" rel=\"620e57878281e447834218d43f044ad0\">\n\t\t\t\t\t\t\t\t<img\n\t\t\t\t\ttitle=\"ACL-2015-14.JPG\"\n\t\t\t\t\talt=\"ACL-2015-14.JPG\"\n\t\t\t\t\tsrc=\"https:\/\/www.aclanester56.com\/velo\/wp-content\/gallery\/presentation-acl-2015-1ere-partie\/thumbs\/thumbs_ACL-2015-14.JPG?t=1425749433\"\n\t\t\t\t\twidth=\"100\"\n\t\t\t\t\theight=\"100\"\n\t\t\t\t\tstyle=\"max-width:100%;\"\n\t\t\t\t\/>\n\t\t\t<\/a>\n\t\t<\/div>\n\t\t\t\t\t\t\t<\/div>\n\t\t\t\n\t\t\t\t<div id=\"ngg-image-36\" class=\"ngg-gallery-thumbnail-box\n\t\t\t\t\t\t\t\t\t\t\t\"\n\t\t\t>\n\t\t\t\t\t\t<div class=\"ngg-gallery-thumbnail\">\n\t\t<a href=\"https:\/\/www.aclanester56.com\/velo\/wp-content\/gallery\/presentation-acl-2015-1ere-partie\/ACL-2015-15.JPG?t=1425749435\"\n\t\t\ttitle=\"\"\n\t\t\tdata-src=\"https:\/\/www.aclanester56.com\/velo\/wp-content\/gallery\/presentation-acl-2015-1ere-partie\/ACL-2015-15.JPG?t=1425749435\"\n\t\t\tdata-thumbnail=\"https:\/\/www.aclanester56.com\/velo\/wp-content\/gallery\/presentation-acl-2015-1ere-partie\/thumbs\/thumbs_ACL-2015-15.JPG?t=1425749435\"\n\t\t\tdata-image-id=\"7417\"\n\t\t\tdata-image-name=\"ACL-2015-15.JPG\"\n\t\t\tdata-title=\"ACL-2015-15.JPG\"\n\t\t\tdata-description=\"\"\n\t\t\tdata-image-slug=\"acl-2015-15-jpg\"\n\t\t\t\t\t\t\t\t\t\t\t\t\t\t\t\t\t\t\t\tclass=\"ngg-simplelightbox\" rel=\"620e57878281e447834218d43f044ad0\">\n\t\t\t\t\t\t\t\t<img\n\t\t\t\t\ttitle=\"ACL-2015-15.JPG\"\n\t\t\t\t\talt=\"ACL-2015-15.JPG\"\n\t\t\t\t\tsrc=\"https:\/\/www.aclanester56.com\/velo\/wp-content\/gallery\/presentation-acl-2015-1ere-partie\/thumbs\/thumbs_ACL-2015-15.JPG?t=1425749435\"\n\t\t\t\t\twidth=\"100\"\n\t\t\t\t\theight=\"100\"\n\t\t\t\t\tstyle=\"max-width:100%;\"\n\t\t\t\t\/>\n\t\t\t<\/a>\n\t\t<\/div>\n\t\t\t\t\t\t\t<\/div>\n\t\t\t\n\t\t\t\t<div id=\"ngg-image-37\" class=\"ngg-gallery-thumbnail-box\n\t\t\t\t\t\t\t\t\t\t\t\"\n\t\t\t>\n\t\t\t\t\t\t<div class=\"ngg-gallery-thumbnail\">\n\t\t<a href=\"https:\/\/www.aclanester56.com\/velo\/wp-content\/gallery\/presentation-acl-2015-1ere-partie\/ACL-2015-16.JPG?t=1425749438\"\n\t\t\ttitle=\"\"\n\t\t\tdata-src=\"https:\/\/www.aclanester56.com\/velo\/wp-content\/gallery\/presentation-acl-2015-1ere-partie\/ACL-2015-16.JPG?t=1425749438\"\n\t\t\tdata-thumbnail=\"https:\/\/www.aclanester56.com\/velo\/wp-content\/gallery\/presentation-acl-2015-1ere-partie\/thumbs\/thumbs_ACL-2015-16.JPG?t=1425749438\"\n\t\t\tdata-image-id=\"7418\"\n\t\t\tdata-image-name=\"ACL-2015-16.JPG\"\n\t\t\tdata-title=\"ACL-2015-16.JPG\"\n\t\t\tdata-description=\"\"\n\t\t\tdata-image-slug=\"acl-2015-16-jpg\"\n\t\t\t\t\t\t\t\t\t\t\t\t\t\t\t\t\t\t\t\tclass=\"ngg-simplelightbox\" rel=\"620e57878281e447834218d43f044ad0\">\n\t\t\t\t\t\t\t\t<img\n\t\t\t\t\ttitle=\"ACL-2015-16.JPG\"\n\t\t\t\t\talt=\"ACL-2015-16.JPG\"\n\t\t\t\t\tsrc=\"https:\/\/www.aclanester56.com\/velo\/wp-content\/gallery\/presentation-acl-2015-1ere-partie\/thumbs\/thumbs_ACL-2015-16.JPG?t=1425749438\"\n\t\t\t\t\twidth=\"100\"\n\t\t\t\t\theight=\"100\"\n\t\t\t\t\tstyle=\"max-width:100%;\"\n\t\t\t\t\/>\n\t\t\t<\/a>\n\t\t<\/div>\n\t\t\t\t\t\t\t<\/div>\n\t\t\t\n\t\t\t\t<div id=\"ngg-image-38\" class=\"ngg-gallery-thumbnail-box\n\t\t\t\t\t\t\t\t\t\t\t\"\n\t\t\t>\n\t\t\t\t\t\t<div class=\"ngg-gallery-thumbnail\">\n\t\t<a href=\"https:\/\/www.aclanester56.com\/velo\/wp-content\/gallery\/presentation-acl-2015-1ere-partie\/ACL-2015-18.JPG?t=1425749440\"\n\t\t\ttitle=\"\"\n\t\t\tdata-src=\"https:\/\/www.aclanester56.com\/velo\/wp-content\/gallery\/presentation-acl-2015-1ere-partie\/ACL-2015-18.JPG?t=1425749440\"\n\t\t\tdata-thumbnail=\"https:\/\/www.aclanester56.com\/velo\/wp-content\/gallery\/presentation-acl-2015-1ere-partie\/thumbs\/thumbs_ACL-2015-18.JPG?t=1425749440\"\n\t\t\tdata-image-id=\"7419\"\n\t\t\tdata-image-name=\"ACL-2015-18.JPG\"\n\t\t\tdata-title=\"ACL-2015-18.JPG\"\n\t\t\tdata-description=\"\"\n\t\t\tdata-image-slug=\"acl-2015-18-jpg\"\n\t\t\t\t\t\t\t\t\t\t\t\t\t\t\t\t\t\t\t\tclass=\"ngg-simplelightbox\" rel=\"620e57878281e447834218d43f044ad0\">\n\t\t\t\t\t\t\t\t<img\n\t\t\t\t\ttitle=\"ACL-2015-18.JPG\"\n\t\t\t\t\talt=\"ACL-2015-18.JPG\"\n\t\t\t\t\tsrc=\"https:\/\/www.aclanester56.com\/velo\/wp-content\/gallery\/presentation-acl-2015-1ere-partie\/thumbs\/thumbs_ACL-2015-18.JPG?t=1425749440\"\n\t\t\t\t\twidth=\"100\"\n\t\t\t\t\theight=\"100\"\n\t\t\t\t\tstyle=\"max-width:100%;\"\n\t\t\t\t\/>\n\t\t\t<\/a>\n\t\t<\/div>\n\t\t\t\t\t\t\t<\/div>\n\t\t\t\n\t\t\t\t<div id=\"ngg-image-39\" class=\"ngg-gallery-thumbnail-box\n\t\t\t\t\t\t\t\t\t\t\t\"\n\t\t\t>\n\t\t\t\t\t\t<div class=\"ngg-gallery-thumbnail\">\n\t\t<a href=\"https:\/\/www.aclanester56.com\/velo\/wp-content\/gallery\/presentation-acl-2015-1ere-partie\/ACL-2015-19.JPG?t=1425749442\"\n\t\t\ttitle=\"\"\n\t\t\tdata-src=\"https:\/\/www.aclanester56.com\/velo\/wp-content\/gallery\/presentation-acl-2015-1ere-partie\/ACL-2015-19.JPG?t=1425749442\"\n\t\t\tdata-thumbnail=\"https:\/\/www.aclanester56.com\/velo\/wp-content\/gallery\/presentation-acl-2015-1ere-partie\/thumbs\/thumbs_ACL-2015-19.JPG?t=1425749442\"\n\t\t\tdata-image-id=\"7420\"\n\t\t\tdata-image-name=\"ACL-2015-19.JPG\"\n\t\t\tdata-title=\"ACL-2015-19.JPG\"\n\t\t\tdata-description=\"\"\n\t\t\tdata-image-slug=\"acl-2015-19-jpg\"\n\t\t\t\t\t\t\t\t\t\t\t\t\t\t\t\t\t\t\t\tclass=\"ngg-simplelightbox\" rel=\"620e57878281e447834218d43f044ad0\">\n\t\t\t\t\t\t\t\t<img\n\t\t\t\t\ttitle=\"ACL-2015-19.JPG\"\n\t\t\t\t\talt=\"ACL-2015-19.JPG\"\n\t\t\t\t\tsrc=\"https:\/\/www.aclanester56.com\/velo\/wp-content\/gallery\/presentation-acl-2015-1ere-partie\/thumbs\/thumbs_ACL-2015-19.JPG?t=1425749442\"\n\t\t\t\t\twidth=\"100\"\n\t\t\t\t\theight=\"100\"\n\t\t\t\t\tstyle=\"max-width:100%;\"\n\t\t\t\t\/>\n\t\t\t<\/a>\n\t\t<\/div>\n\t\t\t\t\t\t\t<\/div>\n\t\t\t\n\t\t\t\t<div id=\"ngg-image-40\" class=\"ngg-gallery-thumbnail-box\n\t\t\t\t\t\t\t\t\t\t\t\"\n\t\t\t>\n\t\t\t\t\t\t<div class=\"ngg-gallery-thumbnail\">\n\t\t<a href=\"https:\/\/www.aclanester56.com\/velo\/wp-content\/gallery\/presentation-acl-2015-1ere-partie\/ACL-2015-21.JPG?t=1425749445\"\n\t\t\ttitle=\"\"\n\t\t\tdata-src=\"https:\/\/www.aclanester56.com\/velo\/wp-content\/gallery\/presentation-acl-2015-1ere-partie\/ACL-2015-21.JPG?t=1425749445\"\n\t\t\tdata-thumbnail=\"https:\/\/www.aclanester56.com\/velo\/wp-content\/gallery\/presentation-acl-2015-1ere-partie\/thumbs\/thumbs_ACL-2015-21.JPG?t=1425749445\"\n\t\t\tdata-image-id=\"7421\"\n\t\t\tdata-image-name=\"ACL-2015-21.JPG\"\n\t\t\tdata-title=\"ACL-2015-21.JPG\"\n\t\t\tdata-description=\"\"\n\t\t\tdata-image-slug=\"acl-2015-21-jpg\"\n\t\t\t\t\t\t\t\t\t\t\t\t\t\t\t\t\t\t\t\tclass=\"ngg-simplelightbox\" rel=\"620e57878281e447834218d43f044ad0\">\n\t\t\t\t\t\t\t\t<img\n\t\t\t\t\ttitle=\"ACL-2015-21.JPG\"\n\t\t\t\t\talt=\"ACL-2015-21.JPG\"\n\t\t\t\t\tsrc=\"https:\/\/www.aclanester56.com\/velo\/wp-content\/gallery\/presentation-acl-2015-1ere-partie\/thumbs\/thumbs_ACL-2015-21.JPG?t=1425749445\"\n\t\t\t\t\twidth=\"100\"\n\t\t\t\t\theight=\"100\"\n\t\t\t\t\tstyle=\"max-width:100%;\"\n\t\t\t\t\/>\n\t\t\t<\/a>\n\t\t<\/div>\n\t\t\t\t\t\t\t<\/div>\n\t\t\t\n\t\t\t\t<div id=\"ngg-image-41\" class=\"ngg-gallery-thumbnail-box\n\t\t\t\t\t\t\t\t\t\t\t\"\n\t\t\t>\n\t\t\t\t\t\t<div class=\"ngg-gallery-thumbnail\">\n\t\t<a href=\"https:\/\/www.aclanester56.com\/velo\/wp-content\/gallery\/presentation-acl-2015-1ere-partie\/ACL-2015-24.JPG?t=1425749447\"\n\t\t\ttitle=\"\"\n\t\t\tdata-src=\"https:\/\/www.aclanester56.com\/velo\/wp-content\/gallery\/presentation-acl-2015-1ere-partie\/ACL-2015-24.JPG?t=1425749447\"\n\t\t\tdata-thumbnail=\"https:\/\/www.aclanester56.com\/velo\/wp-content\/gallery\/presentation-acl-2015-1ere-partie\/thumbs\/thumbs_ACL-2015-24.JPG?t=1425749447\"\n\t\t\tdata-image-id=\"7422\"\n\t\t\tdata-image-name=\"ACL-2015-24.JPG\"\n\t\t\tdata-title=\"ACL-2015-24.JPG\"\n\t\t\tdata-description=\"\"\n\t\t\tdata-image-slug=\"acl-2015-24-jpg\"\n\t\t\t\t\t\t\t\t\t\t\t\t\t\t\t\t\t\t\t\tclass=\"ngg-simplelightbox\" rel=\"620e57878281e447834218d43f044ad0\">\n\t\t\t\t\t\t\t\t<img\n\t\t\t\t\ttitle=\"ACL-2015-24.JPG\"\n\t\t\t\t\talt=\"ACL-2015-24.JPG\"\n\t\t\t\t\tsrc=\"https:\/\/www.aclanester56.com\/velo\/wp-content\/gallery\/presentation-acl-2015-1ere-partie\/thumbs\/thumbs_ACL-2015-24.JPG?t=1425749447\"\n\t\t\t\t\twidth=\"100\"\n\t\t\t\t\theight=\"100\"\n\t\t\t\t\tstyle=\"max-width:100%;\"\n\t\t\t\t\/>\n\t\t\t<\/a>\n\t\t<\/div>\n\t\t\t\t\t\t\t<\/div>\n\t\t\t\n\t\t\t\t<div id=\"ngg-image-42\" class=\"ngg-gallery-thumbnail-box\n\t\t\t\t\t\t\t\t\t\t\t\"\n\t\t\t>\n\t\t\t\t\t\t<div class=\"ngg-gallery-thumbnail\">\n\t\t<a href=\"https:\/\/www.aclanester56.com\/velo\/wp-content\/gallery\/presentation-acl-2015-1ere-partie\/ACL-2015-25.JPG?t=1425749450\"\n\t\t\ttitle=\"\"\n\t\t\tdata-src=\"https:\/\/www.aclanester56.com\/velo\/wp-content\/gallery\/presentation-acl-2015-1ere-partie\/ACL-2015-25.JPG?t=1425749450\"\n\t\t\tdata-thumbnail=\"https:\/\/www.aclanester56.com\/velo\/wp-content\/gallery\/presentation-acl-2015-1ere-partie\/thumbs\/thumbs_ACL-2015-25.JPG?t=1425749450\"\n\t\t\tdata-image-id=\"7423\"\n\t\t\tdata-image-name=\"ACL-2015-25.JPG\"\n\t\t\tdata-title=\"ACL-2015-25.JPG\"\n\t\t\tdata-description=\"\"\n\t\t\tdata-image-slug=\"acl-2015-25-jpg\"\n\t\t\t\t\t\t\t\t\t\t\t\t\t\t\t\t\t\t\t\tclass=\"ngg-simplelightbox\" rel=\"620e57878281e447834218d43f044ad0\">\n\t\t\t\t\t\t\t\t<img\n\t\t\t\t\ttitle=\"ACL-2015-25.JPG\"\n\t\t\t\t\talt=\"ACL-2015-25.JPG\"\n\t\t\t\t\tsrc=\"https:\/\/www.aclanester56.com\/velo\/wp-content\/gallery\/presentation-acl-2015-1ere-partie\/thumbs\/thumbs_ACL-2015-25.JPG?t=1425749450\"\n\t\t\t\t\twidth=\"100\"\n\t\t\t\t\theight=\"100\"\n\t\t\t\t\tstyle=\"max-width:100%;\"\n\t\t\t\t\/>\n\t\t\t<\/a>\n\t\t<\/div>\n\t\t\t\t\t\t\t<\/div>\n\t\t\t\n\t\t\t\t<div id=\"ngg-image-43\" class=\"ngg-gallery-thumbnail-box\n\t\t\t\t\t\t\t\t\t\t\t\"\n\t\t\t>\n\t\t\t\t\t\t<div class=\"ngg-gallery-thumbnail\">\n\t\t<a href=\"https:\/\/www.aclanester56.com\/velo\/wp-content\/gallery\/presentation-acl-2015-1ere-partie\/ACL-2015-32.JPG?t=1425749452\"\n\t\t\ttitle=\"\"\n\t\t\tdata-src=\"https:\/\/www.aclanester56.com\/velo\/wp-content\/gallery\/presentation-acl-2015-1ere-partie\/ACL-2015-32.JPG?t=1425749452\"\n\t\t\tdata-thumbnail=\"https:\/\/www.aclanester56.com\/velo\/wp-content\/gallery\/presentation-acl-2015-1ere-partie\/thumbs\/thumbs_ACL-2015-32.JPG?t=1425749452\"\n\t\t\tdata-image-id=\"7424\"\n\t\t\tdata-image-name=\"ACL-2015-32.JPG\"\n\t\t\tdata-title=\"ACL-2015-32.JPG\"\n\t\t\tdata-description=\"\"\n\t\t\tdata-image-slug=\"acl-2015-32-jpg\"\n\t\t\t\t\t\t\t\t\t\t\t\t\t\t\t\t\t\t\t\tclass=\"ngg-simplelightbox\" rel=\"620e57878281e447834218d43f044ad0\">\n\t\t\t\t\t\t\t\t<img\n\t\t\t\t\ttitle=\"ACL-2015-32.JPG\"\n\t\t\t\t\talt=\"ACL-2015-32.JPG\"\n\t\t\t\t\tsrc=\"https:\/\/www.aclanester56.com\/velo\/wp-content\/gallery\/presentation-acl-2015-1ere-partie\/thumbs\/thumbs_ACL-2015-32.JPG?t=1425749452\"\n\t\t\t\t\twidth=\"100\"\n\t\t\t\t\theight=\"100\"\n\t\t\t\t\tstyle=\"max-width:100%;\"\n\t\t\t\t\/>\n\t\t\t<\/a>\n\t\t<\/div>\n\t\t\t\t\t\t\t<\/div>\n\t\t\t\n\t\t\t\t<div id=\"ngg-image-44\" class=\"ngg-gallery-thumbnail-box\n\t\t\t\t\t\t\t\t\t\t\t\"\n\t\t\t>\n\t\t\t\t\t\t<div class=\"ngg-gallery-thumbnail\">\n\t\t<a href=\"https:\/\/www.aclanester56.com\/velo\/wp-content\/gallery\/presentation-acl-2015-1ere-partie\/ACL-2015-33.JPG?t=1425749454\"\n\t\t\ttitle=\"\"\n\t\t\tdata-src=\"https:\/\/www.aclanester56.com\/velo\/wp-content\/gallery\/presentation-acl-2015-1ere-partie\/ACL-2015-33.JPG?t=1425749454\"\n\t\t\tdata-thumbnail=\"https:\/\/www.aclanester56.com\/velo\/wp-content\/gallery\/presentation-acl-2015-1ere-partie\/thumbs\/thumbs_ACL-2015-33.JPG?t=1425749454\"\n\t\t\tdata-image-id=\"7425\"\n\t\t\tdata-image-name=\"ACL-2015-33.JPG\"\n\t\t\tdata-title=\"ACL-2015-33.JPG\"\n\t\t\tdata-description=\"\"\n\t\t\tdata-image-slug=\"acl-2015-33-jpg\"\n\t\t\t\t\t\t\t\t\t\t\t\t\t\t\t\t\t\t\t\tclass=\"ngg-simplelightbox\" rel=\"620e57878281e447834218d43f044ad0\">\n\t\t\t\t\t\t\t\t<img\n\t\t\t\t\ttitle=\"ACL-2015-33.JPG\"\n\t\t\t\t\talt=\"ACL-2015-33.JPG\"\n\t\t\t\t\tsrc=\"https:\/\/www.aclanester56.com\/velo\/wp-content\/gallery\/presentation-acl-2015-1ere-partie\/thumbs\/thumbs_ACL-2015-33.JPG?t=1425749454\"\n\t\t\t\t\twidth=\"100\"\n\t\t\t\t\theight=\"100\"\n\t\t\t\t\tstyle=\"max-width:100%;\"\n\t\t\t\t\/>\n\t\t\t<\/a>\n\t\t<\/div>\n\t\t\t\t\t\t\t<\/div>\n\t\t\t\n\t\t\t\t<div id=\"ngg-image-45\" class=\"ngg-gallery-thumbnail-box\n\t\t\t\t\t\t\t\t\t\t\t\"\n\t\t\t>\n\t\t\t\t\t\t<div class=\"ngg-gallery-thumbnail\">\n\t\t<a href=\"https:\/\/www.aclanester56.com\/velo\/wp-content\/gallery\/presentation-acl-2015-1ere-partie\/ACL-2015-34.JPG?t=1425749455\"\n\t\t\ttitle=\"\"\n\t\t\tdata-src=\"https:\/\/www.aclanester56.com\/velo\/wp-content\/gallery\/presentation-acl-2015-1ere-partie\/ACL-2015-34.JPG?t=1425749455\"\n\t\t\tdata-thumbnail=\"https:\/\/www.aclanester56.com\/velo\/wp-content\/gallery\/presentation-acl-2015-1ere-partie\/thumbs\/thumbs_ACL-2015-34.JPG?t=1425749455\"\n\t\t\tdata-image-id=\"7426\"\n\t\t\tdata-image-name=\"ACL-2015-34.JPG\"\n\t\t\tdata-title=\"ACL-2015-34.JPG\"\n\t\t\tdata-description=\"\"\n\t\t\tdata-image-slug=\"acl-2015-34-jpg\"\n\t\t\t\t\t\t\t\t\t\t\t\t\t\t\t\t\t\t\t\tclass=\"ngg-simplelightbox\" rel=\"620e57878281e447834218d43f044ad0\">\n\t\t\t\t\t\t\t\t<img\n\t\t\t\t\ttitle=\"ACL-2015-34.JPG\"\n\t\t\t\t\talt=\"ACL-2015-34.JPG\"\n\t\t\t\t\tsrc=\"https:\/\/www.aclanester56.com\/velo\/wp-content\/gallery\/presentation-acl-2015-1ere-partie\/thumbs\/thumbs_ACL-2015-34.JPG?t=1425749455\"\n\t\t\t\t\twidth=\"100\"\n\t\t\t\t\theight=\"100\"\n\t\t\t\t\tstyle=\"max-width:100%;\"\n\t\t\t\t\/>\n\t\t\t<\/a>\n\t\t<\/div>\n\t\t\t\t\t\t\t<\/div>\n\t\t\t\n\t\t\t\t<div id=\"ngg-image-46\" class=\"ngg-gallery-thumbnail-box\n\t\t\t\t\t\t\t\t\t\t\t\"\n\t\t\t>\n\t\t\t\t\t\t<div class=\"ngg-gallery-thumbnail\">\n\t\t<a href=\"https:\/\/www.aclanester56.com\/velo\/wp-content\/gallery\/presentation-acl-2015-1ere-partie\/ACL-2015-37.JPG?t=1425749457\"\n\t\t\ttitle=\"\"\n\t\t\tdata-src=\"https:\/\/www.aclanester56.com\/velo\/wp-content\/gallery\/presentation-acl-2015-1ere-partie\/ACL-2015-37.JPG?t=1425749457\"\n\t\t\tdata-thumbnail=\"https:\/\/www.aclanester56.com\/velo\/wp-content\/gallery\/presentation-acl-2015-1ere-partie\/thumbs\/thumbs_ACL-2015-37.JPG?t=1425749457\"\n\t\t\tdata-image-id=\"7427\"\n\t\t\tdata-image-name=\"ACL-2015-37.JPG\"\n\t\t\tdata-title=\"ACL-2015-37.JPG\"\n\t\t\tdata-description=\"\"\n\t\t\tdata-image-slug=\"acl-2015-37-jpg\"\n\t\t\t\t\t\t\t\t\t\t\t\t\t\t\t\t\t\t\t\tclass=\"ngg-simplelightbox\" rel=\"620e57878281e447834218d43f044ad0\">\n\t\t\t\t\t\t\t\t<img\n\t\t\t\t\ttitle=\"ACL-2015-37.JPG\"\n\t\t\t\t\talt=\"ACL-2015-37.JPG\"\n\t\t\t\t\tsrc=\"https:\/\/www.aclanester56.com\/velo\/wp-content\/gallery\/presentation-acl-2015-1ere-partie\/thumbs\/thumbs_ACL-2015-37.JPG?t=1425749457\"\n\t\t\t\t\twidth=\"100\"\n\t\t\t\t\theight=\"100\"\n\t\t\t\t\tstyle=\"max-width:100%;\"\n\t\t\t\t\/>\n\t\t\t<\/a>\n\t\t<\/div>\n\t\t\t\t\t\t\t<\/div>\n\t\t\t\n\t\t\t\t<div id=\"ngg-image-47\" class=\"ngg-gallery-thumbnail-box\n\t\t\t\t\t\t\t\t\t\t\t\"\n\t\t\t>\n\t\t\t\t\t\t<div class=\"ngg-gallery-thumbnail\">\n\t\t<a href=\"https:\/\/www.aclanester56.com\/velo\/wp-content\/gallery\/presentation-acl-2015-1ere-partie\/ACL-2015-02.JPG?t=1598627062\"\n\t\t\ttitle=\"\"\n\t\t\tdata-src=\"https:\/\/www.aclanester56.com\/velo\/wp-content\/gallery\/presentation-acl-2015-1ere-partie\/ACL-2015-02.JPG?t=1598627062\"\n\t\t\tdata-thumbnail=\"https:\/\/www.aclanester56.com\/velo\/wp-content\/gallery\/presentation-acl-2015-1ere-partie\/thumbs\/thumbs_ACL-2015-02.JPG?t=1598627062\"\n\t\t\tdata-image-id=\"7412\"\n\t\t\tdata-image-name=\"ACL-2015-02.JPG\"\n\t\t\tdata-title=\"ACL-2015-02.JPG\"\n\t\t\tdata-description=\"\"\n\t\t\tdata-image-slug=\"acl-2015-02-jpg\"\n\t\t\t\t\t\t\t\t\t\t\t\t\t\t\t\t\t\t\t\tclass=\"ngg-simplelightbox\" rel=\"620e57878281e447834218d43f044ad0\">\n\t\t\t\t\t\t\t\t<img\n\t\t\t\t\ttitle=\"ACL-2015-02.JPG\"\n\t\t\t\t\talt=\"ACL-2015-02.JPG\"\n\t\t\t\t\tsrc=\"https:\/\/www.aclanester56.com\/velo\/wp-content\/gallery\/presentation-acl-2015-1ere-partie\/thumbs\/thumbs_ACL-2015-02.JPG?t=1598627062\"\n\t\t\t\t\twidth=\"100\"\n\t\t\t\t\theight=\"100\"\n\t\t\t\t\tstyle=\"max-width:100%;\"\n\t\t\t\t\/>\n\t\t\t<\/a>\n\t\t<\/div>\n\t\t\t\t\t\t\t<\/div>\n\t\t\t\n\t\t\t\t<div id=\"ngg-image-48\" class=\"ngg-gallery-thumbnail-box\n\t\t\t\t\t\t\t\t\t\t\t\"\n\t\t\t>\n\t\t\t\t\t\t<div class=\"ngg-gallery-thumbnail\">\n\t\t<a href=\"https:\/\/www.aclanester56.com\/velo\/wp-content\/gallery\/presentation-acl-2015-1ere-partie\/ACL-2015-39.JPG?t=1425749461\"\n\t\t\ttitle=\"\"\n\t\t\tdata-src=\"https:\/\/www.aclanester56.com\/velo\/wp-content\/gallery\/presentation-acl-2015-1ere-partie\/ACL-2015-39.JPG?t=1425749461\"\n\t\t\tdata-thumbnail=\"https:\/\/www.aclanester56.com\/velo\/wp-content\/gallery\/presentation-acl-2015-1ere-partie\/thumbs\/thumbs_ACL-2015-39.JPG?t=1425749461\"\n\t\t\tdata-image-id=\"7429\"\n\t\t\tdata-image-name=\"ACL-2015-39.JPG\"\n\t\t\tdata-title=\"ACL-2015-39.JPG\"\n\t\t\tdata-description=\"\"\n\t\t\tdata-image-slug=\"acl-2015-39-jpg\"\n\t\t\t\t\t\t\t\t\t\t\t\t\t\t\t\t\t\t\t\tclass=\"ngg-simplelightbox\" rel=\"620e57878281e447834218d43f044ad0\">\n\t\t\t\t\t\t\t\t<img\n\t\t\t\t\ttitle=\"ACL-2015-39.JPG\"\n\t\t\t\t\talt=\"ACL-2015-39.JPG\"\n\t\t\t\t\tsrc=\"https:\/\/www.aclanester56.com\/velo\/wp-content\/gallery\/presentation-acl-2015-1ere-partie\/thumbs\/thumbs_ACL-2015-39.JPG?t=1425749461\"\n\t\t\t\t\twidth=\"100\"\n\t\t\t\t\theight=\"100\"\n\t\t\t\t\tstyle=\"max-width:100%;\"\n\t\t\t\t\/>\n\t\t\t<\/a>\n\t\t<\/div>\n\t\t\t\t\t\t\t<\/div>\n\t\t\t\n\t\t\t\t<div id=\"ngg-image-49\" class=\"ngg-gallery-thumbnail-box\n\t\t\t\t\t\t\t\t\t\t\t\"\n\t\t\t>\n\t\t\t\t\t\t<div class=\"ngg-gallery-thumbnail\">\n\t\t<a href=\"https:\/\/www.aclanester56.com\/velo\/wp-content\/gallery\/presentation-acl-2015-1ere-partie\/ACL-2015-40.JPG?t=1425749463\"\n\t\t\ttitle=\"\"\n\t\t\tdata-src=\"https:\/\/www.aclanester56.com\/velo\/wp-content\/gallery\/presentation-acl-2015-1ere-partie\/ACL-2015-40.JPG?t=1425749463\"\n\t\t\tdata-thumbnail=\"https:\/\/www.aclanester56.com\/velo\/wp-content\/gallery\/presentation-acl-2015-1ere-partie\/thumbs\/thumbs_ACL-2015-40.JPG?t=1425749463\"\n\t\t\tdata-image-id=\"7430\"\n\t\t\tdata-image-name=\"ACL-2015-40.JPG\"\n\t\t\tdata-title=\"ACL-2015-40.JPG\"\n\t\t\tdata-description=\"\"\n\t\t\tdata-image-slug=\"acl-2015-40-jpg\"\n\t\t\t\t\t\t\t\t\t\t\t\t\t\t\t\t\t\t\t\tclass=\"ngg-simplelightbox\" rel=\"620e57878281e447834218d43f044ad0\">\n\t\t\t\t\t\t\t\t<img\n\t\t\t\t\ttitle=\"ACL-2015-40.JPG\"\n\t\t\t\t\talt=\"ACL-2015-40.JPG\"\n\t\t\t\t\tsrc=\"https:\/\/www.aclanester56.com\/velo\/wp-content\/gallery\/presentation-acl-2015-1ere-partie\/thumbs\/thumbs_ACL-2015-40.JPG?t=1425749463\"\n\t\t\t\t\twidth=\"100\"\n\t\t\t\t\theight=\"100\"\n\t\t\t\t\tstyle=\"max-width:100%;\"\n\t\t\t\t\/>\n\t\t\t<\/a>\n\t\t<\/div>\n\t\t\t\t\t\t\t<\/div>\n\t\t\t\n\t\t\t\t<div id=\"ngg-image-50\" class=\"ngg-gallery-thumbnail-box\n\t\t\t\t\t\t\t\t\t\t\t\"\n\t\t\t>\n\t\t\t\t\t\t<div class=\"ngg-gallery-thumbnail\">\n\t\t<a href=\"https:\/\/www.aclanester56.com\/velo\/wp-content\/gallery\/presentation-acl-2015-1ere-partie\/ACL-2015-41.JPG?t=1425749465\"\n\t\t\ttitle=\"\"\n\t\t\tdata-src=\"https:\/\/www.aclanester56.com\/velo\/wp-content\/gallery\/presentation-acl-2015-1ere-partie\/ACL-2015-41.JPG?t=1425749465\"\n\t\t\tdata-thumbnail=\"https:\/\/www.aclanester56.com\/velo\/wp-content\/gallery\/presentation-acl-2015-1ere-partie\/thumbs\/thumbs_ACL-2015-41.JPG?t=1425749465\"\n\t\t\tdata-image-id=\"7431\"\n\t\t\tdata-image-name=\"ACL-2015-41.JPG\"\n\t\t\tdata-title=\"ACL-2015-41.JPG\"\n\t\t\tdata-description=\"\"\n\t\t\tdata-image-slug=\"acl-2015-41-jpg\"\n\t\t\t\t\t\t\t\t\t\t\t\t\t\t\t\t\t\t\t\tclass=\"ngg-simplelightbox\" rel=\"620e57878281e447834218d43f044ad0\">\n\t\t\t\t\t\t\t\t<img\n\t\t\t\t\ttitle=\"ACL-2015-41.JPG\"\n\t\t\t\t\talt=\"ACL-2015-41.JPG\"\n\t\t\t\t\tsrc=\"https:\/\/www.aclanester56.com\/velo\/wp-content\/gallery\/presentation-acl-2015-1ere-partie\/thumbs\/thumbs_ACL-2015-41.JPG?t=1425749465\"\n\t\t\t\t\twidth=\"100\"\n\t\t\t\t\theight=\"100\"\n\t\t\t\t\tstyle=\"max-width:100%;\"\n\t\t\t\t\/>\n\t\t\t<\/a>\n\t\t<\/div>\n\t\t\t\t\t\t\t<\/div>\n\t\t\t\n\t\t\t\t<div id=\"ngg-image-51\" class=\"ngg-gallery-thumbnail-box\n\t\t\t\t\t\t\t\t\t\t\t\"\n\t\t\t>\n\t\t\t\t\t\t<div class=\"ngg-gallery-thumbnail\">\n\t\t<a href=\"https:\/\/www.aclanester56.com\/velo\/wp-content\/gallery\/presentation-acl-2015-1ere-partie\/ACL-2015-42.JPG?t=1425749467\"\n\t\t\ttitle=\"\"\n\t\t\tdata-src=\"https:\/\/www.aclanester56.com\/velo\/wp-content\/gallery\/presentation-acl-2015-1ere-partie\/ACL-2015-42.JPG?t=1425749467\"\n\t\t\tdata-thumbnail=\"https:\/\/www.aclanester56.com\/velo\/wp-content\/gallery\/presentation-acl-2015-1ere-partie\/thumbs\/thumbs_ACL-2015-42.JPG?t=1425749467\"\n\t\t\tdata-image-id=\"7432\"\n\t\t\tdata-image-name=\"ACL-2015-42.JPG\"\n\t\t\tdata-title=\"ACL-2015-42.JPG\"\n\t\t\tdata-description=\"\"\n\t\t\tdata-image-slug=\"acl-2015-42-jpg\"\n\t\t\t\t\t\t\t\t\t\t\t\t\t\t\t\t\t\t\t\tclass=\"ngg-simplelightbox\" rel=\"620e57878281e447834218d43f044ad0\">\n\t\t\t\t\t\t\t\t<img\n\t\t\t\t\ttitle=\"ACL-2015-42.JPG\"\n\t\t\t\t\talt=\"ACL-2015-42.JPG\"\n\t\t\t\t\tsrc=\"https:\/\/www.aclanester56.com\/velo\/wp-content\/gallery\/presentation-acl-2015-1ere-partie\/thumbs\/thumbs_ACL-2015-42.JPG?t=1425749467\"\n\t\t\t\t\twidth=\"100\"\n\t\t\t\t\theight=\"100\"\n\t\t\t\t\tstyle=\"max-width:100%;\"\n\t\t\t\t\/>\n\t\t\t<\/a>\n\t\t<\/div>\n\t\t\t\t\t\t\t<\/div>\n\t\t\t\n\t\t\t\t<div id=\"ngg-image-52\" class=\"ngg-gallery-thumbnail-box\n\t\t\t\t\t\t\t\t\t\t\t\"\n\t\t\t>\n\t\t\t\t\t\t<div class=\"ngg-gallery-thumbnail\">\n\t\t<a href=\"https:\/\/www.aclanester56.com\/velo\/wp-content\/gallery\/presentation-acl-2015-1ere-partie\/ACL-2015-44.JPG?t=1425749470\"\n\t\t\ttitle=\"\"\n\t\t\tdata-src=\"https:\/\/www.aclanester56.com\/velo\/wp-content\/gallery\/presentation-acl-2015-1ere-partie\/ACL-2015-44.JPG?t=1425749470\"\n\t\t\tdata-thumbnail=\"https:\/\/www.aclanester56.com\/velo\/wp-content\/gallery\/presentation-acl-2015-1ere-partie\/thumbs\/thumbs_ACL-2015-44.JPG?t=1425749470\"\n\t\t\tdata-image-id=\"7433\"\n\t\t\tdata-image-name=\"ACL-2015-44.JPG\"\n\t\t\tdata-title=\"ACL-2015-44.JPG\"\n\t\t\tdata-description=\"\"\n\t\t\tdata-image-slug=\"acl-2015-44-jpg\"\n\t\t\t\t\t\t\t\t\t\t\t\t\t\t\t\t\t\t\t\tclass=\"ngg-simplelightbox\" rel=\"620e57878281e447834218d43f044ad0\">\n\t\t\t\t\t\t\t\t<img\n\t\t\t\t\ttitle=\"ACL-2015-44.JPG\"\n\t\t\t\t\talt=\"ACL-2015-44.JPG\"\n\t\t\t\t\tsrc=\"https:\/\/www.aclanester56.com\/velo\/wp-content\/gallery\/presentation-acl-2015-1ere-partie\/thumbs\/thumbs_ACL-2015-44.JPG?t=1425749470\"\n\t\t\t\t\twidth=\"100\"\n\t\t\t\t\theight=\"100\"\n\t\t\t\t\tstyle=\"max-width:100%;\"\n\t\t\t\t\/>\n\t\t\t<\/a>\n\t\t<\/div>\n\t\t\t\t\t\t\t<\/div>\n\t\t\t\n\t\t\t\t<div id=\"ngg-image-53\" class=\"ngg-gallery-thumbnail-box\n\t\t\t\t\t\t\t\t\t\t\t\"\n\t\t\t>\n\t\t\t\t\t\t<div class=\"ngg-gallery-thumbnail\">\n\t\t<a href=\"https:\/\/www.aclanester56.com\/velo\/wp-content\/gallery\/presentation-acl-2015-1ere-partie\/ACL-2015-46.JPG?t=1425749472\"\n\t\t\ttitle=\"\"\n\t\t\tdata-src=\"https:\/\/www.aclanester56.com\/velo\/wp-content\/gallery\/presentation-acl-2015-1ere-partie\/ACL-2015-46.JPG?t=1425749472\"\n\t\t\tdata-thumbnail=\"https:\/\/www.aclanester56.com\/velo\/wp-content\/gallery\/presentation-acl-2015-1ere-partie\/thumbs\/thumbs_ACL-2015-46.JPG?t=1425749472\"\n\t\t\tdata-image-id=\"7434\"\n\t\t\tdata-image-name=\"ACL-2015-46.JPG\"\n\t\t\tdata-title=\"ACL-2015-46.JPG\"\n\t\t\tdata-description=\"\"\n\t\t\tdata-image-slug=\"acl-2015-46-jpg\"\n\t\t\t\t\t\t\t\t\t\t\t\t\t\t\t\t\t\t\t\tclass=\"ngg-simplelightbox\" rel=\"620e57878281e447834218d43f044ad0\">\n\t\t\t\t\t\t\t\t<img\n\t\t\t\t\ttitle=\"ACL-2015-46.JPG\"\n\t\t\t\t\talt=\"ACL-2015-46.JPG\"\n\t\t\t\t\tsrc=\"https:\/\/www.aclanester56.com\/velo\/wp-content\/gallery\/presentation-acl-2015-1ere-partie\/thumbs\/thumbs_ACL-2015-46.JPG?t=1425749472\"\n\t\t\t\t\twidth=\"100\"\n\t\t\t\t\theight=\"100\"\n\t\t\t\t\tstyle=\"max-width:100%;\"\n\t\t\t\t\/>\n\t\t\t<\/a>\n\t\t<\/div>\n\t\t\t\t\t\t\t<\/div>\n\t\t\t\n\t\t\t\t<div id=\"ngg-image-54\" class=\"ngg-gallery-thumbnail-box\n\t\t\t\t\t\t\t\t\t\t\t\"\n\t\t\t>\n\t\t\t\t\t\t<div class=\"ngg-gallery-thumbnail\">\n\t\t<a href=\"https:\/\/www.aclanester56.com\/velo\/wp-content\/gallery\/presentation-acl-2015-1ere-partie\/ACL-2015-47.JPG?t=1425749474\"\n\t\t\ttitle=\"\"\n\t\t\tdata-src=\"https:\/\/www.aclanester56.com\/velo\/wp-content\/gallery\/presentation-acl-2015-1ere-partie\/ACL-2015-47.JPG?t=1425749474\"\n\t\t\tdata-thumbnail=\"https:\/\/www.aclanester56.com\/velo\/wp-content\/gallery\/presentation-acl-2015-1ere-partie\/thumbs\/thumbs_ACL-2015-47.JPG?t=1425749474\"\n\t\t\tdata-image-id=\"7435\"\n\t\t\tdata-image-name=\"ACL-2015-47.JPG\"\n\t\t\tdata-title=\"ACL-2015-47.JPG\"\n\t\t\tdata-description=\"\"\n\t\t\tdata-image-slug=\"acl-2015-47-jpg\"\n\t\t\t\t\t\t\t\t\t\t\t\t\t\t\t\t\t\t\t\tclass=\"ngg-simplelightbox\" rel=\"620e57878281e447834218d43f044ad0\">\n\t\t\t\t\t\t\t\t<img\n\t\t\t\t\ttitle=\"ACL-2015-47.JPG\"\n\t\t\t\t\talt=\"ACL-2015-47.JPG\"\n\t\t\t\t\tsrc=\"https:\/\/www.aclanester56.com\/velo\/wp-content\/gallery\/presentation-acl-2015-1ere-partie\/thumbs\/thumbs_ACL-2015-47.JPG?t=1425749474\"\n\t\t\t\t\twidth=\"100\"\n\t\t\t\t\theight=\"100\"\n\t\t\t\t\tstyle=\"max-width:100%;\"\n\t\t\t\t\/>\n\t\t\t<\/a>\n\t\t<\/div>\n\t\t\t\t\t\t\t<\/div>\n\t\t\t\n\t\t\t\t<div id=\"ngg-image-55\" class=\"ngg-gallery-thumbnail-box\n\t\t\t\t\t\t\t\t\t\t\t\"\n\t\t\t>\n\t\t\t\t\t\t<div class=\"ngg-gallery-thumbnail\">\n\t\t<a href=\"https:\/\/www.aclanester56.com\/velo\/wp-content\/gallery\/presentation-acl-2015-1ere-partie\/ACL-2015-48.JPG?t=1425749476\"\n\t\t\ttitle=\"\"\n\t\t\tdata-src=\"https:\/\/www.aclanester56.com\/velo\/wp-content\/gallery\/presentation-acl-2015-1ere-partie\/ACL-2015-48.JPG?t=1425749476\"\n\t\t\tdata-thumbnail=\"https:\/\/www.aclanester56.com\/velo\/wp-content\/gallery\/presentation-acl-2015-1ere-partie\/thumbs\/thumbs_ACL-2015-48.JPG?t=1425749476\"\n\t\t\tdata-image-id=\"7436\"\n\t\t\tdata-image-name=\"ACL-2015-48.JPG\"\n\t\t\tdata-title=\"ACL-2015-48.JPG\"\n\t\t\tdata-description=\"\"\n\t\t\tdata-image-slug=\"acl-2015-48-jpg\"\n\t\t\t\t\t\t\t\t\t\t\t\t\t\t\t\t\t\t\t\tclass=\"ngg-simplelightbox\" rel=\"620e57878281e447834218d43f044ad0\">\n\t\t\t\t\t\t\t\t<img\n\t\t\t\t\ttitle=\"ACL-2015-48.JPG\"\n\t\t\t\t\talt=\"ACL-2015-48.JPG\"\n\t\t\t\t\tsrc=\"https:\/\/www.aclanester56.com\/velo\/wp-content\/gallery\/presentation-acl-2015-1ere-partie\/thumbs\/thumbs_ACL-2015-48.JPG?t=1425749476\"\n\t\t\t\t\twidth=\"100\"\n\t\t\t\t\theight=\"100\"\n\t\t\t\t\tstyle=\"max-width:100%;\"\n\t\t\t\t\/>\n\t\t\t<\/a>\n\t\t<\/div>\n\t\t\t\t\t\t\t<\/div>\n\t\t\t\n\t\t\t\t<div id=\"ngg-image-56\" class=\"ngg-gallery-thumbnail-box\n\t\t\t\t\t\t\t\t\t\t\t\"\n\t\t\t>\n\t\t\t\t\t\t<div class=\"ngg-gallery-thumbnail\">\n\t\t<a href=\"https:\/\/www.aclanester56.com\/velo\/wp-content\/gallery\/presentation-acl-2015-1ere-partie\/ACL-2015-49.JPG?t=1425749478\"\n\t\t\ttitle=\"\"\n\t\t\tdata-src=\"https:\/\/www.aclanester56.com\/velo\/wp-content\/gallery\/presentation-acl-2015-1ere-partie\/ACL-2015-49.JPG?t=1425749478\"\n\t\t\tdata-thumbnail=\"https:\/\/www.aclanester56.com\/velo\/wp-content\/gallery\/presentation-acl-2015-1ere-partie\/thumbs\/thumbs_ACL-2015-49.JPG?t=1425749478\"\n\t\t\tdata-image-id=\"7437\"\n\t\t\tdata-image-name=\"ACL-2015-49.JPG\"\n\t\t\tdata-title=\"ACL-2015-49.JPG\"\n\t\t\tdata-description=\"\"\n\t\t\tdata-image-slug=\"acl-2015-49-jpg\"\n\t\t\t\t\t\t\t\t\t\t\t\t\t\t\t\t\t\t\t\tclass=\"ngg-simplelightbox\" rel=\"620e57878281e447834218d43f044ad0\">\n\t\t\t\t\t\t\t\t<img\n\t\t\t\t\ttitle=\"ACL-2015-49.JPG\"\n\t\t\t\t\talt=\"ACL-2015-49.JPG\"\n\t\t\t\t\tsrc=\"https:\/\/www.aclanester56.com\/velo\/wp-content\/gallery\/presentation-acl-2015-1ere-partie\/thumbs\/thumbs_ACL-2015-49.JPG?t=1425749478\"\n\t\t\t\t\twidth=\"100\"\n\t\t\t\t\theight=\"100\"\n\t\t\t\t\tstyle=\"max-width:100%;\"\n\t\t\t\t\/>\n\t\t\t<\/a>\n\t\t<\/div>\n\t\t\t\t\t\t\t<\/div>\n\t\t\t\n\t\t\t\t<div id=\"ngg-image-57\" class=\"ngg-gallery-thumbnail-box\n\t\t\t\t\t\t\t\t\t\t\t\"\n\t\t\t>\n\t\t\t\t\t\t<div class=\"ngg-gallery-thumbnail\">\n\t\t<a href=\"https:\/\/www.aclanester56.com\/velo\/wp-content\/gallery\/presentation-acl-2015-1ere-partie\/ACL-2015-50.JPG?t=1425749480\"\n\t\t\ttitle=\"\"\n\t\t\tdata-src=\"https:\/\/www.aclanester56.com\/velo\/wp-content\/gallery\/presentation-acl-2015-1ere-partie\/ACL-2015-50.JPG?t=1425749480\"\n\t\t\tdata-thumbnail=\"https:\/\/www.aclanester56.com\/velo\/wp-content\/gallery\/presentation-acl-2015-1ere-partie\/thumbs\/thumbs_ACL-2015-50.JPG?t=1425749480\"\n\t\t\tdata-image-id=\"7438\"\n\t\t\tdata-image-name=\"ACL-2015-50.JPG\"\n\t\t\tdata-title=\"ACL-2015-50.JPG\"\n\t\t\tdata-description=\"\"\n\t\t\tdata-image-slug=\"acl-2015-50-jpg\"\n\t\t\t\t\t\t\t\t\t\t\t\t\t\t\t\t\t\t\t\tclass=\"ngg-simplelightbox\" rel=\"620e57878281e447834218d43f044ad0\">\n\t\t\t\t\t\t\t\t<img\n\t\t\t\t\ttitle=\"ACL-2015-50.JPG\"\n\t\t\t\t\talt=\"ACL-2015-50.JPG\"\n\t\t\t\t\tsrc=\"https:\/\/www.aclanester56.com\/velo\/wp-content\/gallery\/presentation-acl-2015-1ere-partie\/thumbs\/thumbs_ACL-2015-50.JPG?t=1425749480\"\n\t\t\t\t\twidth=\"100\"\n\t\t\t\t\theight=\"100\"\n\t\t\t\t\tstyle=\"max-width:100%;\"\n\t\t\t\t\/>\n\t\t\t<\/a>\n\t\t<\/div>\n\t\t\t\t\t\t\t<\/div>\n\t\t\t\n\t\t\t\t<div id=\"ngg-image-58\" class=\"ngg-gallery-thumbnail-box\n\t\t\t\t\t\t\t\t\t\t\t\"\n\t\t\t>\n\t\t\t\t\t\t<div class=\"ngg-gallery-thumbnail\">\n\t\t<a href=\"https:\/\/www.aclanester56.com\/velo\/wp-content\/gallery\/presentation-acl-2015-1ere-partie\/ACL-2015-51.JPG?t=1425749482\"\n\t\t\ttitle=\"\"\n\t\t\tdata-src=\"https:\/\/www.aclanester56.com\/velo\/wp-content\/gallery\/presentation-acl-2015-1ere-partie\/ACL-2015-51.JPG?t=1425749482\"\n\t\t\tdata-thumbnail=\"https:\/\/www.aclanester56.com\/velo\/wp-content\/gallery\/presentation-acl-2015-1ere-partie\/thumbs\/thumbs_ACL-2015-51.JPG?t=1425749482\"\n\t\t\tdata-image-id=\"7439\"\n\t\t\tdata-image-name=\"ACL-2015-51.JPG\"\n\t\t\tdata-title=\"ACL-2015-51.JPG\"\n\t\t\tdata-description=\"\"\n\t\t\tdata-image-slug=\"acl-2015-51-jpg\"\n\t\t\t\t\t\t\t\t\t\t\t\t\t\t\t\t\t\t\t\tclass=\"ngg-simplelightbox\" rel=\"620e57878281e447834218d43f044ad0\">\n\t\t\t\t\t\t\t\t<img\n\t\t\t\t\ttitle=\"ACL-2015-51.JPG\"\n\t\t\t\t\talt=\"ACL-2015-51.JPG\"\n\t\t\t\t\tsrc=\"https:\/\/www.aclanester56.com\/velo\/wp-content\/gallery\/presentation-acl-2015-1ere-partie\/thumbs\/thumbs_ACL-2015-51.JPG?t=1425749482\"\n\t\t\t\t\twidth=\"100\"\n\t\t\t\t\theight=\"100\"\n\t\t\t\t\tstyle=\"max-width:100%;\"\n\t\t\t\t\/>\n\t\t\t<\/a>\n\t\t<\/div>\n\t\t\t\t\t\t\t<\/div>\n\t\t\t\n\t\t\t\t<div id=\"ngg-image-59\" class=\"ngg-gallery-thumbnail-box\n\t\t\t\t\t\t\t\t\t\t\t\"\n\t\t\t>\n\t\t\t\t\t\t<div class=\"ngg-gallery-thumbnail\">\n\t\t<a href=\"https:\/\/www.aclanester56.com\/velo\/wp-content\/gallery\/presentation-acl-2015-1ere-partie\/ACL-2015-52.JPG?t=1425749484\"\n\t\t\ttitle=\"\"\n\t\t\tdata-src=\"https:\/\/www.aclanester56.com\/velo\/wp-content\/gallery\/presentation-acl-2015-1ere-partie\/ACL-2015-52.JPG?t=1425749484\"\n\t\t\tdata-thumbnail=\"https:\/\/www.aclanester56.com\/velo\/wp-content\/gallery\/presentation-acl-2015-1ere-partie\/thumbs\/thumbs_ACL-2015-52.JPG?t=1425749484\"\n\t\t\tdata-image-id=\"7440\"\n\t\t\tdata-image-name=\"ACL-2015-52.JPG\"\n\t\t\tdata-title=\"ACL-2015-52.JPG\"\n\t\t\tdata-description=\"\"\n\t\t\tdata-image-slug=\"acl-2015-52-jpg\"\n\t\t\t\t\t\t\t\t\t\t\t\t\t\t\t\t\t\t\t\tclass=\"ngg-simplelightbox\" rel=\"620e57878281e447834218d43f044ad0\">\n\t\t\t\t\t\t\t\t<img\n\t\t\t\t\ttitle=\"ACL-2015-52.JPG\"\n\t\t\t\t\talt=\"ACL-2015-52.JPG\"\n\t\t\t\t\tsrc=\"https:\/\/www.aclanester56.com\/velo\/wp-content\/gallery\/presentation-acl-2015-1ere-partie\/thumbs\/thumbs_ACL-2015-52.JPG?t=1425749484\"\n\t\t\t\t\twidth=\"100\"\n\t\t\t\t\theight=\"100\"\n\t\t\t\t\tstyle=\"max-width:100%;\"\n\t\t\t\t\/>\n\t\t\t<\/a>\n\t\t<\/div>\n\t\t\t\t\t\t\t<\/div>\n\t\t\t\n\t\t\t\t<div id=\"ngg-image-60\" class=\"ngg-gallery-thumbnail-box\n\t\t\t\t\t\t\t\t\t\t\t\"\n\t\t\t>\n\t\t\t\t\t\t<div class=\"ngg-gallery-thumbnail\">\n\t\t<a href=\"https:\/\/www.aclanester56.com\/velo\/wp-content\/gallery\/presentation-acl-2015-1ere-partie\/ACL-2015-57.JPG?t=1425749486\"\n\t\t\ttitle=\"\"\n\t\t\tdata-src=\"https:\/\/www.aclanester56.com\/velo\/wp-content\/gallery\/presentation-acl-2015-1ere-partie\/ACL-2015-57.JPG?t=1425749486\"\n\t\t\tdata-thumbnail=\"https:\/\/www.aclanester56.com\/velo\/wp-content\/gallery\/presentation-acl-2015-1ere-partie\/thumbs\/thumbs_ACL-2015-57.JPG?t=1425749486\"\n\t\t\tdata-image-id=\"7441\"\n\t\t\tdata-image-name=\"ACL-2015-57.JPG\"\n\t\t\tdata-title=\"ACL-2015-57.JPG\"\n\t\t\tdata-description=\"\"\n\t\t\tdata-image-slug=\"acl-2015-57-jpg\"\n\t\t\t\t\t\t\t\t\t\t\t\t\t\t\t\t\t\t\t\tclass=\"ngg-simplelightbox\" rel=\"620e57878281e447834218d43f044ad0\">\n\t\t\t\t\t\t\t\t<img\n\t\t\t\t\ttitle=\"ACL-2015-57.JPG\"\n\t\t\t\t\talt=\"ACL-2015-57.JPG\"\n\t\t\t\t\tsrc=\"https:\/\/www.aclanester56.com\/velo\/wp-content\/gallery\/presentation-acl-2015-1ere-partie\/thumbs\/thumbs_ACL-2015-57.JPG?t=1425749486\"\n\t\t\t\t\twidth=\"100\"\n\t\t\t\t\theight=\"100\"\n\t\t\t\t\tstyle=\"max-width:100%;\"\n\t\t\t\t\/>\n\t\t\t<\/a>\n\t\t<\/div>\n\t\t\t\t\t\t\t<\/div>\n\t\t\t\n\t\t\t\t<div id=\"ngg-image-61\" class=\"ngg-gallery-thumbnail-box\n\t\t\t\t\t\t\t\t\t\t\t\"\n\t\t\t>\n\t\t\t\t\t\t<div class=\"ngg-gallery-thumbnail\">\n\t\t<a href=\"https:\/\/www.aclanester56.com\/velo\/wp-content\/gallery\/presentation-acl-2015-1ere-partie\/ACL-2015-61.JPG?t=1425749487\"\n\t\t\ttitle=\"\"\n\t\t\tdata-src=\"https:\/\/www.aclanester56.com\/velo\/wp-content\/gallery\/presentation-acl-2015-1ere-partie\/ACL-2015-61.JPG?t=1425749487\"\n\t\t\tdata-thumbnail=\"https:\/\/www.aclanester56.com\/velo\/wp-content\/gallery\/presentation-acl-2015-1ere-partie\/thumbs\/thumbs_ACL-2015-61.JPG?t=1425749487\"\n\t\t\tdata-image-id=\"7442\"\n\t\t\tdata-image-name=\"ACL-2015-61.JPG\"\n\t\t\tdata-title=\"ACL-2015-61.JPG\"\n\t\t\tdata-description=\"\"\n\t\t\tdata-image-slug=\"acl-2015-61-jpg\"\n\t\t\t\t\t\t\t\t\t\t\t\t\t\t\t\t\t\t\t\tclass=\"ngg-simplelightbox\" rel=\"620e57878281e447834218d43f044ad0\">\n\t\t\t\t\t\t\t\t<img\n\t\t\t\t\ttitle=\"ACL-2015-61.JPG\"\n\t\t\t\t\talt=\"ACL-2015-61.JPG\"\n\t\t\t\t\tsrc=\"https:\/\/www.aclanester56.com\/velo\/wp-content\/gallery\/presentation-acl-2015-1ere-partie\/thumbs\/thumbs_ACL-2015-61.JPG?t=1425749487\"\n\t\t\t\t\twidth=\"100\"\n\t\t\t\t\theight=\"100\"\n\t\t\t\t\tstyle=\"max-width:100%;\"\n\t\t\t\t\/>\n\t\t\t<\/a>\n\t\t<\/div>\n\t\t\t\t\t\t\t<\/div>\n\t\t\t\n\t\n\t<br style=\"clear: both\" \/>\n\n\t\n\t\t<div class=\"ngg-clear\"><\/div>\n\t<\/div>\n<\/p>\n<p>2\u00e8me partie :<\/p>\n<p><!-- default-view.php -->\n<div\n\tclass=\"ngg-galleryoverview default-view\n\t ngg-ajax-pagination-none\t\"\n\tid=\"ngg-gallery-fe771e46aec7e313f6d6992475655714-1\"\n\tdata-nextgen-gallery-id=\"209\"\n\tdata-gallery-id=\"209\"\n\t\tdata-gallery-name=\"Presentation ACL 2015 2eme partie\"\n\t>\n\n\t\t<!-- Thumbnails -->\n\t\t\t\t<div id=\"ngg-image-0\" class=\"ngg-gallery-thumbnail-box\n\t\t\t\t\t\t\t\t\t\t\t\"\n\t\t\t>\n\t\t\t\t\t\t<div class=\"ngg-gallery-thumbnail\">\n\t\t<a href=\"https:\/\/www.aclanester56.com\/velo\/wp-content\/gallery\/presentation-acl-2015-2eme-partie\/ACL-2015-2-114.JPG?t=1425749776\"\n\t\t\ttitle=\"\"\n\t\t\tdata-src=\"https:\/\/www.aclanester56.com\/velo\/wp-content\/gallery\/presentation-acl-2015-2eme-partie\/ACL-2015-2-114.JPG?t=1425749776\"\n\t\t\tdata-thumbnail=\"https:\/\/www.aclanester56.com\/velo\/wp-content\/gallery\/presentation-acl-2015-2eme-partie\/thumbs\/thumbs_ACL-2015-2-114.JPG?t=1425749776\"\n\t\t\tdata-image-id=\"7520\"\n\t\t\tdata-image-name=\"ACL-2015-2-114.JPG\"\n\t\t\tdata-title=\"ACL-2015-2-114.JPG\"\n\t\t\tdata-description=\"\"\n\t\t\tdata-image-slug=\"acl-2015-2-114-jpg\"\n\t\t\t\t\t\t\t\t\t\t\t\t\t\t\t\t\t\t\t\tclass=\"ngg-simplelightbox\" rel=\"fe771e46aec7e313f6d6992475655714\">\n\t\t\t\t\t\t\t\t<img\n\t\t\t\t\ttitle=\"ACL-2015-2-114.JPG\"\n\t\t\t\t\talt=\"ACL-2015-2-114.JPG\"\n\t\t\t\t\tsrc=\"https:\/\/www.aclanester56.com\/velo\/wp-content\/gallery\/presentation-acl-2015-2eme-partie\/thumbs\/thumbs_ACL-2015-2-114.JPG?t=1425749776\"\n\t\t\t\t\twidth=\"100\"\n\t\t\t\t\theight=\"100\"\n\t\t\t\t\tstyle=\"max-width:100%;\"\n\t\t\t\t\/>\n\t\t\t<\/a>\n\t\t<\/div>\n\t\t\t\t\t\t\t<\/div>\n\t\t\t\n\t\t\t\t<div id=\"ngg-image-1\" class=\"ngg-gallery-thumbnail-box\n\t\t\t\t\t\t\t\t\t\t\t\"\n\t\t\t>\n\t\t\t\t\t\t<div class=\"ngg-gallery-thumbnail\">\n\t\t<a href=\"https:\/\/www.aclanester56.com\/velo\/wp-content\/gallery\/presentation-acl-2015-2eme-partie\/ACL-2015-2-78.JPG?t=1425749734\"\n\t\t\ttitle=\"\"\n\t\t\tdata-src=\"https:\/\/www.aclanester56.com\/velo\/wp-content\/gallery\/presentation-acl-2015-2eme-partie\/ACL-2015-2-78.JPG?t=1425749734\"\n\t\t\tdata-thumbnail=\"https:\/\/www.aclanester56.com\/velo\/wp-content\/gallery\/presentation-acl-2015-2eme-partie\/thumbs\/thumbs_ACL-2015-2-78.JPG?t=1425749734\"\n\t\t\tdata-image-id=\"7505\"\n\t\t\tdata-image-name=\"ACL-2015-2-78.JPG\"\n\t\t\tdata-title=\"ACL-2015-2-78.JPG\"\n\t\t\tdata-description=\"\"\n\t\t\tdata-image-slug=\"acl-2015-2-78-jpg\"\n\t\t\t\t\t\t\t\t\t\t\t\t\t\t\t\t\t\t\t\tclass=\"ngg-simplelightbox\" rel=\"fe771e46aec7e313f6d6992475655714\">\n\t\t\t\t\t\t\t\t<img\n\t\t\t\t\ttitle=\"ACL-2015-2-78.JPG\"\n\t\t\t\t\talt=\"ACL-2015-2-78.JPG\"\n\t\t\t\t\tsrc=\"https:\/\/www.aclanester56.com\/velo\/wp-content\/gallery\/presentation-acl-2015-2eme-partie\/thumbs\/thumbs_ACL-2015-2-78.JPG?t=1425749734\"\n\t\t\t\t\twidth=\"100\"\n\t\t\t\t\theight=\"100\"\n\t\t\t\t\tstyle=\"max-width:100%;\"\n\t\t\t\t\/>\n\t\t\t<\/a>\n\t\t<\/div>\n\t\t\t\t\t\t\t<\/div>\n\t\t\t\n\t\t\t\t<div id=\"ngg-image-2\" class=\"ngg-gallery-thumbnail-box\n\t\t\t\t\t\t\t\t\t\t\t\"\n\t\t\t>\n\t\t\t\t\t\t<div class=\"ngg-gallery-thumbnail\">\n\t\t<a href=\"https:\/\/www.aclanester56.com\/velo\/wp-content\/gallery\/presentation-acl-2015-2eme-partie\/ACL-2015-2-80.JPG?t=1425749736\"\n\t\t\ttitle=\"\"\n\t\t\tdata-src=\"https:\/\/www.aclanester56.com\/velo\/wp-content\/gallery\/presentation-acl-2015-2eme-partie\/ACL-2015-2-80.JPG?t=1425749736\"\n\t\t\tdata-thumbnail=\"https:\/\/www.aclanester56.com\/velo\/wp-content\/gallery\/presentation-acl-2015-2eme-partie\/thumbs\/thumbs_ACL-2015-2-80.JPG?t=1425749736\"\n\t\t\tdata-image-id=\"7506\"\n\t\t\tdata-image-name=\"ACL-2015-2-80.JPG\"\n\t\t\tdata-title=\"ACL-2015-2-80.JPG\"\n\t\t\tdata-description=\"\"\n\t\t\tdata-image-slug=\"acl-2015-2-80-jpg\"\n\t\t\t\t\t\t\t\t\t\t\t\t\t\t\t\t\t\t\t\tclass=\"ngg-simplelightbox\" rel=\"fe771e46aec7e313f6d6992475655714\">\n\t\t\t\t\t\t\t\t<img\n\t\t\t\t\ttitle=\"ACL-2015-2-80.JPG\"\n\t\t\t\t\talt=\"ACL-2015-2-80.JPG\"\n\t\t\t\t\tsrc=\"https:\/\/www.aclanester56.com\/velo\/wp-content\/gallery\/presentation-acl-2015-2eme-partie\/thumbs\/thumbs_ACL-2015-2-80.JPG?t=1425749736\"\n\t\t\t\t\twidth=\"100\"\n\t\t\t\t\theight=\"100\"\n\t\t\t\t\tstyle=\"max-width:100%;\"\n\t\t\t\t\/>\n\t\t\t<\/a>\n\t\t<\/div>\n\t\t\t\t\t\t\t<\/div>\n\t\t\t\n\t\t\t\t<div id=\"ngg-image-3\" class=\"ngg-gallery-thumbnail-box\n\t\t\t\t\t\t\t\t\t\t\t\"\n\t\t\t>\n\t\t\t\t\t\t<div class=\"ngg-gallery-thumbnail\">\n\t\t<a href=\"https:\/\/www.aclanester56.com\/velo\/wp-content\/gallery\/presentation-acl-2015-2eme-partie\/ACL-2015-2-81.JPG?t=1425749738\"\n\t\t\ttitle=\"\"\n\t\t\tdata-src=\"https:\/\/www.aclanester56.com\/velo\/wp-content\/gallery\/presentation-acl-2015-2eme-partie\/ACL-2015-2-81.JPG?t=1425749738\"\n\t\t\tdata-thumbnail=\"https:\/\/www.aclanester56.com\/velo\/wp-content\/gallery\/presentation-acl-2015-2eme-partie\/thumbs\/thumbs_ACL-2015-2-81.JPG?t=1425749738\"\n\t\t\tdata-image-id=\"7507\"\n\t\t\tdata-image-name=\"ACL-2015-2-81.JPG\"\n\t\t\tdata-title=\"ACL-2015-2-81.JPG\"\n\t\t\tdata-description=\"\"\n\t\t\tdata-image-slug=\"acl-2015-2-81-jpg\"\n\t\t\t\t\t\t\t\t\t\t\t\t\t\t\t\t\t\t\t\tclass=\"ngg-simplelightbox\" rel=\"fe771e46aec7e313f6d6992475655714\">\n\t\t\t\t\t\t\t\t<img\n\t\t\t\t\ttitle=\"ACL-2015-2-81.JPG\"\n\t\t\t\t\talt=\"ACL-2015-2-81.JPG\"\n\t\t\t\t\tsrc=\"https:\/\/www.aclanester56.com\/velo\/wp-content\/gallery\/presentation-acl-2015-2eme-partie\/thumbs\/thumbs_ACL-2015-2-81.JPG?t=1425749738\"\n\t\t\t\t\twidth=\"100\"\n\t\t\t\t\theight=\"100\"\n\t\t\t\t\tstyle=\"max-width:100%;\"\n\t\t\t\t\/>\n\t\t\t<\/a>\n\t\t<\/div>\n\t\t\t\t\t\t\t<\/div>\n\t\t\t\n\t\t\t\t<div id=\"ngg-image-4\" class=\"ngg-gallery-thumbnail-box\n\t\t\t\t\t\t\t\t\t\t\t\"\n\t\t\t>\n\t\t\t\t\t\t<div class=\"ngg-gallery-thumbnail\">\n\t\t<a href=\"https:\/\/www.aclanester56.com\/velo\/wp-content\/gallery\/presentation-acl-2015-2eme-partie\/ACL-2015-2-83.JPG?t=1425749741\"\n\t\t\ttitle=\"\"\n\t\t\tdata-src=\"https:\/\/www.aclanester56.com\/velo\/wp-content\/gallery\/presentation-acl-2015-2eme-partie\/ACL-2015-2-83.JPG?t=1425749741\"\n\t\t\tdata-thumbnail=\"https:\/\/www.aclanester56.com\/velo\/wp-content\/gallery\/presentation-acl-2015-2eme-partie\/thumbs\/thumbs_ACL-2015-2-83.JPG?t=1425749741\"\n\t\t\tdata-image-id=\"7508\"\n\t\t\tdata-image-name=\"ACL-2015-2-83.JPG\"\n\t\t\tdata-title=\"ACL-2015-2-83.JPG\"\n\t\t\tdata-description=\"\"\n\t\t\tdata-image-slug=\"acl-2015-2-83-jpg\"\n\t\t\t\t\t\t\t\t\t\t\t\t\t\t\t\t\t\t\t\tclass=\"ngg-simplelightbox\" rel=\"fe771e46aec7e313f6d6992475655714\">\n\t\t\t\t\t\t\t\t<img\n\t\t\t\t\ttitle=\"ACL-2015-2-83.JPG\"\n\t\t\t\t\talt=\"ACL-2015-2-83.JPG\"\n\t\t\t\t\tsrc=\"https:\/\/www.aclanester56.com\/velo\/wp-content\/gallery\/presentation-acl-2015-2eme-partie\/thumbs\/thumbs_ACL-2015-2-83.JPG?t=1425749741\"\n\t\t\t\t\twidth=\"100\"\n\t\t\t\t\theight=\"100\"\n\t\t\t\t\tstyle=\"max-width:100%;\"\n\t\t\t\t\/>\n\t\t\t<\/a>\n\t\t<\/div>\n\t\t\t\t\t\t\t<\/div>\n\t\t\t\n\t\t\t\t<div id=\"ngg-image-5\" class=\"ngg-gallery-thumbnail-box\n\t\t\t\t\t\t\t\t\t\t\t\"\n\t\t\t>\n\t\t\t\t\t\t<div class=\"ngg-gallery-thumbnail\">\n\t\t<a href=\"https:\/\/www.aclanester56.com\/velo\/wp-content\/gallery\/presentation-acl-2015-2eme-partie\/ACL-2015-2-85.JPG?t=1425749743\"\n\t\t\ttitle=\"\"\n\t\t\tdata-src=\"https:\/\/www.aclanester56.com\/velo\/wp-content\/gallery\/presentation-acl-2015-2eme-partie\/ACL-2015-2-85.JPG?t=1425749743\"\n\t\t\tdata-thumbnail=\"https:\/\/www.aclanester56.com\/velo\/wp-content\/gallery\/presentation-acl-2015-2eme-partie\/thumbs\/thumbs_ACL-2015-2-85.JPG?t=1425749743\"\n\t\t\tdata-image-id=\"7509\"\n\t\t\tdata-image-name=\"ACL-2015-2-85.JPG\"\n\t\t\tdata-title=\"ACL-2015-2-85.JPG\"\n\t\t\tdata-description=\"\"\n\t\t\tdata-image-slug=\"acl-2015-2-85-jpg\"\n\t\t\t\t\t\t\t\t\t\t\t\t\t\t\t\t\t\t\t\tclass=\"ngg-simplelightbox\" rel=\"fe771e46aec7e313f6d6992475655714\">\n\t\t\t\t\t\t\t\t<img\n\t\t\t\t\ttitle=\"ACL-2015-2-85.JPG\"\n\t\t\t\t\talt=\"ACL-2015-2-85.JPG\"\n\t\t\t\t\tsrc=\"https:\/\/www.aclanester56.com\/velo\/wp-content\/gallery\/presentation-acl-2015-2eme-partie\/thumbs\/thumbs_ACL-2015-2-85.JPG?t=1425749743\"\n\t\t\t\t\twidth=\"100\"\n\t\t\t\t\theight=\"100\"\n\t\t\t\t\tstyle=\"max-width:100%;\"\n\t\t\t\t\/>\n\t\t\t<\/a>\n\t\t<\/div>\n\t\t\t\t\t\t\t<\/div>\n\t\t\t\n\t\t\t\t<div id=\"ngg-image-6\" class=\"ngg-gallery-thumbnail-box\n\t\t\t\t\t\t\t\t\t\t\t\"\n\t\t\t>\n\t\t\t\t\t\t<div class=\"ngg-gallery-thumbnail\">\n\t\t<a href=\"https:\/\/www.aclanester56.com\/velo\/wp-content\/gallery\/presentation-acl-2015-2eme-partie\/ACL-2015-2-92.JPG?t=1425749746\"\n\t\t\ttitle=\"\"\n\t\t\tdata-src=\"https:\/\/www.aclanester56.com\/velo\/wp-content\/gallery\/presentation-acl-2015-2eme-partie\/ACL-2015-2-92.JPG?t=1425749746\"\n\t\t\tdata-thumbnail=\"https:\/\/www.aclanester56.com\/velo\/wp-content\/gallery\/presentation-acl-2015-2eme-partie\/thumbs\/thumbs_ACL-2015-2-92.JPG?t=1425749746\"\n\t\t\tdata-image-id=\"7510\"\n\t\t\tdata-image-name=\"ACL-2015-2-92.JPG\"\n\t\t\tdata-title=\"ACL-2015-2-92.JPG\"\n\t\t\tdata-description=\"\"\n\t\t\tdata-image-slug=\"acl-2015-2-92-jpg\"\n\t\t\t\t\t\t\t\t\t\t\t\t\t\t\t\t\t\t\t\tclass=\"ngg-simplelightbox\" rel=\"fe771e46aec7e313f6d6992475655714\">\n\t\t\t\t\t\t\t\t<img\n\t\t\t\t\ttitle=\"ACL-2015-2-92.JPG\"\n\t\t\t\t\talt=\"ACL-2015-2-92.JPG\"\n\t\t\t\t\tsrc=\"https:\/\/www.aclanester56.com\/velo\/wp-content\/gallery\/presentation-acl-2015-2eme-partie\/thumbs\/thumbs_ACL-2015-2-92.JPG?t=1425749746\"\n\t\t\t\t\twidth=\"100\"\n\t\t\t\t\theight=\"100\"\n\t\t\t\t\tstyle=\"max-width:100%;\"\n\t\t\t\t\/>\n\t\t\t<\/a>\n\t\t<\/div>\n\t\t\t\t\t\t\t<\/div>\n\t\t\t\n\t\t\t\t<div id=\"ngg-image-7\" class=\"ngg-gallery-thumbnail-box\n\t\t\t\t\t\t\t\t\t\t\t\"\n\t\t\t>\n\t\t\t\t\t\t<div class=\"ngg-gallery-thumbnail\">\n\t\t<a href=\"https:\/\/www.aclanester56.com\/velo\/wp-content\/gallery\/presentation-acl-2015-2eme-partie\/ACL-2015-2-93.JPG?t=1425749750\"\n\t\t\ttitle=\"\"\n\t\t\tdata-src=\"https:\/\/www.aclanester56.com\/velo\/wp-content\/gallery\/presentation-acl-2015-2eme-partie\/ACL-2015-2-93.JPG?t=1425749750\"\n\t\t\tdata-thumbnail=\"https:\/\/www.aclanester56.com\/velo\/wp-content\/gallery\/presentation-acl-2015-2eme-partie\/thumbs\/thumbs_ACL-2015-2-93.JPG?t=1425749750\"\n\t\t\tdata-image-id=\"7511\"\n\t\t\tdata-image-name=\"ACL-2015-2-93.JPG\"\n\t\t\tdata-title=\"ACL-2015-2-93.JPG\"\n\t\t\tdata-description=\"\"\n\t\t\tdata-image-slug=\"acl-2015-2-93-jpg\"\n\t\t\t\t\t\t\t\t\t\t\t\t\t\t\t\t\t\t\t\tclass=\"ngg-simplelightbox\" rel=\"fe771e46aec7e313f6d6992475655714\">\n\t\t\t\t\t\t\t\t<img\n\t\t\t\t\ttitle=\"ACL-2015-2-93.JPG\"\n\t\t\t\t\talt=\"ACL-2015-2-93.JPG\"\n\t\t\t\t\tsrc=\"https:\/\/www.aclanester56.com\/velo\/wp-content\/gallery\/presentation-acl-2015-2eme-partie\/thumbs\/thumbs_ACL-2015-2-93.JPG?t=1425749750\"\n\t\t\t\t\twidth=\"100\"\n\t\t\t\t\theight=\"100\"\n\t\t\t\t\tstyle=\"max-width:100%;\"\n\t\t\t\t\/>\n\t\t\t<\/a>\n\t\t<\/div>\n\t\t\t\t\t\t\t<\/div>\n\t\t\t\n\t\t\t\t<div id=\"ngg-image-8\" class=\"ngg-gallery-thumbnail-box\n\t\t\t\t\t\t\t\t\t\t\t\"\n\t\t\t>\n\t\t\t\t\t\t<div class=\"ngg-gallery-thumbnail\">\n\t\t<a href=\"https:\/\/www.aclanester56.com\/velo\/wp-content\/gallery\/presentation-acl-2015-2eme-partie\/ACL-2015-2-95.JPG?t=1425749752\"\n\t\t\ttitle=\"\"\n\t\t\tdata-src=\"https:\/\/www.aclanester56.com\/velo\/wp-content\/gallery\/presentation-acl-2015-2eme-partie\/ACL-2015-2-95.JPG?t=1425749752\"\n\t\t\tdata-thumbnail=\"https:\/\/www.aclanester56.com\/velo\/wp-content\/gallery\/presentation-acl-2015-2eme-partie\/thumbs\/thumbs_ACL-2015-2-95.JPG?t=1425749752\"\n\t\t\tdata-image-id=\"7512\"\n\t\t\tdata-image-name=\"ACL-2015-2-95.JPG\"\n\t\t\tdata-title=\"ACL-2015-2-95.JPG\"\n\t\t\tdata-description=\"\"\n\t\t\tdata-image-slug=\"acl-2015-2-95-jpg\"\n\t\t\t\t\t\t\t\t\t\t\t\t\t\t\t\t\t\t\t\tclass=\"ngg-simplelightbox\" rel=\"fe771e46aec7e313f6d6992475655714\">\n\t\t\t\t\t\t\t\t<img\n\t\t\t\t\ttitle=\"ACL-2015-2-95.JPG\"\n\t\t\t\t\talt=\"ACL-2015-2-95.JPG\"\n\t\t\t\t\tsrc=\"https:\/\/www.aclanester56.com\/velo\/wp-content\/gallery\/presentation-acl-2015-2eme-partie\/thumbs\/thumbs_ACL-2015-2-95.JPG?t=1425749752\"\n\t\t\t\t\twidth=\"100\"\n\t\t\t\t\theight=\"100\"\n\t\t\t\t\tstyle=\"max-width:100%;\"\n\t\t\t\t\/>\n\t\t\t<\/a>\n\t\t<\/div>\n\t\t\t\t\t\t\t<\/div>\n\t\t\t\n\t\t\t\t<div id=\"ngg-image-9\" class=\"ngg-gallery-thumbnail-box\n\t\t\t\t\t\t\t\t\t\t\t\"\n\t\t\t>\n\t\t\t\t\t\t<div class=\"ngg-gallery-thumbnail\">\n\t\t<a href=\"https:\/\/www.aclanester56.com\/velo\/wp-content\/gallery\/presentation-acl-2015-2eme-partie\/ACL-2015-2-96.JPG?t=1425749756\"\n\t\t\ttitle=\"\"\n\t\t\tdata-src=\"https:\/\/www.aclanester56.com\/velo\/wp-content\/gallery\/presentation-acl-2015-2eme-partie\/ACL-2015-2-96.JPG?t=1425749756\"\n\t\t\tdata-thumbnail=\"https:\/\/www.aclanester56.com\/velo\/wp-content\/gallery\/presentation-acl-2015-2eme-partie\/thumbs\/thumbs_ACL-2015-2-96.JPG?t=1425749756\"\n\t\t\tdata-image-id=\"7513\"\n\t\t\tdata-image-name=\"ACL-2015-2-96.JPG\"\n\t\t\tdata-title=\"ACL-2015-2-96.JPG\"\n\t\t\tdata-description=\"\"\n\t\t\tdata-image-slug=\"acl-2015-2-96-jpg\"\n\t\t\t\t\t\t\t\t\t\t\t\t\t\t\t\t\t\t\t\tclass=\"ngg-simplelightbox\" rel=\"fe771e46aec7e313f6d6992475655714\">\n\t\t\t\t\t\t\t\t<img\n\t\t\t\t\ttitle=\"ACL-2015-2-96.JPG\"\n\t\t\t\t\talt=\"ACL-2015-2-96.JPG\"\n\t\t\t\t\tsrc=\"https:\/\/www.aclanester56.com\/velo\/wp-content\/gallery\/presentation-acl-2015-2eme-partie\/thumbs\/thumbs_ACL-2015-2-96.JPG?t=1425749756\"\n\t\t\t\t\twidth=\"100\"\n\t\t\t\t\theight=\"100\"\n\t\t\t\t\tstyle=\"max-width:100%;\"\n\t\t\t\t\/>\n\t\t\t<\/a>\n\t\t<\/div>\n\t\t\t\t\t\t\t<\/div>\n\t\t\t\n\t\t\t\t<div id=\"ngg-image-10\" class=\"ngg-gallery-thumbnail-box\n\t\t\t\t\t\t\t\t\t\t\t\"\n\t\t\t>\n\t\t\t\t\t\t<div class=\"ngg-gallery-thumbnail\">\n\t\t<a href=\"https:\/\/www.aclanester56.com\/velo\/wp-content\/gallery\/presentation-acl-2015-2eme-partie\/ACL-2015-2-97.JPG?t=1425749760\"\n\t\t\ttitle=\"\"\n\t\t\tdata-src=\"https:\/\/www.aclanester56.com\/velo\/wp-content\/gallery\/presentation-acl-2015-2eme-partie\/ACL-2015-2-97.JPG?t=1425749760\"\n\t\t\tdata-thumbnail=\"https:\/\/www.aclanester56.com\/velo\/wp-content\/gallery\/presentation-acl-2015-2eme-partie\/thumbs\/thumbs_ACL-2015-2-97.JPG?t=1425749760\"\n\t\t\tdata-image-id=\"7514\"\n\t\t\tdata-image-name=\"ACL-2015-2-97.JPG\"\n\t\t\tdata-title=\"ACL-2015-2-97.JPG\"\n\t\t\tdata-description=\"\"\n\t\t\tdata-image-slug=\"acl-2015-2-97-jpg\"\n\t\t\t\t\t\t\t\t\t\t\t\t\t\t\t\t\t\t\t\tclass=\"ngg-simplelightbox\" rel=\"fe771e46aec7e313f6d6992475655714\">\n\t\t\t\t\t\t\t\t<img\n\t\t\t\t\ttitle=\"ACL-2015-2-97.JPG\"\n\t\t\t\t\talt=\"ACL-2015-2-97.JPG\"\n\t\t\t\t\tsrc=\"https:\/\/www.aclanester56.com\/velo\/wp-content\/gallery\/presentation-acl-2015-2eme-partie\/thumbs\/thumbs_ACL-2015-2-97.JPG?t=1425749760\"\n\t\t\t\t\twidth=\"100\"\n\t\t\t\t\theight=\"100\"\n\t\t\t\t\tstyle=\"max-width:100%;\"\n\t\t\t\t\/>\n\t\t\t<\/a>\n\t\t<\/div>\n\t\t\t\t\t\t\t<\/div>\n\t\t\t\n\t\t\t\t<div id=\"ngg-image-11\" class=\"ngg-gallery-thumbnail-box\n\t\t\t\t\t\t\t\t\t\t\t\"\n\t\t\t>\n\t\t\t\t\t\t<div class=\"ngg-gallery-thumbnail\">\n\t\t<a href=\"https:\/\/www.aclanester56.com\/velo\/wp-content\/gallery\/presentation-acl-2015-2eme-partie\/ACL-2015-2-98.JPG?t=1425749764\"\n\t\t\ttitle=\"\"\n\t\t\tdata-src=\"https:\/\/www.aclanester56.com\/velo\/wp-content\/gallery\/presentation-acl-2015-2eme-partie\/ACL-2015-2-98.JPG?t=1425749764\"\n\t\t\tdata-thumbnail=\"https:\/\/www.aclanester56.com\/velo\/wp-content\/gallery\/presentation-acl-2015-2eme-partie\/thumbs\/thumbs_ACL-2015-2-98.JPG?t=1425749764\"\n\t\t\tdata-image-id=\"7515\"\n\t\t\tdata-image-name=\"ACL-2015-2-98.JPG\"\n\t\t\tdata-title=\"ACL-2015-2-98.JPG\"\n\t\t\tdata-description=\"\"\n\t\t\tdata-image-slug=\"acl-2015-2-98-jpg\"\n\t\t\t\t\t\t\t\t\t\t\t\t\t\t\t\t\t\t\t\tclass=\"ngg-simplelightbox\" rel=\"fe771e46aec7e313f6d6992475655714\">\n\t\t\t\t\t\t\t\t<img\n\t\t\t\t\ttitle=\"ACL-2015-2-98.JPG\"\n\t\t\t\t\talt=\"ACL-2015-2-98.JPG\"\n\t\t\t\t\tsrc=\"https:\/\/www.aclanester56.com\/velo\/wp-content\/gallery\/presentation-acl-2015-2eme-partie\/thumbs\/thumbs_ACL-2015-2-98.JPG?t=1425749764\"\n\t\t\t\t\twidth=\"100\"\n\t\t\t\t\theight=\"100\"\n\t\t\t\t\tstyle=\"max-width:100%;\"\n\t\t\t\t\/>\n\t\t\t<\/a>\n\t\t<\/div>\n\t\t\t\t\t\t\t<\/div>\n\t\t\t\n\t\t\t\t<div id=\"ngg-image-12\" class=\"ngg-gallery-thumbnail-box\n\t\t\t\t\t\t\t\t\t\t\t\"\n\t\t\t>\n\t\t\t\t\t\t<div class=\"ngg-gallery-thumbnail\">\n\t\t<a href=\"https:\/\/www.aclanester56.com\/velo\/wp-content\/gallery\/presentation-acl-2015-2eme-partie\/ACL-2015-2-99.JPG?t=1425749766\"\n\t\t\ttitle=\"\"\n\t\t\tdata-src=\"https:\/\/www.aclanester56.com\/velo\/wp-content\/gallery\/presentation-acl-2015-2eme-partie\/ACL-2015-2-99.JPG?t=1425749766\"\n\t\t\tdata-thumbnail=\"https:\/\/www.aclanester56.com\/velo\/wp-content\/gallery\/presentation-acl-2015-2eme-partie\/thumbs\/thumbs_ACL-2015-2-99.JPG?t=1425749766\"\n\t\t\tdata-image-id=\"7516\"\n\t\t\tdata-image-name=\"ACL-2015-2-99.JPG\"\n\t\t\tdata-title=\"ACL-2015-2-99.JPG\"\n\t\t\tdata-description=\"\"\n\t\t\tdata-image-slug=\"acl-2015-2-99-jpg\"\n\t\t\t\t\t\t\t\t\t\t\t\t\t\t\t\t\t\t\t\tclass=\"ngg-simplelightbox\" rel=\"fe771e46aec7e313f6d6992475655714\">\n\t\t\t\t\t\t\t\t<img\n\t\t\t\t\ttitle=\"ACL-2015-2-99.JPG\"\n\t\t\t\t\talt=\"ACL-2015-2-99.JPG\"\n\t\t\t\t\tsrc=\"https:\/\/www.aclanester56.com\/velo\/wp-content\/gallery\/presentation-acl-2015-2eme-partie\/thumbs\/thumbs_ACL-2015-2-99.JPG?t=1425749766\"\n\t\t\t\t\twidth=\"100\"\n\t\t\t\t\theight=\"100\"\n\t\t\t\t\tstyle=\"max-width:100%;\"\n\t\t\t\t\/>\n\t\t\t<\/a>\n\t\t<\/div>\n\t\t\t\t\t\t\t<\/div>\n\t\t\t\n\t\t\t\t<div id=\"ngg-image-13\" class=\"ngg-gallery-thumbnail-box\n\t\t\t\t\t\t\t\t\t\t\t\"\n\t\t\t>\n\t\t\t\t\t\t<div class=\"ngg-gallery-thumbnail\">\n\t\t<a href=\"https:\/\/www.aclanester56.com\/velo\/wp-content\/gallery\/presentation-acl-2015-2eme-partie\/ACL-2015-2-101.JPG?t=1425749769\"\n\t\t\ttitle=\"\"\n\t\t\tdata-src=\"https:\/\/www.aclanester56.com\/velo\/wp-content\/gallery\/presentation-acl-2015-2eme-partie\/ACL-2015-2-101.JPG?t=1425749769\"\n\t\t\tdata-thumbnail=\"https:\/\/www.aclanester56.com\/velo\/wp-content\/gallery\/presentation-acl-2015-2eme-partie\/thumbs\/thumbs_ACL-2015-2-101.JPG?t=1425749769\"\n\t\t\tdata-image-id=\"7517\"\n\t\t\tdata-image-name=\"ACL-2015-2-101.JPG\"\n\t\t\tdata-title=\"ACL-2015-2-101.JPG\"\n\t\t\tdata-description=\"\"\n\t\t\tdata-image-slug=\"acl-2015-2-101-jpg\"\n\t\t\t\t\t\t\t\t\t\t\t\t\t\t\t\t\t\t\t\tclass=\"ngg-simplelightbox\" rel=\"fe771e46aec7e313f6d6992475655714\">\n\t\t\t\t\t\t\t\t<img\n\t\t\t\t\ttitle=\"ACL-2015-2-101.JPG\"\n\t\t\t\t\talt=\"ACL-2015-2-101.JPG\"\n\t\t\t\t\tsrc=\"https:\/\/www.aclanester56.com\/velo\/wp-content\/gallery\/presentation-acl-2015-2eme-partie\/thumbs\/thumbs_ACL-2015-2-101.JPG?t=1425749769\"\n\t\t\t\t\twidth=\"100\"\n\t\t\t\t\theight=\"100\"\n\t\t\t\t\tstyle=\"max-width:100%;\"\n\t\t\t\t\/>\n\t\t\t<\/a>\n\t\t<\/div>\n\t\t\t\t\t\t\t<\/div>\n\t\t\t\n\t\t\t\t<div id=\"ngg-image-14\" class=\"ngg-gallery-thumbnail-box\n\t\t\t\t\t\t\t\t\t\t\t\"\n\t\t\t>\n\t\t\t\t\t\t<div class=\"ngg-gallery-thumbnail\">\n\t\t<a href=\"https:\/\/www.aclanester56.com\/velo\/wp-content\/gallery\/presentation-acl-2015-2eme-partie\/ACL-2015-2-106.JPG?t=1425749771\"\n\t\t\ttitle=\"\"\n\t\t\tdata-src=\"https:\/\/www.aclanester56.com\/velo\/wp-content\/gallery\/presentation-acl-2015-2eme-partie\/ACL-2015-2-106.JPG?t=1425749771\"\n\t\t\tdata-thumbnail=\"https:\/\/www.aclanester56.com\/velo\/wp-content\/gallery\/presentation-acl-2015-2eme-partie\/thumbs\/thumbs_ACL-2015-2-106.JPG?t=1425749771\"\n\t\t\tdata-image-id=\"7518\"\n\t\t\tdata-image-name=\"ACL-2015-2-106.JPG\"\n\t\t\tdata-title=\"ACL-2015-2-106.JPG\"\n\t\t\tdata-description=\"\"\n\t\t\tdata-image-slug=\"acl-2015-2-106-jpg\"\n\t\t\t\t\t\t\t\t\t\t\t\t\t\t\t\t\t\t\t\tclass=\"ngg-simplelightbox\" rel=\"fe771e46aec7e313f6d6992475655714\">\n\t\t\t\t\t\t\t\t<img\n\t\t\t\t\ttitle=\"ACL-2015-2-106.JPG\"\n\t\t\t\t\talt=\"ACL-2015-2-106.JPG\"\n\t\t\t\t\tsrc=\"https:\/\/www.aclanester56.com\/velo\/wp-content\/gallery\/presentation-acl-2015-2eme-partie\/thumbs\/thumbs_ACL-2015-2-106.JPG?t=1425749771\"\n\t\t\t\t\twidth=\"100\"\n\t\t\t\t\theight=\"100\"\n\t\t\t\t\tstyle=\"max-width:100%;\"\n\t\t\t\t\/>\n\t\t\t<\/a>\n\t\t<\/div>\n\t\t\t\t\t\t\t<\/div>\n\t\t\t\n\t\t\t\t<div id=\"ngg-image-15\" class=\"ngg-gallery-thumbnail-box\n\t\t\t\t\t\t\t\t\t\t\t\"\n\t\t\t>\n\t\t\t\t\t\t<div class=\"ngg-gallery-thumbnail\">\n\t\t<a href=\"https:\/\/www.aclanester56.com\/velo\/wp-content\/gallery\/presentation-acl-2015-2eme-partie\/ACL-2015-2-107.JPG?t=1425749773\"\n\t\t\ttitle=\"\"\n\t\t\tdata-src=\"https:\/\/www.aclanester56.com\/velo\/wp-content\/gallery\/presentation-acl-2015-2eme-partie\/ACL-2015-2-107.JPG?t=1425749773\"\n\t\t\tdata-thumbnail=\"https:\/\/www.aclanester56.com\/velo\/wp-content\/gallery\/presentation-acl-2015-2eme-partie\/thumbs\/thumbs_ACL-2015-2-107.JPG?t=1425749773\"\n\t\t\tdata-image-id=\"7519\"\n\t\t\tdata-image-name=\"ACL-2015-2-107.JPG\"\n\t\t\tdata-title=\"ACL-2015-2-107.JPG\"\n\t\t\tdata-description=\"\"\n\t\t\tdata-image-slug=\"acl-2015-2-107-jpg\"\n\t\t\t\t\t\t\t\t\t\t\t\t\t\t\t\t\t\t\t\tclass=\"ngg-simplelightbox\" rel=\"fe771e46aec7e313f6d6992475655714\">\n\t\t\t\t\t\t\t\t<img\n\t\t\t\t\ttitle=\"ACL-2015-2-107.JPG\"\n\t\t\t\t\talt=\"ACL-2015-2-107.JPG\"\n\t\t\t\t\tsrc=\"https:\/\/www.aclanester56.com\/velo\/wp-content\/gallery\/presentation-acl-2015-2eme-partie\/thumbs\/thumbs_ACL-2015-2-107.JPG?t=1425749773\"\n\t\t\t\t\twidth=\"100\"\n\t\t\t\t\theight=\"100\"\n\t\t\t\t\tstyle=\"max-width:100%;\"\n\t\t\t\t\/>\n\t\t\t<\/a>\n\t\t<\/div>\n\t\t\t\t\t\t\t<\/div>\n\t\t\t\n\t\t\t\t<div id=\"ngg-image-16\" class=\"ngg-gallery-thumbnail-box\n\t\t\t\t\t\t\t\t\t\t\t\"\n\t\t\t>\n\t\t\t\t\t\t<div class=\"ngg-gallery-thumbnail\">\n\t\t<a href=\"https:\/\/www.aclanester56.com\/velo\/wp-content\/gallery\/presentation-acl-2015-2eme-partie\/ACL-2015-2-76.JPG?t=1425749732\"\n\t\t\ttitle=\"\"\n\t\t\tdata-src=\"https:\/\/www.aclanester56.com\/velo\/wp-content\/gallery\/presentation-acl-2015-2eme-partie\/ACL-2015-2-76.JPG?t=1425749732\"\n\t\t\tdata-thumbnail=\"https:\/\/www.aclanester56.com\/velo\/wp-content\/gallery\/presentation-acl-2015-2eme-partie\/thumbs\/thumbs_ACL-2015-2-76.JPG?t=1425749732\"\n\t\t\tdata-image-id=\"7504\"\n\t\t\tdata-image-name=\"ACL-2015-2-76.JPG\"\n\t\t\tdata-title=\"ACL-2015-2-76.JPG\"\n\t\t\tdata-description=\"\"\n\t\t\tdata-image-slug=\"acl-2015-2-76-jpg\"\n\t\t\t\t\t\t\t\t\t\t\t\t\t\t\t\t\t\t\t\tclass=\"ngg-simplelightbox\" rel=\"fe771e46aec7e313f6d6992475655714\">\n\t\t\t\t\t\t\t\t<img\n\t\t\t\t\ttitle=\"ACL-2015-2-76.JPG\"\n\t\t\t\t\talt=\"ACL-2015-2-76.JPG\"\n\t\t\t\t\tsrc=\"https:\/\/www.aclanester56.com\/velo\/wp-content\/gallery\/presentation-acl-2015-2eme-partie\/thumbs\/thumbs_ACL-2015-2-76.JPG?t=1425749732\"\n\t\t\t\t\twidth=\"100\"\n\t\t\t\t\theight=\"100\"\n\t\t\t\t\tstyle=\"max-width:100%;\"\n\t\t\t\t\/>\n\t\t\t<\/a>\n\t\t<\/div>\n\t\t\t\t\t\t\t<\/div>\n\t\t\t\n\t\t\t\t<div id=\"ngg-image-17\" class=\"ngg-gallery-thumbnail-box\n\t\t\t\t\t\t\t\t\t\t\t\"\n\t\t\t>\n\t\t\t\t\t\t<div class=\"ngg-gallery-thumbnail\">\n\t\t<a href=\"https:\/\/www.aclanester56.com\/velo\/wp-content\/gallery\/presentation-acl-2015-2eme-partie\/ACL-2015-2-122.JPG?t=1425749779\"\n\t\t\ttitle=\"\"\n\t\t\tdata-src=\"https:\/\/www.aclanester56.com\/velo\/wp-content\/gallery\/presentation-acl-2015-2eme-partie\/ACL-2015-2-122.JPG?t=1425749779\"\n\t\t\tdata-thumbnail=\"https:\/\/www.aclanester56.com\/velo\/wp-content\/gallery\/presentation-acl-2015-2eme-partie\/thumbs\/thumbs_ACL-2015-2-122.JPG?t=1425749779\"\n\t\t\tdata-image-id=\"7521\"\n\t\t\tdata-image-name=\"ACL-2015-2-122.JPG\"\n\t\t\tdata-title=\"ACL-2015-2-122.JPG\"\n\t\t\tdata-description=\"\"\n\t\t\tdata-image-slug=\"acl-2015-2-122-jpg\"\n\t\t\t\t\t\t\t\t\t\t\t\t\t\t\t\t\t\t\t\tclass=\"ngg-simplelightbox\" rel=\"fe771e46aec7e313f6d6992475655714\">\n\t\t\t\t\t\t\t\t<img\n\t\t\t\t\ttitle=\"ACL-2015-2-122.JPG\"\n\t\t\t\t\talt=\"ACL-2015-2-122.JPG\"\n\t\t\t\t\tsrc=\"https:\/\/www.aclanester56.com\/velo\/wp-content\/gallery\/presentation-acl-2015-2eme-partie\/thumbs\/thumbs_ACL-2015-2-122.JPG?t=1425749779\"\n\t\t\t\t\twidth=\"100\"\n\t\t\t\t\theight=\"100\"\n\t\t\t\t\tstyle=\"max-width:100%;\"\n\t\t\t\t\/>\n\t\t\t<\/a>\n\t\t<\/div>\n\t\t\t\t\t\t\t<\/div>\n\t\t\t\n\t\t\t\t<div id=\"ngg-image-18\" class=\"ngg-gallery-thumbnail-box\n\t\t\t\t\t\t\t\t\t\t\t\"\n\t\t\t>\n\t\t\t\t\t\t<div class=\"ngg-gallery-thumbnail\">\n\t\t<a href=\"https:\/\/www.aclanester56.com\/velo\/wp-content\/gallery\/presentation-acl-2015-2eme-partie\/ACL-2015-2-124.JPG?t=1425749782\"\n\t\t\ttitle=\"\"\n\t\t\tdata-src=\"https:\/\/www.aclanester56.com\/velo\/wp-content\/gallery\/presentation-acl-2015-2eme-partie\/ACL-2015-2-124.JPG?t=1425749782\"\n\t\t\tdata-thumbnail=\"https:\/\/www.aclanester56.com\/velo\/wp-content\/gallery\/presentation-acl-2015-2eme-partie\/thumbs\/thumbs_ACL-2015-2-124.JPG?t=1425749782\"\n\t\t\tdata-image-id=\"7522\"\n\t\t\tdata-image-name=\"ACL-2015-2-124.JPG\"\n\t\t\tdata-title=\"ACL-2015-2-124.JPG\"\n\t\t\tdata-description=\"\"\n\t\t\tdata-image-slug=\"acl-2015-2-124-jpg\"\n\t\t\t\t\t\t\t\t\t\t\t\t\t\t\t\t\t\t\t\tclass=\"ngg-simplelightbox\" rel=\"fe771e46aec7e313f6d6992475655714\">\n\t\t\t\t\t\t\t\t<img\n\t\t\t\t\ttitle=\"ACL-2015-2-124.JPG\"\n\t\t\t\t\talt=\"ACL-2015-2-124.JPG\"\n\t\t\t\t\tsrc=\"https:\/\/www.aclanester56.com\/velo\/wp-content\/gallery\/presentation-acl-2015-2eme-partie\/thumbs\/thumbs_ACL-2015-2-124.JPG?t=1425749782\"\n\t\t\t\t\twidth=\"100\"\n\t\t\t\t\theight=\"100\"\n\t\t\t\t\tstyle=\"max-width:100%;\"\n\t\t\t\t\/>\n\t\t\t<\/a>\n\t\t<\/div>\n\t\t\t\t\t\t\t<\/div>\n\t\t\t\n\t\t\t\t<div id=\"ngg-image-19\" class=\"ngg-gallery-thumbnail-box\n\t\t\t\t\t\t\t\t\t\t\t\"\n\t\t\t>\n\t\t\t\t\t\t<div class=\"ngg-gallery-thumbnail\">\n\t\t<a href=\"https:\/\/www.aclanester56.com\/velo\/wp-content\/gallery\/presentation-acl-2015-2eme-partie\/ACL-2015-2-131.JPG?t=1425749784\"\n\t\t\ttitle=\"\"\n\t\t\tdata-src=\"https:\/\/www.aclanester56.com\/velo\/wp-content\/gallery\/presentation-acl-2015-2eme-partie\/ACL-2015-2-131.JPG?t=1425749784\"\n\t\t\tdata-thumbnail=\"https:\/\/www.aclanester56.com\/velo\/wp-content\/gallery\/presentation-acl-2015-2eme-partie\/thumbs\/thumbs_ACL-2015-2-131.JPG?t=1425749784\"\n\t\t\tdata-image-id=\"7523\"\n\t\t\tdata-image-name=\"ACL-2015-2-131.JPG\"\n\t\t\tdata-title=\"ACL-2015-2-131.JPG\"\n\t\t\tdata-description=\"\"\n\t\t\tdata-image-slug=\"acl-2015-2-131-jpg\"\n\t\t\t\t\t\t\t\t\t\t\t\t\t\t\t\t\t\t\t\tclass=\"ngg-simplelightbox\" rel=\"fe771e46aec7e313f6d6992475655714\">\n\t\t\t\t\t\t\t\t<img\n\t\t\t\t\ttitle=\"ACL-2015-2-131.JPG\"\n\t\t\t\t\talt=\"ACL-2015-2-131.JPG\"\n\t\t\t\t\tsrc=\"https:\/\/www.aclanester56.com\/velo\/wp-content\/gallery\/presentation-acl-2015-2eme-partie\/thumbs\/thumbs_ACL-2015-2-131.JPG?t=1425749784\"\n\t\t\t\t\twidth=\"100\"\n\t\t\t\t\theight=\"100\"\n\t\t\t\t\tstyle=\"max-width:100%;\"\n\t\t\t\t\/>\n\t\t\t<\/a>\n\t\t<\/div>\n\t\t\t\t\t\t\t<\/div>\n\t\t\t\n\t\t\t\t<div id=\"ngg-image-20\" class=\"ngg-gallery-thumbnail-box\n\t\t\t\t\t\t\t\t\t\t\t\"\n\t\t\t>\n\t\t\t\t\t\t<div class=\"ngg-gallery-thumbnail\">\n\t\t<a href=\"https:\/\/www.aclanester56.com\/velo\/wp-content\/gallery\/presentation-acl-2015-2eme-partie\/ACL-2015-2-132.JPG?t=1425749787\"\n\t\t\ttitle=\"\"\n\t\t\tdata-src=\"https:\/\/www.aclanester56.com\/velo\/wp-content\/gallery\/presentation-acl-2015-2eme-partie\/ACL-2015-2-132.JPG?t=1425749787\"\n\t\t\tdata-thumbnail=\"https:\/\/www.aclanester56.com\/velo\/wp-content\/gallery\/presentation-acl-2015-2eme-partie\/thumbs\/thumbs_ACL-2015-2-132.JPG?t=1425749787\"\n\t\t\tdata-image-id=\"7524\"\n\t\t\tdata-image-name=\"ACL-2015-2-132.JPG\"\n\t\t\tdata-title=\"ACL-2015-2-132.JPG\"\n\t\t\tdata-description=\"\"\n\t\t\tdata-image-slug=\"acl-2015-2-132-jpg\"\n\t\t\t\t\t\t\t\t\t\t\t\t\t\t\t\t\t\t\t\tclass=\"ngg-simplelightbox\" rel=\"fe771e46aec7e313f6d6992475655714\">\n\t\t\t\t\t\t\t\t<img\n\t\t\t\t\ttitle=\"ACL-2015-2-132.JPG\"\n\t\t\t\t\talt=\"ACL-2015-2-132.JPG\"\n\t\t\t\t\tsrc=\"https:\/\/www.aclanester56.com\/velo\/wp-content\/gallery\/presentation-acl-2015-2eme-partie\/thumbs\/thumbs_ACL-2015-2-132.JPG?t=1425749787\"\n\t\t\t\t\twidth=\"100\"\n\t\t\t\t\theight=\"100\"\n\t\t\t\t\tstyle=\"max-width:100%;\"\n\t\t\t\t\/>\n\t\t\t<\/a>\n\t\t<\/div>\n\t\t\t\t\t\t\t<\/div>\n\t\t\t\n\t\t\t\t<div id=\"ngg-image-21\" class=\"ngg-gallery-thumbnail-box\n\t\t\t\t\t\t\t\t\t\t\t\"\n\t\t\t>\n\t\t\t\t\t\t<div class=\"ngg-gallery-thumbnail\">\n\t\t<a href=\"https:\/\/www.aclanester56.com\/velo\/wp-content\/gallery\/presentation-acl-2015-2eme-partie\/ACL-2015-2-133.JPG?t=1425749790\"\n\t\t\ttitle=\"\"\n\t\t\tdata-src=\"https:\/\/www.aclanester56.com\/velo\/wp-content\/gallery\/presentation-acl-2015-2eme-partie\/ACL-2015-2-133.JPG?t=1425749790\"\n\t\t\tdata-thumbnail=\"https:\/\/www.aclanester56.com\/velo\/wp-content\/gallery\/presentation-acl-2015-2eme-partie\/thumbs\/thumbs_ACL-2015-2-133.JPG?t=1425749790\"\n\t\t\tdata-image-id=\"7525\"\n\t\t\tdata-image-name=\"ACL-2015-2-133.JPG\"\n\t\t\tdata-title=\"ACL-2015-2-133.JPG\"\n\t\t\tdata-description=\"\"\n\t\t\tdata-image-slug=\"acl-2015-2-133-jpg\"\n\t\t\t\t\t\t\t\t\t\t\t\t\t\t\t\t\t\t\t\tclass=\"ngg-simplelightbox\" rel=\"fe771e46aec7e313f6d6992475655714\">\n\t\t\t\t\t\t\t\t<img\n\t\t\t\t\ttitle=\"ACL-2015-2-133.JPG\"\n\t\t\t\t\talt=\"ACL-2015-2-133.JPG\"\n\t\t\t\t\tsrc=\"https:\/\/www.aclanester56.com\/velo\/wp-content\/gallery\/presentation-acl-2015-2eme-partie\/thumbs\/thumbs_ACL-2015-2-133.JPG?t=1425749790\"\n\t\t\t\t\twidth=\"100\"\n\t\t\t\t\theight=\"100\"\n\t\t\t\t\tstyle=\"max-width:100%;\"\n\t\t\t\t\/>\n\t\t\t<\/a>\n\t\t<\/div>\n\t\t\t\t\t\t\t<\/div>\n\t\t\t\n\t\t\t\t<div id=\"ngg-image-22\" class=\"ngg-gallery-thumbnail-box\n\t\t\t\t\t\t\t\t\t\t\t\"\n\t\t\t>\n\t\t\t\t\t\t<div class=\"ngg-gallery-thumbnail\">\n\t\t<a href=\"https:\/\/www.aclanester56.com\/velo\/wp-content\/gallery\/presentation-acl-2015-2eme-partie\/ACL-2015-2-134.JPG?t=1425749793\"\n\t\t\ttitle=\"\"\n\t\t\tdata-src=\"https:\/\/www.aclanester56.com\/velo\/wp-content\/gallery\/presentation-acl-2015-2eme-partie\/ACL-2015-2-134.JPG?t=1425749793\"\n\t\t\tdata-thumbnail=\"https:\/\/www.aclanester56.com\/velo\/wp-content\/gallery\/presentation-acl-2015-2eme-partie\/thumbs\/thumbs_ACL-2015-2-134.JPG?t=1425749793\"\n\t\t\tdata-image-id=\"7526\"\n\t\t\tdata-image-name=\"ACL-2015-2-134.JPG\"\n\t\t\tdata-title=\"ACL-2015-2-134.JPG\"\n\t\t\tdata-description=\"\"\n\t\t\tdata-image-slug=\"acl-2015-2-134-jpg\"\n\t\t\t\t\t\t\t\t\t\t\t\t\t\t\t\t\t\t\t\tclass=\"ngg-simplelightbox\" rel=\"fe771e46aec7e313f6d6992475655714\">\n\t\t\t\t\t\t\t\t<img\n\t\t\t\t\ttitle=\"ACL-2015-2-134.JPG\"\n\t\t\t\t\talt=\"ACL-2015-2-134.JPG\"\n\t\t\t\t\tsrc=\"https:\/\/www.aclanester56.com\/velo\/wp-content\/gallery\/presentation-acl-2015-2eme-partie\/thumbs\/thumbs_ACL-2015-2-134.JPG?t=1425749793\"\n\t\t\t\t\twidth=\"100\"\n\t\t\t\t\theight=\"100\"\n\t\t\t\t\tstyle=\"max-width:100%;\"\n\t\t\t\t\/>\n\t\t\t<\/a>\n\t\t<\/div>\n\t\t\t\t\t\t\t<\/div>\n\t\t\t\n\t\t\t\t<div id=\"ngg-image-23\" class=\"ngg-gallery-thumbnail-box\n\t\t\t\t\t\t\t\t\t\t\t\"\n\t\t\t>\n\t\t\t\t\t\t<div class=\"ngg-gallery-thumbnail\">\n\t\t<a href=\"https:\/\/www.aclanester56.com\/velo\/wp-content\/gallery\/presentation-acl-2015-2eme-partie\/ACL-2015-2-138.JPG?t=1425749796\"\n\t\t\ttitle=\"\"\n\t\t\tdata-src=\"https:\/\/www.aclanester56.com\/velo\/wp-content\/gallery\/presentation-acl-2015-2eme-partie\/ACL-2015-2-138.JPG?t=1425749796\"\n\t\t\tdata-thumbnail=\"https:\/\/www.aclanester56.com\/velo\/wp-content\/gallery\/presentation-acl-2015-2eme-partie\/thumbs\/thumbs_ACL-2015-2-138.JPG?t=1425749796\"\n\t\t\tdata-image-id=\"7527\"\n\t\t\tdata-image-name=\"ACL-2015-2-138.JPG\"\n\t\t\tdata-title=\"ACL-2015-2-138.JPG\"\n\t\t\tdata-description=\"\"\n\t\t\tdata-image-slug=\"acl-2015-2-138-jpg\"\n\t\t\t\t\t\t\t\t\t\t\t\t\t\t\t\t\t\t\t\tclass=\"ngg-simplelightbox\" rel=\"fe771e46aec7e313f6d6992475655714\">\n\t\t\t\t\t\t\t\t<img\n\t\t\t\t\ttitle=\"ACL-2015-2-138.JPG\"\n\t\t\t\t\talt=\"ACL-2015-2-138.JPG\"\n\t\t\t\t\tsrc=\"https:\/\/www.aclanester56.com\/velo\/wp-content\/gallery\/presentation-acl-2015-2eme-partie\/thumbs\/thumbs_ACL-2015-2-138.JPG?t=1425749796\"\n\t\t\t\t\twidth=\"100\"\n\t\t\t\t\theight=\"100\"\n\t\t\t\t\tstyle=\"max-width:100%;\"\n\t\t\t\t\/>\n\t\t\t<\/a>\n\t\t<\/div>\n\t\t\t\t\t\t\t<\/div>\n\t\t\t\n\t\t\t\t<div id=\"ngg-image-24\" class=\"ngg-gallery-thumbnail-box\n\t\t\t\t\t\t\t\t\t\t\t\"\n\t\t\t>\n\t\t\t\t\t\t<div class=\"ngg-gallery-thumbnail\">\n\t\t<a href=\"https:\/\/www.aclanester56.com\/velo\/wp-content\/gallery\/presentation-acl-2015-2eme-partie\/ACL-2015-2-152.JPG?t=1425749799\"\n\t\t\ttitle=\"\"\n\t\t\tdata-src=\"https:\/\/www.aclanester56.com\/velo\/wp-content\/gallery\/presentation-acl-2015-2eme-partie\/ACL-2015-2-152.JPG?t=1425749799\"\n\t\t\tdata-thumbnail=\"https:\/\/www.aclanester56.com\/velo\/wp-content\/gallery\/presentation-acl-2015-2eme-partie\/thumbs\/thumbs_ACL-2015-2-152.JPG?t=1425749799\"\n\t\t\tdata-image-id=\"7528\"\n\t\t\tdata-image-name=\"ACL-2015-2-152.JPG\"\n\t\t\tdata-title=\"ACL-2015-2-152.JPG\"\n\t\t\tdata-description=\"\"\n\t\t\tdata-image-slug=\"acl-2015-2-152-jpg\"\n\t\t\t\t\t\t\t\t\t\t\t\t\t\t\t\t\t\t\t\tclass=\"ngg-simplelightbox\" rel=\"fe771e46aec7e313f6d6992475655714\">\n\t\t\t\t\t\t\t\t<img\n\t\t\t\t\ttitle=\"ACL-2015-2-152.JPG\"\n\t\t\t\t\talt=\"ACL-2015-2-152.JPG\"\n\t\t\t\t\tsrc=\"https:\/\/www.aclanester56.com\/velo\/wp-content\/gallery\/presentation-acl-2015-2eme-partie\/thumbs\/thumbs_ACL-2015-2-152.JPG?t=1425749799\"\n\t\t\t\t\twidth=\"100\"\n\t\t\t\t\theight=\"100\"\n\t\t\t\t\tstyle=\"max-width:100%;\"\n\t\t\t\t\/>\n\t\t\t<\/a>\n\t\t<\/div>\n\t\t\t\t\t\t\t<\/div>\n\t\t\t\n\t\t\t\t<div id=\"ngg-image-25\" class=\"ngg-gallery-thumbnail-box\n\t\t\t\t\t\t\t\t\t\t\t\"\n\t\t\t>\n\t\t\t\t\t\t<div class=\"ngg-gallery-thumbnail\">\n\t\t<a href=\"https:\/\/www.aclanester56.com\/velo\/wp-content\/gallery\/presentation-acl-2015-2eme-partie\/ACL-2015-2-153.JPG?t=1425749802\"\n\t\t\ttitle=\"\"\n\t\t\tdata-src=\"https:\/\/www.aclanester56.com\/velo\/wp-content\/gallery\/presentation-acl-2015-2eme-partie\/ACL-2015-2-153.JPG?t=1425749802\"\n\t\t\tdata-thumbnail=\"https:\/\/www.aclanester56.com\/velo\/wp-content\/gallery\/presentation-acl-2015-2eme-partie\/thumbs\/thumbs_ACL-2015-2-153.JPG?t=1425749802\"\n\t\t\tdata-image-id=\"7529\"\n\t\t\tdata-image-name=\"ACL-2015-2-153.JPG\"\n\t\t\tdata-title=\"ACL-2015-2-153.JPG\"\n\t\t\tdata-description=\"\"\n\t\t\tdata-image-slug=\"acl-2015-2-153-jpg\"\n\t\t\t\t\t\t\t\t\t\t\t\t\t\t\t\t\t\t\t\tclass=\"ngg-simplelightbox\" rel=\"fe771e46aec7e313f6d6992475655714\">\n\t\t\t\t\t\t\t\t<img\n\t\t\t\t\ttitle=\"ACL-2015-2-153.JPG\"\n\t\t\t\t\talt=\"ACL-2015-2-153.JPG\"\n\t\t\t\t\tsrc=\"https:\/\/www.aclanester56.com\/velo\/wp-content\/gallery\/presentation-acl-2015-2eme-partie\/thumbs\/thumbs_ACL-2015-2-153.JPG?t=1425749802\"\n\t\t\t\t\twidth=\"100\"\n\t\t\t\t\theight=\"100\"\n\t\t\t\t\tstyle=\"max-width:100%;\"\n\t\t\t\t\/>\n\t\t\t<\/a>\n\t\t<\/div>\n\t\t\t\t\t\t\t<\/div>\n\t\t\t\n\t\t\t\t<div id=\"ngg-image-26\" class=\"ngg-gallery-thumbnail-box\n\t\t\t\t\t\t\t\t\t\t\t\"\n\t\t\t>\n\t\t\t\t\t\t<div class=\"ngg-gallery-thumbnail\">\n\t\t<a href=\"https:\/\/www.aclanester56.com\/velo\/wp-content\/gallery\/presentation-acl-2015-2eme-partie\/ACL-2015-2-154.JPG?t=1425749806\"\n\t\t\ttitle=\"\"\n\t\t\tdata-src=\"https:\/\/www.aclanester56.com\/velo\/wp-content\/gallery\/presentation-acl-2015-2eme-partie\/ACL-2015-2-154.JPG?t=1425749806\"\n\t\t\tdata-thumbnail=\"https:\/\/www.aclanester56.com\/velo\/wp-content\/gallery\/presentation-acl-2015-2eme-partie\/thumbs\/thumbs_ACL-2015-2-154.JPG?t=1425749806\"\n\t\t\tdata-image-id=\"7530\"\n\t\t\tdata-image-name=\"ACL-2015-2-154.JPG\"\n\t\t\tdata-title=\"ACL-2015-2-154.JPG\"\n\t\t\tdata-description=\"\"\n\t\t\tdata-image-slug=\"acl-2015-2-154-jpg\"\n\t\t\t\t\t\t\t\t\t\t\t\t\t\t\t\t\t\t\t\tclass=\"ngg-simplelightbox\" rel=\"fe771e46aec7e313f6d6992475655714\">\n\t\t\t\t\t\t\t\t<img\n\t\t\t\t\ttitle=\"ACL-2015-2-154.JPG\"\n\t\t\t\t\talt=\"ACL-2015-2-154.JPG\"\n\t\t\t\t\tsrc=\"https:\/\/www.aclanester56.com\/velo\/wp-content\/gallery\/presentation-acl-2015-2eme-partie\/thumbs\/thumbs_ACL-2015-2-154.JPG?t=1425749806\"\n\t\t\t\t\twidth=\"100\"\n\t\t\t\t\theight=\"100\"\n\t\t\t\t\tstyle=\"max-width:100%;\"\n\t\t\t\t\/>\n\t\t\t<\/a>\n\t\t<\/div>\n\t\t\t\t\t\t\t<\/div>\n\t\t\t\n\t\t\t\t<div id=\"ngg-image-27\" class=\"ngg-gallery-thumbnail-box\n\t\t\t\t\t\t\t\t\t\t\t\"\n\t\t\t>\n\t\t\t\t\t\t<div class=\"ngg-gallery-thumbnail\">\n\t\t<a href=\"https:\/\/www.aclanester56.com\/velo\/wp-content\/gallery\/presentation-acl-2015-2eme-partie\/ACL-2015-2-155.JPG?t=1425749808\"\n\t\t\ttitle=\"\"\n\t\t\tdata-src=\"https:\/\/www.aclanester56.com\/velo\/wp-content\/gallery\/presentation-acl-2015-2eme-partie\/ACL-2015-2-155.JPG?t=1425749808\"\n\t\t\tdata-thumbnail=\"https:\/\/www.aclanester56.com\/velo\/wp-content\/gallery\/presentation-acl-2015-2eme-partie\/thumbs\/thumbs_ACL-2015-2-155.JPG?t=1425749808\"\n\t\t\tdata-image-id=\"7531\"\n\t\t\tdata-image-name=\"ACL-2015-2-155.JPG\"\n\t\t\tdata-title=\"ACL-2015-2-155.JPG\"\n\t\t\tdata-description=\"\"\n\t\t\tdata-image-slug=\"acl-2015-2-155-jpg\"\n\t\t\t\t\t\t\t\t\t\t\t\t\t\t\t\t\t\t\t\tclass=\"ngg-simplelightbox\" rel=\"fe771e46aec7e313f6d6992475655714\">\n\t\t\t\t\t\t\t\t<img\n\t\t\t\t\ttitle=\"ACL-2015-2-155.JPG\"\n\t\t\t\t\talt=\"ACL-2015-2-155.JPG\"\n\t\t\t\t\tsrc=\"https:\/\/www.aclanester56.com\/velo\/wp-content\/gallery\/presentation-acl-2015-2eme-partie\/thumbs\/thumbs_ACL-2015-2-155.JPG?t=1425749808\"\n\t\t\t\t\twidth=\"100\"\n\t\t\t\t\theight=\"100\"\n\t\t\t\t\tstyle=\"max-width:100%;\"\n\t\t\t\t\/>\n\t\t\t<\/a>\n\t\t<\/div>\n\t\t\t\t\t\t\t<\/div>\n\t\t\t\n\t\t\t\t<div id=\"ngg-image-28\" class=\"ngg-gallery-thumbnail-box\n\t\t\t\t\t\t\t\t\t\t\t\"\n\t\t\t>\n\t\t\t\t\t\t<div class=\"ngg-gallery-thumbnail\">\n\t\t<a href=\"https:\/\/www.aclanester56.com\/velo\/wp-content\/gallery\/presentation-acl-2015-2eme-partie\/ACL-2015-2-156.JPG?t=1425749812\"\n\t\t\ttitle=\"\"\n\t\t\tdata-src=\"https:\/\/www.aclanester56.com\/velo\/wp-content\/gallery\/presentation-acl-2015-2eme-partie\/ACL-2015-2-156.JPG?t=1425749812\"\n\t\t\tdata-thumbnail=\"https:\/\/www.aclanester56.com\/velo\/wp-content\/gallery\/presentation-acl-2015-2eme-partie\/thumbs\/thumbs_ACL-2015-2-156.JPG?t=1425749812\"\n\t\t\tdata-image-id=\"7532\"\n\t\t\tdata-image-name=\"ACL-2015-2-156.JPG\"\n\t\t\tdata-title=\"ACL-2015-2-156.JPG\"\n\t\t\tdata-description=\"\"\n\t\t\tdata-image-slug=\"acl-2015-2-156-jpg\"\n\t\t\t\t\t\t\t\t\t\t\t\t\t\t\t\t\t\t\t\tclass=\"ngg-simplelightbox\" rel=\"fe771e46aec7e313f6d6992475655714\">\n\t\t\t\t\t\t\t\t<img\n\t\t\t\t\ttitle=\"ACL-2015-2-156.JPG\"\n\t\t\t\t\talt=\"ACL-2015-2-156.JPG\"\n\t\t\t\t\tsrc=\"https:\/\/www.aclanester56.com\/velo\/wp-content\/gallery\/presentation-acl-2015-2eme-partie\/thumbs\/thumbs_ACL-2015-2-156.JPG?t=1425749812\"\n\t\t\t\t\twidth=\"100\"\n\t\t\t\t\theight=\"100\"\n\t\t\t\t\tstyle=\"max-width:100%;\"\n\t\t\t\t\/>\n\t\t\t<\/a>\n\t\t<\/div>\n\t\t\t\t\t\t\t<\/div>\n\t\t\t\n\t\t\t\t<div id=\"ngg-image-29\" class=\"ngg-gallery-thumbnail-box\n\t\t\t\t\t\t\t\t\t\t\t\"\n\t\t\t>\n\t\t\t\t\t\t<div class=\"ngg-gallery-thumbnail\">\n\t\t<a href=\"https:\/\/www.aclanester56.com\/velo\/wp-content\/gallery\/presentation-acl-2015-2eme-partie\/ACL-2015-2-157.JPG?t=1425749815\"\n\t\t\ttitle=\"\"\n\t\t\tdata-src=\"https:\/\/www.aclanester56.com\/velo\/wp-content\/gallery\/presentation-acl-2015-2eme-partie\/ACL-2015-2-157.JPG?t=1425749815\"\n\t\t\tdata-thumbnail=\"https:\/\/www.aclanester56.com\/velo\/wp-content\/gallery\/presentation-acl-2015-2eme-partie\/thumbs\/thumbs_ACL-2015-2-157.JPG?t=1425749815\"\n\t\t\tdata-image-id=\"7533\"\n\t\t\tdata-image-name=\"ACL-2015-2-157.JPG\"\n\t\t\tdata-title=\"ACL-2015-2-157.JPG\"\n\t\t\tdata-description=\"\"\n\t\t\tdata-image-slug=\"acl-2015-2-157-jpg\"\n\t\t\t\t\t\t\t\t\t\t\t\t\t\t\t\t\t\t\t\tclass=\"ngg-simplelightbox\" rel=\"fe771e46aec7e313f6d6992475655714\">\n\t\t\t\t\t\t\t\t<img\n\t\t\t\t\ttitle=\"ACL-2015-2-157.JPG\"\n\t\t\t\t\talt=\"ACL-2015-2-157.JPG\"\n\t\t\t\t\tsrc=\"https:\/\/www.aclanester56.com\/velo\/wp-content\/gallery\/presentation-acl-2015-2eme-partie\/thumbs\/thumbs_ACL-2015-2-157.JPG?t=1425749815\"\n\t\t\t\t\twidth=\"100\"\n\t\t\t\t\theight=\"100\"\n\t\t\t\t\tstyle=\"max-width:100%;\"\n\t\t\t\t\/>\n\t\t\t<\/a>\n\t\t<\/div>\n\t\t\t\t\t\t\t<\/div>\n\t\t\t\n\t\t\t\t<div id=\"ngg-image-30\" class=\"ngg-gallery-thumbnail-box\n\t\t\t\t\t\t\t\t\t\t\t\"\n\t\t\t>\n\t\t\t\t\t\t<div class=\"ngg-gallery-thumbnail\">\n\t\t<a href=\"https:\/\/www.aclanester56.com\/velo\/wp-content\/gallery\/presentation-acl-2015-2eme-partie\/ACL-2015-2-158.JPG?t=1425749818\"\n\t\t\ttitle=\"\"\n\t\t\tdata-src=\"https:\/\/www.aclanester56.com\/velo\/wp-content\/gallery\/presentation-acl-2015-2eme-partie\/ACL-2015-2-158.JPG?t=1425749818\"\n\t\t\tdata-thumbnail=\"https:\/\/www.aclanester56.com\/velo\/wp-content\/gallery\/presentation-acl-2015-2eme-partie\/thumbs\/thumbs_ACL-2015-2-158.JPG?t=1425749818\"\n\t\t\tdata-image-id=\"7534\"\n\t\t\tdata-image-name=\"ACL-2015-2-158.JPG\"\n\t\t\tdata-title=\"ACL-2015-2-158.JPG\"\n\t\t\tdata-description=\"\"\n\t\t\tdata-image-slug=\"acl-2015-2-158-jpg\"\n\t\t\t\t\t\t\t\t\t\t\t\t\t\t\t\t\t\t\t\tclass=\"ngg-simplelightbox\" rel=\"fe771e46aec7e313f6d6992475655714\">\n\t\t\t\t\t\t\t\t<img\n\t\t\t\t\ttitle=\"ACL-2015-2-158.JPG\"\n\t\t\t\t\talt=\"ACL-2015-2-158.JPG\"\n\t\t\t\t\tsrc=\"https:\/\/www.aclanester56.com\/velo\/wp-content\/gallery\/presentation-acl-2015-2eme-partie\/thumbs\/thumbs_ACL-2015-2-158.JPG?t=1425749818\"\n\t\t\t\t\twidth=\"100\"\n\t\t\t\t\theight=\"100\"\n\t\t\t\t\tstyle=\"max-width:100%;\"\n\t\t\t\t\/>\n\t\t\t<\/a>\n\t\t<\/div>\n\t\t\t\t\t\t\t<\/div>\n\t\t\t\n\t\t\t\t<div id=\"ngg-image-31\" class=\"ngg-gallery-thumbnail-box\n\t\t\t\t\t\t\t\t\t\t\t\"\n\t\t\t>\n\t\t\t\t\t\t<div class=\"ngg-gallery-thumbnail\">\n\t\t<a href=\"https:\/\/www.aclanester56.com\/velo\/wp-content\/gallery\/presentation-acl-2015-2eme-partie\/ACL-2015-2-31.JPG?t=1425749697\"\n\t\t\ttitle=\"\"\n\t\t\tdata-src=\"https:\/\/www.aclanester56.com\/velo\/wp-content\/gallery\/presentation-acl-2015-2eme-partie\/ACL-2015-2-31.JPG?t=1425749697\"\n\t\t\tdata-thumbnail=\"https:\/\/www.aclanester56.com\/velo\/wp-content\/gallery\/presentation-acl-2015-2eme-partie\/thumbs\/thumbs_ACL-2015-2-31.JPG?t=1425749697\"\n\t\t\tdata-image-id=\"7489\"\n\t\t\tdata-image-name=\"ACL-2015-2-31.JPG\"\n\t\t\tdata-title=\"ACL-2015-2-31.JPG\"\n\t\t\tdata-description=\"\"\n\t\t\tdata-image-slug=\"acl-2015-2-31-jpg\"\n\t\t\t\t\t\t\t\t\t\t\t\t\t\t\t\t\t\t\t\tclass=\"ngg-simplelightbox\" rel=\"fe771e46aec7e313f6d6992475655714\">\n\t\t\t\t\t\t\t\t<img\n\t\t\t\t\ttitle=\"ACL-2015-2-31.JPG\"\n\t\t\t\t\talt=\"ACL-2015-2-31.JPG\"\n\t\t\t\t\tsrc=\"https:\/\/www.aclanester56.com\/velo\/wp-content\/gallery\/presentation-acl-2015-2eme-partie\/thumbs\/thumbs_ACL-2015-2-31.JPG?t=1425749697\"\n\t\t\t\t\twidth=\"100\"\n\t\t\t\t\theight=\"100\"\n\t\t\t\t\tstyle=\"max-width:100%;\"\n\t\t\t\t\/>\n\t\t\t<\/a>\n\t\t<\/div>\n\t\t\t\t\t\t\t<\/div>\n\t\t\t\n\t\t\t\t<div id=\"ngg-image-32\" class=\"ngg-gallery-thumbnail-box\n\t\t\t\t\t\t\t\t\t\t\t\"\n\t\t\t>\n\t\t\t\t\t\t<div class=\"ngg-gallery-thumbnail\">\n\t\t<a href=\"https:\/\/www.aclanester56.com\/velo\/wp-content\/gallery\/presentation-acl-2015-2eme-partie\/ACL-2015-2-06.JPG?t=1425749672\"\n\t\t\ttitle=\"\"\n\t\t\tdata-src=\"https:\/\/www.aclanester56.com\/velo\/wp-content\/gallery\/presentation-acl-2015-2eme-partie\/ACL-2015-2-06.JPG?t=1425749672\"\n\t\t\tdata-thumbnail=\"https:\/\/www.aclanester56.com\/velo\/wp-content\/gallery\/presentation-acl-2015-2eme-partie\/thumbs\/thumbs_ACL-2015-2-06.JPG?t=1425749672\"\n\t\t\tdata-image-id=\"7475\"\n\t\t\tdata-image-name=\"ACL-2015-2-06.JPG\"\n\t\t\tdata-title=\"ACL-2015-2-06.JPG\"\n\t\t\tdata-description=\"\"\n\t\t\tdata-image-slug=\"acl-2015-2-06-jpg\"\n\t\t\t\t\t\t\t\t\t\t\t\t\t\t\t\t\t\t\t\tclass=\"ngg-simplelightbox\" rel=\"fe771e46aec7e313f6d6992475655714\">\n\t\t\t\t\t\t\t\t<img\n\t\t\t\t\ttitle=\"ACL-2015-2-06.JPG\"\n\t\t\t\t\talt=\"ACL-2015-2-06.JPG\"\n\t\t\t\t\tsrc=\"https:\/\/www.aclanester56.com\/velo\/wp-content\/gallery\/presentation-acl-2015-2eme-partie\/thumbs\/thumbs_ACL-2015-2-06.JPG?t=1425749672\"\n\t\t\t\t\twidth=\"100\"\n\t\t\t\t\theight=\"100\"\n\t\t\t\t\tstyle=\"max-width:100%;\"\n\t\t\t\t\/>\n\t\t\t<\/a>\n\t\t<\/div>\n\t\t\t\t\t\t\t<\/div>\n\t\t\t\n\t\t\t\t<div id=\"ngg-image-33\" class=\"ngg-gallery-thumbnail-box\n\t\t\t\t\t\t\t\t\t\t\t\"\n\t\t\t>\n\t\t\t\t\t\t<div class=\"ngg-gallery-thumbnail\">\n\t\t<a href=\"https:\/\/www.aclanester56.com\/velo\/wp-content\/gallery\/presentation-acl-2015-2eme-partie\/ACL-2015-2-08.JPG?t=1425749674\"\n\t\t\ttitle=\"\"\n\t\t\tdata-src=\"https:\/\/www.aclanester56.com\/velo\/wp-content\/gallery\/presentation-acl-2015-2eme-partie\/ACL-2015-2-08.JPG?t=1425749674\"\n\t\t\tdata-thumbnail=\"https:\/\/www.aclanester56.com\/velo\/wp-content\/gallery\/presentation-acl-2015-2eme-partie\/thumbs\/thumbs_ACL-2015-2-08.JPG?t=1425749674\"\n\t\t\tdata-image-id=\"7476\"\n\t\t\tdata-image-name=\"ACL-2015-2-08.JPG\"\n\t\t\tdata-title=\"ACL-2015-2-08.JPG\"\n\t\t\tdata-description=\"\"\n\t\t\tdata-image-slug=\"acl-2015-2-08-jpg\"\n\t\t\t\t\t\t\t\t\t\t\t\t\t\t\t\t\t\t\t\tclass=\"ngg-simplelightbox\" rel=\"fe771e46aec7e313f6d6992475655714\">\n\t\t\t\t\t\t\t\t<img\n\t\t\t\t\ttitle=\"ACL-2015-2-08.JPG\"\n\t\t\t\t\talt=\"ACL-2015-2-08.JPG\"\n\t\t\t\t\tsrc=\"https:\/\/www.aclanester56.com\/velo\/wp-content\/gallery\/presentation-acl-2015-2eme-partie\/thumbs\/thumbs_ACL-2015-2-08.JPG?t=1425749674\"\n\t\t\t\t\twidth=\"100\"\n\t\t\t\t\theight=\"100\"\n\t\t\t\t\tstyle=\"max-width:100%;\"\n\t\t\t\t\/>\n\t\t\t<\/a>\n\t\t<\/div>\n\t\t\t\t\t\t\t<\/div>\n\t\t\t\n\t\t\t\t<div id=\"ngg-image-34\" class=\"ngg-gallery-thumbnail-box\n\t\t\t\t\t\t\t\t\t\t\t\"\n\t\t\t>\n\t\t\t\t\t\t<div class=\"ngg-gallery-thumbnail\">\n\t\t<a href=\"https:\/\/www.aclanester56.com\/velo\/wp-content\/gallery\/presentation-acl-2015-2eme-partie\/ACL-2015-2-10.JPG?t=1425749676\"\n\t\t\ttitle=\"\"\n\t\t\tdata-src=\"https:\/\/www.aclanester56.com\/velo\/wp-content\/gallery\/presentation-acl-2015-2eme-partie\/ACL-2015-2-10.JPG?t=1425749676\"\n\t\t\tdata-thumbnail=\"https:\/\/www.aclanester56.com\/velo\/wp-content\/gallery\/presentation-acl-2015-2eme-partie\/thumbs\/thumbs_ACL-2015-2-10.JPG?t=1425749676\"\n\t\t\tdata-image-id=\"7477\"\n\t\t\tdata-image-name=\"ACL-2015-2-10.JPG\"\n\t\t\tdata-title=\"ACL-2015-2-10.JPG\"\n\t\t\tdata-description=\"\"\n\t\t\tdata-image-slug=\"acl-2015-2-10-jpg\"\n\t\t\t\t\t\t\t\t\t\t\t\t\t\t\t\t\t\t\t\tclass=\"ngg-simplelightbox\" rel=\"fe771e46aec7e313f6d6992475655714\">\n\t\t\t\t\t\t\t\t<img\n\t\t\t\t\ttitle=\"ACL-2015-2-10.JPG\"\n\t\t\t\t\talt=\"ACL-2015-2-10.JPG\"\n\t\t\t\t\tsrc=\"https:\/\/www.aclanester56.com\/velo\/wp-content\/gallery\/presentation-acl-2015-2eme-partie\/thumbs\/thumbs_ACL-2015-2-10.JPG?t=1425749676\"\n\t\t\t\t\twidth=\"100\"\n\t\t\t\t\theight=\"100\"\n\t\t\t\t\tstyle=\"max-width:100%;\"\n\t\t\t\t\/>\n\t\t\t<\/a>\n\t\t<\/div>\n\t\t\t\t\t\t\t<\/div>\n\t\t\t\n\t\t\t\t<div id=\"ngg-image-35\" class=\"ngg-gallery-thumbnail-box\n\t\t\t\t\t\t\t\t\t\t\t\"\n\t\t\t>\n\t\t\t\t\t\t<div class=\"ngg-gallery-thumbnail\">\n\t\t<a href=\"https:\/\/www.aclanester56.com\/velo\/wp-content\/gallery\/presentation-acl-2015-2eme-partie\/ACL-2015-2-11.JPG?t=1425749677\"\n\t\t\ttitle=\"\"\n\t\t\tdata-src=\"https:\/\/www.aclanester56.com\/velo\/wp-content\/gallery\/presentation-acl-2015-2eme-partie\/ACL-2015-2-11.JPG?t=1425749677\"\n\t\t\tdata-thumbnail=\"https:\/\/www.aclanester56.com\/velo\/wp-content\/gallery\/presentation-acl-2015-2eme-partie\/thumbs\/thumbs_ACL-2015-2-11.JPG?t=1425749677\"\n\t\t\tdata-image-id=\"7478\"\n\t\t\tdata-image-name=\"ACL-2015-2-11.JPG\"\n\t\t\tdata-title=\"ACL-2015-2-11.JPG\"\n\t\t\tdata-description=\"\"\n\t\t\tdata-image-slug=\"acl-2015-2-11-jpg\"\n\t\t\t\t\t\t\t\t\t\t\t\t\t\t\t\t\t\t\t\tclass=\"ngg-simplelightbox\" rel=\"fe771e46aec7e313f6d6992475655714\">\n\t\t\t\t\t\t\t\t<img\n\t\t\t\t\ttitle=\"ACL-2015-2-11.JPG\"\n\t\t\t\t\talt=\"ACL-2015-2-11.JPG\"\n\t\t\t\t\tsrc=\"https:\/\/www.aclanester56.com\/velo\/wp-content\/gallery\/presentation-acl-2015-2eme-partie\/thumbs\/thumbs_ACL-2015-2-11.JPG?t=1425749677\"\n\t\t\t\t\twidth=\"100\"\n\t\t\t\t\theight=\"100\"\n\t\t\t\t\tstyle=\"max-width:100%;\"\n\t\t\t\t\/>\n\t\t\t<\/a>\n\t\t<\/div>\n\t\t\t\t\t\t\t<\/div>\n\t\t\t\n\t\t\t\t<div id=\"ngg-image-36\" class=\"ngg-gallery-thumbnail-box\n\t\t\t\t\t\t\t\t\t\t\t\"\n\t\t\t>\n\t\t\t\t\t\t<div class=\"ngg-gallery-thumbnail\">\n\t\t<a href=\"https:\/\/www.aclanester56.com\/velo\/wp-content\/gallery\/presentation-acl-2015-2eme-partie\/ACL-2015-2-12.JPG?t=1425749679\"\n\t\t\ttitle=\"\"\n\t\t\tdata-src=\"https:\/\/www.aclanester56.com\/velo\/wp-content\/gallery\/presentation-acl-2015-2eme-partie\/ACL-2015-2-12.JPG?t=1425749679\"\n\t\t\tdata-thumbnail=\"https:\/\/www.aclanester56.com\/velo\/wp-content\/gallery\/presentation-acl-2015-2eme-partie\/thumbs\/thumbs_ACL-2015-2-12.JPG?t=1425749679\"\n\t\t\tdata-image-id=\"7479\"\n\t\t\tdata-image-name=\"ACL-2015-2-12.JPG\"\n\t\t\tdata-title=\"ACL-2015-2-12.JPG\"\n\t\t\tdata-description=\"\"\n\t\t\tdata-image-slug=\"acl-2015-2-12-jpg\"\n\t\t\t\t\t\t\t\t\t\t\t\t\t\t\t\t\t\t\t\tclass=\"ngg-simplelightbox\" rel=\"fe771e46aec7e313f6d6992475655714\">\n\t\t\t\t\t\t\t\t<img\n\t\t\t\t\ttitle=\"ACL-2015-2-12.JPG\"\n\t\t\t\t\talt=\"ACL-2015-2-12.JPG\"\n\t\t\t\t\tsrc=\"https:\/\/www.aclanester56.com\/velo\/wp-content\/gallery\/presentation-acl-2015-2eme-partie\/thumbs\/thumbs_ACL-2015-2-12.JPG?t=1425749679\"\n\t\t\t\t\twidth=\"100\"\n\t\t\t\t\theight=\"100\"\n\t\t\t\t\tstyle=\"max-width:100%;\"\n\t\t\t\t\/>\n\t\t\t<\/a>\n\t\t<\/div>\n\t\t\t\t\t\t\t<\/div>\n\t\t\t\n\t\t\t\t<div id=\"ngg-image-37\" class=\"ngg-gallery-thumbnail-box\n\t\t\t\t\t\t\t\t\t\t\t\"\n\t\t\t>\n\t\t\t\t\t\t<div class=\"ngg-gallery-thumbnail\">\n\t\t<a href=\"https:\/\/www.aclanester56.com\/velo\/wp-content\/gallery\/presentation-acl-2015-2eme-partie\/ACL-2015-2-14.JPG?t=1425749681\"\n\t\t\ttitle=\"\"\n\t\t\tdata-src=\"https:\/\/www.aclanester56.com\/velo\/wp-content\/gallery\/presentation-acl-2015-2eme-partie\/ACL-2015-2-14.JPG?t=1425749681\"\n\t\t\tdata-thumbnail=\"https:\/\/www.aclanester56.com\/velo\/wp-content\/gallery\/presentation-acl-2015-2eme-partie\/thumbs\/thumbs_ACL-2015-2-14.JPG?t=1425749681\"\n\t\t\tdata-image-id=\"7480\"\n\t\t\tdata-image-name=\"ACL-2015-2-14.JPG\"\n\t\t\tdata-title=\"ACL-2015-2-14.JPG\"\n\t\t\tdata-description=\"\"\n\t\t\tdata-image-slug=\"acl-2015-2-14-jpg\"\n\t\t\t\t\t\t\t\t\t\t\t\t\t\t\t\t\t\t\t\tclass=\"ngg-simplelightbox\" rel=\"fe771e46aec7e313f6d6992475655714\">\n\t\t\t\t\t\t\t\t<img\n\t\t\t\t\ttitle=\"ACL-2015-2-14.JPG\"\n\t\t\t\t\talt=\"ACL-2015-2-14.JPG\"\n\t\t\t\t\tsrc=\"https:\/\/www.aclanester56.com\/velo\/wp-content\/gallery\/presentation-acl-2015-2eme-partie\/thumbs\/thumbs_ACL-2015-2-14.JPG?t=1425749681\"\n\t\t\t\t\twidth=\"100\"\n\t\t\t\t\theight=\"100\"\n\t\t\t\t\tstyle=\"max-width:100%;\"\n\t\t\t\t\/>\n\t\t\t<\/a>\n\t\t<\/div>\n\t\t\t\t\t\t\t<\/div>\n\t\t\t\n\t\t\t\t<div id=\"ngg-image-38\" class=\"ngg-gallery-thumbnail-box\n\t\t\t\t\t\t\t\t\t\t\t\"\n\t\t\t>\n\t\t\t\t\t\t<div class=\"ngg-gallery-thumbnail\">\n\t\t<a href=\"https:\/\/www.aclanester56.com\/velo\/wp-content\/gallery\/presentation-acl-2015-2eme-partie\/ACL-2015-2-16.JPG?t=1425749682\"\n\t\t\ttitle=\"\"\n\t\t\tdata-src=\"https:\/\/www.aclanester56.com\/velo\/wp-content\/gallery\/presentation-acl-2015-2eme-partie\/ACL-2015-2-16.JPG?t=1425749682\"\n\t\t\tdata-thumbnail=\"https:\/\/www.aclanester56.com\/velo\/wp-content\/gallery\/presentation-acl-2015-2eme-partie\/thumbs\/thumbs_ACL-2015-2-16.JPG?t=1425749682\"\n\t\t\tdata-image-id=\"7481\"\n\t\t\tdata-image-name=\"ACL-2015-2-16.JPG\"\n\t\t\tdata-title=\"ACL-2015-2-16.JPG\"\n\t\t\tdata-description=\"\"\n\t\t\tdata-image-slug=\"acl-2015-2-16-jpg\"\n\t\t\t\t\t\t\t\t\t\t\t\t\t\t\t\t\t\t\t\tclass=\"ngg-simplelightbox\" rel=\"fe771e46aec7e313f6d6992475655714\">\n\t\t\t\t\t\t\t\t<img\n\t\t\t\t\ttitle=\"ACL-2015-2-16.JPG\"\n\t\t\t\t\talt=\"ACL-2015-2-16.JPG\"\n\t\t\t\t\tsrc=\"https:\/\/www.aclanester56.com\/velo\/wp-content\/gallery\/presentation-acl-2015-2eme-partie\/thumbs\/thumbs_ACL-2015-2-16.JPG?t=1425749682\"\n\t\t\t\t\twidth=\"100\"\n\t\t\t\t\theight=\"100\"\n\t\t\t\t\tstyle=\"max-width:100%;\"\n\t\t\t\t\/>\n\t\t\t<\/a>\n\t\t<\/div>\n\t\t\t\t\t\t\t<\/div>\n\t\t\t\n\t\t\t\t<div id=\"ngg-image-39\" class=\"ngg-gallery-thumbnail-box\n\t\t\t\t\t\t\t\t\t\t\t\"\n\t\t\t>\n\t\t\t\t\t\t<div class=\"ngg-gallery-thumbnail\">\n\t\t<a href=\"https:\/\/www.aclanester56.com\/velo\/wp-content\/gallery\/presentation-acl-2015-2eme-partie\/ACL-2015-2-17.JPG?t=1425749684\"\n\t\t\ttitle=\"\"\n\t\t\tdata-src=\"https:\/\/www.aclanester56.com\/velo\/wp-content\/gallery\/presentation-acl-2015-2eme-partie\/ACL-2015-2-17.JPG?t=1425749684\"\n\t\t\tdata-thumbnail=\"https:\/\/www.aclanester56.com\/velo\/wp-content\/gallery\/presentation-acl-2015-2eme-partie\/thumbs\/thumbs_ACL-2015-2-17.JPG?t=1425749684\"\n\t\t\tdata-image-id=\"7482\"\n\t\t\tdata-image-name=\"ACL-2015-2-17.JPG\"\n\t\t\tdata-title=\"ACL-2015-2-17.JPG\"\n\t\t\tdata-description=\"\"\n\t\t\tdata-image-slug=\"acl-2015-2-17-jpg\"\n\t\t\t\t\t\t\t\t\t\t\t\t\t\t\t\t\t\t\t\tclass=\"ngg-simplelightbox\" rel=\"fe771e46aec7e313f6d6992475655714\">\n\t\t\t\t\t\t\t\t<img\n\t\t\t\t\ttitle=\"ACL-2015-2-17.JPG\"\n\t\t\t\t\talt=\"ACL-2015-2-17.JPG\"\n\t\t\t\t\tsrc=\"https:\/\/www.aclanester56.com\/velo\/wp-content\/gallery\/presentation-acl-2015-2eme-partie\/thumbs\/thumbs_ACL-2015-2-17.JPG?t=1425749684\"\n\t\t\t\t\twidth=\"100\"\n\t\t\t\t\theight=\"100\"\n\t\t\t\t\tstyle=\"max-width:100%;\"\n\t\t\t\t\/>\n\t\t\t<\/a>\n\t\t<\/div>\n\t\t\t\t\t\t\t<\/div>\n\t\t\t\n\t\t\t\t<div id=\"ngg-image-40\" class=\"ngg-gallery-thumbnail-box\n\t\t\t\t\t\t\t\t\t\t\t\"\n\t\t\t>\n\t\t\t\t\t\t<div class=\"ngg-gallery-thumbnail\">\n\t\t<a href=\"https:\/\/www.aclanester56.com\/velo\/wp-content\/gallery\/presentation-acl-2015-2eme-partie\/ACL-2015-2-18.JPG?t=1425749685\"\n\t\t\ttitle=\"\"\n\t\t\tdata-src=\"https:\/\/www.aclanester56.com\/velo\/wp-content\/gallery\/presentation-acl-2015-2eme-partie\/ACL-2015-2-18.JPG?t=1425749685\"\n\t\t\tdata-thumbnail=\"https:\/\/www.aclanester56.com\/velo\/wp-content\/gallery\/presentation-acl-2015-2eme-partie\/thumbs\/thumbs_ACL-2015-2-18.JPG?t=1425749685\"\n\t\t\tdata-image-id=\"7483\"\n\t\t\tdata-image-name=\"ACL-2015-2-18.JPG\"\n\t\t\tdata-title=\"ACL-2015-2-18.JPG\"\n\t\t\tdata-description=\"\"\n\t\t\tdata-image-slug=\"acl-2015-2-18-jpg\"\n\t\t\t\t\t\t\t\t\t\t\t\t\t\t\t\t\t\t\t\tclass=\"ngg-simplelightbox\" rel=\"fe771e46aec7e313f6d6992475655714\">\n\t\t\t\t\t\t\t\t<img\n\t\t\t\t\ttitle=\"ACL-2015-2-18.JPG\"\n\t\t\t\t\talt=\"ACL-2015-2-18.JPG\"\n\t\t\t\t\tsrc=\"https:\/\/www.aclanester56.com\/velo\/wp-content\/gallery\/presentation-acl-2015-2eme-partie\/thumbs\/thumbs_ACL-2015-2-18.JPG?t=1425749685\"\n\t\t\t\t\twidth=\"100\"\n\t\t\t\t\theight=\"100\"\n\t\t\t\t\tstyle=\"max-width:100%;\"\n\t\t\t\t\/>\n\t\t\t<\/a>\n\t\t<\/div>\n\t\t\t\t\t\t\t<\/div>\n\t\t\t\n\t\t\t\t<div id=\"ngg-image-41\" class=\"ngg-gallery-thumbnail-box\n\t\t\t\t\t\t\t\t\t\t\t\"\n\t\t\t>\n\t\t\t\t\t\t<div class=\"ngg-gallery-thumbnail\">\n\t\t<a href=\"https:\/\/www.aclanester56.com\/velo\/wp-content\/gallery\/presentation-acl-2015-2eme-partie\/ACL-2015-2-19.JPG?t=1425749687\"\n\t\t\ttitle=\"\"\n\t\t\tdata-src=\"https:\/\/www.aclanester56.com\/velo\/wp-content\/gallery\/presentation-acl-2015-2eme-partie\/ACL-2015-2-19.JPG?t=1425749687\"\n\t\t\tdata-thumbnail=\"https:\/\/www.aclanester56.com\/velo\/wp-content\/gallery\/presentation-acl-2015-2eme-partie\/thumbs\/thumbs_ACL-2015-2-19.JPG?t=1425749687\"\n\t\t\tdata-image-id=\"7484\"\n\t\t\tdata-image-name=\"ACL-2015-2-19.JPG\"\n\t\t\tdata-title=\"ACL-2015-2-19.JPG\"\n\t\t\tdata-description=\"\"\n\t\t\tdata-image-slug=\"acl-2015-2-19-jpg\"\n\t\t\t\t\t\t\t\t\t\t\t\t\t\t\t\t\t\t\t\tclass=\"ngg-simplelightbox\" rel=\"fe771e46aec7e313f6d6992475655714\">\n\t\t\t\t\t\t\t\t<img\n\t\t\t\t\ttitle=\"ACL-2015-2-19.JPG\"\n\t\t\t\t\talt=\"ACL-2015-2-19.JPG\"\n\t\t\t\t\tsrc=\"https:\/\/www.aclanester56.com\/velo\/wp-content\/gallery\/presentation-acl-2015-2eme-partie\/thumbs\/thumbs_ACL-2015-2-19.JPG?t=1425749687\"\n\t\t\t\t\twidth=\"100\"\n\t\t\t\t\theight=\"100\"\n\t\t\t\t\tstyle=\"max-width:100%;\"\n\t\t\t\t\/>\n\t\t\t<\/a>\n\t\t<\/div>\n\t\t\t\t\t\t\t<\/div>\n\t\t\t\n\t\t\t\t<div id=\"ngg-image-42\" class=\"ngg-gallery-thumbnail-box\n\t\t\t\t\t\t\t\t\t\t\t\"\n\t\t\t>\n\t\t\t\t\t\t<div class=\"ngg-gallery-thumbnail\">\n\t\t<a href=\"https:\/\/www.aclanester56.com\/velo\/wp-content\/gallery\/presentation-acl-2015-2eme-partie\/ACL-2015-2-23.JPG?t=1425749689\"\n\t\t\ttitle=\"\"\n\t\t\tdata-src=\"https:\/\/www.aclanester56.com\/velo\/wp-content\/gallery\/presentation-acl-2015-2eme-partie\/ACL-2015-2-23.JPG?t=1425749689\"\n\t\t\tdata-thumbnail=\"https:\/\/www.aclanester56.com\/velo\/wp-content\/gallery\/presentation-acl-2015-2eme-partie\/thumbs\/thumbs_ACL-2015-2-23.JPG?t=1425749689\"\n\t\t\tdata-image-id=\"7485\"\n\t\t\tdata-image-name=\"ACL-2015-2-23.JPG\"\n\t\t\tdata-title=\"ACL-2015-2-23.JPG\"\n\t\t\tdata-description=\"\"\n\t\t\tdata-image-slug=\"acl-2015-2-23-jpg\"\n\t\t\t\t\t\t\t\t\t\t\t\t\t\t\t\t\t\t\t\tclass=\"ngg-simplelightbox\" rel=\"fe771e46aec7e313f6d6992475655714\">\n\t\t\t\t\t\t\t\t<img\n\t\t\t\t\ttitle=\"ACL-2015-2-23.JPG\"\n\t\t\t\t\talt=\"ACL-2015-2-23.JPG\"\n\t\t\t\t\tsrc=\"https:\/\/www.aclanester56.com\/velo\/wp-content\/gallery\/presentation-acl-2015-2eme-partie\/thumbs\/thumbs_ACL-2015-2-23.JPG?t=1425749689\"\n\t\t\t\t\twidth=\"100\"\n\t\t\t\t\theight=\"100\"\n\t\t\t\t\tstyle=\"max-width:100%;\"\n\t\t\t\t\/>\n\t\t\t<\/a>\n\t\t<\/div>\n\t\t\t\t\t\t\t<\/div>\n\t\t\t\n\t\t\t\t<div id=\"ngg-image-43\" class=\"ngg-gallery-thumbnail-box\n\t\t\t\t\t\t\t\t\t\t\t\"\n\t\t\t>\n\t\t\t\t\t\t<div class=\"ngg-gallery-thumbnail\">\n\t\t<a href=\"https:\/\/www.aclanester56.com\/velo\/wp-content\/gallery\/presentation-acl-2015-2eme-partie\/ACL-2015-2-27.JPG?t=1425749691\"\n\t\t\ttitle=\"\"\n\t\t\tdata-src=\"https:\/\/www.aclanester56.com\/velo\/wp-content\/gallery\/presentation-acl-2015-2eme-partie\/ACL-2015-2-27.JPG?t=1425749691\"\n\t\t\tdata-thumbnail=\"https:\/\/www.aclanester56.com\/velo\/wp-content\/gallery\/presentation-acl-2015-2eme-partie\/thumbs\/thumbs_ACL-2015-2-27.JPG?t=1425749691\"\n\t\t\tdata-image-id=\"7486\"\n\t\t\tdata-image-name=\"ACL-2015-2-27.JPG\"\n\t\t\tdata-title=\"ACL-2015-2-27.JPG\"\n\t\t\tdata-description=\"\"\n\t\t\tdata-image-slug=\"acl-2015-2-27-jpg\"\n\t\t\t\t\t\t\t\t\t\t\t\t\t\t\t\t\t\t\t\tclass=\"ngg-simplelightbox\" rel=\"fe771e46aec7e313f6d6992475655714\">\n\t\t\t\t\t\t\t\t<img\n\t\t\t\t\ttitle=\"ACL-2015-2-27.JPG\"\n\t\t\t\t\talt=\"ACL-2015-2-27.JPG\"\n\t\t\t\t\tsrc=\"https:\/\/www.aclanester56.com\/velo\/wp-content\/gallery\/presentation-acl-2015-2eme-partie\/thumbs\/thumbs_ACL-2015-2-27.JPG?t=1425749691\"\n\t\t\t\t\twidth=\"100\"\n\t\t\t\t\theight=\"100\"\n\t\t\t\t\tstyle=\"max-width:100%;\"\n\t\t\t\t\/>\n\t\t\t<\/a>\n\t\t<\/div>\n\t\t\t\t\t\t\t<\/div>\n\t\t\t\n\t\t\t\t<div id=\"ngg-image-44\" class=\"ngg-gallery-thumbnail-box\n\t\t\t\t\t\t\t\t\t\t\t\"\n\t\t\t>\n\t\t\t\t\t\t<div class=\"ngg-gallery-thumbnail\">\n\t\t<a href=\"https:\/\/www.aclanester56.com\/velo\/wp-content\/gallery\/presentation-acl-2015-2eme-partie\/ACL-2015-2-28.JPG?t=1425749693\"\n\t\t\ttitle=\"\"\n\t\t\tdata-src=\"https:\/\/www.aclanester56.com\/velo\/wp-content\/gallery\/presentation-acl-2015-2eme-partie\/ACL-2015-2-28.JPG?t=1425749693\"\n\t\t\tdata-thumbnail=\"https:\/\/www.aclanester56.com\/velo\/wp-content\/gallery\/presentation-acl-2015-2eme-partie\/thumbs\/thumbs_ACL-2015-2-28.JPG?t=1425749693\"\n\t\t\tdata-image-id=\"7487\"\n\t\t\tdata-image-name=\"ACL-2015-2-28.JPG\"\n\t\t\tdata-title=\"ACL-2015-2-28.JPG\"\n\t\t\tdata-description=\"\"\n\t\t\tdata-image-slug=\"acl-2015-2-28-jpg\"\n\t\t\t\t\t\t\t\t\t\t\t\t\t\t\t\t\t\t\t\tclass=\"ngg-simplelightbox\" rel=\"fe771e46aec7e313f6d6992475655714\">\n\t\t\t\t\t\t\t\t<img\n\t\t\t\t\ttitle=\"ACL-2015-2-28.JPG\"\n\t\t\t\t\talt=\"ACL-2015-2-28.JPG\"\n\t\t\t\t\tsrc=\"https:\/\/www.aclanester56.com\/velo\/wp-content\/gallery\/presentation-acl-2015-2eme-partie\/thumbs\/thumbs_ACL-2015-2-28.JPG?t=1425749693\"\n\t\t\t\t\twidth=\"100\"\n\t\t\t\t\theight=\"100\"\n\t\t\t\t\tstyle=\"max-width:100%;\"\n\t\t\t\t\/>\n\t\t\t<\/a>\n\t\t<\/div>\n\t\t\t\t\t\t\t<\/div>\n\t\t\t\n\t\t\t\t<div id=\"ngg-image-45\" class=\"ngg-gallery-thumbnail-box\n\t\t\t\t\t\t\t\t\t\t\t\"\n\t\t\t>\n\t\t\t\t\t\t<div class=\"ngg-gallery-thumbnail\">\n\t\t<a href=\"https:\/\/www.aclanester56.com\/velo\/wp-content\/gallery\/presentation-acl-2015-2eme-partie\/ACL-2015-2-29.JPG?t=1425749695\"\n\t\t\ttitle=\"\"\n\t\t\tdata-src=\"https:\/\/www.aclanester56.com\/velo\/wp-content\/gallery\/presentation-acl-2015-2eme-partie\/ACL-2015-2-29.JPG?t=1425749695\"\n\t\t\tdata-thumbnail=\"https:\/\/www.aclanester56.com\/velo\/wp-content\/gallery\/presentation-acl-2015-2eme-partie\/thumbs\/thumbs_ACL-2015-2-29.JPG?t=1425749695\"\n\t\t\tdata-image-id=\"7488\"\n\t\t\tdata-image-name=\"ACL-2015-2-29.JPG\"\n\t\t\tdata-title=\"ACL-2015-2-29.JPG\"\n\t\t\tdata-description=\"\"\n\t\t\tdata-image-slug=\"acl-2015-2-29-jpg\"\n\t\t\t\t\t\t\t\t\t\t\t\t\t\t\t\t\t\t\t\tclass=\"ngg-simplelightbox\" rel=\"fe771e46aec7e313f6d6992475655714\">\n\t\t\t\t\t\t\t\t<img\n\t\t\t\t\ttitle=\"ACL-2015-2-29.JPG\"\n\t\t\t\t\talt=\"ACL-2015-2-29.JPG\"\n\t\t\t\t\tsrc=\"https:\/\/www.aclanester56.com\/velo\/wp-content\/gallery\/presentation-acl-2015-2eme-partie\/thumbs\/thumbs_ACL-2015-2-29.JPG?t=1425749695\"\n\t\t\t\t\twidth=\"100\"\n\t\t\t\t\theight=\"100\"\n\t\t\t\t\tstyle=\"max-width:100%;\"\n\t\t\t\t\/>\n\t\t\t<\/a>\n\t\t<\/div>\n\t\t\t\t\t\t\t<\/div>\n\t\t\t\n\t\t\t\t<div id=\"ngg-image-46\" class=\"ngg-gallery-thumbnail-box\n\t\t\t\t\t\t\t\t\t\t\t\"\n\t\t\t>\n\t\t\t\t\t\t<div class=\"ngg-gallery-thumbnail\">\n\t\t<a href=\"https:\/\/www.aclanester56.com\/velo\/wp-content\/gallery\/presentation-acl-2015-2eme-partie\/ACL-2015-2-03.JPG?t=1598627062\"\n\t\t\ttitle=\"\"\n\t\t\tdata-src=\"https:\/\/www.aclanester56.com\/velo\/wp-content\/gallery\/presentation-acl-2015-2eme-partie\/ACL-2015-2-03.JPG?t=1598627062\"\n\t\t\tdata-thumbnail=\"https:\/\/www.aclanester56.com\/velo\/wp-content\/gallery\/presentation-acl-2015-2eme-partie\/thumbs\/thumbs_ACL-2015-2-03.JPG?t=1598627062\"\n\t\t\tdata-image-id=\"7474\"\n\t\t\tdata-image-name=\"ACL-2015-2-03.JPG\"\n\t\t\tdata-title=\"ACL-2015-2-03.JPG\"\n\t\t\tdata-description=\"\"\n\t\t\tdata-image-slug=\"acl-2015-2-03-jpg\"\n\t\t\t\t\t\t\t\t\t\t\t\t\t\t\t\t\t\t\t\tclass=\"ngg-simplelightbox\" rel=\"fe771e46aec7e313f6d6992475655714\">\n\t\t\t\t\t\t\t\t<img\n\t\t\t\t\ttitle=\"ACL-2015-2-03.JPG\"\n\t\t\t\t\talt=\"ACL-2015-2-03.JPG\"\n\t\t\t\t\tsrc=\"https:\/\/www.aclanester56.com\/velo\/wp-content\/gallery\/presentation-acl-2015-2eme-partie\/thumbs\/thumbs_ACL-2015-2-03.JPG?t=1598627062\"\n\t\t\t\t\twidth=\"100\"\n\t\t\t\t\theight=\"100\"\n\t\t\t\t\tstyle=\"max-width:100%;\"\n\t\t\t\t\/>\n\t\t\t<\/a>\n\t\t<\/div>\n\t\t\t\t\t\t\t<\/div>\n\t\t\t\n\t\t\t\t<div id=\"ngg-image-47\" class=\"ngg-gallery-thumbnail-box\n\t\t\t\t\t\t\t\t\t\t\t\"\n\t\t\t>\n\t\t\t\t\t\t<div class=\"ngg-gallery-thumbnail\">\n\t\t<a href=\"https:\/\/www.aclanester56.com\/velo\/wp-content\/gallery\/presentation-acl-2015-2eme-partie\/ACL-2015-2-33.JPG?t=1425749699\"\n\t\t\ttitle=\"\"\n\t\t\tdata-src=\"https:\/\/www.aclanester56.com\/velo\/wp-content\/gallery\/presentation-acl-2015-2eme-partie\/ACL-2015-2-33.JPG?t=1425749699\"\n\t\t\tdata-thumbnail=\"https:\/\/www.aclanester56.com\/velo\/wp-content\/gallery\/presentation-acl-2015-2eme-partie\/thumbs\/thumbs_ACL-2015-2-33.JPG?t=1425749699\"\n\t\t\tdata-image-id=\"7490\"\n\t\t\tdata-image-name=\"ACL-2015-2-33.JPG\"\n\t\t\tdata-title=\"ACL-2015-2-33.JPG\"\n\t\t\tdata-description=\"\"\n\t\t\tdata-image-slug=\"acl-2015-2-33-jpg\"\n\t\t\t\t\t\t\t\t\t\t\t\t\t\t\t\t\t\t\t\tclass=\"ngg-simplelightbox\" rel=\"fe771e46aec7e313f6d6992475655714\">\n\t\t\t\t\t\t\t\t<img\n\t\t\t\t\ttitle=\"ACL-2015-2-33.JPG\"\n\t\t\t\t\talt=\"ACL-2015-2-33.JPG\"\n\t\t\t\t\tsrc=\"https:\/\/www.aclanester56.com\/velo\/wp-content\/gallery\/presentation-acl-2015-2eme-partie\/thumbs\/thumbs_ACL-2015-2-33.JPG?t=1425749699\"\n\t\t\t\t\twidth=\"100\"\n\t\t\t\t\theight=\"100\"\n\t\t\t\t\tstyle=\"max-width:100%;\"\n\t\t\t\t\/>\n\t\t\t<\/a>\n\t\t<\/div>\n\t\t\t\t\t\t\t<\/div>\n\t\t\t\n\t\t\t\t<div id=\"ngg-image-48\" class=\"ngg-gallery-thumbnail-box\n\t\t\t\t\t\t\t\t\t\t\t\"\n\t\t\t>\n\t\t\t\t\t\t<div class=\"ngg-gallery-thumbnail\">\n\t\t<a href=\"https:\/\/www.aclanester56.com\/velo\/wp-content\/gallery\/presentation-acl-2015-2eme-partie\/ACL-2015-2-34.JPG?t=1425749702\"\n\t\t\ttitle=\"\"\n\t\t\tdata-src=\"https:\/\/www.aclanester56.com\/velo\/wp-content\/gallery\/presentation-acl-2015-2eme-partie\/ACL-2015-2-34.JPG?t=1425749702\"\n\t\t\tdata-thumbnail=\"https:\/\/www.aclanester56.com\/velo\/wp-content\/gallery\/presentation-acl-2015-2eme-partie\/thumbs\/thumbs_ACL-2015-2-34.JPG?t=1425749702\"\n\t\t\tdata-image-id=\"7491\"\n\t\t\tdata-image-name=\"ACL-2015-2-34.JPG\"\n\t\t\tdata-title=\"ACL-2015-2-34.JPG\"\n\t\t\tdata-description=\"\"\n\t\t\tdata-image-slug=\"acl-2015-2-34-jpg\"\n\t\t\t\t\t\t\t\t\t\t\t\t\t\t\t\t\t\t\t\tclass=\"ngg-simplelightbox\" rel=\"fe771e46aec7e313f6d6992475655714\">\n\t\t\t\t\t\t\t\t<img\n\t\t\t\t\ttitle=\"ACL-2015-2-34.JPG\"\n\t\t\t\t\talt=\"ACL-2015-2-34.JPG\"\n\t\t\t\t\tsrc=\"https:\/\/www.aclanester56.com\/velo\/wp-content\/gallery\/presentation-acl-2015-2eme-partie\/thumbs\/thumbs_ACL-2015-2-34.JPG?t=1425749702\"\n\t\t\t\t\twidth=\"100\"\n\t\t\t\t\theight=\"100\"\n\t\t\t\t\tstyle=\"max-width:100%;\"\n\t\t\t\t\/>\n\t\t\t<\/a>\n\t\t<\/div>\n\t\t\t\t\t\t\t<\/div>\n\t\t\t\n\t\t\t\t<div id=\"ngg-image-49\" class=\"ngg-gallery-thumbnail-box\n\t\t\t\t\t\t\t\t\t\t\t\"\n\t\t\t>\n\t\t\t\t\t\t<div class=\"ngg-gallery-thumbnail\">\n\t\t<a href=\"https:\/\/www.aclanester56.com\/velo\/wp-content\/gallery\/presentation-acl-2015-2eme-partie\/ACL-2015-2-36.JPG?t=1425749706\"\n\t\t\ttitle=\"\"\n\t\t\tdata-src=\"https:\/\/www.aclanester56.com\/velo\/wp-content\/gallery\/presentation-acl-2015-2eme-partie\/ACL-2015-2-36.JPG?t=1425749706\"\n\t\t\tdata-thumbnail=\"https:\/\/www.aclanester56.com\/velo\/wp-content\/gallery\/presentation-acl-2015-2eme-partie\/thumbs\/thumbs_ACL-2015-2-36.JPG?t=1425749706\"\n\t\t\tdata-image-id=\"7492\"\n\t\t\tdata-image-name=\"ACL-2015-2-36.JPG\"\n\t\t\tdata-title=\"ACL-2015-2-36.JPG\"\n\t\t\tdata-description=\"\"\n\t\t\tdata-image-slug=\"acl-2015-2-36-jpg\"\n\t\t\t\t\t\t\t\t\t\t\t\t\t\t\t\t\t\t\t\tclass=\"ngg-simplelightbox\" rel=\"fe771e46aec7e313f6d6992475655714\">\n\t\t\t\t\t\t\t\t<img\n\t\t\t\t\ttitle=\"ACL-2015-2-36.JPG\"\n\t\t\t\t\talt=\"ACL-2015-2-36.JPG\"\n\t\t\t\t\tsrc=\"https:\/\/www.aclanester56.com\/velo\/wp-content\/gallery\/presentation-acl-2015-2eme-partie\/thumbs\/thumbs_ACL-2015-2-36.JPG?t=1425749706\"\n\t\t\t\t\twidth=\"100\"\n\t\t\t\t\theight=\"100\"\n\t\t\t\t\tstyle=\"max-width:100%;\"\n\t\t\t\t\/>\n\t\t\t<\/a>\n\t\t<\/div>\n\t\t\t\t\t\t\t<\/div>\n\t\t\t\n\t\t\t\t<div id=\"ngg-image-50\" class=\"ngg-gallery-thumbnail-box\n\t\t\t\t\t\t\t\t\t\t\t\"\n\t\t\t>\n\t\t\t\t\t\t<div class=\"ngg-gallery-thumbnail\">\n\t\t<a href=\"https:\/\/www.aclanester56.com\/velo\/wp-content\/gallery\/presentation-acl-2015-2eme-partie\/ACL-2015-2-40.JPG?t=1425749708\"\n\t\t\ttitle=\"\"\n\t\t\tdata-src=\"https:\/\/www.aclanester56.com\/velo\/wp-content\/gallery\/presentation-acl-2015-2eme-partie\/ACL-2015-2-40.JPG?t=1425749708\"\n\t\t\tdata-thumbnail=\"https:\/\/www.aclanester56.com\/velo\/wp-content\/gallery\/presentation-acl-2015-2eme-partie\/thumbs\/thumbs_ACL-2015-2-40.JPG?t=1425749708\"\n\t\t\tdata-image-id=\"7493\"\n\t\t\tdata-image-name=\"ACL-2015-2-40.JPG\"\n\t\t\tdata-title=\"ACL-2015-2-40.JPG\"\n\t\t\tdata-description=\"\"\n\t\t\tdata-image-slug=\"acl-2015-2-40-jpg\"\n\t\t\t\t\t\t\t\t\t\t\t\t\t\t\t\t\t\t\t\tclass=\"ngg-simplelightbox\" rel=\"fe771e46aec7e313f6d6992475655714\">\n\t\t\t\t\t\t\t\t<img\n\t\t\t\t\ttitle=\"ACL-2015-2-40.JPG\"\n\t\t\t\t\talt=\"ACL-2015-2-40.JPG\"\n\t\t\t\t\tsrc=\"https:\/\/www.aclanester56.com\/velo\/wp-content\/gallery\/presentation-acl-2015-2eme-partie\/thumbs\/thumbs_ACL-2015-2-40.JPG?t=1425749708\"\n\t\t\t\t\twidth=\"100\"\n\t\t\t\t\theight=\"100\"\n\t\t\t\t\tstyle=\"max-width:100%;\"\n\t\t\t\t\/>\n\t\t\t<\/a>\n\t\t<\/div>\n\t\t\t\t\t\t\t<\/div>\n\t\t\t\n\t\t\t\t<div id=\"ngg-image-51\" class=\"ngg-gallery-thumbnail-box\n\t\t\t\t\t\t\t\t\t\t\t\"\n\t\t\t>\n\t\t\t\t\t\t<div class=\"ngg-gallery-thumbnail\">\n\t\t<a href=\"https:\/\/www.aclanester56.com\/velo\/wp-content\/gallery\/presentation-acl-2015-2eme-partie\/ACL-2015-2-42.JPG?t=1425749710\"\n\t\t\ttitle=\"\"\n\t\t\tdata-src=\"https:\/\/www.aclanester56.com\/velo\/wp-content\/gallery\/presentation-acl-2015-2eme-partie\/ACL-2015-2-42.JPG?t=1425749710\"\n\t\t\tdata-thumbnail=\"https:\/\/www.aclanester56.com\/velo\/wp-content\/gallery\/presentation-acl-2015-2eme-partie\/thumbs\/thumbs_ACL-2015-2-42.JPG?t=1425749710\"\n\t\t\tdata-image-id=\"7494\"\n\t\t\tdata-image-name=\"ACL-2015-2-42.JPG\"\n\t\t\tdata-title=\"ACL-2015-2-42.JPG\"\n\t\t\tdata-description=\"\"\n\t\t\tdata-image-slug=\"acl-2015-2-42-jpg\"\n\t\t\t\t\t\t\t\t\t\t\t\t\t\t\t\t\t\t\t\tclass=\"ngg-simplelightbox\" rel=\"fe771e46aec7e313f6d6992475655714\">\n\t\t\t\t\t\t\t\t<img\n\t\t\t\t\ttitle=\"ACL-2015-2-42.JPG\"\n\t\t\t\t\talt=\"ACL-2015-2-42.JPG\"\n\t\t\t\t\tsrc=\"https:\/\/www.aclanester56.com\/velo\/wp-content\/gallery\/presentation-acl-2015-2eme-partie\/thumbs\/thumbs_ACL-2015-2-42.JPG?t=1425749710\"\n\t\t\t\t\twidth=\"100\"\n\t\t\t\t\theight=\"100\"\n\t\t\t\t\tstyle=\"max-width:100%;\"\n\t\t\t\t\/>\n\t\t\t<\/a>\n\t\t<\/div>\n\t\t\t\t\t\t\t<\/div>\n\t\t\t\n\t\t\t\t<div id=\"ngg-image-52\" class=\"ngg-gallery-thumbnail-box\n\t\t\t\t\t\t\t\t\t\t\t\"\n\t\t\t>\n\t\t\t\t\t\t<div class=\"ngg-gallery-thumbnail\">\n\t\t<a href=\"https:\/\/www.aclanester56.com\/velo\/wp-content\/gallery\/presentation-acl-2015-2eme-partie\/ACL-2015-2-43.JPG?t=1425749712\"\n\t\t\ttitle=\"\"\n\t\t\tdata-src=\"https:\/\/www.aclanester56.com\/velo\/wp-content\/gallery\/presentation-acl-2015-2eme-partie\/ACL-2015-2-43.JPG?t=1425749712\"\n\t\t\tdata-thumbnail=\"https:\/\/www.aclanester56.com\/velo\/wp-content\/gallery\/presentation-acl-2015-2eme-partie\/thumbs\/thumbs_ACL-2015-2-43.JPG?t=1425749712\"\n\t\t\tdata-image-id=\"7495\"\n\t\t\tdata-image-name=\"ACL-2015-2-43.JPG\"\n\t\t\tdata-title=\"ACL-2015-2-43.JPG\"\n\t\t\tdata-description=\"\"\n\t\t\tdata-image-slug=\"acl-2015-2-43-jpg\"\n\t\t\t\t\t\t\t\t\t\t\t\t\t\t\t\t\t\t\t\tclass=\"ngg-simplelightbox\" rel=\"fe771e46aec7e313f6d6992475655714\">\n\t\t\t\t\t\t\t\t<img\n\t\t\t\t\ttitle=\"ACL-2015-2-43.JPG\"\n\t\t\t\t\talt=\"ACL-2015-2-43.JPG\"\n\t\t\t\t\tsrc=\"https:\/\/www.aclanester56.com\/velo\/wp-content\/gallery\/presentation-acl-2015-2eme-partie\/thumbs\/thumbs_ACL-2015-2-43.JPG?t=1425749712\"\n\t\t\t\t\twidth=\"100\"\n\t\t\t\t\theight=\"100\"\n\t\t\t\t\tstyle=\"max-width:100%;\"\n\t\t\t\t\/>\n\t\t\t<\/a>\n\t\t<\/div>\n\t\t\t\t\t\t\t<\/div>\n\t\t\t\n\t\t\t\t<div id=\"ngg-image-53\" class=\"ngg-gallery-thumbnail-box\n\t\t\t\t\t\t\t\t\t\t\t\"\n\t\t\t>\n\t\t\t\t\t\t<div class=\"ngg-gallery-thumbnail\">\n\t\t<a href=\"https:\/\/www.aclanester56.com\/velo\/wp-content\/gallery\/presentation-acl-2015-2eme-partie\/ACL-2015-2-46.JPG?t=1425749714\"\n\t\t\ttitle=\"\"\n\t\t\tdata-src=\"https:\/\/www.aclanester56.com\/velo\/wp-content\/gallery\/presentation-acl-2015-2eme-partie\/ACL-2015-2-46.JPG?t=1425749714\"\n\t\t\tdata-thumbnail=\"https:\/\/www.aclanester56.com\/velo\/wp-content\/gallery\/presentation-acl-2015-2eme-partie\/thumbs\/thumbs_ACL-2015-2-46.JPG?t=1425749714\"\n\t\t\tdata-image-id=\"7496\"\n\t\t\tdata-image-name=\"ACL-2015-2-46.JPG\"\n\t\t\tdata-title=\"ACL-2015-2-46.JPG\"\n\t\t\tdata-description=\"\"\n\t\t\tdata-image-slug=\"acl-2015-2-46-jpg\"\n\t\t\t\t\t\t\t\t\t\t\t\t\t\t\t\t\t\t\t\tclass=\"ngg-simplelightbox\" rel=\"fe771e46aec7e313f6d6992475655714\">\n\t\t\t\t\t\t\t\t<img\n\t\t\t\t\ttitle=\"ACL-2015-2-46.JPG\"\n\t\t\t\t\talt=\"ACL-2015-2-46.JPG\"\n\t\t\t\t\tsrc=\"https:\/\/www.aclanester56.com\/velo\/wp-content\/gallery\/presentation-acl-2015-2eme-partie\/thumbs\/thumbs_ACL-2015-2-46.JPG?t=1425749714\"\n\t\t\t\t\twidth=\"100\"\n\t\t\t\t\theight=\"100\"\n\t\t\t\t\tstyle=\"max-width:100%;\"\n\t\t\t\t\/>\n\t\t\t<\/a>\n\t\t<\/div>\n\t\t\t\t\t\t\t<\/div>\n\t\t\t\n\t\t\t\t<div id=\"ngg-image-54\" class=\"ngg-gallery-thumbnail-box\n\t\t\t\t\t\t\t\t\t\t\t\"\n\t\t\t>\n\t\t\t\t\t\t<div class=\"ngg-gallery-thumbnail\">\n\t\t<a href=\"https:\/\/www.aclanester56.com\/velo\/wp-content\/gallery\/presentation-acl-2015-2eme-partie\/ACL-2015-2-60.JPG?t=1425749716\"\n\t\t\ttitle=\"\"\n\t\t\tdata-src=\"https:\/\/www.aclanester56.com\/velo\/wp-content\/gallery\/presentation-acl-2015-2eme-partie\/ACL-2015-2-60.JPG?t=1425749716\"\n\t\t\tdata-thumbnail=\"https:\/\/www.aclanester56.com\/velo\/wp-content\/gallery\/presentation-acl-2015-2eme-partie\/thumbs\/thumbs_ACL-2015-2-60.JPG?t=1425749716\"\n\t\t\tdata-image-id=\"7497\"\n\t\t\tdata-image-name=\"ACL-2015-2-60.JPG\"\n\t\t\tdata-title=\"ACL-2015-2-60.JPG\"\n\t\t\tdata-description=\"\"\n\t\t\tdata-image-slug=\"acl-2015-2-60-jpg\"\n\t\t\t\t\t\t\t\t\t\t\t\t\t\t\t\t\t\t\t\tclass=\"ngg-simplelightbox\" rel=\"fe771e46aec7e313f6d6992475655714\">\n\t\t\t\t\t\t\t\t<img\n\t\t\t\t\ttitle=\"ACL-2015-2-60.JPG\"\n\t\t\t\t\talt=\"ACL-2015-2-60.JPG\"\n\t\t\t\t\tsrc=\"https:\/\/www.aclanester56.com\/velo\/wp-content\/gallery\/presentation-acl-2015-2eme-partie\/thumbs\/thumbs_ACL-2015-2-60.JPG?t=1425749716\"\n\t\t\t\t\twidth=\"100\"\n\t\t\t\t\theight=\"100\"\n\t\t\t\t\tstyle=\"max-width:100%;\"\n\t\t\t\t\/>\n\t\t\t<\/a>\n\t\t<\/div>\n\t\t\t\t\t\t\t<\/div>\n\t\t\t\n\t\t\t\t<div id=\"ngg-image-55\" class=\"ngg-gallery-thumbnail-box\n\t\t\t\t\t\t\t\t\t\t\t\"\n\t\t\t>\n\t\t\t\t\t\t<div class=\"ngg-gallery-thumbnail\">\n\t\t<a href=\"https:\/\/www.aclanester56.com\/velo\/wp-content\/gallery\/presentation-acl-2015-2eme-partie\/ACL-2015-2-62.JPG?t=1425749719\"\n\t\t\ttitle=\"\"\n\t\t\tdata-src=\"https:\/\/www.aclanester56.com\/velo\/wp-content\/gallery\/presentation-acl-2015-2eme-partie\/ACL-2015-2-62.JPG?t=1425749719\"\n\t\t\tdata-thumbnail=\"https:\/\/www.aclanester56.com\/velo\/wp-content\/gallery\/presentation-acl-2015-2eme-partie\/thumbs\/thumbs_ACL-2015-2-62.JPG?t=1425749719\"\n\t\t\tdata-image-id=\"7498\"\n\t\t\tdata-image-name=\"ACL-2015-2-62.JPG\"\n\t\t\tdata-title=\"ACL-2015-2-62.JPG\"\n\t\t\tdata-description=\"\"\n\t\t\tdata-image-slug=\"acl-2015-2-62-jpg\"\n\t\t\t\t\t\t\t\t\t\t\t\t\t\t\t\t\t\t\t\tclass=\"ngg-simplelightbox\" rel=\"fe771e46aec7e313f6d6992475655714\">\n\t\t\t\t\t\t\t\t<img\n\t\t\t\t\ttitle=\"ACL-2015-2-62.JPG\"\n\t\t\t\t\talt=\"ACL-2015-2-62.JPG\"\n\t\t\t\t\tsrc=\"https:\/\/www.aclanester56.com\/velo\/wp-content\/gallery\/presentation-acl-2015-2eme-partie\/thumbs\/thumbs_ACL-2015-2-62.JPG?t=1425749719\"\n\t\t\t\t\twidth=\"100\"\n\t\t\t\t\theight=\"100\"\n\t\t\t\t\tstyle=\"max-width:100%;\"\n\t\t\t\t\/>\n\t\t\t<\/a>\n\t\t<\/div>\n\t\t\t\t\t\t\t<\/div>\n\t\t\t\n\t\t\t\t<div id=\"ngg-image-56\" class=\"ngg-gallery-thumbnail-box\n\t\t\t\t\t\t\t\t\t\t\t\"\n\t\t\t>\n\t\t\t\t\t\t<div class=\"ngg-gallery-thumbnail\">\n\t\t<a href=\"https:\/\/www.aclanester56.com\/velo\/wp-content\/gallery\/presentation-acl-2015-2eme-partie\/ACL-2015-2-69.JPG?t=1425749721\"\n\t\t\ttitle=\"\"\n\t\t\tdata-src=\"https:\/\/www.aclanester56.com\/velo\/wp-content\/gallery\/presentation-acl-2015-2eme-partie\/ACL-2015-2-69.JPG?t=1425749721\"\n\t\t\tdata-thumbnail=\"https:\/\/www.aclanester56.com\/velo\/wp-content\/gallery\/presentation-acl-2015-2eme-partie\/thumbs\/thumbs_ACL-2015-2-69.JPG?t=1425749721\"\n\t\t\tdata-image-id=\"7499\"\n\t\t\tdata-image-name=\"ACL-2015-2-69.JPG\"\n\t\t\tdata-title=\"ACL-2015-2-69.JPG\"\n\t\t\tdata-description=\"\"\n\t\t\tdata-image-slug=\"acl-2015-2-69-jpg\"\n\t\t\t\t\t\t\t\t\t\t\t\t\t\t\t\t\t\t\t\tclass=\"ngg-simplelightbox\" rel=\"fe771e46aec7e313f6d6992475655714\">\n\t\t\t\t\t\t\t\t<img\n\t\t\t\t\ttitle=\"ACL-2015-2-69.JPG\"\n\t\t\t\t\talt=\"ACL-2015-2-69.JPG\"\n\t\t\t\t\tsrc=\"https:\/\/www.aclanester56.com\/velo\/wp-content\/gallery\/presentation-acl-2015-2eme-partie\/thumbs\/thumbs_ACL-2015-2-69.JPG?t=1425749721\"\n\t\t\t\t\twidth=\"100\"\n\t\t\t\t\theight=\"100\"\n\t\t\t\t\tstyle=\"max-width:100%;\"\n\t\t\t\t\/>\n\t\t\t<\/a>\n\t\t<\/div>\n\t\t\t\t\t\t\t<\/div>\n\t\t\t\n\t\t\t\t<div id=\"ngg-image-57\" class=\"ngg-gallery-thumbnail-box\n\t\t\t\t\t\t\t\t\t\t\t\"\n\t\t\t>\n\t\t\t\t\t\t<div class=\"ngg-gallery-thumbnail\">\n\t\t<a href=\"https:\/\/www.aclanester56.com\/velo\/wp-content\/gallery\/presentation-acl-2015-2eme-partie\/ACL-2015-2-72.JPG?t=1425749723\"\n\t\t\ttitle=\"\"\n\t\t\tdata-src=\"https:\/\/www.aclanester56.com\/velo\/wp-content\/gallery\/presentation-acl-2015-2eme-partie\/ACL-2015-2-72.JPG?t=1425749723\"\n\t\t\tdata-thumbnail=\"https:\/\/www.aclanester56.com\/velo\/wp-content\/gallery\/presentation-acl-2015-2eme-partie\/thumbs\/thumbs_ACL-2015-2-72.JPG?t=1425749723\"\n\t\t\tdata-image-id=\"7500\"\n\t\t\tdata-image-name=\"ACL-2015-2-72.JPG\"\n\t\t\tdata-title=\"ACL-2015-2-72.JPG\"\n\t\t\tdata-description=\"\"\n\t\t\tdata-image-slug=\"acl-2015-2-72-jpg\"\n\t\t\t\t\t\t\t\t\t\t\t\t\t\t\t\t\t\t\t\tclass=\"ngg-simplelightbox\" rel=\"fe771e46aec7e313f6d6992475655714\">\n\t\t\t\t\t\t\t\t<img\n\t\t\t\t\ttitle=\"ACL-2015-2-72.JPG\"\n\t\t\t\t\talt=\"ACL-2015-2-72.JPG\"\n\t\t\t\t\tsrc=\"https:\/\/www.aclanester56.com\/velo\/wp-content\/gallery\/presentation-acl-2015-2eme-partie\/thumbs\/thumbs_ACL-2015-2-72.JPG?t=1425749723\"\n\t\t\t\t\twidth=\"100\"\n\t\t\t\t\theight=\"100\"\n\t\t\t\t\tstyle=\"max-width:100%;\"\n\t\t\t\t\/>\n\t\t\t<\/a>\n\t\t<\/div>\n\t\t\t\t\t\t\t<\/div>\n\t\t\t\n\t\t\t\t<div id=\"ngg-image-58\" class=\"ngg-gallery-thumbnail-box\n\t\t\t\t\t\t\t\t\t\t\t\"\n\t\t\t>\n\t\t\t\t\t\t<div class=\"ngg-gallery-thumbnail\">\n\t\t<a href=\"https:\/\/www.aclanester56.com\/velo\/wp-content\/gallery\/presentation-acl-2015-2eme-partie\/ACL-2015-2-73.JPG?t=1425749725\"\n\t\t\ttitle=\"\"\n\t\t\tdata-src=\"https:\/\/www.aclanester56.com\/velo\/wp-content\/gallery\/presentation-acl-2015-2eme-partie\/ACL-2015-2-73.JPG?t=1425749725\"\n\t\t\tdata-thumbnail=\"https:\/\/www.aclanester56.com\/velo\/wp-content\/gallery\/presentation-acl-2015-2eme-partie\/thumbs\/thumbs_ACL-2015-2-73.JPG?t=1425749725\"\n\t\t\tdata-image-id=\"7501\"\n\t\t\tdata-image-name=\"ACL-2015-2-73.JPG\"\n\t\t\tdata-title=\"ACL-2015-2-73.JPG\"\n\t\t\tdata-description=\"\"\n\t\t\tdata-image-slug=\"acl-2015-2-73-jpg\"\n\t\t\t\t\t\t\t\t\t\t\t\t\t\t\t\t\t\t\t\tclass=\"ngg-simplelightbox\" rel=\"fe771e46aec7e313f6d6992475655714\">\n\t\t\t\t\t\t\t\t<img\n\t\t\t\t\ttitle=\"ACL-2015-2-73.JPG\"\n\t\t\t\t\talt=\"ACL-2015-2-73.JPG\"\n\t\t\t\t\tsrc=\"https:\/\/www.aclanester56.com\/velo\/wp-content\/gallery\/presentation-acl-2015-2eme-partie\/thumbs\/thumbs_ACL-2015-2-73.JPG?t=1425749725\"\n\t\t\t\t\twidth=\"100\"\n\t\t\t\t\theight=\"100\"\n\t\t\t\t\tstyle=\"max-width:100%;\"\n\t\t\t\t\/>\n\t\t\t<\/a>\n\t\t<\/div>\n\t\t\t\t\t\t\t<\/div>\n\t\t\t\n\t\t\t\t<div id=\"ngg-image-59\" class=\"ngg-gallery-thumbnail-box\n\t\t\t\t\t\t\t\t\t\t\t\"\n\t\t\t>\n\t\t\t\t\t\t<div class=\"ngg-gallery-thumbnail\">\n\t\t<a href=\"https:\/\/www.aclanester56.com\/velo\/wp-content\/gallery\/presentation-acl-2015-2eme-partie\/ACL-2015-2-74.JPG?t=1425749728\"\n\t\t\ttitle=\"\"\n\t\t\tdata-src=\"https:\/\/www.aclanester56.com\/velo\/wp-content\/gallery\/presentation-acl-2015-2eme-partie\/ACL-2015-2-74.JPG?t=1425749728\"\n\t\t\tdata-thumbnail=\"https:\/\/www.aclanester56.com\/velo\/wp-content\/gallery\/presentation-acl-2015-2eme-partie\/thumbs\/thumbs_ACL-2015-2-74.JPG?t=1425749728\"\n\t\t\tdata-image-id=\"7502\"\n\t\t\tdata-image-name=\"ACL-2015-2-74.JPG\"\n\t\t\tdata-title=\"ACL-2015-2-74.JPG\"\n\t\t\tdata-description=\"\"\n\t\t\tdata-image-slug=\"acl-2015-2-74-jpg\"\n\t\t\t\t\t\t\t\t\t\t\t\t\t\t\t\t\t\t\t\tclass=\"ngg-simplelightbox\" rel=\"fe771e46aec7e313f6d6992475655714\">\n\t\t\t\t\t\t\t\t<img\n\t\t\t\t\ttitle=\"ACL-2015-2-74.JPG\"\n\t\t\t\t\talt=\"ACL-2015-2-74.JPG\"\n\t\t\t\t\tsrc=\"https:\/\/www.aclanester56.com\/velo\/wp-content\/gallery\/presentation-acl-2015-2eme-partie\/thumbs\/thumbs_ACL-2015-2-74.JPG?t=1425749728\"\n\t\t\t\t\twidth=\"100\"\n\t\t\t\t\theight=\"100\"\n\t\t\t\t\tstyle=\"max-width:100%;\"\n\t\t\t\t\/>\n\t\t\t<\/a>\n\t\t<\/div>\n\t\t\t\t\t\t\t<\/div>\n\t\t\t\n\t\t\t\t<div id=\"ngg-image-60\" class=\"ngg-gallery-thumbnail-box\n\t\t\t\t\t\t\t\t\t\t\t\"\n\t\t\t>\n\t\t\t\t\t\t<div class=\"ngg-gallery-thumbnail\">\n\t\t<a href=\"https:\/\/www.aclanester56.com\/velo\/wp-content\/gallery\/presentation-acl-2015-2eme-partie\/ACL-2015-2-75.JPG?t=1425749730\"\n\t\t\ttitle=\"\"\n\t\t\tdata-src=\"https:\/\/www.aclanester56.com\/velo\/wp-content\/gallery\/presentation-acl-2015-2eme-partie\/ACL-2015-2-75.JPG?t=1425749730\"\n\t\t\tdata-thumbnail=\"https:\/\/www.aclanester56.com\/velo\/wp-content\/gallery\/presentation-acl-2015-2eme-partie\/thumbs\/thumbs_ACL-2015-2-75.JPG?t=1425749730\"\n\t\t\tdata-image-id=\"7503\"\n\t\t\tdata-image-name=\"ACL-2015-2-75.JPG\"\n\t\t\tdata-title=\"ACL-2015-2-75.JPG\"\n\t\t\tdata-description=\"\"\n\t\t\tdata-image-slug=\"acl-2015-2-75-jpg\"\n\t\t\t\t\t\t\t\t\t\t\t\t\t\t\t\t\t\t\t\tclass=\"ngg-simplelightbox\" rel=\"fe771e46aec7e313f6d6992475655714\">\n\t\t\t\t\t\t\t\t<img\n\t\t\t\t\ttitle=\"ACL-2015-2-75.JPG\"\n\t\t\t\t\talt=\"ACL-2015-2-75.JPG\"\n\t\t\t\t\tsrc=\"https:\/\/www.aclanester56.com\/velo\/wp-content\/gallery\/presentation-acl-2015-2eme-partie\/thumbs\/thumbs_ACL-2015-2-75.JPG?t=1425749730\"\n\t\t\t\t\twidth=\"100\"\n\t\t\t\t\theight=\"100\"\n\t\t\t\t\tstyle=\"max-width:100%;\"\n\t\t\t\t\/>\n\t\t\t<\/a>\n\t\t<\/div>\n\t\t\t\t\t\t\t<\/div>\n\t\t\t\n\t\n\t<br style=\"clear: both\" \/>\n\n\t\n\t\t<div class=\"ngg-clear\"><\/div>\n\t<\/div>\n<\/p>\n<p>A bient\u00f4t pour \u00a0la vid\u00e9o \u00a0, bient\u00f4t en ligne &#8230;.<\/p>\n<p>Le Staff<\/p>\n","protected":false},"excerpt":{"rendered":"","protected":false},"author":2,"featured_media":21611,"comment_status":"open","ping_status":"open","sticky":false,"template":"","format":"standard","meta":{"ngg_post_thumbnail":0,"footnotes":""},"categories":[5],"tags":[],"class_list":["post-21575","post","type-post","status-publish","format-standard","has-post-thumbnail","hentry","category-ac-lanester-56"],"yoast_head":"<!-- This site is optimized with the Yoast SEO plugin v27.5 - https:\/\/yoast.com\/product\/yoast-seo-wordpress\/ -->\n<title>Pr\u00e9sentation des Equipes pour la saison 2015 : De l&#039;Ecole de cyclisme \u00e0 l&#039;equipe 1 - Avenir Cycliste Lanester 56<\/title>\n<meta name=\"robots\" content=\"index, follow, max-snippet:-1, max-image-preview:large, max-video-preview:-1\" \/>\n<link rel=\"canonical\" href=\"https:\/\/www.aclanester56.com\/velo\/presentation-des-equipes-pour-la-saison-2015-de-lecole-de-cyclisme-a-lequipe-1\/\" \/>\n<meta property=\"og:locale\" content=\"fr_FR\" \/>\n<meta property=\"og:type\" content=\"article\" \/>\n<meta property=\"og:title\" content=\"Pr\u00e9sentation des Equipes pour la saison 2015 : De l&#039;Ecole de cyclisme \u00e0 l&#039;equipe 1 - Avenir Cycliste Lanester 56\" \/>\n<meta property=\"og:url\" content=\"https:\/\/www.aclanester56.com\/velo\/presentation-des-equipes-pour-la-saison-2015-de-lecole-de-cyclisme-a-lequipe-1\/\" \/>\n<meta property=\"og:site_name\" content=\"Avenir Cycliste Lanester 56\" \/>\n<meta property=\"article:publisher\" content=\"https:\/\/www.facebook.com\/pages\/AC-Lanester-56\/190286300991242?fref=ts\" \/>\n<meta property=\"article:published_time\" content=\"2015-03-07T17:41:02+00:00\" \/>\n<meta property=\"article:modified_time\" content=\"2015-03-07T17:42:58+00:00\" \/>\n<meta property=\"og:image\" content=\"https:\/\/www.aclanester56.com\/velo\/wp-content\/uploads\/2015\/03\/Groupe-ACL-2015-e1425750114592.jpg\" \/>\n\t<meta property=\"og:image:width\" content=\"990\" \/>\n\t<meta property=\"og:image:height\" content=\"660\" \/>\n\t<meta property=\"og:image:type\" content=\"image\/jpeg\" \/>\n<meta name=\"author\" content=\"stephane\" \/>\n<meta name=\"twitter:label1\" content=\"\u00c9crit par\" \/>\n\t<meta name=\"twitter:data1\" content=\"stephane\" \/>\n<script type=\"application\/ld+json\" class=\"yoast-schema-graph\">{\"@context\":\"https:\\\/\\\/schema.org\",\"@graph\":[{\"@type\":\"Article\",\"@id\":\"https:\\\/\\\/www.aclanester56.com\\\/velo\\\/presentation-des-equipes-pour-la-saison-2015-de-lecole-de-cyclisme-a-lequipe-1\\\/#article\",\"isPartOf\":{\"@id\":\"https:\\\/\\\/www.aclanester56.com\\\/velo\\\/presentation-des-equipes-pour-la-saison-2015-de-lecole-de-cyclisme-a-lequipe-1\\\/\"},\"author\":{\"name\":\"stephane\",\"@id\":\"https:\\\/\\\/www.aclanester56.com\\\/velo\\\/#\\\/schema\\\/person\\\/c844661e64a578ca46639cb0ae764de6\"},\"headline\":\"Pr\u00e9sentation des Equipes pour la saison 2015 : De l&rsquo;Ecole de cyclisme \u00e0 l&rsquo;equipe 1\",\"datePublished\":\"2015-03-07T17:41:02+00:00\",\"dateModified\":\"2015-03-07T17:42:58+00:00\",\"mainEntityOfPage\":{\"@id\":\"https:\\\/\\\/www.aclanester56.com\\\/velo\\\/presentation-des-equipes-pour-la-saison-2015-de-lecole-de-cyclisme-a-lequipe-1\\\/\"},\"wordCount\":63,\"commentCount\":0,\"publisher\":{\"@id\":\"https:\\\/\\\/www.aclanester56.com\\\/velo\\\/#organization\"},\"image\":{\"@id\":\"https:\\\/\\\/www.aclanester56.com\\\/velo\\\/presentation-des-equipes-pour-la-saison-2015-de-lecole-de-cyclisme-a-lequipe-1\\\/#primaryimage\"},\"thumbnailUrl\":\"https:\\\/\\\/www.aclanester56.com\\\/velo\\\/wp-content\\\/uploads\\\/2015\\\/03\\\/Groupe-ACL-2015-e1425750114592.jpg\",\"articleSection\":[\"AC LANESTER 56\"],\"inLanguage\":\"fr-FR\",\"potentialAction\":[{\"@type\":\"CommentAction\",\"name\":\"Comment\",\"target\":[\"https:\\\/\\\/www.aclanester56.com\\\/velo\\\/presentation-des-equipes-pour-la-saison-2015-de-lecole-de-cyclisme-a-lequipe-1\\\/#respond\"]}]},{\"@type\":\"WebPage\",\"@id\":\"https:\\\/\\\/www.aclanester56.com\\\/velo\\\/presentation-des-equipes-pour-la-saison-2015-de-lecole-de-cyclisme-a-lequipe-1\\\/\",\"url\":\"https:\\\/\\\/www.aclanester56.com\\\/velo\\\/presentation-des-equipes-pour-la-saison-2015-de-lecole-de-cyclisme-a-lequipe-1\\\/\",\"name\":\"Pr\u00e9sentation des Equipes pour la saison 2015 : De l'Ecole de cyclisme \u00e0 l'equipe 1 - Avenir Cycliste Lanester 56\",\"isPartOf\":{\"@id\":\"https:\\\/\\\/www.aclanester56.com\\\/velo\\\/#website\"},\"primaryImageOfPage\":{\"@id\":\"https:\\\/\\\/www.aclanester56.com\\\/velo\\\/presentation-des-equipes-pour-la-saison-2015-de-lecole-de-cyclisme-a-lequipe-1\\\/#primaryimage\"},\"image\":{\"@id\":\"https:\\\/\\\/www.aclanester56.com\\\/velo\\\/presentation-des-equipes-pour-la-saison-2015-de-lecole-de-cyclisme-a-lequipe-1\\\/#primaryimage\"},\"thumbnailUrl\":\"https:\\\/\\\/www.aclanester56.com\\\/velo\\\/wp-content\\\/uploads\\\/2015\\\/03\\\/Groupe-ACL-2015-e1425750114592.jpg\",\"datePublished\":\"2015-03-07T17:41:02+00:00\",\"dateModified\":\"2015-03-07T17:42:58+00:00\",\"inLanguage\":\"fr-FR\",\"potentialAction\":[{\"@type\":\"ReadAction\",\"target\":[\"https:\\\/\\\/www.aclanester56.com\\\/velo\\\/presentation-des-equipes-pour-la-saison-2015-de-lecole-de-cyclisme-a-lequipe-1\\\/\"]}]},{\"@type\":\"ImageObject\",\"inLanguage\":\"fr-FR\",\"@id\":\"https:\\\/\\\/www.aclanester56.com\\\/velo\\\/presentation-des-equipes-pour-la-saison-2015-de-lecole-de-cyclisme-a-lequipe-1\\\/#primaryimage\",\"url\":\"https:\\\/\\\/www.aclanester56.com\\\/velo\\\/wp-content\\\/uploads\\\/2015\\\/03\\\/Groupe-ACL-2015-e1425750114592.jpg\",\"contentUrl\":\"https:\\\/\\\/www.aclanester56.com\\\/velo\\\/wp-content\\\/uploads\\\/2015\\\/03\\\/Groupe-ACL-2015-e1425750114592.jpg\",\"width\":990,\"height\":660},{\"@type\":\"WebSite\",\"@id\":\"https:\\\/\\\/www.aclanester56.com\\\/velo\\\/#website\",\"url\":\"https:\\\/\\\/www.aclanester56.com\\\/velo\\\/\",\"name\":\"Avenir Cycliste Lanester 56\",\"description\":\"Club cycliste de l&#039;AC LANESTER 56\",\"publisher\":{\"@id\":\"https:\\\/\\\/www.aclanester56.com\\\/velo\\\/#organization\"},\"potentialAction\":[{\"@type\":\"SearchAction\",\"target\":{\"@type\":\"EntryPoint\",\"urlTemplate\":\"https:\\\/\\\/www.aclanester56.com\\\/velo\\\/?s={search_term_string}\"},\"query-input\":{\"@type\":\"PropertyValueSpecification\",\"valueRequired\":true,\"valueName\":\"search_term_string\"}}],\"inLanguage\":\"fr-FR\"},{\"@type\":\"Organization\",\"@id\":\"https:\\\/\\\/www.aclanester56.com\\\/velo\\\/#organization\",\"name\":\"Avenir Cycliste Lanester 56\",\"url\":\"https:\\\/\\\/www.aclanester56.com\\\/velo\\\/\",\"logo\":{\"@type\":\"ImageObject\",\"inLanguage\":\"fr-FR\",\"@id\":\"https:\\\/\\\/www.aclanester56.com\\\/velo\\\/#\\\/schema\\\/logo\\\/image\\\/\",\"url\":\"https:\\\/\\\/www.aclanester56.com\\\/velo\\\/wp-content\\\/uploads\\\/2013\\\/04\\\/logo-ACL.jpg\",\"contentUrl\":\"https:\\\/\\\/www.aclanester56.com\\\/velo\\\/wp-content\\\/uploads\\\/2013\\\/04\\\/logo-ACL.jpg\",\"width\":400,\"height\":334,\"caption\":\"Avenir Cycliste Lanester 56\"},\"image\":{\"@id\":\"https:\\\/\\\/www.aclanester56.com\\\/velo\\\/#\\\/schema\\\/logo\\\/image\\\/\"},\"sameAs\":[\"https:\\\/\\\/www.facebook.com\\\/pages\\\/AC-Lanester-56\\\/190286300991242?fref=ts\"]},{\"@type\":\"Person\",\"@id\":\"https:\\\/\\\/www.aclanester56.com\\\/velo\\\/#\\\/schema\\\/person\\\/c844661e64a578ca46639cb0ae764de6\",\"name\":\"stephane\",\"url\":\"https:\\\/\\\/www.aclanester56.com\\\/velo\\\/author\\\/stephane\\\/\"}]}<\/script>\n<!-- \/ Yoast SEO plugin. -->","yoast_head_json":{"title":"Pr\u00e9sentation des Equipes pour la saison 2015 : De l'Ecole de cyclisme \u00e0 l'equipe 1 - Avenir Cycliste Lanester 56","robots":{"index":"index","follow":"follow","max-snippet":"max-snippet:-1","max-image-preview":"max-image-preview:large","max-video-preview":"max-video-preview:-1"},"canonical":"https:\/\/www.aclanester56.com\/velo\/presentation-des-equipes-pour-la-saison-2015-de-lecole-de-cyclisme-a-lequipe-1\/","og_locale":"fr_FR","og_type":"article","og_title":"Pr\u00e9sentation des Equipes pour la saison 2015 : De l'Ecole de cyclisme \u00e0 l'equipe 1 - Avenir Cycliste Lanester 56","og_url":"https:\/\/www.aclanester56.com\/velo\/presentation-des-equipes-pour-la-saison-2015-de-lecole-de-cyclisme-a-lequipe-1\/","og_site_name":"Avenir Cycliste Lanester 56","article_publisher":"https:\/\/www.facebook.com\/pages\/AC-Lanester-56\/190286300991242?fref=ts","article_published_time":"2015-03-07T17:41:02+00:00","article_modified_time":"2015-03-07T17:42:58+00:00","og_image":[{"width":990,"height":660,"url":"https:\/\/www.aclanester56.com\/velo\/wp-content\/uploads\/2015\/03\/Groupe-ACL-2015-e1425750114592.jpg","type":"image\/jpeg"}],"author":"stephane","twitter_misc":{"\u00c9crit par":"stephane"},"schema":{"@context":"https:\/\/schema.org","@graph":[{"@type":"Article","@id":"https:\/\/www.aclanester56.com\/velo\/presentation-des-equipes-pour-la-saison-2015-de-lecole-de-cyclisme-a-lequipe-1\/#article","isPartOf":{"@id":"https:\/\/www.aclanester56.com\/velo\/presentation-des-equipes-pour-la-saison-2015-de-lecole-de-cyclisme-a-lequipe-1\/"},"author":{"name":"stephane","@id":"https:\/\/www.aclanester56.com\/velo\/#\/schema\/person\/c844661e64a578ca46639cb0ae764de6"},"headline":"Pr\u00e9sentation des Equipes pour la saison 2015 : De l&rsquo;Ecole de cyclisme \u00e0 l&rsquo;equipe 1","datePublished":"2015-03-07T17:41:02+00:00","dateModified":"2015-03-07T17:42:58+00:00","mainEntityOfPage":{"@id":"https:\/\/www.aclanester56.com\/velo\/presentation-des-equipes-pour-la-saison-2015-de-lecole-de-cyclisme-a-lequipe-1\/"},"wordCount":63,"commentCount":0,"publisher":{"@id":"https:\/\/www.aclanester56.com\/velo\/#organization"},"image":{"@id":"https:\/\/www.aclanester56.com\/velo\/presentation-des-equipes-pour-la-saison-2015-de-lecole-de-cyclisme-a-lequipe-1\/#primaryimage"},"thumbnailUrl":"https:\/\/www.aclanester56.com\/velo\/wp-content\/uploads\/2015\/03\/Groupe-ACL-2015-e1425750114592.jpg","articleSection":["AC LANESTER 56"],"inLanguage":"fr-FR","potentialAction":[{"@type":"CommentAction","name":"Comment","target":["https:\/\/www.aclanester56.com\/velo\/presentation-des-equipes-pour-la-saison-2015-de-lecole-de-cyclisme-a-lequipe-1\/#respond"]}]},{"@type":"WebPage","@id":"https:\/\/www.aclanester56.com\/velo\/presentation-des-equipes-pour-la-saison-2015-de-lecole-de-cyclisme-a-lequipe-1\/","url":"https:\/\/www.aclanester56.com\/velo\/presentation-des-equipes-pour-la-saison-2015-de-lecole-de-cyclisme-a-lequipe-1\/","name":"Pr\u00e9sentation des Equipes pour la saison 2015 : De l'Ecole de cyclisme \u00e0 l'equipe 1 - Avenir Cycliste Lanester 56","isPartOf":{"@id":"https:\/\/www.aclanester56.com\/velo\/#website"},"primaryImageOfPage":{"@id":"https:\/\/www.aclanester56.com\/velo\/presentation-des-equipes-pour-la-saison-2015-de-lecole-de-cyclisme-a-lequipe-1\/#primaryimage"},"image":{"@id":"https:\/\/www.aclanester56.com\/velo\/presentation-des-equipes-pour-la-saison-2015-de-lecole-de-cyclisme-a-lequipe-1\/#primaryimage"},"thumbnailUrl":"https:\/\/www.aclanester56.com\/velo\/wp-content\/uploads\/2015\/03\/Groupe-ACL-2015-e1425750114592.jpg","datePublished":"2015-03-07T17:41:02+00:00","dateModified":"2015-03-07T17:42:58+00:00","inLanguage":"fr-FR","potentialAction":[{"@type":"ReadAction","target":["https:\/\/www.aclanester56.com\/velo\/presentation-des-equipes-pour-la-saison-2015-de-lecole-de-cyclisme-a-lequipe-1\/"]}]},{"@type":"ImageObject","inLanguage":"fr-FR","@id":"https:\/\/www.aclanester56.com\/velo\/presentation-des-equipes-pour-la-saison-2015-de-lecole-de-cyclisme-a-lequipe-1\/#primaryimage","url":"https:\/\/www.aclanester56.com\/velo\/wp-content\/uploads\/2015\/03\/Groupe-ACL-2015-e1425750114592.jpg","contentUrl":"https:\/\/www.aclanester56.com\/velo\/wp-content\/uploads\/2015\/03\/Groupe-ACL-2015-e1425750114592.jpg","width":990,"height":660},{"@type":"WebSite","@id":"https:\/\/www.aclanester56.com\/velo\/#website","url":"https:\/\/www.aclanester56.com\/velo\/","name":"Avenir Cycliste Lanester 56","description":"Club cycliste de l&#039;AC LANESTER 56","publisher":{"@id":"https:\/\/www.aclanester56.com\/velo\/#organization"},"potentialAction":[{"@type":"SearchAction","target":{"@type":"EntryPoint","urlTemplate":"https:\/\/www.aclanester56.com\/velo\/?s={search_term_string}"},"query-input":{"@type":"PropertyValueSpecification","valueRequired":true,"valueName":"search_term_string"}}],"inLanguage":"fr-FR"},{"@type":"Organization","@id":"https:\/\/www.aclanester56.com\/velo\/#organization","name":"Avenir Cycliste Lanester 56","url":"https:\/\/www.aclanester56.com\/velo\/","logo":{"@type":"ImageObject","inLanguage":"fr-FR","@id":"https:\/\/www.aclanester56.com\/velo\/#\/schema\/logo\/image\/","url":"https:\/\/www.aclanester56.com\/velo\/wp-content\/uploads\/2013\/04\/logo-ACL.jpg","contentUrl":"https:\/\/www.aclanester56.com\/velo\/wp-content\/uploads\/2013\/04\/logo-ACL.jpg","width":400,"height":334,"caption":"Avenir Cycliste Lanester 56"},"image":{"@id":"https:\/\/www.aclanester56.com\/velo\/#\/schema\/logo\/image\/"},"sameAs":["https:\/\/www.facebook.com\/pages\/AC-Lanester-56\/190286300991242?fref=ts"]},{"@type":"Person","@id":"https:\/\/www.aclanester56.com\/velo\/#\/schema\/person\/c844661e64a578ca46639cb0ae764de6","name":"stephane","url":"https:\/\/www.aclanester56.com\/velo\/author\/stephane\/"}]}},"_links":{"self":[{"href":"https:\/\/www.aclanester56.com\/velo\/wp-json\/wp\/v2\/posts\/21575","targetHints":{"allow":["GET"]}}],"collection":[{"href":"https:\/\/www.aclanester56.com\/velo\/wp-json\/wp\/v2\/posts"}],"about":[{"href":"https:\/\/www.aclanester56.com\/velo\/wp-json\/wp\/v2\/types\/post"}],"author":[{"embeddable":true,"href":"https:\/\/www.aclanester56.com\/velo\/wp-json\/wp\/v2\/users\/2"}],"replies":[{"embeddable":true,"href":"https:\/\/www.aclanester56.com\/velo\/wp-json\/wp\/v2\/comments?post=21575"}],"version-history":[{"count":2,"href":"https:\/\/www.aclanester56.com\/velo\/wp-json\/wp\/v2\/posts\/21575\/revisions"}],"predecessor-version":[{"id":21617,"href":"https:\/\/www.aclanester56.com\/velo\/wp-json\/wp\/v2\/posts\/21575\/revisions\/21617"}],"wp:featuredmedia":[{"embeddable":true,"href":"https:\/\/www.aclanester56.com\/velo\/wp-json\/wp\/v2\/media\/21611"}],"wp:attachment":[{"href":"https:\/\/www.aclanester56.com\/velo\/wp-json\/wp\/v2\/media?parent=21575"}],"wp:term":[{"taxonomy":"category","embeddable":true,"href":"https:\/\/www.aclanester56.com\/velo\/wp-json\/wp\/v2\/categories?post=21575"},{"taxonomy":"post_tag","embeddable":true,"href":"https:\/\/www.aclanester56.com\/velo\/wp-json\/wp\/v2\/tags?post=21575"}],"curies":[{"name":"wp","href":"https:\/\/api.w.org\/{rel}","templated":true}]}}