{"id":22705,"date":"2015-04-06T23:36:53","date_gmt":"2015-04-06T21:36:53","guid":{"rendered":"http:\/\/www.aclanester56.com\/velo\/?p=22705"},"modified":"2015-04-06T23:36:53","modified_gmt":"2015-04-06T21:36:53","slug":"de-belles-performances-des-jeunes-lanesteriens-le-week-end-pascal","status":"publish","type":"post","link":"https:\/\/www.aclanester56.com\/velo\/de-belles-performances-des-jeunes-lanesteriens-le-week-end-pascal\/","title":{"rendered":"De belles performances des jeunes Lanest\u00e9riens le week-end pascal !"},"content":{"rendered":"<p><!--more--><\/p>\n<p>Au Moustoir (22) ce lundi, le cadet de l&rsquo;AC Lanester 56 Johann Revolt-Le Bou\u00e9dec remporte une belle victoire en solitaire ! Son co\u00e9quipier Antoine Le Chenadec, qui a bien prot\u00e9g\u00e9 la fuite de son copain, monte sur la\u00a03\u00e8me\u00a0marche du podium. Bravo !<br \/>\n<em>Photo : Anne-Laure Salaun.<\/em><\/p>\n<p><img loading=\"lazy\" decoding=\"async\" class=\"  wp-image-22710 alignright\" src=\"http:\/\/www.aclanester56.com\/velo\/wp-content\/uploads\/2015\/04\/Ploerdut.png\" alt=\"Ploerdut\" width=\"529\" height=\"324\" srcset=\"https:\/\/www.aclanester56.com\/velo\/wp-content\/uploads\/2015\/04\/Ploerdut.png 640w, https:\/\/www.aclanester56.com\/velo\/wp-content\/uploads\/2015\/04\/Ploerdut-300x184.png 300w, https:\/\/www.aclanester56.com\/velo\/wp-content\/uploads\/2015\/04\/Ploerdut-600x368.png 600w, https:\/\/www.aclanester56.com\/velo\/wp-content\/uploads\/2015\/04\/Ploerdut-100x61.png 100w\" sizes=\"auto, (max-width: 529px) 100vw, 529px\" \/><\/p>\n<p>&nbsp;<\/p>\n<p>Plusieurs jeunes de l&rsquo;Ecole de Cyclisme de l&rsquo;AC Lanester 56 \u00e9taient au d\u00e9part de l&rsquo;\u00e9preuve de Ploerdut hier. Lucas Loussouarn prend une belle 3\u00e8me place chez les Poussins, Esteban Thomazo-Hanrion et Arthur Le Roux sont respectivement 2\u00e8me et 6\u00e8me chez les Pupilles\u00a0et\u00a0Elouan Dival et Davy Le Brize sont 9\u00e8me et 14\u00e8me chez les Benjamins ! Chez les 2\u00e8me Cat\u00e9gorie, Christophe Sinner prend la 13\u00e8me place tandis que Benjamin Haye termine 22\u00e8me.<\/p>\n<p><img loading=\"lazy\" decoding=\"async\" class=\"alignleft  wp-image-22707\" src=\"http:\/\/www.aclanester56.com\/velo\/wp-content\/uploads\/2015\/04\/Mael-Nivinou-Colpo.png\" alt=\"Mael Nivinou - Colpo\" width=\"307\" height=\"230\" srcset=\"https:\/\/www.aclanester56.com\/velo\/wp-content\/uploads\/2015\/04\/Mael-Nivinou-Colpo.png 640w, https:\/\/www.aclanester56.com\/velo\/wp-content\/uploads\/2015\/04\/Mael-Nivinou-Colpo-300x225.png 300w, https:\/\/www.aclanester56.com\/velo\/wp-content\/uploads\/2015\/04\/Mael-Nivinou-Colpo-600x450.png 600w, https:\/\/www.aclanester56.com\/velo\/wp-content\/uploads\/2015\/04\/Mael-Nivinou-Colpo-100x75.png 100w\" sizes=\"auto, (max-width: 307px) 100vw, 307px\" \/><\/p>\n<p>&nbsp;<\/p>\n<p>&nbsp;<\/p>\n<p>&nbsp;<\/p>\n<p>&nbsp;<\/p>\n<p>&nbsp;<\/p>\n<p>Le Lanest\u00e9rien Mael Nivinou a pris la 2\u00e8me place de la 1\u00e8re manche du challenge Job Morvan \u00e0 Colpo, r\u00e9serv\u00e9 aux coureurs de 2\u00e8me Cat\u00e9gorie. Mickael Siby termine 22\u00e8me.<\/p>\n<p><img loading=\"lazy\" decoding=\"async\" class=\"alignright size-full wp-image-22709\" src=\"http:\/\/www.aclanester56.com\/velo\/wp-content\/uploads\/2015\/04\/11113576_1543176595943192_1621002017910681889_n1.jpg\" alt=\"11113576_1543176595943192_1621002017910681889_n\" width=\"270\" height=\"215\" srcset=\"https:\/\/www.aclanester56.com\/velo\/wp-content\/uploads\/2015\/04\/11113576_1543176595943192_1621002017910681889_n1.jpg 540w, https:\/\/www.aclanester56.com\/velo\/wp-content\/uploads\/2015\/04\/11113576_1543176595943192_1621002017910681889_n1-300x239.jpg 300w, https:\/\/www.aclanester56.com\/velo\/wp-content\/uploads\/2015\/04\/11113576_1543176595943192_1621002017910681889_n1-100x80.jpg 100w\" sizes=\"auto, (max-width: 270px) 100vw, 270px\" \/><\/p>\n<p>&nbsp;<\/p>\n<p>&nbsp;<\/p>\n<p>&nbsp;<\/p>\n<p style=\"text-align: justify;\">La jeune cadette Chlo\u00e9 Seveno termine 1\u00e8re f\u00e9minine \u00e0 Languidic, sur l&rsquo;\u00e9preuve qu&rsquo;elle a disput\u00e9 avec les Minimes Gar\u00e7ons et dans laquelle Ewen Le Chenadec et Mehdi Bachir ont pris respectivement les 20\u00e8me et 24\u00e8me place. Chez les Cadets, Charles Le Crom, qui reprend avec une saison de cyclo-cross bien remplie, termine 26\u00e8me.<\/p>\n<p><a href=\"http:\/\/www.aclanester56.com\/velo\/wp-content\/uploads\/2015\/04\/Piste.jpg\"><img loading=\"lazy\" decoding=\"async\" class=\"alignleft  wp-image-22711\" src=\"http:\/\/www.aclanester56.com\/velo\/wp-content\/uploads\/2015\/04\/Piste.jpg\" alt=\"Piste\" width=\"532\" height=\"399\" srcset=\"https:\/\/www.aclanester56.com\/velo\/wp-content\/uploads\/2015\/04\/Piste.jpg 720w, https:\/\/www.aclanester56.com\/velo\/wp-content\/uploads\/2015\/04\/Piste-300x225.jpg 300w, https:\/\/www.aclanester56.com\/velo\/wp-content\/uploads\/2015\/04\/Piste-600x450.jpg 600w, https:\/\/www.aclanester56.com\/velo\/wp-content\/uploads\/2015\/04\/Piste-100x75.jpg 100w\" sizes=\"auto, (max-width: 532px) 100vw, 532px\" \/><\/a><\/p>\n<p>Samedi, ils \u00e9taient plusieurs jeunes coureurs de l&rsquo;AC Lanester 56 sur la 2\u00e8me manche du Conseil G\u00e9n\u00e9ral du Morbihan sur le v\u00e9lodrome de Plouay. Chez les Dames Min\/Cadettes, Chlo\u00e9 Seveno termine 7\u00e8me du 200m lanc\u00e9\u00a0et\u00a06\u00e8me de l&rsquo;Elimination. En cadets, Antoine Le Chenadec et Dylan Audic sont respectivement 6\u00e8me et 7\u00e8me du 200m, puis 2\u00e8me et 13\u00e8me de l&rsquo;Elimination. Enfin chez les Juniors\/Seniors, Benjamin Duval, Mewen Baltenweck, Andy Le Mouellic et Victor Le Crom sont respectivement 5\u00e8me, 7\u00e8me, 10\u00e8me et 13\u00e8me du 200m, 2\u00e8me, 6\u00e8me, 9\u00e8me et 13\u00e8me de l&rsquo;Elimination, et enfin la paire Duval-Baltenweck prend la 3\u00e8me place de l&rsquo;Am\u00e9ricaine, Andy Le Mouellic prenant la 4\u00e8me place.<br \/>\n<em>Photo : Val\u00e9rie Duval.<\/em><br \/>\n&nbsp;<\/p>\n<p>&nbsp;<\/p>\n<p>&nbsp;<\/p>\n<p>&nbsp;<br \/>\nEnfin, J\u00e9rome Le Gal et Hugo Le Bail terminent 23\u00e8me et 43\u00e8me au Cabellou \u00e0 Concarneau. Sur la course en ligne disput\u00e9e entre St Vincent\/Oust et Redon, Antoine Le Chenadec prend une belle 9\u00e8me place, Axel Justum et Johann Revolt Le Bouedec terminant 30\u00e8me et 40\u00e8me. A Louisfert (44), Gr\u00e9goire Le Calv\u00e9 est 21\u00e8me et St\u00e9phane Bourgougnon 31\u00e8me.<\/p>\n","protected":false},"excerpt":{"rendered":"","protected":false},"author":14,"featured_media":22706,"comment_status":"open","ping_status":"open","sticky":false,"template":"","format":"standard","meta":{"ngg_post_thumbnail":0,"footnotes":""},"categories":[5],"tags":[],"class_list":["post-22705","post","type-post","status-publish","format-standard","has-post-thumbnail","hentry","category-ac-lanester-56"],"yoast_head":"<!-- This site is optimized with the Yoast SEO plugin v27.5 - https:\/\/yoast.com\/product\/yoast-seo-wordpress\/ -->\n<title>De belles performances des jeunes Lanest\u00e9riens le week-end pascal ! - Avenir Cycliste Lanester 56<\/title>\n<meta name=\"robots\" content=\"index, follow, max-snippet:-1, max-image-preview:large, max-video-preview:-1\" \/>\n<link rel=\"canonical\" href=\"https:\/\/www.aclanester56.com\/velo\/de-belles-performances-des-jeunes-lanesteriens-le-week-end-pascal\/\" \/>\n<meta property=\"og:locale\" content=\"fr_FR\" \/>\n<meta property=\"og:type\" content=\"article\" \/>\n<meta property=\"og:title\" content=\"De belles performances des jeunes Lanest\u00e9riens le week-end pascal ! - Avenir Cycliste Lanester 56\" \/>\n<meta property=\"og:url\" content=\"https:\/\/www.aclanester56.com\/velo\/de-belles-performances-des-jeunes-lanesteriens-le-week-end-pascal\/\" \/>\n<meta property=\"og:site_name\" content=\"Avenir Cycliste Lanester 56\" \/>\n<meta property=\"article:publisher\" content=\"https:\/\/www.facebook.com\/pages\/AC-Lanester-56\/190286300991242?fref=ts\" \/>\n<meta property=\"article:published_time\" content=\"2015-04-06T21:36:53+00:00\" \/>\n<meta property=\"og:image\" content=\"https:\/\/www.aclanester56.com\/velo\/wp-content\/uploads\/2015\/04\/Johann-Le-Bouedec-Copie.jpg\" \/>\n\t<meta property=\"og:image:width\" content=\"880\" \/>\n\t<meta property=\"og:image:height\" content=\"450\" \/>\n\t<meta property=\"og:image:type\" content=\"image\/jpeg\" \/>\n<meta name=\"author\" content=\"Jean-Christophe\" \/>\n<meta name=\"twitter:label1\" content=\"\u00c9crit par\" \/>\n\t<meta name=\"twitter:data1\" content=\"Jean-Christophe\" \/>\n\t<meta name=\"twitter:label2\" content=\"Dur\u00e9e de lecture estim\u00e9e\" \/>\n\t<meta name=\"twitter:data2\" content=\"2 minutes\" \/>\n<script type=\"application\/ld+json\" class=\"yoast-schema-graph\">{\"@context\":\"https:\\\/\\\/schema.org\",\"@graph\":[{\"@type\":\"Article\",\"@id\":\"https:\\\/\\\/www.aclanester56.com\\\/velo\\\/de-belles-performances-des-jeunes-lanesteriens-le-week-end-pascal\\\/#article\",\"isPartOf\":{\"@id\":\"https:\\\/\\\/www.aclanester56.com\\\/velo\\\/de-belles-performances-des-jeunes-lanesteriens-le-week-end-pascal\\\/\"},\"author\":{\"name\":\"Jean-Christophe\",\"@id\":\"https:\\\/\\\/www.aclanester56.com\\\/velo\\\/#\\\/schema\\\/person\\\/ca2a44a5fd969e9dd846c72d3b33bc01\"},\"headline\":\"De belles performances des jeunes Lanest\u00e9riens le week-end pascal !\",\"datePublished\":\"2015-04-06T21:36:53+00:00\",\"mainEntityOfPage\":{\"@id\":\"https:\\\/\\\/www.aclanester56.com\\\/velo\\\/de-belles-performances-des-jeunes-lanesteriens-le-week-end-pascal\\\/\"},\"wordCount\":408,\"commentCount\":0,\"publisher\":{\"@id\":\"https:\\\/\\\/www.aclanester56.com\\\/velo\\\/#organization\"},\"image\":{\"@id\":\"https:\\\/\\\/www.aclanester56.com\\\/velo\\\/de-belles-performances-des-jeunes-lanesteriens-le-week-end-pascal\\\/#primaryimage\"},\"thumbnailUrl\":\"https:\\\/\\\/www.aclanester56.com\\\/velo\\\/wp-content\\\/uploads\\\/2015\\\/04\\\/Johann-Le-Bouedec-Copie.jpg\",\"articleSection\":[\"AC LANESTER 56\"],\"inLanguage\":\"fr-FR\",\"potentialAction\":[{\"@type\":\"CommentAction\",\"name\":\"Comment\",\"target\":[\"https:\\\/\\\/www.aclanester56.com\\\/velo\\\/de-belles-performances-des-jeunes-lanesteriens-le-week-end-pascal\\\/#respond\"]}]},{\"@type\":\"WebPage\",\"@id\":\"https:\\\/\\\/www.aclanester56.com\\\/velo\\\/de-belles-performances-des-jeunes-lanesteriens-le-week-end-pascal\\\/\",\"url\":\"https:\\\/\\\/www.aclanester56.com\\\/velo\\\/de-belles-performances-des-jeunes-lanesteriens-le-week-end-pascal\\\/\",\"name\":\"De belles performances des jeunes Lanest\u00e9riens le week-end pascal ! - Avenir Cycliste Lanester 56\",\"isPartOf\":{\"@id\":\"https:\\\/\\\/www.aclanester56.com\\\/velo\\\/#website\"},\"primaryImageOfPage\":{\"@id\":\"https:\\\/\\\/www.aclanester56.com\\\/velo\\\/de-belles-performances-des-jeunes-lanesteriens-le-week-end-pascal\\\/#primaryimage\"},\"image\":{\"@id\":\"https:\\\/\\\/www.aclanester56.com\\\/velo\\\/de-belles-performances-des-jeunes-lanesteriens-le-week-end-pascal\\\/#primaryimage\"},\"thumbnailUrl\":\"https:\\\/\\\/www.aclanester56.com\\\/velo\\\/wp-content\\\/uploads\\\/2015\\\/04\\\/Johann-Le-Bouedec-Copie.jpg\",\"datePublished\":\"2015-04-06T21:36:53+00:00\",\"inLanguage\":\"fr-FR\",\"potentialAction\":[{\"@type\":\"ReadAction\",\"target\":[\"https:\\\/\\\/www.aclanester56.com\\\/velo\\\/de-belles-performances-des-jeunes-lanesteriens-le-week-end-pascal\\\/\"]}]},{\"@type\":\"ImageObject\",\"inLanguage\":\"fr-FR\",\"@id\":\"https:\\\/\\\/www.aclanester56.com\\\/velo\\\/de-belles-performances-des-jeunes-lanesteriens-le-week-end-pascal\\\/#primaryimage\",\"url\":\"https:\\\/\\\/www.aclanester56.com\\\/velo\\\/wp-content\\\/uploads\\\/2015\\\/04\\\/Johann-Le-Bouedec-Copie.jpg\",\"contentUrl\":\"https:\\\/\\\/www.aclanester56.com\\\/velo\\\/wp-content\\\/uploads\\\/2015\\\/04\\\/Johann-Le-Bouedec-Copie.jpg\",\"width\":880,\"height\":450},{\"@type\":\"WebSite\",\"@id\":\"https:\\\/\\\/www.aclanester56.com\\\/velo\\\/#website\",\"url\":\"https:\\\/\\\/www.aclanester56.com\\\/velo\\\/\",\"name\":\"Avenir Cycliste Lanester 56\",\"description\":\"Club cycliste de l&#039;AC LANESTER 56\",\"publisher\":{\"@id\":\"https:\\\/\\\/www.aclanester56.com\\\/velo\\\/#organization\"},\"potentialAction\":[{\"@type\":\"SearchAction\",\"target\":{\"@type\":\"EntryPoint\",\"urlTemplate\":\"https:\\\/\\\/www.aclanester56.com\\\/velo\\\/?s={search_term_string}\"},\"query-input\":{\"@type\":\"PropertyValueSpecification\",\"valueRequired\":true,\"valueName\":\"search_term_string\"}}],\"inLanguage\":\"fr-FR\"},{\"@type\":\"Organization\",\"@id\":\"https:\\\/\\\/www.aclanester56.com\\\/velo\\\/#organization\",\"name\":\"Avenir Cycliste Lanester 56\",\"url\":\"https:\\\/\\\/www.aclanester56.com\\\/velo\\\/\",\"logo\":{\"@type\":\"ImageObject\",\"inLanguage\":\"fr-FR\",\"@id\":\"https:\\\/\\\/www.aclanester56.com\\\/velo\\\/#\\\/schema\\\/logo\\\/image\\\/\",\"url\":\"https:\\\/\\\/www.aclanester56.com\\\/velo\\\/wp-content\\\/uploads\\\/2013\\\/04\\\/logo-ACL.jpg\",\"contentUrl\":\"https:\\\/\\\/www.aclanester56.com\\\/velo\\\/wp-content\\\/uploads\\\/2013\\\/04\\\/logo-ACL.jpg\",\"width\":400,\"height\":334,\"caption\":\"Avenir Cycliste Lanester 56\"},\"image\":{\"@id\":\"https:\\\/\\\/www.aclanester56.com\\\/velo\\\/#\\\/schema\\\/logo\\\/image\\\/\"},\"sameAs\":[\"https:\\\/\\\/www.facebook.com\\\/pages\\\/AC-Lanester-56\\\/190286300991242?fref=ts\"]},{\"@type\":\"Person\",\"@id\":\"https:\\\/\\\/www.aclanester56.com\\\/velo\\\/#\\\/schema\\\/person\\\/ca2a44a5fd969e9dd846c72d3b33bc01\",\"name\":\"Jean-Christophe\",\"url\":\"https:\\\/\\\/www.aclanester56.com\\\/velo\\\/author\\\/jeanchristophe\\\/\"}]}<\/script>\n<!-- \/ Yoast SEO plugin. -->","yoast_head_json":{"title":"De belles performances des jeunes Lanest\u00e9riens le week-end pascal ! - Avenir Cycliste Lanester 56","robots":{"index":"index","follow":"follow","max-snippet":"max-snippet:-1","max-image-preview":"max-image-preview:large","max-video-preview":"max-video-preview:-1"},"canonical":"https:\/\/www.aclanester56.com\/velo\/de-belles-performances-des-jeunes-lanesteriens-le-week-end-pascal\/","og_locale":"fr_FR","og_type":"article","og_title":"De belles performances des jeunes Lanest\u00e9riens le week-end pascal ! - Avenir Cycliste Lanester 56","og_url":"https:\/\/www.aclanester56.com\/velo\/de-belles-performances-des-jeunes-lanesteriens-le-week-end-pascal\/","og_site_name":"Avenir Cycliste Lanester 56","article_publisher":"https:\/\/www.facebook.com\/pages\/AC-Lanester-56\/190286300991242?fref=ts","article_published_time":"2015-04-06T21:36:53+00:00","og_image":[{"width":880,"height":450,"url":"https:\/\/www.aclanester56.com\/velo\/wp-content\/uploads\/2015\/04\/Johann-Le-Bouedec-Copie.jpg","type":"image\/jpeg"}],"author":"Jean-Christophe","twitter_misc":{"\u00c9crit par":"Jean-Christophe","Dur\u00e9e de lecture estim\u00e9e":"2 minutes"},"schema":{"@context":"https:\/\/schema.org","@graph":[{"@type":"Article","@id":"https:\/\/www.aclanester56.com\/velo\/de-belles-performances-des-jeunes-lanesteriens-le-week-end-pascal\/#article","isPartOf":{"@id":"https:\/\/www.aclanester56.com\/velo\/de-belles-performances-des-jeunes-lanesteriens-le-week-end-pascal\/"},"author":{"name":"Jean-Christophe","@id":"https:\/\/www.aclanester56.com\/velo\/#\/schema\/person\/ca2a44a5fd969e9dd846c72d3b33bc01"},"headline":"De belles performances des jeunes Lanest\u00e9riens le week-end pascal !","datePublished":"2015-04-06T21:36:53+00:00","mainEntityOfPage":{"@id":"https:\/\/www.aclanester56.com\/velo\/de-belles-performances-des-jeunes-lanesteriens-le-week-end-pascal\/"},"wordCount":408,"commentCount":0,"publisher":{"@id":"https:\/\/www.aclanester56.com\/velo\/#organization"},"image":{"@id":"https:\/\/www.aclanester56.com\/velo\/de-belles-performances-des-jeunes-lanesteriens-le-week-end-pascal\/#primaryimage"},"thumbnailUrl":"https:\/\/www.aclanester56.com\/velo\/wp-content\/uploads\/2015\/04\/Johann-Le-Bouedec-Copie.jpg","articleSection":["AC LANESTER 56"],"inLanguage":"fr-FR","potentialAction":[{"@type":"CommentAction","name":"Comment","target":["https:\/\/www.aclanester56.com\/velo\/de-belles-performances-des-jeunes-lanesteriens-le-week-end-pascal\/#respond"]}]},{"@type":"WebPage","@id":"https:\/\/www.aclanester56.com\/velo\/de-belles-performances-des-jeunes-lanesteriens-le-week-end-pascal\/","url":"https:\/\/www.aclanester56.com\/velo\/de-belles-performances-des-jeunes-lanesteriens-le-week-end-pascal\/","name":"De belles performances des jeunes Lanest\u00e9riens le week-end pascal ! - Avenir Cycliste Lanester 56","isPartOf":{"@id":"https:\/\/www.aclanester56.com\/velo\/#website"},"primaryImageOfPage":{"@id":"https:\/\/www.aclanester56.com\/velo\/de-belles-performances-des-jeunes-lanesteriens-le-week-end-pascal\/#primaryimage"},"image":{"@id":"https:\/\/www.aclanester56.com\/velo\/de-belles-performances-des-jeunes-lanesteriens-le-week-end-pascal\/#primaryimage"},"thumbnailUrl":"https:\/\/www.aclanester56.com\/velo\/wp-content\/uploads\/2015\/04\/Johann-Le-Bouedec-Copie.jpg","datePublished":"2015-04-06T21:36:53+00:00","inLanguage":"fr-FR","potentialAction":[{"@type":"ReadAction","target":["https:\/\/www.aclanester56.com\/velo\/de-belles-performances-des-jeunes-lanesteriens-le-week-end-pascal\/"]}]},{"@type":"ImageObject","inLanguage":"fr-FR","@id":"https:\/\/www.aclanester56.com\/velo\/de-belles-performances-des-jeunes-lanesteriens-le-week-end-pascal\/#primaryimage","url":"https:\/\/www.aclanester56.com\/velo\/wp-content\/uploads\/2015\/04\/Johann-Le-Bouedec-Copie.jpg","contentUrl":"https:\/\/www.aclanester56.com\/velo\/wp-content\/uploads\/2015\/04\/Johann-Le-Bouedec-Copie.jpg","width":880,"height":450},{"@type":"WebSite","@id":"https:\/\/www.aclanester56.com\/velo\/#website","url":"https:\/\/www.aclanester56.com\/velo\/","name":"Avenir Cycliste Lanester 56","description":"Club cycliste de l&#039;AC LANESTER 56","publisher":{"@id":"https:\/\/www.aclanester56.com\/velo\/#organization"},"potentialAction":[{"@type":"SearchAction","target":{"@type":"EntryPoint","urlTemplate":"https:\/\/www.aclanester56.com\/velo\/?s={search_term_string}"},"query-input":{"@type":"PropertyValueSpecification","valueRequired":true,"valueName":"search_term_string"}}],"inLanguage":"fr-FR"},{"@type":"Organization","@id":"https:\/\/www.aclanester56.com\/velo\/#organization","name":"Avenir Cycliste Lanester 56","url":"https:\/\/www.aclanester56.com\/velo\/","logo":{"@type":"ImageObject","inLanguage":"fr-FR","@id":"https:\/\/www.aclanester56.com\/velo\/#\/schema\/logo\/image\/","url":"https:\/\/www.aclanester56.com\/velo\/wp-content\/uploads\/2013\/04\/logo-ACL.jpg","contentUrl":"https:\/\/www.aclanester56.com\/velo\/wp-content\/uploads\/2013\/04\/logo-ACL.jpg","width":400,"height":334,"caption":"Avenir Cycliste Lanester 56"},"image":{"@id":"https:\/\/www.aclanester56.com\/velo\/#\/schema\/logo\/image\/"},"sameAs":["https:\/\/www.facebook.com\/pages\/AC-Lanester-56\/190286300991242?fref=ts"]},{"@type":"Person","@id":"https:\/\/www.aclanester56.com\/velo\/#\/schema\/person\/ca2a44a5fd969e9dd846c72d3b33bc01","name":"Jean-Christophe","url":"https:\/\/www.aclanester56.com\/velo\/author\/jeanchristophe\/"}]}},"_links":{"self":[{"href":"https:\/\/www.aclanester56.com\/velo\/wp-json\/wp\/v2\/posts\/22705","targetHints":{"allow":["GET"]}}],"collection":[{"href":"https:\/\/www.aclanester56.com\/velo\/wp-json\/wp\/v2\/posts"}],"about":[{"href":"https:\/\/www.aclanester56.com\/velo\/wp-json\/wp\/v2\/types\/post"}],"author":[{"embeddable":true,"href":"https:\/\/www.aclanester56.com\/velo\/wp-json\/wp\/v2\/users\/14"}],"replies":[{"embeddable":true,"href":"https:\/\/www.aclanester56.com\/velo\/wp-json\/wp\/v2\/comments?post=22705"}],"version-history":[{"count":3,"href":"https:\/\/www.aclanester56.com\/velo\/wp-json\/wp\/v2\/posts\/22705\/revisions"}],"predecessor-version":[{"id":22739,"href":"https:\/\/www.aclanester56.com\/velo\/wp-json\/wp\/v2\/posts\/22705\/revisions\/22739"}],"wp:featuredmedia":[{"embeddable":true,"href":"https:\/\/www.aclanester56.com\/velo\/wp-json\/wp\/v2\/media\/22706"}],"wp:attachment":[{"href":"https:\/\/www.aclanester56.com\/velo\/wp-json\/wp\/v2\/media?parent=22705"}],"wp:term":[{"taxonomy":"category","embeddable":true,"href":"https:\/\/www.aclanester56.com\/velo\/wp-json\/wp\/v2\/categories?post=22705"},{"taxonomy":"post_tag","embeddable":true,"href":"https:\/\/www.aclanester56.com\/velo\/wp-json\/wp\/v2\/tags?post=22705"}],"curies":[{"name":"wp","href":"https:\/\/api.w.org\/{rel}","templated":true}]}}