{"id":22754,"date":"2015-04-22T22:54:12","date_gmt":"2015-04-22T20:54:12","guid":{"rendered":"http:\/\/www.aclanester56.com\/velo\/?p=22754"},"modified":"2015-04-23T07:28:43","modified_gmt":"2015-04-23T05:28:43","slug":"victoire-de-yoann-selo-a-calan","status":"publish","type":"post","link":"https:\/\/www.aclanester56.com\/velo\/victoire-de-yoann-selo-a-calan\/","title":{"rendered":"Victoire de Yoann Selo \u00e0 Calan !"},"content":{"rendered":"<p><!--more--><\/p>\n<div id=\"attachment_22756\" style=\"width: 490px\" class=\"wp-caption alignright\"><a href=\"http:\/\/www.aclanester56.com\/velo\/wp-content\/uploads\/2015\/04\/Benjamin-Duval.jpg\"><img loading=\"lazy\" decoding=\"async\" aria-describedby=\"caption-attachment-22756\" class=\"size-full wp-image-22756\" src=\"http:\/\/www.aclanester56.com\/velo\/wp-content\/uploads\/2015\/04\/Benjamin-Duval.jpg\" alt=\"Benjamin Duval a \u00e9t\u00e9 victime d'une spectaculaire chute \u00e0 l'arriv\u00e9e, qui lui laisse malheureusement une fracture de la clavicule (photo Gwen Garot)\" width=\"480\" height=\"311\" srcset=\"https:\/\/www.aclanester56.com\/velo\/wp-content\/uploads\/2015\/04\/Benjamin-Duval.jpg 960w, https:\/\/www.aclanester56.com\/velo\/wp-content\/uploads\/2015\/04\/Benjamin-Duval-300x194.jpg 300w, https:\/\/www.aclanester56.com\/velo\/wp-content\/uploads\/2015\/04\/Benjamin-Duval-800x518.jpg 800w, https:\/\/www.aclanester56.com\/velo\/wp-content\/uploads\/2015\/04\/Benjamin-Duval-695x450.jpg 695w, https:\/\/www.aclanester56.com\/velo\/wp-content\/uploads\/2015\/04\/Benjamin-Duval-600x389.jpg 600w, https:\/\/www.aclanester56.com\/velo\/wp-content\/uploads\/2015\/04\/Benjamin-Duval-100x65.jpg 100w\" sizes=\"auto, (max-width: 480px) 100vw, 480px\" \/><\/a><p id=\"caption-attachment-22756\" class=\"wp-caption-text\">Benjamin Duval a \u00e9t\u00e9 victime d&rsquo;une spectaculaire chute \u00e0 l&rsquo;arriv\u00e9e, qui lui laisse malheureusement une fracture de la clavicule (photo Gwen Garot)<\/p><\/div>\n<p style=\"text-align: justify;\">Le coureur de l&rsquo;AC Lanester 56 Yoann Selo a remport\u00e9 dimanche dernier de belle mani\u00e8re l&rsquo;\u00e9preuve de Calan, au terme d&rsquo;un superbe final. Florian Mor\u00e9ac, J\u00e9rome Le Gal et Hugo Le Bail se classent respectivement 29\u00e8me, 32\u00e8me et 48\u00e8me. Benjamin Duval, qui arrivait pour la 14\u00e8me place, a \u00e9t\u00e9 victime d&rsquo;une chute spectaculaire quelques m\u00e8tres avant la ligne : il s&rsquo;est malheureusement relev\u00e9 avec une fracture de la clavicule et une entorse accromio-claviculaire, qui vont le tenir \u00e9loign\u00e9 des pelotons pendant quelques semaines, en pleine p\u00e9riode de gros objectifs pour lui ! Nous souhaitons un tr\u00e8s bon r\u00e9tablissement \u00e0 Benjamin.<\/p>\n<div id=\"attachment_22757\" style=\"width: 490px\" class=\"wp-caption alignleft\"><a href=\"http:\/\/www.aclanester56.com\/velo\/wp-content\/uploads\/2015\/04\/Chloe-Seveno.jpg\"><img loading=\"lazy\" decoding=\"async\" aria-describedby=\"caption-attachment-22757\" src=\"http:\/\/www.aclanester56.com\/velo\/wp-content\/uploads\/2015\/04\/Chloe-Seveno.jpg\" alt=\"Chloe Seveno a pris une excellente 7\u00e8me place \u00e0 Calan ! (photo Gwen Garot)\" width=\"480\" height=\"392\" class=\"size-full wp-image-22757\" srcset=\"https:\/\/www.aclanester56.com\/velo\/wp-content\/uploads\/2015\/04\/Chloe-Seveno.jpg 960w, https:\/\/www.aclanester56.com\/velo\/wp-content\/uploads\/2015\/04\/Chloe-Seveno-300x245.jpg 300w, https:\/\/www.aclanester56.com\/velo\/wp-content\/uploads\/2015\/04\/Chloe-Seveno-735x600.jpg 735w, https:\/\/www.aclanester56.com\/velo\/wp-content\/uploads\/2015\/04\/Chloe-Seveno-551x450.jpg 551w, https:\/\/www.aclanester56.com\/velo\/wp-content\/uploads\/2015\/04\/Chloe-Seveno-600x490.jpg 600w, https:\/\/www.aclanester56.com\/velo\/wp-content\/uploads\/2015\/04\/Chloe-Seveno-100x82.jpg 100w\" sizes=\"auto, (max-width: 480px) 100vw, 480px\" \/><\/a><p id=\"caption-attachment-22757\" class=\"wp-caption-text\">Chloe Seveno a pris une excellente 7\u00e8me place \u00e0 Calan ! (photo Gwen Garot)<\/p><\/div>\n<p style=\"text-align: justify;\">La cadette lanest\u00e9rienne Chlo\u00e9 Seveno a pris une tr\u00e8s belle 7\u00e8me place de l&rsquo;\u00e9preuve f\u00e9minine Minimes-Cadettes, dans un contexte relev\u00e9 puisque les meilleures bretonnes \u00e9taient pr\u00e9sentes ! Elle sera \u00e0 suivre \u00e0 domicile dimanche prochain sur le Circuit des Jeunes, face aux gar\u00e7ons !<\/p>\n<p style=\"text-align: justify;\"><strong><em>Remerciements \u00e0 Gwen Garot pour les photos. Retrouvez en beaucoup plus sur son site internet\u00a0<a href=\"http:\/\/www.photosdegwen.fr\/\" target=\"_blank\">http:\/\/www.photosdegwen.fr\/<\/a><\/em><\/strong><\/p>\n","protected":false},"excerpt":{"rendered":"","protected":false},"author":14,"featured_media":22759,"comment_status":"open","ping_status":"open","sticky":false,"template":"","format":"standard","meta":{"ngg_post_thumbnail":0,"footnotes":""},"categories":[5],"tags":[],"class_list":["post-22754","post","type-post","status-publish","format-standard","has-post-thumbnail","hentry","category-ac-lanester-56"],"yoast_head":"<!-- This site is optimized with the Yoast SEO plugin v27.5 - https:\/\/yoast.com\/product\/yoast-seo-wordpress\/ -->\n<title>Victoire de Yoann Selo \u00e0 Calan ! - Avenir Cycliste Lanester 56<\/title>\n<meta name=\"robots\" content=\"index, follow, max-snippet:-1, max-image-preview:large, max-video-preview:-1\" \/>\n<link rel=\"canonical\" href=\"https:\/\/www.aclanester56.com\/velo\/victoire-de-yoann-selo-a-calan\/\" \/>\n<meta property=\"og:locale\" content=\"fr_FR\" \/>\n<meta property=\"og:type\" content=\"article\" \/>\n<meta property=\"og:title\" content=\"Victoire de Yoann Selo \u00e0 Calan ! - Avenir Cycliste Lanester 56\" \/>\n<meta property=\"og:url\" content=\"https:\/\/www.aclanester56.com\/velo\/victoire-de-yoann-selo-a-calan\/\" \/>\n<meta property=\"og:site_name\" content=\"Avenir Cycliste Lanester 56\" \/>\n<meta property=\"article:publisher\" content=\"https:\/\/www.facebook.com\/pages\/AC-Lanester-56\/190286300991242?fref=ts\" \/>\n<meta property=\"article:published_time\" content=\"2015-04-22T20:54:12+00:00\" \/>\n<meta property=\"article:modified_time\" content=\"2015-04-23T05:28:43+00:00\" \/>\n<meta property=\"og:image\" content=\"https:\/\/www.aclanester56.com\/velo\/wp-content\/uploads\/2015\/04\/Selo-Yoann-Copie-2.jpg\" \/>\n\t<meta property=\"og:image:width\" content=\"880\" \/>\n\t<meta property=\"og:image:height\" content=\"450\" \/>\n\t<meta property=\"og:image:type\" content=\"image\/jpeg\" \/>\n<meta name=\"author\" content=\"Jean-Christophe\" \/>\n<meta name=\"twitter:label1\" content=\"\u00c9crit par\" \/>\n\t<meta name=\"twitter:data1\" content=\"Jean-Christophe\" \/>\n\t<meta name=\"twitter:label2\" content=\"Dur\u00e9e de lecture estim\u00e9e\" \/>\n\t<meta name=\"twitter:data2\" content=\"1 minute\" \/>\n<script type=\"application\/ld+json\" class=\"yoast-schema-graph\">{\"@context\":\"https:\\\/\\\/schema.org\",\"@graph\":[{\"@type\":\"Article\",\"@id\":\"https:\\\/\\\/www.aclanester56.com\\\/velo\\\/victoire-de-yoann-selo-a-calan\\\/#article\",\"isPartOf\":{\"@id\":\"https:\\\/\\\/www.aclanester56.com\\\/velo\\\/victoire-de-yoann-selo-a-calan\\\/\"},\"author\":{\"name\":\"Jean-Christophe\",\"@id\":\"https:\\\/\\\/www.aclanester56.com\\\/velo\\\/#\\\/schema\\\/person\\\/ca2a44a5fd969e9dd846c72d3b33bc01\"},\"headline\":\"Victoire de Yoann Selo \u00e0 Calan !\",\"datePublished\":\"2015-04-22T20:54:12+00:00\",\"dateModified\":\"2015-04-23T05:28:43+00:00\",\"mainEntityOfPage\":{\"@id\":\"https:\\\/\\\/www.aclanester56.com\\\/velo\\\/victoire-de-yoann-selo-a-calan\\\/\"},\"wordCount\":221,\"commentCount\":0,\"publisher\":{\"@id\":\"https:\\\/\\\/www.aclanester56.com\\\/velo\\\/#organization\"},\"image\":{\"@id\":\"https:\\\/\\\/www.aclanester56.com\\\/velo\\\/victoire-de-yoann-selo-a-calan\\\/#primaryimage\"},\"thumbnailUrl\":\"https:\\\/\\\/www.aclanester56.com\\\/velo\\\/wp-content\\\/uploads\\\/2015\\\/04\\\/Selo-Yoann-Copie-2.jpg\",\"articleSection\":[\"AC LANESTER 56\"],\"inLanguage\":\"fr-FR\",\"potentialAction\":[{\"@type\":\"CommentAction\",\"name\":\"Comment\",\"target\":[\"https:\\\/\\\/www.aclanester56.com\\\/velo\\\/victoire-de-yoann-selo-a-calan\\\/#respond\"]}]},{\"@type\":\"WebPage\",\"@id\":\"https:\\\/\\\/www.aclanester56.com\\\/velo\\\/victoire-de-yoann-selo-a-calan\\\/\",\"url\":\"https:\\\/\\\/www.aclanester56.com\\\/velo\\\/victoire-de-yoann-selo-a-calan\\\/\",\"name\":\"Victoire de Yoann Selo \u00e0 Calan ! - Avenir Cycliste Lanester 56\",\"isPartOf\":{\"@id\":\"https:\\\/\\\/www.aclanester56.com\\\/velo\\\/#website\"},\"primaryImageOfPage\":{\"@id\":\"https:\\\/\\\/www.aclanester56.com\\\/velo\\\/victoire-de-yoann-selo-a-calan\\\/#primaryimage\"},\"image\":{\"@id\":\"https:\\\/\\\/www.aclanester56.com\\\/velo\\\/victoire-de-yoann-selo-a-calan\\\/#primaryimage\"},\"thumbnailUrl\":\"https:\\\/\\\/www.aclanester56.com\\\/velo\\\/wp-content\\\/uploads\\\/2015\\\/04\\\/Selo-Yoann-Copie-2.jpg\",\"datePublished\":\"2015-04-22T20:54:12+00:00\",\"dateModified\":\"2015-04-23T05:28:43+00:00\",\"inLanguage\":\"fr-FR\",\"potentialAction\":[{\"@type\":\"ReadAction\",\"target\":[\"https:\\\/\\\/www.aclanester56.com\\\/velo\\\/victoire-de-yoann-selo-a-calan\\\/\"]}]},{\"@type\":\"ImageObject\",\"inLanguage\":\"fr-FR\",\"@id\":\"https:\\\/\\\/www.aclanester56.com\\\/velo\\\/victoire-de-yoann-selo-a-calan\\\/#primaryimage\",\"url\":\"https:\\\/\\\/www.aclanester56.com\\\/velo\\\/wp-content\\\/uploads\\\/2015\\\/04\\\/Selo-Yoann-Copie-2.jpg\",\"contentUrl\":\"https:\\\/\\\/www.aclanester56.com\\\/velo\\\/wp-content\\\/uploads\\\/2015\\\/04\\\/Selo-Yoann-Copie-2.jpg\",\"width\":880,\"height\":450},{\"@type\":\"WebSite\",\"@id\":\"https:\\\/\\\/www.aclanester56.com\\\/velo\\\/#website\",\"url\":\"https:\\\/\\\/www.aclanester56.com\\\/velo\\\/\",\"name\":\"Avenir Cycliste Lanester 56\",\"description\":\"Club cycliste de l&#039;AC LANESTER 56\",\"publisher\":{\"@id\":\"https:\\\/\\\/www.aclanester56.com\\\/velo\\\/#organization\"},\"potentialAction\":[{\"@type\":\"SearchAction\",\"target\":{\"@type\":\"EntryPoint\",\"urlTemplate\":\"https:\\\/\\\/www.aclanester56.com\\\/velo\\\/?s={search_term_string}\"},\"query-input\":{\"@type\":\"PropertyValueSpecification\",\"valueRequired\":true,\"valueName\":\"search_term_string\"}}],\"inLanguage\":\"fr-FR\"},{\"@type\":\"Organization\",\"@id\":\"https:\\\/\\\/www.aclanester56.com\\\/velo\\\/#organization\",\"name\":\"Avenir Cycliste Lanester 56\",\"url\":\"https:\\\/\\\/www.aclanester56.com\\\/velo\\\/\",\"logo\":{\"@type\":\"ImageObject\",\"inLanguage\":\"fr-FR\",\"@id\":\"https:\\\/\\\/www.aclanester56.com\\\/velo\\\/#\\\/schema\\\/logo\\\/image\\\/\",\"url\":\"https:\\\/\\\/www.aclanester56.com\\\/velo\\\/wp-content\\\/uploads\\\/2013\\\/04\\\/logo-ACL.jpg\",\"contentUrl\":\"https:\\\/\\\/www.aclanester56.com\\\/velo\\\/wp-content\\\/uploads\\\/2013\\\/04\\\/logo-ACL.jpg\",\"width\":400,\"height\":334,\"caption\":\"Avenir Cycliste Lanester 56\"},\"image\":{\"@id\":\"https:\\\/\\\/www.aclanester56.com\\\/velo\\\/#\\\/schema\\\/logo\\\/image\\\/\"},\"sameAs\":[\"https:\\\/\\\/www.facebook.com\\\/pages\\\/AC-Lanester-56\\\/190286300991242?fref=ts\"]},{\"@type\":\"Person\",\"@id\":\"https:\\\/\\\/www.aclanester56.com\\\/velo\\\/#\\\/schema\\\/person\\\/ca2a44a5fd969e9dd846c72d3b33bc01\",\"name\":\"Jean-Christophe\",\"url\":\"https:\\\/\\\/www.aclanester56.com\\\/velo\\\/author\\\/jeanchristophe\\\/\"}]}<\/script>\n<!-- \/ Yoast SEO plugin. -->","yoast_head_json":{"title":"Victoire de Yoann Selo \u00e0 Calan ! - Avenir Cycliste Lanester 56","robots":{"index":"index","follow":"follow","max-snippet":"max-snippet:-1","max-image-preview":"max-image-preview:large","max-video-preview":"max-video-preview:-1"},"canonical":"https:\/\/www.aclanester56.com\/velo\/victoire-de-yoann-selo-a-calan\/","og_locale":"fr_FR","og_type":"article","og_title":"Victoire de Yoann Selo \u00e0 Calan ! - Avenir Cycliste Lanester 56","og_url":"https:\/\/www.aclanester56.com\/velo\/victoire-de-yoann-selo-a-calan\/","og_site_name":"Avenir Cycliste Lanester 56","article_publisher":"https:\/\/www.facebook.com\/pages\/AC-Lanester-56\/190286300991242?fref=ts","article_published_time":"2015-04-22T20:54:12+00:00","article_modified_time":"2015-04-23T05:28:43+00:00","og_image":[{"width":880,"height":450,"url":"https:\/\/www.aclanester56.com\/velo\/wp-content\/uploads\/2015\/04\/Selo-Yoann-Copie-2.jpg","type":"image\/jpeg"}],"author":"Jean-Christophe","twitter_misc":{"\u00c9crit par":"Jean-Christophe","Dur\u00e9e de lecture estim\u00e9e":"1 minute"},"schema":{"@context":"https:\/\/schema.org","@graph":[{"@type":"Article","@id":"https:\/\/www.aclanester56.com\/velo\/victoire-de-yoann-selo-a-calan\/#article","isPartOf":{"@id":"https:\/\/www.aclanester56.com\/velo\/victoire-de-yoann-selo-a-calan\/"},"author":{"name":"Jean-Christophe","@id":"https:\/\/www.aclanester56.com\/velo\/#\/schema\/person\/ca2a44a5fd969e9dd846c72d3b33bc01"},"headline":"Victoire de Yoann Selo \u00e0 Calan !","datePublished":"2015-04-22T20:54:12+00:00","dateModified":"2015-04-23T05:28:43+00:00","mainEntityOfPage":{"@id":"https:\/\/www.aclanester56.com\/velo\/victoire-de-yoann-selo-a-calan\/"},"wordCount":221,"commentCount":0,"publisher":{"@id":"https:\/\/www.aclanester56.com\/velo\/#organization"},"image":{"@id":"https:\/\/www.aclanester56.com\/velo\/victoire-de-yoann-selo-a-calan\/#primaryimage"},"thumbnailUrl":"https:\/\/www.aclanester56.com\/velo\/wp-content\/uploads\/2015\/04\/Selo-Yoann-Copie-2.jpg","articleSection":["AC LANESTER 56"],"inLanguage":"fr-FR","potentialAction":[{"@type":"CommentAction","name":"Comment","target":["https:\/\/www.aclanester56.com\/velo\/victoire-de-yoann-selo-a-calan\/#respond"]}]},{"@type":"WebPage","@id":"https:\/\/www.aclanester56.com\/velo\/victoire-de-yoann-selo-a-calan\/","url":"https:\/\/www.aclanester56.com\/velo\/victoire-de-yoann-selo-a-calan\/","name":"Victoire de Yoann Selo \u00e0 Calan ! - Avenir Cycliste Lanester 56","isPartOf":{"@id":"https:\/\/www.aclanester56.com\/velo\/#website"},"primaryImageOfPage":{"@id":"https:\/\/www.aclanester56.com\/velo\/victoire-de-yoann-selo-a-calan\/#primaryimage"},"image":{"@id":"https:\/\/www.aclanester56.com\/velo\/victoire-de-yoann-selo-a-calan\/#primaryimage"},"thumbnailUrl":"https:\/\/www.aclanester56.com\/velo\/wp-content\/uploads\/2015\/04\/Selo-Yoann-Copie-2.jpg","datePublished":"2015-04-22T20:54:12+00:00","dateModified":"2015-04-23T05:28:43+00:00","inLanguage":"fr-FR","potentialAction":[{"@type":"ReadAction","target":["https:\/\/www.aclanester56.com\/velo\/victoire-de-yoann-selo-a-calan\/"]}]},{"@type":"ImageObject","inLanguage":"fr-FR","@id":"https:\/\/www.aclanester56.com\/velo\/victoire-de-yoann-selo-a-calan\/#primaryimage","url":"https:\/\/www.aclanester56.com\/velo\/wp-content\/uploads\/2015\/04\/Selo-Yoann-Copie-2.jpg","contentUrl":"https:\/\/www.aclanester56.com\/velo\/wp-content\/uploads\/2015\/04\/Selo-Yoann-Copie-2.jpg","width":880,"height":450},{"@type":"WebSite","@id":"https:\/\/www.aclanester56.com\/velo\/#website","url":"https:\/\/www.aclanester56.com\/velo\/","name":"Avenir Cycliste Lanester 56","description":"Club cycliste de l&#039;AC LANESTER 56","publisher":{"@id":"https:\/\/www.aclanester56.com\/velo\/#organization"},"potentialAction":[{"@type":"SearchAction","target":{"@type":"EntryPoint","urlTemplate":"https:\/\/www.aclanester56.com\/velo\/?s={search_term_string}"},"query-input":{"@type":"PropertyValueSpecification","valueRequired":true,"valueName":"search_term_string"}}],"inLanguage":"fr-FR"},{"@type":"Organization","@id":"https:\/\/www.aclanester56.com\/velo\/#organization","name":"Avenir Cycliste Lanester 56","url":"https:\/\/www.aclanester56.com\/velo\/","logo":{"@type":"ImageObject","inLanguage":"fr-FR","@id":"https:\/\/www.aclanester56.com\/velo\/#\/schema\/logo\/image\/","url":"https:\/\/www.aclanester56.com\/velo\/wp-content\/uploads\/2013\/04\/logo-ACL.jpg","contentUrl":"https:\/\/www.aclanester56.com\/velo\/wp-content\/uploads\/2013\/04\/logo-ACL.jpg","width":400,"height":334,"caption":"Avenir Cycliste Lanester 56"},"image":{"@id":"https:\/\/www.aclanester56.com\/velo\/#\/schema\/logo\/image\/"},"sameAs":["https:\/\/www.facebook.com\/pages\/AC-Lanester-56\/190286300991242?fref=ts"]},{"@type":"Person","@id":"https:\/\/www.aclanester56.com\/velo\/#\/schema\/person\/ca2a44a5fd969e9dd846c72d3b33bc01","name":"Jean-Christophe","url":"https:\/\/www.aclanester56.com\/velo\/author\/jeanchristophe\/"}]}},"_links":{"self":[{"href":"https:\/\/www.aclanester56.com\/velo\/wp-json\/wp\/v2\/posts\/22754","targetHints":{"allow":["GET"]}}],"collection":[{"href":"https:\/\/www.aclanester56.com\/velo\/wp-json\/wp\/v2\/posts"}],"about":[{"href":"https:\/\/www.aclanester56.com\/velo\/wp-json\/wp\/v2\/types\/post"}],"author":[{"embeddable":true,"href":"https:\/\/www.aclanester56.com\/velo\/wp-json\/wp\/v2\/users\/14"}],"replies":[{"embeddable":true,"href":"https:\/\/www.aclanester56.com\/velo\/wp-json\/wp\/v2\/comments?post=22754"}],"version-history":[{"count":3,"href":"https:\/\/www.aclanester56.com\/velo\/wp-json\/wp\/v2\/posts\/22754\/revisions"}],"predecessor-version":[{"id":22762,"href":"https:\/\/www.aclanester56.com\/velo\/wp-json\/wp\/v2\/posts\/22754\/revisions\/22762"}],"wp:featuredmedia":[{"embeddable":true,"href":"https:\/\/www.aclanester56.com\/velo\/wp-json\/wp\/v2\/media\/22759"}],"wp:attachment":[{"href":"https:\/\/www.aclanester56.com\/velo\/wp-json\/wp\/v2\/media?parent=22754"}],"wp:term":[{"taxonomy":"category","embeddable":true,"href":"https:\/\/www.aclanester56.com\/velo\/wp-json\/wp\/v2\/categories?post=22754"},{"taxonomy":"post_tag","embeddable":true,"href":"https:\/\/www.aclanester56.com\/velo\/wp-json\/wp\/v2\/tags?post=22754"}],"curies":[{"name":"wp","href":"https:\/\/api.w.org\/{rel}","templated":true}]}}