{"id":2341,"date":"2010-04-22T11:12:09","date_gmt":"2010-04-22T10:12:09","guid":{"rendered":"http:\/\/www.aclanester56.com\/velo\/?p=2341"},"modified":"2011-01-17T13:32:12","modified_gmt":"2011-01-17T12:32:12","slug":"tro-div-ster-reunions-techniques","status":"publish","type":"post","link":"https:\/\/www.aclanester56.com\/velo\/tro-div-ster-reunions-techniques\/","title":{"rendered":"Tro Div Ster : R\u00e9unions techniques"},"content":{"rendered":"<p><a href=\"http:\/\/www.aclanester56.com\/velo\/wp-content\/uploads\/2010\/04\/IMG_91161.jpg\"><img loading=\"lazy\" decoding=\"async\" class=\"size-medium wp-image-2348 alignleft\" title=\"Bubry, D\u00e9part du Samedi\" src=\"http:\/\/www.aclanester56.com\/velo\/wp-content\/uploads\/2010\/04\/IMG_91161-300x200.jpg\" alt=\"\" width=\"300\" height=\"200\" srcset=\"https:\/\/www.aclanester56.com\/velo\/wp-content\/uploads\/2010\/04\/IMG_91161-300x200.jpg 300w, https:\/\/www.aclanester56.com\/velo\/wp-content\/uploads\/2010\/04\/IMG_91161.jpg 600w\" sizes=\"auto, (max-width: 300px) 100vw, 300px\" \/><\/a><\/p>\n<p><br class=\"spacer_\" \/><\/p>\n<p><br class=\"spacer_\" \/><\/p>\n<p><br class=\"spacer_\" \/><\/p>\n<p><br class=\"spacer_\" \/><\/p>\n<p><br class=\"spacer_\" \/><\/p>\n<p><br class=\"spacer_\" \/><\/p>\n<p><br class=\"spacer_\" \/><\/p>\n<p><br class=\"spacer_\" \/><\/p>\n<p>L&rsquo;\u00e9quipe d&rsquo;organisation du Tro Div Ster &#8230;<\/p>\n<p><!--more--><\/p>\n<p>Jean-Yves LE GAL (Pr\u00e9sident de l&rsquo;Organisation du TDS), J\u00e9r\u00f4me LE CALVE\u00a0 (Vice-Pr\u00e9sident), Marc ESVAN ( Secr\u00e9taire du TDS et Ligne de d\u00e9part), Alain GIROUX (Communication), Philippe LANCELOT (Ligne d&rsquo;arriv\u00e9e), Michel LE DOUAIRON (Echelon Course, S\u00e9curit\u00e9 et Radio) et Jean-Claude SAGOT (Technique et Fl\u00e9chage) ont pr\u00e9sent\u00e9 l&rsquo;\u00e9preuve et r\u00e9gl\u00e9 les diff\u00e9rents points techniques en collaboration avec les communes et les associations qui nous accueillent.<\/p>\n<p>Le Comit\u00e9 des f\u00eates de Bubry, la Commune de Malgu\u00e9nac et la Roue d&rsquo;Or, La Commune de Land\u00e9vant avec Sport et Nature, et La Commune de Plouhinec avec le Club Cyclo&#8230;<\/p>\n<p><br class=\"spacer_\" \/><\/p>\n<p><br class=\"spacer_\" \/><\/p>\n<p><a href=\"http:\/\/www.aclanester56.com\/velo\/wp-content\/uploads\/2010\/04\/IMG_90971.jpg\"><img loading=\"lazy\" decoding=\"async\" class=\"alignleft size-medium wp-image-2350\" title=\"Malgu\u00e9nac\" src=\"http:\/\/www.aclanester56.com\/velo\/wp-content\/uploads\/2010\/04\/IMG_90971-300x200.jpg\" alt=\"\" width=\"300\" height=\"200\" srcset=\"https:\/\/www.aclanester56.com\/velo\/wp-content\/uploads\/2010\/04\/IMG_90971-300x200.jpg 300w, https:\/\/www.aclanester56.com\/velo\/wp-content\/uploads\/2010\/04\/IMG_90971.jpg 600w\" sizes=\"auto, (max-width: 300px) 100vw, 300px\" \/><\/a><\/p>\n<p style=\"text-align: center;\"><a href=\"http:\/\/www.aclanester56.com\/velo\/wp-content\/uploads\/2010\/04\/IMG_1966.jpg\"><img loading=\"lazy\" decoding=\"async\" class=\"size-medium wp-image-2344 aligncenter\" title=\"Land\u00e9vant\" src=\"http:\/\/www.aclanester56.com\/velo\/wp-content\/uploads\/2010\/04\/IMG_1966-300x225.jpg\" alt=\"\" width=\"300\" height=\"225\" srcset=\"https:\/\/www.aclanester56.com\/velo\/wp-content\/uploads\/2010\/04\/IMG_1966-300x225.jpg 300w, https:\/\/www.aclanester56.com\/velo\/wp-content\/uploads\/2010\/04\/IMG_1966.jpg 533w\" sizes=\"auto, (max-width: 300px) 100vw, 300px\" \/><\/a><\/p>\n","protected":false},"excerpt":{"rendered":"<p>L&rsquo;\u00e9quipe d&rsquo;organisation du Tro Div Ster &#8230;<\/p>\n","protected":false},"author":14,"featured_media":2348,"comment_status":"open","ping_status":"open","sticky":false,"template":"","format":"standard","meta":{"ngg_post_thumbnail":0,"footnotes":""},"categories":[5,8,7],"tags":[],"class_list":["post-2341","post","type-post","status-publish","format-standard","has-post-thumbnail","hentry","category-ac-lanester-56","category-tro-div-ster","category-organisations"],"yoast_head":"<!-- This site is optimized with the Yoast SEO plugin v27.5 - https:\/\/yoast.com\/product\/yoast-seo-wordpress\/ -->\n<title>Tro Div Ster : R\u00e9unions techniques - Avenir Cycliste Lanester 56<\/title>\n<meta name=\"robots\" content=\"index, follow, max-snippet:-1, max-image-preview:large, max-video-preview:-1\" \/>\n<link rel=\"canonical\" href=\"https:\/\/www.aclanester56.com\/velo\/tro-div-ster-reunions-techniques\/\" \/>\n<meta property=\"og:locale\" content=\"fr_FR\" \/>\n<meta property=\"og:type\" content=\"article\" \/>\n<meta property=\"og:title\" content=\"Tro Div Ster : R\u00e9unions techniques - Avenir Cycliste Lanester 56\" \/>\n<meta property=\"og:description\" content=\"L&rsquo;\u00e9quipe d&rsquo;organisation du Tro Div Ster &#8230;\" \/>\n<meta property=\"og:url\" content=\"https:\/\/www.aclanester56.com\/velo\/tro-div-ster-reunions-techniques\/\" \/>\n<meta property=\"og:site_name\" content=\"Avenir Cycliste Lanester 56\" \/>\n<meta property=\"article:publisher\" content=\"https:\/\/www.facebook.com\/pages\/AC-Lanester-56\/190286300991242?fref=ts\" \/>\n<meta property=\"article:published_time\" content=\"2010-04-22T10:12:09+00:00\" \/>\n<meta property=\"article:modified_time\" content=\"2011-01-17T12:32:12+00:00\" \/>\n<meta property=\"og:image\" content=\"https:\/\/www.aclanester56.com\/velo\/wp-content\/uploads\/2010\/04\/IMG_91161.jpg\" \/>\n\t<meta property=\"og:image:width\" content=\"600\" \/>\n\t<meta property=\"og:image:height\" content=\"400\" \/>\n\t<meta property=\"og:image:type\" content=\"image\/jpeg\" \/>\n<meta name=\"author\" content=\"Jean-Christophe\" \/>\n<meta name=\"twitter:label1\" content=\"\u00c9crit par\" \/>\n\t<meta name=\"twitter:data1\" content=\"Jean-Christophe\" \/>\n\t<meta name=\"twitter:label2\" content=\"Dur\u00e9e de lecture estim\u00e9e\" \/>\n\t<meta name=\"twitter:data2\" content=\"1 minute\" \/>\n<script type=\"application\/ld+json\" class=\"yoast-schema-graph\">{\"@context\":\"https:\\\/\\\/schema.org\",\"@graph\":[{\"@type\":\"Article\",\"@id\":\"https:\\\/\\\/www.aclanester56.com\\\/velo\\\/tro-div-ster-reunions-techniques\\\/#article\",\"isPartOf\":{\"@id\":\"https:\\\/\\\/www.aclanester56.com\\\/velo\\\/tro-div-ster-reunions-techniques\\\/\"},\"author\":{\"name\":\"Jean-Christophe\",\"@id\":\"https:\\\/\\\/www.aclanester56.com\\\/velo\\\/#\\\/schema\\\/person\\\/ca2a44a5fd969e9dd846c72d3b33bc01\"},\"headline\":\"Tro Div Ster : R\u00e9unions techniques\",\"datePublished\":\"2010-04-22T10:12:09+00:00\",\"dateModified\":\"2011-01-17T12:32:12+00:00\",\"mainEntityOfPage\":{\"@id\":\"https:\\\/\\\/www.aclanester56.com\\\/velo\\\/tro-div-ster-reunions-techniques\\\/\"},\"wordCount\":122,\"commentCount\":1,\"publisher\":{\"@id\":\"https:\\\/\\\/www.aclanester56.com\\\/velo\\\/#organization\"},\"image\":{\"@id\":\"https:\\\/\\\/www.aclanester56.com\\\/velo\\\/tro-div-ster-reunions-techniques\\\/#primaryimage\"},\"thumbnailUrl\":\"https:\\\/\\\/www.aclanester56.com\\\/velo\\\/wp-content\\\/uploads\\\/2010\\\/04\\\/IMG_91161.jpg\",\"articleSection\":[\"AC LANESTER 56\",\"Le Tro Div Ster\",\"Les organisations\"],\"inLanguage\":\"fr-FR\",\"potentialAction\":[{\"@type\":\"CommentAction\",\"name\":\"Comment\",\"target\":[\"https:\\\/\\\/www.aclanester56.com\\\/velo\\\/tro-div-ster-reunions-techniques\\\/#respond\"]}]},{\"@type\":\"WebPage\",\"@id\":\"https:\\\/\\\/www.aclanester56.com\\\/velo\\\/tro-div-ster-reunions-techniques\\\/\",\"url\":\"https:\\\/\\\/www.aclanester56.com\\\/velo\\\/tro-div-ster-reunions-techniques\\\/\",\"name\":\"Tro Div Ster : R\u00e9unions techniques - Avenir Cycliste Lanester 56\",\"isPartOf\":{\"@id\":\"https:\\\/\\\/www.aclanester56.com\\\/velo\\\/#website\"},\"primaryImageOfPage\":{\"@id\":\"https:\\\/\\\/www.aclanester56.com\\\/velo\\\/tro-div-ster-reunions-techniques\\\/#primaryimage\"},\"image\":{\"@id\":\"https:\\\/\\\/www.aclanester56.com\\\/velo\\\/tro-div-ster-reunions-techniques\\\/#primaryimage\"},\"thumbnailUrl\":\"https:\\\/\\\/www.aclanester56.com\\\/velo\\\/wp-content\\\/uploads\\\/2010\\\/04\\\/IMG_91161.jpg\",\"datePublished\":\"2010-04-22T10:12:09+00:00\",\"dateModified\":\"2011-01-17T12:32:12+00:00\",\"inLanguage\":\"fr-FR\",\"potentialAction\":[{\"@type\":\"ReadAction\",\"target\":[\"https:\\\/\\\/www.aclanester56.com\\\/velo\\\/tro-div-ster-reunions-techniques\\\/\"]}]},{\"@type\":\"ImageObject\",\"inLanguage\":\"fr-FR\",\"@id\":\"https:\\\/\\\/www.aclanester56.com\\\/velo\\\/tro-div-ster-reunions-techniques\\\/#primaryimage\",\"url\":\"https:\\\/\\\/www.aclanester56.com\\\/velo\\\/wp-content\\\/uploads\\\/2010\\\/04\\\/IMG_91161.jpg\",\"contentUrl\":\"https:\\\/\\\/www.aclanester56.com\\\/velo\\\/wp-content\\\/uploads\\\/2010\\\/04\\\/IMG_91161.jpg\",\"width\":600,\"height\":400},{\"@type\":\"WebSite\",\"@id\":\"https:\\\/\\\/www.aclanester56.com\\\/velo\\\/#website\",\"url\":\"https:\\\/\\\/www.aclanester56.com\\\/velo\\\/\",\"name\":\"Avenir Cycliste Lanester 56\",\"description\":\"Club cycliste de l&#039;AC LANESTER 56\",\"publisher\":{\"@id\":\"https:\\\/\\\/www.aclanester56.com\\\/velo\\\/#organization\"},\"potentialAction\":[{\"@type\":\"SearchAction\",\"target\":{\"@type\":\"EntryPoint\",\"urlTemplate\":\"https:\\\/\\\/www.aclanester56.com\\\/velo\\\/?s={search_term_string}\"},\"query-input\":{\"@type\":\"PropertyValueSpecification\",\"valueRequired\":true,\"valueName\":\"search_term_string\"}}],\"inLanguage\":\"fr-FR\"},{\"@type\":\"Organization\",\"@id\":\"https:\\\/\\\/www.aclanester56.com\\\/velo\\\/#organization\",\"name\":\"Avenir Cycliste Lanester 56\",\"url\":\"https:\\\/\\\/www.aclanester56.com\\\/velo\\\/\",\"logo\":{\"@type\":\"ImageObject\",\"inLanguage\":\"fr-FR\",\"@id\":\"https:\\\/\\\/www.aclanester56.com\\\/velo\\\/#\\\/schema\\\/logo\\\/image\\\/\",\"url\":\"https:\\\/\\\/www.aclanester56.com\\\/velo\\\/wp-content\\\/uploads\\\/2013\\\/04\\\/logo-ACL.jpg\",\"contentUrl\":\"https:\\\/\\\/www.aclanester56.com\\\/velo\\\/wp-content\\\/uploads\\\/2013\\\/04\\\/logo-ACL.jpg\",\"width\":400,\"height\":334,\"caption\":\"Avenir Cycliste Lanester 56\"},\"image\":{\"@id\":\"https:\\\/\\\/www.aclanester56.com\\\/velo\\\/#\\\/schema\\\/logo\\\/image\\\/\"},\"sameAs\":[\"https:\\\/\\\/www.facebook.com\\\/pages\\\/AC-Lanester-56\\\/190286300991242?fref=ts\"]},{\"@type\":\"Person\",\"@id\":\"https:\\\/\\\/www.aclanester56.com\\\/velo\\\/#\\\/schema\\\/person\\\/ca2a44a5fd969e9dd846c72d3b33bc01\",\"name\":\"Jean-Christophe\",\"url\":\"https:\\\/\\\/www.aclanester56.com\\\/velo\\\/author\\\/jeanchristophe\\\/\"}]}<\/script>\n<!-- \/ Yoast SEO plugin. -->","yoast_head_json":{"title":"Tro Div Ster : R\u00e9unions techniques - Avenir Cycliste Lanester 56","robots":{"index":"index","follow":"follow","max-snippet":"max-snippet:-1","max-image-preview":"max-image-preview:large","max-video-preview":"max-video-preview:-1"},"canonical":"https:\/\/www.aclanester56.com\/velo\/tro-div-ster-reunions-techniques\/","og_locale":"fr_FR","og_type":"article","og_title":"Tro Div Ster : R\u00e9unions techniques - Avenir Cycliste Lanester 56","og_description":"L&rsquo;\u00e9quipe d&rsquo;organisation du Tro Div Ster &#8230;","og_url":"https:\/\/www.aclanester56.com\/velo\/tro-div-ster-reunions-techniques\/","og_site_name":"Avenir Cycliste Lanester 56","article_publisher":"https:\/\/www.facebook.com\/pages\/AC-Lanester-56\/190286300991242?fref=ts","article_published_time":"2010-04-22T10:12:09+00:00","article_modified_time":"2011-01-17T12:32:12+00:00","og_image":[{"width":600,"height":400,"url":"https:\/\/www.aclanester56.com\/velo\/wp-content\/uploads\/2010\/04\/IMG_91161.jpg","type":"image\/jpeg"}],"author":"Jean-Christophe","twitter_misc":{"\u00c9crit par":"Jean-Christophe","Dur\u00e9e de lecture estim\u00e9e":"1 minute"},"schema":{"@context":"https:\/\/schema.org","@graph":[{"@type":"Article","@id":"https:\/\/www.aclanester56.com\/velo\/tro-div-ster-reunions-techniques\/#article","isPartOf":{"@id":"https:\/\/www.aclanester56.com\/velo\/tro-div-ster-reunions-techniques\/"},"author":{"name":"Jean-Christophe","@id":"https:\/\/www.aclanester56.com\/velo\/#\/schema\/person\/ca2a44a5fd969e9dd846c72d3b33bc01"},"headline":"Tro Div Ster : R\u00e9unions techniques","datePublished":"2010-04-22T10:12:09+00:00","dateModified":"2011-01-17T12:32:12+00:00","mainEntityOfPage":{"@id":"https:\/\/www.aclanester56.com\/velo\/tro-div-ster-reunions-techniques\/"},"wordCount":122,"commentCount":1,"publisher":{"@id":"https:\/\/www.aclanester56.com\/velo\/#organization"},"image":{"@id":"https:\/\/www.aclanester56.com\/velo\/tro-div-ster-reunions-techniques\/#primaryimage"},"thumbnailUrl":"https:\/\/www.aclanester56.com\/velo\/wp-content\/uploads\/2010\/04\/IMG_91161.jpg","articleSection":["AC LANESTER 56","Le Tro Div Ster","Les organisations"],"inLanguage":"fr-FR","potentialAction":[{"@type":"CommentAction","name":"Comment","target":["https:\/\/www.aclanester56.com\/velo\/tro-div-ster-reunions-techniques\/#respond"]}]},{"@type":"WebPage","@id":"https:\/\/www.aclanester56.com\/velo\/tro-div-ster-reunions-techniques\/","url":"https:\/\/www.aclanester56.com\/velo\/tro-div-ster-reunions-techniques\/","name":"Tro Div Ster : R\u00e9unions techniques - Avenir Cycliste Lanester 56","isPartOf":{"@id":"https:\/\/www.aclanester56.com\/velo\/#website"},"primaryImageOfPage":{"@id":"https:\/\/www.aclanester56.com\/velo\/tro-div-ster-reunions-techniques\/#primaryimage"},"image":{"@id":"https:\/\/www.aclanester56.com\/velo\/tro-div-ster-reunions-techniques\/#primaryimage"},"thumbnailUrl":"https:\/\/www.aclanester56.com\/velo\/wp-content\/uploads\/2010\/04\/IMG_91161.jpg","datePublished":"2010-04-22T10:12:09+00:00","dateModified":"2011-01-17T12:32:12+00:00","inLanguage":"fr-FR","potentialAction":[{"@type":"ReadAction","target":["https:\/\/www.aclanester56.com\/velo\/tro-div-ster-reunions-techniques\/"]}]},{"@type":"ImageObject","inLanguage":"fr-FR","@id":"https:\/\/www.aclanester56.com\/velo\/tro-div-ster-reunions-techniques\/#primaryimage","url":"https:\/\/www.aclanester56.com\/velo\/wp-content\/uploads\/2010\/04\/IMG_91161.jpg","contentUrl":"https:\/\/www.aclanester56.com\/velo\/wp-content\/uploads\/2010\/04\/IMG_91161.jpg","width":600,"height":400},{"@type":"WebSite","@id":"https:\/\/www.aclanester56.com\/velo\/#website","url":"https:\/\/www.aclanester56.com\/velo\/","name":"Avenir Cycliste Lanester 56","description":"Club cycliste de l&#039;AC LANESTER 56","publisher":{"@id":"https:\/\/www.aclanester56.com\/velo\/#organization"},"potentialAction":[{"@type":"SearchAction","target":{"@type":"EntryPoint","urlTemplate":"https:\/\/www.aclanester56.com\/velo\/?s={search_term_string}"},"query-input":{"@type":"PropertyValueSpecification","valueRequired":true,"valueName":"search_term_string"}}],"inLanguage":"fr-FR"},{"@type":"Organization","@id":"https:\/\/www.aclanester56.com\/velo\/#organization","name":"Avenir Cycliste Lanester 56","url":"https:\/\/www.aclanester56.com\/velo\/","logo":{"@type":"ImageObject","inLanguage":"fr-FR","@id":"https:\/\/www.aclanester56.com\/velo\/#\/schema\/logo\/image\/","url":"https:\/\/www.aclanester56.com\/velo\/wp-content\/uploads\/2013\/04\/logo-ACL.jpg","contentUrl":"https:\/\/www.aclanester56.com\/velo\/wp-content\/uploads\/2013\/04\/logo-ACL.jpg","width":400,"height":334,"caption":"Avenir Cycliste Lanester 56"},"image":{"@id":"https:\/\/www.aclanester56.com\/velo\/#\/schema\/logo\/image\/"},"sameAs":["https:\/\/www.facebook.com\/pages\/AC-Lanester-56\/190286300991242?fref=ts"]},{"@type":"Person","@id":"https:\/\/www.aclanester56.com\/velo\/#\/schema\/person\/ca2a44a5fd969e9dd846c72d3b33bc01","name":"Jean-Christophe","url":"https:\/\/www.aclanester56.com\/velo\/author\/jeanchristophe\/"}]}},"_links":{"self":[{"href":"https:\/\/www.aclanester56.com\/velo\/wp-json\/wp\/v2\/posts\/2341","targetHints":{"allow":["GET"]}}],"collection":[{"href":"https:\/\/www.aclanester56.com\/velo\/wp-json\/wp\/v2\/posts"}],"about":[{"href":"https:\/\/www.aclanester56.com\/velo\/wp-json\/wp\/v2\/types\/post"}],"author":[{"embeddable":true,"href":"https:\/\/www.aclanester56.com\/velo\/wp-json\/wp\/v2\/users\/14"}],"replies":[{"embeddable":true,"href":"https:\/\/www.aclanester56.com\/velo\/wp-json\/wp\/v2\/comments?post=2341"}],"version-history":[{"count":0,"href":"https:\/\/www.aclanester56.com\/velo\/wp-json\/wp\/v2\/posts\/2341\/revisions"}],"wp:featuredmedia":[{"embeddable":true,"href":"https:\/\/www.aclanester56.com\/velo\/wp-json\/wp\/v2\/media\/2348"}],"wp:attachment":[{"href":"https:\/\/www.aclanester56.com\/velo\/wp-json\/wp\/v2\/media?parent=2341"}],"wp:term":[{"taxonomy":"category","embeddable":true,"href":"https:\/\/www.aclanester56.com\/velo\/wp-json\/wp\/v2\/categories?post=2341"},{"taxonomy":"post_tag","embeddable":true,"href":"https:\/\/www.aclanester56.com\/velo\/wp-json\/wp\/v2\/tags?post=2341"}],"curies":[{"name":"wp","href":"https:\/\/api.w.org\/{rel}","templated":true}]}}