{"id":2358,"date":"2010-04-26T14:41:17","date_gmt":"2010-04-26T13:41:17","guid":{"rendered":"http:\/\/www.aclanester56.com\/velo\/?p=2358"},"modified":"2010-04-26T14:42:15","modified_gmt":"2010-04-26T13:42:15","slug":"les-boucles-de-la-loire","status":"publish","type":"post","link":"https:\/\/www.aclanester56.com\/velo\/les-boucles-de-la-loire\/","title":{"rendered":"Les Boucles de la Loire"},"content":{"rendered":"<p>L&rsquo;\u00e9quipe d&rsquo;Orvault a enchain\u00e9 avec les Boucles de la Loire&#8230;<\/p>\n<p><!--more--><\/p>\n<p>D\u00e8s le 10eme km, un groupe de 30 coureurs se d\u00e9tache.<\/p>\n<p>On y retrouve Vincent Ragot, Yann Rault et Warren Barguil pour l&rsquo;ACL 56.<\/p>\n<p>Malgr\u00e9 d&rsquo;incessantes attaques, ce groupe se pr\u00e9sente sur le tortueux circuit d&rsquo;arriv\u00e9e de Sainte Luce.<\/p>\n<p>Et c&rsquo;est \u00e0 un v\u00e9ritable exploit que l&rsquo; on a pu assister: les 5 premi\u00e8res places \u00e9tant remport\u00e9 par un soci\u00e9taire du Team Vend\u00e9e U.<\/p>\n<p>K\u00e9vin Reza (Vend\u00e9e U) remporte donc ce dimanche les 21e Boucles de la Loire (Elite Nationale). Il arrive main dans la main avec ses co\u00e9quipiers Angelo Tulik et Justin Jules.<\/p>\n<p><br class=\"spacer_\" \/><\/p>\n<p>Classement :<\/p>\n<p><span style=\"font-size: small\">1\u00a0REZA\u00a0KEVIN\u00a0\u00a0 \u00a0VENDEE U PAYS DE LA LOIRE<\/span><\/p>\n<p><span style=\"font-size: small\">2\u00a0TULIK\u00a0ANGELO\u00a0\u00a0 \u00a0VENDEE U PAYS DE LA LOIRE<\/span><\/p>\n<p><span style=\"font-size: small\">3 JULES\u00a0JUSTIN\u00a0\u00a0 \u00a0VENDEE U PAYS DE LA LOIRE<\/span><\/p>\n<p><span style=\"font-size: small\">4\u00a0MORITZ\u00a0YANN\u00a0\u00a0 \u00a0VENDEE U PAYS DE LA LOIRE<\/span><\/p>\n<p><span style=\"font-size: small\">5\u00a0COUSIN\u00a0JEROME\u00a0\u00a0 \u00a0VENDEE U PAYS DE LA LOIRE<\/span><\/p>\n<p><span style=\"font-size: small\">6\u00a0JEGOU\u00a0LILIAN\u00a0\u00a0 \u00a0BRETAGNE SCHULLER<\/span><\/p>\n<p><span style=\"font-size: small\">7\u00a0LE MONTAGNER\u00a0Maxime\u00a0\u00a0 \u00a0COTES D`ARMOR CYCL.<\/span><\/p>\n<p><span style=\"font-size: small\">8\u00a0EISAKS\u00a0Kalvis\u00a0\u00a0 \u00a0TEAM CYCLISME A.BIGOT<\/span><\/p>\n<p><span style=\"font-size: small\">9\u00a0GUILLOUX\u00a0FREDDIE\u00a0\u00a0 \u00a0POC COTE DE LUMIERE<\/span><\/p>\n<p><span style=\"font-size: small\"><span style=\"background-color: #ff6600\">10\u00a0RAGOT\u00a0Vincent\u00a0\u00a0 \u00a0AC LANESTER 56<\/span><\/span><\/p>\n<p><span style=\"font-size: small\">11\u00a0LOUYEST\u00a0Edouard\u00a0\u00a0 \u00a0SOJASUN ESPOIR ACNC<\/span><\/p>\n<p><span style=\"font-size: small\">12\u00a0FOISNET\u00a0JULIEN\u00a0\u00a0 \u00a0VERANDA RIDEAU SARTHE<\/span><\/p>\n<p><span style=\"font-size: small\">13\u00a0GUYOT\u00a0Yann\u00a0\u00a0 \u00a0SOJASUN ESPOIR ACNC<\/span><\/p>\n<p><span style=\"font-size: small\">14\u00a0PIVOIS\u00a0Yann\u00a0\u00a0 \u00a0C.POITEVIN<\/span><\/p>\n<p><span style=\"font-size: small\"><span style=\"background-color: #ff6600\">15\u00a0BARGUIL\u00a0Warren\u00a0\u00a0 \u00a0AC LANESTER 56<\/span><\/span><\/p>\n<p><span style=\"font-size: small\">16\u00a0MALLE\u00a0\u00a0GUILLAUME\u00a0\u00a0 \u00a0VERANDA RIDEAU SARTHE<\/span><\/p>\n<p><span style=\"font-size: small\">17\u00a0KUSHLEV\u00a0Stefan\u00a0\u00a0 \u00a0TEAM CYCLISME A.BIGOT<\/span><\/p>\n<p><span style=\"font-size: small\">18\u00a0RICORDEL\u00a0Yannick\u00a0\u00a0 \u00a0ALBI VELO SPORT<\/span><\/p>\n<p><span style=\"font-size: small\">19\u00a0DURET\u00a0S\u00e9bastien\u00a0\u00a0 \u00a0BRETAGNE SCHULLER<\/span><\/p>\n<p><span style=\"font-size: small\">20\u00a0BELGY\u00a0JULIEN\u00a0\u00a0 \u00a0VENDEE U PAYS DE LA LOIRE<\/span><\/p>\n","protected":false},"excerpt":{"rendered":"<p>L&rsquo;\u00e9quipe d&rsquo;Orvault a enchain\u00e9 avec les Boucles de la Loire&#8230;<\/p>\n","protected":false},"author":14,"featured_media":0,"comment_status":"open","ping_status":"open","sticky":false,"template":"","format":"standard","meta":{"ngg_post_thumbnail":0,"footnotes":""},"categories":[14,17],"tags":[],"class_list":["post-2358","post","type-post","status-publish","format-standard","hentry","category-actualites-dn","category-resultats-dn"],"yoast_head":"<!-- This site is optimized with the Yoast SEO plugin v27.5 - https:\/\/yoast.com\/product\/yoast-seo-wordpress\/ -->\n<title>Les Boucles de la Loire - Avenir Cycliste Lanester 56<\/title>\n<meta name=\"robots\" content=\"index, follow, max-snippet:-1, max-image-preview:large, max-video-preview:-1\" \/>\n<link rel=\"canonical\" href=\"https:\/\/www.aclanester56.com\/velo\/les-boucles-de-la-loire\/\" \/>\n<meta property=\"og:locale\" content=\"fr_FR\" \/>\n<meta property=\"og:type\" content=\"article\" \/>\n<meta property=\"og:title\" content=\"Les Boucles de la Loire - Avenir Cycliste Lanester 56\" \/>\n<meta property=\"og:description\" content=\"L&rsquo;\u00e9quipe d&rsquo;Orvault a enchain\u00e9 avec les Boucles de la Loire&#8230;\" \/>\n<meta property=\"og:url\" content=\"https:\/\/www.aclanester56.com\/velo\/les-boucles-de-la-loire\/\" \/>\n<meta property=\"og:site_name\" content=\"Avenir Cycliste Lanester 56\" \/>\n<meta property=\"article:publisher\" content=\"https:\/\/www.facebook.com\/pages\/AC-Lanester-56\/190286300991242?fref=ts\" \/>\n<meta property=\"article:published_time\" content=\"2010-04-26T13:41:17+00:00\" \/>\n<meta property=\"article:modified_time\" content=\"2010-04-26T13:42:15+00:00\" \/>\n<meta name=\"author\" content=\"Jean-Christophe\" \/>\n<meta name=\"twitter:label1\" content=\"\u00c9crit par\" \/>\n\t<meta name=\"twitter:data1\" content=\"Jean-Christophe\" \/>\n\t<meta name=\"twitter:label2\" content=\"Dur\u00e9e de lecture estim\u00e9e\" \/>\n\t<meta name=\"twitter:data2\" content=\"1 minute\" \/>\n<script type=\"application\/ld+json\" class=\"yoast-schema-graph\">{\"@context\":\"https:\\\/\\\/schema.org\",\"@graph\":[{\"@type\":\"Article\",\"@id\":\"https:\\\/\\\/www.aclanester56.com\\\/velo\\\/les-boucles-de-la-loire\\\/#article\",\"isPartOf\":{\"@id\":\"https:\\\/\\\/www.aclanester56.com\\\/velo\\\/les-boucles-de-la-loire\\\/\"},\"author\":{\"name\":\"Jean-Christophe\",\"@id\":\"https:\\\/\\\/www.aclanester56.com\\\/velo\\\/#\\\/schema\\\/person\\\/ca2a44a5fd969e9dd846c72d3b33bc01\"},\"headline\":\"Les Boucles de la Loire\",\"datePublished\":\"2010-04-26T13:41:17+00:00\",\"dateModified\":\"2010-04-26T13:42:15+00:00\",\"mainEntityOfPage\":{\"@id\":\"https:\\\/\\\/www.aclanester56.com\\\/velo\\\/les-boucles-de-la-loire\\\/\"},\"wordCount\":237,\"commentCount\":0,\"publisher\":{\"@id\":\"https:\\\/\\\/www.aclanester56.com\\\/velo\\\/#organization\"},\"articleSection\":[\"Actualit\u00e9s DN\",\"R\u00e9sultats DN\"],\"inLanguage\":\"fr-FR\",\"potentialAction\":[{\"@type\":\"CommentAction\",\"name\":\"Comment\",\"target\":[\"https:\\\/\\\/www.aclanester56.com\\\/velo\\\/les-boucles-de-la-loire\\\/#respond\"]}]},{\"@type\":\"WebPage\",\"@id\":\"https:\\\/\\\/www.aclanester56.com\\\/velo\\\/les-boucles-de-la-loire\\\/\",\"url\":\"https:\\\/\\\/www.aclanester56.com\\\/velo\\\/les-boucles-de-la-loire\\\/\",\"name\":\"Les Boucles de la Loire - Avenir Cycliste Lanester 56\",\"isPartOf\":{\"@id\":\"https:\\\/\\\/www.aclanester56.com\\\/velo\\\/#website\"},\"datePublished\":\"2010-04-26T13:41:17+00:00\",\"dateModified\":\"2010-04-26T13:42:15+00:00\",\"inLanguage\":\"fr-FR\",\"potentialAction\":[{\"@type\":\"ReadAction\",\"target\":[\"https:\\\/\\\/www.aclanester56.com\\\/velo\\\/les-boucles-de-la-loire\\\/\"]}]},{\"@type\":\"WebSite\",\"@id\":\"https:\\\/\\\/www.aclanester56.com\\\/velo\\\/#website\",\"url\":\"https:\\\/\\\/www.aclanester56.com\\\/velo\\\/\",\"name\":\"Avenir Cycliste Lanester 56\",\"description\":\"Club cycliste de l&#039;AC LANESTER 56\",\"publisher\":{\"@id\":\"https:\\\/\\\/www.aclanester56.com\\\/velo\\\/#organization\"},\"potentialAction\":[{\"@type\":\"SearchAction\",\"target\":{\"@type\":\"EntryPoint\",\"urlTemplate\":\"https:\\\/\\\/www.aclanester56.com\\\/velo\\\/?s={search_term_string}\"},\"query-input\":{\"@type\":\"PropertyValueSpecification\",\"valueRequired\":true,\"valueName\":\"search_term_string\"}}],\"inLanguage\":\"fr-FR\"},{\"@type\":\"Organization\",\"@id\":\"https:\\\/\\\/www.aclanester56.com\\\/velo\\\/#organization\",\"name\":\"Avenir Cycliste Lanester 56\",\"url\":\"https:\\\/\\\/www.aclanester56.com\\\/velo\\\/\",\"logo\":{\"@type\":\"ImageObject\",\"inLanguage\":\"fr-FR\",\"@id\":\"https:\\\/\\\/www.aclanester56.com\\\/velo\\\/#\\\/schema\\\/logo\\\/image\\\/\",\"url\":\"https:\\\/\\\/www.aclanester56.com\\\/velo\\\/wp-content\\\/uploads\\\/2013\\\/04\\\/logo-ACL.jpg\",\"contentUrl\":\"https:\\\/\\\/www.aclanester56.com\\\/velo\\\/wp-content\\\/uploads\\\/2013\\\/04\\\/logo-ACL.jpg\",\"width\":400,\"height\":334,\"caption\":\"Avenir Cycliste Lanester 56\"},\"image\":{\"@id\":\"https:\\\/\\\/www.aclanester56.com\\\/velo\\\/#\\\/schema\\\/logo\\\/image\\\/\"},\"sameAs\":[\"https:\\\/\\\/www.facebook.com\\\/pages\\\/AC-Lanester-56\\\/190286300991242?fref=ts\"]},{\"@type\":\"Person\",\"@id\":\"https:\\\/\\\/www.aclanester56.com\\\/velo\\\/#\\\/schema\\\/person\\\/ca2a44a5fd969e9dd846c72d3b33bc01\",\"name\":\"Jean-Christophe\",\"url\":\"https:\\\/\\\/www.aclanester56.com\\\/velo\\\/author\\\/jeanchristophe\\\/\"}]}<\/script>\n<!-- \/ Yoast SEO plugin. -->","yoast_head_json":{"title":"Les Boucles de la Loire - Avenir Cycliste Lanester 56","robots":{"index":"index","follow":"follow","max-snippet":"max-snippet:-1","max-image-preview":"max-image-preview:large","max-video-preview":"max-video-preview:-1"},"canonical":"https:\/\/www.aclanester56.com\/velo\/les-boucles-de-la-loire\/","og_locale":"fr_FR","og_type":"article","og_title":"Les Boucles de la Loire - Avenir Cycliste Lanester 56","og_description":"L&rsquo;\u00e9quipe d&rsquo;Orvault a enchain\u00e9 avec les Boucles de la Loire&#8230;","og_url":"https:\/\/www.aclanester56.com\/velo\/les-boucles-de-la-loire\/","og_site_name":"Avenir Cycliste Lanester 56","article_publisher":"https:\/\/www.facebook.com\/pages\/AC-Lanester-56\/190286300991242?fref=ts","article_published_time":"2010-04-26T13:41:17+00:00","article_modified_time":"2010-04-26T13:42:15+00:00","author":"Jean-Christophe","twitter_misc":{"\u00c9crit par":"Jean-Christophe","Dur\u00e9e de lecture estim\u00e9e":"1 minute"},"schema":{"@context":"https:\/\/schema.org","@graph":[{"@type":"Article","@id":"https:\/\/www.aclanester56.com\/velo\/les-boucles-de-la-loire\/#article","isPartOf":{"@id":"https:\/\/www.aclanester56.com\/velo\/les-boucles-de-la-loire\/"},"author":{"name":"Jean-Christophe","@id":"https:\/\/www.aclanester56.com\/velo\/#\/schema\/person\/ca2a44a5fd969e9dd846c72d3b33bc01"},"headline":"Les Boucles de la Loire","datePublished":"2010-04-26T13:41:17+00:00","dateModified":"2010-04-26T13:42:15+00:00","mainEntityOfPage":{"@id":"https:\/\/www.aclanester56.com\/velo\/les-boucles-de-la-loire\/"},"wordCount":237,"commentCount":0,"publisher":{"@id":"https:\/\/www.aclanester56.com\/velo\/#organization"},"articleSection":["Actualit\u00e9s DN","R\u00e9sultats DN"],"inLanguage":"fr-FR","potentialAction":[{"@type":"CommentAction","name":"Comment","target":["https:\/\/www.aclanester56.com\/velo\/les-boucles-de-la-loire\/#respond"]}]},{"@type":"WebPage","@id":"https:\/\/www.aclanester56.com\/velo\/les-boucles-de-la-loire\/","url":"https:\/\/www.aclanester56.com\/velo\/les-boucles-de-la-loire\/","name":"Les Boucles de la Loire - Avenir Cycliste Lanester 56","isPartOf":{"@id":"https:\/\/www.aclanester56.com\/velo\/#website"},"datePublished":"2010-04-26T13:41:17+00:00","dateModified":"2010-04-26T13:42:15+00:00","inLanguage":"fr-FR","potentialAction":[{"@type":"ReadAction","target":["https:\/\/www.aclanester56.com\/velo\/les-boucles-de-la-loire\/"]}]},{"@type":"WebSite","@id":"https:\/\/www.aclanester56.com\/velo\/#website","url":"https:\/\/www.aclanester56.com\/velo\/","name":"Avenir Cycliste Lanester 56","description":"Club cycliste de l&#039;AC LANESTER 56","publisher":{"@id":"https:\/\/www.aclanester56.com\/velo\/#organization"},"potentialAction":[{"@type":"SearchAction","target":{"@type":"EntryPoint","urlTemplate":"https:\/\/www.aclanester56.com\/velo\/?s={search_term_string}"},"query-input":{"@type":"PropertyValueSpecification","valueRequired":true,"valueName":"search_term_string"}}],"inLanguage":"fr-FR"},{"@type":"Organization","@id":"https:\/\/www.aclanester56.com\/velo\/#organization","name":"Avenir Cycliste Lanester 56","url":"https:\/\/www.aclanester56.com\/velo\/","logo":{"@type":"ImageObject","inLanguage":"fr-FR","@id":"https:\/\/www.aclanester56.com\/velo\/#\/schema\/logo\/image\/","url":"https:\/\/www.aclanester56.com\/velo\/wp-content\/uploads\/2013\/04\/logo-ACL.jpg","contentUrl":"https:\/\/www.aclanester56.com\/velo\/wp-content\/uploads\/2013\/04\/logo-ACL.jpg","width":400,"height":334,"caption":"Avenir Cycliste Lanester 56"},"image":{"@id":"https:\/\/www.aclanester56.com\/velo\/#\/schema\/logo\/image\/"},"sameAs":["https:\/\/www.facebook.com\/pages\/AC-Lanester-56\/190286300991242?fref=ts"]},{"@type":"Person","@id":"https:\/\/www.aclanester56.com\/velo\/#\/schema\/person\/ca2a44a5fd969e9dd846c72d3b33bc01","name":"Jean-Christophe","url":"https:\/\/www.aclanester56.com\/velo\/author\/jeanchristophe\/"}]}},"_links":{"self":[{"href":"https:\/\/www.aclanester56.com\/velo\/wp-json\/wp\/v2\/posts\/2358","targetHints":{"allow":["GET"]}}],"collection":[{"href":"https:\/\/www.aclanester56.com\/velo\/wp-json\/wp\/v2\/posts"}],"about":[{"href":"https:\/\/www.aclanester56.com\/velo\/wp-json\/wp\/v2\/types\/post"}],"author":[{"embeddable":true,"href":"https:\/\/www.aclanester56.com\/velo\/wp-json\/wp\/v2\/users\/14"}],"replies":[{"embeddable":true,"href":"https:\/\/www.aclanester56.com\/velo\/wp-json\/wp\/v2\/comments?post=2358"}],"version-history":[{"count":0,"href":"https:\/\/www.aclanester56.com\/velo\/wp-json\/wp\/v2\/posts\/2358\/revisions"}],"wp:attachment":[{"href":"https:\/\/www.aclanester56.com\/velo\/wp-json\/wp\/v2\/media?parent=2358"}],"wp:term":[{"taxonomy":"category","embeddable":true,"href":"https:\/\/www.aclanester56.com\/velo\/wp-json\/wp\/v2\/categories?post=2358"},{"taxonomy":"post_tag","embeddable":true,"href":"https:\/\/www.aclanester56.com\/velo\/wp-json\/wp\/v2\/tags?post=2358"}],"curies":[{"name":"wp","href":"https:\/\/api.w.org\/{rel}","templated":true}]}}