{"id":2374,"date":"2010-05-01T19:03:38","date_gmt":"2010-05-01T18:03:38","guid":{"rendered":"http:\/\/www.aclanester56.com\/velo\/?p=2374"},"modified":"2010-05-10T21:55:38","modified_gmt":"2010-05-10T20:55:38","slug":"pour-lanniversaire-de-notre-president","status":"publish","type":"post","link":"https:\/\/www.aclanester56.com\/velo\/pour-lanniversaire-de-notre-president\/","title":{"rendered":"Pour l&rsquo;anniversaire de notre Pr\u00e9sident&#8230;"},"content":{"rendered":"<p><a href=\"http:\/\/www.aclanester56.com\/velo\/wp-content\/uploads\/2010\/05\/gp-qimper.jpg\"><img loading=\"lazy\" decoding=\"async\" class=\"alignleft size-thumbnail wp-image-2379\" src=\"http:\/\/www.aclanester56.com\/velo\/wp-content\/uploads\/2010\/05\/gp-qimper-150x150.jpg\" alt=\"\" width=\"150\" height=\"150\" \/><\/a>Yann Rault (AC Lanester 56) remporte le Grand Prix de Quimper&#8230;<\/p>\n<p><!--more--><\/p>\n<p>Yann Rault\u00a0 remporte, le jour de l&rsquo;anniversaire de son Pr\u00e9sident, le Grand Prix de Quimper devant  Wilfried Jaffrelot (C\u00f4tes d&rsquo;Armor Marie Morin) et Gw\u00e9nol\u00e9 Michel (AC  Lanester 56).<\/p>\n<p>La f\u00eate est totale\u00a0 avec une magnifique course d&rsquo;\u00e9quipe, compl\u00e9t\u00e9e par la 5eme place de Matthieu Gaultier et la 14eme de Warren Barguil.<\/p>\n<p>De quoi mettre du baume au coeur \u00e0 notre d\u00e9vou\u00e9 Pr\u00e9sident.<\/p>\n<p>\u00ab\u00a0Happy Birthday my Pr\u00e9sident&#8230;\u00a0\u00bb<\/p>\n","protected":false},"excerpt":{"rendered":"<p>Yann Rault (AC Lanester 56) remporte le Grand Prix de Quimper&#8230;<\/p>\n","protected":false},"author":14,"featured_media":2379,"comment_status":"open","ping_status":"open","sticky":false,"template":"","format":"standard","meta":{"ngg_post_thumbnail":0,"footnotes":""},"categories":[5,14,16,17],"tags":[],"class_list":["post-2374","post","type-post","status-publish","format-standard","has-post-thumbnail","hentry","category-ac-lanester-56","category-actualites-dn","category-resultats","category-resultats-dn"],"yoast_head":"<!-- This site is optimized with the Yoast SEO plugin v27.5 - https:\/\/yoast.com\/product\/yoast-seo-wordpress\/ -->\n<title>Pour l&#039;anniversaire de notre Pr\u00e9sident... - Avenir Cycliste Lanester 56<\/title>\n<meta name=\"robots\" content=\"index, follow, max-snippet:-1, max-image-preview:large, max-video-preview:-1\" \/>\n<link rel=\"canonical\" href=\"https:\/\/www.aclanester56.com\/velo\/pour-lanniversaire-de-notre-president\/\" \/>\n<meta property=\"og:locale\" content=\"fr_FR\" \/>\n<meta property=\"og:type\" content=\"article\" \/>\n<meta property=\"og:title\" content=\"Pour l&#039;anniversaire de notre Pr\u00e9sident... - Avenir Cycliste Lanester 56\" \/>\n<meta property=\"og:description\" content=\"Yann Rault (AC Lanester 56) remporte le Grand Prix de Quimper&#8230;\" \/>\n<meta property=\"og:url\" content=\"https:\/\/www.aclanester56.com\/velo\/pour-lanniversaire-de-notre-president\/\" \/>\n<meta property=\"og:site_name\" content=\"Avenir Cycliste Lanester 56\" \/>\n<meta property=\"article:publisher\" content=\"https:\/\/www.facebook.com\/pages\/AC-Lanester-56\/190286300991242?fref=ts\" \/>\n<meta property=\"article:published_time\" content=\"2010-05-01T18:03:38+00:00\" \/>\n<meta property=\"article:modified_time\" content=\"2010-05-10T20:55:38+00:00\" \/>\n<meta property=\"og:image\" content=\"https:\/\/www.aclanester56.com\/velo\/wp-content\/uploads\/2010\/05\/gp-qimper.jpg\" \/>\n\t<meta property=\"og:image:width\" content=\"600\" \/>\n\t<meta property=\"og:image:height\" content=\"399\" \/>\n\t<meta property=\"og:image:type\" content=\"image\/jpeg\" \/>\n<meta name=\"author\" content=\"Jean-Christophe\" \/>\n<meta name=\"twitter:label1\" content=\"\u00c9crit par\" \/>\n\t<meta name=\"twitter:data1\" content=\"Jean-Christophe\" \/>\n<script type=\"application\/ld+json\" class=\"yoast-schema-graph\">{\"@context\":\"https:\\\/\\\/schema.org\",\"@graph\":[{\"@type\":\"Article\",\"@id\":\"https:\\\/\\\/www.aclanester56.com\\\/velo\\\/pour-lanniversaire-de-notre-president\\\/#article\",\"isPartOf\":{\"@id\":\"https:\\\/\\\/www.aclanester56.com\\\/velo\\\/pour-lanniversaire-de-notre-president\\\/\"},\"author\":{\"name\":\"Jean-Christophe\",\"@id\":\"https:\\\/\\\/www.aclanester56.com\\\/velo\\\/#\\\/schema\\\/person\\\/ca2a44a5fd969e9dd846c72d3b33bc01\"},\"headline\":\"Pour l&rsquo;anniversaire de notre Pr\u00e9sident&#8230;\",\"datePublished\":\"2010-05-01T18:03:38+00:00\",\"dateModified\":\"2010-05-10T20:55:38+00:00\",\"mainEntityOfPage\":{\"@id\":\"https:\\\/\\\/www.aclanester56.com\\\/velo\\\/pour-lanniversaire-de-notre-president\\\/\"},\"wordCount\":90,\"commentCount\":0,\"publisher\":{\"@id\":\"https:\\\/\\\/www.aclanester56.com\\\/velo\\\/#organization\"},\"image\":{\"@id\":\"https:\\\/\\\/www.aclanester56.com\\\/velo\\\/pour-lanniversaire-de-notre-president\\\/#primaryimage\"},\"thumbnailUrl\":\"https:\\\/\\\/www.aclanester56.com\\\/velo\\\/wp-content\\\/uploads\\\/2010\\\/05\\\/gp-qimper.jpg\",\"articleSection\":[\"AC LANESTER 56\",\"Actualit\u00e9s DN\",\"R\u00e9sultats\",\"R\u00e9sultats DN\"],\"inLanguage\":\"fr-FR\",\"potentialAction\":[{\"@type\":\"CommentAction\",\"name\":\"Comment\",\"target\":[\"https:\\\/\\\/www.aclanester56.com\\\/velo\\\/pour-lanniversaire-de-notre-president\\\/#respond\"]}]},{\"@type\":\"WebPage\",\"@id\":\"https:\\\/\\\/www.aclanester56.com\\\/velo\\\/pour-lanniversaire-de-notre-president\\\/\",\"url\":\"https:\\\/\\\/www.aclanester56.com\\\/velo\\\/pour-lanniversaire-de-notre-president\\\/\",\"name\":\"Pour l'anniversaire de notre Pr\u00e9sident... - Avenir Cycliste Lanester 56\",\"isPartOf\":{\"@id\":\"https:\\\/\\\/www.aclanester56.com\\\/velo\\\/#website\"},\"primaryImageOfPage\":{\"@id\":\"https:\\\/\\\/www.aclanester56.com\\\/velo\\\/pour-lanniversaire-de-notre-president\\\/#primaryimage\"},\"image\":{\"@id\":\"https:\\\/\\\/www.aclanester56.com\\\/velo\\\/pour-lanniversaire-de-notre-president\\\/#primaryimage\"},\"thumbnailUrl\":\"https:\\\/\\\/www.aclanester56.com\\\/velo\\\/wp-content\\\/uploads\\\/2010\\\/05\\\/gp-qimper.jpg\",\"datePublished\":\"2010-05-01T18:03:38+00:00\",\"dateModified\":\"2010-05-10T20:55:38+00:00\",\"inLanguage\":\"fr-FR\",\"potentialAction\":[{\"@type\":\"ReadAction\",\"target\":[\"https:\\\/\\\/www.aclanester56.com\\\/velo\\\/pour-lanniversaire-de-notre-president\\\/\"]}]},{\"@type\":\"ImageObject\",\"inLanguage\":\"fr-FR\",\"@id\":\"https:\\\/\\\/www.aclanester56.com\\\/velo\\\/pour-lanniversaire-de-notre-president\\\/#primaryimage\",\"url\":\"https:\\\/\\\/www.aclanester56.com\\\/velo\\\/wp-content\\\/uploads\\\/2010\\\/05\\\/gp-qimper.jpg\",\"contentUrl\":\"https:\\\/\\\/www.aclanester56.com\\\/velo\\\/wp-content\\\/uploads\\\/2010\\\/05\\\/gp-qimper.jpg\",\"width\":600,\"height\":399},{\"@type\":\"WebSite\",\"@id\":\"https:\\\/\\\/www.aclanester56.com\\\/velo\\\/#website\",\"url\":\"https:\\\/\\\/www.aclanester56.com\\\/velo\\\/\",\"name\":\"Avenir Cycliste Lanester 56\",\"description\":\"Club cycliste de l&#039;AC LANESTER 56\",\"publisher\":{\"@id\":\"https:\\\/\\\/www.aclanester56.com\\\/velo\\\/#organization\"},\"potentialAction\":[{\"@type\":\"SearchAction\",\"target\":{\"@type\":\"EntryPoint\",\"urlTemplate\":\"https:\\\/\\\/www.aclanester56.com\\\/velo\\\/?s={search_term_string}\"},\"query-input\":{\"@type\":\"PropertyValueSpecification\",\"valueRequired\":true,\"valueName\":\"search_term_string\"}}],\"inLanguage\":\"fr-FR\"},{\"@type\":\"Organization\",\"@id\":\"https:\\\/\\\/www.aclanester56.com\\\/velo\\\/#organization\",\"name\":\"Avenir Cycliste Lanester 56\",\"url\":\"https:\\\/\\\/www.aclanester56.com\\\/velo\\\/\",\"logo\":{\"@type\":\"ImageObject\",\"inLanguage\":\"fr-FR\",\"@id\":\"https:\\\/\\\/www.aclanester56.com\\\/velo\\\/#\\\/schema\\\/logo\\\/image\\\/\",\"url\":\"https:\\\/\\\/www.aclanester56.com\\\/velo\\\/wp-content\\\/uploads\\\/2013\\\/04\\\/logo-ACL.jpg\",\"contentUrl\":\"https:\\\/\\\/www.aclanester56.com\\\/velo\\\/wp-content\\\/uploads\\\/2013\\\/04\\\/logo-ACL.jpg\",\"width\":400,\"height\":334,\"caption\":\"Avenir Cycliste Lanester 56\"},\"image\":{\"@id\":\"https:\\\/\\\/www.aclanester56.com\\\/velo\\\/#\\\/schema\\\/logo\\\/image\\\/\"},\"sameAs\":[\"https:\\\/\\\/www.facebook.com\\\/pages\\\/AC-Lanester-56\\\/190286300991242?fref=ts\"]},{\"@type\":\"Person\",\"@id\":\"https:\\\/\\\/www.aclanester56.com\\\/velo\\\/#\\\/schema\\\/person\\\/ca2a44a5fd969e9dd846c72d3b33bc01\",\"name\":\"Jean-Christophe\",\"url\":\"https:\\\/\\\/www.aclanester56.com\\\/velo\\\/author\\\/jeanchristophe\\\/\"}]}<\/script>\n<!-- \/ Yoast SEO plugin. -->","yoast_head_json":{"title":"Pour l'anniversaire de notre Pr\u00e9sident... - Avenir Cycliste Lanester 56","robots":{"index":"index","follow":"follow","max-snippet":"max-snippet:-1","max-image-preview":"max-image-preview:large","max-video-preview":"max-video-preview:-1"},"canonical":"https:\/\/www.aclanester56.com\/velo\/pour-lanniversaire-de-notre-president\/","og_locale":"fr_FR","og_type":"article","og_title":"Pour l'anniversaire de notre Pr\u00e9sident... - Avenir Cycliste Lanester 56","og_description":"Yann Rault (AC Lanester 56) remporte le Grand Prix de Quimper&#8230;","og_url":"https:\/\/www.aclanester56.com\/velo\/pour-lanniversaire-de-notre-president\/","og_site_name":"Avenir Cycliste Lanester 56","article_publisher":"https:\/\/www.facebook.com\/pages\/AC-Lanester-56\/190286300991242?fref=ts","article_published_time":"2010-05-01T18:03:38+00:00","article_modified_time":"2010-05-10T20:55:38+00:00","og_image":[{"width":600,"height":399,"url":"https:\/\/www.aclanester56.com\/velo\/wp-content\/uploads\/2010\/05\/gp-qimper.jpg","type":"image\/jpeg"}],"author":"Jean-Christophe","twitter_misc":{"\u00c9crit par":"Jean-Christophe"},"schema":{"@context":"https:\/\/schema.org","@graph":[{"@type":"Article","@id":"https:\/\/www.aclanester56.com\/velo\/pour-lanniversaire-de-notre-president\/#article","isPartOf":{"@id":"https:\/\/www.aclanester56.com\/velo\/pour-lanniversaire-de-notre-president\/"},"author":{"name":"Jean-Christophe","@id":"https:\/\/www.aclanester56.com\/velo\/#\/schema\/person\/ca2a44a5fd969e9dd846c72d3b33bc01"},"headline":"Pour l&rsquo;anniversaire de notre Pr\u00e9sident&#8230;","datePublished":"2010-05-01T18:03:38+00:00","dateModified":"2010-05-10T20:55:38+00:00","mainEntityOfPage":{"@id":"https:\/\/www.aclanester56.com\/velo\/pour-lanniversaire-de-notre-president\/"},"wordCount":90,"commentCount":0,"publisher":{"@id":"https:\/\/www.aclanester56.com\/velo\/#organization"},"image":{"@id":"https:\/\/www.aclanester56.com\/velo\/pour-lanniversaire-de-notre-president\/#primaryimage"},"thumbnailUrl":"https:\/\/www.aclanester56.com\/velo\/wp-content\/uploads\/2010\/05\/gp-qimper.jpg","articleSection":["AC LANESTER 56","Actualit\u00e9s DN","R\u00e9sultats","R\u00e9sultats DN"],"inLanguage":"fr-FR","potentialAction":[{"@type":"CommentAction","name":"Comment","target":["https:\/\/www.aclanester56.com\/velo\/pour-lanniversaire-de-notre-president\/#respond"]}]},{"@type":"WebPage","@id":"https:\/\/www.aclanester56.com\/velo\/pour-lanniversaire-de-notre-president\/","url":"https:\/\/www.aclanester56.com\/velo\/pour-lanniversaire-de-notre-president\/","name":"Pour l'anniversaire de notre Pr\u00e9sident... - Avenir Cycliste Lanester 56","isPartOf":{"@id":"https:\/\/www.aclanester56.com\/velo\/#website"},"primaryImageOfPage":{"@id":"https:\/\/www.aclanester56.com\/velo\/pour-lanniversaire-de-notre-president\/#primaryimage"},"image":{"@id":"https:\/\/www.aclanester56.com\/velo\/pour-lanniversaire-de-notre-president\/#primaryimage"},"thumbnailUrl":"https:\/\/www.aclanester56.com\/velo\/wp-content\/uploads\/2010\/05\/gp-qimper.jpg","datePublished":"2010-05-01T18:03:38+00:00","dateModified":"2010-05-10T20:55:38+00:00","inLanguage":"fr-FR","potentialAction":[{"@type":"ReadAction","target":["https:\/\/www.aclanester56.com\/velo\/pour-lanniversaire-de-notre-president\/"]}]},{"@type":"ImageObject","inLanguage":"fr-FR","@id":"https:\/\/www.aclanester56.com\/velo\/pour-lanniversaire-de-notre-president\/#primaryimage","url":"https:\/\/www.aclanester56.com\/velo\/wp-content\/uploads\/2010\/05\/gp-qimper.jpg","contentUrl":"https:\/\/www.aclanester56.com\/velo\/wp-content\/uploads\/2010\/05\/gp-qimper.jpg","width":600,"height":399},{"@type":"WebSite","@id":"https:\/\/www.aclanester56.com\/velo\/#website","url":"https:\/\/www.aclanester56.com\/velo\/","name":"Avenir Cycliste Lanester 56","description":"Club cycliste de l&#039;AC LANESTER 56","publisher":{"@id":"https:\/\/www.aclanester56.com\/velo\/#organization"},"potentialAction":[{"@type":"SearchAction","target":{"@type":"EntryPoint","urlTemplate":"https:\/\/www.aclanester56.com\/velo\/?s={search_term_string}"},"query-input":{"@type":"PropertyValueSpecification","valueRequired":true,"valueName":"search_term_string"}}],"inLanguage":"fr-FR"},{"@type":"Organization","@id":"https:\/\/www.aclanester56.com\/velo\/#organization","name":"Avenir Cycliste Lanester 56","url":"https:\/\/www.aclanester56.com\/velo\/","logo":{"@type":"ImageObject","inLanguage":"fr-FR","@id":"https:\/\/www.aclanester56.com\/velo\/#\/schema\/logo\/image\/","url":"https:\/\/www.aclanester56.com\/velo\/wp-content\/uploads\/2013\/04\/logo-ACL.jpg","contentUrl":"https:\/\/www.aclanester56.com\/velo\/wp-content\/uploads\/2013\/04\/logo-ACL.jpg","width":400,"height":334,"caption":"Avenir Cycliste Lanester 56"},"image":{"@id":"https:\/\/www.aclanester56.com\/velo\/#\/schema\/logo\/image\/"},"sameAs":["https:\/\/www.facebook.com\/pages\/AC-Lanester-56\/190286300991242?fref=ts"]},{"@type":"Person","@id":"https:\/\/www.aclanester56.com\/velo\/#\/schema\/person\/ca2a44a5fd969e9dd846c72d3b33bc01","name":"Jean-Christophe","url":"https:\/\/www.aclanester56.com\/velo\/author\/jeanchristophe\/"}]}},"_links":{"self":[{"href":"https:\/\/www.aclanester56.com\/velo\/wp-json\/wp\/v2\/posts\/2374","targetHints":{"allow":["GET"]}}],"collection":[{"href":"https:\/\/www.aclanester56.com\/velo\/wp-json\/wp\/v2\/posts"}],"about":[{"href":"https:\/\/www.aclanester56.com\/velo\/wp-json\/wp\/v2\/types\/post"}],"author":[{"embeddable":true,"href":"https:\/\/www.aclanester56.com\/velo\/wp-json\/wp\/v2\/users\/14"}],"replies":[{"embeddable":true,"href":"https:\/\/www.aclanester56.com\/velo\/wp-json\/wp\/v2\/comments?post=2374"}],"version-history":[{"count":0,"href":"https:\/\/www.aclanester56.com\/velo\/wp-json\/wp\/v2\/posts\/2374\/revisions"}],"wp:featuredmedia":[{"embeddable":true,"href":"https:\/\/www.aclanester56.com\/velo\/wp-json\/wp\/v2\/media\/2379"}],"wp:attachment":[{"href":"https:\/\/www.aclanester56.com\/velo\/wp-json\/wp\/v2\/media?parent=2374"}],"wp:term":[{"taxonomy":"category","embeddable":true,"href":"https:\/\/www.aclanester56.com\/velo\/wp-json\/wp\/v2\/categories?post=2374"},{"taxonomy":"post_tag","embeddable":true,"href":"https:\/\/www.aclanester56.com\/velo\/wp-json\/wp\/v2\/tags?post=2374"}],"curies":[{"name":"wp","href":"https:\/\/api.w.org\/{rel}","templated":true}]}}